{"id":412850,"date":"2023-08-27T14:41:04","date_gmt":"2023-08-27T12:41:04","guid":{"rendered":"https:\/\/dicodusport.fr\/blog\/?p=412850&#038;preview=true&#038;preview_id=412850"},"modified":"2023-08-27T14:41:04","modified_gmt":"2023-08-27T12:41:04","slug":"circuit-itf-cinq-titres-pour-les-bleus-dont-deux-pour-dan-added","status":"publish","type":"post","link":"https:\/\/dicodusport.fr\/blog\/circuit-itf-cinq-titres-pour-les-bleus-dont-deux-pour-dan-added\/","title":{"rendered":"Circuit ITF : Cinq titres pour les Bleus, dont deux pour Dan Added"},"content":{"rendered":"<p style=\"text-align: justify;\"><strong><em>CIRCUIT ITF TENNIS &#8211; Six finales et cinq titres pour la France ce weekend, avec notamment un beau doubl\u00e9 pour Dan Added au Portugal.<\/em><\/strong><\/p>\n<p style=\"text-align: justify;\">Grande premi\u00e8re pour<strong> Yaroslava Bartashevich<\/strong>. Un premier titre sur le circuit ITF \u00e0 18 ans, ce n&rsquo;est pas anodin. L&rsquo;\u00e9v\u00e8nement a eu lieu au W15 de Bakou, en Azerba\u00efdjan, t\u00f4t dans la matin\u00e9e. En finale, elle a domin\u00e9 <strong>Polina Leykina, 7-5, 6-4<\/strong> pour conclure parfaitement une semaine dans laquelle elle n&rsquo;aura perdu aucun set. La carri\u00e8re professionnelle commence bien pour elle.<\/p>\n<p style=\"text-align: justify;\"><strong>Marie Villet,<\/strong> elle, n&rsquo;a pas r\u00e9ussi la m\u00eame performance. Au W15 de Monastir, elle a donn\u00e9 son meilleur, notamment en demi-finale o\u00f9 elle est pass\u00e9e proche de la d\u00e9faite. Mais la derni\u00e8re marche lui a \u00e9t\u00e9 fatale, malgr\u00e9 un deuxi\u00e8me set de toute beaut\u00e9. Elle s&rsquo;incline <strong>7-6 (2), 0-6, 6-3<\/strong> contre <strong>Lamis Alhussein<\/strong>, et devra attendre pour conna\u00eetre les joies de la victoire.<\/p>\n<h2 style=\"text-align: justify;\">Le doubl\u00e9 pour Added<\/h2>\n<p style=\"text-align: justify;\"><strong>Dan Added,<\/strong> lui, a d\u00e9j\u00e0 perform\u00e9 \u00e0 plus haut niveau. Mais redescendu sur le circuit ITF, il en a profit\u00e9 pour garnir son armoire \u00e0 troph\u00e9es. Au M25 de Idanha A Nova, au Portugal, lui aussi a connu une semaine parfaite, magnifi\u00e9e par une finale \u00e0 sens unique contre <strong>Alberto Barroso Campos<\/strong>. Le Tricolore s&rsquo;est impos\u00e9 <strong>6-2, 6-2<\/strong> pour rafler son 1er titre en 2023. Et il a m\u00eame parachev\u00e9 sa splendide semaine avec le titre en double, associ\u00e9 \u00e0<strong> Skander Mansouri<\/strong>.<\/p>\n<blockquote class=\"twitter-tweet\">\n<p dir=\"ltr\" lang=\"es\">Se qued\u00f3 cerca del 3\u20e3 \ud83c\udfc6 consecutivo<\/p>\n<p>Tras ganar en dos semanas seguidas en Monastir, el \ud83c\uddea\ud83c\uddf8 <a href=\"https:\/\/twitter.com\/AlbertoBarr96?ref_src=twsrc%5Etfw\">@AlbertoBarr96<\/a> cae en la FINAL del M25 de Idanha-a-Nova\ud83c\uddf5\ud83c\uddf9 ante el franc\u00e9s Dan Added 62 62.<\/p>\n<p>\u00a1Vaya mes de Agosto, Alberto! \ud83d\udc4f\ud83c\udffb\ud83d\udc4f\ud83c\udffb <a href=\"https:\/\/t.co\/9whV5etfrj\">pic.twitter.com\/9whV5etfrj<\/a><\/p>\n<p>\u2014 Tenis Espa\u00f1a (@RFETenis) <a href=\"https:\/\/twitter.com\/RFETenis\/status\/1695745521497882932?ref_src=twsrc%5Etfw\">August 27, 2023<\/a><\/p><\/blockquote>\n<p style=\"text-align: justify;\"><script async src=\"https:\/\/platform.twitter.com\/widgets.js\" charset=\"utf-8\"><\/script><\/p>\n<p style=\"text-align: justify;\">Pour la derni\u00e8re finale de la journ\u00e9e, <strong>Cl\u00e9ment Tabur<\/strong> a rendu le bilan des Bleus positif. Pourtant mal parti, il a r\u00e9ussi son coup au M25 de Lesa en Italie. Une victoire en trois manches en finale contre <strong>Tim Handel, 3-6, 6-4, 6-1<\/strong>. C&rsquo;est d\u00e9j\u00e0 son quatri\u00e8me titre de la saison, pour solidifier sa place dans le Top 500, en attendant mieux. <strong>Quentin Folliot<\/strong> a rajout\u00e9 un titre en double en Allemagne, associ\u00e9 \u00e0 <strong>Alec Beckley<\/strong>, et ce sont donc 5 titres de plus pour les Bleus pour encore un weekend r\u00e9ussi sur le circuit ITF.<\/p>\n","protected":false},"excerpt":{"rendered":"<p>CIRCUIT ITF TENNIS &#8211; Six finales et cinq titres pour la France ce weekend, avec notamment un beau doubl\u00e9 pour Dan Added au Portugal.<\/p>\n","protected":false},"author":59,"featured_media":412886,"comment_status":"open","ping_status":"closed","sticky":false,"template":"","format":"standard","meta":{"_acf_changed":false,"_daextam_enable_autolinks":"","footnotes":""},"categories":[2302],"tags":[16878,4295],"class_list":["post-412850","post","type-post","status-publish","format-standard","has-post-thumbnail","hentry","category-tennis","tag-breve","tag-dan-added"],"acf":[],"yoast_head":"<!-- This site is optimized with the Yoast SEO Premium plugin v26.7 (Yoast SEO v26.7) - https:\/\/yoast.com\/wordpress\/plugins\/seo\/ -->\n<title>Circuit ITF : Cinq titres pour les Bleus, dont deux pour Dan Added<\/title>\n<meta name=\"description\" content=\"CIRCUIT ITF TENNIS - Six finales et cinq titres pour la France ce weekend, avec notamment un beau doubl\u00e9 pour Dan Added au Portugal.\" \/>\n<meta name=\"robots\" content=\"index, follow, max-snippet:-1, max-image-preview:large, max-video-preview:-1\" \/>\n<link rel=\"canonical\" href=\"https:\/\/dicodusport.fr\/blog\/circuit-itf-cinq-titres-pour-les-bleus-dont-deux-pour-dan-added\/\" \/>\n<meta property=\"og:locale\" content=\"fr_FR\" \/>\n<meta property=\"og:type\" content=\"article\" \/>\n<meta property=\"og:title\" content=\"Circuit ITF : Cinq titres pour les Bleus, dont deux pour Dan Added\" \/>\n<meta property=\"og:description\" content=\"CIRCUIT ITF TENNIS - Six finales et cinq titres pour la France ce weekend, avec notamment un beau doubl\u00e9 pour Dan Added au Portugal.\" \/>\n<meta property=\"og:url\" content=\"https:\/\/dicodusport.fr\/blog\/circuit-itf-cinq-titres-pour-les-bleus-dont-deux-pour-dan-added\/\" \/>\n<meta property=\"og:site_name\" content=\"Dicodusport\" \/>\n<meta property=\"article:publisher\" content=\"https:\/\/www.facebook.com\/dicodusport\" \/>\n<meta property=\"article:author\" content=\"https:\/\/www.facebook.com\/sebastien.gente\/\" \/>\n<meta property=\"article:published_time\" content=\"2023-08-27T12:41:04+00:00\" \/>\n<meta property=\"og:image\" content=\"https:\/\/dicodusport.fr\/blog\/wp-content\/uploads\/2023\/08\/Circuit-ITF-Cinq-titres-pour-les-Bleus-dont-deux-pour-Dan-Added.png\" \/>\n\t<meta property=\"og:image:width\" content=\"800\" \/>\n\t<meta property=\"og:image:height\" content=\"445\" \/>\n\t<meta property=\"og:image:type\" content=\"image\/png\" \/>\n<meta name=\"author\" content=\"S\u00e9bastien Gente\" \/>\n<meta name=\"twitter:card\" content=\"summary_large_image\" \/>\n<meta name=\"twitter:title\" content=\"Circuit ITF : Cinq titres pour les Bleus, dont deux pour Dan Added\" \/>\n<meta name=\"twitter:creator\" content=\"@https:\/\/twitter.com\/globulo24\" \/>\n<meta name=\"twitter:site\" content=\"@dicodusport\" \/>\n<script type=\"application\/ld+json\" class=\"yoast-schema-graph\">{\"@context\":\"https:\/\/schema.org\",\"@graph\":[{\"@type\":\"NewsArticle\",\"@id\":\"https:\/\/dicodusport.fr\/blog\/circuit-itf-cinq-titres-pour-les-bleus-dont-deux-pour-dan-added\/#article\",\"isPartOf\":{\"@id\":\"https:\/\/dicodusport.fr\/blog\/circuit-itf-cinq-titres-pour-les-bleus-dont-deux-pour-dan-added\/\"},\"author\":{\"name\":\"S\u00e9bastien Gente\",\"@id\":\"https:\/\/dicodusport.fr\/blog\/#\/schema\/person\/627966a6cde45dbd8c5e36ac85d783da\"},\"headline\":\"Circuit ITF : Cinq titres pour les Bleus, dont deux pour Dan Added\",\"datePublished\":\"2023-08-27T12:41:04+00:00\",\"mainEntityOfPage\":{\"@id\":\"https:\/\/dicodusport.fr\/blog\/circuit-itf-cinq-titres-pour-les-bleus-dont-deux-pour-dan-added\/\"},\"wordCount\":406,\"commentCount\":0,\"publisher\":{\"@id\":\"https:\/\/dicodusport.fr\/blog\/#organization\"},\"image\":{\"@id\":\"https:\/\/dicodusport.fr\/blog\/circuit-itf-cinq-titres-pour-les-bleus-dont-deux-pour-dan-added\/#primaryimage\"},\"thumbnailUrl\":\"https:\/\/dicodusport.fr\/blog\/wp-content\/uploads\/2023\/08\/Circuit-ITF-Cinq-titres-pour-les-Bleus-dont-deux-pour-Dan-Added.png\",\"keywords\":[\"br\u00e8ve\",\"Dan Added\"],\"articleSection\":[\"Tennis\"],\"inLanguage\":\"fr-FR\",\"potentialAction\":[{\"@type\":\"CommentAction\",\"name\":\"Comment\",\"target\":[\"https:\/\/dicodusport.fr\/blog\/circuit-itf-cinq-titres-pour-les-bleus-dont-deux-pour-dan-added\/#respond\"]}],\"copyrightYear\":\"2023\",\"copyrightHolder\":{\"@id\":\"https:\/\/dicodusport.fr\/blog\/#organization\"}},{\"@type\":\"WebPage\",\"@id\":\"https:\/\/dicodusport.fr\/blog\/circuit-itf-cinq-titres-pour-les-bleus-dont-deux-pour-dan-added\/\",\"url\":\"https:\/\/dicodusport.fr\/blog\/circuit-itf-cinq-titres-pour-les-bleus-dont-deux-pour-dan-added\/\",\"name\":\"Circuit ITF : Cinq titres pour les Bleus, dont deux pour Dan Added\",\"isPartOf\":{\"@id\":\"https:\/\/dicodusport.fr\/blog\/#website\"},\"primaryImageOfPage\":{\"@id\":\"https:\/\/dicodusport.fr\/blog\/circuit-itf-cinq-titres-pour-les-bleus-dont-deux-pour-dan-added\/#primaryimage\"},\"image\":{\"@id\":\"https:\/\/dicodusport.fr\/blog\/circuit-itf-cinq-titres-pour-les-bleus-dont-deux-pour-dan-added\/#primaryimage\"},\"thumbnailUrl\":\"https:\/\/dicodusport.fr\/blog\/wp-content\/uploads\/2023\/08\/Circuit-ITF-Cinq-titres-pour-les-Bleus-dont-deux-pour-Dan-Added.png\",\"datePublished\":\"2023-08-27T12:41:04+00:00\",\"description\":\"CIRCUIT ITF TENNIS - Six finales et cinq titres pour la France ce weekend, avec notamment un beau doubl\u00e9 pour Dan Added au Portugal.\",\"breadcrumb\":{\"@id\":\"https:\/\/dicodusport.fr\/blog\/circuit-itf-cinq-titres-pour-les-bleus-dont-deux-pour-dan-added\/#breadcrumb\"},\"inLanguage\":\"fr-FR\",\"potentialAction\":[{\"@type\":\"ReadAction\",\"target\":[\"https:\/\/dicodusport.fr\/blog\/circuit-itf-cinq-titres-pour-les-bleus-dont-deux-pour-dan-added\/\"]}]},{\"@type\":\"ImageObject\",\"inLanguage\":\"fr-FR\",\"@id\":\"https:\/\/dicodusport.fr\/blog\/circuit-itf-cinq-titres-pour-les-bleus-dont-deux-pour-dan-added\/#primaryimage\",\"url\":\"https:\/\/dicodusport.fr\/blog\/wp-content\/uploads\/2023\/08\/Circuit-ITF-Cinq-titres-pour-les-Bleus-dont-deux-pour-Dan-Added.png\",\"contentUrl\":\"https:\/\/dicodusport.fr\/blog\/wp-content\/uploads\/2023\/08\/Circuit-ITF-Cinq-titres-pour-les-Bleus-dont-deux-pour-Dan-Added.png\",\"width\":800,\"height\":445,\"caption\":\"Circuit ITF Cinq titres pour les Bleus, dont deux pour Dan Added\"},{\"@type\":\"BreadcrumbList\",\"@id\":\"https:\/\/dicodusport.fr\/blog\/circuit-itf-cinq-titres-pour-les-bleus-dont-deux-pour-dan-added\/#breadcrumb\",\"itemListElement\":[{\"@type\":\"ListItem\",\"position\":1,\"name\":\"Accueil\",\"item\":\"https:\/\/dicodusport.fr\/blog\/\"},{\"@type\":\"ListItem\",\"position\":2,\"name\":\"Circuit ITF : Cinq titres pour les Bleus, dont deux pour Dan Added\"}]},{\"@type\":\"WebSite\",\"@id\":\"https:\/\/dicodusport.fr\/blog\/#website\",\"url\":\"https:\/\/dicodusport.fr\/blog\/\",\"name\":\"Dicodusport\",\"description\":\"L&#039;encyclop\u00e9die de l&#039;actualit\u00e9 sportive\",\"publisher\":{\"@id\":\"https:\/\/dicodusport.fr\/blog\/#organization\"},\"potentialAction\":[{\"@type\":\"SearchAction\",\"target\":{\"@type\":\"EntryPoint\",\"urlTemplate\":\"https:\/\/dicodusport.fr\/blog\/?s={search_term_string}\"},\"query-input\":{\"@type\":\"PropertyValueSpecification\",\"valueRequired\":true,\"valueName\":\"search_term_string\"}}],\"inLanguage\":\"fr-FR\"},{\"@type\":\"NewsMediaOrganization\",\"@id\":\"https:\/\/dicodusport.fr\/blog\/#organization\",\"name\":\"Dicodusport\",\"url\":\"https:\/\/dicodusport.fr\/blog\/\",\"logo\":{\"@type\":\"ImageObject\",\"inLanguage\":\"fr-FR\",\"@id\":\"https:\/\/dicodusport.fr\/blog\/#\/schema\/logo\/image\/\",\"url\":\"https:\/\/dicodusport.fr\/blog\/wp-content\/uploads\/2020\/06\/cropped-LOGO-DICODUSPORT-2020-SANS-FOND-SANS-TEXTE.png\",\"contentUrl\":\"https:\/\/dicodusport.fr\/blog\/wp-content\/uploads\/2020\/06\/cropped-LOGO-DICODUSPORT-2020-SANS-FOND-SANS-TEXTE.png\",\"width\":512,\"height\":512,\"caption\":\"Dicodusport\"},\"image\":{\"@id\":\"https:\/\/dicodusport.fr\/blog\/#\/schema\/logo\/image\/\"},\"sameAs\":[\"https:\/\/www.facebook.com\/dicodusport\",\"https:\/\/x.com\/dicodusport\",\"https:\/\/www.instagram.com\/dicodusport\/\",\"https:\/\/www.youtube.com\/channel\/UC7V2KZ5sd3htJivAbA4ZG3w\"],\"description\":\"Dicodusport est l'encyclop\u00e9die de l'actualit\u00e9 sportive.\",\"email\":\"bonjour@dicodusport.fr\",\"legalName\":\"DICODUSPORT\",\"foundingDate\":\"2018-01-14\",\"vatID\":\"FR71834470973\",\"taxID\":\"83447097300043\",\"numberOfEmployees\":{\"@type\":\"QuantitativeValue\",\"minValue\":\"1\",\"maxValue\":\"10\"}},{\"@type\":\"Person\",\"@id\":\"https:\/\/dicodusport.fr\/blog\/#\/schema\/person\/627966a6cde45dbd8c5e36ac85d783da\",\"name\":\"S\u00e9bastien Gente\",\"image\":{\"@type\":\"ImageObject\",\"inLanguage\":\"fr-FR\",\"@id\":\"https:\/\/dicodusport.fr\/blog\/#\/schema\/person\/image\/\",\"url\":\"https:\/\/dicodusport.fr\/blog\/wp-content\/uploads\/2021\/09\/1510990_10205810251400683_4124423575079401707_n-150x150.jpg\",\"contentUrl\":\"https:\/\/dicodusport.fr\/blog\/wp-content\/uploads\/2021\/09\/1510990_10205810251400683_4124423575079401707_n-150x150.jpg\",\"caption\":\"S\u00e9bastien Gente\"},\"description\":\"John Stockton, Gianni Bugno, Zinedine Zidane, Steffi Graf, Frode Andresen, St\u00e9phane Stoecklin, Davis Kamoga, Primoz Peterka, Werner Schlager et Aur\u00e9lien Rougerie. Point commun entre ces sportifs? Ils m'ont fait r\u00eaver et ont berc\u00e9 mon adolescence. Je suis un fondu de sports et j'essaie de retranscrire ma passion \u00e0 travers mes articles. Originaire du P\u00e9rigord, ma passion pour les Girondins, les Jaunards et les Jazzmen transpire dans mes \u00e9crits. \u00c0 Dicodusport depuis 2021, je d\u00e9niche les sports m\u00e9connus dans lesquels la France brille, et il y en a !\",\"sameAs\":[\"https:\/\/www.facebook.com\/sebastien.gente\/\",\"https:\/\/www.instagram.com\/sebgente\/\",\"https:\/\/www.linkedin.com\/in\/sbastien-gente-a29583169\/\",\"https:\/\/x.com\/https:\/\/twitter.com\/globulo24\",\"SebastienGente\"],\"worksFor\":\"S\u00e9bastien GENTE\",\"url\":\"https:\/\/dicodusport.fr\/blog\/author\/sebastiengente\/\"}]}<\/script>\n<!-- \/ Yoast SEO Premium plugin. -->","yoast_head_json":{"title":"Circuit ITF : Cinq titres pour les Bleus, dont deux pour Dan Added","description":"CIRCUIT ITF TENNIS - Six finales et cinq titres pour la France ce weekend, avec notamment un beau doubl\u00e9 pour Dan Added au Portugal.","robots":{"index":"index","follow":"follow","max-snippet":"max-snippet:-1","max-image-preview":"max-image-preview:large","max-video-preview":"max-video-preview:-1"},"canonical":"https:\/\/dicodusport.fr\/blog\/circuit-itf-cinq-titres-pour-les-bleus-dont-deux-pour-dan-added\/","og_locale":"fr_FR","og_type":"article","og_title":"Circuit ITF : Cinq titres pour les Bleus, dont deux pour Dan Added","og_description":"CIRCUIT ITF TENNIS - Six finales et cinq titres pour la France ce weekend, avec notamment un beau doubl\u00e9 pour Dan Added au Portugal.","og_url":"https:\/\/dicodusport.fr\/blog\/circuit-itf-cinq-titres-pour-les-bleus-dont-deux-pour-dan-added\/","og_site_name":"Dicodusport","article_publisher":"https:\/\/www.facebook.com\/dicodusport","article_author":"https:\/\/www.facebook.com\/sebastien.gente\/","article_published_time":"2023-08-27T12:41:04+00:00","og_image":[{"width":800,"height":445,"url":"https:\/\/dicodusport.fr\/blog\/wp-content\/uploads\/2023\/08\/Circuit-ITF-Cinq-titres-pour-les-Bleus-dont-deux-pour-Dan-Added.png","type":"image\/png"}],"author":"S\u00e9bastien Gente","twitter_card":"summary_large_image","twitter_title":"Circuit ITF : Cinq titres pour les Bleus, dont deux pour Dan Added","twitter_creator":"@https:\/\/twitter.com\/globulo24","twitter_site":"@dicodusport","schema":{"@context":"https:\/\/schema.org","@graph":[{"@type":"NewsArticle","@id":"https:\/\/dicodusport.fr\/blog\/circuit-itf-cinq-titres-pour-les-bleus-dont-deux-pour-dan-added\/#article","isPartOf":{"@id":"https:\/\/dicodusport.fr\/blog\/circuit-itf-cinq-titres-pour-les-bleus-dont-deux-pour-dan-added\/"},"author":{"name":"S\u00e9bastien Gente","@id":"https:\/\/dicodusport.fr\/blog\/#\/schema\/person\/627966a6cde45dbd8c5e36ac85d783da"},"headline":"Circuit ITF : Cinq titres pour les Bleus, dont deux pour Dan Added","datePublished":"2023-08-27T12:41:04+00:00","mainEntityOfPage":{"@id":"https:\/\/dicodusport.fr\/blog\/circuit-itf-cinq-titres-pour-les-bleus-dont-deux-pour-dan-added\/"},"wordCount":406,"commentCount":0,"publisher":{"@id":"https:\/\/dicodusport.fr\/blog\/#organization"},"image":{"@id":"https:\/\/dicodusport.fr\/blog\/circuit-itf-cinq-titres-pour-les-bleus-dont-deux-pour-dan-added\/#primaryimage"},"thumbnailUrl":"https:\/\/dicodusport.fr\/blog\/wp-content\/uploads\/2023\/08\/Circuit-ITF-Cinq-titres-pour-les-Bleus-dont-deux-pour-Dan-Added.png","keywords":["br\u00e8ve","Dan Added"],"articleSection":["Tennis"],"inLanguage":"fr-FR","potentialAction":[{"@type":"CommentAction","name":"Comment","target":["https:\/\/dicodusport.fr\/blog\/circuit-itf-cinq-titres-pour-les-bleus-dont-deux-pour-dan-added\/#respond"]}],"copyrightYear":"2023","copyrightHolder":{"@id":"https:\/\/dicodusport.fr\/blog\/#organization"}},{"@type":"WebPage","@id":"https:\/\/dicodusport.fr\/blog\/circuit-itf-cinq-titres-pour-les-bleus-dont-deux-pour-dan-added\/","url":"https:\/\/dicodusport.fr\/blog\/circuit-itf-cinq-titres-pour-les-bleus-dont-deux-pour-dan-added\/","name":"Circuit ITF : Cinq titres pour les Bleus, dont deux pour Dan Added","isPartOf":{"@id":"https:\/\/dicodusport.fr\/blog\/#website"},"primaryImageOfPage":{"@id":"https:\/\/dicodusport.fr\/blog\/circuit-itf-cinq-titres-pour-les-bleus-dont-deux-pour-dan-added\/#primaryimage"},"image":{"@id":"https:\/\/dicodusport.fr\/blog\/circuit-itf-cinq-titres-pour-les-bleus-dont-deux-pour-dan-added\/#primaryimage"},"thumbnailUrl":"https:\/\/dicodusport.fr\/blog\/wp-content\/uploads\/2023\/08\/Circuit-ITF-Cinq-titres-pour-les-Bleus-dont-deux-pour-Dan-Added.png","datePublished":"2023-08-27T12:41:04+00:00","description":"CIRCUIT ITF TENNIS - Six finales et cinq titres pour la France ce weekend, avec notamment un beau doubl\u00e9 pour Dan Added au Portugal.","breadcrumb":{"@id":"https:\/\/dicodusport.fr\/blog\/circuit-itf-cinq-titres-pour-les-bleus-dont-deux-pour-dan-added\/#breadcrumb"},"inLanguage":"fr-FR","potentialAction":[{"@type":"ReadAction","target":["https:\/\/dicodusport.fr\/blog\/circuit-itf-cinq-titres-pour-les-bleus-dont-deux-pour-dan-added\/"]}]},{"@type":"ImageObject","inLanguage":"fr-FR","@id":"https:\/\/dicodusport.fr\/blog\/circuit-itf-cinq-titres-pour-les-bleus-dont-deux-pour-dan-added\/#primaryimage","url":"https:\/\/dicodusport.fr\/blog\/wp-content\/uploads\/2023\/08\/Circuit-ITF-Cinq-titres-pour-les-Bleus-dont-deux-pour-Dan-Added.png","contentUrl":"https:\/\/dicodusport.fr\/blog\/wp-content\/uploads\/2023\/08\/Circuit-ITF-Cinq-titres-pour-les-Bleus-dont-deux-pour-Dan-Added.png","width":800,"height":445,"caption":"Circuit ITF Cinq titres pour les Bleus, dont deux pour Dan Added"},{"@type":"BreadcrumbList","@id":"https:\/\/dicodusport.fr\/blog\/circuit-itf-cinq-titres-pour-les-bleus-dont-deux-pour-dan-added\/#breadcrumb","itemListElement":[{"@type":"ListItem","position":1,"name":"Accueil","item":"https:\/\/dicodusport.fr\/blog\/"},{"@type":"ListItem","position":2,"name":"Circuit ITF : Cinq titres pour les Bleus, dont deux pour Dan Added"}]},{"@type":"WebSite","@id":"https:\/\/dicodusport.fr\/blog\/#website","url":"https:\/\/dicodusport.fr\/blog\/","name":"Dicodusport","description":"L&#039;encyclop\u00e9die de l&#039;actualit\u00e9 sportive","publisher":{"@id":"https:\/\/dicodusport.fr\/blog\/#organization"},"potentialAction":[{"@type":"SearchAction","target":{"@type":"EntryPoint","urlTemplate":"https:\/\/dicodusport.fr\/blog\/?s={search_term_string}"},"query-input":{"@type":"PropertyValueSpecification","valueRequired":true,"valueName":"search_term_string"}}],"inLanguage":"fr-FR"},{"@type":"NewsMediaOrganization","@id":"https:\/\/dicodusport.fr\/blog\/#organization","name":"Dicodusport","url":"https:\/\/dicodusport.fr\/blog\/","logo":{"@type":"ImageObject","inLanguage":"fr-FR","@id":"https:\/\/dicodusport.fr\/blog\/#\/schema\/logo\/image\/","url":"https:\/\/dicodusport.fr\/blog\/wp-content\/uploads\/2020\/06\/cropped-LOGO-DICODUSPORT-2020-SANS-FOND-SANS-TEXTE.png","contentUrl":"https:\/\/dicodusport.fr\/blog\/wp-content\/uploads\/2020\/06\/cropped-LOGO-DICODUSPORT-2020-SANS-FOND-SANS-TEXTE.png","width":512,"height":512,"caption":"Dicodusport"},"image":{"@id":"https:\/\/dicodusport.fr\/blog\/#\/schema\/logo\/image\/"},"sameAs":["https:\/\/www.facebook.com\/dicodusport","https:\/\/x.com\/dicodusport","https:\/\/www.instagram.com\/dicodusport\/","https:\/\/www.youtube.com\/channel\/UC7V2KZ5sd3htJivAbA4ZG3w"],"description":"Dicodusport est l'encyclop\u00e9die de l'actualit\u00e9 sportive.","email":"bonjour@dicodusport.fr","legalName":"DICODUSPORT","foundingDate":"2018-01-14","vatID":"FR71834470973","taxID":"83447097300043","numberOfEmployees":{"@type":"QuantitativeValue","minValue":"1","maxValue":"10"}},{"@type":"Person","@id":"https:\/\/dicodusport.fr\/blog\/#\/schema\/person\/627966a6cde45dbd8c5e36ac85d783da","name":"S\u00e9bastien Gente","image":{"@type":"ImageObject","inLanguage":"fr-FR","@id":"https:\/\/dicodusport.fr\/blog\/#\/schema\/person\/image\/","url":"https:\/\/dicodusport.fr\/blog\/wp-content\/uploads\/2021\/09\/1510990_10205810251400683_4124423575079401707_n-150x150.jpg","contentUrl":"https:\/\/dicodusport.fr\/blog\/wp-content\/uploads\/2021\/09\/1510990_10205810251400683_4124423575079401707_n-150x150.jpg","caption":"S\u00e9bastien Gente"},"description":"John Stockton, Gianni Bugno, Zinedine Zidane, Steffi Graf, Frode Andresen, St\u00e9phane Stoecklin, Davis Kamoga, Primoz Peterka, Werner Schlager et Aur\u00e9lien Rougerie. Point commun entre ces sportifs? Ils m'ont fait r\u00eaver et ont berc\u00e9 mon adolescence. Je suis un fondu de sports et j'essaie de retranscrire ma passion \u00e0 travers mes articles. Originaire du P\u00e9rigord, ma passion pour les Girondins, les Jaunards et les Jazzmen transpire dans mes \u00e9crits. \u00c0 Dicodusport depuis 2021, je d\u00e9niche les sports m\u00e9connus dans lesquels la France brille, et il y en a !","sameAs":["https:\/\/www.facebook.com\/sebastien.gente\/","https:\/\/www.instagram.com\/sebgente\/","https:\/\/www.linkedin.com\/in\/sbastien-gente-a29583169\/","https:\/\/x.com\/https:\/\/twitter.com\/globulo24","SebastienGente"],"worksFor":"S\u00e9bastien GENTE","url":"https:\/\/dicodusport.fr\/blog\/author\/sebastiengente\/"}]}},"_links":{"self":[{"href":"https:\/\/dicodusport.fr\/blog\/wp-json\/wp\/v2\/posts\/412850","targetHints":{"allow":["GET"]}}],"collection":[{"href":"https:\/\/dicodusport.fr\/blog\/wp-json\/wp\/v2\/posts"}],"about":[{"href":"https:\/\/dicodusport.fr\/blog\/wp-json\/wp\/v2\/types\/post"}],"author":[{"embeddable":true,"href":"https:\/\/dicodusport.fr\/blog\/wp-json\/wp\/v2\/users\/59"}],"replies":[{"embeddable":true,"href":"https:\/\/dicodusport.fr\/blog\/wp-json\/wp\/v2\/comments?post=412850"}],"version-history":[{"count":0,"href":"https:\/\/dicodusport.fr\/blog\/wp-json\/wp\/v2\/posts\/412850\/revisions"}],"wp:featuredmedia":[{"embeddable":true,"href":"https:\/\/dicodusport.fr\/blog\/wp-json\/wp\/v2\/media\/412886"}],"wp:attachment":[{"href":"https:\/\/dicodusport.fr\/blog\/wp-json\/wp\/v2\/media?parent=412850"}],"wp:term":[{"taxonomy":"category","embeddable":true,"href":"https:\/\/dicodusport.fr\/blog\/wp-json\/wp\/v2\/categories?post=412850"},{"taxonomy":"post_tag","embeddable":true,"href":"https:\/\/dicodusport.fr\/blog\/wp-json\/wp\/v2\/tags?post=412850"}],"curies":[{"name":"wp","href":"https:\/\/api.w.org\/{rel}","templated":true}]}}