{"id":412961,"date":"2023-08-27T17:04:56","date_gmt":"2023-08-27T15:04:56","guid":{"rendered":"https:\/\/dicodusport.fr\/blog\/?p=412961&#038;preview=true&#038;preview_id=412961"},"modified":"2023-08-28T02:19:09","modified_gmt":"2023-08-28T00:19:09","slug":"vtt-xco-pal-arinsal-mathias-fluckiger-simpose-devant-le-francais-thomas-griot","status":"publish","type":"post","link":"https:\/\/dicodusport.fr\/blog\/vtt-xco-pal-arinsal-mathias-fluckiger-simpose-devant-le-francais-thomas-griot\/","title":{"rendered":"VTT XCO Pal Arinsal : Mathias Fl\u00fcckiger s&rsquo;impose devant le Fran\u00e7ais Thomas Griot"},"content":{"rendered":"<p align=\"justify\"><em><strong>VTT XCO PAL ARINSAL &#8211; Le Suisse Mathias Fl\u00fcckiger (Th\u00f6mus Maxon) a remport\u00e9 ce dimanche la manche de Coupe du monde XCO \u00e0 Pal Arinsal (Andorre). Le top 3 est compl\u00e9t\u00e9 par l&rsquo;excellent Thomas Griot (Canyon CLLCTV) et Tom Pidcock (INEOS Grenadiers).<\/strong><\/em><\/p>\n<p align=\"justify\">Premi\u00e8re victoire de la saison pour <strong>Fl\u00fcckiger<\/strong>. Le Suisse a remport\u00e9 la course XCO \u00e0 Pal Arinsal, ce dimanche. Parti en t\u00eate d\u00e8s la premi\u00e8re des sept boucles, le pilote Th\u00f6mus Maxon a survol\u00e9 la course, pour son 8\u00e8me succ\u00e8s en Coupe du monde, le 6\u00e8me sur le format olympique. Deuxi\u00e8me, <strong>Thomas Griot<\/strong> a r\u00e9alis\u00e9 une course pleine, avec une seconde partie de haute vol\u00e9e. Le Fran\u00e7ais est revenu \u00e0 10 secondes de l&rsquo;Helv\u00e8te \u00e0 l&rsquo;entame du dernier tour. Avant de craquer dans le money time, face \u00e0 la puissance du vainqueur du jour. Le nouveau champion du monde, <strong>Tom Pidcock<\/strong> (INEOS Grenadiers), compl\u00e8te le top 3 du jour, devant le Tricolore <strong>Jordan Sarrou<\/strong> (Team BMC).<\/p>\n<blockquote class=\"twitter-tweet\">\n<p dir=\"ltr\" lang=\"de\">Mathias Fluckiger wins <a href=\"https:\/\/twitter.com\/hashtag\/MBWorldCup?src=hash&amp;ref_src=twsrc%5Etfw\">#MBWorldCup<\/a> <a href=\"https:\/\/t.co\/50pqWb1bjk\">pic.twitter.com\/50pqWb1bjk<\/a><\/p>\n<p>\u2014 Canadian Cyclist (@cdncyclist) <a href=\"https:\/\/twitter.com\/cdncyclist\/status\/1695813113591828771?ref_src=twsrc%5Etfw\">August 27, 2023<\/a><\/p><\/blockquote>\n<p><script async src=\"https:\/\/platform.twitter.com\/widgets.js\" charset=\"utf-8\"><\/script><\/p>\n<h2 style=\"text-align: justify;\">\u00c0 lire aussi<\/h2>\n<ul>\n<li style=\"text-align: justify;\"><strong><a href=\"https:\/\/dicodusport.fr\/blog\/vtt-xco-pal-arinsal-classement-de-la-course-hommes\/\">Le classement de la course hommes de VTT XCO de Pal Arinsal<\/a><br \/>\n<\/strong><\/li>\n<li style=\"text-align: justify;\"><a href=\"https:\/\/dicodusport.fr\/blog\/vtt-cross-country-classement-general-coupe-du-monde-2023\/\"><strong>Classement g\u00e9n\u00e9ral Coupe du monde de VTT Cross-country<\/strong><\/a><\/li>\n<li style=\"text-align: justify;\"><a href=\"https:\/\/dicodusport.fr\/blog\/vtt-xc-coupe-du-monde-2023-calendrier-et-resultats\/\"><strong>Calendrier et r\u00e9sultats de la Coupe du monde de VTT Cross-country 2023<\/strong><\/a><\/li>\n<\/ul>\n","protected":false},"excerpt":{"rendered":"<p>VTT XCO PAL ARINSAL &#8211; Le Suisse Mathias Fl\u00fcckiger (Th\u00f6mus Maxon) a remport\u00e9 ce dimanche la manche de Coupe du monde XCO \u00e0 Pal Arinsal (Andorre). Le top 3 est compl\u00e9t\u00e9 par l&rsquo;excellent Thomas Griot (Canyon CLLCTV) et Tom Pidcock (INEOS Grenadiers).<\/p>\n","protected":false},"author":4,"featured_media":412968,"comment_status":"open","ping_status":"closed","sticky":false,"template":"","format":"standard","meta":{"_acf_changed":false,"_daextam_enable_autolinks":"","footnotes":""},"categories":[10279],"tags":[16878,1530],"class_list":["post-412961","post","type-post","status-publish","format-standard","has-post-thumbnail","hentry","category-vtt","tag-breve","tag-coupe-du-monde"],"acf":[],"yoast_head":"<!-- This site is optimized with the Yoast SEO Premium plugin v26.7 (Yoast SEO v26.7) - https:\/\/yoast.com\/wordpress\/plugins\/seo\/ -->\n<title>VTT XCO Pal Arinsal : Mathias Fl\u00fcckiger s&#039;impose devant le Fran\u00e7ais Thomas Griot<\/title>\n<meta name=\"description\" content=\"VTT XCO PAL ARINSAL - Le Suisse Mathias Fl\u00fcckiger (Th\u00f6mus Maxon) a remport\u00e9 ce dimanche la manche de Coupe du monde XCO \u00e0 Pal Arinsal.\" \/>\n<meta name=\"robots\" content=\"index, follow, max-snippet:-1, max-image-preview:large, max-video-preview:-1\" \/>\n<link rel=\"canonical\" href=\"https:\/\/dicodusport.fr\/blog\/vtt-xco-pal-arinsal-mathias-fluckiger-simpose-devant-le-francais-thomas-griot\/\" \/>\n<meta property=\"og:locale\" content=\"fr_FR\" \/>\n<meta property=\"og:type\" content=\"article\" \/>\n<meta property=\"og:title\" content=\"VTT XCO Pal Arinsal : Mathias Fl\u00fcckiger s&#039;impose devant le Fran\u00e7ais Thomas Griot\" \/>\n<meta property=\"og:description\" content=\"VTT XCO PAL ARINSAL - Le Suisse Mathias Fl\u00fcckiger (Th\u00f6mus Maxon) a remport\u00e9 ce dimanche la manche de Coupe du monde XCO \u00e0 Pal Arinsal.\" \/>\n<meta property=\"og:url\" content=\"https:\/\/dicodusport.fr\/blog\/vtt-xco-pal-arinsal-mathias-fluckiger-simpose-devant-le-francais-thomas-griot\/\" \/>\n<meta property=\"og:site_name\" content=\"Dicodusport\" \/>\n<meta property=\"article:publisher\" content=\"https:\/\/www.facebook.com\/dicodusport\" \/>\n<meta property=\"article:author\" content=\"https:\/\/www.facebook.com\/florent.ostermann\" \/>\n<meta property=\"article:published_time\" content=\"2023-08-27T15:04:56+00:00\" \/>\n<meta property=\"article:modified_time\" content=\"2023-08-28T00:19:09+00:00\" \/>\n<meta property=\"og:image\" content=\"https:\/\/dicodusport.fr\/blog\/wp-content\/uploads\/2023\/08\/VTT-XCO-Pal-Arinsal-Mathias-Fluckiger-simpose-devant-le-Francais-Thomas-Griot.png\" \/>\n\t<meta property=\"og:image:width\" content=\"800\" \/>\n\t<meta property=\"og:image:height\" content=\"445\" \/>\n\t<meta property=\"og:image:type\" content=\"image\/png\" \/>\n<meta name=\"author\" content=\"Flo Ostermann\" \/>\n<meta name=\"twitter:card\" content=\"summary_large_image\" \/>\n<meta name=\"twitter:title\" content=\"VTT XCO Pal Arinsal : Mathias Fl\u00fcckiger s&#039;impose devant le Fran\u00e7ais Thomas Griot\" \/>\n<meta name=\"twitter:creator\" content=\"@https:\/\/twitter.com\/FlOstermann\" \/>\n<meta name=\"twitter:site\" content=\"@dicodusport\" \/>\n<script type=\"application\/ld+json\" class=\"yoast-schema-graph\">{\"@context\":\"https:\/\/schema.org\",\"@graph\":[{\"@type\":\"NewsArticle\",\"@id\":\"https:\/\/dicodusport.fr\/blog\/vtt-xco-pal-arinsal-mathias-fluckiger-simpose-devant-le-francais-thomas-griot\/#article\",\"isPartOf\":{\"@id\":\"https:\/\/dicodusport.fr\/blog\/vtt-xco-pal-arinsal-mathias-fluckiger-simpose-devant-le-francais-thomas-griot\/\"},\"author\":{\"name\":\"Flo Ostermann\",\"@id\":\"https:\/\/dicodusport.fr\/blog\/#\/schema\/person\/cb02af4c173ce4a653b55e9baf388d4a\"},\"headline\":\"VTT XCO Pal Arinsal : Mathias Fl\u00fcckiger s&rsquo;impose devant le Fran\u00e7ais Thomas Griot\",\"datePublished\":\"2023-08-27T15:04:56+00:00\",\"dateModified\":\"2023-08-28T00:19:09+00:00\",\"mainEntityOfPage\":{\"@id\":\"https:\/\/dicodusport.fr\/blog\/vtt-xco-pal-arinsal-mathias-fluckiger-simpose-devant-le-francais-thomas-griot\/\"},\"wordCount\":233,\"commentCount\":0,\"publisher\":{\"@id\":\"https:\/\/dicodusport.fr\/blog\/#organization\"},\"image\":{\"@id\":\"https:\/\/dicodusport.fr\/blog\/vtt-xco-pal-arinsal-mathias-fluckiger-simpose-devant-le-francais-thomas-griot\/#primaryimage\"},\"thumbnailUrl\":\"https:\/\/dicodusport.fr\/blog\/wp-content\/uploads\/2023\/08\/VTT-XCO-Pal-Arinsal-Mathias-Fluckiger-simpose-devant-le-Francais-Thomas-Griot.png\",\"keywords\":[\"br\u00e8ve\",\"Coupe du monde\"],\"articleSection\":[\"VTT\"],\"inLanguage\":\"fr-FR\",\"potentialAction\":[{\"@type\":\"CommentAction\",\"name\":\"Comment\",\"target\":[\"https:\/\/dicodusport.fr\/blog\/vtt-xco-pal-arinsal-mathias-fluckiger-simpose-devant-le-francais-thomas-griot\/#respond\"]}],\"copyrightYear\":\"2023\",\"copyrightHolder\":{\"@id\":\"https:\/\/dicodusport.fr\/blog\/#organization\"}},{\"@type\":\"WebPage\",\"@id\":\"https:\/\/dicodusport.fr\/blog\/vtt-xco-pal-arinsal-mathias-fluckiger-simpose-devant-le-francais-thomas-griot\/\",\"url\":\"https:\/\/dicodusport.fr\/blog\/vtt-xco-pal-arinsal-mathias-fluckiger-simpose-devant-le-francais-thomas-griot\/\",\"name\":\"VTT XCO Pal Arinsal : Mathias Fl\u00fcckiger s'impose devant le Fran\u00e7ais Thomas Griot\",\"isPartOf\":{\"@id\":\"https:\/\/dicodusport.fr\/blog\/#website\"},\"primaryImageOfPage\":{\"@id\":\"https:\/\/dicodusport.fr\/blog\/vtt-xco-pal-arinsal-mathias-fluckiger-simpose-devant-le-francais-thomas-griot\/#primaryimage\"},\"image\":{\"@id\":\"https:\/\/dicodusport.fr\/blog\/vtt-xco-pal-arinsal-mathias-fluckiger-simpose-devant-le-francais-thomas-griot\/#primaryimage\"},\"thumbnailUrl\":\"https:\/\/dicodusport.fr\/blog\/wp-content\/uploads\/2023\/08\/VTT-XCO-Pal-Arinsal-Mathias-Fluckiger-simpose-devant-le-Francais-Thomas-Griot.png\",\"datePublished\":\"2023-08-27T15:04:56+00:00\",\"dateModified\":\"2023-08-28T00:19:09+00:00\",\"description\":\"VTT XCO PAL ARINSAL - Le Suisse Mathias Fl\u00fcckiger (Th\u00f6mus Maxon) a remport\u00e9 ce dimanche la manche de Coupe du monde XCO \u00e0 Pal Arinsal.\",\"breadcrumb\":{\"@id\":\"https:\/\/dicodusport.fr\/blog\/vtt-xco-pal-arinsal-mathias-fluckiger-simpose-devant-le-francais-thomas-griot\/#breadcrumb\"},\"inLanguage\":\"fr-FR\",\"potentialAction\":[{\"@type\":\"ReadAction\",\"target\":[\"https:\/\/dicodusport.fr\/blog\/vtt-xco-pal-arinsal-mathias-fluckiger-simpose-devant-le-francais-thomas-griot\/\"]}]},{\"@type\":\"ImageObject\",\"inLanguage\":\"fr-FR\",\"@id\":\"https:\/\/dicodusport.fr\/blog\/vtt-xco-pal-arinsal-mathias-fluckiger-simpose-devant-le-francais-thomas-griot\/#primaryimage\",\"url\":\"https:\/\/dicodusport.fr\/blog\/wp-content\/uploads\/2023\/08\/VTT-XCO-Pal-Arinsal-Mathias-Fluckiger-simpose-devant-le-Francais-Thomas-Griot.png\",\"contentUrl\":\"https:\/\/dicodusport.fr\/blog\/wp-content\/uploads\/2023\/08\/VTT-XCO-Pal-Arinsal-Mathias-Fluckiger-simpose-devant-le-Francais-Thomas-Griot.png\",\"width\":800,\"height\":445,\"caption\":\"VTT XCO Pal Arinsal Mathias Fl\u00fcckiger s'impose devant le Fran\u00e7ais Thomas Griot\"},{\"@type\":\"BreadcrumbList\",\"@id\":\"https:\/\/dicodusport.fr\/blog\/vtt-xco-pal-arinsal-mathias-fluckiger-simpose-devant-le-francais-thomas-griot\/#breadcrumb\",\"itemListElement\":[{\"@type\":\"ListItem\",\"position\":1,\"name\":\"Accueil\",\"item\":\"https:\/\/dicodusport.fr\/blog\/\"},{\"@type\":\"ListItem\",\"position\":2,\"name\":\"VTT XCO Pal Arinsal : Mathias Fl\u00fcckiger s&rsquo;impose devant le Fran\u00e7ais Thomas Griot\"}]},{\"@type\":\"WebSite\",\"@id\":\"https:\/\/dicodusport.fr\/blog\/#website\",\"url\":\"https:\/\/dicodusport.fr\/blog\/\",\"name\":\"Dicodusport\",\"description\":\"L&#039;encyclop\u00e9die de l&#039;actualit\u00e9 sportive\",\"publisher\":{\"@id\":\"https:\/\/dicodusport.fr\/blog\/#organization\"},\"potentialAction\":[{\"@type\":\"SearchAction\",\"target\":{\"@type\":\"EntryPoint\",\"urlTemplate\":\"https:\/\/dicodusport.fr\/blog\/?s={search_term_string}\"},\"query-input\":{\"@type\":\"PropertyValueSpecification\",\"valueRequired\":true,\"valueName\":\"search_term_string\"}}],\"inLanguage\":\"fr-FR\"},{\"@type\":\"NewsMediaOrganization\",\"@id\":\"https:\/\/dicodusport.fr\/blog\/#organization\",\"name\":\"Dicodusport\",\"url\":\"https:\/\/dicodusport.fr\/blog\/\",\"logo\":{\"@type\":\"ImageObject\",\"inLanguage\":\"fr-FR\",\"@id\":\"https:\/\/dicodusport.fr\/blog\/#\/schema\/logo\/image\/\",\"url\":\"https:\/\/dicodusport.fr\/blog\/wp-content\/uploads\/2020\/06\/cropped-LOGO-DICODUSPORT-2020-SANS-FOND-SANS-TEXTE.png\",\"contentUrl\":\"https:\/\/dicodusport.fr\/blog\/wp-content\/uploads\/2020\/06\/cropped-LOGO-DICODUSPORT-2020-SANS-FOND-SANS-TEXTE.png\",\"width\":512,\"height\":512,\"caption\":\"Dicodusport\"},\"image\":{\"@id\":\"https:\/\/dicodusport.fr\/blog\/#\/schema\/logo\/image\/\"},\"sameAs\":[\"https:\/\/www.facebook.com\/dicodusport\",\"https:\/\/x.com\/dicodusport\",\"https:\/\/www.instagram.com\/dicodusport\/\",\"https:\/\/www.youtube.com\/channel\/UC7V2KZ5sd3htJivAbA4ZG3w\"],\"description\":\"Dicodusport est l'encyclop\u00e9die de l'actualit\u00e9 sportive.\",\"email\":\"bonjour@dicodusport.fr\",\"legalName\":\"DICODUSPORT\",\"foundingDate\":\"2018-01-14\",\"vatID\":\"FR71834470973\",\"taxID\":\"83447097300043\",\"numberOfEmployees\":{\"@type\":\"QuantitativeValue\",\"minValue\":\"1\",\"maxValue\":\"10\"}},{\"@type\":\"Person\",\"@id\":\"https:\/\/dicodusport.fr\/blog\/#\/schema\/person\/cb02af4c173ce4a653b55e9baf388d4a\",\"name\":\"Flo Ostermann\",\"image\":{\"@type\":\"ImageObject\",\"inLanguage\":\"fr-FR\",\"@id\":\"https:\/\/dicodusport.fr\/blog\/#\/schema\/person\/image\/\",\"url\":\"https:\/\/dicodusport.fr\/blog\/wp-content\/uploads\/2021\/05\/Flo-Ostermann-150x150.jpg\",\"contentUrl\":\"https:\/\/dicodusport.fr\/blog\/wp-content\/uploads\/2021\/05\/Flo-Ostermann-150x150.jpg\",\"caption\":\"Flo Ostermann\"},\"description\":\"Journaliste\/R\u00e9dacteur depuis septembre 2015 - Mes premiers souvenirs dans le sport ? Les envol\u00e9es du Stade Toulousain et les duels Villeneuve-Schumacher et H\u00e4kkinen-Schumacher \u00e0 la fin des ann\u00e9es 90, la Coupe du monde de football en 1998, l\u2019exploit du XV de France face aux All Blacks en 1999, mais aussi Richard C\u0153ur de Lion qui vole sur les montagnes du Tour de France. Bien parti pour devenir professeur d\u2019EPS, les \u00e9v\u00e9nements de la vie (et la flemme d\u2019animer des s\u00e9ances de 3x500 m\u00e8tres toute ma vie) m\u2019ont conduit \u00e0 revoir mes plans. Me voil\u00e0 depuis fin 2017 sur Dicodusport, m\u00e9dia gr\u00e2ce (et pour) lequel je partage ma passion : le sport dans tous ses \u00e9tats. Le tout accompagn\u00e9 par les fous furieux et folles furieuses cit\u00e9s sur cette page !\",\"sameAs\":[\"https:\/\/www.facebook.com\/florent.ostermann\",\"https:\/\/x.com\/https:\/\/twitter.com\/FlOstermann\",\"admin\"],\"url\":\"https:\/\/dicodusport.fr\/blog\/author\/flo\/\"}]}<\/script>\n<!-- \/ Yoast SEO Premium plugin. -->","yoast_head_json":{"title":"VTT XCO Pal Arinsal : Mathias Fl\u00fcckiger s'impose devant le Fran\u00e7ais Thomas Griot","description":"VTT XCO PAL ARINSAL - Le Suisse Mathias Fl\u00fcckiger (Th\u00f6mus Maxon) a remport\u00e9 ce dimanche la manche de Coupe du monde XCO \u00e0 Pal Arinsal.","robots":{"index":"index","follow":"follow","max-snippet":"max-snippet:-1","max-image-preview":"max-image-preview:large","max-video-preview":"max-video-preview:-1"},"canonical":"https:\/\/dicodusport.fr\/blog\/vtt-xco-pal-arinsal-mathias-fluckiger-simpose-devant-le-francais-thomas-griot\/","og_locale":"fr_FR","og_type":"article","og_title":"VTT XCO Pal Arinsal : Mathias Fl\u00fcckiger s'impose devant le Fran\u00e7ais Thomas Griot","og_description":"VTT XCO PAL ARINSAL - Le Suisse Mathias Fl\u00fcckiger (Th\u00f6mus Maxon) a remport\u00e9 ce dimanche la manche de Coupe du monde XCO \u00e0 Pal Arinsal.","og_url":"https:\/\/dicodusport.fr\/blog\/vtt-xco-pal-arinsal-mathias-fluckiger-simpose-devant-le-francais-thomas-griot\/","og_site_name":"Dicodusport","article_publisher":"https:\/\/www.facebook.com\/dicodusport","article_author":"https:\/\/www.facebook.com\/florent.ostermann","article_published_time":"2023-08-27T15:04:56+00:00","article_modified_time":"2023-08-28T00:19:09+00:00","og_image":[{"width":800,"height":445,"url":"https:\/\/dicodusport.fr\/blog\/wp-content\/uploads\/2023\/08\/VTT-XCO-Pal-Arinsal-Mathias-Fluckiger-simpose-devant-le-Francais-Thomas-Griot.png","type":"image\/png"}],"author":"Flo Ostermann","twitter_card":"summary_large_image","twitter_title":"VTT XCO Pal Arinsal : Mathias Fl\u00fcckiger s'impose devant le Fran\u00e7ais Thomas Griot","twitter_creator":"@https:\/\/twitter.com\/FlOstermann","twitter_site":"@dicodusport","schema":{"@context":"https:\/\/schema.org","@graph":[{"@type":"NewsArticle","@id":"https:\/\/dicodusport.fr\/blog\/vtt-xco-pal-arinsal-mathias-fluckiger-simpose-devant-le-francais-thomas-griot\/#article","isPartOf":{"@id":"https:\/\/dicodusport.fr\/blog\/vtt-xco-pal-arinsal-mathias-fluckiger-simpose-devant-le-francais-thomas-griot\/"},"author":{"name":"Flo Ostermann","@id":"https:\/\/dicodusport.fr\/blog\/#\/schema\/person\/cb02af4c173ce4a653b55e9baf388d4a"},"headline":"VTT XCO Pal Arinsal : Mathias Fl\u00fcckiger s&rsquo;impose devant le Fran\u00e7ais Thomas Griot","datePublished":"2023-08-27T15:04:56+00:00","dateModified":"2023-08-28T00:19:09+00:00","mainEntityOfPage":{"@id":"https:\/\/dicodusport.fr\/blog\/vtt-xco-pal-arinsal-mathias-fluckiger-simpose-devant-le-francais-thomas-griot\/"},"wordCount":233,"commentCount":0,"publisher":{"@id":"https:\/\/dicodusport.fr\/blog\/#organization"},"image":{"@id":"https:\/\/dicodusport.fr\/blog\/vtt-xco-pal-arinsal-mathias-fluckiger-simpose-devant-le-francais-thomas-griot\/#primaryimage"},"thumbnailUrl":"https:\/\/dicodusport.fr\/blog\/wp-content\/uploads\/2023\/08\/VTT-XCO-Pal-Arinsal-Mathias-Fluckiger-simpose-devant-le-Francais-Thomas-Griot.png","keywords":["br\u00e8ve","Coupe du monde"],"articleSection":["VTT"],"inLanguage":"fr-FR","potentialAction":[{"@type":"CommentAction","name":"Comment","target":["https:\/\/dicodusport.fr\/blog\/vtt-xco-pal-arinsal-mathias-fluckiger-simpose-devant-le-francais-thomas-griot\/#respond"]}],"copyrightYear":"2023","copyrightHolder":{"@id":"https:\/\/dicodusport.fr\/blog\/#organization"}},{"@type":"WebPage","@id":"https:\/\/dicodusport.fr\/blog\/vtt-xco-pal-arinsal-mathias-fluckiger-simpose-devant-le-francais-thomas-griot\/","url":"https:\/\/dicodusport.fr\/blog\/vtt-xco-pal-arinsal-mathias-fluckiger-simpose-devant-le-francais-thomas-griot\/","name":"VTT XCO Pal Arinsal : Mathias Fl\u00fcckiger s'impose devant le Fran\u00e7ais Thomas Griot","isPartOf":{"@id":"https:\/\/dicodusport.fr\/blog\/#website"},"primaryImageOfPage":{"@id":"https:\/\/dicodusport.fr\/blog\/vtt-xco-pal-arinsal-mathias-fluckiger-simpose-devant-le-francais-thomas-griot\/#primaryimage"},"image":{"@id":"https:\/\/dicodusport.fr\/blog\/vtt-xco-pal-arinsal-mathias-fluckiger-simpose-devant-le-francais-thomas-griot\/#primaryimage"},"thumbnailUrl":"https:\/\/dicodusport.fr\/blog\/wp-content\/uploads\/2023\/08\/VTT-XCO-Pal-Arinsal-Mathias-Fluckiger-simpose-devant-le-Francais-Thomas-Griot.png","datePublished":"2023-08-27T15:04:56+00:00","dateModified":"2023-08-28T00:19:09+00:00","description":"VTT XCO PAL ARINSAL - Le Suisse Mathias Fl\u00fcckiger (Th\u00f6mus Maxon) a remport\u00e9 ce dimanche la manche de Coupe du monde XCO \u00e0 Pal Arinsal.","breadcrumb":{"@id":"https:\/\/dicodusport.fr\/blog\/vtt-xco-pal-arinsal-mathias-fluckiger-simpose-devant-le-francais-thomas-griot\/#breadcrumb"},"inLanguage":"fr-FR","potentialAction":[{"@type":"ReadAction","target":["https:\/\/dicodusport.fr\/blog\/vtt-xco-pal-arinsal-mathias-fluckiger-simpose-devant-le-francais-thomas-griot\/"]}]},{"@type":"ImageObject","inLanguage":"fr-FR","@id":"https:\/\/dicodusport.fr\/blog\/vtt-xco-pal-arinsal-mathias-fluckiger-simpose-devant-le-francais-thomas-griot\/#primaryimage","url":"https:\/\/dicodusport.fr\/blog\/wp-content\/uploads\/2023\/08\/VTT-XCO-Pal-Arinsal-Mathias-Fluckiger-simpose-devant-le-Francais-Thomas-Griot.png","contentUrl":"https:\/\/dicodusport.fr\/blog\/wp-content\/uploads\/2023\/08\/VTT-XCO-Pal-Arinsal-Mathias-Fluckiger-simpose-devant-le-Francais-Thomas-Griot.png","width":800,"height":445,"caption":"VTT XCO Pal Arinsal Mathias Fl\u00fcckiger s'impose devant le Fran\u00e7ais Thomas Griot"},{"@type":"BreadcrumbList","@id":"https:\/\/dicodusport.fr\/blog\/vtt-xco-pal-arinsal-mathias-fluckiger-simpose-devant-le-francais-thomas-griot\/#breadcrumb","itemListElement":[{"@type":"ListItem","position":1,"name":"Accueil","item":"https:\/\/dicodusport.fr\/blog\/"},{"@type":"ListItem","position":2,"name":"VTT XCO Pal Arinsal : Mathias Fl\u00fcckiger s&rsquo;impose devant le Fran\u00e7ais Thomas Griot"}]},{"@type":"WebSite","@id":"https:\/\/dicodusport.fr\/blog\/#website","url":"https:\/\/dicodusport.fr\/blog\/","name":"Dicodusport","description":"L&#039;encyclop\u00e9die de l&#039;actualit\u00e9 sportive","publisher":{"@id":"https:\/\/dicodusport.fr\/blog\/#organization"},"potentialAction":[{"@type":"SearchAction","target":{"@type":"EntryPoint","urlTemplate":"https:\/\/dicodusport.fr\/blog\/?s={search_term_string}"},"query-input":{"@type":"PropertyValueSpecification","valueRequired":true,"valueName":"search_term_string"}}],"inLanguage":"fr-FR"},{"@type":"NewsMediaOrganization","@id":"https:\/\/dicodusport.fr\/blog\/#organization","name":"Dicodusport","url":"https:\/\/dicodusport.fr\/blog\/","logo":{"@type":"ImageObject","inLanguage":"fr-FR","@id":"https:\/\/dicodusport.fr\/blog\/#\/schema\/logo\/image\/","url":"https:\/\/dicodusport.fr\/blog\/wp-content\/uploads\/2020\/06\/cropped-LOGO-DICODUSPORT-2020-SANS-FOND-SANS-TEXTE.png","contentUrl":"https:\/\/dicodusport.fr\/blog\/wp-content\/uploads\/2020\/06\/cropped-LOGO-DICODUSPORT-2020-SANS-FOND-SANS-TEXTE.png","width":512,"height":512,"caption":"Dicodusport"},"image":{"@id":"https:\/\/dicodusport.fr\/blog\/#\/schema\/logo\/image\/"},"sameAs":["https:\/\/www.facebook.com\/dicodusport","https:\/\/x.com\/dicodusport","https:\/\/www.instagram.com\/dicodusport\/","https:\/\/www.youtube.com\/channel\/UC7V2KZ5sd3htJivAbA4ZG3w"],"description":"Dicodusport est l'encyclop\u00e9die de l'actualit\u00e9 sportive.","email":"bonjour@dicodusport.fr","legalName":"DICODUSPORT","foundingDate":"2018-01-14","vatID":"FR71834470973","taxID":"83447097300043","numberOfEmployees":{"@type":"QuantitativeValue","minValue":"1","maxValue":"10"}},{"@type":"Person","@id":"https:\/\/dicodusport.fr\/blog\/#\/schema\/person\/cb02af4c173ce4a653b55e9baf388d4a","name":"Flo Ostermann","image":{"@type":"ImageObject","inLanguage":"fr-FR","@id":"https:\/\/dicodusport.fr\/blog\/#\/schema\/person\/image\/","url":"https:\/\/dicodusport.fr\/blog\/wp-content\/uploads\/2021\/05\/Flo-Ostermann-150x150.jpg","contentUrl":"https:\/\/dicodusport.fr\/blog\/wp-content\/uploads\/2021\/05\/Flo-Ostermann-150x150.jpg","caption":"Flo Ostermann"},"description":"Journaliste\/R\u00e9dacteur depuis septembre 2015 - Mes premiers souvenirs dans le sport ? Les envol\u00e9es du Stade Toulousain et les duels Villeneuve-Schumacher et H\u00e4kkinen-Schumacher \u00e0 la fin des ann\u00e9es 90, la Coupe du monde de football en 1998, l\u2019exploit du XV de France face aux All Blacks en 1999, mais aussi Richard C\u0153ur de Lion qui vole sur les montagnes du Tour de France. Bien parti pour devenir professeur d\u2019EPS, les \u00e9v\u00e9nements de la vie (et la flemme d\u2019animer des s\u00e9ances de 3x500 m\u00e8tres toute ma vie) m\u2019ont conduit \u00e0 revoir mes plans. Me voil\u00e0 depuis fin 2017 sur Dicodusport, m\u00e9dia gr\u00e2ce (et pour) lequel je partage ma passion : le sport dans tous ses \u00e9tats. Le tout accompagn\u00e9 par les fous furieux et folles furieuses cit\u00e9s sur cette page !","sameAs":["https:\/\/www.facebook.com\/florent.ostermann","https:\/\/x.com\/https:\/\/twitter.com\/FlOstermann","admin"],"url":"https:\/\/dicodusport.fr\/blog\/author\/flo\/"}]}},"_links":{"self":[{"href":"https:\/\/dicodusport.fr\/blog\/wp-json\/wp\/v2\/posts\/412961","targetHints":{"allow":["GET"]}}],"collection":[{"href":"https:\/\/dicodusport.fr\/blog\/wp-json\/wp\/v2\/posts"}],"about":[{"href":"https:\/\/dicodusport.fr\/blog\/wp-json\/wp\/v2\/types\/post"}],"author":[{"embeddable":true,"href":"https:\/\/dicodusport.fr\/blog\/wp-json\/wp\/v2\/users\/4"}],"replies":[{"embeddable":true,"href":"https:\/\/dicodusport.fr\/blog\/wp-json\/wp\/v2\/comments?post=412961"}],"version-history":[{"count":0,"href":"https:\/\/dicodusport.fr\/blog\/wp-json\/wp\/v2\/posts\/412961\/revisions"}],"wp:featuredmedia":[{"embeddable":true,"href":"https:\/\/dicodusport.fr\/blog\/wp-json\/wp\/v2\/media\/412968"}],"wp:attachment":[{"href":"https:\/\/dicodusport.fr\/blog\/wp-json\/wp\/v2\/media?parent=412961"}],"wp:term":[{"taxonomy":"category","embeddable":true,"href":"https:\/\/dicodusport.fr\/blog\/wp-json\/wp\/v2\/categories?post=412961"},{"taxonomy":"post_tag","embeddable":true,"href":"https:\/\/dicodusport.fr\/blog\/wp-json\/wp\/v2\/tags?post=412961"}],"curies":[{"name":"wp","href":"https:\/\/api.w.org\/{rel}","templated":true}]}}