{"id":413072,"date":"2023-08-27T21:22:43","date_gmt":"2023-08-27T19:22:43","guid":{"rendered":"https:\/\/dicodusport.fr\/blog\/?p=413072&#038;preview=true&#038;preview_id=413072"},"modified":"2023-08-28T11:08:27","modified_gmt":"2023-08-28T09:08:27","slug":"mondiaux-dathletisme-2023-winfred-yavi-sacree-sur-3000-m-steeple-finot-5e-avec-le-record-de-france","status":"publish","type":"post","link":"https:\/\/dicodusport.fr\/blog\/mondiaux-dathletisme-2023-winfred-yavi-sacree-sur-3000-m-steeple-finot-5e-avec-le-record-de-france\/","title":{"rendered":"Mondiaux d&rsquo;athl\u00e9tisme 2023 : Winfred Yavi sacr\u00e9e sur 3000 m steeple, Finot 5e avec le record de France"},"content":{"rendered":"<p style=\"text-align: justify;\"><em><strong><a href=\"https:\/\/dicodusport.fr\/blog\/actualites\/athletisme\/championnats-du-monde-athletisme-2023\/\" target=\"_blank\" rel=\"noopener\">CHAMPIONNATS DU MONDE D&rsquo;ATHL\u00c9TISME 2023<\/a> &#8211; Winfred Yavi a domin\u00e9 la finale du 3000 m steeple, avec un chrono de 8:54.28. Elle signe la meilleure performance mondiale de l&rsquo;ann\u00e9e et la 4e de tous les temps. Alice Finot prend une magnifique 5e place dans cette finale, avec un record de France port\u00e9 \u00e0 9:06.15.\u00a0<\/strong><\/em><\/p>\n<p style=\"text-align: justify;\">La course est partie sur des grosses bases, avec un premier kilom\u00e8tre largement sous les trois minutes (2:58.90). Une course men\u00e9e par <strong>Beatrice Chepkoech <\/strong>et<strong> Faith Cherotich<\/strong> qui continuent d&rsquo;imprimer un rythme infernal, passant sur des bases de 8:54 \u00e0 la mi-course. Seule <strong>Winfred Mutile Yavi<\/strong> parvient \u00e0 suivre la cadence infernale de<strong> Beatrice Chepkoech<\/strong>, alors que sa compatriote est quelque peu l\u00e2ch\u00e9e \u00e0 moins de 1000 m\u00e8tres de l&rsquo;arriv\u00e9e. Yavi porte son attaque \u00e0 un tour de l&rsquo;arriv\u00e9e. L&rsquo;ancienne K\u00e9nyane fait la mis\u00e8re \u00e0 ses anciennes compatriotes, car elle creuse un \u00e9cart, m\u00e8tres par m\u00e8tres.<\/p>\n<p style=\"text-align: justify;\">Pour s&rsquo;imposer avec la meilleure performance mondiale de l&rsquo;ann\u00e9e en 8:54.29. La 4\u1d49 performance mondiale de tous les temps. <strong>Beatrice Chepkoech<\/strong> passe aussi sous les neuf minutes, avec un chrono de 8:58.98.<strong> Faith Cherotich<\/strong> compl\u00e8te le podium en 9:00.69, son record personnel. Une course ultra-rapide.<\/p>\n<h2 style=\"text-align: justify;\">Record de France pour Finot<\/h2>\n<p style=\"text-align: justify;\"><strong>Alice Finot<\/strong> signe ici la meilleure performance fran\u00e7aise de ces championnats du monde, avec<strong> Thibaut Collet.<\/strong> La Fran\u00e7aise est la premi\u00e8re athl\u00e8te individuelle \u00e0 s&#8217;emparer d&rsquo;un record de France et sera la seule \u00e0 Budapest. Celle qui s&rsquo;entra\u00eene en Espagne a choisi de prendre un d\u00e9part un peu plus prudent, se positionnant en queue de peloton. L&rsquo;une des derni\u00e8res cartes fran\u00e7aises pour la m\u00e9daille n&rsquo;a pas voulu suivre ce rythme infernal des femmes en t\u00eate de la course. Les bases sont beaucoup trop \u00e9lev\u00e9es pour la Fran\u00e7aise, qui a choisi de rester en queue de peloton. Et de remonter des concurrentes l\u00e2ch\u00e9es.<\/p>\n<p style=\"text-align: justify;\">Elle aligne un dernier tour au niveau de la vainqueur en 1:08 secondes pour remonter plusieurs concurrentes et terminer \u00e0 la 5\u1d49 place. Avec un nouveau record de France en 9:06.15. Retranchant quatre secondes \u00e0 son ancien record de France. Elle s&rsquo;est hiss\u00e9e \u00e0 la hauteur de l&rsquo;\u00e9v\u00e8nement. Malheureusement pour elle, le niveau \u00e9tait extraordinaire ce soir. Comme un certain <strong>Thibaut Collet<\/strong>. Mais c&rsquo;est de bon augure avant Paris. Elle a su se sublimer.<\/p>\n<p><a title=\"\u00ab\u00a0On prouve qu\u2019on est l\u00e0 1 an avant les Jeux\u00a0\u00bb : les r\u00e9actions des Fran\u00e7ais lors de la derni\u00e8re soir\u00e9e\" href=\"https:\/\/dicodusport.fr\/blog\/on-prouve-quon-est-la-1-an-avant-les-jeux-les-reactions-des-francais-lors-de-la-derniere-soiree\/\" target=\"_blank\" rel=\"noopener\"><strong>Alice Finot : \u201c<em>J&rsquo;ai des \u00e9toiles plein les yeux<\/em>\u201d<\/strong><\/a><\/p>\n<blockquote class=\"twitter-tweet\">\n<p dir=\"ltr\" lang=\"fr\"><a href=\"https:\/\/twitter.com\/hashtag\/WorldAthleticsChamps?src=hash&amp;ref_src=twsrc%5Etfw\">#WorldAthleticsChamps<\/a> | \ud83c\uddeb\ud83c\uddf7\u23f1 Apr\u00e8s un dernier tour exceptionnel, Alice Finot bat le record de France sur 3000 m steeple et prend la 5e place de la finale ! C&rsquo;est l&rsquo;une des plus belles performances fran\u00e7aises de ces Mondiaux \ud83d\udc4f<\/p>\n<p>\u25b6\ufe0f Suivez le direct : <a href=\"https:\/\/t.co\/XfFOGjJDeX\">https:\/\/t.co\/XfFOGjJDeX<\/a> <a href=\"https:\/\/t.co\/z4WOQ5XElZ\">pic.twitter.com\/z4WOQ5XElZ<\/a><\/p>\n<p>\u2014 francetvsport (@francetvsport) <a href=\"https:\/\/twitter.com\/francetvsport\/status\/1695878779774628107?ref_src=twsrc%5Etfw\">August 27, 2023<\/a><\/p><\/blockquote>\n<p><script async src=\"https:\/\/platform.twitter.com\/widgets.js\" charset=\"utf-8\"><\/script><\/p>\n<h2 style=\"text-align: justify;\">\u00c0 lire aussi<\/h2>\n<ul>\n<li style=\"text-align: justify;\"><a href=\"https:\/\/dicodusport.fr\/blog\/classement-finale-3000m-steeple-femmes-championnats-du-monde-athletisme-2023\/\"><strong>Classement du 3000 m steeple f\u00e9minin<\/strong><\/a><\/li>\n<li style=\"text-align: justify;\"><a href=\"https:\/\/dicodusport.fr\/blog\/actualites\/athletisme\/championnats-du-monde-athletisme-2023\/\" target=\"_blank\" rel=\"noopener\"><strong>Calendrier et r\u00e9sultats des championnats du monde d&rsquo;athl\u00e9tisme<\/strong><\/a><\/li>\n<li style=\"text-align: justify;\"><a href=\"https:\/\/dicodusport.fr\/blog\/tableau-des-medailles-athletisme-championnats-du-monde-2023\/\" target=\"_blank\" rel=\"noopener\"><strong>Tableau des m\u00e9dailles<\/strong><\/a><\/li>\n<\/ul>\n","protected":false},"excerpt":{"rendered":"<p>CHAMPIONNATS DU MONDE D&rsquo;ATHL\u00c9TISME 2023 &#8211; Winfred Yavi a domin\u00e9 la finale du 3000 m steeple, avec un chrono de 8:54.28. Elle signe la meilleure performance mondiale de l&rsquo;ann\u00e9e et la 4e de tous les temps. Alice Finot prend une magnifique 5e place dans cette finale, avec un record de France port\u00e9 \u00e0 9:06.15.\u00a0<\/p>\n","protected":false},"author":83,"featured_media":413225,"comment_status":"open","ping_status":"closed","sticky":false,"template":"","format":"standard","meta":{"_acf_changed":false,"_daextam_enable_autolinks":"","footnotes":""},"categories":[46997],"tags":[14953,143,16878],"class_list":["post-413072","post","type-post","status-publish","format-standard","has-post-thumbnail","hentry","category-championnats-du-monde-athletisme","tag-alice-finot","tag-athletisme","tag-breve"],"acf":[],"yoast_head":"<!-- This site is optimized with the Yoast SEO Premium plugin v26.7 (Yoast SEO v26.7) - https:\/\/yoast.com\/wordpress\/plugins\/seo\/ -->\n<title>Mondiaux d&#039;athl\u00e9tisme 2023 : Winfred Yavi sacr\u00e9e sur 3000 m steeple, Finot 5e avec le record de France<\/title>\n<meta name=\"description\" content=\"CHAMPIONNATS DU MONDE D&#039;ATHL\u00c9TISME 2023 - Winfred Yavi a domin\u00e9 la finale du 3000 m steeple, avec un chrono de 8:54.28.\" \/>\n<meta name=\"robots\" content=\"index, follow, max-snippet:-1, max-image-preview:large, max-video-preview:-1\" \/>\n<link rel=\"canonical\" href=\"https:\/\/dicodusport.fr\/blog\/mondiaux-dathletisme-2023-winfred-yavi-sacree-sur-3000-m-steeple-finot-5e-avec-le-record-de-france\/\" \/>\n<meta property=\"og:locale\" content=\"fr_FR\" \/>\n<meta property=\"og:type\" content=\"article\" \/>\n<meta property=\"og:title\" content=\"Mondiaux d&#039;athl\u00e9tisme 2023 : Winfred Yavi sacr\u00e9e sur 3000 m steeple, Finot 5e avec le record de France\" \/>\n<meta property=\"og:description\" content=\"CHAMPIONNATS DU MONDE D&#039;ATHL\u00c9TISME 2023 - Winfred Yavi a domin\u00e9 la finale du 3000 m steeple, avec un chrono de 8:54.28.\" \/>\n<meta property=\"og:url\" content=\"https:\/\/dicodusport.fr\/blog\/mondiaux-dathletisme-2023-winfred-yavi-sacree-sur-3000-m-steeple-finot-5e-avec-le-record-de-france\/\" \/>\n<meta property=\"og:site_name\" content=\"Dicodusport\" \/>\n<meta property=\"article:publisher\" content=\"https:\/\/www.facebook.com\/dicodusport\" \/>\n<meta property=\"article:published_time\" content=\"2023-08-27T19:22:43+00:00\" \/>\n<meta property=\"article:modified_time\" content=\"2023-08-28T09:08:27+00:00\" \/>\n<meta property=\"og:image\" content=\"https:\/\/dicodusport.fr\/blog\/wp-content\/uploads\/2023\/08\/Mondiaux-dathletisme-Winfred-Yavi-sacree-sur-3000-m-steeple-Finot-5e-avec-le-record-de-France.png\" \/>\n\t<meta property=\"og:image:width\" content=\"800\" \/>\n\t<meta property=\"og:image:height\" content=\"445\" \/>\n\t<meta property=\"og:image:type\" content=\"image\/png\" \/>\n<meta name=\"author\" content=\"Etienne Goursaud\" \/>\n<meta name=\"twitter:card\" content=\"summary_large_image\" \/>\n<meta name=\"twitter:title\" content=\"Mondiaux d&#039;athl\u00e9tisme 2023 : Winfred Yavi sacr\u00e9e sur 3000 m steeple, Finot 5e avec le record de France\" \/>\n<meta name=\"twitter:creator\" content=\"@dicodusport\" \/>\n<meta name=\"twitter:site\" content=\"@dicodusport\" \/>\n<script type=\"application\/ld+json\" class=\"yoast-schema-graph\">{\"@context\":\"https:\/\/schema.org\",\"@graph\":[{\"@type\":\"NewsArticle\",\"@id\":\"https:\/\/dicodusport.fr\/blog\/mondiaux-dathletisme-2023-winfred-yavi-sacree-sur-3000-m-steeple-finot-5e-avec-le-record-de-france\/#article\",\"isPartOf\":{\"@id\":\"https:\/\/dicodusport.fr\/blog\/mondiaux-dathletisme-2023-winfred-yavi-sacree-sur-3000-m-steeple-finot-5e-avec-le-record-de-france\/\"},\"author\":{\"name\":\"Etienne Goursaud\",\"@id\":\"https:\/\/dicodusport.fr\/blog\/#\/schema\/person\/d603dd7da31fb2b46c82b9835a77ec13\"},\"headline\":\"Mondiaux d&rsquo;athl\u00e9tisme 2023 : Winfred Yavi sacr\u00e9e sur 3000 m steeple, Finot 5e avec le record de France\",\"datePublished\":\"2023-08-27T19:22:43+00:00\",\"dateModified\":\"2023-08-28T09:08:27+00:00\",\"mainEntityOfPage\":{\"@id\":\"https:\/\/dicodusport.fr\/blog\/mondiaux-dathletisme-2023-winfred-yavi-sacree-sur-3000-m-steeple-finot-5e-avec-le-record-de-france\/\"},\"wordCount\":502,\"commentCount\":0,\"publisher\":{\"@id\":\"https:\/\/dicodusport.fr\/blog\/#organization\"},\"image\":{\"@id\":\"https:\/\/dicodusport.fr\/blog\/mondiaux-dathletisme-2023-winfred-yavi-sacree-sur-3000-m-steeple-finot-5e-avec-le-record-de-france\/#primaryimage\"},\"thumbnailUrl\":\"https:\/\/dicodusport.fr\/blog\/wp-content\/uploads\/2023\/08\/Mondiaux-dathletisme-Winfred-Yavi-sacree-sur-3000-m-steeple-Finot-5e-avec-le-record-de-France.png\",\"keywords\":[\"Alice Finot\",\"Athl\u00e9tisme\",\"br\u00e8ve\"],\"articleSection\":[\"Championnats du monde d'athl\u00e9tisme\"],\"inLanguage\":\"fr-FR\",\"potentialAction\":[{\"@type\":\"CommentAction\",\"name\":\"Comment\",\"target\":[\"https:\/\/dicodusport.fr\/blog\/mondiaux-dathletisme-2023-winfred-yavi-sacree-sur-3000-m-steeple-finot-5e-avec-le-record-de-france\/#respond\"]}],\"copyrightYear\":\"2023\",\"copyrightHolder\":{\"@id\":\"https:\/\/dicodusport.fr\/blog\/#organization\"}},{\"@type\":\"WebPage\",\"@id\":\"https:\/\/dicodusport.fr\/blog\/mondiaux-dathletisme-2023-winfred-yavi-sacree-sur-3000-m-steeple-finot-5e-avec-le-record-de-france\/\",\"url\":\"https:\/\/dicodusport.fr\/blog\/mondiaux-dathletisme-2023-winfred-yavi-sacree-sur-3000-m-steeple-finot-5e-avec-le-record-de-france\/\",\"name\":\"Mondiaux d'athl\u00e9tisme 2023 : Winfred Yavi sacr\u00e9e sur 3000 m steeple, Finot 5e avec le record de France\",\"isPartOf\":{\"@id\":\"https:\/\/dicodusport.fr\/blog\/#website\"},\"primaryImageOfPage\":{\"@id\":\"https:\/\/dicodusport.fr\/blog\/mondiaux-dathletisme-2023-winfred-yavi-sacree-sur-3000-m-steeple-finot-5e-avec-le-record-de-france\/#primaryimage\"},\"image\":{\"@id\":\"https:\/\/dicodusport.fr\/blog\/mondiaux-dathletisme-2023-winfred-yavi-sacree-sur-3000-m-steeple-finot-5e-avec-le-record-de-france\/#primaryimage\"},\"thumbnailUrl\":\"https:\/\/dicodusport.fr\/blog\/wp-content\/uploads\/2023\/08\/Mondiaux-dathletisme-Winfred-Yavi-sacree-sur-3000-m-steeple-Finot-5e-avec-le-record-de-France.png\",\"datePublished\":\"2023-08-27T19:22:43+00:00\",\"dateModified\":\"2023-08-28T09:08:27+00:00\",\"description\":\"CHAMPIONNATS DU MONDE D'ATHL\u00c9TISME 2023 - Winfred Yavi a domin\u00e9 la finale du 3000 m steeple, avec un chrono de 8:54.28.\",\"breadcrumb\":{\"@id\":\"https:\/\/dicodusport.fr\/blog\/mondiaux-dathletisme-2023-winfred-yavi-sacree-sur-3000-m-steeple-finot-5e-avec-le-record-de-france\/#breadcrumb\"},\"inLanguage\":\"fr-FR\",\"potentialAction\":[{\"@type\":\"ReadAction\",\"target\":[\"https:\/\/dicodusport.fr\/blog\/mondiaux-dathletisme-2023-winfred-yavi-sacree-sur-3000-m-steeple-finot-5e-avec-le-record-de-france\/\"]}]},{\"@type\":\"ImageObject\",\"inLanguage\":\"fr-FR\",\"@id\":\"https:\/\/dicodusport.fr\/blog\/mondiaux-dathletisme-2023-winfred-yavi-sacree-sur-3000-m-steeple-finot-5e-avec-le-record-de-france\/#primaryimage\",\"url\":\"https:\/\/dicodusport.fr\/blog\/wp-content\/uploads\/2023\/08\/Mondiaux-dathletisme-Winfred-Yavi-sacree-sur-3000-m-steeple-Finot-5e-avec-le-record-de-France.png\",\"contentUrl\":\"https:\/\/dicodusport.fr\/blog\/wp-content\/uploads\/2023\/08\/Mondiaux-dathletisme-Winfred-Yavi-sacree-sur-3000-m-steeple-Finot-5e-avec-le-record-de-France.png\",\"width\":800,\"height\":445,\"caption\":\"Mondiaux d'athl\u00e9tisme Winfred Yavi sacr\u00e9e sur 3000 m steeple, Finot 5e avec le record de France\"},{\"@type\":\"BreadcrumbList\",\"@id\":\"https:\/\/dicodusport.fr\/blog\/mondiaux-dathletisme-2023-winfred-yavi-sacree-sur-3000-m-steeple-finot-5e-avec-le-record-de-france\/#breadcrumb\",\"itemListElement\":[{\"@type\":\"ListItem\",\"position\":1,\"name\":\"Accueil\",\"item\":\"https:\/\/dicodusport.fr\/blog\/\"},{\"@type\":\"ListItem\",\"position\":2,\"name\":\"Mondiaux d&rsquo;athl\u00e9tisme 2023 : Winfred Yavi sacr\u00e9e sur 3000 m steeple, Finot 5e avec le record de France\"}]},{\"@type\":\"WebSite\",\"@id\":\"https:\/\/dicodusport.fr\/blog\/#website\",\"url\":\"https:\/\/dicodusport.fr\/blog\/\",\"name\":\"Dicodusport\",\"description\":\"L&#039;encyclop\u00e9die de l&#039;actualit\u00e9 sportive\",\"publisher\":{\"@id\":\"https:\/\/dicodusport.fr\/blog\/#organization\"},\"potentialAction\":[{\"@type\":\"SearchAction\",\"target\":{\"@type\":\"EntryPoint\",\"urlTemplate\":\"https:\/\/dicodusport.fr\/blog\/?s={search_term_string}\"},\"query-input\":{\"@type\":\"PropertyValueSpecification\",\"valueRequired\":true,\"valueName\":\"search_term_string\"}}],\"inLanguage\":\"fr-FR\"},{\"@type\":\"NewsMediaOrganization\",\"@id\":\"https:\/\/dicodusport.fr\/blog\/#organization\",\"name\":\"Dicodusport\",\"url\":\"https:\/\/dicodusport.fr\/blog\/\",\"logo\":{\"@type\":\"ImageObject\",\"inLanguage\":\"fr-FR\",\"@id\":\"https:\/\/dicodusport.fr\/blog\/#\/schema\/logo\/image\/\",\"url\":\"https:\/\/dicodusport.fr\/blog\/wp-content\/uploads\/2020\/06\/cropped-LOGO-DICODUSPORT-2020-SANS-FOND-SANS-TEXTE.png\",\"contentUrl\":\"https:\/\/dicodusport.fr\/blog\/wp-content\/uploads\/2020\/06\/cropped-LOGO-DICODUSPORT-2020-SANS-FOND-SANS-TEXTE.png\",\"width\":512,\"height\":512,\"caption\":\"Dicodusport\"},\"image\":{\"@id\":\"https:\/\/dicodusport.fr\/blog\/#\/schema\/logo\/image\/\"},\"sameAs\":[\"https:\/\/www.facebook.com\/dicodusport\",\"https:\/\/x.com\/dicodusport\",\"https:\/\/www.instagram.com\/dicodusport\/\",\"https:\/\/www.youtube.com\/channel\/UC7V2KZ5sd3htJivAbA4ZG3w\"],\"description\":\"Dicodusport est l'encyclop\u00e9die de l'actualit\u00e9 sportive.\",\"email\":\"bonjour@dicodusport.fr\",\"legalName\":\"DICODUSPORT\",\"foundingDate\":\"2018-01-14\",\"vatID\":\"FR71834470973\",\"taxID\":\"83447097300043\",\"numberOfEmployees\":{\"@type\":\"QuantitativeValue\",\"minValue\":\"1\",\"maxValue\":\"10\"}},{\"@type\":\"Person\",\"@id\":\"https:\/\/dicodusport.fr\/blog\/#\/schema\/person\/d603dd7da31fb2b46c82b9835a77ec13\",\"name\":\"Etienne Goursaud\",\"image\":{\"@type\":\"ImageObject\",\"inLanguage\":\"fr-FR\",\"@id\":\"https:\/\/dicodusport.fr\/blog\/#\/schema\/person\/image\/\",\"url\":\"https:\/\/dicodusport.fr\/blog\/wp-content\/uploads\/2023\/12\/410122264_10231602061736049_5565839791558026645_n-150x150.jpg\",\"contentUrl\":\"https:\/\/dicodusport.fr\/blog\/wp-content\/uploads\/2023\/12\/410122264_10231602061736049_5565839791558026645_n-150x150.jpg\",\"caption\":\"Etienne Goursaud\"},\"description\":\"Journaliste et amoureux de sport. Ancien footballeur reconverti athl\u00e8te quand ses muscles le laissent tranquille. \u00c9lev\u00e9 \u00e0 la sauce des exploits de Thomas Voeckler en 2004, du dernier essai de l\u00e9gende de Eunice Barber \u00e0 la longueur lors des championnats du monde d'athl\u00e9tisme de 2003 mais aussi Zidane, Omeyer et Titou Lamaison.\",\"url\":\"https:\/\/dicodusport.fr\/blog\/author\/etienne-goursaud\/\"}]}<\/script>\n<!-- \/ Yoast SEO Premium plugin. -->","yoast_head_json":{"title":"Mondiaux d'athl\u00e9tisme 2023 : Winfred Yavi sacr\u00e9e sur 3000 m steeple, Finot 5e avec le record de France","description":"CHAMPIONNATS DU MONDE D'ATHL\u00c9TISME 2023 - Winfred Yavi a domin\u00e9 la finale du 3000 m steeple, avec un chrono de 8:54.28.","robots":{"index":"index","follow":"follow","max-snippet":"max-snippet:-1","max-image-preview":"max-image-preview:large","max-video-preview":"max-video-preview:-1"},"canonical":"https:\/\/dicodusport.fr\/blog\/mondiaux-dathletisme-2023-winfred-yavi-sacree-sur-3000-m-steeple-finot-5e-avec-le-record-de-france\/","og_locale":"fr_FR","og_type":"article","og_title":"Mondiaux d'athl\u00e9tisme 2023 : Winfred Yavi sacr\u00e9e sur 3000 m steeple, Finot 5e avec le record de France","og_description":"CHAMPIONNATS DU MONDE D'ATHL\u00c9TISME 2023 - Winfred Yavi a domin\u00e9 la finale du 3000 m steeple, avec un chrono de 8:54.28.","og_url":"https:\/\/dicodusport.fr\/blog\/mondiaux-dathletisme-2023-winfred-yavi-sacree-sur-3000-m-steeple-finot-5e-avec-le-record-de-france\/","og_site_name":"Dicodusport","article_publisher":"https:\/\/www.facebook.com\/dicodusport","article_published_time":"2023-08-27T19:22:43+00:00","article_modified_time":"2023-08-28T09:08:27+00:00","og_image":[{"width":800,"height":445,"url":"https:\/\/dicodusport.fr\/blog\/wp-content\/uploads\/2023\/08\/Mondiaux-dathletisme-Winfred-Yavi-sacree-sur-3000-m-steeple-Finot-5e-avec-le-record-de-France.png","type":"image\/png"}],"author":"Etienne Goursaud","twitter_card":"summary_large_image","twitter_title":"Mondiaux d'athl\u00e9tisme 2023 : Winfred Yavi sacr\u00e9e sur 3000 m steeple, Finot 5e avec le record de France","twitter_creator":"@dicodusport","twitter_site":"@dicodusport","schema":{"@context":"https:\/\/schema.org","@graph":[{"@type":"NewsArticle","@id":"https:\/\/dicodusport.fr\/blog\/mondiaux-dathletisme-2023-winfred-yavi-sacree-sur-3000-m-steeple-finot-5e-avec-le-record-de-france\/#article","isPartOf":{"@id":"https:\/\/dicodusport.fr\/blog\/mondiaux-dathletisme-2023-winfred-yavi-sacree-sur-3000-m-steeple-finot-5e-avec-le-record-de-france\/"},"author":{"name":"Etienne Goursaud","@id":"https:\/\/dicodusport.fr\/blog\/#\/schema\/person\/d603dd7da31fb2b46c82b9835a77ec13"},"headline":"Mondiaux d&rsquo;athl\u00e9tisme 2023 : Winfred Yavi sacr\u00e9e sur 3000 m steeple, Finot 5e avec le record de France","datePublished":"2023-08-27T19:22:43+00:00","dateModified":"2023-08-28T09:08:27+00:00","mainEntityOfPage":{"@id":"https:\/\/dicodusport.fr\/blog\/mondiaux-dathletisme-2023-winfred-yavi-sacree-sur-3000-m-steeple-finot-5e-avec-le-record-de-france\/"},"wordCount":502,"commentCount":0,"publisher":{"@id":"https:\/\/dicodusport.fr\/blog\/#organization"},"image":{"@id":"https:\/\/dicodusport.fr\/blog\/mondiaux-dathletisme-2023-winfred-yavi-sacree-sur-3000-m-steeple-finot-5e-avec-le-record-de-france\/#primaryimage"},"thumbnailUrl":"https:\/\/dicodusport.fr\/blog\/wp-content\/uploads\/2023\/08\/Mondiaux-dathletisme-Winfred-Yavi-sacree-sur-3000-m-steeple-Finot-5e-avec-le-record-de-France.png","keywords":["Alice Finot","Athl\u00e9tisme","br\u00e8ve"],"articleSection":["Championnats du monde d'athl\u00e9tisme"],"inLanguage":"fr-FR","potentialAction":[{"@type":"CommentAction","name":"Comment","target":["https:\/\/dicodusport.fr\/blog\/mondiaux-dathletisme-2023-winfred-yavi-sacree-sur-3000-m-steeple-finot-5e-avec-le-record-de-france\/#respond"]}],"copyrightYear":"2023","copyrightHolder":{"@id":"https:\/\/dicodusport.fr\/blog\/#organization"}},{"@type":"WebPage","@id":"https:\/\/dicodusport.fr\/blog\/mondiaux-dathletisme-2023-winfred-yavi-sacree-sur-3000-m-steeple-finot-5e-avec-le-record-de-france\/","url":"https:\/\/dicodusport.fr\/blog\/mondiaux-dathletisme-2023-winfred-yavi-sacree-sur-3000-m-steeple-finot-5e-avec-le-record-de-france\/","name":"Mondiaux d'athl\u00e9tisme 2023 : Winfred Yavi sacr\u00e9e sur 3000 m steeple, Finot 5e avec le record de France","isPartOf":{"@id":"https:\/\/dicodusport.fr\/blog\/#website"},"primaryImageOfPage":{"@id":"https:\/\/dicodusport.fr\/blog\/mondiaux-dathletisme-2023-winfred-yavi-sacree-sur-3000-m-steeple-finot-5e-avec-le-record-de-france\/#primaryimage"},"image":{"@id":"https:\/\/dicodusport.fr\/blog\/mondiaux-dathletisme-2023-winfred-yavi-sacree-sur-3000-m-steeple-finot-5e-avec-le-record-de-france\/#primaryimage"},"thumbnailUrl":"https:\/\/dicodusport.fr\/blog\/wp-content\/uploads\/2023\/08\/Mondiaux-dathletisme-Winfred-Yavi-sacree-sur-3000-m-steeple-Finot-5e-avec-le-record-de-France.png","datePublished":"2023-08-27T19:22:43+00:00","dateModified":"2023-08-28T09:08:27+00:00","description":"CHAMPIONNATS DU MONDE D'ATHL\u00c9TISME 2023 - Winfred Yavi a domin\u00e9 la finale du 3000 m steeple, avec un chrono de 8:54.28.","breadcrumb":{"@id":"https:\/\/dicodusport.fr\/blog\/mondiaux-dathletisme-2023-winfred-yavi-sacree-sur-3000-m-steeple-finot-5e-avec-le-record-de-france\/#breadcrumb"},"inLanguage":"fr-FR","potentialAction":[{"@type":"ReadAction","target":["https:\/\/dicodusport.fr\/blog\/mondiaux-dathletisme-2023-winfred-yavi-sacree-sur-3000-m-steeple-finot-5e-avec-le-record-de-france\/"]}]},{"@type":"ImageObject","inLanguage":"fr-FR","@id":"https:\/\/dicodusport.fr\/blog\/mondiaux-dathletisme-2023-winfred-yavi-sacree-sur-3000-m-steeple-finot-5e-avec-le-record-de-france\/#primaryimage","url":"https:\/\/dicodusport.fr\/blog\/wp-content\/uploads\/2023\/08\/Mondiaux-dathletisme-Winfred-Yavi-sacree-sur-3000-m-steeple-Finot-5e-avec-le-record-de-France.png","contentUrl":"https:\/\/dicodusport.fr\/blog\/wp-content\/uploads\/2023\/08\/Mondiaux-dathletisme-Winfred-Yavi-sacree-sur-3000-m-steeple-Finot-5e-avec-le-record-de-France.png","width":800,"height":445,"caption":"Mondiaux d'athl\u00e9tisme Winfred Yavi sacr\u00e9e sur 3000 m steeple, Finot 5e avec le record de France"},{"@type":"BreadcrumbList","@id":"https:\/\/dicodusport.fr\/blog\/mondiaux-dathletisme-2023-winfred-yavi-sacree-sur-3000-m-steeple-finot-5e-avec-le-record-de-france\/#breadcrumb","itemListElement":[{"@type":"ListItem","position":1,"name":"Accueil","item":"https:\/\/dicodusport.fr\/blog\/"},{"@type":"ListItem","position":2,"name":"Mondiaux d&rsquo;athl\u00e9tisme 2023 : Winfred Yavi sacr\u00e9e sur 3000 m steeple, Finot 5e avec le record de France"}]},{"@type":"WebSite","@id":"https:\/\/dicodusport.fr\/blog\/#website","url":"https:\/\/dicodusport.fr\/blog\/","name":"Dicodusport","description":"L&#039;encyclop\u00e9die de l&#039;actualit\u00e9 sportive","publisher":{"@id":"https:\/\/dicodusport.fr\/blog\/#organization"},"potentialAction":[{"@type":"SearchAction","target":{"@type":"EntryPoint","urlTemplate":"https:\/\/dicodusport.fr\/blog\/?s={search_term_string}"},"query-input":{"@type":"PropertyValueSpecification","valueRequired":true,"valueName":"search_term_string"}}],"inLanguage":"fr-FR"},{"@type":"NewsMediaOrganization","@id":"https:\/\/dicodusport.fr\/blog\/#organization","name":"Dicodusport","url":"https:\/\/dicodusport.fr\/blog\/","logo":{"@type":"ImageObject","inLanguage":"fr-FR","@id":"https:\/\/dicodusport.fr\/blog\/#\/schema\/logo\/image\/","url":"https:\/\/dicodusport.fr\/blog\/wp-content\/uploads\/2020\/06\/cropped-LOGO-DICODUSPORT-2020-SANS-FOND-SANS-TEXTE.png","contentUrl":"https:\/\/dicodusport.fr\/blog\/wp-content\/uploads\/2020\/06\/cropped-LOGO-DICODUSPORT-2020-SANS-FOND-SANS-TEXTE.png","width":512,"height":512,"caption":"Dicodusport"},"image":{"@id":"https:\/\/dicodusport.fr\/blog\/#\/schema\/logo\/image\/"},"sameAs":["https:\/\/www.facebook.com\/dicodusport","https:\/\/x.com\/dicodusport","https:\/\/www.instagram.com\/dicodusport\/","https:\/\/www.youtube.com\/channel\/UC7V2KZ5sd3htJivAbA4ZG3w"],"description":"Dicodusport est l'encyclop\u00e9die de l'actualit\u00e9 sportive.","email":"bonjour@dicodusport.fr","legalName":"DICODUSPORT","foundingDate":"2018-01-14","vatID":"FR71834470973","taxID":"83447097300043","numberOfEmployees":{"@type":"QuantitativeValue","minValue":"1","maxValue":"10"}},{"@type":"Person","@id":"https:\/\/dicodusport.fr\/blog\/#\/schema\/person\/d603dd7da31fb2b46c82b9835a77ec13","name":"Etienne Goursaud","image":{"@type":"ImageObject","inLanguage":"fr-FR","@id":"https:\/\/dicodusport.fr\/blog\/#\/schema\/person\/image\/","url":"https:\/\/dicodusport.fr\/blog\/wp-content\/uploads\/2023\/12\/410122264_10231602061736049_5565839791558026645_n-150x150.jpg","contentUrl":"https:\/\/dicodusport.fr\/blog\/wp-content\/uploads\/2023\/12\/410122264_10231602061736049_5565839791558026645_n-150x150.jpg","caption":"Etienne Goursaud"},"description":"Journaliste et amoureux de sport. Ancien footballeur reconverti athl\u00e8te quand ses muscles le laissent tranquille. \u00c9lev\u00e9 \u00e0 la sauce des exploits de Thomas Voeckler en 2004, du dernier essai de l\u00e9gende de Eunice Barber \u00e0 la longueur lors des championnats du monde d'athl\u00e9tisme de 2003 mais aussi Zidane, Omeyer et Titou Lamaison.","url":"https:\/\/dicodusport.fr\/blog\/author\/etienne-goursaud\/"}]}},"_links":{"self":[{"href":"https:\/\/dicodusport.fr\/blog\/wp-json\/wp\/v2\/posts\/413072","targetHints":{"allow":["GET"]}}],"collection":[{"href":"https:\/\/dicodusport.fr\/blog\/wp-json\/wp\/v2\/posts"}],"about":[{"href":"https:\/\/dicodusport.fr\/blog\/wp-json\/wp\/v2\/types\/post"}],"author":[{"embeddable":true,"href":"https:\/\/dicodusport.fr\/blog\/wp-json\/wp\/v2\/users\/83"}],"replies":[{"embeddable":true,"href":"https:\/\/dicodusport.fr\/blog\/wp-json\/wp\/v2\/comments?post=413072"}],"version-history":[{"count":0,"href":"https:\/\/dicodusport.fr\/blog\/wp-json\/wp\/v2\/posts\/413072\/revisions"}],"wp:featuredmedia":[{"embeddable":true,"href":"https:\/\/dicodusport.fr\/blog\/wp-json\/wp\/v2\/media\/413225"}],"wp:attachment":[{"href":"https:\/\/dicodusport.fr\/blog\/wp-json\/wp\/v2\/media?parent=413072"}],"wp:term":[{"taxonomy":"category","embeddable":true,"href":"https:\/\/dicodusport.fr\/blog\/wp-json\/wp\/v2\/categories?post=413072"},{"taxonomy":"post_tag","embeddable":true,"href":"https:\/\/dicodusport.fr\/blog\/wp-json\/wp\/v2\/tags?post=413072"}],"curies":[{"name":"wp","href":"https:\/\/api.w.org\/{rel}","templated":true}]}}