{"id":413553,"date":"2023-09-02T20:21:54","date_gmt":"2023-09-02T18:21:54","guid":{"rendered":"https:\/\/dicodusport.fr\/blog\/?p=413553&#038;preview=true&#038;preview_id=413553"},"modified":"2024-03-08T09:34:16","modified_gmt":"2024-03-08T08:34:16","slug":"ufc-paris-2-la-liste-des-combats","status":"publish","type":"post","link":"https:\/\/dicodusport.fr\/blog\/ufc-paris-2-la-liste-des-combats\/","title":{"rendered":"UFC Paris 2 : La liste des combats"},"content":{"rendered":"<p style=\"text-align: justify;\" align=\"justify\"><em><strong>UFC PARIS 2 &#8211; Voici la carte principale et la carte pr\u00e9liminaire de l&rsquo;UFC Paris 2 qui se d\u00e9roule ce samedi 2 septembre.\u00a0<\/strong><\/em><\/p>\n<p style=\"text-align: justify;\" align=\"justify\">L&rsquo;<strong>UFC<\/strong> est de retour dans la capitale fran\u00e7aise, un an apr\u00e8s son premier arr\u00eat. <strong>Ciryl<\/strong> <strong>Gane<\/strong> sera une nouvelle fois \u00e0 l&rsquo;affiche du main event. Le combattant fran\u00e7ais va faire son retour dans la cage, <a href=\"https:\/\/dicodusport.fr\/blog\/ufc-285-jon-jones-trop-fort-pour-ciryl-gane\/\">quelques mois apr\u00e8s avoir \u00e9t\u00e9 \u00e9cras\u00e9 par <strong>Jon<\/strong> <strong>Jones<\/strong><\/a>. Ce dernier l&rsquo;avait \u00e9trangl\u00e9 avec une facilit\u00e9 d\u00e9concertante pour le titre des poids lourds, laiss\u00e9 vacant par <strong>Francis<\/strong> <strong>Ngannou<\/strong>.<\/p>\n<p style=\"text-align: justify;\" align=\"justify\"><strong>Ciryl<\/strong> <strong>Gane<\/strong> sera oppos\u00e9 \u00e0 un des tous meilleurs de la cat\u00e9gorie, le Moldave\u00a0<strong>Sergei<\/strong> <strong>Spivac<\/strong>. Avant de voir <em>Bon Gamin<\/em> en piste, le public pourra supporter de nombreux Fran\u00e7ais, \u00e0 commencer par <strong>Manon Fiorot<\/strong>. La Tricolore, dix victoires pour une d\u00e9faite en carri\u00e8re, sera oppos\u00e9e \u00e0 <strong>Rose<\/strong> <strong>Namajunas<\/strong> pour un combat qui fera office de co-main event samedi soir.<\/p>\n<ul>\n<li style=\"text-align: justify;\"><strong>\u00c0 lire aussi<\/strong> : <strong><a href=\"https:\/\/dicodusport.fr\/blog\/gane-vs-spivak-a-quelle-et-sur-quelle-chaine-suivre-lufc-paris-2\/\" target=\"_blank\" rel=\"noopener\">\u00c0 quelle et sur quelle cha\u00eene suivre l&rsquo;UFC Paris 2<\/a><\/strong><\/li>\n<\/ul>\n<h2 style=\"text-align: justify;\" align=\"justify\">Trois Fran\u00e7ais font leurs d\u00e9buts \u00e0 l&rsquo;UFC<\/h2>\n<p style=\"text-align: justify;\" align=\"justify\">Apr\u00e8s avoir re\u00e7u des louanges de <strong>Dana<\/strong> <strong>White<\/strong>, <strong>Beno\u00eet Saint-Denis<\/strong> a une nouvelle occasion de se rapprocher du combat pour la ceinture. Le Fran\u00e7ais, onze victoires pour une d\u00e9faite, reste sur <a href=\"https:\/\/dicodusport.fr\/blog\/ufc-vegas-76-benoit-saint-denis-soumet-ismael-bonfim-au-1er-round\/\">un succ\u00e8s probant face \u00e0 <strong>Ismael Bonfim<\/strong> au d\u00e9but du mois de juillet<\/a>. Il sera oppos\u00e9 \u00e0 un autre Br\u00e9silien samedi soir, <strong>Thiago<\/strong> <strong>Moises<\/strong>, dans la cat\u00e9gorie des poids l\u00e9gers.<\/p>\n<p style=\"text-align: justify;\" align=\"justify\"><a href=\"https:\/\/dicodusport.fr\/blog\/cage-warriors-157-morgan-charriere-lemporte-par-tko-face-a-diego-silva\/\"><strong>Morgan<\/strong> <strong>Charri\u00e8re<\/strong><\/a>, qui reste sur plusieurs gros combats dans <strong>Cage<\/strong> <strong>Warriors<\/strong>, sera lui oppos\u00e9 \u00e0 <strong>Manolo<\/strong> <strong>Zecchini<\/strong>, alors que <strong>Nora<\/strong> <strong>Cornolle<\/strong> va d\u00e9fier <strong>Joselyne<\/strong> <strong>Edwards<\/strong>. <strong>William Gomis<\/strong> qui devait affronter <strong>Lucas Almeida<\/strong>, affrontera finalement <strong>Yanis Ghemmouri<\/strong> apr\u00e8s le forfait du Br\u00e9silien. <strong>Caolan<\/strong> <strong>Loughran<\/strong>, adversaire de<strong> Ghemouri <\/strong>\u00e0 la base, d\u00e9fiera au final <strong>Taylor Lapilus<\/strong>.<\/p>\n<ul>\n<li style=\"text-align: justify;\"><strong>\u00c0 lire aussi :<\/strong> <a href=\"http:\/\/\u00c0 lire aussi : UFC Paris 2 : La liste des combats\"><strong>UFC Paris 2 : Tous les r\u00e9sultats<\/strong><\/a><\/li>\n<\/ul>\n<h2 style=\"text-align: justify;\" align=\"justify\">Carte principale (21h00) :<\/h2>\n<p style=\"text-align: justify;\">Ciryl Gane vs Sergey Spivak<br \/>\nManon Fiorot vs Rose Namajunas<br \/>\nBeno\u00eet Saint-Denis vs Thiago Moises<br \/>\nVolkan Oezdemir vs Bogdan Guskov<br \/>\nYanis Ghemmouri vs William Gomis<br \/>\nMorgan Charri\u00e8re vs Manolo Zecchini<\/p>\n<h2 style=\"text-align: justify;\" align=\"justify\">Carte pr\u00e9liminaire (18h00) :<\/h2>\n<p class=\"dm_article-paragraph-title\" style=\"text-align: justify;\">Taylor Lapilus &#8211; Caolan Loughran<br \/>\nZarah Fairn Dos Santos vs Jacqueline Cavalcanti<br \/>\nNora Cornolle vs Joselyne Edwards<br \/>\nAnge Loosa vs Rhys Mckee<br \/>\nFarid Basharat vs Kleydson Rodrigues<\/p>\n","protected":false},"excerpt":{"rendered":"<p>UFC PARIS 2 &#8211; Voici la carte principale et la carte pr\u00e9liminaire de l&rsquo;UFC Paris 2 qui se d\u00e9roule ce samedi 2 septembre.\u00a0<\/p>\n","protected":false},"author":1,"featured_media":413554,"comment_status":"open","ping_status":"closed","sticky":false,"template":"","format":"standard","meta":{"_acf_changed":false,"_daextam_enable_autolinks":"","footnotes":""},"categories":[10666],"tags":[16878,14125,26177,32830],"class_list":["post-413553","post","type-post","status-publish","format-standard","has-post-thumbnail","hentry","category-mma","tag-breve","tag-ciryl-gane","tag-ufc-paris","tag-ufc-paris-2"],"acf":[],"yoast_head":"<!-- This site is optimized with the Yoast SEO Premium plugin v26.7 (Yoast SEO v26.7) - https:\/\/yoast.com\/wordpress\/plugins\/seo\/ -->\n<title>UFC Paris 2 : La liste des combats<\/title>\n<meta name=\"description\" content=\"UFC PARIS 2 - Voici la carte principale et la carte pr\u00e9liminaire de l&#039;UFC Paris 2 qui se d\u00e9roule ce samedi 2 septembre.\" \/>\n<meta name=\"robots\" content=\"index, follow, max-snippet:-1, max-image-preview:large, max-video-preview:-1\" \/>\n<link rel=\"canonical\" href=\"https:\/\/dicodusport.fr\/blog\/ufc-paris-2-la-liste-des-combats\/\" \/>\n<meta property=\"og:locale\" content=\"fr_FR\" \/>\n<meta property=\"og:type\" content=\"article\" \/>\n<meta property=\"og:title\" content=\"UFC Paris 2 : La liste des combats\" \/>\n<meta property=\"og:description\" content=\"UFC PARIS 2 - Voici la carte principale et la carte pr\u00e9liminaire de l&#039;UFC Paris 2 qui se d\u00e9roule ce samedi 2 septembre.\" \/>\n<meta property=\"og:url\" content=\"https:\/\/dicodusport.fr\/blog\/ufc-paris-2-la-liste-des-combats\/\" \/>\n<meta property=\"og:site_name\" content=\"Dicodusport\" \/>\n<meta property=\"article:publisher\" content=\"https:\/\/www.facebook.com\/dicodusport\" \/>\n<meta property=\"article:author\" content=\"https:\/\/www.facebook.com\/dicodusport\" \/>\n<meta property=\"article:published_time\" content=\"2023-09-02T18:21:54+00:00\" \/>\n<meta property=\"article:modified_time\" content=\"2024-03-08T08:34:16+00:00\" \/>\n<meta property=\"og:image\" content=\"https:\/\/dicodusport.fr\/blog\/wp-content\/uploads\/2023\/08\/UFC-Paris-2-La-liste-des-combats.png\" \/>\n\t<meta property=\"og:image:width\" content=\"800\" \/>\n\t<meta property=\"og:image:height\" content=\"445\" \/>\n\t<meta property=\"og:image:type\" content=\"image\/png\" \/>\n<meta name=\"author\" content=\"Nicolas Jacquemard\" \/>\n<meta name=\"twitter:card\" content=\"summary_large_image\" \/>\n<meta name=\"twitter:title\" content=\"UFC Paris 2 : La liste des combats\" \/>\n<meta name=\"twitter:creator\" content=\"@https:\/\/twitter.com\/Nico_Jacquemard\" \/>\n<meta name=\"twitter:site\" content=\"@dicodusport\" \/>\n<script type=\"application\/ld+json\" class=\"yoast-schema-graph\">{\"@context\":\"https:\/\/schema.org\",\"@graph\":[{\"@type\":\"NewsArticle\",\"@id\":\"https:\/\/dicodusport.fr\/blog\/ufc-paris-2-la-liste-des-combats\/#article\",\"isPartOf\":{\"@id\":\"https:\/\/dicodusport.fr\/blog\/ufc-paris-2-la-liste-des-combats\/\"},\"author\":{\"name\":\"Nicolas Jacquemard\",\"@id\":\"https:\/\/dicodusport.fr\/blog\/#\/schema\/person\/55dcb50ad410894e431ed812bbb70191\"},\"headline\":\"UFC Paris 2 : La liste des combats\",\"datePublished\":\"2023-09-02T18:21:54+00:00\",\"dateModified\":\"2024-03-08T08:34:16+00:00\",\"mainEntityOfPage\":{\"@id\":\"https:\/\/dicodusport.fr\/blog\/ufc-paris-2-la-liste-des-combats\/\"},\"wordCount\":383,\"commentCount\":0,\"publisher\":{\"@id\":\"https:\/\/dicodusport.fr\/blog\/#organization\"},\"image\":{\"@id\":\"https:\/\/dicodusport.fr\/blog\/ufc-paris-2-la-liste-des-combats\/#primaryimage\"},\"thumbnailUrl\":\"https:\/\/dicodusport.fr\/blog\/wp-content\/uploads\/2023\/08\/UFC-Paris-2-La-liste-des-combats.png\",\"keywords\":[\"br\u00e8ve\",\"Ciryl Gane\",\"UFC Paris\",\"UFC Paris 2\"],\"articleSection\":[\"MMA\"],\"inLanguage\":\"fr-FR\",\"potentialAction\":[{\"@type\":\"CommentAction\",\"name\":\"Comment\",\"target\":[\"https:\/\/dicodusport.fr\/blog\/ufc-paris-2-la-liste-des-combats\/#respond\"]}],\"copyrightYear\":\"2023\",\"copyrightHolder\":{\"@id\":\"https:\/\/dicodusport.fr\/blog\/#organization\"}},{\"@type\":\"WebPage\",\"@id\":\"https:\/\/dicodusport.fr\/blog\/ufc-paris-2-la-liste-des-combats\/\",\"url\":\"https:\/\/dicodusport.fr\/blog\/ufc-paris-2-la-liste-des-combats\/\",\"name\":\"UFC Paris 2 : La liste des combats\",\"isPartOf\":{\"@id\":\"https:\/\/dicodusport.fr\/blog\/#website\"},\"primaryImageOfPage\":{\"@id\":\"https:\/\/dicodusport.fr\/blog\/ufc-paris-2-la-liste-des-combats\/#primaryimage\"},\"image\":{\"@id\":\"https:\/\/dicodusport.fr\/blog\/ufc-paris-2-la-liste-des-combats\/#primaryimage\"},\"thumbnailUrl\":\"https:\/\/dicodusport.fr\/blog\/wp-content\/uploads\/2023\/08\/UFC-Paris-2-La-liste-des-combats.png\",\"datePublished\":\"2023-09-02T18:21:54+00:00\",\"dateModified\":\"2024-03-08T08:34:16+00:00\",\"description\":\"UFC PARIS 2 - Voici la carte principale et la carte pr\u00e9liminaire de l'UFC Paris 2 qui se d\u00e9roule ce samedi 2 septembre.\",\"breadcrumb\":{\"@id\":\"https:\/\/dicodusport.fr\/blog\/ufc-paris-2-la-liste-des-combats\/#breadcrumb\"},\"inLanguage\":\"fr-FR\",\"potentialAction\":[{\"@type\":\"ReadAction\",\"target\":[\"https:\/\/dicodusport.fr\/blog\/ufc-paris-2-la-liste-des-combats\/\"]}]},{\"@type\":\"ImageObject\",\"inLanguage\":\"fr-FR\",\"@id\":\"https:\/\/dicodusport.fr\/blog\/ufc-paris-2-la-liste-des-combats\/#primaryimage\",\"url\":\"https:\/\/dicodusport.fr\/blog\/wp-content\/uploads\/2023\/08\/UFC-Paris-2-La-liste-des-combats.png\",\"contentUrl\":\"https:\/\/dicodusport.fr\/blog\/wp-content\/uploads\/2023\/08\/UFC-Paris-2-La-liste-des-combats.png\",\"width\":800,\"height\":445},{\"@type\":\"BreadcrumbList\",\"@id\":\"https:\/\/dicodusport.fr\/blog\/ufc-paris-2-la-liste-des-combats\/#breadcrumb\",\"itemListElement\":[{\"@type\":\"ListItem\",\"position\":1,\"name\":\"Accueil\",\"item\":\"https:\/\/dicodusport.fr\/blog\/\"},{\"@type\":\"ListItem\",\"position\":2,\"name\":\"UFC Paris 2 : La liste des combats\"}]},{\"@type\":\"WebSite\",\"@id\":\"https:\/\/dicodusport.fr\/blog\/#website\",\"url\":\"https:\/\/dicodusport.fr\/blog\/\",\"name\":\"Dicodusport\",\"description\":\"L&#039;encyclop\u00e9die de l&#039;actualit\u00e9 sportive\",\"publisher\":{\"@id\":\"https:\/\/dicodusport.fr\/blog\/#organization\"},\"potentialAction\":[{\"@type\":\"SearchAction\",\"target\":{\"@type\":\"EntryPoint\",\"urlTemplate\":\"https:\/\/dicodusport.fr\/blog\/?s={search_term_string}\"},\"query-input\":{\"@type\":\"PropertyValueSpecification\",\"valueRequired\":true,\"valueName\":\"search_term_string\"}}],\"inLanguage\":\"fr-FR\"},{\"@type\":\"NewsMediaOrganization\",\"@id\":\"https:\/\/dicodusport.fr\/blog\/#organization\",\"name\":\"Dicodusport\",\"url\":\"https:\/\/dicodusport.fr\/blog\/\",\"logo\":{\"@type\":\"ImageObject\",\"inLanguage\":\"fr-FR\",\"@id\":\"https:\/\/dicodusport.fr\/blog\/#\/schema\/logo\/image\/\",\"url\":\"https:\/\/dicodusport.fr\/blog\/wp-content\/uploads\/2020\/06\/cropped-LOGO-DICODUSPORT-2020-SANS-FOND-SANS-TEXTE.png\",\"contentUrl\":\"https:\/\/dicodusport.fr\/blog\/wp-content\/uploads\/2020\/06\/cropped-LOGO-DICODUSPORT-2020-SANS-FOND-SANS-TEXTE.png\",\"width\":512,\"height\":512,\"caption\":\"Dicodusport\"},\"image\":{\"@id\":\"https:\/\/dicodusport.fr\/blog\/#\/schema\/logo\/image\/\"},\"sameAs\":[\"https:\/\/www.facebook.com\/dicodusport\",\"https:\/\/x.com\/dicodusport\",\"https:\/\/www.instagram.com\/dicodusport\/\",\"https:\/\/www.youtube.com\/channel\/UC7V2KZ5sd3htJivAbA4ZG3w\"],\"description\":\"Dicodusport est l'encyclop\u00e9die de l'actualit\u00e9 sportive.\",\"email\":\"bonjour@dicodusport.fr\",\"legalName\":\"DICODUSPORT\",\"foundingDate\":\"2018-01-14\",\"vatID\":\"FR71834470973\",\"taxID\":\"83447097300043\",\"numberOfEmployees\":{\"@type\":\"QuantitativeValue\",\"minValue\":\"1\",\"maxValue\":\"10\"}},{\"@type\":\"Person\",\"@id\":\"https:\/\/dicodusport.fr\/blog\/#\/schema\/person\/55dcb50ad410894e431ed812bbb70191\",\"name\":\"Nicolas Jacquemard\",\"image\":{\"@type\":\"ImageObject\",\"inLanguage\":\"fr-FR\",\"@id\":\"https:\/\/dicodusport.fr\/blog\/#\/schema\/person\/image\/\",\"url\":\"https:\/\/dicodusport.fr\/blog\/wp-content\/uploads\/2021\/05\/Nicolas-Jacquemard-150x150.jpeg\",\"contentUrl\":\"https:\/\/dicodusport.fr\/blog\/wp-content\/uploads\/2021\/05\/Nicolas-Jacquemard-150x150.jpeg\",\"caption\":\"Nicolas Jacquemard\"},\"description\":\"Passionn\u00e9 de sport et entrepreneur depuis mes 18 ans, la cr\u00e9ation de Dicodusport m'a sembl\u00e9 \u00e9vidente pour participer \u00e0 la m\u00e9diatisation d'un plus grand nombre de sports. Le chemin est long mais avec une \u00e9quipe des plus motiv\u00e9es et les Jeux Olympiques de Paris 2024 en point de mire, nous y arriverons ! Journaliste dans le monde du sport depuis plus de 5 ans, je traite aussi bien de football, de rugby, de biathlon que de cyclisme.\",\"sameAs\":[\"https:\/\/www.facebook.com\/dicodusport\",\"https:\/\/x.com\/https:\/\/twitter.com\/Nico_Jacquemard\"],\"url\":\"https:\/\/dicodusport.fr\/blog\/author\/dicodusport\/\"}]}<\/script>\n<!-- \/ Yoast SEO Premium plugin. -->","yoast_head_json":{"title":"UFC Paris 2 : La liste des combats","description":"UFC PARIS 2 - Voici la carte principale et la carte pr\u00e9liminaire de l'UFC Paris 2 qui se d\u00e9roule ce samedi 2 septembre.","robots":{"index":"index","follow":"follow","max-snippet":"max-snippet:-1","max-image-preview":"max-image-preview:large","max-video-preview":"max-video-preview:-1"},"canonical":"https:\/\/dicodusport.fr\/blog\/ufc-paris-2-la-liste-des-combats\/","og_locale":"fr_FR","og_type":"article","og_title":"UFC Paris 2 : La liste des combats","og_description":"UFC PARIS 2 - Voici la carte principale et la carte pr\u00e9liminaire de l'UFC Paris 2 qui se d\u00e9roule ce samedi 2 septembre.","og_url":"https:\/\/dicodusport.fr\/blog\/ufc-paris-2-la-liste-des-combats\/","og_site_name":"Dicodusport","article_publisher":"https:\/\/www.facebook.com\/dicodusport","article_author":"https:\/\/www.facebook.com\/dicodusport","article_published_time":"2023-09-02T18:21:54+00:00","article_modified_time":"2024-03-08T08:34:16+00:00","og_image":[{"width":800,"height":445,"url":"https:\/\/dicodusport.fr\/blog\/wp-content\/uploads\/2023\/08\/UFC-Paris-2-La-liste-des-combats.png","type":"image\/png"}],"author":"Nicolas Jacquemard","twitter_card":"summary_large_image","twitter_title":"UFC Paris 2 : La liste des combats","twitter_creator":"@https:\/\/twitter.com\/Nico_Jacquemard","twitter_site":"@dicodusport","schema":{"@context":"https:\/\/schema.org","@graph":[{"@type":"NewsArticle","@id":"https:\/\/dicodusport.fr\/blog\/ufc-paris-2-la-liste-des-combats\/#article","isPartOf":{"@id":"https:\/\/dicodusport.fr\/blog\/ufc-paris-2-la-liste-des-combats\/"},"author":{"name":"Nicolas Jacquemard","@id":"https:\/\/dicodusport.fr\/blog\/#\/schema\/person\/55dcb50ad410894e431ed812bbb70191"},"headline":"UFC Paris 2 : La liste des combats","datePublished":"2023-09-02T18:21:54+00:00","dateModified":"2024-03-08T08:34:16+00:00","mainEntityOfPage":{"@id":"https:\/\/dicodusport.fr\/blog\/ufc-paris-2-la-liste-des-combats\/"},"wordCount":383,"commentCount":0,"publisher":{"@id":"https:\/\/dicodusport.fr\/blog\/#organization"},"image":{"@id":"https:\/\/dicodusport.fr\/blog\/ufc-paris-2-la-liste-des-combats\/#primaryimage"},"thumbnailUrl":"https:\/\/dicodusport.fr\/blog\/wp-content\/uploads\/2023\/08\/UFC-Paris-2-La-liste-des-combats.png","keywords":["br\u00e8ve","Ciryl Gane","UFC Paris","UFC Paris 2"],"articleSection":["MMA"],"inLanguage":"fr-FR","potentialAction":[{"@type":"CommentAction","name":"Comment","target":["https:\/\/dicodusport.fr\/blog\/ufc-paris-2-la-liste-des-combats\/#respond"]}],"copyrightYear":"2023","copyrightHolder":{"@id":"https:\/\/dicodusport.fr\/blog\/#organization"}},{"@type":"WebPage","@id":"https:\/\/dicodusport.fr\/blog\/ufc-paris-2-la-liste-des-combats\/","url":"https:\/\/dicodusport.fr\/blog\/ufc-paris-2-la-liste-des-combats\/","name":"UFC Paris 2 : La liste des combats","isPartOf":{"@id":"https:\/\/dicodusport.fr\/blog\/#website"},"primaryImageOfPage":{"@id":"https:\/\/dicodusport.fr\/blog\/ufc-paris-2-la-liste-des-combats\/#primaryimage"},"image":{"@id":"https:\/\/dicodusport.fr\/blog\/ufc-paris-2-la-liste-des-combats\/#primaryimage"},"thumbnailUrl":"https:\/\/dicodusport.fr\/blog\/wp-content\/uploads\/2023\/08\/UFC-Paris-2-La-liste-des-combats.png","datePublished":"2023-09-02T18:21:54+00:00","dateModified":"2024-03-08T08:34:16+00:00","description":"UFC PARIS 2 - Voici la carte principale et la carte pr\u00e9liminaire de l'UFC Paris 2 qui se d\u00e9roule ce samedi 2 septembre.","breadcrumb":{"@id":"https:\/\/dicodusport.fr\/blog\/ufc-paris-2-la-liste-des-combats\/#breadcrumb"},"inLanguage":"fr-FR","potentialAction":[{"@type":"ReadAction","target":["https:\/\/dicodusport.fr\/blog\/ufc-paris-2-la-liste-des-combats\/"]}]},{"@type":"ImageObject","inLanguage":"fr-FR","@id":"https:\/\/dicodusport.fr\/blog\/ufc-paris-2-la-liste-des-combats\/#primaryimage","url":"https:\/\/dicodusport.fr\/blog\/wp-content\/uploads\/2023\/08\/UFC-Paris-2-La-liste-des-combats.png","contentUrl":"https:\/\/dicodusport.fr\/blog\/wp-content\/uploads\/2023\/08\/UFC-Paris-2-La-liste-des-combats.png","width":800,"height":445},{"@type":"BreadcrumbList","@id":"https:\/\/dicodusport.fr\/blog\/ufc-paris-2-la-liste-des-combats\/#breadcrumb","itemListElement":[{"@type":"ListItem","position":1,"name":"Accueil","item":"https:\/\/dicodusport.fr\/blog\/"},{"@type":"ListItem","position":2,"name":"UFC Paris 2 : La liste des combats"}]},{"@type":"WebSite","@id":"https:\/\/dicodusport.fr\/blog\/#website","url":"https:\/\/dicodusport.fr\/blog\/","name":"Dicodusport","description":"L&#039;encyclop\u00e9die de l&#039;actualit\u00e9 sportive","publisher":{"@id":"https:\/\/dicodusport.fr\/blog\/#organization"},"potentialAction":[{"@type":"SearchAction","target":{"@type":"EntryPoint","urlTemplate":"https:\/\/dicodusport.fr\/blog\/?s={search_term_string}"},"query-input":{"@type":"PropertyValueSpecification","valueRequired":true,"valueName":"search_term_string"}}],"inLanguage":"fr-FR"},{"@type":"NewsMediaOrganization","@id":"https:\/\/dicodusport.fr\/blog\/#organization","name":"Dicodusport","url":"https:\/\/dicodusport.fr\/blog\/","logo":{"@type":"ImageObject","inLanguage":"fr-FR","@id":"https:\/\/dicodusport.fr\/blog\/#\/schema\/logo\/image\/","url":"https:\/\/dicodusport.fr\/blog\/wp-content\/uploads\/2020\/06\/cropped-LOGO-DICODUSPORT-2020-SANS-FOND-SANS-TEXTE.png","contentUrl":"https:\/\/dicodusport.fr\/blog\/wp-content\/uploads\/2020\/06\/cropped-LOGO-DICODUSPORT-2020-SANS-FOND-SANS-TEXTE.png","width":512,"height":512,"caption":"Dicodusport"},"image":{"@id":"https:\/\/dicodusport.fr\/blog\/#\/schema\/logo\/image\/"},"sameAs":["https:\/\/www.facebook.com\/dicodusport","https:\/\/x.com\/dicodusport","https:\/\/www.instagram.com\/dicodusport\/","https:\/\/www.youtube.com\/channel\/UC7V2KZ5sd3htJivAbA4ZG3w"],"description":"Dicodusport est l'encyclop\u00e9die de l'actualit\u00e9 sportive.","email":"bonjour@dicodusport.fr","legalName":"DICODUSPORT","foundingDate":"2018-01-14","vatID":"FR71834470973","taxID":"83447097300043","numberOfEmployees":{"@type":"QuantitativeValue","minValue":"1","maxValue":"10"}},{"@type":"Person","@id":"https:\/\/dicodusport.fr\/blog\/#\/schema\/person\/55dcb50ad410894e431ed812bbb70191","name":"Nicolas Jacquemard","image":{"@type":"ImageObject","inLanguage":"fr-FR","@id":"https:\/\/dicodusport.fr\/blog\/#\/schema\/person\/image\/","url":"https:\/\/dicodusport.fr\/blog\/wp-content\/uploads\/2021\/05\/Nicolas-Jacquemard-150x150.jpeg","contentUrl":"https:\/\/dicodusport.fr\/blog\/wp-content\/uploads\/2021\/05\/Nicolas-Jacquemard-150x150.jpeg","caption":"Nicolas Jacquemard"},"description":"Passionn\u00e9 de sport et entrepreneur depuis mes 18 ans, la cr\u00e9ation de Dicodusport m'a sembl\u00e9 \u00e9vidente pour participer \u00e0 la m\u00e9diatisation d'un plus grand nombre de sports. Le chemin est long mais avec une \u00e9quipe des plus motiv\u00e9es et les Jeux Olympiques de Paris 2024 en point de mire, nous y arriverons ! Journaliste dans le monde du sport depuis plus de 5 ans, je traite aussi bien de football, de rugby, de biathlon que de cyclisme.","sameAs":["https:\/\/www.facebook.com\/dicodusport","https:\/\/x.com\/https:\/\/twitter.com\/Nico_Jacquemard"],"url":"https:\/\/dicodusport.fr\/blog\/author\/dicodusport\/"}]}},"_links":{"self":[{"href":"https:\/\/dicodusport.fr\/blog\/wp-json\/wp\/v2\/posts\/413553","targetHints":{"allow":["GET"]}}],"collection":[{"href":"https:\/\/dicodusport.fr\/blog\/wp-json\/wp\/v2\/posts"}],"about":[{"href":"https:\/\/dicodusport.fr\/blog\/wp-json\/wp\/v2\/types\/post"}],"author":[{"embeddable":true,"href":"https:\/\/dicodusport.fr\/blog\/wp-json\/wp\/v2\/users\/1"}],"replies":[{"embeddable":true,"href":"https:\/\/dicodusport.fr\/blog\/wp-json\/wp\/v2\/comments?post=413553"}],"version-history":[{"count":1,"href":"https:\/\/dicodusport.fr\/blog\/wp-json\/wp\/v2\/posts\/413553\/revisions"}],"predecessor-version":[{"id":470178,"href":"https:\/\/dicodusport.fr\/blog\/wp-json\/wp\/v2\/posts\/413553\/revisions\/470178"}],"wp:featuredmedia":[{"embeddable":true,"href":"https:\/\/dicodusport.fr\/blog\/wp-json\/wp\/v2\/media\/413554"}],"wp:attachment":[{"href":"https:\/\/dicodusport.fr\/blog\/wp-json\/wp\/v2\/media?parent=413553"}],"wp:term":[{"taxonomy":"category","embeddable":true,"href":"https:\/\/dicodusport.fr\/blog\/wp-json\/wp\/v2\/categories?post=413553"},{"taxonomy":"post_tag","embeddable":true,"href":"https:\/\/dicodusport.fr\/blog\/wp-json\/wp\/v2\/tags?post=413553"}],"curies":[{"name":"wp","href":"https:\/\/api.w.org\/{rel}","templated":true}]}}