{"id":413680,"date":"2023-08-30T16:56:43","date_gmt":"2023-08-30T14:56:43","guid":{"rendered":"https:\/\/dicodusport.fr\/blog\/?p=413680&#038;preview=true&#038;preview_id=413680"},"modified":"2023-08-30T18:53:06","modified_gmt":"2023-08-30T16:53:06","slug":"teo-andant-vice-champion-du-monde-du-4x400-m-on-ne-veut-plus-lacher-le-podium","status":"publish","type":"post","link":"https:\/\/dicodusport.fr\/blog\/teo-andant-vice-champion-du-monde-du-4x400-m-on-ne-veut-plus-lacher-le-podium\/","title":{"rendered":"T\u00e9o Andant, vice-champion du monde du 4&#215;400 m : \u00ab\u00a0On ne veut plus l\u00e2cher le podium\u00a0\u00bb"},"content":{"rendered":"<p align=\"justify\"><em><strong>ATHL\u00c9TISME &#8211; Entretien avec T\u00e9o Andant qui, avec ses camarades du relais 4&#215;400 m, a apport\u00e9 la seule m\u00e9daille \u00e0 la France aux Mondiaux de Budapest. Un symbole pour un collectif en pleine progression et qui r\u00eave de grande m\u00e9daille aux JO de Paris, l&rsquo;an prochain. Le coureur mon\u00e9gasque se confie sur cette folle \u00e9pop\u00e9e, mais aussi sa progression individuelle en 2023, o\u00f9 il est pass\u00e9 de 45.99 \u00e0 45.18 sur 400 m. T\u00e9o Andant nous apprend \u00e9galement que, malgr\u00e9 son statut de double m\u00e9daill\u00e9 europ\u00e9en avant Budapest, il peinait \u00e0 vivre de son sport et qu&rsquo;il esp\u00e9rait que sa m\u00e9daille allait changer les choses pour lui.<\/strong><\/em><\/p>\n<h2 style=\"text-align: justify;\" align=\"justify\">T\u00e9o Andant : \u00ab\u00a0J&rsquo;aurais sign\u00e9 pour une telle saison\u00a0\u00bb<\/h2>\n<h3 style=\"text-align: justify;\" align=\"justify\">Par rapport \u00e0 la premi\u00e8re entrevue, pas mal de choses ont chang\u00e9. Deux m\u00e9dailles europ\u00e9ennes et une mondiale. Pas trop mal non ?<\/h3>\n<p style=\"text-align: justify;\"><strong>T\u00e9o Andant (vice-champion du monde du 4&#215;400 m)<\/strong> : On peut m\u00eame rajouter le titre de champion de France \u00c9lites (rires). Franchement, le bilan est plus que positif. Je ne pensais pas en arriver l\u00e0. En 2022 on me dit : <em>\u00ab L&rsquo;ann\u00e9e prochaine, tu auras une m\u00e9daille mondiale et champion de France \u00c9lites \u00bb<\/em>, j&rsquo;aurais sign\u00e9, mais sans rire, j&rsquo;y aurais difficilement cru. C&rsquo;est vraiment super cool.<\/p>\n<h3 style=\"text-align: justify;\">Par contre, cette m\u00e9daille au relais, tu y croyais depuis longtemps.<\/h3>\n<p style=\"text-align: justify;\">On sait qu&rsquo;on a des mecs forts et qui sont en devenir. Quand on voit un <strong>David Somb\u00e9 <\/strong>ou<strong> Ludovic Ouceni<\/strong>. On peut m\u00eame citer <strong>Fabrisio Sa\u00efdy<\/strong>, qui est actuellement bless\u00e9. Quand j&rsquo;ai vu la densit\u00e9 en France, c&rsquo;\u00e9tait s\u00fbr qu&rsquo;on pouvait jouer la m\u00e9daille et on aurait \u00e9t\u00e9 d\u00e9\u00e7us de ne pas l&rsquo;avoir. C&rsquo;\u00e9tait r\u00e9ellement un objectif. Et c&rsquo;est la premi\u00e8re grosse m\u00e9daille, je l&rsquo;esp\u00e8re, d&rsquo;une longue s\u00e9rie.<\/p>\n<blockquote class=\"twitter-tweet\">\n<p dir=\"ltr\" lang=\"fr\">\ud83c\udf7f Revivez le superbe 4&#215;400 m en argent des relayeurs fran\u00e7ais \u2b07\ufe0f<a href=\"https:\/\/t.co\/WBDDQJfpiI\">https:\/\/t.co\/WBDDQJfpiI<\/a><\/p>\n<p>\u2014 francetvsport (@francetvsport) <a href=\"https:\/\/twitter.com\/francetvsport\/status\/1695909971890757746?ref_src=twsrc%5Etfw\">August 27, 2023<\/a><\/p><\/blockquote>\n<p style=\"text-align: justify;\"><script async src=\"https:\/\/platform.twitter.com\/widgets.js\" charset=\"utf-8\"><\/script><\/p>\n<h3 style=\"text-align: justify;\">C&rsquo;est quoi le d\u00e9clic de ce relais ? La m\u00e9daille europ\u00e9enne \u00e0 Munich ?<\/h3>\n<p style=\"text-align: justify;\">J&rsquo;ai envie de dire que c&rsquo;est m\u00eame avant. Je n&rsquo;y \u00e9tais pas encore, mais ce relais est r\u00e9gulier aux championnats du monde. Cela fait depuis 2015 qu&rsquo;il est constamment en finale. J&rsquo;ai le souvenir d&rsquo;un discours de <strong>Mame-Ibra Anne<\/strong> sur le Space (NDLR, les spaces sur X anim\u00e9s par MR Carter). Il expliquait que la r\u00e9gularit\u00e9 finissait par payer. J&rsquo;en parlais avec <strong>Thomas Jordier<\/strong>. D\u00e8s Tokyo, il disait que le relais allait avoir un bel avenir et que les m\u00e9dailles allaient arriver. Le d\u00e9clic s&rsquo;est fait avant et on a confirm\u00e9 \u00e0 Munich. Depuis Munich, c&rsquo;est un sans-faute. On fait trois grands championnats et on ram\u00e8ne trois m\u00e9dailles.<\/p>\n<h2 style=\"text-align: justify;\">\u00ab\u00a0On se positionne comme une vraie chance de m\u00e9daille \u00e0 Paris\u00a0\u00bb<\/h2>\n<h3 style=\"text-align: justify;\">Qu&rsquo;est-ce que cette m\u00e9daille va changer pour toi et pour vous ?<\/h3>\n<p style=\"text-align: justify;\">Je pense que l&rsquo;on va \u00eatre davantage pris au s\u00e9rieux. Une m\u00e9daille mondiale, ce n&rsquo;est pas une m\u00e9daille europ\u00e9enne. C&rsquo;est vraiment autre chose. On bat un record de France mythique, cela faisait vingt ans qu&rsquo;il n&rsquo;avait pas \u00e9t\u00e9 approch\u00e9. Il y a eu des chronos en 2:59, notamment \u00e0 P\u00e9kin. Mais l\u00e0, on a fait 2:58.45. On se positionne comme une vraie chance de m\u00e9daille l&rsquo;ann\u00e9e prochaine \u00e0 Paris. On a des mecs qui sont l\u00e0 depuis un moment, avec un niveau confirm\u00e9, des jeunes en pleine progression. Il y a un bel avenir.<\/p>\n<h3 style=\"text-align: justify;\">Vous avez pu en discuter, apr\u00e8s la course ?<\/h3>\n<p style=\"text-align: justify;\">On s&rsquo;est vu et le mot qui ressortait, c&rsquo;est que c&rsquo;\u00e9tait une dinguerie (rires). M\u00eame si on s&rsquo;y attendait, le faire c&rsquo;est le plus dur. On a beau parler, mais si tu ne confirmes pas sur la piste, tu passes pour un clown. On n&rsquo;\u00e9tait pas l\u00e0 pour blaguer.<\/p>\n<h3 style=\"text-align: justify;\">En sachant qu&rsquo;il y a eu un petit coup de pression en s\u00e9ries, avec de nombreuses nations qui ont fait de gros chronos.<\/h3>\n<p style=\"text-align: justify;\">C&rsquo;est clair. Quand on entre sur la piste en s\u00e9ries et que je vois les chronos de la premi\u00e8re course, je vois cinq nations en 2:59. Je me dis qu&rsquo;il ne faudra pas qu&rsquo;on blague et qu&rsquo;il faut vraiment assurer la place dans les trois premiers, sinon on risque de ne pas passer au temps. Notre s\u00e9rie \u00e9tait plus faible et il n&rsquo;y avait pas les \u00c9tats-Unis. Ils servent de locomotive. Tu es derri\u00e8re eux et tu n&rsquo;as qu&rsquo;\u00e0 courir. Il ne fallait pas faire de blague. On a fait le taf en s\u00e9ries, en finissant 2e, ce qui est bien. L&rsquo;an pass\u00e9, \u00e0 Eugene, on fait finale, mais on \u00e9tait pass\u00e9 au temps pour un centi\u00e8me. Cela nous a donn\u00e9 de la confiance. Le chrono n&rsquo;est pas d\u00e9gueu en 3:00.05. Cela nous a bien servi.<\/p>\n<div class=\"vlp-link-container vlp-layout-article\"><a href=\"https:\/\/dicodusport.fr\/blog\/mondiaux-dathletisme-2023-la-france-vice-championne-du-monde-du-4x400m-masculin\/\" class=\"vlp-link\" title=\"Mondiaux d&#039;athl\u00e9tisme 2023 : La France vice-championne du monde du 4x400m masculin !\"><\/a><div class=\"vlp-layout-zone-side\"><div class=\"vlp-block-4 vlp-link-image\"><img loading=\"lazy\" decoding=\"async\" style=\"max-width: 800px;\" width=\"800\" height=\"445\" src=\"https:\/\/dicodusport.fr\/blog\/wp-content\/uploads\/2023\/08\/Mondiaux-dathletisme-2023-La-France-vice-championne-du-monde-du-4x400m-masculin-1-1.png\" class=\"attachment-800x445 size-800x445\" alt=\"Mondiaux d&#039;athl\u00e9tisme 2023 La France vice-championne du monde du 4x400m masculin !\" srcset=\"https:\/\/dicodusport.fr\/blog\/wp-content\/uploads\/2023\/08\/Mondiaux-dathletisme-2023-La-France-vice-championne-du-monde-du-4x400m-masculin-1-1.png 800w, https:\/\/dicodusport.fr\/blog\/wp-content\/uploads\/2023\/08\/Mondiaux-dathletisme-2023-La-France-vice-championne-du-monde-du-4x400m-masculin-1-1-300x167.png 300w, https:\/\/dicodusport.fr\/blog\/wp-content\/uploads\/2023\/08\/Mondiaux-dathletisme-2023-La-France-vice-championne-du-monde-du-4x400m-masculin-1-1-768x427.png 768w\" sizes=\"auto, (max-width: 800px) 100vw, 800px\" \/><\/div><\/div><div class=\"vlp-layout-zone-main\"><div class=\"vlp-block-0 vlp-link-title\">Mondiaux d'athl\u00e9tisme 2023 : La France vice-championne du monde du 4x400m masculin !<\/div><div class=\"vlp-block-1 vlp-link-summary\">CHAMPIONNATS DU MONDE D'ATHL\u00c9TISME 2023 - Course phare de la fin des championnats du monde, le 4x400m hommes a vu les \u00c9tats-Unis remporter la course. Ils gagnent devant la France et le Royaume-Uni. Les Fran\u00e7ais Ludvy Vaillant, Gilles Biron, David Somb\u00e9 et T\u00e9o Andant battent le record de France et apportent la seule m\u00e9daille de la d\u00e9l\u00e9gation tricolore.<\/div><div class=\"vlp-block-2 vlp-link-button\">Lire l'article<\/div><div class=\"vlp-block-3 vlp-link-url\">dicodusport.fr<\/div><\/div><\/div>\n<h2 style=\"text-align: justify;\">T\u00e9o Andant : \u00ab\u00a0La derni\u00e8re ligne droite \u00e9tait tr\u00e8s longue\u00a0\u00bb<\/h2>\n<h3 style=\"text-align: justify;\">De ton c\u00f4t\u00e9, tu prends le relais en 2e position et la France n&rsquo;a toujours pas de m\u00e9dailles. Tu as senti le poids d&rsquo;un pays sur tes \u00e9paules ?<\/h3>\n<p style=\"text-align: justify;\">C&rsquo;est bizarre ce que je vais dire, mais je n&rsquo;aimais pas cette position. C&rsquo;est super ce qu&rsquo;a fait David, mais j&rsquo;aurais presque pr\u00e9f\u00e9r\u00e9 qu&rsquo;il me le donne en 3e position et derri\u00e8re quelqu&rsquo;un (rires). L&rsquo;Am\u00e9ricain \u00e9tait trop loin, c&rsquo;est comme si je courais tout seul. J&rsquo;ai fait le li\u00e8vre et tout le monde me courait apr\u00e8s. Et je pr\u00e9f\u00e8re courir apr\u00e8s quelqu&rsquo;un en mode chasseur. J&rsquo;avoue que j&rsquo;y ai pens\u00e9. Je me suis dit qu&rsquo;il ne fallait pas que je me loupe et que j&rsquo;assure. Ce n&rsquo;\u00e9tait pas la chose \u00e0 faire, mais j&rsquo;ai pens\u00e9 aux mecs derri\u00e8re moi.<\/p>\n<p style=\"text-align: justify;\">Mais j&rsquo;\u00e9tais oblig\u00e9. Ceci dit, je me suis surpris, car j&rsquo;ai couru assez rel\u00e2ch\u00e9. Je suis m\u00eame surpris du chrono lanc\u00e9, car je pensais avoir couru plus lentement, je ne me sentais pas rapide. J&rsquo;en avais gard\u00e9 dans la derni\u00e8re ligne droite, pour ne pas me faire remonter. Ce qui est stressant, c&rsquo;est que tu n&rsquo;entends pas les mecs, tu ne sais pas o\u00f9 ils sont. Je me suis interdit de regarder l&rsquo;\u00e9cran, car je ne voulais pas les voir, pour que cela me crispe. Bon, quand j&rsquo;arrive \u00e0 dix m\u00e8tres de la ligne, je sais que c&rsquo;est bon. Mais la derni\u00e8re ligne droite \u00e9tait super longue.<\/p>\n<h3 style=\"text-align: justify;\">Tu as senti, au-del\u00e0 de tes co\u00e9quipiers, un soulagement dans le camp fran\u00e7ais ?<\/h3>\n<p style=\"text-align: justify;\">Je ne sais pas. Je pense que cela a fait plaisir \u00e0 tout le monde. On a vu des supporters fran\u00e7ais en pleurs dans les tribunes. On a vu passer \u00e9norm\u00e9ment de choses sur les r\u00e9seaux sociaux. Que ce soit les athl\u00e8tes ou les supporters. Tout le monde. Et cela fait vraiment du bien de procurer des \u00e9motions aux gens. Je l&rsquo;ai dit, c&rsquo;est la m\u00e9daille de toute l&rsquo;\u00e9quipe. Et cela me rend super fier de ramener cette m\u00e9daille. On a \u00e9t\u00e9 beaucoup critiqu\u00e9 pendant ces championnats et cela n&rsquo;a pas \u00e9t\u00e9 facile.<\/p>\n<h2 style=\"text-align: justify;\">\u00ab\u00a0Je suis s\u00fbr et certain qu&rsquo;on aura des m\u00e9dailles \u00e0 Paris\u00a0\u00bb<\/h2>\n<h3 style=\"text-align: justify;\">Ces critiques, tu les as lues ?<\/h3>\n<p style=\"text-align: justify;\">Je les ai lues. Mais cela ne m&rsquo;atteint pas trop. Limite, cela me fait rire. Comme dit David (Somb\u00e9), ils critiquent de leur canap\u00e9. Ils ne savent pas ce qu&rsquo;est l&rsquo;athl\u00e9tisme. Pour moi, c&rsquo;est le sport le plus dur au monde, car il est le plus universel. Tu as une concurrence qui vient de tous les pays. \u00c9videmment que c&rsquo;est dur de ramener les m\u00e9dailles. Mais on est l\u00e0. Et m\u00eame si l\u00e0, le bilan n&rsquo;est pas ouf, je suis s\u00fbr et certain qu&rsquo;on aura des m\u00e9dailles \u00e0 Paris. Dans nos t\u00eates, on est matrix\u00e9 par cet objectif. On va tous perfer l\u00e0-bas.<\/p>\n<h3 style=\"text-align: justify;\">De ton c\u00f4t\u00e9, il y a eu une grosse progression cette ann\u00e9e. Quel a \u00e9t\u00e9 le d\u00e9clic ?<\/h3>\n<p style=\"text-align: justify;\">Les relais de l&rsquo;ann\u00e9e derni\u00e8re m&rsquo;ont beaucoup servi. Cela m&rsquo;a mis sur une super dynamique. Mais j&rsquo;ai eu un hiver assez frustrant, car je visais une qualification individuelle aux championnats d&rsquo;Europe en salle \u00e0 Istanbul. J&rsquo;ai fait 46.63, mais ce que je faisais \u00e0 l&rsquo;entra\u00eenement, cela ne valait pas 46.63, mais largement mieux. Il y a eu la m\u00e9daille collective, mais j&rsquo;aurais voulu go\u00fbter \u00e0 une s\u00e9lection individuelle. Mais la salle, c&rsquo;est vraiment diff\u00e9rent. Tu ne peux pas construire ta course comme tu la construis en ext\u00e9rieur.<\/p>\n<p style=\"text-align: justify;\">On a fait un stage en Afrique du Sud, au mois de mars. Et ce stage m&rsquo;a beaucoup servi. J&rsquo;ai fait des entra\u00eenements que je n&rsquo;avais jamais faits auparavant. Cela te met en confiance, tu sais ce que tu vaux. M\u00eame si le plus dur est de le refaire en comp\u00e9tition. Je fais ma rentr\u00e9e, le chrono est d\u00e9j\u00e0 correct, \u00e7a aussi, cela te met en confiance. La dynamique est bonne.<\/p>\n<h2 style=\"text-align: justify;\">T\u00e9o Andant : \u00ab\u00a0Une concurrence tr\u00e8s saine dans ce relais\u00a0\u00bb<\/h2>\n<h3 style=\"text-align: justify;\">Voir les autres battre leur record, \u00e7a apporte un surplus de motivation ?<\/h3>\n<p style=\"text-align: justify;\">Oui, clairement. Au deuxi\u00e8me tour des interclubs, Thomas Jordier et David Somb\u00e9 claquent directement moins de 46 secondes. Cela te booste. Gilles Biron descend son record en 45.05. Toi, tu as envie d&rsquo;\u00eatre l\u00e0, tu ne veux pas \u00eatre l\u00e2ch\u00e9. Et sortir ta performance. Il y a une concurrence hyper saine entre les coureurs de 400 m. On veut aller le plus haut possible, car l&rsquo;objectif commun est de glaner l&rsquo;or l&rsquo;ann\u00e9e prochaine. On y croit dur comme fer, on sait qu&rsquo;on en est capable.<\/p>\n<p style=\"text-align: justify;\">David explose cette ann\u00e9e, Gilles est pr\u00e9sent. Dans la foul\u00e9e, je fais 45.18. M\u00eame Thomas fait rapidement 45.52. Cela cr\u00e9e un truc entre nous. C&rsquo;est super cool et cela peut \u00eatre encore mieux. Fabrisio \u00e9tait bless\u00e9, je suis s\u00fbr que Ludovic valait bien mieux que son chrono de la saison, mais il se blesse aussi aux Europe Espoirs.<\/p>\n<h2 style=\"text-align: justify;\">\u00ab\u00a0Envie d&rsquo;entrer en finale des Europe\u00a0\u00bb<\/h2>\n<h3 style=\"text-align: justify;\">La m\u00e9daille va apporter un surplus de motivation \u00e0 un an de Paris.<\/h3>\n<p style=\"text-align: justify;\">C&rsquo;est \u00e9vident. On est dans le gratin mondial. On ne veut pas l\u00e2cher ce podium. On veut \u00eatre champions olympiques. L&rsquo;\u00e9mulation va continuer l&rsquo;ann\u00e9e prochaine, on va avoir certainement des Fran\u00e7ais sous les 45 secondes. Avec cela, tu n&rsquo;es plus tr\u00e8s loin du titre olympique. Surtout \u00e0 domicile, on sait comment cela va se passer et l&rsquo;\u00e9nergie qu&rsquo;il y aura.<\/p>\n<p style=\"text-align: justify;\">Quand on reprend la course de dimanche, les mecs ont \u00e9t\u00e9 super forts tactiquement. Ludvy lance super bien Gilles. Gilles se rabat super intelligemment et g\u00eane le Jama\u00efcain derri\u00e8re. Il a couru en patron. On s&rsquo;\u00e9tait dit qu&rsquo;il fallait \u00eatre dans les trois au 600 m, pour esp\u00e9rer la m\u00e9daille, et on \u00e9tait 2e. Et m\u00eame s&rsquo;il coince un peu, il lance bien David et derri\u00e8re, tout le monde est g\u00ean\u00e9. En plus, on sait que David a un finish de ouf et qu&rsquo;il va finir le plus fort. Les trois ont fait le plus gros du travail et je n&rsquo;avais qu&rsquo;\u00e0 finir. Ils ont \u00e9t\u00e9 exceptionnels.<\/p>\n<h3 style=\"text-align: justify;\">Quels sont tes objectifs de fin de saison ? Et pour 2024 ?<\/h3>\n<p style=\"text-align: justify;\">Si je n&rsquo;ai pas trop de fatigue de ce championnat, j&rsquo;aimerais aller chercher les minima olympiques (45.00). Cela me semble faisable au vu de ce que j&rsquo;ai fait dans le relais. En 2024, il y a les Europe \u00e0 Rome. J&rsquo;ai envie d&rsquo;entrer en finale et je pense que j&rsquo;en suis capable. Mais je me dis qu&rsquo;une finale en individuel aux JO, ce n&rsquo;est pas totalement impossible.<\/p>\n<h3 style=\"text-align: justify;\">C&rsquo;est vrai que c&rsquo;est relativement ouvert.<\/h3>\n<p style=\"text-align: justify;\">Les demies des Mondiaux \u00e9taient quand m\u00eame vraiment chaudes. Tout le monde battait son record. Mais quand tu es dans le truc&#8230; Je pense qu&rsquo;\u00e0 Budapest, je pouvais faire moins de 45 secondes. Les conditions le matin \u00e9taient presque meilleures que le soir.<\/p>\n<div class=\"vlp-link-container vlp-layout-article\"><a href=\"https:\/\/dicodusport.fr\/blog\/des-athletes-ne-se-sont-pas-transcendes-romain-barras-a-t-il-raison\/\" class=\"vlp-link\" title=\"&quot;Des athl\u00e8tes ne se sont pas transcend\u00e9s&quot; : Romain Barras a-t-il raison ?\"><\/a><div class=\"vlp-layout-zone-side\"><div class=\"vlp-block-4 vlp-link-image\"><img loading=\"lazy\" decoding=\"async\" style=\"max-width: 800px;\" width=\"800\" height=\"445\" src=\"https:\/\/dicodusport.fr\/blog\/wp-content\/uploads\/2023\/08\/Des-athletes-ne-se-sont-pas-transcendes-Romain-Barras-a-t-il-raison-.png\" class=\"attachment-800x445 size-800x445\" alt=\"Des athl\u00e8tes ne se sont pas transcend\u00e9s Romain Barras a-t-il raison\" srcset=\"https:\/\/dicodusport.fr\/blog\/wp-content\/uploads\/2023\/08\/Des-athletes-ne-se-sont-pas-transcendes-Romain-Barras-a-t-il-raison-.png 800w, https:\/\/dicodusport.fr\/blog\/wp-content\/uploads\/2023\/08\/Des-athletes-ne-se-sont-pas-transcendes-Romain-Barras-a-t-il-raison--300x167.png 300w, https:\/\/dicodusport.fr\/blog\/wp-content\/uploads\/2023\/08\/Des-athletes-ne-se-sont-pas-transcendes-Romain-Barras-a-t-il-raison--768x427.png 768w\" sizes=\"auto, (max-width: 800px) 100vw, 800px\" \/><\/div><\/div><div class=\"vlp-layout-zone-main\"><div class=\"vlp-block-0 vlp-link-title\">\"Des athl\u00e8tes ne se sont pas transcend\u00e9s\" : Romain Barras a-t-il raison ?<\/div><div class=\"vlp-block-1 vlp-link-summary\">CHAMPIONNATS DU MONDE D'ATHL\u00c9TISME 2023 - Romain Barras a admis que deux tiers des athl\u00e8tes fran\u00e7ais n'avaient pas \u00e9lev\u00e9 leur rang mondial \u00e0 Budapest. Le Directeur de la haute performance fran\u00e7ais est-il dans le vrai ? D'un point de vue brut, pourquoi pas. Avec de la contextualisation, le Directeur de la haute performance de l'athl\u00e9tisme fran\u00e7ais a pris une donn\u00e9e qui lui \u00e9tait favorable.<\/div><div class=\"vlp-block-2 vlp-link-button\">Lire l'article<\/div><div class=\"vlp-block-3 vlp-link-url\">dicodusport.fr<\/div><\/div><\/div>\n<h2 style=\"text-align: justify;\">T\u00e9o Andant : \u00ab\u00a0Je ne vis pas encore de mon sport\u00a0\u00bb<\/h2>\n<h3 style=\"text-align: justify;\">Autant sur le tartan, tu as v\u00e9cu une ann\u00e9e de r\u00eave, autant cela a parfois \u00e9t\u00e9 plus compliqu\u00e9 en dehors. C&rsquo;est un peu une revanche ?<\/h3>\n<p style=\"text-align: justify;\">Disons que la m\u00e9daille m&rsquo;apporte de l&rsquo;exposition.<\/p>\n<h3 style=\"text-align: justify;\">Tu ne vis pas de ton sport ?<\/h3>\n<p style=\"text-align: justify;\">Non. Et je vais m\u00eame dire qu&rsquo;heureusement que je suis \u00e0 l&rsquo;INSEP. Sinon, je ne pourrais pas me payer un appartement et \u00eatre ind\u00e9pendant. Je n&rsquo;aurais pas les moyens.<\/p>\n<h3 style=\"text-align: justify;\">Ta famille et ton club sont derri\u00e8re toi, mais c&rsquo;est \u00e0 peu pr\u00e8s tout ?<\/h3>\n<p style=\"text-align: justify;\">J&rsquo;ai un m\u00e9c\u00e8ne, la Fondation C\u00e9dric et Christophe Flaujac.<\/p>\n<h3 style=\"text-align: justify;\">Il n&rsquo;y a qu&rsquo;eux ?<\/h3>\n<p style=\"text-align: justify;\">J&rsquo;ai un peu d&rsquo;aides de la F\u00e9d\u00e9ration. Apr\u00e8s, on ne nous avait rien promis de fa\u00e7on formelle. Mais on n&rsquo;a re\u00e7u moins, apr\u00e8s la finale de Eugene, que ce que les relayeurs recevaient avant. C&rsquo;est un peu dommage, car les relayeurs avaient environ 800 \u20ac \/ mois d&rsquo;aides auparavant. Mais on n&rsquo;y a pas eu droit. On a eu un petit truc pour l&rsquo;ann\u00e9e, mais tu fais quoi avec cela ? Cependant, je tiens \u00e0 dire que la F\u00e9d\u00e9ration me paye 90 % de l&rsquo;INSEP \u00e0 l&rsquo;ann\u00e9e. Cela repr\u00e9sente 10 000 \u20ac environ. Il faut le dire aussi.<\/p>\n<h3 style=\"text-align: justify;\">C&rsquo;est prenant mentalement, de ne pas en vivre ?<\/h3>\n<p style=\"text-align: justify;\">Cela m&rsquo;a un peu emb\u00eat\u00e9 au d\u00e9but. Tu te dis que tu n&rsquo;es pas reconnu \u00e0 ta juste valeur. Mais, cela m&rsquo;a donn\u00e9 encore plus envie et de motivation. Cela m&rsquo;a donn\u00e9 la dalle et \u00e7a m&rsquo;a peut-\u00eatre \u00e9vit\u00e9 de m&#8217;embourgeoiser. Si j&rsquo;avais eu tout d&rsquo;un coup, des sponsors avec une somme d&rsquo;argent tous les mois, peut-\u00eatre que j&rsquo;aurais \u00e9t\u00e9 moins motiv\u00e9.<\/p>\n<h3 style=\"text-align: justify;\">Tu as des esp\u00e9rances apr\u00e8s Budapest ?<\/h3>\n<p style=\"text-align: justify;\">J&rsquo;esp\u00e8re que cette m\u00e9daille va nous ouvrir des portes et m&rsquo;ouvrir des portes. Je ne suis pas le seul du relais \u00e0 gal\u00e9rer. David \u00e9tait d\u00e9m\u00e9nageur avant. On nous demande des m\u00e9dailles, mais quand tu n&rsquo;es pas 100 % focus sur ton sport, c&rsquo;est plus difficile.<\/p>\n<h2 style=\"text-align: justify;\">\u00ab\u00a0Je suis professionnel dans ce que je fais\u00a0\u00bb<\/h2>\n<h3 style=\"text-align: justify;\">Tu te d\u00e9finis comme un athl\u00e8te professionnel ?<\/h3>\n<p style=\"text-align: justify;\">Je suis \u00e0 l&rsquo;INSEP et tous les jours, c&rsquo;est entra\u00eenement. Je suis professionnel dans ce que je fais. Mais je ne le suis pas financi\u00e8rement. C&rsquo;est ma 7e ann\u00e9e \u00e0 l&rsquo;INSEP et j&rsquo;aimerais prendre mon ind\u00e9pendance. C&rsquo;\u00e9tait mon projet en d\u00e9but d&rsquo;ann\u00e9e. Mais j&rsquo;ai rapidement vu que je ne pouvais pas financi\u00e8rement. Si c&rsquo;est pour \u00eatre dans un 10 m\u00e8tres carr\u00e9, pas confortable. Apr\u00e8s, ce sont tout de suite des 900-1000 \u20ac, plus les charges. Si tu dois tout le temps penser \u00e0 l&rsquo;argent, tu ne peux pas \u00eatre focus sur l&rsquo;athl\u00e9.<\/p>\n","protected":false},"excerpt":{"rendered":"<p>Interview avec T\u00e9o Andant qui, avec ses camarades du relais 4&#215;400 m, a apport\u00e9 la seule m\u00e9daille \u00e0 la France aux Mondiaux de Budapest.<\/p>\n","protected":false},"author":83,"featured_media":413707,"comment_status":"open","ping_status":"closed","sticky":false,"template":"","format":"standard","meta":{"_acf_changed":false,"_daextam_enable_autolinks":"","footnotes":""},"categories":[2308],"tags":[143,16878,24],"class_list":["post-413680","post","type-post","status-publish","format-standard","has-post-thumbnail","hentry","category-athletisme","tag-athletisme","tag-breve","tag-sport"],"acf":[],"yoast_head":"<!-- This site is optimized with the Yoast SEO Premium plugin v26.7 (Yoast SEO v26.7) - https:\/\/yoast.com\/wordpress\/plugins\/seo\/ -->\n<title>T\u00e9o Andant, vice-champion du monde du 4x400 m : &quot;On ne veut plus l\u00e2cher le podium&quot;<\/title>\n<meta name=\"description\" content=\"Interview avec T\u00e9o Andant qui, avec ses camarades du relais 4x400 m, a apport\u00e9 la seule m\u00e9daille \u00e0 la France aux Mondiaux de Budapest.\" \/>\n<meta name=\"robots\" content=\"index, follow, max-snippet:-1, max-image-preview:large, max-video-preview:-1\" \/>\n<link rel=\"canonical\" href=\"https:\/\/dicodusport.fr\/blog\/teo-andant-vice-champion-du-monde-du-4x400-m-on-ne-veut-plus-lacher-le-podium\/\" \/>\n<meta property=\"og:locale\" content=\"fr_FR\" \/>\n<meta property=\"og:type\" content=\"article\" \/>\n<meta property=\"og:title\" content=\"T\u00e9o Andant, vice-champion du monde du 4x400 m : &quot;On ne veut plus l\u00e2cher le podium&quot;\" \/>\n<meta property=\"og:description\" content=\"Interview avec T\u00e9o Andant qui, avec ses camarades du relais 4x400 m, a apport\u00e9 la seule m\u00e9daille \u00e0 la France aux Mondiaux de Budapest.\" \/>\n<meta property=\"og:url\" content=\"https:\/\/dicodusport.fr\/blog\/teo-andant-vice-champion-du-monde-du-4x400-m-on-ne-veut-plus-lacher-le-podium\/\" \/>\n<meta property=\"og:site_name\" content=\"Dicodusport\" \/>\n<meta property=\"article:publisher\" content=\"https:\/\/www.facebook.com\/dicodusport\" \/>\n<meta property=\"article:published_time\" content=\"2023-08-30T14:56:43+00:00\" \/>\n<meta property=\"article:modified_time\" content=\"2023-08-30T16:53:06+00:00\" \/>\n<meta property=\"og:image\" content=\"https:\/\/dicodusport.fr\/blog\/wp-content\/uploads\/2023\/08\/Teo-Andant-On-ne-veut-plus-lacher-le-podium.png\" \/>\n\t<meta property=\"og:image:width\" content=\"800\" \/>\n\t<meta property=\"og:image:height\" content=\"445\" \/>\n\t<meta property=\"og:image:type\" content=\"image\/png\" \/>\n<meta name=\"author\" content=\"Etienne Goursaud\" \/>\n<meta name=\"twitter:card\" content=\"summary_large_image\" \/>\n<meta name=\"twitter:title\" content=\"T\u00e9o Andant, vice-champion du monde du 4x400 m : &quot;On ne veut plus l\u00e2cher le podium&quot;\" \/>\n<meta name=\"twitter:creator\" content=\"@dicodusport\" \/>\n<meta name=\"twitter:site\" content=\"@dicodusport\" \/>\n<script type=\"application\/ld+json\" class=\"yoast-schema-graph\">{\"@context\":\"https:\/\/schema.org\",\"@graph\":[{\"@type\":\"NewsArticle\",\"@id\":\"https:\/\/dicodusport.fr\/blog\/teo-andant-vice-champion-du-monde-du-4x400-m-on-ne-veut-plus-lacher-le-podium\/#article\",\"isPartOf\":{\"@id\":\"https:\/\/dicodusport.fr\/blog\/teo-andant-vice-champion-du-monde-du-4x400-m-on-ne-veut-plus-lacher-le-podium\/\"},\"author\":{\"name\":\"Etienne Goursaud\",\"@id\":\"https:\/\/dicodusport.fr\/blog\/#\/schema\/person\/d603dd7da31fb2b46c82b9835a77ec13\"},\"headline\":\"T\u00e9o Andant, vice-champion du monde du 4&#215;400 m : \u00ab\u00a0On ne veut plus l\u00e2cher le podium\u00a0\u00bb\",\"datePublished\":\"2023-08-30T14:56:43+00:00\",\"dateModified\":\"2023-08-30T16:53:06+00:00\",\"mainEntityOfPage\":{\"@id\":\"https:\/\/dicodusport.fr\/blog\/teo-andant-vice-champion-du-monde-du-4x400-m-on-ne-veut-plus-lacher-le-podium\/\"},\"wordCount\":2825,\"commentCount\":1,\"publisher\":{\"@id\":\"https:\/\/dicodusport.fr\/blog\/#organization\"},\"image\":{\"@id\":\"https:\/\/dicodusport.fr\/blog\/teo-andant-vice-champion-du-monde-du-4x400-m-on-ne-veut-plus-lacher-le-podium\/#primaryimage\"},\"thumbnailUrl\":\"https:\/\/dicodusport.fr\/blog\/wp-content\/uploads\/2023\/08\/Teo-Andant-On-ne-veut-plus-lacher-le-podium.png\",\"keywords\":[\"Athl\u00e9tisme\",\"br\u00e8ve\",\"sport\"],\"articleSection\":[\"Athl\u00e9tisme\"],\"inLanguage\":\"fr-FR\",\"potentialAction\":[{\"@type\":\"CommentAction\",\"name\":\"Comment\",\"target\":[\"https:\/\/dicodusport.fr\/blog\/teo-andant-vice-champion-du-monde-du-4x400-m-on-ne-veut-plus-lacher-le-podium\/#respond\"]}],\"copyrightYear\":\"2023\",\"copyrightHolder\":{\"@id\":\"https:\/\/dicodusport.fr\/blog\/#organization\"}},{\"@type\":\"WebPage\",\"@id\":\"https:\/\/dicodusport.fr\/blog\/teo-andant-vice-champion-du-monde-du-4x400-m-on-ne-veut-plus-lacher-le-podium\/\",\"url\":\"https:\/\/dicodusport.fr\/blog\/teo-andant-vice-champion-du-monde-du-4x400-m-on-ne-veut-plus-lacher-le-podium\/\",\"name\":\"T\u00e9o Andant, vice-champion du monde du 4x400 m : \\\"On ne veut plus l\u00e2cher le podium\\\"\",\"isPartOf\":{\"@id\":\"https:\/\/dicodusport.fr\/blog\/#website\"},\"primaryImageOfPage\":{\"@id\":\"https:\/\/dicodusport.fr\/blog\/teo-andant-vice-champion-du-monde-du-4x400-m-on-ne-veut-plus-lacher-le-podium\/#primaryimage\"},\"image\":{\"@id\":\"https:\/\/dicodusport.fr\/blog\/teo-andant-vice-champion-du-monde-du-4x400-m-on-ne-veut-plus-lacher-le-podium\/#primaryimage\"},\"thumbnailUrl\":\"https:\/\/dicodusport.fr\/blog\/wp-content\/uploads\/2023\/08\/Teo-Andant-On-ne-veut-plus-lacher-le-podium.png\",\"datePublished\":\"2023-08-30T14:56:43+00:00\",\"dateModified\":\"2023-08-30T16:53:06+00:00\",\"description\":\"Interview avec T\u00e9o Andant qui, avec ses camarades du relais 4x400 m, a apport\u00e9 la seule m\u00e9daille \u00e0 la France aux Mondiaux de Budapest.\",\"breadcrumb\":{\"@id\":\"https:\/\/dicodusport.fr\/blog\/teo-andant-vice-champion-du-monde-du-4x400-m-on-ne-veut-plus-lacher-le-podium\/#breadcrumb\"},\"inLanguage\":\"fr-FR\",\"potentialAction\":[{\"@type\":\"ReadAction\",\"target\":[\"https:\/\/dicodusport.fr\/blog\/teo-andant-vice-champion-du-monde-du-4x400-m-on-ne-veut-plus-lacher-le-podium\/\"]}]},{\"@type\":\"ImageObject\",\"inLanguage\":\"fr-FR\",\"@id\":\"https:\/\/dicodusport.fr\/blog\/teo-andant-vice-champion-du-monde-du-4x400-m-on-ne-veut-plus-lacher-le-podium\/#primaryimage\",\"url\":\"https:\/\/dicodusport.fr\/blog\/wp-content\/uploads\/2023\/08\/Teo-Andant-On-ne-veut-plus-lacher-le-podium.png\",\"contentUrl\":\"https:\/\/dicodusport.fr\/blog\/wp-content\/uploads\/2023\/08\/Teo-Andant-On-ne-veut-plus-lacher-le-podium.png\",\"width\":800,\"height\":445},{\"@type\":\"BreadcrumbList\",\"@id\":\"https:\/\/dicodusport.fr\/blog\/teo-andant-vice-champion-du-monde-du-4x400-m-on-ne-veut-plus-lacher-le-podium\/#breadcrumb\",\"itemListElement\":[{\"@type\":\"ListItem\",\"position\":1,\"name\":\"Accueil\",\"item\":\"https:\/\/dicodusport.fr\/blog\/\"},{\"@type\":\"ListItem\",\"position\":2,\"name\":\"T\u00e9o Andant, vice-champion du monde du 4&#215;400 m : \u00ab\u00a0On ne veut plus l\u00e2cher le podium\u00a0\u00bb\"}]},{\"@type\":\"WebSite\",\"@id\":\"https:\/\/dicodusport.fr\/blog\/#website\",\"url\":\"https:\/\/dicodusport.fr\/blog\/\",\"name\":\"Dicodusport\",\"description\":\"L&#039;encyclop\u00e9die de l&#039;actualit\u00e9 sportive\",\"publisher\":{\"@id\":\"https:\/\/dicodusport.fr\/blog\/#organization\"},\"potentialAction\":[{\"@type\":\"SearchAction\",\"target\":{\"@type\":\"EntryPoint\",\"urlTemplate\":\"https:\/\/dicodusport.fr\/blog\/?s={search_term_string}\"},\"query-input\":{\"@type\":\"PropertyValueSpecification\",\"valueRequired\":true,\"valueName\":\"search_term_string\"}}],\"inLanguage\":\"fr-FR\"},{\"@type\":\"NewsMediaOrganization\",\"@id\":\"https:\/\/dicodusport.fr\/blog\/#organization\",\"name\":\"Dicodusport\",\"url\":\"https:\/\/dicodusport.fr\/blog\/\",\"logo\":{\"@type\":\"ImageObject\",\"inLanguage\":\"fr-FR\",\"@id\":\"https:\/\/dicodusport.fr\/blog\/#\/schema\/logo\/image\/\",\"url\":\"https:\/\/dicodusport.fr\/blog\/wp-content\/uploads\/2020\/06\/cropped-LOGO-DICODUSPORT-2020-SANS-FOND-SANS-TEXTE.png\",\"contentUrl\":\"https:\/\/dicodusport.fr\/blog\/wp-content\/uploads\/2020\/06\/cropped-LOGO-DICODUSPORT-2020-SANS-FOND-SANS-TEXTE.png\",\"width\":512,\"height\":512,\"caption\":\"Dicodusport\"},\"image\":{\"@id\":\"https:\/\/dicodusport.fr\/blog\/#\/schema\/logo\/image\/\"},\"sameAs\":[\"https:\/\/www.facebook.com\/dicodusport\",\"https:\/\/x.com\/dicodusport\",\"https:\/\/www.instagram.com\/dicodusport\/\",\"https:\/\/www.youtube.com\/channel\/UC7V2KZ5sd3htJivAbA4ZG3w\"],\"description\":\"Dicodusport est l'encyclop\u00e9die de l'actualit\u00e9 sportive.\",\"email\":\"bonjour@dicodusport.fr\",\"legalName\":\"DICODUSPORT\",\"foundingDate\":\"2018-01-14\",\"vatID\":\"FR71834470973\",\"taxID\":\"83447097300043\",\"numberOfEmployees\":{\"@type\":\"QuantitativeValue\",\"minValue\":\"1\",\"maxValue\":\"10\"}},{\"@type\":\"Person\",\"@id\":\"https:\/\/dicodusport.fr\/blog\/#\/schema\/person\/d603dd7da31fb2b46c82b9835a77ec13\",\"name\":\"Etienne Goursaud\",\"image\":{\"@type\":\"ImageObject\",\"inLanguage\":\"fr-FR\",\"@id\":\"https:\/\/dicodusport.fr\/blog\/#\/schema\/person\/image\/\",\"url\":\"https:\/\/dicodusport.fr\/blog\/wp-content\/uploads\/2023\/12\/410122264_10231602061736049_5565839791558026645_n-150x150.jpg\",\"contentUrl\":\"https:\/\/dicodusport.fr\/blog\/wp-content\/uploads\/2023\/12\/410122264_10231602061736049_5565839791558026645_n-150x150.jpg\",\"caption\":\"Etienne Goursaud\"},\"description\":\"Journaliste et amoureux de sport. Ancien footballeur reconverti athl\u00e8te quand ses muscles le laissent tranquille. \u00c9lev\u00e9 \u00e0 la sauce des exploits de Thomas Voeckler en 2004, du dernier essai de l\u00e9gende de Eunice Barber \u00e0 la longueur lors des championnats du monde d'athl\u00e9tisme de 2003 mais aussi Zidane, Omeyer et Titou Lamaison.\",\"url\":\"https:\/\/dicodusport.fr\/blog\/author\/etienne-goursaud\/\"}]}<\/script>\n<!-- \/ Yoast SEO Premium plugin. -->","yoast_head_json":{"title":"T\u00e9o Andant, vice-champion du monde du 4x400 m : \"On ne veut plus l\u00e2cher le podium\"","description":"Interview avec T\u00e9o Andant qui, avec ses camarades du relais 4x400 m, a apport\u00e9 la seule m\u00e9daille \u00e0 la France aux Mondiaux de Budapest.","robots":{"index":"index","follow":"follow","max-snippet":"max-snippet:-1","max-image-preview":"max-image-preview:large","max-video-preview":"max-video-preview:-1"},"canonical":"https:\/\/dicodusport.fr\/blog\/teo-andant-vice-champion-du-monde-du-4x400-m-on-ne-veut-plus-lacher-le-podium\/","og_locale":"fr_FR","og_type":"article","og_title":"T\u00e9o Andant, vice-champion du monde du 4x400 m : \"On ne veut plus l\u00e2cher le podium\"","og_description":"Interview avec T\u00e9o Andant qui, avec ses camarades du relais 4x400 m, a apport\u00e9 la seule m\u00e9daille \u00e0 la France aux Mondiaux de Budapest.","og_url":"https:\/\/dicodusport.fr\/blog\/teo-andant-vice-champion-du-monde-du-4x400-m-on-ne-veut-plus-lacher-le-podium\/","og_site_name":"Dicodusport","article_publisher":"https:\/\/www.facebook.com\/dicodusport","article_published_time":"2023-08-30T14:56:43+00:00","article_modified_time":"2023-08-30T16:53:06+00:00","og_image":[{"width":800,"height":445,"url":"https:\/\/dicodusport.fr\/blog\/wp-content\/uploads\/2023\/08\/Teo-Andant-On-ne-veut-plus-lacher-le-podium.png","type":"image\/png"}],"author":"Etienne Goursaud","twitter_card":"summary_large_image","twitter_title":"T\u00e9o Andant, vice-champion du monde du 4x400 m : \"On ne veut plus l\u00e2cher le podium\"","twitter_creator":"@dicodusport","twitter_site":"@dicodusport","schema":{"@context":"https:\/\/schema.org","@graph":[{"@type":"NewsArticle","@id":"https:\/\/dicodusport.fr\/blog\/teo-andant-vice-champion-du-monde-du-4x400-m-on-ne-veut-plus-lacher-le-podium\/#article","isPartOf":{"@id":"https:\/\/dicodusport.fr\/blog\/teo-andant-vice-champion-du-monde-du-4x400-m-on-ne-veut-plus-lacher-le-podium\/"},"author":{"name":"Etienne Goursaud","@id":"https:\/\/dicodusport.fr\/blog\/#\/schema\/person\/d603dd7da31fb2b46c82b9835a77ec13"},"headline":"T\u00e9o Andant, vice-champion du monde du 4&#215;400 m : \u00ab\u00a0On ne veut plus l\u00e2cher le podium\u00a0\u00bb","datePublished":"2023-08-30T14:56:43+00:00","dateModified":"2023-08-30T16:53:06+00:00","mainEntityOfPage":{"@id":"https:\/\/dicodusport.fr\/blog\/teo-andant-vice-champion-du-monde-du-4x400-m-on-ne-veut-plus-lacher-le-podium\/"},"wordCount":2825,"commentCount":1,"publisher":{"@id":"https:\/\/dicodusport.fr\/blog\/#organization"},"image":{"@id":"https:\/\/dicodusport.fr\/blog\/teo-andant-vice-champion-du-monde-du-4x400-m-on-ne-veut-plus-lacher-le-podium\/#primaryimage"},"thumbnailUrl":"https:\/\/dicodusport.fr\/blog\/wp-content\/uploads\/2023\/08\/Teo-Andant-On-ne-veut-plus-lacher-le-podium.png","keywords":["Athl\u00e9tisme","br\u00e8ve","sport"],"articleSection":["Athl\u00e9tisme"],"inLanguage":"fr-FR","potentialAction":[{"@type":"CommentAction","name":"Comment","target":["https:\/\/dicodusport.fr\/blog\/teo-andant-vice-champion-du-monde-du-4x400-m-on-ne-veut-plus-lacher-le-podium\/#respond"]}],"copyrightYear":"2023","copyrightHolder":{"@id":"https:\/\/dicodusport.fr\/blog\/#organization"}},{"@type":"WebPage","@id":"https:\/\/dicodusport.fr\/blog\/teo-andant-vice-champion-du-monde-du-4x400-m-on-ne-veut-plus-lacher-le-podium\/","url":"https:\/\/dicodusport.fr\/blog\/teo-andant-vice-champion-du-monde-du-4x400-m-on-ne-veut-plus-lacher-le-podium\/","name":"T\u00e9o Andant, vice-champion du monde du 4x400 m : \"On ne veut plus l\u00e2cher le podium\"","isPartOf":{"@id":"https:\/\/dicodusport.fr\/blog\/#website"},"primaryImageOfPage":{"@id":"https:\/\/dicodusport.fr\/blog\/teo-andant-vice-champion-du-monde-du-4x400-m-on-ne-veut-plus-lacher-le-podium\/#primaryimage"},"image":{"@id":"https:\/\/dicodusport.fr\/blog\/teo-andant-vice-champion-du-monde-du-4x400-m-on-ne-veut-plus-lacher-le-podium\/#primaryimage"},"thumbnailUrl":"https:\/\/dicodusport.fr\/blog\/wp-content\/uploads\/2023\/08\/Teo-Andant-On-ne-veut-plus-lacher-le-podium.png","datePublished":"2023-08-30T14:56:43+00:00","dateModified":"2023-08-30T16:53:06+00:00","description":"Interview avec T\u00e9o Andant qui, avec ses camarades du relais 4x400 m, a apport\u00e9 la seule m\u00e9daille \u00e0 la France aux Mondiaux de Budapest.","breadcrumb":{"@id":"https:\/\/dicodusport.fr\/blog\/teo-andant-vice-champion-du-monde-du-4x400-m-on-ne-veut-plus-lacher-le-podium\/#breadcrumb"},"inLanguage":"fr-FR","potentialAction":[{"@type":"ReadAction","target":["https:\/\/dicodusport.fr\/blog\/teo-andant-vice-champion-du-monde-du-4x400-m-on-ne-veut-plus-lacher-le-podium\/"]}]},{"@type":"ImageObject","inLanguage":"fr-FR","@id":"https:\/\/dicodusport.fr\/blog\/teo-andant-vice-champion-du-monde-du-4x400-m-on-ne-veut-plus-lacher-le-podium\/#primaryimage","url":"https:\/\/dicodusport.fr\/blog\/wp-content\/uploads\/2023\/08\/Teo-Andant-On-ne-veut-plus-lacher-le-podium.png","contentUrl":"https:\/\/dicodusport.fr\/blog\/wp-content\/uploads\/2023\/08\/Teo-Andant-On-ne-veut-plus-lacher-le-podium.png","width":800,"height":445},{"@type":"BreadcrumbList","@id":"https:\/\/dicodusport.fr\/blog\/teo-andant-vice-champion-du-monde-du-4x400-m-on-ne-veut-plus-lacher-le-podium\/#breadcrumb","itemListElement":[{"@type":"ListItem","position":1,"name":"Accueil","item":"https:\/\/dicodusport.fr\/blog\/"},{"@type":"ListItem","position":2,"name":"T\u00e9o Andant, vice-champion du monde du 4&#215;400 m : \u00ab\u00a0On ne veut plus l\u00e2cher le podium\u00a0\u00bb"}]},{"@type":"WebSite","@id":"https:\/\/dicodusport.fr\/blog\/#website","url":"https:\/\/dicodusport.fr\/blog\/","name":"Dicodusport","description":"L&#039;encyclop\u00e9die de l&#039;actualit\u00e9 sportive","publisher":{"@id":"https:\/\/dicodusport.fr\/blog\/#organization"},"potentialAction":[{"@type":"SearchAction","target":{"@type":"EntryPoint","urlTemplate":"https:\/\/dicodusport.fr\/blog\/?s={search_term_string}"},"query-input":{"@type":"PropertyValueSpecification","valueRequired":true,"valueName":"search_term_string"}}],"inLanguage":"fr-FR"},{"@type":"NewsMediaOrganization","@id":"https:\/\/dicodusport.fr\/blog\/#organization","name":"Dicodusport","url":"https:\/\/dicodusport.fr\/blog\/","logo":{"@type":"ImageObject","inLanguage":"fr-FR","@id":"https:\/\/dicodusport.fr\/blog\/#\/schema\/logo\/image\/","url":"https:\/\/dicodusport.fr\/blog\/wp-content\/uploads\/2020\/06\/cropped-LOGO-DICODUSPORT-2020-SANS-FOND-SANS-TEXTE.png","contentUrl":"https:\/\/dicodusport.fr\/blog\/wp-content\/uploads\/2020\/06\/cropped-LOGO-DICODUSPORT-2020-SANS-FOND-SANS-TEXTE.png","width":512,"height":512,"caption":"Dicodusport"},"image":{"@id":"https:\/\/dicodusport.fr\/blog\/#\/schema\/logo\/image\/"},"sameAs":["https:\/\/www.facebook.com\/dicodusport","https:\/\/x.com\/dicodusport","https:\/\/www.instagram.com\/dicodusport\/","https:\/\/www.youtube.com\/channel\/UC7V2KZ5sd3htJivAbA4ZG3w"],"description":"Dicodusport est l'encyclop\u00e9die de l'actualit\u00e9 sportive.","email":"bonjour@dicodusport.fr","legalName":"DICODUSPORT","foundingDate":"2018-01-14","vatID":"FR71834470973","taxID":"83447097300043","numberOfEmployees":{"@type":"QuantitativeValue","minValue":"1","maxValue":"10"}},{"@type":"Person","@id":"https:\/\/dicodusport.fr\/blog\/#\/schema\/person\/d603dd7da31fb2b46c82b9835a77ec13","name":"Etienne Goursaud","image":{"@type":"ImageObject","inLanguage":"fr-FR","@id":"https:\/\/dicodusport.fr\/blog\/#\/schema\/person\/image\/","url":"https:\/\/dicodusport.fr\/blog\/wp-content\/uploads\/2023\/12\/410122264_10231602061736049_5565839791558026645_n-150x150.jpg","contentUrl":"https:\/\/dicodusport.fr\/blog\/wp-content\/uploads\/2023\/12\/410122264_10231602061736049_5565839791558026645_n-150x150.jpg","caption":"Etienne Goursaud"},"description":"Journaliste et amoureux de sport. Ancien footballeur reconverti athl\u00e8te quand ses muscles le laissent tranquille. \u00c9lev\u00e9 \u00e0 la sauce des exploits de Thomas Voeckler en 2004, du dernier essai de l\u00e9gende de Eunice Barber \u00e0 la longueur lors des championnats du monde d'athl\u00e9tisme de 2003 mais aussi Zidane, Omeyer et Titou Lamaison.","url":"https:\/\/dicodusport.fr\/blog\/author\/etienne-goursaud\/"}]}},"_links":{"self":[{"href":"https:\/\/dicodusport.fr\/blog\/wp-json\/wp\/v2\/posts\/413680","targetHints":{"allow":["GET"]}}],"collection":[{"href":"https:\/\/dicodusport.fr\/blog\/wp-json\/wp\/v2\/posts"}],"about":[{"href":"https:\/\/dicodusport.fr\/blog\/wp-json\/wp\/v2\/types\/post"}],"author":[{"embeddable":true,"href":"https:\/\/dicodusport.fr\/blog\/wp-json\/wp\/v2\/users\/83"}],"replies":[{"embeddable":true,"href":"https:\/\/dicodusport.fr\/blog\/wp-json\/wp\/v2\/comments?post=413680"}],"version-history":[{"count":0,"href":"https:\/\/dicodusport.fr\/blog\/wp-json\/wp\/v2\/posts\/413680\/revisions"}],"wp:featuredmedia":[{"embeddable":true,"href":"https:\/\/dicodusport.fr\/blog\/wp-json\/wp\/v2\/media\/413707"}],"wp:attachment":[{"href":"https:\/\/dicodusport.fr\/blog\/wp-json\/wp\/v2\/media?parent=413680"}],"wp:term":[{"taxonomy":"category","embeddable":true,"href":"https:\/\/dicodusport.fr\/blog\/wp-json\/wp\/v2\/categories?post=413680"},{"taxonomy":"post_tag","embeddable":true,"href":"https:\/\/dicodusport.fr\/blog\/wp-json\/wp\/v2\/tags?post=413680"}],"curies":[{"name":"wp","href":"https:\/\/api.w.org\/{rel}","templated":true}]}}