{"id":413686,"date":"2023-08-30T11:26:03","date_gmt":"2023-08-30T09:26:03","guid":{"rendered":"https:\/\/dicodusport.fr\/blog\/?p=413686&#038;preview=true&#038;preview_id=413686"},"modified":"2023-10-02T11:35:53","modified_gmt":"2023-10-02T09:35:53","slug":"mercato-cyclisme-hugo-hofstetter-va-faire-son-retour-chez-israel-premier-tech","status":"publish","type":"post","link":"https:\/\/dicodusport.fr\/blog\/mercato-cyclisme-hugo-hofstetter-va-faire-son-retour-chez-israel-premier-tech\/","title":{"rendered":"Mercato Cyclisme : Hugo Hofstetter va faire son retour chez Israel-Premier Tech"},"content":{"rendered":"<p style=\"text-align: justify;\" align=\"justify\"><em><strong>MERCATO CYCLISME &#8211; Surprise avec le d\u00e9part d&rsquo;Hugo Hofstetter de chez Team Ark\u00e9a-Samsic. L&rsquo;Alsacien retourne chez <span class=\"mw-page-title-main\">Israel-Premier Tech, qu&rsquo;il avait quitt\u00e9 voil\u00e0 deux ans.<\/span><\/strong><\/em><\/p>\n<p style=\"text-align: justify;\" align=\"justify\">Apr\u00e8s avoir \u00e9clos sous les couleurs de la Cofidis, <strong>Hugo Hofstetter<\/strong> \u00e9tait parti faire ses preuves sous les couleurs de ce qui s&rsquo;appelait \u00e0 l&rsquo;\u00e9poque <span id=\"2020-2021_:_Israel_Start-Up_Nation\" class=\"mw-headline\">Israel Start-Up Nation. L&rsquo;Alsacien avait pass\u00e9 deux ans sous les couleurs isra\u00e9liennes, en pleine p\u00e9riode Covid, raflant \u00e0 l&rsquo;\u00e9poque le Samyn, avant de partir pour la Team Ark\u00e9a-Samsic.\u00a0<\/span><\/p>\n<p style=\"text-align: justify;\" align=\"justify\">Apr\u00e8s deux saisons dans l&rsquo;\u00e9quipe bretonne avec, pour principal fait d&rsquo;arme, un succ\u00e8s sur le Tro Bro Leon 2022, il va faire le chemin inverse. Retour sous ses anciennes couleurs, avec un contrat de deux ans. Une nouvelle prise sur le front du sprint pour Israel-Premier Tech, apr\u00e8s <strong>Pascal Ackermann<\/strong> et <strong>Ethan Vernon<\/strong>. Pour rappel, la formation bretonne vient de recruter <strong>Arnaud D\u00e9mare<\/strong>, <strong>Vincenzo Albanese<\/strong> et <strong>Cl\u00e9ment Venturini<\/strong>, des coureurs rapides. L&rsquo;horizon semblait donc bouch\u00e9 pour le natif d&rsquo;Altkirch.<\/p>\n<blockquote class=\"twitter-tweet\">\n<p dir=\"ltr\" lang=\"en\">\ud835\udddb\ud835\ude02\ud835\uddf4\ud835\uddfc \ud835\udddb\ud835\uddfc\ud835\uddf3\ud835\ude00\ud835\ude01\ud835\uddf2\ud835\ude01\ud835\ude01\ud835\uddf2\ud835\uddff \ud835\uddff\ud835\uddf2\ud835\ude01\ud835\ude02\ud835\uddff\ud835\uddfb\ud835\ude00 \ud835\ude01\ud835\uddfc \ud835\udddc\ud835\udde3\ud835\udde7 \ud835\uddf6\ud835\uddfb \ud835\udfee\ud835\udfec\ud835\udfee\ud835\udff0 \ud83c\udf89<\/p>\n<p>\ud83c\udf99\ufe0f \u00ab\u00a0I\u2019m very happy to come back to IPT next year! I will do the best I can to win as many races as possible.\u00a0\u00bb<\/p>\n<p>\ud83d\udcf0 Read all about the return of Hugo right here: <a href=\"https:\/\/t.co\/UYtl6ofhSE\">https:\/\/t.co\/UYtl6ofhSE<\/a><a href=\"https:\/\/twitter.com\/hashtag\/YallaIPT?src=hash&amp;ref_src=twsrc%5Etfw\">#YallaIPT<\/a> <a href=\"https:\/\/t.co\/nVlRbzNE48\">pic.twitter.com\/nVlRbzNE48<\/a><\/p>\n<p>\u2014 Israel \u2013 Premier Tech (@IsraelPremTech) <a href=\"https:\/\/twitter.com\/IsraelPremTech\/status\/1696810272487252013?ref_src=twsrc%5Etfw\">August 30, 2023<\/a><\/p><\/blockquote>\n<p style=\"text-align: justify;\"><script async src=\"https:\/\/platform.twitter.com\/widgets.js\" charset=\"utf-8\"><\/script><\/p>\n<h2 style=\"text-align: justify;\">\u00c0 lire aussi<\/h2>\n<ul>\n<li style=\"text-align: justify;\"><a href=\"https:\/\/dicodusport.fr\/blog\/mercato-cyclisme-2023-2024-tableau-des-transferts\/\"><strong>Le tableau des transferts cyclisme<\/strong><\/a><\/li>\n<\/ul>\n","protected":false},"excerpt":{"rendered":"<p>MERCATO CYCLISME &#8211; Surprise avec le d\u00e9part d&rsquo;Hugo Hofstetter de chez Team Ark\u00e9a-Samsic. L&rsquo;Alsacien retourne chez Israel-Premier Tech, qu&rsquo;il avait quitt\u00e9 voil\u00e0 deux ans.<\/p>\n","protected":false},"author":59,"featured_media":413689,"comment_status":"open","ping_status":"closed","sticky":false,"template":"","format":"standard","meta":{"_acf_changed":false,"_daextam_enable_autolinks":"","footnotes":""},"categories":[46994],"tags":[16878,8386],"class_list":["post-413686","post","type-post","status-publish","format-standard","has-post-thumbnail","hentry","category-cyclisme-sur-route","tag-breve","tag-mercato-cyclisme"],"acf":[],"yoast_head":"<!-- This site is optimized with the Yoast SEO Premium plugin v26.7 (Yoast SEO v26.7) - https:\/\/yoast.com\/wordpress\/plugins\/seo\/ -->\n<title>Mercato Cyclisme : Hugo Hofstetter va faire son retour chez Israel-Premier Tech<\/title>\n<meta name=\"description\" content=\"MERCATO CYCLISME - Surprise avec le d\u00e9part d&#039;Hugo Hofstetter de chez Team Ark\u00e9a-Samsic. L&#039;Alsacien retourne chez Israel-Premier Tech.\" \/>\n<meta name=\"robots\" content=\"index, follow, max-snippet:-1, max-image-preview:large, max-video-preview:-1\" \/>\n<link rel=\"canonical\" href=\"https:\/\/dicodusport.fr\/blog\/mercato-cyclisme-hugo-hofstetter-va-faire-son-retour-chez-israel-premier-tech\/\" \/>\n<meta property=\"og:locale\" content=\"fr_FR\" \/>\n<meta property=\"og:type\" content=\"article\" \/>\n<meta property=\"og:title\" content=\"Mercato Cyclisme : Hugo Hofstetter va faire son retour chez Israel-Premier Tech\" \/>\n<meta property=\"og:description\" content=\"MERCATO CYCLISME - Surprise avec le d\u00e9part d&#039;Hugo Hofstetter de chez Team Ark\u00e9a-Samsic. L&#039;Alsacien retourne chez Israel-Premier Tech.\" \/>\n<meta property=\"og:url\" content=\"https:\/\/dicodusport.fr\/blog\/mercato-cyclisme-hugo-hofstetter-va-faire-son-retour-chez-israel-premier-tech\/\" \/>\n<meta property=\"og:site_name\" content=\"Dicodusport\" \/>\n<meta property=\"article:publisher\" content=\"https:\/\/www.facebook.com\/dicodusport\" \/>\n<meta property=\"article:author\" content=\"https:\/\/www.facebook.com\/sebastien.gente\/\" \/>\n<meta property=\"article:published_time\" content=\"2023-08-30T09:26:03+00:00\" \/>\n<meta property=\"article:modified_time\" content=\"2023-10-02T09:35:53+00:00\" \/>\n<meta property=\"og:image\" content=\"https:\/\/dicodusport.fr\/blog\/wp-content\/uploads\/2023\/08\/Mercato-Cyclisme-Hugo-Hofstetter-va-faire-son-retour-chez-Israel-Premier-Tech.png\" \/>\n\t<meta property=\"og:image:width\" content=\"800\" \/>\n\t<meta property=\"og:image:height\" content=\"445\" \/>\n\t<meta property=\"og:image:type\" content=\"image\/png\" \/>\n<meta name=\"author\" content=\"S\u00e9bastien Gente\" \/>\n<meta name=\"twitter:card\" content=\"summary_large_image\" \/>\n<meta name=\"twitter:title\" content=\"Mercato Cyclisme : Hugo Hofstetter va faire son retour chez Israel-Premier Tech\" \/>\n<meta name=\"twitter:creator\" content=\"@https:\/\/twitter.com\/globulo24\" \/>\n<meta name=\"twitter:site\" content=\"@dicodusport\" \/>\n<script type=\"application\/ld+json\" class=\"yoast-schema-graph\">{\"@context\":\"https:\/\/schema.org\",\"@graph\":[{\"@type\":\"NewsArticle\",\"@id\":\"https:\/\/dicodusport.fr\/blog\/mercato-cyclisme-hugo-hofstetter-va-faire-son-retour-chez-israel-premier-tech\/#article\",\"isPartOf\":{\"@id\":\"https:\/\/dicodusport.fr\/blog\/mercato-cyclisme-hugo-hofstetter-va-faire-son-retour-chez-israel-premier-tech\/\"},\"author\":{\"name\":\"S\u00e9bastien Gente\",\"@id\":\"https:\/\/dicodusport.fr\/blog\/#\/schema\/person\/627966a6cde45dbd8c5e36ac85d783da\"},\"headline\":\"Mercato Cyclisme : Hugo Hofstetter va faire son retour chez Israel-Premier Tech\",\"datePublished\":\"2023-08-30T09:26:03+00:00\",\"dateModified\":\"2023-10-02T09:35:53+00:00\",\"mainEntityOfPage\":{\"@id\":\"https:\/\/dicodusport.fr\/blog\/mercato-cyclisme-hugo-hofstetter-va-faire-son-retour-chez-israel-premier-tech\/\"},\"wordCount\":242,\"commentCount\":0,\"publisher\":{\"@id\":\"https:\/\/dicodusport.fr\/blog\/#organization\"},\"image\":{\"@id\":\"https:\/\/dicodusport.fr\/blog\/mercato-cyclisme-hugo-hofstetter-va-faire-son-retour-chez-israel-premier-tech\/#primaryimage\"},\"thumbnailUrl\":\"https:\/\/dicodusport.fr\/blog\/wp-content\/uploads\/2023\/08\/Mercato-Cyclisme-Hugo-Hofstetter-va-faire-son-retour-chez-Israel-Premier-Tech.png\",\"keywords\":[\"br\u00e8ve\",\"Mercato Cyclisme\"],\"articleSection\":[\"Cyclisme sur route\"],\"inLanguage\":\"fr-FR\",\"potentialAction\":[{\"@type\":\"CommentAction\",\"name\":\"Comment\",\"target\":[\"https:\/\/dicodusport.fr\/blog\/mercato-cyclisme-hugo-hofstetter-va-faire-son-retour-chez-israel-premier-tech\/#respond\"]}],\"copyrightYear\":\"2023\",\"copyrightHolder\":{\"@id\":\"https:\/\/dicodusport.fr\/blog\/#organization\"}},{\"@type\":\"WebPage\",\"@id\":\"https:\/\/dicodusport.fr\/blog\/mercato-cyclisme-hugo-hofstetter-va-faire-son-retour-chez-israel-premier-tech\/\",\"url\":\"https:\/\/dicodusport.fr\/blog\/mercato-cyclisme-hugo-hofstetter-va-faire-son-retour-chez-israel-premier-tech\/\",\"name\":\"Mercato Cyclisme : Hugo Hofstetter va faire son retour chez Israel-Premier Tech\",\"isPartOf\":{\"@id\":\"https:\/\/dicodusport.fr\/blog\/#website\"},\"primaryImageOfPage\":{\"@id\":\"https:\/\/dicodusport.fr\/blog\/mercato-cyclisme-hugo-hofstetter-va-faire-son-retour-chez-israel-premier-tech\/#primaryimage\"},\"image\":{\"@id\":\"https:\/\/dicodusport.fr\/blog\/mercato-cyclisme-hugo-hofstetter-va-faire-son-retour-chez-israel-premier-tech\/#primaryimage\"},\"thumbnailUrl\":\"https:\/\/dicodusport.fr\/blog\/wp-content\/uploads\/2023\/08\/Mercato-Cyclisme-Hugo-Hofstetter-va-faire-son-retour-chez-Israel-Premier-Tech.png\",\"datePublished\":\"2023-08-30T09:26:03+00:00\",\"dateModified\":\"2023-10-02T09:35:53+00:00\",\"description\":\"MERCATO CYCLISME - Surprise avec le d\u00e9part d'Hugo Hofstetter de chez Team Ark\u00e9a-Samsic. L'Alsacien retourne chez Israel-Premier Tech.\",\"breadcrumb\":{\"@id\":\"https:\/\/dicodusport.fr\/blog\/mercato-cyclisme-hugo-hofstetter-va-faire-son-retour-chez-israel-premier-tech\/#breadcrumb\"},\"inLanguage\":\"fr-FR\",\"potentialAction\":[{\"@type\":\"ReadAction\",\"target\":[\"https:\/\/dicodusport.fr\/blog\/mercato-cyclisme-hugo-hofstetter-va-faire-son-retour-chez-israel-premier-tech\/\"]}]},{\"@type\":\"ImageObject\",\"inLanguage\":\"fr-FR\",\"@id\":\"https:\/\/dicodusport.fr\/blog\/mercato-cyclisme-hugo-hofstetter-va-faire-son-retour-chez-israel-premier-tech\/#primaryimage\",\"url\":\"https:\/\/dicodusport.fr\/blog\/wp-content\/uploads\/2023\/08\/Mercato-Cyclisme-Hugo-Hofstetter-va-faire-son-retour-chez-Israel-Premier-Tech.png\",\"contentUrl\":\"https:\/\/dicodusport.fr\/blog\/wp-content\/uploads\/2023\/08\/Mercato-Cyclisme-Hugo-Hofstetter-va-faire-son-retour-chez-Israel-Premier-Tech.png\",\"width\":800,\"height\":445,\"caption\":\"Mercato Cyclisme Hugo Hofstetter va faire son retour chez Israel-Premier Tech\"},{\"@type\":\"BreadcrumbList\",\"@id\":\"https:\/\/dicodusport.fr\/blog\/mercato-cyclisme-hugo-hofstetter-va-faire-son-retour-chez-israel-premier-tech\/#breadcrumb\",\"itemListElement\":[{\"@type\":\"ListItem\",\"position\":1,\"name\":\"Accueil\",\"item\":\"https:\/\/dicodusport.fr\/blog\/\"},{\"@type\":\"ListItem\",\"position\":2,\"name\":\"Mercato Cyclisme : Hugo Hofstetter va faire son retour chez Israel-Premier Tech\"}]},{\"@type\":\"WebSite\",\"@id\":\"https:\/\/dicodusport.fr\/blog\/#website\",\"url\":\"https:\/\/dicodusport.fr\/blog\/\",\"name\":\"Dicodusport\",\"description\":\"L&#039;encyclop\u00e9die de l&#039;actualit\u00e9 sportive\",\"publisher\":{\"@id\":\"https:\/\/dicodusport.fr\/blog\/#organization\"},\"potentialAction\":[{\"@type\":\"SearchAction\",\"target\":{\"@type\":\"EntryPoint\",\"urlTemplate\":\"https:\/\/dicodusport.fr\/blog\/?s={search_term_string}\"},\"query-input\":{\"@type\":\"PropertyValueSpecification\",\"valueRequired\":true,\"valueName\":\"search_term_string\"}}],\"inLanguage\":\"fr-FR\"},{\"@type\":\"NewsMediaOrganization\",\"@id\":\"https:\/\/dicodusport.fr\/blog\/#organization\",\"name\":\"Dicodusport\",\"url\":\"https:\/\/dicodusport.fr\/blog\/\",\"logo\":{\"@type\":\"ImageObject\",\"inLanguage\":\"fr-FR\",\"@id\":\"https:\/\/dicodusport.fr\/blog\/#\/schema\/logo\/image\/\",\"url\":\"https:\/\/dicodusport.fr\/blog\/wp-content\/uploads\/2020\/06\/cropped-LOGO-DICODUSPORT-2020-SANS-FOND-SANS-TEXTE.png\",\"contentUrl\":\"https:\/\/dicodusport.fr\/blog\/wp-content\/uploads\/2020\/06\/cropped-LOGO-DICODUSPORT-2020-SANS-FOND-SANS-TEXTE.png\",\"width\":512,\"height\":512,\"caption\":\"Dicodusport\"},\"image\":{\"@id\":\"https:\/\/dicodusport.fr\/blog\/#\/schema\/logo\/image\/\"},\"sameAs\":[\"https:\/\/www.facebook.com\/dicodusport\",\"https:\/\/x.com\/dicodusport\",\"https:\/\/www.instagram.com\/dicodusport\/\",\"https:\/\/www.youtube.com\/channel\/UC7V2KZ5sd3htJivAbA4ZG3w\"],\"description\":\"Dicodusport est l'encyclop\u00e9die de l'actualit\u00e9 sportive.\",\"email\":\"bonjour@dicodusport.fr\",\"legalName\":\"DICODUSPORT\",\"foundingDate\":\"2018-01-14\",\"vatID\":\"FR71834470973\",\"taxID\":\"83447097300043\",\"numberOfEmployees\":{\"@type\":\"QuantitativeValue\",\"minValue\":\"1\",\"maxValue\":\"10\"}},{\"@type\":\"Person\",\"@id\":\"https:\/\/dicodusport.fr\/blog\/#\/schema\/person\/627966a6cde45dbd8c5e36ac85d783da\",\"name\":\"S\u00e9bastien Gente\",\"image\":{\"@type\":\"ImageObject\",\"inLanguage\":\"fr-FR\",\"@id\":\"https:\/\/dicodusport.fr\/blog\/#\/schema\/person\/image\/\",\"url\":\"https:\/\/dicodusport.fr\/blog\/wp-content\/uploads\/2021\/09\/1510990_10205810251400683_4124423575079401707_n-150x150.jpg\",\"contentUrl\":\"https:\/\/dicodusport.fr\/blog\/wp-content\/uploads\/2021\/09\/1510990_10205810251400683_4124423575079401707_n-150x150.jpg\",\"caption\":\"S\u00e9bastien Gente\"},\"description\":\"John Stockton, Gianni Bugno, Zinedine Zidane, Steffi Graf, Frode Andresen, St\u00e9phane Stoecklin, Davis Kamoga, Primoz Peterka, Werner Schlager et Aur\u00e9lien Rougerie. Point commun entre ces sportifs? Ils m'ont fait r\u00eaver et ont berc\u00e9 mon adolescence. Je suis un fondu de sports et j'essaie de retranscrire ma passion \u00e0 travers mes articles. Originaire du P\u00e9rigord, ma passion pour les Girondins, les Jaunards et les Jazzmen transpire dans mes \u00e9crits. \u00c0 Dicodusport depuis 2021, je d\u00e9niche les sports m\u00e9connus dans lesquels la France brille, et il y en a !\",\"sameAs\":[\"https:\/\/www.facebook.com\/sebastien.gente\/\",\"https:\/\/www.instagram.com\/sebgente\/\",\"https:\/\/www.linkedin.com\/in\/sbastien-gente-a29583169\/\",\"https:\/\/x.com\/https:\/\/twitter.com\/globulo24\",\"SebastienGente\"],\"worksFor\":\"S\u00e9bastien GENTE\",\"url\":\"https:\/\/dicodusport.fr\/blog\/author\/sebastiengente\/\"}]}<\/script>\n<!-- \/ Yoast SEO Premium plugin. -->","yoast_head_json":{"title":"Mercato Cyclisme : Hugo Hofstetter va faire son retour chez Israel-Premier Tech","description":"MERCATO CYCLISME - Surprise avec le d\u00e9part d'Hugo Hofstetter de chez Team Ark\u00e9a-Samsic. L'Alsacien retourne chez Israel-Premier Tech.","robots":{"index":"index","follow":"follow","max-snippet":"max-snippet:-1","max-image-preview":"max-image-preview:large","max-video-preview":"max-video-preview:-1"},"canonical":"https:\/\/dicodusport.fr\/blog\/mercato-cyclisme-hugo-hofstetter-va-faire-son-retour-chez-israel-premier-tech\/","og_locale":"fr_FR","og_type":"article","og_title":"Mercato Cyclisme : Hugo Hofstetter va faire son retour chez Israel-Premier Tech","og_description":"MERCATO CYCLISME - Surprise avec le d\u00e9part d'Hugo Hofstetter de chez Team Ark\u00e9a-Samsic. L'Alsacien retourne chez Israel-Premier Tech.","og_url":"https:\/\/dicodusport.fr\/blog\/mercato-cyclisme-hugo-hofstetter-va-faire-son-retour-chez-israel-premier-tech\/","og_site_name":"Dicodusport","article_publisher":"https:\/\/www.facebook.com\/dicodusport","article_author":"https:\/\/www.facebook.com\/sebastien.gente\/","article_published_time":"2023-08-30T09:26:03+00:00","article_modified_time":"2023-10-02T09:35:53+00:00","og_image":[{"width":800,"height":445,"url":"https:\/\/dicodusport.fr\/blog\/wp-content\/uploads\/2023\/08\/Mercato-Cyclisme-Hugo-Hofstetter-va-faire-son-retour-chez-Israel-Premier-Tech.png","type":"image\/png"}],"author":"S\u00e9bastien Gente","twitter_card":"summary_large_image","twitter_title":"Mercato Cyclisme : Hugo Hofstetter va faire son retour chez Israel-Premier Tech","twitter_creator":"@https:\/\/twitter.com\/globulo24","twitter_site":"@dicodusport","schema":{"@context":"https:\/\/schema.org","@graph":[{"@type":"NewsArticle","@id":"https:\/\/dicodusport.fr\/blog\/mercato-cyclisme-hugo-hofstetter-va-faire-son-retour-chez-israel-premier-tech\/#article","isPartOf":{"@id":"https:\/\/dicodusport.fr\/blog\/mercato-cyclisme-hugo-hofstetter-va-faire-son-retour-chez-israel-premier-tech\/"},"author":{"name":"S\u00e9bastien Gente","@id":"https:\/\/dicodusport.fr\/blog\/#\/schema\/person\/627966a6cde45dbd8c5e36ac85d783da"},"headline":"Mercato Cyclisme : Hugo Hofstetter va faire son retour chez Israel-Premier Tech","datePublished":"2023-08-30T09:26:03+00:00","dateModified":"2023-10-02T09:35:53+00:00","mainEntityOfPage":{"@id":"https:\/\/dicodusport.fr\/blog\/mercato-cyclisme-hugo-hofstetter-va-faire-son-retour-chez-israel-premier-tech\/"},"wordCount":242,"commentCount":0,"publisher":{"@id":"https:\/\/dicodusport.fr\/blog\/#organization"},"image":{"@id":"https:\/\/dicodusport.fr\/blog\/mercato-cyclisme-hugo-hofstetter-va-faire-son-retour-chez-israel-premier-tech\/#primaryimage"},"thumbnailUrl":"https:\/\/dicodusport.fr\/blog\/wp-content\/uploads\/2023\/08\/Mercato-Cyclisme-Hugo-Hofstetter-va-faire-son-retour-chez-Israel-Premier-Tech.png","keywords":["br\u00e8ve","Mercato Cyclisme"],"articleSection":["Cyclisme sur route"],"inLanguage":"fr-FR","potentialAction":[{"@type":"CommentAction","name":"Comment","target":["https:\/\/dicodusport.fr\/blog\/mercato-cyclisme-hugo-hofstetter-va-faire-son-retour-chez-israel-premier-tech\/#respond"]}],"copyrightYear":"2023","copyrightHolder":{"@id":"https:\/\/dicodusport.fr\/blog\/#organization"}},{"@type":"WebPage","@id":"https:\/\/dicodusport.fr\/blog\/mercato-cyclisme-hugo-hofstetter-va-faire-son-retour-chez-israel-premier-tech\/","url":"https:\/\/dicodusport.fr\/blog\/mercato-cyclisme-hugo-hofstetter-va-faire-son-retour-chez-israel-premier-tech\/","name":"Mercato Cyclisme : Hugo Hofstetter va faire son retour chez Israel-Premier Tech","isPartOf":{"@id":"https:\/\/dicodusport.fr\/blog\/#website"},"primaryImageOfPage":{"@id":"https:\/\/dicodusport.fr\/blog\/mercato-cyclisme-hugo-hofstetter-va-faire-son-retour-chez-israel-premier-tech\/#primaryimage"},"image":{"@id":"https:\/\/dicodusport.fr\/blog\/mercato-cyclisme-hugo-hofstetter-va-faire-son-retour-chez-israel-premier-tech\/#primaryimage"},"thumbnailUrl":"https:\/\/dicodusport.fr\/blog\/wp-content\/uploads\/2023\/08\/Mercato-Cyclisme-Hugo-Hofstetter-va-faire-son-retour-chez-Israel-Premier-Tech.png","datePublished":"2023-08-30T09:26:03+00:00","dateModified":"2023-10-02T09:35:53+00:00","description":"MERCATO CYCLISME - Surprise avec le d\u00e9part d'Hugo Hofstetter de chez Team Ark\u00e9a-Samsic. L'Alsacien retourne chez Israel-Premier Tech.","breadcrumb":{"@id":"https:\/\/dicodusport.fr\/blog\/mercato-cyclisme-hugo-hofstetter-va-faire-son-retour-chez-israel-premier-tech\/#breadcrumb"},"inLanguage":"fr-FR","potentialAction":[{"@type":"ReadAction","target":["https:\/\/dicodusport.fr\/blog\/mercato-cyclisme-hugo-hofstetter-va-faire-son-retour-chez-israel-premier-tech\/"]}]},{"@type":"ImageObject","inLanguage":"fr-FR","@id":"https:\/\/dicodusport.fr\/blog\/mercato-cyclisme-hugo-hofstetter-va-faire-son-retour-chez-israel-premier-tech\/#primaryimage","url":"https:\/\/dicodusport.fr\/blog\/wp-content\/uploads\/2023\/08\/Mercato-Cyclisme-Hugo-Hofstetter-va-faire-son-retour-chez-Israel-Premier-Tech.png","contentUrl":"https:\/\/dicodusport.fr\/blog\/wp-content\/uploads\/2023\/08\/Mercato-Cyclisme-Hugo-Hofstetter-va-faire-son-retour-chez-Israel-Premier-Tech.png","width":800,"height":445,"caption":"Mercato Cyclisme Hugo Hofstetter va faire son retour chez Israel-Premier Tech"},{"@type":"BreadcrumbList","@id":"https:\/\/dicodusport.fr\/blog\/mercato-cyclisme-hugo-hofstetter-va-faire-son-retour-chez-israel-premier-tech\/#breadcrumb","itemListElement":[{"@type":"ListItem","position":1,"name":"Accueil","item":"https:\/\/dicodusport.fr\/blog\/"},{"@type":"ListItem","position":2,"name":"Mercato Cyclisme : Hugo Hofstetter va faire son retour chez Israel-Premier Tech"}]},{"@type":"WebSite","@id":"https:\/\/dicodusport.fr\/blog\/#website","url":"https:\/\/dicodusport.fr\/blog\/","name":"Dicodusport","description":"L&#039;encyclop\u00e9die de l&#039;actualit\u00e9 sportive","publisher":{"@id":"https:\/\/dicodusport.fr\/blog\/#organization"},"potentialAction":[{"@type":"SearchAction","target":{"@type":"EntryPoint","urlTemplate":"https:\/\/dicodusport.fr\/blog\/?s={search_term_string}"},"query-input":{"@type":"PropertyValueSpecification","valueRequired":true,"valueName":"search_term_string"}}],"inLanguage":"fr-FR"},{"@type":"NewsMediaOrganization","@id":"https:\/\/dicodusport.fr\/blog\/#organization","name":"Dicodusport","url":"https:\/\/dicodusport.fr\/blog\/","logo":{"@type":"ImageObject","inLanguage":"fr-FR","@id":"https:\/\/dicodusport.fr\/blog\/#\/schema\/logo\/image\/","url":"https:\/\/dicodusport.fr\/blog\/wp-content\/uploads\/2020\/06\/cropped-LOGO-DICODUSPORT-2020-SANS-FOND-SANS-TEXTE.png","contentUrl":"https:\/\/dicodusport.fr\/blog\/wp-content\/uploads\/2020\/06\/cropped-LOGO-DICODUSPORT-2020-SANS-FOND-SANS-TEXTE.png","width":512,"height":512,"caption":"Dicodusport"},"image":{"@id":"https:\/\/dicodusport.fr\/blog\/#\/schema\/logo\/image\/"},"sameAs":["https:\/\/www.facebook.com\/dicodusport","https:\/\/x.com\/dicodusport","https:\/\/www.instagram.com\/dicodusport\/","https:\/\/www.youtube.com\/channel\/UC7V2KZ5sd3htJivAbA4ZG3w"],"description":"Dicodusport est l'encyclop\u00e9die de l'actualit\u00e9 sportive.","email":"bonjour@dicodusport.fr","legalName":"DICODUSPORT","foundingDate":"2018-01-14","vatID":"FR71834470973","taxID":"83447097300043","numberOfEmployees":{"@type":"QuantitativeValue","minValue":"1","maxValue":"10"}},{"@type":"Person","@id":"https:\/\/dicodusport.fr\/blog\/#\/schema\/person\/627966a6cde45dbd8c5e36ac85d783da","name":"S\u00e9bastien Gente","image":{"@type":"ImageObject","inLanguage":"fr-FR","@id":"https:\/\/dicodusport.fr\/blog\/#\/schema\/person\/image\/","url":"https:\/\/dicodusport.fr\/blog\/wp-content\/uploads\/2021\/09\/1510990_10205810251400683_4124423575079401707_n-150x150.jpg","contentUrl":"https:\/\/dicodusport.fr\/blog\/wp-content\/uploads\/2021\/09\/1510990_10205810251400683_4124423575079401707_n-150x150.jpg","caption":"S\u00e9bastien Gente"},"description":"John Stockton, Gianni Bugno, Zinedine Zidane, Steffi Graf, Frode Andresen, St\u00e9phane Stoecklin, Davis Kamoga, Primoz Peterka, Werner Schlager et Aur\u00e9lien Rougerie. Point commun entre ces sportifs? Ils m'ont fait r\u00eaver et ont berc\u00e9 mon adolescence. Je suis un fondu de sports et j'essaie de retranscrire ma passion \u00e0 travers mes articles. Originaire du P\u00e9rigord, ma passion pour les Girondins, les Jaunards et les Jazzmen transpire dans mes \u00e9crits. \u00c0 Dicodusport depuis 2021, je d\u00e9niche les sports m\u00e9connus dans lesquels la France brille, et il y en a !","sameAs":["https:\/\/www.facebook.com\/sebastien.gente\/","https:\/\/www.instagram.com\/sebgente\/","https:\/\/www.linkedin.com\/in\/sbastien-gente-a29583169\/","https:\/\/x.com\/https:\/\/twitter.com\/globulo24","SebastienGente"],"worksFor":"S\u00e9bastien GENTE","url":"https:\/\/dicodusport.fr\/blog\/author\/sebastiengente\/"}]}},"_links":{"self":[{"href":"https:\/\/dicodusport.fr\/blog\/wp-json\/wp\/v2\/posts\/413686","targetHints":{"allow":["GET"]}}],"collection":[{"href":"https:\/\/dicodusport.fr\/blog\/wp-json\/wp\/v2\/posts"}],"about":[{"href":"https:\/\/dicodusport.fr\/blog\/wp-json\/wp\/v2\/types\/post"}],"author":[{"embeddable":true,"href":"https:\/\/dicodusport.fr\/blog\/wp-json\/wp\/v2\/users\/59"}],"replies":[{"embeddable":true,"href":"https:\/\/dicodusport.fr\/blog\/wp-json\/wp\/v2\/comments?post=413686"}],"version-history":[{"count":0,"href":"https:\/\/dicodusport.fr\/blog\/wp-json\/wp\/v2\/posts\/413686\/revisions"}],"wp:featuredmedia":[{"embeddable":true,"href":"https:\/\/dicodusport.fr\/blog\/wp-json\/wp\/v2\/media\/413689"}],"wp:attachment":[{"href":"https:\/\/dicodusport.fr\/blog\/wp-json\/wp\/v2\/media?parent=413686"}],"wp:term":[{"taxonomy":"category","embeddable":true,"href":"https:\/\/dicodusport.fr\/blog\/wp-json\/wp\/v2\/categories?post=413686"},{"taxonomy":"post_tag","embeddable":true,"href":"https:\/\/dicodusport.fr\/blog\/wp-json\/wp\/v2\/tags?post=413686"}],"curies":[{"name":"wp","href":"https:\/\/api.w.org\/{rel}","templated":true}]}}