{"id":413710,"date":"2023-08-30T13:59:24","date_gmt":"2023-08-30T11:59:24","guid":{"rendered":"https:\/\/dicodusport.fr\/blog\/?p=413710&#038;preview=true&#038;preview_id=413710"},"modified":"2023-08-30T14:06:07","modified_gmt":"2023-08-30T12:06:07","slug":"mercato-le-fc-lorient-fonce-sur-donny-van-de-beek","status":"publish","type":"post","link":"https:\/\/dicodusport.fr\/blog\/mercato-le-fc-lorient-fonce-sur-donny-van-de-beek\/","title":{"rendered":"Mercato : Le FC Lorient fonce sur Donny van de Beek"},"content":{"rendered":"<p style=\"text-align: justify;\" align=\"justify\"><em><strong>LIGUE 1 2023-2024 &#8211; Selon Foot Mercato, Donny van de Beek pourrait s&rsquo;engager avec Lorient avant la fin du mercato d&rsquo;\u00e9t\u00e9.\u00a0<\/strong><\/em><\/p>\n<p style=\"text-align: justify;\" align=\"justify\">Les <strong>Merlus<\/strong> ont r\u00e9alis\u00e9 une entame de saison int\u00e9ressante, mais ne semblent pas avoir termin\u00e9 leur mercato estival. Lorient a perdu gros au milieu de terrain cet \u00e9t\u00e9, puisque <strong>Enzo Le F\u00e9e<\/strong> a \u00e9t\u00e9 vendu au <strong>Stade<\/strong> <strong>Rennais<\/strong> pour plus de 20 millions d&rsquo;euros. Le club breton a toujours plusieurs options au milieu de terrain, comme<strong> Jean-Victor Makengo<\/strong>, <strong>Laurent<\/strong> <strong>Abergel<\/strong> et <strong>Julien<\/strong> <strong>Ponceau<\/strong>.<\/p>\n<ul>\n<li style=\"text-align: justify;\"><strong>\u00c0 lire aussi &#8211; <a href=\"https:\/\/dicodusport.fr\/blog\/actualites\/football\/\">L&rsquo;actualit\u00e9 du football<\/a><\/strong><\/li>\n<\/ul>\n<h2 style=\"text-align: justify;\" align=\"justify\">Lorient fonce sur van de Beek<\/h2>\n<p style=\"text-align: justify;\" align=\"justify\">Mais les <strong>Merlus<\/strong> ne seraient pas contre un gros coup sur le march\u00e9 des transferts. Le club a trouv\u00e9 un accord avec <strong>Manchester<\/strong> <strong>United<\/strong> pour le pr\u00eat de <strong>Donny<\/strong> <strong>van<\/strong> <strong>de Beek<\/strong>. Mais le plus dur reste \u00e0 venir pour les Lorientais, puisqu&rsquo;il faut maintenant convaincre le joueur qui dispose de plusieurs offres sur la table. C&rsquo;est le cas de clubs plus hupp\u00e9s, comme la <strong>Real<\/strong> <strong>Sociedad<\/strong>.<\/p>\n<p style=\"text-align: justify;\" align=\"justify\"><strong>Lorient<\/strong> attend donc la r\u00e9ponse de l&rsquo;international n\u00e9erlandais qui veut relancer sa carri\u00e8re. Arriv\u00e9 \u00e0 <strong>Manchester United<\/strong> contre pr\u00e8s de 40 millions d&rsquo;euros, il n&rsquo;a jamais r\u00e9ussi \u00e0 s&rsquo;imposer et n&rsquo;a disput\u00e9 que 60 matchs en trois saisons, souvent en sortie de banc. Pas \u00e9pargn\u00e9 par les blessures ces derni\u00e8res ann\u00e9es, <strong>Donny van de Beek<\/strong> pourrait donc atterrir en <strong>Ligue<\/strong> <strong>1<\/strong>.<\/p>\n<blockquote class=\"twitter-tweet\">\n<p dir=\"ltr\" lang=\"fr\">\ud83d\udea8EXCL: \ud83d\udd34\ud83c\uddf3\ud83c\uddf1 <a href=\"https:\/\/twitter.com\/hashtag\/PL?src=hash&amp;ref_src=twsrc%5Etfw\">#PL<\/a> |<\/p>\n<p>\u25c9 \ud83d\udca3 Lorient tente un gros coup : Donny van de Beek \u203c\ufe0f Accord trouv\u00e9 avec Manchester United pour un pr\u00eat \u203c\ufe0f<\/p>\n<p>\u25c9 Manque d\u00e9sormais l&rsquo;accord du joueur \u23f3\ufe0f Grosse concurrence dans le dossier mais Lorient montre ses nouvelles ambitions \ud83d\udc40<a href=\"https:\/\/t.co\/YnQr043rhl\">https:\/\/t.co\/YnQr043rhl<\/a> <a href=\"https:\/\/t.co\/HfReeBQ70U\">pic.twitter.com\/HfReeBQ70U<\/a><\/p>\n<p>\u2014 Santi Aouna (@Santi_J_FM) <a href=\"https:\/\/twitter.com\/Santi_J_FM\/status\/1696841271006859762?ref_src=twsrc%5Etfw\">August 30, 2023<\/a><\/p><\/blockquote>\n<p style=\"text-align: justify;\"><script async src=\"https:\/\/platform.twitter.com\/widgets.js\" charset=\"utf-8\"><\/script><\/p>\n","protected":false},"excerpt":{"rendered":"<p>LIGUE 1 2023-2024 &#8211; Selon Foot Mercato, Donny van de Beek pourrait s&rsquo;engager avec Lorient avant la fin du mercato d&rsquo;\u00e9t\u00e9.\u00a0<\/p>\n","protected":false},"author":1,"featured_media":413717,"comment_status":"open","ping_status":"closed","sticky":false,"template":"","format":"standard","meta":{"_acf_changed":false,"_daextam_enable_autolinks":"","footnotes":""},"categories":[2301,47045],"tags":[16878,75,5450],"class_list":["post-413710","post","type-post","status-publish","format-standard","has-post-thumbnail","hentry","category-football","category-ligue-1","tag-breve","tag-football","tag-lorient"],"acf":[],"yoast_head":"<!-- This site is optimized with the Yoast SEO Premium plugin v26.7 (Yoast SEO v26.7) - https:\/\/yoast.com\/wordpress\/plugins\/seo\/ -->\n<title>Mercato : Le FC Lorient fonce sur Donny van de Beek<\/title>\n<meta name=\"description\" content=\"LIGUE 1 2023-2024 - Selon Foot Mercato, Donny van de Beek pourrait s&#039;engager avec Lorient avant la fin du mercato d&#039;\u00e9t\u00e9.\u00a0\" \/>\n<meta name=\"robots\" content=\"index, follow, max-snippet:-1, max-image-preview:large, max-video-preview:-1\" \/>\n<link rel=\"canonical\" href=\"https:\/\/dicodusport.fr\/blog\/mercato-le-fc-lorient-fonce-sur-donny-van-de-beek\/\" \/>\n<meta property=\"og:locale\" content=\"fr_FR\" \/>\n<meta property=\"og:type\" content=\"article\" \/>\n<meta property=\"og:title\" content=\"Mercato : Le FC Lorient fonce sur Donny van de Beek\" \/>\n<meta property=\"og:description\" content=\"LIGUE 1 2023-2024 - Selon Foot Mercato, Donny van de Beek pourrait s&#039;engager avec Lorient avant la fin du mercato d&#039;\u00e9t\u00e9.\u00a0\" \/>\n<meta property=\"og:url\" content=\"https:\/\/dicodusport.fr\/blog\/mercato-le-fc-lorient-fonce-sur-donny-van-de-beek\/\" \/>\n<meta property=\"og:site_name\" content=\"Dicodusport\" \/>\n<meta property=\"article:publisher\" content=\"https:\/\/www.facebook.com\/dicodusport\" \/>\n<meta property=\"article:author\" content=\"https:\/\/www.facebook.com\/dicodusport\" \/>\n<meta property=\"article:published_time\" content=\"2023-08-30T11:59:24+00:00\" \/>\n<meta property=\"article:modified_time\" content=\"2023-08-30T12:06:07+00:00\" \/>\n<meta property=\"og:image\" content=\"https:\/\/dicodusport.fr\/blog\/wp-content\/uploads\/2023\/08\/Mercato-Le-FC-Lorient-fonce-sur-Donny-van-de-Beek.png\" \/>\n\t<meta property=\"og:image:width\" content=\"800\" \/>\n\t<meta property=\"og:image:height\" content=\"445\" \/>\n\t<meta property=\"og:image:type\" content=\"image\/png\" \/>\n<meta name=\"author\" content=\"Nicolas Jacquemard\" \/>\n<meta name=\"twitter:card\" content=\"summary_large_image\" \/>\n<meta name=\"twitter:title\" content=\"Mercato : Le FC Lorient fonce sur Donny van de Beek\" \/>\n<meta name=\"twitter:creator\" content=\"@https:\/\/twitter.com\/Nico_Jacquemard\" \/>\n<meta name=\"twitter:site\" content=\"@dicodusport\" \/>\n<script type=\"application\/ld+json\" class=\"yoast-schema-graph\">{\"@context\":\"https:\/\/schema.org\",\"@graph\":[{\"@type\":\"NewsArticle\",\"@id\":\"https:\/\/dicodusport.fr\/blog\/mercato-le-fc-lorient-fonce-sur-donny-van-de-beek\/#article\",\"isPartOf\":{\"@id\":\"https:\/\/dicodusport.fr\/blog\/mercato-le-fc-lorient-fonce-sur-donny-van-de-beek\/\"},\"author\":{\"name\":\"Nicolas Jacquemard\",\"@id\":\"https:\/\/dicodusport.fr\/blog\/#\/schema\/person\/55dcb50ad410894e431ed812bbb70191\"},\"headline\":\"Mercato : Le FC Lorient fonce sur Donny van de Beek\",\"datePublished\":\"2023-08-30T11:59:24+00:00\",\"dateModified\":\"2023-08-30T12:06:07+00:00\",\"mainEntityOfPage\":{\"@id\":\"https:\/\/dicodusport.fr\/blog\/mercato-le-fc-lorient-fonce-sur-donny-van-de-beek\/\"},\"wordCount\":303,\"commentCount\":0,\"publisher\":{\"@id\":\"https:\/\/dicodusport.fr\/blog\/#organization\"},\"image\":{\"@id\":\"https:\/\/dicodusport.fr\/blog\/mercato-le-fc-lorient-fonce-sur-donny-van-de-beek\/#primaryimage\"},\"thumbnailUrl\":\"https:\/\/dicodusport.fr\/blog\/wp-content\/uploads\/2023\/08\/Mercato-Le-FC-Lorient-fonce-sur-Donny-van-de-Beek.png\",\"keywords\":[\"br\u00e8ve\",\"Football\",\"Lorient\"],\"articleSection\":[\"Football\",\"Ligue 1\"],\"inLanguage\":\"fr-FR\",\"potentialAction\":[{\"@type\":\"CommentAction\",\"name\":\"Comment\",\"target\":[\"https:\/\/dicodusport.fr\/blog\/mercato-le-fc-lorient-fonce-sur-donny-van-de-beek\/#respond\"]}],\"copyrightYear\":\"2023\",\"copyrightHolder\":{\"@id\":\"https:\/\/dicodusport.fr\/blog\/#organization\"}},{\"@type\":\"WebPage\",\"@id\":\"https:\/\/dicodusport.fr\/blog\/mercato-le-fc-lorient-fonce-sur-donny-van-de-beek\/\",\"url\":\"https:\/\/dicodusport.fr\/blog\/mercato-le-fc-lorient-fonce-sur-donny-van-de-beek\/\",\"name\":\"Mercato : Le FC Lorient fonce sur Donny van de Beek\",\"isPartOf\":{\"@id\":\"https:\/\/dicodusport.fr\/blog\/#website\"},\"primaryImageOfPage\":{\"@id\":\"https:\/\/dicodusport.fr\/blog\/mercato-le-fc-lorient-fonce-sur-donny-van-de-beek\/#primaryimage\"},\"image\":{\"@id\":\"https:\/\/dicodusport.fr\/blog\/mercato-le-fc-lorient-fonce-sur-donny-van-de-beek\/#primaryimage\"},\"thumbnailUrl\":\"https:\/\/dicodusport.fr\/blog\/wp-content\/uploads\/2023\/08\/Mercato-Le-FC-Lorient-fonce-sur-Donny-van-de-Beek.png\",\"datePublished\":\"2023-08-30T11:59:24+00:00\",\"dateModified\":\"2023-08-30T12:06:07+00:00\",\"description\":\"LIGUE 1 2023-2024 - Selon Foot Mercato, Donny van de Beek pourrait s'engager avec Lorient avant la fin du mercato d'\u00e9t\u00e9.\u00a0\",\"breadcrumb\":{\"@id\":\"https:\/\/dicodusport.fr\/blog\/mercato-le-fc-lorient-fonce-sur-donny-van-de-beek\/#breadcrumb\"},\"inLanguage\":\"fr-FR\",\"potentialAction\":[{\"@type\":\"ReadAction\",\"target\":[\"https:\/\/dicodusport.fr\/blog\/mercato-le-fc-lorient-fonce-sur-donny-van-de-beek\/\"]}]},{\"@type\":\"ImageObject\",\"inLanguage\":\"fr-FR\",\"@id\":\"https:\/\/dicodusport.fr\/blog\/mercato-le-fc-lorient-fonce-sur-donny-van-de-beek\/#primaryimage\",\"url\":\"https:\/\/dicodusport.fr\/blog\/wp-content\/uploads\/2023\/08\/Mercato-Le-FC-Lorient-fonce-sur-Donny-van-de-Beek.png\",\"contentUrl\":\"https:\/\/dicodusport.fr\/blog\/wp-content\/uploads\/2023\/08\/Mercato-Le-FC-Lorient-fonce-sur-Donny-van-de-Beek.png\",\"width\":800,\"height\":445},{\"@type\":\"BreadcrumbList\",\"@id\":\"https:\/\/dicodusport.fr\/blog\/mercato-le-fc-lorient-fonce-sur-donny-van-de-beek\/#breadcrumb\",\"itemListElement\":[{\"@type\":\"ListItem\",\"position\":1,\"name\":\"Accueil\",\"item\":\"https:\/\/dicodusport.fr\/blog\/\"},{\"@type\":\"ListItem\",\"position\":2,\"name\":\"Mercato : Le FC Lorient fonce sur Donny van de Beek\"}]},{\"@type\":\"WebSite\",\"@id\":\"https:\/\/dicodusport.fr\/blog\/#website\",\"url\":\"https:\/\/dicodusport.fr\/blog\/\",\"name\":\"Dicodusport\",\"description\":\"L&#039;encyclop\u00e9die de l&#039;actualit\u00e9 sportive\",\"publisher\":{\"@id\":\"https:\/\/dicodusport.fr\/blog\/#organization\"},\"potentialAction\":[{\"@type\":\"SearchAction\",\"target\":{\"@type\":\"EntryPoint\",\"urlTemplate\":\"https:\/\/dicodusport.fr\/blog\/?s={search_term_string}\"},\"query-input\":{\"@type\":\"PropertyValueSpecification\",\"valueRequired\":true,\"valueName\":\"search_term_string\"}}],\"inLanguage\":\"fr-FR\"},{\"@type\":\"NewsMediaOrganization\",\"@id\":\"https:\/\/dicodusport.fr\/blog\/#organization\",\"name\":\"Dicodusport\",\"url\":\"https:\/\/dicodusport.fr\/blog\/\",\"logo\":{\"@type\":\"ImageObject\",\"inLanguage\":\"fr-FR\",\"@id\":\"https:\/\/dicodusport.fr\/blog\/#\/schema\/logo\/image\/\",\"url\":\"https:\/\/dicodusport.fr\/blog\/wp-content\/uploads\/2020\/06\/cropped-LOGO-DICODUSPORT-2020-SANS-FOND-SANS-TEXTE.png\",\"contentUrl\":\"https:\/\/dicodusport.fr\/blog\/wp-content\/uploads\/2020\/06\/cropped-LOGO-DICODUSPORT-2020-SANS-FOND-SANS-TEXTE.png\",\"width\":512,\"height\":512,\"caption\":\"Dicodusport\"},\"image\":{\"@id\":\"https:\/\/dicodusport.fr\/blog\/#\/schema\/logo\/image\/\"},\"sameAs\":[\"https:\/\/www.facebook.com\/dicodusport\",\"https:\/\/x.com\/dicodusport\",\"https:\/\/www.instagram.com\/dicodusport\/\",\"https:\/\/www.youtube.com\/channel\/UC7V2KZ5sd3htJivAbA4ZG3w\"],\"description\":\"Dicodusport est l'encyclop\u00e9die de l'actualit\u00e9 sportive.\",\"email\":\"bonjour@dicodusport.fr\",\"legalName\":\"DICODUSPORT\",\"foundingDate\":\"2018-01-14\",\"vatID\":\"FR71834470973\",\"taxID\":\"83447097300043\",\"numberOfEmployees\":{\"@type\":\"QuantitativeValue\",\"minValue\":\"1\",\"maxValue\":\"10\"}},{\"@type\":\"Person\",\"@id\":\"https:\/\/dicodusport.fr\/blog\/#\/schema\/person\/55dcb50ad410894e431ed812bbb70191\",\"name\":\"Nicolas Jacquemard\",\"image\":{\"@type\":\"ImageObject\",\"inLanguage\":\"fr-FR\",\"@id\":\"https:\/\/dicodusport.fr\/blog\/#\/schema\/person\/image\/\",\"url\":\"https:\/\/dicodusport.fr\/blog\/wp-content\/uploads\/2021\/05\/Nicolas-Jacquemard-150x150.jpeg\",\"contentUrl\":\"https:\/\/dicodusport.fr\/blog\/wp-content\/uploads\/2021\/05\/Nicolas-Jacquemard-150x150.jpeg\",\"caption\":\"Nicolas Jacquemard\"},\"description\":\"Passionn\u00e9 de sport et entrepreneur depuis mes 18 ans, la cr\u00e9ation de Dicodusport m'a sembl\u00e9 \u00e9vidente pour participer \u00e0 la m\u00e9diatisation d'un plus grand nombre de sports. Le chemin est long mais avec une \u00e9quipe des plus motiv\u00e9es et les Jeux Olympiques de Paris 2024 en point de mire, nous y arriverons ! Journaliste dans le monde du sport depuis plus de 5 ans, je traite aussi bien de football, de rugby, de biathlon que de cyclisme.\",\"sameAs\":[\"https:\/\/www.facebook.com\/dicodusport\",\"https:\/\/x.com\/https:\/\/twitter.com\/Nico_Jacquemard\"],\"url\":\"https:\/\/dicodusport.fr\/blog\/author\/dicodusport\/\"}]}<\/script>\n<!-- \/ Yoast SEO Premium plugin. -->","yoast_head_json":{"title":"Mercato : Le FC Lorient fonce sur Donny van de Beek","description":"LIGUE 1 2023-2024 - Selon Foot Mercato, Donny van de Beek pourrait s'engager avec Lorient avant la fin du mercato d'\u00e9t\u00e9.\u00a0","robots":{"index":"index","follow":"follow","max-snippet":"max-snippet:-1","max-image-preview":"max-image-preview:large","max-video-preview":"max-video-preview:-1"},"canonical":"https:\/\/dicodusport.fr\/blog\/mercato-le-fc-lorient-fonce-sur-donny-van-de-beek\/","og_locale":"fr_FR","og_type":"article","og_title":"Mercato : Le FC Lorient fonce sur Donny van de Beek","og_description":"LIGUE 1 2023-2024 - Selon Foot Mercato, Donny van de Beek pourrait s'engager avec Lorient avant la fin du mercato d'\u00e9t\u00e9.\u00a0","og_url":"https:\/\/dicodusport.fr\/blog\/mercato-le-fc-lorient-fonce-sur-donny-van-de-beek\/","og_site_name":"Dicodusport","article_publisher":"https:\/\/www.facebook.com\/dicodusport","article_author":"https:\/\/www.facebook.com\/dicodusport","article_published_time":"2023-08-30T11:59:24+00:00","article_modified_time":"2023-08-30T12:06:07+00:00","og_image":[{"width":800,"height":445,"url":"https:\/\/dicodusport.fr\/blog\/wp-content\/uploads\/2023\/08\/Mercato-Le-FC-Lorient-fonce-sur-Donny-van-de-Beek.png","type":"image\/png"}],"author":"Nicolas Jacquemard","twitter_card":"summary_large_image","twitter_title":"Mercato : Le FC Lorient fonce sur Donny van de Beek","twitter_creator":"@https:\/\/twitter.com\/Nico_Jacquemard","twitter_site":"@dicodusport","schema":{"@context":"https:\/\/schema.org","@graph":[{"@type":"NewsArticle","@id":"https:\/\/dicodusport.fr\/blog\/mercato-le-fc-lorient-fonce-sur-donny-van-de-beek\/#article","isPartOf":{"@id":"https:\/\/dicodusport.fr\/blog\/mercato-le-fc-lorient-fonce-sur-donny-van-de-beek\/"},"author":{"name":"Nicolas Jacquemard","@id":"https:\/\/dicodusport.fr\/blog\/#\/schema\/person\/55dcb50ad410894e431ed812bbb70191"},"headline":"Mercato : Le FC Lorient fonce sur Donny van de Beek","datePublished":"2023-08-30T11:59:24+00:00","dateModified":"2023-08-30T12:06:07+00:00","mainEntityOfPage":{"@id":"https:\/\/dicodusport.fr\/blog\/mercato-le-fc-lorient-fonce-sur-donny-van-de-beek\/"},"wordCount":303,"commentCount":0,"publisher":{"@id":"https:\/\/dicodusport.fr\/blog\/#organization"},"image":{"@id":"https:\/\/dicodusport.fr\/blog\/mercato-le-fc-lorient-fonce-sur-donny-van-de-beek\/#primaryimage"},"thumbnailUrl":"https:\/\/dicodusport.fr\/blog\/wp-content\/uploads\/2023\/08\/Mercato-Le-FC-Lorient-fonce-sur-Donny-van-de-Beek.png","keywords":["br\u00e8ve","Football","Lorient"],"articleSection":["Football","Ligue 1"],"inLanguage":"fr-FR","potentialAction":[{"@type":"CommentAction","name":"Comment","target":["https:\/\/dicodusport.fr\/blog\/mercato-le-fc-lorient-fonce-sur-donny-van-de-beek\/#respond"]}],"copyrightYear":"2023","copyrightHolder":{"@id":"https:\/\/dicodusport.fr\/blog\/#organization"}},{"@type":"WebPage","@id":"https:\/\/dicodusport.fr\/blog\/mercato-le-fc-lorient-fonce-sur-donny-van-de-beek\/","url":"https:\/\/dicodusport.fr\/blog\/mercato-le-fc-lorient-fonce-sur-donny-van-de-beek\/","name":"Mercato : Le FC Lorient fonce sur Donny van de Beek","isPartOf":{"@id":"https:\/\/dicodusport.fr\/blog\/#website"},"primaryImageOfPage":{"@id":"https:\/\/dicodusport.fr\/blog\/mercato-le-fc-lorient-fonce-sur-donny-van-de-beek\/#primaryimage"},"image":{"@id":"https:\/\/dicodusport.fr\/blog\/mercato-le-fc-lorient-fonce-sur-donny-van-de-beek\/#primaryimage"},"thumbnailUrl":"https:\/\/dicodusport.fr\/blog\/wp-content\/uploads\/2023\/08\/Mercato-Le-FC-Lorient-fonce-sur-Donny-van-de-Beek.png","datePublished":"2023-08-30T11:59:24+00:00","dateModified":"2023-08-30T12:06:07+00:00","description":"LIGUE 1 2023-2024 - Selon Foot Mercato, Donny van de Beek pourrait s'engager avec Lorient avant la fin du mercato d'\u00e9t\u00e9.\u00a0","breadcrumb":{"@id":"https:\/\/dicodusport.fr\/blog\/mercato-le-fc-lorient-fonce-sur-donny-van-de-beek\/#breadcrumb"},"inLanguage":"fr-FR","potentialAction":[{"@type":"ReadAction","target":["https:\/\/dicodusport.fr\/blog\/mercato-le-fc-lorient-fonce-sur-donny-van-de-beek\/"]}]},{"@type":"ImageObject","inLanguage":"fr-FR","@id":"https:\/\/dicodusport.fr\/blog\/mercato-le-fc-lorient-fonce-sur-donny-van-de-beek\/#primaryimage","url":"https:\/\/dicodusport.fr\/blog\/wp-content\/uploads\/2023\/08\/Mercato-Le-FC-Lorient-fonce-sur-Donny-van-de-Beek.png","contentUrl":"https:\/\/dicodusport.fr\/blog\/wp-content\/uploads\/2023\/08\/Mercato-Le-FC-Lorient-fonce-sur-Donny-van-de-Beek.png","width":800,"height":445},{"@type":"BreadcrumbList","@id":"https:\/\/dicodusport.fr\/blog\/mercato-le-fc-lorient-fonce-sur-donny-van-de-beek\/#breadcrumb","itemListElement":[{"@type":"ListItem","position":1,"name":"Accueil","item":"https:\/\/dicodusport.fr\/blog\/"},{"@type":"ListItem","position":2,"name":"Mercato : Le FC Lorient fonce sur Donny van de Beek"}]},{"@type":"WebSite","@id":"https:\/\/dicodusport.fr\/blog\/#website","url":"https:\/\/dicodusport.fr\/blog\/","name":"Dicodusport","description":"L&#039;encyclop\u00e9die de l&#039;actualit\u00e9 sportive","publisher":{"@id":"https:\/\/dicodusport.fr\/blog\/#organization"},"potentialAction":[{"@type":"SearchAction","target":{"@type":"EntryPoint","urlTemplate":"https:\/\/dicodusport.fr\/blog\/?s={search_term_string}"},"query-input":{"@type":"PropertyValueSpecification","valueRequired":true,"valueName":"search_term_string"}}],"inLanguage":"fr-FR"},{"@type":"NewsMediaOrganization","@id":"https:\/\/dicodusport.fr\/blog\/#organization","name":"Dicodusport","url":"https:\/\/dicodusport.fr\/blog\/","logo":{"@type":"ImageObject","inLanguage":"fr-FR","@id":"https:\/\/dicodusport.fr\/blog\/#\/schema\/logo\/image\/","url":"https:\/\/dicodusport.fr\/blog\/wp-content\/uploads\/2020\/06\/cropped-LOGO-DICODUSPORT-2020-SANS-FOND-SANS-TEXTE.png","contentUrl":"https:\/\/dicodusport.fr\/blog\/wp-content\/uploads\/2020\/06\/cropped-LOGO-DICODUSPORT-2020-SANS-FOND-SANS-TEXTE.png","width":512,"height":512,"caption":"Dicodusport"},"image":{"@id":"https:\/\/dicodusport.fr\/blog\/#\/schema\/logo\/image\/"},"sameAs":["https:\/\/www.facebook.com\/dicodusport","https:\/\/x.com\/dicodusport","https:\/\/www.instagram.com\/dicodusport\/","https:\/\/www.youtube.com\/channel\/UC7V2KZ5sd3htJivAbA4ZG3w"],"description":"Dicodusport est l'encyclop\u00e9die de l'actualit\u00e9 sportive.","email":"bonjour@dicodusport.fr","legalName":"DICODUSPORT","foundingDate":"2018-01-14","vatID":"FR71834470973","taxID":"83447097300043","numberOfEmployees":{"@type":"QuantitativeValue","minValue":"1","maxValue":"10"}},{"@type":"Person","@id":"https:\/\/dicodusport.fr\/blog\/#\/schema\/person\/55dcb50ad410894e431ed812bbb70191","name":"Nicolas Jacquemard","image":{"@type":"ImageObject","inLanguage":"fr-FR","@id":"https:\/\/dicodusport.fr\/blog\/#\/schema\/person\/image\/","url":"https:\/\/dicodusport.fr\/blog\/wp-content\/uploads\/2021\/05\/Nicolas-Jacquemard-150x150.jpeg","contentUrl":"https:\/\/dicodusport.fr\/blog\/wp-content\/uploads\/2021\/05\/Nicolas-Jacquemard-150x150.jpeg","caption":"Nicolas Jacquemard"},"description":"Passionn\u00e9 de sport et entrepreneur depuis mes 18 ans, la cr\u00e9ation de Dicodusport m'a sembl\u00e9 \u00e9vidente pour participer \u00e0 la m\u00e9diatisation d'un plus grand nombre de sports. Le chemin est long mais avec une \u00e9quipe des plus motiv\u00e9es et les Jeux Olympiques de Paris 2024 en point de mire, nous y arriverons ! Journaliste dans le monde du sport depuis plus de 5 ans, je traite aussi bien de football, de rugby, de biathlon que de cyclisme.","sameAs":["https:\/\/www.facebook.com\/dicodusport","https:\/\/x.com\/https:\/\/twitter.com\/Nico_Jacquemard"],"url":"https:\/\/dicodusport.fr\/blog\/author\/dicodusport\/"}]}},"_links":{"self":[{"href":"https:\/\/dicodusport.fr\/blog\/wp-json\/wp\/v2\/posts\/413710","targetHints":{"allow":["GET"]}}],"collection":[{"href":"https:\/\/dicodusport.fr\/blog\/wp-json\/wp\/v2\/posts"}],"about":[{"href":"https:\/\/dicodusport.fr\/blog\/wp-json\/wp\/v2\/types\/post"}],"author":[{"embeddable":true,"href":"https:\/\/dicodusport.fr\/blog\/wp-json\/wp\/v2\/users\/1"}],"replies":[{"embeddable":true,"href":"https:\/\/dicodusport.fr\/blog\/wp-json\/wp\/v2\/comments?post=413710"}],"version-history":[{"count":0,"href":"https:\/\/dicodusport.fr\/blog\/wp-json\/wp\/v2\/posts\/413710\/revisions"}],"wp:featuredmedia":[{"embeddable":true,"href":"https:\/\/dicodusport.fr\/blog\/wp-json\/wp\/v2\/media\/413717"}],"wp:attachment":[{"href":"https:\/\/dicodusport.fr\/blog\/wp-json\/wp\/v2\/media?parent=413710"}],"wp:term":[{"taxonomy":"category","embeddable":true,"href":"https:\/\/dicodusport.fr\/blog\/wp-json\/wp\/v2\/categories?post=413710"},{"taxonomy":"post_tag","embeddable":true,"href":"https:\/\/dicodusport.fr\/blog\/wp-json\/wp\/v2\/tags?post=413710"}],"curies":[{"name":"wp","href":"https:\/\/api.w.org\/{rel}","templated":true}]}}