{"id":41404,"date":"2019-06-14T12:42:25","date_gmt":"2019-06-14T10:42:25","guid":{"rendered":"http:\/\/dicodusport.fr\/blog\/?p=41404"},"modified":"2019-06-23T13:13:18","modified_gmt":"2019-06-23T11:13:18","slug":"tour-de-suisse-2019-le-profil-des-etapes","status":"publish","type":"post","link":"https:\/\/dicodusport.fr\/blog\/tour-de-suisse-2019-le-profil-des-etapes\/","title":{"rendered":"Tour de Suisse 2019 : le profil des \u00e9tapes"},"content":{"rendered":"<p style=\"text-align: justify;\"><em><strong>Le 83\u00e8me <a href=\"https:\/\/www.procyclingstats.com\/race\/tour-de-suisse\/overview\/\" target=\"_blank\" rel=\"noopener\">Tour de Suisse<\/a> partira ce samedi de Langnau et s&rsquo;ach\u00e8vera le dimanche 23 juin, \u00e0 Goms. Retrouvez le profil des neuf \u00e9tapes.<br \/>\n<\/strong><\/em><\/p>\n<h1 style=\"text-align: justify;\">1\u00e8re \u00e9tape &#8211; CLM Individuel : Langnau im Emmental (samedi 15 juin)<\/h1>\n<div id=\"attachment_41394\" style=\"width: 1410px\" class=\"wp-caption aligncenter\"><img loading=\"lazy\" decoding=\"async\" aria-describedby=\"caption-attachment-41394\" class=\"wp-image-41394 size-full\" src=\"http:\/\/dicodusport.fr\/blog\/wp-content\/uploads\/2019\/05\/Tour-de-Suisse-2019-1\u00e8re-\u00e9tape-Langnau-im-Emmental.jpg\" alt=\"\" width=\"1400\" height=\"625\" srcset=\"https:\/\/dicodusport.fr\/blog\/wp-content\/uploads\/2019\/05\/Tour-de-Suisse-2019-1\u00e8re-\u00e9tape-Langnau-im-Emmental.jpg 1400w, https:\/\/dicodusport.fr\/blog\/wp-content\/uploads\/2019\/05\/Tour-de-Suisse-2019-1\u00e8re-\u00e9tape-Langnau-im-Emmental-300x134.jpg 300w, https:\/\/dicodusport.fr\/blog\/wp-content\/uploads\/2019\/05\/Tour-de-Suisse-2019-1\u00e8re-\u00e9tape-Langnau-im-Emmental-768x343.jpg 768w, https:\/\/dicodusport.fr\/blog\/wp-content\/uploads\/2019\/05\/Tour-de-Suisse-2019-1\u00e8re-\u00e9tape-Langnau-im-Emmental-1024x457.jpg 1024w\" sizes=\"auto, (max-width: 1400px) 100vw, 1400px\" \/><p id=\"caption-attachment-41394\" class=\"wp-caption-text\">Tour de Suisse 2019 &#8211; 1\u00e8re \u00e9tape &#8211; Langnau im Emmental<\/p><\/div>\n<p style=\"text-align: center;\"><a href=\"http:\/\/dicodusport.fr\/blog\/tour-de-suisse-2019-le-profil-des-etapes\/2\/#deux\" class=\"su-button su-button-style-flat\" style=\"color:#FFFFFF;background-color:#005f9b;border-color:#004c7c;border-radius:4px\" target=\"_self\"><span style=\"color:#FFFFFF;padding:0px 20px;font-size:16px;line-height:32px;border-color:#4d8fb9;border-radius:4px;text-shadow:none\"> 2\u00e8me \u00e9tape<\/span><\/a><!--nextpage--><\/p>\n<h1 style=\"text-align: justify;\"><a id=\"deux\"><\/a>2\u00e8me \u00e9tape : Langnau im Emmental &#8211; Langnau im Emmental (dimanche 16 juin)<\/h1>\n<div id=\"attachment_41395\" style=\"width: 1410px\" class=\"wp-caption aligncenter\"><img loading=\"lazy\" decoding=\"async\" aria-describedby=\"caption-attachment-41395\" class=\"wp-image-41395 size-full\" src=\"http:\/\/dicodusport.fr\/blog\/wp-content\/uploads\/2019\/05\/Tour-de-Suisse-2019-2\u00e8me-\u00e9tape-Langnau-im-Emmental-Langnau-im-Emmental.jpg\" alt=\"\" width=\"1400\" height=\"625\" srcset=\"https:\/\/dicodusport.fr\/blog\/wp-content\/uploads\/2019\/05\/Tour-de-Suisse-2019-2\u00e8me-\u00e9tape-Langnau-im-Emmental-Langnau-im-Emmental.jpg 1400w, https:\/\/dicodusport.fr\/blog\/wp-content\/uploads\/2019\/05\/Tour-de-Suisse-2019-2\u00e8me-\u00e9tape-Langnau-im-Emmental-Langnau-im-Emmental-300x134.jpg 300w, https:\/\/dicodusport.fr\/blog\/wp-content\/uploads\/2019\/05\/Tour-de-Suisse-2019-2\u00e8me-\u00e9tape-Langnau-im-Emmental-Langnau-im-Emmental-768x343.jpg 768w, https:\/\/dicodusport.fr\/blog\/wp-content\/uploads\/2019\/05\/Tour-de-Suisse-2019-2\u00e8me-\u00e9tape-Langnau-im-Emmental-Langnau-im-Emmental-1024x457.jpg 1024w\" sizes=\"auto, (max-width: 1400px) 100vw, 1400px\" \/><p id=\"caption-attachment-41395\" class=\"wp-caption-text\">Tour de Suisse 2019 &#8211; 2\u00e8me \u00e9tape &#8211; Langnau im Emmental &#8211; Langnau im Emmental<\/p><\/div>\n<p style=\"text-align: center;\"><a href=\"http:\/\/dicodusport.fr\/blog\/tour-de-suisse-2019-le-profil-des-etapes\/3\/#trois\" class=\"su-button su-button-style-flat\" style=\"color:#FFFFFF;background-color:#005f9b;border-color:#004c7c;border-radius:4px\" target=\"_self\"><span style=\"color:#FFFFFF;padding:0px 20px;font-size:16px;line-height:32px;border-color:#4d8fb9;border-radius:4px;text-shadow:none\"> 3\u00e8me \u00e9tape<\/span><\/a>\n<p><!--nextpage--><\/p>\n<h1 style=\"text-align: justify;\"><a id=\"trois\"><\/a>3\u00e8me \u00e9tape : Flamatt &#8211; Murten (lundi 17 juin)<\/h1>\n<div id=\"attachment_41396\" style=\"width: 1410px\" class=\"wp-caption aligncenter\"><img loading=\"lazy\" decoding=\"async\" aria-describedby=\"caption-attachment-41396\" class=\"wp-image-41396 size-full\" src=\"http:\/\/dicodusport.fr\/blog\/wp-content\/uploads\/2019\/05\/Tour-de-Suisse-2019-3\u00e8me-\u00e9tape-Flamatt-Murten.jpg\" alt=\"\" width=\"1400\" height=\"625\" srcset=\"https:\/\/dicodusport.fr\/blog\/wp-content\/uploads\/2019\/05\/Tour-de-Suisse-2019-3\u00e8me-\u00e9tape-Flamatt-Murten.jpg 1400w, https:\/\/dicodusport.fr\/blog\/wp-content\/uploads\/2019\/05\/Tour-de-Suisse-2019-3\u00e8me-\u00e9tape-Flamatt-Murten-300x134.jpg 300w, https:\/\/dicodusport.fr\/blog\/wp-content\/uploads\/2019\/05\/Tour-de-Suisse-2019-3\u00e8me-\u00e9tape-Flamatt-Murten-768x343.jpg 768w, https:\/\/dicodusport.fr\/blog\/wp-content\/uploads\/2019\/05\/Tour-de-Suisse-2019-3\u00e8me-\u00e9tape-Flamatt-Murten-1024x457.jpg 1024w\" sizes=\"auto, (max-width: 1400px) 100vw, 1400px\" \/><p id=\"caption-attachment-41396\" class=\"wp-caption-text\">Tour de Suisse 2019 &#8211; 3\u00e8me \u00e9tape &#8211; Flamatt &#8211; Murten<\/p><\/div>\n<p style=\"text-align: center;\"><a href=\"http:\/\/dicodusport.fr\/blog\/tour-de-suisse-2019-le-profil-des-etapes\/4\/#quatre\" class=\"su-button su-button-style-flat\" style=\"color:#FFFFFF;background-color:#005f9b;border-color:#004c7c;border-radius:4px\" target=\"_self\"><span style=\"color:#FFFFFF;padding:0px 20px;font-size:16px;line-height:32px;border-color:#4d8fb9;border-radius:4px;text-shadow:none\"> 4\u00e8me \u00e9tape<\/span><\/a>\n<p><!--nextpage--><\/p>\n<h1 style=\"text-align: justify;\"><a id=\"quatre\"><\/a>4\u00e8me \u00e9tape : Murten &#8211; Arlesheim (mardi 18 juin)<\/h1>\n<div id=\"attachment_41397\" style=\"width: 1410px\" class=\"wp-caption aligncenter\"><img loading=\"lazy\" decoding=\"async\" aria-describedby=\"caption-attachment-41397\" class=\"wp-image-41397 size-full\" src=\"http:\/\/dicodusport.fr\/blog\/wp-content\/uploads\/2019\/05\/Tour-de-Suisse-2019-4\u00e8me-\u00e9tape-Murten-Arlesheim.jpg\" alt=\"\" width=\"1400\" height=\"625\" srcset=\"https:\/\/dicodusport.fr\/blog\/wp-content\/uploads\/2019\/05\/Tour-de-Suisse-2019-4\u00e8me-\u00e9tape-Murten-Arlesheim.jpg 1400w, https:\/\/dicodusport.fr\/blog\/wp-content\/uploads\/2019\/05\/Tour-de-Suisse-2019-4\u00e8me-\u00e9tape-Murten-Arlesheim-300x134.jpg 300w, https:\/\/dicodusport.fr\/blog\/wp-content\/uploads\/2019\/05\/Tour-de-Suisse-2019-4\u00e8me-\u00e9tape-Murten-Arlesheim-768x343.jpg 768w, https:\/\/dicodusport.fr\/blog\/wp-content\/uploads\/2019\/05\/Tour-de-Suisse-2019-4\u00e8me-\u00e9tape-Murten-Arlesheim-1024x457.jpg 1024w\" sizes=\"auto, (max-width: 1400px) 100vw, 1400px\" \/><p id=\"caption-attachment-41397\" class=\"wp-caption-text\">Tour de Suisse 2019 &#8211; 4\u00e8me \u00e9tape &#8211; Murten &#8211; Arlesheim<\/p><\/div>\n<p style=\"text-align: center;\"><a href=\"http:\/\/dicodusport.fr\/blog\/tour-de-suisse-2019-le-profil-des-etapes\/5\/#cinq\" class=\"su-button su-button-style-flat\" style=\"color:#FFFFFF;background-color:#005f9b;border-color:#004c7c;border-radius:4px\" target=\"_self\"><span style=\"color:#FFFFFF;padding:0px 20px;font-size:16px;line-height:32px;border-color:#4d8fb9;border-radius:4px;text-shadow:none\"> 5\u00e8me \u00e9tape<\/span><\/a>\n<p><!--nextpage--><\/p>\n<h1 style=\"text-align: justify;\"><a id=\"cinq\"><\/a>5\u00e8me \u00e9tape : M\u00fcnchenstein &#8211; Einsiedeln (mercredi 19 juin)<\/h1>\n<div id=\"attachment_41398\" style=\"width: 1410px\" class=\"wp-caption aligncenter\"><img loading=\"lazy\" decoding=\"async\" aria-describedby=\"caption-attachment-41398\" class=\"wp-image-41398 size-full\" src=\"http:\/\/dicodusport.fr\/blog\/wp-content\/uploads\/2019\/05\/Tour-de-Suisse-2019-5\u00e8me-\u00e9tape-Munchestein-Einsiedeln.jpg\" alt=\"\" width=\"1400\" height=\"625\" srcset=\"https:\/\/dicodusport.fr\/blog\/wp-content\/uploads\/2019\/05\/Tour-de-Suisse-2019-5\u00e8me-\u00e9tape-Munchestein-Einsiedeln.jpg 1400w, https:\/\/dicodusport.fr\/blog\/wp-content\/uploads\/2019\/05\/Tour-de-Suisse-2019-5\u00e8me-\u00e9tape-Munchestein-Einsiedeln-300x134.jpg 300w, https:\/\/dicodusport.fr\/blog\/wp-content\/uploads\/2019\/05\/Tour-de-Suisse-2019-5\u00e8me-\u00e9tape-Munchestein-Einsiedeln-768x343.jpg 768w, https:\/\/dicodusport.fr\/blog\/wp-content\/uploads\/2019\/05\/Tour-de-Suisse-2019-5\u00e8me-\u00e9tape-Munchestein-Einsiedeln-1024x457.jpg 1024w\" sizes=\"auto, (max-width: 1400px) 100vw, 1400px\" \/><p id=\"caption-attachment-41398\" class=\"wp-caption-text\">Tour de Suisse 2019 &#8211; 5\u00e8me \u00e9tape &#8211; Munchestein &#8211; Einsiedeln<\/p><\/div>\n<p style=\"text-align: center;\"><a href=\"http:\/\/dicodusport.fr\/blog\/tour-de-suisse-2019-le-profil-des-etapes\/6\/#six\" class=\"su-button su-button-style-flat\" style=\"color:#FFFFFF;background-color:#005f9b;border-color:#004c7c;border-radius:4px\" target=\"_self\"><span style=\"color:#FFFFFF;padding:0px 20px;font-size:16px;line-height:32px;border-color:#4d8fb9;border-radius:4px;text-shadow:none\"> 6\u00e8me \u00e9tape<\/span><\/a><!--nextpage--><\/p>\n<h1 style=\"text-align: justify;\"><a id=\"six\"><\/a>6\u00e8me \u00e9tape : Einsiedeln &#8211; Flumserberg (jeudi 20 juin)<\/h1>\n<div id=\"attachment_41399\" style=\"width: 1410px\" class=\"wp-caption aligncenter\"><img loading=\"lazy\" decoding=\"async\" aria-describedby=\"caption-attachment-41399\" class=\"wp-image-41399 size-full\" src=\"http:\/\/dicodusport.fr\/blog\/wp-content\/uploads\/2019\/05\/Tour-de-Suisse-2019-6\u00e8me-\u00e9tape-Einsiedeln-Flumserberg.jpg\" alt=\"\" width=\"1400\" height=\"625\" srcset=\"https:\/\/dicodusport.fr\/blog\/wp-content\/uploads\/2019\/05\/Tour-de-Suisse-2019-6\u00e8me-\u00e9tape-Einsiedeln-Flumserberg.jpg 1400w, https:\/\/dicodusport.fr\/blog\/wp-content\/uploads\/2019\/05\/Tour-de-Suisse-2019-6\u00e8me-\u00e9tape-Einsiedeln-Flumserberg-300x134.jpg 300w, https:\/\/dicodusport.fr\/blog\/wp-content\/uploads\/2019\/05\/Tour-de-Suisse-2019-6\u00e8me-\u00e9tape-Einsiedeln-Flumserberg-768x343.jpg 768w, https:\/\/dicodusport.fr\/blog\/wp-content\/uploads\/2019\/05\/Tour-de-Suisse-2019-6\u00e8me-\u00e9tape-Einsiedeln-Flumserberg-1024x457.jpg 1024w\" sizes=\"auto, (max-width: 1400px) 100vw, 1400px\" \/><p id=\"caption-attachment-41399\" class=\"wp-caption-text\">Tour de Suisse 2019 &#8211; 6\u00e8me \u00e9tape &#8211; Einsiedeln &#8211; Flumserberg<\/p><\/div>\n<p style=\"text-align: center;\"><a href=\"http:\/\/dicodusport.fr\/blog\/tour-de-suisse-2019-le-profil-des-etapes\/7\/#sept\" class=\"su-button su-button-style-flat\" style=\"color:#FFFFFF;background-color:#005f9b;border-color:#004c7c;border-radius:4px\" target=\"_self\"><span style=\"color:#FFFFFF;padding:0px 20px;font-size:16px;line-height:32px;border-color:#4d8fb9;border-radius:4px;text-shadow:none\"> 7\u00e8me \u00e9tape<\/span><\/a><!--nextpage--><\/p>\n<h1 style=\"text-align: justify;\"><a id=\"sept\"><\/a>7\u00e8me \u00e9tape : Unterterzen &#8211; Saint-Gotthard (vendredi 21 juin)<\/h1>\n<div id=\"attachment_41400\" style=\"width: 1410px\" class=\"wp-caption aligncenter\"><img loading=\"lazy\" decoding=\"async\" aria-describedby=\"caption-attachment-41400\" class=\"wp-image-41400 size-full\" src=\"http:\/\/dicodusport.fr\/blog\/wp-content\/uploads\/2019\/05\/Tour-de-Suisse-2019-7\u00e8me-\u00e9tape-Unterterzen-Saint-Gotthard.jpg\" alt=\"\" width=\"1400\" height=\"625\" srcset=\"https:\/\/dicodusport.fr\/blog\/wp-content\/uploads\/2019\/05\/Tour-de-Suisse-2019-7\u00e8me-\u00e9tape-Unterterzen-Saint-Gotthard.jpg 1400w, https:\/\/dicodusport.fr\/blog\/wp-content\/uploads\/2019\/05\/Tour-de-Suisse-2019-7\u00e8me-\u00e9tape-Unterterzen-Saint-Gotthard-300x134.jpg 300w, https:\/\/dicodusport.fr\/blog\/wp-content\/uploads\/2019\/05\/Tour-de-Suisse-2019-7\u00e8me-\u00e9tape-Unterterzen-Saint-Gotthard-768x343.jpg 768w, https:\/\/dicodusport.fr\/blog\/wp-content\/uploads\/2019\/05\/Tour-de-Suisse-2019-7\u00e8me-\u00e9tape-Unterterzen-Saint-Gotthard-1024x457.jpg 1024w\" sizes=\"auto, (max-width: 1400px) 100vw, 1400px\" \/><p id=\"caption-attachment-41400\" class=\"wp-caption-text\">Tour de Suisse 2019 &#8211; 7\u00e8me \u00e9tape &#8211; Unterterzen &#8211; Saint-Gotthard<\/p><\/div>\n<p style=\"text-align: center;\"><a href=\"http:\/\/dicodusport.fr\/blog\/tour-de-suisse-2019-le-profil-des-etapes\/8\/#huit\" class=\"su-button su-button-style-flat\" style=\"color:#FFFFFF;background-color:#005f9b;border-color:#004c7c;border-radius:4px\" target=\"_self\"><span style=\"color:#FFFFFF;padding:0px 20px;font-size:16px;line-height:32px;border-color:#4d8fb9;border-radius:4px;text-shadow:none\"> 8\u00e8me \u00e9tape<\/span><\/a>\n<p><!--nextpage--><\/p>\n<h1 style=\"text-align: justify;\"><a id=\"huit\"><\/a>8\u00e8me \u00e9tape &#8211; CLM Individuel : Goms &#8211; Goms (samedi 22 juin)<\/h1>\n<div id=\"attachment_41401\" style=\"width: 1410px\" class=\"wp-caption aligncenter\"><img loading=\"lazy\" decoding=\"async\" aria-describedby=\"caption-attachment-41401\" class=\"wp-image-41401 size-full\" src=\"http:\/\/dicodusport.fr\/blog\/wp-content\/uploads\/2019\/05\/Tour-de-Suisse-2019-8\u00e8me-\u00e9tape-Goms-Goms.jpg\" alt=\"\" width=\"1400\" height=\"625\" srcset=\"https:\/\/dicodusport.fr\/blog\/wp-content\/uploads\/2019\/05\/Tour-de-Suisse-2019-8\u00e8me-\u00e9tape-Goms-Goms.jpg 1400w, https:\/\/dicodusport.fr\/blog\/wp-content\/uploads\/2019\/05\/Tour-de-Suisse-2019-8\u00e8me-\u00e9tape-Goms-Goms-300x134.jpg 300w, https:\/\/dicodusport.fr\/blog\/wp-content\/uploads\/2019\/05\/Tour-de-Suisse-2019-8\u00e8me-\u00e9tape-Goms-Goms-768x343.jpg 768w, https:\/\/dicodusport.fr\/blog\/wp-content\/uploads\/2019\/05\/Tour-de-Suisse-2019-8\u00e8me-\u00e9tape-Goms-Goms-1024x457.jpg 1024w\" sizes=\"auto, (max-width: 1400px) 100vw, 1400px\" \/><p id=\"caption-attachment-41401\" class=\"wp-caption-text\">Tour de Suisse 2019 &#8211; 8\u00e8me \u00e9tape &#8211; Goms &#8211; Goms<\/p><\/div>\n<p style=\"text-align: center;\"><a href=\"http:\/\/dicodusport.fr\/blog\/tour-de-suisse-2019-le-profil-des-etapes\/9\/#neuf\" class=\"su-button su-button-style-flat\" style=\"color:#FFFFFF;background-color:#005f9b;border-color:#004c7c;border-radius:4px\" target=\"_self\"><span style=\"color:#FFFFFF;padding:0px 20px;font-size:16px;line-height:32px;border-color:#4d8fb9;border-radius:4px;text-shadow:none\"> 9\u00e8me \u00e9tape<\/span><\/a>\n<p><!--nextpage--><\/p>\n<h1 style=\"text-align: justify;\"><a id=\"neuf\"><\/a>9\u00e8me \u00e9tape : Ulrichen &#8211; Ulrichen (dimanche 23 juin)<\/h1>\n<p><img loading=\"lazy\" decoding=\"async\" class=\"aligncenter wp-image-41820 size-full\" src=\"http:\/\/dicodusport.fr\/blog\/wp-content\/uploads\/2019\/06\/Tour-de-Suisse-2019-9\u00e8me-\u00e9tape-Ulrichen-Ulrichen.jpg\" alt=\"\" width=\"1400\" height=\"625\" srcset=\"https:\/\/dicodusport.fr\/blog\/wp-content\/uploads\/2019\/06\/Tour-de-Suisse-2019-9\u00e8me-\u00e9tape-Ulrichen-Ulrichen.jpg 1400w, https:\/\/dicodusport.fr\/blog\/wp-content\/uploads\/2019\/06\/Tour-de-Suisse-2019-9\u00e8me-\u00e9tape-Ulrichen-Ulrichen-300x134.jpg 300w, https:\/\/dicodusport.fr\/blog\/wp-content\/uploads\/2019\/06\/Tour-de-Suisse-2019-9\u00e8me-\u00e9tape-Ulrichen-Ulrichen-768x343.jpg 768w, https:\/\/dicodusport.fr\/blog\/wp-content\/uploads\/2019\/06\/Tour-de-Suisse-2019-9\u00e8me-\u00e9tape-Ulrichen-Ulrichen-1024x457.jpg 1024w\" sizes=\"auto, (max-width: 1400px) 100vw, 1400px\" \/><\/p>\n<p style=\"text-align: center;\"><a href=\"http:\/\/dicodusport.fr\/blog\/tour-de-suisse-2019-le-profil-des-etapes\/\" class=\"su-button su-button-style-flat\" style=\"color:#FFFFFF;background-color:#005f9b;border-color:#004c7c;border-radius:4px\" target=\"_self\"><span style=\"color:#FFFFFF;padding:0px 20px;font-size:16px;line-height:32px;border-color:#4d8fb9;border-radius:4px;text-shadow:none\"> Revenir au d\u00e9but<\/span><\/a>\n<p><strong><em>Dicodusport<br \/>\n<a href=\"https:\/\/www.facebook.com\/dicodusport\/\" target=\"_blank\" rel=\"noopener\"><img loading=\"lazy\" decoding=\"async\" class=\"alignnone wp-image-2909\" src=\"http:\/\/dicodusport.fr\/blog\/wp-content\/uploads\/2017\/07\/logo-facebook-150x150.png\" alt=\"\" width=\"40\" height=\"40\" \/><\/a><a href=\"https:\/\/twitter.com\/dicodusport\" target=\"_blank\" rel=\"noopener\"><img loading=\"lazy\" decoding=\"async\" class=\"alignnone wp-image-2908\" src=\"http:\/\/dicodusport.fr\/blog\/wp-content\/uploads\/2017\/07\/logo-twitter-150x150.png\" alt=\"\" width=\"39\" height=\"39\" \/><\/a><\/em><\/strong><\/p>\n","protected":false},"excerpt":{"rendered":"<p>Le 83\u00e8me Tour de Suisse partira ce samedi de Langnau et s&rsquo;ach\u00e8vera le dimanche 23 juin, \u00e0 Goms. Retrouvez le profil des neuf \u00e9tapes.<\/p>\n","protected":false},"author":4,"featured_media":41403,"comment_status":"open","ping_status":"closed","sticky":false,"template":"","format":"standard","meta":{"_acf_changed":false,"_daextam_enable_autolinks":"","footnotes":""},"categories":[2,2307],"tags":[574,334,8106],"class_list":["post-41404","post","type-post","status-publish","format-standard","has-post-thumbnail","hentry","category-actualites","category-cyclisme","tag-cyclisme","tag-suisse","tag-tour-de-suisse"],"acf":[],"yoast_head":"<!-- This site is optimized with the Yoast SEO Premium plugin v26.7 (Yoast SEO v26.7) - https:\/\/yoast.com\/wordpress\/plugins\/seo\/ -->\n<title>Tour de Suisse 2019 : le profil des \u00e9tapes<\/title>\n<meta name=\"description\" content=\"Le 83\u00e8me Tour de Suisse partira ce samedi de Langnau et s&#039;ach\u00e8vera le dimanche 23 juin, \u00e0 Goms. Retrouvez le profil des neuf \u00e9tapes.\" \/>\n<meta name=\"robots\" content=\"index, follow, max-snippet:-1, max-image-preview:large, max-video-preview:-1\" \/>\n<link rel=\"canonical\" href=\"https:\/\/dicodusport.fr\/blog\/tour-de-suisse-2019-le-profil-des-etapes\/\" \/>\n<link rel=\"next\" href=\"https:\/\/dicodusport.fr\/blog\/tour-de-suisse-2019-le-profil-des-etapes\/2\/\" \/>\n<meta property=\"og:locale\" content=\"fr_FR\" \/>\n<meta property=\"og:type\" content=\"article\" \/>\n<meta property=\"og:title\" content=\"Tour de Suisse 2019 : le profil des \u00e9tapes\" \/>\n<meta property=\"og:description\" content=\"Le 83\u00e8me Tour de Suisse partira ce samedi de Langnau et s&#039;ach\u00e8vera le dimanche 23 juin, \u00e0 Goms. Retrouvez le profil des neuf \u00e9tapes.\" \/>\n<meta property=\"og:url\" content=\"https:\/\/dicodusport.fr\/blog\/tour-de-suisse-2019-le-profil-des-etapes\/\" \/>\n<meta property=\"og:site_name\" content=\"Dicodusport\" \/>\n<meta property=\"article:publisher\" content=\"https:\/\/www.facebook.com\/dicodusport\" \/>\n<meta property=\"article:author\" content=\"https:\/\/www.facebook.com\/florent.ostermann\" \/>\n<meta property=\"article:published_time\" content=\"2019-06-14T10:42:25+00:00\" \/>\n<meta property=\"article:modified_time\" content=\"2019-06-23T11:13:18+00:00\" \/>\n<meta property=\"og:image\" content=\"https:\/\/dicodusport.fr\/blog\/wp-content\/uploads\/2019\/05\/Profil-\u00e9tapes-Tour-de-Suisse-2019.png\" \/>\n\t<meta property=\"og:image:width\" content=\"800\" \/>\n\t<meta property=\"og:image:height\" content=\"445\" \/>\n\t<meta property=\"og:image:type\" content=\"image\/png\" \/>\n<meta name=\"author\" content=\"Flo Ostermann\" \/>\n<meta name=\"twitter:card\" content=\"summary_large_image\" \/>\n<meta name=\"twitter:title\" content=\"Tour de Suisse 2019 : le profil des \u00e9tapes\" \/>\n<meta name=\"twitter:creator\" content=\"@https:\/\/twitter.com\/FlOstermann\" \/>\n<meta name=\"twitter:site\" content=\"@dicodusport\" \/>\n<script type=\"application\/ld+json\" class=\"yoast-schema-graph\">{\"@context\":\"https:\/\/schema.org\",\"@graph\":[{\"@type\":\"NewsArticle\",\"@id\":\"https:\/\/dicodusport.fr\/blog\/tour-de-suisse-2019-le-profil-des-etapes\/#article\",\"isPartOf\":{\"@id\":\"https:\/\/dicodusport.fr\/blog\/tour-de-suisse-2019-le-profil-des-etapes\/\"},\"author\":{\"name\":\"Flo Ostermann\",\"@id\":\"https:\/\/dicodusport.fr\/blog\/#\/schema\/person\/cb02af4c173ce4a653b55e9baf388d4a\"},\"headline\":\"Tour de Suisse 2019 : le profil des \u00e9tapes\",\"datePublished\":\"2019-06-14T10:42:25+00:00\",\"dateModified\":\"2019-06-23T11:13:18+00:00\",\"mainEntityOfPage\":{\"@id\":\"https:\/\/dicodusport.fr\/blog\/tour-de-suisse-2019-le-profil-des-etapes\/\"},\"wordCount\":436,\"commentCount\":2,\"publisher\":{\"@id\":\"https:\/\/dicodusport.fr\/blog\/#organization\"},\"image\":{\"@id\":\"https:\/\/dicodusport.fr\/blog\/tour-de-suisse-2019-le-profil-des-etapes\/#primaryimage\"},\"thumbnailUrl\":\"https:\/\/dicodusport.fr\/blog\/wp-content\/uploads\/2019\/05\/Profil-\u00e9tapes-Tour-de-Suisse-2019.png\",\"keywords\":[\"Cyclisme\",\"Suisse\",\"Tour de Suisse\"],\"articleSection\":[\"Actualit\u00e9s\",\"Cyclisme\"],\"inLanguage\":\"fr-FR\",\"potentialAction\":[{\"@type\":\"CommentAction\",\"name\":\"Comment\",\"target\":[\"https:\/\/dicodusport.fr\/blog\/tour-de-suisse-2019-le-profil-des-etapes\/#respond\"]}],\"copyrightYear\":\"2019\",\"copyrightHolder\":{\"@id\":\"https:\/\/dicodusport.fr\/blog\/#organization\"}},{\"@type\":\"WebPage\",\"@id\":\"https:\/\/dicodusport.fr\/blog\/tour-de-suisse-2019-le-profil-des-etapes\/\",\"url\":\"https:\/\/dicodusport.fr\/blog\/tour-de-suisse-2019-le-profil-des-etapes\/\",\"name\":\"Tour de Suisse 2019 : le profil des \u00e9tapes\",\"isPartOf\":{\"@id\":\"https:\/\/dicodusport.fr\/blog\/#website\"},\"primaryImageOfPage\":{\"@id\":\"https:\/\/dicodusport.fr\/blog\/tour-de-suisse-2019-le-profil-des-etapes\/#primaryimage\"},\"image\":{\"@id\":\"https:\/\/dicodusport.fr\/blog\/tour-de-suisse-2019-le-profil-des-etapes\/#primaryimage\"},\"thumbnailUrl\":\"https:\/\/dicodusport.fr\/blog\/wp-content\/uploads\/2019\/05\/Profil-\u00e9tapes-Tour-de-Suisse-2019.png\",\"datePublished\":\"2019-06-14T10:42:25+00:00\",\"dateModified\":\"2019-06-23T11:13:18+00:00\",\"description\":\"Le 83\u00e8me Tour de Suisse partira ce samedi de Langnau et s'ach\u00e8vera le dimanche 23 juin, \u00e0 Goms. Retrouvez le profil des neuf \u00e9tapes.\",\"inLanguage\":\"fr-FR\",\"potentialAction\":[{\"@type\":\"ReadAction\",\"target\":[\"https:\/\/dicodusport.fr\/blog\/tour-de-suisse-2019-le-profil-des-etapes\/\"]}]},{\"@type\":\"ImageObject\",\"inLanguage\":\"fr-FR\",\"@id\":\"https:\/\/dicodusport.fr\/blog\/tour-de-suisse-2019-le-profil-des-etapes\/#primaryimage\",\"url\":\"https:\/\/dicodusport.fr\/blog\/wp-content\/uploads\/2019\/05\/Profil-\u00e9tapes-Tour-de-Suisse-2019.png\",\"contentUrl\":\"https:\/\/dicodusport.fr\/blog\/wp-content\/uploads\/2019\/05\/Profil-\u00e9tapes-Tour-de-Suisse-2019.png\",\"width\":800,\"height\":445},{\"@type\":\"WebSite\",\"@id\":\"https:\/\/dicodusport.fr\/blog\/#website\",\"url\":\"https:\/\/dicodusport.fr\/blog\/\",\"name\":\"Dicodusport\",\"description\":\"L&#039;encyclop\u00e9die de l&#039;actualit\u00e9 sportive\",\"publisher\":{\"@id\":\"https:\/\/dicodusport.fr\/blog\/#organization\"},\"potentialAction\":[{\"@type\":\"SearchAction\",\"target\":{\"@type\":\"EntryPoint\",\"urlTemplate\":\"https:\/\/dicodusport.fr\/blog\/?s={search_term_string}\"},\"query-input\":{\"@type\":\"PropertyValueSpecification\",\"valueRequired\":true,\"valueName\":\"search_term_string\"}}],\"inLanguage\":\"fr-FR\"},{\"@type\":\"NewsMediaOrganization\",\"@id\":\"https:\/\/dicodusport.fr\/blog\/#organization\",\"name\":\"Dicodusport\",\"url\":\"https:\/\/dicodusport.fr\/blog\/\",\"logo\":{\"@type\":\"ImageObject\",\"inLanguage\":\"fr-FR\",\"@id\":\"https:\/\/dicodusport.fr\/blog\/#\/schema\/logo\/image\/\",\"url\":\"https:\/\/dicodusport.fr\/blog\/wp-content\/uploads\/2020\/06\/cropped-LOGO-DICODUSPORT-2020-SANS-FOND-SANS-TEXTE.png\",\"contentUrl\":\"https:\/\/dicodusport.fr\/blog\/wp-content\/uploads\/2020\/06\/cropped-LOGO-DICODUSPORT-2020-SANS-FOND-SANS-TEXTE.png\",\"width\":512,\"height\":512,\"caption\":\"Dicodusport\"},\"image\":{\"@id\":\"https:\/\/dicodusport.fr\/blog\/#\/schema\/logo\/image\/\"},\"sameAs\":[\"https:\/\/www.facebook.com\/dicodusport\",\"https:\/\/x.com\/dicodusport\",\"https:\/\/www.instagram.com\/dicodusport\/\",\"https:\/\/www.youtube.com\/channel\/UC7V2KZ5sd3htJivAbA4ZG3w\"],\"description\":\"Dicodusport est l'encyclop\u00e9die de l'actualit\u00e9 sportive.\",\"email\":\"bonjour@dicodusport.fr\",\"legalName\":\"DICODUSPORT\",\"foundingDate\":\"2018-01-14\",\"vatID\":\"FR71834470973\",\"taxID\":\"83447097300043\",\"numberOfEmployees\":{\"@type\":\"QuantitativeValue\",\"minValue\":\"1\",\"maxValue\":\"10\"}},{\"@type\":\"Person\",\"@id\":\"https:\/\/dicodusport.fr\/blog\/#\/schema\/person\/cb02af4c173ce4a653b55e9baf388d4a\",\"name\":\"Flo Ostermann\",\"image\":{\"@type\":\"ImageObject\",\"inLanguage\":\"fr-FR\",\"@id\":\"https:\/\/dicodusport.fr\/blog\/#\/schema\/person\/image\/\",\"url\":\"https:\/\/dicodusport.fr\/blog\/wp-content\/uploads\/2021\/05\/Flo-Ostermann-150x150.jpg\",\"contentUrl\":\"https:\/\/dicodusport.fr\/blog\/wp-content\/uploads\/2021\/05\/Flo-Ostermann-150x150.jpg\",\"caption\":\"Flo Ostermann\"},\"description\":\"Journaliste\/R\u00e9dacteur depuis septembre 2015 - Mes premiers souvenirs dans le sport ? Les envol\u00e9es du Stade Toulousain et les duels Villeneuve-Schumacher et H\u00e4kkinen-Schumacher \u00e0 la fin des ann\u00e9es 90, la Coupe du monde de football en 1998, l\u2019exploit du XV de France face aux All Blacks en 1999, mais aussi Richard C\u0153ur de Lion qui vole sur les montagnes du Tour de France. Bien parti pour devenir professeur d\u2019EPS, les \u00e9v\u00e9nements de la vie (et la flemme d\u2019animer des s\u00e9ances de 3x500 m\u00e8tres toute ma vie) m\u2019ont conduit \u00e0 revoir mes plans. Me voil\u00e0 depuis fin 2017 sur Dicodusport, m\u00e9dia gr\u00e2ce (et pour) lequel je partage ma passion : le sport dans tous ses \u00e9tats. Le tout accompagn\u00e9 par les fous furieux et folles furieuses cit\u00e9s sur cette page !\",\"sameAs\":[\"https:\/\/www.facebook.com\/florent.ostermann\",\"https:\/\/x.com\/https:\/\/twitter.com\/FlOstermann\",\"admin\"],\"url\":\"https:\/\/dicodusport.fr\/blog\/author\/flo\/\"}]}<\/script>\n<!-- \/ Yoast SEO Premium plugin. -->","yoast_head_json":{"title":"Tour de Suisse 2019 : le profil des \u00e9tapes","description":"Le 83\u00e8me Tour de Suisse partira ce samedi de Langnau et s'ach\u00e8vera le dimanche 23 juin, \u00e0 Goms. Retrouvez le profil des neuf \u00e9tapes.","robots":{"index":"index","follow":"follow","max-snippet":"max-snippet:-1","max-image-preview":"max-image-preview:large","max-video-preview":"max-video-preview:-1"},"canonical":"https:\/\/dicodusport.fr\/blog\/tour-de-suisse-2019-le-profil-des-etapes\/","next":"https:\/\/dicodusport.fr\/blog\/tour-de-suisse-2019-le-profil-des-etapes\/2\/","og_locale":"fr_FR","og_type":"article","og_title":"Tour de Suisse 2019 : le profil des \u00e9tapes","og_description":"Le 83\u00e8me Tour de Suisse partira ce samedi de Langnau et s'ach\u00e8vera le dimanche 23 juin, \u00e0 Goms. Retrouvez le profil des neuf \u00e9tapes.","og_url":"https:\/\/dicodusport.fr\/blog\/tour-de-suisse-2019-le-profil-des-etapes\/","og_site_name":"Dicodusport","article_publisher":"https:\/\/www.facebook.com\/dicodusport","article_author":"https:\/\/www.facebook.com\/florent.ostermann","article_published_time":"2019-06-14T10:42:25+00:00","article_modified_time":"2019-06-23T11:13:18+00:00","og_image":[{"width":800,"height":445,"url":"https:\/\/dicodusport.fr\/blog\/wp-content\/uploads\/2019\/05\/Profil-\u00e9tapes-Tour-de-Suisse-2019.png","type":"image\/png"}],"author":"Flo Ostermann","twitter_card":"summary_large_image","twitter_title":"Tour de Suisse 2019 : le profil des \u00e9tapes","twitter_creator":"@https:\/\/twitter.com\/FlOstermann","twitter_site":"@dicodusport","schema":{"@context":"https:\/\/schema.org","@graph":[{"@type":"NewsArticle","@id":"https:\/\/dicodusport.fr\/blog\/tour-de-suisse-2019-le-profil-des-etapes\/#article","isPartOf":{"@id":"https:\/\/dicodusport.fr\/blog\/tour-de-suisse-2019-le-profil-des-etapes\/"},"author":{"name":"Flo Ostermann","@id":"https:\/\/dicodusport.fr\/blog\/#\/schema\/person\/cb02af4c173ce4a653b55e9baf388d4a"},"headline":"Tour de Suisse 2019 : le profil des \u00e9tapes","datePublished":"2019-06-14T10:42:25+00:00","dateModified":"2019-06-23T11:13:18+00:00","mainEntityOfPage":{"@id":"https:\/\/dicodusport.fr\/blog\/tour-de-suisse-2019-le-profil-des-etapes\/"},"wordCount":436,"commentCount":2,"publisher":{"@id":"https:\/\/dicodusport.fr\/blog\/#organization"},"image":{"@id":"https:\/\/dicodusport.fr\/blog\/tour-de-suisse-2019-le-profil-des-etapes\/#primaryimage"},"thumbnailUrl":"https:\/\/dicodusport.fr\/blog\/wp-content\/uploads\/2019\/05\/Profil-\u00e9tapes-Tour-de-Suisse-2019.png","keywords":["Cyclisme","Suisse","Tour de Suisse"],"articleSection":["Actualit\u00e9s","Cyclisme"],"inLanguage":"fr-FR","potentialAction":[{"@type":"CommentAction","name":"Comment","target":["https:\/\/dicodusport.fr\/blog\/tour-de-suisse-2019-le-profil-des-etapes\/#respond"]}],"copyrightYear":"2019","copyrightHolder":{"@id":"https:\/\/dicodusport.fr\/blog\/#organization"}},{"@type":"WebPage","@id":"https:\/\/dicodusport.fr\/blog\/tour-de-suisse-2019-le-profil-des-etapes\/","url":"https:\/\/dicodusport.fr\/blog\/tour-de-suisse-2019-le-profil-des-etapes\/","name":"Tour de Suisse 2019 : le profil des \u00e9tapes","isPartOf":{"@id":"https:\/\/dicodusport.fr\/blog\/#website"},"primaryImageOfPage":{"@id":"https:\/\/dicodusport.fr\/blog\/tour-de-suisse-2019-le-profil-des-etapes\/#primaryimage"},"image":{"@id":"https:\/\/dicodusport.fr\/blog\/tour-de-suisse-2019-le-profil-des-etapes\/#primaryimage"},"thumbnailUrl":"https:\/\/dicodusport.fr\/blog\/wp-content\/uploads\/2019\/05\/Profil-\u00e9tapes-Tour-de-Suisse-2019.png","datePublished":"2019-06-14T10:42:25+00:00","dateModified":"2019-06-23T11:13:18+00:00","description":"Le 83\u00e8me Tour de Suisse partira ce samedi de Langnau et s'ach\u00e8vera le dimanche 23 juin, \u00e0 Goms. Retrouvez le profil des neuf \u00e9tapes.","inLanguage":"fr-FR","potentialAction":[{"@type":"ReadAction","target":["https:\/\/dicodusport.fr\/blog\/tour-de-suisse-2019-le-profil-des-etapes\/"]}]},{"@type":"ImageObject","inLanguage":"fr-FR","@id":"https:\/\/dicodusport.fr\/blog\/tour-de-suisse-2019-le-profil-des-etapes\/#primaryimage","url":"https:\/\/dicodusport.fr\/blog\/wp-content\/uploads\/2019\/05\/Profil-\u00e9tapes-Tour-de-Suisse-2019.png","contentUrl":"https:\/\/dicodusport.fr\/blog\/wp-content\/uploads\/2019\/05\/Profil-\u00e9tapes-Tour-de-Suisse-2019.png","width":800,"height":445},{"@type":"WebSite","@id":"https:\/\/dicodusport.fr\/blog\/#website","url":"https:\/\/dicodusport.fr\/blog\/","name":"Dicodusport","description":"L&#039;encyclop\u00e9die de l&#039;actualit\u00e9 sportive","publisher":{"@id":"https:\/\/dicodusport.fr\/blog\/#organization"},"potentialAction":[{"@type":"SearchAction","target":{"@type":"EntryPoint","urlTemplate":"https:\/\/dicodusport.fr\/blog\/?s={search_term_string}"},"query-input":{"@type":"PropertyValueSpecification","valueRequired":true,"valueName":"search_term_string"}}],"inLanguage":"fr-FR"},{"@type":"NewsMediaOrganization","@id":"https:\/\/dicodusport.fr\/blog\/#organization","name":"Dicodusport","url":"https:\/\/dicodusport.fr\/blog\/","logo":{"@type":"ImageObject","inLanguage":"fr-FR","@id":"https:\/\/dicodusport.fr\/blog\/#\/schema\/logo\/image\/","url":"https:\/\/dicodusport.fr\/blog\/wp-content\/uploads\/2020\/06\/cropped-LOGO-DICODUSPORT-2020-SANS-FOND-SANS-TEXTE.png","contentUrl":"https:\/\/dicodusport.fr\/blog\/wp-content\/uploads\/2020\/06\/cropped-LOGO-DICODUSPORT-2020-SANS-FOND-SANS-TEXTE.png","width":512,"height":512,"caption":"Dicodusport"},"image":{"@id":"https:\/\/dicodusport.fr\/blog\/#\/schema\/logo\/image\/"},"sameAs":["https:\/\/www.facebook.com\/dicodusport","https:\/\/x.com\/dicodusport","https:\/\/www.instagram.com\/dicodusport\/","https:\/\/www.youtube.com\/channel\/UC7V2KZ5sd3htJivAbA4ZG3w"],"description":"Dicodusport est l'encyclop\u00e9die de l'actualit\u00e9 sportive.","email":"bonjour@dicodusport.fr","legalName":"DICODUSPORT","foundingDate":"2018-01-14","vatID":"FR71834470973","taxID":"83447097300043","numberOfEmployees":{"@type":"QuantitativeValue","minValue":"1","maxValue":"10"}},{"@type":"Person","@id":"https:\/\/dicodusport.fr\/blog\/#\/schema\/person\/cb02af4c173ce4a653b55e9baf388d4a","name":"Flo Ostermann","image":{"@type":"ImageObject","inLanguage":"fr-FR","@id":"https:\/\/dicodusport.fr\/blog\/#\/schema\/person\/image\/","url":"https:\/\/dicodusport.fr\/blog\/wp-content\/uploads\/2021\/05\/Flo-Ostermann-150x150.jpg","contentUrl":"https:\/\/dicodusport.fr\/blog\/wp-content\/uploads\/2021\/05\/Flo-Ostermann-150x150.jpg","caption":"Flo Ostermann"},"description":"Journaliste\/R\u00e9dacteur depuis septembre 2015 - Mes premiers souvenirs dans le sport ? Les envol\u00e9es du Stade Toulousain et les duels Villeneuve-Schumacher et H\u00e4kkinen-Schumacher \u00e0 la fin des ann\u00e9es 90, la Coupe du monde de football en 1998, l\u2019exploit du XV de France face aux All Blacks en 1999, mais aussi Richard C\u0153ur de Lion qui vole sur les montagnes du Tour de France. Bien parti pour devenir professeur d\u2019EPS, les \u00e9v\u00e9nements de la vie (et la flemme d\u2019animer des s\u00e9ances de 3x500 m\u00e8tres toute ma vie) m\u2019ont conduit \u00e0 revoir mes plans. Me voil\u00e0 depuis fin 2017 sur Dicodusport, m\u00e9dia gr\u00e2ce (et pour) lequel je partage ma passion : le sport dans tous ses \u00e9tats. Le tout accompagn\u00e9 par les fous furieux et folles furieuses cit\u00e9s sur cette page !","sameAs":["https:\/\/www.facebook.com\/florent.ostermann","https:\/\/x.com\/https:\/\/twitter.com\/FlOstermann","admin"],"url":"https:\/\/dicodusport.fr\/blog\/author\/flo\/"}]}},"_links":{"self":[{"href":"https:\/\/dicodusport.fr\/blog\/wp-json\/wp\/v2\/posts\/41404","targetHints":{"allow":["GET"]}}],"collection":[{"href":"https:\/\/dicodusport.fr\/blog\/wp-json\/wp\/v2\/posts"}],"about":[{"href":"https:\/\/dicodusport.fr\/blog\/wp-json\/wp\/v2\/types\/post"}],"author":[{"embeddable":true,"href":"https:\/\/dicodusport.fr\/blog\/wp-json\/wp\/v2\/users\/4"}],"replies":[{"embeddable":true,"href":"https:\/\/dicodusport.fr\/blog\/wp-json\/wp\/v2\/comments?post=41404"}],"version-history":[{"count":0,"href":"https:\/\/dicodusport.fr\/blog\/wp-json\/wp\/v2\/posts\/41404\/revisions"}],"wp:featuredmedia":[{"embeddable":true,"href":"https:\/\/dicodusport.fr\/blog\/wp-json\/wp\/v2\/media\/41403"}],"wp:attachment":[{"href":"https:\/\/dicodusport.fr\/blog\/wp-json\/wp\/v2\/media?parent=41404"}],"wp:term":[{"taxonomy":"category","embeddable":true,"href":"https:\/\/dicodusport.fr\/blog\/wp-json\/wp\/v2\/categories?post=41404"},{"taxonomy":"post_tag","embeddable":true,"href":"https:\/\/dicodusport.fr\/blog\/wp-json\/wp\/v2\/tags?post=41404"}],"curies":[{"name":"wp","href":"https:\/\/api.w.org\/{rel}","templated":true}]}}