{"id":414302,"date":"2023-09-05T17:15:46","date_gmt":"2023-09-05T15:15:46","guid":{"rendered":"https:\/\/dicodusport.fr\/blog\/?p=414302&#038;preview=true&#038;preview_id=414302"},"modified":"2023-09-06T07:57:19","modified_gmt":"2023-09-06T05:57:19","slug":"david-sombe-vice-champion-du-monde-du-4x400-ne-pas-banaliser-une-medaille","status":"publish","type":"post","link":"https:\/\/dicodusport.fr\/blog\/david-sombe-vice-champion-du-monde-du-4x400-ne-pas-banaliser-une-medaille\/","title":{"rendered":"David Somb\u00e9, vice-champion du monde du 4&#215;400 : \u00ab\u00a0Ne pas banaliser une m\u00e9daille\u00a0\u00bb"},"content":{"rendered":"<p style=\"text-align: justify;\" align=\"justify\"><em><strong>ATHL\u00c9TISME &#8211; Entretien avec David Somb\u00e9, qui a remport\u00e9 la m\u00e9daille d&rsquo;argent, avec le relais 4&#215;400 m, lors des mondiaux de Budapest. Plac\u00e9 en troisi\u00e8me position dans le relais bleu, il a fait une excellente course, pour propulser T\u00e9o Andant. Il nous raconte son aventure en Hongrie, qui a aiguis\u00e9 ses ambitions pour Paris 2024. Mais aussi sa grande progression en 2023. En passant par son pass\u00e9 de d\u00e9m\u00e9nageur et les difficult\u00e9s \u00e0 l&rsquo;\u00e9poque, pour concilier sport de haut niveau et m\u00e9tier aussi exigeant. Et comment l&rsquo;arr\u00eat a \u00e9t\u00e9 profitable \u00e0 sa carri\u00e8re d&rsquo;athl\u00e8te.\u00a0<\/strong><\/em><\/p>\n<h2 align=\"justify\">David Somb\u00e9 : \u00ab\u00a0Notre objectif, c&rsquo;est aussi l&rsquo;ann\u00e9e prochaine\u00a0\u00bb<\/h2>\n<h3 style=\"text-align: justify;\">Arrives-tu \u00e0 r\u00e9aliser cette m\u00e9daille ?<\/h3>\n<div style=\"text-align: justify;\"><strong>David Somb\u00e9 (vice-champion du monde avec le relais 4&#215;400 m)<\/strong> : J&rsquo;arrive \u00e0 la r\u00e9aliser, car je suis quelqu&rsquo;un de vraiment terre \u00e0 terre. On partage le m\u00eame avis avec les gars, cette m\u00e9daille mondiale est tr\u00e8s bien, ce n&rsquo;est que la deuxi\u00e8me pour la France, dans cette discipline. Mais notre objectif, c&rsquo;est l&rsquo;ann\u00e9e prochaine. On ne peut pas se permettre de r\u00eaver trop longtemps. Ce n&rsquo;est que la premi\u00e8re \u00e9tape, pour arriver \u00e0 notre vrai objectif. Il ne faut pas la banaliser, car cela reste un truc de fou. Mais on r\u00e9alise.<\/div>\n<h3 style=\"text-align: justify;\">L&rsquo;objectif \u00e0 Paris, c&rsquo;est l&rsquo;or ?<\/h3>\n<div style=\"text-align: justify;\">On ne va pas se mentir, c&rsquo;est \u00e7a. Quand on met les pieds sur la piste, le but, c&rsquo;est d&rsquo;\u00eatre premier et non deuxi\u00e8me ou troisi\u00e8me. Bien s\u00fbr qu&rsquo;on sera archi contents si on est vice-champions olympiques. Ce serait inexplicable. Mais l&rsquo;objectif premier, c&rsquo;est l&rsquo;or.<\/div>\n<h3 style=\"text-align: justify;\">C&rsquo;est une m\u00e9daille surprise pour le grand public. Y croyais-tu depuis le d\u00e9but ?<\/h3>\n<p style=\"text-align: justify;\">Bien entendu. Les personnes \u00e9tonn\u00e9es sont celles qui ne nous connaissent pas et qui ne se sont pas tenues au courant des r\u00e9sultats. Quand on regarde les bilans tous temps fran\u00e7ais au 400 m, on est quatre dans les 14. Gilles est 3e, T\u00e9o est 6e, Ludvy est 10e et je suis le 14e. Derri\u00e8re, c&rsquo;est tr\u00e8s proche. Avec la densit\u00e9, il y avait clairement quelque chose \u00e0 faire. L&rsquo;ann\u00e9e prochaine, ce sera pareil. On peut ajouter <strong>Fabrisio Sa\u00efdy<\/strong>,<strong> Loic Pr\u00e9vot<\/strong>,<strong> Ludovic Ouceni<\/strong>. Pour nous, rien ne nous semblait impossible.<\/p>\n<div class=\"vlp-link-container vlp-layout-article\"><a href=\"https:\/\/dicodusport.fr\/blog\/teo-andant-vice-champion-du-monde-du-4x400-m-on-ne-veut-plus-lacher-le-podium\/\" class=\"vlp-link\" title=\"T\u00e9o Andant, vice-champion du monde du 4x400 m : &quot;On ne veut plus l\u00e2cher le podium&quot;\"><\/a><div class=\"vlp-layout-zone-side\"><div class=\"vlp-block-4 vlp-link-image\"><img loading=\"lazy\" decoding=\"async\" style=\"max-width: 800px;\" width=\"800\" height=\"445\" src=\"https:\/\/dicodusport.fr\/blog\/wp-content\/uploads\/2023\/08\/Teo-Andant-On-ne-veut-plus-lacher-le-podium.png\" class=\"attachment-800x445 size-800x445\" alt=\"\" srcset=\"https:\/\/dicodusport.fr\/blog\/wp-content\/uploads\/2023\/08\/Teo-Andant-On-ne-veut-plus-lacher-le-podium.png 800w, https:\/\/dicodusport.fr\/blog\/wp-content\/uploads\/2023\/08\/Teo-Andant-On-ne-veut-plus-lacher-le-podium-300x167.png 300w, https:\/\/dicodusport.fr\/blog\/wp-content\/uploads\/2023\/08\/Teo-Andant-On-ne-veut-plus-lacher-le-podium-768x427.png 768w\" sizes=\"auto, (max-width: 800px) 100vw, 800px\" \/><\/div><\/div><div class=\"vlp-layout-zone-main\"><div class=\"vlp-block-0 vlp-link-title\">T\u00e9o Andant, vice-champion du monde du 4x400 m : \"On ne veut plus l\u00e2cher le podium\"<\/div><div class=\"vlp-block-1 vlp-link-summary\">Interview avec T\u00e9o Andant qui, avec ses camarades du relais 4x400 m, a apport\u00e9 la seule m\u00e9daille \u00e0 la France aux Mondiaux de Budapest.<\/div><div class=\"vlp-block-2 vlp-link-button\">Lire l'article<\/div><div class=\"vlp-block-3 vlp-link-url\">dicodusport.fr<\/div><\/div><\/div>\n<h2 style=\"text-align: justify;\">David Somb\u00e9 : \u00ab\u00a0J&rsquo;ai trop d&rsquo;hommages \u00e0 donner \u00e0 trop de gens\u00a0\u00bb<\/h2>\n<h3 style=\"text-align: justify;\">Dans son interview, T\u00e9o Andant vous a rendu un grand hommage en parlant du travail des trois autres relayeurs. Tu peux me raconter comment tu as v\u00e9cu cette course ?<\/h3>\n<div style=\"text-align: justify;\">J&rsquo;ai trop d&rsquo;hommages \u00e0 donner \u00e0 trop de gens (rires). Ludvy il nous fait un 400 m de folie, sans s&rsquo;affoler, il colle \u00e0 l&rsquo;Anglais et l&rsquo;Am\u00e9ricain et il n&rsquo;a pas craqu\u00e9. C&rsquo;est d&rsquo;autant plus difficile pour lui, c&rsquo;est un coureur de 400 m haies. Ce n&rsquo;est pas la m\u00eame gestion de course. Il n&rsquo;avait pas fait de 400 m depuis un bout de temps et il a \u00e9t\u00e9 remarquable. Je vois un axe d&rsquo;am\u00e9lioration, c&rsquo;est le passage de t\u00e9moin entre nous. Gilles part un peu \u00e0 l&rsquo;arr\u00eat. Mais ses 200 premiers m\u00e8tres, il fait un truc de malade. Il colle au Jama\u00efcain qui est pourtant \u00e0 l&rsquo;int\u00e9rieur et qui a l&rsquo;avantage.<\/div>\n<div><\/div>\n<div style=\"text-align: justify;\">Il lui passe devant. Je me retrouve en 2e \u00e0 la corde. Forc\u00e9ment, il coince un peu, mais pas tant que cela. Il a fait une course de malade. J&rsquo;ai juste \u00e0 coller \u00e0 l&rsquo;Anglais et \u00e0 temporiser avec les gars derri\u00e8re. C&rsquo;est le but du 3e de faire tampon. Je passe en 2e position et T\u00e9o, il a assur\u00e9. Il avait des gros gars derri\u00e8re lui, dont le champion du monde. Il ne s&rsquo;est pas affol\u00e9 et il a essay\u00e9 de temporiser et il bombarde comme il sait le faire dans la derni\u00e8re ligne droite. Pour nous assurer la seconde place. Le travail a \u00e9t\u00e9 fait.<\/div>\n<h2>David Somb\u00e9 : \u00ab\u00a0En championnat, tout est remis \u00e0 0\u00a0\u00bb<\/h2>\n<h3 style=\"text-align: justify;\">Est-ce que dans ta t\u00eate, tu savais que tu allais d\u00e9border ton concurrent ?<\/h3>\n<p style=\"text-align: justify;\">Je le connaissais. Je me suis dit qu&rsquo;\u00e0 part s&rsquo;il se transcende ou que des gens de l&rsquo;arri\u00e8re perturbent la course, normalement, je dois donner le relais en 2e. C&rsquo;est le seul gars avec qui je pouvais me dire cela, car je le connaissais depuis les cat\u00e9gories jeunes. Il a couru le relais mixte et je connaissais ses standards de 2023. Je savais que je pouvais le doubler.<\/p>\n<p style=\"text-align: justify;\">Il part avec trois m\u00e8tres d&rsquo;avance, mais c&rsquo;\u00e9tait difficile de combler l&rsquo;\u00e9cart avec l&rsquo;Am\u00e9ricain. Moi, j&rsquo;\u00e9tais pouss\u00e9 par les gars derri\u00e8re. Je savais que je pouvais le doubler, je ne savais pas quand. Mais au bout de 200 m\u00e8tres, je temporise pour ne pas le doubler dans le virage. Puis je me doutais qu&rsquo;on ne me doublerait pas dans la ligne droite, vu ma forme. Et que j&rsquo;allais donner le t\u00e9moin en 2e.<\/p>\n<h3 style=\"text-align: justify;\" align=\"justify\">Ce relais, il se gagne aussi en s\u00e9ries. Tu prends le relais, vous \u00eates en difficult\u00e9. J&rsquo;imagine que cette course t&rsquo;as donn\u00e9 de la confiance.<\/h3>\n<p style=\"text-align: justify;\">Pas forc\u00e9ment. Quand j&rsquo;arrive en championnat, je me dis que tout est remis \u00e0 z\u00e9ro et qu&rsquo;il faut tout oublier. C&rsquo;est fois 1000 en finale. Certains n&rsquo;ont pas couru la veille. Du sang neuf. Nous, on avait 24 heures pour r\u00e9cup\u00e9rer. Rien n&rsquo;\u00e9tait acquis et je n&rsquo;avais pas plus de confiance. Ce sont mes premiers championnats du monde. M\u00eame en cat\u00e9gorie jeunes, je n&rsquo;ai jamais fait les mondiaux. Je ne savais pas comment j&rsquo;allais g\u00e9rer le stress. Mais j&rsquo;ai particip\u00e9 aux Europe par \u00e9quipes, en individuel sur 400 m\u00e8tres et dans le relais. Le fait d&rsquo;avoir fait le 400 m\u00e8tres, cela met un pied dedans. C&rsquo;est une tr\u00e8s bonne introduction et heureusement que j&rsquo;ai pu faire ces championnats-l\u00e0, car la gestion du stress aurait \u00e9t\u00e9 diff\u00e9rente.<\/p>\n<div class=\"vlp-link-container vlp-layout-article\"><a href=\"https:\/\/dicodusport.fr\/blog\/mondiaux-dathletisme-2023-la-france-vice-championne-du-monde-du-4x400m-masculin\/\" class=\"vlp-link\" title=\"Mondiaux d&#039;athl\u00e9tisme 2023 : La France vice-championne du monde du 4x400m masculin !\"><\/a><div class=\"vlp-layout-zone-side\"><div class=\"vlp-block-4 vlp-link-image\"><img loading=\"lazy\" decoding=\"async\" style=\"max-width: 800px;\" width=\"800\" height=\"445\" src=\"https:\/\/dicodusport.fr\/blog\/wp-content\/uploads\/2023\/08\/Mondiaux-dathletisme-2023-La-France-vice-championne-du-monde-du-4x400m-masculin-1-1.png\" class=\"attachment-800x445 size-800x445\" alt=\"Mondiaux d&#039;athl\u00e9tisme 2023 La France vice-championne du monde du 4x400m masculin !\" srcset=\"https:\/\/dicodusport.fr\/blog\/wp-content\/uploads\/2023\/08\/Mondiaux-dathletisme-2023-La-France-vice-championne-du-monde-du-4x400m-masculin-1-1.png 800w, https:\/\/dicodusport.fr\/blog\/wp-content\/uploads\/2023\/08\/Mondiaux-dathletisme-2023-La-France-vice-championne-du-monde-du-4x400m-masculin-1-1-300x167.png 300w, https:\/\/dicodusport.fr\/blog\/wp-content\/uploads\/2023\/08\/Mondiaux-dathletisme-2023-La-France-vice-championne-du-monde-du-4x400m-masculin-1-1-768x427.png 768w\" sizes=\"auto, (max-width: 800px) 100vw, 800px\" \/><\/div><\/div><div class=\"vlp-layout-zone-main\"><div class=\"vlp-block-0 vlp-link-title\">Mondiaux d'athl\u00e9tisme 2023 : La France vice-championne du monde du 4x400m masculin !<\/div><div class=\"vlp-block-1 vlp-link-summary\">CHAMPIONNATS DU MONDE D'ATHL\u00c9TISME 2023 - Course phare de la fin des championnats du monde, le 4x400m hommes a vu les \u00c9tats-Unis remporter la course. Ils gagnent devant la France et le Royaume-Uni. Les Fran\u00e7ais Ludvy Vaillant, Gilles Biron, David Somb\u00e9 et T\u00e9o Andant battent le record de France et apportent la seule m\u00e9daille de la d\u00e9l\u00e9gation tricolore.<\/div><div class=\"vlp-block-2 vlp-link-button\">Lire l'article<\/div><div class=\"vlp-block-3 vlp-link-url\">dicodusport.fr<\/div><\/div><\/div>\n<h2>David Somb\u00e9 : \u00ab\u00a0J&rsquo;\u00e9tais d\u00e9m\u00e9nageur auparavant\u00a0\u00bb<\/h2>\n<h3 style=\"text-align: justify;\">Cette d\u00e9couverte est \u00e0 l&rsquo;image de ta saison o\u00f9 tu as gagn\u00e9 1.3 seconde sur 400 m. C&rsquo;est plus qu&rsquo;un cap de franchi.<\/h3>\n<div style=\"text-align: justify;\">Oui. Mais on savait que cela pouvait arriver. J&rsquo;\u00e9tais d\u00e9m\u00e9nageur auparavant, mais j&rsquo;avais aussi mes cours \u00e0 c\u00f4t\u00e9. L&#8217;emploi du temps n&rsquo;\u00e9tait pas le m\u00eame. Cela me faisait des journ\u00e9es de 16 heures et on arrive au stade d\u00e9j\u00e0 cram\u00e9. J&rsquo;ai pu travailler beaucoup plus sereinement cette ann\u00e9e. Auparavant, je n&rsquo;ai pas \u00e9t\u00e9 \u00e9pargn\u00e9 par les blessures. D\u00e9m\u00e9nageur, c&rsquo;est un job usant et traumatisant pour le corps. J&rsquo;\u00e9tais en d\u00e9compression totale.<\/div>\n<h3 style=\"text-align: justify;\">Tu penses que si tu avais continu\u00e9 ton activit\u00e9, tu n&rsquo;aurais pas pu faire une telle saison ?<\/h3>\n<div style=\"text-align: justify;\">Je n&rsquo;aurais jamais pu faire cela. C&rsquo;est tout b\u00eate, mais quand tu travailles, tu n&rsquo;as que cinq semaines de vacances. Les stages, tu oublies. Cette ann\u00e9e, on est parti 17 jours en stage. J&rsquo;aurais d\u00fb poser des cong\u00e9s sans solde, sans \u00eatre pay\u00e9. Dans la t\u00eate, je n&rsquo;aurais pas pu \u00eatre aussi serein. Je n&rsquo;aurais pas pu faire les m\u00eames comp\u00e9titions et donc la m\u00eame confiance. Je pense au meeting de Cergy qui est un mercredi. Avant, j&rsquo;y aurais particip\u00e9 avec ma journ\u00e9e de travail dans les jambes, tu ne peux pas avoir la m\u00eame approche de la compet.<\/div>\n<h2 style=\"text-align: justify;\">David Somb\u00e9 : \u00ab\u00a0J&rsquo;ai un big-up \u00e0 passer \u00e0 ceux qui m&rsquo;aident\u00a0\u00bb<\/h2>\n<h3 style=\"text-align: justify;\">Ce changement a-t-il induit un sacrifice financier ? Tu vis de l&rsquo;athl\u00e9tisme ?<\/h3>\n<div style=\"text-align: justify;\">J&rsquo;ai un big-up \u00e0 passer pour mon club de Lille (Lille M\u00e9tropole Athl\u00e9tisme). Un club qui m&rsquo;aide depuis deux ans. Ils m&rsquo;ont trouv\u00e9 des partenaires. Notamment <strong>Samuel Sarfaty<\/strong>, qui a une entreprise de fibre, Wipeo. Il m&rsquo;aide financi\u00e8rement et il me donne \u00e9norm\u00e9ment de force. Il y a la r\u00e9gion et le d\u00e9partement du Nord. Depuis le d\u00e9but de l&rsquo;ann\u00e9e, j&rsquo;ai un contrat avec la ville de Palaiseau.<\/div>\n<div><\/div>\n<div style=\"text-align: justify;\">Je fais des interventions dans les classes. Je leur parle de mon sport, je leur envoie des vid\u00e9os de moi en comp\u00e9tition. Pour les \u00e9duquer sur les bienfaits du sport. Tout cela fait que je peux survivre &#8211; car je ne suis pas \u00e0 l&rsquo;aise &#8211; financi\u00e8rement. Mais, depuis peu, gr\u00e2ce \u00e0 <strong>Leslie Djhone<\/strong> mon agent (et recordman de France du 400 m), j&rsquo;ai un contrat avec Adidas. Cela fait un an que j&rsquo;ai \u00e9clos, je ne peux pas demander trop, mais c&rsquo;est d\u00e9j\u00e0 une putain d&rsquo;aide. Avoir un fixe, mais aussi ne plus payer mes v\u00eatements.<\/div>\n<h2>David Somb\u00e9 : \u00ab\u00a0C&rsquo;est la premi\u00e8re ann\u00e9e o\u00f9 je finis une saison\u00a0\u00bb<\/h2>\n<h3 style=\"text-align: justify;\">Tu continues de gagner de l&rsquo;argent en te d\u00e9barrassant de la charge physique de ton ancien m\u00e9tier.<\/h3>\n<p style=\"text-align: justify;\">Clairement. Quand j&rsquo;\u00e9tais d\u00e9m\u00e9nageur, je touchais 74 \u20ac par jour. En te d\u00e9truisant la sant\u00e9, m\u00eame si les coll\u00e8gues essayaient de m&rsquo;aider et que mon patron \u00e9tait arrangeant. Mais, quand tu fais ce job, tu dois porter des charges lourdes. Et c&rsquo;\u00e9tait hors de question d&rsquo;en faire moins que les coll\u00e8gues.<\/p>\n<p style=\"text-align: justify;\">On le voit avec l&rsquo;arr\u00eat, au-del\u00e0 du record personnel, c&rsquo;est la premi\u00e8re ann\u00e9e depuis deux ans, o\u00f9 je termine une saison. L&rsquo;ann\u00e9e des JO en 2021, mon corps est tellement fatigu\u00e9 que cela ne r\u00e9pond plus. L&rsquo;an pass\u00e9, je me blesse. Le corps me disait stop.<\/p>\n<h3 style=\"text-align: justify;\">Ce job a-t-il apport\u00e9 une rigueur dans ton entra\u00eenement ?<\/h3>\n<p style=\"text-align: justify;\">Dans l&rsquo;entra\u00eenement en tant que tel, cela n&rsquo;apporte absolument rien. Il y a des journ\u00e9es o\u00f9 je marchais 20-30 kilom\u00e8tres. Cela te fatigue. Tu les fais rarement les mains vides, donc tu te d\u00e9truis le dos. Mais, mentalement, cela te donne la dalle. Et tu as envie de partir au combat. Une journ\u00e9e charg\u00e9e d\u00e9bute \u00e0 6h30, pour r\u00e9cup\u00e9rer le camion, pour aller sur le chantier. Tu as le malheur d&rsquo;arriver quinze minutes en retard, le client peut t&rsquo;engueuler. La journ\u00e9e se termine, il peut \u00eatre 19 heures. Il faut d\u00e9poser le camion. Tu arrives au stade, l&rsquo;entra\u00eenement des autres est d\u00e9j\u00e0 fini. Tu t&rsquo;entraines seul. Je ne fais pas de dessin. Le pire a \u00e9t\u00e9 la derni\u00e8re ann\u00e9e, quand j&rsquo;ai doubl\u00e9 avec les cours. C&rsquo;\u00e9tait en distanciel. Il fallait encore travailler apr\u00e8s tout cela. On ne va pas se mentir que c&rsquo;\u00e9tait difficile (rires).<\/p>\n<h2 style=\"text-align: justify;\">David Somb\u00e9 : \u00ab\u00a0Je suis assez jeune sur le 400 m\u00a0\u00bb<\/h2>\n<h3 style=\"text-align: justify;\">La concurrence en France est dingue. Cela t&rsquo;a-t-il aid\u00e9 \u00e0 franchir le cap ?<\/h3>\n<div style=\"text-align: justify;\">Clairement. Quand tu t&rsquo;entra\u00eenes, tu n&rsquo;es pas l\u00e0 pour faire 2e. J&rsquo;avais envie de sortir du monde traditionnel du travail et d&rsquo;\u00eatre athl\u00e8te professionnel. Et personne ne va regarder un 4e ou un 5e. Et m\u00eame si tu es tout le temps deuxi\u00e8me, les gens vont regarder celui qui est premier.<\/div>\n<h3 style=\"text-align: justify;\">Et tu es encore tout jeune, la marge de progression est forte.<\/h3>\n<p style=\"text-align: justify;\">M\u00eame au-del\u00e0 de mon \u00e2ge, c&rsquo;est le fait que je sois assez jeune sur le 400 m. J&rsquo;ai encore \u00e9norm\u00e9ment \u00e0 apprendre de cette distance. Je peux encore \u00e9norm\u00e9ment progresser en vitesse. Je ne suis pas rapide, j&rsquo;ai plus un profil de coureur de 800 m\u00e8tres.<\/p>\n<h3 style=\"text-align: justify;\">Esp\u00e8res-tu que la m\u00e9daille va d\u00e9bloquer des choses financi\u00e8rement ?<\/h3>\n<div style=\"text-align: justify;\">J&rsquo;ai appris une chose, c&rsquo;est que tant que ce n&rsquo;est pas sur ton compte, il ne faut pas y penser. J&rsquo;esp\u00e8re forc\u00e9ment. On est la seule m\u00e9daille \u00e0 un an des JO. On entre dans les potentielles m\u00e9dailles \u00e0 Paris. J&rsquo;esp\u00e8re que le fait que ce soit un collectif, ne va pas nous p\u00e9naliser. Et que cela peut d\u00e9bloquer des aides, que des m\u00e9c\u00e8nes s&rsquo;int\u00e9ressent \u00e0 nous.<\/div>\n<div><\/div>\n<div>\n<div class=\"vlp-link-container vlp-layout-article\"><a href=\"https:\/\/dicodusport.fr\/blog\/des-athletes-ne-se-sont-pas-transcendes-romain-barras-a-t-il-raison\/\" class=\"vlp-link\" title=\"&quot;Des athl\u00e8tes ne se sont pas transcend\u00e9s&quot; : Romain Barras a-t-il raison ?\"><\/a><div class=\"vlp-layout-zone-side\"><div class=\"vlp-block-4 vlp-link-image\"><img loading=\"lazy\" decoding=\"async\" style=\"max-width: 800px;\" width=\"800\" height=\"445\" src=\"https:\/\/dicodusport.fr\/blog\/wp-content\/uploads\/2023\/08\/Des-athletes-ne-se-sont-pas-transcendes-Romain-Barras-a-t-il-raison-.png\" class=\"attachment-800x445 size-800x445\" alt=\"Des athl\u00e8tes ne se sont pas transcend\u00e9s Romain Barras a-t-il raison\" srcset=\"https:\/\/dicodusport.fr\/blog\/wp-content\/uploads\/2023\/08\/Des-athletes-ne-se-sont-pas-transcendes-Romain-Barras-a-t-il-raison-.png 800w, https:\/\/dicodusport.fr\/blog\/wp-content\/uploads\/2023\/08\/Des-athletes-ne-se-sont-pas-transcendes-Romain-Barras-a-t-il-raison--300x167.png 300w, https:\/\/dicodusport.fr\/blog\/wp-content\/uploads\/2023\/08\/Des-athletes-ne-se-sont-pas-transcendes-Romain-Barras-a-t-il-raison--768x427.png 768w\" sizes=\"auto, (max-width: 800px) 100vw, 800px\" \/><\/div><\/div><div class=\"vlp-layout-zone-main\"><div class=\"vlp-block-0 vlp-link-title\">\"Des athl\u00e8tes ne se sont pas transcend\u00e9s\" : Romain Barras a-t-il raison ?<\/div><div class=\"vlp-block-1 vlp-link-summary\">CHAMPIONNATS DU MONDE D'ATHL\u00c9TISME 2023 - Romain Barras a admis que deux tiers des athl\u00e8tes fran\u00e7ais n'avaient pas \u00e9lev\u00e9 leur rang mondial \u00e0 Budapest. Le Directeur de la haute performance fran\u00e7ais est-il dans le vrai ? D'un point de vue brut, pourquoi pas. Avec de la contextualisation, le Directeur de la haute performance de l'athl\u00e9tisme fran\u00e7ais a pris une donn\u00e9e qui lui \u00e9tait favorable.<\/div><div class=\"vlp-block-2 vlp-link-button\">Lire l'article<\/div><div class=\"vlp-block-3 vlp-link-url\">dicodusport.fr<\/div><\/div><\/div>\n<\/div>\n<h2 style=\"text-align: justify;\">David Somb\u00e9 : \u00ab\u00a0J&rsquo;ai un probl\u00e8me avec ceux qui nous critiquent de leur canap\u00e9\u00a0\u00bb<\/h2>\n<h3 style=\"text-align: justify;\">Tu as d&rsquo;autres courses pr\u00e9vues cette saison ?<\/h3>\n<div style=\"text-align: justify;\">Ma saison est finie. J&rsquo;ai train\u00e9 quelques petites blessures. Certaines persistent un peu. On va soigner le corps au maximum. Se reposer et partir en vacances. J&rsquo;ai couru avec ces soucis \u00e0 Budapest, mais j&rsquo;ai serr\u00e9 les dents. Cela ne m&rsquo;a pas emp\u00each\u00e9 de courir (rires). J&rsquo;ai une tendinite rotulienne \u00e0 gauche et une fissure du m\u00e9nisque \u00e0 droite. \u00c0 cela s&rsquo;ajoute une contracture \u00e0 l&rsquo;insertion de l&rsquo;ischio gauche. Il ne fallait pas trop pousser trop longtemps.<\/div>\n<div>\n<h3 style=\"text-align: justify;\">Tu penses d\u00e9j\u00e0 \u00e0 2024 ou tu gardes des objectifs pour cette fin de saison ?<\/h3>\n<p style=\"text-align: justify;\">Clairement, j&rsquo;esp\u00e8re que les gens vont nous prendre au s\u00e9rieux, que ce soit dans le relais ou en individuel. On est l\u00e0, pr\u00e9sents, et on a fait ce qu&rsquo;on devait faire. \u00c9videmment, je ne veux pas vendre du r\u00eave aux gens, leur promettre une finale olympique et un 44.30. Mais il faut que les gens comprennent qu&rsquo;on peut r\u00e9pondre pr\u00e9sent en grand championnat. C&rsquo;est \u00e0 nous de faire descendre le chrono, aller chercher les minima. Mais quand je vois Gilles qui a fait 45.05. Je mets au d\u00e9fi quelqu&rsquo;un de prendre un chrono, de le d\u00e9marrer et de l&rsquo;arr\u00eater et de voir s&rsquo;afficher 5 centi\u00e8mes dessus. C&rsquo;est minime ! Si quelqu&rsquo;un ressort un chrono comme cela, j&rsquo;esp\u00e8re que le fait d&rsquo;\u00eatre \u00e0 domicile, peut inciter \u00e0 une s\u00e9lection. Mais il faudra faire 44 pour ne pas avoir de soucis. Je veux participer aux JO en individuel et on ne veut pas moins que la m\u00e9daille en relais.<\/p>\n<h3 style=\"text-align: justify;\">Je crois que tu avais un dernier message \u00e0 faire passer.<\/h3>\n<p style=\"text-align: justify;\">J&rsquo;ai un \u00e9norme probl\u00e8me avec tous les gens qui se permettent de critiquer les Fran\u00e7ais depuis leur fauteuil. Je les invite \u00e0 venir sur une piste. On verra s&rsquo;ils se permettront de critiquer. Malheureusement, les efforts ne se quantifient pas au nombre de m\u00e9dailles. Un <strong>Thibaut Collet<\/strong> bat deux fois son record. <strong>Jimmy Gressier<\/strong> tient la baraque comme pas possible, <strong>M\u00e9lina Robert-Michon<\/strong> qui encha\u00eene les championnats du monde. <strong>Sasha Zhoya<\/strong> et <strong>Wilhem Belocian<\/strong> entrent en finale. Il y a des trucs \u00e0 retenir. L&rsquo;Allemagne a z\u00e9ro m\u00e9daille. Et ce n&rsquo;est pas parce qu&rsquo;on n&rsquo;a qu&rsquo;une m\u00e9daille qu&rsquo;on en n&rsquo;aura pas \u00e0 Paris. Cette m\u00e9daille, c&rsquo;est la m\u00e9daille de tous les Fran\u00e7ais, mais pas celle des champions du canap\u00e9 qui nous critiquent sur les r\u00e9seaux sociaux.<\/p>\n<\/div>\n","protected":false},"excerpt":{"rendered":"<p>ATHL\u00c9TISME &#8211; Entretien avec David Somb\u00e9, qui a remport\u00e9 la m\u00e9daille d&rsquo;argent, avec le relais 4&#215;400 m, lors des mondiaux de Budapest.<\/p>\n","protected":false},"author":83,"featured_media":415775,"comment_status":"open","ping_status":"closed","sticky":false,"template":"","format":"standard","meta":{"_acf_changed":false,"_daextam_enable_autolinks":"","footnotes":""},"categories":[2308],"tags":[143,16878,24],"class_list":["post-414302","post","type-post","status-publish","format-standard","has-post-thumbnail","hentry","category-athletisme","tag-athletisme","tag-breve","tag-sport"],"acf":[],"yoast_head":"<!-- This site is optimized with the Yoast SEO Premium plugin v26.7 (Yoast SEO v26.7) - https:\/\/yoast.com\/wordpress\/plugins\/seo\/ -->\n<title>David Somb\u00e9, vice-champion du monde du 4x400 : &quot;Ne pas banaliser une m\u00e9daille&quot;<\/title>\n<meta name=\"description\" content=\"ATHL\u00c9TISME - Entretien avec David Somb\u00e9, qui a remport\u00e9 la m\u00e9daille d&#039;argent, avec le relais 4x400 m, lors des Mondiaux de Budapest.\" \/>\n<meta name=\"robots\" content=\"index, follow, max-snippet:-1, max-image-preview:large, max-video-preview:-1\" \/>\n<link rel=\"canonical\" href=\"https:\/\/dicodusport.fr\/blog\/david-sombe-vice-champion-du-monde-du-4x400-ne-pas-banaliser-une-medaille\/\" \/>\n<meta property=\"og:locale\" content=\"fr_FR\" \/>\n<meta property=\"og:type\" content=\"article\" \/>\n<meta property=\"og:title\" content=\"David Somb\u00e9, vice-champion du monde du 4x400 : &quot;Ne pas banaliser une m\u00e9daille&quot;\" \/>\n<meta property=\"og:description\" content=\"ATHL\u00c9TISME - Entretien avec David Somb\u00e9, qui a remport\u00e9 la m\u00e9daille d&#039;argent, avec le relais 4x400 m, lors des Mondiaux de Budapest.\" \/>\n<meta property=\"og:url\" content=\"https:\/\/dicodusport.fr\/blog\/david-sombe-vice-champion-du-monde-du-4x400-ne-pas-banaliser-une-medaille\/\" \/>\n<meta property=\"og:site_name\" content=\"Dicodusport\" \/>\n<meta property=\"article:publisher\" content=\"https:\/\/www.facebook.com\/dicodusport\" \/>\n<meta property=\"article:published_time\" content=\"2023-09-05T15:15:46+00:00\" \/>\n<meta property=\"article:modified_time\" content=\"2023-09-06T05:57:19+00:00\" \/>\n<meta property=\"og:image\" content=\"https:\/\/dicodusport.fr\/blog\/wp-content\/uploads\/2023\/09\/David-Sombe-vice-champion-du-monde-du-4x400-Ne-pas-banaliser-une-medaille.png\" \/>\n\t<meta property=\"og:image:width\" content=\"800\" \/>\n\t<meta property=\"og:image:height\" content=\"445\" \/>\n\t<meta property=\"og:image:type\" content=\"image\/png\" \/>\n<meta name=\"author\" content=\"Etienne Goursaud\" \/>\n<meta name=\"twitter:card\" content=\"summary_large_image\" \/>\n<meta name=\"twitter:title\" content=\"David Somb\u00e9, vice-champion du monde du 4x400 : &quot;Ne pas banaliser une m\u00e9daille&quot;\" \/>\n<meta name=\"twitter:creator\" content=\"@dicodusport\" \/>\n<meta name=\"twitter:site\" content=\"@dicodusport\" \/>\n<script type=\"application\/ld+json\" class=\"yoast-schema-graph\">{\"@context\":\"https:\/\/schema.org\",\"@graph\":[{\"@type\":\"NewsArticle\",\"@id\":\"https:\/\/dicodusport.fr\/blog\/david-sombe-vice-champion-du-monde-du-4x400-ne-pas-banaliser-une-medaille\/#article\",\"isPartOf\":{\"@id\":\"https:\/\/dicodusport.fr\/blog\/david-sombe-vice-champion-du-monde-du-4x400-ne-pas-banaliser-une-medaille\/\"},\"author\":{\"name\":\"Etienne Goursaud\",\"@id\":\"https:\/\/dicodusport.fr\/blog\/#\/schema\/person\/d603dd7da31fb2b46c82b9835a77ec13\"},\"headline\":\"David Somb\u00e9, vice-champion du monde du 4&#215;400 : \u00ab\u00a0Ne pas banaliser une m\u00e9daille\u00a0\u00bb\",\"datePublished\":\"2023-09-05T15:15:46+00:00\",\"dateModified\":\"2023-09-06T05:57:19+00:00\",\"mainEntityOfPage\":{\"@id\":\"https:\/\/dicodusport.fr\/blog\/david-sombe-vice-champion-du-monde-du-4x400-ne-pas-banaliser-une-medaille\/\"},\"wordCount\":2814,\"commentCount\":0,\"publisher\":{\"@id\":\"https:\/\/dicodusport.fr\/blog\/#organization\"},\"image\":{\"@id\":\"https:\/\/dicodusport.fr\/blog\/david-sombe-vice-champion-du-monde-du-4x400-ne-pas-banaliser-une-medaille\/#primaryimage\"},\"thumbnailUrl\":\"https:\/\/dicodusport.fr\/blog\/wp-content\/uploads\/2023\/09\/David-Sombe-vice-champion-du-monde-du-4x400-Ne-pas-banaliser-une-medaille.png\",\"keywords\":[\"Athl\u00e9tisme\",\"br\u00e8ve\",\"sport\"],\"articleSection\":[\"Athl\u00e9tisme\"],\"inLanguage\":\"fr-FR\",\"potentialAction\":[{\"@type\":\"CommentAction\",\"name\":\"Comment\",\"target\":[\"https:\/\/dicodusport.fr\/blog\/david-sombe-vice-champion-du-monde-du-4x400-ne-pas-banaliser-une-medaille\/#respond\"]}],\"copyrightYear\":\"2023\",\"copyrightHolder\":{\"@id\":\"https:\/\/dicodusport.fr\/blog\/#organization\"}},{\"@type\":\"WebPage\",\"@id\":\"https:\/\/dicodusport.fr\/blog\/david-sombe-vice-champion-du-monde-du-4x400-ne-pas-banaliser-une-medaille\/\",\"url\":\"https:\/\/dicodusport.fr\/blog\/david-sombe-vice-champion-du-monde-du-4x400-ne-pas-banaliser-une-medaille\/\",\"name\":\"David Somb\u00e9, vice-champion du monde du 4x400 : \\\"Ne pas banaliser une m\u00e9daille\\\"\",\"isPartOf\":{\"@id\":\"https:\/\/dicodusport.fr\/blog\/#website\"},\"primaryImageOfPage\":{\"@id\":\"https:\/\/dicodusport.fr\/blog\/david-sombe-vice-champion-du-monde-du-4x400-ne-pas-banaliser-une-medaille\/#primaryimage\"},\"image\":{\"@id\":\"https:\/\/dicodusport.fr\/blog\/david-sombe-vice-champion-du-monde-du-4x400-ne-pas-banaliser-une-medaille\/#primaryimage\"},\"thumbnailUrl\":\"https:\/\/dicodusport.fr\/blog\/wp-content\/uploads\/2023\/09\/David-Sombe-vice-champion-du-monde-du-4x400-Ne-pas-banaliser-une-medaille.png\",\"datePublished\":\"2023-09-05T15:15:46+00:00\",\"dateModified\":\"2023-09-06T05:57:19+00:00\",\"description\":\"ATHL\u00c9TISME - Entretien avec David Somb\u00e9, qui a remport\u00e9 la m\u00e9daille d'argent, avec le relais 4x400 m, lors des Mondiaux de Budapest.\",\"breadcrumb\":{\"@id\":\"https:\/\/dicodusport.fr\/blog\/david-sombe-vice-champion-du-monde-du-4x400-ne-pas-banaliser-une-medaille\/#breadcrumb\"},\"inLanguage\":\"fr-FR\",\"potentialAction\":[{\"@type\":\"ReadAction\",\"target\":[\"https:\/\/dicodusport.fr\/blog\/david-sombe-vice-champion-du-monde-du-4x400-ne-pas-banaliser-une-medaille\/\"]}]},{\"@type\":\"ImageObject\",\"inLanguage\":\"fr-FR\",\"@id\":\"https:\/\/dicodusport.fr\/blog\/david-sombe-vice-champion-du-monde-du-4x400-ne-pas-banaliser-une-medaille\/#primaryimage\",\"url\":\"https:\/\/dicodusport.fr\/blog\/wp-content\/uploads\/2023\/09\/David-Sombe-vice-champion-du-monde-du-4x400-Ne-pas-banaliser-une-medaille.png\",\"contentUrl\":\"https:\/\/dicodusport.fr\/blog\/wp-content\/uploads\/2023\/09\/David-Sombe-vice-champion-du-monde-du-4x400-Ne-pas-banaliser-une-medaille.png\",\"width\":800,\"height\":445,\"caption\":\"David Somb\u00e9, vice-champion du monde du 4x400 Ne pas banaliser une m\u00e9daille\"},{\"@type\":\"BreadcrumbList\",\"@id\":\"https:\/\/dicodusport.fr\/blog\/david-sombe-vice-champion-du-monde-du-4x400-ne-pas-banaliser-une-medaille\/#breadcrumb\",\"itemListElement\":[{\"@type\":\"ListItem\",\"position\":1,\"name\":\"Accueil\",\"item\":\"https:\/\/dicodusport.fr\/blog\/\"},{\"@type\":\"ListItem\",\"position\":2,\"name\":\"David Somb\u00e9, vice-champion du monde du 4&#215;400 : \u00ab\u00a0Ne pas banaliser une m\u00e9daille\u00a0\u00bb\"}]},{\"@type\":\"WebSite\",\"@id\":\"https:\/\/dicodusport.fr\/blog\/#website\",\"url\":\"https:\/\/dicodusport.fr\/blog\/\",\"name\":\"Dicodusport\",\"description\":\"L&#039;encyclop\u00e9die de l&#039;actualit\u00e9 sportive\",\"publisher\":{\"@id\":\"https:\/\/dicodusport.fr\/blog\/#organization\"},\"potentialAction\":[{\"@type\":\"SearchAction\",\"target\":{\"@type\":\"EntryPoint\",\"urlTemplate\":\"https:\/\/dicodusport.fr\/blog\/?s={search_term_string}\"},\"query-input\":{\"@type\":\"PropertyValueSpecification\",\"valueRequired\":true,\"valueName\":\"search_term_string\"}}],\"inLanguage\":\"fr-FR\"},{\"@type\":\"NewsMediaOrganization\",\"@id\":\"https:\/\/dicodusport.fr\/blog\/#organization\",\"name\":\"Dicodusport\",\"url\":\"https:\/\/dicodusport.fr\/blog\/\",\"logo\":{\"@type\":\"ImageObject\",\"inLanguage\":\"fr-FR\",\"@id\":\"https:\/\/dicodusport.fr\/blog\/#\/schema\/logo\/image\/\",\"url\":\"https:\/\/dicodusport.fr\/blog\/wp-content\/uploads\/2020\/06\/cropped-LOGO-DICODUSPORT-2020-SANS-FOND-SANS-TEXTE.png\",\"contentUrl\":\"https:\/\/dicodusport.fr\/blog\/wp-content\/uploads\/2020\/06\/cropped-LOGO-DICODUSPORT-2020-SANS-FOND-SANS-TEXTE.png\",\"width\":512,\"height\":512,\"caption\":\"Dicodusport\"},\"image\":{\"@id\":\"https:\/\/dicodusport.fr\/blog\/#\/schema\/logo\/image\/\"},\"sameAs\":[\"https:\/\/www.facebook.com\/dicodusport\",\"https:\/\/x.com\/dicodusport\",\"https:\/\/www.instagram.com\/dicodusport\/\",\"https:\/\/www.youtube.com\/channel\/UC7V2KZ5sd3htJivAbA4ZG3w\"],\"description\":\"Dicodusport est l'encyclop\u00e9die de l'actualit\u00e9 sportive.\",\"email\":\"bonjour@dicodusport.fr\",\"legalName\":\"DICODUSPORT\",\"foundingDate\":\"2018-01-14\",\"vatID\":\"FR71834470973\",\"taxID\":\"83447097300043\",\"numberOfEmployees\":{\"@type\":\"QuantitativeValue\",\"minValue\":\"1\",\"maxValue\":\"10\"}},{\"@type\":\"Person\",\"@id\":\"https:\/\/dicodusport.fr\/blog\/#\/schema\/person\/d603dd7da31fb2b46c82b9835a77ec13\",\"name\":\"Etienne Goursaud\",\"image\":{\"@type\":\"ImageObject\",\"inLanguage\":\"fr-FR\",\"@id\":\"https:\/\/dicodusport.fr\/blog\/#\/schema\/person\/image\/\",\"url\":\"https:\/\/dicodusport.fr\/blog\/wp-content\/uploads\/2023\/12\/410122264_10231602061736049_5565839791558026645_n-150x150.jpg\",\"contentUrl\":\"https:\/\/dicodusport.fr\/blog\/wp-content\/uploads\/2023\/12\/410122264_10231602061736049_5565839791558026645_n-150x150.jpg\",\"caption\":\"Etienne Goursaud\"},\"description\":\"Journaliste et amoureux de sport. Ancien footballeur reconverti athl\u00e8te quand ses muscles le laissent tranquille. \u00c9lev\u00e9 \u00e0 la sauce des exploits de Thomas Voeckler en 2004, du dernier essai de l\u00e9gende de Eunice Barber \u00e0 la longueur lors des championnats du monde d'athl\u00e9tisme de 2003 mais aussi Zidane, Omeyer et Titou Lamaison.\",\"url\":\"https:\/\/dicodusport.fr\/blog\/author\/etienne-goursaud\/\"}]}<\/script>\n<!-- \/ Yoast SEO Premium plugin. -->","yoast_head_json":{"title":"David Somb\u00e9, vice-champion du monde du 4x400 : \"Ne pas banaliser une m\u00e9daille\"","description":"ATHL\u00c9TISME - Entretien avec David Somb\u00e9, qui a remport\u00e9 la m\u00e9daille d'argent, avec le relais 4x400 m, lors des Mondiaux de Budapest.","robots":{"index":"index","follow":"follow","max-snippet":"max-snippet:-1","max-image-preview":"max-image-preview:large","max-video-preview":"max-video-preview:-1"},"canonical":"https:\/\/dicodusport.fr\/blog\/david-sombe-vice-champion-du-monde-du-4x400-ne-pas-banaliser-une-medaille\/","og_locale":"fr_FR","og_type":"article","og_title":"David Somb\u00e9, vice-champion du monde du 4x400 : \"Ne pas banaliser une m\u00e9daille\"","og_description":"ATHL\u00c9TISME - Entretien avec David Somb\u00e9, qui a remport\u00e9 la m\u00e9daille d'argent, avec le relais 4x400 m, lors des Mondiaux de Budapest.","og_url":"https:\/\/dicodusport.fr\/blog\/david-sombe-vice-champion-du-monde-du-4x400-ne-pas-banaliser-une-medaille\/","og_site_name":"Dicodusport","article_publisher":"https:\/\/www.facebook.com\/dicodusport","article_published_time":"2023-09-05T15:15:46+00:00","article_modified_time":"2023-09-06T05:57:19+00:00","og_image":[{"width":800,"height":445,"url":"https:\/\/dicodusport.fr\/blog\/wp-content\/uploads\/2023\/09\/David-Sombe-vice-champion-du-monde-du-4x400-Ne-pas-banaliser-une-medaille.png","type":"image\/png"}],"author":"Etienne Goursaud","twitter_card":"summary_large_image","twitter_title":"David Somb\u00e9, vice-champion du monde du 4x400 : \"Ne pas banaliser une m\u00e9daille\"","twitter_creator":"@dicodusport","twitter_site":"@dicodusport","schema":{"@context":"https:\/\/schema.org","@graph":[{"@type":"NewsArticle","@id":"https:\/\/dicodusport.fr\/blog\/david-sombe-vice-champion-du-monde-du-4x400-ne-pas-banaliser-une-medaille\/#article","isPartOf":{"@id":"https:\/\/dicodusport.fr\/blog\/david-sombe-vice-champion-du-monde-du-4x400-ne-pas-banaliser-une-medaille\/"},"author":{"name":"Etienne Goursaud","@id":"https:\/\/dicodusport.fr\/blog\/#\/schema\/person\/d603dd7da31fb2b46c82b9835a77ec13"},"headline":"David Somb\u00e9, vice-champion du monde du 4&#215;400 : \u00ab\u00a0Ne pas banaliser une m\u00e9daille\u00a0\u00bb","datePublished":"2023-09-05T15:15:46+00:00","dateModified":"2023-09-06T05:57:19+00:00","mainEntityOfPage":{"@id":"https:\/\/dicodusport.fr\/blog\/david-sombe-vice-champion-du-monde-du-4x400-ne-pas-banaliser-une-medaille\/"},"wordCount":2814,"commentCount":0,"publisher":{"@id":"https:\/\/dicodusport.fr\/blog\/#organization"},"image":{"@id":"https:\/\/dicodusport.fr\/blog\/david-sombe-vice-champion-du-monde-du-4x400-ne-pas-banaliser-une-medaille\/#primaryimage"},"thumbnailUrl":"https:\/\/dicodusport.fr\/blog\/wp-content\/uploads\/2023\/09\/David-Sombe-vice-champion-du-monde-du-4x400-Ne-pas-banaliser-une-medaille.png","keywords":["Athl\u00e9tisme","br\u00e8ve","sport"],"articleSection":["Athl\u00e9tisme"],"inLanguage":"fr-FR","potentialAction":[{"@type":"CommentAction","name":"Comment","target":["https:\/\/dicodusport.fr\/blog\/david-sombe-vice-champion-du-monde-du-4x400-ne-pas-banaliser-une-medaille\/#respond"]}],"copyrightYear":"2023","copyrightHolder":{"@id":"https:\/\/dicodusport.fr\/blog\/#organization"}},{"@type":"WebPage","@id":"https:\/\/dicodusport.fr\/blog\/david-sombe-vice-champion-du-monde-du-4x400-ne-pas-banaliser-une-medaille\/","url":"https:\/\/dicodusport.fr\/blog\/david-sombe-vice-champion-du-monde-du-4x400-ne-pas-banaliser-une-medaille\/","name":"David Somb\u00e9, vice-champion du monde du 4x400 : \"Ne pas banaliser une m\u00e9daille\"","isPartOf":{"@id":"https:\/\/dicodusport.fr\/blog\/#website"},"primaryImageOfPage":{"@id":"https:\/\/dicodusport.fr\/blog\/david-sombe-vice-champion-du-monde-du-4x400-ne-pas-banaliser-une-medaille\/#primaryimage"},"image":{"@id":"https:\/\/dicodusport.fr\/blog\/david-sombe-vice-champion-du-monde-du-4x400-ne-pas-banaliser-une-medaille\/#primaryimage"},"thumbnailUrl":"https:\/\/dicodusport.fr\/blog\/wp-content\/uploads\/2023\/09\/David-Sombe-vice-champion-du-monde-du-4x400-Ne-pas-banaliser-une-medaille.png","datePublished":"2023-09-05T15:15:46+00:00","dateModified":"2023-09-06T05:57:19+00:00","description":"ATHL\u00c9TISME - Entretien avec David Somb\u00e9, qui a remport\u00e9 la m\u00e9daille d'argent, avec le relais 4x400 m, lors des Mondiaux de Budapest.","breadcrumb":{"@id":"https:\/\/dicodusport.fr\/blog\/david-sombe-vice-champion-du-monde-du-4x400-ne-pas-banaliser-une-medaille\/#breadcrumb"},"inLanguage":"fr-FR","potentialAction":[{"@type":"ReadAction","target":["https:\/\/dicodusport.fr\/blog\/david-sombe-vice-champion-du-monde-du-4x400-ne-pas-banaliser-une-medaille\/"]}]},{"@type":"ImageObject","inLanguage":"fr-FR","@id":"https:\/\/dicodusport.fr\/blog\/david-sombe-vice-champion-du-monde-du-4x400-ne-pas-banaliser-une-medaille\/#primaryimage","url":"https:\/\/dicodusport.fr\/blog\/wp-content\/uploads\/2023\/09\/David-Sombe-vice-champion-du-monde-du-4x400-Ne-pas-banaliser-une-medaille.png","contentUrl":"https:\/\/dicodusport.fr\/blog\/wp-content\/uploads\/2023\/09\/David-Sombe-vice-champion-du-monde-du-4x400-Ne-pas-banaliser-une-medaille.png","width":800,"height":445,"caption":"David Somb\u00e9, vice-champion du monde du 4x400 Ne pas banaliser une m\u00e9daille"},{"@type":"BreadcrumbList","@id":"https:\/\/dicodusport.fr\/blog\/david-sombe-vice-champion-du-monde-du-4x400-ne-pas-banaliser-une-medaille\/#breadcrumb","itemListElement":[{"@type":"ListItem","position":1,"name":"Accueil","item":"https:\/\/dicodusport.fr\/blog\/"},{"@type":"ListItem","position":2,"name":"David Somb\u00e9, vice-champion du monde du 4&#215;400 : \u00ab\u00a0Ne pas banaliser une m\u00e9daille\u00a0\u00bb"}]},{"@type":"WebSite","@id":"https:\/\/dicodusport.fr\/blog\/#website","url":"https:\/\/dicodusport.fr\/blog\/","name":"Dicodusport","description":"L&#039;encyclop\u00e9die de l&#039;actualit\u00e9 sportive","publisher":{"@id":"https:\/\/dicodusport.fr\/blog\/#organization"},"potentialAction":[{"@type":"SearchAction","target":{"@type":"EntryPoint","urlTemplate":"https:\/\/dicodusport.fr\/blog\/?s={search_term_string}"},"query-input":{"@type":"PropertyValueSpecification","valueRequired":true,"valueName":"search_term_string"}}],"inLanguage":"fr-FR"},{"@type":"NewsMediaOrganization","@id":"https:\/\/dicodusport.fr\/blog\/#organization","name":"Dicodusport","url":"https:\/\/dicodusport.fr\/blog\/","logo":{"@type":"ImageObject","inLanguage":"fr-FR","@id":"https:\/\/dicodusport.fr\/blog\/#\/schema\/logo\/image\/","url":"https:\/\/dicodusport.fr\/blog\/wp-content\/uploads\/2020\/06\/cropped-LOGO-DICODUSPORT-2020-SANS-FOND-SANS-TEXTE.png","contentUrl":"https:\/\/dicodusport.fr\/blog\/wp-content\/uploads\/2020\/06\/cropped-LOGO-DICODUSPORT-2020-SANS-FOND-SANS-TEXTE.png","width":512,"height":512,"caption":"Dicodusport"},"image":{"@id":"https:\/\/dicodusport.fr\/blog\/#\/schema\/logo\/image\/"},"sameAs":["https:\/\/www.facebook.com\/dicodusport","https:\/\/x.com\/dicodusport","https:\/\/www.instagram.com\/dicodusport\/","https:\/\/www.youtube.com\/channel\/UC7V2KZ5sd3htJivAbA4ZG3w"],"description":"Dicodusport est l'encyclop\u00e9die de l'actualit\u00e9 sportive.","email":"bonjour@dicodusport.fr","legalName":"DICODUSPORT","foundingDate":"2018-01-14","vatID":"FR71834470973","taxID":"83447097300043","numberOfEmployees":{"@type":"QuantitativeValue","minValue":"1","maxValue":"10"}},{"@type":"Person","@id":"https:\/\/dicodusport.fr\/blog\/#\/schema\/person\/d603dd7da31fb2b46c82b9835a77ec13","name":"Etienne Goursaud","image":{"@type":"ImageObject","inLanguage":"fr-FR","@id":"https:\/\/dicodusport.fr\/blog\/#\/schema\/person\/image\/","url":"https:\/\/dicodusport.fr\/blog\/wp-content\/uploads\/2023\/12\/410122264_10231602061736049_5565839791558026645_n-150x150.jpg","contentUrl":"https:\/\/dicodusport.fr\/blog\/wp-content\/uploads\/2023\/12\/410122264_10231602061736049_5565839791558026645_n-150x150.jpg","caption":"Etienne Goursaud"},"description":"Journaliste et amoureux de sport. Ancien footballeur reconverti athl\u00e8te quand ses muscles le laissent tranquille. \u00c9lev\u00e9 \u00e0 la sauce des exploits de Thomas Voeckler en 2004, du dernier essai de l\u00e9gende de Eunice Barber \u00e0 la longueur lors des championnats du monde d'athl\u00e9tisme de 2003 mais aussi Zidane, Omeyer et Titou Lamaison.","url":"https:\/\/dicodusport.fr\/blog\/author\/etienne-goursaud\/"}]}},"_links":{"self":[{"href":"https:\/\/dicodusport.fr\/blog\/wp-json\/wp\/v2\/posts\/414302","targetHints":{"allow":["GET"]}}],"collection":[{"href":"https:\/\/dicodusport.fr\/blog\/wp-json\/wp\/v2\/posts"}],"about":[{"href":"https:\/\/dicodusport.fr\/blog\/wp-json\/wp\/v2\/types\/post"}],"author":[{"embeddable":true,"href":"https:\/\/dicodusport.fr\/blog\/wp-json\/wp\/v2\/users\/83"}],"replies":[{"embeddable":true,"href":"https:\/\/dicodusport.fr\/blog\/wp-json\/wp\/v2\/comments?post=414302"}],"version-history":[{"count":0,"href":"https:\/\/dicodusport.fr\/blog\/wp-json\/wp\/v2\/posts\/414302\/revisions"}],"wp:featuredmedia":[{"embeddable":true,"href":"https:\/\/dicodusport.fr\/blog\/wp-json\/wp\/v2\/media\/415775"}],"wp:attachment":[{"href":"https:\/\/dicodusport.fr\/blog\/wp-json\/wp\/v2\/media?parent=414302"}],"wp:term":[{"taxonomy":"category","embeddable":true,"href":"https:\/\/dicodusport.fr\/blog\/wp-json\/wp\/v2\/categories?post=414302"},{"taxonomy":"post_tag","embeddable":true,"href":"https:\/\/dicodusport.fr\/blog\/wp-json\/wp\/v2\/tags?post=414302"}],"curies":[{"name":"wp","href":"https:\/\/api.w.org\/{rel}","templated":true}]}}