{"id":414354,"date":"2023-09-01T13:21:42","date_gmt":"2023-09-01T11:21:42","guid":{"rendered":"https:\/\/dicodusport.fr\/blog\/?p=414354&#038;preview=true&#038;preview_id=414354"},"modified":"2023-09-01T13:42:54","modified_gmt":"2023-09-01T11:42:54","slug":"mercato-psg-randal-kolo-muani-arrive-a-paris","status":"publish","type":"post","link":"https:\/\/dicodusport.fr\/blog\/mercato-psg-randal-kolo-muani-arrive-a-paris\/","title":{"rendered":"Mercato PSG : Randal Kolo Muani arrive \u00e0 Paris"},"content":{"rendered":"<p style=\"text-align: justify;\" align=\"justify\"><em><strong>LIGUE 1 2023-2024 &#8211; Selon L&rsquo;\u00c9quipe, le PSG et Francfort ont enfin trouv\u00e9 un accord pour le transfert de Randal Kolo Muani.\u00a0<\/strong><\/em><\/p>\n<p style=\"text-align: justify;\" align=\"justify\">Apr\u00e8s de longues semaines de n\u00e9gociations et de rebondissements, le <strong>Paris Saint-Germain<\/strong> et l&rsquo;<strong>Eintracht Francfort<\/strong> sont parvenus \u00e0 un accord pour le transfert de <strong>Randal Kolo Muani<\/strong>. Les champions de France vont d\u00e9bourser pas moins de 90 millions d&rsquo;euros, 75 en fixe et 15 en bonus, pour s&rsquo;offrir l&rsquo;ancien Nantais, qui a rejoint le club allemand libre il y a un an.<\/p>\n<ul>\n<li style=\"text-align: justify;\"><strong>\u00c0 lire aussi &#8211; <a href=\"https:\/\/dicodusport.fr\/blog\/actualites\/football\/\">L&rsquo;actualit\u00e9 du football<\/a><\/strong><\/li>\n<\/ul>\n<h2 style=\"text-align: justify;\" align=\"justify\">Apr\u00e8s Demb\u00e9l\u00e9 et Barcola, le PSG s&rsquo;offre Kolo Muani<\/h2>\n<p align=\"justify\">L&rsquo;<strong>Eintracht Francfort<\/strong> va donc r\u00e9aliser une \u00e9norme plus-value en vendant l&rsquo;international fran\u00e7ais. Le <strong>Paris Saint-Germain<\/strong> poursuit son recrutement XXL puisqu&rsquo;il y a quelques heures,<a href=\"https:\/\/dicodusport.fr\/blog\/mercato-ol-bradley-barcola-va-signer-au-psg\/\"> c&rsquo;est <strong>Bradley<\/strong> <strong>Barcola<\/strong> qui s&rsquo;est engag\u00e9 pour cinq saisons<\/a>, contre pas moins de 50 millions d&rsquo;euros. Le <strong>PSG<\/strong> pourrait aligner l&rsquo;attaque-type de l&rsquo;\u00e9quipe de France, avec <strong>Kylian Mbapp\u00e9<\/strong> et <strong>Ousmane<\/strong> <strong>Demb\u00e9l\u00e9<\/strong> en soutien de <strong>Randal Kolo Muani<\/strong>.<\/p>\n<p align=\"justify\">Le <strong>Paris Saint-German<\/strong> et <strong>Randal Kolo<\/strong> <strong>Muani<\/strong> s&rsquo;\u00e9taient d\u00e9j\u00e0 mis d&rsquo;accord sur un contrat de cinq ans. Le joueur est d\u00e9j\u00e0 pr\u00e9sent \u00e0 Paris apr\u00e8s \u00eatre all\u00e9 au bras de fer avec Francfort ces derniers jours. L&rsquo;international va passer sa visite m\u00e9dicale avant de parapher son contrat. Au <strong>PSG<\/strong>, il sera en concurrence avec l&rsquo;autre recrue, <strong>Gon\u00e7alo<\/strong> <strong>Ramos<\/strong>, qui est arriv\u00e9 en provenance de Benfica.<\/p>\n<blockquote class=\"twitter-tweet\">\n<p dir=\"ltr\" lang=\"fr\">Francfort et le PSG ont trouv\u00e9 un accord ce vendredi midi pour le transfert de Randal Kolo Muani moyennant 75 M\u20ac +15 M\u20ac de bonus <a href=\"https:\/\/t.co\/dRhRyezkPO\">https:\/\/t.co\/dRhRyezkPO<\/a> <a href=\"https:\/\/t.co\/Aky36bZ0UA\">pic.twitter.com\/Aky36bZ0UA<\/a><\/p>\n<p>\u2014 L&rsquo;\u00c9QUIPE (@lequipe) <a href=\"https:\/\/twitter.com\/lequipe\/status\/1697567805539807621?ref_src=twsrc%5Etfw\">September 1, 2023<\/a><\/p><\/blockquote>\n<p style=\"text-align: justify;\"><script async src=\"https:\/\/platform.twitter.com\/widgets.js\" charset=\"utf-8\"><\/script><\/p>\n","protected":false},"excerpt":{"rendered":"<p>LIGUE 1 2023-2024 &#8211; Selon L&rsquo;\u00c9quipe, le PSG et Francfort ont enfin trouv\u00e9 un accord pour le transfert de Randal Kolo Muani.\u00a0<\/p>\n","protected":false},"author":1,"featured_media":414355,"comment_status":"open","ping_status":"closed","sticky":false,"template":"","format":"standard","meta":{"_acf_changed":false,"_daextam_enable_autolinks":"","footnotes":""},"categories":[2301,47045],"tags":[16878,75,910,16521,24],"class_list":["post-414354","post","type-post","status-publish","format-standard","has-post-thumbnail","hentry","category-football","category-ligue-1","tag-breve","tag-football","tag-psg","tag-randal-kolo-muani","tag-sport"],"acf":[],"yoast_head":"<!-- This site is optimized with the Yoast SEO Premium plugin v26.7 (Yoast SEO v26.7) - https:\/\/yoast.com\/wordpress\/plugins\/seo\/ -->\n<title>Mercato PSG : Randal Kolo Muani arrive \u00e0 Paris<\/title>\n<meta name=\"description\" content=\"LIGUE 1 2023-2024 - Selon L&#039;\u00c9quipe, le PSG et Francfort ont enfin trouv\u00e9 un accord pour le transfert de Randal Kolo Muani.\u00a0\" \/>\n<meta name=\"robots\" content=\"index, follow, max-snippet:-1, max-image-preview:large, max-video-preview:-1\" \/>\n<link rel=\"canonical\" href=\"https:\/\/dicodusport.fr\/blog\/mercato-psg-randal-kolo-muani-arrive-a-paris\/\" \/>\n<meta property=\"og:locale\" content=\"fr_FR\" \/>\n<meta property=\"og:type\" content=\"article\" \/>\n<meta property=\"og:title\" content=\"Mercato PSG : Randal Kolo Muani arrive \u00e0 Paris\" \/>\n<meta property=\"og:description\" content=\"LIGUE 1 2023-2024 - Selon L&#039;\u00c9quipe, le PSG et Francfort ont enfin trouv\u00e9 un accord pour le transfert de Randal Kolo Muani.\u00a0\" \/>\n<meta property=\"og:url\" content=\"https:\/\/dicodusport.fr\/blog\/mercato-psg-randal-kolo-muani-arrive-a-paris\/\" \/>\n<meta property=\"og:site_name\" content=\"Dicodusport\" \/>\n<meta property=\"article:publisher\" content=\"https:\/\/www.facebook.com\/dicodusport\" \/>\n<meta property=\"article:author\" content=\"https:\/\/www.facebook.com\/dicodusport\" \/>\n<meta property=\"article:published_time\" content=\"2023-09-01T11:21:42+00:00\" \/>\n<meta property=\"article:modified_time\" content=\"2023-09-01T11:42:54+00:00\" \/>\n<meta property=\"og:image\" content=\"https:\/\/dicodusport.fr\/blog\/wp-content\/uploads\/2023\/09\/Mercato-PSG-Randal-Kolo-Muani-arrive-a-Paris.png\" \/>\n\t<meta property=\"og:image:width\" content=\"800\" \/>\n\t<meta property=\"og:image:height\" content=\"445\" \/>\n\t<meta property=\"og:image:type\" content=\"image\/png\" \/>\n<meta name=\"author\" content=\"Nicolas Jacquemard\" \/>\n<meta name=\"twitter:card\" content=\"summary_large_image\" \/>\n<meta name=\"twitter:title\" content=\"Mercato PSG : Randal Kolo Muani arrive \u00e0 Paris\" \/>\n<meta name=\"twitter:creator\" content=\"@https:\/\/twitter.com\/Nico_Jacquemard\" \/>\n<meta name=\"twitter:site\" content=\"@dicodusport\" \/>\n<script type=\"application\/ld+json\" class=\"yoast-schema-graph\">{\"@context\":\"https:\/\/schema.org\",\"@graph\":[{\"@type\":\"NewsArticle\",\"@id\":\"https:\/\/dicodusport.fr\/blog\/mercato-psg-randal-kolo-muani-arrive-a-paris\/#article\",\"isPartOf\":{\"@id\":\"https:\/\/dicodusport.fr\/blog\/mercato-psg-randal-kolo-muani-arrive-a-paris\/\"},\"author\":{\"name\":\"Nicolas Jacquemard\",\"@id\":\"https:\/\/dicodusport.fr\/blog\/#\/schema\/person\/55dcb50ad410894e431ed812bbb70191\"},\"headline\":\"Mercato PSG : Randal Kolo Muani arrive \u00e0 Paris\",\"datePublished\":\"2023-09-01T11:21:42+00:00\",\"dateModified\":\"2023-09-01T11:42:54+00:00\",\"mainEntityOfPage\":{\"@id\":\"https:\/\/dicodusport.fr\/blog\/mercato-psg-randal-kolo-muani-arrive-a-paris\/\"},\"wordCount\":295,\"commentCount\":0,\"publisher\":{\"@id\":\"https:\/\/dicodusport.fr\/blog\/#organization\"},\"image\":{\"@id\":\"https:\/\/dicodusport.fr\/blog\/mercato-psg-randal-kolo-muani-arrive-a-paris\/#primaryimage\"},\"thumbnailUrl\":\"https:\/\/dicodusport.fr\/blog\/wp-content\/uploads\/2023\/09\/Mercato-PSG-Randal-Kolo-Muani-arrive-a-Paris.png\",\"keywords\":[\"br\u00e8ve\",\"Football\",\"PSG\",\"Randal Kolo Muani\",\"sport\"],\"articleSection\":[\"Football\",\"Ligue 1\"],\"inLanguage\":\"fr-FR\",\"potentialAction\":[{\"@type\":\"CommentAction\",\"name\":\"Comment\",\"target\":[\"https:\/\/dicodusport.fr\/blog\/mercato-psg-randal-kolo-muani-arrive-a-paris\/#respond\"]}],\"copyrightYear\":\"2023\",\"copyrightHolder\":{\"@id\":\"https:\/\/dicodusport.fr\/blog\/#organization\"}},{\"@type\":\"WebPage\",\"@id\":\"https:\/\/dicodusport.fr\/blog\/mercato-psg-randal-kolo-muani-arrive-a-paris\/\",\"url\":\"https:\/\/dicodusport.fr\/blog\/mercato-psg-randal-kolo-muani-arrive-a-paris\/\",\"name\":\"Mercato PSG : Randal Kolo Muani arrive \u00e0 Paris\",\"isPartOf\":{\"@id\":\"https:\/\/dicodusport.fr\/blog\/#website\"},\"primaryImageOfPage\":{\"@id\":\"https:\/\/dicodusport.fr\/blog\/mercato-psg-randal-kolo-muani-arrive-a-paris\/#primaryimage\"},\"image\":{\"@id\":\"https:\/\/dicodusport.fr\/blog\/mercato-psg-randal-kolo-muani-arrive-a-paris\/#primaryimage\"},\"thumbnailUrl\":\"https:\/\/dicodusport.fr\/blog\/wp-content\/uploads\/2023\/09\/Mercato-PSG-Randal-Kolo-Muani-arrive-a-Paris.png\",\"datePublished\":\"2023-09-01T11:21:42+00:00\",\"dateModified\":\"2023-09-01T11:42:54+00:00\",\"description\":\"LIGUE 1 2023-2024 - Selon L'\u00c9quipe, le PSG et Francfort ont enfin trouv\u00e9 un accord pour le transfert de Randal Kolo Muani.\u00a0\",\"breadcrumb\":{\"@id\":\"https:\/\/dicodusport.fr\/blog\/mercato-psg-randal-kolo-muani-arrive-a-paris\/#breadcrumb\"},\"inLanguage\":\"fr-FR\",\"potentialAction\":[{\"@type\":\"ReadAction\",\"target\":[\"https:\/\/dicodusport.fr\/blog\/mercato-psg-randal-kolo-muani-arrive-a-paris\/\"]}]},{\"@type\":\"ImageObject\",\"inLanguage\":\"fr-FR\",\"@id\":\"https:\/\/dicodusport.fr\/blog\/mercato-psg-randal-kolo-muani-arrive-a-paris\/#primaryimage\",\"url\":\"https:\/\/dicodusport.fr\/blog\/wp-content\/uploads\/2023\/09\/Mercato-PSG-Randal-Kolo-Muani-arrive-a-Paris.png\",\"contentUrl\":\"https:\/\/dicodusport.fr\/blog\/wp-content\/uploads\/2023\/09\/Mercato-PSG-Randal-Kolo-Muani-arrive-a-Paris.png\",\"width\":800,\"height\":445},{\"@type\":\"BreadcrumbList\",\"@id\":\"https:\/\/dicodusport.fr\/blog\/mercato-psg-randal-kolo-muani-arrive-a-paris\/#breadcrumb\",\"itemListElement\":[{\"@type\":\"ListItem\",\"position\":1,\"name\":\"Accueil\",\"item\":\"https:\/\/dicodusport.fr\/blog\/\"},{\"@type\":\"ListItem\",\"position\":2,\"name\":\"Mercato PSG : Randal Kolo Muani arrive \u00e0 Paris\"}]},{\"@type\":\"WebSite\",\"@id\":\"https:\/\/dicodusport.fr\/blog\/#website\",\"url\":\"https:\/\/dicodusport.fr\/blog\/\",\"name\":\"Dicodusport\",\"description\":\"L&#039;encyclop\u00e9die de l&#039;actualit\u00e9 sportive\",\"publisher\":{\"@id\":\"https:\/\/dicodusport.fr\/blog\/#organization\"},\"potentialAction\":[{\"@type\":\"SearchAction\",\"target\":{\"@type\":\"EntryPoint\",\"urlTemplate\":\"https:\/\/dicodusport.fr\/blog\/?s={search_term_string}\"},\"query-input\":{\"@type\":\"PropertyValueSpecification\",\"valueRequired\":true,\"valueName\":\"search_term_string\"}}],\"inLanguage\":\"fr-FR\"},{\"@type\":\"NewsMediaOrganization\",\"@id\":\"https:\/\/dicodusport.fr\/blog\/#organization\",\"name\":\"Dicodusport\",\"url\":\"https:\/\/dicodusport.fr\/blog\/\",\"logo\":{\"@type\":\"ImageObject\",\"inLanguage\":\"fr-FR\",\"@id\":\"https:\/\/dicodusport.fr\/blog\/#\/schema\/logo\/image\/\",\"url\":\"https:\/\/dicodusport.fr\/blog\/wp-content\/uploads\/2020\/06\/cropped-LOGO-DICODUSPORT-2020-SANS-FOND-SANS-TEXTE.png\",\"contentUrl\":\"https:\/\/dicodusport.fr\/blog\/wp-content\/uploads\/2020\/06\/cropped-LOGO-DICODUSPORT-2020-SANS-FOND-SANS-TEXTE.png\",\"width\":512,\"height\":512,\"caption\":\"Dicodusport\"},\"image\":{\"@id\":\"https:\/\/dicodusport.fr\/blog\/#\/schema\/logo\/image\/\"},\"sameAs\":[\"https:\/\/www.facebook.com\/dicodusport\",\"https:\/\/x.com\/dicodusport\",\"https:\/\/www.instagram.com\/dicodusport\/\",\"https:\/\/www.youtube.com\/channel\/UC7V2KZ5sd3htJivAbA4ZG3w\"],\"description\":\"Dicodusport est l'encyclop\u00e9die de l'actualit\u00e9 sportive.\",\"email\":\"bonjour@dicodusport.fr\",\"legalName\":\"DICODUSPORT\",\"foundingDate\":\"2018-01-14\",\"vatID\":\"FR71834470973\",\"taxID\":\"83447097300043\",\"numberOfEmployees\":{\"@type\":\"QuantitativeValue\",\"minValue\":\"1\",\"maxValue\":\"10\"}},{\"@type\":\"Person\",\"@id\":\"https:\/\/dicodusport.fr\/blog\/#\/schema\/person\/55dcb50ad410894e431ed812bbb70191\",\"name\":\"Nicolas Jacquemard\",\"image\":{\"@type\":\"ImageObject\",\"inLanguage\":\"fr-FR\",\"@id\":\"https:\/\/dicodusport.fr\/blog\/#\/schema\/person\/image\/\",\"url\":\"https:\/\/dicodusport.fr\/blog\/wp-content\/uploads\/2021\/05\/Nicolas-Jacquemard-150x150.jpeg\",\"contentUrl\":\"https:\/\/dicodusport.fr\/blog\/wp-content\/uploads\/2021\/05\/Nicolas-Jacquemard-150x150.jpeg\",\"caption\":\"Nicolas Jacquemard\"},\"description\":\"Passionn\u00e9 de sport et entrepreneur depuis mes 18 ans, la cr\u00e9ation de Dicodusport m'a sembl\u00e9 \u00e9vidente pour participer \u00e0 la m\u00e9diatisation d'un plus grand nombre de sports. Le chemin est long mais avec une \u00e9quipe des plus motiv\u00e9es et les Jeux Olympiques de Paris 2024 en point de mire, nous y arriverons ! Journaliste dans le monde du sport depuis plus de 5 ans, je traite aussi bien de football, de rugby, de biathlon que de cyclisme.\",\"sameAs\":[\"https:\/\/www.facebook.com\/dicodusport\",\"https:\/\/x.com\/https:\/\/twitter.com\/Nico_Jacquemard\"],\"url\":\"https:\/\/dicodusport.fr\/blog\/author\/dicodusport\/\"}]}<\/script>\n<!-- \/ Yoast SEO Premium plugin. -->","yoast_head_json":{"title":"Mercato PSG : Randal Kolo Muani arrive \u00e0 Paris","description":"LIGUE 1 2023-2024 - Selon L'\u00c9quipe, le PSG et Francfort ont enfin trouv\u00e9 un accord pour le transfert de Randal Kolo Muani.\u00a0","robots":{"index":"index","follow":"follow","max-snippet":"max-snippet:-1","max-image-preview":"max-image-preview:large","max-video-preview":"max-video-preview:-1"},"canonical":"https:\/\/dicodusport.fr\/blog\/mercato-psg-randal-kolo-muani-arrive-a-paris\/","og_locale":"fr_FR","og_type":"article","og_title":"Mercato PSG : Randal Kolo Muani arrive \u00e0 Paris","og_description":"LIGUE 1 2023-2024 - Selon L'\u00c9quipe, le PSG et Francfort ont enfin trouv\u00e9 un accord pour le transfert de Randal Kolo Muani.\u00a0","og_url":"https:\/\/dicodusport.fr\/blog\/mercato-psg-randal-kolo-muani-arrive-a-paris\/","og_site_name":"Dicodusport","article_publisher":"https:\/\/www.facebook.com\/dicodusport","article_author":"https:\/\/www.facebook.com\/dicodusport","article_published_time":"2023-09-01T11:21:42+00:00","article_modified_time":"2023-09-01T11:42:54+00:00","og_image":[{"width":800,"height":445,"url":"https:\/\/dicodusport.fr\/blog\/wp-content\/uploads\/2023\/09\/Mercato-PSG-Randal-Kolo-Muani-arrive-a-Paris.png","type":"image\/png"}],"author":"Nicolas Jacquemard","twitter_card":"summary_large_image","twitter_title":"Mercato PSG : Randal Kolo Muani arrive \u00e0 Paris","twitter_creator":"@https:\/\/twitter.com\/Nico_Jacquemard","twitter_site":"@dicodusport","schema":{"@context":"https:\/\/schema.org","@graph":[{"@type":"NewsArticle","@id":"https:\/\/dicodusport.fr\/blog\/mercato-psg-randal-kolo-muani-arrive-a-paris\/#article","isPartOf":{"@id":"https:\/\/dicodusport.fr\/blog\/mercato-psg-randal-kolo-muani-arrive-a-paris\/"},"author":{"name":"Nicolas Jacquemard","@id":"https:\/\/dicodusport.fr\/blog\/#\/schema\/person\/55dcb50ad410894e431ed812bbb70191"},"headline":"Mercato PSG : Randal Kolo Muani arrive \u00e0 Paris","datePublished":"2023-09-01T11:21:42+00:00","dateModified":"2023-09-01T11:42:54+00:00","mainEntityOfPage":{"@id":"https:\/\/dicodusport.fr\/blog\/mercato-psg-randal-kolo-muani-arrive-a-paris\/"},"wordCount":295,"commentCount":0,"publisher":{"@id":"https:\/\/dicodusport.fr\/blog\/#organization"},"image":{"@id":"https:\/\/dicodusport.fr\/blog\/mercato-psg-randal-kolo-muani-arrive-a-paris\/#primaryimage"},"thumbnailUrl":"https:\/\/dicodusport.fr\/blog\/wp-content\/uploads\/2023\/09\/Mercato-PSG-Randal-Kolo-Muani-arrive-a-Paris.png","keywords":["br\u00e8ve","Football","PSG","Randal Kolo Muani","sport"],"articleSection":["Football","Ligue 1"],"inLanguage":"fr-FR","potentialAction":[{"@type":"CommentAction","name":"Comment","target":["https:\/\/dicodusport.fr\/blog\/mercato-psg-randal-kolo-muani-arrive-a-paris\/#respond"]}],"copyrightYear":"2023","copyrightHolder":{"@id":"https:\/\/dicodusport.fr\/blog\/#organization"}},{"@type":"WebPage","@id":"https:\/\/dicodusport.fr\/blog\/mercato-psg-randal-kolo-muani-arrive-a-paris\/","url":"https:\/\/dicodusport.fr\/blog\/mercato-psg-randal-kolo-muani-arrive-a-paris\/","name":"Mercato PSG : Randal Kolo Muani arrive \u00e0 Paris","isPartOf":{"@id":"https:\/\/dicodusport.fr\/blog\/#website"},"primaryImageOfPage":{"@id":"https:\/\/dicodusport.fr\/blog\/mercato-psg-randal-kolo-muani-arrive-a-paris\/#primaryimage"},"image":{"@id":"https:\/\/dicodusport.fr\/blog\/mercato-psg-randal-kolo-muani-arrive-a-paris\/#primaryimage"},"thumbnailUrl":"https:\/\/dicodusport.fr\/blog\/wp-content\/uploads\/2023\/09\/Mercato-PSG-Randal-Kolo-Muani-arrive-a-Paris.png","datePublished":"2023-09-01T11:21:42+00:00","dateModified":"2023-09-01T11:42:54+00:00","description":"LIGUE 1 2023-2024 - Selon L'\u00c9quipe, le PSG et Francfort ont enfin trouv\u00e9 un accord pour le transfert de Randal Kolo Muani.\u00a0","breadcrumb":{"@id":"https:\/\/dicodusport.fr\/blog\/mercato-psg-randal-kolo-muani-arrive-a-paris\/#breadcrumb"},"inLanguage":"fr-FR","potentialAction":[{"@type":"ReadAction","target":["https:\/\/dicodusport.fr\/blog\/mercato-psg-randal-kolo-muani-arrive-a-paris\/"]}]},{"@type":"ImageObject","inLanguage":"fr-FR","@id":"https:\/\/dicodusport.fr\/blog\/mercato-psg-randal-kolo-muani-arrive-a-paris\/#primaryimage","url":"https:\/\/dicodusport.fr\/blog\/wp-content\/uploads\/2023\/09\/Mercato-PSG-Randal-Kolo-Muani-arrive-a-Paris.png","contentUrl":"https:\/\/dicodusport.fr\/blog\/wp-content\/uploads\/2023\/09\/Mercato-PSG-Randal-Kolo-Muani-arrive-a-Paris.png","width":800,"height":445},{"@type":"BreadcrumbList","@id":"https:\/\/dicodusport.fr\/blog\/mercato-psg-randal-kolo-muani-arrive-a-paris\/#breadcrumb","itemListElement":[{"@type":"ListItem","position":1,"name":"Accueil","item":"https:\/\/dicodusport.fr\/blog\/"},{"@type":"ListItem","position":2,"name":"Mercato PSG : Randal Kolo Muani arrive \u00e0 Paris"}]},{"@type":"WebSite","@id":"https:\/\/dicodusport.fr\/blog\/#website","url":"https:\/\/dicodusport.fr\/blog\/","name":"Dicodusport","description":"L&#039;encyclop\u00e9die de l&#039;actualit\u00e9 sportive","publisher":{"@id":"https:\/\/dicodusport.fr\/blog\/#organization"},"potentialAction":[{"@type":"SearchAction","target":{"@type":"EntryPoint","urlTemplate":"https:\/\/dicodusport.fr\/blog\/?s={search_term_string}"},"query-input":{"@type":"PropertyValueSpecification","valueRequired":true,"valueName":"search_term_string"}}],"inLanguage":"fr-FR"},{"@type":"NewsMediaOrganization","@id":"https:\/\/dicodusport.fr\/blog\/#organization","name":"Dicodusport","url":"https:\/\/dicodusport.fr\/blog\/","logo":{"@type":"ImageObject","inLanguage":"fr-FR","@id":"https:\/\/dicodusport.fr\/blog\/#\/schema\/logo\/image\/","url":"https:\/\/dicodusport.fr\/blog\/wp-content\/uploads\/2020\/06\/cropped-LOGO-DICODUSPORT-2020-SANS-FOND-SANS-TEXTE.png","contentUrl":"https:\/\/dicodusport.fr\/blog\/wp-content\/uploads\/2020\/06\/cropped-LOGO-DICODUSPORT-2020-SANS-FOND-SANS-TEXTE.png","width":512,"height":512,"caption":"Dicodusport"},"image":{"@id":"https:\/\/dicodusport.fr\/blog\/#\/schema\/logo\/image\/"},"sameAs":["https:\/\/www.facebook.com\/dicodusport","https:\/\/x.com\/dicodusport","https:\/\/www.instagram.com\/dicodusport\/","https:\/\/www.youtube.com\/channel\/UC7V2KZ5sd3htJivAbA4ZG3w"],"description":"Dicodusport est l'encyclop\u00e9die de l'actualit\u00e9 sportive.","email":"bonjour@dicodusport.fr","legalName":"DICODUSPORT","foundingDate":"2018-01-14","vatID":"FR71834470973","taxID":"83447097300043","numberOfEmployees":{"@type":"QuantitativeValue","minValue":"1","maxValue":"10"}},{"@type":"Person","@id":"https:\/\/dicodusport.fr\/blog\/#\/schema\/person\/55dcb50ad410894e431ed812bbb70191","name":"Nicolas Jacquemard","image":{"@type":"ImageObject","inLanguage":"fr-FR","@id":"https:\/\/dicodusport.fr\/blog\/#\/schema\/person\/image\/","url":"https:\/\/dicodusport.fr\/blog\/wp-content\/uploads\/2021\/05\/Nicolas-Jacquemard-150x150.jpeg","contentUrl":"https:\/\/dicodusport.fr\/blog\/wp-content\/uploads\/2021\/05\/Nicolas-Jacquemard-150x150.jpeg","caption":"Nicolas Jacquemard"},"description":"Passionn\u00e9 de sport et entrepreneur depuis mes 18 ans, la cr\u00e9ation de Dicodusport m'a sembl\u00e9 \u00e9vidente pour participer \u00e0 la m\u00e9diatisation d'un plus grand nombre de sports. Le chemin est long mais avec une \u00e9quipe des plus motiv\u00e9es et les Jeux Olympiques de Paris 2024 en point de mire, nous y arriverons ! Journaliste dans le monde du sport depuis plus de 5 ans, je traite aussi bien de football, de rugby, de biathlon que de cyclisme.","sameAs":["https:\/\/www.facebook.com\/dicodusport","https:\/\/x.com\/https:\/\/twitter.com\/Nico_Jacquemard"],"url":"https:\/\/dicodusport.fr\/blog\/author\/dicodusport\/"}]}},"_links":{"self":[{"href":"https:\/\/dicodusport.fr\/blog\/wp-json\/wp\/v2\/posts\/414354","targetHints":{"allow":["GET"]}}],"collection":[{"href":"https:\/\/dicodusport.fr\/blog\/wp-json\/wp\/v2\/posts"}],"about":[{"href":"https:\/\/dicodusport.fr\/blog\/wp-json\/wp\/v2\/types\/post"}],"author":[{"embeddable":true,"href":"https:\/\/dicodusport.fr\/blog\/wp-json\/wp\/v2\/users\/1"}],"replies":[{"embeddable":true,"href":"https:\/\/dicodusport.fr\/blog\/wp-json\/wp\/v2\/comments?post=414354"}],"version-history":[{"count":0,"href":"https:\/\/dicodusport.fr\/blog\/wp-json\/wp\/v2\/posts\/414354\/revisions"}],"wp:featuredmedia":[{"embeddable":true,"href":"https:\/\/dicodusport.fr\/blog\/wp-json\/wp\/v2\/media\/414355"}],"wp:attachment":[{"href":"https:\/\/dicodusport.fr\/blog\/wp-json\/wp\/v2\/media?parent=414354"}],"wp:term":[{"taxonomy":"category","embeddable":true,"href":"https:\/\/dicodusport.fr\/blog\/wp-json\/wp\/v2\/categories?post=414354"},{"taxonomy":"post_tag","embeddable":true,"href":"https:\/\/dicodusport.fr\/blog\/wp-json\/wp\/v2\/tags?post=414354"}],"curies":[{"name":"wp","href":"https:\/\/api.w.org\/{rel}","templated":true}]}}