{"id":4146,"date":"2017-08-17T23:20:20","date_gmt":"2017-08-17T22:20:20","guid":{"rendered":"http:\/\/dicodusport.fr\/blog\/?p=4146"},"modified":"2021-04-13T23:19:05","modified_gmt":"2021-04-13T21:19:05","slug":"poule-c-bleues-demie-irlande-eliminee-de-mondial-21-5","status":"publish","type":"post","link":"https:\/\/dicodusport.fr\/blog\/poule-c-bleues-demie-irlande-eliminee-de-mondial-21-5\/","title":{"rendered":"Poule C : les Bleues sont en demie, l\u2019Irlande \u00e9limin\u00e9e de son Mondial (21-5)"},"content":{"rendered":"<p style=\"text-align: justify;\"><span style=\"color: #000000;\">Mais qui va arr\u00eater les Bleues\u00a0? Une seule chose est s\u00fbre, l\u2019aventure Coupe du monde ne s\u2019arr\u00eate pas ce soir pour les joueuses de Samuel Cherouk et Olivier Li\u00e8vremont. Troisi\u00e8me match de poule et troisi\u00e8me succ\u00e8s pour l&rsquo;\u00e9quipe de France F\u00e9minines qui se qualifie pour la septi\u00e8me demi-finale de son histoire. Une rencontre \u00e0 deux visages pour les Bleues face \u00e0 des\u00a0Irlandaises\u00a0galvanis\u00e9es par ce Mondial chez elles.<\/span><\/p>\n<p style=\"text-align: justify;\"><span style=\"color: #000000;\">Pourtant, les Fran\u00e7aises dominaient la premi\u00e8re p\u00e9riode de la t\u00eate et des \u00e9paules. Elles imposaient un rythme effr\u00e9n\u00e9 au XV du tr\u00e8fle qui c\u00e9dait trois fois. Romane M\u00e9nager puis Caroline Ladagnous, par deux fois, aplatissaient en terre promise tandis que Montserrat Am\u00e9d\u00e9e et Shannon Izar transformaient ces trois essais et permettaient aux Tricolores de largement mener \u00e0 la pause (21-0).<\/span><\/p>\n<p style=\"text-align: justify;\"><span style=\"color: #000000;\">Le deuxi\u00e8me acte \u00e9tait une v\u00e9ritable guerre des nerfs. Priv\u00e9es de ballon, les Fran\u00e7aises d\u00e9fendaient sans rel\u00e2che et refoulaient tous les assauts irlandais un par un y compris \u00e0 14 contre 15 apr\u00e8s un carton jaune pour L\u00e9na\u00efg Corson. Imaginez un peu, 173 plaquages r\u00e9ussis pour 7 manqu\u00e9s, du grand art\u00a0! Les Bleues craquaient finalement \u00e0 la derni\u00e8re minute de jeu. Au terme d\u2019une \u00e9ni\u00e8me s\u00e9ance de pick and go, Cliodhna Moloney plongeait et faisait se soulever tout le public de l\u2019UCD Bowl. Une belle image et une conclusion m\u00e9rit\u00e9e pour des Irlandaises acharn\u00e9es dans le deuxi\u00e8me acte mais impuissantes face \u00e0 ce mur bleu.<\/span><\/p>\n<p style=\"text-align: justify;\"><span style=\"color: #000000;\">L&rsquo;Irlande, pays h\u00f4te, est battue et\u00a0\u00e9limin\u00e9e de son Mondial\u00a0(21-5). Les Bleues terminent premi\u00e8res de la poule C et affronteront l&rsquo;Angleterre, championne en titre, en demi-finale mardi prochain. Cerise sur le g\u00e2teau, les Tricolores chipent au passage la troisi\u00e8me place du classement mondial au Canada. Mais maintenant, une autre comp\u00e9tition commence\u2026<\/span><\/p>\n<p><span style=\"color: #000000;\"><strong><span style=\"text-decoration: underline;\">Feuille de match<\/span> :<\/strong><\/span><\/p>\n<p><span style=\"color: #000000;\"><div class=\"su-custom-gallery su-custom-gallery-align-left su-custom-gallery-title-never\"><div class=\"su-custom-gallery-slide\" style=\"width:90px;height:60px\"><a><img loading=\"lazy\" decoding=\"async\" src=\"https:\/\/dicodusport.fr\/blog\/wp-content\/uploads\/2017\/08\/Drapeau-France-e1661338568254.png\" alt=\"France\" width=\"90\" height=\"60\" \/><span class=\"su-custom-gallery-title\">France<\/span><\/a><\/div><div class=\"su-clear\"><\/div><\/div><\/span><\/p>\n<p style=\"text-align: justify;\"><span style=\"color: #000000;\"><em><strong>Le XV de d\u00e9part<\/strong><\/em> :\u00a0Amed\u00e9e,\u00a0Izar, Ladagnous, Poublan, Pelle, Drouin (o), Rivoalen (m),\u00a0R. Menager, N&rsquo;Diaye, Mayans,\u00a0Forlani, Corson,\u00a0Duval, Mignot (c), Deshayes.<\/span><br \/>\n<span style=\"color: #000000;\"><em><strong> Les rempla\u00e7antes<\/strong><\/em> :\u00a0Thomas, Arricastre, Carricaburu, Ferer, Annery, Le Pesq, Neisen, Grassineau.<\/span><\/p>\n<p style=\"text-align: justify;\"><span style=\"color: #000000;\"><em><strong>Essais<\/strong><\/em>\u00a0: M\u00e9nager (6e), Ladagnous (13e, 29e).<\/span><br \/>\n<span style=\"color: #000000;\"><em><strong> Transformations<\/strong><\/em>\u00a0: Am\u00e9d\u00e9e (7e, 30e), Izar (14e).<\/span><br \/>\n<span style=\"color: #000000;\"><em><strong> Carton jaune<\/strong><\/em>\u00a0: Corson (43e).<\/span><\/p>\n<p style=\"text-align: justify;\"><span style=\"color: #000000;\"><div class=\"su-custom-gallery su-custom-gallery-align-left su-custom-gallery-title-never\"><div class=\"su-custom-gallery-slide\" style=\"width:90px;height:50px\"><a><img loading=\"lazy\" decoding=\"async\" src=\"https:\/\/dicodusport.fr\/blog\/wp-content\/uploads\/2017\/08\/Drapeau-Irlande-90x50.png\" alt=\"Drapeau Irlande\" width=\"90\" height=\"50\" \/><span class=\"su-custom-gallery-title\">Drapeau Irlande<\/span><\/a><\/div><div class=\"su-clear\"><\/div><\/div><\/span><\/p>\n<p style=\"text-align: justify;\"><span style=\"color: #000000;\"><em><strong>Le XV de d\u00e9part<\/strong><\/em> :\u00a0Tyrrell, Considine, Murphy, Naoupu, Miller, Stapleton (o), Cronin (m), Fitzpatrick, Molloy, Griffin, Reilly, Spence, Egan, Lyons, Peat.<\/span><br \/>\n<span style=\"color: #000000;\"><em><strong> Les rempla\u00e7antes<\/strong><\/em> :\u00a0Moloney, O\u2019Reilly, O\u2019Connor, Baxter, O\u2019Brien, Muldoon, Fitzhenry, Galvin.<\/span><\/p>\n<p style=\"text-align: justify;\"><span style=\"color: #000000;\"><em><strong>Essai<\/strong><\/em> : Moloney (79e).<\/span><\/p>\n<p style=\"text-align: justify;\"><span style=\"color: #000000;\"><strong><em>Evolution du score :\u00a0<\/em><\/strong>5-0, 7-0, 12-0, 14-0, 19-0, 21-0 \u2013 <strong>MT<\/strong> \u2013 21-5.<\/span><\/p>\n<p style=\"text-align: justify;\"><em><span style=\"color: #000000;\"><strong>Arnaud Rey<\/strong><\/span><br \/>\n<\/em><a href=\"https:\/\/www.facebook.com\/arnaud.rey.180\" target=\"_blank\" rel=\"noopener noreferrer\"><img loading=\"lazy\" decoding=\"async\" class=\"alignnone wp-image-2909\" src=\"http:\/\/dicodusport.fr\/blog\/wp-content\/uploads\/2017\/07\/logo-facebook-150x150.png\" alt=\"\" width=\"40\" height=\"40\" \/><\/a><a href=\"https:\/\/twitter.com\/ArnaudRey9\" target=\"_blank\" rel=\"noopener noreferrer\"><img loading=\"lazy\" decoding=\"async\" class=\"alignnone wp-image-2908\" src=\"http:\/\/dicodusport.fr\/blog\/wp-content\/uploads\/2017\/07\/logo-twitter-150x150.png\" alt=\"\" width=\"39\" height=\"39\" \/><\/a><a href=\"https:\/\/www.linkedin.com\/in\/arnaud-rey-1036b5a6\"><img loading=\"lazy\" decoding=\"async\" class=\"alignnone wp-image-3711\" src=\"http:\/\/dicodusport.fr\/blog\/wp-content\/uploads\/2017\/08\/signature-linkedin-150x150.png\" alt=\"\" width=\"40\" height=\"40\" srcset=\"https:\/\/dicodusport.fr\/blog\/wp-content\/uploads\/2017\/08\/signature-linkedin-150x150.png 150w, https:\/\/dicodusport.fr\/blog\/wp-content\/uploads\/2017\/08\/signature-linkedin.png 295w\" sizes=\"auto, (max-width: 40px) 100vw, 40px\" \/><\/a><\/p>\n","protected":false},"excerpt":{"rendered":"<p>Mais qui va arr\u00eater les Bleues\u00a0? Une seule chose est s\u00fbre, l\u2019aventure Coupe du monde ne s\u2019arr\u00eate pas ce soir pour les joueuses de Samuel Cherouk et Olivier Li\u00e8vremont. Troisi\u00e8me match de poule et troisi\u00e8me succ\u00e8s pour l&rsquo;\u00e9quipe de France F\u00e9minines qui se qualifie pour la septi\u00e8me demi-finale de son histoire. Une rencontre \u00e0 deux [&hellip;]<\/p>\n","protected":false},"author":1,"featured_media":4152,"comment_status":"open","ping_status":"closed","sticky":false,"template":"","format":"standard","meta":{"_acf_changed":false,"_daextam_enable_autolinks":"","footnotes":""},"categories":[47049],"tags":[1603,30,1659,852],"class_list":["post-4146","post","type-post","status-publish","format-standard","has-post-thumbnail","hentry","category-coupe-du-monde-de-rugby","tag-coupe-du-monde-rugby","tag-france","tag-france-irlande","tag-rugby-feminin"],"acf":[],"yoast_head":"<!-- This site is optimized with the Yoast SEO Premium plugin v26.7 (Yoast SEO v26.7) - https:\/\/yoast.com\/wordpress\/plugins\/seo\/ -->\n<title>Poule C : les Bleues sont en demie, l\u2019Irlande \u00e9limin\u00e9e de son Mondial (21-5)<\/title>\n<meta name=\"description\" content=\"Mais qui va arr\u00eater les Bleues ? Une seule chose est s\u00fbre, l\u2019aventure Coupe du monde ne s\u2019arr\u00eate pas ce soir pour les fran\u00e7aises.\" \/>\n<meta name=\"robots\" content=\"index, follow, max-snippet:-1, max-image-preview:large, max-video-preview:-1\" \/>\n<link rel=\"canonical\" href=\"https:\/\/dicodusport.fr\/blog\/poule-c-bleues-demie-irlande-eliminee-de-mondial-21-5\/\" \/>\n<meta property=\"og:locale\" content=\"fr_FR\" \/>\n<meta property=\"og:type\" content=\"article\" \/>\n<meta property=\"og:title\" content=\"Poule C : les Bleues sont en demie, l\u2019Irlande \u00e9limin\u00e9e de son Mondial (21-5)\" \/>\n<meta property=\"og:description\" content=\"Mais qui va arr\u00eater les Bleues ? Une seule chose est s\u00fbre, l\u2019aventure Coupe du monde ne s\u2019arr\u00eate pas ce soir pour les fran\u00e7aises.\" \/>\n<meta property=\"og:url\" content=\"https:\/\/dicodusport.fr\/blog\/poule-c-bleues-demie-irlande-eliminee-de-mondial-21-5\/\" \/>\n<meta property=\"og:site_name\" content=\"Dicodusport\" \/>\n<meta property=\"article:publisher\" content=\"https:\/\/www.facebook.com\/dicodusport\" \/>\n<meta property=\"article:author\" content=\"https:\/\/www.facebook.com\/dicodusport\" \/>\n<meta property=\"article:published_time\" content=\"2017-08-17T22:20:20+00:00\" \/>\n<meta property=\"article:modified_time\" content=\"2021-04-13T21:19:05+00:00\" \/>\n<meta property=\"og:image\" content=\"https:\/\/dicodusport.fr\/blog\/wp-content\/uploads\/2017\/08\/bleues-demie-1.png\" \/>\n\t<meta property=\"og:image:width\" content=\"1200\" \/>\n\t<meta property=\"og:image:height\" content=\"670\" \/>\n\t<meta property=\"og:image:type\" content=\"image\/png\" \/>\n<meta name=\"author\" content=\"Nicolas Jacquemard\" \/>\n<meta name=\"twitter:card\" content=\"summary_large_image\" \/>\n<meta name=\"twitter:creator\" content=\"@https:\/\/twitter.com\/Nico_Jacquemard\" \/>\n<meta name=\"twitter:site\" content=\"@dicodusport\" \/>\n<script type=\"application\/ld+json\" class=\"yoast-schema-graph\">{\"@context\":\"https:\/\/schema.org\",\"@graph\":[{\"@type\":\"NewsArticle\",\"@id\":\"https:\/\/dicodusport.fr\/blog\/poule-c-bleues-demie-irlande-eliminee-de-mondial-21-5\/#article\",\"isPartOf\":{\"@id\":\"https:\/\/dicodusport.fr\/blog\/poule-c-bleues-demie-irlande-eliminee-de-mondial-21-5\/\"},\"author\":{\"name\":\"Nicolas Jacquemard\",\"@id\":\"https:\/\/dicodusport.fr\/blog\/#\/schema\/person\/55dcb50ad410894e431ed812bbb70191\"},\"headline\":\"Poule C : les Bleues sont en demie, l\u2019Irlande \u00e9limin\u00e9e de son Mondial (21-5)\",\"datePublished\":\"2017-08-17T22:20:20+00:00\",\"dateModified\":\"2021-04-13T21:19:05+00:00\",\"mainEntityOfPage\":{\"@id\":\"https:\/\/dicodusport.fr\/blog\/poule-c-bleues-demie-irlande-eliminee-de-mondial-21-5\/\"},\"wordCount\":472,\"commentCount\":0,\"publisher\":{\"@id\":\"https:\/\/dicodusport.fr\/blog\/#organization\"},\"image\":{\"@id\":\"https:\/\/dicodusport.fr\/blog\/poule-c-bleues-demie-irlande-eliminee-de-mondial-21-5\/#primaryimage\"},\"thumbnailUrl\":\"https:\/\/dicodusport.fr\/blog\/wp-content\/uploads\/2017\/08\/bleues-demie-1.png\",\"keywords\":[\"coupe du monde rugby\",\"France\",\"france irlande\",\"rugby f\u00e9minin\"],\"articleSection\":[\"Coupe du monde de rugby\"],\"inLanguage\":\"fr-FR\",\"potentialAction\":[{\"@type\":\"CommentAction\",\"name\":\"Comment\",\"target\":[\"https:\/\/dicodusport.fr\/blog\/poule-c-bleues-demie-irlande-eliminee-de-mondial-21-5\/#respond\"]}],\"copyrightYear\":\"2017\",\"copyrightHolder\":{\"@id\":\"https:\/\/dicodusport.fr\/blog\/#organization\"}},{\"@type\":\"WebPage\",\"@id\":\"https:\/\/dicodusport.fr\/blog\/poule-c-bleues-demie-irlande-eliminee-de-mondial-21-5\/\",\"url\":\"https:\/\/dicodusport.fr\/blog\/poule-c-bleues-demie-irlande-eliminee-de-mondial-21-5\/\",\"name\":\"Poule C : les Bleues sont en demie, l\u2019Irlande \u00e9limin\u00e9e de son Mondial (21-5)\",\"isPartOf\":{\"@id\":\"https:\/\/dicodusport.fr\/blog\/#website\"},\"primaryImageOfPage\":{\"@id\":\"https:\/\/dicodusport.fr\/blog\/poule-c-bleues-demie-irlande-eliminee-de-mondial-21-5\/#primaryimage\"},\"image\":{\"@id\":\"https:\/\/dicodusport.fr\/blog\/poule-c-bleues-demie-irlande-eliminee-de-mondial-21-5\/#primaryimage\"},\"thumbnailUrl\":\"https:\/\/dicodusport.fr\/blog\/wp-content\/uploads\/2017\/08\/bleues-demie-1.png\",\"datePublished\":\"2017-08-17T22:20:20+00:00\",\"dateModified\":\"2021-04-13T21:19:05+00:00\",\"description\":\"Mais qui va arr\u00eater les Bleues ? Une seule chose est s\u00fbre, l\u2019aventure Coupe du monde ne s\u2019arr\u00eate pas ce soir pour les fran\u00e7aises.\",\"breadcrumb\":{\"@id\":\"https:\/\/dicodusport.fr\/blog\/poule-c-bleues-demie-irlande-eliminee-de-mondial-21-5\/#breadcrumb\"},\"inLanguage\":\"fr-FR\",\"potentialAction\":[{\"@type\":\"ReadAction\",\"target\":[\"https:\/\/dicodusport.fr\/blog\/poule-c-bleues-demie-irlande-eliminee-de-mondial-21-5\/\"]}]},{\"@type\":\"ImageObject\",\"inLanguage\":\"fr-FR\",\"@id\":\"https:\/\/dicodusport.fr\/blog\/poule-c-bleues-demie-irlande-eliminee-de-mondial-21-5\/#primaryimage\",\"url\":\"https:\/\/dicodusport.fr\/blog\/wp-content\/uploads\/2017\/08\/bleues-demie-1.png\",\"contentUrl\":\"https:\/\/dicodusport.fr\/blog\/wp-content\/uploads\/2017\/08\/bleues-demie-1.png\",\"width\":1200,\"height\":670,\"caption\":\"bleues demie\"},{\"@type\":\"BreadcrumbList\",\"@id\":\"https:\/\/dicodusport.fr\/blog\/poule-c-bleues-demie-irlande-eliminee-de-mondial-21-5\/#breadcrumb\",\"itemListElement\":[{\"@type\":\"ListItem\",\"position\":1,\"name\":\"Accueil\",\"item\":\"https:\/\/dicodusport.fr\/blog\/\"},{\"@type\":\"ListItem\",\"position\":2,\"name\":\"Poule C : les Bleues sont en demie, l\u2019Irlande \u00e9limin\u00e9e de son Mondial (21-5)\"}]},{\"@type\":\"WebSite\",\"@id\":\"https:\/\/dicodusport.fr\/blog\/#website\",\"url\":\"https:\/\/dicodusport.fr\/blog\/\",\"name\":\"Dicodusport\",\"description\":\"L&#039;encyclop\u00e9die de l&#039;actualit\u00e9 sportive\",\"publisher\":{\"@id\":\"https:\/\/dicodusport.fr\/blog\/#organization\"},\"potentialAction\":[{\"@type\":\"SearchAction\",\"target\":{\"@type\":\"EntryPoint\",\"urlTemplate\":\"https:\/\/dicodusport.fr\/blog\/?s={search_term_string}\"},\"query-input\":{\"@type\":\"PropertyValueSpecification\",\"valueRequired\":true,\"valueName\":\"search_term_string\"}}],\"inLanguage\":\"fr-FR\"},{\"@type\":\"NewsMediaOrganization\",\"@id\":\"https:\/\/dicodusport.fr\/blog\/#organization\",\"name\":\"Dicodusport\",\"url\":\"https:\/\/dicodusport.fr\/blog\/\",\"logo\":{\"@type\":\"ImageObject\",\"inLanguage\":\"fr-FR\",\"@id\":\"https:\/\/dicodusport.fr\/blog\/#\/schema\/logo\/image\/\",\"url\":\"https:\/\/dicodusport.fr\/blog\/wp-content\/uploads\/2020\/06\/cropped-LOGO-DICODUSPORT-2020-SANS-FOND-SANS-TEXTE.png\",\"contentUrl\":\"https:\/\/dicodusport.fr\/blog\/wp-content\/uploads\/2020\/06\/cropped-LOGO-DICODUSPORT-2020-SANS-FOND-SANS-TEXTE.png\",\"width\":512,\"height\":512,\"caption\":\"Dicodusport\"},\"image\":{\"@id\":\"https:\/\/dicodusport.fr\/blog\/#\/schema\/logo\/image\/\"},\"sameAs\":[\"https:\/\/www.facebook.com\/dicodusport\",\"https:\/\/x.com\/dicodusport\",\"https:\/\/www.instagram.com\/dicodusport\/\",\"https:\/\/www.youtube.com\/channel\/UC7V2KZ5sd3htJivAbA4ZG3w\"],\"description\":\"Dicodusport est l'encyclop\u00e9die de l'actualit\u00e9 sportive.\",\"email\":\"bonjour@dicodusport.fr\",\"legalName\":\"DICODUSPORT\",\"foundingDate\":\"2018-01-14\",\"vatID\":\"FR71834470973\",\"taxID\":\"83447097300043\",\"numberOfEmployees\":{\"@type\":\"QuantitativeValue\",\"minValue\":\"1\",\"maxValue\":\"10\"}},{\"@type\":\"Person\",\"@id\":\"https:\/\/dicodusport.fr\/blog\/#\/schema\/person\/55dcb50ad410894e431ed812bbb70191\",\"name\":\"Nicolas Jacquemard\",\"image\":{\"@type\":\"ImageObject\",\"inLanguage\":\"fr-FR\",\"@id\":\"https:\/\/dicodusport.fr\/blog\/#\/schema\/person\/image\/\",\"url\":\"https:\/\/dicodusport.fr\/blog\/wp-content\/uploads\/2021\/05\/Nicolas-Jacquemard-150x150.jpeg\",\"contentUrl\":\"https:\/\/dicodusport.fr\/blog\/wp-content\/uploads\/2021\/05\/Nicolas-Jacquemard-150x150.jpeg\",\"caption\":\"Nicolas Jacquemard\"},\"description\":\"Passionn\u00e9 de sport et entrepreneur depuis mes 18 ans, la cr\u00e9ation de Dicodusport m'a sembl\u00e9 \u00e9vidente pour participer \u00e0 la m\u00e9diatisation d'un plus grand nombre de sports. Le chemin est long mais avec une \u00e9quipe des plus motiv\u00e9es et les Jeux Olympiques de Paris 2024 en point de mire, nous y arriverons ! Journaliste dans le monde du sport depuis plus de 5 ans, je traite aussi bien de football, de rugby, de biathlon que de cyclisme.\",\"sameAs\":[\"https:\/\/www.facebook.com\/dicodusport\",\"https:\/\/x.com\/https:\/\/twitter.com\/Nico_Jacquemard\"],\"url\":\"https:\/\/dicodusport.fr\/blog\/author\/dicodusport\/\"}]}<\/script>\n<!-- \/ Yoast SEO Premium plugin. -->","yoast_head_json":{"title":"Poule C : les Bleues sont en demie, l\u2019Irlande \u00e9limin\u00e9e de son Mondial (21-5)","description":"Mais qui va arr\u00eater les Bleues ? Une seule chose est s\u00fbre, l\u2019aventure Coupe du monde ne s\u2019arr\u00eate pas ce soir pour les fran\u00e7aises.","robots":{"index":"index","follow":"follow","max-snippet":"max-snippet:-1","max-image-preview":"max-image-preview:large","max-video-preview":"max-video-preview:-1"},"canonical":"https:\/\/dicodusport.fr\/blog\/poule-c-bleues-demie-irlande-eliminee-de-mondial-21-5\/","og_locale":"fr_FR","og_type":"article","og_title":"Poule C : les Bleues sont en demie, l\u2019Irlande \u00e9limin\u00e9e de son Mondial (21-5)","og_description":"Mais qui va arr\u00eater les Bleues ? Une seule chose est s\u00fbre, l\u2019aventure Coupe du monde ne s\u2019arr\u00eate pas ce soir pour les fran\u00e7aises.","og_url":"https:\/\/dicodusport.fr\/blog\/poule-c-bleues-demie-irlande-eliminee-de-mondial-21-5\/","og_site_name":"Dicodusport","article_publisher":"https:\/\/www.facebook.com\/dicodusport","article_author":"https:\/\/www.facebook.com\/dicodusport","article_published_time":"2017-08-17T22:20:20+00:00","article_modified_time":"2021-04-13T21:19:05+00:00","og_image":[{"width":1200,"height":670,"url":"https:\/\/dicodusport.fr\/blog\/wp-content\/uploads\/2017\/08\/bleues-demie-1.png","type":"image\/png"}],"author":"Nicolas Jacquemard","twitter_card":"summary_large_image","twitter_creator":"@https:\/\/twitter.com\/Nico_Jacquemard","twitter_site":"@dicodusport","schema":{"@context":"https:\/\/schema.org","@graph":[{"@type":"NewsArticle","@id":"https:\/\/dicodusport.fr\/blog\/poule-c-bleues-demie-irlande-eliminee-de-mondial-21-5\/#article","isPartOf":{"@id":"https:\/\/dicodusport.fr\/blog\/poule-c-bleues-demie-irlande-eliminee-de-mondial-21-5\/"},"author":{"name":"Nicolas Jacquemard","@id":"https:\/\/dicodusport.fr\/blog\/#\/schema\/person\/55dcb50ad410894e431ed812bbb70191"},"headline":"Poule C : les Bleues sont en demie, l\u2019Irlande \u00e9limin\u00e9e de son Mondial (21-5)","datePublished":"2017-08-17T22:20:20+00:00","dateModified":"2021-04-13T21:19:05+00:00","mainEntityOfPage":{"@id":"https:\/\/dicodusport.fr\/blog\/poule-c-bleues-demie-irlande-eliminee-de-mondial-21-5\/"},"wordCount":472,"commentCount":0,"publisher":{"@id":"https:\/\/dicodusport.fr\/blog\/#organization"},"image":{"@id":"https:\/\/dicodusport.fr\/blog\/poule-c-bleues-demie-irlande-eliminee-de-mondial-21-5\/#primaryimage"},"thumbnailUrl":"https:\/\/dicodusport.fr\/blog\/wp-content\/uploads\/2017\/08\/bleues-demie-1.png","keywords":["coupe du monde rugby","France","france irlande","rugby f\u00e9minin"],"articleSection":["Coupe du monde de rugby"],"inLanguage":"fr-FR","potentialAction":[{"@type":"CommentAction","name":"Comment","target":["https:\/\/dicodusport.fr\/blog\/poule-c-bleues-demie-irlande-eliminee-de-mondial-21-5\/#respond"]}],"copyrightYear":"2017","copyrightHolder":{"@id":"https:\/\/dicodusport.fr\/blog\/#organization"}},{"@type":"WebPage","@id":"https:\/\/dicodusport.fr\/blog\/poule-c-bleues-demie-irlande-eliminee-de-mondial-21-5\/","url":"https:\/\/dicodusport.fr\/blog\/poule-c-bleues-demie-irlande-eliminee-de-mondial-21-5\/","name":"Poule C : les Bleues sont en demie, l\u2019Irlande \u00e9limin\u00e9e de son Mondial (21-5)","isPartOf":{"@id":"https:\/\/dicodusport.fr\/blog\/#website"},"primaryImageOfPage":{"@id":"https:\/\/dicodusport.fr\/blog\/poule-c-bleues-demie-irlande-eliminee-de-mondial-21-5\/#primaryimage"},"image":{"@id":"https:\/\/dicodusport.fr\/blog\/poule-c-bleues-demie-irlande-eliminee-de-mondial-21-5\/#primaryimage"},"thumbnailUrl":"https:\/\/dicodusport.fr\/blog\/wp-content\/uploads\/2017\/08\/bleues-demie-1.png","datePublished":"2017-08-17T22:20:20+00:00","dateModified":"2021-04-13T21:19:05+00:00","description":"Mais qui va arr\u00eater les Bleues ? Une seule chose est s\u00fbre, l\u2019aventure Coupe du monde ne s\u2019arr\u00eate pas ce soir pour les fran\u00e7aises.","breadcrumb":{"@id":"https:\/\/dicodusport.fr\/blog\/poule-c-bleues-demie-irlande-eliminee-de-mondial-21-5\/#breadcrumb"},"inLanguage":"fr-FR","potentialAction":[{"@type":"ReadAction","target":["https:\/\/dicodusport.fr\/blog\/poule-c-bleues-demie-irlande-eliminee-de-mondial-21-5\/"]}]},{"@type":"ImageObject","inLanguage":"fr-FR","@id":"https:\/\/dicodusport.fr\/blog\/poule-c-bleues-demie-irlande-eliminee-de-mondial-21-5\/#primaryimage","url":"https:\/\/dicodusport.fr\/blog\/wp-content\/uploads\/2017\/08\/bleues-demie-1.png","contentUrl":"https:\/\/dicodusport.fr\/blog\/wp-content\/uploads\/2017\/08\/bleues-demie-1.png","width":1200,"height":670,"caption":"bleues demie"},{"@type":"BreadcrumbList","@id":"https:\/\/dicodusport.fr\/blog\/poule-c-bleues-demie-irlande-eliminee-de-mondial-21-5\/#breadcrumb","itemListElement":[{"@type":"ListItem","position":1,"name":"Accueil","item":"https:\/\/dicodusport.fr\/blog\/"},{"@type":"ListItem","position":2,"name":"Poule C : les Bleues sont en demie, l\u2019Irlande \u00e9limin\u00e9e de son Mondial (21-5)"}]},{"@type":"WebSite","@id":"https:\/\/dicodusport.fr\/blog\/#website","url":"https:\/\/dicodusport.fr\/blog\/","name":"Dicodusport","description":"L&#039;encyclop\u00e9die de l&#039;actualit\u00e9 sportive","publisher":{"@id":"https:\/\/dicodusport.fr\/blog\/#organization"},"potentialAction":[{"@type":"SearchAction","target":{"@type":"EntryPoint","urlTemplate":"https:\/\/dicodusport.fr\/blog\/?s={search_term_string}"},"query-input":{"@type":"PropertyValueSpecification","valueRequired":true,"valueName":"search_term_string"}}],"inLanguage":"fr-FR"},{"@type":"NewsMediaOrganization","@id":"https:\/\/dicodusport.fr\/blog\/#organization","name":"Dicodusport","url":"https:\/\/dicodusport.fr\/blog\/","logo":{"@type":"ImageObject","inLanguage":"fr-FR","@id":"https:\/\/dicodusport.fr\/blog\/#\/schema\/logo\/image\/","url":"https:\/\/dicodusport.fr\/blog\/wp-content\/uploads\/2020\/06\/cropped-LOGO-DICODUSPORT-2020-SANS-FOND-SANS-TEXTE.png","contentUrl":"https:\/\/dicodusport.fr\/blog\/wp-content\/uploads\/2020\/06\/cropped-LOGO-DICODUSPORT-2020-SANS-FOND-SANS-TEXTE.png","width":512,"height":512,"caption":"Dicodusport"},"image":{"@id":"https:\/\/dicodusport.fr\/blog\/#\/schema\/logo\/image\/"},"sameAs":["https:\/\/www.facebook.com\/dicodusport","https:\/\/x.com\/dicodusport","https:\/\/www.instagram.com\/dicodusport\/","https:\/\/www.youtube.com\/channel\/UC7V2KZ5sd3htJivAbA4ZG3w"],"description":"Dicodusport est l'encyclop\u00e9die de l'actualit\u00e9 sportive.","email":"bonjour@dicodusport.fr","legalName":"DICODUSPORT","foundingDate":"2018-01-14","vatID":"FR71834470973","taxID":"83447097300043","numberOfEmployees":{"@type":"QuantitativeValue","minValue":"1","maxValue":"10"}},{"@type":"Person","@id":"https:\/\/dicodusport.fr\/blog\/#\/schema\/person\/55dcb50ad410894e431ed812bbb70191","name":"Nicolas Jacquemard","image":{"@type":"ImageObject","inLanguage":"fr-FR","@id":"https:\/\/dicodusport.fr\/blog\/#\/schema\/person\/image\/","url":"https:\/\/dicodusport.fr\/blog\/wp-content\/uploads\/2021\/05\/Nicolas-Jacquemard-150x150.jpeg","contentUrl":"https:\/\/dicodusport.fr\/blog\/wp-content\/uploads\/2021\/05\/Nicolas-Jacquemard-150x150.jpeg","caption":"Nicolas Jacquemard"},"description":"Passionn\u00e9 de sport et entrepreneur depuis mes 18 ans, la cr\u00e9ation de Dicodusport m'a sembl\u00e9 \u00e9vidente pour participer \u00e0 la m\u00e9diatisation d'un plus grand nombre de sports. Le chemin est long mais avec une \u00e9quipe des plus motiv\u00e9es et les Jeux Olympiques de Paris 2024 en point de mire, nous y arriverons ! Journaliste dans le monde du sport depuis plus de 5 ans, je traite aussi bien de football, de rugby, de biathlon que de cyclisme.","sameAs":["https:\/\/www.facebook.com\/dicodusport","https:\/\/x.com\/https:\/\/twitter.com\/Nico_Jacquemard"],"url":"https:\/\/dicodusport.fr\/blog\/author\/dicodusport\/"}]}},"_links":{"self":[{"href":"https:\/\/dicodusport.fr\/blog\/wp-json\/wp\/v2\/posts\/4146","targetHints":{"allow":["GET"]}}],"collection":[{"href":"https:\/\/dicodusport.fr\/blog\/wp-json\/wp\/v2\/posts"}],"about":[{"href":"https:\/\/dicodusport.fr\/blog\/wp-json\/wp\/v2\/types\/post"}],"author":[{"embeddable":true,"href":"https:\/\/dicodusport.fr\/blog\/wp-json\/wp\/v2\/users\/1"}],"replies":[{"embeddable":true,"href":"https:\/\/dicodusport.fr\/blog\/wp-json\/wp\/v2\/comments?post=4146"}],"version-history":[{"count":0,"href":"https:\/\/dicodusport.fr\/blog\/wp-json\/wp\/v2\/posts\/4146\/revisions"}],"wp:featuredmedia":[{"embeddable":true,"href":"https:\/\/dicodusport.fr\/blog\/wp-json\/wp\/v2\/media\/4152"}],"wp:attachment":[{"href":"https:\/\/dicodusport.fr\/blog\/wp-json\/wp\/v2\/media?parent=4146"}],"wp:term":[{"taxonomy":"category","embeddable":true,"href":"https:\/\/dicodusport.fr\/blog\/wp-json\/wp\/v2\/categories?post=4146"},{"taxonomy":"post_tag","embeddable":true,"href":"https:\/\/dicodusport.fr\/blog\/wp-json\/wp\/v2\/tags?post=4146"}],"curies":[{"name":"wp","href":"https:\/\/api.w.org\/{rel}","templated":true}]}}