{"id":414631,"date":"2023-09-02T08:56:28","date_gmt":"2023-09-02T06:56:28","guid":{"rendered":"https:\/\/dicodusport.fr\/blog\/?p=414631&#038;preview=true&#038;preview_id=414631"},"modified":"2023-09-02T09:00:05","modified_gmt":"2023-09-02T07:00:05","slug":"mercato-ol-lyon-signe-diego-moreira-sur-le-gong","status":"publish","type":"post","link":"https:\/\/dicodusport.fr\/blog\/mercato-ol-lyon-signe-diego-moreira-sur-le-gong\/","title":{"rendered":"Mercato OL : Lyon signe Diego Moreira sur le gong"},"content":{"rendered":"<p style=\"text-align: justify;\" align=\"justify\"><em><b>LIGUE 1 2023-2024 &#8211; L&rsquo;Olympique Lyonnais a obtenu le pr\u00eat de Diego Moreira dans les derni\u00e8res minutes du mercato estival.\u00a0<\/b><\/em><\/p>\n<p style=\"text-align: justify;\" align=\"justify\"><strong>Lyon<\/strong> a v\u00e9cu une derni\u00e8re journ\u00e9e de mercato agit\u00e9e, avec deux signatures pour essayer de renforcer son effectif apr\u00e8s un d\u00e9marrage tr\u00e8s compliqu\u00e9. L&rsquo;<strong>OL<\/strong> a explor\u00e9 des dizaines de pistes au poste de num\u00e9ro 6, mais c&rsquo;est finalement <strong>Paul<\/strong> <strong>Akouokou<\/strong> qui s&rsquo;est engag\u00e9. Le milieu de terrain ivoirien rejoint l&rsquo;<strong>Olympique Lyonnais<\/strong> contre la somme de trois millions d&rsquo;euros.<\/p>\n<p style=\"text-align: justify;\" align=\"justify\">Mais il n&rsquo;aura finalement pas \u00e9t\u00e9 le dernier renfort lyonnais, puisque <strong>Diego<\/strong> <strong>Moreira<\/strong> a rejoint le club sous la forme d&rsquo;un pr\u00eat payant. Le jeune ailier portugais avait rejoint <strong>Chelsea<\/strong> il y a quelques semaines et a m\u00eame fait ses d\u00e9buts avec les <strong>Blues<\/strong> en <strong>Coupe de la Ligue<\/strong> Anglaise mercredi face \u00e0 <strong>Wimbledon<\/strong>. Alors que son temps de jeu allait \u00eatre limit\u00e9, il rejoint donc <strong>Lyon<\/strong>.<\/p>\n<p style=\"text-align: justify;\" align=\"justify\">Pass\u00e9 par le <strong>Standard<\/strong> <strong>Li\u00e8ge<\/strong> et <strong>Benfica<\/strong>, il a notamment brill\u00e9 en Youth League la saison pass\u00e9e avec quatre buts et cinq passes d\u00e9cisives. Pour rappel, le club portugais a remport\u00e9 cette comp\u00e9tition en 2023. L&rsquo;<strong>Olympique Lyonnais<\/strong> a d\u00e9bours\u00e9 pas moins de 2,8 millions d&rsquo;euros pour finaliser l&rsquo;arriv\u00e9e du jeune ailier en pr\u00eat.<\/p>\n<blockquote class=\"twitter-tweet\">\n<p dir=\"ltr\" lang=\"fr\">\ud83d\udea8 L\u2019ailier portugais de Chelsea, Diego Moreira, en pr\u00eat \u00e0 l\u2019OL jusqu\u2019\u00e0 la fin de la saison \ud83d\udca5\ud83d\udd34\ud83d\udd35<\/p>\n<p>\u2014 Olympique Lyonnais (@OL) <a href=\"https:\/\/twitter.com\/OL\/status\/1697723509043007730?ref_src=twsrc%5Etfw\">September 1, 2023<\/a><\/p><\/blockquote>\n<p style=\"text-align: justify;\"><script async src=\"https:\/\/platform.twitter.com\/widgets.js\" charset=\"utf-8\"><\/script><\/p>\n","protected":false},"excerpt":{"rendered":"<p>LIGUE 1 2023-2024 &#8211; L&rsquo;Olympique Lyonnais a obtenu le pr\u00eat de Diego Moreira dans les derni\u00e8res minutes du mercato estival.\u00a0<\/p>\n","protected":false},"author":1,"featured_media":414633,"comment_status":"open","ping_status":"closed","sticky":false,"template":"","format":"standard","meta":{"_acf_changed":false,"_daextam_enable_autolinks":"","footnotes":""},"categories":[2301,47045],"tags":[16878,75,449,24995,1145],"class_list":["post-414631","post","type-post","status-publish","format-standard","has-post-thumbnail","hentry","category-football","category-ligue-1","tag-breve","tag-football","tag-lyon","tag-mercato-ol","tag-ol"],"acf":[],"yoast_head":"<!-- This site is optimized with the Yoast SEO Premium plugin v26.7 (Yoast SEO v26.7) - https:\/\/yoast.com\/wordpress\/plugins\/seo\/ -->\n<title>Mercato OL : Lyon signe Diego Moreira sur le gong<\/title>\n<meta name=\"description\" content=\"LIGUE 1 2023-2024 - L&#039;Olympique Lyonnais a obtenu le pr\u00eat de Diego Moreira dans les derni\u00e8res minutes du mercato estival.\u00a0\" \/>\n<meta name=\"robots\" content=\"index, follow, max-snippet:-1, max-image-preview:large, max-video-preview:-1\" \/>\n<link rel=\"canonical\" href=\"https:\/\/dicodusport.fr\/blog\/mercato-ol-lyon-signe-diego-moreira-sur-le-gong\/\" \/>\n<meta property=\"og:locale\" content=\"fr_FR\" \/>\n<meta property=\"og:type\" content=\"article\" \/>\n<meta property=\"og:title\" content=\"Mercato OL : Lyon signe Diego Moreira sur le gong\" \/>\n<meta property=\"og:description\" content=\"LIGUE 1 2023-2024 - L&#039;Olympique Lyonnais a obtenu le pr\u00eat de Diego Moreira dans les derni\u00e8res minutes du mercato estival.\u00a0\" \/>\n<meta property=\"og:url\" content=\"https:\/\/dicodusport.fr\/blog\/mercato-ol-lyon-signe-diego-moreira-sur-le-gong\/\" \/>\n<meta property=\"og:site_name\" content=\"Dicodusport\" \/>\n<meta property=\"article:publisher\" content=\"https:\/\/www.facebook.com\/dicodusport\" \/>\n<meta property=\"article:author\" content=\"https:\/\/www.facebook.com\/dicodusport\" \/>\n<meta property=\"article:published_time\" content=\"2023-09-02T06:56:28+00:00\" \/>\n<meta property=\"article:modified_time\" content=\"2023-09-02T07:00:05+00:00\" \/>\n<meta property=\"og:image\" content=\"https:\/\/dicodusport.fr\/blog\/wp-content\/uploads\/2023\/09\/Mercato-OL-Lyon-signe-Diego-Moreira-sur-le-gong.png\" \/>\n\t<meta property=\"og:image:width\" content=\"800\" \/>\n\t<meta property=\"og:image:height\" content=\"445\" \/>\n\t<meta property=\"og:image:type\" content=\"image\/png\" \/>\n<meta name=\"author\" content=\"Nicolas Jacquemard\" \/>\n<meta name=\"twitter:card\" content=\"summary_large_image\" \/>\n<meta name=\"twitter:title\" content=\"Mercato OL : Lyon signe Diego Moreira sur le gong\" \/>\n<meta name=\"twitter:creator\" content=\"@https:\/\/twitter.com\/Nico_Jacquemard\" \/>\n<meta name=\"twitter:site\" content=\"@dicodusport\" \/>\n<script type=\"application\/ld+json\" class=\"yoast-schema-graph\">{\"@context\":\"https:\/\/schema.org\",\"@graph\":[{\"@type\":\"NewsArticle\",\"@id\":\"https:\/\/dicodusport.fr\/blog\/mercato-ol-lyon-signe-diego-moreira-sur-le-gong\/#article\",\"isPartOf\":{\"@id\":\"https:\/\/dicodusport.fr\/blog\/mercato-ol-lyon-signe-diego-moreira-sur-le-gong\/\"},\"author\":{\"name\":\"Nicolas Jacquemard\",\"@id\":\"https:\/\/dicodusport.fr\/blog\/#\/schema\/person\/55dcb50ad410894e431ed812bbb70191\"},\"headline\":\"Mercato OL : Lyon signe Diego Moreira sur le gong\",\"datePublished\":\"2023-09-02T06:56:28+00:00\",\"dateModified\":\"2023-09-02T07:00:05+00:00\",\"mainEntityOfPage\":{\"@id\":\"https:\/\/dicodusport.fr\/blog\/mercato-ol-lyon-signe-diego-moreira-sur-le-gong\/\"},\"wordCount\":255,\"commentCount\":0,\"publisher\":{\"@id\":\"https:\/\/dicodusport.fr\/blog\/#organization\"},\"image\":{\"@id\":\"https:\/\/dicodusport.fr\/blog\/mercato-ol-lyon-signe-diego-moreira-sur-le-gong\/#primaryimage\"},\"thumbnailUrl\":\"https:\/\/dicodusport.fr\/blog\/wp-content\/uploads\/2023\/09\/Mercato-OL-Lyon-signe-Diego-Moreira-sur-le-gong.png\",\"keywords\":[\"br\u00e8ve\",\"Football\",\"Lyon\",\"Mercato OL\",\"OL\"],\"articleSection\":[\"Football\",\"Ligue 1\"],\"inLanguage\":\"fr-FR\",\"potentialAction\":[{\"@type\":\"CommentAction\",\"name\":\"Comment\",\"target\":[\"https:\/\/dicodusport.fr\/blog\/mercato-ol-lyon-signe-diego-moreira-sur-le-gong\/#respond\"]}],\"copyrightYear\":\"2023\",\"copyrightHolder\":{\"@id\":\"https:\/\/dicodusport.fr\/blog\/#organization\"}},{\"@type\":\"WebPage\",\"@id\":\"https:\/\/dicodusport.fr\/blog\/mercato-ol-lyon-signe-diego-moreira-sur-le-gong\/\",\"url\":\"https:\/\/dicodusport.fr\/blog\/mercato-ol-lyon-signe-diego-moreira-sur-le-gong\/\",\"name\":\"Mercato OL : Lyon signe Diego Moreira sur le gong\",\"isPartOf\":{\"@id\":\"https:\/\/dicodusport.fr\/blog\/#website\"},\"primaryImageOfPage\":{\"@id\":\"https:\/\/dicodusport.fr\/blog\/mercato-ol-lyon-signe-diego-moreira-sur-le-gong\/#primaryimage\"},\"image\":{\"@id\":\"https:\/\/dicodusport.fr\/blog\/mercato-ol-lyon-signe-diego-moreira-sur-le-gong\/#primaryimage\"},\"thumbnailUrl\":\"https:\/\/dicodusport.fr\/blog\/wp-content\/uploads\/2023\/09\/Mercato-OL-Lyon-signe-Diego-Moreira-sur-le-gong.png\",\"datePublished\":\"2023-09-02T06:56:28+00:00\",\"dateModified\":\"2023-09-02T07:00:05+00:00\",\"description\":\"LIGUE 1 2023-2024 - L'Olympique Lyonnais a obtenu le pr\u00eat de Diego Moreira dans les derni\u00e8res minutes du mercato estival.\u00a0\",\"breadcrumb\":{\"@id\":\"https:\/\/dicodusport.fr\/blog\/mercato-ol-lyon-signe-diego-moreira-sur-le-gong\/#breadcrumb\"},\"inLanguage\":\"fr-FR\",\"potentialAction\":[{\"@type\":\"ReadAction\",\"target\":[\"https:\/\/dicodusport.fr\/blog\/mercato-ol-lyon-signe-diego-moreira-sur-le-gong\/\"]}]},{\"@type\":\"ImageObject\",\"inLanguage\":\"fr-FR\",\"@id\":\"https:\/\/dicodusport.fr\/blog\/mercato-ol-lyon-signe-diego-moreira-sur-le-gong\/#primaryimage\",\"url\":\"https:\/\/dicodusport.fr\/blog\/wp-content\/uploads\/2023\/09\/Mercato-OL-Lyon-signe-Diego-Moreira-sur-le-gong.png\",\"contentUrl\":\"https:\/\/dicodusport.fr\/blog\/wp-content\/uploads\/2023\/09\/Mercato-OL-Lyon-signe-Diego-Moreira-sur-le-gong.png\",\"width\":800,\"height\":445},{\"@type\":\"BreadcrumbList\",\"@id\":\"https:\/\/dicodusport.fr\/blog\/mercato-ol-lyon-signe-diego-moreira-sur-le-gong\/#breadcrumb\",\"itemListElement\":[{\"@type\":\"ListItem\",\"position\":1,\"name\":\"Accueil\",\"item\":\"https:\/\/dicodusport.fr\/blog\/\"},{\"@type\":\"ListItem\",\"position\":2,\"name\":\"Mercato OL : Lyon signe Diego Moreira sur le gong\"}]},{\"@type\":\"WebSite\",\"@id\":\"https:\/\/dicodusport.fr\/blog\/#website\",\"url\":\"https:\/\/dicodusport.fr\/blog\/\",\"name\":\"Dicodusport\",\"description\":\"L&#039;encyclop\u00e9die de l&#039;actualit\u00e9 sportive\",\"publisher\":{\"@id\":\"https:\/\/dicodusport.fr\/blog\/#organization\"},\"potentialAction\":[{\"@type\":\"SearchAction\",\"target\":{\"@type\":\"EntryPoint\",\"urlTemplate\":\"https:\/\/dicodusport.fr\/blog\/?s={search_term_string}\"},\"query-input\":{\"@type\":\"PropertyValueSpecification\",\"valueRequired\":true,\"valueName\":\"search_term_string\"}}],\"inLanguage\":\"fr-FR\"},{\"@type\":\"NewsMediaOrganization\",\"@id\":\"https:\/\/dicodusport.fr\/blog\/#organization\",\"name\":\"Dicodusport\",\"url\":\"https:\/\/dicodusport.fr\/blog\/\",\"logo\":{\"@type\":\"ImageObject\",\"inLanguage\":\"fr-FR\",\"@id\":\"https:\/\/dicodusport.fr\/blog\/#\/schema\/logo\/image\/\",\"url\":\"https:\/\/dicodusport.fr\/blog\/wp-content\/uploads\/2020\/06\/cropped-LOGO-DICODUSPORT-2020-SANS-FOND-SANS-TEXTE.png\",\"contentUrl\":\"https:\/\/dicodusport.fr\/blog\/wp-content\/uploads\/2020\/06\/cropped-LOGO-DICODUSPORT-2020-SANS-FOND-SANS-TEXTE.png\",\"width\":512,\"height\":512,\"caption\":\"Dicodusport\"},\"image\":{\"@id\":\"https:\/\/dicodusport.fr\/blog\/#\/schema\/logo\/image\/\"},\"sameAs\":[\"https:\/\/www.facebook.com\/dicodusport\",\"https:\/\/x.com\/dicodusport\",\"https:\/\/www.instagram.com\/dicodusport\/\",\"https:\/\/www.youtube.com\/channel\/UC7V2KZ5sd3htJivAbA4ZG3w\"],\"description\":\"Dicodusport est l'encyclop\u00e9die de l'actualit\u00e9 sportive.\",\"email\":\"bonjour@dicodusport.fr\",\"legalName\":\"DICODUSPORT\",\"foundingDate\":\"2018-01-14\",\"vatID\":\"FR71834470973\",\"taxID\":\"83447097300043\",\"numberOfEmployees\":{\"@type\":\"QuantitativeValue\",\"minValue\":\"1\",\"maxValue\":\"10\"}},{\"@type\":\"Person\",\"@id\":\"https:\/\/dicodusport.fr\/blog\/#\/schema\/person\/55dcb50ad410894e431ed812bbb70191\",\"name\":\"Nicolas Jacquemard\",\"image\":{\"@type\":\"ImageObject\",\"inLanguage\":\"fr-FR\",\"@id\":\"https:\/\/dicodusport.fr\/blog\/#\/schema\/person\/image\/\",\"url\":\"https:\/\/dicodusport.fr\/blog\/wp-content\/uploads\/2021\/05\/Nicolas-Jacquemard-150x150.jpeg\",\"contentUrl\":\"https:\/\/dicodusport.fr\/blog\/wp-content\/uploads\/2021\/05\/Nicolas-Jacquemard-150x150.jpeg\",\"caption\":\"Nicolas Jacquemard\"},\"description\":\"Passionn\u00e9 de sport et entrepreneur depuis mes 18 ans, la cr\u00e9ation de Dicodusport m'a sembl\u00e9 \u00e9vidente pour participer \u00e0 la m\u00e9diatisation d'un plus grand nombre de sports. Le chemin est long mais avec une \u00e9quipe des plus motiv\u00e9es et les Jeux Olympiques de Paris 2024 en point de mire, nous y arriverons ! Journaliste dans le monde du sport depuis plus de 5 ans, je traite aussi bien de football, de rugby, de biathlon que de cyclisme.\",\"sameAs\":[\"https:\/\/www.facebook.com\/dicodusport\",\"https:\/\/x.com\/https:\/\/twitter.com\/Nico_Jacquemard\"],\"url\":\"https:\/\/dicodusport.fr\/blog\/author\/dicodusport\/\"}]}<\/script>\n<!-- \/ Yoast SEO Premium plugin. -->","yoast_head_json":{"title":"Mercato OL : Lyon signe Diego Moreira sur le gong","description":"LIGUE 1 2023-2024 - L'Olympique Lyonnais a obtenu le pr\u00eat de Diego Moreira dans les derni\u00e8res minutes du mercato estival.\u00a0","robots":{"index":"index","follow":"follow","max-snippet":"max-snippet:-1","max-image-preview":"max-image-preview:large","max-video-preview":"max-video-preview:-1"},"canonical":"https:\/\/dicodusport.fr\/blog\/mercato-ol-lyon-signe-diego-moreira-sur-le-gong\/","og_locale":"fr_FR","og_type":"article","og_title":"Mercato OL : Lyon signe Diego Moreira sur le gong","og_description":"LIGUE 1 2023-2024 - L'Olympique Lyonnais a obtenu le pr\u00eat de Diego Moreira dans les derni\u00e8res minutes du mercato estival.\u00a0","og_url":"https:\/\/dicodusport.fr\/blog\/mercato-ol-lyon-signe-diego-moreira-sur-le-gong\/","og_site_name":"Dicodusport","article_publisher":"https:\/\/www.facebook.com\/dicodusport","article_author":"https:\/\/www.facebook.com\/dicodusport","article_published_time":"2023-09-02T06:56:28+00:00","article_modified_time":"2023-09-02T07:00:05+00:00","og_image":[{"width":800,"height":445,"url":"https:\/\/dicodusport.fr\/blog\/wp-content\/uploads\/2023\/09\/Mercato-OL-Lyon-signe-Diego-Moreira-sur-le-gong.png","type":"image\/png"}],"author":"Nicolas Jacquemard","twitter_card":"summary_large_image","twitter_title":"Mercato OL : Lyon signe Diego Moreira sur le gong","twitter_creator":"@https:\/\/twitter.com\/Nico_Jacquemard","twitter_site":"@dicodusport","schema":{"@context":"https:\/\/schema.org","@graph":[{"@type":"NewsArticle","@id":"https:\/\/dicodusport.fr\/blog\/mercato-ol-lyon-signe-diego-moreira-sur-le-gong\/#article","isPartOf":{"@id":"https:\/\/dicodusport.fr\/blog\/mercato-ol-lyon-signe-diego-moreira-sur-le-gong\/"},"author":{"name":"Nicolas Jacquemard","@id":"https:\/\/dicodusport.fr\/blog\/#\/schema\/person\/55dcb50ad410894e431ed812bbb70191"},"headline":"Mercato OL : Lyon signe Diego Moreira sur le gong","datePublished":"2023-09-02T06:56:28+00:00","dateModified":"2023-09-02T07:00:05+00:00","mainEntityOfPage":{"@id":"https:\/\/dicodusport.fr\/blog\/mercato-ol-lyon-signe-diego-moreira-sur-le-gong\/"},"wordCount":255,"commentCount":0,"publisher":{"@id":"https:\/\/dicodusport.fr\/blog\/#organization"},"image":{"@id":"https:\/\/dicodusport.fr\/blog\/mercato-ol-lyon-signe-diego-moreira-sur-le-gong\/#primaryimage"},"thumbnailUrl":"https:\/\/dicodusport.fr\/blog\/wp-content\/uploads\/2023\/09\/Mercato-OL-Lyon-signe-Diego-Moreira-sur-le-gong.png","keywords":["br\u00e8ve","Football","Lyon","Mercato OL","OL"],"articleSection":["Football","Ligue 1"],"inLanguage":"fr-FR","potentialAction":[{"@type":"CommentAction","name":"Comment","target":["https:\/\/dicodusport.fr\/blog\/mercato-ol-lyon-signe-diego-moreira-sur-le-gong\/#respond"]}],"copyrightYear":"2023","copyrightHolder":{"@id":"https:\/\/dicodusport.fr\/blog\/#organization"}},{"@type":"WebPage","@id":"https:\/\/dicodusport.fr\/blog\/mercato-ol-lyon-signe-diego-moreira-sur-le-gong\/","url":"https:\/\/dicodusport.fr\/blog\/mercato-ol-lyon-signe-diego-moreira-sur-le-gong\/","name":"Mercato OL : Lyon signe Diego Moreira sur le gong","isPartOf":{"@id":"https:\/\/dicodusport.fr\/blog\/#website"},"primaryImageOfPage":{"@id":"https:\/\/dicodusport.fr\/blog\/mercato-ol-lyon-signe-diego-moreira-sur-le-gong\/#primaryimage"},"image":{"@id":"https:\/\/dicodusport.fr\/blog\/mercato-ol-lyon-signe-diego-moreira-sur-le-gong\/#primaryimage"},"thumbnailUrl":"https:\/\/dicodusport.fr\/blog\/wp-content\/uploads\/2023\/09\/Mercato-OL-Lyon-signe-Diego-Moreira-sur-le-gong.png","datePublished":"2023-09-02T06:56:28+00:00","dateModified":"2023-09-02T07:00:05+00:00","description":"LIGUE 1 2023-2024 - L'Olympique Lyonnais a obtenu le pr\u00eat de Diego Moreira dans les derni\u00e8res minutes du mercato estival.\u00a0","breadcrumb":{"@id":"https:\/\/dicodusport.fr\/blog\/mercato-ol-lyon-signe-diego-moreira-sur-le-gong\/#breadcrumb"},"inLanguage":"fr-FR","potentialAction":[{"@type":"ReadAction","target":["https:\/\/dicodusport.fr\/blog\/mercato-ol-lyon-signe-diego-moreira-sur-le-gong\/"]}]},{"@type":"ImageObject","inLanguage":"fr-FR","@id":"https:\/\/dicodusport.fr\/blog\/mercato-ol-lyon-signe-diego-moreira-sur-le-gong\/#primaryimage","url":"https:\/\/dicodusport.fr\/blog\/wp-content\/uploads\/2023\/09\/Mercato-OL-Lyon-signe-Diego-Moreira-sur-le-gong.png","contentUrl":"https:\/\/dicodusport.fr\/blog\/wp-content\/uploads\/2023\/09\/Mercato-OL-Lyon-signe-Diego-Moreira-sur-le-gong.png","width":800,"height":445},{"@type":"BreadcrumbList","@id":"https:\/\/dicodusport.fr\/blog\/mercato-ol-lyon-signe-diego-moreira-sur-le-gong\/#breadcrumb","itemListElement":[{"@type":"ListItem","position":1,"name":"Accueil","item":"https:\/\/dicodusport.fr\/blog\/"},{"@type":"ListItem","position":2,"name":"Mercato OL : Lyon signe Diego Moreira sur le gong"}]},{"@type":"WebSite","@id":"https:\/\/dicodusport.fr\/blog\/#website","url":"https:\/\/dicodusport.fr\/blog\/","name":"Dicodusport","description":"L&#039;encyclop\u00e9die de l&#039;actualit\u00e9 sportive","publisher":{"@id":"https:\/\/dicodusport.fr\/blog\/#organization"},"potentialAction":[{"@type":"SearchAction","target":{"@type":"EntryPoint","urlTemplate":"https:\/\/dicodusport.fr\/blog\/?s={search_term_string}"},"query-input":{"@type":"PropertyValueSpecification","valueRequired":true,"valueName":"search_term_string"}}],"inLanguage":"fr-FR"},{"@type":"NewsMediaOrganization","@id":"https:\/\/dicodusport.fr\/blog\/#organization","name":"Dicodusport","url":"https:\/\/dicodusport.fr\/blog\/","logo":{"@type":"ImageObject","inLanguage":"fr-FR","@id":"https:\/\/dicodusport.fr\/blog\/#\/schema\/logo\/image\/","url":"https:\/\/dicodusport.fr\/blog\/wp-content\/uploads\/2020\/06\/cropped-LOGO-DICODUSPORT-2020-SANS-FOND-SANS-TEXTE.png","contentUrl":"https:\/\/dicodusport.fr\/blog\/wp-content\/uploads\/2020\/06\/cropped-LOGO-DICODUSPORT-2020-SANS-FOND-SANS-TEXTE.png","width":512,"height":512,"caption":"Dicodusport"},"image":{"@id":"https:\/\/dicodusport.fr\/blog\/#\/schema\/logo\/image\/"},"sameAs":["https:\/\/www.facebook.com\/dicodusport","https:\/\/x.com\/dicodusport","https:\/\/www.instagram.com\/dicodusport\/","https:\/\/www.youtube.com\/channel\/UC7V2KZ5sd3htJivAbA4ZG3w"],"description":"Dicodusport est l'encyclop\u00e9die de l'actualit\u00e9 sportive.","email":"bonjour@dicodusport.fr","legalName":"DICODUSPORT","foundingDate":"2018-01-14","vatID":"FR71834470973","taxID":"83447097300043","numberOfEmployees":{"@type":"QuantitativeValue","minValue":"1","maxValue":"10"}},{"@type":"Person","@id":"https:\/\/dicodusport.fr\/blog\/#\/schema\/person\/55dcb50ad410894e431ed812bbb70191","name":"Nicolas Jacquemard","image":{"@type":"ImageObject","inLanguage":"fr-FR","@id":"https:\/\/dicodusport.fr\/blog\/#\/schema\/person\/image\/","url":"https:\/\/dicodusport.fr\/blog\/wp-content\/uploads\/2021\/05\/Nicolas-Jacquemard-150x150.jpeg","contentUrl":"https:\/\/dicodusport.fr\/blog\/wp-content\/uploads\/2021\/05\/Nicolas-Jacquemard-150x150.jpeg","caption":"Nicolas Jacquemard"},"description":"Passionn\u00e9 de sport et entrepreneur depuis mes 18 ans, la cr\u00e9ation de Dicodusport m'a sembl\u00e9 \u00e9vidente pour participer \u00e0 la m\u00e9diatisation d'un plus grand nombre de sports. Le chemin est long mais avec une \u00e9quipe des plus motiv\u00e9es et les Jeux Olympiques de Paris 2024 en point de mire, nous y arriverons ! Journaliste dans le monde du sport depuis plus de 5 ans, je traite aussi bien de football, de rugby, de biathlon que de cyclisme.","sameAs":["https:\/\/www.facebook.com\/dicodusport","https:\/\/x.com\/https:\/\/twitter.com\/Nico_Jacquemard"],"url":"https:\/\/dicodusport.fr\/blog\/author\/dicodusport\/"}]}},"_links":{"self":[{"href":"https:\/\/dicodusport.fr\/blog\/wp-json\/wp\/v2\/posts\/414631","targetHints":{"allow":["GET"]}}],"collection":[{"href":"https:\/\/dicodusport.fr\/blog\/wp-json\/wp\/v2\/posts"}],"about":[{"href":"https:\/\/dicodusport.fr\/blog\/wp-json\/wp\/v2\/types\/post"}],"author":[{"embeddable":true,"href":"https:\/\/dicodusport.fr\/blog\/wp-json\/wp\/v2\/users\/1"}],"replies":[{"embeddable":true,"href":"https:\/\/dicodusport.fr\/blog\/wp-json\/wp\/v2\/comments?post=414631"}],"version-history":[{"count":0,"href":"https:\/\/dicodusport.fr\/blog\/wp-json\/wp\/v2\/posts\/414631\/revisions"}],"wp:featuredmedia":[{"embeddable":true,"href":"https:\/\/dicodusport.fr\/blog\/wp-json\/wp\/v2\/media\/414633"}],"wp:attachment":[{"href":"https:\/\/dicodusport.fr\/blog\/wp-json\/wp\/v2\/media?parent=414631"}],"wp:term":[{"taxonomy":"category","embeddable":true,"href":"https:\/\/dicodusport.fr\/blog\/wp-json\/wp\/v2\/categories?post=414631"},{"taxonomy":"post_tag","embeddable":true,"href":"https:\/\/dicodusport.fr\/blog\/wp-json\/wp\/v2\/tags?post=414631"}],"curies":[{"name":"wp","href":"https:\/\/api.w.org\/{rel}","templated":true}]}}