{"id":414850,"date":"2023-09-02T18:04:27","date_gmt":"2023-09-02T16:04:27","guid":{"rendered":"https:\/\/dicodusport.fr\/blog\/?p=414850&#038;preview=true&#038;preview_id=414850"},"modified":"2023-09-02T20:13:57","modified_gmt":"2023-09-02T18:13:57","slug":"martin-fourcade-nordic-festival-jacquelin-seoncd-derriere-un-christiansen-en-demonstration","status":"publish","type":"post","link":"https:\/\/dicodusport.fr\/blog\/martin-fourcade-nordic-festival-jacquelin-seoncd-derriere-un-christiansen-en-demonstration\/","title":{"rendered":"Martin Fourcade Nordic Festival : \u00c9milien Jacquelin deuxi\u00e8me derri\u00e8re un Christiansen en d\u00e9monstration"},"content":{"rendered":"<p style=\"text-align: justify;\" align=\"justify\"><em><strong>MARTIN FOURCADE NORDIC FESTIVAL &#8211; En d\u00e9monstration, Vetle Christiansen n\u2019a laiss\u00e9 aucune chance \u00e0 ses concurrents sur cette mass start. Un d\u00e9part rapide et une arriv\u00e9e tout aussi canon lui permettent de s&rsquo;imposer loin devant \u00c9milien Jacquelin et Sturla Laegreid.<\/strong><\/em><\/p>\n<h2 style=\"text-align: justify;\">Christiansen imp\u00e9rial devant Jacquelin et Laegreid<\/h2>\n<p style=\"text-align: justify;\">D\u00e9part pleine balle de <strong>Vetle Christiansen<\/strong> qui affichait rapidement 10 secondes d\u2019avance, mais <strong>\u00c9milien Jacquelin<\/strong> d\u00e9cidait de faire l\u2019effort avant de prendre position pour le premier tir. Avec une faute, contre deux pour le Norv\u00e9gien, le Fran\u00e7ais prenait provisoirement les commandes de la course. Dans leurs ski-roues suivaient <strong>Giacomel<\/strong> et <strong>Fillon Maillet<\/strong>. Conqu\u00e9rant, <strong>Jacquelin<\/strong> attaquait un peu plus, essayant de creuser l\u2019\u00e9cart avec <strong>Christiansen<\/strong> au moment de se coucher pour la seconde fois sur le tapis. \u00c0 cet exercice, le Norv\u00e9gien, exemplaire, prenait l\u2019avantage. Le Fran\u00e7ais laissait filer une balle et comptait alors une dizaine de secondes de retard. Profitant des \u00e9checs adverses, <strong>\u00c9ric Perrot<\/strong> ressortait \u00e0 la troisi\u00e8me place devant QFM.<\/p>\n<p style=\"text-align: justify;\">Avec une petite faute, <strong>Christiansen<\/strong> s\u2019envolait vers la victoire apr\u00e8s le premier debout. <strong>Jacquelin<\/strong> \u00e9vitait de peu la p\u00e9nalit\u00e9, pas <strong>\u00c9ric Perrot <\/strong>qui se voyait arr\u00eater quelques secondes suppl\u00e9mentaires. Les \u00e9checs s\u2019encha\u00eenant de part et d\u2019autre, <strong>Sturla Laegreid<\/strong> s\u2019\u00e9lan\u00e7ait \u00e0 la poursuite d\u2019<strong>\u00c9milien Jacquelin<\/strong>, coll\u00e9 de pr\u00e8s par <strong>Quentin Fillon Maillet<\/strong>. Avec beaucoup de marge, <strong>Vetle Christiansen<\/strong> s\u2019offrait le luxe de manquer une cible puis de c\u00e9l\u00e9brer sa victoire avant de repartir. Offensifs sur le dernier tir, <strong>Laegreid<\/strong> et <strong>Jacquelin<\/strong> devaient ensuite batailler pour la deuxi\u00e8me place. \u00c0 ce jeu-l\u00e0, <strong>\u00c9milien Jacquelin<\/strong> d\u00e9posait le Norv\u00e9gien dans les derniers m\u00e8tres pour monter sur la deuxi\u00e8me marche du podium et offrir \u00e0 l&rsquo;\u00e9quipe de France un troisi\u00e8me podium en autant de courses.<\/p>\n<blockquote class=\"twitter-tweet\">\n<p dir=\"ltr\" lang=\"fr\">Christiansen file vers la victoire, une bataille entre Laegreid et Jacquelin pour la deuxi\u00e8me place !<\/p>\n<p>Suivez le Martin Fourcade Nordic Festival sur la chaine L&rsquo;\u00c9quipe &gt; <a href=\"https:\/\/t.co\/pXI4SIbEoH\">https:\/\/t.co\/pXI4SIbEoH<\/a><a href=\"https:\/\/twitter.com\/hashtag\/lequipeBIATHLON?src=hash&amp;ref_src=twsrc%5Etfw\">#lequipeBIATHLON<\/a> <a href=\"https:\/\/t.co\/BeqIfGsOZF\">pic.twitter.com\/BeqIfGsOZF<\/a><\/p>\n<p>\u2014 la chaine L&rsquo;\u00c9quipe (@lachainelequipe) <a href=\"https:\/\/twitter.com\/lachainelequipe\/status\/1697993843851903021?ref_src=twsrc%5Etfw\">September 2, 2023<\/a><\/p><\/blockquote>\n<p><script async src=\"https:\/\/platform.twitter.com\/widgets.js\" charset=\"utf-8\"><\/script><\/p>\n<ul>\n<li style=\"text-align: justify;\"><strong>\u00c0 lire aussi \u2013\u00a0<a href=\"https:\/\/dicodusport.fr\/blog\/martin-fourcade-nordic-festival-classement-course-hommes-biathlon\/\">Le classement de la course hommes<\/a><\/strong><\/li>\n<\/ul>\n","protected":false},"excerpt":{"rendered":"<p>Vetle Christiansen n&rsquo;a fait qu&rsquo;une bouch\u00e9e de ses concurrents sur la mass start du Martin Nordic Festival. Jacquelin termine 2\u00e8me.<\/p>\n","protected":false},"author":18,"featured_media":414900,"comment_status":"open","ping_status":"closed","sticky":false,"template":"","format":"standard","meta":{"_acf_changed":false,"_daextam_enable_autolinks":"","footnotes":""},"categories":[2426],"tags":[2427,16878,7770,7140],"class_list":["post-414850","post","type-post","status-publish","format-standard","has-post-thumbnail","hentry","category-biathlon","tag-biathlon","tag-breve","tag-martin-fourcade-nordic-festival","tag-mass-start-hommes"],"acf":[],"yoast_head":"<!-- This site is optimized with the Yoast SEO Premium plugin v26.7 (Yoast SEO v26.7) - https:\/\/yoast.com\/wordpress\/plugins\/seo\/ -->\n<title>Martin Fourcade Nordic Festival : \u00c9milien Jacquelin deuxi\u00e8me derri\u00e8re un Christiansen en d\u00e9monstration<\/title>\n<meta name=\"description\" content=\"Vetle Christiansen n&#039;a fait qu&#039;une bouch\u00e9e de ses concurrents sur la mass start du Martin Nordic Festival. Jacquelin termine 2\u00e8me.\" \/>\n<meta name=\"robots\" content=\"index, follow, max-snippet:-1, max-image-preview:large, max-video-preview:-1\" \/>\n<link rel=\"canonical\" href=\"https:\/\/dicodusport.fr\/blog\/martin-fourcade-nordic-festival-jacquelin-seoncd-derriere-un-christiansen-en-demonstration\/\" \/>\n<meta property=\"og:locale\" content=\"fr_FR\" \/>\n<meta property=\"og:type\" content=\"article\" \/>\n<meta property=\"og:title\" content=\"Martin Fourcade Nordic Festival : \u00c9milien Jacquelin deuxi\u00e8me derri\u00e8re un Christiansen en d\u00e9monstration\" \/>\n<meta property=\"og:description\" content=\"Vetle Christiansen n&#039;a fait qu&#039;une bouch\u00e9e de ses concurrents sur la mass start du Martin Nordic Festival. Jacquelin termine 2\u00e8me.\" \/>\n<meta property=\"og:url\" content=\"https:\/\/dicodusport.fr\/blog\/martin-fourcade-nordic-festival-jacquelin-seoncd-derriere-un-christiansen-en-demonstration\/\" \/>\n<meta property=\"og:site_name\" content=\"Dicodusport\" \/>\n<meta property=\"article:publisher\" content=\"https:\/\/www.facebook.com\/dicodusport\" \/>\n<meta property=\"article:author\" content=\"https:\/\/www.facebook.com\/soocube\" \/>\n<meta property=\"article:published_time\" content=\"2023-09-02T16:04:27+00:00\" \/>\n<meta property=\"article:modified_time\" content=\"2023-09-02T18:13:57+00:00\" \/>\n<meta property=\"og:image\" content=\"https:\/\/dicodusport.fr\/blog\/wp-content\/uploads\/2023\/09\/Martin-Fourcade-Nordic-Festival-Emilien-Jacquelin-deuxieme-derriere-un-Christiansen-en-demonstration.png\" \/>\n\t<meta property=\"og:image:width\" content=\"800\" \/>\n\t<meta property=\"og:image:height\" content=\"445\" \/>\n\t<meta property=\"og:image:type\" content=\"image\/png\" \/>\n<meta name=\"author\" content=\"Sophie Clapier\" \/>\n<meta name=\"twitter:card\" content=\"summary_large_image\" \/>\n<meta name=\"twitter:title\" content=\"Martin Fourcade Nordic Festival : \u00c9milien Jacquelin deuxi\u00e8me derri\u00e8re un Christiansen en d\u00e9monstration\" \/>\n<meta name=\"twitter:creator\" content=\"@https:\/\/twitter.com\/soocube\" \/>\n<meta name=\"twitter:site\" content=\"@dicodusport\" \/>\n<script type=\"application\/ld+json\" class=\"yoast-schema-graph\">{\"@context\":\"https:\/\/schema.org\",\"@graph\":[{\"@type\":\"NewsArticle\",\"@id\":\"https:\/\/dicodusport.fr\/blog\/martin-fourcade-nordic-festival-jacquelin-seoncd-derriere-un-christiansen-en-demonstration\/#article\",\"isPartOf\":{\"@id\":\"https:\/\/dicodusport.fr\/blog\/martin-fourcade-nordic-festival-jacquelin-seoncd-derriere-un-christiansen-en-demonstration\/\"},\"author\":{\"name\":\"Sophie Clapier\",\"@id\":\"https:\/\/dicodusport.fr\/blog\/#\/schema\/person\/416c975648aca9da8839bdfe333a21c9\"},\"headline\":\"Martin Fourcade Nordic Festival : \u00c9milien Jacquelin deuxi\u00e8me derri\u00e8re un Christiansen en d\u00e9monstration\",\"datePublished\":\"2023-09-02T16:04:27+00:00\",\"dateModified\":\"2023-09-02T18:13:57+00:00\",\"mainEntityOfPage\":{\"@id\":\"https:\/\/dicodusport.fr\/blog\/martin-fourcade-nordic-festival-jacquelin-seoncd-derriere-un-christiansen-en-demonstration\/\"},\"wordCount\":378,\"commentCount\":0,\"publisher\":{\"@id\":\"https:\/\/dicodusport.fr\/blog\/#organization\"},\"image\":{\"@id\":\"https:\/\/dicodusport.fr\/blog\/martin-fourcade-nordic-festival-jacquelin-seoncd-derriere-un-christiansen-en-demonstration\/#primaryimage\"},\"thumbnailUrl\":\"https:\/\/dicodusport.fr\/blog\/wp-content\/uploads\/2023\/09\/Martin-Fourcade-Nordic-Festival-Emilien-Jacquelin-deuxieme-derriere-un-Christiansen-en-demonstration.png\",\"keywords\":[\"Biathlon\",\"br\u00e8ve\",\"Martin Fourcade Nordic Festival\",\"Mass start hommes\"],\"articleSection\":[\"Biathlon\"],\"inLanguage\":\"fr-FR\",\"potentialAction\":[{\"@type\":\"CommentAction\",\"name\":\"Comment\",\"target\":[\"https:\/\/dicodusport.fr\/blog\/martin-fourcade-nordic-festival-jacquelin-seoncd-derriere-un-christiansen-en-demonstration\/#respond\"]}],\"copyrightYear\":\"2023\",\"copyrightHolder\":{\"@id\":\"https:\/\/dicodusport.fr\/blog\/#organization\"}},{\"@type\":\"WebPage\",\"@id\":\"https:\/\/dicodusport.fr\/blog\/martin-fourcade-nordic-festival-jacquelin-seoncd-derriere-un-christiansen-en-demonstration\/\",\"url\":\"https:\/\/dicodusport.fr\/blog\/martin-fourcade-nordic-festival-jacquelin-seoncd-derriere-un-christiansen-en-demonstration\/\",\"name\":\"Martin Fourcade Nordic Festival : \u00c9milien Jacquelin deuxi\u00e8me derri\u00e8re un Christiansen en d\u00e9monstration\",\"isPartOf\":{\"@id\":\"https:\/\/dicodusport.fr\/blog\/#website\"},\"primaryImageOfPage\":{\"@id\":\"https:\/\/dicodusport.fr\/blog\/martin-fourcade-nordic-festival-jacquelin-seoncd-derriere-un-christiansen-en-demonstration\/#primaryimage\"},\"image\":{\"@id\":\"https:\/\/dicodusport.fr\/blog\/martin-fourcade-nordic-festival-jacquelin-seoncd-derriere-un-christiansen-en-demonstration\/#primaryimage\"},\"thumbnailUrl\":\"https:\/\/dicodusport.fr\/blog\/wp-content\/uploads\/2023\/09\/Martin-Fourcade-Nordic-Festival-Emilien-Jacquelin-deuxieme-derriere-un-Christiansen-en-demonstration.png\",\"datePublished\":\"2023-09-02T16:04:27+00:00\",\"dateModified\":\"2023-09-02T18:13:57+00:00\",\"description\":\"Vetle Christiansen n'a fait qu'une bouch\u00e9e de ses concurrents sur la mass start du Martin Nordic Festival. Jacquelin termine 2\u00e8me.\",\"breadcrumb\":{\"@id\":\"https:\/\/dicodusport.fr\/blog\/martin-fourcade-nordic-festival-jacquelin-seoncd-derriere-un-christiansen-en-demonstration\/#breadcrumb\"},\"inLanguage\":\"fr-FR\",\"potentialAction\":[{\"@type\":\"ReadAction\",\"target\":[\"https:\/\/dicodusport.fr\/blog\/martin-fourcade-nordic-festival-jacquelin-seoncd-derriere-un-christiansen-en-demonstration\/\"]}]},{\"@type\":\"ImageObject\",\"inLanguage\":\"fr-FR\",\"@id\":\"https:\/\/dicodusport.fr\/blog\/martin-fourcade-nordic-festival-jacquelin-seoncd-derriere-un-christiansen-en-demonstration\/#primaryimage\",\"url\":\"https:\/\/dicodusport.fr\/blog\/wp-content\/uploads\/2023\/09\/Martin-Fourcade-Nordic-Festival-Emilien-Jacquelin-deuxieme-derriere-un-Christiansen-en-demonstration.png\",\"contentUrl\":\"https:\/\/dicodusport.fr\/blog\/wp-content\/uploads\/2023\/09\/Martin-Fourcade-Nordic-Festival-Emilien-Jacquelin-deuxieme-derriere-un-Christiansen-en-demonstration.png\",\"width\":800,\"height\":445,\"caption\":\"Martin Fourcade Nordic Festival \u00c9milien Jacquelin deuxi\u00e8me derri\u00e8re un Christiansen en d\u00e9monstration\"},{\"@type\":\"BreadcrumbList\",\"@id\":\"https:\/\/dicodusport.fr\/blog\/martin-fourcade-nordic-festival-jacquelin-seoncd-derriere-un-christiansen-en-demonstration\/#breadcrumb\",\"itemListElement\":[{\"@type\":\"ListItem\",\"position\":1,\"name\":\"Accueil\",\"item\":\"https:\/\/dicodusport.fr\/blog\/\"},{\"@type\":\"ListItem\",\"position\":2,\"name\":\"Martin Fourcade Nordic Festival : \u00c9milien Jacquelin deuxi\u00e8me derri\u00e8re un Christiansen en d\u00e9monstration\"}]},{\"@type\":\"WebSite\",\"@id\":\"https:\/\/dicodusport.fr\/blog\/#website\",\"url\":\"https:\/\/dicodusport.fr\/blog\/\",\"name\":\"Dicodusport\",\"description\":\"L&#039;encyclop\u00e9die de l&#039;actualit\u00e9 sportive\",\"publisher\":{\"@id\":\"https:\/\/dicodusport.fr\/blog\/#organization\"},\"potentialAction\":[{\"@type\":\"SearchAction\",\"target\":{\"@type\":\"EntryPoint\",\"urlTemplate\":\"https:\/\/dicodusport.fr\/blog\/?s={search_term_string}\"},\"query-input\":{\"@type\":\"PropertyValueSpecification\",\"valueRequired\":true,\"valueName\":\"search_term_string\"}}],\"inLanguage\":\"fr-FR\"},{\"@type\":\"NewsMediaOrganization\",\"@id\":\"https:\/\/dicodusport.fr\/blog\/#organization\",\"name\":\"Dicodusport\",\"url\":\"https:\/\/dicodusport.fr\/blog\/\",\"logo\":{\"@type\":\"ImageObject\",\"inLanguage\":\"fr-FR\",\"@id\":\"https:\/\/dicodusport.fr\/blog\/#\/schema\/logo\/image\/\",\"url\":\"https:\/\/dicodusport.fr\/blog\/wp-content\/uploads\/2020\/06\/cropped-LOGO-DICODUSPORT-2020-SANS-FOND-SANS-TEXTE.png\",\"contentUrl\":\"https:\/\/dicodusport.fr\/blog\/wp-content\/uploads\/2020\/06\/cropped-LOGO-DICODUSPORT-2020-SANS-FOND-SANS-TEXTE.png\",\"width\":512,\"height\":512,\"caption\":\"Dicodusport\"},\"image\":{\"@id\":\"https:\/\/dicodusport.fr\/blog\/#\/schema\/logo\/image\/\"},\"sameAs\":[\"https:\/\/www.facebook.com\/dicodusport\",\"https:\/\/x.com\/dicodusport\",\"https:\/\/www.instagram.com\/dicodusport\/\",\"https:\/\/www.youtube.com\/channel\/UC7V2KZ5sd3htJivAbA4ZG3w\"],\"description\":\"Dicodusport est l'encyclop\u00e9die de l'actualit\u00e9 sportive.\",\"email\":\"bonjour@dicodusport.fr\",\"legalName\":\"DICODUSPORT\",\"foundingDate\":\"2018-01-14\",\"vatID\":\"FR71834470973\",\"taxID\":\"83447097300043\",\"numberOfEmployees\":{\"@type\":\"QuantitativeValue\",\"minValue\":\"1\",\"maxValue\":\"10\"}},{\"@type\":\"Person\",\"@id\":\"https:\/\/dicodusport.fr\/blog\/#\/schema\/person\/416c975648aca9da8839bdfe333a21c9\",\"name\":\"Sophie Clapier\",\"image\":{\"@type\":\"ImageObject\",\"inLanguage\":\"fr-FR\",\"@id\":\"https:\/\/dicodusport.fr\/blog\/#\/schema\/person\/image\/\",\"url\":\"https:\/\/dicodusport.fr\/blog\/wp-content\/uploads\/2021\/05\/Sophie-Clapier-150x150.jpg\",\"contentUrl\":\"https:\/\/dicodusport.fr\/blog\/wp-content\/uploads\/2021\/05\/Sophie-Clapier-150x150.jpg\",\"caption\":\"Sophie Clapier\"},\"description\":\"Journaliste\/r\u00e9dactrice depuis janvier 2016 - Passionn\u00e9e de sport depuis toujours, j\u2019en ai pratiqu\u00e9 quelques-uns. Judo, football, handball ou encore tennis, je n\u2019ai jamais pu me mettre d\u2019accord sur un en particulier. Mais \u00e7a, c\u2019\u00e9tait avant de d\u00e9couvrir le basket, devenu mon sport de pr\u00e9dilection. Les actions NBA, le All-Star Week-end, la fureur des Game 7 pendant les playoffs ou mieux, lors des Finals, this is why we play. Team Spurs T.P, je m\u2019accroche encore \u00e0 Gregg Popovich (don\u2019t leave !). Team chef Curry, je souhaite qu\u2019il finisse aux Warriors (staaaay !). Non, il n\u2019y a pas qu\u2019eux, des petits nouveaux -et des petites nouvelles \u00e9videmment- arrivent chaque jour dans toutes les disciplines et cr\u00e9ent de nouveaux exploits. Alors pour les grands \u00e9v\u00e9nements et comp\u00e9titions internationales, vive les pulsations 240\/minutes et le d\u00e9fibrillateur pas loin, et allez les Bleu(e)s ! C\u2019est s\u00fbr, j\u2019aurai plus vu ma vie sur un terrain de sport, mais \u00e0 d\u00e9faut d\u2019en faire en haut niveau, je le partage avec vous.\",\"sameAs\":[\"https:\/\/www.facebook.com\/soocube\",\"https:\/\/x.com\/https:\/\/twitter.com\/soocube\",\"admin\"],\"url\":\"https:\/\/dicodusport.fr\/blog\/author\/sophie\/\"}]}<\/script>\n<!-- \/ Yoast SEO Premium plugin. -->","yoast_head_json":{"title":"Martin Fourcade Nordic Festival : \u00c9milien Jacquelin deuxi\u00e8me derri\u00e8re un Christiansen en d\u00e9monstration","description":"Vetle Christiansen n'a fait qu'une bouch\u00e9e de ses concurrents sur la mass start du Martin Nordic Festival. Jacquelin termine 2\u00e8me.","robots":{"index":"index","follow":"follow","max-snippet":"max-snippet:-1","max-image-preview":"max-image-preview:large","max-video-preview":"max-video-preview:-1"},"canonical":"https:\/\/dicodusport.fr\/blog\/martin-fourcade-nordic-festival-jacquelin-seoncd-derriere-un-christiansen-en-demonstration\/","og_locale":"fr_FR","og_type":"article","og_title":"Martin Fourcade Nordic Festival : \u00c9milien Jacquelin deuxi\u00e8me derri\u00e8re un Christiansen en d\u00e9monstration","og_description":"Vetle Christiansen n'a fait qu'une bouch\u00e9e de ses concurrents sur la mass start du Martin Nordic Festival. Jacquelin termine 2\u00e8me.","og_url":"https:\/\/dicodusport.fr\/blog\/martin-fourcade-nordic-festival-jacquelin-seoncd-derriere-un-christiansen-en-demonstration\/","og_site_name":"Dicodusport","article_publisher":"https:\/\/www.facebook.com\/dicodusport","article_author":"https:\/\/www.facebook.com\/soocube","article_published_time":"2023-09-02T16:04:27+00:00","article_modified_time":"2023-09-02T18:13:57+00:00","og_image":[{"width":800,"height":445,"url":"https:\/\/dicodusport.fr\/blog\/wp-content\/uploads\/2023\/09\/Martin-Fourcade-Nordic-Festival-Emilien-Jacquelin-deuxieme-derriere-un-Christiansen-en-demonstration.png","type":"image\/png"}],"author":"Sophie Clapier","twitter_card":"summary_large_image","twitter_title":"Martin Fourcade Nordic Festival : \u00c9milien Jacquelin deuxi\u00e8me derri\u00e8re un Christiansen en d\u00e9monstration","twitter_creator":"@https:\/\/twitter.com\/soocube","twitter_site":"@dicodusport","schema":{"@context":"https:\/\/schema.org","@graph":[{"@type":"NewsArticle","@id":"https:\/\/dicodusport.fr\/blog\/martin-fourcade-nordic-festival-jacquelin-seoncd-derriere-un-christiansen-en-demonstration\/#article","isPartOf":{"@id":"https:\/\/dicodusport.fr\/blog\/martin-fourcade-nordic-festival-jacquelin-seoncd-derriere-un-christiansen-en-demonstration\/"},"author":{"name":"Sophie Clapier","@id":"https:\/\/dicodusport.fr\/blog\/#\/schema\/person\/416c975648aca9da8839bdfe333a21c9"},"headline":"Martin Fourcade Nordic Festival : \u00c9milien Jacquelin deuxi\u00e8me derri\u00e8re un Christiansen en d\u00e9monstration","datePublished":"2023-09-02T16:04:27+00:00","dateModified":"2023-09-02T18:13:57+00:00","mainEntityOfPage":{"@id":"https:\/\/dicodusport.fr\/blog\/martin-fourcade-nordic-festival-jacquelin-seoncd-derriere-un-christiansen-en-demonstration\/"},"wordCount":378,"commentCount":0,"publisher":{"@id":"https:\/\/dicodusport.fr\/blog\/#organization"},"image":{"@id":"https:\/\/dicodusport.fr\/blog\/martin-fourcade-nordic-festival-jacquelin-seoncd-derriere-un-christiansen-en-demonstration\/#primaryimage"},"thumbnailUrl":"https:\/\/dicodusport.fr\/blog\/wp-content\/uploads\/2023\/09\/Martin-Fourcade-Nordic-Festival-Emilien-Jacquelin-deuxieme-derriere-un-Christiansen-en-demonstration.png","keywords":["Biathlon","br\u00e8ve","Martin Fourcade Nordic Festival","Mass start hommes"],"articleSection":["Biathlon"],"inLanguage":"fr-FR","potentialAction":[{"@type":"CommentAction","name":"Comment","target":["https:\/\/dicodusport.fr\/blog\/martin-fourcade-nordic-festival-jacquelin-seoncd-derriere-un-christiansen-en-demonstration\/#respond"]}],"copyrightYear":"2023","copyrightHolder":{"@id":"https:\/\/dicodusport.fr\/blog\/#organization"}},{"@type":"WebPage","@id":"https:\/\/dicodusport.fr\/blog\/martin-fourcade-nordic-festival-jacquelin-seoncd-derriere-un-christiansen-en-demonstration\/","url":"https:\/\/dicodusport.fr\/blog\/martin-fourcade-nordic-festival-jacquelin-seoncd-derriere-un-christiansen-en-demonstration\/","name":"Martin Fourcade Nordic Festival : \u00c9milien Jacquelin deuxi\u00e8me derri\u00e8re un Christiansen en d\u00e9monstration","isPartOf":{"@id":"https:\/\/dicodusport.fr\/blog\/#website"},"primaryImageOfPage":{"@id":"https:\/\/dicodusport.fr\/blog\/martin-fourcade-nordic-festival-jacquelin-seoncd-derriere-un-christiansen-en-demonstration\/#primaryimage"},"image":{"@id":"https:\/\/dicodusport.fr\/blog\/martin-fourcade-nordic-festival-jacquelin-seoncd-derriere-un-christiansen-en-demonstration\/#primaryimage"},"thumbnailUrl":"https:\/\/dicodusport.fr\/blog\/wp-content\/uploads\/2023\/09\/Martin-Fourcade-Nordic-Festival-Emilien-Jacquelin-deuxieme-derriere-un-Christiansen-en-demonstration.png","datePublished":"2023-09-02T16:04:27+00:00","dateModified":"2023-09-02T18:13:57+00:00","description":"Vetle Christiansen n'a fait qu'une bouch\u00e9e de ses concurrents sur la mass start du Martin Nordic Festival. Jacquelin termine 2\u00e8me.","breadcrumb":{"@id":"https:\/\/dicodusport.fr\/blog\/martin-fourcade-nordic-festival-jacquelin-seoncd-derriere-un-christiansen-en-demonstration\/#breadcrumb"},"inLanguage":"fr-FR","potentialAction":[{"@type":"ReadAction","target":["https:\/\/dicodusport.fr\/blog\/martin-fourcade-nordic-festival-jacquelin-seoncd-derriere-un-christiansen-en-demonstration\/"]}]},{"@type":"ImageObject","inLanguage":"fr-FR","@id":"https:\/\/dicodusport.fr\/blog\/martin-fourcade-nordic-festival-jacquelin-seoncd-derriere-un-christiansen-en-demonstration\/#primaryimage","url":"https:\/\/dicodusport.fr\/blog\/wp-content\/uploads\/2023\/09\/Martin-Fourcade-Nordic-Festival-Emilien-Jacquelin-deuxieme-derriere-un-Christiansen-en-demonstration.png","contentUrl":"https:\/\/dicodusport.fr\/blog\/wp-content\/uploads\/2023\/09\/Martin-Fourcade-Nordic-Festival-Emilien-Jacquelin-deuxieme-derriere-un-Christiansen-en-demonstration.png","width":800,"height":445,"caption":"Martin Fourcade Nordic Festival \u00c9milien Jacquelin deuxi\u00e8me derri\u00e8re un Christiansen en d\u00e9monstration"},{"@type":"BreadcrumbList","@id":"https:\/\/dicodusport.fr\/blog\/martin-fourcade-nordic-festival-jacquelin-seoncd-derriere-un-christiansen-en-demonstration\/#breadcrumb","itemListElement":[{"@type":"ListItem","position":1,"name":"Accueil","item":"https:\/\/dicodusport.fr\/blog\/"},{"@type":"ListItem","position":2,"name":"Martin Fourcade Nordic Festival : \u00c9milien Jacquelin deuxi\u00e8me derri\u00e8re un Christiansen en d\u00e9monstration"}]},{"@type":"WebSite","@id":"https:\/\/dicodusport.fr\/blog\/#website","url":"https:\/\/dicodusport.fr\/blog\/","name":"Dicodusport","description":"L&#039;encyclop\u00e9die de l&#039;actualit\u00e9 sportive","publisher":{"@id":"https:\/\/dicodusport.fr\/blog\/#organization"},"potentialAction":[{"@type":"SearchAction","target":{"@type":"EntryPoint","urlTemplate":"https:\/\/dicodusport.fr\/blog\/?s={search_term_string}"},"query-input":{"@type":"PropertyValueSpecification","valueRequired":true,"valueName":"search_term_string"}}],"inLanguage":"fr-FR"},{"@type":"NewsMediaOrganization","@id":"https:\/\/dicodusport.fr\/blog\/#organization","name":"Dicodusport","url":"https:\/\/dicodusport.fr\/blog\/","logo":{"@type":"ImageObject","inLanguage":"fr-FR","@id":"https:\/\/dicodusport.fr\/blog\/#\/schema\/logo\/image\/","url":"https:\/\/dicodusport.fr\/blog\/wp-content\/uploads\/2020\/06\/cropped-LOGO-DICODUSPORT-2020-SANS-FOND-SANS-TEXTE.png","contentUrl":"https:\/\/dicodusport.fr\/blog\/wp-content\/uploads\/2020\/06\/cropped-LOGO-DICODUSPORT-2020-SANS-FOND-SANS-TEXTE.png","width":512,"height":512,"caption":"Dicodusport"},"image":{"@id":"https:\/\/dicodusport.fr\/blog\/#\/schema\/logo\/image\/"},"sameAs":["https:\/\/www.facebook.com\/dicodusport","https:\/\/x.com\/dicodusport","https:\/\/www.instagram.com\/dicodusport\/","https:\/\/www.youtube.com\/channel\/UC7V2KZ5sd3htJivAbA4ZG3w"],"description":"Dicodusport est l'encyclop\u00e9die de l'actualit\u00e9 sportive.","email":"bonjour@dicodusport.fr","legalName":"DICODUSPORT","foundingDate":"2018-01-14","vatID":"FR71834470973","taxID":"83447097300043","numberOfEmployees":{"@type":"QuantitativeValue","minValue":"1","maxValue":"10"}},{"@type":"Person","@id":"https:\/\/dicodusport.fr\/blog\/#\/schema\/person\/416c975648aca9da8839bdfe333a21c9","name":"Sophie Clapier","image":{"@type":"ImageObject","inLanguage":"fr-FR","@id":"https:\/\/dicodusport.fr\/blog\/#\/schema\/person\/image\/","url":"https:\/\/dicodusport.fr\/blog\/wp-content\/uploads\/2021\/05\/Sophie-Clapier-150x150.jpg","contentUrl":"https:\/\/dicodusport.fr\/blog\/wp-content\/uploads\/2021\/05\/Sophie-Clapier-150x150.jpg","caption":"Sophie Clapier"},"description":"Journaliste\/r\u00e9dactrice depuis janvier 2016 - Passionn\u00e9e de sport depuis toujours, j\u2019en ai pratiqu\u00e9 quelques-uns. Judo, football, handball ou encore tennis, je n\u2019ai jamais pu me mettre d\u2019accord sur un en particulier. Mais \u00e7a, c\u2019\u00e9tait avant de d\u00e9couvrir le basket, devenu mon sport de pr\u00e9dilection. Les actions NBA, le All-Star Week-end, la fureur des Game 7 pendant les playoffs ou mieux, lors des Finals, this is why we play. Team Spurs T.P, je m\u2019accroche encore \u00e0 Gregg Popovich (don\u2019t leave !). Team chef Curry, je souhaite qu\u2019il finisse aux Warriors (staaaay !). Non, il n\u2019y a pas qu\u2019eux, des petits nouveaux -et des petites nouvelles \u00e9videmment- arrivent chaque jour dans toutes les disciplines et cr\u00e9ent de nouveaux exploits. Alors pour les grands \u00e9v\u00e9nements et comp\u00e9titions internationales, vive les pulsations 240\/minutes et le d\u00e9fibrillateur pas loin, et allez les Bleu(e)s ! C\u2019est s\u00fbr, j\u2019aurai plus vu ma vie sur un terrain de sport, mais \u00e0 d\u00e9faut d\u2019en faire en haut niveau, je le partage avec vous.","sameAs":["https:\/\/www.facebook.com\/soocube","https:\/\/x.com\/https:\/\/twitter.com\/soocube","admin"],"url":"https:\/\/dicodusport.fr\/blog\/author\/sophie\/"}]}},"_links":{"self":[{"href":"https:\/\/dicodusport.fr\/blog\/wp-json\/wp\/v2\/posts\/414850","targetHints":{"allow":["GET"]}}],"collection":[{"href":"https:\/\/dicodusport.fr\/blog\/wp-json\/wp\/v2\/posts"}],"about":[{"href":"https:\/\/dicodusport.fr\/blog\/wp-json\/wp\/v2\/types\/post"}],"author":[{"embeddable":true,"href":"https:\/\/dicodusport.fr\/blog\/wp-json\/wp\/v2\/users\/18"}],"replies":[{"embeddable":true,"href":"https:\/\/dicodusport.fr\/blog\/wp-json\/wp\/v2\/comments?post=414850"}],"version-history":[{"count":0,"href":"https:\/\/dicodusport.fr\/blog\/wp-json\/wp\/v2\/posts\/414850\/revisions"}],"wp:featuredmedia":[{"embeddable":true,"href":"https:\/\/dicodusport.fr\/blog\/wp-json\/wp\/v2\/media\/414900"}],"wp:attachment":[{"href":"https:\/\/dicodusport.fr\/blog\/wp-json\/wp\/v2\/media?parent=414850"}],"wp:term":[{"taxonomy":"category","embeddable":true,"href":"https:\/\/dicodusport.fr\/blog\/wp-json\/wp\/v2\/categories?post=414850"},{"taxonomy":"post_tag","embeddable":true,"href":"https:\/\/dicodusport.fr\/blog\/wp-json\/wp\/v2\/tags?post=414850"}],"curies":[{"name":"wp","href":"https:\/\/api.w.org\/{rel}","templated":true}]}}