{"id":415323,"date":"2023-09-03T20:28:22","date_gmt":"2023-09-03T18:28:22","guid":{"rendered":"https:\/\/dicodusport.fr\/blog\/?p=415323&#038;preview=true&#038;preview_id=415323"},"modified":"2023-09-03T20:54:02","modified_gmt":"2023-09-03T18:54:02","slug":"taekwondo-althea-laurin-remporte-le-grand-prix-de-paris","status":"publish","type":"post","link":"https:\/\/dicodusport.fr\/blog\/taekwondo-althea-laurin-remporte-le-grand-prix-de-paris\/","title":{"rendered":"Taekwondo : Alth\u00e9a Laurin remporte le Grand Prix de Paris"},"content":{"rendered":"<p style=\"text-align: justify;\"><em><strong>WORLD TAEKWONDO PARIS GRAND PRIX 2023 &#8211; Ce dimanche, Alth\u00e9a Laurin est parvenue \u00e0 d\u00e9crocher la m\u00e9daille d&rsquo;or au sein de la cat\u00e9gorie -73 kg lors de la derni\u00e8re journ\u00e9e de comp\u00e9tition.<\/strong><\/em><\/p>\n<p style=\"text-align: justify;\">La saison 2023 d&rsquo;<strong>Alth\u00e9a Laurin<\/strong> continue \u00e0 se d\u00e9rouler sous les meilleurs auspices ! <a href=\"https:\/\/dicodusport.fr\/blog\/mondiaux-de-taekwondo-magda-wiet-henin-et-althea-laurin-championnes-du-monde\/\">Apr\u00e8s avoir obtenu son premier titre de championne du monde fin mai<\/a>, la Tricolore a pass\u00e9 une nouvelle \u00e9tape dans sa carri\u00e8re en raflant <strong>sa premi\u00e8re victoire dans un Grand Prix Mondial<\/strong>. Et le tout \u00e0 <strong>Levallois<\/strong>, devant un public fran\u00e7ais acquis \u00e0 sa cause.<\/p>\n<p style=\"text-align: justify;\">T\u00eate de s\u00e9rie num\u00e9ro une de la comp\u00e9tition, elle a assum\u00e9 avec ma\u00eetrise son statut pour se hisser jusqu&rsquo;en finale. Oppos\u00e9e \u00e0 la Britannique <strong>Rebecca Mc Gowan<\/strong>, elle s&rsquo;est alors faite dominer dans la premi\u00e8re reprise. Mais un ajustement plus tard, la vapeur s&rsquo;est imm\u00e9diatement invers\u00e9e. En toute logique, elle a alors fait preuve de s\u00e9rieux pour aller d\u00e9crocher cette derni\u00e8re victoire, synonyme de m\u00e9daille d&rsquo;or. Apr\u00e8s le bronze d\u00e9croch\u00e9 par <strong>Magda Wiet-H\u00e9nin<\/strong> plus t\u00f4t dans le weekend, l&rsquo;\u00c9quipe de France repart avec deux breloques de son weekend parisien.<\/p>\n<blockquote class=\"twitter-tweet\">\n<p dir=\"ltr\" lang=\"fr\">\ud835\uddea\ud835\uddfc\ud835\uddff\ud835\uddf9\ud835\uddf1 \ud835\udde7\ud835\uddee\ud835\uddf2\ud835\uddf8\ud835\ude04\ud835\uddfc\ud835\uddfb\ud835\uddf1\ud835\uddfc \ud835\uddda\ud835\uddff\ud835\uddee\ud835\uddfb\ud835\uddf1 \ud835\udde3\ud835\uddff\ud835\uddf6\ud835\ude05<\/p>\n<p>\ud835\ude1d\ud835\ude2a\ud835\ude24\ud835\ude35\ud835\ude30\ud835\ude2a\ud835\ude33\ud835\ude26 \ud835\ude25&rsquo;\ud835\ude08\ud835\ude2d\ud835\ude35\ud835\ude29\ud835\ude26\ud835\ude22 \ud835\ude13\ud835\ude22\ud835\ude36\ud835\ude33\ud835\ude2a\ud835\ude2f<br \/>\nApr\u00e8s sa m\u00e9daille d&rsquo;argent en 2022, Alth\u00e9a Laurin s&rsquo;offre l&rsquo;or en battant l&rsquo;Anglaise Mcgowan en finale (2\/1).<\/p>\n<p>Bravo <a href=\"https:\/\/twitter.com\/AltheaLaurin?ref_src=twsrc%5Etfw\">@AltheaLaurin<\/a> !! \ud83d\udc99 <a href=\"https:\/\/t.co\/ITZP1Wy54J\">pic.twitter.com\/ITZP1Wy54J<\/a><\/p>\n<p>\u2014 FFTaekwondo (@FFTDA) <a href=\"https:\/\/twitter.com\/FFTDA\/status\/1698376191869141346?ref_src=twsrc%5Etfw\">September 3, 2023<\/a><\/p><\/blockquote>\n<p><script async src=\"https:\/\/platform.twitter.com\/widgets.js\" charset=\"utf-8\"><\/script><\/p>\n","protected":false},"excerpt":{"rendered":"<p>WORLD TAEKWONDO GRAND PRIX PARIS 2023 &#8211; Alth\u00e9a Laurin a d\u00e9croch\u00e9 la m\u00e9daille d&rsquo;or ce dimanche dans la cat\u00e9gorie -73kg.<\/p>\n","protected":false},"author":55,"featured_media":415322,"comment_status":"open","ping_status":"closed","sticky":false,"template":"","format":"standard","meta":{"_acf_changed":false,"_daextam_enable_autolinks":"","footnotes":""},"categories":[10983],"tags":[12953,16878,926,23979],"class_list":["post-415323","post","type-post","status-publish","format-standard","has-post-thumbnail","hentry","category-taekwondo","tag-althea-laurin","tag-breve","tag-taekwondo","tag-taekwondo-francais"],"acf":[],"yoast_head":"<!-- This site is optimized with the Yoast SEO Premium plugin v26.7 (Yoast SEO v26.7) - https:\/\/yoast.com\/wordpress\/plugins\/seo\/ -->\n<title>Taekwondo : Alth\u00e9a Laurin remporte le Grand Prix de Paris<\/title>\n<meta name=\"description\" content=\"WORLD TAEKWONDO GRAND PRIX PARIS 2023 - Alth\u00e9a Laurin a d\u00e9croch\u00e9 la m\u00e9daille d&#039;or ce dimanche dans la cat\u00e9gorie -73kg.\" \/>\n<meta name=\"robots\" content=\"index, follow, max-snippet:-1, max-image-preview:large, max-video-preview:-1\" \/>\n<link rel=\"canonical\" href=\"https:\/\/dicodusport.fr\/blog\/taekwondo-althea-laurin-remporte-le-grand-prix-de-paris\/\" \/>\n<meta property=\"og:locale\" content=\"fr_FR\" \/>\n<meta property=\"og:type\" content=\"article\" \/>\n<meta property=\"og:title\" content=\"Taekwondo : Alth\u00e9a Laurin remporte le Grand Prix de Paris\" \/>\n<meta property=\"og:description\" content=\"WORLD TAEKWONDO GRAND PRIX PARIS 2023 - Alth\u00e9a Laurin a d\u00e9croch\u00e9 la m\u00e9daille d&#039;or ce dimanche dans la cat\u00e9gorie -73kg.\" \/>\n<meta property=\"og:url\" content=\"https:\/\/dicodusport.fr\/blog\/taekwondo-althea-laurin-remporte-le-grand-prix-de-paris\/\" \/>\n<meta property=\"og:site_name\" content=\"Dicodusport\" \/>\n<meta property=\"article:publisher\" content=\"https:\/\/www.facebook.com\/dicodusport\" \/>\n<meta property=\"article:published_time\" content=\"2023-09-03T18:28:22+00:00\" \/>\n<meta property=\"article:modified_time\" content=\"2023-09-03T18:54:02+00:00\" \/>\n<meta property=\"og:image\" content=\"https:\/\/dicodusport.fr\/blog\/wp-content\/uploads\/2023\/09\/Taekwondo-Althea-Laurin-remporte-le-Grand-Prix-de-Paris.png\" \/>\n\t<meta property=\"og:image:width\" content=\"800\" \/>\n\t<meta property=\"og:image:height\" content=\"445\" \/>\n\t<meta property=\"og:image:type\" content=\"image\/png\" \/>\n<meta name=\"author\" content=\"Maxime Cazenave\" \/>\n<meta name=\"twitter:card\" content=\"summary_large_image\" \/>\n<meta name=\"twitter:title\" content=\"Taekwondo : Alth\u00e9a Laurin remporte le Grand Prix de Paris\" \/>\n<meta name=\"twitter:creator\" content=\"@https:\/\/twitter.com\/Maxime_Caze\" \/>\n<meta name=\"twitter:site\" content=\"@dicodusport\" \/>\n<script type=\"application\/ld+json\" class=\"yoast-schema-graph\">{\"@context\":\"https:\/\/schema.org\",\"@graph\":[{\"@type\":\"NewsArticle\",\"@id\":\"https:\/\/dicodusport.fr\/blog\/taekwondo-althea-laurin-remporte-le-grand-prix-de-paris\/#article\",\"isPartOf\":{\"@id\":\"https:\/\/dicodusport.fr\/blog\/taekwondo-althea-laurin-remporte-le-grand-prix-de-paris\/\"},\"author\":{\"name\":\"Maxime Cazenave\",\"@id\":\"https:\/\/dicodusport.fr\/blog\/#\/schema\/person\/37def232098a7a5cbab3974a3690abb0\"},\"headline\":\"Taekwondo : Alth\u00e9a Laurin remporte le Grand Prix de Paris\",\"datePublished\":\"2023-09-03T18:28:22+00:00\",\"dateModified\":\"2023-09-03T18:54:02+00:00\",\"mainEntityOfPage\":{\"@id\":\"https:\/\/dicodusport.fr\/blog\/taekwondo-althea-laurin-remporte-le-grand-prix-de-paris\/\"},\"wordCount\":252,\"commentCount\":0,\"publisher\":{\"@id\":\"https:\/\/dicodusport.fr\/blog\/#organization\"},\"image\":{\"@id\":\"https:\/\/dicodusport.fr\/blog\/taekwondo-althea-laurin-remporte-le-grand-prix-de-paris\/#primaryimage\"},\"thumbnailUrl\":\"https:\/\/dicodusport.fr\/blog\/wp-content\/uploads\/2023\/09\/Taekwondo-Althea-Laurin-remporte-le-Grand-Prix-de-Paris.png\",\"keywords\":[\"Alth\u00e9a Laurin\",\"br\u00e8ve\",\"taekwondo\",\"Taekwondo fran\u00e7ais\"],\"articleSection\":[\"Taekwondo\"],\"inLanguage\":\"fr-FR\",\"potentialAction\":[{\"@type\":\"CommentAction\",\"name\":\"Comment\",\"target\":[\"https:\/\/dicodusport.fr\/blog\/taekwondo-althea-laurin-remporte-le-grand-prix-de-paris\/#respond\"]}],\"copyrightYear\":\"2023\",\"copyrightHolder\":{\"@id\":\"https:\/\/dicodusport.fr\/blog\/#organization\"}},{\"@type\":\"WebPage\",\"@id\":\"https:\/\/dicodusport.fr\/blog\/taekwondo-althea-laurin-remporte-le-grand-prix-de-paris\/\",\"url\":\"https:\/\/dicodusport.fr\/blog\/taekwondo-althea-laurin-remporte-le-grand-prix-de-paris\/\",\"name\":\"Taekwondo : Alth\u00e9a Laurin remporte le Grand Prix de Paris\",\"isPartOf\":{\"@id\":\"https:\/\/dicodusport.fr\/blog\/#website\"},\"primaryImageOfPage\":{\"@id\":\"https:\/\/dicodusport.fr\/blog\/taekwondo-althea-laurin-remporte-le-grand-prix-de-paris\/#primaryimage\"},\"image\":{\"@id\":\"https:\/\/dicodusport.fr\/blog\/taekwondo-althea-laurin-remporte-le-grand-prix-de-paris\/#primaryimage\"},\"thumbnailUrl\":\"https:\/\/dicodusport.fr\/blog\/wp-content\/uploads\/2023\/09\/Taekwondo-Althea-Laurin-remporte-le-Grand-Prix-de-Paris.png\",\"datePublished\":\"2023-09-03T18:28:22+00:00\",\"dateModified\":\"2023-09-03T18:54:02+00:00\",\"description\":\"WORLD TAEKWONDO GRAND PRIX PARIS 2023 - Alth\u00e9a Laurin a d\u00e9croch\u00e9 la m\u00e9daille d'or ce dimanche dans la cat\u00e9gorie -73kg.\",\"breadcrumb\":{\"@id\":\"https:\/\/dicodusport.fr\/blog\/taekwondo-althea-laurin-remporte-le-grand-prix-de-paris\/#breadcrumb\"},\"inLanguage\":\"fr-FR\",\"potentialAction\":[{\"@type\":\"ReadAction\",\"target\":[\"https:\/\/dicodusport.fr\/blog\/taekwondo-althea-laurin-remporte-le-grand-prix-de-paris\/\"]}]},{\"@type\":\"ImageObject\",\"inLanguage\":\"fr-FR\",\"@id\":\"https:\/\/dicodusport.fr\/blog\/taekwondo-althea-laurin-remporte-le-grand-prix-de-paris\/#primaryimage\",\"url\":\"https:\/\/dicodusport.fr\/blog\/wp-content\/uploads\/2023\/09\/Taekwondo-Althea-Laurin-remporte-le-Grand-Prix-de-Paris.png\",\"contentUrl\":\"https:\/\/dicodusport.fr\/blog\/wp-content\/uploads\/2023\/09\/Taekwondo-Althea-Laurin-remporte-le-Grand-Prix-de-Paris.png\",\"width\":800,\"height\":445,\"caption\":\"Taekwondo : Alth\u00e9a Laurin remporte le Grand Prix de Paris\"},{\"@type\":\"BreadcrumbList\",\"@id\":\"https:\/\/dicodusport.fr\/blog\/taekwondo-althea-laurin-remporte-le-grand-prix-de-paris\/#breadcrumb\",\"itemListElement\":[{\"@type\":\"ListItem\",\"position\":1,\"name\":\"Accueil\",\"item\":\"https:\/\/dicodusport.fr\/blog\/\"},{\"@type\":\"ListItem\",\"position\":2,\"name\":\"Taekwondo : Alth\u00e9a Laurin remporte le Grand Prix de Paris\"}]},{\"@type\":\"WebSite\",\"@id\":\"https:\/\/dicodusport.fr\/blog\/#website\",\"url\":\"https:\/\/dicodusport.fr\/blog\/\",\"name\":\"Dicodusport\",\"description\":\"L&#039;encyclop\u00e9die de l&#039;actualit\u00e9 sportive\",\"publisher\":{\"@id\":\"https:\/\/dicodusport.fr\/blog\/#organization\"},\"potentialAction\":[{\"@type\":\"SearchAction\",\"target\":{\"@type\":\"EntryPoint\",\"urlTemplate\":\"https:\/\/dicodusport.fr\/blog\/?s={search_term_string}\"},\"query-input\":{\"@type\":\"PropertyValueSpecification\",\"valueRequired\":true,\"valueName\":\"search_term_string\"}}],\"inLanguage\":\"fr-FR\"},{\"@type\":\"NewsMediaOrganization\",\"@id\":\"https:\/\/dicodusport.fr\/blog\/#organization\",\"name\":\"Dicodusport\",\"url\":\"https:\/\/dicodusport.fr\/blog\/\",\"logo\":{\"@type\":\"ImageObject\",\"inLanguage\":\"fr-FR\",\"@id\":\"https:\/\/dicodusport.fr\/blog\/#\/schema\/logo\/image\/\",\"url\":\"https:\/\/dicodusport.fr\/blog\/wp-content\/uploads\/2020\/06\/cropped-LOGO-DICODUSPORT-2020-SANS-FOND-SANS-TEXTE.png\",\"contentUrl\":\"https:\/\/dicodusport.fr\/blog\/wp-content\/uploads\/2020\/06\/cropped-LOGO-DICODUSPORT-2020-SANS-FOND-SANS-TEXTE.png\",\"width\":512,\"height\":512,\"caption\":\"Dicodusport\"},\"image\":{\"@id\":\"https:\/\/dicodusport.fr\/blog\/#\/schema\/logo\/image\/\"},\"sameAs\":[\"https:\/\/www.facebook.com\/dicodusport\",\"https:\/\/x.com\/dicodusport\",\"https:\/\/www.instagram.com\/dicodusport\/\",\"https:\/\/www.youtube.com\/channel\/UC7V2KZ5sd3htJivAbA4ZG3w\"],\"description\":\"Dicodusport est l'encyclop\u00e9die de l'actualit\u00e9 sportive.\",\"email\":\"bonjour@dicodusport.fr\",\"legalName\":\"DICODUSPORT\",\"foundingDate\":\"2018-01-14\",\"vatID\":\"FR71834470973\",\"taxID\":\"83447097300043\",\"numberOfEmployees\":{\"@type\":\"QuantitativeValue\",\"minValue\":\"1\",\"maxValue\":\"10\"}},{\"@type\":\"Person\",\"@id\":\"https:\/\/dicodusport.fr\/blog\/#\/schema\/person\/37def232098a7a5cbab3974a3690abb0\",\"name\":\"Maxime Cazenave\",\"image\":{\"@type\":\"ImageObject\",\"inLanguage\":\"fr-FR\",\"@id\":\"https:\/\/dicodusport.fr\/blog\/#\/schema\/person\/image\/\",\"url\":\"https:\/\/dicodusport.fr\/blog\/wp-content\/uploads\/2021\/05\/Maxime-Cazenave-150x150.jpg\",\"contentUrl\":\"https:\/\/dicodusport.fr\/blog\/wp-content\/uploads\/2021\/05\/Maxime-Cazenave-150x150.jpg\",\"caption\":\"Maxime Cazenave\"},\"description\":\"Journaliste\/R\u00e9dacteur depuis 2012 - Berc\u00e9 par l\u2019amour des Girondins de Bordeaux, les \u00e9checs de Christophe Moreau sur le Tour de France sous l'\u00e8re Lance Armstrong et le fade-away l\u00e9tal de Dirk Nowitzki, ma passion d\u00e9vorante pour le sport a toujours \u00e9t\u00e9 un pan incontournable de ma vie. Transmettre ma passion \u00e0 l\u2019\u00e9crit a \u00e9t\u00e9 une transition naturelle. Suiveur assidu de basket et de hockey sur glace, je garde toujours un peu de place pour suivre le cyclisme, le football et le maximum de performances fran\u00e7aises.\",\"sameAs\":[\"https:\/\/x.com\/https:\/\/twitter.com\/Maxime_Caze\"],\"url\":\"https:\/\/dicodusport.fr\/blog\/author\/maximec\/\"}]}<\/script>\n<!-- \/ Yoast SEO Premium plugin. -->","yoast_head_json":{"title":"Taekwondo : Alth\u00e9a Laurin remporte le Grand Prix de Paris","description":"WORLD TAEKWONDO GRAND PRIX PARIS 2023 - Alth\u00e9a Laurin a d\u00e9croch\u00e9 la m\u00e9daille d'or ce dimanche dans la cat\u00e9gorie -73kg.","robots":{"index":"index","follow":"follow","max-snippet":"max-snippet:-1","max-image-preview":"max-image-preview:large","max-video-preview":"max-video-preview:-1"},"canonical":"https:\/\/dicodusport.fr\/blog\/taekwondo-althea-laurin-remporte-le-grand-prix-de-paris\/","og_locale":"fr_FR","og_type":"article","og_title":"Taekwondo : Alth\u00e9a Laurin remporte le Grand Prix de Paris","og_description":"WORLD TAEKWONDO GRAND PRIX PARIS 2023 - Alth\u00e9a Laurin a d\u00e9croch\u00e9 la m\u00e9daille d'or ce dimanche dans la cat\u00e9gorie -73kg.","og_url":"https:\/\/dicodusport.fr\/blog\/taekwondo-althea-laurin-remporte-le-grand-prix-de-paris\/","og_site_name":"Dicodusport","article_publisher":"https:\/\/www.facebook.com\/dicodusport","article_published_time":"2023-09-03T18:28:22+00:00","article_modified_time":"2023-09-03T18:54:02+00:00","og_image":[{"width":800,"height":445,"url":"https:\/\/dicodusport.fr\/blog\/wp-content\/uploads\/2023\/09\/Taekwondo-Althea-Laurin-remporte-le-Grand-Prix-de-Paris.png","type":"image\/png"}],"author":"Maxime Cazenave","twitter_card":"summary_large_image","twitter_title":"Taekwondo : Alth\u00e9a Laurin remporte le Grand Prix de Paris","twitter_creator":"@https:\/\/twitter.com\/Maxime_Caze","twitter_site":"@dicodusport","schema":{"@context":"https:\/\/schema.org","@graph":[{"@type":"NewsArticle","@id":"https:\/\/dicodusport.fr\/blog\/taekwondo-althea-laurin-remporte-le-grand-prix-de-paris\/#article","isPartOf":{"@id":"https:\/\/dicodusport.fr\/blog\/taekwondo-althea-laurin-remporte-le-grand-prix-de-paris\/"},"author":{"name":"Maxime Cazenave","@id":"https:\/\/dicodusport.fr\/blog\/#\/schema\/person\/37def232098a7a5cbab3974a3690abb0"},"headline":"Taekwondo : Alth\u00e9a Laurin remporte le Grand Prix de Paris","datePublished":"2023-09-03T18:28:22+00:00","dateModified":"2023-09-03T18:54:02+00:00","mainEntityOfPage":{"@id":"https:\/\/dicodusport.fr\/blog\/taekwondo-althea-laurin-remporte-le-grand-prix-de-paris\/"},"wordCount":252,"commentCount":0,"publisher":{"@id":"https:\/\/dicodusport.fr\/blog\/#organization"},"image":{"@id":"https:\/\/dicodusport.fr\/blog\/taekwondo-althea-laurin-remporte-le-grand-prix-de-paris\/#primaryimage"},"thumbnailUrl":"https:\/\/dicodusport.fr\/blog\/wp-content\/uploads\/2023\/09\/Taekwondo-Althea-Laurin-remporte-le-Grand-Prix-de-Paris.png","keywords":["Alth\u00e9a Laurin","br\u00e8ve","taekwondo","Taekwondo fran\u00e7ais"],"articleSection":["Taekwondo"],"inLanguage":"fr-FR","potentialAction":[{"@type":"CommentAction","name":"Comment","target":["https:\/\/dicodusport.fr\/blog\/taekwondo-althea-laurin-remporte-le-grand-prix-de-paris\/#respond"]}],"copyrightYear":"2023","copyrightHolder":{"@id":"https:\/\/dicodusport.fr\/blog\/#organization"}},{"@type":"WebPage","@id":"https:\/\/dicodusport.fr\/blog\/taekwondo-althea-laurin-remporte-le-grand-prix-de-paris\/","url":"https:\/\/dicodusport.fr\/blog\/taekwondo-althea-laurin-remporte-le-grand-prix-de-paris\/","name":"Taekwondo : Alth\u00e9a Laurin remporte le Grand Prix de Paris","isPartOf":{"@id":"https:\/\/dicodusport.fr\/blog\/#website"},"primaryImageOfPage":{"@id":"https:\/\/dicodusport.fr\/blog\/taekwondo-althea-laurin-remporte-le-grand-prix-de-paris\/#primaryimage"},"image":{"@id":"https:\/\/dicodusport.fr\/blog\/taekwondo-althea-laurin-remporte-le-grand-prix-de-paris\/#primaryimage"},"thumbnailUrl":"https:\/\/dicodusport.fr\/blog\/wp-content\/uploads\/2023\/09\/Taekwondo-Althea-Laurin-remporte-le-Grand-Prix-de-Paris.png","datePublished":"2023-09-03T18:28:22+00:00","dateModified":"2023-09-03T18:54:02+00:00","description":"WORLD TAEKWONDO GRAND PRIX PARIS 2023 - Alth\u00e9a Laurin a d\u00e9croch\u00e9 la m\u00e9daille d'or ce dimanche dans la cat\u00e9gorie -73kg.","breadcrumb":{"@id":"https:\/\/dicodusport.fr\/blog\/taekwondo-althea-laurin-remporte-le-grand-prix-de-paris\/#breadcrumb"},"inLanguage":"fr-FR","potentialAction":[{"@type":"ReadAction","target":["https:\/\/dicodusport.fr\/blog\/taekwondo-althea-laurin-remporte-le-grand-prix-de-paris\/"]}]},{"@type":"ImageObject","inLanguage":"fr-FR","@id":"https:\/\/dicodusport.fr\/blog\/taekwondo-althea-laurin-remporte-le-grand-prix-de-paris\/#primaryimage","url":"https:\/\/dicodusport.fr\/blog\/wp-content\/uploads\/2023\/09\/Taekwondo-Althea-Laurin-remporte-le-Grand-Prix-de-Paris.png","contentUrl":"https:\/\/dicodusport.fr\/blog\/wp-content\/uploads\/2023\/09\/Taekwondo-Althea-Laurin-remporte-le-Grand-Prix-de-Paris.png","width":800,"height":445,"caption":"Taekwondo : Alth\u00e9a Laurin remporte le Grand Prix de Paris"},{"@type":"BreadcrumbList","@id":"https:\/\/dicodusport.fr\/blog\/taekwondo-althea-laurin-remporte-le-grand-prix-de-paris\/#breadcrumb","itemListElement":[{"@type":"ListItem","position":1,"name":"Accueil","item":"https:\/\/dicodusport.fr\/blog\/"},{"@type":"ListItem","position":2,"name":"Taekwondo : Alth\u00e9a Laurin remporte le Grand Prix de Paris"}]},{"@type":"WebSite","@id":"https:\/\/dicodusport.fr\/blog\/#website","url":"https:\/\/dicodusport.fr\/blog\/","name":"Dicodusport","description":"L&#039;encyclop\u00e9die de l&#039;actualit\u00e9 sportive","publisher":{"@id":"https:\/\/dicodusport.fr\/blog\/#organization"},"potentialAction":[{"@type":"SearchAction","target":{"@type":"EntryPoint","urlTemplate":"https:\/\/dicodusport.fr\/blog\/?s={search_term_string}"},"query-input":{"@type":"PropertyValueSpecification","valueRequired":true,"valueName":"search_term_string"}}],"inLanguage":"fr-FR"},{"@type":"NewsMediaOrganization","@id":"https:\/\/dicodusport.fr\/blog\/#organization","name":"Dicodusport","url":"https:\/\/dicodusport.fr\/blog\/","logo":{"@type":"ImageObject","inLanguage":"fr-FR","@id":"https:\/\/dicodusport.fr\/blog\/#\/schema\/logo\/image\/","url":"https:\/\/dicodusport.fr\/blog\/wp-content\/uploads\/2020\/06\/cropped-LOGO-DICODUSPORT-2020-SANS-FOND-SANS-TEXTE.png","contentUrl":"https:\/\/dicodusport.fr\/blog\/wp-content\/uploads\/2020\/06\/cropped-LOGO-DICODUSPORT-2020-SANS-FOND-SANS-TEXTE.png","width":512,"height":512,"caption":"Dicodusport"},"image":{"@id":"https:\/\/dicodusport.fr\/blog\/#\/schema\/logo\/image\/"},"sameAs":["https:\/\/www.facebook.com\/dicodusport","https:\/\/x.com\/dicodusport","https:\/\/www.instagram.com\/dicodusport\/","https:\/\/www.youtube.com\/channel\/UC7V2KZ5sd3htJivAbA4ZG3w"],"description":"Dicodusport est l'encyclop\u00e9die de l'actualit\u00e9 sportive.","email":"bonjour@dicodusport.fr","legalName":"DICODUSPORT","foundingDate":"2018-01-14","vatID":"FR71834470973","taxID":"83447097300043","numberOfEmployees":{"@type":"QuantitativeValue","minValue":"1","maxValue":"10"}},{"@type":"Person","@id":"https:\/\/dicodusport.fr\/blog\/#\/schema\/person\/37def232098a7a5cbab3974a3690abb0","name":"Maxime Cazenave","image":{"@type":"ImageObject","inLanguage":"fr-FR","@id":"https:\/\/dicodusport.fr\/blog\/#\/schema\/person\/image\/","url":"https:\/\/dicodusport.fr\/blog\/wp-content\/uploads\/2021\/05\/Maxime-Cazenave-150x150.jpg","contentUrl":"https:\/\/dicodusport.fr\/blog\/wp-content\/uploads\/2021\/05\/Maxime-Cazenave-150x150.jpg","caption":"Maxime Cazenave"},"description":"Journaliste\/R\u00e9dacteur depuis 2012 - Berc\u00e9 par l\u2019amour des Girondins de Bordeaux, les \u00e9checs de Christophe Moreau sur le Tour de France sous l'\u00e8re Lance Armstrong et le fade-away l\u00e9tal de Dirk Nowitzki, ma passion d\u00e9vorante pour le sport a toujours \u00e9t\u00e9 un pan incontournable de ma vie. Transmettre ma passion \u00e0 l\u2019\u00e9crit a \u00e9t\u00e9 une transition naturelle. Suiveur assidu de basket et de hockey sur glace, je garde toujours un peu de place pour suivre le cyclisme, le football et le maximum de performances fran\u00e7aises.","sameAs":["https:\/\/x.com\/https:\/\/twitter.com\/Maxime_Caze"],"url":"https:\/\/dicodusport.fr\/blog\/author\/maximec\/"}]}},"_links":{"self":[{"href":"https:\/\/dicodusport.fr\/blog\/wp-json\/wp\/v2\/posts\/415323","targetHints":{"allow":["GET"]}}],"collection":[{"href":"https:\/\/dicodusport.fr\/blog\/wp-json\/wp\/v2\/posts"}],"about":[{"href":"https:\/\/dicodusport.fr\/blog\/wp-json\/wp\/v2\/types\/post"}],"author":[{"embeddable":true,"href":"https:\/\/dicodusport.fr\/blog\/wp-json\/wp\/v2\/users\/55"}],"replies":[{"embeddable":true,"href":"https:\/\/dicodusport.fr\/blog\/wp-json\/wp\/v2\/comments?post=415323"}],"version-history":[{"count":0,"href":"https:\/\/dicodusport.fr\/blog\/wp-json\/wp\/v2\/posts\/415323\/revisions"}],"wp:featuredmedia":[{"embeddable":true,"href":"https:\/\/dicodusport.fr\/blog\/wp-json\/wp\/v2\/media\/415322"}],"wp:attachment":[{"href":"https:\/\/dicodusport.fr\/blog\/wp-json\/wp\/v2\/media?parent=415323"}],"wp:term":[{"taxonomy":"category","embeddable":true,"href":"https:\/\/dicodusport.fr\/blog\/wp-json\/wp\/v2\/categories?post=415323"},{"taxonomy":"post_tag","embeddable":true,"href":"https:\/\/dicodusport.fr\/blog\/wp-json\/wp\/v2\/tags?post=415323"}],"curies":[{"name":"wp","href":"https:\/\/api.w.org\/{rel}","templated":true}]}}