{"id":415344,"date":"2023-09-04T10:52:19","date_gmt":"2023-09-04T08:52:19","guid":{"rendered":"https:\/\/dicodusport.fr\/blog\/?p=415344&#038;preview=true&#038;preview_id=415344"},"modified":"2023-09-04T11:18:52","modified_gmt":"2023-09-04T09:18:52","slug":"aviron-de-mer-bleus-raflent-12-medailles-championnats-europe-aviron-de-mer","status":"publish","type":"post","link":"https:\/\/dicodusport.fr\/blog\/aviron-de-mer-bleus-raflent-12-medailles-championnats-europe-aviron-de-mer\/","title":{"rendered":"Aviron de mer : Les Bleus raflent 12 m\u00e9dailles aux Championnats d&rsquo;Europe"},"content":{"rendered":"<p style=\"text-align: justify;\" align=\"justify\"><em><strong>CHAMPIONNATS D&rsquo;EUROPE d&rsquo;AVIRON DE MER 2023 &#8211; \u00c0 La-Seyne-sur-Mer, la France a empil\u00e9 les podiums pour terminer la comp\u00e9tition avec un joli total de douze m\u00e9dailles, dont trois en or !\u00a0<\/strong><\/em><\/p>\n<p align=\"justify\">L&rsquo;<strong>aviron de mer<\/strong> \u00e9tait mis \u00e0 l&rsquo;honneur ce weekend du c\u00f4t\u00e9 de <strong>La-Seyne-sur-Mer<\/strong>. Apr\u00e8s avoir accueilli les Championnats de France 2022, la ville varoise avait le privil\u00e8ge d&rsquo;organiser les deuxi\u00e8mes <strong>Championnats d&rsquo;Europe<\/strong> de la discipline. Les premiers s&rsquo;\u00e9taient eux d\u00e9roul\u00e9s l&rsquo;\u00e9t\u00e9 dernier en Espagne.<\/p>\n<p align=\"justify\">\u00c0 domicile, les diff\u00e9rents repr\u00e9sentants du clan tricolore ont brill\u00e9 de mille feux pour permettre \u00e0 l&rsquo;\u00c9quipe de France de disposer d&rsquo;un bilan r\u00e9jouissant de <strong>12 m\u00e9dailles<\/strong>. Sur les trois jours de finale, ce sont quatre m\u00e9dailles qui ont \u00e9t\u00e9 r\u00e9colt\u00e9es quotidiennement. La moisson avait d\u00e9but\u00e9 vendredi avec trois m\u00e9dailles de bronze et surtout un titre europ\u00e9en glan\u00e9 par l&rsquo;\u00e9quipage <strong>Pierrick Ledard<\/strong> &#8211; <strong>Marine Delano\u00eb<\/strong>. Samedi, pas de titre \u00e0 l&rsquo;horizon, mais quatre m\u00e9dailles suppl\u00e9mentaires, dont une en argent. Enfin, ce dimanche a \u00e9t\u00e9 synonyme d&rsquo;apoth\u00e9ose pour l&rsquo;aviron de mer fran\u00e7ais.<\/p>\n<p align=\"justify\">Vice-champions du monde en 2022, <strong>Edwige Alfred<\/strong> et <strong>Ludovic Dubuis<\/strong> ont honor\u00e9 leur statut de favoris en Sprint en d\u00e9crochant la m\u00e9daille d&rsquo;or europ\u00e9enne. Puis, <strong>\u00c9lodie Ravera-Scaramozzino<\/strong> en a fait de m\u00eame en cr\u00e9ant la sensation. Au coude \u00e0 coude avec la championne du monde <strong>Janneke Van der Meulen<\/strong> tout au long de la course, elle a fini par virer en t\u00eate pour seulement 18 centi\u00e8mes ! Afin de compl\u00e9ter ce joli tableau, les juniors se sont signal\u00e9s par l&rsquo;argent d&rsquo;<strong>Aur\u00e9lien Martin<\/strong> et <strong>Aurore Combes<\/strong> en double mixte, ainsi que le bronze de <strong>Geoffrey Guillon<\/strong> en solo.<\/p>\n<blockquote class=\"twitter-tweet\">\n<p dir=\"ltr\" lang=\"fr\">\ud83d\udea3\ud83c\udffc\u200d\u2640\ufe0f\ud83d\udccd\ud83c\uddeb\ud83c\uddf7Les bleus concluent en beaut\u00e9 cette derni\u00e8re journ\u00e9e des championnats d&rsquo;Europe de beach rowing \ud83d\udd25<br \/>\n4 m\u00e9dailles pour les fran\u00e7ais dont 2 m\u00e9dailles d&rsquo;or<br \/>\nRetour sur cette derni\u00e8re journ\u00e9e \u27a1\ufe0f <a href=\"https:\/\/t.co\/2OcsYTtMRz\">https:\/\/t.co\/2OcsYTtMRz<\/a><br \/>\n&#8212;-<a href=\"https:\/\/twitter.com\/hashtag\/ercbsc?src=hash&amp;ref_src=twsrc%5Etfw\">#ercbsc<\/a> <a href=\"https:\/\/twitter.com\/hashtag\/ercbsc2023?src=hash&amp;ref_src=twsrc%5Etfw\">#ercbsc2023<\/a><a href=\"https:\/\/twitter.com\/CNR_Officiel?ref_src=twsrc%5Etfw\">@CNR_Officiel<\/a> <a href=\"https:\/\/twitter.com\/MAIF?ref_src=twsrc%5Etfw\">@MAIF<\/a> <a href=\"https:\/\/twitter.com\/MizunoFrance?ref_src=twsrc%5Etfw\">@MizunoFrance<\/a> <a href=\"https:\/\/t.co\/5KRPevs5AH\">pic.twitter.com\/5KRPevs5AH<\/a><\/p>\n<p>\u2014 F\u00e9d\u00e9ration Fran\u00e7aise d&rsquo;Aviron (@FFAviron) <a href=\"https:\/\/twitter.com\/FFAviron\/status\/1698394421547377080?ref_src=twsrc%5Etfw\">September 3, 2023<\/a><\/p><\/blockquote>\n<p><script async src=\"https:\/\/platform.twitter.com\/widgets.js\" charset=\"utf-8\"><\/script><\/p>\n","protected":false},"excerpt":{"rendered":"<p>CHAMPIONNATS D&rsquo;EUROPE d&rsquo;AVIRON DE MER 2023 &#8211; \u00c0 La-Seyne-sur-Mer, la France a empil\u00e9 les podiums pour terminer la comp\u00e9tition avec un joli total de douze m\u00e9dailles, dont trois en or !\u00a0<\/p>\n","protected":false},"author":55,"featured_media":415475,"comment_status":"open","ping_status":"closed","sticky":false,"template":"","format":"standard","meta":{"_acf_changed":false,"_daextam_enable_autolinks":"","footnotes":""},"categories":[2309],"tags":[25375,16878],"class_list":["post-415344","post","type-post","status-publish","format-standard","has-post-thumbnail","hentry","category-aviron","tag-aviron-francais","tag-breve"],"acf":[],"yoast_head":"<!-- This site is optimized with the Yoast SEO Premium plugin v26.7 (Yoast SEO v26.7) - https:\/\/yoast.com\/wordpress\/plugins\/seo\/ -->\n<title>Aviron de mer : Les Bleus raflent 12 m\u00e9dailles aux Championnats d&#039;Europe<\/title>\n<meta name=\"description\" content=\"CHAMPIONNATS D&#039;EUROPE D&#039;AVIRON DE MER 2023 - La France quitte La-Seyne-sur-Mer avec un excellent bilan de douze m\u00e9dailles, dont trois en or.\" \/>\n<meta name=\"robots\" content=\"index, follow, max-snippet:-1, max-image-preview:large, max-video-preview:-1\" \/>\n<link rel=\"canonical\" href=\"https:\/\/dicodusport.fr\/blog\/aviron-de-mer-bleus-raflent-12-medailles-championnats-europe-aviron-de-mer\/\" \/>\n<meta property=\"og:locale\" content=\"fr_FR\" \/>\n<meta property=\"og:type\" content=\"article\" \/>\n<meta property=\"og:title\" content=\"Aviron de mer : Les Bleus raflent 12 m\u00e9dailles aux Championnats d&#039;Europe\" \/>\n<meta property=\"og:description\" content=\"CHAMPIONNATS D&#039;EUROPE D&#039;AVIRON DE MER 2023 - La France quitte La-Seyne-sur-Mer avec un excellent bilan de douze m\u00e9dailles, dont trois en or.\" \/>\n<meta property=\"og:url\" content=\"https:\/\/dicodusport.fr\/blog\/aviron-de-mer-bleus-raflent-12-medailles-championnats-europe-aviron-de-mer\/\" \/>\n<meta property=\"og:site_name\" content=\"Dicodusport\" \/>\n<meta property=\"article:publisher\" content=\"https:\/\/www.facebook.com\/dicodusport\" \/>\n<meta property=\"article:published_time\" content=\"2023-09-04T08:52:19+00:00\" \/>\n<meta property=\"article:modified_time\" content=\"2023-09-04T09:18:52+00:00\" \/>\n<meta property=\"og:image\" content=\"https:\/\/dicodusport.fr\/blog\/wp-content\/uploads\/2023\/09\/Aviron-de-mer-Les-Bleus-raflent-12-medailles-aux-Championnats-dEurope.png\" \/>\n\t<meta property=\"og:image:width\" content=\"800\" \/>\n\t<meta property=\"og:image:height\" content=\"445\" \/>\n\t<meta property=\"og:image:type\" content=\"image\/png\" \/>\n<meta name=\"author\" content=\"Maxime Cazenave\" \/>\n<meta name=\"twitter:card\" content=\"summary_large_image\" \/>\n<meta name=\"twitter:title\" content=\"Aviron de mer : Les Bleus raflent 12 m\u00e9dailles aux Championnats d&#039;Europe\" \/>\n<meta name=\"twitter:creator\" content=\"@https:\/\/twitter.com\/Maxime_Caze\" \/>\n<meta name=\"twitter:site\" content=\"@dicodusport\" \/>\n<script type=\"application\/ld+json\" class=\"yoast-schema-graph\">{\"@context\":\"https:\/\/schema.org\",\"@graph\":[{\"@type\":\"NewsArticle\",\"@id\":\"https:\/\/dicodusport.fr\/blog\/aviron-de-mer-bleus-raflent-12-medailles-championnats-europe-aviron-de-mer\/#article\",\"isPartOf\":{\"@id\":\"https:\/\/dicodusport.fr\/blog\/aviron-de-mer-bleus-raflent-12-medailles-championnats-europe-aviron-de-mer\/\"},\"author\":{\"name\":\"Maxime Cazenave\",\"@id\":\"https:\/\/dicodusport.fr\/blog\/#\/schema\/person\/37def232098a7a5cbab3974a3690abb0\"},\"headline\":\"Aviron de mer : Les Bleus raflent 12 m\u00e9dailles aux Championnats d&rsquo;Europe\",\"datePublished\":\"2023-09-04T08:52:19+00:00\",\"dateModified\":\"2023-09-04T09:18:52+00:00\",\"mainEntityOfPage\":{\"@id\":\"https:\/\/dicodusport.fr\/blog\/aviron-de-mer-bleus-raflent-12-medailles-championnats-europe-aviron-de-mer\/\"},\"wordCount\":371,\"commentCount\":0,\"publisher\":{\"@id\":\"https:\/\/dicodusport.fr\/blog\/#organization\"},\"image\":{\"@id\":\"https:\/\/dicodusport.fr\/blog\/aviron-de-mer-bleus-raflent-12-medailles-championnats-europe-aviron-de-mer\/#primaryimage\"},\"thumbnailUrl\":\"https:\/\/dicodusport.fr\/blog\/wp-content\/uploads\/2023\/09\/Aviron-de-mer-Les-Bleus-raflent-12-medailles-aux-Championnats-dEurope.png\",\"keywords\":[\"aviron fran\u00e7ais\",\"br\u00e8ve\"],\"articleSection\":[\"Aviron\"],\"inLanguage\":\"fr-FR\",\"potentialAction\":[{\"@type\":\"CommentAction\",\"name\":\"Comment\",\"target\":[\"https:\/\/dicodusport.fr\/blog\/aviron-de-mer-bleus-raflent-12-medailles-championnats-europe-aviron-de-mer\/#respond\"]}],\"copyrightYear\":\"2023\",\"copyrightHolder\":{\"@id\":\"https:\/\/dicodusport.fr\/blog\/#organization\"}},{\"@type\":\"WebPage\",\"@id\":\"https:\/\/dicodusport.fr\/blog\/aviron-de-mer-bleus-raflent-12-medailles-championnats-europe-aviron-de-mer\/\",\"url\":\"https:\/\/dicodusport.fr\/blog\/aviron-de-mer-bleus-raflent-12-medailles-championnats-europe-aviron-de-mer\/\",\"name\":\"Aviron de mer : Les Bleus raflent 12 m\u00e9dailles aux Championnats d'Europe\",\"isPartOf\":{\"@id\":\"https:\/\/dicodusport.fr\/blog\/#website\"},\"primaryImageOfPage\":{\"@id\":\"https:\/\/dicodusport.fr\/blog\/aviron-de-mer-bleus-raflent-12-medailles-championnats-europe-aviron-de-mer\/#primaryimage\"},\"image\":{\"@id\":\"https:\/\/dicodusport.fr\/blog\/aviron-de-mer-bleus-raflent-12-medailles-championnats-europe-aviron-de-mer\/#primaryimage\"},\"thumbnailUrl\":\"https:\/\/dicodusport.fr\/blog\/wp-content\/uploads\/2023\/09\/Aviron-de-mer-Les-Bleus-raflent-12-medailles-aux-Championnats-dEurope.png\",\"datePublished\":\"2023-09-04T08:52:19+00:00\",\"dateModified\":\"2023-09-04T09:18:52+00:00\",\"description\":\"CHAMPIONNATS D'EUROPE D'AVIRON DE MER 2023 - La France quitte La-Seyne-sur-Mer avec un excellent bilan de douze m\u00e9dailles, dont trois en or.\",\"breadcrumb\":{\"@id\":\"https:\/\/dicodusport.fr\/blog\/aviron-de-mer-bleus-raflent-12-medailles-championnats-europe-aviron-de-mer\/#breadcrumb\"},\"inLanguage\":\"fr-FR\",\"potentialAction\":[{\"@type\":\"ReadAction\",\"target\":[\"https:\/\/dicodusport.fr\/blog\/aviron-de-mer-bleus-raflent-12-medailles-championnats-europe-aviron-de-mer\/\"]}]},{\"@type\":\"ImageObject\",\"inLanguage\":\"fr-FR\",\"@id\":\"https:\/\/dicodusport.fr\/blog\/aviron-de-mer-bleus-raflent-12-medailles-championnats-europe-aviron-de-mer\/#primaryimage\",\"url\":\"https:\/\/dicodusport.fr\/blog\/wp-content\/uploads\/2023\/09\/Aviron-de-mer-Les-Bleus-raflent-12-medailles-aux-Championnats-dEurope.png\",\"contentUrl\":\"https:\/\/dicodusport.fr\/blog\/wp-content\/uploads\/2023\/09\/Aviron-de-mer-Les-Bleus-raflent-12-medailles-aux-Championnats-dEurope.png\",\"width\":800,\"height\":445,\"caption\":\"Aviron de mer Les Bleus raflent 12 m\u00e9dailles aux Championnats d'Europe\"},{\"@type\":\"BreadcrumbList\",\"@id\":\"https:\/\/dicodusport.fr\/blog\/aviron-de-mer-bleus-raflent-12-medailles-championnats-europe-aviron-de-mer\/#breadcrumb\",\"itemListElement\":[{\"@type\":\"ListItem\",\"position\":1,\"name\":\"Accueil\",\"item\":\"https:\/\/dicodusport.fr\/blog\/\"},{\"@type\":\"ListItem\",\"position\":2,\"name\":\"Aviron de mer : Les Bleus raflent 12 m\u00e9dailles aux Championnats d&rsquo;Europe\"}]},{\"@type\":\"WebSite\",\"@id\":\"https:\/\/dicodusport.fr\/blog\/#website\",\"url\":\"https:\/\/dicodusport.fr\/blog\/\",\"name\":\"Dicodusport\",\"description\":\"L&#039;encyclop\u00e9die de l&#039;actualit\u00e9 sportive\",\"publisher\":{\"@id\":\"https:\/\/dicodusport.fr\/blog\/#organization\"},\"potentialAction\":[{\"@type\":\"SearchAction\",\"target\":{\"@type\":\"EntryPoint\",\"urlTemplate\":\"https:\/\/dicodusport.fr\/blog\/?s={search_term_string}\"},\"query-input\":{\"@type\":\"PropertyValueSpecification\",\"valueRequired\":true,\"valueName\":\"search_term_string\"}}],\"inLanguage\":\"fr-FR\"},{\"@type\":\"NewsMediaOrganization\",\"@id\":\"https:\/\/dicodusport.fr\/blog\/#organization\",\"name\":\"Dicodusport\",\"url\":\"https:\/\/dicodusport.fr\/blog\/\",\"logo\":{\"@type\":\"ImageObject\",\"inLanguage\":\"fr-FR\",\"@id\":\"https:\/\/dicodusport.fr\/blog\/#\/schema\/logo\/image\/\",\"url\":\"https:\/\/dicodusport.fr\/blog\/wp-content\/uploads\/2020\/06\/cropped-LOGO-DICODUSPORT-2020-SANS-FOND-SANS-TEXTE.png\",\"contentUrl\":\"https:\/\/dicodusport.fr\/blog\/wp-content\/uploads\/2020\/06\/cropped-LOGO-DICODUSPORT-2020-SANS-FOND-SANS-TEXTE.png\",\"width\":512,\"height\":512,\"caption\":\"Dicodusport\"},\"image\":{\"@id\":\"https:\/\/dicodusport.fr\/blog\/#\/schema\/logo\/image\/\"},\"sameAs\":[\"https:\/\/www.facebook.com\/dicodusport\",\"https:\/\/x.com\/dicodusport\",\"https:\/\/www.instagram.com\/dicodusport\/\",\"https:\/\/www.youtube.com\/channel\/UC7V2KZ5sd3htJivAbA4ZG3w\"],\"description\":\"Dicodusport est l'encyclop\u00e9die de l'actualit\u00e9 sportive.\",\"email\":\"bonjour@dicodusport.fr\",\"legalName\":\"DICODUSPORT\",\"foundingDate\":\"2018-01-14\",\"vatID\":\"FR71834470973\",\"taxID\":\"83447097300043\",\"numberOfEmployees\":{\"@type\":\"QuantitativeValue\",\"minValue\":\"1\",\"maxValue\":\"10\"}},{\"@type\":\"Person\",\"@id\":\"https:\/\/dicodusport.fr\/blog\/#\/schema\/person\/37def232098a7a5cbab3974a3690abb0\",\"name\":\"Maxime Cazenave\",\"image\":{\"@type\":\"ImageObject\",\"inLanguage\":\"fr-FR\",\"@id\":\"https:\/\/dicodusport.fr\/blog\/#\/schema\/person\/image\/\",\"url\":\"https:\/\/dicodusport.fr\/blog\/wp-content\/uploads\/2021\/05\/Maxime-Cazenave-150x150.jpg\",\"contentUrl\":\"https:\/\/dicodusport.fr\/blog\/wp-content\/uploads\/2021\/05\/Maxime-Cazenave-150x150.jpg\",\"caption\":\"Maxime Cazenave\"},\"description\":\"Journaliste\/R\u00e9dacteur depuis 2012 - Berc\u00e9 par l\u2019amour des Girondins de Bordeaux, les \u00e9checs de Christophe Moreau sur le Tour de France sous l'\u00e8re Lance Armstrong et le fade-away l\u00e9tal de Dirk Nowitzki, ma passion d\u00e9vorante pour le sport a toujours \u00e9t\u00e9 un pan incontournable de ma vie. Transmettre ma passion \u00e0 l\u2019\u00e9crit a \u00e9t\u00e9 une transition naturelle. Suiveur assidu de basket et de hockey sur glace, je garde toujours un peu de place pour suivre le cyclisme, le football et le maximum de performances fran\u00e7aises.\",\"sameAs\":[\"https:\/\/x.com\/https:\/\/twitter.com\/Maxime_Caze\"],\"url\":\"https:\/\/dicodusport.fr\/blog\/author\/maximec\/\"}]}<\/script>\n<!-- \/ Yoast SEO Premium plugin. -->","yoast_head_json":{"title":"Aviron de mer : Les Bleus raflent 12 m\u00e9dailles aux Championnats d'Europe","description":"CHAMPIONNATS D'EUROPE D'AVIRON DE MER 2023 - La France quitte La-Seyne-sur-Mer avec un excellent bilan de douze m\u00e9dailles, dont trois en or.","robots":{"index":"index","follow":"follow","max-snippet":"max-snippet:-1","max-image-preview":"max-image-preview:large","max-video-preview":"max-video-preview:-1"},"canonical":"https:\/\/dicodusport.fr\/blog\/aviron-de-mer-bleus-raflent-12-medailles-championnats-europe-aviron-de-mer\/","og_locale":"fr_FR","og_type":"article","og_title":"Aviron de mer : Les Bleus raflent 12 m\u00e9dailles aux Championnats d'Europe","og_description":"CHAMPIONNATS D'EUROPE D'AVIRON DE MER 2023 - La France quitte La-Seyne-sur-Mer avec un excellent bilan de douze m\u00e9dailles, dont trois en or.","og_url":"https:\/\/dicodusport.fr\/blog\/aviron-de-mer-bleus-raflent-12-medailles-championnats-europe-aviron-de-mer\/","og_site_name":"Dicodusport","article_publisher":"https:\/\/www.facebook.com\/dicodusport","article_published_time":"2023-09-04T08:52:19+00:00","article_modified_time":"2023-09-04T09:18:52+00:00","og_image":[{"width":800,"height":445,"url":"https:\/\/dicodusport.fr\/blog\/wp-content\/uploads\/2023\/09\/Aviron-de-mer-Les-Bleus-raflent-12-medailles-aux-Championnats-dEurope.png","type":"image\/png"}],"author":"Maxime Cazenave","twitter_card":"summary_large_image","twitter_title":"Aviron de mer : Les Bleus raflent 12 m\u00e9dailles aux Championnats d'Europe","twitter_creator":"@https:\/\/twitter.com\/Maxime_Caze","twitter_site":"@dicodusport","schema":{"@context":"https:\/\/schema.org","@graph":[{"@type":"NewsArticle","@id":"https:\/\/dicodusport.fr\/blog\/aviron-de-mer-bleus-raflent-12-medailles-championnats-europe-aviron-de-mer\/#article","isPartOf":{"@id":"https:\/\/dicodusport.fr\/blog\/aviron-de-mer-bleus-raflent-12-medailles-championnats-europe-aviron-de-mer\/"},"author":{"name":"Maxime Cazenave","@id":"https:\/\/dicodusport.fr\/blog\/#\/schema\/person\/37def232098a7a5cbab3974a3690abb0"},"headline":"Aviron de mer : Les Bleus raflent 12 m\u00e9dailles aux Championnats d&rsquo;Europe","datePublished":"2023-09-04T08:52:19+00:00","dateModified":"2023-09-04T09:18:52+00:00","mainEntityOfPage":{"@id":"https:\/\/dicodusport.fr\/blog\/aviron-de-mer-bleus-raflent-12-medailles-championnats-europe-aviron-de-mer\/"},"wordCount":371,"commentCount":0,"publisher":{"@id":"https:\/\/dicodusport.fr\/blog\/#organization"},"image":{"@id":"https:\/\/dicodusport.fr\/blog\/aviron-de-mer-bleus-raflent-12-medailles-championnats-europe-aviron-de-mer\/#primaryimage"},"thumbnailUrl":"https:\/\/dicodusport.fr\/blog\/wp-content\/uploads\/2023\/09\/Aviron-de-mer-Les-Bleus-raflent-12-medailles-aux-Championnats-dEurope.png","keywords":["aviron fran\u00e7ais","br\u00e8ve"],"articleSection":["Aviron"],"inLanguage":"fr-FR","potentialAction":[{"@type":"CommentAction","name":"Comment","target":["https:\/\/dicodusport.fr\/blog\/aviron-de-mer-bleus-raflent-12-medailles-championnats-europe-aviron-de-mer\/#respond"]}],"copyrightYear":"2023","copyrightHolder":{"@id":"https:\/\/dicodusport.fr\/blog\/#organization"}},{"@type":"WebPage","@id":"https:\/\/dicodusport.fr\/blog\/aviron-de-mer-bleus-raflent-12-medailles-championnats-europe-aviron-de-mer\/","url":"https:\/\/dicodusport.fr\/blog\/aviron-de-mer-bleus-raflent-12-medailles-championnats-europe-aviron-de-mer\/","name":"Aviron de mer : Les Bleus raflent 12 m\u00e9dailles aux Championnats d'Europe","isPartOf":{"@id":"https:\/\/dicodusport.fr\/blog\/#website"},"primaryImageOfPage":{"@id":"https:\/\/dicodusport.fr\/blog\/aviron-de-mer-bleus-raflent-12-medailles-championnats-europe-aviron-de-mer\/#primaryimage"},"image":{"@id":"https:\/\/dicodusport.fr\/blog\/aviron-de-mer-bleus-raflent-12-medailles-championnats-europe-aviron-de-mer\/#primaryimage"},"thumbnailUrl":"https:\/\/dicodusport.fr\/blog\/wp-content\/uploads\/2023\/09\/Aviron-de-mer-Les-Bleus-raflent-12-medailles-aux-Championnats-dEurope.png","datePublished":"2023-09-04T08:52:19+00:00","dateModified":"2023-09-04T09:18:52+00:00","description":"CHAMPIONNATS D'EUROPE D'AVIRON DE MER 2023 - La France quitte La-Seyne-sur-Mer avec un excellent bilan de douze m\u00e9dailles, dont trois en or.","breadcrumb":{"@id":"https:\/\/dicodusport.fr\/blog\/aviron-de-mer-bleus-raflent-12-medailles-championnats-europe-aviron-de-mer\/#breadcrumb"},"inLanguage":"fr-FR","potentialAction":[{"@type":"ReadAction","target":["https:\/\/dicodusport.fr\/blog\/aviron-de-mer-bleus-raflent-12-medailles-championnats-europe-aviron-de-mer\/"]}]},{"@type":"ImageObject","inLanguage":"fr-FR","@id":"https:\/\/dicodusport.fr\/blog\/aviron-de-mer-bleus-raflent-12-medailles-championnats-europe-aviron-de-mer\/#primaryimage","url":"https:\/\/dicodusport.fr\/blog\/wp-content\/uploads\/2023\/09\/Aviron-de-mer-Les-Bleus-raflent-12-medailles-aux-Championnats-dEurope.png","contentUrl":"https:\/\/dicodusport.fr\/blog\/wp-content\/uploads\/2023\/09\/Aviron-de-mer-Les-Bleus-raflent-12-medailles-aux-Championnats-dEurope.png","width":800,"height":445,"caption":"Aviron de mer Les Bleus raflent 12 m\u00e9dailles aux Championnats d'Europe"},{"@type":"BreadcrumbList","@id":"https:\/\/dicodusport.fr\/blog\/aviron-de-mer-bleus-raflent-12-medailles-championnats-europe-aviron-de-mer\/#breadcrumb","itemListElement":[{"@type":"ListItem","position":1,"name":"Accueil","item":"https:\/\/dicodusport.fr\/blog\/"},{"@type":"ListItem","position":2,"name":"Aviron de mer : Les Bleus raflent 12 m\u00e9dailles aux Championnats d&rsquo;Europe"}]},{"@type":"WebSite","@id":"https:\/\/dicodusport.fr\/blog\/#website","url":"https:\/\/dicodusport.fr\/blog\/","name":"Dicodusport","description":"L&#039;encyclop\u00e9die de l&#039;actualit\u00e9 sportive","publisher":{"@id":"https:\/\/dicodusport.fr\/blog\/#organization"},"potentialAction":[{"@type":"SearchAction","target":{"@type":"EntryPoint","urlTemplate":"https:\/\/dicodusport.fr\/blog\/?s={search_term_string}"},"query-input":{"@type":"PropertyValueSpecification","valueRequired":true,"valueName":"search_term_string"}}],"inLanguage":"fr-FR"},{"@type":"NewsMediaOrganization","@id":"https:\/\/dicodusport.fr\/blog\/#organization","name":"Dicodusport","url":"https:\/\/dicodusport.fr\/blog\/","logo":{"@type":"ImageObject","inLanguage":"fr-FR","@id":"https:\/\/dicodusport.fr\/blog\/#\/schema\/logo\/image\/","url":"https:\/\/dicodusport.fr\/blog\/wp-content\/uploads\/2020\/06\/cropped-LOGO-DICODUSPORT-2020-SANS-FOND-SANS-TEXTE.png","contentUrl":"https:\/\/dicodusport.fr\/blog\/wp-content\/uploads\/2020\/06\/cropped-LOGO-DICODUSPORT-2020-SANS-FOND-SANS-TEXTE.png","width":512,"height":512,"caption":"Dicodusport"},"image":{"@id":"https:\/\/dicodusport.fr\/blog\/#\/schema\/logo\/image\/"},"sameAs":["https:\/\/www.facebook.com\/dicodusport","https:\/\/x.com\/dicodusport","https:\/\/www.instagram.com\/dicodusport\/","https:\/\/www.youtube.com\/channel\/UC7V2KZ5sd3htJivAbA4ZG3w"],"description":"Dicodusport est l'encyclop\u00e9die de l'actualit\u00e9 sportive.","email":"bonjour@dicodusport.fr","legalName":"DICODUSPORT","foundingDate":"2018-01-14","vatID":"FR71834470973","taxID":"83447097300043","numberOfEmployees":{"@type":"QuantitativeValue","minValue":"1","maxValue":"10"}},{"@type":"Person","@id":"https:\/\/dicodusport.fr\/blog\/#\/schema\/person\/37def232098a7a5cbab3974a3690abb0","name":"Maxime Cazenave","image":{"@type":"ImageObject","inLanguage":"fr-FR","@id":"https:\/\/dicodusport.fr\/blog\/#\/schema\/person\/image\/","url":"https:\/\/dicodusport.fr\/blog\/wp-content\/uploads\/2021\/05\/Maxime-Cazenave-150x150.jpg","contentUrl":"https:\/\/dicodusport.fr\/blog\/wp-content\/uploads\/2021\/05\/Maxime-Cazenave-150x150.jpg","caption":"Maxime Cazenave"},"description":"Journaliste\/R\u00e9dacteur depuis 2012 - Berc\u00e9 par l\u2019amour des Girondins de Bordeaux, les \u00e9checs de Christophe Moreau sur le Tour de France sous l'\u00e8re Lance Armstrong et le fade-away l\u00e9tal de Dirk Nowitzki, ma passion d\u00e9vorante pour le sport a toujours \u00e9t\u00e9 un pan incontournable de ma vie. Transmettre ma passion \u00e0 l\u2019\u00e9crit a \u00e9t\u00e9 une transition naturelle. Suiveur assidu de basket et de hockey sur glace, je garde toujours un peu de place pour suivre le cyclisme, le football et le maximum de performances fran\u00e7aises.","sameAs":["https:\/\/x.com\/https:\/\/twitter.com\/Maxime_Caze"],"url":"https:\/\/dicodusport.fr\/blog\/author\/maximec\/"}]}},"_links":{"self":[{"href":"https:\/\/dicodusport.fr\/blog\/wp-json\/wp\/v2\/posts\/415344","targetHints":{"allow":["GET"]}}],"collection":[{"href":"https:\/\/dicodusport.fr\/blog\/wp-json\/wp\/v2\/posts"}],"about":[{"href":"https:\/\/dicodusport.fr\/blog\/wp-json\/wp\/v2\/types\/post"}],"author":[{"embeddable":true,"href":"https:\/\/dicodusport.fr\/blog\/wp-json\/wp\/v2\/users\/55"}],"replies":[{"embeddable":true,"href":"https:\/\/dicodusport.fr\/blog\/wp-json\/wp\/v2\/comments?post=415344"}],"version-history":[{"count":0,"href":"https:\/\/dicodusport.fr\/blog\/wp-json\/wp\/v2\/posts\/415344\/revisions"}],"wp:featuredmedia":[{"embeddable":true,"href":"https:\/\/dicodusport.fr\/blog\/wp-json\/wp\/v2\/media\/415475"}],"wp:attachment":[{"href":"https:\/\/dicodusport.fr\/blog\/wp-json\/wp\/v2\/media?parent=415344"}],"wp:term":[{"taxonomy":"category","embeddable":true,"href":"https:\/\/dicodusport.fr\/blog\/wp-json\/wp\/v2\/categories?post=415344"},{"taxonomy":"post_tag","embeddable":true,"href":"https:\/\/dicodusport.fr\/blog\/wp-json\/wp\/v2\/tags?post=415344"}],"curies":[{"name":"wp","href":"https:\/\/api.w.org\/{rel}","templated":true}]}}