{"id":415384,"date":"2023-09-03T22:32:05","date_gmt":"2023-09-03T20:32:05","guid":{"rendered":"https:\/\/dicodusport.fr\/blog\/?p=415384&#038;preview=true&#038;preview_id=415384"},"modified":"2023-09-04T08:26:09","modified_gmt":"2023-09-04T06:26:09","slug":"vtt-descente-loic-bruni-remporte-la-coupe-du-monde-de-loudenvielle","status":"publish","type":"post","link":"https:\/\/dicodusport.fr\/blog\/vtt-descente-loic-bruni-remporte-la-coupe-du-monde-de-loudenvielle\/","title":{"rendered":"VTT Descente : Lo\u00efc Bruni remporte la Coupe du monde de Loudenvielle"},"content":{"rendered":"<p align=\"justify\"><em><strong>COUPE DU MONDE DE VTT DESCENTE &#8211; Ce dimanche, le Fran\u00e7ais Lo\u00efc Bruni a remport\u00e9 la Coupe du monde de VTT Descente \u00e0 Loudenvielle, dans les Pyr\u00e9n\u00e9es. \u00c0 domicile, le quintuple champion du monde a fait coup double, en reprenant la t\u00eate du g\u00e9n\u00e9ral de la Coupe du monde.<\/strong><\/em><\/p>\n<p align=\"justify\">Sur le parcours gras de <strong>Loudenvielle<\/strong>, <strong>Lo\u00efc Bruni<\/strong> n&rsquo;a pas fait dans le d\u00e9tail. Au bon souvenir de 2022, <a href=\"https:\/\/dicodusport.fr\/blog\/mondiaux-vtt-descente-2022-loic-bruni-champion-du-monde-triple-francais-aux-gets\/\">lorsqu&rsquo;il avait acquis son cinqui\u00e8me titre mondial aux Gets<\/a>, le Ni\u00e7ois a encore brill\u00e9 \u00e0 domicile. Avec un temps de 3:31.785, Bruni a devanc\u00e9 l&rsquo;Am\u00e9ricain <strong>Dakotah Norton<\/strong> (2\u1d49) et le Britannique <strong>Laurie Greenland<\/strong> (3\u1d49). R\u00e9gulier cette saison, sans \u00eatre mont\u00e9 sur la plus haute marche du podium, <strong>Lo\u00efc Bruni<\/strong> a cette fois mis tout le monde d&rsquo;accord.<\/p>\n<p align=\"justify\">Cerise sur le g\u00e2teau, le pilote de 29 ans prend les commandes du g\u00e9n\u00e9ral de la Coupe du monde. Le Canadien <strong>Finn Iles<\/strong> ayant \u00e9t\u00e9 disqualifi\u00e9 pour une erreur de parcours ce dimanche. Le Fran\u00e7ais compte d\u00e9sormais 1 123 points, Iles restant bloqu\u00e9 \u00e0 1 041 points. Le tout \u00e0 trois manches de l&rsquo;issue de la saison. Trois autres Fran\u00e7ais figurent dans le top 10 : <strong>R\u00e9mi Thirion<\/strong> (5\u1d49), <strong>Dylan Levesque<\/strong> (6\u1d49) et <strong>Antoine Pierron<\/strong> (10\u1d49).<\/p>\n<blockquote class=\"twitter-tweet\">\n<p dir=\"ltr\" lang=\"fr\">\ud83c\uddeb\ud83c\uddf7 \ud83d\udcaa Revivez le run victorieux de Loic Bruni, dans la 6e \u00e9tape de la Coupe du monde de VTT ! <a href=\"https:\/\/twitter.com\/hashtag\/lequipeVTT?src=hash&amp;ref_src=twsrc%5Etfw\">#lequipeVTT<\/a> <a href=\"https:\/\/t.co\/lcyVMVcNs9\">pic.twitter.com\/lcyVMVcNs9<\/a><\/p>\n<p>\u2014 la chaine L&rsquo;\u00c9quipe (@lachainelequipe) <a href=\"https:\/\/twitter.com\/lachainelequipe\/status\/1698332538408779989?ref_src=twsrc%5Etfw\">September 3, 2023<\/a><\/p><\/blockquote>\n<p><script async src=\"https:\/\/platform.twitter.com\/widgets.js\" charset=\"utf-8\"><\/script><\/p>\n<p align=\"justify\">Chez les dames, l&rsquo;Autrichienne <strong>Valentin H\u00f6ll<\/strong>, championne du monde, s&rsquo;est impos\u00e9e. Elle confirme sa place de leader au classement g\u00e9n\u00e9ral. La Fran\u00e7aise <strong>Marine Cabirou<\/strong> monte sur le podium, \u00e0 la troisi\u00e8me place.<\/p>\n","protected":false},"excerpt":{"rendered":"<p>COUPE DU MONDE DE VTT DESCENTE &#8211; Ce dimanche, le Fran\u00e7ais Lo\u00efc Bruni a remport\u00e9 la Coupe du monde de VTT Descente \u00e0 Loudenvielle, dans les Pyr\u00e9n\u00e9es. \u00c0 domicile, le quintuple champion du monde a fait coup double, en reprenant la t\u00eate du g\u00e9n\u00e9ral de la Coupe du monde.<\/p>\n","protected":false},"author":4,"featured_media":415393,"comment_status":"open","ping_status":"closed","sticky":false,"template":"","format":"standard","meta":{"_acf_changed":false,"_daextam_enable_autolinks":"","footnotes":""},"categories":[10279],"tags":[16878,1530,1829,7768],"class_list":["post-415384","post","type-post","status-publish","format-standard","has-post-thumbnail","hentry","category-vtt","tag-breve","tag-coupe-du-monde","tag-loic-bruni","tag-vtt-descente"],"acf":[],"yoast_head":"<!-- This site is optimized with the Yoast SEO Premium plugin v26.7 (Yoast SEO v26.7) - https:\/\/yoast.com\/wordpress\/plugins\/seo\/ -->\n<title>VTT Descente : Lo\u00efc Bruni remporte la Coupe du monde de Loudenvielle<\/title>\n<meta name=\"description\" content=\"COUPE DU MONDE DE VTT DESCENTE - Ce dimanche, le Fran\u00e7ais Lo\u00efc Bruni a remport\u00e9 la Coupe du monde de VTT Descente \u00e0 Loudenvielle.\" \/>\n<meta name=\"robots\" content=\"index, follow, max-snippet:-1, max-image-preview:large, max-video-preview:-1\" \/>\n<link rel=\"canonical\" href=\"https:\/\/dicodusport.fr\/blog\/vtt-descente-loic-bruni-remporte-la-coupe-du-monde-de-loudenvielle\/\" \/>\n<meta property=\"og:locale\" content=\"fr_FR\" \/>\n<meta property=\"og:type\" content=\"article\" \/>\n<meta property=\"og:title\" content=\"VTT Descente : Lo\u00efc Bruni remporte la Coupe du monde de Loudenvielle\" \/>\n<meta property=\"og:description\" content=\"COUPE DU MONDE DE VTT DESCENTE - Ce dimanche, le Fran\u00e7ais Lo\u00efc Bruni a remport\u00e9 la Coupe du monde de VTT Descente \u00e0 Loudenvielle.\" \/>\n<meta property=\"og:url\" content=\"https:\/\/dicodusport.fr\/blog\/vtt-descente-loic-bruni-remporte-la-coupe-du-monde-de-loudenvielle\/\" \/>\n<meta property=\"og:site_name\" content=\"Dicodusport\" \/>\n<meta property=\"article:publisher\" content=\"https:\/\/www.facebook.com\/dicodusport\" \/>\n<meta property=\"article:author\" content=\"https:\/\/www.facebook.com\/florent.ostermann\" \/>\n<meta property=\"article:published_time\" content=\"2023-09-03T20:32:05+00:00\" \/>\n<meta property=\"article:modified_time\" content=\"2023-09-04T06:26:09+00:00\" \/>\n<meta property=\"og:image\" content=\"https:\/\/dicodusport.fr\/blog\/wp-content\/uploads\/2023\/09\/VTT-Descente-Loic-Bruni-remporte-la-Coupe-du-monde-de-Loudenvielle.png\" \/>\n\t<meta property=\"og:image:width\" content=\"800\" \/>\n\t<meta property=\"og:image:height\" content=\"445\" \/>\n\t<meta property=\"og:image:type\" content=\"image\/png\" \/>\n<meta name=\"author\" content=\"Flo Ostermann\" \/>\n<meta name=\"twitter:card\" content=\"summary_large_image\" \/>\n<meta name=\"twitter:title\" content=\"VTT Descente : Lo\u00efc Bruni remporte la Coupe du monde de Loudenvielle\" \/>\n<meta name=\"twitter:creator\" content=\"@https:\/\/twitter.com\/FlOstermann\" \/>\n<meta name=\"twitter:site\" content=\"@dicodusport\" \/>\n<script type=\"application\/ld+json\" class=\"yoast-schema-graph\">{\"@context\":\"https:\/\/schema.org\",\"@graph\":[{\"@type\":\"NewsArticle\",\"@id\":\"https:\/\/dicodusport.fr\/blog\/vtt-descente-loic-bruni-remporte-la-coupe-du-monde-de-loudenvielle\/#article\",\"isPartOf\":{\"@id\":\"https:\/\/dicodusport.fr\/blog\/vtt-descente-loic-bruni-remporte-la-coupe-du-monde-de-loudenvielle\/\"},\"author\":{\"name\":\"Flo Ostermann\",\"@id\":\"https:\/\/dicodusport.fr\/blog\/#\/schema\/person\/cb02af4c173ce4a653b55e9baf388d4a\"},\"headline\":\"VTT Descente : Lo\u00efc Bruni remporte la Coupe du monde de Loudenvielle\",\"datePublished\":\"2023-09-03T20:32:05+00:00\",\"dateModified\":\"2023-09-04T06:26:09+00:00\",\"mainEntityOfPage\":{\"@id\":\"https:\/\/dicodusport.fr\/blog\/vtt-descente-loic-bruni-remporte-la-coupe-du-monde-de-loudenvielle\/\"},\"wordCount\":288,\"commentCount\":0,\"publisher\":{\"@id\":\"https:\/\/dicodusport.fr\/blog\/#organization\"},\"image\":{\"@id\":\"https:\/\/dicodusport.fr\/blog\/vtt-descente-loic-bruni-remporte-la-coupe-du-monde-de-loudenvielle\/#primaryimage\"},\"thumbnailUrl\":\"https:\/\/dicodusport.fr\/blog\/wp-content\/uploads\/2023\/09\/VTT-Descente-Loic-Bruni-remporte-la-Coupe-du-monde-de-Loudenvielle.png\",\"keywords\":[\"br\u00e8ve\",\"Coupe du monde\",\"Loic Bruni\",\"VTT Descente\"],\"articleSection\":[\"VTT\"],\"inLanguage\":\"fr-FR\",\"potentialAction\":[{\"@type\":\"CommentAction\",\"name\":\"Comment\",\"target\":[\"https:\/\/dicodusport.fr\/blog\/vtt-descente-loic-bruni-remporte-la-coupe-du-monde-de-loudenvielle\/#respond\"]}],\"copyrightYear\":\"2023\",\"copyrightHolder\":{\"@id\":\"https:\/\/dicodusport.fr\/blog\/#organization\"}},{\"@type\":\"WebPage\",\"@id\":\"https:\/\/dicodusport.fr\/blog\/vtt-descente-loic-bruni-remporte-la-coupe-du-monde-de-loudenvielle\/\",\"url\":\"https:\/\/dicodusport.fr\/blog\/vtt-descente-loic-bruni-remporte-la-coupe-du-monde-de-loudenvielle\/\",\"name\":\"VTT Descente : Lo\u00efc Bruni remporte la Coupe du monde de Loudenvielle\",\"isPartOf\":{\"@id\":\"https:\/\/dicodusport.fr\/blog\/#website\"},\"primaryImageOfPage\":{\"@id\":\"https:\/\/dicodusport.fr\/blog\/vtt-descente-loic-bruni-remporte-la-coupe-du-monde-de-loudenvielle\/#primaryimage\"},\"image\":{\"@id\":\"https:\/\/dicodusport.fr\/blog\/vtt-descente-loic-bruni-remporte-la-coupe-du-monde-de-loudenvielle\/#primaryimage\"},\"thumbnailUrl\":\"https:\/\/dicodusport.fr\/blog\/wp-content\/uploads\/2023\/09\/VTT-Descente-Loic-Bruni-remporte-la-Coupe-du-monde-de-Loudenvielle.png\",\"datePublished\":\"2023-09-03T20:32:05+00:00\",\"dateModified\":\"2023-09-04T06:26:09+00:00\",\"description\":\"COUPE DU MONDE DE VTT DESCENTE - Ce dimanche, le Fran\u00e7ais Lo\u00efc Bruni a remport\u00e9 la Coupe du monde de VTT Descente \u00e0 Loudenvielle.\",\"breadcrumb\":{\"@id\":\"https:\/\/dicodusport.fr\/blog\/vtt-descente-loic-bruni-remporte-la-coupe-du-monde-de-loudenvielle\/#breadcrumb\"},\"inLanguage\":\"fr-FR\",\"potentialAction\":[{\"@type\":\"ReadAction\",\"target\":[\"https:\/\/dicodusport.fr\/blog\/vtt-descente-loic-bruni-remporte-la-coupe-du-monde-de-loudenvielle\/\"]}]},{\"@type\":\"ImageObject\",\"inLanguage\":\"fr-FR\",\"@id\":\"https:\/\/dicodusport.fr\/blog\/vtt-descente-loic-bruni-remporte-la-coupe-du-monde-de-loudenvielle\/#primaryimage\",\"url\":\"https:\/\/dicodusport.fr\/blog\/wp-content\/uploads\/2023\/09\/VTT-Descente-Loic-Bruni-remporte-la-Coupe-du-monde-de-Loudenvielle.png\",\"contentUrl\":\"https:\/\/dicodusport.fr\/blog\/wp-content\/uploads\/2023\/09\/VTT-Descente-Loic-Bruni-remporte-la-Coupe-du-monde-de-Loudenvielle.png\",\"width\":800,\"height\":445,\"caption\":\"VTT Descente Lo\u00efc Bruni remporte la Coupe du monde de Loudenvielle\"},{\"@type\":\"BreadcrumbList\",\"@id\":\"https:\/\/dicodusport.fr\/blog\/vtt-descente-loic-bruni-remporte-la-coupe-du-monde-de-loudenvielle\/#breadcrumb\",\"itemListElement\":[{\"@type\":\"ListItem\",\"position\":1,\"name\":\"Accueil\",\"item\":\"https:\/\/dicodusport.fr\/blog\/\"},{\"@type\":\"ListItem\",\"position\":2,\"name\":\"VTT Descente : Lo\u00efc Bruni remporte la Coupe du monde de Loudenvielle\"}]},{\"@type\":\"WebSite\",\"@id\":\"https:\/\/dicodusport.fr\/blog\/#website\",\"url\":\"https:\/\/dicodusport.fr\/blog\/\",\"name\":\"Dicodusport\",\"description\":\"L&#039;encyclop\u00e9die de l&#039;actualit\u00e9 sportive\",\"publisher\":{\"@id\":\"https:\/\/dicodusport.fr\/blog\/#organization\"},\"potentialAction\":[{\"@type\":\"SearchAction\",\"target\":{\"@type\":\"EntryPoint\",\"urlTemplate\":\"https:\/\/dicodusport.fr\/blog\/?s={search_term_string}\"},\"query-input\":{\"@type\":\"PropertyValueSpecification\",\"valueRequired\":true,\"valueName\":\"search_term_string\"}}],\"inLanguage\":\"fr-FR\"},{\"@type\":\"NewsMediaOrganization\",\"@id\":\"https:\/\/dicodusport.fr\/blog\/#organization\",\"name\":\"Dicodusport\",\"url\":\"https:\/\/dicodusport.fr\/blog\/\",\"logo\":{\"@type\":\"ImageObject\",\"inLanguage\":\"fr-FR\",\"@id\":\"https:\/\/dicodusport.fr\/blog\/#\/schema\/logo\/image\/\",\"url\":\"https:\/\/dicodusport.fr\/blog\/wp-content\/uploads\/2020\/06\/cropped-LOGO-DICODUSPORT-2020-SANS-FOND-SANS-TEXTE.png\",\"contentUrl\":\"https:\/\/dicodusport.fr\/blog\/wp-content\/uploads\/2020\/06\/cropped-LOGO-DICODUSPORT-2020-SANS-FOND-SANS-TEXTE.png\",\"width\":512,\"height\":512,\"caption\":\"Dicodusport\"},\"image\":{\"@id\":\"https:\/\/dicodusport.fr\/blog\/#\/schema\/logo\/image\/\"},\"sameAs\":[\"https:\/\/www.facebook.com\/dicodusport\",\"https:\/\/x.com\/dicodusport\",\"https:\/\/www.instagram.com\/dicodusport\/\",\"https:\/\/www.youtube.com\/channel\/UC7V2KZ5sd3htJivAbA4ZG3w\"],\"description\":\"Dicodusport est l'encyclop\u00e9die de l'actualit\u00e9 sportive.\",\"email\":\"bonjour@dicodusport.fr\",\"legalName\":\"DICODUSPORT\",\"foundingDate\":\"2018-01-14\",\"vatID\":\"FR71834470973\",\"taxID\":\"83447097300043\",\"numberOfEmployees\":{\"@type\":\"QuantitativeValue\",\"minValue\":\"1\",\"maxValue\":\"10\"}},{\"@type\":\"Person\",\"@id\":\"https:\/\/dicodusport.fr\/blog\/#\/schema\/person\/cb02af4c173ce4a653b55e9baf388d4a\",\"name\":\"Flo Ostermann\",\"image\":{\"@type\":\"ImageObject\",\"inLanguage\":\"fr-FR\",\"@id\":\"https:\/\/dicodusport.fr\/blog\/#\/schema\/person\/image\/\",\"url\":\"https:\/\/dicodusport.fr\/blog\/wp-content\/uploads\/2021\/05\/Flo-Ostermann-150x150.jpg\",\"contentUrl\":\"https:\/\/dicodusport.fr\/blog\/wp-content\/uploads\/2021\/05\/Flo-Ostermann-150x150.jpg\",\"caption\":\"Flo Ostermann\"},\"description\":\"Journaliste\/R\u00e9dacteur depuis septembre 2015 - Mes premiers souvenirs dans le sport ? Les envol\u00e9es du Stade Toulousain et les duels Villeneuve-Schumacher et H\u00e4kkinen-Schumacher \u00e0 la fin des ann\u00e9es 90, la Coupe du monde de football en 1998, l\u2019exploit du XV de France face aux All Blacks en 1999, mais aussi Richard C\u0153ur de Lion qui vole sur les montagnes du Tour de France. Bien parti pour devenir professeur d\u2019EPS, les \u00e9v\u00e9nements de la vie (et la flemme d\u2019animer des s\u00e9ances de 3x500 m\u00e8tres toute ma vie) m\u2019ont conduit \u00e0 revoir mes plans. Me voil\u00e0 depuis fin 2017 sur Dicodusport, m\u00e9dia gr\u00e2ce (et pour) lequel je partage ma passion : le sport dans tous ses \u00e9tats. Le tout accompagn\u00e9 par les fous furieux et folles furieuses cit\u00e9s sur cette page !\",\"sameAs\":[\"https:\/\/www.facebook.com\/florent.ostermann\",\"https:\/\/x.com\/https:\/\/twitter.com\/FlOstermann\",\"admin\"],\"url\":\"https:\/\/dicodusport.fr\/blog\/author\/flo\/\"}]}<\/script>\n<!-- \/ Yoast SEO Premium plugin. -->","yoast_head_json":{"title":"VTT Descente : Lo\u00efc Bruni remporte la Coupe du monde de Loudenvielle","description":"COUPE DU MONDE DE VTT DESCENTE - Ce dimanche, le Fran\u00e7ais Lo\u00efc Bruni a remport\u00e9 la Coupe du monde de VTT Descente \u00e0 Loudenvielle.","robots":{"index":"index","follow":"follow","max-snippet":"max-snippet:-1","max-image-preview":"max-image-preview:large","max-video-preview":"max-video-preview:-1"},"canonical":"https:\/\/dicodusport.fr\/blog\/vtt-descente-loic-bruni-remporte-la-coupe-du-monde-de-loudenvielle\/","og_locale":"fr_FR","og_type":"article","og_title":"VTT Descente : Lo\u00efc Bruni remporte la Coupe du monde de Loudenvielle","og_description":"COUPE DU MONDE DE VTT DESCENTE - Ce dimanche, le Fran\u00e7ais Lo\u00efc Bruni a remport\u00e9 la Coupe du monde de VTT Descente \u00e0 Loudenvielle.","og_url":"https:\/\/dicodusport.fr\/blog\/vtt-descente-loic-bruni-remporte-la-coupe-du-monde-de-loudenvielle\/","og_site_name":"Dicodusport","article_publisher":"https:\/\/www.facebook.com\/dicodusport","article_author":"https:\/\/www.facebook.com\/florent.ostermann","article_published_time":"2023-09-03T20:32:05+00:00","article_modified_time":"2023-09-04T06:26:09+00:00","og_image":[{"width":800,"height":445,"url":"https:\/\/dicodusport.fr\/blog\/wp-content\/uploads\/2023\/09\/VTT-Descente-Loic-Bruni-remporte-la-Coupe-du-monde-de-Loudenvielle.png","type":"image\/png"}],"author":"Flo Ostermann","twitter_card":"summary_large_image","twitter_title":"VTT Descente : Lo\u00efc Bruni remporte la Coupe du monde de Loudenvielle","twitter_creator":"@https:\/\/twitter.com\/FlOstermann","twitter_site":"@dicodusport","schema":{"@context":"https:\/\/schema.org","@graph":[{"@type":"NewsArticle","@id":"https:\/\/dicodusport.fr\/blog\/vtt-descente-loic-bruni-remporte-la-coupe-du-monde-de-loudenvielle\/#article","isPartOf":{"@id":"https:\/\/dicodusport.fr\/blog\/vtt-descente-loic-bruni-remporte-la-coupe-du-monde-de-loudenvielle\/"},"author":{"name":"Flo Ostermann","@id":"https:\/\/dicodusport.fr\/blog\/#\/schema\/person\/cb02af4c173ce4a653b55e9baf388d4a"},"headline":"VTT Descente : Lo\u00efc Bruni remporte la Coupe du monde de Loudenvielle","datePublished":"2023-09-03T20:32:05+00:00","dateModified":"2023-09-04T06:26:09+00:00","mainEntityOfPage":{"@id":"https:\/\/dicodusport.fr\/blog\/vtt-descente-loic-bruni-remporte-la-coupe-du-monde-de-loudenvielle\/"},"wordCount":288,"commentCount":0,"publisher":{"@id":"https:\/\/dicodusport.fr\/blog\/#organization"},"image":{"@id":"https:\/\/dicodusport.fr\/blog\/vtt-descente-loic-bruni-remporte-la-coupe-du-monde-de-loudenvielle\/#primaryimage"},"thumbnailUrl":"https:\/\/dicodusport.fr\/blog\/wp-content\/uploads\/2023\/09\/VTT-Descente-Loic-Bruni-remporte-la-Coupe-du-monde-de-Loudenvielle.png","keywords":["br\u00e8ve","Coupe du monde","Loic Bruni","VTT Descente"],"articleSection":["VTT"],"inLanguage":"fr-FR","potentialAction":[{"@type":"CommentAction","name":"Comment","target":["https:\/\/dicodusport.fr\/blog\/vtt-descente-loic-bruni-remporte-la-coupe-du-monde-de-loudenvielle\/#respond"]}],"copyrightYear":"2023","copyrightHolder":{"@id":"https:\/\/dicodusport.fr\/blog\/#organization"}},{"@type":"WebPage","@id":"https:\/\/dicodusport.fr\/blog\/vtt-descente-loic-bruni-remporte-la-coupe-du-monde-de-loudenvielle\/","url":"https:\/\/dicodusport.fr\/blog\/vtt-descente-loic-bruni-remporte-la-coupe-du-monde-de-loudenvielle\/","name":"VTT Descente : Lo\u00efc Bruni remporte la Coupe du monde de Loudenvielle","isPartOf":{"@id":"https:\/\/dicodusport.fr\/blog\/#website"},"primaryImageOfPage":{"@id":"https:\/\/dicodusport.fr\/blog\/vtt-descente-loic-bruni-remporte-la-coupe-du-monde-de-loudenvielle\/#primaryimage"},"image":{"@id":"https:\/\/dicodusport.fr\/blog\/vtt-descente-loic-bruni-remporte-la-coupe-du-monde-de-loudenvielle\/#primaryimage"},"thumbnailUrl":"https:\/\/dicodusport.fr\/blog\/wp-content\/uploads\/2023\/09\/VTT-Descente-Loic-Bruni-remporte-la-Coupe-du-monde-de-Loudenvielle.png","datePublished":"2023-09-03T20:32:05+00:00","dateModified":"2023-09-04T06:26:09+00:00","description":"COUPE DU MONDE DE VTT DESCENTE - Ce dimanche, le Fran\u00e7ais Lo\u00efc Bruni a remport\u00e9 la Coupe du monde de VTT Descente \u00e0 Loudenvielle.","breadcrumb":{"@id":"https:\/\/dicodusport.fr\/blog\/vtt-descente-loic-bruni-remporte-la-coupe-du-monde-de-loudenvielle\/#breadcrumb"},"inLanguage":"fr-FR","potentialAction":[{"@type":"ReadAction","target":["https:\/\/dicodusport.fr\/blog\/vtt-descente-loic-bruni-remporte-la-coupe-du-monde-de-loudenvielle\/"]}]},{"@type":"ImageObject","inLanguage":"fr-FR","@id":"https:\/\/dicodusport.fr\/blog\/vtt-descente-loic-bruni-remporte-la-coupe-du-monde-de-loudenvielle\/#primaryimage","url":"https:\/\/dicodusport.fr\/blog\/wp-content\/uploads\/2023\/09\/VTT-Descente-Loic-Bruni-remporte-la-Coupe-du-monde-de-Loudenvielle.png","contentUrl":"https:\/\/dicodusport.fr\/blog\/wp-content\/uploads\/2023\/09\/VTT-Descente-Loic-Bruni-remporte-la-Coupe-du-monde-de-Loudenvielle.png","width":800,"height":445,"caption":"VTT Descente Lo\u00efc Bruni remporte la Coupe du monde de Loudenvielle"},{"@type":"BreadcrumbList","@id":"https:\/\/dicodusport.fr\/blog\/vtt-descente-loic-bruni-remporte-la-coupe-du-monde-de-loudenvielle\/#breadcrumb","itemListElement":[{"@type":"ListItem","position":1,"name":"Accueil","item":"https:\/\/dicodusport.fr\/blog\/"},{"@type":"ListItem","position":2,"name":"VTT Descente : Lo\u00efc Bruni remporte la Coupe du monde de Loudenvielle"}]},{"@type":"WebSite","@id":"https:\/\/dicodusport.fr\/blog\/#website","url":"https:\/\/dicodusport.fr\/blog\/","name":"Dicodusport","description":"L&#039;encyclop\u00e9die de l&#039;actualit\u00e9 sportive","publisher":{"@id":"https:\/\/dicodusport.fr\/blog\/#organization"},"potentialAction":[{"@type":"SearchAction","target":{"@type":"EntryPoint","urlTemplate":"https:\/\/dicodusport.fr\/blog\/?s={search_term_string}"},"query-input":{"@type":"PropertyValueSpecification","valueRequired":true,"valueName":"search_term_string"}}],"inLanguage":"fr-FR"},{"@type":"NewsMediaOrganization","@id":"https:\/\/dicodusport.fr\/blog\/#organization","name":"Dicodusport","url":"https:\/\/dicodusport.fr\/blog\/","logo":{"@type":"ImageObject","inLanguage":"fr-FR","@id":"https:\/\/dicodusport.fr\/blog\/#\/schema\/logo\/image\/","url":"https:\/\/dicodusport.fr\/blog\/wp-content\/uploads\/2020\/06\/cropped-LOGO-DICODUSPORT-2020-SANS-FOND-SANS-TEXTE.png","contentUrl":"https:\/\/dicodusport.fr\/blog\/wp-content\/uploads\/2020\/06\/cropped-LOGO-DICODUSPORT-2020-SANS-FOND-SANS-TEXTE.png","width":512,"height":512,"caption":"Dicodusport"},"image":{"@id":"https:\/\/dicodusport.fr\/blog\/#\/schema\/logo\/image\/"},"sameAs":["https:\/\/www.facebook.com\/dicodusport","https:\/\/x.com\/dicodusport","https:\/\/www.instagram.com\/dicodusport\/","https:\/\/www.youtube.com\/channel\/UC7V2KZ5sd3htJivAbA4ZG3w"],"description":"Dicodusport est l'encyclop\u00e9die de l'actualit\u00e9 sportive.","email":"bonjour@dicodusport.fr","legalName":"DICODUSPORT","foundingDate":"2018-01-14","vatID":"FR71834470973","taxID":"83447097300043","numberOfEmployees":{"@type":"QuantitativeValue","minValue":"1","maxValue":"10"}},{"@type":"Person","@id":"https:\/\/dicodusport.fr\/blog\/#\/schema\/person\/cb02af4c173ce4a653b55e9baf388d4a","name":"Flo Ostermann","image":{"@type":"ImageObject","inLanguage":"fr-FR","@id":"https:\/\/dicodusport.fr\/blog\/#\/schema\/person\/image\/","url":"https:\/\/dicodusport.fr\/blog\/wp-content\/uploads\/2021\/05\/Flo-Ostermann-150x150.jpg","contentUrl":"https:\/\/dicodusport.fr\/blog\/wp-content\/uploads\/2021\/05\/Flo-Ostermann-150x150.jpg","caption":"Flo Ostermann"},"description":"Journaliste\/R\u00e9dacteur depuis septembre 2015 - Mes premiers souvenirs dans le sport ? Les envol\u00e9es du Stade Toulousain et les duels Villeneuve-Schumacher et H\u00e4kkinen-Schumacher \u00e0 la fin des ann\u00e9es 90, la Coupe du monde de football en 1998, l\u2019exploit du XV de France face aux All Blacks en 1999, mais aussi Richard C\u0153ur de Lion qui vole sur les montagnes du Tour de France. Bien parti pour devenir professeur d\u2019EPS, les \u00e9v\u00e9nements de la vie (et la flemme d\u2019animer des s\u00e9ances de 3x500 m\u00e8tres toute ma vie) m\u2019ont conduit \u00e0 revoir mes plans. Me voil\u00e0 depuis fin 2017 sur Dicodusport, m\u00e9dia gr\u00e2ce (et pour) lequel je partage ma passion : le sport dans tous ses \u00e9tats. Le tout accompagn\u00e9 par les fous furieux et folles furieuses cit\u00e9s sur cette page !","sameAs":["https:\/\/www.facebook.com\/florent.ostermann","https:\/\/x.com\/https:\/\/twitter.com\/FlOstermann","admin"],"url":"https:\/\/dicodusport.fr\/blog\/author\/flo\/"}]}},"_links":{"self":[{"href":"https:\/\/dicodusport.fr\/blog\/wp-json\/wp\/v2\/posts\/415384","targetHints":{"allow":["GET"]}}],"collection":[{"href":"https:\/\/dicodusport.fr\/blog\/wp-json\/wp\/v2\/posts"}],"about":[{"href":"https:\/\/dicodusport.fr\/blog\/wp-json\/wp\/v2\/types\/post"}],"author":[{"embeddable":true,"href":"https:\/\/dicodusport.fr\/blog\/wp-json\/wp\/v2\/users\/4"}],"replies":[{"embeddable":true,"href":"https:\/\/dicodusport.fr\/blog\/wp-json\/wp\/v2\/comments?post=415384"}],"version-history":[{"count":0,"href":"https:\/\/dicodusport.fr\/blog\/wp-json\/wp\/v2\/posts\/415384\/revisions"}],"wp:featuredmedia":[{"embeddable":true,"href":"https:\/\/dicodusport.fr\/blog\/wp-json\/wp\/v2\/media\/415393"}],"wp:attachment":[{"href":"https:\/\/dicodusport.fr\/blog\/wp-json\/wp\/v2\/media?parent=415384"}],"wp:term":[{"taxonomy":"category","embeddable":true,"href":"https:\/\/dicodusport.fr\/blog\/wp-json\/wp\/v2\/categories?post=415384"},{"taxonomy":"post_tag","embeddable":true,"href":"https:\/\/dicodusport.fr\/blog\/wp-json\/wp\/v2\/tags?post=415384"}],"curies":[{"name":"wp","href":"https:\/\/api.w.org\/{rel}","templated":true}]}}