{"id":415436,"date":"2023-09-04T07:48:08","date_gmt":"2023-09-04T05:48:08","guid":{"rendered":"https:\/\/dicodusport.fr\/blog\/?p=415436&#038;preview=true&#038;preview_id=415436"},"modified":"2023-09-04T08:01:00","modified_gmt":"2023-09-04T06:01:00","slug":"us-open-2023-eliminee-par-ostapenko-iga-swiatek-va-perdre-sa-place-de-n1-mondiale","status":"publish","type":"post","link":"https:\/\/dicodusport.fr\/blog\/us-open-2023-eliminee-par-ostapenko-iga-swiatek-va-perdre-sa-place-de-n1-mondiale\/","title":{"rendered":"US Open 2023 : \u00c9limin\u00e9e par Ostapenko, Iga Swiatek va perdre sa place de n\u00b01 mondiale"},"content":{"rendered":"<p style=\"text-align: justify;\" align=\"justify\"><em><strong><a href=\"https:\/\/dicodusport.fr\/blog\/us-open-2023-le-tableau-de-simple-dames\/\">SIMPLE DAMES DE L&rsquo;US OPEN 2023<\/a> &#8211; Coup de tonnerre cette nuit \u00e0 New York, puisque Jelena Ostapenko s&rsquo;est offert le scalp d&rsquo;Iga Swiatek en 8e de finale. Cons\u00e9quence, Aryna Sabalenka sera la nouvelle n\u00b01 mondiale lundi prochain.<\/strong><\/em><\/p>\n<p style=\"text-align: justify;\" align=\"justify\">Changement de reine sur le circuit WTA. Lundi prochain, <strong>Aryna Sabalenka<\/strong> va devenir la 29e n\u00b01 mondiale de l&rsquo;histoire, m\u00eame si elle s&rsquo;incline ce soir en 8e de finale contre <strong>Daria Kasatkina<\/strong>. Et la Bi\u00e9lorusse peut remercier <strong>Jelena Ostapenko<\/strong>, puisque la Lettone a rendu la passation de pouvoir possible en dominant <strong>Iga Swiatek<\/strong> en 8e de finale.<\/p>\n<blockquote class=\"twitter-tweet\">\n<p dir=\"ltr\" lang=\"fr\">La sensation de la nuit : Iga Swiatek est \u00e9limin\u00e9e ! \ud83d\ude33<\/p>\n<p>Pour la premi\u00e8re fois depuis Wimbledon 2021, la Polonaise \ud83c\uddf5\ud83c\uddf1 a perdu un match en Grand Chelem apr\u00e8s avoir remport\u00e9 le premier set. Iga Swiatek restait sur 33 victoires de rang dans cette configuration. <a href=\"https:\/\/t.co\/64fZqwz1Fn\">pic.twitter.com\/64fZqwz1Fn<\/a><\/p>\n<p>\u2014 Jeu, Set et Maths (@JeuSetMaths) <a href=\"https:\/\/twitter.com\/JeuSetMaths\/status\/1698550271729631633?ref_src=twsrc%5Etfw\">September 4, 2023<\/a><\/p><\/blockquote>\n<p style=\"text-align: justify;\"><script async src=\"https:\/\/platform.twitter.com\/widgets.js\" charset=\"utf-8\"><\/script><\/p>\n<p style=\"text-align: justify;\" align=\"justify\">Pourtant, la Polonaise avait remport\u00e9 le premier set et semblait en route pour une victoire exp\u00e9ditive de plus. Mais <strong>Ostapenko,<\/strong> dans son style caract\u00e9ristique, a envoy\u00e9 pas moins de 31 coups gagnants pour inverser la tendance pour s&rsquo;imposer <strong>3-6, 6-3, 6-1<\/strong>. Gr\u00e2ce \u00e0 ce succ\u00e8s, elle a d\u00e9sormais atteint les quarts de finale dans tous les tournois du Grand Chelem. Swiatek quitte donc l&rsquo;US Open et la place de n\u00b01 mondiale apr\u00e8s 75 semaines de r\u00e8gne. L&rsquo;autre cons\u00e9quence est qu&rsquo;il y aura une laur\u00e9ate in\u00e9dite dans cet US Open.<\/p>\n","protected":false},"excerpt":{"rendered":"<p>SIMPLE DAMES DE L&rsquo;US OPEN 2023 &#8211; Coup de tonnerre cette nuit \u00e0 New York, puisque Jelena Ostapenko s&rsquo;est offert le scalp d&rsquo;Iga Swiatek en 8e de finale. Cons\u00e9quence, Aryna Sabalenka sera la nouvelle n\u00b01 mondiale lundi prochain.<\/p>\n","protected":false},"author":59,"featured_media":415437,"comment_status":"open","ping_status":"closed","sticky":false,"template":"","format":"standard","meta":{"_acf_changed":false,"_daextam_enable_autolinks":"","footnotes":""},"categories":[47091],"tags":[16878,8022],"class_list":["post-415436","post","type-post","status-publish","format-standard","has-post-thumbnail","hentry","category-us-open","tag-breve","tag-iga-swiatek"],"acf":[],"yoast_head":"<!-- This site is optimized with the Yoast SEO Premium plugin v26.7 (Yoast SEO v26.7) - https:\/\/yoast.com\/wordpress\/plugins\/seo\/ -->\n<title>US Open 2023 : \u00c9limin\u00e9e par Ostapenko, Iga Swiatek va perdre sa place de n\u00b01 mondiale<\/title>\n<meta name=\"description\" content=\"SIMPLE DAMES DE L&#039;US OPEN 2023 - Coup de tonnerre cette nuit \u00e0 New York, puisque Jelena Ostapenko s&#039;est offert le scalp d&#039;Iga Swiatek.\" \/>\n<meta name=\"robots\" content=\"index, follow, max-snippet:-1, max-image-preview:large, max-video-preview:-1\" \/>\n<link rel=\"canonical\" href=\"https:\/\/dicodusport.fr\/blog\/us-open-2023-eliminee-par-ostapenko-iga-swiatek-va-perdre-sa-place-de-n1-mondiale\/\" \/>\n<meta property=\"og:locale\" content=\"fr_FR\" \/>\n<meta property=\"og:type\" content=\"article\" \/>\n<meta property=\"og:title\" content=\"US Open 2023 : \u00c9limin\u00e9e par Ostapenko, Iga Swiatek va perdre sa place de n\u00b01 mondiale\" \/>\n<meta property=\"og:description\" content=\"SIMPLE DAMES DE L&#039;US OPEN 2023 - Coup de tonnerre cette nuit \u00e0 New York, puisque Jelena Ostapenko s&#039;est offert le scalp d&#039;Iga Swiatek.\" \/>\n<meta property=\"og:url\" content=\"https:\/\/dicodusport.fr\/blog\/us-open-2023-eliminee-par-ostapenko-iga-swiatek-va-perdre-sa-place-de-n1-mondiale\/\" \/>\n<meta property=\"og:site_name\" content=\"Dicodusport\" \/>\n<meta property=\"article:publisher\" content=\"https:\/\/www.facebook.com\/dicodusport\" \/>\n<meta property=\"article:author\" content=\"https:\/\/www.facebook.com\/sebastien.gente\/\" \/>\n<meta property=\"article:published_time\" content=\"2023-09-04T05:48:08+00:00\" \/>\n<meta property=\"article:modified_time\" content=\"2023-09-04T06:01:00+00:00\" \/>\n<meta property=\"og:image\" content=\"https:\/\/dicodusport.fr\/blog\/wp-content\/uploads\/2023\/09\/US-Open-2023-Eliminee-par-Ostapenko-Iga-Swiatek-va-perdre-sa-place-de-n\u00b01-mondiale.png\" \/>\n\t<meta property=\"og:image:width\" content=\"800\" \/>\n\t<meta property=\"og:image:height\" content=\"445\" \/>\n\t<meta property=\"og:image:type\" content=\"image\/png\" \/>\n<meta name=\"author\" content=\"S\u00e9bastien Gente\" \/>\n<meta name=\"twitter:card\" content=\"summary_large_image\" \/>\n<meta name=\"twitter:title\" content=\"US Open 2023 : \u00c9limin\u00e9e par Ostapenko, Iga Swiatek va perdre sa place de n\u00b01 mondiale\" \/>\n<meta name=\"twitter:creator\" content=\"@https:\/\/twitter.com\/globulo24\" \/>\n<meta name=\"twitter:site\" content=\"@dicodusport\" \/>\n<script type=\"application\/ld+json\" class=\"yoast-schema-graph\">{\"@context\":\"https:\/\/schema.org\",\"@graph\":[{\"@type\":\"NewsArticle\",\"@id\":\"https:\/\/dicodusport.fr\/blog\/us-open-2023-eliminee-par-ostapenko-iga-swiatek-va-perdre-sa-place-de-n1-mondiale\/#article\",\"isPartOf\":{\"@id\":\"https:\/\/dicodusport.fr\/blog\/us-open-2023-eliminee-par-ostapenko-iga-swiatek-va-perdre-sa-place-de-n1-mondiale\/\"},\"author\":{\"name\":\"S\u00e9bastien Gente\",\"@id\":\"https:\/\/dicodusport.fr\/blog\/#\/schema\/person\/627966a6cde45dbd8c5e36ac85d783da\"},\"headline\":\"US Open 2023 : \u00c9limin\u00e9e par Ostapenko, Iga Swiatek va perdre sa place de n\u00b01 mondiale\",\"datePublished\":\"2023-09-04T05:48:08+00:00\",\"dateModified\":\"2023-09-04T06:01:00+00:00\",\"mainEntityOfPage\":{\"@id\":\"https:\/\/dicodusport.fr\/blog\/us-open-2023-eliminee-par-ostapenko-iga-swiatek-va-perdre-sa-place-de-n1-mondiale\/\"},\"wordCount\":270,\"commentCount\":0,\"publisher\":{\"@id\":\"https:\/\/dicodusport.fr\/blog\/#organization\"},\"image\":{\"@id\":\"https:\/\/dicodusport.fr\/blog\/us-open-2023-eliminee-par-ostapenko-iga-swiatek-va-perdre-sa-place-de-n1-mondiale\/#primaryimage\"},\"thumbnailUrl\":\"https:\/\/dicodusport.fr\/blog\/wp-content\/uploads\/2023\/09\/US-Open-2023-Eliminee-par-Ostapenko-Iga-Swiatek-va-perdre-sa-place-de-n\u00b01-mondiale.png\",\"keywords\":[\"br\u00e8ve\",\"Iga Swiatek\"],\"articleSection\":[\"US Open\"],\"inLanguage\":\"fr-FR\",\"potentialAction\":[{\"@type\":\"CommentAction\",\"name\":\"Comment\",\"target\":[\"https:\/\/dicodusport.fr\/blog\/us-open-2023-eliminee-par-ostapenko-iga-swiatek-va-perdre-sa-place-de-n1-mondiale\/#respond\"]}],\"copyrightYear\":\"2023\",\"copyrightHolder\":{\"@id\":\"https:\/\/dicodusport.fr\/blog\/#organization\"}},{\"@type\":\"WebPage\",\"@id\":\"https:\/\/dicodusport.fr\/blog\/us-open-2023-eliminee-par-ostapenko-iga-swiatek-va-perdre-sa-place-de-n1-mondiale\/\",\"url\":\"https:\/\/dicodusport.fr\/blog\/us-open-2023-eliminee-par-ostapenko-iga-swiatek-va-perdre-sa-place-de-n1-mondiale\/\",\"name\":\"US Open 2023 : \u00c9limin\u00e9e par Ostapenko, Iga Swiatek va perdre sa place de n\u00b01 mondiale\",\"isPartOf\":{\"@id\":\"https:\/\/dicodusport.fr\/blog\/#website\"},\"primaryImageOfPage\":{\"@id\":\"https:\/\/dicodusport.fr\/blog\/us-open-2023-eliminee-par-ostapenko-iga-swiatek-va-perdre-sa-place-de-n1-mondiale\/#primaryimage\"},\"image\":{\"@id\":\"https:\/\/dicodusport.fr\/blog\/us-open-2023-eliminee-par-ostapenko-iga-swiatek-va-perdre-sa-place-de-n1-mondiale\/#primaryimage\"},\"thumbnailUrl\":\"https:\/\/dicodusport.fr\/blog\/wp-content\/uploads\/2023\/09\/US-Open-2023-Eliminee-par-Ostapenko-Iga-Swiatek-va-perdre-sa-place-de-n\u00b01-mondiale.png\",\"datePublished\":\"2023-09-04T05:48:08+00:00\",\"dateModified\":\"2023-09-04T06:01:00+00:00\",\"description\":\"SIMPLE DAMES DE L'US OPEN 2023 - Coup de tonnerre cette nuit \u00e0 New York, puisque Jelena Ostapenko s'est offert le scalp d'Iga Swiatek.\",\"breadcrumb\":{\"@id\":\"https:\/\/dicodusport.fr\/blog\/us-open-2023-eliminee-par-ostapenko-iga-swiatek-va-perdre-sa-place-de-n1-mondiale\/#breadcrumb\"},\"inLanguage\":\"fr-FR\",\"potentialAction\":[{\"@type\":\"ReadAction\",\"target\":[\"https:\/\/dicodusport.fr\/blog\/us-open-2023-eliminee-par-ostapenko-iga-swiatek-va-perdre-sa-place-de-n1-mondiale\/\"]}]},{\"@type\":\"ImageObject\",\"inLanguage\":\"fr-FR\",\"@id\":\"https:\/\/dicodusport.fr\/blog\/us-open-2023-eliminee-par-ostapenko-iga-swiatek-va-perdre-sa-place-de-n1-mondiale\/#primaryimage\",\"url\":\"https:\/\/dicodusport.fr\/blog\/wp-content\/uploads\/2023\/09\/US-Open-2023-Eliminee-par-Ostapenko-Iga-Swiatek-va-perdre-sa-place-de-n\u00b01-mondiale.png\",\"contentUrl\":\"https:\/\/dicodusport.fr\/blog\/wp-content\/uploads\/2023\/09\/US-Open-2023-Eliminee-par-Ostapenko-Iga-Swiatek-va-perdre-sa-place-de-n\u00b01-mondiale.png\",\"width\":800,\"height\":445,\"caption\":\"US Open 2023 \u00c9limin\u00e9e par Ostapenko, Iga Swiatek va perdre sa place de n\u00b01 mondiale\"},{\"@type\":\"BreadcrumbList\",\"@id\":\"https:\/\/dicodusport.fr\/blog\/us-open-2023-eliminee-par-ostapenko-iga-swiatek-va-perdre-sa-place-de-n1-mondiale\/#breadcrumb\",\"itemListElement\":[{\"@type\":\"ListItem\",\"position\":1,\"name\":\"Accueil\",\"item\":\"https:\/\/dicodusport.fr\/blog\/\"},{\"@type\":\"ListItem\",\"position\":2,\"name\":\"US Open 2023 : \u00c9limin\u00e9e par Ostapenko, Iga Swiatek va perdre sa place de n\u00b01 mondiale\"}]},{\"@type\":\"WebSite\",\"@id\":\"https:\/\/dicodusport.fr\/blog\/#website\",\"url\":\"https:\/\/dicodusport.fr\/blog\/\",\"name\":\"Dicodusport\",\"description\":\"L&#039;encyclop\u00e9die de l&#039;actualit\u00e9 sportive\",\"publisher\":{\"@id\":\"https:\/\/dicodusport.fr\/blog\/#organization\"},\"potentialAction\":[{\"@type\":\"SearchAction\",\"target\":{\"@type\":\"EntryPoint\",\"urlTemplate\":\"https:\/\/dicodusport.fr\/blog\/?s={search_term_string}\"},\"query-input\":{\"@type\":\"PropertyValueSpecification\",\"valueRequired\":true,\"valueName\":\"search_term_string\"}}],\"inLanguage\":\"fr-FR\"},{\"@type\":\"NewsMediaOrganization\",\"@id\":\"https:\/\/dicodusport.fr\/blog\/#organization\",\"name\":\"Dicodusport\",\"url\":\"https:\/\/dicodusport.fr\/blog\/\",\"logo\":{\"@type\":\"ImageObject\",\"inLanguage\":\"fr-FR\",\"@id\":\"https:\/\/dicodusport.fr\/blog\/#\/schema\/logo\/image\/\",\"url\":\"https:\/\/dicodusport.fr\/blog\/wp-content\/uploads\/2020\/06\/cropped-LOGO-DICODUSPORT-2020-SANS-FOND-SANS-TEXTE.png\",\"contentUrl\":\"https:\/\/dicodusport.fr\/blog\/wp-content\/uploads\/2020\/06\/cropped-LOGO-DICODUSPORT-2020-SANS-FOND-SANS-TEXTE.png\",\"width\":512,\"height\":512,\"caption\":\"Dicodusport\"},\"image\":{\"@id\":\"https:\/\/dicodusport.fr\/blog\/#\/schema\/logo\/image\/\"},\"sameAs\":[\"https:\/\/www.facebook.com\/dicodusport\",\"https:\/\/x.com\/dicodusport\",\"https:\/\/www.instagram.com\/dicodusport\/\",\"https:\/\/www.youtube.com\/channel\/UC7V2KZ5sd3htJivAbA4ZG3w\"],\"description\":\"Dicodusport est l'encyclop\u00e9die de l'actualit\u00e9 sportive.\",\"email\":\"bonjour@dicodusport.fr\",\"legalName\":\"DICODUSPORT\",\"foundingDate\":\"2018-01-14\",\"vatID\":\"FR71834470973\",\"taxID\":\"83447097300043\",\"numberOfEmployees\":{\"@type\":\"QuantitativeValue\",\"minValue\":\"1\",\"maxValue\":\"10\"}},{\"@type\":\"Person\",\"@id\":\"https:\/\/dicodusport.fr\/blog\/#\/schema\/person\/627966a6cde45dbd8c5e36ac85d783da\",\"name\":\"S\u00e9bastien Gente\",\"image\":{\"@type\":\"ImageObject\",\"inLanguage\":\"fr-FR\",\"@id\":\"https:\/\/dicodusport.fr\/blog\/#\/schema\/person\/image\/\",\"url\":\"https:\/\/dicodusport.fr\/blog\/wp-content\/uploads\/2021\/09\/1510990_10205810251400683_4124423575079401707_n-150x150.jpg\",\"contentUrl\":\"https:\/\/dicodusport.fr\/blog\/wp-content\/uploads\/2021\/09\/1510990_10205810251400683_4124423575079401707_n-150x150.jpg\",\"caption\":\"S\u00e9bastien Gente\"},\"description\":\"John Stockton, Gianni Bugno, Zinedine Zidane, Steffi Graf, Frode Andresen, St\u00e9phane Stoecklin, Davis Kamoga, Primoz Peterka, Werner Schlager et Aur\u00e9lien Rougerie. Point commun entre ces sportifs? Ils m'ont fait r\u00eaver et ont berc\u00e9 mon adolescence. Je suis un fondu de sports et j'essaie de retranscrire ma passion \u00e0 travers mes articles. Originaire du P\u00e9rigord, ma passion pour les Girondins, les Jaunards et les Jazzmen transpire dans mes \u00e9crits. \u00c0 Dicodusport depuis 2021, je d\u00e9niche les sports m\u00e9connus dans lesquels la France brille, et il y en a !\",\"sameAs\":[\"https:\/\/www.facebook.com\/sebastien.gente\/\",\"https:\/\/www.instagram.com\/sebgente\/\",\"https:\/\/www.linkedin.com\/in\/sbastien-gente-a29583169\/\",\"https:\/\/x.com\/https:\/\/twitter.com\/globulo24\",\"SebastienGente\"],\"worksFor\":\"S\u00e9bastien GENTE\",\"url\":\"https:\/\/dicodusport.fr\/blog\/author\/sebastiengente\/\"}]}<\/script>\n<!-- \/ Yoast SEO Premium plugin. -->","yoast_head_json":{"title":"US Open 2023 : \u00c9limin\u00e9e par Ostapenko, Iga Swiatek va perdre sa place de n\u00b01 mondiale","description":"SIMPLE DAMES DE L'US OPEN 2023 - Coup de tonnerre cette nuit \u00e0 New York, puisque Jelena Ostapenko s'est offert le scalp d'Iga Swiatek.","robots":{"index":"index","follow":"follow","max-snippet":"max-snippet:-1","max-image-preview":"max-image-preview:large","max-video-preview":"max-video-preview:-1"},"canonical":"https:\/\/dicodusport.fr\/blog\/us-open-2023-eliminee-par-ostapenko-iga-swiatek-va-perdre-sa-place-de-n1-mondiale\/","og_locale":"fr_FR","og_type":"article","og_title":"US Open 2023 : \u00c9limin\u00e9e par Ostapenko, Iga Swiatek va perdre sa place de n\u00b01 mondiale","og_description":"SIMPLE DAMES DE L'US OPEN 2023 - Coup de tonnerre cette nuit \u00e0 New York, puisque Jelena Ostapenko s'est offert le scalp d'Iga Swiatek.","og_url":"https:\/\/dicodusport.fr\/blog\/us-open-2023-eliminee-par-ostapenko-iga-swiatek-va-perdre-sa-place-de-n1-mondiale\/","og_site_name":"Dicodusport","article_publisher":"https:\/\/www.facebook.com\/dicodusport","article_author":"https:\/\/www.facebook.com\/sebastien.gente\/","article_published_time":"2023-09-04T05:48:08+00:00","article_modified_time":"2023-09-04T06:01:00+00:00","og_image":[{"width":800,"height":445,"url":"https:\/\/dicodusport.fr\/blog\/wp-content\/uploads\/2023\/09\/US-Open-2023-Eliminee-par-Ostapenko-Iga-Swiatek-va-perdre-sa-place-de-n\u00b01-mondiale.png","type":"image\/png"}],"author":"S\u00e9bastien Gente","twitter_card":"summary_large_image","twitter_title":"US Open 2023 : \u00c9limin\u00e9e par Ostapenko, Iga Swiatek va perdre sa place de n\u00b01 mondiale","twitter_creator":"@https:\/\/twitter.com\/globulo24","twitter_site":"@dicodusport","schema":{"@context":"https:\/\/schema.org","@graph":[{"@type":"NewsArticle","@id":"https:\/\/dicodusport.fr\/blog\/us-open-2023-eliminee-par-ostapenko-iga-swiatek-va-perdre-sa-place-de-n1-mondiale\/#article","isPartOf":{"@id":"https:\/\/dicodusport.fr\/blog\/us-open-2023-eliminee-par-ostapenko-iga-swiatek-va-perdre-sa-place-de-n1-mondiale\/"},"author":{"name":"S\u00e9bastien Gente","@id":"https:\/\/dicodusport.fr\/blog\/#\/schema\/person\/627966a6cde45dbd8c5e36ac85d783da"},"headline":"US Open 2023 : \u00c9limin\u00e9e par Ostapenko, Iga Swiatek va perdre sa place de n\u00b01 mondiale","datePublished":"2023-09-04T05:48:08+00:00","dateModified":"2023-09-04T06:01:00+00:00","mainEntityOfPage":{"@id":"https:\/\/dicodusport.fr\/blog\/us-open-2023-eliminee-par-ostapenko-iga-swiatek-va-perdre-sa-place-de-n1-mondiale\/"},"wordCount":270,"commentCount":0,"publisher":{"@id":"https:\/\/dicodusport.fr\/blog\/#organization"},"image":{"@id":"https:\/\/dicodusport.fr\/blog\/us-open-2023-eliminee-par-ostapenko-iga-swiatek-va-perdre-sa-place-de-n1-mondiale\/#primaryimage"},"thumbnailUrl":"https:\/\/dicodusport.fr\/blog\/wp-content\/uploads\/2023\/09\/US-Open-2023-Eliminee-par-Ostapenko-Iga-Swiatek-va-perdre-sa-place-de-n\u00b01-mondiale.png","keywords":["br\u00e8ve","Iga Swiatek"],"articleSection":["US Open"],"inLanguage":"fr-FR","potentialAction":[{"@type":"CommentAction","name":"Comment","target":["https:\/\/dicodusport.fr\/blog\/us-open-2023-eliminee-par-ostapenko-iga-swiatek-va-perdre-sa-place-de-n1-mondiale\/#respond"]}],"copyrightYear":"2023","copyrightHolder":{"@id":"https:\/\/dicodusport.fr\/blog\/#organization"}},{"@type":"WebPage","@id":"https:\/\/dicodusport.fr\/blog\/us-open-2023-eliminee-par-ostapenko-iga-swiatek-va-perdre-sa-place-de-n1-mondiale\/","url":"https:\/\/dicodusport.fr\/blog\/us-open-2023-eliminee-par-ostapenko-iga-swiatek-va-perdre-sa-place-de-n1-mondiale\/","name":"US Open 2023 : \u00c9limin\u00e9e par Ostapenko, Iga Swiatek va perdre sa place de n\u00b01 mondiale","isPartOf":{"@id":"https:\/\/dicodusport.fr\/blog\/#website"},"primaryImageOfPage":{"@id":"https:\/\/dicodusport.fr\/blog\/us-open-2023-eliminee-par-ostapenko-iga-swiatek-va-perdre-sa-place-de-n1-mondiale\/#primaryimage"},"image":{"@id":"https:\/\/dicodusport.fr\/blog\/us-open-2023-eliminee-par-ostapenko-iga-swiatek-va-perdre-sa-place-de-n1-mondiale\/#primaryimage"},"thumbnailUrl":"https:\/\/dicodusport.fr\/blog\/wp-content\/uploads\/2023\/09\/US-Open-2023-Eliminee-par-Ostapenko-Iga-Swiatek-va-perdre-sa-place-de-n\u00b01-mondiale.png","datePublished":"2023-09-04T05:48:08+00:00","dateModified":"2023-09-04T06:01:00+00:00","description":"SIMPLE DAMES DE L'US OPEN 2023 - Coup de tonnerre cette nuit \u00e0 New York, puisque Jelena Ostapenko s'est offert le scalp d'Iga Swiatek.","breadcrumb":{"@id":"https:\/\/dicodusport.fr\/blog\/us-open-2023-eliminee-par-ostapenko-iga-swiatek-va-perdre-sa-place-de-n1-mondiale\/#breadcrumb"},"inLanguage":"fr-FR","potentialAction":[{"@type":"ReadAction","target":["https:\/\/dicodusport.fr\/blog\/us-open-2023-eliminee-par-ostapenko-iga-swiatek-va-perdre-sa-place-de-n1-mondiale\/"]}]},{"@type":"ImageObject","inLanguage":"fr-FR","@id":"https:\/\/dicodusport.fr\/blog\/us-open-2023-eliminee-par-ostapenko-iga-swiatek-va-perdre-sa-place-de-n1-mondiale\/#primaryimage","url":"https:\/\/dicodusport.fr\/blog\/wp-content\/uploads\/2023\/09\/US-Open-2023-Eliminee-par-Ostapenko-Iga-Swiatek-va-perdre-sa-place-de-n\u00b01-mondiale.png","contentUrl":"https:\/\/dicodusport.fr\/blog\/wp-content\/uploads\/2023\/09\/US-Open-2023-Eliminee-par-Ostapenko-Iga-Swiatek-va-perdre-sa-place-de-n\u00b01-mondiale.png","width":800,"height":445,"caption":"US Open 2023 \u00c9limin\u00e9e par Ostapenko, Iga Swiatek va perdre sa place de n\u00b01 mondiale"},{"@type":"BreadcrumbList","@id":"https:\/\/dicodusport.fr\/blog\/us-open-2023-eliminee-par-ostapenko-iga-swiatek-va-perdre-sa-place-de-n1-mondiale\/#breadcrumb","itemListElement":[{"@type":"ListItem","position":1,"name":"Accueil","item":"https:\/\/dicodusport.fr\/blog\/"},{"@type":"ListItem","position":2,"name":"US Open 2023 : \u00c9limin\u00e9e par Ostapenko, Iga Swiatek va perdre sa place de n\u00b01 mondiale"}]},{"@type":"WebSite","@id":"https:\/\/dicodusport.fr\/blog\/#website","url":"https:\/\/dicodusport.fr\/blog\/","name":"Dicodusport","description":"L&#039;encyclop\u00e9die de l&#039;actualit\u00e9 sportive","publisher":{"@id":"https:\/\/dicodusport.fr\/blog\/#organization"},"potentialAction":[{"@type":"SearchAction","target":{"@type":"EntryPoint","urlTemplate":"https:\/\/dicodusport.fr\/blog\/?s={search_term_string}"},"query-input":{"@type":"PropertyValueSpecification","valueRequired":true,"valueName":"search_term_string"}}],"inLanguage":"fr-FR"},{"@type":"NewsMediaOrganization","@id":"https:\/\/dicodusport.fr\/blog\/#organization","name":"Dicodusport","url":"https:\/\/dicodusport.fr\/blog\/","logo":{"@type":"ImageObject","inLanguage":"fr-FR","@id":"https:\/\/dicodusport.fr\/blog\/#\/schema\/logo\/image\/","url":"https:\/\/dicodusport.fr\/blog\/wp-content\/uploads\/2020\/06\/cropped-LOGO-DICODUSPORT-2020-SANS-FOND-SANS-TEXTE.png","contentUrl":"https:\/\/dicodusport.fr\/blog\/wp-content\/uploads\/2020\/06\/cropped-LOGO-DICODUSPORT-2020-SANS-FOND-SANS-TEXTE.png","width":512,"height":512,"caption":"Dicodusport"},"image":{"@id":"https:\/\/dicodusport.fr\/blog\/#\/schema\/logo\/image\/"},"sameAs":["https:\/\/www.facebook.com\/dicodusport","https:\/\/x.com\/dicodusport","https:\/\/www.instagram.com\/dicodusport\/","https:\/\/www.youtube.com\/channel\/UC7V2KZ5sd3htJivAbA4ZG3w"],"description":"Dicodusport est l'encyclop\u00e9die de l'actualit\u00e9 sportive.","email":"bonjour@dicodusport.fr","legalName":"DICODUSPORT","foundingDate":"2018-01-14","vatID":"FR71834470973","taxID":"83447097300043","numberOfEmployees":{"@type":"QuantitativeValue","minValue":"1","maxValue":"10"}},{"@type":"Person","@id":"https:\/\/dicodusport.fr\/blog\/#\/schema\/person\/627966a6cde45dbd8c5e36ac85d783da","name":"S\u00e9bastien Gente","image":{"@type":"ImageObject","inLanguage":"fr-FR","@id":"https:\/\/dicodusport.fr\/blog\/#\/schema\/person\/image\/","url":"https:\/\/dicodusport.fr\/blog\/wp-content\/uploads\/2021\/09\/1510990_10205810251400683_4124423575079401707_n-150x150.jpg","contentUrl":"https:\/\/dicodusport.fr\/blog\/wp-content\/uploads\/2021\/09\/1510990_10205810251400683_4124423575079401707_n-150x150.jpg","caption":"S\u00e9bastien Gente"},"description":"John Stockton, Gianni Bugno, Zinedine Zidane, Steffi Graf, Frode Andresen, St\u00e9phane Stoecklin, Davis Kamoga, Primoz Peterka, Werner Schlager et Aur\u00e9lien Rougerie. Point commun entre ces sportifs? Ils m'ont fait r\u00eaver et ont berc\u00e9 mon adolescence. Je suis un fondu de sports et j'essaie de retranscrire ma passion \u00e0 travers mes articles. Originaire du P\u00e9rigord, ma passion pour les Girondins, les Jaunards et les Jazzmen transpire dans mes \u00e9crits. \u00c0 Dicodusport depuis 2021, je d\u00e9niche les sports m\u00e9connus dans lesquels la France brille, et il y en a !","sameAs":["https:\/\/www.facebook.com\/sebastien.gente\/","https:\/\/www.instagram.com\/sebgente\/","https:\/\/www.linkedin.com\/in\/sbastien-gente-a29583169\/","https:\/\/x.com\/https:\/\/twitter.com\/globulo24","SebastienGente"],"worksFor":"S\u00e9bastien GENTE","url":"https:\/\/dicodusport.fr\/blog\/author\/sebastiengente\/"}]}},"_links":{"self":[{"href":"https:\/\/dicodusport.fr\/blog\/wp-json\/wp\/v2\/posts\/415436","targetHints":{"allow":["GET"]}}],"collection":[{"href":"https:\/\/dicodusport.fr\/blog\/wp-json\/wp\/v2\/posts"}],"about":[{"href":"https:\/\/dicodusport.fr\/blog\/wp-json\/wp\/v2\/types\/post"}],"author":[{"embeddable":true,"href":"https:\/\/dicodusport.fr\/blog\/wp-json\/wp\/v2\/users\/59"}],"replies":[{"embeddable":true,"href":"https:\/\/dicodusport.fr\/blog\/wp-json\/wp\/v2\/comments?post=415436"}],"version-history":[{"count":0,"href":"https:\/\/dicodusport.fr\/blog\/wp-json\/wp\/v2\/posts\/415436\/revisions"}],"wp:featuredmedia":[{"embeddable":true,"href":"https:\/\/dicodusport.fr\/blog\/wp-json\/wp\/v2\/media\/415437"}],"wp:attachment":[{"href":"https:\/\/dicodusport.fr\/blog\/wp-json\/wp\/v2\/media?parent=415436"}],"wp:term":[{"taxonomy":"category","embeddable":true,"href":"https:\/\/dicodusport.fr\/blog\/wp-json\/wp\/v2\/categories?post=415436"},{"taxonomy":"post_tag","embeddable":true,"href":"https:\/\/dicodusport.fr\/blog\/wp-json\/wp\/v2\/tags?post=415436"}],"curies":[{"name":"wp","href":"https:\/\/api.w.org\/{rel}","templated":true}]}}