{"id":415441,"date":"2023-09-04T11:00:11","date_gmt":"2023-09-04T09:00:11","guid":{"rendered":"https:\/\/dicodusport.fr\/blog\/?p=415441&#038;preview=true&#038;preview_id=415441"},"modified":"2023-09-10T11:45:42","modified_gmt":"2023-09-10T09:45:42","slug":"judo-championnats-deurope-juniors-2023-la-selection-francaise","status":"publish","type":"post","link":"https:\/\/dicodusport.fr\/blog\/judo-championnats-deurope-juniors-2023-la-selection-francaise\/","title":{"rendered":"Judo &#8211; Championnats d&rsquo;Europe juniors 2023 : La s\u00e9lection fran\u00e7aise"},"content":{"rendered":"<p style=\"text-align: justify;\"><strong><em>JUDO &#8211;<\/em><\/strong><em> D\u00e9couvrez la s\u00e9lection tricolore pour les Championnats d&rsquo;Europe juniors qui se d\u00e9roulent du 7 au 10 septembre \u00e0 La Haye (Pays-Bas).<\/em><em><br \/>\n<\/em><\/p>\n<p style=\"text-align: justify;\">\u00c0 Prague en 2022, les Bleus avaient obtenu 5\u00a0m\u00e9dailles : la m\u00e9daille d&rsquo;argent de Chlo\u00e9 Devictor et les m\u00e9dailles de bronze de L\u00e9a Beres, Pauline Cuq et Alya De Carvalho. Ils avaient \u00e9galement remport\u00e9 la comp\u00e9tition par \u00e9quipes.<\/p>\n<h2>La s\u00e9lection f\u00e9minine<\/h2>\n<p><strong>-48 kg :<\/strong> Pauline Cuq<\/p>\n<p><strong>-52 kg :<\/strong> L\u00e9a Beres<\/p>\n<p><strong>-57 kg :<\/strong> Alya De Carvalho<\/p>\n<p><strong>-63 kg :<\/strong> Melkia Auchecorne, Julie Falgon<\/p>\n<p><strong>-70 kg :<\/strong> Lila Mazzarino<\/p>\n<p><strong>-78 kg :<\/strong> Ilana Bouvier, Morgane Rubiano<\/p>\n<p><strong>+78 kg :<\/strong> Oc\u00e9ane Diarrasouba<\/p>\n<p>&nbsp;<\/p>\n<h2 style=\"text-align: justify;\">La s\u00e9lection masculine<\/h2>\n<p><strong>-60 kg :<\/strong> Kelvin Ray, Roland Antonin ELion Gambou<\/p>\n<p><strong>-66 kg :<\/strong> Kylian Noel<\/p>\n<p><strong>-73 kg :<\/strong> Eliot Preve<\/p>\n<p><strong>-81 kg :<\/strong> Jason Okoye<\/p>\n<p><strong>-90 kg :<\/strong> K.David Ali<\/p>\n<p><strong>-100 kg :<\/strong> Mathias Anglionin, Maxence Bordin<\/p>\n<p><strong>+100 kg :<\/strong> Mathys Gomes Da Silva<\/p>\n<p>&nbsp;<\/p>\n<ul>\n<li><strong>\u00c0 lire aussi : <a title=\"Judo \u2013 Championnats d\u2019Europe juniors 2023 : le programme complet\" href=\"https:\/\/dicodusport.fr\/blog\/judo-championnats-deurope-juniors-202-le-programme-complet-copie\/\" target=\"_blank\" rel=\"noopener\">Le programme complet des Championnats d&rsquo;Europe<\/a><br \/>\n<\/strong><\/li>\n<\/ul>\n","protected":false},"excerpt":{"rendered":"<p>JUDO &#8211; D\u00e9couvrez la s\u00e9lection tricolore pour les Championnats d&rsquo;Europe juniors qui se d\u00e9roulent du 7 au 10 septembre \u00e0 La Haye (Pays-Bas).<\/p>\n","protected":false},"author":12,"featured_media":415445,"comment_status":"open","ping_status":"closed","sticky":false,"template":"","format":"standard","meta":{"_acf_changed":false,"_daextam_enable_autolinks":"","footnotes":""},"categories":[8651],"tags":[16878,26160,19266,68],"class_list":["post-415441","post","type-post","status-publish","format-standard","has-post-thumbnail","hentry","category-judo","tag-breve","tag-championnats-deurope-juniors-de-judo","tag-equipe-de-france-juniors-de-judo","tag-judo"],"acf":[],"yoast_head":"<!-- This site is optimized with the Yoast SEO Premium plugin v26.7 (Yoast SEO v26.7) - https:\/\/yoast.com\/wordpress\/plugins\/seo\/ -->\n<title>Judo - Championnats d&#039;Europe juniors 2023 : La s\u00e9lection fran\u00e7aise<\/title>\n<meta name=\"description\" content=\"JUDO - D\u00e9couvrez la s\u00e9lection tricolore pour les Championnats d&#039;Europe juniors qui se d\u00e9roulent du 7 au 10 septembre \u00e0 La Haye (Pays-Bas).\" \/>\n<meta name=\"robots\" content=\"index, follow, max-snippet:-1, max-image-preview:large, max-video-preview:-1\" \/>\n<link rel=\"canonical\" href=\"https:\/\/dicodusport.fr\/blog\/judo-championnats-deurope-juniors-2023-la-selection-francaise\/\" \/>\n<meta property=\"og:locale\" content=\"fr_FR\" \/>\n<meta property=\"og:type\" content=\"article\" \/>\n<meta property=\"og:title\" content=\"Judo - Championnats d&#039;Europe juniors 2023 : La s\u00e9lection fran\u00e7aise\" \/>\n<meta property=\"og:description\" content=\"JUDO - D\u00e9couvrez la s\u00e9lection tricolore pour les Championnats d&#039;Europe juniors qui se d\u00e9roulent du 7 au 10 septembre \u00e0 La Haye (Pays-Bas).\" \/>\n<meta property=\"og:url\" content=\"https:\/\/dicodusport.fr\/blog\/judo-championnats-deurope-juniors-2023-la-selection-francaise\/\" \/>\n<meta property=\"og:site_name\" content=\"Dicodusport\" \/>\n<meta property=\"article:publisher\" content=\"https:\/\/www.facebook.com\/dicodusport\" \/>\n<meta property=\"article:published_time\" content=\"2023-09-04T09:00:11+00:00\" \/>\n<meta property=\"article:modified_time\" content=\"2023-09-10T09:45:42+00:00\" \/>\n<meta property=\"og:image\" content=\"https:\/\/dicodusport.fr\/blog\/wp-content\/uploads\/2023\/09\/Judo-Championnats-dEurope-juniors-2023-La-selection-francaise.png\" \/>\n\t<meta property=\"og:image:width\" content=\"800\" \/>\n\t<meta property=\"og:image:height\" content=\"445\" \/>\n\t<meta property=\"og:image:type\" content=\"image\/png\" \/>\n<meta name=\"author\" content=\"Arlette Yeye\" \/>\n<meta name=\"twitter:card\" content=\"summary_large_image\" \/>\n<meta name=\"twitter:title\" content=\"Judo - Championnats d&#039;Europe juniors 2023 : La s\u00e9lection fran\u00e7aise\" \/>\n<meta name=\"twitter:creator\" content=\"@https:\/\/twitter.com\/Shiclette94\" \/>\n<meta name=\"twitter:site\" content=\"@dicodusport\" \/>\n<script type=\"application\/ld+json\" class=\"yoast-schema-graph\">{\"@context\":\"https:\/\/schema.org\",\"@graph\":[{\"@type\":\"NewsArticle\",\"@id\":\"https:\/\/dicodusport.fr\/blog\/judo-championnats-deurope-juniors-2023-la-selection-francaise\/#article\",\"isPartOf\":{\"@id\":\"https:\/\/dicodusport.fr\/blog\/judo-championnats-deurope-juniors-2023-la-selection-francaise\/\"},\"author\":{\"name\":\"Arlette Yeye\",\"@id\":\"https:\/\/dicodusport.fr\/blog\/#\/schema\/person\/cce96fa88785bd8573e3d43078ac8c79\"},\"headline\":\"Judo &#8211; Championnats d&rsquo;Europe juniors 2023 : La s\u00e9lection fran\u00e7aise\",\"datePublished\":\"2023-09-04T09:00:11+00:00\",\"dateModified\":\"2023-09-10T09:45:42+00:00\",\"mainEntityOfPage\":{\"@id\":\"https:\/\/dicodusport.fr\/blog\/judo-championnats-deurope-juniors-2023-la-selection-francaise\/\"},\"wordCount\":166,\"commentCount\":0,\"publisher\":{\"@id\":\"https:\/\/dicodusport.fr\/blog\/#organization\"},\"image\":{\"@id\":\"https:\/\/dicodusport.fr\/blog\/judo-championnats-deurope-juniors-2023-la-selection-francaise\/#primaryimage\"},\"thumbnailUrl\":\"https:\/\/dicodusport.fr\/blog\/wp-content\/uploads\/2023\/09\/Judo-Championnats-dEurope-juniors-2023-La-selection-francaise.png\",\"keywords\":[\"br\u00e8ve\",\"championnats d'Europe juniors de judo\",\"\u00e9quipe de France juniors de judo\",\"Judo\"],\"articleSection\":[\"Judo\"],\"inLanguage\":\"fr-FR\",\"potentialAction\":[{\"@type\":\"CommentAction\",\"name\":\"Comment\",\"target\":[\"https:\/\/dicodusport.fr\/blog\/judo-championnats-deurope-juniors-2023-la-selection-francaise\/#respond\"]}],\"copyrightYear\":\"2023\",\"copyrightHolder\":{\"@id\":\"https:\/\/dicodusport.fr\/blog\/#organization\"}},{\"@type\":\"WebPage\",\"@id\":\"https:\/\/dicodusport.fr\/blog\/judo-championnats-deurope-juniors-2023-la-selection-francaise\/\",\"url\":\"https:\/\/dicodusport.fr\/blog\/judo-championnats-deurope-juniors-2023-la-selection-francaise\/\",\"name\":\"Judo - Championnats d'Europe juniors 2023 : La s\u00e9lection fran\u00e7aise\",\"isPartOf\":{\"@id\":\"https:\/\/dicodusport.fr\/blog\/#website\"},\"primaryImageOfPage\":{\"@id\":\"https:\/\/dicodusport.fr\/blog\/judo-championnats-deurope-juniors-2023-la-selection-francaise\/#primaryimage\"},\"image\":{\"@id\":\"https:\/\/dicodusport.fr\/blog\/judo-championnats-deurope-juniors-2023-la-selection-francaise\/#primaryimage\"},\"thumbnailUrl\":\"https:\/\/dicodusport.fr\/blog\/wp-content\/uploads\/2023\/09\/Judo-Championnats-dEurope-juniors-2023-La-selection-francaise.png\",\"datePublished\":\"2023-09-04T09:00:11+00:00\",\"dateModified\":\"2023-09-10T09:45:42+00:00\",\"description\":\"JUDO - D\u00e9couvrez la s\u00e9lection tricolore pour les Championnats d'Europe juniors qui se d\u00e9roulent du 7 au 10 septembre \u00e0 La Haye (Pays-Bas).\",\"breadcrumb\":{\"@id\":\"https:\/\/dicodusport.fr\/blog\/judo-championnats-deurope-juniors-2023-la-selection-francaise\/#breadcrumb\"},\"inLanguage\":\"fr-FR\",\"potentialAction\":[{\"@type\":\"ReadAction\",\"target\":[\"https:\/\/dicodusport.fr\/blog\/judo-championnats-deurope-juniors-2023-la-selection-francaise\/\"]}]},{\"@type\":\"ImageObject\",\"inLanguage\":\"fr-FR\",\"@id\":\"https:\/\/dicodusport.fr\/blog\/judo-championnats-deurope-juniors-2023-la-selection-francaise\/#primaryimage\",\"url\":\"https:\/\/dicodusport.fr\/blog\/wp-content\/uploads\/2023\/09\/Judo-Championnats-dEurope-juniors-2023-La-selection-francaise.png\",\"contentUrl\":\"https:\/\/dicodusport.fr\/blog\/wp-content\/uploads\/2023\/09\/Judo-Championnats-dEurope-juniors-2023-La-selection-francaise.png\",\"width\":800,\"height\":445,\"caption\":\"Judo - Championnats d'Europe juniors 2023 La s\u00e9lection fran\u00e7aise\"},{\"@type\":\"BreadcrumbList\",\"@id\":\"https:\/\/dicodusport.fr\/blog\/judo-championnats-deurope-juniors-2023-la-selection-francaise\/#breadcrumb\",\"itemListElement\":[{\"@type\":\"ListItem\",\"position\":1,\"name\":\"Accueil\",\"item\":\"https:\/\/dicodusport.fr\/blog\/\"},{\"@type\":\"ListItem\",\"position\":2,\"name\":\"Judo &#8211; Championnats d&rsquo;Europe juniors 2023 : La s\u00e9lection fran\u00e7aise\"}]},{\"@type\":\"WebSite\",\"@id\":\"https:\/\/dicodusport.fr\/blog\/#website\",\"url\":\"https:\/\/dicodusport.fr\/blog\/\",\"name\":\"Dicodusport\",\"description\":\"L&#039;encyclop\u00e9die de l&#039;actualit\u00e9 sportive\",\"publisher\":{\"@id\":\"https:\/\/dicodusport.fr\/blog\/#organization\"},\"potentialAction\":[{\"@type\":\"SearchAction\",\"target\":{\"@type\":\"EntryPoint\",\"urlTemplate\":\"https:\/\/dicodusport.fr\/blog\/?s={search_term_string}\"},\"query-input\":{\"@type\":\"PropertyValueSpecification\",\"valueRequired\":true,\"valueName\":\"search_term_string\"}}],\"inLanguage\":\"fr-FR\"},{\"@type\":\"NewsMediaOrganization\",\"@id\":\"https:\/\/dicodusport.fr\/blog\/#organization\",\"name\":\"Dicodusport\",\"url\":\"https:\/\/dicodusport.fr\/blog\/\",\"logo\":{\"@type\":\"ImageObject\",\"inLanguage\":\"fr-FR\",\"@id\":\"https:\/\/dicodusport.fr\/blog\/#\/schema\/logo\/image\/\",\"url\":\"https:\/\/dicodusport.fr\/blog\/wp-content\/uploads\/2020\/06\/cropped-LOGO-DICODUSPORT-2020-SANS-FOND-SANS-TEXTE.png\",\"contentUrl\":\"https:\/\/dicodusport.fr\/blog\/wp-content\/uploads\/2020\/06\/cropped-LOGO-DICODUSPORT-2020-SANS-FOND-SANS-TEXTE.png\",\"width\":512,\"height\":512,\"caption\":\"Dicodusport\"},\"image\":{\"@id\":\"https:\/\/dicodusport.fr\/blog\/#\/schema\/logo\/image\/\"},\"sameAs\":[\"https:\/\/www.facebook.com\/dicodusport\",\"https:\/\/x.com\/dicodusport\",\"https:\/\/www.instagram.com\/dicodusport\/\",\"https:\/\/www.youtube.com\/channel\/UC7V2KZ5sd3htJivAbA4ZG3w\"],\"description\":\"Dicodusport est l'encyclop\u00e9die de l'actualit\u00e9 sportive.\",\"email\":\"bonjour@dicodusport.fr\",\"legalName\":\"DICODUSPORT\",\"foundingDate\":\"2018-01-14\",\"vatID\":\"FR71834470973\",\"taxID\":\"83447097300043\",\"numberOfEmployees\":{\"@type\":\"QuantitativeValue\",\"minValue\":\"1\",\"maxValue\":\"10\"}},{\"@type\":\"Person\",\"@id\":\"https:\/\/dicodusport.fr\/blog\/#\/schema\/person\/cce96fa88785bd8573e3d43078ac8c79\",\"name\":\"Arlette Yeye\",\"image\":{\"@type\":\"ImageObject\",\"inLanguage\":\"fr-FR\",\"@id\":\"https:\/\/dicodusport.fr\/blog\/#\/schema\/person\/image\/\",\"url\":\"https:\/\/secure.gravatar.com\/avatar\/dca4a6239e6d708e46c45d60e160de6c?s=96&d=wp_user_avatar&r=g\",\"contentUrl\":\"https:\/\/secure.gravatar.com\/avatar\/dca4a6239e6d708e46c45d60e160de6c?s=96&d=wp_user_avatar&r=g\",\"caption\":\"Arlette Yeye\"},\"description\":\"Journaliste\/r\u00e9dactrice depuis septembre 2015 - Supportrice de Chelsea, j'ai pour sports de pr\u00e9dilection le handball, l'athl\u00e9tisme et le tennis. Si je tweete plus vite que mon ombre, vous pouvez aussi me retrouver les week-ends sur les playgrounds de Bruxelles pour un petit foot ou basket entre potes. Parcourir la France, l'Europe et plus si affinit\u00e9s pour suivre mes sportifs pr\u00e9f\u00e9r\u00e9s ? Mon kif ! Et c'est avec plaisir que je partage les r\u00e9sultats des sports populaires mais \u00e9galement plus confidentiels pour Dicodusport.\",\"sameAs\":[\"https:\/\/x.com\/https:\/\/twitter.com\/Shiclette94\"],\"url\":\"https:\/\/dicodusport.fr\/blog\/author\/arlette\/\"}]}<\/script>\n<!-- \/ Yoast SEO Premium plugin. -->","yoast_head_json":{"title":"Judo - Championnats d'Europe juniors 2023 : La s\u00e9lection fran\u00e7aise","description":"JUDO - D\u00e9couvrez la s\u00e9lection tricolore pour les Championnats d'Europe juniors qui se d\u00e9roulent du 7 au 10 septembre \u00e0 La Haye (Pays-Bas).","robots":{"index":"index","follow":"follow","max-snippet":"max-snippet:-1","max-image-preview":"max-image-preview:large","max-video-preview":"max-video-preview:-1"},"canonical":"https:\/\/dicodusport.fr\/blog\/judo-championnats-deurope-juniors-2023-la-selection-francaise\/","og_locale":"fr_FR","og_type":"article","og_title":"Judo - Championnats d'Europe juniors 2023 : La s\u00e9lection fran\u00e7aise","og_description":"JUDO - D\u00e9couvrez la s\u00e9lection tricolore pour les Championnats d'Europe juniors qui se d\u00e9roulent du 7 au 10 septembre \u00e0 La Haye (Pays-Bas).","og_url":"https:\/\/dicodusport.fr\/blog\/judo-championnats-deurope-juniors-2023-la-selection-francaise\/","og_site_name":"Dicodusport","article_publisher":"https:\/\/www.facebook.com\/dicodusport","article_published_time":"2023-09-04T09:00:11+00:00","article_modified_time":"2023-09-10T09:45:42+00:00","og_image":[{"width":800,"height":445,"url":"https:\/\/dicodusport.fr\/blog\/wp-content\/uploads\/2023\/09\/Judo-Championnats-dEurope-juniors-2023-La-selection-francaise.png","type":"image\/png"}],"author":"Arlette Yeye","twitter_card":"summary_large_image","twitter_title":"Judo - Championnats d'Europe juniors 2023 : La s\u00e9lection fran\u00e7aise","twitter_creator":"@https:\/\/twitter.com\/Shiclette94","twitter_site":"@dicodusport","schema":{"@context":"https:\/\/schema.org","@graph":[{"@type":"NewsArticle","@id":"https:\/\/dicodusport.fr\/blog\/judo-championnats-deurope-juniors-2023-la-selection-francaise\/#article","isPartOf":{"@id":"https:\/\/dicodusport.fr\/blog\/judo-championnats-deurope-juniors-2023-la-selection-francaise\/"},"author":{"name":"Arlette Yeye","@id":"https:\/\/dicodusport.fr\/blog\/#\/schema\/person\/cce96fa88785bd8573e3d43078ac8c79"},"headline":"Judo &#8211; Championnats d&rsquo;Europe juniors 2023 : La s\u00e9lection fran\u00e7aise","datePublished":"2023-09-04T09:00:11+00:00","dateModified":"2023-09-10T09:45:42+00:00","mainEntityOfPage":{"@id":"https:\/\/dicodusport.fr\/blog\/judo-championnats-deurope-juniors-2023-la-selection-francaise\/"},"wordCount":166,"commentCount":0,"publisher":{"@id":"https:\/\/dicodusport.fr\/blog\/#organization"},"image":{"@id":"https:\/\/dicodusport.fr\/blog\/judo-championnats-deurope-juniors-2023-la-selection-francaise\/#primaryimage"},"thumbnailUrl":"https:\/\/dicodusport.fr\/blog\/wp-content\/uploads\/2023\/09\/Judo-Championnats-dEurope-juniors-2023-La-selection-francaise.png","keywords":["br\u00e8ve","championnats d'Europe juniors de judo","\u00e9quipe de France juniors de judo","Judo"],"articleSection":["Judo"],"inLanguage":"fr-FR","potentialAction":[{"@type":"CommentAction","name":"Comment","target":["https:\/\/dicodusport.fr\/blog\/judo-championnats-deurope-juniors-2023-la-selection-francaise\/#respond"]}],"copyrightYear":"2023","copyrightHolder":{"@id":"https:\/\/dicodusport.fr\/blog\/#organization"}},{"@type":"WebPage","@id":"https:\/\/dicodusport.fr\/blog\/judo-championnats-deurope-juniors-2023-la-selection-francaise\/","url":"https:\/\/dicodusport.fr\/blog\/judo-championnats-deurope-juniors-2023-la-selection-francaise\/","name":"Judo - Championnats d'Europe juniors 2023 : La s\u00e9lection fran\u00e7aise","isPartOf":{"@id":"https:\/\/dicodusport.fr\/blog\/#website"},"primaryImageOfPage":{"@id":"https:\/\/dicodusport.fr\/blog\/judo-championnats-deurope-juniors-2023-la-selection-francaise\/#primaryimage"},"image":{"@id":"https:\/\/dicodusport.fr\/blog\/judo-championnats-deurope-juniors-2023-la-selection-francaise\/#primaryimage"},"thumbnailUrl":"https:\/\/dicodusport.fr\/blog\/wp-content\/uploads\/2023\/09\/Judo-Championnats-dEurope-juniors-2023-La-selection-francaise.png","datePublished":"2023-09-04T09:00:11+00:00","dateModified":"2023-09-10T09:45:42+00:00","description":"JUDO - D\u00e9couvrez la s\u00e9lection tricolore pour les Championnats d'Europe juniors qui se d\u00e9roulent du 7 au 10 septembre \u00e0 La Haye (Pays-Bas).","breadcrumb":{"@id":"https:\/\/dicodusport.fr\/blog\/judo-championnats-deurope-juniors-2023-la-selection-francaise\/#breadcrumb"},"inLanguage":"fr-FR","potentialAction":[{"@type":"ReadAction","target":["https:\/\/dicodusport.fr\/blog\/judo-championnats-deurope-juniors-2023-la-selection-francaise\/"]}]},{"@type":"ImageObject","inLanguage":"fr-FR","@id":"https:\/\/dicodusport.fr\/blog\/judo-championnats-deurope-juniors-2023-la-selection-francaise\/#primaryimage","url":"https:\/\/dicodusport.fr\/blog\/wp-content\/uploads\/2023\/09\/Judo-Championnats-dEurope-juniors-2023-La-selection-francaise.png","contentUrl":"https:\/\/dicodusport.fr\/blog\/wp-content\/uploads\/2023\/09\/Judo-Championnats-dEurope-juniors-2023-La-selection-francaise.png","width":800,"height":445,"caption":"Judo - Championnats d'Europe juniors 2023 La s\u00e9lection fran\u00e7aise"},{"@type":"BreadcrumbList","@id":"https:\/\/dicodusport.fr\/blog\/judo-championnats-deurope-juniors-2023-la-selection-francaise\/#breadcrumb","itemListElement":[{"@type":"ListItem","position":1,"name":"Accueil","item":"https:\/\/dicodusport.fr\/blog\/"},{"@type":"ListItem","position":2,"name":"Judo &#8211; Championnats d&rsquo;Europe juniors 2023 : La s\u00e9lection fran\u00e7aise"}]},{"@type":"WebSite","@id":"https:\/\/dicodusport.fr\/blog\/#website","url":"https:\/\/dicodusport.fr\/blog\/","name":"Dicodusport","description":"L&#039;encyclop\u00e9die de l&#039;actualit\u00e9 sportive","publisher":{"@id":"https:\/\/dicodusport.fr\/blog\/#organization"},"potentialAction":[{"@type":"SearchAction","target":{"@type":"EntryPoint","urlTemplate":"https:\/\/dicodusport.fr\/blog\/?s={search_term_string}"},"query-input":{"@type":"PropertyValueSpecification","valueRequired":true,"valueName":"search_term_string"}}],"inLanguage":"fr-FR"},{"@type":"NewsMediaOrganization","@id":"https:\/\/dicodusport.fr\/blog\/#organization","name":"Dicodusport","url":"https:\/\/dicodusport.fr\/blog\/","logo":{"@type":"ImageObject","inLanguage":"fr-FR","@id":"https:\/\/dicodusport.fr\/blog\/#\/schema\/logo\/image\/","url":"https:\/\/dicodusport.fr\/blog\/wp-content\/uploads\/2020\/06\/cropped-LOGO-DICODUSPORT-2020-SANS-FOND-SANS-TEXTE.png","contentUrl":"https:\/\/dicodusport.fr\/blog\/wp-content\/uploads\/2020\/06\/cropped-LOGO-DICODUSPORT-2020-SANS-FOND-SANS-TEXTE.png","width":512,"height":512,"caption":"Dicodusport"},"image":{"@id":"https:\/\/dicodusport.fr\/blog\/#\/schema\/logo\/image\/"},"sameAs":["https:\/\/www.facebook.com\/dicodusport","https:\/\/x.com\/dicodusport","https:\/\/www.instagram.com\/dicodusport\/","https:\/\/www.youtube.com\/channel\/UC7V2KZ5sd3htJivAbA4ZG3w"],"description":"Dicodusport est l'encyclop\u00e9die de l'actualit\u00e9 sportive.","email":"bonjour@dicodusport.fr","legalName":"DICODUSPORT","foundingDate":"2018-01-14","vatID":"FR71834470973","taxID":"83447097300043","numberOfEmployees":{"@type":"QuantitativeValue","minValue":"1","maxValue":"10"}},{"@type":"Person","@id":"https:\/\/dicodusport.fr\/blog\/#\/schema\/person\/cce96fa88785bd8573e3d43078ac8c79","name":"Arlette Yeye","image":{"@type":"ImageObject","inLanguage":"fr-FR","@id":"https:\/\/dicodusport.fr\/blog\/#\/schema\/person\/image\/","url":"https:\/\/secure.gravatar.com\/avatar\/dca4a6239e6d708e46c45d60e160de6c?s=96&d=wp_user_avatar&r=g","contentUrl":"https:\/\/secure.gravatar.com\/avatar\/dca4a6239e6d708e46c45d60e160de6c?s=96&d=wp_user_avatar&r=g","caption":"Arlette Yeye"},"description":"Journaliste\/r\u00e9dactrice depuis septembre 2015 - Supportrice de Chelsea, j'ai pour sports de pr\u00e9dilection le handball, l'athl\u00e9tisme et le tennis. Si je tweete plus vite que mon ombre, vous pouvez aussi me retrouver les week-ends sur les playgrounds de Bruxelles pour un petit foot ou basket entre potes. Parcourir la France, l'Europe et plus si affinit\u00e9s pour suivre mes sportifs pr\u00e9f\u00e9r\u00e9s ? Mon kif ! Et c'est avec plaisir que je partage les r\u00e9sultats des sports populaires mais \u00e9galement plus confidentiels pour Dicodusport.","sameAs":["https:\/\/x.com\/https:\/\/twitter.com\/Shiclette94"],"url":"https:\/\/dicodusport.fr\/blog\/author\/arlette\/"}]}},"_links":{"self":[{"href":"https:\/\/dicodusport.fr\/blog\/wp-json\/wp\/v2\/posts\/415441","targetHints":{"allow":["GET"]}}],"collection":[{"href":"https:\/\/dicodusport.fr\/blog\/wp-json\/wp\/v2\/posts"}],"about":[{"href":"https:\/\/dicodusport.fr\/blog\/wp-json\/wp\/v2\/types\/post"}],"author":[{"embeddable":true,"href":"https:\/\/dicodusport.fr\/blog\/wp-json\/wp\/v2\/users\/12"}],"replies":[{"embeddable":true,"href":"https:\/\/dicodusport.fr\/blog\/wp-json\/wp\/v2\/comments?post=415441"}],"version-history":[{"count":0,"href":"https:\/\/dicodusport.fr\/blog\/wp-json\/wp\/v2\/posts\/415441\/revisions"}],"wp:featuredmedia":[{"embeddable":true,"href":"https:\/\/dicodusport.fr\/blog\/wp-json\/wp\/v2\/media\/415445"}],"wp:attachment":[{"href":"https:\/\/dicodusport.fr\/blog\/wp-json\/wp\/v2\/media?parent=415441"}],"wp:term":[{"taxonomy":"category","embeddable":true,"href":"https:\/\/dicodusport.fr\/blog\/wp-json\/wp\/v2\/categories?post=415441"},{"taxonomy":"post_tag","embeddable":true,"href":"https:\/\/dicodusport.fr\/blog\/wp-json\/wp\/v2\/tags?post=415441"}],"curies":[{"name":"wp","href":"https:\/\/api.w.org\/{rel}","templated":true}]}}