{"id":415452,"date":"2023-09-24T15:22:47","date_gmt":"2023-09-24T13:22:47","guid":{"rendered":"https:\/\/dicodusport.fr\/blog\/?p=415452&#038;preview=true&#038;preview_id=415452"},"modified":"2023-09-24T16:10:55","modified_gmt":"2023-09-24T14:10:55","slug":"judo-grand-slam-de-bakou-2023-le-programme-complet","status":"publish","type":"post","link":"https:\/\/dicodusport.fr\/blog\/judo-grand-slam-de-bakou-2023-le-programme-complet\/","title":{"rendered":"Judo &#8211; Grand Slam de Bakou 2023 : le programme complet"},"content":{"rendered":"<p style=\"text-align: justify;\"><strong><em>JUDO &#8211; Le Grand Slam de Bakou se d\u00e9roule du vendredi 22 au dimanche 24 septembre. Programme de la comp\u00e9tition.<\/em><\/strong><\/p>\n<h3 style=\"text-align: justify;\">Vendredi 22 septembre<\/h3>\n<p style=\"text-align: justify;\"><strong>6h30 : \u00e9liminatoires<\/strong><br \/>\n<strong>14h : finales\u00a0<\/strong><\/p>\n<p style=\"text-align: justify;\"><strong>Femmes<\/strong><br \/>\n<a href=\"https:\/\/judobase.ijf.org\/#\/competition\/profile\/2450\/contest_sheets\/8\" target=\"_blank\" rel=\"noopener\">-48 kg<\/a>, <a href=\"https:\/\/judobase.ijf.org\/#\/competition\/profile\/2450\/contest_sheets\/9\" target=\"_blank\" rel=\"noopener\">-52 kg<\/a>, <a href=\"https:\/\/judobase.ijf.org\/#\/competition\/profile\/2450\/contest_sheets\/10\" target=\"_blank\" rel=\"noopener\">-57 kg<\/a><\/p>\n<p style=\"text-align: justify;\"><strong>Hommes<\/strong><br \/>\n<a href=\"https:\/\/judobase.ijf.org\/#\/competition\/profile\/2450\/contest_sheets\/1\" target=\"_blank\" rel=\"noopener\">-60 kg<\/a>, <a href=\"https:\/\/judobase.ijf.org\/#\/competition\/profile\/2450\/contest_sheets\/2\" target=\"_blank\" rel=\"noopener\">-66 kg<\/a><\/p>\n<ul>\n<li><a title=\"Grand Slam de Bakou 2023 : Shirine Boukli et Romain Valadier-Picard en bronze\" href=\"https:\/\/dicodusport.fr\/blog\/grand-slam-de-bakou-2023-shirine-boukli-et-romain-valadier-picard-en-bronze\/\" target=\"_blank\" rel=\"noopener\"><strong>Shirine Boukli et Romain Valadier-Picard en bronze<\/strong><\/a><\/li>\n<li><a title=\"Grand Slam de Bakou 2023 : Priscilla Gneto \u00e9galement en bronze\" href=\"https:\/\/dicodusport.fr\/blog\/grand-slam-de-bakou-2023-priscilla-gneto-egalement-en-bronze\/\" target=\"_blank\" rel=\"noopener\"><strong>Priscilla Gneto en bronze<\/strong><\/a><\/li>\n<\/ul>\n<hr \/>\n<h3 style=\"text-align: justify;\">Samedi 23 septembre<\/h3>\n<p style=\"text-align: justify;\"><strong>7h30 : \u00e9liminatoires<\/strong><br \/>\n<strong>14h : finales<\/strong><\/p>\n<p style=\"text-align: justify;\"><strong>Femmes<\/strong><br \/>\n<a href=\"https:\/\/judobase.ijf.org\/#\/competition\/profile\/2450\/contest_sheets\/11\" target=\"_blank\" rel=\"noopener\">-63 kg<\/a>, <a href=\"https:\/\/judobase.ijf.org\/#\/competition\/profile\/2450\/contest_sheets\/12\" target=\"_blank\" rel=\"noopener\">-70 kg<\/a><\/p>\n<p style=\"text-align: justify;\"><strong>Hommes<\/strong><br \/>\n<a href=\"https:\/\/judobase.ijf.org\/#\/competition\/profile\/2450\/contest_sheets\/3\" target=\"_blank\" rel=\"noopener\">-73 kg<\/a>, <a href=\"https:\/\/judobase.ijf.org\/#\/competition\/profile\/2450\/contest_sheets\/4\" target=\"_blank\" rel=\"noopener\">-81 kg<\/a><\/p>\n<ul>\n<li><a href=\"https:\/\/dicodusport.fr\/blog\/grand-slam-de-bakou-marie-eve-gahie-empoche-le-bronze\/\" target=\"_blank\" rel=\"noopener\"><strong>Marie-\u00c8ve Gahi\u00e9 en bronze<\/strong><\/a><\/li>\n<\/ul>\n<hr \/>\n<h3 style=\"text-align: justify;\">Dimanche 24 septembre<\/h3>\n<p style=\"text-align: justify;\"><strong>7h30 : \u00e9liminatoires<\/strong><br \/>\n<strong>14h : finales<\/strong><\/p>\n<p style=\"text-align: justify;\"><strong>Femmes<\/strong><br \/>\n<a href=\"https:\/\/judobase.ijf.org\/#\/competition\/profile\/2450\/contest_sheets\/13\" target=\"_blank\" rel=\"noopener\">-78 kg<\/a>, <a href=\"https:\/\/judobase.ijf.org\/#\/competition\/profile\/2450\/contest_sheets\/14\" target=\"_blank\" rel=\"noopener\">+78 kg<\/a><\/p>\n<p style=\"text-align: justify;\"><strong>Hommes<\/strong><br \/>\n<a href=\"https:\/\/judobase.ijf.org\/#\/competition\/profile\/2450\/contest_sheets\/5\" target=\"_blank\" rel=\"noopener\">-90 kg<\/a>, <a href=\"https:\/\/judobase.ijf.org\/#\/competition\/profile\/2450\/contest_sheets\/6\" target=\"_blank\" rel=\"noopener\">-100 kg<\/a>, <a href=\"https:\/\/judobase.ijf.org\/#\/competition\/profile\/2450\/contest_sheets\/7\" target=\"_blank\" rel=\"noopener\">+100 kg<\/a><\/p>\n<ul>\n<li><a title=\"Grand Slam de Bakou 2023 : Aur\u00e9lien Diesse d\u00e9croche sa premi\u00e8re m\u00e9daille de bronze\" href=\"https:\/\/dicodusport.fr\/blog\/grand-slam-de-bakou-2023-aurelien-diesse-decroche-sa-premiere-medaille-de-bronze\/\" target=\"_blank\" rel=\"noopener\"><strong>Aur\u00e9lien Diesse en bronze<\/strong><\/a><\/li>\n<\/ul>\n<hr \/>\n<p style=\"text-align: justify;\">Tous les combats sont \u00e0 suivre sur <a href=\"https:\/\/judotv.com\/competitions\/gs_aze2023\/overview\" target=\"_blank\" rel=\"noopener\"><strong>Judo TV<\/strong><\/a><strong> (compte payant en France)<\/strong>.<\/p>\n<p style=\"text-align: justify;\">Les finales sont \u00e0 suivre en int\u00e9gralit\u00e9 sur <strong>Eurosport player <\/strong>les 3 jours et sur <strong>Eurosport 2 <\/strong>vendredi, \u00e0 partir de 14h.<\/p>\n<p>&nbsp;<\/p>\n<ul>\n<li><strong>A lire aussi : <a href=\"https:\/\/dicodusport.fr\/blog\/judo-grand-slam-de-bakou-2023-la-selection-francaise\/\" target=\"_blank\" rel=\"noopener\">La s\u00e9lection fran\u00e7aise pour le Grand Slam de Bakou<\/a><\/strong><\/li>\n<\/ul>\n","protected":false},"excerpt":{"rendered":"<p>JUDO &#8211; Le Grand Slam de Bakou se d\u00e9roule du vendredi 22 au dimanche 24 septembre. Programme de la comp\u00e9tition.<\/p>\n","protected":false},"author":12,"featured_media":420540,"comment_status":"open","ping_status":"closed","sticky":false,"template":"","format":"standard","meta":{"_acf_changed":false,"_daextam_enable_autolinks":"","footnotes":""},"categories":[8651],"tags":[16878,68],"class_list":["post-415452","post","type-post","status-publish","format-standard","has-post-thumbnail","hentry","category-judo","tag-breve","tag-judo"],"acf":[],"yoast_head":"<!-- This site is optimized with the Yoast SEO Premium plugin v26.7 (Yoast SEO v26.7) - https:\/\/yoast.com\/wordpress\/plugins\/seo\/ -->\n<title>Judo - Grand Slam de Bakou 2023 : le programme complet<\/title>\n<meta name=\"description\" content=\"JUDO - Le Grand Slam de Bakou se d\u00e9roule du vendredi 22 au dimanche 24 septembre. Programme de la comp\u00e9tition.\" \/>\n<meta name=\"robots\" content=\"index, follow, max-snippet:-1, max-image-preview:large, max-video-preview:-1\" \/>\n<link rel=\"canonical\" href=\"https:\/\/dicodusport.fr\/blog\/judo-grand-slam-de-bakou-2023-le-programme-complet\/\" \/>\n<meta property=\"og:locale\" content=\"fr_FR\" \/>\n<meta property=\"og:type\" content=\"article\" \/>\n<meta property=\"og:title\" content=\"Judo - Grand Slam de Bakou 2023 : le programme complet\" \/>\n<meta property=\"og:description\" content=\"JUDO - Le Grand Slam de Bakou se d\u00e9roule du vendredi 22 au dimanche 24 septembre. Programme de la comp\u00e9tition.\" \/>\n<meta property=\"og:url\" content=\"https:\/\/dicodusport.fr\/blog\/judo-grand-slam-de-bakou-2023-le-programme-complet\/\" \/>\n<meta property=\"og:site_name\" content=\"Dicodusport\" \/>\n<meta property=\"article:publisher\" content=\"https:\/\/www.facebook.com\/dicodusport\" \/>\n<meta property=\"article:published_time\" content=\"2023-09-24T13:22:47+00:00\" \/>\n<meta property=\"article:modified_time\" content=\"2023-09-24T14:10:55+00:00\" \/>\n<meta property=\"og:image\" content=\"https:\/\/dicodusport.fr\/blog\/wp-content\/uploads\/2023\/09\/Judo-Grand-Slam-de-Bakou-2023-le-programme-complet.png\" \/>\n\t<meta property=\"og:image:width\" content=\"800\" \/>\n\t<meta property=\"og:image:height\" content=\"445\" \/>\n\t<meta property=\"og:image:type\" content=\"image\/png\" \/>\n<meta name=\"author\" content=\"Arlette Yeye\" \/>\n<meta name=\"twitter:card\" content=\"summary_large_image\" \/>\n<meta name=\"twitter:title\" content=\"Judo - Grand Slam de Bakou 2023 : le programme complet\" \/>\n<meta name=\"twitter:creator\" content=\"@https:\/\/twitter.com\/Shiclette94\" \/>\n<meta name=\"twitter:site\" content=\"@dicodusport\" \/>\n<script type=\"application\/ld+json\" class=\"yoast-schema-graph\">{\"@context\":\"https:\/\/schema.org\",\"@graph\":[{\"@type\":\"NewsArticle\",\"@id\":\"https:\/\/dicodusport.fr\/blog\/judo-grand-slam-de-bakou-2023-le-programme-complet\/#article\",\"isPartOf\":{\"@id\":\"https:\/\/dicodusport.fr\/blog\/judo-grand-slam-de-bakou-2023-le-programme-complet\/\"},\"author\":{\"name\":\"Arlette Yeye\",\"@id\":\"https:\/\/dicodusport.fr\/blog\/#\/schema\/person\/cce96fa88785bd8573e3d43078ac8c79\"},\"headline\":\"Judo &#8211; Grand Slam de Bakou 2023 : le programme complet\",\"datePublished\":\"2023-09-24T13:22:47+00:00\",\"dateModified\":\"2023-09-24T14:10:55+00:00\",\"mainEntityOfPage\":{\"@id\":\"https:\/\/dicodusport.fr\/blog\/judo-grand-slam-de-bakou-2023-le-programme-complet\/\"},\"wordCount\":146,\"commentCount\":0,\"publisher\":{\"@id\":\"https:\/\/dicodusport.fr\/blog\/#organization\"},\"image\":{\"@id\":\"https:\/\/dicodusport.fr\/blog\/judo-grand-slam-de-bakou-2023-le-programme-complet\/#primaryimage\"},\"thumbnailUrl\":\"https:\/\/dicodusport.fr\/blog\/wp-content\/uploads\/2023\/09\/Judo-Grand-Slam-de-Bakou-2023-le-programme-complet.png\",\"keywords\":[\"br\u00e8ve\",\"Judo\"],\"articleSection\":[\"Judo\"],\"inLanguage\":\"fr-FR\",\"potentialAction\":[{\"@type\":\"CommentAction\",\"name\":\"Comment\",\"target\":[\"https:\/\/dicodusport.fr\/blog\/judo-grand-slam-de-bakou-2023-le-programme-complet\/#respond\"]}],\"copyrightYear\":\"2023\",\"copyrightHolder\":{\"@id\":\"https:\/\/dicodusport.fr\/blog\/#organization\"}},{\"@type\":\"WebPage\",\"@id\":\"https:\/\/dicodusport.fr\/blog\/judo-grand-slam-de-bakou-2023-le-programme-complet\/\",\"url\":\"https:\/\/dicodusport.fr\/blog\/judo-grand-slam-de-bakou-2023-le-programme-complet\/\",\"name\":\"Judo - Grand Slam de Bakou 2023 : le programme complet\",\"isPartOf\":{\"@id\":\"https:\/\/dicodusport.fr\/blog\/#website\"},\"primaryImageOfPage\":{\"@id\":\"https:\/\/dicodusport.fr\/blog\/judo-grand-slam-de-bakou-2023-le-programme-complet\/#primaryimage\"},\"image\":{\"@id\":\"https:\/\/dicodusport.fr\/blog\/judo-grand-slam-de-bakou-2023-le-programme-complet\/#primaryimage\"},\"thumbnailUrl\":\"https:\/\/dicodusport.fr\/blog\/wp-content\/uploads\/2023\/09\/Judo-Grand-Slam-de-Bakou-2023-le-programme-complet.png\",\"datePublished\":\"2023-09-24T13:22:47+00:00\",\"dateModified\":\"2023-09-24T14:10:55+00:00\",\"description\":\"JUDO - Le Grand Slam de Bakou se d\u00e9roule du vendredi 22 au dimanche 24 septembre. Programme de la comp\u00e9tition.\",\"breadcrumb\":{\"@id\":\"https:\/\/dicodusport.fr\/blog\/judo-grand-slam-de-bakou-2023-le-programme-complet\/#breadcrumb\"},\"inLanguage\":\"fr-FR\",\"potentialAction\":[{\"@type\":\"ReadAction\",\"target\":[\"https:\/\/dicodusport.fr\/blog\/judo-grand-slam-de-bakou-2023-le-programme-complet\/\"]}]},{\"@type\":\"ImageObject\",\"inLanguage\":\"fr-FR\",\"@id\":\"https:\/\/dicodusport.fr\/blog\/judo-grand-slam-de-bakou-2023-le-programme-complet\/#primaryimage\",\"url\":\"https:\/\/dicodusport.fr\/blog\/wp-content\/uploads\/2023\/09\/Judo-Grand-Slam-de-Bakou-2023-le-programme-complet.png\",\"contentUrl\":\"https:\/\/dicodusport.fr\/blog\/wp-content\/uploads\/2023\/09\/Judo-Grand-Slam-de-Bakou-2023-le-programme-complet.png\",\"width\":800,\"height\":445,\"caption\":\"Judo - Grand Slam de Bakou 2023 le programme complet\"},{\"@type\":\"BreadcrumbList\",\"@id\":\"https:\/\/dicodusport.fr\/blog\/judo-grand-slam-de-bakou-2023-le-programme-complet\/#breadcrumb\",\"itemListElement\":[{\"@type\":\"ListItem\",\"position\":1,\"name\":\"Accueil\",\"item\":\"https:\/\/dicodusport.fr\/blog\/\"},{\"@type\":\"ListItem\",\"position\":2,\"name\":\"Judo &#8211; Grand Slam de Bakou 2023 : le programme complet\"}]},{\"@type\":\"WebSite\",\"@id\":\"https:\/\/dicodusport.fr\/blog\/#website\",\"url\":\"https:\/\/dicodusport.fr\/blog\/\",\"name\":\"Dicodusport\",\"description\":\"L&#039;encyclop\u00e9die de l&#039;actualit\u00e9 sportive\",\"publisher\":{\"@id\":\"https:\/\/dicodusport.fr\/blog\/#organization\"},\"potentialAction\":[{\"@type\":\"SearchAction\",\"target\":{\"@type\":\"EntryPoint\",\"urlTemplate\":\"https:\/\/dicodusport.fr\/blog\/?s={search_term_string}\"},\"query-input\":{\"@type\":\"PropertyValueSpecification\",\"valueRequired\":true,\"valueName\":\"search_term_string\"}}],\"inLanguage\":\"fr-FR\"},{\"@type\":\"NewsMediaOrganization\",\"@id\":\"https:\/\/dicodusport.fr\/blog\/#organization\",\"name\":\"Dicodusport\",\"url\":\"https:\/\/dicodusport.fr\/blog\/\",\"logo\":{\"@type\":\"ImageObject\",\"inLanguage\":\"fr-FR\",\"@id\":\"https:\/\/dicodusport.fr\/blog\/#\/schema\/logo\/image\/\",\"url\":\"https:\/\/dicodusport.fr\/blog\/wp-content\/uploads\/2020\/06\/cropped-LOGO-DICODUSPORT-2020-SANS-FOND-SANS-TEXTE.png\",\"contentUrl\":\"https:\/\/dicodusport.fr\/blog\/wp-content\/uploads\/2020\/06\/cropped-LOGO-DICODUSPORT-2020-SANS-FOND-SANS-TEXTE.png\",\"width\":512,\"height\":512,\"caption\":\"Dicodusport\"},\"image\":{\"@id\":\"https:\/\/dicodusport.fr\/blog\/#\/schema\/logo\/image\/\"},\"sameAs\":[\"https:\/\/www.facebook.com\/dicodusport\",\"https:\/\/x.com\/dicodusport\",\"https:\/\/www.instagram.com\/dicodusport\/\",\"https:\/\/www.youtube.com\/channel\/UC7V2KZ5sd3htJivAbA4ZG3w\"],\"description\":\"Dicodusport est l'encyclop\u00e9die de l'actualit\u00e9 sportive.\",\"email\":\"bonjour@dicodusport.fr\",\"legalName\":\"DICODUSPORT\",\"foundingDate\":\"2018-01-14\",\"vatID\":\"FR71834470973\",\"taxID\":\"83447097300043\",\"numberOfEmployees\":{\"@type\":\"QuantitativeValue\",\"minValue\":\"1\",\"maxValue\":\"10\"}},{\"@type\":\"Person\",\"@id\":\"https:\/\/dicodusport.fr\/blog\/#\/schema\/person\/cce96fa88785bd8573e3d43078ac8c79\",\"name\":\"Arlette Yeye\",\"image\":{\"@type\":\"ImageObject\",\"inLanguage\":\"fr-FR\",\"@id\":\"https:\/\/dicodusport.fr\/blog\/#\/schema\/person\/image\/\",\"url\":\"https:\/\/secure.gravatar.com\/avatar\/dca4a6239e6d708e46c45d60e160de6c?s=96&d=wp_user_avatar&r=g\",\"contentUrl\":\"https:\/\/secure.gravatar.com\/avatar\/dca4a6239e6d708e46c45d60e160de6c?s=96&d=wp_user_avatar&r=g\",\"caption\":\"Arlette Yeye\"},\"description\":\"Journaliste\/r\u00e9dactrice depuis septembre 2015 - Supportrice de Chelsea, j'ai pour sports de pr\u00e9dilection le handball, l'athl\u00e9tisme et le tennis. Si je tweete plus vite que mon ombre, vous pouvez aussi me retrouver les week-ends sur les playgrounds de Bruxelles pour un petit foot ou basket entre potes. Parcourir la France, l'Europe et plus si affinit\u00e9s pour suivre mes sportifs pr\u00e9f\u00e9r\u00e9s ? Mon kif ! Et c'est avec plaisir que je partage les r\u00e9sultats des sports populaires mais \u00e9galement plus confidentiels pour Dicodusport.\",\"sameAs\":[\"https:\/\/x.com\/https:\/\/twitter.com\/Shiclette94\"],\"url\":\"https:\/\/dicodusport.fr\/blog\/author\/arlette\/\"}]}<\/script>\n<!-- \/ Yoast SEO Premium plugin. -->","yoast_head_json":{"title":"Judo - Grand Slam de Bakou 2023 : le programme complet","description":"JUDO - Le Grand Slam de Bakou se d\u00e9roule du vendredi 22 au dimanche 24 septembre. Programme de la comp\u00e9tition.","robots":{"index":"index","follow":"follow","max-snippet":"max-snippet:-1","max-image-preview":"max-image-preview:large","max-video-preview":"max-video-preview:-1"},"canonical":"https:\/\/dicodusport.fr\/blog\/judo-grand-slam-de-bakou-2023-le-programme-complet\/","og_locale":"fr_FR","og_type":"article","og_title":"Judo - Grand Slam de Bakou 2023 : le programme complet","og_description":"JUDO - Le Grand Slam de Bakou se d\u00e9roule du vendredi 22 au dimanche 24 septembre. Programme de la comp\u00e9tition.","og_url":"https:\/\/dicodusport.fr\/blog\/judo-grand-slam-de-bakou-2023-le-programme-complet\/","og_site_name":"Dicodusport","article_publisher":"https:\/\/www.facebook.com\/dicodusport","article_published_time":"2023-09-24T13:22:47+00:00","article_modified_time":"2023-09-24T14:10:55+00:00","og_image":[{"width":800,"height":445,"url":"https:\/\/dicodusport.fr\/blog\/wp-content\/uploads\/2023\/09\/Judo-Grand-Slam-de-Bakou-2023-le-programme-complet.png","type":"image\/png"}],"author":"Arlette Yeye","twitter_card":"summary_large_image","twitter_title":"Judo - Grand Slam de Bakou 2023 : le programme complet","twitter_creator":"@https:\/\/twitter.com\/Shiclette94","twitter_site":"@dicodusport","schema":{"@context":"https:\/\/schema.org","@graph":[{"@type":"NewsArticle","@id":"https:\/\/dicodusport.fr\/blog\/judo-grand-slam-de-bakou-2023-le-programme-complet\/#article","isPartOf":{"@id":"https:\/\/dicodusport.fr\/blog\/judo-grand-slam-de-bakou-2023-le-programme-complet\/"},"author":{"name":"Arlette Yeye","@id":"https:\/\/dicodusport.fr\/blog\/#\/schema\/person\/cce96fa88785bd8573e3d43078ac8c79"},"headline":"Judo &#8211; Grand Slam de Bakou 2023 : le programme complet","datePublished":"2023-09-24T13:22:47+00:00","dateModified":"2023-09-24T14:10:55+00:00","mainEntityOfPage":{"@id":"https:\/\/dicodusport.fr\/blog\/judo-grand-slam-de-bakou-2023-le-programme-complet\/"},"wordCount":146,"commentCount":0,"publisher":{"@id":"https:\/\/dicodusport.fr\/blog\/#organization"},"image":{"@id":"https:\/\/dicodusport.fr\/blog\/judo-grand-slam-de-bakou-2023-le-programme-complet\/#primaryimage"},"thumbnailUrl":"https:\/\/dicodusport.fr\/blog\/wp-content\/uploads\/2023\/09\/Judo-Grand-Slam-de-Bakou-2023-le-programme-complet.png","keywords":["br\u00e8ve","Judo"],"articleSection":["Judo"],"inLanguage":"fr-FR","potentialAction":[{"@type":"CommentAction","name":"Comment","target":["https:\/\/dicodusport.fr\/blog\/judo-grand-slam-de-bakou-2023-le-programme-complet\/#respond"]}],"copyrightYear":"2023","copyrightHolder":{"@id":"https:\/\/dicodusport.fr\/blog\/#organization"}},{"@type":"WebPage","@id":"https:\/\/dicodusport.fr\/blog\/judo-grand-slam-de-bakou-2023-le-programme-complet\/","url":"https:\/\/dicodusport.fr\/blog\/judo-grand-slam-de-bakou-2023-le-programme-complet\/","name":"Judo - Grand Slam de Bakou 2023 : le programme complet","isPartOf":{"@id":"https:\/\/dicodusport.fr\/blog\/#website"},"primaryImageOfPage":{"@id":"https:\/\/dicodusport.fr\/blog\/judo-grand-slam-de-bakou-2023-le-programme-complet\/#primaryimage"},"image":{"@id":"https:\/\/dicodusport.fr\/blog\/judo-grand-slam-de-bakou-2023-le-programme-complet\/#primaryimage"},"thumbnailUrl":"https:\/\/dicodusport.fr\/blog\/wp-content\/uploads\/2023\/09\/Judo-Grand-Slam-de-Bakou-2023-le-programme-complet.png","datePublished":"2023-09-24T13:22:47+00:00","dateModified":"2023-09-24T14:10:55+00:00","description":"JUDO - Le Grand Slam de Bakou se d\u00e9roule du vendredi 22 au dimanche 24 septembre. Programme de la comp\u00e9tition.","breadcrumb":{"@id":"https:\/\/dicodusport.fr\/blog\/judo-grand-slam-de-bakou-2023-le-programme-complet\/#breadcrumb"},"inLanguage":"fr-FR","potentialAction":[{"@type":"ReadAction","target":["https:\/\/dicodusport.fr\/blog\/judo-grand-slam-de-bakou-2023-le-programme-complet\/"]}]},{"@type":"ImageObject","inLanguage":"fr-FR","@id":"https:\/\/dicodusport.fr\/blog\/judo-grand-slam-de-bakou-2023-le-programme-complet\/#primaryimage","url":"https:\/\/dicodusport.fr\/blog\/wp-content\/uploads\/2023\/09\/Judo-Grand-Slam-de-Bakou-2023-le-programme-complet.png","contentUrl":"https:\/\/dicodusport.fr\/blog\/wp-content\/uploads\/2023\/09\/Judo-Grand-Slam-de-Bakou-2023-le-programme-complet.png","width":800,"height":445,"caption":"Judo - Grand Slam de Bakou 2023 le programme complet"},{"@type":"BreadcrumbList","@id":"https:\/\/dicodusport.fr\/blog\/judo-grand-slam-de-bakou-2023-le-programme-complet\/#breadcrumb","itemListElement":[{"@type":"ListItem","position":1,"name":"Accueil","item":"https:\/\/dicodusport.fr\/blog\/"},{"@type":"ListItem","position":2,"name":"Judo &#8211; Grand Slam de Bakou 2023 : le programme complet"}]},{"@type":"WebSite","@id":"https:\/\/dicodusport.fr\/blog\/#website","url":"https:\/\/dicodusport.fr\/blog\/","name":"Dicodusport","description":"L&#039;encyclop\u00e9die de l&#039;actualit\u00e9 sportive","publisher":{"@id":"https:\/\/dicodusport.fr\/blog\/#organization"},"potentialAction":[{"@type":"SearchAction","target":{"@type":"EntryPoint","urlTemplate":"https:\/\/dicodusport.fr\/blog\/?s={search_term_string}"},"query-input":{"@type":"PropertyValueSpecification","valueRequired":true,"valueName":"search_term_string"}}],"inLanguage":"fr-FR"},{"@type":"NewsMediaOrganization","@id":"https:\/\/dicodusport.fr\/blog\/#organization","name":"Dicodusport","url":"https:\/\/dicodusport.fr\/blog\/","logo":{"@type":"ImageObject","inLanguage":"fr-FR","@id":"https:\/\/dicodusport.fr\/blog\/#\/schema\/logo\/image\/","url":"https:\/\/dicodusport.fr\/blog\/wp-content\/uploads\/2020\/06\/cropped-LOGO-DICODUSPORT-2020-SANS-FOND-SANS-TEXTE.png","contentUrl":"https:\/\/dicodusport.fr\/blog\/wp-content\/uploads\/2020\/06\/cropped-LOGO-DICODUSPORT-2020-SANS-FOND-SANS-TEXTE.png","width":512,"height":512,"caption":"Dicodusport"},"image":{"@id":"https:\/\/dicodusport.fr\/blog\/#\/schema\/logo\/image\/"},"sameAs":["https:\/\/www.facebook.com\/dicodusport","https:\/\/x.com\/dicodusport","https:\/\/www.instagram.com\/dicodusport\/","https:\/\/www.youtube.com\/channel\/UC7V2KZ5sd3htJivAbA4ZG3w"],"description":"Dicodusport est l'encyclop\u00e9die de l'actualit\u00e9 sportive.","email":"bonjour@dicodusport.fr","legalName":"DICODUSPORT","foundingDate":"2018-01-14","vatID":"FR71834470973","taxID":"83447097300043","numberOfEmployees":{"@type":"QuantitativeValue","minValue":"1","maxValue":"10"}},{"@type":"Person","@id":"https:\/\/dicodusport.fr\/blog\/#\/schema\/person\/cce96fa88785bd8573e3d43078ac8c79","name":"Arlette Yeye","image":{"@type":"ImageObject","inLanguage":"fr-FR","@id":"https:\/\/dicodusport.fr\/blog\/#\/schema\/person\/image\/","url":"https:\/\/secure.gravatar.com\/avatar\/dca4a6239e6d708e46c45d60e160de6c?s=96&d=wp_user_avatar&r=g","contentUrl":"https:\/\/secure.gravatar.com\/avatar\/dca4a6239e6d708e46c45d60e160de6c?s=96&d=wp_user_avatar&r=g","caption":"Arlette Yeye"},"description":"Journaliste\/r\u00e9dactrice depuis septembre 2015 - Supportrice de Chelsea, j'ai pour sports de pr\u00e9dilection le handball, l'athl\u00e9tisme et le tennis. Si je tweete plus vite que mon ombre, vous pouvez aussi me retrouver les week-ends sur les playgrounds de Bruxelles pour un petit foot ou basket entre potes. Parcourir la France, l'Europe et plus si affinit\u00e9s pour suivre mes sportifs pr\u00e9f\u00e9r\u00e9s ? Mon kif ! Et c'est avec plaisir que je partage les r\u00e9sultats des sports populaires mais \u00e9galement plus confidentiels pour Dicodusport.","sameAs":["https:\/\/x.com\/https:\/\/twitter.com\/Shiclette94"],"url":"https:\/\/dicodusport.fr\/blog\/author\/arlette\/"}]}},"_links":{"self":[{"href":"https:\/\/dicodusport.fr\/blog\/wp-json\/wp\/v2\/posts\/415452","targetHints":{"allow":["GET"]}}],"collection":[{"href":"https:\/\/dicodusport.fr\/blog\/wp-json\/wp\/v2\/posts"}],"about":[{"href":"https:\/\/dicodusport.fr\/blog\/wp-json\/wp\/v2\/types\/post"}],"author":[{"embeddable":true,"href":"https:\/\/dicodusport.fr\/blog\/wp-json\/wp\/v2\/users\/12"}],"replies":[{"embeddable":true,"href":"https:\/\/dicodusport.fr\/blog\/wp-json\/wp\/v2\/comments?post=415452"}],"version-history":[{"count":0,"href":"https:\/\/dicodusport.fr\/blog\/wp-json\/wp\/v2\/posts\/415452\/revisions"}],"wp:featuredmedia":[{"embeddable":true,"href":"https:\/\/dicodusport.fr\/blog\/wp-json\/wp\/v2\/media\/420540"}],"wp:attachment":[{"href":"https:\/\/dicodusport.fr\/blog\/wp-json\/wp\/v2\/media?parent=415452"}],"wp:term":[{"taxonomy":"category","embeddable":true,"href":"https:\/\/dicodusport.fr\/blog\/wp-json\/wp\/v2\/categories?post=415452"},{"taxonomy":"post_tag","embeddable":true,"href":"https:\/\/dicodusport.fr\/blog\/wp-json\/wp\/v2\/tags?post=415452"}],"curies":[{"name":"wp","href":"https:\/\/api.w.org\/{rel}","templated":true}]}}