{"id":415508,"date":"2023-09-10T16:13:24","date_gmt":"2023-09-10T14:13:24","guid":{"rendered":"https:\/\/dicodusport.fr\/blog\/?p=415508&#038;preview=true&#038;preview_id=415508"},"modified":"2023-09-10T17:23:27","modified_gmt":"2023-09-10T15:23:27","slug":"grand-prix-cycliste-montreal-2023-parcours-profil-et-favoris","status":"publish","type":"post","link":"https:\/\/dicodusport.fr\/blog\/grand-prix-cycliste-montreal-2023-parcours-profil-et-favoris\/","title":{"rendered":"Grand Prix Cycliste Montr\u00e9al 2023 : Parcours, profil et favoris"},"content":{"rendered":"<p style=\"text-align: justify;\"><em><strong>GRAND PRIX CYCLISTE MONTR\u00c9AL 2023 &#8211; <\/strong><\/em><em><strong><span class=\"tojvnm2t a6sixzi8 abs2jz4q a8s20v7p t1p8iaqh k5wvi7nf q3lfd5jv pk4s997a bipmatt0 cebpdrjk qowsmv63 owwhemhu dp1hu0rb dhp61c6y iyyx5f41\"><span class=\"f7rl1if4 adechonz f6oz4yja dahkl6ri axrg9lpx rufpak1n qtovjlwq qbmienfq rfyhaz4c rdmi1yqr ohrdq8us nswx41af fawcizw8 l1aqi3e3 sdu1flz4\">Deux jours apr\u00e8s le Grand Prix de Qu\u00e9bec, les coureurs auront \u00e0 affronter le difficile circuit du Mont-Royal ce dimanche 10 septembre. Ce dernier sera bien plus usant que son confr\u00e8re qu\u00e9b\u00e9cois. La course sera longue de 219,6 bornes avec plus de 4 700 m\u00e8tres de d\u00e9nivel\u00e9 sur les 18 tours.<\/span><\/span><\/strong><\/em><\/p>\n<ul>\n<li style=\"text-align: justify;\"><strong>\u00c0 lire aussi &#8211; <a href=\"https:\/\/dicodusport.fr\/blog\/actualites\/cyclisme\/cyclisme-sur-route-2023\/\">L&rsquo;actualit\u00e9 du cyclisme sur route<\/a><\/strong><\/li>\n<\/ul>\n<p style=\"text-align: justify;\"><span class=\"tojvnm2t a6sixzi8 abs2jz4q a8s20v7p t1p8iaqh k5wvi7nf q3lfd5jv pk4s997a bipmatt0 cebpdrjk qowsmv63 owwhemhu dp1hu0rb dhp61c6y iyyx5f41\"><span class=\"f7rl1if4 adechonz f6oz4yja dahkl6ri axrg9lpx rufpak1n qtovjlwq qbmienfq rfyhaz4c rdmi1yqr ohrdq8us nswx41af fawcizw8 l1aqi3e3 sdu1flz4\">Cette deuxi\u00e8me course est beaucoup plus difficile \u00e0 contr\u00f4ler, mais elle est aussi destin\u00e9e \u00e0 un coureur rapide \u00e0 l&rsquo;aise sur les parcours accident\u00e9s. N\u00e9anmoins, la r\u00e9p\u00e9tition des efforts peut affaiblir s\u00e9rieusement les \u00e9quipiers et les grimpeurs peuvent faire la diff\u00e9rence dans le dernier tour. Parcours et profil.<\/span><\/span><em><strong><span class=\"tojvnm2t a6sixzi8 abs2jz4q a8s20v7p t1p8iaqh k5wvi7nf q3lfd5jv pk4s997a bipmatt0 cebpdrjk qowsmv63 owwhemhu dp1hu0rb dhp61c6y iyyx5f41\"><span class=\"f7rl1if4 adechonz f6oz4yja dahkl6ri axrg9lpx rufpak1n qtovjlwq qbmienfq rfyhaz4c rdmi1yqr ohrdq8us nswx41af fawcizw8 l1aqi3e3 sdu1flz4\"><br \/>\n<\/span><\/span><\/strong><\/em><\/p>\n<h2 style=\"text-align: justify;\">Parcours et profil du Grand Prix de Montr\u00e9al 2023<\/h2>\n<p style=\"text-align: justify;\"><span class=\"f7rl1if4 adechonz f6oz4yja dahkl6ri axrg9lpx rufpak1n qtovjlwq qbmienfq rfyhaz4c rdmi1yqr ohrdq8us nswx41af fawcizw8 l1aqi3e3 sdu1flz4\">Cette boucle de 12,2 km, en plein c\u0153ur du centre-ville, sera redoutable avec d\u00e8s l&rsquo;entame, apr\u00e8s un virage \u00e0 gauche, l&rsquo;ascension de la <strong>C\u00f4te Camilien-Houde<\/strong> \u2013 longue de 1 800m \u00e0 8 % &#8211; sur une route large avec deux grandes courbes.<\/span><\/p>\n<p style=\"text-align: justify;\"><span class=\"f7rl1if4 adechonz f6oz4yja dahkl6ri axrg9lpx rufpak1n qtovjlwq qbmienfq rfyhaz4c rdmi1yqr ohrdq8us nswx41af fawcizw8 l1aqi3e3 sdu1flz4\">Puis, les coureurs plongeront rapidement sur une route rectiligne et toujours large par le <strong>Chemin de Remembrance<\/strong>, sur deux kilom\u00e8tres, avant d&#8217;emprunter le <strong>Chemin de la C\u00f4te des Neiges<\/strong> pour atteindre une portion plus technique en ville sur du plat, avec quelques virages \u00e0 angle droit. <\/span><\/p>\n<p style=\"text-align: center;\"><iframe loading=\"lazy\" src=\"\/\/www.youtube.com\/embed\/2kILQa9hg1U\" width=\"560\" height=\"314\" allowfullscreen=\"allowfullscreen\"><\/iframe><\/p>\n<p style=\"text-align: justify;\"><span class=\"f7rl1if4 adechonz f6oz4yja dahkl6ri axrg9lpx rufpak1n qtovjlwq qbmienfq rfyhaz4c rdmi1yqr ohrdq8us nswx41af fawcizw8 l1aqi3e3 sdu1flz4\">Ensuite, une fois arriv\u00e9 \u00e0 l&rsquo;Universit\u00e9 de Montr\u00e9al, place \u00e0 la <strong>C\u00f4te de Polytechnique<\/strong> \u2013 780 m \u00e0 6 % de moyenne avec 200 m\u00e8tres \u00e0 11 %, quasiment en ligne droite &#8211; et sa descente en courbe courte et rapide sur le <strong>Boulevard<\/strong> <strong>\u00c9douard-Monpetit<\/strong>. Les coureurs seront alors dans une zone urbaine avec du plat sur un peu moins de deux kilom\u00e8tres. Avec trois virages \u00e0 angle droit.<br \/>\n<\/span><\/p>\n<p style=\"text-align: justify;\"><span class=\"f7rl1if4 adechonz f6oz4yja dahkl6ri axrg9lpx rufpak1n qtovjlwq qbmienfq rfyhaz4c rdmi1yqr ohrdq8us nswx41af fawcizw8 l1aqi3e3 sdu1flz4\">Par la suite, les cinq derniers kilom\u00e8tres ne seront pas faciles, entre une partie descendante d&rsquo;un kilom\u00e8tre sur le <strong>Boulevard du Mont-Royal<\/strong> (pour atteindre la flamme rouge) et des petites portions montantes avec <strong>Pagnuelo<\/strong> (530 m\u00e8tres \u00e0 7,5 % au milieu des r\u00e9sidences en ligne droite apr\u00e8s un virage \u00e0 droite) et les 500 derniers m\u00e8tres de l&rsquo;<strong>Avenue du Parc<\/strong> \u00e0 4 %. Enfin, cette derni\u00e8re ligne droite s&rsquo;effectuera apr\u00e8s une \u00e9pingle \u00e0 droite pour une explication dans un groupe restreint.<\/span><\/p>\n<div id=\"attachment_416827\" style=\"width: 750px\" class=\"wp-caption aligncenter\"><a href=\"https:\/\/dicodusport.fr\/blog\/wp-content\/uploads\/2023\/09\/Carte-du-parcours-et-profil-du-Grand-Prix-Cycliste-de-Montreal-2023.png\"><img loading=\"lazy\" decoding=\"async\" aria-describedby=\"caption-attachment-416827\" class=\"size-large wp-image-416827\" src=\"https:\/\/dicodusport.fr\/blog\/wp-content\/uploads\/2023\/09\/Carte-du-parcours-et-profil-du-Grand-Prix-Cycliste-de-Montreal-2023-1024x791.png\" alt=\"Carte du parcours et profil du Grand Prix Cycliste de Montr\u00e9al 2023\" width=\"740\" height=\"572\" srcset=\"https:\/\/dicodusport.fr\/blog\/wp-content\/uploads\/2023\/09\/Carte-du-parcours-et-profil-du-Grand-Prix-Cycliste-de-Montreal-2023-1024x791.png 1024w, https:\/\/dicodusport.fr\/blog\/wp-content\/uploads\/2023\/09\/Carte-du-parcours-et-profil-du-Grand-Prix-Cycliste-de-Montreal-2023-300x232.png 300w, https:\/\/dicodusport.fr\/blog\/wp-content\/uploads\/2023\/09\/Carte-du-parcours-et-profil-du-Grand-Prix-Cycliste-de-Montreal-2023-768x593.png 768w, https:\/\/dicodusport.fr\/blog\/wp-content\/uploads\/2023\/09\/Carte-du-parcours-et-profil-du-Grand-Prix-Cycliste-de-Montreal-2023.png 1056w\" sizes=\"auto, (max-width: 740px) 100vw, 740px\" \/><\/a><p id=\"caption-attachment-416827\" class=\"wp-caption-text\">Carte du parcours et profil du Grand Prix Cycliste de Montr\u00e9al 2023 &#8211; Via gpcqm.ca<\/p><\/div>\n<ul>\n<li style=\"text-align: justify;\"><strong>\u00c0 lire aussi &#8211; <a href=\"https:\/\/dicodusport.fr\/blog\/grand-prix-cycliste-montreal-2023-les-engages\/\">Les engag\u00e9s du Grand Prix Cycliste Montr\u00e9al 2023<\/a><\/strong><\/li>\n<\/ul>\n<h2 style=\"text-align: justify;\">Les favoris du Grand Prix Cycliste Montr\u00e9al 2023<\/h2>\n<p style=\"text-align: justify;\"><strong>Beno\u00eet Cosnefroy<\/strong>\u00a0(AG2R Citro\u00ebn)<\/p>\n<p style=\"text-align: justify;\"><strong>Mattias Skjelmose<\/strong> (Lidl-Trek)<\/p>\n<p style=\"text-align: justify;\"><strong>Valentin Madouas<\/strong>\u00a0(Groupama-FDJ)<\/p>\n<p style=\"text-align: justify;\"><strong>Matej Mohoric<\/strong>\u00a0(Bahrain-Victorious)<\/p>\n<p style=\"text-align: justify;\"><strong>Marc Hirschi<\/strong>\u00a0(UAE Team Emirates)<\/p>\n<p style=\"text-align: justify;\"><strong>Adam Yates<\/strong>\u00a0(UAE Team Emirates)<\/p>\n<p style=\"text-align: justify;\"><strong>Jai Hindley<\/strong> (Bora-Hansgrohe)<\/p>\n<p style=\"text-align: justify;\"><strong>Nelson Powless<\/strong> (EF Education EasyPost)<\/p>\n<p style=\"text-align: justify;\"><strong>Ben Healy<\/strong>\u00a0(EF Education EasyPost)<\/p>\n<p style=\"text-align: justify;\"><strong>Victor Lafay<\/strong>\u00a0(Cofidis)<\/p>\n<p style=\"text-align: justify;\"><strong>Axel Zingle<\/strong>\u00a0(Cofidis)<\/p>\n<p style=\"text-align: justify;\"><strong>Julian Alaphilippe<\/strong>\u00a0(Soudal-Quick Step)<\/p>\n<h2 style=\"text-align: justify;\">Le palmar\u00e8s du Grand Prix Cycliste de Montr\u00e9al<\/h2>\n<p style=\"text-align: justify;\">2022 | POGACAR Tadej : <strong><a href=\"https:\/\/dicodusport.fr\/blog\/grand-prix-de-montreal-2022-tadej-pogacar-domine-la-concurrence\/\">R\u00e9sum\u00e9<\/a> &#8211; <a href=\"https:\/\/dicodusport.fr\/blog\/classement-grand-prix-cycliste-de-montreal-2022\/\">Classement<\/a><\/strong><\/p>\n<p style=\"text-align: justify;\"><span class=\"f7rl1if4 adechonz f6oz4yja dahkl6ri axrg9lpx rufpak1n qtovjlwq qbmienfq rfyhaz4c rdmi1yqr ohrdq8us nswx41af fawcizw8 l1aqi3e3 sdu1flz4\">2019 |VAN AVERMAET Greg<br \/>\n<\/span><\/p>\n<p style=\"text-align: justify;\"><span class=\"f7rl1if4 adechonz f6oz4yja dahkl6ri axrg9lpx rufpak1n qtovjlwq qbmienfq rfyhaz4c rdmi1yqr ohrdq8us nswx41af fawcizw8 l1aqi3e3 sdu1flz4\">2018 | MATTHEWS Michael <\/span><\/p>\n<p style=\"text-align: justify;\"><span class=\"f7rl1if4 adechonz f6oz4yja dahkl6ri axrg9lpx rufpak1n qtovjlwq qbmienfq rfyhaz4c rdmi1yqr ohrdq8us nswx41af fawcizw8 l1aqi3e3 sdu1flz4\">2017 | ULISSI Diego <\/span><\/p>\n<p style=\"text-align: justify;\"><span class=\"f7rl1if4 adechonz f6oz4yja dahkl6ri axrg9lpx rufpak1n qtovjlwq qbmienfq rfyhaz4c rdmi1yqr ohrdq8us nswx41af fawcizw8 l1aqi3e3 sdu1flz4\">2016 | VAN AVERMAET Greg <\/span><\/p>\n<p style=\"text-align: justify;\"><span class=\"f7rl1if4 adechonz f6oz4yja dahkl6ri axrg9lpx rufpak1n qtovjlwq qbmienfq rfyhaz4c rdmi1yqr ohrdq8us nswx41af fawcizw8 l1aqi3e3 sdu1flz4\">2015 | WELLENS Tim <\/span><\/p>\n<p style=\"text-align: justify;\"><span class=\"f7rl1if4 adechonz f6oz4yja dahkl6ri axrg9lpx rufpak1n qtovjlwq qbmienfq rfyhaz4c rdmi1yqr ohrdq8us nswx41af fawcizw8 l1aqi3e3 sdu1flz4\">2014 | GERRANS Simon <\/span><\/p>\n<p style=\"text-align: justify;\"><span class=\"f7rl1if4 adechonz f6oz4yja dahkl6ri axrg9lpx rufpak1n qtovjlwq qbmienfq rfyhaz4c rdmi1yqr ohrdq8us nswx41af fawcizw8 l1aqi3e3 sdu1flz4\">2013 | SAGAN Peter <\/span><\/p>\n<p style=\"text-align: justify;\"><span class=\"f7rl1if4 adechonz f6oz4yja dahkl6ri axrg9lpx rufpak1n qtovjlwq qbmienfq rfyhaz4c rdmi1yqr ohrdq8us nswx41af fawcizw8 l1aqi3e3 sdu1flz4\">2012 | NORDHAUG Lars Petter <\/span><\/p>\n<p style=\"text-align: justify;\"><span class=\"f7rl1if4 adechonz f6oz4yja dahkl6ri axrg9lpx rufpak1n qtovjlwq qbmienfq rfyhaz4c rdmi1yqr ohrdq8us nswx41af fawcizw8 l1aqi3e3 sdu1flz4\">2011 | COSTA Rui <\/span><\/p>\n<p style=\"text-align: justify;\"><span class=\"f7rl1if4 adechonz f6oz4yja dahkl6ri axrg9lpx rufpak1n qtovjlwq qbmienfq rfyhaz4c rdmi1yqr ohrdq8us nswx41af fawcizw8 l1aqi3e3 sdu1flz4\">2010 | GESINK Robert<\/span><\/p>\n<p>&nbsp;<\/p>\n","protected":false},"excerpt":{"rendered":"<p>GRAND PRIX CYCLISTE MONTR\u00c9AL 2023 &#8211; Ce dimanche 10 septembre 2023, place \u00e0 la 12\u00e8me \u00e9dition du Grand Prix de Montr\u00e9al. Parcours, profil et favoris.<\/p>\n","protected":false},"author":48,"featured_media":260478,"comment_status":"open","ping_status":"closed","sticky":false,"template":"","format":"standard","meta":{"_acf_changed":false,"_daextam_enable_autolinks":"","footnotes":""},"categories":[46994],"tags":[16878,574,26290],"class_list":["post-415508","post","type-post","status-publish","format-standard","has-post-thumbnail","hentry","category-cyclisme-sur-route","tag-breve","tag-cyclisme","tag-grand-prix-cycliste-de-montreal"],"acf":[],"yoast_head":"<!-- This site is optimized with the Yoast SEO Premium plugin v26.7 (Yoast SEO v26.7) - https:\/\/yoast.com\/wordpress\/plugins\/seo\/ -->\n<title>Grand Prix Cycliste Montr\u00e9al 2023 : Parcours, profil et favoris<\/title>\n<meta name=\"description\" content=\"GRAND PRIX CYCLISTE MONTR\u00c9AL 2023 - Ce dimanche 10 septembre, place \u00e0 la 12\u00e8me \u00e9dition du Grand Prix de Montr\u00e9al. Parcours, profil et favoris.\" \/>\n<meta name=\"robots\" content=\"index, follow, max-snippet:-1, max-image-preview:large, max-video-preview:-1\" \/>\n<link rel=\"canonical\" href=\"https:\/\/dicodusport.fr\/blog\/grand-prix-cycliste-montreal-2023-parcours-profil-et-favoris\/\" \/>\n<meta property=\"og:locale\" content=\"fr_FR\" \/>\n<meta property=\"og:type\" content=\"article\" \/>\n<meta property=\"og:title\" content=\"Grand Prix Cycliste Montr\u00e9al 2023 : Parcours, profil et favoris\" \/>\n<meta property=\"og:description\" content=\"GRAND PRIX CYCLISTE MONTR\u00c9AL 2023 - Ce dimanche 10 septembre, place \u00e0 la 12\u00e8me \u00e9dition du Grand Prix de Montr\u00e9al. Parcours, profil et favoris.\" \/>\n<meta property=\"og:url\" content=\"https:\/\/dicodusport.fr\/blog\/grand-prix-cycliste-montreal-2023-parcours-profil-et-favoris\/\" \/>\n<meta property=\"og:site_name\" content=\"Dicodusport\" \/>\n<meta property=\"article:publisher\" content=\"https:\/\/www.facebook.com\/dicodusport\" \/>\n<meta property=\"article:author\" content=\"https:\/\/www.facebook.com\/groups\/LesRoisDuPeloton\" \/>\n<meta property=\"article:published_time\" content=\"2023-09-10T14:13:24+00:00\" \/>\n<meta property=\"article:modified_time\" content=\"2023-09-10T15:23:27+00:00\" \/>\n<meta property=\"og:image\" content=\"https:\/\/dicodusport.fr\/blog\/wp-content\/uploads\/2022\/08\/Grand-Prix-Cycliste-Montreal-2022-Parcours-et-profil.png\" \/>\n\t<meta property=\"og:image:width\" content=\"800\" \/>\n\t<meta property=\"og:image:height\" content=\"445\" \/>\n\t<meta property=\"og:image:type\" content=\"image\/png\" \/>\n<meta name=\"author\" content=\"Emilien Descampiaux\" \/>\n<meta name=\"twitter:card\" content=\"summary_large_image\" \/>\n<meta name=\"twitter:title\" content=\"Grand Prix Cycliste Montr\u00e9al 2023 : Parcours, profil et favoris\" \/>\n<meta name=\"twitter:creator\" content=\"@https:\/\/twitter.com\/LRoisDuPeloton\" \/>\n<meta name=\"twitter:site\" content=\"@dicodusport\" \/>\n<script type=\"application\/ld+json\" class=\"yoast-schema-graph\">{\"@context\":\"https:\/\/schema.org\",\"@graph\":[{\"@type\":\"NewsArticle\",\"@id\":\"https:\/\/dicodusport.fr\/blog\/grand-prix-cycliste-montreal-2023-parcours-profil-et-favoris\/#article\",\"isPartOf\":{\"@id\":\"https:\/\/dicodusport.fr\/blog\/grand-prix-cycliste-montreal-2023-parcours-profil-et-favoris\/\"},\"author\":{\"name\":\"Emilien Descampiaux\",\"@id\":\"https:\/\/dicodusport.fr\/blog\/#\/schema\/person\/6db4bae06b171592211be385b32876a7\"},\"headline\":\"Grand Prix Cycliste Montr\u00e9al 2023 : Parcours, profil et favoris\",\"datePublished\":\"2023-09-10T14:13:24+00:00\",\"dateModified\":\"2023-09-10T15:23:27+00:00\",\"mainEntityOfPage\":{\"@id\":\"https:\/\/dicodusport.fr\/blog\/grand-prix-cycliste-montreal-2023-parcours-profil-et-favoris\/\"},\"wordCount\":505,\"commentCount\":0,\"publisher\":{\"@id\":\"https:\/\/dicodusport.fr\/blog\/#organization\"},\"image\":{\"@id\":\"https:\/\/dicodusport.fr\/blog\/grand-prix-cycliste-montreal-2023-parcours-profil-et-favoris\/#primaryimage\"},\"thumbnailUrl\":\"https:\/\/dicodusport.fr\/blog\/wp-content\/uploads\/2022\/08\/Grand-Prix-Cycliste-Montreal-2022-Parcours-et-profil.png\",\"keywords\":[\"br\u00e8ve\",\"Cyclisme\",\"Grand Prix Cycliste de Montr\u00e9al\"],\"articleSection\":[\"Cyclisme sur route\"],\"inLanguage\":\"fr-FR\",\"potentialAction\":[{\"@type\":\"CommentAction\",\"name\":\"Comment\",\"target\":[\"https:\/\/dicodusport.fr\/blog\/grand-prix-cycliste-montreal-2023-parcours-profil-et-favoris\/#respond\"]}],\"copyrightYear\":\"2023\",\"copyrightHolder\":{\"@id\":\"https:\/\/dicodusport.fr\/blog\/#organization\"}},{\"@type\":\"WebPage\",\"@id\":\"https:\/\/dicodusport.fr\/blog\/grand-prix-cycliste-montreal-2023-parcours-profil-et-favoris\/\",\"url\":\"https:\/\/dicodusport.fr\/blog\/grand-prix-cycliste-montreal-2023-parcours-profil-et-favoris\/\",\"name\":\"Grand Prix Cycliste Montr\u00e9al 2023 : Parcours, profil et favoris\",\"isPartOf\":{\"@id\":\"https:\/\/dicodusport.fr\/blog\/#website\"},\"primaryImageOfPage\":{\"@id\":\"https:\/\/dicodusport.fr\/blog\/grand-prix-cycliste-montreal-2023-parcours-profil-et-favoris\/#primaryimage\"},\"image\":{\"@id\":\"https:\/\/dicodusport.fr\/blog\/grand-prix-cycliste-montreal-2023-parcours-profil-et-favoris\/#primaryimage\"},\"thumbnailUrl\":\"https:\/\/dicodusport.fr\/blog\/wp-content\/uploads\/2022\/08\/Grand-Prix-Cycliste-Montreal-2022-Parcours-et-profil.png\",\"datePublished\":\"2023-09-10T14:13:24+00:00\",\"dateModified\":\"2023-09-10T15:23:27+00:00\",\"description\":\"GRAND PRIX CYCLISTE MONTR\u00c9AL 2023 - Ce dimanche 10 septembre, place \u00e0 la 12\u00e8me \u00e9dition du Grand Prix de Montr\u00e9al. Parcours, profil et favoris.\",\"breadcrumb\":{\"@id\":\"https:\/\/dicodusport.fr\/blog\/grand-prix-cycliste-montreal-2023-parcours-profil-et-favoris\/#breadcrumb\"},\"inLanguage\":\"fr-FR\",\"potentialAction\":[{\"@type\":\"ReadAction\",\"target\":[\"https:\/\/dicodusport.fr\/blog\/grand-prix-cycliste-montreal-2023-parcours-profil-et-favoris\/\"]}]},{\"@type\":\"ImageObject\",\"inLanguage\":\"fr-FR\",\"@id\":\"https:\/\/dicodusport.fr\/blog\/grand-prix-cycliste-montreal-2023-parcours-profil-et-favoris\/#primaryimage\",\"url\":\"https:\/\/dicodusport.fr\/blog\/wp-content\/uploads\/2022\/08\/Grand-Prix-Cycliste-Montreal-2022-Parcours-et-profil.png\",\"contentUrl\":\"https:\/\/dicodusport.fr\/blog\/wp-content\/uploads\/2022\/08\/Grand-Prix-Cycliste-Montreal-2022-Parcours-et-profil.png\",\"width\":800,\"height\":445,\"caption\":\"Grand Prix Cycliste Montr\u00e9al 2022 - Parcours et profil\"},{\"@type\":\"BreadcrumbList\",\"@id\":\"https:\/\/dicodusport.fr\/blog\/grand-prix-cycliste-montreal-2023-parcours-profil-et-favoris\/#breadcrumb\",\"itemListElement\":[{\"@type\":\"ListItem\",\"position\":1,\"name\":\"Accueil\",\"item\":\"https:\/\/dicodusport.fr\/blog\/\"},{\"@type\":\"ListItem\",\"position\":2,\"name\":\"Grand Prix Cycliste Montr\u00e9al 2023 : Parcours, profil et favoris\"}]},{\"@type\":\"WebSite\",\"@id\":\"https:\/\/dicodusport.fr\/blog\/#website\",\"url\":\"https:\/\/dicodusport.fr\/blog\/\",\"name\":\"Dicodusport\",\"description\":\"L&#039;encyclop\u00e9die de l&#039;actualit\u00e9 sportive\",\"publisher\":{\"@id\":\"https:\/\/dicodusport.fr\/blog\/#organization\"},\"potentialAction\":[{\"@type\":\"SearchAction\",\"target\":{\"@type\":\"EntryPoint\",\"urlTemplate\":\"https:\/\/dicodusport.fr\/blog\/?s={search_term_string}\"},\"query-input\":{\"@type\":\"PropertyValueSpecification\",\"valueRequired\":true,\"valueName\":\"search_term_string\"}}],\"inLanguage\":\"fr-FR\"},{\"@type\":\"NewsMediaOrganization\",\"@id\":\"https:\/\/dicodusport.fr\/blog\/#organization\",\"name\":\"Dicodusport\",\"url\":\"https:\/\/dicodusport.fr\/blog\/\",\"logo\":{\"@type\":\"ImageObject\",\"inLanguage\":\"fr-FR\",\"@id\":\"https:\/\/dicodusport.fr\/blog\/#\/schema\/logo\/image\/\",\"url\":\"https:\/\/dicodusport.fr\/blog\/wp-content\/uploads\/2020\/06\/cropped-LOGO-DICODUSPORT-2020-SANS-FOND-SANS-TEXTE.png\",\"contentUrl\":\"https:\/\/dicodusport.fr\/blog\/wp-content\/uploads\/2020\/06\/cropped-LOGO-DICODUSPORT-2020-SANS-FOND-SANS-TEXTE.png\",\"width\":512,\"height\":512,\"caption\":\"Dicodusport\"},\"image\":{\"@id\":\"https:\/\/dicodusport.fr\/blog\/#\/schema\/logo\/image\/\"},\"sameAs\":[\"https:\/\/www.facebook.com\/dicodusport\",\"https:\/\/x.com\/dicodusport\",\"https:\/\/www.instagram.com\/dicodusport\/\",\"https:\/\/www.youtube.com\/channel\/UC7V2KZ5sd3htJivAbA4ZG3w\"],\"description\":\"Dicodusport est l'encyclop\u00e9die de l'actualit\u00e9 sportive.\",\"email\":\"bonjour@dicodusport.fr\",\"legalName\":\"DICODUSPORT\",\"foundingDate\":\"2018-01-14\",\"vatID\":\"FR71834470973\",\"taxID\":\"83447097300043\",\"numberOfEmployees\":{\"@type\":\"QuantitativeValue\",\"minValue\":\"1\",\"maxValue\":\"10\"}},{\"@type\":\"Person\",\"@id\":\"https:\/\/dicodusport.fr\/blog\/#\/schema\/person\/6db4bae06b171592211be385b32876a7\",\"name\":\"Emilien Descampiaux\",\"image\":{\"@type\":\"ImageObject\",\"inLanguage\":\"fr-FR\",\"@id\":\"https:\/\/dicodusport.fr\/blog\/#\/schema\/person\/image\/\",\"url\":\"https:\/\/dicodusport.fr\/blog\/wp-content\/uploads\/2021\/05\/Emilien-Descampiaux-150x150.jpg\",\"contentUrl\":\"https:\/\/dicodusport.fr\/blog\/wp-content\/uploads\/2021\/05\/Emilien-Descampiaux-150x150.jpg\",\"caption\":\"Emilien Descampiaux\"},\"description\":\"Journaliste\/r\u00e9dacteur depuis 2014 - Fan de la classe de Frank Vandenbroucke, je vis cyclisme (et de ses paysages) depuis plus de 20 ans. Je suis tr\u00e8s impliqu\u00e9 sur mes diff\u00e9rents r\u00e9seaux sociaux pour partager ma passion sur le monde et l'Histoire de la bicyclette avec ma voix sur les images en noir et blanc du succ\u00e8s de Rik Van Steenbergen lors du Ronde sur le V\u00e9lodrome de Gand.\",\"sameAs\":[\"https:\/\/www.facebook.com\/groups\/LesRoisDuPeloton\",\"https:\/\/x.com\/https:\/\/twitter.com\/LRoisDuPeloton\"],\"url\":\"https:\/\/dicodusport.fr\/blog\/author\/emiliend\/\"}]}<\/script>\n<!-- \/ Yoast SEO Premium plugin. -->","yoast_head_json":{"title":"Grand Prix Cycliste Montr\u00e9al 2023 : Parcours, profil et favoris","description":"GRAND PRIX CYCLISTE MONTR\u00c9AL 2023 - Ce dimanche 10 septembre, place \u00e0 la 12\u00e8me \u00e9dition du Grand Prix de Montr\u00e9al. Parcours, profil et favoris.","robots":{"index":"index","follow":"follow","max-snippet":"max-snippet:-1","max-image-preview":"max-image-preview:large","max-video-preview":"max-video-preview:-1"},"canonical":"https:\/\/dicodusport.fr\/blog\/grand-prix-cycliste-montreal-2023-parcours-profil-et-favoris\/","og_locale":"fr_FR","og_type":"article","og_title":"Grand Prix Cycliste Montr\u00e9al 2023 : Parcours, profil et favoris","og_description":"GRAND PRIX CYCLISTE MONTR\u00c9AL 2023 - Ce dimanche 10 septembre, place \u00e0 la 12\u00e8me \u00e9dition du Grand Prix de Montr\u00e9al. Parcours, profil et favoris.","og_url":"https:\/\/dicodusport.fr\/blog\/grand-prix-cycliste-montreal-2023-parcours-profil-et-favoris\/","og_site_name":"Dicodusport","article_publisher":"https:\/\/www.facebook.com\/dicodusport","article_author":"https:\/\/www.facebook.com\/groups\/LesRoisDuPeloton","article_published_time":"2023-09-10T14:13:24+00:00","article_modified_time":"2023-09-10T15:23:27+00:00","og_image":[{"width":800,"height":445,"url":"https:\/\/dicodusport.fr\/blog\/wp-content\/uploads\/2022\/08\/Grand-Prix-Cycliste-Montreal-2022-Parcours-et-profil.png","type":"image\/png"}],"author":"Emilien Descampiaux","twitter_card":"summary_large_image","twitter_title":"Grand Prix Cycliste Montr\u00e9al 2023 : Parcours, profil et favoris","twitter_creator":"@https:\/\/twitter.com\/LRoisDuPeloton","twitter_site":"@dicodusport","schema":{"@context":"https:\/\/schema.org","@graph":[{"@type":"NewsArticle","@id":"https:\/\/dicodusport.fr\/blog\/grand-prix-cycliste-montreal-2023-parcours-profil-et-favoris\/#article","isPartOf":{"@id":"https:\/\/dicodusport.fr\/blog\/grand-prix-cycliste-montreal-2023-parcours-profil-et-favoris\/"},"author":{"name":"Emilien Descampiaux","@id":"https:\/\/dicodusport.fr\/blog\/#\/schema\/person\/6db4bae06b171592211be385b32876a7"},"headline":"Grand Prix Cycliste Montr\u00e9al 2023 : Parcours, profil et favoris","datePublished":"2023-09-10T14:13:24+00:00","dateModified":"2023-09-10T15:23:27+00:00","mainEntityOfPage":{"@id":"https:\/\/dicodusport.fr\/blog\/grand-prix-cycliste-montreal-2023-parcours-profil-et-favoris\/"},"wordCount":505,"commentCount":0,"publisher":{"@id":"https:\/\/dicodusport.fr\/blog\/#organization"},"image":{"@id":"https:\/\/dicodusport.fr\/blog\/grand-prix-cycliste-montreal-2023-parcours-profil-et-favoris\/#primaryimage"},"thumbnailUrl":"https:\/\/dicodusport.fr\/blog\/wp-content\/uploads\/2022\/08\/Grand-Prix-Cycliste-Montreal-2022-Parcours-et-profil.png","keywords":["br\u00e8ve","Cyclisme","Grand Prix Cycliste de Montr\u00e9al"],"articleSection":["Cyclisme sur route"],"inLanguage":"fr-FR","potentialAction":[{"@type":"CommentAction","name":"Comment","target":["https:\/\/dicodusport.fr\/blog\/grand-prix-cycliste-montreal-2023-parcours-profil-et-favoris\/#respond"]}],"copyrightYear":"2023","copyrightHolder":{"@id":"https:\/\/dicodusport.fr\/blog\/#organization"}},{"@type":"WebPage","@id":"https:\/\/dicodusport.fr\/blog\/grand-prix-cycliste-montreal-2023-parcours-profil-et-favoris\/","url":"https:\/\/dicodusport.fr\/blog\/grand-prix-cycliste-montreal-2023-parcours-profil-et-favoris\/","name":"Grand Prix Cycliste Montr\u00e9al 2023 : Parcours, profil et favoris","isPartOf":{"@id":"https:\/\/dicodusport.fr\/blog\/#website"},"primaryImageOfPage":{"@id":"https:\/\/dicodusport.fr\/blog\/grand-prix-cycliste-montreal-2023-parcours-profil-et-favoris\/#primaryimage"},"image":{"@id":"https:\/\/dicodusport.fr\/blog\/grand-prix-cycliste-montreal-2023-parcours-profil-et-favoris\/#primaryimage"},"thumbnailUrl":"https:\/\/dicodusport.fr\/blog\/wp-content\/uploads\/2022\/08\/Grand-Prix-Cycliste-Montreal-2022-Parcours-et-profil.png","datePublished":"2023-09-10T14:13:24+00:00","dateModified":"2023-09-10T15:23:27+00:00","description":"GRAND PRIX CYCLISTE MONTR\u00c9AL 2023 - Ce dimanche 10 septembre, place \u00e0 la 12\u00e8me \u00e9dition du Grand Prix de Montr\u00e9al. Parcours, profil et favoris.","breadcrumb":{"@id":"https:\/\/dicodusport.fr\/blog\/grand-prix-cycliste-montreal-2023-parcours-profil-et-favoris\/#breadcrumb"},"inLanguage":"fr-FR","potentialAction":[{"@type":"ReadAction","target":["https:\/\/dicodusport.fr\/blog\/grand-prix-cycliste-montreal-2023-parcours-profil-et-favoris\/"]}]},{"@type":"ImageObject","inLanguage":"fr-FR","@id":"https:\/\/dicodusport.fr\/blog\/grand-prix-cycliste-montreal-2023-parcours-profil-et-favoris\/#primaryimage","url":"https:\/\/dicodusport.fr\/blog\/wp-content\/uploads\/2022\/08\/Grand-Prix-Cycliste-Montreal-2022-Parcours-et-profil.png","contentUrl":"https:\/\/dicodusport.fr\/blog\/wp-content\/uploads\/2022\/08\/Grand-Prix-Cycliste-Montreal-2022-Parcours-et-profil.png","width":800,"height":445,"caption":"Grand Prix Cycliste Montr\u00e9al 2022 - Parcours et profil"},{"@type":"BreadcrumbList","@id":"https:\/\/dicodusport.fr\/blog\/grand-prix-cycliste-montreal-2023-parcours-profil-et-favoris\/#breadcrumb","itemListElement":[{"@type":"ListItem","position":1,"name":"Accueil","item":"https:\/\/dicodusport.fr\/blog\/"},{"@type":"ListItem","position":2,"name":"Grand Prix Cycliste Montr\u00e9al 2023 : Parcours, profil et favoris"}]},{"@type":"WebSite","@id":"https:\/\/dicodusport.fr\/blog\/#website","url":"https:\/\/dicodusport.fr\/blog\/","name":"Dicodusport","description":"L&#039;encyclop\u00e9die de l&#039;actualit\u00e9 sportive","publisher":{"@id":"https:\/\/dicodusport.fr\/blog\/#organization"},"potentialAction":[{"@type":"SearchAction","target":{"@type":"EntryPoint","urlTemplate":"https:\/\/dicodusport.fr\/blog\/?s={search_term_string}"},"query-input":{"@type":"PropertyValueSpecification","valueRequired":true,"valueName":"search_term_string"}}],"inLanguage":"fr-FR"},{"@type":"NewsMediaOrganization","@id":"https:\/\/dicodusport.fr\/blog\/#organization","name":"Dicodusport","url":"https:\/\/dicodusport.fr\/blog\/","logo":{"@type":"ImageObject","inLanguage":"fr-FR","@id":"https:\/\/dicodusport.fr\/blog\/#\/schema\/logo\/image\/","url":"https:\/\/dicodusport.fr\/blog\/wp-content\/uploads\/2020\/06\/cropped-LOGO-DICODUSPORT-2020-SANS-FOND-SANS-TEXTE.png","contentUrl":"https:\/\/dicodusport.fr\/blog\/wp-content\/uploads\/2020\/06\/cropped-LOGO-DICODUSPORT-2020-SANS-FOND-SANS-TEXTE.png","width":512,"height":512,"caption":"Dicodusport"},"image":{"@id":"https:\/\/dicodusport.fr\/blog\/#\/schema\/logo\/image\/"},"sameAs":["https:\/\/www.facebook.com\/dicodusport","https:\/\/x.com\/dicodusport","https:\/\/www.instagram.com\/dicodusport\/","https:\/\/www.youtube.com\/channel\/UC7V2KZ5sd3htJivAbA4ZG3w"],"description":"Dicodusport est l'encyclop\u00e9die de l'actualit\u00e9 sportive.","email":"bonjour@dicodusport.fr","legalName":"DICODUSPORT","foundingDate":"2018-01-14","vatID":"FR71834470973","taxID":"83447097300043","numberOfEmployees":{"@type":"QuantitativeValue","minValue":"1","maxValue":"10"}},{"@type":"Person","@id":"https:\/\/dicodusport.fr\/blog\/#\/schema\/person\/6db4bae06b171592211be385b32876a7","name":"Emilien Descampiaux","image":{"@type":"ImageObject","inLanguage":"fr-FR","@id":"https:\/\/dicodusport.fr\/blog\/#\/schema\/person\/image\/","url":"https:\/\/dicodusport.fr\/blog\/wp-content\/uploads\/2021\/05\/Emilien-Descampiaux-150x150.jpg","contentUrl":"https:\/\/dicodusport.fr\/blog\/wp-content\/uploads\/2021\/05\/Emilien-Descampiaux-150x150.jpg","caption":"Emilien Descampiaux"},"description":"Journaliste\/r\u00e9dacteur depuis 2014 - Fan de la classe de Frank Vandenbroucke, je vis cyclisme (et de ses paysages) depuis plus de 20 ans. Je suis tr\u00e8s impliqu\u00e9 sur mes diff\u00e9rents r\u00e9seaux sociaux pour partager ma passion sur le monde et l'Histoire de la bicyclette avec ma voix sur les images en noir et blanc du succ\u00e8s de Rik Van Steenbergen lors du Ronde sur le V\u00e9lodrome de Gand.","sameAs":["https:\/\/www.facebook.com\/groups\/LesRoisDuPeloton","https:\/\/x.com\/https:\/\/twitter.com\/LRoisDuPeloton"],"url":"https:\/\/dicodusport.fr\/blog\/author\/emiliend\/"}]}},"_links":{"self":[{"href":"https:\/\/dicodusport.fr\/blog\/wp-json\/wp\/v2\/posts\/415508","targetHints":{"allow":["GET"]}}],"collection":[{"href":"https:\/\/dicodusport.fr\/blog\/wp-json\/wp\/v2\/posts"}],"about":[{"href":"https:\/\/dicodusport.fr\/blog\/wp-json\/wp\/v2\/types\/post"}],"author":[{"embeddable":true,"href":"https:\/\/dicodusport.fr\/blog\/wp-json\/wp\/v2\/users\/48"}],"replies":[{"embeddable":true,"href":"https:\/\/dicodusport.fr\/blog\/wp-json\/wp\/v2\/comments?post=415508"}],"version-history":[{"count":0,"href":"https:\/\/dicodusport.fr\/blog\/wp-json\/wp\/v2\/posts\/415508\/revisions"}],"wp:featuredmedia":[{"embeddable":true,"href":"https:\/\/dicodusport.fr\/blog\/wp-json\/wp\/v2\/media\/260478"}],"wp:attachment":[{"href":"https:\/\/dicodusport.fr\/blog\/wp-json\/wp\/v2\/media?parent=415508"}],"wp:term":[{"taxonomy":"category","embeddable":true,"href":"https:\/\/dicodusport.fr\/blog\/wp-json\/wp\/v2\/categories?post=415508"},{"taxonomy":"post_tag","embeddable":true,"href":"https:\/\/dicodusport.fr\/blog\/wp-json\/wp\/v2\/tags?post=415508"}],"curies":[{"name":"wp","href":"https:\/\/api.w.org\/{rel}","templated":true}]}}