{"id":41584,"date":"2019-06-18T16:45:17","date_gmt":"2019-06-18T14:45:17","guid":{"rendered":"http:\/\/dicodusport.fr\/blog\/?p=41584"},"modified":"2019-06-18T20:37:52","modified_gmt":"2019-06-18T18:37:52","slug":"geraint-thomas-chute-et-abandonne-sur-le-tour-de-suisse","status":"publish","type":"post","link":"https:\/\/dicodusport.fr\/blog\/geraint-thomas-chute-et-abandonne-sur-le-tour-de-suisse\/","title":{"rendered":"Geraint Thomas chute et abandonne sur le Tour de Suisse"},"content":{"rendered":"<p style=\"text-align: justify;\"><strong><em>Le calvaire continue pour Ineos ! Le Britannique Geraint Thomas a lourdement chut\u00e9 lors de la 4\u00e8me \u00e9tape du <a href=\"https:\/\/dicodusport.fr\/blog\/tour-de-suisse-2019-le-profil-des-etapes\/\" target=\"_blank\" rel=\"noopener\">Tour de Suisse<\/a>. Le vainqueur sortant du Tour de France, devenu seul leader de la prochaine Grande Boucle suite <a href=\"https:\/\/dicodusport.fr\/blog\/chris-froome-doit-renoncer-au-tour-de-france\/\" target=\"_blank\" rel=\"noopener\">au forfait de Chris Froome<\/a>, a abandonn\u00e9. <\/em><\/strong><\/p>\n<p style=\"text-align: justify;\">C&rsquo;est \u00e0 30km de l&rsquo;arriv\u00e9e \u00e0 Arlesheim, th\u00e9\u00e2tre du terme de la 4\u00e8me \u00e9tape du Tour de Suisse 2019, que la poisse a de nouveau frapp\u00e9 la formation Ineos. <strong>Geraint Thomas<\/strong>, dernier vainqueur du Tour de France, s&rsquo;est retrouv\u00e9 \u00e0 terre \u00e0 une trentaine de kilom\u00e8tres de la ligne d&rsquo;arriv\u00e9e, en compagnie du Kazakh <strong>Andrey Zeits<\/strong> (Astana). Si on ne conna\u00eet pas les circonstances de la chute, le Britannique est, semble-t-il, lourdement tomb\u00e9. Touch\u00e9 au visage et surtout tr\u00e8s choqu\u00e9, le leader d&rsquo;Ineos sur ce Tour de Suisse, 8\u00e8me du classement g\u00e9n\u00e9ral ce matin, se plaignait \u00e9galement de la clavicule.<\/p>\n<p style=\"text-align: justify;\">L&rsquo;\u00e9quipe manag\u00e9e par Dave Brailsford a communiqu\u00e9, indiquant que son coureur allait \u00eatre transport\u00e9 \u00e0 l&rsquo;h\u00f4pital pour des examens approfondis.<\/p>\n<p><span class=\"3Io1AtbkiEmPOcqfxsydg9R68SYCeFav2ZjJLp5lTw4Vh\"><\/p>\n<blockquote class=\"twitter-tweet\" data-width=\"550\" data-dnt=\"true\">\n<p lang=\"fr\" dir=\"ltr\">Stupeur sur la route du Tour de Suisse avec la chute de Geraint Thomas.<a href=\"https:\/\/twitter.com\/hashtag\/lequipeVELO?src=hash&amp;ref_src=twsrc%5Etfw\">#lequipeVELO<\/a> <a href=\"https:\/\/t.co\/TOz1OwCVU8\">pic.twitter.com\/TOz1OwCVU8<\/a><\/p>\n<p>&mdash; la chaine L&#39;\u00c9quipe (@lachainelequipe) <a href=\"https:\/\/twitter.com\/lachainelequipe\/status\/1140993247935893506?ref_src=twsrc%5Etfw\">June 18, 2019<\/a><\/p><\/blockquote>\n<p><script async src=\"https:\/\/platform.twitter.com\/widgets.js\" charset=\"utf-8\"><\/script><\/span><\/p>\n<p><strong><em>Dicodusport<br \/>\n<a href=\"https:\/\/www.facebook.com\/dicodusport\/\" target=\"_blank\" rel=\"noopener\"><img loading=\"lazy\" decoding=\"async\" class=\"alignnone wp-image-2909\" src=\"http:\/\/dicodusport.fr\/blog\/wp-content\/uploads\/2017\/07\/logo-facebook-150x150.png\" sizes=\"auto, (max-width: 40px) 100vw, 40px\" srcset=\"https:\/\/dicodusport.fr\/blog\/wp-content\/uploads\/2017\/07\/logo-facebook-150x150.png 150w, https:\/\/dicodusport.fr\/blog\/wp-content\/uploads\/2017\/07\/logo-facebook-300x300.png 300w, https:\/\/dicodusport.fr\/blog\/wp-content\/uploads\/2017\/07\/logo-facebook.png 400w\" alt=\"\" width=\"40\" height=\"40\" \/><\/a><a href=\"https:\/\/twitter.com\/dicodusport\" target=\"_blank\" rel=\"noopener\"><img loading=\"lazy\" decoding=\"async\" class=\"alignnone wp-image-2908\" src=\"http:\/\/dicodusport.fr\/blog\/wp-content\/uploads\/2017\/07\/logo-twitter-150x150.png\" alt=\"\" width=\"39\" height=\"39\" \/><\/a><\/em><\/strong><\/p>\n","protected":false},"excerpt":{"rendered":"<p>Le calvaire continue pour Ineos ! Le Britannique Geraint Thomas a lourdement chut\u00e9 lors de la 4\u00e8me \u00e9tape du Tour de Suisse. Le vainqueur sortant du Tour de France, devenu seul leader de la prochaine Grande Boucle suite au forfait de Chris Froome, a abandonn\u00e9.<\/p>\n","protected":false},"author":4,"featured_media":41586,"comment_status":"open","ping_status":"closed","sticky":false,"template":"","format":"standard","meta":{"_acf_changed":false,"_daextam_enable_autolinks":"","footnotes":""},"categories":[2,2307],"tags":[5623,7579,8106],"class_list":["post-41584","post","type-post","status-publish","format-standard","has-post-thumbnail","hentry","category-actualites","category-cyclisme","tag-geraint-thomas","tag-ineos","tag-tour-de-suisse"],"acf":[],"yoast_head":"<!-- This site is optimized with the Yoast SEO Premium plugin v26.7 (Yoast SEO v26.7) - https:\/\/yoast.com\/wordpress\/plugins\/seo\/ -->\n<title>Geraint Thomas chute et abandonne sur le Tour de Suisse<\/title>\n<meta name=\"description\" content=\"Le calvaire continue pour Ineos ! Le Britannique Geraint Thomas a lourdement chut\u00e9 et abandonn\u00e9 lors de la 4\u00e8me \u00e9tape du Tour de Suisse.\" \/>\n<meta name=\"robots\" content=\"index, follow, max-snippet:-1, max-image-preview:large, max-video-preview:-1\" \/>\n<link rel=\"canonical\" href=\"https:\/\/dicodusport.fr\/blog\/geraint-thomas-chute-et-abandonne-sur-le-tour-de-suisse\/\" \/>\n<meta property=\"og:locale\" content=\"fr_FR\" \/>\n<meta property=\"og:type\" content=\"article\" \/>\n<meta property=\"og:title\" content=\"Geraint Thomas chute et abandonne sur le Tour de Suisse\" \/>\n<meta property=\"og:description\" content=\"Le calvaire continue pour Ineos ! Le Britannique Geraint Thomas a lourdement chut\u00e9 et abandonn\u00e9 lors de la 4\u00e8me \u00e9tape du Tour de Suisse.\" \/>\n<meta property=\"og:url\" content=\"https:\/\/dicodusport.fr\/blog\/geraint-thomas-chute-et-abandonne-sur-le-tour-de-suisse\/\" \/>\n<meta property=\"og:site_name\" content=\"Dicodusport\" \/>\n<meta property=\"article:publisher\" content=\"https:\/\/www.facebook.com\/dicodusport\" \/>\n<meta property=\"article:author\" content=\"https:\/\/www.facebook.com\/florent.ostermann\" \/>\n<meta property=\"article:published_time\" content=\"2019-06-18T14:45:17+00:00\" \/>\n<meta property=\"article:modified_time\" content=\"2019-06-18T18:37:52+00:00\" \/>\n<meta property=\"og:image\" content=\"https:\/\/dicodusport.fr\/blog\/wp-content\/uploads\/2019\/06\/Geraint-Thomas-Tour-de-Suisse.png\" \/>\n\t<meta property=\"og:image:width\" content=\"800\" \/>\n\t<meta property=\"og:image:height\" content=\"445\" \/>\n\t<meta property=\"og:image:type\" content=\"image\/png\" \/>\n<meta name=\"author\" content=\"Flo Ostermann\" \/>\n<meta name=\"twitter:card\" content=\"summary_large_image\" \/>\n<meta name=\"twitter:title\" content=\"Geraint Thomas chute et abandonne sur le Tour de Suisse\" \/>\n<meta name=\"twitter:creator\" content=\"@https:\/\/twitter.com\/FlOstermann\" \/>\n<meta name=\"twitter:site\" content=\"@dicodusport\" \/>\n<script type=\"application\/ld+json\" class=\"yoast-schema-graph\">{\"@context\":\"https:\/\/schema.org\",\"@graph\":[{\"@type\":\"NewsArticle\",\"@id\":\"https:\/\/dicodusport.fr\/blog\/geraint-thomas-chute-et-abandonne-sur-le-tour-de-suisse\/#article\",\"isPartOf\":{\"@id\":\"https:\/\/dicodusport.fr\/blog\/geraint-thomas-chute-et-abandonne-sur-le-tour-de-suisse\/\"},\"author\":{\"name\":\"Flo Ostermann\",\"@id\":\"https:\/\/dicodusport.fr\/blog\/#\/schema\/person\/cb02af4c173ce4a653b55e9baf388d4a\"},\"headline\":\"Geraint Thomas chute et abandonne sur le Tour de Suisse\",\"datePublished\":\"2019-06-18T14:45:17+00:00\",\"dateModified\":\"2019-06-18T18:37:52+00:00\",\"mainEntityOfPage\":{\"@id\":\"https:\/\/dicodusport.fr\/blog\/geraint-thomas-chute-et-abandonne-sur-le-tour-de-suisse\/\"},\"wordCount\":191,\"commentCount\":0,\"publisher\":{\"@id\":\"https:\/\/dicodusport.fr\/blog\/#organization\"},\"image\":{\"@id\":\"https:\/\/dicodusport.fr\/blog\/geraint-thomas-chute-et-abandonne-sur-le-tour-de-suisse\/#primaryimage\"},\"thumbnailUrl\":\"https:\/\/dicodusport.fr\/blog\/wp-content\/uploads\/2019\/06\/Geraint-Thomas-Tour-de-Suisse.png\",\"keywords\":[\"Geraint Thomas\",\"Ineos\",\"Tour de Suisse\"],\"articleSection\":[\"Actualit\u00e9s\",\"Cyclisme\"],\"inLanguage\":\"fr-FR\",\"potentialAction\":[{\"@type\":\"CommentAction\",\"name\":\"Comment\",\"target\":[\"https:\/\/dicodusport.fr\/blog\/geraint-thomas-chute-et-abandonne-sur-le-tour-de-suisse\/#respond\"]}],\"copyrightYear\":\"2019\",\"copyrightHolder\":{\"@id\":\"https:\/\/dicodusport.fr\/blog\/#organization\"}},{\"@type\":\"WebPage\",\"@id\":\"https:\/\/dicodusport.fr\/blog\/geraint-thomas-chute-et-abandonne-sur-le-tour-de-suisse\/\",\"url\":\"https:\/\/dicodusport.fr\/blog\/geraint-thomas-chute-et-abandonne-sur-le-tour-de-suisse\/\",\"name\":\"Geraint Thomas chute et abandonne sur le Tour de Suisse\",\"isPartOf\":{\"@id\":\"https:\/\/dicodusport.fr\/blog\/#website\"},\"primaryImageOfPage\":{\"@id\":\"https:\/\/dicodusport.fr\/blog\/geraint-thomas-chute-et-abandonne-sur-le-tour-de-suisse\/#primaryimage\"},\"image\":{\"@id\":\"https:\/\/dicodusport.fr\/blog\/geraint-thomas-chute-et-abandonne-sur-le-tour-de-suisse\/#primaryimage\"},\"thumbnailUrl\":\"https:\/\/dicodusport.fr\/blog\/wp-content\/uploads\/2019\/06\/Geraint-Thomas-Tour-de-Suisse.png\",\"datePublished\":\"2019-06-18T14:45:17+00:00\",\"dateModified\":\"2019-06-18T18:37:52+00:00\",\"description\":\"Le calvaire continue pour Ineos ! Le Britannique Geraint Thomas a lourdement chut\u00e9 et abandonn\u00e9 lors de la 4\u00e8me \u00e9tape du Tour de Suisse.\",\"breadcrumb\":{\"@id\":\"https:\/\/dicodusport.fr\/blog\/geraint-thomas-chute-et-abandonne-sur-le-tour-de-suisse\/#breadcrumb\"},\"inLanguage\":\"fr-FR\",\"potentialAction\":[{\"@type\":\"ReadAction\",\"target\":[\"https:\/\/dicodusport.fr\/blog\/geraint-thomas-chute-et-abandonne-sur-le-tour-de-suisse\/\"]}]},{\"@type\":\"ImageObject\",\"inLanguage\":\"fr-FR\",\"@id\":\"https:\/\/dicodusport.fr\/blog\/geraint-thomas-chute-et-abandonne-sur-le-tour-de-suisse\/#primaryimage\",\"url\":\"https:\/\/dicodusport.fr\/blog\/wp-content\/uploads\/2019\/06\/Geraint-Thomas-Tour-de-Suisse.png\",\"contentUrl\":\"https:\/\/dicodusport.fr\/blog\/wp-content\/uploads\/2019\/06\/Geraint-Thomas-Tour-de-Suisse.png\",\"width\":800,\"height\":445,\"caption\":\"Geraint Thomas - Sirotti\"},{\"@type\":\"BreadcrumbList\",\"@id\":\"https:\/\/dicodusport.fr\/blog\/geraint-thomas-chute-et-abandonne-sur-le-tour-de-suisse\/#breadcrumb\",\"itemListElement\":[{\"@type\":\"ListItem\",\"position\":1,\"name\":\"Accueil\",\"item\":\"https:\/\/dicodusport.fr\/blog\/\"},{\"@type\":\"ListItem\",\"position\":2,\"name\":\"Geraint Thomas chute et abandonne sur le Tour de Suisse\"}]},{\"@type\":\"WebSite\",\"@id\":\"https:\/\/dicodusport.fr\/blog\/#website\",\"url\":\"https:\/\/dicodusport.fr\/blog\/\",\"name\":\"Dicodusport\",\"description\":\"L&#039;encyclop\u00e9die de l&#039;actualit\u00e9 sportive\",\"publisher\":{\"@id\":\"https:\/\/dicodusport.fr\/blog\/#organization\"},\"potentialAction\":[{\"@type\":\"SearchAction\",\"target\":{\"@type\":\"EntryPoint\",\"urlTemplate\":\"https:\/\/dicodusport.fr\/blog\/?s={search_term_string}\"},\"query-input\":{\"@type\":\"PropertyValueSpecification\",\"valueRequired\":true,\"valueName\":\"search_term_string\"}}],\"inLanguage\":\"fr-FR\"},{\"@type\":\"NewsMediaOrganization\",\"@id\":\"https:\/\/dicodusport.fr\/blog\/#organization\",\"name\":\"Dicodusport\",\"url\":\"https:\/\/dicodusport.fr\/blog\/\",\"logo\":{\"@type\":\"ImageObject\",\"inLanguage\":\"fr-FR\",\"@id\":\"https:\/\/dicodusport.fr\/blog\/#\/schema\/logo\/image\/\",\"url\":\"https:\/\/dicodusport.fr\/blog\/wp-content\/uploads\/2020\/06\/cropped-LOGO-DICODUSPORT-2020-SANS-FOND-SANS-TEXTE.png\",\"contentUrl\":\"https:\/\/dicodusport.fr\/blog\/wp-content\/uploads\/2020\/06\/cropped-LOGO-DICODUSPORT-2020-SANS-FOND-SANS-TEXTE.png\",\"width\":512,\"height\":512,\"caption\":\"Dicodusport\"},\"image\":{\"@id\":\"https:\/\/dicodusport.fr\/blog\/#\/schema\/logo\/image\/\"},\"sameAs\":[\"https:\/\/www.facebook.com\/dicodusport\",\"https:\/\/x.com\/dicodusport\",\"https:\/\/www.instagram.com\/dicodusport\/\",\"https:\/\/www.youtube.com\/channel\/UC7V2KZ5sd3htJivAbA4ZG3w\"],\"description\":\"Dicodusport est l'encyclop\u00e9die de l'actualit\u00e9 sportive.\",\"email\":\"bonjour@dicodusport.fr\",\"legalName\":\"DICODUSPORT\",\"foundingDate\":\"2018-01-14\",\"vatID\":\"FR71834470973\",\"taxID\":\"83447097300043\",\"numberOfEmployees\":{\"@type\":\"QuantitativeValue\",\"minValue\":\"1\",\"maxValue\":\"10\"}},{\"@type\":\"Person\",\"@id\":\"https:\/\/dicodusport.fr\/blog\/#\/schema\/person\/cb02af4c173ce4a653b55e9baf388d4a\",\"name\":\"Flo Ostermann\",\"image\":{\"@type\":\"ImageObject\",\"inLanguage\":\"fr-FR\",\"@id\":\"https:\/\/dicodusport.fr\/blog\/#\/schema\/person\/image\/\",\"url\":\"https:\/\/dicodusport.fr\/blog\/wp-content\/uploads\/2021\/05\/Flo-Ostermann-150x150.jpg\",\"contentUrl\":\"https:\/\/dicodusport.fr\/blog\/wp-content\/uploads\/2021\/05\/Flo-Ostermann-150x150.jpg\",\"caption\":\"Flo Ostermann\"},\"description\":\"Journaliste\/R\u00e9dacteur depuis septembre 2015 - Mes premiers souvenirs dans le sport ? Les envol\u00e9es du Stade Toulousain et les duels Villeneuve-Schumacher et H\u00e4kkinen-Schumacher \u00e0 la fin des ann\u00e9es 90, la Coupe du monde de football en 1998, l\u2019exploit du XV de France face aux All Blacks en 1999, mais aussi Richard C\u0153ur de Lion qui vole sur les montagnes du Tour de France. Bien parti pour devenir professeur d\u2019EPS, les \u00e9v\u00e9nements de la vie (et la flemme d\u2019animer des s\u00e9ances de 3x500 m\u00e8tres toute ma vie) m\u2019ont conduit \u00e0 revoir mes plans. Me voil\u00e0 depuis fin 2017 sur Dicodusport, m\u00e9dia gr\u00e2ce (et pour) lequel je partage ma passion : le sport dans tous ses \u00e9tats. Le tout accompagn\u00e9 par les fous furieux et folles furieuses cit\u00e9s sur cette page !\",\"sameAs\":[\"https:\/\/www.facebook.com\/florent.ostermann\",\"https:\/\/x.com\/https:\/\/twitter.com\/FlOstermann\",\"admin\"],\"url\":\"https:\/\/dicodusport.fr\/blog\/author\/flo\/\"}]}<\/script>\n<!-- \/ Yoast SEO Premium plugin. -->","yoast_head_json":{"title":"Geraint Thomas chute et abandonne sur le Tour de Suisse","description":"Le calvaire continue pour Ineos ! Le Britannique Geraint Thomas a lourdement chut\u00e9 et abandonn\u00e9 lors de la 4\u00e8me \u00e9tape du Tour de Suisse.","robots":{"index":"index","follow":"follow","max-snippet":"max-snippet:-1","max-image-preview":"max-image-preview:large","max-video-preview":"max-video-preview:-1"},"canonical":"https:\/\/dicodusport.fr\/blog\/geraint-thomas-chute-et-abandonne-sur-le-tour-de-suisse\/","og_locale":"fr_FR","og_type":"article","og_title":"Geraint Thomas chute et abandonne sur le Tour de Suisse","og_description":"Le calvaire continue pour Ineos ! Le Britannique Geraint Thomas a lourdement chut\u00e9 et abandonn\u00e9 lors de la 4\u00e8me \u00e9tape du Tour de Suisse.","og_url":"https:\/\/dicodusport.fr\/blog\/geraint-thomas-chute-et-abandonne-sur-le-tour-de-suisse\/","og_site_name":"Dicodusport","article_publisher":"https:\/\/www.facebook.com\/dicodusport","article_author":"https:\/\/www.facebook.com\/florent.ostermann","article_published_time":"2019-06-18T14:45:17+00:00","article_modified_time":"2019-06-18T18:37:52+00:00","og_image":[{"width":800,"height":445,"url":"https:\/\/dicodusport.fr\/blog\/wp-content\/uploads\/2019\/06\/Geraint-Thomas-Tour-de-Suisse.png","type":"image\/png"}],"author":"Flo Ostermann","twitter_card":"summary_large_image","twitter_title":"Geraint Thomas chute et abandonne sur le Tour de Suisse","twitter_creator":"@https:\/\/twitter.com\/FlOstermann","twitter_site":"@dicodusport","schema":{"@context":"https:\/\/schema.org","@graph":[{"@type":"NewsArticle","@id":"https:\/\/dicodusport.fr\/blog\/geraint-thomas-chute-et-abandonne-sur-le-tour-de-suisse\/#article","isPartOf":{"@id":"https:\/\/dicodusport.fr\/blog\/geraint-thomas-chute-et-abandonne-sur-le-tour-de-suisse\/"},"author":{"name":"Flo Ostermann","@id":"https:\/\/dicodusport.fr\/blog\/#\/schema\/person\/cb02af4c173ce4a653b55e9baf388d4a"},"headline":"Geraint Thomas chute et abandonne sur le Tour de Suisse","datePublished":"2019-06-18T14:45:17+00:00","dateModified":"2019-06-18T18:37:52+00:00","mainEntityOfPage":{"@id":"https:\/\/dicodusport.fr\/blog\/geraint-thomas-chute-et-abandonne-sur-le-tour-de-suisse\/"},"wordCount":191,"commentCount":0,"publisher":{"@id":"https:\/\/dicodusport.fr\/blog\/#organization"},"image":{"@id":"https:\/\/dicodusport.fr\/blog\/geraint-thomas-chute-et-abandonne-sur-le-tour-de-suisse\/#primaryimage"},"thumbnailUrl":"https:\/\/dicodusport.fr\/blog\/wp-content\/uploads\/2019\/06\/Geraint-Thomas-Tour-de-Suisse.png","keywords":["Geraint Thomas","Ineos","Tour de Suisse"],"articleSection":["Actualit\u00e9s","Cyclisme"],"inLanguage":"fr-FR","potentialAction":[{"@type":"CommentAction","name":"Comment","target":["https:\/\/dicodusport.fr\/blog\/geraint-thomas-chute-et-abandonne-sur-le-tour-de-suisse\/#respond"]}],"copyrightYear":"2019","copyrightHolder":{"@id":"https:\/\/dicodusport.fr\/blog\/#organization"}},{"@type":"WebPage","@id":"https:\/\/dicodusport.fr\/blog\/geraint-thomas-chute-et-abandonne-sur-le-tour-de-suisse\/","url":"https:\/\/dicodusport.fr\/blog\/geraint-thomas-chute-et-abandonne-sur-le-tour-de-suisse\/","name":"Geraint Thomas chute et abandonne sur le Tour de Suisse","isPartOf":{"@id":"https:\/\/dicodusport.fr\/blog\/#website"},"primaryImageOfPage":{"@id":"https:\/\/dicodusport.fr\/blog\/geraint-thomas-chute-et-abandonne-sur-le-tour-de-suisse\/#primaryimage"},"image":{"@id":"https:\/\/dicodusport.fr\/blog\/geraint-thomas-chute-et-abandonne-sur-le-tour-de-suisse\/#primaryimage"},"thumbnailUrl":"https:\/\/dicodusport.fr\/blog\/wp-content\/uploads\/2019\/06\/Geraint-Thomas-Tour-de-Suisse.png","datePublished":"2019-06-18T14:45:17+00:00","dateModified":"2019-06-18T18:37:52+00:00","description":"Le calvaire continue pour Ineos ! Le Britannique Geraint Thomas a lourdement chut\u00e9 et abandonn\u00e9 lors de la 4\u00e8me \u00e9tape du Tour de Suisse.","breadcrumb":{"@id":"https:\/\/dicodusport.fr\/blog\/geraint-thomas-chute-et-abandonne-sur-le-tour-de-suisse\/#breadcrumb"},"inLanguage":"fr-FR","potentialAction":[{"@type":"ReadAction","target":["https:\/\/dicodusport.fr\/blog\/geraint-thomas-chute-et-abandonne-sur-le-tour-de-suisse\/"]}]},{"@type":"ImageObject","inLanguage":"fr-FR","@id":"https:\/\/dicodusport.fr\/blog\/geraint-thomas-chute-et-abandonne-sur-le-tour-de-suisse\/#primaryimage","url":"https:\/\/dicodusport.fr\/blog\/wp-content\/uploads\/2019\/06\/Geraint-Thomas-Tour-de-Suisse.png","contentUrl":"https:\/\/dicodusport.fr\/blog\/wp-content\/uploads\/2019\/06\/Geraint-Thomas-Tour-de-Suisse.png","width":800,"height":445,"caption":"Geraint Thomas - Sirotti"},{"@type":"BreadcrumbList","@id":"https:\/\/dicodusport.fr\/blog\/geraint-thomas-chute-et-abandonne-sur-le-tour-de-suisse\/#breadcrumb","itemListElement":[{"@type":"ListItem","position":1,"name":"Accueil","item":"https:\/\/dicodusport.fr\/blog\/"},{"@type":"ListItem","position":2,"name":"Geraint Thomas chute et abandonne sur le Tour de Suisse"}]},{"@type":"WebSite","@id":"https:\/\/dicodusport.fr\/blog\/#website","url":"https:\/\/dicodusport.fr\/blog\/","name":"Dicodusport","description":"L&#039;encyclop\u00e9die de l&#039;actualit\u00e9 sportive","publisher":{"@id":"https:\/\/dicodusport.fr\/blog\/#organization"},"potentialAction":[{"@type":"SearchAction","target":{"@type":"EntryPoint","urlTemplate":"https:\/\/dicodusport.fr\/blog\/?s={search_term_string}"},"query-input":{"@type":"PropertyValueSpecification","valueRequired":true,"valueName":"search_term_string"}}],"inLanguage":"fr-FR"},{"@type":"NewsMediaOrganization","@id":"https:\/\/dicodusport.fr\/blog\/#organization","name":"Dicodusport","url":"https:\/\/dicodusport.fr\/blog\/","logo":{"@type":"ImageObject","inLanguage":"fr-FR","@id":"https:\/\/dicodusport.fr\/blog\/#\/schema\/logo\/image\/","url":"https:\/\/dicodusport.fr\/blog\/wp-content\/uploads\/2020\/06\/cropped-LOGO-DICODUSPORT-2020-SANS-FOND-SANS-TEXTE.png","contentUrl":"https:\/\/dicodusport.fr\/blog\/wp-content\/uploads\/2020\/06\/cropped-LOGO-DICODUSPORT-2020-SANS-FOND-SANS-TEXTE.png","width":512,"height":512,"caption":"Dicodusport"},"image":{"@id":"https:\/\/dicodusport.fr\/blog\/#\/schema\/logo\/image\/"},"sameAs":["https:\/\/www.facebook.com\/dicodusport","https:\/\/x.com\/dicodusport","https:\/\/www.instagram.com\/dicodusport\/","https:\/\/www.youtube.com\/channel\/UC7V2KZ5sd3htJivAbA4ZG3w"],"description":"Dicodusport est l'encyclop\u00e9die de l'actualit\u00e9 sportive.","email":"bonjour@dicodusport.fr","legalName":"DICODUSPORT","foundingDate":"2018-01-14","vatID":"FR71834470973","taxID":"83447097300043","numberOfEmployees":{"@type":"QuantitativeValue","minValue":"1","maxValue":"10"}},{"@type":"Person","@id":"https:\/\/dicodusport.fr\/blog\/#\/schema\/person\/cb02af4c173ce4a653b55e9baf388d4a","name":"Flo Ostermann","image":{"@type":"ImageObject","inLanguage":"fr-FR","@id":"https:\/\/dicodusport.fr\/blog\/#\/schema\/person\/image\/","url":"https:\/\/dicodusport.fr\/blog\/wp-content\/uploads\/2021\/05\/Flo-Ostermann-150x150.jpg","contentUrl":"https:\/\/dicodusport.fr\/blog\/wp-content\/uploads\/2021\/05\/Flo-Ostermann-150x150.jpg","caption":"Flo Ostermann"},"description":"Journaliste\/R\u00e9dacteur depuis septembre 2015 - Mes premiers souvenirs dans le sport ? Les envol\u00e9es du Stade Toulousain et les duels Villeneuve-Schumacher et H\u00e4kkinen-Schumacher \u00e0 la fin des ann\u00e9es 90, la Coupe du monde de football en 1998, l\u2019exploit du XV de France face aux All Blacks en 1999, mais aussi Richard C\u0153ur de Lion qui vole sur les montagnes du Tour de France. Bien parti pour devenir professeur d\u2019EPS, les \u00e9v\u00e9nements de la vie (et la flemme d\u2019animer des s\u00e9ances de 3x500 m\u00e8tres toute ma vie) m\u2019ont conduit \u00e0 revoir mes plans. Me voil\u00e0 depuis fin 2017 sur Dicodusport, m\u00e9dia gr\u00e2ce (et pour) lequel je partage ma passion : le sport dans tous ses \u00e9tats. Le tout accompagn\u00e9 par les fous furieux et folles furieuses cit\u00e9s sur cette page !","sameAs":["https:\/\/www.facebook.com\/florent.ostermann","https:\/\/x.com\/https:\/\/twitter.com\/FlOstermann","admin"],"url":"https:\/\/dicodusport.fr\/blog\/author\/flo\/"}]}},"_links":{"self":[{"href":"https:\/\/dicodusport.fr\/blog\/wp-json\/wp\/v2\/posts\/41584","targetHints":{"allow":["GET"]}}],"collection":[{"href":"https:\/\/dicodusport.fr\/blog\/wp-json\/wp\/v2\/posts"}],"about":[{"href":"https:\/\/dicodusport.fr\/blog\/wp-json\/wp\/v2\/types\/post"}],"author":[{"embeddable":true,"href":"https:\/\/dicodusport.fr\/blog\/wp-json\/wp\/v2\/users\/4"}],"replies":[{"embeddable":true,"href":"https:\/\/dicodusport.fr\/blog\/wp-json\/wp\/v2\/comments?post=41584"}],"version-history":[{"count":0,"href":"https:\/\/dicodusport.fr\/blog\/wp-json\/wp\/v2\/posts\/41584\/revisions"}],"wp:featuredmedia":[{"embeddable":true,"href":"https:\/\/dicodusport.fr\/blog\/wp-json\/wp\/v2\/media\/41586"}],"wp:attachment":[{"href":"https:\/\/dicodusport.fr\/blog\/wp-json\/wp\/v2\/media?parent=41584"}],"wp:term":[{"taxonomy":"category","embeddable":true,"href":"https:\/\/dicodusport.fr\/blog\/wp-json\/wp\/v2\/categories?post=41584"},{"taxonomy":"post_tag","embeddable":true,"href":"https:\/\/dicodusport.fr\/blog\/wp-json\/wp\/v2\/tags?post=41584"}],"curies":[{"name":"wp","href":"https:\/\/api.w.org\/{rel}","templated":true}]}}