{"id":415883,"date":"2023-09-17T22:27:16","date_gmt":"2023-09-17T20:27:16","guid":{"rendered":"https:\/\/dicodusport.fr\/blog\/?p=415883&#038;preview=true&#038;preview_id=415883"},"modified":"2023-09-17T23:06:49","modified_gmt":"2023-09-17T21:06:49","slug":"coupe-davis-2023-phase-de-groupes-programme-et-resultats","status":"publish","type":"post","link":"https:\/\/dicodusport.fr\/blog\/coupe-davis-2023-phase-de-groupes-programme-et-resultats\/","title":{"rendered":"Programme et r\u00e9sultats Coupe Davis 2023 Phase de groupes"},"content":{"rendered":"<p style=\"text-align: justify;\"><strong><em>TENNIS &#8211; La phase de groupes de la Coupe Davis se d\u00e9roule du 12 au 17 septembre 2023. Voici le calendrier et les r\u00e9sultats.<\/em><\/strong><\/p>\n<p style=\"text-align: justify;\">La comp\u00e9tition est \u00e0 suivre sur beIN SPORTS et les matchs de l&rsquo;\u00e9quipe de France sont \u00e0 suivre sur <a href=\"https:\/\/live.lequipe.fr\/\" target=\"_blank\" rel=\"noopener\">L&rsquo;Equipe Live<\/a>.<\/p>\n<p style=\"text-align: justify;\">Les deux premi\u00e8res \u00e9quipes de chaque groupe sont qualifi\u00e9es pour la phase finale \u00e0 \u00e9limination directe (22-27 novembre) \u00e0 Malaga.<\/p>\n<h3>Groupe A (Bologne)<\/h3>\n<div class=\"su-table su-table-alternate\">\n<table class=\"table-style-2\" style=\"width: 91.96139140202916%\">\n<tbody>\n<tr>\n<td style=\"width: 2.13836%\"><strong>#<\/strong><\/td>\n<td style=\"width: 56.9811%\"><strong>\u00c9quipe<\/strong><\/td>\n<td style=\"text-align: center;width: 6.16352%\"><strong><abbr title=\"Victoires\/D\u00e9faites\">V\/D<\/abbr><\/strong><\/td>\n<td style=\"text-align: center;width: 9.0566%\"><strong>Matchs<\/strong><\/td>\n<td style=\"text-align: center;width: 6.22642%\"><strong>Sets<\/strong><\/td>\n<td style=\"text-align: center;width: 6.22642%\"><strong><abbr title=\"% de sets gagn\u00e9s\">S%<\/abbr><\/strong><\/td>\n<td style=\"text-align: center;width: 6.22642%\"><strong>Jeux<\/strong><\/td>\n<td style=\"text-align: center;width: 6.22642%\"><strong><abbr title=\"% de jeux gagn\u00e9s\">J%<\/abbr><\/strong><\/td>\n<\/tr>\n<tr class=\"promu2\">\n<td class=\"tdcol-5\" style=\"width: 2.13836%\">1.<\/td>\n<td class=\"tdcol-30\" style=\"width: 56.9811%;text-align: left\">\ud83c\udde8\ud83c\udde6 <strong>Canada<\/strong><\/td>\n<td class=\"tdcol-10\" style=\"text-align: center;width: 6.16352%\">3\/0<\/td>\n<td class=\"tdcol-5\" style=\"text-align: center;width: 9.0566%\">8\/1<\/td>\n<td class=\"tdcol-5\" style=\"text-align: center;width: 6.22642%\">16\/4<\/td>\n<td class=\"tdcol-5\" style=\"text-align: center;width: 6.22642%\">80<\/td>\n<td class=\"tdcol-5\" style=\"text-align: center;width: 6.22642%\">123\/100<\/td>\n<td class=\"tdcol-5\" style=\"text-align: center;width: 6.22642%\">55<\/td>\n<\/tr>\n<tr>\n<td style=\"width: 2.13836%\">2.<\/td>\n<td style=\"width: 56.9811%;text-align: left\">\ud83c\uddee\ud83c\uddf9 <strong>Italie<\/strong><\/td>\n<td style=\"text-align: center;width: 6.16352%\">2\/1<\/td>\n<td style=\"text-align: center;width: 9.0566%\">5\/4<\/td>\n<td style=\"text-align: center;width: 6.22642%\">12\/11<\/td>\n<td style=\"text-align: center;width: 6.22642%\">52<\/td>\n<td style=\"text-align: center;width: 6.22642%\">121\/116<\/td>\n<td style=\"text-align: center;width: 6.22642%\">51<\/td>\n<\/tr>\n<tr>\n<td class=\"tdcol-5\" style=\"width: 2.13836%\">3.<\/td>\n<td class=\"tdcol-30\" style=\"width: 56.9811%;text-align: left\">\ud83c\udde8\ud83c\uddf1 Chili<\/td>\n<td class=\"tdcol-10\" style=\"text-align: center;width: 6.16352%\">1\/2<\/td>\n<td class=\"tdcol-5\" style=\"text-align: center;width: 9.0566%\">4\/5<\/td>\n<td class=\"tdcol-5\" style=\"text-align: center;width: 6.22642%\">11\/11<\/td>\n<td class=\"tdcol-5\" style=\"text-align: center;width: 6.22642%\">50<\/td>\n<td class=\"tdcol-5\" style=\"text-align: center;width: 6.22642%\">116\/115<\/td>\n<td class=\"tdcol-5\" style=\"text-align: center;width: 6.22642%\">50<\/td>\n<\/tr>\n<tr class=\"promu2\">\n<td class=\"tdcol-5\" style=\"width: 2.13836%\">4.<\/td>\n<td class=\"tdcol-30\" style=\"width: 56.9811%;text-align: left\">\ud83c\uddf8\ud83c\uddea Su\u00e8de<\/td>\n<td class=\"tdcol-10\" style=\"text-align: center;width: 6.16352%\">0\/3<\/td>\n<td class=\"tdcol-5\" style=\"text-align: center;width: 9.0566%\">1\/8<\/td>\n<td class=\"tdcol-5\" style=\"text-align: center;width: 6.22642%\">4\/17<\/td>\n<td class=\"tdcol-5\" style=\"text-align: center;width: 6.22642%\">19<\/td>\n<td class=\"tdcol-5\" style=\"text-align: center;width: 6.22642%\">93\/122<\/td>\n<td class=\"tdcol-5\" style=\"text-align: center;width: 6.22642%\">43<\/td>\n<\/tr>\n<\/tbody>\n<\/table>\n<\/div>\n<div class=\"su-spoiler su-spoiler-style-default su-spoiler-icon-plus-square-1 su-spoiler-closed\" data-scroll-offset=\"0\" data-anchor-in-url=\"no\"><div class=\"su-spoiler-title\" tabindex=\"0\" role=\"button\"><span class=\"su-spoiler-icon\"><\/span>D\u00e9tail des rencontres<\/div><div class=\"su-spoiler-content su-u-clearfix su-u-trim\">\n<div class=\"su-box su-box-style-bubbles\" id=\"\" style=\"border-color:#00109b;border-radius:5px;\"><div class=\"su-box-title\" style=\"background-color:#1043ce;color:#FFFFFF;border-top-left-radius:3px;border-top-right-radius:3px\">Su\u00e8de 0-3 Chili<\/div><div class=\"su-box-content su-u-clearfix su-u-trim\" style=\"border-bottom-left-radius:3px;border-bottom-right-radius:3px\">\n<p><span style=\"text-decoration: underline;\"><strong>Mardi 12 septembre<\/strong><\/span><\/p>\n<p><strong>15h :<\/strong> <strong>Garin<\/strong> bat Borg 7-6[6] 3-6 7-5<\/p>\n<p><strong>Jarry<\/strong> bat E.Ymer 6-2 6-4<\/p>\n<p><strong>Barrios Vera\/Tabilo <\/strong>battent Bergevi\/Goransson 6-4 7-5<\/p>\n<\/div><\/div>\n<div class=\"su-box su-box-style-bubbles\" id=\"\" style=\"border-color:#00109b;border-radius:5px;\"><div class=\"su-box-title\" style=\"background-color:#1043ce;color:#FFFFFF;border-top-left-radius:3px;border-top-right-radius:3px\">Canada 3-0 Italie<\/div><div class=\"su-box-content su-u-clearfix su-u-trim\" style=\"border-bottom-left-radius:3px;border-bottom-right-radius:3px\">\n<p><span style=\"text-decoration: underline;\"><strong>Mercredi 13 septembre<\/strong><\/span><\/p>\n<p><strong>Galarneau<\/strong> bat Sonego 7-6[8] 6-4<\/p>\n<p><strong>Diallo<\/strong> bat Musetti 7-5 6-4<\/p>\n<p><strong>Galarneau\/Pospisil<\/strong> battent Bolelli\/Arnaldi 6-7[4] 6-4 7-6[3]\n<\/div><\/div>\n<div class=\"su-box su-box-style-bubbles\" id=\"\" style=\"border-color:#00109b;border-radius:5px;\"><div class=\"su-box-title\" style=\"background-color:#1043ce;color:#FFFFFF;border-top-left-radius:3px;border-top-right-radius:3px\">Canada 3-0 Su\u00e8de<\/div><div class=\"su-box-content su-u-clearfix su-u-trim\" style=\"border-bottom-left-radius:3px;border-bottom-right-radius:3px\">\n<p><span style=\"text-decoration: underline;\"><strong>Jeudi 14 septembre<\/strong><\/span><\/p>\n<p><strong>Pospisil<\/strong> bat Borg 7-6[5] 5-7 6-2<\/p>\n<p><strong>Diallo<\/strong> bat E.Ymer 6-4 6-3<\/p>\n<p><strong>Galarneau\/Pospisil<\/strong> battent Bergevi\/Goransson 7-6[9] 7-6[3]\n<\/div><\/div>\n<div class=\"su-box su-box-style-bubbles\" id=\"\" style=\"border-color:#00109b;border-radius:5px;\"><div class=\"su-box-title\" style=\"background-color:#1043ce;color:#FFFFFF;border-top-left-radius:3px;border-top-right-radius:3px\">Italie 3-0 Chili<\/div><div class=\"su-box-content su-u-clearfix su-u-trim\" style=\"border-bottom-left-radius:3px;border-bottom-right-radius:3px\">\n<p><span style=\"text-decoration: underline;\"><strong>Vendredi 15 septembre<\/strong><\/span><\/p>\n<p><strong>Arnaldi<\/strong> bat Garin 2-6 6-4 6-3<\/p>\n<p><strong>Sonego<\/strong> bat Jarry 3-6 7-5 6-4<\/p>\n<p><strong>Musetti\/Sonego<\/strong> battent Barrios Vera\/Tabilo 6-7[3[ 6-3 7-6[2]\n<\/div><\/div>\n<div class=\"su-box su-box-style-bubbles\" id=\"\" style=\"border-color:#00109b;border-radius:5px;\"><div class=\"su-box-title\" style=\"background-color:#1043ce;color:#FFFFFF;border-top-left-radius:3px;border-top-right-radius:3px\">Canada 2-1 Chili<\/div><div class=\"su-box-content su-u-clearfix su-u-trim\" style=\"border-bottom-left-radius:3px;border-bottom-right-radius:3px\">\n<p><span style=\"text-decoration: underline;\"><strong>Samedi 16 septembre<\/strong><\/span><\/p>\n<p><strong>Galarneau<\/strong> bat Tabilo 6-3 7-6[5]\n<p><strong>Jarry<\/strong> bat Diallo 6-4 6-4<\/p>\n<p><strong>Galarneau\/Pospisil<\/strong> battent Barrios Vera\/Tabilo 6-3 7-6[7]\n<\/div><\/div>\n<div class=\"su-box su-box-style-bubbles\" id=\"\" style=\"border-color:#00109b;border-radius:5px;\"><div class=\"su-box-title\" style=\"background-color:#1043ce;color:#FFFFFF;border-top-left-radius:3px;border-top-right-radius:3px\">Italie 2-1 Su\u00e8de<\/div><div class=\"su-box-content su-u-clearfix su-u-trim\" style=\"border-bottom-left-radius:3px;border-bottom-right-radius:3px\">\n<p><span style=\"text-decoration: underline;\"><strong>Dimanche 17 septembre<\/strong><\/span><\/p>\n<p><strong>Arnaldi<\/strong> bat Borg 6-4 6-3<\/p>\n<p><strong>Sonego<\/strong> bat E.Ymer 6-4 6-4<\/p>\n<p><strong>Bergevii\/Goransson <\/strong>battent Bolelli\/Vavassori 4-6 7-6[4] [10-8]\n<\/div><\/div>\n<\/div><\/div>\n<h3>Groupe B (Manchester)<\/h3>\n<div class=\"su-table su-table-alternate\">\n<table class=\"table-style-2\" style=\"width: 91.96139140202916%\">\n<tbody>\n<tr>\n<td style=\"width: 2.13836%\"><strong>#<\/strong><\/td>\n<td style=\"width: 56.9811%\"><strong>\u00c9quipe<\/strong><\/td>\n<td style=\"text-align: center;width: 6.16352%\"><strong><abbr title=\"Victoires\/D\u00e9faites\">V\/D<\/abbr><\/strong><\/td>\n<td style=\"text-align: center;width: 9.0566%\"><strong>Matchs<\/strong><\/td>\n<td style=\"text-align: center;width: 6.22642%\"><strong>Sets<\/strong><\/td>\n<td style=\"text-align: center;width: 6.22642%\"><strong><abbr title=\"% de sets gagn\u00e9s\">S%<\/abbr><\/strong><\/td>\n<td style=\"text-align: center;width: 6.22642%\"><strong>Jeux<\/strong><\/td>\n<td style=\"text-align: center;width: 6.22642%\"><strong><abbr title=\"% de jeux gagn\u00e9s\">J%<\/abbr><\/strong><\/td>\n<\/tr>\n<tr class=\"promu2\">\n<td class=\"tdcol-5\" style=\"width: 2.13836%\">1.<\/td>\n<td class=\"tdcol-30\" style=\"width: 56.9811%;text-align: left\">\ud83c\uddec\ud83c\udde7 <strong>Grande-Bretagne<\/strong><\/td>\n<td class=\"tdcol-10\" style=\"text-align: center;width: 6.16352%\">3\/0<\/td>\n<td class=\"tdcol-5\" style=\"text-align: center;width: 9.0566%\">6\/3<\/td>\n<td class=\"tdcol-5\" style=\"text-align: center;width: 6.22642%\">13\/11<\/td>\n<td class=\"tdcol-5\" style=\"text-align: center;width: 6.22642%\">54<\/td>\n<td class=\"tdcol-5\" style=\"text-align: center;width: 6.22642%\">129\/122<\/td>\n<td class=\"tdcol-5\" style=\"text-align: center;width: 6.22642%\">51<\/td>\n<\/tr>\n<tr>\n<td style=\"width: 2.13836%\">2.<\/td>\n<td style=\"width: 56.9811%;text-align: left\">\ud83c\udde6\ud83c\uddfa <strong>Australie<\/strong><\/td>\n<td style=\"text-align: center;width: 6.16352%\">2\/1<\/td>\n<td style=\"text-align: center;width: 9.0566%\">6\/3<\/td>\n<td style=\"text-align: center;width: 6.22642%\">14\/6<\/td>\n<td style=\"text-align: center;width: 6.22642%\">70<\/td>\n<td style=\"text-align: center;width: 6.22642%\">113\/94<\/td>\n<td style=\"text-align: center;width: 6.22642%\">55<\/td>\n<\/tr>\n<tr class=\"promu2\">\n<td class=\"tdcol-5\" style=\"width: 2.13836%\">3.<\/td>\n<td class=\"tdcol-30\" style=\"width: 56.9811%;text-align: left\">\ud83c\uddeb\ud83c\uddf7 France<\/td>\n<td class=\"tdcol-10\" style=\"text-align: center;width: 6.16352%\">1\/2<\/td>\n<td class=\"tdcol-5\" style=\"text-align: center;width: 9.0566%\">5\/4<\/td>\n<td class=\"tdcol-5\" style=\"text-align: center;width: 6.22642%\">12\/10<\/td>\n<td class=\"tdcol-5\" style=\"text-align: center;width: 6.22642%\">55<\/td>\n<td class=\"tdcol-5\" style=\"text-align: center;width: 6.22642%\">117\/106<\/td>\n<td class=\"tdcol-5\" style=\"text-align: center;width: 6.22642%\">52<\/td>\n<\/tr>\n<tr>\n<td class=\"tdcol-5\" style=\"width: 2.13836%\">4.<\/td>\n<td class=\"tdcol-30\" style=\"width: 56.9811%;text-align: left\">\ud83c\udde8\ud83c\udded Suisse<\/td>\n<td class=\"tdcol-10\" style=\"text-align: center;width: 6.16352%\">0\/3<\/td>\n<td class=\"tdcol-5\" style=\"text-align: center;width: 9.0566%\">1\/8<\/td>\n<td class=\"tdcol-5\" style=\"text-align: center;width: 6.22642%\">4\/16<\/td>\n<td class=\"tdcol-5\" style=\"text-align: center;width: 6.22642%\">20<\/td>\n<td class=\"tdcol-5\" style=\"text-align: center;width: 6.22642%\">78\/115<\/td>\n<td class=\"tdcol-5\" style=\"text-align: center;width: 6.22642%\">40<\/td>\n<\/tr>\n<\/tbody>\n<\/table>\n<\/div>\n<div class=\"su-spoiler su-spoiler-style-default su-spoiler-icon-plus-square-1 su-spoiler-closed\" data-scroll-offset=\"0\" data-anchor-in-url=\"no\"><div class=\"su-spoiler-title\" tabindex=\"0\" role=\"button\"><span class=\"su-spoiler-icon\"><\/span>D\u00e9tail des rencontres<\/div><div class=\"su-spoiler-content su-u-clearfix su-u-trim\">\n<div class=\"su-box su-box-style-bubbles\" id=\"\" style=\"border-color:#00109b;border-radius:5px;\"><div class=\"su-box-title\" style=\"background-color:#1043ce;color:#FFFFFF;border-top-left-radius:3px;border-top-right-radius:3px\">France 3-0 Suisse<\/div><div class=\"su-box-content su-u-clearfix su-u-trim\" style=\"border-bottom-left-radius:3px;border-bottom-right-radius:3px\">\n<p><span style=\"text-decoration: underline;\"><strong>Mardi 12 septembre<\/strong><\/span><\/p>\n<p><strong>Mannarino<\/strong> bat Stricker 3-6 6-1 6-4<\/p>\n<p><strong>Humbert<\/strong> bat Wawrinka 6-4 6-4<\/p>\n<p><strong>Mahut\/Roger-Vasselin<\/strong> battent Huesler\/Wawrinka 6-2 6-2<\/p>\n<ul>\n<li><a title=\"Coupe Davis 2023 : La France domine la Suisse sans trembler\" href=\"https:\/\/dicodusport.fr\/blog\/coupe-davis-2023-la-france-domine-la-suisse-sans-trembler\/\" target=\"_blank\" rel=\"noopener\"><strong>R\u00e9sum\u00e9<\/strong><\/a><\/li>\n<\/ul>\n<\/div><\/div>\n<div class=\"su-box su-box-style-bubbles\" id=\"\" style=\"border-color:#00109b;border-radius:5px;\"><div class=\"su-box-title\" style=\"background-color:#1043ce;color:#FFFFFF;border-top-left-radius:3px;border-top-right-radius:3px\">Australie 1-2 Grande-Bretagne<\/div><div class=\"su-box-content su-u-clearfix su-u-trim\" style=\"border-bottom-left-radius:3px;border-bottom-right-radius:3px\">\n<p><span style=\"text-decoration: underline;\"><strong>Mercredi 13 septembre<\/strong><\/span><\/p>\n<p><strong>Draper<\/strong> bat Kokkinakis 6-7[6] 6-3 7-6[4]\n<p><strong>Evans<\/strong> bat De Minaur 6-1 2-6 6-4<\/p>\n<p><strong>Ebden\/Purcell<\/strong> battent Evans\/Skupski 7-6[5] 6-4<\/p>\n<\/div><\/div>\n<div class=\"su-box su-box-style-bubbles\" id=\"\" style=\"border-color:#00109b;border-radius:5px;\"><div class=\"su-box-title\" style=\"background-color:#1043ce;color:#FFFFFF;border-top-left-radius:3px;border-top-right-radius:3px\">Australie 2-1 France<\/div><div class=\"su-box-content su-u-clearfix su-u-trim\" style=\"border-bottom-left-radius:3px;border-bottom-right-radius:3px\">\n<p><span style=\"text-decoration: underline;\"><strong>Jeudi 14 septembre<\/strong><\/span><\/p>\n<p><strong>Mannarino<\/strong> bat Purcell 7-6[4] 6-4<\/p>\n<p><strong>De Minaur<\/strong> bat Humbert 7-6[2] 6-3<\/p>\n<p><strong>Ebden\/Purcell<\/strong> battent Mahut-Roger-Vasselin 7-5 6-3<\/p>\n<ul>\n<li><a href=\"https:\/\/dicodusport.fr\/blog\/coupe-davis-2023-la-france-chute-face-a-laustralie\/\" target=\"_blank\" rel=\"noopener\"><strong>R\u00e9sum\u00e9<\/strong><\/a><\/li>\n<\/ul>\n<\/div><\/div>\n<div class=\"su-box su-box-style-bubbles\" id=\"\" style=\"border-color:#00109b;border-radius:5px;\"><div class=\"su-box-title\" style=\"background-color:#1043ce;color:#FFFFFF;border-top-left-radius:3px;border-top-right-radius:3px\">Grande-Bretagne 2-1 Suisse<\/div><div class=\"su-box-content su-u-clearfix su-u-trim\" style=\"border-bottom-left-radius:3px;border-bottom-right-radius:3px\">\n<p><span style=\"text-decoration: underline;\"><strong>Vendredi 15 septembre<\/strong><\/span><\/p>\n<p><strong>A.Murray<\/strong> bat Riedi 6-7[7] 6-4 6-4<\/p>\n<p><strong>Wawrinka<\/strong> bat Norrie 7-5 6-4<\/p>\n<p><strong>Evans\/Skupski<\/strong> battent Huesler\/Stricker 6-3 6-3<\/p>\n<\/div><\/div>\n<div class=\"su-box su-box-style-bubbles\" id=\"\" style=\"border-color:#00109b;border-radius:5px;\"><div class=\"su-box-title\" style=\"background-color:#1043ce;color:#FFFFFF;border-top-left-radius:3px;border-top-right-radius:3px\">Australie 3-0 Suisse<\/div><div class=\"su-box-content su-u-clearfix su-u-trim\" style=\"border-bottom-left-radius:3px;border-bottom-right-radius:3px\">\n<p><span style=\"text-decoration: underline;\"><strong>Samedi 16 septembre<\/strong><\/span><\/p>\n<p><strong>Kokkinakis<\/strong> bat Stricker 6-3 7-5<\/p>\n<p><strong>De Minaur<\/strong> bat Huesler 6-4 6-3<\/p>\n<p><strong>Ebden\/Purcell<\/strong> battent Huesler\/Stricker 6-2 6-4<\/p>\n<\/div><\/div>\n<div class=\"su-box su-box-style-bubbles\" id=\"\" style=\"border-color:#00109b;border-radius:5px;\"><div class=\"su-box-title\" style=\"background-color:#1043ce;color:#FFFFFF;border-top-left-radius:3px;border-top-right-radius:3px\">Grande-Bretagne 2-1 France<\/div><div class=\"su-box-content su-u-clearfix su-u-trim\" style=\"border-bottom-left-radius:3px;border-bottom-right-radius:3px\">\n<p><span style=\"text-decoration: underline;\"><strong>Dimanche 17 septembre<\/strong><\/span><\/p>\n<p><strong>Evans<\/strong> bat Fils 3-6 6-3 6-4<\/p>\n<p><strong>Humbert<\/strong> bat Norrie 7-6[5] 3-6 7-5<\/p>\n<p><strong>Evans\/Skupski<\/strong> battent Mahut\/Roger-Vasselin 1-6 7-6[4] 7-6[6]\n<ul>\n<li><a title=\"Coupe Davis 2023 : La France battue par la Grande-Bretagne au double d\u00e9cisif\" href=\"https:\/\/dicodusport.fr\/blog\/coupe-davis-2023-la-france-battue-par-la-grande-bretagne-au-double-decisif\/\" target=\"_blank\" rel=\"noopener\"><strong>R\u00e9sum\u00e9<\/strong><\/a><\/li>\n<\/ul>\n<\/div><\/div>\n<\/div><\/div>\n<h3>Groupe C\u00a0(Valence)<\/h3>\n<div class=\"su-table su-table-alternate\">\n<table class=\"table-style-2\" style=\"width: 91.96139140202916%\">\n<tbody>\n<tr>\n<td style=\"width: 2.13836%\"><strong>#<\/strong><\/td>\n<td style=\"width: 56.9811%\"><strong>\u00c9quipe<\/strong><\/td>\n<td style=\"text-align: center;width: 6.16352%\"><strong><abbr title=\"Victoires\/D\u00e9faites\">V\/D<\/abbr><\/strong><\/td>\n<td style=\"text-align: center;width: 9.0566%\"><strong>Matchs<\/strong><\/td>\n<td style=\"text-align: center;width: 6.22642%\"><strong>Sets<\/strong><\/td>\n<td style=\"text-align: center;width: 6.22642%\"><strong><abbr title=\"% de sets gagn\u00e9s\">S%<\/abbr><\/strong><\/td>\n<td style=\"text-align: center;width: 6.22642%\"><strong>Jeux<\/strong><\/td>\n<td style=\"text-align: center;width: 6.22642%\"><strong><abbr title=\"% de jeux gagn\u00e9s\">J%<\/abbr><\/strong><\/td>\n<\/tr>\n<tr>\n<td style=\"width: 2.13836%\">1.<\/td>\n<td style=\"width: 56.9811%;text-align: left\">\ud83c\udde8\ud83c\uddff <strong>R\u00e9publique tch\u00e8que<\/strong><\/td>\n<td style=\"text-align: center;width: 6.16352%\">3\/0<\/td>\n<td style=\"text-align: center;width: 9.0566%\">9\/0<\/td>\n<td style=\"text-align: center;width: 6.22642%\">18\/4<\/td>\n<td style=\"text-align: center;width: 6.22642%\">82<\/td>\n<td style=\"text-align: center;width: 6.22642%\">130\/100<\/td>\n<td style=\"text-align: center;width: 6.22642%\">57<\/td>\n<\/tr>\n<tr class=\"promu2\">\n<td class=\"tdcol-5\" style=\"width: 2.13836%\">2.<\/td>\n<td class=\"tdcol-30\" style=\"width: 56.9811%;text-align: left\"><img decoding=\"async\" class=\"emoji\" role=\"img\" src=\"https:\/\/s.w.org\/images\/core\/emoji\/13.0.1\/svg\/1f1f7-1f1f8.svg\" alt=\"\ud83c\uddf7\ud83c\uddf8\" \/> <strong>Serbie<\/strong><\/td>\n<td class=\"tdcol-10\" style=\"text-align: center;width: 6.16352%\">2\/1<\/td>\n<td class=\"tdcol-5\" style=\"text-align: center;width: 9.0566%\">6\/3<\/td>\n<td class=\"tdcol-5\" style=\"text-align: center;width: 6.22642%\">13\/8<\/td>\n<td class=\"tdcol-5\" style=\"text-align: center;width: 6.22642%\">62<\/td>\n<td class=\"tdcol-5\" style=\"text-align: center;width: 6.22642%\">110\/101<\/td>\n<td class=\"tdcol-5\" style=\"text-align: center;width: 6.22642%\">52<\/td>\n<\/tr>\n<tr>\n<td class=\"tdcol-5\" style=\"width: 2.13836%\">3.<\/td>\n<td class=\"tdcol-30\" style=\"width: 56.9811%;text-align: left\">\ud83c\uddea\ud83c\uddf8 Espagne<\/td>\n<td class=\"tdcol-10\" style=\"text-align: center;width: 6.16352%\">1\/2<\/td>\n<td class=\"tdcol-5\" style=\"text-align: center;width: 9.0566%\">2\/7<\/td>\n<td class=\"tdcol-5\" style=\"text-align: center;width: 6.22642%\">6\/14<\/td>\n<td class=\"tdcol-5\" style=\"text-align: center;width: 6.22642%\">30<\/td>\n<td class=\"tdcol-5\" style=\"text-align: center;width: 6.22642%\">99\/112<\/td>\n<td class=\"tdcol-5\" style=\"text-align: center;width: 6.22642%\">47<\/td>\n<\/tr>\n<tr class=\"promu2\">\n<td class=\"tdcol-5\" style=\"width: 2.13836%\">4.<\/td>\n<td class=\"tdcol-30\" style=\"width: 56.9811%;text-align: left\">\ud83c\uddf0\ud83c\uddf7 Cor\u00e9e du Sud<\/td>\n<td class=\"tdcol-10\" style=\"text-align: center;width: 6.16352%\">0\/3<\/td>\n<td class=\"tdcol-5\" style=\"text-align: center;width: 9.0566%\">1\/8<\/td>\n<td class=\"tdcol-5\" style=\"text-align: center;width: 6.22642%\">6\/17<\/td>\n<td class=\"tdcol-5\" style=\"text-align: center;width: 6.22642%\">26<\/td>\n<td class=\"tdcol-5\" style=\"text-align: center;width: 6.22642%\">103\/129<\/td>\n<td class=\"tdcol-5\" style=\"text-align: center;width: 6.22642%\">44<\/td>\n<\/tr>\n<\/tbody>\n<\/table>\n<\/div>\n<div class=\"su-spoiler su-spoiler-style-default su-spoiler-icon-plus-square-1 su-spoiler-closed\" data-scroll-offset=\"0\" data-anchor-in-url=\"no\"><div class=\"su-spoiler-title\" tabindex=\"0\" role=\"button\"><span class=\"su-spoiler-icon\"><\/span>D\u00e9tail des rencontres<\/div><div class=\"su-spoiler-content su-u-clearfix su-u-trim\">\n<div class=\"su-box su-box-style-bubbles\" id=\"\" style=\"border-color:#00109b;border-radius:5px;\"><div class=\"su-box-title\" style=\"background-color:#1043ce;color:#FFFFFF;border-top-left-radius:3px;border-top-right-radius:3px\">Serbie 3-0 Cor\u00e9e du Sud<\/div><div class=\"su-box-content su-u-clearfix su-u-trim\" style=\"border-bottom-left-radius:3px;border-bottom-right-radius:3px\">\n<p><span style=\"text-decoration: underline;\"><strong>Mardi 12 septembre<\/strong><\/span><\/p>\n<p><strong>Lajovic<\/strong> bat Hong 6-4 7-6[3]\n<p><strong>Djere<\/strong> bat Kwon 4-6 6-2 6-2<\/p>\n<p><strong>Cacic\/Kecmanovic<\/strong> battent Nam\/Song 3-6 6-4 7-6[5]\n<\/div><\/div>\n<div class=\"su-box su-box-style-bubbles\" id=\"\" style=\"border-color:#00109b;border-radius:5px;\"><div class=\"su-box-title\" style=\"background-color:#1043ce;color:#FFFFFF;border-top-left-radius:3px;border-top-right-radius:3px\">Espagne 0-3 R\u00e9publique tch\u00e8que<\/div><div class=\"su-box-content su-u-clearfix su-u-trim\" style=\"border-bottom-left-radius:3px;border-bottom-right-radius:3px\">\n<p><span style=\"text-decoration: underline;\"><strong>Mercredi 13 septembre<\/strong><\/span><\/p>\n<p><strong>Machac<\/strong> bat Zapata Miralles 6-4 6-4<\/p>\n<p><strong>Lehecka<\/strong> bat Davidovich Fokina 7-6[5] 7-5<\/p>\n<p><strong>Mensik\/Pavlasek <\/strong>battent Granollers\/Davidovich Fokina 5-7 7-6[6] 6-4<\/p>\n<\/div><\/div>\n<div class=\"su-box su-box-style-bubbles\" id=\"\" style=\"border-color:#00109b;border-radius:5px;\"><div class=\"su-box-title\" style=\"background-color:#1043ce;color:#FFFFFF;border-top-left-radius:3px;border-top-right-radius:3px\">R\u00e9publique tch\u00e8que 3-0 Cor\u00e9e du Sud<\/div><div class=\"su-box-content su-u-clearfix su-u-trim\" style=\"border-bottom-left-radius:3px;border-bottom-right-radius:3px\">\n<p><span style=\"text-decoration: underline;\"><strong>Jeudi 14 septembre<\/strong><\/span><\/p>\n<p><strong>Machac<\/strong> bat Hong 7-6[8] 4-6 6-2<\/p>\n<p><strong>Lehecka<\/strong> bat Kwon 6-1 7-5<\/p>\n<p><strong>Mensik\/Pavlasek<\/strong> battent Nam\/Song 3-6 7-6[5] 6-4<\/p>\n<\/div><\/div>\n<div class=\"su-box su-box-style-bubbles\" id=\"\" style=\"border-color:#00109b;border-radius:5px;\"><div class=\"su-box-title\" style=\"background-color:#1043ce;color:#FFFFFF;border-top-left-radius:3px;border-top-right-radius:3px\">Espagne 0-3 Serbie<\/div><div class=\"su-box-content su-u-clearfix su-u-trim\" style=\"border-bottom-left-radius:3px;border-bottom-right-radius:3px\">\n<p><span style=\"text-decoration: underline;\"><strong>Vendredi 15 septembre<\/strong><\/span><\/p>\n<p><strong>Djere <\/strong>bat Ramos-Vinolas 6-4 6-4<\/p>\n<p><strong>Djokovic<\/strong> bat Davidovich Fokina 6-3 6-4<\/p>\n<p><strong>Cacic\/Kecmanovic<\/strong> battent Davidovich Fokina\/Granollers 6-4 7-6[13]\n<\/div><\/div>\n<div class=\"su-box su-box-style-bubbles\" id=\"\" style=\"border-color:#00109b;border-radius:5px;\"><div class=\"su-box-title\" style=\"background-color:#1043ce;color:#FFFFFF;border-top-left-radius:3px;border-top-right-radius:3px\">Serbie 0-3 R\u00e9publique tch\u00e8que<\/div><div class=\"su-box-content su-u-clearfix su-u-trim\" style=\"border-bottom-left-radius:3px;border-bottom-right-radius:3px\">\n<p><span style=\"text-decoration: underline;\"><strong>Samedi 16 septembre<\/strong><\/span><\/p>\n<p><strong>Mensik <\/strong>bat Lajovic 6-3 6-2<\/p>\n<p><strong>Lehecka<\/strong> bat Djere 7-6[7] 7-5<\/p>\n<p><strong>Machac\/Pavlasek<\/strong> battent Cacic\/Djokovic 7-5 6-7[7] [10-3]\n<\/div><\/div>\n<div class=\"su-box su-box-style-bubbles\" id=\"\" style=\"border-color:#00109b;border-radius:5px;\"><div class=\"su-box-title\" style=\"background-color:#1043ce;color:#FFFFFF;border-top-left-radius:3px;border-top-right-radius:3px\">Espagne 2-1 Cor\u00e9e du Sud<\/div><div class=\"su-box-content su-u-clearfix su-u-trim\" style=\"border-bottom-left-radius:3px;border-bottom-right-radius:3px\">\n<p><span style=\"text-decoration: underline;\"><strong>Dimanche 17 septembre<\/strong><\/span><\/p>\n<p><strong>Zapata Miralles<\/strong> bat Hong 6-4 7-5<\/p>\n<p><strong>Davidovich Fokina<\/strong> bat Kwon 6-4 6-4<\/p>\n<p><strong>Nam\/Song<\/strong> battent Granollers\/Ramos-Vinolas 6-7[2] 7-6[6] [10-8]\n<\/div><\/div>\n<\/div><\/div>\n<h3>Groupe D (Split)<\/h3>\n<div class=\"su-table su-table-alternate\">\n<table class=\"table-style-2\" style=\"width: 91.96139140202916%\">\n<tbody>\n<tr>\n<td style=\"width: 2.13836%\"><strong>#<\/strong><\/td>\n<td style=\"width: 56.9811%\"><strong>\u00c9quipe<\/strong><\/td>\n<td style=\"text-align: center;width: 6.16352%\"><strong><abbr title=\"Victoires\/D\u00e9faites\">V\/D<\/abbr><\/strong><\/td>\n<td style=\"text-align: center;width: 9.0566%\"><strong>Matchs<\/strong><\/td>\n<td style=\"text-align: center;width: 6.22642%\"><strong>Sets<\/strong><\/td>\n<td style=\"text-align: center;width: 6.22642%\"><strong><abbr title=\"% de sets gagn\u00e9s\">S%<\/abbr><\/strong><\/td>\n<td style=\"text-align: center;width: 6.22642%\"><strong>Jeux<\/strong><\/td>\n<td style=\"text-align: center;width: 6.22642%\"><strong><abbr title=\"% de jeux gagn\u00e9s\">J%<\/abbr><\/strong><\/td>\n<\/tr>\n<tr>\n<td style=\"width: 2.13836%\">1.<\/td>\n<td style=\"width: 56.9811%;text-align: left\">\ud83c\uddf3\ud83c\uddf1 <strong>Pays-Bas<\/strong><\/td>\n<td style=\"text-align: center;width: 6.16352%\">2\/1<\/td>\n<td style=\"text-align: center;width: 9.0566%\">5\/4<\/td>\n<td style=\"text-align: center;width: 6.22642%\">13\/11<\/td>\n<td style=\"text-align: center;width: 6.22642%\">54<\/td>\n<td style=\"text-align: center;width: 6.22642%\">131\/120<\/td>\n<td style=\"text-align: center;width: 6.22642%\">52<\/td>\n<\/tr>\n<tr class=\"promu2\">\n<td class=\"tdcol-5\" style=\"width: 2.13836%\">2.<\/td>\n<td class=\"tdcol-30\" style=\"width: 56.9811%;text-align: left\">\ud83c\uddeb\ud83c\uddee <strong>Finlande<\/strong><\/td>\n<td class=\"tdcol-10\" style=\"text-align: center;width: 6.16352%\">2\/1<\/td>\n<td class=\"tdcol-5\" style=\"text-align: center;width: 9.0566%\">6\/3<\/td>\n<td class=\"tdcol-5\" style=\"text-align: center;width: 6.22642%\">13\/7<\/td>\n<td class=\"tdcol-5\" style=\"text-align: center;width: 6.22642%\">59<\/td>\n<td class=\"tdcol-5\" style=\"text-align: center;width: 6.22642%\">116\/118<\/td>\n<td class=\"tdcol-5\" style=\"text-align: center;width: 6.22642%\">50<\/td>\n<\/tr>\n<tr>\n<td class=\"tdcol-5\" style=\"width: 2.13836%\">3.<\/td>\n<td class=\"tdcol-30\" style=\"width: 56.9811%;text-align: left\">\ud83c\uddfa\ud83c\uddf8 \u00c9tats-Unis<\/td>\n<td class=\"tdcol-10\" style=\"text-align: center;width: 6.16352%\">1\/2<\/td>\n<td class=\"tdcol-5\" style=\"text-align: center;width: 9.0566%\">3\/6<\/td>\n<td class=\"tdcol-5\" style=\"text-align: center;width: 6.22642%\">9\/14<\/td>\n<td class=\"tdcol-5\" style=\"text-align: center;width: 6.22642%\">39<\/td>\n<td class=\"tdcol-5\" style=\"text-align: center;width: 6.22642%\">125\/124<\/td>\n<td class=\"tdcol-5\" style=\"text-align: center;width: 6.22642%\">50<\/td>\n<\/tr>\n<tr class=\"promu2\">\n<td class=\"tdcol-5\" style=\"width: 2.13836%\">4.<\/td>\n<td class=\"tdcol-30\" style=\"width: 56.9811%;text-align: left\">\ud83c\udded\ud83c\uddf7 Croatie<\/td>\n<td class=\"tdcol-10\" style=\"text-align: center;width: 6.16352%\">1\/2<\/td>\n<td class=\"tdcol-5\" style=\"text-align: center;width: 9.0566%\">4\/5<\/td>\n<td class=\"tdcol-5\" style=\"text-align: center;width: 6.22642%\">11\/12<\/td>\n<td class=\"tdcol-5\" style=\"text-align: center;width: 6.22642%\">48<\/td>\n<td class=\"tdcol-5\" style=\"text-align: center;width: 6.22642%\">111\/121<\/td>\n<td class=\"tdcol-5\" style=\"text-align: center;width: 6.22642%\">48<\/td>\n<\/tr>\n<\/tbody>\n<\/table>\n<\/div>\n<div class=\"su-spoiler su-spoiler-style-default su-spoiler-icon-plus-square-1 su-spoiler-closed\" data-scroll-offset=\"0\" data-anchor-in-url=\"no\"><div class=\"su-spoiler-title\" tabindex=\"0\" role=\"button\"><span class=\"su-spoiler-icon\"><\/span>D\u00e9tail des rencontres<\/div><div class=\"su-spoiler-content su-u-clearfix su-u-trim\">\n<div class=\"su-box su-box-style-bubbles\" id=\"\" style=\"border-color:#00109b;border-radius:5px;\"><div class=\"su-box-title\" style=\"background-color:#1043ce;color:#FFFFFF;border-top-left-radius:3px;border-top-right-radius:3px\">Pays-Bas 2-1 Finlande<\/div><div class=\"su-box-content su-u-clearfix su-u-trim\" style=\"border-bottom-left-radius:3px;border-bottom-right-radius:3px\">\n<p><span style=\"text-decoration: underline;\"><strong>Mardi 12 septembre<\/strong><\/span><\/p>\n<p><strong>Virtanen<\/strong> bat van de Zandschulp 7-6[0] 6-4<\/p>\n<p><strong>Griekspoor<\/strong> bat Ruusuvuori 7-6[7] 6-3<\/p>\n<p><strong>Koolhof\/Middelkoop<\/strong> battent Heliovaara\/Niklas-Salminen 6-4 6-7[5] 6-3<\/p>\n<\/div><\/div>\n<div class=\"su-box su-box-style-bubbles\" id=\"\" style=\"border-color:#00109b;border-radius:5px;\"><div class=\"su-box-title\" style=\"background-color:#1043ce;color:#FFFFFF;border-top-left-radius:3px;border-top-right-radius:3px\">Croatie 1-2 \u00c9tats-Unis<\/div><div class=\"su-box-content su-u-clearfix su-u-trim\" style=\"border-bottom-left-radius:3px;border-bottom-right-radius:3px\">\n<p><span style=\"text-decoration: underline;\"><strong>Mercredi 13 septembre<\/strong><\/span><\/p>\n<p><strong>McDonald<\/strong> bat Prizmic 6-4 6-2<\/p>\n<p><strong>Gojo<\/strong> bat Tiafoe 6-4 7-6[6]\n<p><strong>Krajicek\/Ram <\/strong>battent Dodig\/Pavic 7-6[5] 6-7[3] 6-2<\/p>\n<\/div><\/div>\n<div class=\"su-box su-box-style-bubbles\" id=\"\" style=\"border-color:#00109b;border-radius:5px;\"><div class=\"su-box-title\" style=\"background-color:#1043ce;color:#FFFFFF;border-top-left-radius:3px;border-top-right-radius:3px\">Pays-Bas 2-1 \u00c9tats-Unis<\/div><div class=\"su-box-content su-u-clearfix su-u-trim\" style=\"border-bottom-left-radius:3px;border-bottom-right-radius:3px\">\n<p><span style=\"text-decoration: underline;\"><strong>Jeudi 14 septembre<\/strong><\/span><\/p>\n<p><strong>van de Zandschulp\u00a0<\/strong>bat Paul 7-6[2] 6-2<\/p>\n<p><strong>Griekspoor<\/strong> bat Tiafoe 6-3 6-7[7] 7-6[3]\n<p><strong>Krajicek\/Ram <\/strong>battent Koolhof\/Middelkoop 6-7[5] 7-6[3] 6-3<\/p>\n<\/div><\/div>\n<div class=\"su-box su-box-style-bubbles\" id=\"\" style=\"border-color:#00109b;border-radius:5px;\"><div class=\"su-box-title\" style=\"background-color:#1043ce;color:#FFFFFF;border-top-left-radius:3px;border-top-right-radius:3px\">Croatie 1-2 Finlande<\/div><div class=\"su-box-content su-u-clearfix su-u-trim\" style=\"border-bottom-left-radius:3px;border-bottom-right-radius:3px\">\n<p><span style=\"text-decoration: underline;\"><strong>Vendredi 15 septembre<\/strong><\/span><\/p>\n<p><strong>Virtanen <\/strong>bat Prizmic 6-4 \u00ab\u00a0-6 6-3<\/p>\n<p><strong>Ruusuvuori<\/strong> bat Gojo 7-6[3] 6-4<\/p>\n<p><strong>Dodig\/Pavic<\/strong> battent Niklas-Salminen\/Heliovaara 6-4 7-6[1]\n<\/div><\/div>\n<div class=\"su-box su-box-style-bubbles\" id=\"\" style=\"border-color:#00109b;border-radius:5px;\"><div class=\"su-box-title\" style=\"background-color:#1043ce;color:#FFFFFF;border-top-left-radius:3px;border-top-right-radius:3px\">\u00c9tats-Unis 0-3 Finlande<\/div><div class=\"su-box-content su-u-clearfix su-u-trim\" style=\"border-bottom-left-radius:3px;border-bottom-right-radius:3px\">\n<p><span style=\"text-decoration: underline;\"><strong>Samedi 16 septembre<\/strong><\/span><\/p>\n<p><strong>Virtanen\u00a0<\/strong>bat McDonald 7-6[5] 1-6 7-6[7]\n<p><strong>Ruusuvuori<\/strong> bat Paul 7-6[1] 6-4<\/p>\n<p><strong>Kaukovalta\/Helilovaara<\/strong> battent Krajicek\/Ram 6-7[6] 7-6[5] [10-8]\n<\/div><\/div>\n<div class=\"su-box su-box-style-bubbles\" id=\"\" style=\"border-color:#00109b;border-radius:5px;\"><div class=\"su-box-title\" style=\"background-color:#1043ce;color:#FFFFFF;border-top-left-radius:3px;border-top-right-radius:3px\">Croatie 2-1 Pays-Bas<\/div><div class=\"su-box-content su-u-clearfix su-u-trim\" style=\"border-bottom-left-radius:3px;border-bottom-right-radius:3px\">\n<p><span style=\"text-decoration: underline;\"><strong>Dimanche 17 septembre<\/strong><\/span><\/p>\n<p><strong>van de Zandschulp <\/strong>bat Ajdukovic 6-3 3-6 7-5<\/p>\n<p><strong>Gojo<\/strong> bat Griekspoor 4-6 7-6[2] 6-4<\/p>\n<p><strong>Ajdukovic\/Pavic<\/strong> battent Koolhof\/Middelkoop 3-6 6-4 [10-8]\n<\/div><\/div>\n<\/div><\/div>\n<p>&nbsp;<\/p>\n<h2>\u00c9quipes qualifi\u00e9es pour les quarts de finale<\/h2>\n<p>\ud83c\udde8\ud83c\udde6 Canada<\/p>\n<p>\ud83c\udde8\ud83c\uddff R\u00e9publique tch\u00e8que<\/p>\n<p>\ud83c\udde6\ud83c\uddfa Australie<\/p>\n<p><img decoding=\"async\" class=\"emoji\" role=\"img\" draggable=\"false\" src=\"https:\/\/s.w.org\/images\/core\/emoji\/13.0.1\/svg\/1f1f7-1f1f8.svg\" alt=\"\ud83c\uddf7\ud83c\uddf8\" \/> Serbie<\/p>\n<p>\ud83c\uddf3\ud83c\uddf1 Pays-Bas<\/p>\n<p>\ud83c\uddeb\ud83c\uddee Finlande<\/p>\n<p>\ud83c\uddee\ud83c\uddf9 Italie<\/p>\n<p>\ud83c\uddec\ud83c\udde7 Grande-Bretagne<\/p>\n","protected":false},"excerpt":{"rendered":"<p>TENNIS &#8211; La phase de groupes de la Coupe Davis se d\u00e9roule du 12 au 17 septembre 2023. Voici le calendrier et les r\u00e9sultats.<\/p>\n","protected":false},"author":12,"featured_media":417882,"comment_status":"open","ping_status":"closed","sticky":false,"template":"","format":"standard","meta":{"_acf_changed":false,"_daextam_enable_autolinks":"","footnotes":""},"categories":[2302],"tags":[16878,2540],"class_list":["post-415883","post","type-post","status-publish","format-standard","has-post-thumbnail","hentry","category-tennis","tag-breve","tag-coupe-davis"],"acf":[],"yoast_head":"<!-- This site is optimized with the Yoast SEO Premium plugin v26.7 (Yoast SEO v26.7) - https:\/\/yoast.com\/wordpress\/plugins\/seo\/ -->\n<title>Programme et r\u00e9sultats Coupe Davis 2023 Phase de groupes<\/title>\n<meta name=\"description\" content=\"TENNIS - La phase de groupes de la Coupe Davis se d\u00e9roule du 13 au 18 septembre 2022. Voici le calendrier et les r\u00e9sultats.\" \/>\n<meta name=\"robots\" content=\"index, follow, max-snippet:-1, max-image-preview:large, max-video-preview:-1\" \/>\n<link rel=\"canonical\" href=\"https:\/\/dicodusport.fr\/blog\/coupe-davis-2023-phase-de-groupes-programme-et-resultats\/\" \/>\n<meta property=\"og:locale\" content=\"fr_FR\" \/>\n<meta property=\"og:type\" content=\"article\" \/>\n<meta property=\"og:title\" content=\"Programme et r\u00e9sultats Coupe Davis 2023 Phase de groupes\" \/>\n<meta property=\"og:description\" content=\"TENNIS - La phase de groupes de la Coupe Davis se d\u00e9roule du 13 au 18 septembre 2022. Voici le calendrier et les r\u00e9sultats.\" \/>\n<meta property=\"og:url\" content=\"https:\/\/dicodusport.fr\/blog\/coupe-davis-2023-phase-de-groupes-programme-et-resultats\/\" \/>\n<meta property=\"og:site_name\" content=\"Dicodusport\" \/>\n<meta property=\"article:publisher\" content=\"https:\/\/www.facebook.com\/dicodusport\" \/>\n<meta property=\"article:published_time\" content=\"2023-09-17T20:27:16+00:00\" \/>\n<meta property=\"article:modified_time\" content=\"2023-09-17T21:06:49+00:00\" \/>\n<meta property=\"og:image\" content=\"https:\/\/dicodusport.fr\/blog\/wp-content\/uploads\/2023\/09\/Programme-et-resultats-Coupe-Davis-2023-Phase-de-groupes.png\" \/>\n\t<meta property=\"og:image:width\" content=\"1200\" \/>\n\t<meta property=\"og:image:height\" content=\"670\" \/>\n\t<meta property=\"og:image:type\" content=\"image\/png\" \/>\n<meta name=\"author\" content=\"Arlette Yeye\" \/>\n<meta name=\"twitter:card\" content=\"summary_large_image\" \/>\n<meta name=\"twitter:title\" content=\"Programme et r\u00e9sultats Coupe Davis 2023 Phase de groupes\" \/>\n<meta name=\"twitter:creator\" content=\"@https:\/\/twitter.com\/Shiclette94\" \/>\n<meta name=\"twitter:site\" content=\"@dicodusport\" \/>\n<script type=\"application\/ld+json\" class=\"yoast-schema-graph\">{\"@context\":\"https:\/\/schema.org\",\"@graph\":[{\"@type\":\"NewsArticle\",\"@id\":\"https:\/\/dicodusport.fr\/blog\/coupe-davis-2023-phase-de-groupes-programme-et-resultats\/#article\",\"isPartOf\":{\"@id\":\"https:\/\/dicodusport.fr\/blog\/coupe-davis-2023-phase-de-groupes-programme-et-resultats\/\"},\"author\":{\"name\":\"Arlette Yeye\",\"@id\":\"https:\/\/dicodusport.fr\/blog\/#\/schema\/person\/cce96fa88785bd8573e3d43078ac8c79\"},\"headline\":\"Programme et r\u00e9sultats Coupe Davis 2023 Phase de groupes\",\"datePublished\":\"2023-09-17T20:27:16+00:00\",\"dateModified\":\"2023-09-17T21:06:49+00:00\",\"mainEntityOfPage\":{\"@id\":\"https:\/\/dicodusport.fr\/blog\/coupe-davis-2023-phase-de-groupes-programme-et-resultats\/\"},\"wordCount\":1118,\"commentCount\":2,\"publisher\":{\"@id\":\"https:\/\/dicodusport.fr\/blog\/#organization\"},\"image\":{\"@id\":\"https:\/\/dicodusport.fr\/blog\/coupe-davis-2023-phase-de-groupes-programme-et-resultats\/#primaryimage\"},\"thumbnailUrl\":\"https:\/\/dicodusport.fr\/blog\/wp-content\/uploads\/2023\/09\/Programme-et-resultats-Coupe-Davis-2023-Phase-de-groupes.png\",\"keywords\":[\"br\u00e8ve\",\"Coupe Davis\"],\"articleSection\":[\"Tennis\"],\"inLanguage\":\"fr-FR\",\"potentialAction\":[{\"@type\":\"CommentAction\",\"name\":\"Comment\",\"target\":[\"https:\/\/dicodusport.fr\/blog\/coupe-davis-2023-phase-de-groupes-programme-et-resultats\/#respond\"]}],\"copyrightYear\":\"2023\",\"copyrightHolder\":{\"@id\":\"https:\/\/dicodusport.fr\/blog\/#organization\"}},{\"@type\":\"WebPage\",\"@id\":\"https:\/\/dicodusport.fr\/blog\/coupe-davis-2023-phase-de-groupes-programme-et-resultats\/\",\"url\":\"https:\/\/dicodusport.fr\/blog\/coupe-davis-2023-phase-de-groupes-programme-et-resultats\/\",\"name\":\"Programme et r\u00e9sultats Coupe Davis 2023 Phase de groupes\",\"isPartOf\":{\"@id\":\"https:\/\/dicodusport.fr\/blog\/#website\"},\"primaryImageOfPage\":{\"@id\":\"https:\/\/dicodusport.fr\/blog\/coupe-davis-2023-phase-de-groupes-programme-et-resultats\/#primaryimage\"},\"image\":{\"@id\":\"https:\/\/dicodusport.fr\/blog\/coupe-davis-2023-phase-de-groupes-programme-et-resultats\/#primaryimage\"},\"thumbnailUrl\":\"https:\/\/dicodusport.fr\/blog\/wp-content\/uploads\/2023\/09\/Programme-et-resultats-Coupe-Davis-2023-Phase-de-groupes.png\",\"datePublished\":\"2023-09-17T20:27:16+00:00\",\"dateModified\":\"2023-09-17T21:06:49+00:00\",\"description\":\"TENNIS - La phase de groupes de la Coupe Davis se d\u00e9roule du 13 au 18 septembre 2022. Voici le calendrier et les r\u00e9sultats.\",\"breadcrumb\":{\"@id\":\"https:\/\/dicodusport.fr\/blog\/coupe-davis-2023-phase-de-groupes-programme-et-resultats\/#breadcrumb\"},\"inLanguage\":\"fr-FR\",\"potentialAction\":[{\"@type\":\"ReadAction\",\"target\":[\"https:\/\/dicodusport.fr\/blog\/coupe-davis-2023-phase-de-groupes-programme-et-resultats\/\"]}]},{\"@type\":\"ImageObject\",\"inLanguage\":\"fr-FR\",\"@id\":\"https:\/\/dicodusport.fr\/blog\/coupe-davis-2023-phase-de-groupes-programme-et-resultats\/#primaryimage\",\"url\":\"https:\/\/dicodusport.fr\/blog\/wp-content\/uploads\/2023\/09\/Programme-et-resultats-Coupe-Davis-2023-Phase-de-groupes.png\",\"contentUrl\":\"https:\/\/dicodusport.fr\/blog\/wp-content\/uploads\/2023\/09\/Programme-et-resultats-Coupe-Davis-2023-Phase-de-groupes.png\",\"width\":1200,\"height\":670,\"caption\":\"Programme et r\u00e9sultats Coupe Davis 2023 Phase de groupes\"},{\"@type\":\"BreadcrumbList\",\"@id\":\"https:\/\/dicodusport.fr\/blog\/coupe-davis-2023-phase-de-groupes-programme-et-resultats\/#breadcrumb\",\"itemListElement\":[{\"@type\":\"ListItem\",\"position\":1,\"name\":\"Accueil\",\"item\":\"https:\/\/dicodusport.fr\/blog\/\"},{\"@type\":\"ListItem\",\"position\":2,\"name\":\"Programme et r\u00e9sultats Coupe Davis 2023 Phase de groupes\"}]},{\"@type\":\"WebSite\",\"@id\":\"https:\/\/dicodusport.fr\/blog\/#website\",\"url\":\"https:\/\/dicodusport.fr\/blog\/\",\"name\":\"Dicodusport\",\"description\":\"L&#039;encyclop\u00e9die de l&#039;actualit\u00e9 sportive\",\"publisher\":{\"@id\":\"https:\/\/dicodusport.fr\/blog\/#organization\"},\"potentialAction\":[{\"@type\":\"SearchAction\",\"target\":{\"@type\":\"EntryPoint\",\"urlTemplate\":\"https:\/\/dicodusport.fr\/blog\/?s={search_term_string}\"},\"query-input\":{\"@type\":\"PropertyValueSpecification\",\"valueRequired\":true,\"valueName\":\"search_term_string\"}}],\"inLanguage\":\"fr-FR\"},{\"@type\":\"NewsMediaOrganization\",\"@id\":\"https:\/\/dicodusport.fr\/blog\/#organization\",\"name\":\"Dicodusport\",\"url\":\"https:\/\/dicodusport.fr\/blog\/\",\"logo\":{\"@type\":\"ImageObject\",\"inLanguage\":\"fr-FR\",\"@id\":\"https:\/\/dicodusport.fr\/blog\/#\/schema\/logo\/image\/\",\"url\":\"https:\/\/dicodusport.fr\/blog\/wp-content\/uploads\/2020\/06\/cropped-LOGO-DICODUSPORT-2020-SANS-FOND-SANS-TEXTE.png\",\"contentUrl\":\"https:\/\/dicodusport.fr\/blog\/wp-content\/uploads\/2020\/06\/cropped-LOGO-DICODUSPORT-2020-SANS-FOND-SANS-TEXTE.png\",\"width\":512,\"height\":512,\"caption\":\"Dicodusport\"},\"image\":{\"@id\":\"https:\/\/dicodusport.fr\/blog\/#\/schema\/logo\/image\/\"},\"sameAs\":[\"https:\/\/www.facebook.com\/dicodusport\",\"https:\/\/x.com\/dicodusport\",\"https:\/\/www.instagram.com\/dicodusport\/\",\"https:\/\/www.youtube.com\/channel\/UC7V2KZ5sd3htJivAbA4ZG3w\"],\"description\":\"Dicodusport est l'encyclop\u00e9die de l'actualit\u00e9 sportive.\",\"email\":\"bonjour@dicodusport.fr\",\"legalName\":\"DICODUSPORT\",\"foundingDate\":\"2018-01-14\",\"vatID\":\"FR71834470973\",\"taxID\":\"83447097300043\",\"numberOfEmployees\":{\"@type\":\"QuantitativeValue\",\"minValue\":\"1\",\"maxValue\":\"10\"}},{\"@type\":\"Person\",\"@id\":\"https:\/\/dicodusport.fr\/blog\/#\/schema\/person\/cce96fa88785bd8573e3d43078ac8c79\",\"name\":\"Arlette Yeye\",\"image\":{\"@type\":\"ImageObject\",\"inLanguage\":\"fr-FR\",\"@id\":\"https:\/\/dicodusport.fr\/blog\/#\/schema\/person\/image\/\",\"url\":\"https:\/\/secure.gravatar.com\/avatar\/dca4a6239e6d708e46c45d60e160de6c?s=96&d=wp_user_avatar&r=g\",\"contentUrl\":\"https:\/\/secure.gravatar.com\/avatar\/dca4a6239e6d708e46c45d60e160de6c?s=96&d=wp_user_avatar&r=g\",\"caption\":\"Arlette Yeye\"},\"description\":\"Journaliste\/r\u00e9dactrice depuis septembre 2015 - Supportrice de Chelsea, j'ai pour sports de pr\u00e9dilection le handball, l'athl\u00e9tisme et le tennis. Si je tweete plus vite que mon ombre, vous pouvez aussi me retrouver les week-ends sur les playgrounds de Bruxelles pour un petit foot ou basket entre potes. Parcourir la France, l'Europe et plus si affinit\u00e9s pour suivre mes sportifs pr\u00e9f\u00e9r\u00e9s ? Mon kif ! Et c'est avec plaisir que je partage les r\u00e9sultats des sports populaires mais \u00e9galement plus confidentiels pour Dicodusport.\",\"sameAs\":[\"https:\/\/x.com\/https:\/\/twitter.com\/Shiclette94\"],\"url\":\"https:\/\/dicodusport.fr\/blog\/author\/arlette\/\"}]}<\/script>\n<!-- \/ Yoast SEO Premium plugin. -->","yoast_head_json":{"title":"Programme et r\u00e9sultats Coupe Davis 2023 Phase de groupes","description":"TENNIS - La phase de groupes de la Coupe Davis se d\u00e9roule du 13 au 18 septembre 2022. Voici le calendrier et les r\u00e9sultats.","robots":{"index":"index","follow":"follow","max-snippet":"max-snippet:-1","max-image-preview":"max-image-preview:large","max-video-preview":"max-video-preview:-1"},"canonical":"https:\/\/dicodusport.fr\/blog\/coupe-davis-2023-phase-de-groupes-programme-et-resultats\/","og_locale":"fr_FR","og_type":"article","og_title":"Programme et r\u00e9sultats Coupe Davis 2023 Phase de groupes","og_description":"TENNIS - La phase de groupes de la Coupe Davis se d\u00e9roule du 13 au 18 septembre 2022. Voici le calendrier et les r\u00e9sultats.","og_url":"https:\/\/dicodusport.fr\/blog\/coupe-davis-2023-phase-de-groupes-programme-et-resultats\/","og_site_name":"Dicodusport","article_publisher":"https:\/\/www.facebook.com\/dicodusport","article_published_time":"2023-09-17T20:27:16+00:00","article_modified_time":"2023-09-17T21:06:49+00:00","og_image":[{"width":1200,"height":670,"url":"https:\/\/dicodusport.fr\/blog\/wp-content\/uploads\/2023\/09\/Programme-et-resultats-Coupe-Davis-2023-Phase-de-groupes.png","type":"image\/png"}],"author":"Arlette Yeye","twitter_card":"summary_large_image","twitter_title":"Programme et r\u00e9sultats Coupe Davis 2023 Phase de groupes","twitter_creator":"@https:\/\/twitter.com\/Shiclette94","twitter_site":"@dicodusport","schema":{"@context":"https:\/\/schema.org","@graph":[{"@type":"NewsArticle","@id":"https:\/\/dicodusport.fr\/blog\/coupe-davis-2023-phase-de-groupes-programme-et-resultats\/#article","isPartOf":{"@id":"https:\/\/dicodusport.fr\/blog\/coupe-davis-2023-phase-de-groupes-programme-et-resultats\/"},"author":{"name":"Arlette Yeye","@id":"https:\/\/dicodusport.fr\/blog\/#\/schema\/person\/cce96fa88785bd8573e3d43078ac8c79"},"headline":"Programme et r\u00e9sultats Coupe Davis 2023 Phase de groupes","datePublished":"2023-09-17T20:27:16+00:00","dateModified":"2023-09-17T21:06:49+00:00","mainEntityOfPage":{"@id":"https:\/\/dicodusport.fr\/blog\/coupe-davis-2023-phase-de-groupes-programme-et-resultats\/"},"wordCount":1118,"commentCount":2,"publisher":{"@id":"https:\/\/dicodusport.fr\/blog\/#organization"},"image":{"@id":"https:\/\/dicodusport.fr\/blog\/coupe-davis-2023-phase-de-groupes-programme-et-resultats\/#primaryimage"},"thumbnailUrl":"https:\/\/dicodusport.fr\/blog\/wp-content\/uploads\/2023\/09\/Programme-et-resultats-Coupe-Davis-2023-Phase-de-groupes.png","keywords":["br\u00e8ve","Coupe Davis"],"articleSection":["Tennis"],"inLanguage":"fr-FR","potentialAction":[{"@type":"CommentAction","name":"Comment","target":["https:\/\/dicodusport.fr\/blog\/coupe-davis-2023-phase-de-groupes-programme-et-resultats\/#respond"]}],"copyrightYear":"2023","copyrightHolder":{"@id":"https:\/\/dicodusport.fr\/blog\/#organization"}},{"@type":"WebPage","@id":"https:\/\/dicodusport.fr\/blog\/coupe-davis-2023-phase-de-groupes-programme-et-resultats\/","url":"https:\/\/dicodusport.fr\/blog\/coupe-davis-2023-phase-de-groupes-programme-et-resultats\/","name":"Programme et r\u00e9sultats Coupe Davis 2023 Phase de groupes","isPartOf":{"@id":"https:\/\/dicodusport.fr\/blog\/#website"},"primaryImageOfPage":{"@id":"https:\/\/dicodusport.fr\/blog\/coupe-davis-2023-phase-de-groupes-programme-et-resultats\/#primaryimage"},"image":{"@id":"https:\/\/dicodusport.fr\/blog\/coupe-davis-2023-phase-de-groupes-programme-et-resultats\/#primaryimage"},"thumbnailUrl":"https:\/\/dicodusport.fr\/blog\/wp-content\/uploads\/2023\/09\/Programme-et-resultats-Coupe-Davis-2023-Phase-de-groupes.png","datePublished":"2023-09-17T20:27:16+00:00","dateModified":"2023-09-17T21:06:49+00:00","description":"TENNIS - La phase de groupes de la Coupe Davis se d\u00e9roule du 13 au 18 septembre 2022. Voici le calendrier et les r\u00e9sultats.","breadcrumb":{"@id":"https:\/\/dicodusport.fr\/blog\/coupe-davis-2023-phase-de-groupes-programme-et-resultats\/#breadcrumb"},"inLanguage":"fr-FR","potentialAction":[{"@type":"ReadAction","target":["https:\/\/dicodusport.fr\/blog\/coupe-davis-2023-phase-de-groupes-programme-et-resultats\/"]}]},{"@type":"ImageObject","inLanguage":"fr-FR","@id":"https:\/\/dicodusport.fr\/blog\/coupe-davis-2023-phase-de-groupes-programme-et-resultats\/#primaryimage","url":"https:\/\/dicodusport.fr\/blog\/wp-content\/uploads\/2023\/09\/Programme-et-resultats-Coupe-Davis-2023-Phase-de-groupes.png","contentUrl":"https:\/\/dicodusport.fr\/blog\/wp-content\/uploads\/2023\/09\/Programme-et-resultats-Coupe-Davis-2023-Phase-de-groupes.png","width":1200,"height":670,"caption":"Programme et r\u00e9sultats Coupe Davis 2023 Phase de groupes"},{"@type":"BreadcrumbList","@id":"https:\/\/dicodusport.fr\/blog\/coupe-davis-2023-phase-de-groupes-programme-et-resultats\/#breadcrumb","itemListElement":[{"@type":"ListItem","position":1,"name":"Accueil","item":"https:\/\/dicodusport.fr\/blog\/"},{"@type":"ListItem","position":2,"name":"Programme et r\u00e9sultats Coupe Davis 2023 Phase de groupes"}]},{"@type":"WebSite","@id":"https:\/\/dicodusport.fr\/blog\/#website","url":"https:\/\/dicodusport.fr\/blog\/","name":"Dicodusport","description":"L&#039;encyclop\u00e9die de l&#039;actualit\u00e9 sportive","publisher":{"@id":"https:\/\/dicodusport.fr\/blog\/#organization"},"potentialAction":[{"@type":"SearchAction","target":{"@type":"EntryPoint","urlTemplate":"https:\/\/dicodusport.fr\/blog\/?s={search_term_string}"},"query-input":{"@type":"PropertyValueSpecification","valueRequired":true,"valueName":"search_term_string"}}],"inLanguage":"fr-FR"},{"@type":"NewsMediaOrganization","@id":"https:\/\/dicodusport.fr\/blog\/#organization","name":"Dicodusport","url":"https:\/\/dicodusport.fr\/blog\/","logo":{"@type":"ImageObject","inLanguage":"fr-FR","@id":"https:\/\/dicodusport.fr\/blog\/#\/schema\/logo\/image\/","url":"https:\/\/dicodusport.fr\/blog\/wp-content\/uploads\/2020\/06\/cropped-LOGO-DICODUSPORT-2020-SANS-FOND-SANS-TEXTE.png","contentUrl":"https:\/\/dicodusport.fr\/blog\/wp-content\/uploads\/2020\/06\/cropped-LOGO-DICODUSPORT-2020-SANS-FOND-SANS-TEXTE.png","width":512,"height":512,"caption":"Dicodusport"},"image":{"@id":"https:\/\/dicodusport.fr\/blog\/#\/schema\/logo\/image\/"},"sameAs":["https:\/\/www.facebook.com\/dicodusport","https:\/\/x.com\/dicodusport","https:\/\/www.instagram.com\/dicodusport\/","https:\/\/www.youtube.com\/channel\/UC7V2KZ5sd3htJivAbA4ZG3w"],"description":"Dicodusport est l'encyclop\u00e9die de l'actualit\u00e9 sportive.","email":"bonjour@dicodusport.fr","legalName":"DICODUSPORT","foundingDate":"2018-01-14","vatID":"FR71834470973","taxID":"83447097300043","numberOfEmployees":{"@type":"QuantitativeValue","minValue":"1","maxValue":"10"}},{"@type":"Person","@id":"https:\/\/dicodusport.fr\/blog\/#\/schema\/person\/cce96fa88785bd8573e3d43078ac8c79","name":"Arlette Yeye","image":{"@type":"ImageObject","inLanguage":"fr-FR","@id":"https:\/\/dicodusport.fr\/blog\/#\/schema\/person\/image\/","url":"https:\/\/secure.gravatar.com\/avatar\/dca4a6239e6d708e46c45d60e160de6c?s=96&d=wp_user_avatar&r=g","contentUrl":"https:\/\/secure.gravatar.com\/avatar\/dca4a6239e6d708e46c45d60e160de6c?s=96&d=wp_user_avatar&r=g","caption":"Arlette Yeye"},"description":"Journaliste\/r\u00e9dactrice depuis septembre 2015 - Supportrice de Chelsea, j'ai pour sports de pr\u00e9dilection le handball, l'athl\u00e9tisme et le tennis. Si je tweete plus vite que mon ombre, vous pouvez aussi me retrouver les week-ends sur les playgrounds de Bruxelles pour un petit foot ou basket entre potes. Parcourir la France, l'Europe et plus si affinit\u00e9s pour suivre mes sportifs pr\u00e9f\u00e9r\u00e9s ? Mon kif ! Et c'est avec plaisir que je partage les r\u00e9sultats des sports populaires mais \u00e9galement plus confidentiels pour Dicodusport.","sameAs":["https:\/\/x.com\/https:\/\/twitter.com\/Shiclette94"],"url":"https:\/\/dicodusport.fr\/blog\/author\/arlette\/"}]}},"_links":{"self":[{"href":"https:\/\/dicodusport.fr\/blog\/wp-json\/wp\/v2\/posts\/415883","targetHints":{"allow":["GET"]}}],"collection":[{"href":"https:\/\/dicodusport.fr\/blog\/wp-json\/wp\/v2\/posts"}],"about":[{"href":"https:\/\/dicodusport.fr\/blog\/wp-json\/wp\/v2\/types\/post"}],"author":[{"embeddable":true,"href":"https:\/\/dicodusport.fr\/blog\/wp-json\/wp\/v2\/users\/12"}],"replies":[{"embeddable":true,"href":"https:\/\/dicodusport.fr\/blog\/wp-json\/wp\/v2\/comments?post=415883"}],"version-history":[{"count":0,"href":"https:\/\/dicodusport.fr\/blog\/wp-json\/wp\/v2\/posts\/415883\/revisions"}],"wp:featuredmedia":[{"embeddable":true,"href":"https:\/\/dicodusport.fr\/blog\/wp-json\/wp\/v2\/media\/417882"}],"wp:attachment":[{"href":"https:\/\/dicodusport.fr\/blog\/wp-json\/wp\/v2\/media?parent=415883"}],"wp:term":[{"taxonomy":"category","embeddable":true,"href":"https:\/\/dicodusport.fr\/blog\/wp-json\/wp\/v2\/categories?post=415883"},{"taxonomy":"post_tag","embeddable":true,"href":"https:\/\/dicodusport.fr\/blog\/wp-json\/wp\/v2\/tags?post=415883"}],"curies":[{"name":"wp","href":"https:\/\/api.w.org\/{rel}","templated":true}]}}