{"id":415945,"date":"2023-09-06T13:50:05","date_gmt":"2023-09-06T11:50:05","guid":{"rendered":"https:\/\/dicodusport.fr\/blog\/?p=415945&#038;preview=true&#038;preview_id=415945"},"modified":"2023-09-06T13:50:05","modified_gmt":"2023-09-06T11:50:05","slug":"mercato-cyclisme-egan-bernal-interesse-une-formation-world-tour","status":"publish","type":"post","link":"https:\/\/dicodusport.fr\/blog\/mercato-cyclisme-egan-bernal-interesse-une-formation-world-tour\/","title":{"rendered":"Mercato Cyclisme : Egan Bernal int\u00e9resse une formation World Tour"},"content":{"rendered":"<p align=\"justify\"><em><strong>CYCLISME &#8211; Egan Bernal (INEOS Grenadiers) est convoit\u00e9 par la formation Movistar. Le vainqueur du Tour 2019 pourrait quitter la formation britannique.<\/strong><\/em><\/p>\n<p align=\"justify\"><strong>Egan Bernal<\/strong> vers d&rsquo;autres horizons ? Le grimpeur colombien, arriv\u00e9 au sein de la formation Sky en 2018 puis INEOS Grenadiers, avec laquelle il a remport\u00e9 le Tour de France 2019 et le Giro 2021, pourrait changer d&rsquo;\u00e9quipe. C&rsquo;est ce qu&rsquo;annonce le m\u00e9dia colombien <em><a href=\"https:\/\/www.antena2.com\/ciclismo\/egan-bernal-podria-fichar-por-el-movistar-team-en-2024?fbclid=IwAR3exGsoBt8DzdkBl_5ZRVjmvNikaSHDN5UGtJ70mi4oMxygisGbZjA6hnY\">Antena 2<\/a><\/em>. Qui \u00e9voque le nom de la Movistar pour le coureur qui a pris la 36\u1d49 place du dernier Tour de France et qui est align\u00e9 sur les routes de la Vuelta. <strong>Egan Bernal<\/strong>, qui est revenu \u00e0 la comp\u00e9tition apr\u00e8s une tr\u00e8s grave chute en d\u00e9but d&rsquo;ann\u00e9e 2022, retrouve petit \u00e0 petit le rythme.<\/p>\n<ul>\n<li style=\"text-align: justify;\"><strong>\u00c0 lire aussi &#8211; <a href=\"https:\/\/dicodusport.fr\/blog\/mercato-cyclisme-2023-2024-tableau-des-transferts\/\">Le tableau des transferts<\/a><\/strong><\/li>\n<\/ul>\n<p align=\"justify\">Le Colombien pourrait donc migrer vers la formation espagnole d\u00e8s la saison 2024. Ce serait une nouvelle perte pour la formation britannique, qui a d\u00e9j\u00e0 perdu de tr\u00e8s grands leaders, comme <strong>Tao Geoghegan Hart<\/strong> et <strong>Daniel Martinez.<\/strong> La Movistar, qui n&rsquo;a pas pu d\u00e9baucher <strong>Carlos Rodriguez<\/strong>, pourrait se rabattre sur le Colombien. Une formation espagnole, qui poss\u00e8de des coureurs comme <strong>Enric Mas<\/strong>, actuellement en bagarre pour le g\u00e9n\u00e9ral de la Vuelta, apr\u00e8s son abandon sur le Tour de France.<\/p>\n<blockquote class=\"twitter-tweet\">\n<p dir=\"ltr\" lang=\"es\">Egan Bernal podr\u00eda cambiar de equipo en 2024: un &lsquo;grande&rsquo; sue\u00f1a con su fichaje <a href=\"https:\/\/t.co\/vaghaKalrr\">https:\/\/t.co\/vaghaKalrr<\/a><\/p>\n<p>\u2014 Antena 2 Deportes (@Antena2RCN) <a href=\"https:\/\/twitter.com\/Antena2RCN\/status\/1699032144985899050?ref_src=twsrc%5Etfw\">September 5, 2023<\/a><\/p><\/blockquote>\n<p><script async src=\"https:\/\/platform.twitter.com\/widgets.js\" charset=\"utf-8\"><\/script><\/p>\n","protected":false},"excerpt":{"rendered":"<p>CYCLISME &#8211; Egan Bernal (INEOS Grenadiers) est convoit\u00e9 par la formation Movistar. Le vainqueur du Tour 2019 pourrait quitter la formation britannique.<\/p>\n","protected":false},"author":83,"featured_media":415948,"comment_status":"open","ping_status":"closed","sticky":false,"template":"","format":"standard","meta":{"_acf_changed":false,"_daextam_enable_autolinks":"","footnotes":""},"categories":[46994],"tags":[16878,574,1720,5354],"class_list":["post-415945","post","type-post","status-publish","format-standard","has-post-thumbnail","hentry","category-cyclisme-sur-route","tag-breve","tag-cyclisme","tag-egan-bernal","tag-movistar"],"acf":[],"yoast_head":"<!-- This site is optimized with the Yoast SEO Premium plugin v26.7 (Yoast SEO v26.7) - https:\/\/yoast.com\/wordpress\/plugins\/seo\/ -->\n<title>Mercato Cyclisme : Egan Bernal int\u00e9resse une formation World Tour<\/title>\n<meta name=\"description\" content=\"Egan Bernal (INEOS Grenadiers) est convoit\u00e9 par la formation Movistar. Le vainqueur du Tour 2019 pourrait quitter la formation britannique.\" \/>\n<meta name=\"robots\" content=\"index, follow, max-snippet:-1, max-image-preview:large, max-video-preview:-1\" \/>\n<link rel=\"canonical\" href=\"https:\/\/dicodusport.fr\/blog\/mercato-cyclisme-egan-bernal-interesse-une-formation-world-tour\/\" \/>\n<meta property=\"og:locale\" content=\"fr_FR\" \/>\n<meta property=\"og:type\" content=\"article\" \/>\n<meta property=\"og:title\" content=\"Mercato Cyclisme : Egan Bernal int\u00e9resse une formation World Tour\" \/>\n<meta property=\"og:description\" content=\"Egan Bernal (INEOS Grenadiers) est convoit\u00e9 par la formation Movistar. Le vainqueur du Tour 2019 pourrait quitter la formation britannique.\" \/>\n<meta property=\"og:url\" content=\"https:\/\/dicodusport.fr\/blog\/mercato-cyclisme-egan-bernal-interesse-une-formation-world-tour\/\" \/>\n<meta property=\"og:site_name\" content=\"Dicodusport\" \/>\n<meta property=\"article:publisher\" content=\"https:\/\/www.facebook.com\/dicodusport\" \/>\n<meta property=\"article:published_time\" content=\"2023-09-06T11:50:05+00:00\" \/>\n<meta property=\"og:image\" content=\"https:\/\/dicodusport.fr\/blog\/wp-content\/uploads\/2023\/09\/Cyclisme-Egan-Bernal-interesse-une-formation-World-Tour.png\" \/>\n\t<meta property=\"og:image:width\" content=\"800\" \/>\n\t<meta property=\"og:image:height\" content=\"445\" \/>\n\t<meta property=\"og:image:type\" content=\"image\/png\" \/>\n<meta name=\"author\" content=\"Etienne Goursaud\" \/>\n<meta name=\"twitter:card\" content=\"summary_large_image\" \/>\n<meta name=\"twitter:title\" content=\"Mercato Cyclisme : Egan Bernal int\u00e9resse une formation World Tour\" \/>\n<meta name=\"twitter:creator\" content=\"@dicodusport\" \/>\n<meta name=\"twitter:site\" content=\"@dicodusport\" \/>\n<script type=\"application\/ld+json\" class=\"yoast-schema-graph\">{\"@context\":\"https:\/\/schema.org\",\"@graph\":[{\"@type\":\"NewsArticle\",\"@id\":\"https:\/\/dicodusport.fr\/blog\/mercato-cyclisme-egan-bernal-interesse-une-formation-world-tour\/#article\",\"isPartOf\":{\"@id\":\"https:\/\/dicodusport.fr\/blog\/mercato-cyclisme-egan-bernal-interesse-une-formation-world-tour\/\"},\"author\":{\"name\":\"Etienne Goursaud\",\"@id\":\"https:\/\/dicodusport.fr\/blog\/#\/schema\/person\/d603dd7da31fb2b46c82b9835a77ec13\"},\"headline\":\"Mercato Cyclisme : Egan Bernal int\u00e9resse une formation World Tour\",\"datePublished\":\"2023-09-06T11:50:05+00:00\",\"mainEntityOfPage\":{\"@id\":\"https:\/\/dicodusport.fr\/blog\/mercato-cyclisme-egan-bernal-interesse-une-formation-world-tour\/\"},\"wordCount\":251,\"commentCount\":0,\"publisher\":{\"@id\":\"https:\/\/dicodusport.fr\/blog\/#organization\"},\"image\":{\"@id\":\"https:\/\/dicodusport.fr\/blog\/mercato-cyclisme-egan-bernal-interesse-une-formation-world-tour\/#primaryimage\"},\"thumbnailUrl\":\"https:\/\/dicodusport.fr\/blog\/wp-content\/uploads\/2023\/09\/Cyclisme-Egan-Bernal-interesse-une-formation-World-Tour.png\",\"keywords\":[\"br\u00e8ve\",\"Cyclisme\",\"Egan Bernal\",\"Movistar\"],\"articleSection\":[\"Cyclisme sur route\"],\"inLanguage\":\"fr-FR\",\"potentialAction\":[{\"@type\":\"CommentAction\",\"name\":\"Comment\",\"target\":[\"https:\/\/dicodusport.fr\/blog\/mercato-cyclisme-egan-bernal-interesse-une-formation-world-tour\/#respond\"]}],\"copyrightYear\":\"2023\",\"copyrightHolder\":{\"@id\":\"https:\/\/dicodusport.fr\/blog\/#organization\"}},{\"@type\":\"WebPage\",\"@id\":\"https:\/\/dicodusport.fr\/blog\/mercato-cyclisme-egan-bernal-interesse-une-formation-world-tour\/\",\"url\":\"https:\/\/dicodusport.fr\/blog\/mercato-cyclisme-egan-bernal-interesse-une-formation-world-tour\/\",\"name\":\"Mercato Cyclisme : Egan Bernal int\u00e9resse une formation World Tour\",\"isPartOf\":{\"@id\":\"https:\/\/dicodusport.fr\/blog\/#website\"},\"primaryImageOfPage\":{\"@id\":\"https:\/\/dicodusport.fr\/blog\/mercato-cyclisme-egan-bernal-interesse-une-formation-world-tour\/#primaryimage\"},\"image\":{\"@id\":\"https:\/\/dicodusport.fr\/blog\/mercato-cyclisme-egan-bernal-interesse-une-formation-world-tour\/#primaryimage\"},\"thumbnailUrl\":\"https:\/\/dicodusport.fr\/blog\/wp-content\/uploads\/2023\/09\/Cyclisme-Egan-Bernal-interesse-une-formation-World-Tour.png\",\"datePublished\":\"2023-09-06T11:50:05+00:00\",\"description\":\"Egan Bernal (INEOS Grenadiers) est convoit\u00e9 par la formation Movistar. Le vainqueur du Tour 2019 pourrait quitter la formation britannique.\",\"breadcrumb\":{\"@id\":\"https:\/\/dicodusport.fr\/blog\/mercato-cyclisme-egan-bernal-interesse-une-formation-world-tour\/#breadcrumb\"},\"inLanguage\":\"fr-FR\",\"potentialAction\":[{\"@type\":\"ReadAction\",\"target\":[\"https:\/\/dicodusport.fr\/blog\/mercato-cyclisme-egan-bernal-interesse-une-formation-world-tour\/\"]}]},{\"@type\":\"ImageObject\",\"inLanguage\":\"fr-FR\",\"@id\":\"https:\/\/dicodusport.fr\/blog\/mercato-cyclisme-egan-bernal-interesse-une-formation-world-tour\/#primaryimage\",\"url\":\"https:\/\/dicodusport.fr\/blog\/wp-content\/uploads\/2023\/09\/Cyclisme-Egan-Bernal-interesse-une-formation-World-Tour.png\",\"contentUrl\":\"https:\/\/dicodusport.fr\/blog\/wp-content\/uploads\/2023\/09\/Cyclisme-Egan-Bernal-interesse-une-formation-World-Tour.png\",\"width\":800,\"height\":445,\"caption\":\"Tour Colombia 2024 - Classement 3\u00e8me \u00e9tape\"},{\"@type\":\"BreadcrumbList\",\"@id\":\"https:\/\/dicodusport.fr\/blog\/mercato-cyclisme-egan-bernal-interesse-une-formation-world-tour\/#breadcrumb\",\"itemListElement\":[{\"@type\":\"ListItem\",\"position\":1,\"name\":\"Accueil\",\"item\":\"https:\/\/dicodusport.fr\/blog\/\"},{\"@type\":\"ListItem\",\"position\":2,\"name\":\"Mercato Cyclisme : Egan Bernal int\u00e9resse une formation World Tour\"}]},{\"@type\":\"WebSite\",\"@id\":\"https:\/\/dicodusport.fr\/blog\/#website\",\"url\":\"https:\/\/dicodusport.fr\/blog\/\",\"name\":\"Dicodusport\",\"description\":\"L&#039;encyclop\u00e9die de l&#039;actualit\u00e9 sportive\",\"publisher\":{\"@id\":\"https:\/\/dicodusport.fr\/blog\/#organization\"},\"potentialAction\":[{\"@type\":\"SearchAction\",\"target\":{\"@type\":\"EntryPoint\",\"urlTemplate\":\"https:\/\/dicodusport.fr\/blog\/?s={search_term_string}\"},\"query-input\":{\"@type\":\"PropertyValueSpecification\",\"valueRequired\":true,\"valueName\":\"search_term_string\"}}],\"inLanguage\":\"fr-FR\"},{\"@type\":\"NewsMediaOrganization\",\"@id\":\"https:\/\/dicodusport.fr\/blog\/#organization\",\"name\":\"Dicodusport\",\"url\":\"https:\/\/dicodusport.fr\/blog\/\",\"logo\":{\"@type\":\"ImageObject\",\"inLanguage\":\"fr-FR\",\"@id\":\"https:\/\/dicodusport.fr\/blog\/#\/schema\/logo\/image\/\",\"url\":\"https:\/\/dicodusport.fr\/blog\/wp-content\/uploads\/2020\/06\/cropped-LOGO-DICODUSPORT-2020-SANS-FOND-SANS-TEXTE.png\",\"contentUrl\":\"https:\/\/dicodusport.fr\/blog\/wp-content\/uploads\/2020\/06\/cropped-LOGO-DICODUSPORT-2020-SANS-FOND-SANS-TEXTE.png\",\"width\":512,\"height\":512,\"caption\":\"Dicodusport\"},\"image\":{\"@id\":\"https:\/\/dicodusport.fr\/blog\/#\/schema\/logo\/image\/\"},\"sameAs\":[\"https:\/\/www.facebook.com\/dicodusport\",\"https:\/\/x.com\/dicodusport\",\"https:\/\/www.instagram.com\/dicodusport\/\",\"https:\/\/www.youtube.com\/channel\/UC7V2KZ5sd3htJivAbA4ZG3w\"],\"description\":\"Dicodusport est l'encyclop\u00e9die de l'actualit\u00e9 sportive.\",\"email\":\"bonjour@dicodusport.fr\",\"legalName\":\"DICODUSPORT\",\"foundingDate\":\"2018-01-14\",\"vatID\":\"FR71834470973\",\"taxID\":\"83447097300043\",\"numberOfEmployees\":{\"@type\":\"QuantitativeValue\",\"minValue\":\"1\",\"maxValue\":\"10\"}},{\"@type\":\"Person\",\"@id\":\"https:\/\/dicodusport.fr\/blog\/#\/schema\/person\/d603dd7da31fb2b46c82b9835a77ec13\",\"name\":\"Etienne Goursaud\",\"image\":{\"@type\":\"ImageObject\",\"inLanguage\":\"fr-FR\",\"@id\":\"https:\/\/dicodusport.fr\/blog\/#\/schema\/person\/image\/\",\"url\":\"https:\/\/dicodusport.fr\/blog\/wp-content\/uploads\/2023\/12\/410122264_10231602061736049_5565839791558026645_n-150x150.jpg\",\"contentUrl\":\"https:\/\/dicodusport.fr\/blog\/wp-content\/uploads\/2023\/12\/410122264_10231602061736049_5565839791558026645_n-150x150.jpg\",\"caption\":\"Etienne Goursaud\"},\"description\":\"Journaliste et amoureux de sport. Ancien footballeur reconverti athl\u00e8te quand ses muscles le laissent tranquille. \u00c9lev\u00e9 \u00e0 la sauce des exploits de Thomas Voeckler en 2004, du dernier essai de l\u00e9gende de Eunice Barber \u00e0 la longueur lors des championnats du monde d'athl\u00e9tisme de 2003 mais aussi Zidane, Omeyer et Titou Lamaison.\",\"url\":\"https:\/\/dicodusport.fr\/blog\/author\/etienne-goursaud\/\"}]}<\/script>\n<!-- \/ Yoast SEO Premium plugin. -->","yoast_head_json":{"title":"Mercato Cyclisme : Egan Bernal int\u00e9resse une formation World Tour","description":"Egan Bernal (INEOS Grenadiers) est convoit\u00e9 par la formation Movistar. Le vainqueur du Tour 2019 pourrait quitter la formation britannique.","robots":{"index":"index","follow":"follow","max-snippet":"max-snippet:-1","max-image-preview":"max-image-preview:large","max-video-preview":"max-video-preview:-1"},"canonical":"https:\/\/dicodusport.fr\/blog\/mercato-cyclisme-egan-bernal-interesse-une-formation-world-tour\/","og_locale":"fr_FR","og_type":"article","og_title":"Mercato Cyclisme : Egan Bernal int\u00e9resse une formation World Tour","og_description":"Egan Bernal (INEOS Grenadiers) est convoit\u00e9 par la formation Movistar. Le vainqueur du Tour 2019 pourrait quitter la formation britannique.","og_url":"https:\/\/dicodusport.fr\/blog\/mercato-cyclisme-egan-bernal-interesse-une-formation-world-tour\/","og_site_name":"Dicodusport","article_publisher":"https:\/\/www.facebook.com\/dicodusport","article_published_time":"2023-09-06T11:50:05+00:00","og_image":[{"width":800,"height":445,"url":"https:\/\/dicodusport.fr\/blog\/wp-content\/uploads\/2023\/09\/Cyclisme-Egan-Bernal-interesse-une-formation-World-Tour.png","type":"image\/png"}],"author":"Etienne Goursaud","twitter_card":"summary_large_image","twitter_title":"Mercato Cyclisme : Egan Bernal int\u00e9resse une formation World Tour","twitter_creator":"@dicodusport","twitter_site":"@dicodusport","schema":{"@context":"https:\/\/schema.org","@graph":[{"@type":"NewsArticle","@id":"https:\/\/dicodusport.fr\/blog\/mercato-cyclisme-egan-bernal-interesse-une-formation-world-tour\/#article","isPartOf":{"@id":"https:\/\/dicodusport.fr\/blog\/mercato-cyclisme-egan-bernal-interesse-une-formation-world-tour\/"},"author":{"name":"Etienne Goursaud","@id":"https:\/\/dicodusport.fr\/blog\/#\/schema\/person\/d603dd7da31fb2b46c82b9835a77ec13"},"headline":"Mercato Cyclisme : Egan Bernal int\u00e9resse une formation World Tour","datePublished":"2023-09-06T11:50:05+00:00","mainEntityOfPage":{"@id":"https:\/\/dicodusport.fr\/blog\/mercato-cyclisme-egan-bernal-interesse-une-formation-world-tour\/"},"wordCount":251,"commentCount":0,"publisher":{"@id":"https:\/\/dicodusport.fr\/blog\/#organization"},"image":{"@id":"https:\/\/dicodusport.fr\/blog\/mercato-cyclisme-egan-bernal-interesse-une-formation-world-tour\/#primaryimage"},"thumbnailUrl":"https:\/\/dicodusport.fr\/blog\/wp-content\/uploads\/2023\/09\/Cyclisme-Egan-Bernal-interesse-une-formation-World-Tour.png","keywords":["br\u00e8ve","Cyclisme","Egan Bernal","Movistar"],"articleSection":["Cyclisme sur route"],"inLanguage":"fr-FR","potentialAction":[{"@type":"CommentAction","name":"Comment","target":["https:\/\/dicodusport.fr\/blog\/mercato-cyclisme-egan-bernal-interesse-une-formation-world-tour\/#respond"]}],"copyrightYear":"2023","copyrightHolder":{"@id":"https:\/\/dicodusport.fr\/blog\/#organization"}},{"@type":"WebPage","@id":"https:\/\/dicodusport.fr\/blog\/mercato-cyclisme-egan-bernal-interesse-une-formation-world-tour\/","url":"https:\/\/dicodusport.fr\/blog\/mercato-cyclisme-egan-bernal-interesse-une-formation-world-tour\/","name":"Mercato Cyclisme : Egan Bernal int\u00e9resse une formation World Tour","isPartOf":{"@id":"https:\/\/dicodusport.fr\/blog\/#website"},"primaryImageOfPage":{"@id":"https:\/\/dicodusport.fr\/blog\/mercato-cyclisme-egan-bernal-interesse-une-formation-world-tour\/#primaryimage"},"image":{"@id":"https:\/\/dicodusport.fr\/blog\/mercato-cyclisme-egan-bernal-interesse-une-formation-world-tour\/#primaryimage"},"thumbnailUrl":"https:\/\/dicodusport.fr\/blog\/wp-content\/uploads\/2023\/09\/Cyclisme-Egan-Bernal-interesse-une-formation-World-Tour.png","datePublished":"2023-09-06T11:50:05+00:00","description":"Egan Bernal (INEOS Grenadiers) est convoit\u00e9 par la formation Movistar. Le vainqueur du Tour 2019 pourrait quitter la formation britannique.","breadcrumb":{"@id":"https:\/\/dicodusport.fr\/blog\/mercato-cyclisme-egan-bernal-interesse-une-formation-world-tour\/#breadcrumb"},"inLanguage":"fr-FR","potentialAction":[{"@type":"ReadAction","target":["https:\/\/dicodusport.fr\/blog\/mercato-cyclisme-egan-bernal-interesse-une-formation-world-tour\/"]}]},{"@type":"ImageObject","inLanguage":"fr-FR","@id":"https:\/\/dicodusport.fr\/blog\/mercato-cyclisme-egan-bernal-interesse-une-formation-world-tour\/#primaryimage","url":"https:\/\/dicodusport.fr\/blog\/wp-content\/uploads\/2023\/09\/Cyclisme-Egan-Bernal-interesse-une-formation-World-Tour.png","contentUrl":"https:\/\/dicodusport.fr\/blog\/wp-content\/uploads\/2023\/09\/Cyclisme-Egan-Bernal-interesse-une-formation-World-Tour.png","width":800,"height":445,"caption":"Tour Colombia 2024 - Classement 3\u00e8me \u00e9tape"},{"@type":"BreadcrumbList","@id":"https:\/\/dicodusport.fr\/blog\/mercato-cyclisme-egan-bernal-interesse-une-formation-world-tour\/#breadcrumb","itemListElement":[{"@type":"ListItem","position":1,"name":"Accueil","item":"https:\/\/dicodusport.fr\/blog\/"},{"@type":"ListItem","position":2,"name":"Mercato Cyclisme : Egan Bernal int\u00e9resse une formation World Tour"}]},{"@type":"WebSite","@id":"https:\/\/dicodusport.fr\/blog\/#website","url":"https:\/\/dicodusport.fr\/blog\/","name":"Dicodusport","description":"L&#039;encyclop\u00e9die de l&#039;actualit\u00e9 sportive","publisher":{"@id":"https:\/\/dicodusport.fr\/blog\/#organization"},"potentialAction":[{"@type":"SearchAction","target":{"@type":"EntryPoint","urlTemplate":"https:\/\/dicodusport.fr\/blog\/?s={search_term_string}"},"query-input":{"@type":"PropertyValueSpecification","valueRequired":true,"valueName":"search_term_string"}}],"inLanguage":"fr-FR"},{"@type":"NewsMediaOrganization","@id":"https:\/\/dicodusport.fr\/blog\/#organization","name":"Dicodusport","url":"https:\/\/dicodusport.fr\/blog\/","logo":{"@type":"ImageObject","inLanguage":"fr-FR","@id":"https:\/\/dicodusport.fr\/blog\/#\/schema\/logo\/image\/","url":"https:\/\/dicodusport.fr\/blog\/wp-content\/uploads\/2020\/06\/cropped-LOGO-DICODUSPORT-2020-SANS-FOND-SANS-TEXTE.png","contentUrl":"https:\/\/dicodusport.fr\/blog\/wp-content\/uploads\/2020\/06\/cropped-LOGO-DICODUSPORT-2020-SANS-FOND-SANS-TEXTE.png","width":512,"height":512,"caption":"Dicodusport"},"image":{"@id":"https:\/\/dicodusport.fr\/blog\/#\/schema\/logo\/image\/"},"sameAs":["https:\/\/www.facebook.com\/dicodusport","https:\/\/x.com\/dicodusport","https:\/\/www.instagram.com\/dicodusport\/","https:\/\/www.youtube.com\/channel\/UC7V2KZ5sd3htJivAbA4ZG3w"],"description":"Dicodusport est l'encyclop\u00e9die de l'actualit\u00e9 sportive.","email":"bonjour@dicodusport.fr","legalName":"DICODUSPORT","foundingDate":"2018-01-14","vatID":"FR71834470973","taxID":"83447097300043","numberOfEmployees":{"@type":"QuantitativeValue","minValue":"1","maxValue":"10"}},{"@type":"Person","@id":"https:\/\/dicodusport.fr\/blog\/#\/schema\/person\/d603dd7da31fb2b46c82b9835a77ec13","name":"Etienne Goursaud","image":{"@type":"ImageObject","inLanguage":"fr-FR","@id":"https:\/\/dicodusport.fr\/blog\/#\/schema\/person\/image\/","url":"https:\/\/dicodusport.fr\/blog\/wp-content\/uploads\/2023\/12\/410122264_10231602061736049_5565839791558026645_n-150x150.jpg","contentUrl":"https:\/\/dicodusport.fr\/blog\/wp-content\/uploads\/2023\/12\/410122264_10231602061736049_5565839791558026645_n-150x150.jpg","caption":"Etienne Goursaud"},"description":"Journaliste et amoureux de sport. Ancien footballeur reconverti athl\u00e8te quand ses muscles le laissent tranquille. \u00c9lev\u00e9 \u00e0 la sauce des exploits de Thomas Voeckler en 2004, du dernier essai de l\u00e9gende de Eunice Barber \u00e0 la longueur lors des championnats du monde d'athl\u00e9tisme de 2003 mais aussi Zidane, Omeyer et Titou Lamaison.","url":"https:\/\/dicodusport.fr\/blog\/author\/etienne-goursaud\/"}]}},"_links":{"self":[{"href":"https:\/\/dicodusport.fr\/blog\/wp-json\/wp\/v2\/posts\/415945","targetHints":{"allow":["GET"]}}],"collection":[{"href":"https:\/\/dicodusport.fr\/blog\/wp-json\/wp\/v2\/posts"}],"about":[{"href":"https:\/\/dicodusport.fr\/blog\/wp-json\/wp\/v2\/types\/post"}],"author":[{"embeddable":true,"href":"https:\/\/dicodusport.fr\/blog\/wp-json\/wp\/v2\/users\/83"}],"replies":[{"embeddable":true,"href":"https:\/\/dicodusport.fr\/blog\/wp-json\/wp\/v2\/comments?post=415945"}],"version-history":[{"count":0,"href":"https:\/\/dicodusport.fr\/blog\/wp-json\/wp\/v2\/posts\/415945\/revisions"}],"wp:featuredmedia":[{"embeddable":true,"href":"https:\/\/dicodusport.fr\/blog\/wp-json\/wp\/v2\/media\/415948"}],"wp:attachment":[{"href":"https:\/\/dicodusport.fr\/blog\/wp-json\/wp\/v2\/media?parent=415945"}],"wp:term":[{"taxonomy":"category","embeddable":true,"href":"https:\/\/dicodusport.fr\/blog\/wp-json\/wp\/v2\/categories?post=415945"},{"taxonomy":"post_tag","embeddable":true,"href":"https:\/\/dicodusport.fr\/blog\/wp-json\/wp\/v2\/tags?post=415945"}],"curies":[{"name":"wp","href":"https:\/\/api.w.org\/{rel}","templated":true}]}}