{"id":416141,"date":"2023-09-07T12:00:12","date_gmt":"2023-09-07T10:00:12","guid":{"rendered":"https:\/\/dicodusport.fr\/blog\/?p=416141&#038;preview=true&#038;preview_id=416141"},"modified":"2023-09-07T12:48:26","modified_gmt":"2023-09-07T10:48:26","slug":"xv-de-france-francois-cros-un-travail-de-lombre-indispensable-aux-bleus","status":"publish","type":"post","link":"https:\/\/dicodusport.fr\/blog\/xv-de-france-francois-cros-un-travail-de-lombre-indispensable-aux-bleus\/","title":{"rendered":"XV de France : Fran\u00e7ois Cros, un travail de l&rsquo;ombre indispensable aux Bleus"},"content":{"rendered":"<p align=\"justify\"><em><b><a href=\"https:\/\/dicodusport.fr\/blog\/actualites\/rugby\/rugby-a-xv\/xv-de-france\/\">XV DE FRANCE<\/a> &#8211; Titulaire en troisi\u00e8me ligne pour le match d&rsquo;ouverture de la <a href=\"https:\/\/dicodusport.fr\/blog\/actualites\/rugby\/rugby-a-xv\/coupe-du-monde-de-rugby-2023\/\">Coupe du monde de rugby 2023<\/a> contre les All Blacks, Fran\u00e7ois Cros aura encore un r\u00f4le majeur \u00e0 jouer dans l&rsquo;effectif fran\u00e7ais. Plaqueur hors-norme et infatigable, le Toulousain, bien que discret ballon en mains, est devenu au fil des ann\u00e9es un taulier du XV de France.\u00a0\u00a0<\/b><\/em><\/p>\n<ul>\n<li style=\"text-align: justify;\"><strong>\u00c0 lire aussi \u2013<\/strong>\u00a0<a href=\"https:\/\/dicodusport.fr\/blog\/calendrier-et-resultats-coupe-du-monde-de-rugby-2023\/\"><strong>Calendrier et r\u00e9sultats de la Coupe du monde de rugby 2023<\/strong><\/a><\/li>\n<\/ul>\n<h2 align=\"justify\">Le r\u00f4le primordial de la d\u00e9fense<\/h2>\n<p style=\"text-align: justify;\" align=\"justify\">Dans une \u00e9quipe de rugby, certains peuvent se diff\u00e9rencier par un jeu offensif flamboyant, d&rsquo;autres par une lecture du jeu exceptionnelle. Ces qualit\u00e9s ballon en mains, toutes aussi impressionnantes les unes que les autres, masquent, par d\u00e9faut, un travail de l&rsquo;ombre pourtant indispensable dans ce sport : la d\u00e9fense.<\/p>\n<p style=\"text-align: justify;\" align=\"justify\">\u00c0 ce petit jeu, les troisi\u00e8me ligne sont connus pour \u00eatre les ma\u00eetres en la mati\u00e8re. Omnipr\u00e9sents aux abords des rucks, capables de stopper n&rsquo;importe quel gabarit ou lutter \u00e0 la course contre certains des joueurs les plus rapides, ils sont partout, sans que le public y pr\u00eate vraiment attention. Toute cette panoplie est parfaitement maitris\u00e9e par un Toulousain de 29 ans qui ne cesse de briller dans ce domaine. Discret, mais indispensable,<strong> Fran\u00e7ois Cros<\/strong> s&rsquo;appr\u00eate \u00e0 disputer sa premi\u00e8re <strong>Coupe du monde<\/strong>.<\/p>\n<div class=\"vlp-link-container vlp-layout-article\"><a href=\"https:\/\/dicodusport.fr\/blog\/coupe-du-monde-de-rugby-la-france-face-a-son-destin-a-domicile\/\" class=\"vlp-link\" title=\"Coupe du monde de rugby : La France face \u00e0 son destin \u00e0 domicile\"><\/a><div class=\"vlp-layout-zone-side\"><div class=\"vlp-block-4 vlp-link-image\"><img loading=\"lazy\" decoding=\"async\" style=\"max-width: 797px;\" width=\"797\" height=\"445\" src=\"https:\/\/dicodusport.fr\/blog\/wp-content\/uploads\/2023\/08\/Coupe-du-monde-de-rugby-La-France-face-a-son-destin-a-domicile.png\" class=\"attachment-800x445 size-800x445\" alt=\"Coupe du monde de rugby - La France face \u00e0 son destin \u00e0 domicile\" srcset=\"https:\/\/dicodusport.fr\/blog\/wp-content\/uploads\/2023\/08\/Coupe-du-monde-de-rugby-La-France-face-a-son-destin-a-domicile.png 1200w, https:\/\/dicodusport.fr\/blog\/wp-content\/uploads\/2023\/08\/Coupe-du-monde-de-rugby-La-France-face-a-son-destin-a-domicile-300x168.png 300w, https:\/\/dicodusport.fr\/blog\/wp-content\/uploads\/2023\/08\/Coupe-du-monde-de-rugby-La-France-face-a-son-destin-a-domicile-1024x572.png 1024w, https:\/\/dicodusport.fr\/blog\/wp-content\/uploads\/2023\/08\/Coupe-du-monde-de-rugby-La-France-face-a-son-destin-a-domicile-768x429.png 768w\" sizes=\"auto, (max-width: 797px) 100vw, 797px\" \/><\/div><\/div><div class=\"vlp-layout-zone-main\"><div class=\"vlp-block-0 vlp-link-title\">Coupe du monde de rugby : La France face \u00e0 son destin \u00e0 domicile<\/div><div class=\"vlp-block-1 vlp-link-summary\">COUPE DU MONDE DE RUGBY 2023 - La France accueille la 10e \u00e9dition de la Coupe du monde. Historique, effectif et calendrier.<\/div><div class=\"vlp-block-2 vlp-link-button\">Lire l'article<\/div><div class=\"vlp-block-3 vlp-link-url\">dicodusport.fr<\/div><\/div><\/div>\n<h2 style=\"text-align: justify;\" align=\"justify\">De l&rsquo;ombre \u00e0 la lumi\u00e8re<\/h2>\n<p style=\"text-align: justify;\">C&rsquo;est g\u00e9n\u00e9ralement \u00e0 la fin des matchs qu&rsquo;on se rend compte de l&rsquo;abattage d\u00e9fensif r\u00e9alis\u00e9 par <strong>Fran\u00e7ois Cros<\/strong>. En effet, durant les rencontres, le nombre de plaquages effectu\u00e9s par le troisi\u00e8me ligne est impressionnant, d&rsquo;autant plus lors des matchs internationaux. Par exemple, <strong>contre l&rsquo;Australie<\/strong> le 27 ao\u00fbt dernier, le Toulousain a r\u00e9alis\u00e9 17 plaquages en 80 minutes. Une statistique impressionnante \u00e0 ce niveau, qui montre sa facult\u00e9 \u00e0 briller dans cet exercice.<\/p>\n<ul>\n<li style=\"text-align: justify;\"><strong>\u00c0 lire aussi &#8211; <a href=\"https:\/\/dicodusport.fr\/blog\/france-nouvelle-zelande-la-composition-des-bleus\/\">La composition du XV de France face \u00e0 la Nouvelle-Z\u00e9lande<\/a><\/strong><\/li>\n<\/ul>\n<p style=\"text-align: justify;\">Sa s\u00e9lection dans la liste des 33 disputant la <strong>Coupe du monde<\/strong> est loin d&rsquo;\u00eatre une surprise. Effectivement, s\u00e9lectionn\u00e9 pour la premi\u00e8re fois en ao\u00fbt 2019, Cros n&rsquo;a cess\u00e9 de s&rsquo;imposer dans cette \u00e9quipe de France. Si le terme \u00ab\u00a0sous-cot\u00e9\u00a0\u00bb pourrait correspondre \u00e0 son profil, son manager \u00e0 Toulouse, <strong>Ugo Mola<\/strong>, utilise une phrase qui le caract\u00e9rise parfaitement : <em>\u00ab<\/em> <em>Fran\u00e7ois fait partie de ceux qui ont cette capacit\u00e9 \u00e0 peser sans trop expliquer. Par ses actes, ses matches, son travail \u00bb <\/em>disait de lui le technicien stadiste pour nos confr\u00e8res de<em> France Bleu Occitanie<\/em>.<\/p>\n<blockquote class=\"twitter-tweet\">\n<p dir=\"ltr\" lang=\"fr\">17 plaquages en 80 minutes pour Fran\u00e7ois Cros.<\/p>\n<p>Il tient son rythme de croisi\u00e8re. La France tient son guerrier de l\u2019ombre. <a href=\"https:\/\/t.co\/biojg68J2k\">https:\/\/t.co\/biojg68J2k<\/a><\/p>\n<p>\u2014 Gauthier Baudin (@GauthierBaudin) <a href=\"https:\/\/twitter.com\/GauthierBaudin\/status\/1695852831608033495?ref_src=twsrc%5Etfw\">August 27, 2023<\/a><\/p><\/blockquote>\n<p><script async src=\"https:\/\/platform.twitter.com\/widgets.js\" charset=\"utf-8\"><\/script><\/p>\n<h2>Une reconnaissance m\u00e9rit\u00e9e<\/h2>\n<p style=\"text-align: justify;\">Dans l&rsquo;ombre des stars comme <strong>Antoine Dupont <\/strong>ou<strong> Damian Penaud<\/strong>,<strong> Fran\u00e7ois Cros<\/strong> a confort\u00e9 sa l\u00e9gitimit\u00e9 \u00e0 \u00eatre titulaire dans le <strong>XV de France<\/strong>, malgr\u00e9 une concurrence f\u00e9roce en troisi\u00e8me ligne. En \u00e9tant capable de tenir 80 minutes \u00e0 haute intensit\u00e9 sans donner l&rsquo;impression de baisser de rythme, il constitue une assurance fiable <strong>aux Bleus<\/strong> dans les moments cruciaux.<\/p>\n<p style=\"text-align: justify;\">Sans lui (et ses multiples plaquages), la<strong> France<\/strong> n&rsquo;aurait pas autant de s\u00e9r\u00e9nit\u00e9. Si le retour de blessure d&rsquo;<strong>Anthony Jelonch<\/strong> risque de rebattre les cartes en troisi\u00e8me ligne, <strong>Fran\u00e7ois Cros<\/strong> a encore du temps pour briller devant les yeux du monde entier. Une reconnaissance qu&rsquo;il n&rsquo;attend pas forc\u00e9ment, mais qui serait amplement m\u00e9rit\u00e9e pour ce joueur unique.<\/p>\n<ul>\n<li style=\"text-align: justify;\"><strong>\u00c0 lire aussi &#8211; <a href=\"https:\/\/dicodusport.fr\/blog\/calendrier-resultats-et-classement-poule-a-coupe-du-monde-de-rugby-2023\/\">Calendrier, r\u00e9sultats et classements de la poule A<\/a><\/strong><\/li>\n<\/ul>\n","protected":false},"excerpt":{"rendered":"<p>Dans un r\u00f4le discret mais indispensable aux Bleus, Fran\u00e7ois Cros s&rsquo;appr\u00eate \u00e0 disputer sa premi\u00e8re Coupe du monde, \u00e0 domicile.<\/p>\n","protected":false},"author":76,"featured_media":416303,"comment_status":"open","ping_status":"closed","sticky":false,"template":"","format":"standard","meta":{"_acf_changed":false,"_daextam_enable_autolinks":"","footnotes":""},"categories":[47049,9129,19951],"tags":[16878,13204,1716,19526],"class_list":["post-416141","post","type-post","status-publish","format-standard","has-post-thumbnail","hentry","category-coupe-du-monde-de-rugby","category-rugby-a-xv","category-xv-de-france","tag-breve","tag-equipe-de-france-rugby-a-xv","tag-france-rugby","tag-francois-cros"],"acf":[],"yoast_head":"<!-- This site is optimized with the Yoast SEO Premium plugin v26.7 (Yoast SEO v26.7) - https:\/\/yoast.com\/wordpress\/plugins\/seo\/ -->\n<title>XV de France : Fran\u00e7ois Cros, un travail de l&#039;ombre indispensable aux Bleus<\/title>\n<meta name=\"description\" content=\"Dans un r\u00f4le discret mais indispensable aux Bleus, Fran\u00e7ois Cros s&#039;appr\u00eate \u00e0 disputer sa premi\u00e8re Coupe du monde, \u00e0 domicile.\" \/>\n<meta name=\"robots\" content=\"index, follow, max-snippet:-1, max-image-preview:large, max-video-preview:-1\" \/>\n<link rel=\"canonical\" href=\"https:\/\/dicodusport.fr\/blog\/xv-de-france-francois-cros-un-travail-de-lombre-indispensable-aux-bleus\/\" \/>\n<meta property=\"og:locale\" content=\"fr_FR\" \/>\n<meta property=\"og:type\" content=\"article\" \/>\n<meta property=\"og:title\" content=\"XV de France : Fran\u00e7ois Cros, un travail de l&#039;ombre indispensable aux Bleus\" \/>\n<meta property=\"og:description\" content=\"Dans un r\u00f4le discret mais indispensable aux Bleus, Fran\u00e7ois Cros s&#039;appr\u00eate \u00e0 disputer sa premi\u00e8re Coupe du monde, \u00e0 domicile.\" \/>\n<meta property=\"og:url\" content=\"https:\/\/dicodusport.fr\/blog\/xv-de-france-francois-cros-un-travail-de-lombre-indispensable-aux-bleus\/\" \/>\n<meta property=\"og:site_name\" content=\"Dicodusport\" \/>\n<meta property=\"article:publisher\" content=\"https:\/\/www.facebook.com\/dicodusport\" \/>\n<meta property=\"article:published_time\" content=\"2023-09-07T10:00:12+00:00\" \/>\n<meta property=\"article:modified_time\" content=\"2023-09-07T10:48:26+00:00\" \/>\n<meta property=\"og:image\" content=\"https:\/\/dicodusport.fr\/blog\/wp-content\/uploads\/2023\/09\/XV-de-France-Francois-Cros-un-travail-de-lombre-indispensable-aux-Bleus.png\" \/>\n\t<meta property=\"og:image:width\" content=\"800\" \/>\n\t<meta property=\"og:image:height\" content=\"445\" \/>\n\t<meta property=\"og:image:type\" content=\"image\/png\" \/>\n<meta name=\"author\" content=\"Tom Lacaille\" \/>\n<meta name=\"twitter:card\" content=\"summary_large_image\" \/>\n<meta name=\"twitter:title\" content=\"XV de France : Fran\u00e7ois Cros, un travail de l&#039;ombre indispensable aux Bleus\" \/>\n<meta name=\"twitter:creator\" content=\"@Tom Lacaille\" \/>\n<meta name=\"twitter:site\" content=\"@dicodusport\" \/>\n<script type=\"application\/ld+json\" class=\"yoast-schema-graph\">{\"@context\":\"https:\/\/schema.org\",\"@graph\":[{\"@type\":\"NewsArticle\",\"@id\":\"https:\/\/dicodusport.fr\/blog\/xv-de-france-francois-cros-un-travail-de-lombre-indispensable-aux-bleus\/#article\",\"isPartOf\":{\"@id\":\"https:\/\/dicodusport.fr\/blog\/xv-de-france-francois-cros-un-travail-de-lombre-indispensable-aux-bleus\/\"},\"author\":{\"name\":\"Tom Lacaille\",\"@id\":\"https:\/\/dicodusport.fr\/blog\/#\/schema\/person\/8b8ec0dc77c31efd8fe9820383d505b3\"},\"headline\":\"XV de France : Fran\u00e7ois Cros, un travail de l&rsquo;ombre indispensable aux Bleus\",\"datePublished\":\"2023-09-07T10:00:12+00:00\",\"dateModified\":\"2023-09-07T10:48:26+00:00\",\"mainEntityOfPage\":{\"@id\":\"https:\/\/dicodusport.fr\/blog\/xv-de-france-francois-cros-un-travail-de-lombre-indispensable-aux-bleus\/\"},\"wordCount\":707,\"commentCount\":0,\"publisher\":{\"@id\":\"https:\/\/dicodusport.fr\/blog\/#organization\"},\"image\":{\"@id\":\"https:\/\/dicodusport.fr\/blog\/xv-de-france-francois-cros-un-travail-de-lombre-indispensable-aux-bleus\/#primaryimage\"},\"thumbnailUrl\":\"https:\/\/dicodusport.fr\/blog\/wp-content\/uploads\/2023\/09\/XV-de-France-Francois-Cros-un-travail-de-lombre-indispensable-aux-Bleus.png\",\"keywords\":[\"br\u00e8ve\",\"Equipe de France rugby \u00e0 XV\",\"france rugby\",\"Fran\u00e7ois Cros\"],\"articleSection\":[\"Coupe du monde de rugby\",\"Rugby \u00e0 XV\",\"XV de France\"],\"inLanguage\":\"fr-FR\",\"potentialAction\":[{\"@type\":\"CommentAction\",\"name\":\"Comment\",\"target\":[\"https:\/\/dicodusport.fr\/blog\/xv-de-france-francois-cros-un-travail-de-lombre-indispensable-aux-bleus\/#respond\"]}],\"copyrightYear\":\"2023\",\"copyrightHolder\":{\"@id\":\"https:\/\/dicodusport.fr\/blog\/#organization\"}},{\"@type\":\"WebPage\",\"@id\":\"https:\/\/dicodusport.fr\/blog\/xv-de-france-francois-cros-un-travail-de-lombre-indispensable-aux-bleus\/\",\"url\":\"https:\/\/dicodusport.fr\/blog\/xv-de-france-francois-cros-un-travail-de-lombre-indispensable-aux-bleus\/\",\"name\":\"XV de France : Fran\u00e7ois Cros, un travail de l'ombre indispensable aux Bleus\",\"isPartOf\":{\"@id\":\"https:\/\/dicodusport.fr\/blog\/#website\"},\"primaryImageOfPage\":{\"@id\":\"https:\/\/dicodusport.fr\/blog\/xv-de-france-francois-cros-un-travail-de-lombre-indispensable-aux-bleus\/#primaryimage\"},\"image\":{\"@id\":\"https:\/\/dicodusport.fr\/blog\/xv-de-france-francois-cros-un-travail-de-lombre-indispensable-aux-bleus\/#primaryimage\"},\"thumbnailUrl\":\"https:\/\/dicodusport.fr\/blog\/wp-content\/uploads\/2023\/09\/XV-de-France-Francois-Cros-un-travail-de-lombre-indispensable-aux-Bleus.png\",\"datePublished\":\"2023-09-07T10:00:12+00:00\",\"dateModified\":\"2023-09-07T10:48:26+00:00\",\"description\":\"Dans un r\u00f4le discret mais indispensable aux Bleus, Fran\u00e7ois Cros s'appr\u00eate \u00e0 disputer sa premi\u00e8re Coupe du monde, \u00e0 domicile.\",\"breadcrumb\":{\"@id\":\"https:\/\/dicodusport.fr\/blog\/xv-de-france-francois-cros-un-travail-de-lombre-indispensable-aux-bleus\/#breadcrumb\"},\"inLanguage\":\"fr-FR\",\"potentialAction\":[{\"@type\":\"ReadAction\",\"target\":[\"https:\/\/dicodusport.fr\/blog\/xv-de-france-francois-cros-un-travail-de-lombre-indispensable-aux-bleus\/\"]}]},{\"@type\":\"ImageObject\",\"inLanguage\":\"fr-FR\",\"@id\":\"https:\/\/dicodusport.fr\/blog\/xv-de-france-francois-cros-un-travail-de-lombre-indispensable-aux-bleus\/#primaryimage\",\"url\":\"https:\/\/dicodusport.fr\/blog\/wp-content\/uploads\/2023\/09\/XV-de-France-Francois-Cros-un-travail-de-lombre-indispensable-aux-Bleus.png\",\"contentUrl\":\"https:\/\/dicodusport.fr\/blog\/wp-content\/uploads\/2023\/09\/XV-de-France-Francois-Cros-un-travail-de-lombre-indispensable-aux-Bleus.png\",\"width\":800,\"height\":445,\"caption\":\"XV de France Fran\u00e7ois Cros, un travail de l'ombre indispensable aux Bleus\"},{\"@type\":\"BreadcrumbList\",\"@id\":\"https:\/\/dicodusport.fr\/blog\/xv-de-france-francois-cros-un-travail-de-lombre-indispensable-aux-bleus\/#breadcrumb\",\"itemListElement\":[{\"@type\":\"ListItem\",\"position\":1,\"name\":\"Accueil\",\"item\":\"https:\/\/dicodusport.fr\/blog\/\"},{\"@type\":\"ListItem\",\"position\":2,\"name\":\"XV de France : Fran\u00e7ois Cros, un travail de l&rsquo;ombre indispensable aux Bleus\"}]},{\"@type\":\"WebSite\",\"@id\":\"https:\/\/dicodusport.fr\/blog\/#website\",\"url\":\"https:\/\/dicodusport.fr\/blog\/\",\"name\":\"Dicodusport\",\"description\":\"L&#039;encyclop\u00e9die de l&#039;actualit\u00e9 sportive\",\"publisher\":{\"@id\":\"https:\/\/dicodusport.fr\/blog\/#organization\"},\"potentialAction\":[{\"@type\":\"SearchAction\",\"target\":{\"@type\":\"EntryPoint\",\"urlTemplate\":\"https:\/\/dicodusport.fr\/blog\/?s={search_term_string}\"},\"query-input\":{\"@type\":\"PropertyValueSpecification\",\"valueRequired\":true,\"valueName\":\"search_term_string\"}}],\"inLanguage\":\"fr-FR\"},{\"@type\":\"NewsMediaOrganization\",\"@id\":\"https:\/\/dicodusport.fr\/blog\/#organization\",\"name\":\"Dicodusport\",\"url\":\"https:\/\/dicodusport.fr\/blog\/\",\"logo\":{\"@type\":\"ImageObject\",\"inLanguage\":\"fr-FR\",\"@id\":\"https:\/\/dicodusport.fr\/blog\/#\/schema\/logo\/image\/\",\"url\":\"https:\/\/dicodusport.fr\/blog\/wp-content\/uploads\/2020\/06\/cropped-LOGO-DICODUSPORT-2020-SANS-FOND-SANS-TEXTE.png\",\"contentUrl\":\"https:\/\/dicodusport.fr\/blog\/wp-content\/uploads\/2020\/06\/cropped-LOGO-DICODUSPORT-2020-SANS-FOND-SANS-TEXTE.png\",\"width\":512,\"height\":512,\"caption\":\"Dicodusport\"},\"image\":{\"@id\":\"https:\/\/dicodusport.fr\/blog\/#\/schema\/logo\/image\/\"},\"sameAs\":[\"https:\/\/www.facebook.com\/dicodusport\",\"https:\/\/x.com\/dicodusport\",\"https:\/\/www.instagram.com\/dicodusport\/\",\"https:\/\/www.youtube.com\/channel\/UC7V2KZ5sd3htJivAbA4ZG3w\"],\"description\":\"Dicodusport est l'encyclop\u00e9die de l'actualit\u00e9 sportive.\",\"email\":\"bonjour@dicodusport.fr\",\"legalName\":\"DICODUSPORT\",\"foundingDate\":\"2018-01-14\",\"vatID\":\"FR71834470973\",\"taxID\":\"83447097300043\",\"numberOfEmployees\":{\"@type\":\"QuantitativeValue\",\"minValue\":\"1\",\"maxValue\":\"10\"}},{\"@type\":\"Person\",\"@id\":\"https:\/\/dicodusport.fr\/blog\/#\/schema\/person\/8b8ec0dc77c31efd8fe9820383d505b3\",\"name\":\"Tom Lacaille\",\"image\":{\"@type\":\"ImageObject\",\"inLanguage\":\"fr-FR\",\"@id\":\"https:\/\/dicodusport.fr\/blog\/#\/schema\/person\/image\/\",\"url\":\"https:\/\/dicodusport.fr\/blog\/wp-content\/uploads\/2022\/10\/photo-profil-150x150.jpg\",\"contentUrl\":\"https:\/\/dicodusport.fr\/blog\/wp-content\/uploads\/2022\/10\/photo-profil-150x150.jpg\",\"caption\":\"Tom Lacaille\"},\"description\":\"Actuellement \u00e2g\u00e9 de 19 ans, ma passion du sport est berc\u00e9e par la descente aux enfers des Verts, la d\u00e9gringolade de l'ASM Clermont et le futur triomphe des Celtics. En toute logique, je suis un grand passionn\u00e9 de sport et j'essaie de retranscrire mes analyses dans les articles. Le r\u00eave d'\u00eatre journaliste est ma principale source de motivation, en esp\u00e9rant (un jour) apporter un air nouveau \u00e0 ce si beau secteur.\",\"sameAs\":[\"https:\/\/x.com\/Tom Lacaille\"],\"url\":\"https:\/\/dicodusport.fr\/blog\/author\/tom-lacaille\/\"}]}<\/script>\n<!-- \/ Yoast SEO Premium plugin. -->","yoast_head_json":{"title":"XV de France : Fran\u00e7ois Cros, un travail de l'ombre indispensable aux Bleus","description":"Dans un r\u00f4le discret mais indispensable aux Bleus, Fran\u00e7ois Cros s'appr\u00eate \u00e0 disputer sa premi\u00e8re Coupe du monde, \u00e0 domicile.","robots":{"index":"index","follow":"follow","max-snippet":"max-snippet:-1","max-image-preview":"max-image-preview:large","max-video-preview":"max-video-preview:-1"},"canonical":"https:\/\/dicodusport.fr\/blog\/xv-de-france-francois-cros-un-travail-de-lombre-indispensable-aux-bleus\/","og_locale":"fr_FR","og_type":"article","og_title":"XV de France : Fran\u00e7ois Cros, un travail de l'ombre indispensable aux Bleus","og_description":"Dans un r\u00f4le discret mais indispensable aux Bleus, Fran\u00e7ois Cros s'appr\u00eate \u00e0 disputer sa premi\u00e8re Coupe du monde, \u00e0 domicile.","og_url":"https:\/\/dicodusport.fr\/blog\/xv-de-france-francois-cros-un-travail-de-lombre-indispensable-aux-bleus\/","og_site_name":"Dicodusport","article_publisher":"https:\/\/www.facebook.com\/dicodusport","article_published_time":"2023-09-07T10:00:12+00:00","article_modified_time":"2023-09-07T10:48:26+00:00","og_image":[{"width":800,"height":445,"url":"https:\/\/dicodusport.fr\/blog\/wp-content\/uploads\/2023\/09\/XV-de-France-Francois-Cros-un-travail-de-lombre-indispensable-aux-Bleus.png","type":"image\/png"}],"author":"Tom Lacaille","twitter_card":"summary_large_image","twitter_title":"XV de France : Fran\u00e7ois Cros, un travail de l'ombre indispensable aux Bleus","twitter_creator":"@Tom Lacaille","twitter_site":"@dicodusport","schema":{"@context":"https:\/\/schema.org","@graph":[{"@type":"NewsArticle","@id":"https:\/\/dicodusport.fr\/blog\/xv-de-france-francois-cros-un-travail-de-lombre-indispensable-aux-bleus\/#article","isPartOf":{"@id":"https:\/\/dicodusport.fr\/blog\/xv-de-france-francois-cros-un-travail-de-lombre-indispensable-aux-bleus\/"},"author":{"name":"Tom Lacaille","@id":"https:\/\/dicodusport.fr\/blog\/#\/schema\/person\/8b8ec0dc77c31efd8fe9820383d505b3"},"headline":"XV de France : Fran\u00e7ois Cros, un travail de l&rsquo;ombre indispensable aux Bleus","datePublished":"2023-09-07T10:00:12+00:00","dateModified":"2023-09-07T10:48:26+00:00","mainEntityOfPage":{"@id":"https:\/\/dicodusport.fr\/blog\/xv-de-france-francois-cros-un-travail-de-lombre-indispensable-aux-bleus\/"},"wordCount":707,"commentCount":0,"publisher":{"@id":"https:\/\/dicodusport.fr\/blog\/#organization"},"image":{"@id":"https:\/\/dicodusport.fr\/blog\/xv-de-france-francois-cros-un-travail-de-lombre-indispensable-aux-bleus\/#primaryimage"},"thumbnailUrl":"https:\/\/dicodusport.fr\/blog\/wp-content\/uploads\/2023\/09\/XV-de-France-Francois-Cros-un-travail-de-lombre-indispensable-aux-Bleus.png","keywords":["br\u00e8ve","Equipe de France rugby \u00e0 XV","france rugby","Fran\u00e7ois Cros"],"articleSection":["Coupe du monde de rugby","Rugby \u00e0 XV","XV de France"],"inLanguage":"fr-FR","potentialAction":[{"@type":"CommentAction","name":"Comment","target":["https:\/\/dicodusport.fr\/blog\/xv-de-france-francois-cros-un-travail-de-lombre-indispensable-aux-bleus\/#respond"]}],"copyrightYear":"2023","copyrightHolder":{"@id":"https:\/\/dicodusport.fr\/blog\/#organization"}},{"@type":"WebPage","@id":"https:\/\/dicodusport.fr\/blog\/xv-de-france-francois-cros-un-travail-de-lombre-indispensable-aux-bleus\/","url":"https:\/\/dicodusport.fr\/blog\/xv-de-france-francois-cros-un-travail-de-lombre-indispensable-aux-bleus\/","name":"XV de France : Fran\u00e7ois Cros, un travail de l'ombre indispensable aux Bleus","isPartOf":{"@id":"https:\/\/dicodusport.fr\/blog\/#website"},"primaryImageOfPage":{"@id":"https:\/\/dicodusport.fr\/blog\/xv-de-france-francois-cros-un-travail-de-lombre-indispensable-aux-bleus\/#primaryimage"},"image":{"@id":"https:\/\/dicodusport.fr\/blog\/xv-de-france-francois-cros-un-travail-de-lombre-indispensable-aux-bleus\/#primaryimage"},"thumbnailUrl":"https:\/\/dicodusport.fr\/blog\/wp-content\/uploads\/2023\/09\/XV-de-France-Francois-Cros-un-travail-de-lombre-indispensable-aux-Bleus.png","datePublished":"2023-09-07T10:00:12+00:00","dateModified":"2023-09-07T10:48:26+00:00","description":"Dans un r\u00f4le discret mais indispensable aux Bleus, Fran\u00e7ois Cros s'appr\u00eate \u00e0 disputer sa premi\u00e8re Coupe du monde, \u00e0 domicile.","breadcrumb":{"@id":"https:\/\/dicodusport.fr\/blog\/xv-de-france-francois-cros-un-travail-de-lombre-indispensable-aux-bleus\/#breadcrumb"},"inLanguage":"fr-FR","potentialAction":[{"@type":"ReadAction","target":["https:\/\/dicodusport.fr\/blog\/xv-de-france-francois-cros-un-travail-de-lombre-indispensable-aux-bleus\/"]}]},{"@type":"ImageObject","inLanguage":"fr-FR","@id":"https:\/\/dicodusport.fr\/blog\/xv-de-france-francois-cros-un-travail-de-lombre-indispensable-aux-bleus\/#primaryimage","url":"https:\/\/dicodusport.fr\/blog\/wp-content\/uploads\/2023\/09\/XV-de-France-Francois-Cros-un-travail-de-lombre-indispensable-aux-Bleus.png","contentUrl":"https:\/\/dicodusport.fr\/blog\/wp-content\/uploads\/2023\/09\/XV-de-France-Francois-Cros-un-travail-de-lombre-indispensable-aux-Bleus.png","width":800,"height":445,"caption":"XV de France Fran\u00e7ois Cros, un travail de l'ombre indispensable aux Bleus"},{"@type":"BreadcrumbList","@id":"https:\/\/dicodusport.fr\/blog\/xv-de-france-francois-cros-un-travail-de-lombre-indispensable-aux-bleus\/#breadcrumb","itemListElement":[{"@type":"ListItem","position":1,"name":"Accueil","item":"https:\/\/dicodusport.fr\/blog\/"},{"@type":"ListItem","position":2,"name":"XV de France : Fran\u00e7ois Cros, un travail de l&rsquo;ombre indispensable aux Bleus"}]},{"@type":"WebSite","@id":"https:\/\/dicodusport.fr\/blog\/#website","url":"https:\/\/dicodusport.fr\/blog\/","name":"Dicodusport","description":"L&#039;encyclop\u00e9die de l&#039;actualit\u00e9 sportive","publisher":{"@id":"https:\/\/dicodusport.fr\/blog\/#organization"},"potentialAction":[{"@type":"SearchAction","target":{"@type":"EntryPoint","urlTemplate":"https:\/\/dicodusport.fr\/blog\/?s={search_term_string}"},"query-input":{"@type":"PropertyValueSpecification","valueRequired":true,"valueName":"search_term_string"}}],"inLanguage":"fr-FR"},{"@type":"NewsMediaOrganization","@id":"https:\/\/dicodusport.fr\/blog\/#organization","name":"Dicodusport","url":"https:\/\/dicodusport.fr\/blog\/","logo":{"@type":"ImageObject","inLanguage":"fr-FR","@id":"https:\/\/dicodusport.fr\/blog\/#\/schema\/logo\/image\/","url":"https:\/\/dicodusport.fr\/blog\/wp-content\/uploads\/2020\/06\/cropped-LOGO-DICODUSPORT-2020-SANS-FOND-SANS-TEXTE.png","contentUrl":"https:\/\/dicodusport.fr\/blog\/wp-content\/uploads\/2020\/06\/cropped-LOGO-DICODUSPORT-2020-SANS-FOND-SANS-TEXTE.png","width":512,"height":512,"caption":"Dicodusport"},"image":{"@id":"https:\/\/dicodusport.fr\/blog\/#\/schema\/logo\/image\/"},"sameAs":["https:\/\/www.facebook.com\/dicodusport","https:\/\/x.com\/dicodusport","https:\/\/www.instagram.com\/dicodusport\/","https:\/\/www.youtube.com\/channel\/UC7V2KZ5sd3htJivAbA4ZG3w"],"description":"Dicodusport est l'encyclop\u00e9die de l'actualit\u00e9 sportive.","email":"bonjour@dicodusport.fr","legalName":"DICODUSPORT","foundingDate":"2018-01-14","vatID":"FR71834470973","taxID":"83447097300043","numberOfEmployees":{"@type":"QuantitativeValue","minValue":"1","maxValue":"10"}},{"@type":"Person","@id":"https:\/\/dicodusport.fr\/blog\/#\/schema\/person\/8b8ec0dc77c31efd8fe9820383d505b3","name":"Tom Lacaille","image":{"@type":"ImageObject","inLanguage":"fr-FR","@id":"https:\/\/dicodusport.fr\/blog\/#\/schema\/person\/image\/","url":"https:\/\/dicodusport.fr\/blog\/wp-content\/uploads\/2022\/10\/photo-profil-150x150.jpg","contentUrl":"https:\/\/dicodusport.fr\/blog\/wp-content\/uploads\/2022\/10\/photo-profil-150x150.jpg","caption":"Tom Lacaille"},"description":"Actuellement \u00e2g\u00e9 de 19 ans, ma passion du sport est berc\u00e9e par la descente aux enfers des Verts, la d\u00e9gringolade de l'ASM Clermont et le futur triomphe des Celtics. En toute logique, je suis un grand passionn\u00e9 de sport et j'essaie de retranscrire mes analyses dans les articles. Le r\u00eave d'\u00eatre journaliste est ma principale source de motivation, en esp\u00e9rant (un jour) apporter un air nouveau \u00e0 ce si beau secteur.","sameAs":["https:\/\/x.com\/Tom Lacaille"],"url":"https:\/\/dicodusport.fr\/blog\/author\/tom-lacaille\/"}]}},"_links":{"self":[{"href":"https:\/\/dicodusport.fr\/blog\/wp-json\/wp\/v2\/posts\/416141","targetHints":{"allow":["GET"]}}],"collection":[{"href":"https:\/\/dicodusport.fr\/blog\/wp-json\/wp\/v2\/posts"}],"about":[{"href":"https:\/\/dicodusport.fr\/blog\/wp-json\/wp\/v2\/types\/post"}],"author":[{"embeddable":true,"href":"https:\/\/dicodusport.fr\/blog\/wp-json\/wp\/v2\/users\/76"}],"replies":[{"embeddable":true,"href":"https:\/\/dicodusport.fr\/blog\/wp-json\/wp\/v2\/comments?post=416141"}],"version-history":[{"count":0,"href":"https:\/\/dicodusport.fr\/blog\/wp-json\/wp\/v2\/posts\/416141\/revisions"}],"wp:featuredmedia":[{"embeddable":true,"href":"https:\/\/dicodusport.fr\/blog\/wp-json\/wp\/v2\/media\/416303"}],"wp:attachment":[{"href":"https:\/\/dicodusport.fr\/blog\/wp-json\/wp\/v2\/media?parent=416141"}],"wp:term":[{"taxonomy":"category","embeddable":true,"href":"https:\/\/dicodusport.fr\/blog\/wp-json\/wp\/v2\/categories?post=416141"},{"taxonomy":"post_tag","embeddable":true,"href":"https:\/\/dicodusport.fr\/blog\/wp-json\/wp\/v2\/tags?post=416141"}],"curies":[{"name":"wp","href":"https:\/\/api.w.org\/{rel}","templated":true}]}}