{"id":416157,"date":"2023-09-07T09:30:41","date_gmt":"2023-09-07T07:30:41","guid":{"rendered":"https:\/\/dicodusport.fr\/blog\/?p=416157&#038;preview=true&#038;preview_id=416157"},"modified":"2023-09-07T09:30:41","modified_gmt":"2023-09-07T07:30:41","slug":"vuelta-ou-pas-romain-gregoire-et-lenny-martinez-continuent-depater","status":"publish","type":"post","link":"https:\/\/dicodusport.fr\/blog\/vuelta-ou-pas-romain-gregoire-et-lenny-martinez-continuent-depater\/","title":{"rendered":"Vuelta ou pas, Romain Gr\u00e9goire et Lenny Martinez continuent d\u2019\u00e9pater"},"content":{"rendered":"<p style=\"text-align: justify;\"><em><strong><a href=\"https:\/\/dicodusport.fr\/blog\/actualites\/cyclisme\/cyclisme-sur-route-2023\/tour-d-espagne-2023\/\">TOUR D&rsquo;ESPAGNE 2023<\/a> &#8211; <\/strong><\/em><i><b>Ce mercredi, Romain Gr\u00e9goire est pass\u00e9 \u00e0 deux doigts de d\u00e9crocher un premier succ\u00e8s World Tour au terme d\u2019une \u00e9chapp\u00e9e royale. Comme Lenny Martinez, l\u2019autre p\u00e9pite de la formation Groupama-FDJ rayonne en luttant \u00e0 armes \u00e9gales avec ce qu\u2019il se fait de mieux au monde. D\u00e9finitivement, les deux gamins n\u2019ont aucune limite.<\/b><\/i><\/p>\n<p align=\"justify\">Si le seul vainqueur fran\u00e7ais sur ce Tour d\u2019Espagne est le tr\u00e8s exp\u00e9riment\u00e9 <b>Geoffrey Soupe<\/b> (35 ans), la donne aurait pu \u00eatre bien diff\u00e9rente. En terminant chacun 2\u1d49\u00a0des \u00e9tapes 6 et 11, <b>Lenny Martine<\/b><b>z<\/b><b> <\/b>et <b>Romain Gr\u00e9goire<\/b> sont pass\u00e9s proche de lever les bras du haut de leurs 20 printemps. S\u2019ils n\u2019ont pas encore l\u2019\u00e2ge de commander une bi\u00e8re aux \u00c9tats-Unis, les deux jeunes talents de la <b>Groupama-FDJ<\/b> ne souffrent d\u2019aucun complexe face au gratin du peloton mondial.<\/p>\n<h2 style=\"text-align: justify;\" align=\"justify\">Une premi\u00e8re saison professionnelle couronn\u00e9e de succ\u00e8s<\/h2>\n<p align=\"justify\">Il y a encore une dizaine de jours, on r\u00eavait de les voir briller sur le bitume espagnol. Il faut dire que pour leur premi\u00e8re saison professionnelle, les deux jeunes hommes ont prouv\u00e9 qu\u2019ils avaient d\u00e9j\u00e0 les \u00e9paules assez larges pour endosser de grosses responsabilit\u00e9s. <strong>Lenny Martinez<\/strong> a ainsi d\u00e9j\u00e0 remport\u00e9 le <a href=\"https:\/\/dicodusport.fr\/blog\/classement-mont-ventoux-denivele-challenge-2023\/\">CIC Mont Ventoux 2023<\/a> tout en accumulant les places d\u2019honneur, m\u00eame lors de courses <b>World Tour<\/b> (Top 10 d\u2019\u00e9tapes du Tour de Catalogne et du Dauphin\u00e9), et s\u2019est affirm\u00e9 comme un grimpeur hors-norme.<\/p>\n<p align=\"justify\">De son c\u00f4t\u00e9,<b> Romain Gr\u00e9goire<\/b> a fait parler son profil de puncheur ultra-complet pour remporter le classement g\u00e9n\u00e9ral des <a href=\"https:\/\/dicodusport.fr\/blog\/4-jours-de-dunkerque-2023-classement-general\/\">Quatre Jours de Dunkerque<\/a> et du <a href=\"https:\/\/dicodusport.fr\/blog\/tour-du-limousin-2023-classement-general\/\">Tour du Limousin<\/a> pour un total de cinq victoires sur le circuit. Impressionnant.<\/p>\n<blockquote class=\"twitter-tweet\">\n<p dir=\"ltr\" lang=\"fr\">Nouvelle victoire de la Cofidis ! Jesus Herrada s\u2019impose devant Romain Gr\u00e9goire \ud83c\uddeb\ud83c\uddf7 \u00e0 la Laguna Negra, Andreas Kron compl\u00e8te le podium <a href=\"https:\/\/twitter.com\/hashtag\/LaVuelta23?src=hash&amp;ref_src=twsrc%5Etfw\">#LaVuelta23<\/a><\/p>\n<p>Suivez le Tour d&rsquo;Espagne sur Eurosport, toujours avec <a href=\"https:\/\/twitter.com\/hashtag\/LesRP?src=hash&amp;ref_src=twsrc%5Etfw\">#LesRP<\/a> <a href=\"https:\/\/t.co\/jpxlAZ7n9v\">pic.twitter.com\/jpxlAZ7n9v<\/a><\/p>\n<p>\u2014 Eurosport France (@Eurosport_FR) <a href=\"https:\/\/twitter.com\/Eurosport_FR\/status\/1699439432728756617?ref_src=twsrc%5Etfw\">September 6, 2023<\/a><\/p><\/blockquote>\n<p><script async src=\"https:\/\/platform.twitter.com\/widgets.js\" charset=\"utf-8\"><\/script><\/p>\n<ul>\n<li><strong>\u00c0 lire aussi &#8211; <\/strong><a href=\"https:\/\/dicodusport.fr\/blog\/tour-despagne-2023-classement-11eme-etape\/\"><strong>Classement de la 11\u00e8me \u00e9tape du Tour d\u2019Espagne 2023<\/strong><\/a><\/li>\n<\/ul>\n<h2 style=\"text-align: justify;\" align=\"justify\">Une \u00e9quipe enti\u00e8re d\u00e9di\u00e9e \u00e0 deux gamins de 20 ans<\/h2>\n<p align=\"justify\">Ainsi, la <b>Groupama-FDJ<\/b> a d\u00e9cid\u00e9 de lancer ses deux prot\u00e9g\u00e9s sur la <b>Vuelta<\/b> en cette fin de saison, sans r\u00e9elle pression. Les deux gamins b\u00e9n\u00e9ficient du soutien total de leurs \u00e9quipiers en \u00e9tant prot\u00e9g\u00e9s constamment. Lors des deux \u00e9chapp\u00e9es au long cours leur ayant permis de terminer 2\u1d49 d\u2019une \u00e9tape, ces derniers ont \u00e0 chaque fois pu compter sur l\u2019appui pr\u00e9cieux de leur \u00e9quipe, dont leur capitaine de route <b>Rudy Molard<\/b>. Il faut dire que malgr\u00e9 leur jeune \u00e2ge, les deux jeunes hommes se sont affirm\u00e9s tout au long de l\u2019ann\u00e9e comme de v\u00e9ritables leaders naturels.<\/p>\n<p align=\"justify\">Ce mercredi,<b> Romain Gr\u00e9goire<\/b> a enfin repris un peu de lumi\u00e8re \u00e0 son co\u00e9quipier. Septi\u00e8me de la 2\u1d49 \u00e9tape arriv\u00e9e \u00e0 Montjuic, il avait ensuite naturellement pris du recul pour laisser la place \u00e0 Martinez. En devenant le <b>plus jeune maillot rouge de l\u2019histoire<\/b> de l\u2019\u00e9preuve, tout en conservant au passage une excellente <b>5\u1d49<\/b><b> place au g\u00e9n\u00e9ral<\/b>, le fils de Miguel r\u00e9alise une Vuelta parfaite jusque-l\u00e0. Mais on pourrait \u00e9galement en dire autant pour <strong>Romain Gr\u00e9goire<\/strong>, qui a claqu\u00e9 <b>deux Tops 10<\/b> sur les deux \u00e9tapes sans doute les plus adapt\u00e9es \u00e0 ses qualit\u00e9s.<\/p>\n<blockquote class=\"twitter-tweet\">\n<p dir=\"ltr\" lang=\"fr\">Apr\u00e8s une longue lutte pour former l&rsquo;\u00e9chapp\u00e9e du jour, un groupe d&rsquo;une bonne vingtaine de coureurs s&rsquo;est extirp\u00e9 du peloton.<\/p>\n<p>Nous avons trois repr\u00e9sentants : Romain Gr\u00e9goire, Rudy Molard et Lewis Askey. <a href=\"https:\/\/t.co\/0IRSUAbGic\">pic.twitter.com\/0IRSUAbGic<\/a><\/p>\n<p>\u2014 \u00c9quipe Cycliste Groupama-FDJ (@GroupamaFDJ) <a href=\"https:\/\/twitter.com\/GroupamaFDJ\/status\/1699407840417329442?ref_src=twsrc%5Etfw\">September 6, 2023<\/a><\/p><\/blockquote>\n<p><script async src=\"https:\/\/platform.twitter.com\/widgets.js\" charset=\"utf-8\"><\/script><\/p>\n<ul>\n<li style=\"text-align: justify;\"><strong>\u00a0\u00c0 lire aussi &#8211; <\/strong><a href=\"https:\/\/dicodusport.fr\/blog\/tour-despagne-2023-classement-general-maillot-rouge\/\"><strong>Classement g\u00e9n\u00e9ral du Tour d\u2019Espagne<\/strong><\/a><\/li>\n<\/ul>\n<h2 style=\"text-align: justify;\" align=\"justify\">Quelle deuxi\u00e8me partie de Vuelta\u00a0?<\/h2>\n<p align=\"justify\">Ce qui restera certainement le plus impressionnant, sera le fait de voir les deux gamins faire craquer des tauliers. Oui, <b>Sepp Kuss<\/b> et <b>Jesus Herrada<\/b> nous ont priv\u00e9 d\u2019un immense bonheur. Mais impossible de ne pas vibrer en voyant les deux gamins \u00e9chouer d\u2019un souffle apr\u00e8s avoir \u00e9ject\u00e9 de leurs roues Geraint Thomas, Andreas Kron, Mikel Landa ou Marc Soler parmi tant d\u2019autres. D\u00e9sormais, le plus dur reste \u00e0 faire. Le menu des prochains jours va \u00eatre cors\u00e9, et surtout, il s\u2019agit de <b>leur premi\u00e8re course de trois semaines<\/b>. Impossible de pr\u00e9dire comment ils vont pouvoir g\u00e9rer cette accumulation d\u2019efforts durant les prochains jours.<\/p>\n<p align=\"justify\">De plus, ils seront \u00e9galement surveill\u00e9s de tr\u00e8s pr\u00e8s par leurs adversaires. Ces derniers \u00e9taient d\u00e9j\u00e0 au courant des capacit\u00e9s des bambins de la <b>Groupama-FDJ<\/b>, et ils ne leur laisseront sans doute plus la m\u00eame latitude. Si <b>Martinez<\/b> va essayer de pr\u00e9server au maximum une bonne place au g\u00e9n\u00e9ral, <b>Gr\u00e9goire<\/b> tentera s\u00fbrement de nouveau sa chance en \u00e9chapp\u00e9e. On pense en particulier \u00e0 l\u2019\u00e9tape 15 de Lekunberri dimanche, ou encore \u00e0 l\u2019\u00e9tape 20 de Guadarrama, la veille de l\u2019arriv\u00e9e.\u00a0 Comme depuis le grand d\u00e9part de Barcelone, cela se fera sans pression. La formation de <b>Marc Madiot<\/b> tentera \u00e9videmment de lever les bras avant dimanche prochain, mais elle peut aussi envisager l\u2019avenir sous les meilleurs auspices. La rel\u00e8ve pouponn\u00e9e au sein de l\u2019\u00e9quipe Continental est en train d\u2019exploser, et de reprendre le flambeau \u00e0 une vitesse vertigineuse.<\/p>\n<blockquote class=\"twitter-tweet\">\n<p dir=\"ltr\" lang=\"fr\">La r\u00e9action de Romain Gr\u00e9goire apr\u00e8s sa 2e place : \u00ab Je pense que j&rsquo;ai tout bien fait. Je suis battu par plus fort. Herrada a pris sa revanche du Limousin ! 2e c&rsquo;est bien, mais on ne se fait pas un palmar\u00e8s avec des deuxi\u00e8me places. Je suis en forme. On r\u00e9essayera. \u00bb <a href=\"https:\/\/twitter.com\/hashtag\/LaVuelta23?src=hash&amp;ref_src=twsrc%5Etfw\">#LaVuelta23<\/a> <a href=\"https:\/\/t.co\/7I99loWEi0\">pic.twitter.com\/7I99loWEi0<\/a><\/p>\n<p>\u2014 Le Gruppetto (@LeGruppetto) <a href=\"https:\/\/twitter.com\/LeGruppetto\/status\/1699442719230251413?ref_src=twsrc%5Etfw\">September 6, 2023<\/a><\/p><\/blockquote>\n<p><script async src=\"https:\/\/platform.twitter.com\/widgets.js\" charset=\"utf-8\"><\/script><\/p>\n<p>&nbsp;<\/p>\n","protected":false},"excerpt":{"rendered":"<p>TOUR D&rsquo;ESPAGNE 2023 &#8211; Les deux grands espoirs de 20 ans de la Groupama-FDJ, Romain Gr\u00e9goire et Lenny Martinez, brillent sur la Vuelta en accumulant les places d&rsquo;honneur et les performances de haute vol\u00e9e.<\/p>\n","protected":false},"author":55,"featured_media":416273,"comment_status":"open","ping_status":"closed","sticky":false,"template":"","format":"standard","meta":{"_acf_changed":false,"_daextam_enable_autolinks":"","footnotes":""},"categories":[47042],"tags":[16878,3279,19923,19485,1671],"class_list":["post-416157","post","type-post","status-publish","format-standard","has-post-thumbnail","hentry","category-tour-d-espagne","tag-breve","tag-groupama-fdj","tag-lenny-martinez","tag-romain-gregoire","tag-tour-despagne"],"acf":[],"yoast_head":"<!-- This site is optimized with the Yoast SEO Premium plugin v26.7 (Yoast SEO v26.7) - https:\/\/yoast.com\/wordpress\/plugins\/seo\/ -->\n<title>Vuelta ou pas, Romain Gr\u00e9goire et Lenny Martinez continuent d\u2019\u00e9pater<\/title>\n<meta name=\"description\" content=\"TOUR D&#039;ESPAGNE 2023 - Les deux grands espoirs de 20 ans de la Groupama-FDJ, Romain Gr\u00e9goire et Lenny Martinez, brillent sur la Vuelta.\" \/>\n<meta name=\"robots\" content=\"index, follow, max-snippet:-1, max-image-preview:large, max-video-preview:-1\" \/>\n<link rel=\"canonical\" href=\"https:\/\/dicodusport.fr\/blog\/vuelta-ou-pas-romain-gregoire-et-lenny-martinez-continuent-depater\/\" \/>\n<meta property=\"og:locale\" content=\"fr_FR\" \/>\n<meta property=\"og:type\" content=\"article\" \/>\n<meta property=\"og:title\" content=\"Vuelta ou pas, Romain Gr\u00e9goire et Lenny Martinez continuent d\u2019\u00e9pater\" \/>\n<meta property=\"og:description\" content=\"TOUR D&#039;ESPAGNE 2023 - Les deux grands espoirs de 20 ans de la Groupama-FDJ, Romain Gr\u00e9goire et Lenny Martinez, brillent sur la Vuelta.\" \/>\n<meta property=\"og:url\" content=\"https:\/\/dicodusport.fr\/blog\/vuelta-ou-pas-romain-gregoire-et-lenny-martinez-continuent-depater\/\" \/>\n<meta property=\"og:site_name\" content=\"Dicodusport\" \/>\n<meta property=\"article:publisher\" content=\"https:\/\/www.facebook.com\/dicodusport\" \/>\n<meta property=\"article:published_time\" content=\"2023-09-07T07:30:41+00:00\" \/>\n<meta property=\"og:image\" content=\"https:\/\/dicodusport.fr\/blog\/wp-content\/uploads\/2023\/09\/Vuelta-ou-pas-Romain-Gregoire-et-Lenny-Martinez-continuent-depater.png\" \/>\n\t<meta property=\"og:image:width\" content=\"800\" \/>\n\t<meta property=\"og:image:height\" content=\"445\" \/>\n\t<meta property=\"og:image:type\" content=\"image\/png\" \/>\n<meta name=\"author\" content=\"Maxime Cazenave\" \/>\n<meta name=\"twitter:card\" content=\"summary_large_image\" \/>\n<meta name=\"twitter:title\" content=\"Vuelta ou pas, Romain Gr\u00e9goire et Lenny Martinez continuent d\u2019\u00e9pater\" \/>\n<meta name=\"twitter:creator\" content=\"@https:\/\/twitter.com\/Maxime_Caze\" \/>\n<meta name=\"twitter:site\" content=\"@dicodusport\" \/>\n<script type=\"application\/ld+json\" class=\"yoast-schema-graph\">{\"@context\":\"https:\/\/schema.org\",\"@graph\":[{\"@type\":\"NewsArticle\",\"@id\":\"https:\/\/dicodusport.fr\/blog\/vuelta-ou-pas-romain-gregoire-et-lenny-martinez-continuent-depater\/#article\",\"isPartOf\":{\"@id\":\"https:\/\/dicodusport.fr\/blog\/vuelta-ou-pas-romain-gregoire-et-lenny-martinez-continuent-depater\/\"},\"author\":{\"name\":\"Maxime Cazenave\",\"@id\":\"https:\/\/dicodusport.fr\/blog\/#\/schema\/person\/37def232098a7a5cbab3974a3690abb0\"},\"headline\":\"Vuelta ou pas, Romain Gr\u00e9goire et Lenny Martinez continuent d\u2019\u00e9pater\",\"datePublished\":\"2023-09-07T07:30:41+00:00\",\"mainEntityOfPage\":{\"@id\":\"https:\/\/dicodusport.fr\/blog\/vuelta-ou-pas-romain-gregoire-et-lenny-martinez-continuent-depater\/\"},\"wordCount\":984,\"commentCount\":0,\"publisher\":{\"@id\":\"https:\/\/dicodusport.fr\/blog\/#organization\"},\"image\":{\"@id\":\"https:\/\/dicodusport.fr\/blog\/vuelta-ou-pas-romain-gregoire-et-lenny-martinez-continuent-depater\/#primaryimage\"},\"thumbnailUrl\":\"https:\/\/dicodusport.fr\/blog\/wp-content\/uploads\/2023\/09\/Vuelta-ou-pas-Romain-Gregoire-et-Lenny-Martinez-continuent-depater.png\",\"keywords\":[\"br\u00e8ve\",\"Groupama FDJ\",\"Lenny Martinez\",\"Romain Gr\u00e9goire\",\"Tour d'Espagne\"],\"articleSection\":[\"Tour d'Espagne\"],\"inLanguage\":\"fr-FR\",\"potentialAction\":[{\"@type\":\"CommentAction\",\"name\":\"Comment\",\"target\":[\"https:\/\/dicodusport.fr\/blog\/vuelta-ou-pas-romain-gregoire-et-lenny-martinez-continuent-depater\/#respond\"]}],\"copyrightYear\":\"2023\",\"copyrightHolder\":{\"@id\":\"https:\/\/dicodusport.fr\/blog\/#organization\"}},{\"@type\":\"WebPage\",\"@id\":\"https:\/\/dicodusport.fr\/blog\/vuelta-ou-pas-romain-gregoire-et-lenny-martinez-continuent-depater\/\",\"url\":\"https:\/\/dicodusport.fr\/blog\/vuelta-ou-pas-romain-gregoire-et-lenny-martinez-continuent-depater\/\",\"name\":\"Vuelta ou pas, Romain Gr\u00e9goire et Lenny Martinez continuent d\u2019\u00e9pater\",\"isPartOf\":{\"@id\":\"https:\/\/dicodusport.fr\/blog\/#website\"},\"primaryImageOfPage\":{\"@id\":\"https:\/\/dicodusport.fr\/blog\/vuelta-ou-pas-romain-gregoire-et-lenny-martinez-continuent-depater\/#primaryimage\"},\"image\":{\"@id\":\"https:\/\/dicodusport.fr\/blog\/vuelta-ou-pas-romain-gregoire-et-lenny-martinez-continuent-depater\/#primaryimage\"},\"thumbnailUrl\":\"https:\/\/dicodusport.fr\/blog\/wp-content\/uploads\/2023\/09\/Vuelta-ou-pas-Romain-Gregoire-et-Lenny-Martinez-continuent-depater.png\",\"datePublished\":\"2023-09-07T07:30:41+00:00\",\"description\":\"TOUR D'ESPAGNE 2023 - Les deux grands espoirs de 20 ans de la Groupama-FDJ, Romain Gr\u00e9goire et Lenny Martinez, brillent sur la Vuelta.\",\"breadcrumb\":{\"@id\":\"https:\/\/dicodusport.fr\/blog\/vuelta-ou-pas-romain-gregoire-et-lenny-martinez-continuent-depater\/#breadcrumb\"},\"inLanguage\":\"fr-FR\",\"potentialAction\":[{\"@type\":\"ReadAction\",\"target\":[\"https:\/\/dicodusport.fr\/blog\/vuelta-ou-pas-romain-gregoire-et-lenny-martinez-continuent-depater\/\"]}]},{\"@type\":\"ImageObject\",\"inLanguage\":\"fr-FR\",\"@id\":\"https:\/\/dicodusport.fr\/blog\/vuelta-ou-pas-romain-gregoire-et-lenny-martinez-continuent-depater\/#primaryimage\",\"url\":\"https:\/\/dicodusport.fr\/blog\/wp-content\/uploads\/2023\/09\/Vuelta-ou-pas-Romain-Gregoire-et-Lenny-Martinez-continuent-depater.png\",\"contentUrl\":\"https:\/\/dicodusport.fr\/blog\/wp-content\/uploads\/2023\/09\/Vuelta-ou-pas-Romain-Gregoire-et-Lenny-Martinez-continuent-depater.png\",\"width\":800,\"height\":445,\"caption\":\"Vuelta ou pas, Romain Gr\u00e9goire et Lenny Martinez continuent d\u2019\u00e9pater\"},{\"@type\":\"BreadcrumbList\",\"@id\":\"https:\/\/dicodusport.fr\/blog\/vuelta-ou-pas-romain-gregoire-et-lenny-martinez-continuent-depater\/#breadcrumb\",\"itemListElement\":[{\"@type\":\"ListItem\",\"position\":1,\"name\":\"Accueil\",\"item\":\"https:\/\/dicodusport.fr\/blog\/\"},{\"@type\":\"ListItem\",\"position\":2,\"name\":\"Vuelta ou pas, Romain Gr\u00e9goire et Lenny Martinez continuent d\u2019\u00e9pater\"}]},{\"@type\":\"WebSite\",\"@id\":\"https:\/\/dicodusport.fr\/blog\/#website\",\"url\":\"https:\/\/dicodusport.fr\/blog\/\",\"name\":\"Dicodusport\",\"description\":\"L&#039;encyclop\u00e9die de l&#039;actualit\u00e9 sportive\",\"publisher\":{\"@id\":\"https:\/\/dicodusport.fr\/blog\/#organization\"},\"potentialAction\":[{\"@type\":\"SearchAction\",\"target\":{\"@type\":\"EntryPoint\",\"urlTemplate\":\"https:\/\/dicodusport.fr\/blog\/?s={search_term_string}\"},\"query-input\":{\"@type\":\"PropertyValueSpecification\",\"valueRequired\":true,\"valueName\":\"search_term_string\"}}],\"inLanguage\":\"fr-FR\"},{\"@type\":\"NewsMediaOrganization\",\"@id\":\"https:\/\/dicodusport.fr\/blog\/#organization\",\"name\":\"Dicodusport\",\"url\":\"https:\/\/dicodusport.fr\/blog\/\",\"logo\":{\"@type\":\"ImageObject\",\"inLanguage\":\"fr-FR\",\"@id\":\"https:\/\/dicodusport.fr\/blog\/#\/schema\/logo\/image\/\",\"url\":\"https:\/\/dicodusport.fr\/blog\/wp-content\/uploads\/2020\/06\/cropped-LOGO-DICODUSPORT-2020-SANS-FOND-SANS-TEXTE.png\",\"contentUrl\":\"https:\/\/dicodusport.fr\/blog\/wp-content\/uploads\/2020\/06\/cropped-LOGO-DICODUSPORT-2020-SANS-FOND-SANS-TEXTE.png\",\"width\":512,\"height\":512,\"caption\":\"Dicodusport\"},\"image\":{\"@id\":\"https:\/\/dicodusport.fr\/blog\/#\/schema\/logo\/image\/\"},\"sameAs\":[\"https:\/\/www.facebook.com\/dicodusport\",\"https:\/\/x.com\/dicodusport\",\"https:\/\/www.instagram.com\/dicodusport\/\",\"https:\/\/www.youtube.com\/channel\/UC7V2KZ5sd3htJivAbA4ZG3w\"],\"description\":\"Dicodusport est l'encyclop\u00e9die de l'actualit\u00e9 sportive.\",\"email\":\"bonjour@dicodusport.fr\",\"legalName\":\"DICODUSPORT\",\"foundingDate\":\"2018-01-14\",\"vatID\":\"FR71834470973\",\"taxID\":\"83447097300043\",\"numberOfEmployees\":{\"@type\":\"QuantitativeValue\",\"minValue\":\"1\",\"maxValue\":\"10\"}},{\"@type\":\"Person\",\"@id\":\"https:\/\/dicodusport.fr\/blog\/#\/schema\/person\/37def232098a7a5cbab3974a3690abb0\",\"name\":\"Maxime Cazenave\",\"image\":{\"@type\":\"ImageObject\",\"inLanguage\":\"fr-FR\",\"@id\":\"https:\/\/dicodusport.fr\/blog\/#\/schema\/person\/image\/\",\"url\":\"https:\/\/dicodusport.fr\/blog\/wp-content\/uploads\/2021\/05\/Maxime-Cazenave-150x150.jpg\",\"contentUrl\":\"https:\/\/dicodusport.fr\/blog\/wp-content\/uploads\/2021\/05\/Maxime-Cazenave-150x150.jpg\",\"caption\":\"Maxime Cazenave\"},\"description\":\"Journaliste\/R\u00e9dacteur depuis 2012 - Berc\u00e9 par l\u2019amour des Girondins de Bordeaux, les \u00e9checs de Christophe Moreau sur le Tour de France sous l'\u00e8re Lance Armstrong et le fade-away l\u00e9tal de Dirk Nowitzki, ma passion d\u00e9vorante pour le sport a toujours \u00e9t\u00e9 un pan incontournable de ma vie. Transmettre ma passion \u00e0 l\u2019\u00e9crit a \u00e9t\u00e9 une transition naturelle. Suiveur assidu de basket et de hockey sur glace, je garde toujours un peu de place pour suivre le cyclisme, le football et le maximum de performances fran\u00e7aises.\",\"sameAs\":[\"https:\/\/x.com\/https:\/\/twitter.com\/Maxime_Caze\"],\"url\":\"https:\/\/dicodusport.fr\/blog\/author\/maximec\/\"}]}<\/script>\n<!-- \/ Yoast SEO Premium plugin. -->","yoast_head_json":{"title":"Vuelta ou pas, Romain Gr\u00e9goire et Lenny Martinez continuent d\u2019\u00e9pater","description":"TOUR D'ESPAGNE 2023 - Les deux grands espoirs de 20 ans de la Groupama-FDJ, Romain Gr\u00e9goire et Lenny Martinez, brillent sur la Vuelta.","robots":{"index":"index","follow":"follow","max-snippet":"max-snippet:-1","max-image-preview":"max-image-preview:large","max-video-preview":"max-video-preview:-1"},"canonical":"https:\/\/dicodusport.fr\/blog\/vuelta-ou-pas-romain-gregoire-et-lenny-martinez-continuent-depater\/","og_locale":"fr_FR","og_type":"article","og_title":"Vuelta ou pas, Romain Gr\u00e9goire et Lenny Martinez continuent d\u2019\u00e9pater","og_description":"TOUR D'ESPAGNE 2023 - Les deux grands espoirs de 20 ans de la Groupama-FDJ, Romain Gr\u00e9goire et Lenny Martinez, brillent sur la Vuelta.","og_url":"https:\/\/dicodusport.fr\/blog\/vuelta-ou-pas-romain-gregoire-et-lenny-martinez-continuent-depater\/","og_site_name":"Dicodusport","article_publisher":"https:\/\/www.facebook.com\/dicodusport","article_published_time":"2023-09-07T07:30:41+00:00","og_image":[{"width":800,"height":445,"url":"https:\/\/dicodusport.fr\/blog\/wp-content\/uploads\/2023\/09\/Vuelta-ou-pas-Romain-Gregoire-et-Lenny-Martinez-continuent-depater.png","type":"image\/png"}],"author":"Maxime Cazenave","twitter_card":"summary_large_image","twitter_title":"Vuelta ou pas, Romain Gr\u00e9goire et Lenny Martinez continuent d\u2019\u00e9pater","twitter_creator":"@https:\/\/twitter.com\/Maxime_Caze","twitter_site":"@dicodusport","schema":{"@context":"https:\/\/schema.org","@graph":[{"@type":"NewsArticle","@id":"https:\/\/dicodusport.fr\/blog\/vuelta-ou-pas-romain-gregoire-et-lenny-martinez-continuent-depater\/#article","isPartOf":{"@id":"https:\/\/dicodusport.fr\/blog\/vuelta-ou-pas-romain-gregoire-et-lenny-martinez-continuent-depater\/"},"author":{"name":"Maxime Cazenave","@id":"https:\/\/dicodusport.fr\/blog\/#\/schema\/person\/37def232098a7a5cbab3974a3690abb0"},"headline":"Vuelta ou pas, Romain Gr\u00e9goire et Lenny Martinez continuent d\u2019\u00e9pater","datePublished":"2023-09-07T07:30:41+00:00","mainEntityOfPage":{"@id":"https:\/\/dicodusport.fr\/blog\/vuelta-ou-pas-romain-gregoire-et-lenny-martinez-continuent-depater\/"},"wordCount":984,"commentCount":0,"publisher":{"@id":"https:\/\/dicodusport.fr\/blog\/#organization"},"image":{"@id":"https:\/\/dicodusport.fr\/blog\/vuelta-ou-pas-romain-gregoire-et-lenny-martinez-continuent-depater\/#primaryimage"},"thumbnailUrl":"https:\/\/dicodusport.fr\/blog\/wp-content\/uploads\/2023\/09\/Vuelta-ou-pas-Romain-Gregoire-et-Lenny-Martinez-continuent-depater.png","keywords":["br\u00e8ve","Groupama FDJ","Lenny Martinez","Romain Gr\u00e9goire","Tour d'Espagne"],"articleSection":["Tour d'Espagne"],"inLanguage":"fr-FR","potentialAction":[{"@type":"CommentAction","name":"Comment","target":["https:\/\/dicodusport.fr\/blog\/vuelta-ou-pas-romain-gregoire-et-lenny-martinez-continuent-depater\/#respond"]}],"copyrightYear":"2023","copyrightHolder":{"@id":"https:\/\/dicodusport.fr\/blog\/#organization"}},{"@type":"WebPage","@id":"https:\/\/dicodusport.fr\/blog\/vuelta-ou-pas-romain-gregoire-et-lenny-martinez-continuent-depater\/","url":"https:\/\/dicodusport.fr\/blog\/vuelta-ou-pas-romain-gregoire-et-lenny-martinez-continuent-depater\/","name":"Vuelta ou pas, Romain Gr\u00e9goire et Lenny Martinez continuent d\u2019\u00e9pater","isPartOf":{"@id":"https:\/\/dicodusport.fr\/blog\/#website"},"primaryImageOfPage":{"@id":"https:\/\/dicodusport.fr\/blog\/vuelta-ou-pas-romain-gregoire-et-lenny-martinez-continuent-depater\/#primaryimage"},"image":{"@id":"https:\/\/dicodusport.fr\/blog\/vuelta-ou-pas-romain-gregoire-et-lenny-martinez-continuent-depater\/#primaryimage"},"thumbnailUrl":"https:\/\/dicodusport.fr\/blog\/wp-content\/uploads\/2023\/09\/Vuelta-ou-pas-Romain-Gregoire-et-Lenny-Martinez-continuent-depater.png","datePublished":"2023-09-07T07:30:41+00:00","description":"TOUR D'ESPAGNE 2023 - Les deux grands espoirs de 20 ans de la Groupama-FDJ, Romain Gr\u00e9goire et Lenny Martinez, brillent sur la Vuelta.","breadcrumb":{"@id":"https:\/\/dicodusport.fr\/blog\/vuelta-ou-pas-romain-gregoire-et-lenny-martinez-continuent-depater\/#breadcrumb"},"inLanguage":"fr-FR","potentialAction":[{"@type":"ReadAction","target":["https:\/\/dicodusport.fr\/blog\/vuelta-ou-pas-romain-gregoire-et-lenny-martinez-continuent-depater\/"]}]},{"@type":"ImageObject","inLanguage":"fr-FR","@id":"https:\/\/dicodusport.fr\/blog\/vuelta-ou-pas-romain-gregoire-et-lenny-martinez-continuent-depater\/#primaryimage","url":"https:\/\/dicodusport.fr\/blog\/wp-content\/uploads\/2023\/09\/Vuelta-ou-pas-Romain-Gregoire-et-Lenny-Martinez-continuent-depater.png","contentUrl":"https:\/\/dicodusport.fr\/blog\/wp-content\/uploads\/2023\/09\/Vuelta-ou-pas-Romain-Gregoire-et-Lenny-Martinez-continuent-depater.png","width":800,"height":445,"caption":"Vuelta ou pas, Romain Gr\u00e9goire et Lenny Martinez continuent d\u2019\u00e9pater"},{"@type":"BreadcrumbList","@id":"https:\/\/dicodusport.fr\/blog\/vuelta-ou-pas-romain-gregoire-et-lenny-martinez-continuent-depater\/#breadcrumb","itemListElement":[{"@type":"ListItem","position":1,"name":"Accueil","item":"https:\/\/dicodusport.fr\/blog\/"},{"@type":"ListItem","position":2,"name":"Vuelta ou pas, Romain Gr\u00e9goire et Lenny Martinez continuent d\u2019\u00e9pater"}]},{"@type":"WebSite","@id":"https:\/\/dicodusport.fr\/blog\/#website","url":"https:\/\/dicodusport.fr\/blog\/","name":"Dicodusport","description":"L&#039;encyclop\u00e9die de l&#039;actualit\u00e9 sportive","publisher":{"@id":"https:\/\/dicodusport.fr\/blog\/#organization"},"potentialAction":[{"@type":"SearchAction","target":{"@type":"EntryPoint","urlTemplate":"https:\/\/dicodusport.fr\/blog\/?s={search_term_string}"},"query-input":{"@type":"PropertyValueSpecification","valueRequired":true,"valueName":"search_term_string"}}],"inLanguage":"fr-FR"},{"@type":"NewsMediaOrganization","@id":"https:\/\/dicodusport.fr\/blog\/#organization","name":"Dicodusport","url":"https:\/\/dicodusport.fr\/blog\/","logo":{"@type":"ImageObject","inLanguage":"fr-FR","@id":"https:\/\/dicodusport.fr\/blog\/#\/schema\/logo\/image\/","url":"https:\/\/dicodusport.fr\/blog\/wp-content\/uploads\/2020\/06\/cropped-LOGO-DICODUSPORT-2020-SANS-FOND-SANS-TEXTE.png","contentUrl":"https:\/\/dicodusport.fr\/blog\/wp-content\/uploads\/2020\/06\/cropped-LOGO-DICODUSPORT-2020-SANS-FOND-SANS-TEXTE.png","width":512,"height":512,"caption":"Dicodusport"},"image":{"@id":"https:\/\/dicodusport.fr\/blog\/#\/schema\/logo\/image\/"},"sameAs":["https:\/\/www.facebook.com\/dicodusport","https:\/\/x.com\/dicodusport","https:\/\/www.instagram.com\/dicodusport\/","https:\/\/www.youtube.com\/channel\/UC7V2KZ5sd3htJivAbA4ZG3w"],"description":"Dicodusport est l'encyclop\u00e9die de l'actualit\u00e9 sportive.","email":"bonjour@dicodusport.fr","legalName":"DICODUSPORT","foundingDate":"2018-01-14","vatID":"FR71834470973","taxID":"83447097300043","numberOfEmployees":{"@type":"QuantitativeValue","minValue":"1","maxValue":"10"}},{"@type":"Person","@id":"https:\/\/dicodusport.fr\/blog\/#\/schema\/person\/37def232098a7a5cbab3974a3690abb0","name":"Maxime Cazenave","image":{"@type":"ImageObject","inLanguage":"fr-FR","@id":"https:\/\/dicodusport.fr\/blog\/#\/schema\/person\/image\/","url":"https:\/\/dicodusport.fr\/blog\/wp-content\/uploads\/2021\/05\/Maxime-Cazenave-150x150.jpg","contentUrl":"https:\/\/dicodusport.fr\/blog\/wp-content\/uploads\/2021\/05\/Maxime-Cazenave-150x150.jpg","caption":"Maxime Cazenave"},"description":"Journaliste\/R\u00e9dacteur depuis 2012 - Berc\u00e9 par l\u2019amour des Girondins de Bordeaux, les \u00e9checs de Christophe Moreau sur le Tour de France sous l'\u00e8re Lance Armstrong et le fade-away l\u00e9tal de Dirk Nowitzki, ma passion d\u00e9vorante pour le sport a toujours \u00e9t\u00e9 un pan incontournable de ma vie. Transmettre ma passion \u00e0 l\u2019\u00e9crit a \u00e9t\u00e9 une transition naturelle. Suiveur assidu de basket et de hockey sur glace, je garde toujours un peu de place pour suivre le cyclisme, le football et le maximum de performances fran\u00e7aises.","sameAs":["https:\/\/x.com\/https:\/\/twitter.com\/Maxime_Caze"],"url":"https:\/\/dicodusport.fr\/blog\/author\/maximec\/"}]}},"_links":{"self":[{"href":"https:\/\/dicodusport.fr\/blog\/wp-json\/wp\/v2\/posts\/416157","targetHints":{"allow":["GET"]}}],"collection":[{"href":"https:\/\/dicodusport.fr\/blog\/wp-json\/wp\/v2\/posts"}],"about":[{"href":"https:\/\/dicodusport.fr\/blog\/wp-json\/wp\/v2\/types\/post"}],"author":[{"embeddable":true,"href":"https:\/\/dicodusport.fr\/blog\/wp-json\/wp\/v2\/users\/55"}],"replies":[{"embeddable":true,"href":"https:\/\/dicodusport.fr\/blog\/wp-json\/wp\/v2\/comments?post=416157"}],"version-history":[{"count":0,"href":"https:\/\/dicodusport.fr\/blog\/wp-json\/wp\/v2\/posts\/416157\/revisions"}],"wp:featuredmedia":[{"embeddable":true,"href":"https:\/\/dicodusport.fr\/blog\/wp-json\/wp\/v2\/media\/416273"}],"wp:attachment":[{"href":"https:\/\/dicodusport.fr\/blog\/wp-json\/wp\/v2\/media?parent=416157"}],"wp:term":[{"taxonomy":"category","embeddable":true,"href":"https:\/\/dicodusport.fr\/blog\/wp-json\/wp\/v2\/categories?post=416157"},{"taxonomy":"post_tag","embeddable":true,"href":"https:\/\/dicodusport.fr\/blog\/wp-json\/wp\/v2\/tags?post=416157"}],"curies":[{"name":"wp","href":"https:\/\/api.w.org\/{rel}","templated":true}]}}