{"id":416426,"date":"2023-09-07T18:10:30","date_gmt":"2023-09-07T16:10:30","guid":{"rendered":"https:\/\/dicodusport.fr\/blog\/?p=416426&#038;preview=true&#038;preview_id=416426"},"modified":"2023-09-08T15:55:45","modified_gmt":"2023-09-08T13:55:45","slug":"judo-championnats-europe-juniors-2023-pauline-cuq-decroche-le-bronze-en-48-kg","status":"publish","type":"post","link":"https:\/\/dicodusport.fr\/blog\/judo-championnats-europe-juniors-2023-pauline-cuq-decroche-le-bronze-en-48-kg\/","title":{"rendered":"Judo &#8211; Championnats d&rsquo;Europe juniors 2023 : Pauline Cuq d\u00e9croche le bronze en -48kg"},"content":{"rendered":"<p style=\"text-align: justify;\"><em><b>JUDO &#8211; Les <a title=\"Judo \u2013 Championnats d\u2019Europe juniors 2023 : le programme complet\" href=\"https:\/\/dicodusport.fr\/blog\/judo-championnats-deurope-juniors-202-le-programme-complet-copie\/\" target=\"_blank\" rel=\"noopener\">Championnats d&rsquo;Europe juniors<\/a> de La Haye ont d\u00e9but\u00e9 ce jeudi et l&rsquo;\u00c9quipe de France a d\u00e9croch\u00e9 sa premi\u00e8re m\u00e9daille. Dans la cat\u00e9gorie -48 kg, Pauline Cuq a d\u00e9croch\u00e9 le bronze.<\/b><br \/>\n<\/em><\/p>\n<p style=\"text-align: justify;\">Du 7 au 10 septembre, l&rsquo;<strong>\u00c9quipe de France de juniors<\/strong> est r\u00e9unie \u00e0 <strong>La Haye<\/strong> pour y disputer les <strong>Championnats d&rsquo;Europe<\/strong>. Avec 18 judokas en lice, des m\u00e9dailles sont donc attendues. Pour la premi\u00e8re journ\u00e9e de comp\u00e9tition, une premi\u00e8re breloque est venue garnir le palmar\u00e8s du clan tricolore.<\/p>\n<p style=\"text-align: justify;\">En -48 kg, <strong>Pauline Cuq<\/strong> est parvenue \u00e0 se hisser sur la 3\u1d49 marche du podium. D\u00e9j\u00e0 m\u00e9daill\u00e9e de bronze \u00e0 Prague en 2022, elle n&rsquo;a pas r\u00e9ussi \u00e0 faire mieux en terres n\u00e9erlandaises. T\u00eate de s\u00e9rie n\u00b02, elle a \u00e9t\u00e9 \u00e9limin\u00e9e pr\u00e9matur\u00e9ment en quarts de finale par la future finaliste, <strong>Sofia Mazzola<\/strong>. Toutefois, la jeune judokate tricolore s&rsquo;est ressaisie avec la mani\u00e8re en rep\u00eachages pour aller chercher ce podium europ\u00e9en. Elle a tout d&rsquo;abord exp\u00e9di\u00e9 en 27 secondes la Hongroise <strong>Szabina Szelecki<\/strong> avant de repousser <strong>Aitana Dias Fernandez<\/strong> au terme d&rsquo;un combat acharn\u00e9.<\/p>\n<p style=\"text-align: justify;\">De leur c\u00f4t\u00e9, <strong>Kylian No\u00ebl<\/strong> (-66 kg) et <strong>Alya De Carvalho<\/strong> (-57 kg) ont \u00e9galement r\u00e9alis\u00e9 une belle journ\u00e9e, sans avoir la r\u00e9compense au bout, en terminant 5\u1d49 du tournoi. Le premier a \u00e9t\u00e9 \u00e9limin\u00e9 au stade des quarts de finale avant d&rsquo;\u00e9chouer dans son deuxi\u00e8me match de rep\u00eachage. Pour la seconde, la sentence est encore plus cruelle puisqu&rsquo;elle s&rsquo;est hiss\u00e9e en demi-finales avant donc de s&rsquo;incliner \u00e0 deux reprises. Les diff\u00e9rentes cat\u00e9gories vont continuer \u00e0 se suivre durant les trois prochains jours, avec encore la possibilit\u00e9 de voir d&rsquo;autres jeunes tricolores grimper sur la bo\u00eete.<\/p>\n<blockquote class=\"twitter-tweet\">\n<p dir=\"ltr\" lang=\"fr\">Une m\u00e9daille de bronze pour les Bleuets <a href=\"https:\/\/twitter.com\/francejudo?ref_src=twsrc%5Etfw\">@francejudo<\/a> lors de la 1ere journ\u00e9e des Europe \u00e0 La Hague. Pauline Cuq monte sur la troisi\u00e8me marche du podium en 48 kilos. Places de 5 pour De Carvalho (-57kg) et Noel (-66kg).<\/p>\n<p>\u2014 Morgan Maury (@MorganMauryRMC) <a href=\"https:\/\/twitter.com\/MorganMauryRMC\/status\/1699809664538440089?ref_src=twsrc%5Etfw\">September 7, 2023<\/a><\/p><\/blockquote>\n<p><script async src=\"https:\/\/platform.twitter.com\/widgets.js\" charset=\"utf-8\"><\/script><\/p>\n","protected":false},"excerpt":{"rendered":"<p>JUDO &#8211; Pauline Cuq (-48 kg) a permis \u00e0 l&rsquo;\u00c9quipe de France d&rsquo;obtenir sa premi\u00e8re m\u00e9daille aux Championnats d&rsquo;Europe Juniors de La Haye.<\/p>\n","protected":false},"author":55,"featured_media":416747,"comment_status":"open","ping_status":"closed","sticky":false,"template":"","format":"standard","meta":{"_acf_changed":false,"_daextam_enable_autolinks":"","footnotes":""},"categories":[8651],"tags":[16878,26160,19266,68],"class_list":["post-416426","post","type-post","status-publish","format-standard","has-post-thumbnail","hentry","category-judo","tag-breve","tag-championnats-deurope-juniors-de-judo","tag-equipe-de-france-juniors-de-judo","tag-judo"],"acf":[],"yoast_head":"<!-- This site is optimized with the Yoast SEO Premium plugin v26.7 (Yoast SEO v26.7) - https:\/\/yoast.com\/wordpress\/plugins\/seo\/ -->\n<title>Judo - Championnats d&#039;Europe juniors 2023 : Pauline Cuq d\u00e9croche le bronze en -48kg<\/title>\n<meta name=\"description\" content=\"JUDO - Pauline Cuq (-48 kg) a permis \u00e0 l&#039;\u00c9quipe de France d&#039;obtenir sa premi\u00e8re m\u00e9daille aux Championnats d&#039;Europe Juniors de La Haye.\" \/>\n<meta name=\"robots\" content=\"index, follow, max-snippet:-1, max-image-preview:large, max-video-preview:-1\" \/>\n<link rel=\"canonical\" href=\"https:\/\/dicodusport.fr\/blog\/judo-championnats-europe-juniors-2023-pauline-cuq-decroche-le-bronze-en-48-kg\/\" \/>\n<meta property=\"og:locale\" content=\"fr_FR\" \/>\n<meta property=\"og:type\" content=\"article\" \/>\n<meta property=\"og:title\" content=\"Judo - Championnats d&#039;Europe juniors 2023 : Pauline Cuq d\u00e9croche le bronze en -48kg\" \/>\n<meta property=\"og:description\" content=\"JUDO - Pauline Cuq (-48 kg) a permis \u00e0 l&#039;\u00c9quipe de France d&#039;obtenir sa premi\u00e8re m\u00e9daille aux Championnats d&#039;Europe Juniors de La Haye.\" \/>\n<meta property=\"og:url\" content=\"https:\/\/dicodusport.fr\/blog\/judo-championnats-europe-juniors-2023-pauline-cuq-decroche-le-bronze-en-48-kg\/\" \/>\n<meta property=\"og:site_name\" content=\"Dicodusport\" \/>\n<meta property=\"article:publisher\" content=\"https:\/\/www.facebook.com\/dicodusport\" \/>\n<meta property=\"article:published_time\" content=\"2023-09-07T16:10:30+00:00\" \/>\n<meta property=\"article:modified_time\" content=\"2023-09-08T13:55:45+00:00\" \/>\n<meta property=\"og:image\" content=\"https:\/\/dicodusport.fr\/blog\/wp-content\/uploads\/2023\/09\/Judo-Championnats-dEurope-juniors-2023-Pauline-Cuq-decroche-le-bronze-en-48-kg.png\" \/>\n\t<meta property=\"og:image:width\" content=\"800\" \/>\n\t<meta property=\"og:image:height\" content=\"445\" \/>\n\t<meta property=\"og:image:type\" content=\"image\/png\" \/>\n<meta name=\"author\" content=\"Maxime Cazenave\" \/>\n<meta name=\"twitter:card\" content=\"summary_large_image\" \/>\n<meta name=\"twitter:title\" content=\"Judo - Championnats d&#039;Europe juniors 2023 : Pauline Cuq d\u00e9croche le bronze en -48kg\" \/>\n<meta name=\"twitter:creator\" content=\"@https:\/\/twitter.com\/Maxime_Caze\" \/>\n<meta name=\"twitter:site\" content=\"@dicodusport\" \/>\n<script type=\"application\/ld+json\" class=\"yoast-schema-graph\">{\"@context\":\"https:\/\/schema.org\",\"@graph\":[{\"@type\":\"NewsArticle\",\"@id\":\"https:\/\/dicodusport.fr\/blog\/judo-championnats-europe-juniors-2023-pauline-cuq-decroche-le-bronze-en-48-kg\/#article\",\"isPartOf\":{\"@id\":\"https:\/\/dicodusport.fr\/blog\/judo-championnats-europe-juniors-2023-pauline-cuq-decroche-le-bronze-en-48-kg\/\"},\"author\":{\"name\":\"Maxime Cazenave\",\"@id\":\"https:\/\/dicodusport.fr\/blog\/#\/schema\/person\/37def232098a7a5cbab3974a3690abb0\"},\"headline\":\"Judo &#8211; Championnats d&rsquo;Europe juniors 2023 : Pauline Cuq d\u00e9croche le bronze en -48kg\",\"datePublished\":\"2023-09-07T16:10:30+00:00\",\"dateModified\":\"2023-09-08T13:55:45+00:00\",\"mainEntityOfPage\":{\"@id\":\"https:\/\/dicodusport.fr\/blog\/judo-championnats-europe-juniors-2023-pauline-cuq-decroche-le-bronze-en-48-kg\/\"},\"wordCount\":370,\"commentCount\":0,\"publisher\":{\"@id\":\"https:\/\/dicodusport.fr\/blog\/#organization\"},\"image\":{\"@id\":\"https:\/\/dicodusport.fr\/blog\/judo-championnats-europe-juniors-2023-pauline-cuq-decroche-le-bronze-en-48-kg\/#primaryimage\"},\"thumbnailUrl\":\"https:\/\/dicodusport.fr\/blog\/wp-content\/uploads\/2023\/09\/Judo-Championnats-dEurope-juniors-2023-Pauline-Cuq-decroche-le-bronze-en-48-kg.png\",\"keywords\":[\"br\u00e8ve\",\"championnats d'Europe juniors de judo\",\"\u00e9quipe de France juniors de judo\",\"Judo\"],\"articleSection\":[\"Judo\"],\"inLanguage\":\"fr-FR\",\"potentialAction\":[{\"@type\":\"CommentAction\",\"name\":\"Comment\",\"target\":[\"https:\/\/dicodusport.fr\/blog\/judo-championnats-europe-juniors-2023-pauline-cuq-decroche-le-bronze-en-48-kg\/#respond\"]}],\"copyrightYear\":\"2023\",\"copyrightHolder\":{\"@id\":\"https:\/\/dicodusport.fr\/blog\/#organization\"}},{\"@type\":\"WebPage\",\"@id\":\"https:\/\/dicodusport.fr\/blog\/judo-championnats-europe-juniors-2023-pauline-cuq-decroche-le-bronze-en-48-kg\/\",\"url\":\"https:\/\/dicodusport.fr\/blog\/judo-championnats-europe-juniors-2023-pauline-cuq-decroche-le-bronze-en-48-kg\/\",\"name\":\"Judo - Championnats d'Europe juniors 2023 : Pauline Cuq d\u00e9croche le bronze en -48kg\",\"isPartOf\":{\"@id\":\"https:\/\/dicodusport.fr\/blog\/#website\"},\"primaryImageOfPage\":{\"@id\":\"https:\/\/dicodusport.fr\/blog\/judo-championnats-europe-juniors-2023-pauline-cuq-decroche-le-bronze-en-48-kg\/#primaryimage\"},\"image\":{\"@id\":\"https:\/\/dicodusport.fr\/blog\/judo-championnats-europe-juniors-2023-pauline-cuq-decroche-le-bronze-en-48-kg\/#primaryimage\"},\"thumbnailUrl\":\"https:\/\/dicodusport.fr\/blog\/wp-content\/uploads\/2023\/09\/Judo-Championnats-dEurope-juniors-2023-Pauline-Cuq-decroche-le-bronze-en-48-kg.png\",\"datePublished\":\"2023-09-07T16:10:30+00:00\",\"dateModified\":\"2023-09-08T13:55:45+00:00\",\"description\":\"JUDO - Pauline Cuq (-48 kg) a permis \u00e0 l'\u00c9quipe de France d'obtenir sa premi\u00e8re m\u00e9daille aux Championnats d'Europe Juniors de La Haye.\",\"breadcrumb\":{\"@id\":\"https:\/\/dicodusport.fr\/blog\/judo-championnats-europe-juniors-2023-pauline-cuq-decroche-le-bronze-en-48-kg\/#breadcrumb\"},\"inLanguage\":\"fr-FR\",\"potentialAction\":[{\"@type\":\"ReadAction\",\"target\":[\"https:\/\/dicodusport.fr\/blog\/judo-championnats-europe-juniors-2023-pauline-cuq-decroche-le-bronze-en-48-kg\/\"]}]},{\"@type\":\"ImageObject\",\"inLanguage\":\"fr-FR\",\"@id\":\"https:\/\/dicodusport.fr\/blog\/judo-championnats-europe-juniors-2023-pauline-cuq-decroche-le-bronze-en-48-kg\/#primaryimage\",\"url\":\"https:\/\/dicodusport.fr\/blog\/wp-content\/uploads\/2023\/09\/Judo-Championnats-dEurope-juniors-2023-Pauline-Cuq-decroche-le-bronze-en-48-kg.png\",\"contentUrl\":\"https:\/\/dicodusport.fr\/blog\/wp-content\/uploads\/2023\/09\/Judo-Championnats-dEurope-juniors-2023-Pauline-Cuq-decroche-le-bronze-en-48-kg.png\",\"width\":800,\"height\":445,\"caption\":\"Judo Championnats d'Europe juniors 2023 Pauline Cuq d\u00e9croche le bronze en -48 kg\"},{\"@type\":\"BreadcrumbList\",\"@id\":\"https:\/\/dicodusport.fr\/blog\/judo-championnats-europe-juniors-2023-pauline-cuq-decroche-le-bronze-en-48-kg\/#breadcrumb\",\"itemListElement\":[{\"@type\":\"ListItem\",\"position\":1,\"name\":\"Accueil\",\"item\":\"https:\/\/dicodusport.fr\/blog\/\"},{\"@type\":\"ListItem\",\"position\":2,\"name\":\"Judo &#8211; Championnats d&rsquo;Europe juniors 2023 : Pauline Cuq d\u00e9croche le bronze en -48kg\"}]},{\"@type\":\"WebSite\",\"@id\":\"https:\/\/dicodusport.fr\/blog\/#website\",\"url\":\"https:\/\/dicodusport.fr\/blog\/\",\"name\":\"Dicodusport\",\"description\":\"L&#039;encyclop\u00e9die de l&#039;actualit\u00e9 sportive\",\"publisher\":{\"@id\":\"https:\/\/dicodusport.fr\/blog\/#organization\"},\"potentialAction\":[{\"@type\":\"SearchAction\",\"target\":{\"@type\":\"EntryPoint\",\"urlTemplate\":\"https:\/\/dicodusport.fr\/blog\/?s={search_term_string}\"},\"query-input\":{\"@type\":\"PropertyValueSpecification\",\"valueRequired\":true,\"valueName\":\"search_term_string\"}}],\"inLanguage\":\"fr-FR\"},{\"@type\":\"NewsMediaOrganization\",\"@id\":\"https:\/\/dicodusport.fr\/blog\/#organization\",\"name\":\"Dicodusport\",\"url\":\"https:\/\/dicodusport.fr\/blog\/\",\"logo\":{\"@type\":\"ImageObject\",\"inLanguage\":\"fr-FR\",\"@id\":\"https:\/\/dicodusport.fr\/blog\/#\/schema\/logo\/image\/\",\"url\":\"https:\/\/dicodusport.fr\/blog\/wp-content\/uploads\/2020\/06\/cropped-LOGO-DICODUSPORT-2020-SANS-FOND-SANS-TEXTE.png\",\"contentUrl\":\"https:\/\/dicodusport.fr\/blog\/wp-content\/uploads\/2020\/06\/cropped-LOGO-DICODUSPORT-2020-SANS-FOND-SANS-TEXTE.png\",\"width\":512,\"height\":512,\"caption\":\"Dicodusport\"},\"image\":{\"@id\":\"https:\/\/dicodusport.fr\/blog\/#\/schema\/logo\/image\/\"},\"sameAs\":[\"https:\/\/www.facebook.com\/dicodusport\",\"https:\/\/x.com\/dicodusport\",\"https:\/\/www.instagram.com\/dicodusport\/\",\"https:\/\/www.youtube.com\/channel\/UC7V2KZ5sd3htJivAbA4ZG3w\"],\"description\":\"Dicodusport est l'encyclop\u00e9die de l'actualit\u00e9 sportive.\",\"email\":\"bonjour@dicodusport.fr\",\"legalName\":\"DICODUSPORT\",\"foundingDate\":\"2018-01-14\",\"vatID\":\"FR71834470973\",\"taxID\":\"83447097300043\",\"numberOfEmployees\":{\"@type\":\"QuantitativeValue\",\"minValue\":\"1\",\"maxValue\":\"10\"}},{\"@type\":\"Person\",\"@id\":\"https:\/\/dicodusport.fr\/blog\/#\/schema\/person\/37def232098a7a5cbab3974a3690abb0\",\"name\":\"Maxime Cazenave\",\"image\":{\"@type\":\"ImageObject\",\"inLanguage\":\"fr-FR\",\"@id\":\"https:\/\/dicodusport.fr\/blog\/#\/schema\/person\/image\/\",\"url\":\"https:\/\/dicodusport.fr\/blog\/wp-content\/uploads\/2021\/05\/Maxime-Cazenave-150x150.jpg\",\"contentUrl\":\"https:\/\/dicodusport.fr\/blog\/wp-content\/uploads\/2021\/05\/Maxime-Cazenave-150x150.jpg\",\"caption\":\"Maxime Cazenave\"},\"description\":\"Journaliste\/R\u00e9dacteur depuis 2012 - Berc\u00e9 par l\u2019amour des Girondins de Bordeaux, les \u00e9checs de Christophe Moreau sur le Tour de France sous l'\u00e8re Lance Armstrong et le fade-away l\u00e9tal de Dirk Nowitzki, ma passion d\u00e9vorante pour le sport a toujours \u00e9t\u00e9 un pan incontournable de ma vie. Transmettre ma passion \u00e0 l\u2019\u00e9crit a \u00e9t\u00e9 une transition naturelle. Suiveur assidu de basket et de hockey sur glace, je garde toujours un peu de place pour suivre le cyclisme, le football et le maximum de performances fran\u00e7aises.\",\"sameAs\":[\"https:\/\/x.com\/https:\/\/twitter.com\/Maxime_Caze\"],\"url\":\"https:\/\/dicodusport.fr\/blog\/author\/maximec\/\"}]}<\/script>\n<!-- \/ Yoast SEO Premium plugin. -->","yoast_head_json":{"title":"Judo - Championnats d'Europe juniors 2023 : Pauline Cuq d\u00e9croche le bronze en -48kg","description":"JUDO - Pauline Cuq (-48 kg) a permis \u00e0 l'\u00c9quipe de France d'obtenir sa premi\u00e8re m\u00e9daille aux Championnats d'Europe Juniors de La Haye.","robots":{"index":"index","follow":"follow","max-snippet":"max-snippet:-1","max-image-preview":"max-image-preview:large","max-video-preview":"max-video-preview:-1"},"canonical":"https:\/\/dicodusport.fr\/blog\/judo-championnats-europe-juniors-2023-pauline-cuq-decroche-le-bronze-en-48-kg\/","og_locale":"fr_FR","og_type":"article","og_title":"Judo - Championnats d'Europe juniors 2023 : Pauline Cuq d\u00e9croche le bronze en -48kg","og_description":"JUDO - Pauline Cuq (-48 kg) a permis \u00e0 l'\u00c9quipe de France d'obtenir sa premi\u00e8re m\u00e9daille aux Championnats d'Europe Juniors de La Haye.","og_url":"https:\/\/dicodusport.fr\/blog\/judo-championnats-europe-juniors-2023-pauline-cuq-decroche-le-bronze-en-48-kg\/","og_site_name":"Dicodusport","article_publisher":"https:\/\/www.facebook.com\/dicodusport","article_published_time":"2023-09-07T16:10:30+00:00","article_modified_time":"2023-09-08T13:55:45+00:00","og_image":[{"width":800,"height":445,"url":"https:\/\/dicodusport.fr\/blog\/wp-content\/uploads\/2023\/09\/Judo-Championnats-dEurope-juniors-2023-Pauline-Cuq-decroche-le-bronze-en-48-kg.png","type":"image\/png"}],"author":"Maxime Cazenave","twitter_card":"summary_large_image","twitter_title":"Judo - Championnats d'Europe juniors 2023 : Pauline Cuq d\u00e9croche le bronze en -48kg","twitter_creator":"@https:\/\/twitter.com\/Maxime_Caze","twitter_site":"@dicodusport","schema":{"@context":"https:\/\/schema.org","@graph":[{"@type":"NewsArticle","@id":"https:\/\/dicodusport.fr\/blog\/judo-championnats-europe-juniors-2023-pauline-cuq-decroche-le-bronze-en-48-kg\/#article","isPartOf":{"@id":"https:\/\/dicodusport.fr\/blog\/judo-championnats-europe-juniors-2023-pauline-cuq-decroche-le-bronze-en-48-kg\/"},"author":{"name":"Maxime Cazenave","@id":"https:\/\/dicodusport.fr\/blog\/#\/schema\/person\/37def232098a7a5cbab3974a3690abb0"},"headline":"Judo &#8211; Championnats d&rsquo;Europe juniors 2023 : Pauline Cuq d\u00e9croche le bronze en -48kg","datePublished":"2023-09-07T16:10:30+00:00","dateModified":"2023-09-08T13:55:45+00:00","mainEntityOfPage":{"@id":"https:\/\/dicodusport.fr\/blog\/judo-championnats-europe-juniors-2023-pauline-cuq-decroche-le-bronze-en-48-kg\/"},"wordCount":370,"commentCount":0,"publisher":{"@id":"https:\/\/dicodusport.fr\/blog\/#organization"},"image":{"@id":"https:\/\/dicodusport.fr\/blog\/judo-championnats-europe-juniors-2023-pauline-cuq-decroche-le-bronze-en-48-kg\/#primaryimage"},"thumbnailUrl":"https:\/\/dicodusport.fr\/blog\/wp-content\/uploads\/2023\/09\/Judo-Championnats-dEurope-juniors-2023-Pauline-Cuq-decroche-le-bronze-en-48-kg.png","keywords":["br\u00e8ve","championnats d'Europe juniors de judo","\u00e9quipe de France juniors de judo","Judo"],"articleSection":["Judo"],"inLanguage":"fr-FR","potentialAction":[{"@type":"CommentAction","name":"Comment","target":["https:\/\/dicodusport.fr\/blog\/judo-championnats-europe-juniors-2023-pauline-cuq-decroche-le-bronze-en-48-kg\/#respond"]}],"copyrightYear":"2023","copyrightHolder":{"@id":"https:\/\/dicodusport.fr\/blog\/#organization"}},{"@type":"WebPage","@id":"https:\/\/dicodusport.fr\/blog\/judo-championnats-europe-juniors-2023-pauline-cuq-decroche-le-bronze-en-48-kg\/","url":"https:\/\/dicodusport.fr\/blog\/judo-championnats-europe-juniors-2023-pauline-cuq-decroche-le-bronze-en-48-kg\/","name":"Judo - Championnats d'Europe juniors 2023 : Pauline Cuq d\u00e9croche le bronze en -48kg","isPartOf":{"@id":"https:\/\/dicodusport.fr\/blog\/#website"},"primaryImageOfPage":{"@id":"https:\/\/dicodusport.fr\/blog\/judo-championnats-europe-juniors-2023-pauline-cuq-decroche-le-bronze-en-48-kg\/#primaryimage"},"image":{"@id":"https:\/\/dicodusport.fr\/blog\/judo-championnats-europe-juniors-2023-pauline-cuq-decroche-le-bronze-en-48-kg\/#primaryimage"},"thumbnailUrl":"https:\/\/dicodusport.fr\/blog\/wp-content\/uploads\/2023\/09\/Judo-Championnats-dEurope-juniors-2023-Pauline-Cuq-decroche-le-bronze-en-48-kg.png","datePublished":"2023-09-07T16:10:30+00:00","dateModified":"2023-09-08T13:55:45+00:00","description":"JUDO - Pauline Cuq (-48 kg) a permis \u00e0 l'\u00c9quipe de France d'obtenir sa premi\u00e8re m\u00e9daille aux Championnats d'Europe Juniors de La Haye.","breadcrumb":{"@id":"https:\/\/dicodusport.fr\/blog\/judo-championnats-europe-juniors-2023-pauline-cuq-decroche-le-bronze-en-48-kg\/#breadcrumb"},"inLanguage":"fr-FR","potentialAction":[{"@type":"ReadAction","target":["https:\/\/dicodusport.fr\/blog\/judo-championnats-europe-juniors-2023-pauline-cuq-decroche-le-bronze-en-48-kg\/"]}]},{"@type":"ImageObject","inLanguage":"fr-FR","@id":"https:\/\/dicodusport.fr\/blog\/judo-championnats-europe-juniors-2023-pauline-cuq-decroche-le-bronze-en-48-kg\/#primaryimage","url":"https:\/\/dicodusport.fr\/blog\/wp-content\/uploads\/2023\/09\/Judo-Championnats-dEurope-juniors-2023-Pauline-Cuq-decroche-le-bronze-en-48-kg.png","contentUrl":"https:\/\/dicodusport.fr\/blog\/wp-content\/uploads\/2023\/09\/Judo-Championnats-dEurope-juniors-2023-Pauline-Cuq-decroche-le-bronze-en-48-kg.png","width":800,"height":445,"caption":"Judo Championnats d'Europe juniors 2023 Pauline Cuq d\u00e9croche le bronze en -48 kg"},{"@type":"BreadcrumbList","@id":"https:\/\/dicodusport.fr\/blog\/judo-championnats-europe-juniors-2023-pauline-cuq-decroche-le-bronze-en-48-kg\/#breadcrumb","itemListElement":[{"@type":"ListItem","position":1,"name":"Accueil","item":"https:\/\/dicodusport.fr\/blog\/"},{"@type":"ListItem","position":2,"name":"Judo &#8211; Championnats d&rsquo;Europe juniors 2023 : Pauline Cuq d\u00e9croche le bronze en -48kg"}]},{"@type":"WebSite","@id":"https:\/\/dicodusport.fr\/blog\/#website","url":"https:\/\/dicodusport.fr\/blog\/","name":"Dicodusport","description":"L&#039;encyclop\u00e9die de l&#039;actualit\u00e9 sportive","publisher":{"@id":"https:\/\/dicodusport.fr\/blog\/#organization"},"potentialAction":[{"@type":"SearchAction","target":{"@type":"EntryPoint","urlTemplate":"https:\/\/dicodusport.fr\/blog\/?s={search_term_string}"},"query-input":{"@type":"PropertyValueSpecification","valueRequired":true,"valueName":"search_term_string"}}],"inLanguage":"fr-FR"},{"@type":"NewsMediaOrganization","@id":"https:\/\/dicodusport.fr\/blog\/#organization","name":"Dicodusport","url":"https:\/\/dicodusport.fr\/blog\/","logo":{"@type":"ImageObject","inLanguage":"fr-FR","@id":"https:\/\/dicodusport.fr\/blog\/#\/schema\/logo\/image\/","url":"https:\/\/dicodusport.fr\/blog\/wp-content\/uploads\/2020\/06\/cropped-LOGO-DICODUSPORT-2020-SANS-FOND-SANS-TEXTE.png","contentUrl":"https:\/\/dicodusport.fr\/blog\/wp-content\/uploads\/2020\/06\/cropped-LOGO-DICODUSPORT-2020-SANS-FOND-SANS-TEXTE.png","width":512,"height":512,"caption":"Dicodusport"},"image":{"@id":"https:\/\/dicodusport.fr\/blog\/#\/schema\/logo\/image\/"},"sameAs":["https:\/\/www.facebook.com\/dicodusport","https:\/\/x.com\/dicodusport","https:\/\/www.instagram.com\/dicodusport\/","https:\/\/www.youtube.com\/channel\/UC7V2KZ5sd3htJivAbA4ZG3w"],"description":"Dicodusport est l'encyclop\u00e9die de l'actualit\u00e9 sportive.","email":"bonjour@dicodusport.fr","legalName":"DICODUSPORT","foundingDate":"2018-01-14","vatID":"FR71834470973","taxID":"83447097300043","numberOfEmployees":{"@type":"QuantitativeValue","minValue":"1","maxValue":"10"}},{"@type":"Person","@id":"https:\/\/dicodusport.fr\/blog\/#\/schema\/person\/37def232098a7a5cbab3974a3690abb0","name":"Maxime Cazenave","image":{"@type":"ImageObject","inLanguage":"fr-FR","@id":"https:\/\/dicodusport.fr\/blog\/#\/schema\/person\/image\/","url":"https:\/\/dicodusport.fr\/blog\/wp-content\/uploads\/2021\/05\/Maxime-Cazenave-150x150.jpg","contentUrl":"https:\/\/dicodusport.fr\/blog\/wp-content\/uploads\/2021\/05\/Maxime-Cazenave-150x150.jpg","caption":"Maxime Cazenave"},"description":"Journaliste\/R\u00e9dacteur depuis 2012 - Berc\u00e9 par l\u2019amour des Girondins de Bordeaux, les \u00e9checs de Christophe Moreau sur le Tour de France sous l'\u00e8re Lance Armstrong et le fade-away l\u00e9tal de Dirk Nowitzki, ma passion d\u00e9vorante pour le sport a toujours \u00e9t\u00e9 un pan incontournable de ma vie. Transmettre ma passion \u00e0 l\u2019\u00e9crit a \u00e9t\u00e9 une transition naturelle. Suiveur assidu de basket et de hockey sur glace, je garde toujours un peu de place pour suivre le cyclisme, le football et le maximum de performances fran\u00e7aises.","sameAs":["https:\/\/x.com\/https:\/\/twitter.com\/Maxime_Caze"],"url":"https:\/\/dicodusport.fr\/blog\/author\/maximec\/"}]}},"_links":{"self":[{"href":"https:\/\/dicodusport.fr\/blog\/wp-json\/wp\/v2\/posts\/416426","targetHints":{"allow":["GET"]}}],"collection":[{"href":"https:\/\/dicodusport.fr\/blog\/wp-json\/wp\/v2\/posts"}],"about":[{"href":"https:\/\/dicodusport.fr\/blog\/wp-json\/wp\/v2\/types\/post"}],"author":[{"embeddable":true,"href":"https:\/\/dicodusport.fr\/blog\/wp-json\/wp\/v2\/users\/55"}],"replies":[{"embeddable":true,"href":"https:\/\/dicodusport.fr\/blog\/wp-json\/wp\/v2\/comments?post=416426"}],"version-history":[{"count":0,"href":"https:\/\/dicodusport.fr\/blog\/wp-json\/wp\/v2\/posts\/416426\/revisions"}],"wp:featuredmedia":[{"embeddable":true,"href":"https:\/\/dicodusport.fr\/blog\/wp-json\/wp\/v2\/media\/416747"}],"wp:attachment":[{"href":"https:\/\/dicodusport.fr\/blog\/wp-json\/wp\/v2\/media?parent=416426"}],"wp:term":[{"taxonomy":"category","embeddable":true,"href":"https:\/\/dicodusport.fr\/blog\/wp-json\/wp\/v2\/categories?post=416426"},{"taxonomy":"post_tag","embeddable":true,"href":"https:\/\/dicodusport.fr\/blog\/wp-json\/wp\/v2\/tags?post=416426"}],"curies":[{"name":"wp","href":"https:\/\/api.w.org\/{rel}","templated":true}]}}