{"id":41660,"date":"2019-06-20T12:00:26","date_gmt":"2019-06-20T10:00:26","guid":{"rendered":"http:\/\/dicodusport.fr\/blog\/?p=41660"},"modified":"2019-06-20T18:12:23","modified_gmt":"2019-06-20T16:12:23","slug":"jeux-europeens-2019-presentation-et-calendrier","status":"publish","type":"post","link":"https:\/\/dicodusport.fr\/blog\/jeux-europeens-2019-presentation-et-calendrier\/","title":{"rendered":"Jeux Europ\u00e9ens 2019 : pr\u00e9sentation et calendrier"},"content":{"rendered":"<p style=\"text-align: justify;\"><strong><em>La deuxi\u00e8me \u00e9dition des <a href=\"https:\/\/minsk2019.by\/en\/news\/news-of-day\" target=\"_blank\" rel=\"noopener\">Jeux Europ\u00e9ens<\/a> se tiendra dans la capitale de la Bi\u00e9lorussie \u00e0 Minsk du 21 au 30 juin 2019.<\/em><\/strong><\/p>\n<p style=\"text-align: justify;\">Apr\u00e8s une premi\u00e8re r\u00e9ussie \u00e0 Bakou, c&rsquo;est la capitale bi\u00e9lorusse qui a \u00e9t\u00e9 retenue gr\u00e2ce \u00e0 la qualit\u00e9 de ses installations et la proximit\u00e9 des diff\u00e9rents sites. Les Jeux Europ\u00e9ens 2019 seront une opportunit\u00e9 de qualification pour les <strong>Jeux Olympiques de 2020<\/strong> (athl\u00e9tisme, tir \u00e0 l&rsquo;arc, badminton, boxe, cano\u00eb sprint, cyclisme judo, karat\u00e9, tir et tennis de table) et feront office de <strong>championnats d&rsquo;Europe<\/strong> pour le judo, le tir, le tennis de table et le badminton.<\/p>\n<p style=\"text-align: justify;\">15 sports contre 20 en 2015 seront repr\u00e9sent\u00e9s avec environ 4000 athl\u00e8tes. 200 \u00e9preuves de 23 disciplines composeront la comp\u00e9tition : 91 \u00e9preuves masculines, 89 \u00e9preuves f\u00e9minines et 21 \u00e9preuves mixtes.<\/p>\n<p style=\"text-align: justify;\">La d\u00e9l\u00e9gation fran\u00e7aise sera compos\u00e9e de 87 athl\u00e8tes masculins et 81 athl\u00e8tes f\u00e9minins. Ils concourront dans toutes les disciplines \u00e0 l&rsquo;exception du football de plage. La porte-drapeau sera la judoka <strong>Clarisse Agbegnenou<\/strong>, triple championne du monde. En 2015, elle avait obtenu le de bronze en individuel et l&rsquo;or par \u00e9quipes.<\/p>\n<p style=\"text-align: justify;\"><strong>C\u00e9r\u00e9monie d&rsquo;ouverture : vendredi 21 juin \u00e0 19h<\/strong><\/p>\n<h1 style=\"text-align: justify;\">Calendrier de la comp\u00e9tition<\/h1>\n<p><img loading=\"lazy\" decoding=\"async\" class=\"alignnone wp-image-41661 size-full\" src=\"http:\/\/dicodusport.fr\/blog\/wp-content\/uploads\/2019\/06\/calendrier-jeux-europ\u00e9ens.jpg\" alt=\"\" width=\"781\" height=\"2160\" srcset=\"https:\/\/dicodusport.fr\/blog\/wp-content\/uploads\/2019\/06\/calendrier-jeux-europ\u00e9ens.jpg 781w, https:\/\/dicodusport.fr\/blog\/wp-content\/uploads\/2019\/06\/calendrier-jeux-europ\u00e9ens-108x300.jpg 108w, https:\/\/dicodusport.fr\/blog\/wp-content\/uploads\/2019\/06\/calendrier-jeux-europ\u00e9ens-768x2124.jpg 768w, https:\/\/dicodusport.fr\/blog\/wp-content\/uploads\/2019\/06\/calendrier-jeux-europ\u00e9ens-370x1024.jpg 370w\" sizes=\"auto, (max-width: 781px) 100vw, 781px\" \/><\/p>\n<p><strong>C\u00e9r\u00e9monie de cl\u00f4ture : dimanche 30 juin \u00e0 19h<\/strong><\/p>\n<p style=\"text-align: justify;\">La comp\u00e9tition est \u00e0 suivre sur la chaine L&rsquo;Equipe.<\/p>\n<p><strong><em>Arlette<\/em><\/strong><br \/>\n<a href=\"http:\/\/twitter.com\/Shiclette94\"><img loading=\"lazy\" decoding=\"async\" class=\"alignnone size-full wp-image-2908\" src=\"http:\/\/dicodusport.fr\/blog\/wp-content\/uploads\/2017\/07\/logo-twitter-e1516110106986.png\" alt=\"\" width=\"39\" height=\"39\" \/><\/a><\/p>\n","protected":false},"excerpt":{"rendered":"<p>La deuxi\u00e8me \u00e9dition des Jeux Europ\u00e9ens se tiendra dans la capitale de la Bi\u00e9lorussie \u00e0 Minsk du 21 au 30 juin 2019.<\/p>\n","protected":false},"author":12,"featured_media":41658,"comment_status":"open","ping_status":"closed","sticky":false,"template":"","format":"standard","meta":{"_acf_changed":false,"_daextam_enable_autolinks":"","footnotes":""},"categories":[2,2366],"tags":[4799,8137],"class_list":["post-41660","post","type-post","status-publish","format-standard","has-post-thumbnail","hentry","category-actualites","category-multisports","tag-championnats-deurope","tag-jeux-europeens"],"acf":[],"yoast_head":"<!-- This site is optimized with the Yoast SEO Premium plugin v26.7 (Yoast SEO v26.7) - https:\/\/yoast.com\/wordpress\/plugins\/seo\/ -->\n<title>Jeux Europ\u00e9ens 2019 : pr\u00e9sentation et calendrier<\/title>\n<meta name=\"description\" content=\"La deuxi\u00e8me \u00e9dition des Jeux Europ\u00e9ens se tiendra dans la capitale de la Bi\u00e9lorussie \u00e0 Minsk du 21 au 30 juin 2019. Voici le calendrier de la comp\u00e9tition.\" \/>\n<meta name=\"robots\" content=\"index, follow, max-snippet:-1, max-image-preview:large, max-video-preview:-1\" \/>\n<link rel=\"canonical\" href=\"https:\/\/dicodusport.fr\/blog\/jeux-europeens-2019-presentation-et-calendrier\/\" \/>\n<meta property=\"og:locale\" content=\"fr_FR\" \/>\n<meta property=\"og:type\" content=\"article\" \/>\n<meta property=\"og:title\" content=\"Tout ce qu&#039;il faut savoir avant le d\u00e9but des Jeux Europ\u00e9ens 2019\" \/>\n<meta property=\"og:description\" content=\"La deuxi\u00e8me \u00e9dition des Jeux Europ\u00e9ens se tiendra dans la capitale de la Bi\u00e9lorussie \u00e0 Minsk du 21 au 30 juin 2019. Voici le calendrier de la comp\u00e9tition.\" \/>\n<meta property=\"og:url\" content=\"https:\/\/dicodusport.fr\/blog\/jeux-europeens-2019-presentation-et-calendrier\/\" \/>\n<meta property=\"og:site_name\" content=\"Dicodusport\" \/>\n<meta property=\"article:publisher\" content=\"https:\/\/www.facebook.com\/dicodusport\" \/>\n<meta property=\"article:published_time\" content=\"2019-06-20T10:00:26+00:00\" \/>\n<meta property=\"article:modified_time\" content=\"2019-06-20T16:12:23+00:00\" \/>\n<meta property=\"og:image\" content=\"https:\/\/dicodusport.fr\/blog\/wp-content\/uploads\/2019\/06\/Minsk-2019.jpg\" \/>\n\t<meta property=\"og:image:width\" content=\"1200\" \/>\n\t<meta property=\"og:image:height\" content=\"640\" \/>\n\t<meta property=\"og:image:type\" content=\"image\/jpeg\" \/>\n<meta name=\"author\" content=\"Arlette Yeye\" \/>\n<meta name=\"twitter:card\" content=\"summary_large_image\" \/>\n<meta name=\"twitter:title\" content=\"Tout ce qu&#039;il faut savoir avant le d\u00e9but des Jeux Europ\u00e9ens 2019\" \/>\n<meta name=\"twitter:creator\" content=\"@https:\/\/twitter.com\/Shiclette94\" \/>\n<meta name=\"twitter:site\" content=\"@dicodusport\" \/>\n<script type=\"application\/ld+json\" class=\"yoast-schema-graph\">{\"@context\":\"https:\/\/schema.org\",\"@graph\":[{\"@type\":\"NewsArticle\",\"@id\":\"https:\/\/dicodusport.fr\/blog\/jeux-europeens-2019-presentation-et-calendrier\/#article\",\"isPartOf\":{\"@id\":\"https:\/\/dicodusport.fr\/blog\/jeux-europeens-2019-presentation-et-calendrier\/\"},\"author\":{\"name\":\"Arlette Yeye\",\"@id\":\"https:\/\/dicodusport.fr\/blog\/#\/schema\/person\/cce96fa88785bd8573e3d43078ac8c79\"},\"headline\":\"Jeux Europ\u00e9ens 2019 : pr\u00e9sentation et calendrier\",\"datePublished\":\"2019-06-20T10:00:26+00:00\",\"dateModified\":\"2019-06-20T16:12:23+00:00\",\"mainEntityOfPage\":{\"@id\":\"https:\/\/dicodusport.fr\/blog\/jeux-europeens-2019-presentation-et-calendrier\/\"},\"wordCount\":224,\"commentCount\":0,\"publisher\":{\"@id\":\"https:\/\/dicodusport.fr\/blog\/#organization\"},\"image\":{\"@id\":\"https:\/\/dicodusport.fr\/blog\/jeux-europeens-2019-presentation-et-calendrier\/#primaryimage\"},\"thumbnailUrl\":\"https:\/\/dicodusport.fr\/blog\/wp-content\/uploads\/2019\/06\/Minsk-2019.jpg\",\"keywords\":[\"Championnats d'Europe\",\"Jeux Europ\u00e9ens\"],\"articleSection\":[\"Actualit\u00e9s\",\"Multisports\"],\"inLanguage\":\"fr-FR\",\"potentialAction\":[{\"@type\":\"CommentAction\",\"name\":\"Comment\",\"target\":[\"https:\/\/dicodusport.fr\/blog\/jeux-europeens-2019-presentation-et-calendrier\/#respond\"]}],\"copyrightYear\":\"2019\",\"copyrightHolder\":{\"@id\":\"https:\/\/dicodusport.fr\/blog\/#organization\"}},{\"@type\":\"WebPage\",\"@id\":\"https:\/\/dicodusport.fr\/blog\/jeux-europeens-2019-presentation-et-calendrier\/\",\"url\":\"https:\/\/dicodusport.fr\/blog\/jeux-europeens-2019-presentation-et-calendrier\/\",\"name\":\"Jeux Europ\u00e9ens 2019 : pr\u00e9sentation et calendrier\",\"isPartOf\":{\"@id\":\"https:\/\/dicodusport.fr\/blog\/#website\"},\"primaryImageOfPage\":{\"@id\":\"https:\/\/dicodusport.fr\/blog\/jeux-europeens-2019-presentation-et-calendrier\/#primaryimage\"},\"image\":{\"@id\":\"https:\/\/dicodusport.fr\/blog\/jeux-europeens-2019-presentation-et-calendrier\/#primaryimage\"},\"thumbnailUrl\":\"https:\/\/dicodusport.fr\/blog\/wp-content\/uploads\/2019\/06\/Minsk-2019.jpg\",\"datePublished\":\"2019-06-20T10:00:26+00:00\",\"dateModified\":\"2019-06-20T16:12:23+00:00\",\"description\":\"La deuxi\u00e8me \u00e9dition des Jeux Europ\u00e9ens se tiendra dans la capitale de la Bi\u00e9lorussie \u00e0 Minsk du 21 au 30 juin 2019. Voici le calendrier de la comp\u00e9tition.\",\"breadcrumb\":{\"@id\":\"https:\/\/dicodusport.fr\/blog\/jeux-europeens-2019-presentation-et-calendrier\/#breadcrumb\"},\"inLanguage\":\"fr-FR\",\"potentialAction\":[{\"@type\":\"ReadAction\",\"target\":[\"https:\/\/dicodusport.fr\/blog\/jeux-europeens-2019-presentation-et-calendrier\/\"]}]},{\"@type\":\"ImageObject\",\"inLanguage\":\"fr-FR\",\"@id\":\"https:\/\/dicodusport.fr\/blog\/jeux-europeens-2019-presentation-et-calendrier\/#primaryimage\",\"url\":\"https:\/\/dicodusport.fr\/blog\/wp-content\/uploads\/2019\/06\/Minsk-2019.jpg\",\"contentUrl\":\"https:\/\/dicodusport.fr\/blog\/wp-content\/uploads\/2019\/06\/Minsk-2019.jpg\",\"width\":1200,\"height\":640},{\"@type\":\"BreadcrumbList\",\"@id\":\"https:\/\/dicodusport.fr\/blog\/jeux-europeens-2019-presentation-et-calendrier\/#breadcrumb\",\"itemListElement\":[{\"@type\":\"ListItem\",\"position\":1,\"name\":\"Accueil\",\"item\":\"https:\/\/dicodusport.fr\/blog\/\"},{\"@type\":\"ListItem\",\"position\":2,\"name\":\"Jeux Europ\u00e9ens 2019 : pr\u00e9sentation et calendrier\"}]},{\"@type\":\"WebSite\",\"@id\":\"https:\/\/dicodusport.fr\/blog\/#website\",\"url\":\"https:\/\/dicodusport.fr\/blog\/\",\"name\":\"Dicodusport\",\"description\":\"L&#039;encyclop\u00e9die de l&#039;actualit\u00e9 sportive\",\"publisher\":{\"@id\":\"https:\/\/dicodusport.fr\/blog\/#organization\"},\"potentialAction\":[{\"@type\":\"SearchAction\",\"target\":{\"@type\":\"EntryPoint\",\"urlTemplate\":\"https:\/\/dicodusport.fr\/blog\/?s={search_term_string}\"},\"query-input\":{\"@type\":\"PropertyValueSpecification\",\"valueRequired\":true,\"valueName\":\"search_term_string\"}}],\"inLanguage\":\"fr-FR\"},{\"@type\":\"NewsMediaOrganization\",\"@id\":\"https:\/\/dicodusport.fr\/blog\/#organization\",\"name\":\"Dicodusport\",\"url\":\"https:\/\/dicodusport.fr\/blog\/\",\"logo\":{\"@type\":\"ImageObject\",\"inLanguage\":\"fr-FR\",\"@id\":\"https:\/\/dicodusport.fr\/blog\/#\/schema\/logo\/image\/\",\"url\":\"https:\/\/dicodusport.fr\/blog\/wp-content\/uploads\/2020\/06\/cropped-LOGO-DICODUSPORT-2020-SANS-FOND-SANS-TEXTE.png\",\"contentUrl\":\"https:\/\/dicodusport.fr\/blog\/wp-content\/uploads\/2020\/06\/cropped-LOGO-DICODUSPORT-2020-SANS-FOND-SANS-TEXTE.png\",\"width\":512,\"height\":512,\"caption\":\"Dicodusport\"},\"image\":{\"@id\":\"https:\/\/dicodusport.fr\/blog\/#\/schema\/logo\/image\/\"},\"sameAs\":[\"https:\/\/www.facebook.com\/dicodusport\",\"https:\/\/x.com\/dicodusport\",\"https:\/\/www.instagram.com\/dicodusport\/\",\"https:\/\/www.youtube.com\/channel\/UC7V2KZ5sd3htJivAbA4ZG3w\"],\"description\":\"Dicodusport est l'encyclop\u00e9die de l'actualit\u00e9 sportive.\",\"email\":\"bonjour@dicodusport.fr\",\"legalName\":\"DICODUSPORT\",\"foundingDate\":\"2018-01-14\",\"vatID\":\"FR71834470973\",\"taxID\":\"83447097300043\",\"numberOfEmployees\":{\"@type\":\"QuantitativeValue\",\"minValue\":\"1\",\"maxValue\":\"10\"}},{\"@type\":\"Person\",\"@id\":\"https:\/\/dicodusport.fr\/blog\/#\/schema\/person\/cce96fa88785bd8573e3d43078ac8c79\",\"name\":\"Arlette Yeye\",\"image\":{\"@type\":\"ImageObject\",\"inLanguage\":\"fr-FR\",\"@id\":\"https:\/\/dicodusport.fr\/blog\/#\/schema\/person\/image\/\",\"url\":\"https:\/\/secure.gravatar.com\/avatar\/dca4a6239e6d708e46c45d60e160de6c?s=96&d=wp_user_avatar&r=g\",\"contentUrl\":\"https:\/\/secure.gravatar.com\/avatar\/dca4a6239e6d708e46c45d60e160de6c?s=96&d=wp_user_avatar&r=g\",\"caption\":\"Arlette Yeye\"},\"description\":\"Journaliste\/r\u00e9dactrice depuis septembre 2015 - Supportrice de Chelsea, j'ai pour sports de pr\u00e9dilection le handball, l'athl\u00e9tisme et le tennis. Si je tweete plus vite que mon ombre, vous pouvez aussi me retrouver les week-ends sur les playgrounds de Bruxelles pour un petit foot ou basket entre potes. Parcourir la France, l'Europe et plus si affinit\u00e9s pour suivre mes sportifs pr\u00e9f\u00e9r\u00e9s ? Mon kif ! Et c'est avec plaisir que je partage les r\u00e9sultats des sports populaires mais \u00e9galement plus confidentiels pour Dicodusport.\",\"sameAs\":[\"https:\/\/x.com\/https:\/\/twitter.com\/Shiclette94\"],\"url\":\"https:\/\/dicodusport.fr\/blog\/author\/arlette\/\"}]}<\/script>\n<!-- \/ Yoast SEO Premium plugin. -->","yoast_head_json":{"title":"Jeux Europ\u00e9ens 2019 : pr\u00e9sentation et calendrier","description":"La deuxi\u00e8me \u00e9dition des Jeux Europ\u00e9ens se tiendra dans la capitale de la Bi\u00e9lorussie \u00e0 Minsk du 21 au 30 juin 2019. Voici le calendrier de la comp\u00e9tition.","robots":{"index":"index","follow":"follow","max-snippet":"max-snippet:-1","max-image-preview":"max-image-preview:large","max-video-preview":"max-video-preview:-1"},"canonical":"https:\/\/dicodusport.fr\/blog\/jeux-europeens-2019-presentation-et-calendrier\/","og_locale":"fr_FR","og_type":"article","og_title":"Tout ce qu'il faut savoir avant le d\u00e9but des Jeux Europ\u00e9ens 2019","og_description":"La deuxi\u00e8me \u00e9dition des Jeux Europ\u00e9ens se tiendra dans la capitale de la Bi\u00e9lorussie \u00e0 Minsk du 21 au 30 juin 2019. Voici le calendrier de la comp\u00e9tition.","og_url":"https:\/\/dicodusport.fr\/blog\/jeux-europeens-2019-presentation-et-calendrier\/","og_site_name":"Dicodusport","article_publisher":"https:\/\/www.facebook.com\/dicodusport","article_published_time":"2019-06-20T10:00:26+00:00","article_modified_time":"2019-06-20T16:12:23+00:00","og_image":[{"width":1200,"height":640,"url":"https:\/\/dicodusport.fr\/blog\/wp-content\/uploads\/2019\/06\/Minsk-2019.jpg","type":"image\/jpeg"}],"author":"Arlette Yeye","twitter_card":"summary_large_image","twitter_title":"Tout ce qu'il faut savoir avant le d\u00e9but des Jeux Europ\u00e9ens 2019","twitter_creator":"@https:\/\/twitter.com\/Shiclette94","twitter_site":"@dicodusport","schema":{"@context":"https:\/\/schema.org","@graph":[{"@type":"NewsArticle","@id":"https:\/\/dicodusport.fr\/blog\/jeux-europeens-2019-presentation-et-calendrier\/#article","isPartOf":{"@id":"https:\/\/dicodusport.fr\/blog\/jeux-europeens-2019-presentation-et-calendrier\/"},"author":{"name":"Arlette Yeye","@id":"https:\/\/dicodusport.fr\/blog\/#\/schema\/person\/cce96fa88785bd8573e3d43078ac8c79"},"headline":"Jeux Europ\u00e9ens 2019 : pr\u00e9sentation et calendrier","datePublished":"2019-06-20T10:00:26+00:00","dateModified":"2019-06-20T16:12:23+00:00","mainEntityOfPage":{"@id":"https:\/\/dicodusport.fr\/blog\/jeux-europeens-2019-presentation-et-calendrier\/"},"wordCount":224,"commentCount":0,"publisher":{"@id":"https:\/\/dicodusport.fr\/blog\/#organization"},"image":{"@id":"https:\/\/dicodusport.fr\/blog\/jeux-europeens-2019-presentation-et-calendrier\/#primaryimage"},"thumbnailUrl":"https:\/\/dicodusport.fr\/blog\/wp-content\/uploads\/2019\/06\/Minsk-2019.jpg","keywords":["Championnats d'Europe","Jeux Europ\u00e9ens"],"articleSection":["Actualit\u00e9s","Multisports"],"inLanguage":"fr-FR","potentialAction":[{"@type":"CommentAction","name":"Comment","target":["https:\/\/dicodusport.fr\/blog\/jeux-europeens-2019-presentation-et-calendrier\/#respond"]}],"copyrightYear":"2019","copyrightHolder":{"@id":"https:\/\/dicodusport.fr\/blog\/#organization"}},{"@type":"WebPage","@id":"https:\/\/dicodusport.fr\/blog\/jeux-europeens-2019-presentation-et-calendrier\/","url":"https:\/\/dicodusport.fr\/blog\/jeux-europeens-2019-presentation-et-calendrier\/","name":"Jeux Europ\u00e9ens 2019 : pr\u00e9sentation et calendrier","isPartOf":{"@id":"https:\/\/dicodusport.fr\/blog\/#website"},"primaryImageOfPage":{"@id":"https:\/\/dicodusport.fr\/blog\/jeux-europeens-2019-presentation-et-calendrier\/#primaryimage"},"image":{"@id":"https:\/\/dicodusport.fr\/blog\/jeux-europeens-2019-presentation-et-calendrier\/#primaryimage"},"thumbnailUrl":"https:\/\/dicodusport.fr\/blog\/wp-content\/uploads\/2019\/06\/Minsk-2019.jpg","datePublished":"2019-06-20T10:00:26+00:00","dateModified":"2019-06-20T16:12:23+00:00","description":"La deuxi\u00e8me \u00e9dition des Jeux Europ\u00e9ens se tiendra dans la capitale de la Bi\u00e9lorussie \u00e0 Minsk du 21 au 30 juin 2019. Voici le calendrier de la comp\u00e9tition.","breadcrumb":{"@id":"https:\/\/dicodusport.fr\/blog\/jeux-europeens-2019-presentation-et-calendrier\/#breadcrumb"},"inLanguage":"fr-FR","potentialAction":[{"@type":"ReadAction","target":["https:\/\/dicodusport.fr\/blog\/jeux-europeens-2019-presentation-et-calendrier\/"]}]},{"@type":"ImageObject","inLanguage":"fr-FR","@id":"https:\/\/dicodusport.fr\/blog\/jeux-europeens-2019-presentation-et-calendrier\/#primaryimage","url":"https:\/\/dicodusport.fr\/blog\/wp-content\/uploads\/2019\/06\/Minsk-2019.jpg","contentUrl":"https:\/\/dicodusport.fr\/blog\/wp-content\/uploads\/2019\/06\/Minsk-2019.jpg","width":1200,"height":640},{"@type":"BreadcrumbList","@id":"https:\/\/dicodusport.fr\/blog\/jeux-europeens-2019-presentation-et-calendrier\/#breadcrumb","itemListElement":[{"@type":"ListItem","position":1,"name":"Accueil","item":"https:\/\/dicodusport.fr\/blog\/"},{"@type":"ListItem","position":2,"name":"Jeux Europ\u00e9ens 2019 : pr\u00e9sentation et calendrier"}]},{"@type":"WebSite","@id":"https:\/\/dicodusport.fr\/blog\/#website","url":"https:\/\/dicodusport.fr\/blog\/","name":"Dicodusport","description":"L&#039;encyclop\u00e9die de l&#039;actualit\u00e9 sportive","publisher":{"@id":"https:\/\/dicodusport.fr\/blog\/#organization"},"potentialAction":[{"@type":"SearchAction","target":{"@type":"EntryPoint","urlTemplate":"https:\/\/dicodusport.fr\/blog\/?s={search_term_string}"},"query-input":{"@type":"PropertyValueSpecification","valueRequired":true,"valueName":"search_term_string"}}],"inLanguage":"fr-FR"},{"@type":"NewsMediaOrganization","@id":"https:\/\/dicodusport.fr\/blog\/#organization","name":"Dicodusport","url":"https:\/\/dicodusport.fr\/blog\/","logo":{"@type":"ImageObject","inLanguage":"fr-FR","@id":"https:\/\/dicodusport.fr\/blog\/#\/schema\/logo\/image\/","url":"https:\/\/dicodusport.fr\/blog\/wp-content\/uploads\/2020\/06\/cropped-LOGO-DICODUSPORT-2020-SANS-FOND-SANS-TEXTE.png","contentUrl":"https:\/\/dicodusport.fr\/blog\/wp-content\/uploads\/2020\/06\/cropped-LOGO-DICODUSPORT-2020-SANS-FOND-SANS-TEXTE.png","width":512,"height":512,"caption":"Dicodusport"},"image":{"@id":"https:\/\/dicodusport.fr\/blog\/#\/schema\/logo\/image\/"},"sameAs":["https:\/\/www.facebook.com\/dicodusport","https:\/\/x.com\/dicodusport","https:\/\/www.instagram.com\/dicodusport\/","https:\/\/www.youtube.com\/channel\/UC7V2KZ5sd3htJivAbA4ZG3w"],"description":"Dicodusport est l'encyclop\u00e9die de l'actualit\u00e9 sportive.","email":"bonjour@dicodusport.fr","legalName":"DICODUSPORT","foundingDate":"2018-01-14","vatID":"FR71834470973","taxID":"83447097300043","numberOfEmployees":{"@type":"QuantitativeValue","minValue":"1","maxValue":"10"}},{"@type":"Person","@id":"https:\/\/dicodusport.fr\/blog\/#\/schema\/person\/cce96fa88785bd8573e3d43078ac8c79","name":"Arlette Yeye","image":{"@type":"ImageObject","inLanguage":"fr-FR","@id":"https:\/\/dicodusport.fr\/blog\/#\/schema\/person\/image\/","url":"https:\/\/secure.gravatar.com\/avatar\/dca4a6239e6d708e46c45d60e160de6c?s=96&d=wp_user_avatar&r=g","contentUrl":"https:\/\/secure.gravatar.com\/avatar\/dca4a6239e6d708e46c45d60e160de6c?s=96&d=wp_user_avatar&r=g","caption":"Arlette Yeye"},"description":"Journaliste\/r\u00e9dactrice depuis septembre 2015 - Supportrice de Chelsea, j'ai pour sports de pr\u00e9dilection le handball, l'athl\u00e9tisme et le tennis. Si je tweete plus vite que mon ombre, vous pouvez aussi me retrouver les week-ends sur les playgrounds de Bruxelles pour un petit foot ou basket entre potes. Parcourir la France, l'Europe et plus si affinit\u00e9s pour suivre mes sportifs pr\u00e9f\u00e9r\u00e9s ? Mon kif ! Et c'est avec plaisir que je partage les r\u00e9sultats des sports populaires mais \u00e9galement plus confidentiels pour Dicodusport.","sameAs":["https:\/\/x.com\/https:\/\/twitter.com\/Shiclette94"],"url":"https:\/\/dicodusport.fr\/blog\/author\/arlette\/"}]}},"_links":{"self":[{"href":"https:\/\/dicodusport.fr\/blog\/wp-json\/wp\/v2\/posts\/41660","targetHints":{"allow":["GET"]}}],"collection":[{"href":"https:\/\/dicodusport.fr\/blog\/wp-json\/wp\/v2\/posts"}],"about":[{"href":"https:\/\/dicodusport.fr\/blog\/wp-json\/wp\/v2\/types\/post"}],"author":[{"embeddable":true,"href":"https:\/\/dicodusport.fr\/blog\/wp-json\/wp\/v2\/users\/12"}],"replies":[{"embeddable":true,"href":"https:\/\/dicodusport.fr\/blog\/wp-json\/wp\/v2\/comments?post=41660"}],"version-history":[{"count":0,"href":"https:\/\/dicodusport.fr\/blog\/wp-json\/wp\/v2\/posts\/41660\/revisions"}],"wp:featuredmedia":[{"embeddable":true,"href":"https:\/\/dicodusport.fr\/blog\/wp-json\/wp\/v2\/media\/41658"}],"wp:attachment":[{"href":"https:\/\/dicodusport.fr\/blog\/wp-json\/wp\/v2\/media?parent=41660"}],"wp:term":[{"taxonomy":"category","embeddable":true,"href":"https:\/\/dicodusport.fr\/blog\/wp-json\/wp\/v2\/categories?post=41660"},{"taxonomy":"post_tag","embeddable":true,"href":"https:\/\/dicodusport.fr\/blog\/wp-json\/wp\/v2\/tags?post=41660"}],"curies":[{"name":"wp","href":"https:\/\/api.w.org\/{rel}","templated":true}]}}