{"id":416826,"date":"2023-09-08T18:41:33","date_gmt":"2023-09-08T16:41:33","guid":{"rendered":"https:\/\/dicodusport.fr\/blog\/?p=416826&#038;preview=true&#038;preview_id=416826"},"modified":"2023-09-08T21:04:03","modified_gmt":"2023-09-08T19:04:03","slug":"vtt-xcc-les-gets-puck-pieterse-simpose-avec-autorite","status":"publish","type":"post","link":"https:\/\/dicodusport.fr\/blog\/vtt-xcc-les-gets-puck-pieterse-simpose-avec-autorite\/","title":{"rendered":"VTT XCC Les Gets : Puck Pieterse s&rsquo;impose avec autorit\u00e9"},"content":{"rendered":"<p style=\"text-align: justify;\" align=\"justify\"><em><strong>VTT XCC LES GETS &#8211; En l&rsquo;absence de Jolanda Neff et de Pauline Ferrand-Prevot, Puck Pieterse s&rsquo;est impos\u00e9e, vendredi ce soir, sur la XCC des Gets, en France. Elle a devanc\u00e9 Evie Richards et Alessandra Keller.\u00a0\u00a0<\/strong><\/em><\/p>\n<p style=\"text-align: justify;\" align=\"justify\">D&rsquo;abord, <strong>Loana Lecomte<\/strong> a pris les commandes de la course d\u00e8s le premier tour. Puis, <strong>Puck Pieterse, Alessandra Keller, Evie Richards<\/strong> ainsi que <strong>Loana Lecomte<\/strong> ont fait un petit trou lors du deuxi\u00e8me tour, mais, lors du tour suivant, le rythme s&rsquo;est calm\u00e9. Cela a permis le retour d&rsquo;<strong>Haley Batten<\/strong>. En effet, l&rsquo;Am\u00e9ricaine a connu un ennui m\u00e9canique lors du premier tour et a effectu\u00e9 un gros retour.<\/p>\n<p style=\"text-align: justify;\" align=\"justify\">Puis, apr\u00e8s la mi-course, <strong>Puck Pieterse<\/strong> a acc\u00e9l\u00e9r\u00e9 pour refaire une s\u00e9lection pour avoir quatre femmes avec elle. Mais, lors de l&rsquo;avant-dernier tour, <strong>Alessandra Keller<\/strong> a bloqu\u00e9 presque tout le monde dans un virage en \u00e9pingle. Cette situation a profit\u00e9 \u00e0 <strong>Loana Lecomte<\/strong> qui a pris quelques m\u00e8tres d&rsquo;avance. Par la suite, <strong>Puck Pieterse<\/strong> a produit son effort dans la mont\u00e9e pour revenir sur la Fran\u00e7aise alors que <strong>Jenny Rissveds<\/strong> a perdu tout espoir de victoire.<\/p>\n<p style=\"text-align: justify;\" align=\"justify\">Finalement, <strong>Puck Pieterse<\/strong> a laiss\u00e9 parler sa puissance lors du dernier tour pour l\u00e2cher progressivement ses rivales. La N\u00e9erlandaise a sign\u00e9 sa premi\u00e8re victoire en short-track de la saison et sa quatri\u00e8me lors de cette coupe du monde. Elle a devanc\u00e9 la championne de Grande-Bretagne <strong>Evie Richards<\/strong> et <strong>Alessandra Keller<\/strong>.<\/p>\n<blockquote class=\"twitter-tweet\">\n<p dir=\"ltr\" lang=\"en\">\ud83c\uddf3\ud83c\uddf1 Puck Pieterse wins her first short track of the season! \ud83e\udd47<a href=\"https:\/\/twitter.com\/hashtag\/MTBWorldCup?src=hash&amp;ref_src=twsrc%5Etfw\">#MTBWorldCup<\/a> <a href=\"https:\/\/t.co\/jd4pXCj9ga\">pic.twitter.com\/jd4pXCj9ga<\/a><\/p>\n<p>\u2014 Eurosport (@eurosport) <a href=\"https:\/\/twitter.com\/eurosport\/status\/1700187338867868022?ref_src=twsrc%5Etfw\">September 8, 2023<\/a><\/p><\/blockquote>\n<p><script async src=\"https:\/\/platform.twitter.com\/widgets.js\" charset=\"utf-8\"><\/script><\/p>\n<p style=\"text-align: justify;\" align=\"justify\">En difficult\u00e9 sur le dernier tour, <strong>Loana Lecomte<\/strong> a termin\u00e9 cinqui\u00e8me \u00e0 17 secondes derri\u00e8re <strong>Haley Batten<\/strong>. Pour les deux autres Fran\u00e7aises, <strong>Line Burquier<\/strong> a termin\u00e9 23\u1d49 \u00e0 1:04 et <strong>Lena G\u00e9rault,<\/strong> 25\u1d49, \u00e0 1:16.<\/p>\n<h2 style=\"text-align: justify;\">\u00c0 lire aussi<\/h2>\n<ul>\n<li style=\"text-align: justify;\"><strong><a href=\"https:\/\/dicodusport.fr\/blog\/vtt-xcc-les-gets-classement-de-la-course-femmes\/\">Le classement de la course femmes de VTT Short track des Gets<\/a><br \/>\n<\/strong><\/li>\n<li style=\"text-align: justify;\"><a href=\"https:\/\/dicodusport.fr\/blog\/vtt-cross-country-classement-general-coupe-du-monde-2023\/\"><strong>Classement g\u00e9n\u00e9ral Coupe du monde de VTT Cross-country<\/strong><\/a><\/li>\n<li style=\"text-align: justify;\"><a href=\"https:\/\/dicodusport.fr\/blog\/vtt-xc-coupe-du-monde-2023-calendrier-et-resultats\/\"><strong>Calendrier et r\u00e9sultats de la Coupe du monde de VTT Cross-country 2023<\/strong><\/a><\/li>\n<\/ul>\n","protected":false},"excerpt":{"rendered":"<p>VTT XCC LES GETS &#8211; En l&rsquo;absence de Jolanda Neff et de Pauline Ferrand-Prevot, Puck Pieterse s&rsquo;est impos\u00e9e, vendredi ce soir, sur la XCC des Gets, en France. Elle a devanc\u00e9 Evie Richards et Alessandra Keller.\u00a0\u00a0<\/p>\n","protected":false},"author":48,"featured_media":416904,"comment_status":"open","ping_status":"closed","sticky":false,"template":"","format":"standard","meta":{"_acf_changed":false,"_daextam_enable_autolinks":"","footnotes":""},"categories":[10279],"tags":[16878,1530,34212],"class_list":["post-416826","post","type-post","status-publish","format-standard","has-post-thumbnail","hentry","category-vtt","tag-breve","tag-coupe-du-monde","tag-vtt-xcc-les-gets"],"acf":[],"yoast_head":"<!-- This site is optimized with the Yoast SEO Premium plugin v26.7 (Yoast SEO v26.7) - https:\/\/yoast.com\/wordpress\/plugins\/seo\/ -->\n<title>VTT XCC Les Gets : Puck Pieterse s&#039;impose avec autorit\u00e9<\/title>\n<meta name=\"description\" content=\"VTT XCC LES GETS - En l&#039;absence de Jolanda Neff et de Pauline Ferrand-Prevot, s&#039;est impos\u00e9e, ce soir, sur la XCC des Gets, en France.\" \/>\n<meta name=\"robots\" content=\"index, follow, max-snippet:-1, max-image-preview:large, max-video-preview:-1\" \/>\n<link rel=\"canonical\" href=\"https:\/\/dicodusport.fr\/blog\/vtt-xcc-les-gets-puck-pieterse-simpose-avec-autorite\/\" \/>\n<meta property=\"og:locale\" content=\"fr_FR\" \/>\n<meta property=\"og:type\" content=\"article\" \/>\n<meta property=\"og:title\" content=\"VTT XCC Les Gets : Puck Pieterse s&#039;impose avec autorit\u00e9\" \/>\n<meta property=\"og:description\" content=\"VTT XCC LES GETS - En l&#039;absence de Jolanda Neff et de Pauline Ferrand-Prevot, s&#039;est impos\u00e9e, ce soir, sur la XCC des Gets, en France.\" \/>\n<meta property=\"og:url\" content=\"https:\/\/dicodusport.fr\/blog\/vtt-xcc-les-gets-puck-pieterse-simpose-avec-autorite\/\" \/>\n<meta property=\"og:site_name\" content=\"Dicodusport\" \/>\n<meta property=\"article:publisher\" content=\"https:\/\/www.facebook.com\/dicodusport\" \/>\n<meta property=\"article:author\" content=\"https:\/\/www.facebook.com\/groups\/LesRoisDuPeloton\" \/>\n<meta property=\"article:published_time\" content=\"2023-09-08T16:41:33+00:00\" \/>\n<meta property=\"article:modified_time\" content=\"2023-09-08T19:04:03+00:00\" \/>\n<meta property=\"og:image\" content=\"https:\/\/dicodusport.fr\/blog\/wp-content\/uploads\/2023\/09\/VTT-XCC-Les-Gets-Puck-Pieterse-simpose-avec-autorite-2.png\" \/>\n\t<meta property=\"og:image:width\" content=\"800\" \/>\n\t<meta property=\"og:image:height\" content=\"445\" \/>\n\t<meta property=\"og:image:type\" content=\"image\/png\" \/>\n<meta name=\"author\" content=\"Emilien Descampiaux\" \/>\n<meta name=\"twitter:card\" content=\"summary_large_image\" \/>\n<meta name=\"twitter:title\" content=\"VTT XCC Les Gets : Puck Pieterse s&#039;impose avec autorit\u00e9\" \/>\n<meta name=\"twitter:creator\" content=\"@https:\/\/twitter.com\/LRoisDuPeloton\" \/>\n<meta name=\"twitter:site\" content=\"@dicodusport\" \/>\n<script type=\"application\/ld+json\" class=\"yoast-schema-graph\">{\"@context\":\"https:\/\/schema.org\",\"@graph\":[{\"@type\":\"NewsArticle\",\"@id\":\"https:\/\/dicodusport.fr\/blog\/vtt-xcc-les-gets-puck-pieterse-simpose-avec-autorite\/#article\",\"isPartOf\":{\"@id\":\"https:\/\/dicodusport.fr\/blog\/vtt-xcc-les-gets-puck-pieterse-simpose-avec-autorite\/\"},\"author\":{\"name\":\"Emilien Descampiaux\",\"@id\":\"https:\/\/dicodusport.fr\/blog\/#\/schema\/person\/6db4bae06b171592211be385b32876a7\"},\"headline\":\"VTT XCC Les Gets : Puck Pieterse s&rsquo;impose avec autorit\u00e9\",\"datePublished\":\"2023-09-08T16:41:33+00:00\",\"dateModified\":\"2023-09-08T19:04:03+00:00\",\"mainEntityOfPage\":{\"@id\":\"https:\/\/dicodusport.fr\/blog\/vtt-xcc-les-gets-puck-pieterse-simpose-avec-autorite\/\"},\"wordCount\":350,\"commentCount\":0,\"publisher\":{\"@id\":\"https:\/\/dicodusport.fr\/blog\/#organization\"},\"image\":{\"@id\":\"https:\/\/dicodusport.fr\/blog\/vtt-xcc-les-gets-puck-pieterse-simpose-avec-autorite\/#primaryimage\"},\"thumbnailUrl\":\"https:\/\/dicodusport.fr\/blog\/wp-content\/uploads\/2023\/09\/VTT-XCC-Les-Gets-Puck-Pieterse-simpose-avec-autorite-2.png\",\"keywords\":[\"br\u00e8ve\",\"Coupe du monde\",\"VTT XCC Les Gets\"],\"articleSection\":[\"VTT\"],\"inLanguage\":\"fr-FR\",\"potentialAction\":[{\"@type\":\"CommentAction\",\"name\":\"Comment\",\"target\":[\"https:\/\/dicodusport.fr\/blog\/vtt-xcc-les-gets-puck-pieterse-simpose-avec-autorite\/#respond\"]}],\"copyrightYear\":\"2023\",\"copyrightHolder\":{\"@id\":\"https:\/\/dicodusport.fr\/blog\/#organization\"}},{\"@type\":\"WebPage\",\"@id\":\"https:\/\/dicodusport.fr\/blog\/vtt-xcc-les-gets-puck-pieterse-simpose-avec-autorite\/\",\"url\":\"https:\/\/dicodusport.fr\/blog\/vtt-xcc-les-gets-puck-pieterse-simpose-avec-autorite\/\",\"name\":\"VTT XCC Les Gets : Puck Pieterse s'impose avec autorit\u00e9\",\"isPartOf\":{\"@id\":\"https:\/\/dicodusport.fr\/blog\/#website\"},\"primaryImageOfPage\":{\"@id\":\"https:\/\/dicodusport.fr\/blog\/vtt-xcc-les-gets-puck-pieterse-simpose-avec-autorite\/#primaryimage\"},\"image\":{\"@id\":\"https:\/\/dicodusport.fr\/blog\/vtt-xcc-les-gets-puck-pieterse-simpose-avec-autorite\/#primaryimage\"},\"thumbnailUrl\":\"https:\/\/dicodusport.fr\/blog\/wp-content\/uploads\/2023\/09\/VTT-XCC-Les-Gets-Puck-Pieterse-simpose-avec-autorite-2.png\",\"datePublished\":\"2023-09-08T16:41:33+00:00\",\"dateModified\":\"2023-09-08T19:04:03+00:00\",\"description\":\"VTT XCC LES GETS - En l'absence de Jolanda Neff et de Pauline Ferrand-Prevot, s'est impos\u00e9e, ce soir, sur la XCC des Gets, en France.\",\"breadcrumb\":{\"@id\":\"https:\/\/dicodusport.fr\/blog\/vtt-xcc-les-gets-puck-pieterse-simpose-avec-autorite\/#breadcrumb\"},\"inLanguage\":\"fr-FR\",\"potentialAction\":[{\"@type\":\"ReadAction\",\"target\":[\"https:\/\/dicodusport.fr\/blog\/vtt-xcc-les-gets-puck-pieterse-simpose-avec-autorite\/\"]}]},{\"@type\":\"ImageObject\",\"inLanguage\":\"fr-FR\",\"@id\":\"https:\/\/dicodusport.fr\/blog\/vtt-xcc-les-gets-puck-pieterse-simpose-avec-autorite\/#primaryimage\",\"url\":\"https:\/\/dicodusport.fr\/blog\/wp-content\/uploads\/2023\/09\/VTT-XCC-Les-Gets-Puck-Pieterse-simpose-avec-autorite-2.png\",\"contentUrl\":\"https:\/\/dicodusport.fr\/blog\/wp-content\/uploads\/2023\/09\/VTT-XCC-Les-Gets-Puck-Pieterse-simpose-avec-autorite-2.png\",\"width\":800,\"height\":445,\"caption\":\"VTT XCC Les Gets Puck Pieterse s'impose avec autorit\u00e9 (2)\"},{\"@type\":\"BreadcrumbList\",\"@id\":\"https:\/\/dicodusport.fr\/blog\/vtt-xcc-les-gets-puck-pieterse-simpose-avec-autorite\/#breadcrumb\",\"itemListElement\":[{\"@type\":\"ListItem\",\"position\":1,\"name\":\"Accueil\",\"item\":\"https:\/\/dicodusport.fr\/blog\/\"},{\"@type\":\"ListItem\",\"position\":2,\"name\":\"VTT XCC Les Gets : Puck Pieterse s&rsquo;impose avec autorit\u00e9\"}]},{\"@type\":\"WebSite\",\"@id\":\"https:\/\/dicodusport.fr\/blog\/#website\",\"url\":\"https:\/\/dicodusport.fr\/blog\/\",\"name\":\"Dicodusport\",\"description\":\"L&#039;encyclop\u00e9die de l&#039;actualit\u00e9 sportive\",\"publisher\":{\"@id\":\"https:\/\/dicodusport.fr\/blog\/#organization\"},\"potentialAction\":[{\"@type\":\"SearchAction\",\"target\":{\"@type\":\"EntryPoint\",\"urlTemplate\":\"https:\/\/dicodusport.fr\/blog\/?s={search_term_string}\"},\"query-input\":{\"@type\":\"PropertyValueSpecification\",\"valueRequired\":true,\"valueName\":\"search_term_string\"}}],\"inLanguage\":\"fr-FR\"},{\"@type\":\"NewsMediaOrganization\",\"@id\":\"https:\/\/dicodusport.fr\/blog\/#organization\",\"name\":\"Dicodusport\",\"url\":\"https:\/\/dicodusport.fr\/blog\/\",\"logo\":{\"@type\":\"ImageObject\",\"inLanguage\":\"fr-FR\",\"@id\":\"https:\/\/dicodusport.fr\/blog\/#\/schema\/logo\/image\/\",\"url\":\"https:\/\/dicodusport.fr\/blog\/wp-content\/uploads\/2020\/06\/cropped-LOGO-DICODUSPORT-2020-SANS-FOND-SANS-TEXTE.png\",\"contentUrl\":\"https:\/\/dicodusport.fr\/blog\/wp-content\/uploads\/2020\/06\/cropped-LOGO-DICODUSPORT-2020-SANS-FOND-SANS-TEXTE.png\",\"width\":512,\"height\":512,\"caption\":\"Dicodusport\"},\"image\":{\"@id\":\"https:\/\/dicodusport.fr\/blog\/#\/schema\/logo\/image\/\"},\"sameAs\":[\"https:\/\/www.facebook.com\/dicodusport\",\"https:\/\/x.com\/dicodusport\",\"https:\/\/www.instagram.com\/dicodusport\/\",\"https:\/\/www.youtube.com\/channel\/UC7V2KZ5sd3htJivAbA4ZG3w\"],\"description\":\"Dicodusport est l'encyclop\u00e9die de l'actualit\u00e9 sportive.\",\"email\":\"bonjour@dicodusport.fr\",\"legalName\":\"DICODUSPORT\",\"foundingDate\":\"2018-01-14\",\"vatID\":\"FR71834470973\",\"taxID\":\"83447097300043\",\"numberOfEmployees\":{\"@type\":\"QuantitativeValue\",\"minValue\":\"1\",\"maxValue\":\"10\"}},{\"@type\":\"Person\",\"@id\":\"https:\/\/dicodusport.fr\/blog\/#\/schema\/person\/6db4bae06b171592211be385b32876a7\",\"name\":\"Emilien Descampiaux\",\"image\":{\"@type\":\"ImageObject\",\"inLanguage\":\"fr-FR\",\"@id\":\"https:\/\/dicodusport.fr\/blog\/#\/schema\/person\/image\/\",\"url\":\"https:\/\/dicodusport.fr\/blog\/wp-content\/uploads\/2021\/05\/Emilien-Descampiaux-150x150.jpg\",\"contentUrl\":\"https:\/\/dicodusport.fr\/blog\/wp-content\/uploads\/2021\/05\/Emilien-Descampiaux-150x150.jpg\",\"caption\":\"Emilien Descampiaux\"},\"description\":\"Journaliste\/r\u00e9dacteur depuis 2014 - Fan de la classe de Frank Vandenbroucke, je vis cyclisme (et de ses paysages) depuis plus de 20 ans. Je suis tr\u00e8s impliqu\u00e9 sur mes diff\u00e9rents r\u00e9seaux sociaux pour partager ma passion sur le monde et l'Histoire de la bicyclette avec ma voix sur les images en noir et blanc du succ\u00e8s de Rik Van Steenbergen lors du Ronde sur le V\u00e9lodrome de Gand.\",\"sameAs\":[\"https:\/\/www.facebook.com\/groups\/LesRoisDuPeloton\",\"https:\/\/x.com\/https:\/\/twitter.com\/LRoisDuPeloton\"],\"url\":\"https:\/\/dicodusport.fr\/blog\/author\/emiliend\/\"}]}<\/script>\n<!-- \/ Yoast SEO Premium plugin. -->","yoast_head_json":{"title":"VTT XCC Les Gets : Puck Pieterse s'impose avec autorit\u00e9","description":"VTT XCC LES GETS - En l'absence de Jolanda Neff et de Pauline Ferrand-Prevot, s'est impos\u00e9e, ce soir, sur la XCC des Gets, en France.","robots":{"index":"index","follow":"follow","max-snippet":"max-snippet:-1","max-image-preview":"max-image-preview:large","max-video-preview":"max-video-preview:-1"},"canonical":"https:\/\/dicodusport.fr\/blog\/vtt-xcc-les-gets-puck-pieterse-simpose-avec-autorite\/","og_locale":"fr_FR","og_type":"article","og_title":"VTT XCC Les Gets : Puck Pieterse s'impose avec autorit\u00e9","og_description":"VTT XCC LES GETS - En l'absence de Jolanda Neff et de Pauline Ferrand-Prevot, s'est impos\u00e9e, ce soir, sur la XCC des Gets, en France.","og_url":"https:\/\/dicodusport.fr\/blog\/vtt-xcc-les-gets-puck-pieterse-simpose-avec-autorite\/","og_site_name":"Dicodusport","article_publisher":"https:\/\/www.facebook.com\/dicodusport","article_author":"https:\/\/www.facebook.com\/groups\/LesRoisDuPeloton","article_published_time":"2023-09-08T16:41:33+00:00","article_modified_time":"2023-09-08T19:04:03+00:00","og_image":[{"width":800,"height":445,"url":"https:\/\/dicodusport.fr\/blog\/wp-content\/uploads\/2023\/09\/VTT-XCC-Les-Gets-Puck-Pieterse-simpose-avec-autorite-2.png","type":"image\/png"}],"author":"Emilien Descampiaux","twitter_card":"summary_large_image","twitter_title":"VTT XCC Les Gets : Puck Pieterse s'impose avec autorit\u00e9","twitter_creator":"@https:\/\/twitter.com\/LRoisDuPeloton","twitter_site":"@dicodusport","schema":{"@context":"https:\/\/schema.org","@graph":[{"@type":"NewsArticle","@id":"https:\/\/dicodusport.fr\/blog\/vtt-xcc-les-gets-puck-pieterse-simpose-avec-autorite\/#article","isPartOf":{"@id":"https:\/\/dicodusport.fr\/blog\/vtt-xcc-les-gets-puck-pieterse-simpose-avec-autorite\/"},"author":{"name":"Emilien Descampiaux","@id":"https:\/\/dicodusport.fr\/blog\/#\/schema\/person\/6db4bae06b171592211be385b32876a7"},"headline":"VTT XCC Les Gets : Puck Pieterse s&rsquo;impose avec autorit\u00e9","datePublished":"2023-09-08T16:41:33+00:00","dateModified":"2023-09-08T19:04:03+00:00","mainEntityOfPage":{"@id":"https:\/\/dicodusport.fr\/blog\/vtt-xcc-les-gets-puck-pieterse-simpose-avec-autorite\/"},"wordCount":350,"commentCount":0,"publisher":{"@id":"https:\/\/dicodusport.fr\/blog\/#organization"},"image":{"@id":"https:\/\/dicodusport.fr\/blog\/vtt-xcc-les-gets-puck-pieterse-simpose-avec-autorite\/#primaryimage"},"thumbnailUrl":"https:\/\/dicodusport.fr\/blog\/wp-content\/uploads\/2023\/09\/VTT-XCC-Les-Gets-Puck-Pieterse-simpose-avec-autorite-2.png","keywords":["br\u00e8ve","Coupe du monde","VTT XCC Les Gets"],"articleSection":["VTT"],"inLanguage":"fr-FR","potentialAction":[{"@type":"CommentAction","name":"Comment","target":["https:\/\/dicodusport.fr\/blog\/vtt-xcc-les-gets-puck-pieterse-simpose-avec-autorite\/#respond"]}],"copyrightYear":"2023","copyrightHolder":{"@id":"https:\/\/dicodusport.fr\/blog\/#organization"}},{"@type":"WebPage","@id":"https:\/\/dicodusport.fr\/blog\/vtt-xcc-les-gets-puck-pieterse-simpose-avec-autorite\/","url":"https:\/\/dicodusport.fr\/blog\/vtt-xcc-les-gets-puck-pieterse-simpose-avec-autorite\/","name":"VTT XCC Les Gets : Puck Pieterse s'impose avec autorit\u00e9","isPartOf":{"@id":"https:\/\/dicodusport.fr\/blog\/#website"},"primaryImageOfPage":{"@id":"https:\/\/dicodusport.fr\/blog\/vtt-xcc-les-gets-puck-pieterse-simpose-avec-autorite\/#primaryimage"},"image":{"@id":"https:\/\/dicodusport.fr\/blog\/vtt-xcc-les-gets-puck-pieterse-simpose-avec-autorite\/#primaryimage"},"thumbnailUrl":"https:\/\/dicodusport.fr\/blog\/wp-content\/uploads\/2023\/09\/VTT-XCC-Les-Gets-Puck-Pieterse-simpose-avec-autorite-2.png","datePublished":"2023-09-08T16:41:33+00:00","dateModified":"2023-09-08T19:04:03+00:00","description":"VTT XCC LES GETS - En l'absence de Jolanda Neff et de Pauline Ferrand-Prevot, s'est impos\u00e9e, ce soir, sur la XCC des Gets, en France.","breadcrumb":{"@id":"https:\/\/dicodusport.fr\/blog\/vtt-xcc-les-gets-puck-pieterse-simpose-avec-autorite\/#breadcrumb"},"inLanguage":"fr-FR","potentialAction":[{"@type":"ReadAction","target":["https:\/\/dicodusport.fr\/blog\/vtt-xcc-les-gets-puck-pieterse-simpose-avec-autorite\/"]}]},{"@type":"ImageObject","inLanguage":"fr-FR","@id":"https:\/\/dicodusport.fr\/blog\/vtt-xcc-les-gets-puck-pieterse-simpose-avec-autorite\/#primaryimage","url":"https:\/\/dicodusport.fr\/blog\/wp-content\/uploads\/2023\/09\/VTT-XCC-Les-Gets-Puck-Pieterse-simpose-avec-autorite-2.png","contentUrl":"https:\/\/dicodusport.fr\/blog\/wp-content\/uploads\/2023\/09\/VTT-XCC-Les-Gets-Puck-Pieterse-simpose-avec-autorite-2.png","width":800,"height":445,"caption":"VTT XCC Les Gets Puck Pieterse s'impose avec autorit\u00e9 (2)"},{"@type":"BreadcrumbList","@id":"https:\/\/dicodusport.fr\/blog\/vtt-xcc-les-gets-puck-pieterse-simpose-avec-autorite\/#breadcrumb","itemListElement":[{"@type":"ListItem","position":1,"name":"Accueil","item":"https:\/\/dicodusport.fr\/blog\/"},{"@type":"ListItem","position":2,"name":"VTT XCC Les Gets : Puck Pieterse s&rsquo;impose avec autorit\u00e9"}]},{"@type":"WebSite","@id":"https:\/\/dicodusport.fr\/blog\/#website","url":"https:\/\/dicodusport.fr\/blog\/","name":"Dicodusport","description":"L&#039;encyclop\u00e9die de l&#039;actualit\u00e9 sportive","publisher":{"@id":"https:\/\/dicodusport.fr\/blog\/#organization"},"potentialAction":[{"@type":"SearchAction","target":{"@type":"EntryPoint","urlTemplate":"https:\/\/dicodusport.fr\/blog\/?s={search_term_string}"},"query-input":{"@type":"PropertyValueSpecification","valueRequired":true,"valueName":"search_term_string"}}],"inLanguage":"fr-FR"},{"@type":"NewsMediaOrganization","@id":"https:\/\/dicodusport.fr\/blog\/#organization","name":"Dicodusport","url":"https:\/\/dicodusport.fr\/blog\/","logo":{"@type":"ImageObject","inLanguage":"fr-FR","@id":"https:\/\/dicodusport.fr\/blog\/#\/schema\/logo\/image\/","url":"https:\/\/dicodusport.fr\/blog\/wp-content\/uploads\/2020\/06\/cropped-LOGO-DICODUSPORT-2020-SANS-FOND-SANS-TEXTE.png","contentUrl":"https:\/\/dicodusport.fr\/blog\/wp-content\/uploads\/2020\/06\/cropped-LOGO-DICODUSPORT-2020-SANS-FOND-SANS-TEXTE.png","width":512,"height":512,"caption":"Dicodusport"},"image":{"@id":"https:\/\/dicodusport.fr\/blog\/#\/schema\/logo\/image\/"},"sameAs":["https:\/\/www.facebook.com\/dicodusport","https:\/\/x.com\/dicodusport","https:\/\/www.instagram.com\/dicodusport\/","https:\/\/www.youtube.com\/channel\/UC7V2KZ5sd3htJivAbA4ZG3w"],"description":"Dicodusport est l'encyclop\u00e9die de l'actualit\u00e9 sportive.","email":"bonjour@dicodusport.fr","legalName":"DICODUSPORT","foundingDate":"2018-01-14","vatID":"FR71834470973","taxID":"83447097300043","numberOfEmployees":{"@type":"QuantitativeValue","minValue":"1","maxValue":"10"}},{"@type":"Person","@id":"https:\/\/dicodusport.fr\/blog\/#\/schema\/person\/6db4bae06b171592211be385b32876a7","name":"Emilien Descampiaux","image":{"@type":"ImageObject","inLanguage":"fr-FR","@id":"https:\/\/dicodusport.fr\/blog\/#\/schema\/person\/image\/","url":"https:\/\/dicodusport.fr\/blog\/wp-content\/uploads\/2021\/05\/Emilien-Descampiaux-150x150.jpg","contentUrl":"https:\/\/dicodusport.fr\/blog\/wp-content\/uploads\/2021\/05\/Emilien-Descampiaux-150x150.jpg","caption":"Emilien Descampiaux"},"description":"Journaliste\/r\u00e9dacteur depuis 2014 - Fan de la classe de Frank Vandenbroucke, je vis cyclisme (et de ses paysages) depuis plus de 20 ans. Je suis tr\u00e8s impliqu\u00e9 sur mes diff\u00e9rents r\u00e9seaux sociaux pour partager ma passion sur le monde et l'Histoire de la bicyclette avec ma voix sur les images en noir et blanc du succ\u00e8s de Rik Van Steenbergen lors du Ronde sur le V\u00e9lodrome de Gand.","sameAs":["https:\/\/www.facebook.com\/groups\/LesRoisDuPeloton","https:\/\/x.com\/https:\/\/twitter.com\/LRoisDuPeloton"],"url":"https:\/\/dicodusport.fr\/blog\/author\/emiliend\/"}]}},"_links":{"self":[{"href":"https:\/\/dicodusport.fr\/blog\/wp-json\/wp\/v2\/posts\/416826","targetHints":{"allow":["GET"]}}],"collection":[{"href":"https:\/\/dicodusport.fr\/blog\/wp-json\/wp\/v2\/posts"}],"about":[{"href":"https:\/\/dicodusport.fr\/blog\/wp-json\/wp\/v2\/types\/post"}],"author":[{"embeddable":true,"href":"https:\/\/dicodusport.fr\/blog\/wp-json\/wp\/v2\/users\/48"}],"replies":[{"embeddable":true,"href":"https:\/\/dicodusport.fr\/blog\/wp-json\/wp\/v2\/comments?post=416826"}],"version-history":[{"count":0,"href":"https:\/\/dicodusport.fr\/blog\/wp-json\/wp\/v2\/posts\/416826\/revisions"}],"wp:featuredmedia":[{"embeddable":true,"href":"https:\/\/dicodusport.fr\/blog\/wp-json\/wp\/v2\/media\/416904"}],"wp:attachment":[{"href":"https:\/\/dicodusport.fr\/blog\/wp-json\/wp\/v2\/media?parent=416826"}],"wp:term":[{"taxonomy":"category","embeddable":true,"href":"https:\/\/dicodusport.fr\/blog\/wp-json\/wp\/v2\/categories?post=416826"},{"taxonomy":"post_tag","embeddable":true,"href":"https:\/\/dicodusport.fr\/blog\/wp-json\/wp\/v2\/tags?post=416826"}],"curies":[{"name":"wp","href":"https:\/\/api.w.org\/{rel}","templated":true}]}}