{"id":416858,"date":"2023-09-08T19:27:48","date_gmt":"2023-09-08T17:27:48","guid":{"rendered":"https:\/\/dicodusport.fr\/blog\/?p=416858&#038;preview=true&#038;preview_id=416858"},"modified":"2023-09-09T01:37:11","modified_gmt":"2023-09-08T23:37:11","slug":"vtt-xcc-les-gets-double-francais-victor-koretzky-gagne-devant-jordan-sarrou","status":"publish","type":"post","link":"https:\/\/dicodusport.fr\/blog\/vtt-xcc-les-gets-double-francais-victor-koretzky-gagne-devant-jordan-sarrou\/","title":{"rendered":"VTT XCC Les Gets : Doubl\u00e9 fran\u00e7ais, Victor Koretzky gagne devant Jordan Sarrou"},"content":{"rendered":"<p style=\"text-align: justify;\" align=\"justify\"><em><strong>VTT XCC LES GETS &#8211; Victor Koretzky s&rsquo;est impos\u00e9, ce vendredi soir, sur la XCC des Gets, en France. Il a pris le meilleur sur Jordan Sarrou et Luca Schwarzbauer.\u00a0 Nino Schurter a d\u00e9clar\u00e9 forfait pour ce format court.\u00a0<\/strong><\/em><\/p>\n<p style=\"text-align: justify;\" align=\"justify\">D&rsquo;abord, <strong>Luca Schwarzbauer<\/strong> a appliqu\u00e9 son plan habituel en d\u00e9but de course en imposant son rythme alors que <strong>Victor Koretzky<\/strong> a r\u00e9alis\u00e9 une belle remont\u00e9e, tout comme le champion d&rsquo;Europe de la discipline, <strong>David Campos Motos<\/strong>. En effet, il \u00e9tait parti en troisi\u00e8me ligne et a pris les commandes de la course \u00e0 la mi-course, alors que l&rsquo;Espagnol a pay\u00e9 ses efforts dans la seconde moiti\u00e9 de la course. Puis, <strong>Luca Schwarzbauer<\/strong> a repris les commandes d&rsquo;un peloton de 25 coureurs en file indienne. <strong>Jordan Sarrou<\/strong> est toujours rest\u00e9 plac\u00e9 aux avant-postes tout comme <strong>Joshua Dubau<\/strong>.<\/p>\n<p style=\"text-align: justify;\" align=\"justify\">Finalement, <strong>Victor Koretzky <\/strong>a port\u00e9 une puissante attaque \u00e0 l&rsquo;entame du dernier tour. <strong>Jordan Sarrou\u00a0<\/strong>est rest\u00e9 dans son sillage tandis que <strong>Luca Schwarzbauer\u00a0<\/strong>a eu du mal \u00e0 suivre. <strong>Victor Koretzky <\/strong>a r\u00e9sist\u00e9 dans les derniers m\u00e8tres \u00e0 son compatriote pour signer sa troisi\u00e8me victoire en Coupe du monde et en short-track apr\u00e8s ses succ\u00e8s en 2021 \u00e0 Albstadt et \u00e0 Lenzerheide.<\/p>\n<blockquote class=\"twitter-tweet\">\n<p dir=\"ltr\" lang=\"fr\">\ud83c\uddeb\ud83c\uddf7 Doubl\u00e9 fran\u00e7ais aux Gets ! Victor Koretzky s&rsquo;impose devant Jordan Sarrou sur l&rsquo;\u00e9preuve de short track !<\/p>\n<p>Suivez la Coupe du monde de VTT sur Eurosport <a href=\"https:\/\/twitter.com\/hashtag\/MTBWorldCup?src=hash&amp;ref_src=twsrc%5Etfw\">#MTBWorldCup<\/a> <a href=\"https:\/\/t.co\/baufNXpwB2\">https:\/\/t.co\/baufNXpwB2<\/a> <a href=\"https:\/\/t.co\/lJoDVGPSJs\">pic.twitter.com\/lJoDVGPSJs<\/a><\/p>\n<p>\u2014 Eurosport France (@Eurosport_FR) <a href=\"https:\/\/twitter.com\/Eurosport_FR\/status\/1700202744777166870?ref_src=twsrc%5Etfw\">September 8, 2023<\/a><\/p><\/blockquote>\n<p><script async src=\"https:\/\/platform.twitter.com\/widgets.js\" charset=\"utf-8\"><\/script><\/p>\n<p style=\"text-align: justify;\" align=\"justify\"><strong>Luca Schwarzbauer\u00a0<\/strong>a compl\u00e9t\u00e9 le podium \u00e0 deux secondes devant <strong>Jens Schuermans\u00a0<\/strong>qu&rsquo;il a tass\u00e9 dans le dernier virage. <strong>Joshua Dubau <\/strong>a fini 6\u1d49 \u00e0 six secondes.<\/p>\n<h2 style=\"text-align: justify;\">\u00c0 lire aussi<\/h2>\n<ul>\n<li style=\"text-align: justify;\"><strong><a href=\"https:\/\/dicodusport.fr\/blog\/vtt-xcc-les-gets-classement-de-la-course-hommes\/\">Le classement de la course hommes de VTT Short track des Gets<\/a><br \/>\n<\/strong><\/li>\n<li style=\"text-align: justify;\"><a href=\"https:\/\/dicodusport.fr\/blog\/vtt-cross-country-classement-general-coupe-du-monde-2023\/#hommes\"><strong>Classement g\u00e9n\u00e9ral Coupe du monde de VTT Cross-country<\/strong><\/a><\/li>\n<li style=\"text-align: justify;\"><a href=\"https:\/\/dicodusport.fr\/blog\/vtt-xc-coupe-du-monde-2023-calendrier-et-resultats\/\"><strong>Calendrier et r\u00e9sultats de la Coupe du monde de VTT Cross-country 2023<\/strong><\/a><\/li>\n<\/ul>\n","protected":false},"excerpt":{"rendered":"<p>VTT XCC LES GETS &#8211; Victor Koretzky s&rsquo;est impos\u00e9, ce vendredi soir, sur la XCC des Gets, en France. Il a pris le meilleur sur Jordan Sarrou et Luca Schwarzbauer.\u00a0 Nino Schurter a d\u00e9clar\u00e9 forfait pour ce format court.\u00a0<\/p>\n","protected":false},"author":48,"featured_media":416905,"comment_status":"open","ping_status":"closed","sticky":false,"template":"","format":"standard","meta":{"_acf_changed":false,"_daextam_enable_autolinks":"","footnotes":""},"categories":[10279],"tags":[16878,1530,34212],"class_list":["post-416858","post","type-post","status-publish","format-standard","has-post-thumbnail","hentry","category-vtt","tag-breve","tag-coupe-du-monde","tag-vtt-xcc-les-gets"],"acf":[],"yoast_head":"<!-- This site is optimized with the Yoast SEO Premium plugin v26.7 (Yoast SEO v26.7) - https:\/\/yoast.com\/wordpress\/plugins\/seo\/ -->\n<title>VTT XCC Les Gets : Doubl\u00e9 fran\u00e7ais, Victor Koretzky gagne devant Jordan Sarrou<\/title>\n<meta name=\"description\" content=\"VTT XCC LES GETS - Victor Koretzky s&#039;est impos\u00e9, ce vendredi soir, sur la XCC des Gets, en France.\" \/>\n<meta name=\"robots\" content=\"index, follow, max-snippet:-1, max-image-preview:large, max-video-preview:-1\" \/>\n<link rel=\"canonical\" href=\"https:\/\/dicodusport.fr\/blog\/vtt-xcc-les-gets-double-francais-victor-koretzky-gagne-devant-jordan-sarrou\/\" \/>\n<meta property=\"og:locale\" content=\"fr_FR\" \/>\n<meta property=\"og:type\" content=\"article\" \/>\n<meta property=\"og:title\" content=\"VTT XCC Les Gets : Doubl\u00e9 fran\u00e7ais, Victor Koretzky gagne devant Jordan Sarrou\" \/>\n<meta property=\"og:description\" content=\"VTT XCC LES GETS - Victor Koretzky s&#039;est impos\u00e9, ce vendredi soir, sur la XCC des Gets, en France.\" \/>\n<meta property=\"og:url\" content=\"https:\/\/dicodusport.fr\/blog\/vtt-xcc-les-gets-double-francais-victor-koretzky-gagne-devant-jordan-sarrou\/\" \/>\n<meta property=\"og:site_name\" content=\"Dicodusport\" \/>\n<meta property=\"article:publisher\" content=\"https:\/\/www.facebook.com\/dicodusport\" \/>\n<meta property=\"article:author\" content=\"https:\/\/www.facebook.com\/groups\/LesRoisDuPeloton\" \/>\n<meta property=\"article:published_time\" content=\"2023-09-08T17:27:48+00:00\" \/>\n<meta property=\"article:modified_time\" content=\"2023-09-08T23:37:11+00:00\" \/>\n<meta property=\"og:image\" content=\"https:\/\/dicodusport.fr\/blog\/wp-content\/uploads\/2023\/09\/VTT-XCC-Les-Gets-Double-francais-Victor-Koretzky-gagne-devant-Jordan-Sarrou-1.png\" \/>\n\t<meta property=\"og:image:width\" content=\"800\" \/>\n\t<meta property=\"og:image:height\" content=\"445\" \/>\n\t<meta property=\"og:image:type\" content=\"image\/png\" \/>\n<meta name=\"author\" content=\"Emilien Descampiaux\" \/>\n<meta name=\"twitter:card\" content=\"summary_large_image\" \/>\n<meta name=\"twitter:title\" content=\"VTT XCC Les Gets : Doubl\u00e9 fran\u00e7ais, Victor Koretzky gagne devant Jordan Sarrou\" \/>\n<meta name=\"twitter:creator\" content=\"@https:\/\/twitter.com\/LRoisDuPeloton\" \/>\n<meta name=\"twitter:site\" content=\"@dicodusport\" \/>\n<script type=\"application\/ld+json\" class=\"yoast-schema-graph\">{\"@context\":\"https:\/\/schema.org\",\"@graph\":[{\"@type\":\"NewsArticle\",\"@id\":\"https:\/\/dicodusport.fr\/blog\/vtt-xcc-les-gets-double-francais-victor-koretzky-gagne-devant-jordan-sarrou\/#article\",\"isPartOf\":{\"@id\":\"https:\/\/dicodusport.fr\/blog\/vtt-xcc-les-gets-double-francais-victor-koretzky-gagne-devant-jordan-sarrou\/\"},\"author\":{\"name\":\"Emilien Descampiaux\",\"@id\":\"https:\/\/dicodusport.fr\/blog\/#\/schema\/person\/6db4bae06b171592211be385b32876a7\"},\"headline\":\"VTT XCC Les Gets : Doubl\u00e9 fran\u00e7ais, Victor Koretzky gagne devant Jordan Sarrou\",\"datePublished\":\"2023-09-08T17:27:48+00:00\",\"dateModified\":\"2023-09-08T23:37:11+00:00\",\"mainEntityOfPage\":{\"@id\":\"https:\/\/dicodusport.fr\/blog\/vtt-xcc-les-gets-double-francais-victor-koretzky-gagne-devant-jordan-sarrou\/\"},\"wordCount\":322,\"commentCount\":0,\"publisher\":{\"@id\":\"https:\/\/dicodusport.fr\/blog\/#organization\"},\"image\":{\"@id\":\"https:\/\/dicodusport.fr\/blog\/vtt-xcc-les-gets-double-francais-victor-koretzky-gagne-devant-jordan-sarrou\/#primaryimage\"},\"thumbnailUrl\":\"https:\/\/dicodusport.fr\/blog\/wp-content\/uploads\/2023\/09\/VTT-XCC-Les-Gets-Double-francais-Victor-Koretzky-gagne-devant-Jordan-Sarrou-1.png\",\"keywords\":[\"br\u00e8ve\",\"Coupe du monde\",\"VTT XCC Les Gets\"],\"articleSection\":[\"VTT\"],\"inLanguage\":\"fr-FR\",\"potentialAction\":[{\"@type\":\"CommentAction\",\"name\":\"Comment\",\"target\":[\"https:\/\/dicodusport.fr\/blog\/vtt-xcc-les-gets-double-francais-victor-koretzky-gagne-devant-jordan-sarrou\/#respond\"]}],\"copyrightYear\":\"2023\",\"copyrightHolder\":{\"@id\":\"https:\/\/dicodusport.fr\/blog\/#organization\"}},{\"@type\":\"WebPage\",\"@id\":\"https:\/\/dicodusport.fr\/blog\/vtt-xcc-les-gets-double-francais-victor-koretzky-gagne-devant-jordan-sarrou\/\",\"url\":\"https:\/\/dicodusport.fr\/blog\/vtt-xcc-les-gets-double-francais-victor-koretzky-gagne-devant-jordan-sarrou\/\",\"name\":\"VTT XCC Les Gets : Doubl\u00e9 fran\u00e7ais, Victor Koretzky gagne devant Jordan Sarrou\",\"isPartOf\":{\"@id\":\"https:\/\/dicodusport.fr\/blog\/#website\"},\"primaryImageOfPage\":{\"@id\":\"https:\/\/dicodusport.fr\/blog\/vtt-xcc-les-gets-double-francais-victor-koretzky-gagne-devant-jordan-sarrou\/#primaryimage\"},\"image\":{\"@id\":\"https:\/\/dicodusport.fr\/blog\/vtt-xcc-les-gets-double-francais-victor-koretzky-gagne-devant-jordan-sarrou\/#primaryimage\"},\"thumbnailUrl\":\"https:\/\/dicodusport.fr\/blog\/wp-content\/uploads\/2023\/09\/VTT-XCC-Les-Gets-Double-francais-Victor-Koretzky-gagne-devant-Jordan-Sarrou-1.png\",\"datePublished\":\"2023-09-08T17:27:48+00:00\",\"dateModified\":\"2023-09-08T23:37:11+00:00\",\"description\":\"VTT XCC LES GETS - Victor Koretzky s'est impos\u00e9, ce vendredi soir, sur la XCC des Gets, en France.\",\"breadcrumb\":{\"@id\":\"https:\/\/dicodusport.fr\/blog\/vtt-xcc-les-gets-double-francais-victor-koretzky-gagne-devant-jordan-sarrou\/#breadcrumb\"},\"inLanguage\":\"fr-FR\",\"potentialAction\":[{\"@type\":\"ReadAction\",\"target\":[\"https:\/\/dicodusport.fr\/blog\/vtt-xcc-les-gets-double-francais-victor-koretzky-gagne-devant-jordan-sarrou\/\"]}]},{\"@type\":\"ImageObject\",\"inLanguage\":\"fr-FR\",\"@id\":\"https:\/\/dicodusport.fr\/blog\/vtt-xcc-les-gets-double-francais-victor-koretzky-gagne-devant-jordan-sarrou\/#primaryimage\",\"url\":\"https:\/\/dicodusport.fr\/blog\/wp-content\/uploads\/2023\/09\/VTT-XCC-Les-Gets-Double-francais-Victor-Koretzky-gagne-devant-Jordan-Sarrou-1.png\",\"contentUrl\":\"https:\/\/dicodusport.fr\/blog\/wp-content\/uploads\/2023\/09\/VTT-XCC-Les-Gets-Double-francais-Victor-Koretzky-gagne-devant-Jordan-Sarrou-1.png\",\"width\":800,\"height\":445,\"caption\":\"VTT XCC Les Gets Doubl\u00e9 fran\u00e7ais, Victor Koretzky gagne devant Jordan Sarrou (1)\"},{\"@type\":\"BreadcrumbList\",\"@id\":\"https:\/\/dicodusport.fr\/blog\/vtt-xcc-les-gets-double-francais-victor-koretzky-gagne-devant-jordan-sarrou\/#breadcrumb\",\"itemListElement\":[{\"@type\":\"ListItem\",\"position\":1,\"name\":\"Accueil\",\"item\":\"https:\/\/dicodusport.fr\/blog\/\"},{\"@type\":\"ListItem\",\"position\":2,\"name\":\"VTT XCC Les Gets : Doubl\u00e9 fran\u00e7ais, Victor Koretzky gagne devant Jordan Sarrou\"}]},{\"@type\":\"WebSite\",\"@id\":\"https:\/\/dicodusport.fr\/blog\/#website\",\"url\":\"https:\/\/dicodusport.fr\/blog\/\",\"name\":\"Dicodusport\",\"description\":\"L&#039;encyclop\u00e9die de l&#039;actualit\u00e9 sportive\",\"publisher\":{\"@id\":\"https:\/\/dicodusport.fr\/blog\/#organization\"},\"potentialAction\":[{\"@type\":\"SearchAction\",\"target\":{\"@type\":\"EntryPoint\",\"urlTemplate\":\"https:\/\/dicodusport.fr\/blog\/?s={search_term_string}\"},\"query-input\":{\"@type\":\"PropertyValueSpecification\",\"valueRequired\":true,\"valueName\":\"search_term_string\"}}],\"inLanguage\":\"fr-FR\"},{\"@type\":\"NewsMediaOrganization\",\"@id\":\"https:\/\/dicodusport.fr\/blog\/#organization\",\"name\":\"Dicodusport\",\"url\":\"https:\/\/dicodusport.fr\/blog\/\",\"logo\":{\"@type\":\"ImageObject\",\"inLanguage\":\"fr-FR\",\"@id\":\"https:\/\/dicodusport.fr\/blog\/#\/schema\/logo\/image\/\",\"url\":\"https:\/\/dicodusport.fr\/blog\/wp-content\/uploads\/2020\/06\/cropped-LOGO-DICODUSPORT-2020-SANS-FOND-SANS-TEXTE.png\",\"contentUrl\":\"https:\/\/dicodusport.fr\/blog\/wp-content\/uploads\/2020\/06\/cropped-LOGO-DICODUSPORT-2020-SANS-FOND-SANS-TEXTE.png\",\"width\":512,\"height\":512,\"caption\":\"Dicodusport\"},\"image\":{\"@id\":\"https:\/\/dicodusport.fr\/blog\/#\/schema\/logo\/image\/\"},\"sameAs\":[\"https:\/\/www.facebook.com\/dicodusport\",\"https:\/\/x.com\/dicodusport\",\"https:\/\/www.instagram.com\/dicodusport\/\",\"https:\/\/www.youtube.com\/channel\/UC7V2KZ5sd3htJivAbA4ZG3w\"],\"description\":\"Dicodusport est l'encyclop\u00e9die de l'actualit\u00e9 sportive.\",\"email\":\"bonjour@dicodusport.fr\",\"legalName\":\"DICODUSPORT\",\"foundingDate\":\"2018-01-14\",\"vatID\":\"FR71834470973\",\"taxID\":\"83447097300043\",\"numberOfEmployees\":{\"@type\":\"QuantitativeValue\",\"minValue\":\"1\",\"maxValue\":\"10\"}},{\"@type\":\"Person\",\"@id\":\"https:\/\/dicodusport.fr\/blog\/#\/schema\/person\/6db4bae06b171592211be385b32876a7\",\"name\":\"Emilien Descampiaux\",\"image\":{\"@type\":\"ImageObject\",\"inLanguage\":\"fr-FR\",\"@id\":\"https:\/\/dicodusport.fr\/blog\/#\/schema\/person\/image\/\",\"url\":\"https:\/\/dicodusport.fr\/blog\/wp-content\/uploads\/2021\/05\/Emilien-Descampiaux-150x150.jpg\",\"contentUrl\":\"https:\/\/dicodusport.fr\/blog\/wp-content\/uploads\/2021\/05\/Emilien-Descampiaux-150x150.jpg\",\"caption\":\"Emilien Descampiaux\"},\"description\":\"Journaliste\/r\u00e9dacteur depuis 2014 - Fan de la classe de Frank Vandenbroucke, je vis cyclisme (et de ses paysages) depuis plus de 20 ans. Je suis tr\u00e8s impliqu\u00e9 sur mes diff\u00e9rents r\u00e9seaux sociaux pour partager ma passion sur le monde et l'Histoire de la bicyclette avec ma voix sur les images en noir et blanc du succ\u00e8s de Rik Van Steenbergen lors du Ronde sur le V\u00e9lodrome de Gand.\",\"sameAs\":[\"https:\/\/www.facebook.com\/groups\/LesRoisDuPeloton\",\"https:\/\/x.com\/https:\/\/twitter.com\/LRoisDuPeloton\"],\"url\":\"https:\/\/dicodusport.fr\/blog\/author\/emiliend\/\"}]}<\/script>\n<!-- \/ Yoast SEO Premium plugin. -->","yoast_head_json":{"title":"VTT XCC Les Gets : Doubl\u00e9 fran\u00e7ais, Victor Koretzky gagne devant Jordan Sarrou","description":"VTT XCC LES GETS - Victor Koretzky s'est impos\u00e9, ce vendredi soir, sur la XCC des Gets, en France.","robots":{"index":"index","follow":"follow","max-snippet":"max-snippet:-1","max-image-preview":"max-image-preview:large","max-video-preview":"max-video-preview:-1"},"canonical":"https:\/\/dicodusport.fr\/blog\/vtt-xcc-les-gets-double-francais-victor-koretzky-gagne-devant-jordan-sarrou\/","og_locale":"fr_FR","og_type":"article","og_title":"VTT XCC Les Gets : Doubl\u00e9 fran\u00e7ais, Victor Koretzky gagne devant Jordan Sarrou","og_description":"VTT XCC LES GETS - Victor Koretzky s'est impos\u00e9, ce vendredi soir, sur la XCC des Gets, en France.","og_url":"https:\/\/dicodusport.fr\/blog\/vtt-xcc-les-gets-double-francais-victor-koretzky-gagne-devant-jordan-sarrou\/","og_site_name":"Dicodusport","article_publisher":"https:\/\/www.facebook.com\/dicodusport","article_author":"https:\/\/www.facebook.com\/groups\/LesRoisDuPeloton","article_published_time":"2023-09-08T17:27:48+00:00","article_modified_time":"2023-09-08T23:37:11+00:00","og_image":[{"width":800,"height":445,"url":"https:\/\/dicodusport.fr\/blog\/wp-content\/uploads\/2023\/09\/VTT-XCC-Les-Gets-Double-francais-Victor-Koretzky-gagne-devant-Jordan-Sarrou-1.png","type":"image\/png"}],"author":"Emilien Descampiaux","twitter_card":"summary_large_image","twitter_title":"VTT XCC Les Gets : Doubl\u00e9 fran\u00e7ais, Victor Koretzky gagne devant Jordan Sarrou","twitter_creator":"@https:\/\/twitter.com\/LRoisDuPeloton","twitter_site":"@dicodusport","schema":{"@context":"https:\/\/schema.org","@graph":[{"@type":"NewsArticle","@id":"https:\/\/dicodusport.fr\/blog\/vtt-xcc-les-gets-double-francais-victor-koretzky-gagne-devant-jordan-sarrou\/#article","isPartOf":{"@id":"https:\/\/dicodusport.fr\/blog\/vtt-xcc-les-gets-double-francais-victor-koretzky-gagne-devant-jordan-sarrou\/"},"author":{"name":"Emilien Descampiaux","@id":"https:\/\/dicodusport.fr\/blog\/#\/schema\/person\/6db4bae06b171592211be385b32876a7"},"headline":"VTT XCC Les Gets : Doubl\u00e9 fran\u00e7ais, Victor Koretzky gagne devant Jordan Sarrou","datePublished":"2023-09-08T17:27:48+00:00","dateModified":"2023-09-08T23:37:11+00:00","mainEntityOfPage":{"@id":"https:\/\/dicodusport.fr\/blog\/vtt-xcc-les-gets-double-francais-victor-koretzky-gagne-devant-jordan-sarrou\/"},"wordCount":322,"commentCount":0,"publisher":{"@id":"https:\/\/dicodusport.fr\/blog\/#organization"},"image":{"@id":"https:\/\/dicodusport.fr\/blog\/vtt-xcc-les-gets-double-francais-victor-koretzky-gagne-devant-jordan-sarrou\/#primaryimage"},"thumbnailUrl":"https:\/\/dicodusport.fr\/blog\/wp-content\/uploads\/2023\/09\/VTT-XCC-Les-Gets-Double-francais-Victor-Koretzky-gagne-devant-Jordan-Sarrou-1.png","keywords":["br\u00e8ve","Coupe du monde","VTT XCC Les Gets"],"articleSection":["VTT"],"inLanguage":"fr-FR","potentialAction":[{"@type":"CommentAction","name":"Comment","target":["https:\/\/dicodusport.fr\/blog\/vtt-xcc-les-gets-double-francais-victor-koretzky-gagne-devant-jordan-sarrou\/#respond"]}],"copyrightYear":"2023","copyrightHolder":{"@id":"https:\/\/dicodusport.fr\/blog\/#organization"}},{"@type":"WebPage","@id":"https:\/\/dicodusport.fr\/blog\/vtt-xcc-les-gets-double-francais-victor-koretzky-gagne-devant-jordan-sarrou\/","url":"https:\/\/dicodusport.fr\/blog\/vtt-xcc-les-gets-double-francais-victor-koretzky-gagne-devant-jordan-sarrou\/","name":"VTT XCC Les Gets : Doubl\u00e9 fran\u00e7ais, Victor Koretzky gagne devant Jordan Sarrou","isPartOf":{"@id":"https:\/\/dicodusport.fr\/blog\/#website"},"primaryImageOfPage":{"@id":"https:\/\/dicodusport.fr\/blog\/vtt-xcc-les-gets-double-francais-victor-koretzky-gagne-devant-jordan-sarrou\/#primaryimage"},"image":{"@id":"https:\/\/dicodusport.fr\/blog\/vtt-xcc-les-gets-double-francais-victor-koretzky-gagne-devant-jordan-sarrou\/#primaryimage"},"thumbnailUrl":"https:\/\/dicodusport.fr\/blog\/wp-content\/uploads\/2023\/09\/VTT-XCC-Les-Gets-Double-francais-Victor-Koretzky-gagne-devant-Jordan-Sarrou-1.png","datePublished":"2023-09-08T17:27:48+00:00","dateModified":"2023-09-08T23:37:11+00:00","description":"VTT XCC LES GETS - Victor Koretzky s'est impos\u00e9, ce vendredi soir, sur la XCC des Gets, en France.","breadcrumb":{"@id":"https:\/\/dicodusport.fr\/blog\/vtt-xcc-les-gets-double-francais-victor-koretzky-gagne-devant-jordan-sarrou\/#breadcrumb"},"inLanguage":"fr-FR","potentialAction":[{"@type":"ReadAction","target":["https:\/\/dicodusport.fr\/blog\/vtt-xcc-les-gets-double-francais-victor-koretzky-gagne-devant-jordan-sarrou\/"]}]},{"@type":"ImageObject","inLanguage":"fr-FR","@id":"https:\/\/dicodusport.fr\/blog\/vtt-xcc-les-gets-double-francais-victor-koretzky-gagne-devant-jordan-sarrou\/#primaryimage","url":"https:\/\/dicodusport.fr\/blog\/wp-content\/uploads\/2023\/09\/VTT-XCC-Les-Gets-Double-francais-Victor-Koretzky-gagne-devant-Jordan-Sarrou-1.png","contentUrl":"https:\/\/dicodusport.fr\/blog\/wp-content\/uploads\/2023\/09\/VTT-XCC-Les-Gets-Double-francais-Victor-Koretzky-gagne-devant-Jordan-Sarrou-1.png","width":800,"height":445,"caption":"VTT XCC Les Gets Doubl\u00e9 fran\u00e7ais, Victor Koretzky gagne devant Jordan Sarrou (1)"},{"@type":"BreadcrumbList","@id":"https:\/\/dicodusport.fr\/blog\/vtt-xcc-les-gets-double-francais-victor-koretzky-gagne-devant-jordan-sarrou\/#breadcrumb","itemListElement":[{"@type":"ListItem","position":1,"name":"Accueil","item":"https:\/\/dicodusport.fr\/blog\/"},{"@type":"ListItem","position":2,"name":"VTT XCC Les Gets : Doubl\u00e9 fran\u00e7ais, Victor Koretzky gagne devant Jordan Sarrou"}]},{"@type":"WebSite","@id":"https:\/\/dicodusport.fr\/blog\/#website","url":"https:\/\/dicodusport.fr\/blog\/","name":"Dicodusport","description":"L&#039;encyclop\u00e9die de l&#039;actualit\u00e9 sportive","publisher":{"@id":"https:\/\/dicodusport.fr\/blog\/#organization"},"potentialAction":[{"@type":"SearchAction","target":{"@type":"EntryPoint","urlTemplate":"https:\/\/dicodusport.fr\/blog\/?s={search_term_string}"},"query-input":{"@type":"PropertyValueSpecification","valueRequired":true,"valueName":"search_term_string"}}],"inLanguage":"fr-FR"},{"@type":"NewsMediaOrganization","@id":"https:\/\/dicodusport.fr\/blog\/#organization","name":"Dicodusport","url":"https:\/\/dicodusport.fr\/blog\/","logo":{"@type":"ImageObject","inLanguage":"fr-FR","@id":"https:\/\/dicodusport.fr\/blog\/#\/schema\/logo\/image\/","url":"https:\/\/dicodusport.fr\/blog\/wp-content\/uploads\/2020\/06\/cropped-LOGO-DICODUSPORT-2020-SANS-FOND-SANS-TEXTE.png","contentUrl":"https:\/\/dicodusport.fr\/blog\/wp-content\/uploads\/2020\/06\/cropped-LOGO-DICODUSPORT-2020-SANS-FOND-SANS-TEXTE.png","width":512,"height":512,"caption":"Dicodusport"},"image":{"@id":"https:\/\/dicodusport.fr\/blog\/#\/schema\/logo\/image\/"},"sameAs":["https:\/\/www.facebook.com\/dicodusport","https:\/\/x.com\/dicodusport","https:\/\/www.instagram.com\/dicodusport\/","https:\/\/www.youtube.com\/channel\/UC7V2KZ5sd3htJivAbA4ZG3w"],"description":"Dicodusport est l'encyclop\u00e9die de l'actualit\u00e9 sportive.","email":"bonjour@dicodusport.fr","legalName":"DICODUSPORT","foundingDate":"2018-01-14","vatID":"FR71834470973","taxID":"83447097300043","numberOfEmployees":{"@type":"QuantitativeValue","minValue":"1","maxValue":"10"}},{"@type":"Person","@id":"https:\/\/dicodusport.fr\/blog\/#\/schema\/person\/6db4bae06b171592211be385b32876a7","name":"Emilien Descampiaux","image":{"@type":"ImageObject","inLanguage":"fr-FR","@id":"https:\/\/dicodusport.fr\/blog\/#\/schema\/person\/image\/","url":"https:\/\/dicodusport.fr\/blog\/wp-content\/uploads\/2021\/05\/Emilien-Descampiaux-150x150.jpg","contentUrl":"https:\/\/dicodusport.fr\/blog\/wp-content\/uploads\/2021\/05\/Emilien-Descampiaux-150x150.jpg","caption":"Emilien Descampiaux"},"description":"Journaliste\/r\u00e9dacteur depuis 2014 - Fan de la classe de Frank Vandenbroucke, je vis cyclisme (et de ses paysages) depuis plus de 20 ans. Je suis tr\u00e8s impliqu\u00e9 sur mes diff\u00e9rents r\u00e9seaux sociaux pour partager ma passion sur le monde et l'Histoire de la bicyclette avec ma voix sur les images en noir et blanc du succ\u00e8s de Rik Van Steenbergen lors du Ronde sur le V\u00e9lodrome de Gand.","sameAs":["https:\/\/www.facebook.com\/groups\/LesRoisDuPeloton","https:\/\/x.com\/https:\/\/twitter.com\/LRoisDuPeloton"],"url":"https:\/\/dicodusport.fr\/blog\/author\/emiliend\/"}]}},"_links":{"self":[{"href":"https:\/\/dicodusport.fr\/blog\/wp-json\/wp\/v2\/posts\/416858","targetHints":{"allow":["GET"]}}],"collection":[{"href":"https:\/\/dicodusport.fr\/blog\/wp-json\/wp\/v2\/posts"}],"about":[{"href":"https:\/\/dicodusport.fr\/blog\/wp-json\/wp\/v2\/types\/post"}],"author":[{"embeddable":true,"href":"https:\/\/dicodusport.fr\/blog\/wp-json\/wp\/v2\/users\/48"}],"replies":[{"embeddable":true,"href":"https:\/\/dicodusport.fr\/blog\/wp-json\/wp\/v2\/comments?post=416858"}],"version-history":[{"count":0,"href":"https:\/\/dicodusport.fr\/blog\/wp-json\/wp\/v2\/posts\/416858\/revisions"}],"wp:featuredmedia":[{"embeddable":true,"href":"https:\/\/dicodusport.fr\/blog\/wp-json\/wp\/v2\/media\/416905"}],"wp:attachment":[{"href":"https:\/\/dicodusport.fr\/blog\/wp-json\/wp\/v2\/media?parent=416858"}],"wp:term":[{"taxonomy":"category","embeddable":true,"href":"https:\/\/dicodusport.fr\/blog\/wp-json\/wp\/v2\/categories?post=416858"},{"taxonomy":"post_tag","embeddable":true,"href":"https:\/\/dicodusport.fr\/blog\/wp-json\/wp\/v2\/tags?post=416858"}],"curies":[{"name":"wp","href":"https:\/\/api.w.org\/{rel}","templated":true}]}}