{"id":417012,"date":"2023-09-09T09:25:41","date_gmt":"2023-09-09T07:25:41","guid":{"rendered":"https:\/\/dicodusport.fr\/blog\/?p=417012&#038;preview=true&#038;preview_id=417012"},"modified":"2023-09-09T11:12:23","modified_gmt":"2023-09-09T09:12:23","slug":"xv-de-france-inquietude-pour-julien-marchand-gaetan-barlot-appele","status":"publish","type":"post","link":"https:\/\/dicodusport.fr\/blog\/xv-de-france-inquietude-pour-julien-marchand-gaetan-barlot-appele\/","title":{"rendered":"XV de France : Inqui\u00e9tude pour Julien Marchand, Ga\u00ebtan Barlot appel\u00e9 ?"},"content":{"rendered":"<p align=\"justify\"><em><b>XV DE FRANCE &#8211; Si les <a href=\"https:\/\/dicodusport.fr\/blog\/coupe-du-monde-de-rugby-la-france-reussit-son-entame-face-aux-all-blacks\/\" target=\"_blank\" rel=\"noopener\">Bleus ont parfaitement lanc\u00e9 leur Coupe du monde face \u00e0 la Nouvelle-Z\u00e9lande<\/a>, ils ont probablement perdu Julien Marchand pour plusieurs matchs.\u00a0<\/b><\/em><\/p>\n<p align=\"justify\">Si tout n&rsquo;a pas \u00e9t\u00e9 parfait dans le jeu, le <strong>XV de France<\/strong> a largement domin\u00e9 la <strong>Nouvelle-Z\u00e9lande<\/strong> au <strong>Stade de France,<\/strong> avec notamment deux beaux essais en deuxi\u00e8me p\u00e9riode. Mais les <strong>Bleus<\/strong> ont peut-\u00eatre perdu une pi\u00e8ce maitresse de leur dispositif, puisque <strong>Julien<\/strong> <strong>Marchand<\/strong> est sorti d\u00e8s la 12\u00e8me minute de jeu apr\u00e8s avoir \u00e9t\u00e9 touch\u00e9 \u00e0 la cuisse gauche.<\/p>\n<ul>\n<li><strong>\u00c0 lire aussi &#8211; <a href=\"https:\/\/dicodusport.fr\/blog\/france-nouvelle-zelande-les-notes-des-bleus\/\" target=\"_blank\" rel=\"noopener\">France \u2013 Nouvelle-Z\u00e9lande : Les notes des Bleus<\/a><\/strong><\/li>\n<\/ul>\n<p align=\"justify\">Si <strong>Peato Mauvaka<\/strong> a r\u00e9alis\u00e9 une performance majuscule, ce serait une vraie tuile pour le XV de France de perdre <strong>Julien Marchand<\/strong>. Le talonneur toulousain va devoir passer des examens pour conna\u00eetre la nature exacte de sa blessure, mais le s\u00e9lectionneur <strong>Fabien<\/strong> <strong>Galthi\u00e9<\/strong> a confirm\u00e9 qu&rsquo;il s&rsquo;agissait d&rsquo;un probl\u00e8me musculaire :<\/p>\n<blockquote>\n<p align=\"justify\">Nous avons la perte de Julien qui est un cadre. Nous pensons que c&rsquo;est un probl\u00e8me musculaire aux ischios apr\u00e8s une hyperextension.<\/p>\n<\/blockquote>\n<ul>\n<li><strong>\u00c0 lire aussi &#8211; <a href=\"https:\/\/dicodusport.fr\/blog\/calendrier-resultats-et-classement-poule-a-coupe-du-monde-de-rugby-2023\/\" target=\"_blank\" rel=\"noopener\">Calendrier, r\u00e9sultats et classement Poule A Coupe du monde de rugby 2023<\/a><\/strong><\/li>\n<\/ul>\n<p align=\"justify\"><strong>Julien<\/strong> <strong>Marchand<\/strong> va passer des examens pour conna\u00eetre la nature exacte de sa blessure, mais plusieurs semaines d&rsquo;absences sont redout\u00e9es par le staff tricolore. Deux options vont donc se pr\u00e9senter \u00e0 <strong>Fabien<\/strong> <strong>Galthi\u00e9<\/strong> si tel est le cas : soit attendre qu&rsquo;il soit remis et esp\u00e9rer pouvoir le faire jouer en quart de finale mi octobre, soit appel\u00e9 le Castrais <strong>Ga\u00ebtan Barlot<\/strong> pour le suppl\u00e9er.<\/p>\n<p align=\"justify\">Si le talonneur du <strong>Stade<\/strong> <strong>Toulousain<\/strong> devait d\u00e9clarer forfait pour le reste de la <strong>Coupe du monde<\/strong>, ce serait un nouveau rendez-vous manqu\u00e9 avec la comp\u00e9tition plan\u00e9taire. En 2019, il avait du renoncer pour une grave blessure au genou.<\/p>\n<blockquote class=\"twitter-tweet\">\n<p dir=\"ltr\" lang=\"fr\">En parall\u00e8le de la joie intense que fut le succ\u00e8s face aux All Blacks ce vendredi soir (27-13), le XV de France a aussi eu la peine de perdre Julien Marchand.<a href=\"https:\/\/t.co\/EmLEJvMYJy\">https:\/\/t.co\/EmLEJvMYJy<\/a><\/p>\n<p>\u2014 RUGBYRAMA (@RugbyramaFR) <a href=\"https:\/\/twitter.com\/RugbyramaFR\/status\/1700276677773848987?ref_src=twsrc%5Etfw\">September 8, 2023<\/a><\/p><\/blockquote>\n<p><script async src=\"https:\/\/platform.twitter.com\/widgets.js\" charset=\"utf-8\"><\/script><\/p>\n","protected":false},"excerpt":{"rendered":"<p>XV DE FRANCE &#8211; Si les Bleus ont parfaitement lanc\u00e9 leur Coupe du monde face \u00e0 la Nouvelle-Z\u00e9lande, ils ont probablement perdu Julien Marchand pour plusieurs matchs.\u00a0<\/p>\n","protected":false},"author":1,"featured_media":417013,"comment_status":"open","ping_status":"closed","sticky":false,"template":"","format":"standard","meta":{"_acf_changed":false,"_daextam_enable_autolinks":"","footnotes":""},"categories":[47049,9129,19951],"tags":[16878,20397,1638],"class_list":["post-417012","post","type-post","status-publish","format-standard","has-post-thumbnail","hentry","category-coupe-du-monde-de-rugby","category-rugby-a-xv","category-xv-de-france","tag-breve","tag-julien-marchand","tag-xv-de-france"],"acf":[],"yoast_head":"<!-- This site is optimized with the Yoast SEO Premium plugin v26.7 (Yoast SEO v26.7) - https:\/\/yoast.com\/wordpress\/plugins\/seo\/ -->\n<title>XV de France : Inqui\u00e9tude pour Julien Marchand, Ga\u00ebtan Barlot appel\u00e9 ?<\/title>\n<meta name=\"description\" content=\"XV DE FRANCE - Si les Bleus ont parfaitement lanc\u00e9 leur Coupe du monde face \u00e0 la Nouvelle-Z\u00e9lande, ils ont probablement perdu Julien Marchand pour plusieurs matchs.\u00a0\" \/>\n<meta name=\"robots\" content=\"index, follow, max-snippet:-1, max-image-preview:large, max-video-preview:-1\" \/>\n<link rel=\"canonical\" href=\"https:\/\/dicodusport.fr\/blog\/xv-de-france-inquietude-pour-julien-marchand-gaetan-barlot-appele\/\" \/>\n<meta property=\"og:locale\" content=\"fr_FR\" \/>\n<meta property=\"og:type\" content=\"article\" \/>\n<meta property=\"og:title\" content=\"XV de France : Inqui\u00e9tude pour Julien Marchand, Ga\u00ebtan Barlot appel\u00e9 ?\" \/>\n<meta property=\"og:description\" content=\"XV DE FRANCE - Si les Bleus ont parfaitement lanc\u00e9 leur Coupe du monde face \u00e0 la Nouvelle-Z\u00e9lande, ils ont probablement perdu Julien Marchand pour plusieurs matchs.\u00a0\" \/>\n<meta property=\"og:url\" content=\"https:\/\/dicodusport.fr\/blog\/xv-de-france-inquietude-pour-julien-marchand-gaetan-barlot-appele\/\" \/>\n<meta property=\"og:site_name\" content=\"Dicodusport\" \/>\n<meta property=\"article:publisher\" content=\"https:\/\/www.facebook.com\/dicodusport\" \/>\n<meta property=\"article:author\" content=\"https:\/\/www.facebook.com\/dicodusport\" \/>\n<meta property=\"article:published_time\" content=\"2023-09-09T07:25:41+00:00\" \/>\n<meta property=\"article:modified_time\" content=\"2023-09-09T09:12:23+00:00\" \/>\n<meta property=\"og:image\" content=\"https:\/\/dicodusport.fr\/blog\/wp-content\/uploads\/2023\/09\/XV-de-France-Inquietude-pour-Julien-Marchand-Gaetan-Barlot-appele-.png\" \/>\n\t<meta property=\"og:image:width\" content=\"800\" \/>\n\t<meta property=\"og:image:height\" content=\"445\" \/>\n\t<meta property=\"og:image:type\" content=\"image\/png\" \/>\n<meta name=\"author\" content=\"Nicolas Jacquemard\" \/>\n<meta name=\"twitter:card\" content=\"summary_large_image\" \/>\n<meta name=\"twitter:title\" content=\"XV de France : Inqui\u00e9tude pour Julien Marchand, Ga\u00ebtan Barlot appel\u00e9 ?\" \/>\n<meta name=\"twitter:creator\" content=\"@https:\/\/twitter.com\/Nico_Jacquemard\" \/>\n<meta name=\"twitter:site\" content=\"@dicodusport\" \/>\n<script type=\"application\/ld+json\" class=\"yoast-schema-graph\">{\"@context\":\"https:\/\/schema.org\",\"@graph\":[{\"@type\":\"NewsArticle\",\"@id\":\"https:\/\/dicodusport.fr\/blog\/xv-de-france-inquietude-pour-julien-marchand-gaetan-barlot-appele\/#article\",\"isPartOf\":{\"@id\":\"https:\/\/dicodusport.fr\/blog\/xv-de-france-inquietude-pour-julien-marchand-gaetan-barlot-appele\/\"},\"author\":{\"name\":\"Nicolas Jacquemard\",\"@id\":\"https:\/\/dicodusport.fr\/blog\/#\/schema\/person\/55dcb50ad410894e431ed812bbb70191\"},\"headline\":\"XV de France : Inqui\u00e9tude pour Julien Marchand, Ga\u00ebtan Barlot appel\u00e9 ?\",\"datePublished\":\"2023-09-09T07:25:41+00:00\",\"dateModified\":\"2023-09-09T09:12:23+00:00\",\"mainEntityOfPage\":{\"@id\":\"https:\/\/dicodusport.fr\/blog\/xv-de-france-inquietude-pour-julien-marchand-gaetan-barlot-appele\/\"},\"wordCount\":366,\"commentCount\":0,\"publisher\":{\"@id\":\"https:\/\/dicodusport.fr\/blog\/#organization\"},\"image\":{\"@id\":\"https:\/\/dicodusport.fr\/blog\/xv-de-france-inquietude-pour-julien-marchand-gaetan-barlot-appele\/#primaryimage\"},\"thumbnailUrl\":\"https:\/\/dicodusport.fr\/blog\/wp-content\/uploads\/2023\/09\/XV-de-France-Inquietude-pour-Julien-Marchand-Gaetan-Barlot-appele-.png\",\"keywords\":[\"br\u00e8ve\",\"Julien Marchand\",\"XV de France\"],\"articleSection\":[\"Coupe du monde de rugby\",\"Rugby \u00e0 XV\",\"XV de France\"],\"inLanguage\":\"fr-FR\",\"potentialAction\":[{\"@type\":\"CommentAction\",\"name\":\"Comment\",\"target\":[\"https:\/\/dicodusport.fr\/blog\/xv-de-france-inquietude-pour-julien-marchand-gaetan-barlot-appele\/#respond\"]}],\"copyrightYear\":\"2023\",\"copyrightHolder\":{\"@id\":\"https:\/\/dicodusport.fr\/blog\/#organization\"}},{\"@type\":\"WebPage\",\"@id\":\"https:\/\/dicodusport.fr\/blog\/xv-de-france-inquietude-pour-julien-marchand-gaetan-barlot-appele\/\",\"url\":\"https:\/\/dicodusport.fr\/blog\/xv-de-france-inquietude-pour-julien-marchand-gaetan-barlot-appele\/\",\"name\":\"XV de France : Inqui\u00e9tude pour Julien Marchand, Ga\u00ebtan Barlot appel\u00e9 ?\",\"isPartOf\":{\"@id\":\"https:\/\/dicodusport.fr\/blog\/#website\"},\"primaryImageOfPage\":{\"@id\":\"https:\/\/dicodusport.fr\/blog\/xv-de-france-inquietude-pour-julien-marchand-gaetan-barlot-appele\/#primaryimage\"},\"image\":{\"@id\":\"https:\/\/dicodusport.fr\/blog\/xv-de-france-inquietude-pour-julien-marchand-gaetan-barlot-appele\/#primaryimage\"},\"thumbnailUrl\":\"https:\/\/dicodusport.fr\/blog\/wp-content\/uploads\/2023\/09\/XV-de-France-Inquietude-pour-Julien-Marchand-Gaetan-Barlot-appele-.png\",\"datePublished\":\"2023-09-09T07:25:41+00:00\",\"dateModified\":\"2023-09-09T09:12:23+00:00\",\"description\":\"XV DE FRANCE - Si les Bleus ont parfaitement lanc\u00e9 leur Coupe du monde face \u00e0 la Nouvelle-Z\u00e9lande, ils ont probablement perdu Julien Marchand pour plusieurs matchs.\u00a0\",\"breadcrumb\":{\"@id\":\"https:\/\/dicodusport.fr\/blog\/xv-de-france-inquietude-pour-julien-marchand-gaetan-barlot-appele\/#breadcrumb\"},\"inLanguage\":\"fr-FR\",\"potentialAction\":[{\"@type\":\"ReadAction\",\"target\":[\"https:\/\/dicodusport.fr\/blog\/xv-de-france-inquietude-pour-julien-marchand-gaetan-barlot-appele\/\"]}]},{\"@type\":\"ImageObject\",\"inLanguage\":\"fr-FR\",\"@id\":\"https:\/\/dicodusport.fr\/blog\/xv-de-france-inquietude-pour-julien-marchand-gaetan-barlot-appele\/#primaryimage\",\"url\":\"https:\/\/dicodusport.fr\/blog\/wp-content\/uploads\/2023\/09\/XV-de-France-Inquietude-pour-Julien-Marchand-Gaetan-Barlot-appele-.png\",\"contentUrl\":\"https:\/\/dicodusport.fr\/blog\/wp-content\/uploads\/2023\/09\/XV-de-France-Inquietude-pour-Julien-Marchand-Gaetan-Barlot-appele-.png\",\"width\":800,\"height\":445},{\"@type\":\"BreadcrumbList\",\"@id\":\"https:\/\/dicodusport.fr\/blog\/xv-de-france-inquietude-pour-julien-marchand-gaetan-barlot-appele\/#breadcrumb\",\"itemListElement\":[{\"@type\":\"ListItem\",\"position\":1,\"name\":\"Accueil\",\"item\":\"https:\/\/dicodusport.fr\/blog\/\"},{\"@type\":\"ListItem\",\"position\":2,\"name\":\"XV de France : Inqui\u00e9tude pour Julien Marchand, Ga\u00ebtan Barlot appel\u00e9 ?\"}]},{\"@type\":\"WebSite\",\"@id\":\"https:\/\/dicodusport.fr\/blog\/#website\",\"url\":\"https:\/\/dicodusport.fr\/blog\/\",\"name\":\"Dicodusport\",\"description\":\"L&#039;encyclop\u00e9die de l&#039;actualit\u00e9 sportive\",\"publisher\":{\"@id\":\"https:\/\/dicodusport.fr\/blog\/#organization\"},\"potentialAction\":[{\"@type\":\"SearchAction\",\"target\":{\"@type\":\"EntryPoint\",\"urlTemplate\":\"https:\/\/dicodusport.fr\/blog\/?s={search_term_string}\"},\"query-input\":{\"@type\":\"PropertyValueSpecification\",\"valueRequired\":true,\"valueName\":\"search_term_string\"}}],\"inLanguage\":\"fr-FR\"},{\"@type\":\"NewsMediaOrganization\",\"@id\":\"https:\/\/dicodusport.fr\/blog\/#organization\",\"name\":\"Dicodusport\",\"url\":\"https:\/\/dicodusport.fr\/blog\/\",\"logo\":{\"@type\":\"ImageObject\",\"inLanguage\":\"fr-FR\",\"@id\":\"https:\/\/dicodusport.fr\/blog\/#\/schema\/logo\/image\/\",\"url\":\"https:\/\/dicodusport.fr\/blog\/wp-content\/uploads\/2020\/06\/cropped-LOGO-DICODUSPORT-2020-SANS-FOND-SANS-TEXTE.png\",\"contentUrl\":\"https:\/\/dicodusport.fr\/blog\/wp-content\/uploads\/2020\/06\/cropped-LOGO-DICODUSPORT-2020-SANS-FOND-SANS-TEXTE.png\",\"width\":512,\"height\":512,\"caption\":\"Dicodusport\"},\"image\":{\"@id\":\"https:\/\/dicodusport.fr\/blog\/#\/schema\/logo\/image\/\"},\"sameAs\":[\"https:\/\/www.facebook.com\/dicodusport\",\"https:\/\/x.com\/dicodusport\",\"https:\/\/www.instagram.com\/dicodusport\/\",\"https:\/\/www.youtube.com\/channel\/UC7V2KZ5sd3htJivAbA4ZG3w\"],\"description\":\"Dicodusport est l'encyclop\u00e9die de l'actualit\u00e9 sportive.\",\"email\":\"bonjour@dicodusport.fr\",\"legalName\":\"DICODUSPORT\",\"foundingDate\":\"2018-01-14\",\"vatID\":\"FR71834470973\",\"taxID\":\"83447097300043\",\"numberOfEmployees\":{\"@type\":\"QuantitativeValue\",\"minValue\":\"1\",\"maxValue\":\"10\"}},{\"@type\":\"Person\",\"@id\":\"https:\/\/dicodusport.fr\/blog\/#\/schema\/person\/55dcb50ad410894e431ed812bbb70191\",\"name\":\"Nicolas Jacquemard\",\"image\":{\"@type\":\"ImageObject\",\"inLanguage\":\"fr-FR\",\"@id\":\"https:\/\/dicodusport.fr\/blog\/#\/schema\/person\/image\/\",\"url\":\"https:\/\/dicodusport.fr\/blog\/wp-content\/uploads\/2021\/05\/Nicolas-Jacquemard-150x150.jpeg\",\"contentUrl\":\"https:\/\/dicodusport.fr\/blog\/wp-content\/uploads\/2021\/05\/Nicolas-Jacquemard-150x150.jpeg\",\"caption\":\"Nicolas Jacquemard\"},\"description\":\"Passionn\u00e9 de sport et entrepreneur depuis mes 18 ans, la cr\u00e9ation de Dicodusport m'a sembl\u00e9 \u00e9vidente pour participer \u00e0 la m\u00e9diatisation d'un plus grand nombre de sports. Le chemin est long mais avec une \u00e9quipe des plus motiv\u00e9es et les Jeux Olympiques de Paris 2024 en point de mire, nous y arriverons ! Journaliste dans le monde du sport depuis plus de 5 ans, je traite aussi bien de football, de rugby, de biathlon que de cyclisme.\",\"sameAs\":[\"https:\/\/www.facebook.com\/dicodusport\",\"https:\/\/x.com\/https:\/\/twitter.com\/Nico_Jacquemard\"],\"url\":\"https:\/\/dicodusport.fr\/blog\/author\/dicodusport\/\"}]}<\/script>\n<!-- \/ Yoast SEO Premium plugin. -->","yoast_head_json":{"title":"XV de France : Inqui\u00e9tude pour Julien Marchand, Ga\u00ebtan Barlot appel\u00e9 ?","description":"XV DE FRANCE - Si les Bleus ont parfaitement lanc\u00e9 leur Coupe du monde face \u00e0 la Nouvelle-Z\u00e9lande, ils ont probablement perdu Julien Marchand pour plusieurs matchs.\u00a0","robots":{"index":"index","follow":"follow","max-snippet":"max-snippet:-1","max-image-preview":"max-image-preview:large","max-video-preview":"max-video-preview:-1"},"canonical":"https:\/\/dicodusport.fr\/blog\/xv-de-france-inquietude-pour-julien-marchand-gaetan-barlot-appele\/","og_locale":"fr_FR","og_type":"article","og_title":"XV de France : Inqui\u00e9tude pour Julien Marchand, Ga\u00ebtan Barlot appel\u00e9 ?","og_description":"XV DE FRANCE - Si les Bleus ont parfaitement lanc\u00e9 leur Coupe du monde face \u00e0 la Nouvelle-Z\u00e9lande, ils ont probablement perdu Julien Marchand pour plusieurs matchs.\u00a0","og_url":"https:\/\/dicodusport.fr\/blog\/xv-de-france-inquietude-pour-julien-marchand-gaetan-barlot-appele\/","og_site_name":"Dicodusport","article_publisher":"https:\/\/www.facebook.com\/dicodusport","article_author":"https:\/\/www.facebook.com\/dicodusport","article_published_time":"2023-09-09T07:25:41+00:00","article_modified_time":"2023-09-09T09:12:23+00:00","og_image":[{"width":800,"height":445,"url":"https:\/\/dicodusport.fr\/blog\/wp-content\/uploads\/2023\/09\/XV-de-France-Inquietude-pour-Julien-Marchand-Gaetan-Barlot-appele-.png","type":"image\/png"}],"author":"Nicolas Jacquemard","twitter_card":"summary_large_image","twitter_title":"XV de France : Inqui\u00e9tude pour Julien Marchand, Ga\u00ebtan Barlot appel\u00e9 ?","twitter_creator":"@https:\/\/twitter.com\/Nico_Jacquemard","twitter_site":"@dicodusport","schema":{"@context":"https:\/\/schema.org","@graph":[{"@type":"NewsArticle","@id":"https:\/\/dicodusport.fr\/blog\/xv-de-france-inquietude-pour-julien-marchand-gaetan-barlot-appele\/#article","isPartOf":{"@id":"https:\/\/dicodusport.fr\/blog\/xv-de-france-inquietude-pour-julien-marchand-gaetan-barlot-appele\/"},"author":{"name":"Nicolas Jacquemard","@id":"https:\/\/dicodusport.fr\/blog\/#\/schema\/person\/55dcb50ad410894e431ed812bbb70191"},"headline":"XV de France : Inqui\u00e9tude pour Julien Marchand, Ga\u00ebtan Barlot appel\u00e9 ?","datePublished":"2023-09-09T07:25:41+00:00","dateModified":"2023-09-09T09:12:23+00:00","mainEntityOfPage":{"@id":"https:\/\/dicodusport.fr\/blog\/xv-de-france-inquietude-pour-julien-marchand-gaetan-barlot-appele\/"},"wordCount":366,"commentCount":0,"publisher":{"@id":"https:\/\/dicodusport.fr\/blog\/#organization"},"image":{"@id":"https:\/\/dicodusport.fr\/blog\/xv-de-france-inquietude-pour-julien-marchand-gaetan-barlot-appele\/#primaryimage"},"thumbnailUrl":"https:\/\/dicodusport.fr\/blog\/wp-content\/uploads\/2023\/09\/XV-de-France-Inquietude-pour-Julien-Marchand-Gaetan-Barlot-appele-.png","keywords":["br\u00e8ve","Julien Marchand","XV de France"],"articleSection":["Coupe du monde de rugby","Rugby \u00e0 XV","XV de France"],"inLanguage":"fr-FR","potentialAction":[{"@type":"CommentAction","name":"Comment","target":["https:\/\/dicodusport.fr\/blog\/xv-de-france-inquietude-pour-julien-marchand-gaetan-barlot-appele\/#respond"]}],"copyrightYear":"2023","copyrightHolder":{"@id":"https:\/\/dicodusport.fr\/blog\/#organization"}},{"@type":"WebPage","@id":"https:\/\/dicodusport.fr\/blog\/xv-de-france-inquietude-pour-julien-marchand-gaetan-barlot-appele\/","url":"https:\/\/dicodusport.fr\/blog\/xv-de-france-inquietude-pour-julien-marchand-gaetan-barlot-appele\/","name":"XV de France : Inqui\u00e9tude pour Julien Marchand, Ga\u00ebtan Barlot appel\u00e9 ?","isPartOf":{"@id":"https:\/\/dicodusport.fr\/blog\/#website"},"primaryImageOfPage":{"@id":"https:\/\/dicodusport.fr\/blog\/xv-de-france-inquietude-pour-julien-marchand-gaetan-barlot-appele\/#primaryimage"},"image":{"@id":"https:\/\/dicodusport.fr\/blog\/xv-de-france-inquietude-pour-julien-marchand-gaetan-barlot-appele\/#primaryimage"},"thumbnailUrl":"https:\/\/dicodusport.fr\/blog\/wp-content\/uploads\/2023\/09\/XV-de-France-Inquietude-pour-Julien-Marchand-Gaetan-Barlot-appele-.png","datePublished":"2023-09-09T07:25:41+00:00","dateModified":"2023-09-09T09:12:23+00:00","description":"XV DE FRANCE - Si les Bleus ont parfaitement lanc\u00e9 leur Coupe du monde face \u00e0 la Nouvelle-Z\u00e9lande, ils ont probablement perdu Julien Marchand pour plusieurs matchs.\u00a0","breadcrumb":{"@id":"https:\/\/dicodusport.fr\/blog\/xv-de-france-inquietude-pour-julien-marchand-gaetan-barlot-appele\/#breadcrumb"},"inLanguage":"fr-FR","potentialAction":[{"@type":"ReadAction","target":["https:\/\/dicodusport.fr\/blog\/xv-de-france-inquietude-pour-julien-marchand-gaetan-barlot-appele\/"]}]},{"@type":"ImageObject","inLanguage":"fr-FR","@id":"https:\/\/dicodusport.fr\/blog\/xv-de-france-inquietude-pour-julien-marchand-gaetan-barlot-appele\/#primaryimage","url":"https:\/\/dicodusport.fr\/blog\/wp-content\/uploads\/2023\/09\/XV-de-France-Inquietude-pour-Julien-Marchand-Gaetan-Barlot-appele-.png","contentUrl":"https:\/\/dicodusport.fr\/blog\/wp-content\/uploads\/2023\/09\/XV-de-France-Inquietude-pour-Julien-Marchand-Gaetan-Barlot-appele-.png","width":800,"height":445},{"@type":"BreadcrumbList","@id":"https:\/\/dicodusport.fr\/blog\/xv-de-france-inquietude-pour-julien-marchand-gaetan-barlot-appele\/#breadcrumb","itemListElement":[{"@type":"ListItem","position":1,"name":"Accueil","item":"https:\/\/dicodusport.fr\/blog\/"},{"@type":"ListItem","position":2,"name":"XV de France : Inqui\u00e9tude pour Julien Marchand, Ga\u00ebtan Barlot appel\u00e9 ?"}]},{"@type":"WebSite","@id":"https:\/\/dicodusport.fr\/blog\/#website","url":"https:\/\/dicodusport.fr\/blog\/","name":"Dicodusport","description":"L&#039;encyclop\u00e9die de l&#039;actualit\u00e9 sportive","publisher":{"@id":"https:\/\/dicodusport.fr\/blog\/#organization"},"potentialAction":[{"@type":"SearchAction","target":{"@type":"EntryPoint","urlTemplate":"https:\/\/dicodusport.fr\/blog\/?s={search_term_string}"},"query-input":{"@type":"PropertyValueSpecification","valueRequired":true,"valueName":"search_term_string"}}],"inLanguage":"fr-FR"},{"@type":"NewsMediaOrganization","@id":"https:\/\/dicodusport.fr\/blog\/#organization","name":"Dicodusport","url":"https:\/\/dicodusport.fr\/blog\/","logo":{"@type":"ImageObject","inLanguage":"fr-FR","@id":"https:\/\/dicodusport.fr\/blog\/#\/schema\/logo\/image\/","url":"https:\/\/dicodusport.fr\/blog\/wp-content\/uploads\/2020\/06\/cropped-LOGO-DICODUSPORT-2020-SANS-FOND-SANS-TEXTE.png","contentUrl":"https:\/\/dicodusport.fr\/blog\/wp-content\/uploads\/2020\/06\/cropped-LOGO-DICODUSPORT-2020-SANS-FOND-SANS-TEXTE.png","width":512,"height":512,"caption":"Dicodusport"},"image":{"@id":"https:\/\/dicodusport.fr\/blog\/#\/schema\/logo\/image\/"},"sameAs":["https:\/\/www.facebook.com\/dicodusport","https:\/\/x.com\/dicodusport","https:\/\/www.instagram.com\/dicodusport\/","https:\/\/www.youtube.com\/channel\/UC7V2KZ5sd3htJivAbA4ZG3w"],"description":"Dicodusport est l'encyclop\u00e9die de l'actualit\u00e9 sportive.","email":"bonjour@dicodusport.fr","legalName":"DICODUSPORT","foundingDate":"2018-01-14","vatID":"FR71834470973","taxID":"83447097300043","numberOfEmployees":{"@type":"QuantitativeValue","minValue":"1","maxValue":"10"}},{"@type":"Person","@id":"https:\/\/dicodusport.fr\/blog\/#\/schema\/person\/55dcb50ad410894e431ed812bbb70191","name":"Nicolas Jacquemard","image":{"@type":"ImageObject","inLanguage":"fr-FR","@id":"https:\/\/dicodusport.fr\/blog\/#\/schema\/person\/image\/","url":"https:\/\/dicodusport.fr\/blog\/wp-content\/uploads\/2021\/05\/Nicolas-Jacquemard-150x150.jpeg","contentUrl":"https:\/\/dicodusport.fr\/blog\/wp-content\/uploads\/2021\/05\/Nicolas-Jacquemard-150x150.jpeg","caption":"Nicolas Jacquemard"},"description":"Passionn\u00e9 de sport et entrepreneur depuis mes 18 ans, la cr\u00e9ation de Dicodusport m'a sembl\u00e9 \u00e9vidente pour participer \u00e0 la m\u00e9diatisation d'un plus grand nombre de sports. Le chemin est long mais avec une \u00e9quipe des plus motiv\u00e9es et les Jeux Olympiques de Paris 2024 en point de mire, nous y arriverons ! Journaliste dans le monde du sport depuis plus de 5 ans, je traite aussi bien de football, de rugby, de biathlon que de cyclisme.","sameAs":["https:\/\/www.facebook.com\/dicodusport","https:\/\/x.com\/https:\/\/twitter.com\/Nico_Jacquemard"],"url":"https:\/\/dicodusport.fr\/blog\/author\/dicodusport\/"}]}},"_links":{"self":[{"href":"https:\/\/dicodusport.fr\/blog\/wp-json\/wp\/v2\/posts\/417012","targetHints":{"allow":["GET"]}}],"collection":[{"href":"https:\/\/dicodusport.fr\/blog\/wp-json\/wp\/v2\/posts"}],"about":[{"href":"https:\/\/dicodusport.fr\/blog\/wp-json\/wp\/v2\/types\/post"}],"author":[{"embeddable":true,"href":"https:\/\/dicodusport.fr\/blog\/wp-json\/wp\/v2\/users\/1"}],"replies":[{"embeddable":true,"href":"https:\/\/dicodusport.fr\/blog\/wp-json\/wp\/v2\/comments?post=417012"}],"version-history":[{"count":0,"href":"https:\/\/dicodusport.fr\/blog\/wp-json\/wp\/v2\/posts\/417012\/revisions"}],"wp:featuredmedia":[{"embeddable":true,"href":"https:\/\/dicodusport.fr\/blog\/wp-json\/wp\/v2\/media\/417013"}],"wp:attachment":[{"href":"https:\/\/dicodusport.fr\/blog\/wp-json\/wp\/v2\/media?parent=417012"}],"wp:term":[{"taxonomy":"category","embeddable":true,"href":"https:\/\/dicodusport.fr\/blog\/wp-json\/wp\/v2\/categories?post=417012"},{"taxonomy":"post_tag","embeddable":true,"href":"https:\/\/dicodusport.fr\/blog\/wp-json\/wp\/v2\/tags?post=417012"}],"curies":[{"name":"wp","href":"https:\/\/api.w.org\/{rel}","templated":true}]}}