{"id":41727,"date":"2019-06-21T08:51:22","date_gmt":"2019-06-21T06:51:22","guid":{"rendered":"http:\/\/dicodusport.fr\/blog\/?p=41727"},"modified":"2019-06-21T08:53:09","modified_gmt":"2019-06-21T06:53:09","slug":"wimbledon-andy-murray-associe-a-pierre-hugues-herbert-en-double","status":"publish","type":"post","link":"https:\/\/dicodusport.fr\/blog\/wimbledon-andy-murray-associe-a-pierre-hugues-herbert-en-double\/","title":{"rendered":"Wimbledon : Andy Murray associ\u00e9 \u00e0 Pierre-Hugues Herbert en double"},"content":{"rendered":"<p style=\"text-align: justify;\"><strong><em>Op\u00e9r\u00e9 de la hanche en tout d\u00e9but d&rsquo;ann\u00e9e, Andy Murray a repris la comp\u00e9tition ce jeudi, en \u00e9tant align\u00e9 en double au Queen&rsquo;s, aux c\u00f4t\u00e9s de Feliciano Lopez. Dans la foul\u00e9e de ce retour victorieux, l&rsquo;association entre l\u2019\u00c9cossais et Pierre-Hugues Herbert \u00e0 Wimbledon a \u00e9t\u00e9 officialis\u00e9e.<\/em> <\/strong><\/p>\n<p style=\"text-align: justify;\">Vainqueur du tournoi en simple \u00e0 deux reprises (2013 et 2016), <strong>Andy Murray<\/strong> va faire son retour \u00e0 Wimbledon, en s&rsquo;alignant dans le tableau du double masculin. Le Britannique sera align\u00e9 avec un Fran\u00e7ais, <strong>Pierre-Hugues Herbert<\/strong>, vainqueur de l&rsquo;Open d&rsquo;Australie avec <strong>Nicolas Mahut<\/strong> au mois de janvier dernier, et laur\u00e9at sur le gazon londonien en 2016, toujours aux c\u00f4t\u00e9s du natif d&rsquo;Angers.<\/p>\n<p style=\"text-align: justify;\">Une association qui enthousiasme le Tricolore, comme il l&rsquo;a annonc\u00e9 \u00e0 nos confr\u00e8res de <a href=\"https:\/\/www.lequipe.fr\/Tennis\/Actualites\/Andy-murray-associe-a-pierre-hugues-herbert-en-double-a-wimbledon\/1032122\" target=\"_blank\" rel=\"noopener\">l\u2019\u00c9quipe<\/a> : <em>\u00ab Tout a commenc\u00e9 \u00e0 Madrid, quand Jamie Delgado, l&rsquo;entra\u00eeneur d&rsquo;Andy, est venu me voir en me disant qu&rsquo;Andy envisageait de revenir en double [&#8230;] Jouer avec notre ami Murray, \u00e7a peut \u00eatre une exp\u00e9rience assez incroyable. \u00bb<\/em><\/p>\n<blockquote class=\"twitter-tweet\" data-lang=\"fr\">\n<p dir=\"ltr\" lang=\"fr\">Ils avaient tenu leurs langues jusqu&rsquo;\u00e0 pr\u00e9sent, mais <a href=\"https:\/\/twitter.com\/andy_murray?ref_src=twsrc%5Etfw\">@andy_murray<\/a> a fini par l\u00e2cher le morceau : il jouera le double \u00e0 <a href=\"https:\/\/twitter.com\/hashtag\/Wimbledon?src=hash&amp;ref_src=twsrc%5Etfw\">#Wimbledon<\/a> aux c\u00f4t\u00e9s de <a href=\"https:\/\/twitter.com\/p2hugz?ref_src=twsrc%5Etfw\">@p2hugz<\/a> ! <a href=\"https:\/\/twitter.com\/hashtag\/Murray?src=hash&amp;ref_src=twsrc%5Etfw\">#Murray<\/a> <a href=\"https:\/\/twitter.com\/hashtag\/Herbert?src=hash&amp;ref_src=twsrc%5Etfw\">#Herbert<\/a> <a href=\"https:\/\/twitter.com\/hashtag\/HomeOfTennis?src=hash&amp;ref_src=twsrc%5Etfw\">#HomeOfTennis<\/a> <a href=\"https:\/\/twitter.com\/hashtag\/Tennis?src=hash&amp;ref_src=twsrc%5Etfw\">#Tennis<\/a> <a href=\"https:\/\/t.co\/w0k4t9luTz\">pic.twitter.com\/w0k4t9luTz<\/a><\/p>\n<p>\u2014 COURTS Mag (@CourtsMag) <a href=\"https:\/\/twitter.com\/CourtsMag\/status\/1141810950498082816?ref_src=twsrc%5Etfw\">20 juin 2019<\/a><\/p><\/blockquote>\n<p><script async src=\"https:\/\/platform.twitter.com\/widgets.js\" charset=\"utf-8\"><\/script><\/p>\n<p><strong><em>Dicodusport<br \/>\n<a href=\"https:\/\/www.facebook.com\/dicodusport\/\" target=\"_blank\" rel=\"noopener\"><img loading=\"lazy\" decoding=\"async\" class=\"alignnone wp-image-2909\" src=\"http:\/\/dicodusport.fr\/blog\/wp-content\/uploads\/2017\/07\/logo-facebook-150x150.png\" sizes=\"auto, (max-width: 40px) 100vw, 40px\" srcset=\"https:\/\/dicodusport.fr\/blog\/wp-content\/uploads\/2017\/07\/logo-facebook-150x150.png 150w, https:\/\/dicodusport.fr\/blog\/wp-content\/uploads\/2017\/07\/logo-facebook-300x300.png 300w, https:\/\/dicodusport.fr\/blog\/wp-content\/uploads\/2017\/07\/logo-facebook.png 400w\" alt=\"\" width=\"40\" height=\"40\" \/><\/a><a href=\"https:\/\/twitter.com\/dicodusport\" target=\"_blank\" rel=\"noopener\"><img loading=\"lazy\" decoding=\"async\" class=\"alignnone wp-image-2908\" src=\"http:\/\/dicodusport.fr\/blog\/wp-content\/uploads\/2017\/07\/logo-twitter-150x150.png\" alt=\"\" width=\"39\" height=\"39\" \/><\/a><\/em><\/strong><\/p>\n<p>&nbsp;<\/p>\n","protected":false},"excerpt":{"rendered":"<p>Dans la foul\u00e9e de son retour victorieux au Queen&rsquo;s, l&rsquo;association entre l\u2019\u00c9cossais Andy Murray et Pierre-Hugues Herbert \u00e0 Wimbledon a \u00e9t\u00e9 officialis\u00e9e.<\/p>\n","protected":false},"author":4,"featured_media":36157,"comment_status":"open","ping_status":"closed","sticky":false,"template":"","format":"standard","meta":{"_acf_changed":false,"_daextam_enable_autolinks":"","footnotes":""},"categories":[2,2365,2302],"tags":[3222,2513,4200,2512],"class_list":["post-41727","post","type-post","status-publish","format-standard","has-post-thumbnail","hentry","category-actualites","category-sports-de-raquette","category-tennis","tag-andy-murray","tag-double","tag-pierre-hugues-herbert","tag-wimbledon"],"acf":[],"yoast_head":"<!-- This site is optimized with the Yoast SEO Premium plugin v26.7 (Yoast SEO v26.7) - https:\/\/yoast.com\/wordpress\/plugins\/seo\/ -->\n<title>Wimbledon : Andy Murray associ\u00e9 \u00e0 Pierre-Hugues Herbert en double<\/title>\n<meta name=\"description\" content=\"Dans la foul\u00e9e de son retour victorieux au Queen&#039;s, l&#039;association entre l\u2019\u00c9cossais Andy Murray et Pierre-Hugues Herbert \u00e0 Wimbledon a \u00e9t\u00e9 officialis\u00e9e.\" \/>\n<meta name=\"robots\" content=\"index, follow, max-snippet:-1, max-image-preview:large, max-video-preview:-1\" \/>\n<link rel=\"canonical\" href=\"https:\/\/dicodusport.fr\/blog\/wimbledon-andy-murray-associe-a-pierre-hugues-herbert-en-double\/\" \/>\n<meta property=\"og:locale\" content=\"fr_FR\" \/>\n<meta property=\"og:type\" content=\"article\" \/>\n<meta property=\"og:title\" content=\"Wimbledon : Andy Murray associ\u00e9 \u00e0 Pierre-Hugues Herbert en double\" \/>\n<meta property=\"og:description\" content=\"Dans la foul\u00e9e de son retour victorieux au Queen&#039;s, l&#039;association entre l\u2019\u00c9cossais Andy Murray et Pierre-Hugues Herbert \u00e0 Wimbledon a \u00e9t\u00e9 officialis\u00e9e.\" \/>\n<meta property=\"og:url\" content=\"https:\/\/dicodusport.fr\/blog\/wimbledon-andy-murray-associe-a-pierre-hugues-herbert-en-double\/\" \/>\n<meta property=\"og:site_name\" content=\"Dicodusport\" \/>\n<meta property=\"article:publisher\" content=\"https:\/\/www.facebook.com\/dicodusport\" \/>\n<meta property=\"article:author\" content=\"https:\/\/www.facebook.com\/florent.ostermann\" \/>\n<meta property=\"article:published_time\" content=\"2019-06-21T06:51:22+00:00\" \/>\n<meta property=\"article:modified_time\" content=\"2019-06-21T06:53:09+00:00\" \/>\n<meta property=\"og:image\" content=\"https:\/\/dicodusport.fr\/blog\/wp-content\/uploads\/2019\/03\/Andy-Murray-retour-2019.png\" \/>\n\t<meta property=\"og:image:width\" content=\"800\" \/>\n\t<meta property=\"og:image:height\" content=\"445\" \/>\n\t<meta property=\"og:image:type\" content=\"image\/png\" \/>\n<meta name=\"author\" content=\"Flo Ostermann\" \/>\n<meta name=\"twitter:card\" content=\"summary_large_image\" \/>\n<meta name=\"twitter:title\" content=\"Wimbledon : Andy Murray associ\u00e9 \u00e0 Pierre-Hugues Herbert en double\" \/>\n<meta name=\"twitter:creator\" content=\"@https:\/\/twitter.com\/FlOstermann\" \/>\n<meta name=\"twitter:site\" content=\"@dicodusport\" \/>\n<script type=\"application\/ld+json\" class=\"yoast-schema-graph\">{\"@context\":\"https:\/\/schema.org\",\"@graph\":[{\"@type\":\"NewsArticle\",\"@id\":\"https:\/\/dicodusport.fr\/blog\/wimbledon-andy-murray-associe-a-pierre-hugues-herbert-en-double\/#article\",\"isPartOf\":{\"@id\":\"https:\/\/dicodusport.fr\/blog\/wimbledon-andy-murray-associe-a-pierre-hugues-herbert-en-double\/\"},\"author\":{\"name\":\"Flo Ostermann\",\"@id\":\"https:\/\/dicodusport.fr\/blog\/#\/schema\/person\/cb02af4c173ce4a653b55e9baf388d4a\"},\"headline\":\"Wimbledon : Andy Murray associ\u00e9 \u00e0 Pierre-Hugues Herbert en double\",\"datePublished\":\"2019-06-21T06:51:22+00:00\",\"dateModified\":\"2019-06-21T06:53:09+00:00\",\"mainEntityOfPage\":{\"@id\":\"https:\/\/dicodusport.fr\/blog\/wimbledon-andy-murray-associe-a-pierre-hugues-herbert-en-double\/\"},\"wordCount\":233,\"commentCount\":0,\"publisher\":{\"@id\":\"https:\/\/dicodusport.fr\/blog\/#organization\"},\"image\":{\"@id\":\"https:\/\/dicodusport.fr\/blog\/wimbledon-andy-murray-associe-a-pierre-hugues-herbert-en-double\/#primaryimage\"},\"thumbnailUrl\":\"https:\/\/dicodusport.fr\/blog\/wp-content\/uploads\/2019\/03\/Andy-Murray-retour-2019.png\",\"keywords\":[\"Andy Murray\",\"double\",\"Pierre-Hugues Herbert\",\"wimbledon\"],\"articleSection\":[\"Actualit\u00e9s\",\"Sports de raquette\",\"Tennis\"],\"inLanguage\":\"fr-FR\",\"potentialAction\":[{\"@type\":\"CommentAction\",\"name\":\"Comment\",\"target\":[\"https:\/\/dicodusport.fr\/blog\/wimbledon-andy-murray-associe-a-pierre-hugues-herbert-en-double\/#respond\"]}],\"copyrightYear\":\"2019\",\"copyrightHolder\":{\"@id\":\"https:\/\/dicodusport.fr\/blog\/#organization\"}},{\"@type\":\"WebPage\",\"@id\":\"https:\/\/dicodusport.fr\/blog\/wimbledon-andy-murray-associe-a-pierre-hugues-herbert-en-double\/\",\"url\":\"https:\/\/dicodusport.fr\/blog\/wimbledon-andy-murray-associe-a-pierre-hugues-herbert-en-double\/\",\"name\":\"Wimbledon : Andy Murray associ\u00e9 \u00e0 Pierre-Hugues Herbert en double\",\"isPartOf\":{\"@id\":\"https:\/\/dicodusport.fr\/blog\/#website\"},\"primaryImageOfPage\":{\"@id\":\"https:\/\/dicodusport.fr\/blog\/wimbledon-andy-murray-associe-a-pierre-hugues-herbert-en-double\/#primaryimage\"},\"image\":{\"@id\":\"https:\/\/dicodusport.fr\/blog\/wimbledon-andy-murray-associe-a-pierre-hugues-herbert-en-double\/#primaryimage\"},\"thumbnailUrl\":\"https:\/\/dicodusport.fr\/blog\/wp-content\/uploads\/2019\/03\/Andy-Murray-retour-2019.png\",\"datePublished\":\"2019-06-21T06:51:22+00:00\",\"dateModified\":\"2019-06-21T06:53:09+00:00\",\"description\":\"Dans la foul\u00e9e de son retour victorieux au Queen's, l'association entre l\u2019\u00c9cossais Andy Murray et Pierre-Hugues Herbert \u00e0 Wimbledon a \u00e9t\u00e9 officialis\u00e9e.\",\"breadcrumb\":{\"@id\":\"https:\/\/dicodusport.fr\/blog\/wimbledon-andy-murray-associe-a-pierre-hugues-herbert-en-double\/#breadcrumb\"},\"inLanguage\":\"fr-FR\",\"potentialAction\":[{\"@type\":\"ReadAction\",\"target\":[\"https:\/\/dicodusport.fr\/blog\/wimbledon-andy-murray-associe-a-pierre-hugues-herbert-en-double\/\"]}]},{\"@type\":\"ImageObject\",\"inLanguage\":\"fr-FR\",\"@id\":\"https:\/\/dicodusport.fr\/blog\/wimbledon-andy-murray-associe-a-pierre-hugues-herbert-en-double\/#primaryimage\",\"url\":\"https:\/\/dicodusport.fr\/blog\/wp-content\/uploads\/2019\/03\/Andy-Murray-retour-2019.png\",\"contentUrl\":\"https:\/\/dicodusport.fr\/blog\/wp-content\/uploads\/2019\/03\/Andy-Murray-retour-2019.png\",\"width\":800,\"height\":445},{\"@type\":\"BreadcrumbList\",\"@id\":\"https:\/\/dicodusport.fr\/blog\/wimbledon-andy-murray-associe-a-pierre-hugues-herbert-en-double\/#breadcrumb\",\"itemListElement\":[{\"@type\":\"ListItem\",\"position\":1,\"name\":\"Accueil\",\"item\":\"https:\/\/dicodusport.fr\/blog\/\"},{\"@type\":\"ListItem\",\"position\":2,\"name\":\"Wimbledon : Andy Murray associ\u00e9 \u00e0 Pierre-Hugues Herbert en double\"}]},{\"@type\":\"WebSite\",\"@id\":\"https:\/\/dicodusport.fr\/blog\/#website\",\"url\":\"https:\/\/dicodusport.fr\/blog\/\",\"name\":\"Dicodusport\",\"description\":\"L&#039;encyclop\u00e9die de l&#039;actualit\u00e9 sportive\",\"publisher\":{\"@id\":\"https:\/\/dicodusport.fr\/blog\/#organization\"},\"potentialAction\":[{\"@type\":\"SearchAction\",\"target\":{\"@type\":\"EntryPoint\",\"urlTemplate\":\"https:\/\/dicodusport.fr\/blog\/?s={search_term_string}\"},\"query-input\":{\"@type\":\"PropertyValueSpecification\",\"valueRequired\":true,\"valueName\":\"search_term_string\"}}],\"inLanguage\":\"fr-FR\"},{\"@type\":\"NewsMediaOrganization\",\"@id\":\"https:\/\/dicodusport.fr\/blog\/#organization\",\"name\":\"Dicodusport\",\"url\":\"https:\/\/dicodusport.fr\/blog\/\",\"logo\":{\"@type\":\"ImageObject\",\"inLanguage\":\"fr-FR\",\"@id\":\"https:\/\/dicodusport.fr\/blog\/#\/schema\/logo\/image\/\",\"url\":\"https:\/\/dicodusport.fr\/blog\/wp-content\/uploads\/2020\/06\/cropped-LOGO-DICODUSPORT-2020-SANS-FOND-SANS-TEXTE.png\",\"contentUrl\":\"https:\/\/dicodusport.fr\/blog\/wp-content\/uploads\/2020\/06\/cropped-LOGO-DICODUSPORT-2020-SANS-FOND-SANS-TEXTE.png\",\"width\":512,\"height\":512,\"caption\":\"Dicodusport\"},\"image\":{\"@id\":\"https:\/\/dicodusport.fr\/blog\/#\/schema\/logo\/image\/\"},\"sameAs\":[\"https:\/\/www.facebook.com\/dicodusport\",\"https:\/\/x.com\/dicodusport\",\"https:\/\/www.instagram.com\/dicodusport\/\",\"https:\/\/www.youtube.com\/channel\/UC7V2KZ5sd3htJivAbA4ZG3w\"],\"description\":\"Dicodusport est l'encyclop\u00e9die de l'actualit\u00e9 sportive.\",\"email\":\"bonjour@dicodusport.fr\",\"legalName\":\"DICODUSPORT\",\"foundingDate\":\"2018-01-14\",\"vatID\":\"FR71834470973\",\"taxID\":\"83447097300043\",\"numberOfEmployees\":{\"@type\":\"QuantitativeValue\",\"minValue\":\"1\",\"maxValue\":\"10\"}},{\"@type\":\"Person\",\"@id\":\"https:\/\/dicodusport.fr\/blog\/#\/schema\/person\/cb02af4c173ce4a653b55e9baf388d4a\",\"name\":\"Flo Ostermann\",\"image\":{\"@type\":\"ImageObject\",\"inLanguage\":\"fr-FR\",\"@id\":\"https:\/\/dicodusport.fr\/blog\/#\/schema\/person\/image\/\",\"url\":\"https:\/\/dicodusport.fr\/blog\/wp-content\/uploads\/2021\/05\/Flo-Ostermann-150x150.jpg\",\"contentUrl\":\"https:\/\/dicodusport.fr\/blog\/wp-content\/uploads\/2021\/05\/Flo-Ostermann-150x150.jpg\",\"caption\":\"Flo Ostermann\"},\"description\":\"Journaliste\/R\u00e9dacteur depuis septembre 2015 - Mes premiers souvenirs dans le sport ? Les envol\u00e9es du Stade Toulousain et les duels Villeneuve-Schumacher et H\u00e4kkinen-Schumacher \u00e0 la fin des ann\u00e9es 90, la Coupe du monde de football en 1998, l\u2019exploit du XV de France face aux All Blacks en 1999, mais aussi Richard C\u0153ur de Lion qui vole sur les montagnes du Tour de France. Bien parti pour devenir professeur d\u2019EPS, les \u00e9v\u00e9nements de la vie (et la flemme d\u2019animer des s\u00e9ances de 3x500 m\u00e8tres toute ma vie) m\u2019ont conduit \u00e0 revoir mes plans. Me voil\u00e0 depuis fin 2017 sur Dicodusport, m\u00e9dia gr\u00e2ce (et pour) lequel je partage ma passion : le sport dans tous ses \u00e9tats. Le tout accompagn\u00e9 par les fous furieux et folles furieuses cit\u00e9s sur cette page !\",\"sameAs\":[\"https:\/\/www.facebook.com\/florent.ostermann\",\"https:\/\/x.com\/https:\/\/twitter.com\/FlOstermann\",\"admin\"],\"url\":\"https:\/\/dicodusport.fr\/blog\/author\/flo\/\"}]}<\/script>\n<!-- \/ Yoast SEO Premium plugin. -->","yoast_head_json":{"title":"Wimbledon : Andy Murray associ\u00e9 \u00e0 Pierre-Hugues Herbert en double","description":"Dans la foul\u00e9e de son retour victorieux au Queen's, l'association entre l\u2019\u00c9cossais Andy Murray et Pierre-Hugues Herbert \u00e0 Wimbledon a \u00e9t\u00e9 officialis\u00e9e.","robots":{"index":"index","follow":"follow","max-snippet":"max-snippet:-1","max-image-preview":"max-image-preview:large","max-video-preview":"max-video-preview:-1"},"canonical":"https:\/\/dicodusport.fr\/blog\/wimbledon-andy-murray-associe-a-pierre-hugues-herbert-en-double\/","og_locale":"fr_FR","og_type":"article","og_title":"Wimbledon : Andy Murray associ\u00e9 \u00e0 Pierre-Hugues Herbert en double","og_description":"Dans la foul\u00e9e de son retour victorieux au Queen's, l'association entre l\u2019\u00c9cossais Andy Murray et Pierre-Hugues Herbert \u00e0 Wimbledon a \u00e9t\u00e9 officialis\u00e9e.","og_url":"https:\/\/dicodusport.fr\/blog\/wimbledon-andy-murray-associe-a-pierre-hugues-herbert-en-double\/","og_site_name":"Dicodusport","article_publisher":"https:\/\/www.facebook.com\/dicodusport","article_author":"https:\/\/www.facebook.com\/florent.ostermann","article_published_time":"2019-06-21T06:51:22+00:00","article_modified_time":"2019-06-21T06:53:09+00:00","og_image":[{"width":800,"height":445,"url":"https:\/\/dicodusport.fr\/blog\/wp-content\/uploads\/2019\/03\/Andy-Murray-retour-2019.png","type":"image\/png"}],"author":"Flo Ostermann","twitter_card":"summary_large_image","twitter_title":"Wimbledon : Andy Murray associ\u00e9 \u00e0 Pierre-Hugues Herbert en double","twitter_creator":"@https:\/\/twitter.com\/FlOstermann","twitter_site":"@dicodusport","schema":{"@context":"https:\/\/schema.org","@graph":[{"@type":"NewsArticle","@id":"https:\/\/dicodusport.fr\/blog\/wimbledon-andy-murray-associe-a-pierre-hugues-herbert-en-double\/#article","isPartOf":{"@id":"https:\/\/dicodusport.fr\/blog\/wimbledon-andy-murray-associe-a-pierre-hugues-herbert-en-double\/"},"author":{"name":"Flo Ostermann","@id":"https:\/\/dicodusport.fr\/blog\/#\/schema\/person\/cb02af4c173ce4a653b55e9baf388d4a"},"headline":"Wimbledon : Andy Murray associ\u00e9 \u00e0 Pierre-Hugues Herbert en double","datePublished":"2019-06-21T06:51:22+00:00","dateModified":"2019-06-21T06:53:09+00:00","mainEntityOfPage":{"@id":"https:\/\/dicodusport.fr\/blog\/wimbledon-andy-murray-associe-a-pierre-hugues-herbert-en-double\/"},"wordCount":233,"commentCount":0,"publisher":{"@id":"https:\/\/dicodusport.fr\/blog\/#organization"},"image":{"@id":"https:\/\/dicodusport.fr\/blog\/wimbledon-andy-murray-associe-a-pierre-hugues-herbert-en-double\/#primaryimage"},"thumbnailUrl":"https:\/\/dicodusport.fr\/blog\/wp-content\/uploads\/2019\/03\/Andy-Murray-retour-2019.png","keywords":["Andy Murray","double","Pierre-Hugues Herbert","wimbledon"],"articleSection":["Actualit\u00e9s","Sports de raquette","Tennis"],"inLanguage":"fr-FR","potentialAction":[{"@type":"CommentAction","name":"Comment","target":["https:\/\/dicodusport.fr\/blog\/wimbledon-andy-murray-associe-a-pierre-hugues-herbert-en-double\/#respond"]}],"copyrightYear":"2019","copyrightHolder":{"@id":"https:\/\/dicodusport.fr\/blog\/#organization"}},{"@type":"WebPage","@id":"https:\/\/dicodusport.fr\/blog\/wimbledon-andy-murray-associe-a-pierre-hugues-herbert-en-double\/","url":"https:\/\/dicodusport.fr\/blog\/wimbledon-andy-murray-associe-a-pierre-hugues-herbert-en-double\/","name":"Wimbledon : Andy Murray associ\u00e9 \u00e0 Pierre-Hugues Herbert en double","isPartOf":{"@id":"https:\/\/dicodusport.fr\/blog\/#website"},"primaryImageOfPage":{"@id":"https:\/\/dicodusport.fr\/blog\/wimbledon-andy-murray-associe-a-pierre-hugues-herbert-en-double\/#primaryimage"},"image":{"@id":"https:\/\/dicodusport.fr\/blog\/wimbledon-andy-murray-associe-a-pierre-hugues-herbert-en-double\/#primaryimage"},"thumbnailUrl":"https:\/\/dicodusport.fr\/blog\/wp-content\/uploads\/2019\/03\/Andy-Murray-retour-2019.png","datePublished":"2019-06-21T06:51:22+00:00","dateModified":"2019-06-21T06:53:09+00:00","description":"Dans la foul\u00e9e de son retour victorieux au Queen's, l'association entre l\u2019\u00c9cossais Andy Murray et Pierre-Hugues Herbert \u00e0 Wimbledon a \u00e9t\u00e9 officialis\u00e9e.","breadcrumb":{"@id":"https:\/\/dicodusport.fr\/blog\/wimbledon-andy-murray-associe-a-pierre-hugues-herbert-en-double\/#breadcrumb"},"inLanguage":"fr-FR","potentialAction":[{"@type":"ReadAction","target":["https:\/\/dicodusport.fr\/blog\/wimbledon-andy-murray-associe-a-pierre-hugues-herbert-en-double\/"]}]},{"@type":"ImageObject","inLanguage":"fr-FR","@id":"https:\/\/dicodusport.fr\/blog\/wimbledon-andy-murray-associe-a-pierre-hugues-herbert-en-double\/#primaryimage","url":"https:\/\/dicodusport.fr\/blog\/wp-content\/uploads\/2019\/03\/Andy-Murray-retour-2019.png","contentUrl":"https:\/\/dicodusport.fr\/blog\/wp-content\/uploads\/2019\/03\/Andy-Murray-retour-2019.png","width":800,"height":445},{"@type":"BreadcrumbList","@id":"https:\/\/dicodusport.fr\/blog\/wimbledon-andy-murray-associe-a-pierre-hugues-herbert-en-double\/#breadcrumb","itemListElement":[{"@type":"ListItem","position":1,"name":"Accueil","item":"https:\/\/dicodusport.fr\/blog\/"},{"@type":"ListItem","position":2,"name":"Wimbledon : Andy Murray associ\u00e9 \u00e0 Pierre-Hugues Herbert en double"}]},{"@type":"WebSite","@id":"https:\/\/dicodusport.fr\/blog\/#website","url":"https:\/\/dicodusport.fr\/blog\/","name":"Dicodusport","description":"L&#039;encyclop\u00e9die de l&#039;actualit\u00e9 sportive","publisher":{"@id":"https:\/\/dicodusport.fr\/blog\/#organization"},"potentialAction":[{"@type":"SearchAction","target":{"@type":"EntryPoint","urlTemplate":"https:\/\/dicodusport.fr\/blog\/?s={search_term_string}"},"query-input":{"@type":"PropertyValueSpecification","valueRequired":true,"valueName":"search_term_string"}}],"inLanguage":"fr-FR"},{"@type":"NewsMediaOrganization","@id":"https:\/\/dicodusport.fr\/blog\/#organization","name":"Dicodusport","url":"https:\/\/dicodusport.fr\/blog\/","logo":{"@type":"ImageObject","inLanguage":"fr-FR","@id":"https:\/\/dicodusport.fr\/blog\/#\/schema\/logo\/image\/","url":"https:\/\/dicodusport.fr\/blog\/wp-content\/uploads\/2020\/06\/cropped-LOGO-DICODUSPORT-2020-SANS-FOND-SANS-TEXTE.png","contentUrl":"https:\/\/dicodusport.fr\/blog\/wp-content\/uploads\/2020\/06\/cropped-LOGO-DICODUSPORT-2020-SANS-FOND-SANS-TEXTE.png","width":512,"height":512,"caption":"Dicodusport"},"image":{"@id":"https:\/\/dicodusport.fr\/blog\/#\/schema\/logo\/image\/"},"sameAs":["https:\/\/www.facebook.com\/dicodusport","https:\/\/x.com\/dicodusport","https:\/\/www.instagram.com\/dicodusport\/","https:\/\/www.youtube.com\/channel\/UC7V2KZ5sd3htJivAbA4ZG3w"],"description":"Dicodusport est l'encyclop\u00e9die de l'actualit\u00e9 sportive.","email":"bonjour@dicodusport.fr","legalName":"DICODUSPORT","foundingDate":"2018-01-14","vatID":"FR71834470973","taxID":"83447097300043","numberOfEmployees":{"@type":"QuantitativeValue","minValue":"1","maxValue":"10"}},{"@type":"Person","@id":"https:\/\/dicodusport.fr\/blog\/#\/schema\/person\/cb02af4c173ce4a653b55e9baf388d4a","name":"Flo Ostermann","image":{"@type":"ImageObject","inLanguage":"fr-FR","@id":"https:\/\/dicodusport.fr\/blog\/#\/schema\/person\/image\/","url":"https:\/\/dicodusport.fr\/blog\/wp-content\/uploads\/2021\/05\/Flo-Ostermann-150x150.jpg","contentUrl":"https:\/\/dicodusport.fr\/blog\/wp-content\/uploads\/2021\/05\/Flo-Ostermann-150x150.jpg","caption":"Flo Ostermann"},"description":"Journaliste\/R\u00e9dacteur depuis septembre 2015 - Mes premiers souvenirs dans le sport ? Les envol\u00e9es du Stade Toulousain et les duels Villeneuve-Schumacher et H\u00e4kkinen-Schumacher \u00e0 la fin des ann\u00e9es 90, la Coupe du monde de football en 1998, l\u2019exploit du XV de France face aux All Blacks en 1999, mais aussi Richard C\u0153ur de Lion qui vole sur les montagnes du Tour de France. Bien parti pour devenir professeur d\u2019EPS, les \u00e9v\u00e9nements de la vie (et la flemme d\u2019animer des s\u00e9ances de 3x500 m\u00e8tres toute ma vie) m\u2019ont conduit \u00e0 revoir mes plans. Me voil\u00e0 depuis fin 2017 sur Dicodusport, m\u00e9dia gr\u00e2ce (et pour) lequel je partage ma passion : le sport dans tous ses \u00e9tats. Le tout accompagn\u00e9 par les fous furieux et folles furieuses cit\u00e9s sur cette page !","sameAs":["https:\/\/www.facebook.com\/florent.ostermann","https:\/\/x.com\/https:\/\/twitter.com\/FlOstermann","admin"],"url":"https:\/\/dicodusport.fr\/blog\/author\/flo\/"}]}},"_links":{"self":[{"href":"https:\/\/dicodusport.fr\/blog\/wp-json\/wp\/v2\/posts\/41727","targetHints":{"allow":["GET"]}}],"collection":[{"href":"https:\/\/dicodusport.fr\/blog\/wp-json\/wp\/v2\/posts"}],"about":[{"href":"https:\/\/dicodusport.fr\/blog\/wp-json\/wp\/v2\/types\/post"}],"author":[{"embeddable":true,"href":"https:\/\/dicodusport.fr\/blog\/wp-json\/wp\/v2\/users\/4"}],"replies":[{"embeddable":true,"href":"https:\/\/dicodusport.fr\/blog\/wp-json\/wp\/v2\/comments?post=41727"}],"version-history":[{"count":0,"href":"https:\/\/dicodusport.fr\/blog\/wp-json\/wp\/v2\/posts\/41727\/revisions"}],"wp:featuredmedia":[{"embeddable":true,"href":"https:\/\/dicodusport.fr\/blog\/wp-json\/wp\/v2\/media\/36157"}],"wp:attachment":[{"href":"https:\/\/dicodusport.fr\/blog\/wp-json\/wp\/v2\/media?parent=41727"}],"wp:term":[{"taxonomy":"category","embeddable":true,"href":"https:\/\/dicodusport.fr\/blog\/wp-json\/wp\/v2\/categories?post=41727"},{"taxonomy":"post_tag","embeddable":true,"href":"https:\/\/dicodusport.fr\/blog\/wp-json\/wp\/v2\/tags?post=41727"}],"curies":[{"name":"wp","href":"https:\/\/api.w.org\/{rel}","templated":true}]}}