{"id":417318,"date":"2023-09-09T22:02:33","date_gmt":"2023-09-09T20:02:33","guid":{"rendered":"https:\/\/dicodusport.fr\/blog\/?p=417318&#038;preview=true&#038;preview_id=417318"},"modified":"2023-09-09T22:18:09","modified_gmt":"2023-09-09T20:18:09","slug":"atp-challenger-2023-calvin-hemery-perd-sa-deuxieme-finale-de-lete","status":"publish","type":"post","link":"https:\/\/dicodusport.fr\/blog\/atp-challenger-2023-calvin-hemery-perd-sa-deuxieme-finale-de-lete\/","title":{"rendered":"ATP Challenger 2023 : Calvin Hemery perd sa deuxi\u00e8me finale de l&rsquo;\u00e9t\u00e9"},"content":{"rendered":"<p align=\"justify\"><em><strong>ATP CHALLENGER 2023 &#8211; Calvin Hemery poursuit son retour en force, mais n&rsquo;arrive toujours pas \u00e0 le concr\u00e9tiser par un titre en Challenger. Deux mois apr\u00e8s le tournoi de Troyes, le Francilien s&rsquo;est de nouveau inclin\u00e9 en finale, cette fois \u00e0 S\u00e9ville contre l&rsquo;Espagnol Carballes Baena (score final 6-3 6-1). Il va tout de m\u00eame retourner dans le top 250 pour la premi\u00e8re fois depuis mars 2019.<br \/>\n<\/strong><\/em><\/p>\n<p align=\"justify\"><strong>Calvin Hemery<\/strong> est en train de revenir en force. Le Fran\u00e7ais de 28 ans vient de r\u00e9aliser <strong>une nouvelle superbe semaine en Challenger<\/strong>, comme il l&rsquo;a fait plusieurs fois cette saison.<a href=\"https:\/\/dicodusport.fr\/blog\/atp-challenger-2023-manuel-guinard-sacre-a-troyes-dans-une-finale-100-francaise\/\"> Comme \u00e0 Troyes d\u00e9but juillet<\/a>, il a de nouveau montr\u00e9 tout son talent sur terre battue au Challenger 125 de S\u00e9ville. Son jeu offensif bas\u00e9 sur un gros service, un coup droit puissant et une prise de risque constante a fait des ravages. <strong>Il a battu trois joueurs mieux class\u00e9s que lui cette semaine<\/strong>, dont son premier top 100 depuis 2018 (Pedro Cachin, n\u00b066 mondial). Des r\u00e9sultats probants qui viennent r\u00e9compenser tous ses efforts pour sortir d&rsquo;ann\u00e9es de gal\u00e8re.<\/p>\n<p align=\"justify\">Malheureusement, il n&rsquo;a pas pu faire grand chose en finale. Il a d\u00fb affronter la t\u00eate de s\u00e9rie n\u00b01, <strong>Roberto Carballes Baena<\/strong>, n\u00b063 mondial et vainqueur d&rsquo;un titre en ATP 250 au printemps. Joueur \u00e0 plein temps du circuit principal, ce dernier n&rsquo;a plus l&rsquo;habitude de disputer des Challengers. Il est venu cette semaine \u00e0 S\u00e9ville seulement pour d\u00e9fendre son titre de l&rsquo;ann\u00e9e derni\u00e8re, en \u00e9tant soutenu par son public. Excellent retourneur et d\u00e9fenseur,<strong> l&rsquo;Espagnol avait le jeu parfait pour contrer Hemery<\/strong>. Ce qui s&rsquo;est illustr\u00e9 tout au long du match, et qui a provoqu\u00e9 la frustration du Fran\u00e7ais.<\/p>\n<p align=\"justify\">Malgr\u00e9 tout, Calvin Hemery peut \u00eatre satisfait de sa semaine. Celle-ci va lui faire grimper de 64 places au classement, pour retrouver le <strong>236\u00e8me rang mondial lundi<\/strong>. Un cap important qui va lui permettre de disputer tous les Challengers sans passer par les qualifications, et m\u00eame les qualifications de Grand Chelem. <strong>Son retour \u00e0 son meilleur niveau est en tr\u00e8s bonne voie<\/strong>.<\/p>\n<blockquote class=\"twitter-tweet\">\n<p dir=\"ltr\" lang=\"en\">The moment <a href=\"https:\/\/twitter.com\/Robertocarba93?ref_src=twsrc%5Etfw\">@Robertocarba93<\/a> captured his second consecutive <a href=\"https:\/\/twitter.com\/CopaSevillaCh?ref_src=twsrc%5Etfw\">@CopaSevillaCh<\/a> title \ud83c\udfc6\ud83c\udfc6<a href=\"https:\/\/twitter.com\/hashtag\/ATPChallenger?src=hash&amp;ref_src=twsrc%5Etfw\">#ATPChallenger<\/a> | <a href=\"https:\/\/twitter.com\/RFETenis?ref_src=twsrc%5Etfw\">@RFETenis<\/a> <a href=\"https:\/\/t.co\/olAFAAnoqb\">pic.twitter.com\/olAFAAnoqb<\/a><\/p>\n<p>\u2014 ATP Challenger Tour (@ATPChallenger) <a href=\"https:\/\/twitter.com\/ATPChallenger\/status\/1700601971105751350?ref_src=twsrc%5Etfw\">September 9, 2023<\/a><\/p><\/blockquote>\n<p><script async src=\"https:\/\/platform.twitter.com\/widgets.js\" charset=\"utf-8\"><\/script><\/p>\n","protected":false},"excerpt":{"rendered":"<p>ATP CHALLENGER 2023 &#8211; Calvin Hemery poursuit son retour en force, mais n&rsquo;arrive toujours pas \u00e0 le concr\u00e9tiser par un titre en Challenger. Deux mois apr\u00e8s le tournoi de Troyes, le Francilien s&rsquo;est de nouveau inclin\u00e9 en finale, cette fois \u00e0 S\u00e9ville contre l&rsquo;Espagnol Carballes Baena (score final 6-3 6-1). Il va tout de m\u00eame [&hellip;]<\/p>\n","protected":false},"author":13,"featured_media":417323,"comment_status":"open","ping_status":"closed","sticky":false,"template":"","format":"standard","meta":{"_acf_changed":false,"_daextam_enable_autolinks":"","footnotes":""},"categories":[2302],"tags":[16878,18563],"class_list":["post-417318","post","type-post","status-publish","format-standard","has-post-thumbnail","hentry","category-tennis","tag-breve","tag-francais-tennis"],"acf":[],"yoast_head":"<!-- This site is optimized with the Yoast SEO Premium plugin v26.7 (Yoast SEO v26.7) - https:\/\/yoast.com\/wordpress\/plugins\/seo\/ -->\n<title>ATP Challenger 2023 : Calvin Hemery perd sa deuxi\u00e8me finale de l&#039;\u00e9t\u00e9<\/title>\n<meta name=\"robots\" content=\"index, follow, max-snippet:-1, max-image-preview:large, max-video-preview:-1\" \/>\n<link rel=\"canonical\" href=\"https:\/\/dicodusport.fr\/blog\/atp-challenger-2023-calvin-hemery-perd-sa-deuxieme-finale-de-lete\/\" \/>\n<meta property=\"og:locale\" content=\"fr_FR\" \/>\n<meta property=\"og:type\" content=\"article\" \/>\n<meta property=\"og:title\" content=\"ATP Challenger 2023 : Calvin Hemery perd sa deuxi\u00e8me finale de l&#039;\u00e9t\u00e9\" \/>\n<meta property=\"og:description\" content=\"ATP CHALLENGER 2023 &#8211; Calvin Hemery poursuit son retour en force, mais n&rsquo;arrive toujours pas \u00e0 le concr\u00e9tiser par un titre en Challenger. Deux mois apr\u00e8s le tournoi de Troyes, le Francilien s&rsquo;est de nouveau inclin\u00e9 en finale, cette fois \u00e0 S\u00e9ville contre l&rsquo;Espagnol Carballes Baena (score final 6-3 6-1). Il va tout de m\u00eame [&hellip;]\" \/>\n<meta property=\"og:url\" content=\"https:\/\/dicodusport.fr\/blog\/atp-challenger-2023-calvin-hemery-perd-sa-deuxieme-finale-de-lete\/\" \/>\n<meta property=\"og:site_name\" content=\"Dicodusport\" \/>\n<meta property=\"article:publisher\" content=\"https:\/\/www.facebook.com\/dicodusport\" \/>\n<meta property=\"article:published_time\" content=\"2023-09-09T20:02:33+00:00\" \/>\n<meta property=\"article:modified_time\" content=\"2023-09-09T20:18:09+00:00\" \/>\n<meta property=\"og:image\" content=\"https:\/\/dicodusport.fr\/blog\/wp-content\/uploads\/2023\/09\/atp-challenger-2023-calvin-hemery-perd-sa-deuxieme-finale-de-lete.png\" \/>\n\t<meta property=\"og:image:width\" content=\"800\" \/>\n\t<meta property=\"og:image:height\" content=\"445\" \/>\n\t<meta property=\"og:image:type\" content=\"image\/png\" \/>\n<meta name=\"author\" content=\"Tom Compayrot\" \/>\n<meta name=\"twitter:card\" content=\"summary_large_image\" \/>\n<meta name=\"twitter:title\" content=\"ATP Challenger 2023 : Calvin Hemery perd sa deuxi\u00e8me finale de l&#039;\u00e9t\u00e9\" \/>\n<meta name=\"twitter:creator\" content=\"@https:\/\/twitter.com\/Tom_Cprt\" \/>\n<meta name=\"twitter:site\" content=\"@dicodusport\" \/>\n<script type=\"application\/ld+json\" class=\"yoast-schema-graph\">{\"@context\":\"https:\/\/schema.org\",\"@graph\":[{\"@type\":\"NewsArticle\",\"@id\":\"https:\/\/dicodusport.fr\/blog\/atp-challenger-2023-calvin-hemery-perd-sa-deuxieme-finale-de-lete\/#article\",\"isPartOf\":{\"@id\":\"https:\/\/dicodusport.fr\/blog\/atp-challenger-2023-calvin-hemery-perd-sa-deuxieme-finale-de-lete\/\"},\"author\":{\"name\":\"Tom Compayrot\",\"@id\":\"https:\/\/dicodusport.fr\/blog\/#\/schema\/person\/bf1e4f404e108bd2be5b447b16bde9a7\"},\"headline\":\"ATP Challenger 2023 : Calvin Hemery perd sa deuxi\u00e8me finale de l&rsquo;\u00e9t\u00e9\",\"datePublished\":\"2023-09-09T20:02:33+00:00\",\"dateModified\":\"2023-09-09T20:18:09+00:00\",\"mainEntityOfPage\":{\"@id\":\"https:\/\/dicodusport.fr\/blog\/atp-challenger-2023-calvin-hemery-perd-sa-deuxieme-finale-de-lete\/\"},\"wordCount\":391,\"commentCount\":0,\"publisher\":{\"@id\":\"https:\/\/dicodusport.fr\/blog\/#organization\"},\"image\":{\"@id\":\"https:\/\/dicodusport.fr\/blog\/atp-challenger-2023-calvin-hemery-perd-sa-deuxieme-finale-de-lete\/#primaryimage\"},\"thumbnailUrl\":\"https:\/\/dicodusport.fr\/blog\/wp-content\/uploads\/2023\/09\/atp-challenger-2023-calvin-hemery-perd-sa-deuxieme-finale-de-lete.png\",\"keywords\":[\"br\u00e8ve\",\"fran\u00e7ais tennis\"],\"articleSection\":[\"Tennis\"],\"inLanguage\":\"fr-FR\",\"potentialAction\":[{\"@type\":\"CommentAction\",\"name\":\"Comment\",\"target\":[\"https:\/\/dicodusport.fr\/blog\/atp-challenger-2023-calvin-hemery-perd-sa-deuxieme-finale-de-lete\/#respond\"]}],\"copyrightYear\":\"2023\",\"copyrightHolder\":{\"@id\":\"https:\/\/dicodusport.fr\/blog\/#organization\"}},{\"@type\":\"WebPage\",\"@id\":\"https:\/\/dicodusport.fr\/blog\/atp-challenger-2023-calvin-hemery-perd-sa-deuxieme-finale-de-lete\/\",\"url\":\"https:\/\/dicodusport.fr\/blog\/atp-challenger-2023-calvin-hemery-perd-sa-deuxieme-finale-de-lete\/\",\"name\":\"ATP Challenger 2023 : Calvin Hemery perd sa deuxi\u00e8me finale de l'\u00e9t\u00e9\",\"isPartOf\":{\"@id\":\"https:\/\/dicodusport.fr\/blog\/#website\"},\"primaryImageOfPage\":{\"@id\":\"https:\/\/dicodusport.fr\/blog\/atp-challenger-2023-calvin-hemery-perd-sa-deuxieme-finale-de-lete\/#primaryimage\"},\"image\":{\"@id\":\"https:\/\/dicodusport.fr\/blog\/atp-challenger-2023-calvin-hemery-perd-sa-deuxieme-finale-de-lete\/#primaryimage\"},\"thumbnailUrl\":\"https:\/\/dicodusport.fr\/blog\/wp-content\/uploads\/2023\/09\/atp-challenger-2023-calvin-hemery-perd-sa-deuxieme-finale-de-lete.png\",\"datePublished\":\"2023-09-09T20:02:33+00:00\",\"dateModified\":\"2023-09-09T20:18:09+00:00\",\"breadcrumb\":{\"@id\":\"https:\/\/dicodusport.fr\/blog\/atp-challenger-2023-calvin-hemery-perd-sa-deuxieme-finale-de-lete\/#breadcrumb\"},\"inLanguage\":\"fr-FR\",\"potentialAction\":[{\"@type\":\"ReadAction\",\"target\":[\"https:\/\/dicodusport.fr\/blog\/atp-challenger-2023-calvin-hemery-perd-sa-deuxieme-finale-de-lete\/\"]}]},{\"@type\":\"ImageObject\",\"inLanguage\":\"fr-FR\",\"@id\":\"https:\/\/dicodusport.fr\/blog\/atp-challenger-2023-calvin-hemery-perd-sa-deuxieme-finale-de-lete\/#primaryimage\",\"url\":\"https:\/\/dicodusport.fr\/blog\/wp-content\/uploads\/2023\/09\/atp-challenger-2023-calvin-hemery-perd-sa-deuxieme-finale-de-lete.png\",\"contentUrl\":\"https:\/\/dicodusport.fr\/blog\/wp-content\/uploads\/2023\/09\/atp-challenger-2023-calvin-hemery-perd-sa-deuxieme-finale-de-lete.png\",\"width\":800,\"height\":445},{\"@type\":\"BreadcrumbList\",\"@id\":\"https:\/\/dicodusport.fr\/blog\/atp-challenger-2023-calvin-hemery-perd-sa-deuxieme-finale-de-lete\/#breadcrumb\",\"itemListElement\":[{\"@type\":\"ListItem\",\"position\":1,\"name\":\"Accueil\",\"item\":\"https:\/\/dicodusport.fr\/blog\/\"},{\"@type\":\"ListItem\",\"position\":2,\"name\":\"ATP Challenger 2023 : Calvin Hemery perd sa deuxi\u00e8me finale de l&rsquo;\u00e9t\u00e9\"}]},{\"@type\":\"WebSite\",\"@id\":\"https:\/\/dicodusport.fr\/blog\/#website\",\"url\":\"https:\/\/dicodusport.fr\/blog\/\",\"name\":\"Dicodusport\",\"description\":\"L&#039;encyclop\u00e9die de l&#039;actualit\u00e9 sportive\",\"publisher\":{\"@id\":\"https:\/\/dicodusport.fr\/blog\/#organization\"},\"potentialAction\":[{\"@type\":\"SearchAction\",\"target\":{\"@type\":\"EntryPoint\",\"urlTemplate\":\"https:\/\/dicodusport.fr\/blog\/?s={search_term_string}\"},\"query-input\":{\"@type\":\"PropertyValueSpecification\",\"valueRequired\":true,\"valueName\":\"search_term_string\"}}],\"inLanguage\":\"fr-FR\"},{\"@type\":\"NewsMediaOrganization\",\"@id\":\"https:\/\/dicodusport.fr\/blog\/#organization\",\"name\":\"Dicodusport\",\"url\":\"https:\/\/dicodusport.fr\/blog\/\",\"logo\":{\"@type\":\"ImageObject\",\"inLanguage\":\"fr-FR\",\"@id\":\"https:\/\/dicodusport.fr\/blog\/#\/schema\/logo\/image\/\",\"url\":\"https:\/\/dicodusport.fr\/blog\/wp-content\/uploads\/2020\/06\/cropped-LOGO-DICODUSPORT-2020-SANS-FOND-SANS-TEXTE.png\",\"contentUrl\":\"https:\/\/dicodusport.fr\/blog\/wp-content\/uploads\/2020\/06\/cropped-LOGO-DICODUSPORT-2020-SANS-FOND-SANS-TEXTE.png\",\"width\":512,\"height\":512,\"caption\":\"Dicodusport\"},\"image\":{\"@id\":\"https:\/\/dicodusport.fr\/blog\/#\/schema\/logo\/image\/\"},\"sameAs\":[\"https:\/\/www.facebook.com\/dicodusport\",\"https:\/\/x.com\/dicodusport\",\"https:\/\/www.instagram.com\/dicodusport\/\",\"https:\/\/www.youtube.com\/channel\/UC7V2KZ5sd3htJivAbA4ZG3w\"],\"description\":\"Dicodusport est l'encyclop\u00e9die de l'actualit\u00e9 sportive.\",\"email\":\"bonjour@dicodusport.fr\",\"legalName\":\"DICODUSPORT\",\"foundingDate\":\"2018-01-14\",\"vatID\":\"FR71834470973\",\"taxID\":\"83447097300043\",\"numberOfEmployees\":{\"@type\":\"QuantitativeValue\",\"minValue\":\"1\",\"maxValue\":\"10\"}},{\"@type\":\"Person\",\"@id\":\"https:\/\/dicodusport.fr\/blog\/#\/schema\/person\/bf1e4f404e108bd2be5b447b16bde9a7\",\"name\":\"Tom Compayrot\",\"image\":{\"@type\":\"ImageObject\",\"inLanguage\":\"fr-FR\",\"@id\":\"https:\/\/dicodusport.fr\/blog\/#\/schema\/person\/image\/\",\"url\":\"https:\/\/dicodusport.fr\/blog\/wp-content\/uploads\/2021\/05\/Tom-Compayrot-150x150.jpg\",\"contentUrl\":\"https:\/\/dicodusport.fr\/blog\/wp-content\/uploads\/2021\/05\/Tom-Compayrot-150x150.jpg\",\"caption\":\"Tom Compayrot\"},\"description\":\"Journaliste\/r\u00e9dacteur depuis mars 2017 - Amoureux de la petite balle jaune et du gros ballon orange qui tra\u00eene sa carcasse sur Dicodusport depuis 2017. Rafael Nadal et LeBron James sont les meilleurs joueurs de l'histoire.\",\"sameAs\":[\"https:\/\/x.com\/https:\/\/twitter.com\/Tom_Cprt\"],\"url\":\"https:\/\/dicodusport.fr\/blog\/author\/tom\/\"}]}<\/script>\n<!-- \/ Yoast SEO Premium plugin. -->","yoast_head_json":{"title":"ATP Challenger 2023 : Calvin Hemery perd sa deuxi\u00e8me finale de l'\u00e9t\u00e9","robots":{"index":"index","follow":"follow","max-snippet":"max-snippet:-1","max-image-preview":"max-image-preview:large","max-video-preview":"max-video-preview:-1"},"canonical":"https:\/\/dicodusport.fr\/blog\/atp-challenger-2023-calvin-hemery-perd-sa-deuxieme-finale-de-lete\/","og_locale":"fr_FR","og_type":"article","og_title":"ATP Challenger 2023 : Calvin Hemery perd sa deuxi\u00e8me finale de l'\u00e9t\u00e9","og_description":"ATP CHALLENGER 2023 &#8211; Calvin Hemery poursuit son retour en force, mais n&rsquo;arrive toujours pas \u00e0 le concr\u00e9tiser par un titre en Challenger. Deux mois apr\u00e8s le tournoi de Troyes, le Francilien s&rsquo;est de nouveau inclin\u00e9 en finale, cette fois \u00e0 S\u00e9ville contre l&rsquo;Espagnol Carballes Baena (score final 6-3 6-1). Il va tout de m\u00eame [&hellip;]","og_url":"https:\/\/dicodusport.fr\/blog\/atp-challenger-2023-calvin-hemery-perd-sa-deuxieme-finale-de-lete\/","og_site_name":"Dicodusport","article_publisher":"https:\/\/www.facebook.com\/dicodusport","article_published_time":"2023-09-09T20:02:33+00:00","article_modified_time":"2023-09-09T20:18:09+00:00","og_image":[{"width":800,"height":445,"url":"https:\/\/dicodusport.fr\/blog\/wp-content\/uploads\/2023\/09\/atp-challenger-2023-calvin-hemery-perd-sa-deuxieme-finale-de-lete.png","type":"image\/png"}],"author":"Tom Compayrot","twitter_card":"summary_large_image","twitter_title":"ATP Challenger 2023 : Calvin Hemery perd sa deuxi\u00e8me finale de l'\u00e9t\u00e9","twitter_creator":"@https:\/\/twitter.com\/Tom_Cprt","twitter_site":"@dicodusport","schema":{"@context":"https:\/\/schema.org","@graph":[{"@type":"NewsArticle","@id":"https:\/\/dicodusport.fr\/blog\/atp-challenger-2023-calvin-hemery-perd-sa-deuxieme-finale-de-lete\/#article","isPartOf":{"@id":"https:\/\/dicodusport.fr\/blog\/atp-challenger-2023-calvin-hemery-perd-sa-deuxieme-finale-de-lete\/"},"author":{"name":"Tom Compayrot","@id":"https:\/\/dicodusport.fr\/blog\/#\/schema\/person\/bf1e4f404e108bd2be5b447b16bde9a7"},"headline":"ATP Challenger 2023 : Calvin Hemery perd sa deuxi\u00e8me finale de l&rsquo;\u00e9t\u00e9","datePublished":"2023-09-09T20:02:33+00:00","dateModified":"2023-09-09T20:18:09+00:00","mainEntityOfPage":{"@id":"https:\/\/dicodusport.fr\/blog\/atp-challenger-2023-calvin-hemery-perd-sa-deuxieme-finale-de-lete\/"},"wordCount":391,"commentCount":0,"publisher":{"@id":"https:\/\/dicodusport.fr\/blog\/#organization"},"image":{"@id":"https:\/\/dicodusport.fr\/blog\/atp-challenger-2023-calvin-hemery-perd-sa-deuxieme-finale-de-lete\/#primaryimage"},"thumbnailUrl":"https:\/\/dicodusport.fr\/blog\/wp-content\/uploads\/2023\/09\/atp-challenger-2023-calvin-hemery-perd-sa-deuxieme-finale-de-lete.png","keywords":["br\u00e8ve","fran\u00e7ais tennis"],"articleSection":["Tennis"],"inLanguage":"fr-FR","potentialAction":[{"@type":"CommentAction","name":"Comment","target":["https:\/\/dicodusport.fr\/blog\/atp-challenger-2023-calvin-hemery-perd-sa-deuxieme-finale-de-lete\/#respond"]}],"copyrightYear":"2023","copyrightHolder":{"@id":"https:\/\/dicodusport.fr\/blog\/#organization"}},{"@type":"WebPage","@id":"https:\/\/dicodusport.fr\/blog\/atp-challenger-2023-calvin-hemery-perd-sa-deuxieme-finale-de-lete\/","url":"https:\/\/dicodusport.fr\/blog\/atp-challenger-2023-calvin-hemery-perd-sa-deuxieme-finale-de-lete\/","name":"ATP Challenger 2023 : Calvin Hemery perd sa deuxi\u00e8me finale de l'\u00e9t\u00e9","isPartOf":{"@id":"https:\/\/dicodusport.fr\/blog\/#website"},"primaryImageOfPage":{"@id":"https:\/\/dicodusport.fr\/blog\/atp-challenger-2023-calvin-hemery-perd-sa-deuxieme-finale-de-lete\/#primaryimage"},"image":{"@id":"https:\/\/dicodusport.fr\/blog\/atp-challenger-2023-calvin-hemery-perd-sa-deuxieme-finale-de-lete\/#primaryimage"},"thumbnailUrl":"https:\/\/dicodusport.fr\/blog\/wp-content\/uploads\/2023\/09\/atp-challenger-2023-calvin-hemery-perd-sa-deuxieme-finale-de-lete.png","datePublished":"2023-09-09T20:02:33+00:00","dateModified":"2023-09-09T20:18:09+00:00","breadcrumb":{"@id":"https:\/\/dicodusport.fr\/blog\/atp-challenger-2023-calvin-hemery-perd-sa-deuxieme-finale-de-lete\/#breadcrumb"},"inLanguage":"fr-FR","potentialAction":[{"@type":"ReadAction","target":["https:\/\/dicodusport.fr\/blog\/atp-challenger-2023-calvin-hemery-perd-sa-deuxieme-finale-de-lete\/"]}]},{"@type":"ImageObject","inLanguage":"fr-FR","@id":"https:\/\/dicodusport.fr\/blog\/atp-challenger-2023-calvin-hemery-perd-sa-deuxieme-finale-de-lete\/#primaryimage","url":"https:\/\/dicodusport.fr\/blog\/wp-content\/uploads\/2023\/09\/atp-challenger-2023-calvin-hemery-perd-sa-deuxieme-finale-de-lete.png","contentUrl":"https:\/\/dicodusport.fr\/blog\/wp-content\/uploads\/2023\/09\/atp-challenger-2023-calvin-hemery-perd-sa-deuxieme-finale-de-lete.png","width":800,"height":445},{"@type":"BreadcrumbList","@id":"https:\/\/dicodusport.fr\/blog\/atp-challenger-2023-calvin-hemery-perd-sa-deuxieme-finale-de-lete\/#breadcrumb","itemListElement":[{"@type":"ListItem","position":1,"name":"Accueil","item":"https:\/\/dicodusport.fr\/blog\/"},{"@type":"ListItem","position":2,"name":"ATP Challenger 2023 : Calvin Hemery perd sa deuxi\u00e8me finale de l&rsquo;\u00e9t\u00e9"}]},{"@type":"WebSite","@id":"https:\/\/dicodusport.fr\/blog\/#website","url":"https:\/\/dicodusport.fr\/blog\/","name":"Dicodusport","description":"L&#039;encyclop\u00e9die de l&#039;actualit\u00e9 sportive","publisher":{"@id":"https:\/\/dicodusport.fr\/blog\/#organization"},"potentialAction":[{"@type":"SearchAction","target":{"@type":"EntryPoint","urlTemplate":"https:\/\/dicodusport.fr\/blog\/?s={search_term_string}"},"query-input":{"@type":"PropertyValueSpecification","valueRequired":true,"valueName":"search_term_string"}}],"inLanguage":"fr-FR"},{"@type":"NewsMediaOrganization","@id":"https:\/\/dicodusport.fr\/blog\/#organization","name":"Dicodusport","url":"https:\/\/dicodusport.fr\/blog\/","logo":{"@type":"ImageObject","inLanguage":"fr-FR","@id":"https:\/\/dicodusport.fr\/blog\/#\/schema\/logo\/image\/","url":"https:\/\/dicodusport.fr\/blog\/wp-content\/uploads\/2020\/06\/cropped-LOGO-DICODUSPORT-2020-SANS-FOND-SANS-TEXTE.png","contentUrl":"https:\/\/dicodusport.fr\/blog\/wp-content\/uploads\/2020\/06\/cropped-LOGO-DICODUSPORT-2020-SANS-FOND-SANS-TEXTE.png","width":512,"height":512,"caption":"Dicodusport"},"image":{"@id":"https:\/\/dicodusport.fr\/blog\/#\/schema\/logo\/image\/"},"sameAs":["https:\/\/www.facebook.com\/dicodusport","https:\/\/x.com\/dicodusport","https:\/\/www.instagram.com\/dicodusport\/","https:\/\/www.youtube.com\/channel\/UC7V2KZ5sd3htJivAbA4ZG3w"],"description":"Dicodusport est l'encyclop\u00e9die de l'actualit\u00e9 sportive.","email":"bonjour@dicodusport.fr","legalName":"DICODUSPORT","foundingDate":"2018-01-14","vatID":"FR71834470973","taxID":"83447097300043","numberOfEmployees":{"@type":"QuantitativeValue","minValue":"1","maxValue":"10"}},{"@type":"Person","@id":"https:\/\/dicodusport.fr\/blog\/#\/schema\/person\/bf1e4f404e108bd2be5b447b16bde9a7","name":"Tom Compayrot","image":{"@type":"ImageObject","inLanguage":"fr-FR","@id":"https:\/\/dicodusport.fr\/blog\/#\/schema\/person\/image\/","url":"https:\/\/dicodusport.fr\/blog\/wp-content\/uploads\/2021\/05\/Tom-Compayrot-150x150.jpg","contentUrl":"https:\/\/dicodusport.fr\/blog\/wp-content\/uploads\/2021\/05\/Tom-Compayrot-150x150.jpg","caption":"Tom Compayrot"},"description":"Journaliste\/r\u00e9dacteur depuis mars 2017 - Amoureux de la petite balle jaune et du gros ballon orange qui tra\u00eene sa carcasse sur Dicodusport depuis 2017. Rafael Nadal et LeBron James sont les meilleurs joueurs de l'histoire.","sameAs":["https:\/\/x.com\/https:\/\/twitter.com\/Tom_Cprt"],"url":"https:\/\/dicodusport.fr\/blog\/author\/tom\/"}]}},"_links":{"self":[{"href":"https:\/\/dicodusport.fr\/blog\/wp-json\/wp\/v2\/posts\/417318","targetHints":{"allow":["GET"]}}],"collection":[{"href":"https:\/\/dicodusport.fr\/blog\/wp-json\/wp\/v2\/posts"}],"about":[{"href":"https:\/\/dicodusport.fr\/blog\/wp-json\/wp\/v2\/types\/post"}],"author":[{"embeddable":true,"href":"https:\/\/dicodusport.fr\/blog\/wp-json\/wp\/v2\/users\/13"}],"replies":[{"embeddable":true,"href":"https:\/\/dicodusport.fr\/blog\/wp-json\/wp\/v2\/comments?post=417318"}],"version-history":[{"count":0,"href":"https:\/\/dicodusport.fr\/blog\/wp-json\/wp\/v2\/posts\/417318\/revisions"}],"wp:featuredmedia":[{"embeddable":true,"href":"https:\/\/dicodusport.fr\/blog\/wp-json\/wp\/v2\/media\/417323"}],"wp:attachment":[{"href":"https:\/\/dicodusport.fr\/blog\/wp-json\/wp\/v2\/media?parent=417318"}],"wp:term":[{"taxonomy":"category","embeddable":true,"href":"https:\/\/dicodusport.fr\/blog\/wp-json\/wp\/v2\/categories?post=417318"},{"taxonomy":"post_tag","embeddable":true,"href":"https:\/\/dicodusport.fr\/blog\/wp-json\/wp\/v2\/tags?post=417318"}],"curies":[{"name":"wp","href":"https:\/\/api.w.org\/{rel}","templated":true}]}}