{"id":41743,"date":"2019-06-21T17:02:03","date_gmt":"2019-06-21T15:02:03","guid":{"rendered":"http:\/\/dicodusport.fr\/blog\/?p=41743"},"modified":"2019-06-21T17:06:08","modified_gmt":"2019-06-21T15:06:08","slug":"decastar-de-talence-enjeux-et-plateau","status":"publish","type":"post","link":"https:\/\/dicodusport.fr\/blog\/decastar-de-talence-enjeux-et-plateau\/","title":{"rendered":"D\u00e9castar de Talence : enjeux et plateau"},"content":{"rendered":"<p style=\"text-align: justify;\"><em><strong>Ce week-end aura lieu le <a href=\"https:\/\/decastar.fr\/fr\/\" target=\"_blank\" rel=\"noopener\">D\u00e9castar<\/a> \u00e0 Talence. Comme chaque ann\u00e9e, les meilleurs athl\u00e8tes des \u00e9preuves combin\u00e9es s&rsquo;y donnent rendez-vous. Ce sera l&rsquo;occasion pour Kevin Mayer et Nafissatou Thiam de se jauger.<\/strong><\/em><\/p>\n<h1 style=\"text-align: justify;\">Un D\u00e9castar \u00e0 enjeux<\/h1>\n<p style=\"text-align: justify;\">Exceptionnellement cette ann\u00e9e, le <strong>D\u00e9castar<\/strong> se d\u00e9roule en juin, puisque les championnats du monde de Doha se d\u00e9rouleront du 28 septembre au 6 octobre prochain. C&rsquo;est donc l&rsquo;occasion pour de nombreux athl\u00e8tes d&rsquo;aller d\u00e9crocher les minimas pour ces Mondiaux de Doha (8200 pts) ainsi que les minimas pour les Jeux Olympiques de Tokyo (8350 pts). Pour d&rsquo;autres, c&rsquo;est l&rsquo;occasion de voir o\u00f9 ils en sont dans leur pr\u00e9paration pour Doha, principal objectif de la saison.<\/p>\n<h1 style=\"text-align: justify;\">Le plateau f\u00e9minin<\/h1>\n<p style=\"text-align: justify;\">En heptathlon, le plateau sera de tr\u00e8s haut niveau. <strong>Nafissatou Thiam<\/strong>, championne olympique, championne du monde et championne d&rsquo;Europe, en est la t\u00eate d&rsquo;affiche et y effectuera sa rentr\u00e9e. Elle sera accompagn\u00e9e, entre autres, de <strong>Laura Ikauniece<\/strong>, <strong>Yorgelis Rodriguez<\/strong>, <strong>X\u00e9nia Krizsan<\/strong>, <strong>Anouk Vetter<\/strong> ou encore de <strong>Katerina Cachova<\/strong>. Toutes sont r\u00e9guli\u00e8rement au-dessus de 6000 points, de quoi assurer un beau spectacle. <strong>Sol\u00e8ne Ndama<\/strong>, co-recordwoman de France (4723 pts), \u00e9tabli aux championnats d&rsquo;Europe 2019 \u00e0 Glasgow, sera \u00e9galement pr\u00e9sente.<\/p>\n<h1 style=\"text-align: justify;\">Le plateau masculin<\/h1>\n<p style=\"text-align: justify;\">Du c\u00f4t\u00e9 du d\u00e9cathlon, le niveau sera aussi \u00e9lev\u00e9. <strong>Kevin Mayer<\/strong>, recordman du monde, sera la t\u00eate d&rsquo;affiche de ce D\u00e9castar et y fera sa rentr\u00e9e. Son dernier d\u00e9cathlon remonte d&rsquo;ailleurs \u00e0 son record \u00e9tabli au m\u00eame endroit, en septembre 2018. Mais les attentes ne sont pas les m\u00eames cette ann\u00e9e. Il sera accompagn\u00e9, entre autres, par le vice-champion d&rsquo;Europe <strong>Ilya Shkurenev<\/strong>, du champion des \u00c9tats-Unis <strong>Zach Ziemek<\/strong>, du Belge <strong>Thomas Van Der Plaetsen<\/strong> ou encore de <strong>Vitaliy Zhuk<\/strong>.<\/p>\n<blockquote class=\"twitter-tweet\" data-lang=\"fr\">\n<p dir=\"ltr\" lang=\"fr\">&#x1f534;&#x1f3c3;&#x200d;&#x2642;&#xfe0f;&#x1f3c3;&#x1f3fd;&#x200d;&#x2640;&#xfe0f;Une photo qui vaut de l\u2019or, au sens propre comme au figur\u00e9 :<br \/>\n&#8211; <a href=\"https:\/\/twitter.com\/mayer_decathlon?ref_src=twsrc%5Etfw\">@mayer_decathlon<\/a> : champion du monde et recordman du monde du d\u00e9cathlon<br \/>\n&#8211; <a href=\"https:\/\/twitter.com\/thiam_nafi?ref_src=twsrc%5Etfw\">@thiam_nafi<\/a> : championne olympique, du monde et d\u2019Europe de l\u2019heptathlon<br \/>\nLes spectateurs vont se r\u00e9galer au <a href=\"https:\/\/twitter.com\/decastar_off?ref_src=twsrc%5Etfw\">@decastar_off<\/a> <a href=\"https:\/\/twitter.com\/hashtag\/Bordeaux?src=hash&amp;ref_src=twsrc%5Etfw\">#Bordeaux<\/a> <a href=\"https:\/\/t.co\/SxG2VdAVj0\">pic.twitter.com\/SxG2VdAVj0<\/a><\/p>\n<p>\u2014 Clement Carpentier (@clementcarpet) <a href=\"https:\/\/twitter.com\/clementcarpet\/status\/1141753141244956672?ref_src=twsrc%5Etfw\">20 juin 2019<\/a><\/p><\/blockquote>\n<p><script async src=\"https:\/\/platform.twitter.com\/widgets.js\" charset=\"utf-8\"><\/script><\/p>\n<p style=\"text-align: justify;\">Ce sont donc deux plateaux de niveau international en qu\u00eate des minimas qui vont assurer le spectacle ce week-end, et la m\u00e9t\u00e9o devrait \u00eatre au rendez-vous. Cependant, il ne faut pas s&rsquo;attendre \u00e0 de grosses performances, notamment de la part des athl\u00e8tes d\u00e9j\u00e0 qualifi\u00e9s pour Doha. En effet, le D\u00e9castar a lieu cette ann\u00e9e en d\u00e9but de saison contrairement aux ann\u00e9es pr\u00e9c\u00e9dentes. Les athl\u00e8tes sont donc encore en pleine pr\u00e9paration, mais pr\u00eats \u00e0 en d\u00e9coudre.<\/p>\n<p><em><strong>Quentin Marchesan<br \/>\n<a href=\"https:\/\/twitter.com\/quentinmrchs\"><img loading=\"lazy\" decoding=\"async\" class=\"alignnone wp-image-2908\" src=\"http:\/\/dicodusport.fr\/blog\/wp-content\/uploads\/2017\/07\/logo-twitter-150x150.png\" alt=\"\" width=\"39\" height=\"39\" \/><\/a><\/strong><\/em><\/p>\n","protected":false},"excerpt":{"rendered":"<p>Ce week-end aura lieu le D\u00e9castar \u00e0 Talence. Comme chaque ann\u00e9e, les meilleurs athl\u00e8tes des \u00e9preuves combin\u00e9es s&rsquo;y donnent rendez-vous. Enjeux et plateau.<\/p>\n","protected":false},"author":36,"featured_media":41753,"comment_status":"open","ping_status":"closed","sticky":false,"template":"","format":"standard","meta":{"_acf_changed":false,"_daextam_enable_autolinks":"","footnotes":""},"categories":[2,2308],"tags":[1269,6691,1257],"class_list":["post-41743","post","type-post","status-publish","format-standard","has-post-thumbnail","hentry","category-actualites","category-athletisme","tag-decathlon","tag-heptathlon","tag-kevin-mayer"],"acf":[],"yoast_head":"<!-- This site is optimized with the Yoast SEO Premium plugin v26.7 (Yoast SEO v26.7) - https:\/\/yoast.com\/wordpress\/plugins\/seo\/ -->\n<title>D\u00e9castar de Talence : enjeux et plateau<\/title>\n<meta name=\"description\" content=\"Ce week-end aura lieu le D\u00e9castar \u00e0 Talence. Comme chaque ann\u00e9e, les meilleurs athl\u00e8tes des \u00e9preuves combin\u00e9es s&#039;y donnent rendez-vous. Enjeux et plateau.\" \/>\n<meta name=\"robots\" content=\"index, follow, max-snippet:-1, max-image-preview:large, max-video-preview:-1\" \/>\n<link rel=\"canonical\" href=\"https:\/\/dicodusport.fr\/blog\/decastar-de-talence-enjeux-et-plateau\/\" \/>\n<meta property=\"og:locale\" content=\"fr_FR\" \/>\n<meta property=\"og:type\" content=\"article\" \/>\n<meta property=\"og:title\" content=\"D\u00e9castar de Talence : Kevin Mayer et Nafissatou Thiam en rodage\" \/>\n<meta property=\"og:description\" content=\"Ce week-end aura lieu le D\u00e9castar \u00e0 Talence. Comme chaque ann\u00e9e, les meilleurs athl\u00e8tes des \u00e9preuves combin\u00e9es s&#039;y donnent rendez-vous. Enjeux et plateau.\" \/>\n<meta property=\"og:url\" content=\"https:\/\/dicodusport.fr\/blog\/decastar-de-talence-enjeux-et-plateau\/\" \/>\n<meta property=\"og:site_name\" content=\"Dicodusport\" \/>\n<meta property=\"article:publisher\" content=\"https:\/\/www.facebook.com\/dicodusport\" \/>\n<meta property=\"article:published_time\" content=\"2019-06-21T15:02:03+00:00\" \/>\n<meta property=\"article:modified_time\" content=\"2019-06-21T15:06:08+00:00\" \/>\n<meta property=\"og:image\" content=\"https:\/\/dicodusport.fr\/blog\/wp-content\/uploads\/2019\/06\/D\u00e9castar-Talence-2019.png\" \/>\n\t<meta property=\"og:image:width\" content=\"800\" \/>\n\t<meta property=\"og:image:height\" content=\"445\" \/>\n\t<meta property=\"og:image:type\" content=\"image\/png\" \/>\n<meta name=\"author\" content=\"Quentin Marchesan\" \/>\n<meta name=\"twitter:card\" content=\"summary_large_image\" \/>\n<meta name=\"twitter:title\" content=\"D\u00e9castar de Talence : Kevin Mayer et Nafissatou Thiam en rodage\" \/>\n<meta name=\"twitter:creator\" content=\"@dicodusport\" \/>\n<meta name=\"twitter:site\" content=\"@dicodusport\" \/>\n<script type=\"application\/ld+json\" class=\"yoast-schema-graph\">{\"@context\":\"https:\/\/schema.org\",\"@graph\":[{\"@type\":\"NewsArticle\",\"@id\":\"https:\/\/dicodusport.fr\/blog\/decastar-de-talence-enjeux-et-plateau\/#article\",\"isPartOf\":{\"@id\":\"https:\/\/dicodusport.fr\/blog\/decastar-de-talence-enjeux-et-plateau\/\"},\"author\":{\"name\":\"Quentin Marchesan\",\"@id\":\"https:\/\/dicodusport.fr\/blog\/#\/schema\/person\/8bdbbe8b7c921dac0688440eee5a5d94\"},\"headline\":\"D\u00e9castar de Talence : enjeux et plateau\",\"datePublished\":\"2019-06-21T15:02:03+00:00\",\"dateModified\":\"2019-06-21T15:06:08+00:00\",\"mainEntityOfPage\":{\"@id\":\"https:\/\/dicodusport.fr\/blog\/decastar-de-talence-enjeux-et-plateau\/\"},\"wordCount\":485,\"commentCount\":0,\"publisher\":{\"@id\":\"https:\/\/dicodusport.fr\/blog\/#organization\"},\"image\":{\"@id\":\"https:\/\/dicodusport.fr\/blog\/decastar-de-talence-enjeux-et-plateau\/#primaryimage\"},\"thumbnailUrl\":\"https:\/\/dicodusport.fr\/blog\/wp-content\/uploads\/2019\/06\/D\u00e9castar-Talence-2019.png\",\"keywords\":[\"d\u00e9cathlon\",\"Heptathlon\",\"Kevin Mayer\"],\"articleSection\":[\"Actualit\u00e9s\",\"Athl\u00e9tisme\"],\"inLanguage\":\"fr-FR\",\"potentialAction\":[{\"@type\":\"CommentAction\",\"name\":\"Comment\",\"target\":[\"https:\/\/dicodusport.fr\/blog\/decastar-de-talence-enjeux-et-plateau\/#respond\"]}],\"copyrightYear\":\"2019\",\"copyrightHolder\":{\"@id\":\"https:\/\/dicodusport.fr\/blog\/#organization\"}},{\"@type\":\"WebPage\",\"@id\":\"https:\/\/dicodusport.fr\/blog\/decastar-de-talence-enjeux-et-plateau\/\",\"url\":\"https:\/\/dicodusport.fr\/blog\/decastar-de-talence-enjeux-et-plateau\/\",\"name\":\"D\u00e9castar de Talence : enjeux et plateau\",\"isPartOf\":{\"@id\":\"https:\/\/dicodusport.fr\/blog\/#website\"},\"primaryImageOfPage\":{\"@id\":\"https:\/\/dicodusport.fr\/blog\/decastar-de-talence-enjeux-et-plateau\/#primaryimage\"},\"image\":{\"@id\":\"https:\/\/dicodusport.fr\/blog\/decastar-de-talence-enjeux-et-plateau\/#primaryimage\"},\"thumbnailUrl\":\"https:\/\/dicodusport.fr\/blog\/wp-content\/uploads\/2019\/06\/D\u00e9castar-Talence-2019.png\",\"datePublished\":\"2019-06-21T15:02:03+00:00\",\"dateModified\":\"2019-06-21T15:06:08+00:00\",\"description\":\"Ce week-end aura lieu le D\u00e9castar \u00e0 Talence. Comme chaque ann\u00e9e, les meilleurs athl\u00e8tes des \u00e9preuves combin\u00e9es s'y donnent rendez-vous. Enjeux et plateau.\",\"breadcrumb\":{\"@id\":\"https:\/\/dicodusport.fr\/blog\/decastar-de-talence-enjeux-et-plateau\/#breadcrumb\"},\"inLanguage\":\"fr-FR\",\"potentialAction\":[{\"@type\":\"ReadAction\",\"target\":[\"https:\/\/dicodusport.fr\/blog\/decastar-de-talence-enjeux-et-plateau\/\"]}]},{\"@type\":\"ImageObject\",\"inLanguage\":\"fr-FR\",\"@id\":\"https:\/\/dicodusport.fr\/blog\/decastar-de-talence-enjeux-et-plateau\/#primaryimage\",\"url\":\"https:\/\/dicodusport.fr\/blog\/wp-content\/uploads\/2019\/06\/D\u00e9castar-Talence-2019.png\",\"contentUrl\":\"https:\/\/dicodusport.fr\/blog\/wp-content\/uploads\/2019\/06\/D\u00e9castar-Talence-2019.png\",\"width\":800,\"height\":445},{\"@type\":\"BreadcrumbList\",\"@id\":\"https:\/\/dicodusport.fr\/blog\/decastar-de-talence-enjeux-et-plateau\/#breadcrumb\",\"itemListElement\":[{\"@type\":\"ListItem\",\"position\":1,\"name\":\"Accueil\",\"item\":\"https:\/\/dicodusport.fr\/blog\/\"},{\"@type\":\"ListItem\",\"position\":2,\"name\":\"D\u00e9castar de Talence : enjeux et plateau\"}]},{\"@type\":\"WebSite\",\"@id\":\"https:\/\/dicodusport.fr\/blog\/#website\",\"url\":\"https:\/\/dicodusport.fr\/blog\/\",\"name\":\"Dicodusport\",\"description\":\"L&#039;encyclop\u00e9die de l&#039;actualit\u00e9 sportive\",\"publisher\":{\"@id\":\"https:\/\/dicodusport.fr\/blog\/#organization\"},\"potentialAction\":[{\"@type\":\"SearchAction\",\"target\":{\"@type\":\"EntryPoint\",\"urlTemplate\":\"https:\/\/dicodusport.fr\/blog\/?s={search_term_string}\"},\"query-input\":{\"@type\":\"PropertyValueSpecification\",\"valueRequired\":true,\"valueName\":\"search_term_string\"}}],\"inLanguage\":\"fr-FR\"},{\"@type\":\"NewsMediaOrganization\",\"@id\":\"https:\/\/dicodusport.fr\/blog\/#organization\",\"name\":\"Dicodusport\",\"url\":\"https:\/\/dicodusport.fr\/blog\/\",\"logo\":{\"@type\":\"ImageObject\",\"inLanguage\":\"fr-FR\",\"@id\":\"https:\/\/dicodusport.fr\/blog\/#\/schema\/logo\/image\/\",\"url\":\"https:\/\/dicodusport.fr\/blog\/wp-content\/uploads\/2020\/06\/cropped-LOGO-DICODUSPORT-2020-SANS-FOND-SANS-TEXTE.png\",\"contentUrl\":\"https:\/\/dicodusport.fr\/blog\/wp-content\/uploads\/2020\/06\/cropped-LOGO-DICODUSPORT-2020-SANS-FOND-SANS-TEXTE.png\",\"width\":512,\"height\":512,\"caption\":\"Dicodusport\"},\"image\":{\"@id\":\"https:\/\/dicodusport.fr\/blog\/#\/schema\/logo\/image\/\"},\"sameAs\":[\"https:\/\/www.facebook.com\/dicodusport\",\"https:\/\/x.com\/dicodusport\",\"https:\/\/www.instagram.com\/dicodusport\/\",\"https:\/\/www.youtube.com\/channel\/UC7V2KZ5sd3htJivAbA4ZG3w\"],\"description\":\"Dicodusport est l'encyclop\u00e9die de l'actualit\u00e9 sportive.\",\"email\":\"bonjour@dicodusport.fr\",\"legalName\":\"DICODUSPORT\",\"foundingDate\":\"2018-01-14\",\"vatID\":\"FR71834470973\",\"taxID\":\"83447097300043\",\"numberOfEmployees\":{\"@type\":\"QuantitativeValue\",\"minValue\":\"1\",\"maxValue\":\"10\"}},{\"@type\":\"Person\",\"@id\":\"https:\/\/dicodusport.fr\/blog\/#\/schema\/person\/8bdbbe8b7c921dac0688440eee5a5d94\",\"name\":\"Quentin Marchesan\",\"image\":{\"@type\":\"ImageObject\",\"inLanguage\":\"fr-FR\",\"@id\":\"https:\/\/dicodusport.fr\/blog\/#\/schema\/person\/image\/\",\"url\":\"https:\/\/dicodusport.fr\/blog\/wp-content\/uploads\/2019\/02\/Quentin-face-\u00e0-face-150x150.jpg\",\"contentUrl\":\"https:\/\/dicodusport.fr\/blog\/wp-content\/uploads\/2019\/02\/Quentin-face-\u00e0-face-150x150.jpg\",\"caption\":\"Quentin Marchesan\"},\"url\":\"https:\/\/dicodusport.fr\/blog\/author\/quentin\/\"}]}<\/script>\n<!-- \/ Yoast SEO Premium plugin. -->","yoast_head_json":{"title":"D\u00e9castar de Talence : enjeux et plateau","description":"Ce week-end aura lieu le D\u00e9castar \u00e0 Talence. Comme chaque ann\u00e9e, les meilleurs athl\u00e8tes des \u00e9preuves combin\u00e9es s'y donnent rendez-vous. Enjeux et plateau.","robots":{"index":"index","follow":"follow","max-snippet":"max-snippet:-1","max-image-preview":"max-image-preview:large","max-video-preview":"max-video-preview:-1"},"canonical":"https:\/\/dicodusport.fr\/blog\/decastar-de-talence-enjeux-et-plateau\/","og_locale":"fr_FR","og_type":"article","og_title":"D\u00e9castar de Talence : Kevin Mayer et Nafissatou Thiam en rodage","og_description":"Ce week-end aura lieu le D\u00e9castar \u00e0 Talence. Comme chaque ann\u00e9e, les meilleurs athl\u00e8tes des \u00e9preuves combin\u00e9es s'y donnent rendez-vous. Enjeux et plateau.","og_url":"https:\/\/dicodusport.fr\/blog\/decastar-de-talence-enjeux-et-plateau\/","og_site_name":"Dicodusport","article_publisher":"https:\/\/www.facebook.com\/dicodusport","article_published_time":"2019-06-21T15:02:03+00:00","article_modified_time":"2019-06-21T15:06:08+00:00","og_image":[{"width":800,"height":445,"url":"https:\/\/dicodusport.fr\/blog\/wp-content\/uploads\/2019\/06\/D\u00e9castar-Talence-2019.png","type":"image\/png"}],"author":"Quentin Marchesan","twitter_card":"summary_large_image","twitter_title":"D\u00e9castar de Talence : Kevin Mayer et Nafissatou Thiam en rodage","twitter_creator":"@dicodusport","twitter_site":"@dicodusport","schema":{"@context":"https:\/\/schema.org","@graph":[{"@type":"NewsArticle","@id":"https:\/\/dicodusport.fr\/blog\/decastar-de-talence-enjeux-et-plateau\/#article","isPartOf":{"@id":"https:\/\/dicodusport.fr\/blog\/decastar-de-talence-enjeux-et-plateau\/"},"author":{"name":"Quentin Marchesan","@id":"https:\/\/dicodusport.fr\/blog\/#\/schema\/person\/8bdbbe8b7c921dac0688440eee5a5d94"},"headline":"D\u00e9castar de Talence : enjeux et plateau","datePublished":"2019-06-21T15:02:03+00:00","dateModified":"2019-06-21T15:06:08+00:00","mainEntityOfPage":{"@id":"https:\/\/dicodusport.fr\/blog\/decastar-de-talence-enjeux-et-plateau\/"},"wordCount":485,"commentCount":0,"publisher":{"@id":"https:\/\/dicodusport.fr\/blog\/#organization"},"image":{"@id":"https:\/\/dicodusport.fr\/blog\/decastar-de-talence-enjeux-et-plateau\/#primaryimage"},"thumbnailUrl":"https:\/\/dicodusport.fr\/blog\/wp-content\/uploads\/2019\/06\/D\u00e9castar-Talence-2019.png","keywords":["d\u00e9cathlon","Heptathlon","Kevin Mayer"],"articleSection":["Actualit\u00e9s","Athl\u00e9tisme"],"inLanguage":"fr-FR","potentialAction":[{"@type":"CommentAction","name":"Comment","target":["https:\/\/dicodusport.fr\/blog\/decastar-de-talence-enjeux-et-plateau\/#respond"]}],"copyrightYear":"2019","copyrightHolder":{"@id":"https:\/\/dicodusport.fr\/blog\/#organization"}},{"@type":"WebPage","@id":"https:\/\/dicodusport.fr\/blog\/decastar-de-talence-enjeux-et-plateau\/","url":"https:\/\/dicodusport.fr\/blog\/decastar-de-talence-enjeux-et-plateau\/","name":"D\u00e9castar de Talence : enjeux et plateau","isPartOf":{"@id":"https:\/\/dicodusport.fr\/blog\/#website"},"primaryImageOfPage":{"@id":"https:\/\/dicodusport.fr\/blog\/decastar-de-talence-enjeux-et-plateau\/#primaryimage"},"image":{"@id":"https:\/\/dicodusport.fr\/blog\/decastar-de-talence-enjeux-et-plateau\/#primaryimage"},"thumbnailUrl":"https:\/\/dicodusport.fr\/blog\/wp-content\/uploads\/2019\/06\/D\u00e9castar-Talence-2019.png","datePublished":"2019-06-21T15:02:03+00:00","dateModified":"2019-06-21T15:06:08+00:00","description":"Ce week-end aura lieu le D\u00e9castar \u00e0 Talence. Comme chaque ann\u00e9e, les meilleurs athl\u00e8tes des \u00e9preuves combin\u00e9es s'y donnent rendez-vous. Enjeux et plateau.","breadcrumb":{"@id":"https:\/\/dicodusport.fr\/blog\/decastar-de-talence-enjeux-et-plateau\/#breadcrumb"},"inLanguage":"fr-FR","potentialAction":[{"@type":"ReadAction","target":["https:\/\/dicodusport.fr\/blog\/decastar-de-talence-enjeux-et-plateau\/"]}]},{"@type":"ImageObject","inLanguage":"fr-FR","@id":"https:\/\/dicodusport.fr\/blog\/decastar-de-talence-enjeux-et-plateau\/#primaryimage","url":"https:\/\/dicodusport.fr\/blog\/wp-content\/uploads\/2019\/06\/D\u00e9castar-Talence-2019.png","contentUrl":"https:\/\/dicodusport.fr\/blog\/wp-content\/uploads\/2019\/06\/D\u00e9castar-Talence-2019.png","width":800,"height":445},{"@type":"BreadcrumbList","@id":"https:\/\/dicodusport.fr\/blog\/decastar-de-talence-enjeux-et-plateau\/#breadcrumb","itemListElement":[{"@type":"ListItem","position":1,"name":"Accueil","item":"https:\/\/dicodusport.fr\/blog\/"},{"@type":"ListItem","position":2,"name":"D\u00e9castar de Talence : enjeux et plateau"}]},{"@type":"WebSite","@id":"https:\/\/dicodusport.fr\/blog\/#website","url":"https:\/\/dicodusport.fr\/blog\/","name":"Dicodusport","description":"L&#039;encyclop\u00e9die de l&#039;actualit\u00e9 sportive","publisher":{"@id":"https:\/\/dicodusport.fr\/blog\/#organization"},"potentialAction":[{"@type":"SearchAction","target":{"@type":"EntryPoint","urlTemplate":"https:\/\/dicodusport.fr\/blog\/?s={search_term_string}"},"query-input":{"@type":"PropertyValueSpecification","valueRequired":true,"valueName":"search_term_string"}}],"inLanguage":"fr-FR"},{"@type":"NewsMediaOrganization","@id":"https:\/\/dicodusport.fr\/blog\/#organization","name":"Dicodusport","url":"https:\/\/dicodusport.fr\/blog\/","logo":{"@type":"ImageObject","inLanguage":"fr-FR","@id":"https:\/\/dicodusport.fr\/blog\/#\/schema\/logo\/image\/","url":"https:\/\/dicodusport.fr\/blog\/wp-content\/uploads\/2020\/06\/cropped-LOGO-DICODUSPORT-2020-SANS-FOND-SANS-TEXTE.png","contentUrl":"https:\/\/dicodusport.fr\/blog\/wp-content\/uploads\/2020\/06\/cropped-LOGO-DICODUSPORT-2020-SANS-FOND-SANS-TEXTE.png","width":512,"height":512,"caption":"Dicodusport"},"image":{"@id":"https:\/\/dicodusport.fr\/blog\/#\/schema\/logo\/image\/"},"sameAs":["https:\/\/www.facebook.com\/dicodusport","https:\/\/x.com\/dicodusport","https:\/\/www.instagram.com\/dicodusport\/","https:\/\/www.youtube.com\/channel\/UC7V2KZ5sd3htJivAbA4ZG3w"],"description":"Dicodusport est l'encyclop\u00e9die de l'actualit\u00e9 sportive.","email":"bonjour@dicodusport.fr","legalName":"DICODUSPORT","foundingDate":"2018-01-14","vatID":"FR71834470973","taxID":"83447097300043","numberOfEmployees":{"@type":"QuantitativeValue","minValue":"1","maxValue":"10"}},{"@type":"Person","@id":"https:\/\/dicodusport.fr\/blog\/#\/schema\/person\/8bdbbe8b7c921dac0688440eee5a5d94","name":"Quentin Marchesan","image":{"@type":"ImageObject","inLanguage":"fr-FR","@id":"https:\/\/dicodusport.fr\/blog\/#\/schema\/person\/image\/","url":"https:\/\/dicodusport.fr\/blog\/wp-content\/uploads\/2019\/02\/Quentin-face-\u00e0-face-150x150.jpg","contentUrl":"https:\/\/dicodusport.fr\/blog\/wp-content\/uploads\/2019\/02\/Quentin-face-\u00e0-face-150x150.jpg","caption":"Quentin Marchesan"},"url":"https:\/\/dicodusport.fr\/blog\/author\/quentin\/"}]}},"_links":{"self":[{"href":"https:\/\/dicodusport.fr\/blog\/wp-json\/wp\/v2\/posts\/41743","targetHints":{"allow":["GET"]}}],"collection":[{"href":"https:\/\/dicodusport.fr\/blog\/wp-json\/wp\/v2\/posts"}],"about":[{"href":"https:\/\/dicodusport.fr\/blog\/wp-json\/wp\/v2\/types\/post"}],"author":[{"embeddable":true,"href":"https:\/\/dicodusport.fr\/blog\/wp-json\/wp\/v2\/users\/36"}],"replies":[{"embeddable":true,"href":"https:\/\/dicodusport.fr\/blog\/wp-json\/wp\/v2\/comments?post=41743"}],"version-history":[{"count":0,"href":"https:\/\/dicodusport.fr\/blog\/wp-json\/wp\/v2\/posts\/41743\/revisions"}],"wp:featuredmedia":[{"embeddable":true,"href":"https:\/\/dicodusport.fr\/blog\/wp-json\/wp\/v2\/media\/41753"}],"wp:attachment":[{"href":"https:\/\/dicodusport.fr\/blog\/wp-json\/wp\/v2\/media?parent=41743"}],"wp:term":[{"taxonomy":"category","embeddable":true,"href":"https:\/\/dicodusport.fr\/blog\/wp-json\/wp\/v2\/categories?post=41743"},{"taxonomy":"post_tag","embeddable":true,"href":"https:\/\/dicodusport.fr\/blog\/wp-json\/wp\/v2\/tags?post=41743"}],"curies":[{"name":"wp","href":"https:\/\/api.w.org\/{rel}","templated":true}]}}