{"id":417529,"date":"2023-09-10T14:18:00","date_gmt":"2023-09-10T12:18:00","guid":{"rendered":"https:\/\/dicodusport.fr\/blog\/?p=417529&#038;preview=true&#038;preview_id=417529"},"modified":"2023-09-10T19:14:12","modified_gmt":"2023-09-10T17:14:12","slug":"vtt-xco-les-gets-mona-mitterwallner-encore-gagnante-pauline-ferrand-prevot-sur-le-podium","status":"publish","type":"post","link":"https:\/\/dicodusport.fr\/blog\/vtt-xco-les-gets-mona-mitterwallner-encore-gagnante-pauline-ferrand-prevot-sur-le-podium\/","title":{"rendered":"VTT XCO Les Gets : Mona Mitterwallner encore gagnante, Pauline Ferrand-Pr\u00e9vot sur le podium"},"content":{"rendered":"<p align=\"justify\"><em><strong>VTT XCO LES GETS &#8211; Mona Mitterwallner encore impressionnante ! L&rsquo;Autrichienne l&#8217;emporte en battant \u00e0 l&rsquo;usure Puck Pieterse, sur la course XCO de la Coupe du monde des Gets (France). Pauline Ferrand-Pr\u00e9vot a craqu\u00e9 un peu plus t\u00f4t, mais finit en 3e position.<\/strong><\/em><\/p>\n<p style=\"text-align: justify;\"><span style=\"font-weight: 400;\">Une grande course devant un public venu nombreux en bord de piste. <\/span><b>Mona Mitterwallner <\/b><span style=\"font-weight: 400;\">s&rsquo;adjuge une deuxi\u00e8me victoire en Coupe du monde, quelques semaines seulement apr\u00e8s son premier obtenu en Andorre. La championne du monde de VTT marathon a d\u00e9croch\u00e9 <\/span><b>Puck Pieterse <\/b><span style=\"font-weight: 400;\">dans le 5\u1d49 des six tours. Le week-end dans le nord des Alpes fran\u00e7aises fut couronn\u00e9 de gloire pour la France apr\u00e8s les succ\u00e8s d&rsquo;<\/span><b>Adrien Boichis <\/b><span style=\"font-weight: 400;\">(XCO U23), de <\/span><a href=\"https:\/\/dicodusport.fr\/blog\/vtt-descente-marine-cabirou-remporte-lepreuve-de-coupe-du-monde-aux-gets\/\"><b>Marine Cabirou <\/b><\/a><span style=\"font-weight: 400;\">et <\/span><a href=\"https:\/\/dicodusport.fr\/blog\/vtt-descente-benoit-coulanges-remporte-sa-premiere-epreuve-de-coupe-du-monde-aux-gets\/\"><b>Beno\u00eet Coulanges<\/b><\/a><span style=\"font-weight: 400;\"> (descente). Longtemps devant, avec la nouvelle g\u00e9n\u00e9ration, <\/span><b>Pauline Ferrand-Pr\u00e9vot <\/b><span style=\"font-weight: 400;\">s&rsquo;offre un podium aux Gets (3e). <\/span><b>Loana Lecomte <\/b><span style=\"font-weight: 400;\">termine en 7\u1d49 position, loin des femmes de t\u00eate.<\/span><\/p>\n<h2 style=\"text-align: justify;\">La nouvelle g\u00e9n\u00e9ration prend le pouvoir<\/h2>\n<p style=\"text-align: justify;\"><span style=\"font-weight: 400;\">Dans un nuage de poussi\u00e8re, les v\u00e9t\u00e9tistes ont d\u00e9marr\u00e9 tambours battants. <\/span><b>Loana Lecomte <\/b><span style=\"font-weight: 400;\">pr\u00e9f\u00e8re se placer en t\u00eate et peut choisir sa ligne sur ce circuit technique et pi\u00e9geux. <\/span><b>Pauline Ferrand-Pr\u00e9vot <\/b><span style=\"font-weight: 400;\">remonte progressivement, elle qui est partie dans les derni\u00e8res lignes, puisque la championne du monde en titre \u00e9tait forfait pour la XCC, vendredi. Pas d&rsquo;\u00e9cart dans le premier tour, elles sont 8 \u00e0 s&rsquo;\u00e9chapper \u00e0 la p\u00e9dale. Il fait chaud en Haute-Savoie, les femmes se ravitaillent d\u00e8s qu&rsquo;elles le peuvent. <\/span><b>Puck Pieterse <\/b><span style=\"font-weight: 400;\">en a profit\u00e9 pour mettre un coup de gaz \u00e0 ce moment, la N\u00e9erlandaise semble en forme. Elle s&rsquo;isole devant, avec <\/span><b>Haley Batten <\/b><span style=\"font-weight: 400;\">et <\/span><b>Mona Mitterwallner<\/b><span style=\"font-weight: 400;\">, PFP revenant par la suite.<\/span><\/p>\n<p style=\"text-align: justify;\"><span style=\"font-weight: 400;\">Tout le monde est sur un fil \u00e0 l&rsquo;avant. <\/span><b>Mitterwallner <\/b><span style=\"font-weight: 400;\">glisse, <\/span><b>Ferrand-Pr\u00e9vot <\/b><span style=\"font-weight: 400;\">glisse et <\/span><b>Pieterse <\/b><span style=\"font-weight: 400;\">file, prenant\u00a0 une poign\u00e9e de secondes. La cycliste d&rsquo;Alpecin-Deceuninck prend tous les risques dans les descentes, mais cela tient pour la leader du classement g\u00e9n\u00e9ral. La Fran\u00e7aise va finalement craquer dans l&rsquo;avant-derni\u00e8re boucle, le rythme imprim\u00e9 par les deux jeunes athl\u00e8tes surclass\u00e9es est trop difficile \u00e0 suivre. Dans ce m\u00eame tour, la championne d&rsquo;Autriche se cr\u00e9e une avance suffisante pour s&rsquo;assurer son 2\u1d49 succ\u00e8s cons\u00e9cutif en Coupe du monde, devant <\/span><b>Puck Pieterse<\/b><span style=\"font-weight: 400;\">. <\/span><b>Pauline Ferrand-Pr\u00e9vot <\/b><span style=\"font-weight: 400;\">et <\/span><b>Haley Batten <\/b><span style=\"font-weight: 400;\">se sont battues jusqu&rsquo;au bout pour la 3\u1d49 place. Avantage \u00e0 la Tricolore, finalement.<\/span><\/p>\n<blockquote class=\"twitter-tweet\">\n<p dir=\"ltr\" lang=\"en\">Back-to-back wins for Mona Mitterwallner! \ud83e\udd47\ud83e\udd47<\/p>\n<p>The Austrian is \ud835\udc2f\ud835\udc22\ud835\udc1c\ud835\udc2d\ud835\udc28\ud835\udc2b\ud835\udc22\ud835\udc28\ud835\udc2e\ud835\udc2c in Les Gets! \ud83c\uddeb\ud83c\uddf7\ud83d\udc4f<\/p>\n<p>Puck Pieterse takes second and Pauline Ferrand-Prevot follows \ud83e\udd48\ud83e\udd49<a href=\"https:\/\/twitter.com\/MTBworldseries?ref_src=twsrc%5Etfw\">@MTBworldseries<\/a> | <a href=\"https:\/\/twitter.com\/hashtag\/MTBWorldCup?src=hash&amp;ref_src=twsrc%5Etfw\">#MTBWorldCup<\/a> <a href=\"https:\/\/t.co\/IBzSzNjFXD\">pic.twitter.com\/IBzSzNjFXD<\/a><\/p>\n<p>\u2014 Eurosport (@eurosport) <a href=\"https:\/\/twitter.com\/eurosport\/status\/1700847532929352003?ref_src=twsrc%5Etfw\">September 10, 2023<\/a><\/p><\/blockquote>\n<p><script async src=\"https:\/\/platform.twitter.com\/widgets.js\" charset=\"utf-8\"><\/script><\/p>\n<h2 style=\"text-align: justify;\">\u00c0 lire aussi<\/h2>\n<ul>\n<li style=\"text-align: justify;\"><strong><a href=\"https:\/\/dicodusport.fr\/blog\/vtt-xcc-les-gets-classement-de-la-course-femmes\/\">Le classement de la course femmes de VTT Short track des Gets<\/a><br \/>\n<\/strong><\/li>\n<li style=\"text-align: justify;\"><a href=\"https:\/\/dicodusport.fr\/blog\/vtt-cross-country-classement-general-coupe-du-monde-2023\/\"><strong>Classement g\u00e9n\u00e9ral Coupe du monde de VTT Cross-country<\/strong><\/a><\/li>\n<li style=\"text-align: justify;\"><a href=\"https:\/\/dicodusport.fr\/blog\/vtt-xc-coupe-du-monde-2023-calendrier-et-resultats\/\"><strong>Calendrier et r\u00e9sultats de la Coupe du monde de VTT Cross-country 2023<\/strong><\/a><\/li>\n<\/ul>\n","protected":false},"excerpt":{"rendered":"<p>VTT XCO LES GETS &#8211; Mona Mitterwallner encore impressionnante ! L&rsquo;Autrichienne l&#8217;emporte en battant \u00e0 l&rsquo;usure Puck Pieterse, sur la course XCO de la Coupe du monde des Gets (France). Pauline Ferrand-Pr\u00e9vot a craqu\u00e9 un peu plus t\u00f4t, mais finit en 3e position.<\/p>\n","protected":false},"author":61,"featured_media":417758,"comment_status":"open","ping_status":"closed","sticky":false,"template":"","format":"standard","meta":{"_acf_changed":false,"_daextam_enable_autolinks":"","footnotes":""},"categories":[10279],"tags":[16878,1530,692,17794],"class_list":["post-417529","post","type-post","status-publish","format-standard","has-post-thumbnail","hentry","category-vtt","tag-breve","tag-coupe-du-monde","tag-vtt","tag-vtt-xco-les-gets"],"acf":[],"yoast_head":"<!-- This site is optimized with the Yoast SEO Premium plugin v26.7 (Yoast SEO v26.7) - https:\/\/yoast.com\/wordpress\/plugins\/seo\/ -->\n<title>VTT XCO Les Gets : Mona Mitterwallner encore gagnante, Pauline Ferrand-Pr\u00e9vot sur le podium<\/title>\n<meta name=\"description\" content=\"Mona Mitterwallner l&#039;emporte en battant \u00e0 l&#039;usure Puck Pieterse. Pauline Ferrand-Pr\u00e9vot a craqu\u00e9 un peu plus t\u00f4t mais finit en 3e position.\" \/>\n<meta name=\"robots\" content=\"index, follow, max-snippet:-1, max-image-preview:large, max-video-preview:-1\" \/>\n<link rel=\"canonical\" href=\"https:\/\/dicodusport.fr\/blog\/vtt-xco-les-gets-mona-mitterwallner-encore-gagnante-pauline-ferrand-prevot-sur-le-podium\/\" \/>\n<meta property=\"og:locale\" content=\"fr_FR\" \/>\n<meta property=\"og:type\" content=\"article\" \/>\n<meta property=\"og:title\" content=\"VTT XCO Les Gets : Mona Mitterwallner encore gagnante, Pauline Ferrand-Pr\u00e9vot sur le podium\" \/>\n<meta property=\"og:description\" content=\"Mona Mitterwallner l&#039;emporte en battant \u00e0 l&#039;usure Puck Pieterse. Pauline Ferrand-Pr\u00e9vot a craqu\u00e9 un peu plus t\u00f4t mais finit en 3e position.\" \/>\n<meta property=\"og:url\" content=\"https:\/\/dicodusport.fr\/blog\/vtt-xco-les-gets-mona-mitterwallner-encore-gagnante-pauline-ferrand-prevot-sur-le-podium\/\" \/>\n<meta property=\"og:site_name\" content=\"Dicodusport\" \/>\n<meta property=\"article:publisher\" content=\"https:\/\/www.facebook.com\/dicodusport\" \/>\n<meta property=\"article:published_time\" content=\"2023-09-10T12:18:00+00:00\" \/>\n<meta property=\"article:modified_time\" content=\"2023-09-10T17:14:12+00:00\" \/>\n<meta property=\"og:image\" content=\"https:\/\/dicodusport.fr\/blog\/wp-content\/uploads\/2023\/09\/VTT-XCO-Les-Gets-Mona-Mitterwallner-encore-gagnante-Pauline-Ferrand-Prevot-sur-le-podium-1.png\" \/>\n\t<meta property=\"og:image:width\" content=\"800\" \/>\n\t<meta property=\"og:image:height\" content=\"445\" \/>\n\t<meta property=\"og:image:type\" content=\"image\/png\" \/>\n<meta name=\"author\" content=\"Pierre Gorce\" \/>\n<meta name=\"twitter:card\" content=\"summary_large_image\" \/>\n<meta name=\"twitter:title\" content=\"VTT XCO Les Gets : Mona Mitterwallner encore gagnante, Pauline Ferrand-Pr\u00e9vot sur le podium\" \/>\n<meta name=\"twitter:creator\" content=\"@https:\/\/twitter.com\/pierregorce12\" \/>\n<meta name=\"twitter:site\" content=\"@dicodusport\" \/>\n<script type=\"application\/ld+json\" class=\"yoast-schema-graph\">{\"@context\":\"https:\/\/schema.org\",\"@graph\":[{\"@type\":\"NewsArticle\",\"@id\":\"https:\/\/dicodusport.fr\/blog\/vtt-xco-les-gets-mona-mitterwallner-encore-gagnante-pauline-ferrand-prevot-sur-le-podium\/#article\",\"isPartOf\":{\"@id\":\"https:\/\/dicodusport.fr\/blog\/vtt-xco-les-gets-mona-mitterwallner-encore-gagnante-pauline-ferrand-prevot-sur-le-podium\/\"},\"author\":{\"name\":\"Pierre Gorce\",\"@id\":\"https:\/\/dicodusport.fr\/blog\/#\/schema\/person\/0eaf70b33d703a1a66b1155ac1bda018\"},\"headline\":\"VTT XCO Les Gets : Mona Mitterwallner encore gagnante, Pauline Ferrand-Pr\u00e9vot sur le podium\",\"datePublished\":\"2023-09-10T12:18:00+00:00\",\"dateModified\":\"2023-09-10T17:14:12+00:00\",\"mainEntityOfPage\":{\"@id\":\"https:\/\/dicodusport.fr\/blog\/vtt-xco-les-gets-mona-mitterwallner-encore-gagnante-pauline-ferrand-prevot-sur-le-podium\/\"},\"wordCount\":493,\"commentCount\":0,\"publisher\":{\"@id\":\"https:\/\/dicodusport.fr\/blog\/#organization\"},\"image\":{\"@id\":\"https:\/\/dicodusport.fr\/blog\/vtt-xco-les-gets-mona-mitterwallner-encore-gagnante-pauline-ferrand-prevot-sur-le-podium\/#primaryimage\"},\"thumbnailUrl\":\"https:\/\/dicodusport.fr\/blog\/wp-content\/uploads\/2023\/09\/VTT-XCO-Les-Gets-Mona-Mitterwallner-encore-gagnante-Pauline-Ferrand-Prevot-sur-le-podium-1.png\",\"keywords\":[\"br\u00e8ve\",\"Coupe du monde\",\"VTT\",\"VTT XCO Les Gets\"],\"articleSection\":[\"VTT\"],\"inLanguage\":\"fr-FR\",\"potentialAction\":[{\"@type\":\"CommentAction\",\"name\":\"Comment\",\"target\":[\"https:\/\/dicodusport.fr\/blog\/vtt-xco-les-gets-mona-mitterwallner-encore-gagnante-pauline-ferrand-prevot-sur-le-podium\/#respond\"]}],\"copyrightYear\":\"2023\",\"copyrightHolder\":{\"@id\":\"https:\/\/dicodusport.fr\/blog\/#organization\"}},{\"@type\":\"WebPage\",\"@id\":\"https:\/\/dicodusport.fr\/blog\/vtt-xco-les-gets-mona-mitterwallner-encore-gagnante-pauline-ferrand-prevot-sur-le-podium\/\",\"url\":\"https:\/\/dicodusport.fr\/blog\/vtt-xco-les-gets-mona-mitterwallner-encore-gagnante-pauline-ferrand-prevot-sur-le-podium\/\",\"name\":\"VTT XCO Les Gets : Mona Mitterwallner encore gagnante, Pauline Ferrand-Pr\u00e9vot sur le podium\",\"isPartOf\":{\"@id\":\"https:\/\/dicodusport.fr\/blog\/#website\"},\"primaryImageOfPage\":{\"@id\":\"https:\/\/dicodusport.fr\/blog\/vtt-xco-les-gets-mona-mitterwallner-encore-gagnante-pauline-ferrand-prevot-sur-le-podium\/#primaryimage\"},\"image\":{\"@id\":\"https:\/\/dicodusport.fr\/blog\/vtt-xco-les-gets-mona-mitterwallner-encore-gagnante-pauline-ferrand-prevot-sur-le-podium\/#primaryimage\"},\"thumbnailUrl\":\"https:\/\/dicodusport.fr\/blog\/wp-content\/uploads\/2023\/09\/VTT-XCO-Les-Gets-Mona-Mitterwallner-encore-gagnante-Pauline-Ferrand-Prevot-sur-le-podium-1.png\",\"datePublished\":\"2023-09-10T12:18:00+00:00\",\"dateModified\":\"2023-09-10T17:14:12+00:00\",\"description\":\"Mona Mitterwallner l'emporte en battant \u00e0 l'usure Puck Pieterse. Pauline Ferrand-Pr\u00e9vot a craqu\u00e9 un peu plus t\u00f4t mais finit en 3e position.\",\"breadcrumb\":{\"@id\":\"https:\/\/dicodusport.fr\/blog\/vtt-xco-les-gets-mona-mitterwallner-encore-gagnante-pauline-ferrand-prevot-sur-le-podium\/#breadcrumb\"},\"inLanguage\":\"fr-FR\",\"potentialAction\":[{\"@type\":\"ReadAction\",\"target\":[\"https:\/\/dicodusport.fr\/blog\/vtt-xco-les-gets-mona-mitterwallner-encore-gagnante-pauline-ferrand-prevot-sur-le-podium\/\"]}]},{\"@type\":\"ImageObject\",\"inLanguage\":\"fr-FR\",\"@id\":\"https:\/\/dicodusport.fr\/blog\/vtt-xco-les-gets-mona-mitterwallner-encore-gagnante-pauline-ferrand-prevot-sur-le-podium\/#primaryimage\",\"url\":\"https:\/\/dicodusport.fr\/blog\/wp-content\/uploads\/2023\/09\/VTT-XCO-Les-Gets-Mona-Mitterwallner-encore-gagnante-Pauline-Ferrand-Prevot-sur-le-podium-1.png\",\"contentUrl\":\"https:\/\/dicodusport.fr\/blog\/wp-content\/uploads\/2023\/09\/VTT-XCO-Les-Gets-Mona-Mitterwallner-encore-gagnante-Pauline-Ferrand-Prevot-sur-le-podium-1.png\",\"width\":800,\"height\":445,\"caption\":\"VTT XCO Les Gets Mona Mitterwallner encore gagnante, Pauline Ferrand-Pr\u00e9vot sur le podium (1)\"},{\"@type\":\"BreadcrumbList\",\"@id\":\"https:\/\/dicodusport.fr\/blog\/vtt-xco-les-gets-mona-mitterwallner-encore-gagnante-pauline-ferrand-prevot-sur-le-podium\/#breadcrumb\",\"itemListElement\":[{\"@type\":\"ListItem\",\"position\":1,\"name\":\"Accueil\",\"item\":\"https:\/\/dicodusport.fr\/blog\/\"},{\"@type\":\"ListItem\",\"position\":2,\"name\":\"VTT XCO Les Gets : Mona Mitterwallner encore gagnante, Pauline Ferrand-Pr\u00e9vot sur le podium\"}]},{\"@type\":\"WebSite\",\"@id\":\"https:\/\/dicodusport.fr\/blog\/#website\",\"url\":\"https:\/\/dicodusport.fr\/blog\/\",\"name\":\"Dicodusport\",\"description\":\"L&#039;encyclop\u00e9die de l&#039;actualit\u00e9 sportive\",\"publisher\":{\"@id\":\"https:\/\/dicodusport.fr\/blog\/#organization\"},\"potentialAction\":[{\"@type\":\"SearchAction\",\"target\":{\"@type\":\"EntryPoint\",\"urlTemplate\":\"https:\/\/dicodusport.fr\/blog\/?s={search_term_string}\"},\"query-input\":{\"@type\":\"PropertyValueSpecification\",\"valueRequired\":true,\"valueName\":\"search_term_string\"}}],\"inLanguage\":\"fr-FR\"},{\"@type\":\"NewsMediaOrganization\",\"@id\":\"https:\/\/dicodusport.fr\/blog\/#organization\",\"name\":\"Dicodusport\",\"url\":\"https:\/\/dicodusport.fr\/blog\/\",\"logo\":{\"@type\":\"ImageObject\",\"inLanguage\":\"fr-FR\",\"@id\":\"https:\/\/dicodusport.fr\/blog\/#\/schema\/logo\/image\/\",\"url\":\"https:\/\/dicodusport.fr\/blog\/wp-content\/uploads\/2020\/06\/cropped-LOGO-DICODUSPORT-2020-SANS-FOND-SANS-TEXTE.png\",\"contentUrl\":\"https:\/\/dicodusport.fr\/blog\/wp-content\/uploads\/2020\/06\/cropped-LOGO-DICODUSPORT-2020-SANS-FOND-SANS-TEXTE.png\",\"width\":512,\"height\":512,\"caption\":\"Dicodusport\"},\"image\":{\"@id\":\"https:\/\/dicodusport.fr\/blog\/#\/schema\/logo\/image\/\"},\"sameAs\":[\"https:\/\/www.facebook.com\/dicodusport\",\"https:\/\/x.com\/dicodusport\",\"https:\/\/www.instagram.com\/dicodusport\/\",\"https:\/\/www.youtube.com\/channel\/UC7V2KZ5sd3htJivAbA4ZG3w\"],\"description\":\"Dicodusport est l'encyclop\u00e9die de l'actualit\u00e9 sportive.\",\"email\":\"bonjour@dicodusport.fr\",\"legalName\":\"DICODUSPORT\",\"foundingDate\":\"2018-01-14\",\"vatID\":\"FR71834470973\",\"taxID\":\"83447097300043\",\"numberOfEmployees\":{\"@type\":\"QuantitativeValue\",\"minValue\":\"1\",\"maxValue\":\"10\"}},{\"@type\":\"Person\",\"@id\":\"https:\/\/dicodusport.fr\/blog\/#\/schema\/person\/0eaf70b33d703a1a66b1155ac1bda018\",\"name\":\"Pierre Gorce\",\"image\":{\"@type\":\"ImageObject\",\"inLanguage\":\"fr-FR\",\"@id\":\"https:\/\/dicodusport.fr\/blog\/#\/schema\/person\/image\/\",\"url\":\"https:\/\/dicodusport.fr\/blog\/wp-content\/uploads\/2022\/03\/IMG_20211214_233053_722-150x150.jpg\",\"contentUrl\":\"https:\/\/dicodusport.fr\/blog\/wp-content\/uploads\/2022\/03\/IMG_20211214_233053_722-150x150.jpg\",\"caption\":\"Pierre Gorce\"},\"description\":\"Couteau suisse venant tout droit de Haute-Savoie. Habitu\u00e9 \u00e0 regarder du sport depuis petit, j'en ai maintenant fait mon m\u00e9tier. Des sports d'hiver au surf, en passant par le tennis, la F1, le handball et l'athl\u00e9tisme, j'essaie d'avoir mes yeux sur l'enti\u00e8ret\u00e9 de l'actualit\u00e9. Jeune homme berc\u00e9 par les exploits de Jean-Baptiste Grange, Sebastian Vettel et des Experts. Membre de la g\u00e9n\u00e9ration 1999 comme Luka Doncic, Sydney McLaughlin, Lando Norris et Loana Lecomte, mais avec beaucoup moins de talent qu'eux.\",\"sameAs\":[\"https:\/\/x.com\/https:\/\/twitter.com\/pierregorce12\"],\"birthDate\":\"1999-08-29\",\"url\":\"https:\/\/dicodusport.fr\/blog\/author\/pierreg\/\"}]}<\/script>\n<!-- \/ Yoast SEO Premium plugin. -->","yoast_head_json":{"title":"VTT XCO Les Gets : Mona Mitterwallner encore gagnante, Pauline Ferrand-Pr\u00e9vot sur le podium","description":"Mona Mitterwallner l'emporte en battant \u00e0 l'usure Puck Pieterse. Pauline Ferrand-Pr\u00e9vot a craqu\u00e9 un peu plus t\u00f4t mais finit en 3e position.","robots":{"index":"index","follow":"follow","max-snippet":"max-snippet:-1","max-image-preview":"max-image-preview:large","max-video-preview":"max-video-preview:-1"},"canonical":"https:\/\/dicodusport.fr\/blog\/vtt-xco-les-gets-mona-mitterwallner-encore-gagnante-pauline-ferrand-prevot-sur-le-podium\/","og_locale":"fr_FR","og_type":"article","og_title":"VTT XCO Les Gets : Mona Mitterwallner encore gagnante, Pauline Ferrand-Pr\u00e9vot sur le podium","og_description":"Mona Mitterwallner l'emporte en battant \u00e0 l'usure Puck Pieterse. Pauline Ferrand-Pr\u00e9vot a craqu\u00e9 un peu plus t\u00f4t mais finit en 3e position.","og_url":"https:\/\/dicodusport.fr\/blog\/vtt-xco-les-gets-mona-mitterwallner-encore-gagnante-pauline-ferrand-prevot-sur-le-podium\/","og_site_name":"Dicodusport","article_publisher":"https:\/\/www.facebook.com\/dicodusport","article_published_time":"2023-09-10T12:18:00+00:00","article_modified_time":"2023-09-10T17:14:12+00:00","og_image":[{"width":800,"height":445,"url":"https:\/\/dicodusport.fr\/blog\/wp-content\/uploads\/2023\/09\/VTT-XCO-Les-Gets-Mona-Mitterwallner-encore-gagnante-Pauline-Ferrand-Prevot-sur-le-podium-1.png","type":"image\/png"}],"author":"Pierre Gorce","twitter_card":"summary_large_image","twitter_title":"VTT XCO Les Gets : Mona Mitterwallner encore gagnante, Pauline Ferrand-Pr\u00e9vot sur le podium","twitter_creator":"@https:\/\/twitter.com\/pierregorce12","twitter_site":"@dicodusport","schema":{"@context":"https:\/\/schema.org","@graph":[{"@type":"NewsArticle","@id":"https:\/\/dicodusport.fr\/blog\/vtt-xco-les-gets-mona-mitterwallner-encore-gagnante-pauline-ferrand-prevot-sur-le-podium\/#article","isPartOf":{"@id":"https:\/\/dicodusport.fr\/blog\/vtt-xco-les-gets-mona-mitterwallner-encore-gagnante-pauline-ferrand-prevot-sur-le-podium\/"},"author":{"name":"Pierre Gorce","@id":"https:\/\/dicodusport.fr\/blog\/#\/schema\/person\/0eaf70b33d703a1a66b1155ac1bda018"},"headline":"VTT XCO Les Gets : Mona Mitterwallner encore gagnante, Pauline Ferrand-Pr\u00e9vot sur le podium","datePublished":"2023-09-10T12:18:00+00:00","dateModified":"2023-09-10T17:14:12+00:00","mainEntityOfPage":{"@id":"https:\/\/dicodusport.fr\/blog\/vtt-xco-les-gets-mona-mitterwallner-encore-gagnante-pauline-ferrand-prevot-sur-le-podium\/"},"wordCount":493,"commentCount":0,"publisher":{"@id":"https:\/\/dicodusport.fr\/blog\/#organization"},"image":{"@id":"https:\/\/dicodusport.fr\/blog\/vtt-xco-les-gets-mona-mitterwallner-encore-gagnante-pauline-ferrand-prevot-sur-le-podium\/#primaryimage"},"thumbnailUrl":"https:\/\/dicodusport.fr\/blog\/wp-content\/uploads\/2023\/09\/VTT-XCO-Les-Gets-Mona-Mitterwallner-encore-gagnante-Pauline-Ferrand-Prevot-sur-le-podium-1.png","keywords":["br\u00e8ve","Coupe du monde","VTT","VTT XCO Les Gets"],"articleSection":["VTT"],"inLanguage":"fr-FR","potentialAction":[{"@type":"CommentAction","name":"Comment","target":["https:\/\/dicodusport.fr\/blog\/vtt-xco-les-gets-mona-mitterwallner-encore-gagnante-pauline-ferrand-prevot-sur-le-podium\/#respond"]}],"copyrightYear":"2023","copyrightHolder":{"@id":"https:\/\/dicodusport.fr\/blog\/#organization"}},{"@type":"WebPage","@id":"https:\/\/dicodusport.fr\/blog\/vtt-xco-les-gets-mona-mitterwallner-encore-gagnante-pauline-ferrand-prevot-sur-le-podium\/","url":"https:\/\/dicodusport.fr\/blog\/vtt-xco-les-gets-mona-mitterwallner-encore-gagnante-pauline-ferrand-prevot-sur-le-podium\/","name":"VTT XCO Les Gets : Mona Mitterwallner encore gagnante, Pauline Ferrand-Pr\u00e9vot sur le podium","isPartOf":{"@id":"https:\/\/dicodusport.fr\/blog\/#website"},"primaryImageOfPage":{"@id":"https:\/\/dicodusport.fr\/blog\/vtt-xco-les-gets-mona-mitterwallner-encore-gagnante-pauline-ferrand-prevot-sur-le-podium\/#primaryimage"},"image":{"@id":"https:\/\/dicodusport.fr\/blog\/vtt-xco-les-gets-mona-mitterwallner-encore-gagnante-pauline-ferrand-prevot-sur-le-podium\/#primaryimage"},"thumbnailUrl":"https:\/\/dicodusport.fr\/blog\/wp-content\/uploads\/2023\/09\/VTT-XCO-Les-Gets-Mona-Mitterwallner-encore-gagnante-Pauline-Ferrand-Prevot-sur-le-podium-1.png","datePublished":"2023-09-10T12:18:00+00:00","dateModified":"2023-09-10T17:14:12+00:00","description":"Mona Mitterwallner l'emporte en battant \u00e0 l'usure Puck Pieterse. Pauline Ferrand-Pr\u00e9vot a craqu\u00e9 un peu plus t\u00f4t mais finit en 3e position.","breadcrumb":{"@id":"https:\/\/dicodusport.fr\/blog\/vtt-xco-les-gets-mona-mitterwallner-encore-gagnante-pauline-ferrand-prevot-sur-le-podium\/#breadcrumb"},"inLanguage":"fr-FR","potentialAction":[{"@type":"ReadAction","target":["https:\/\/dicodusport.fr\/blog\/vtt-xco-les-gets-mona-mitterwallner-encore-gagnante-pauline-ferrand-prevot-sur-le-podium\/"]}]},{"@type":"ImageObject","inLanguage":"fr-FR","@id":"https:\/\/dicodusport.fr\/blog\/vtt-xco-les-gets-mona-mitterwallner-encore-gagnante-pauline-ferrand-prevot-sur-le-podium\/#primaryimage","url":"https:\/\/dicodusport.fr\/blog\/wp-content\/uploads\/2023\/09\/VTT-XCO-Les-Gets-Mona-Mitterwallner-encore-gagnante-Pauline-Ferrand-Prevot-sur-le-podium-1.png","contentUrl":"https:\/\/dicodusport.fr\/blog\/wp-content\/uploads\/2023\/09\/VTT-XCO-Les-Gets-Mona-Mitterwallner-encore-gagnante-Pauline-Ferrand-Prevot-sur-le-podium-1.png","width":800,"height":445,"caption":"VTT XCO Les Gets Mona Mitterwallner encore gagnante, Pauline Ferrand-Pr\u00e9vot sur le podium (1)"},{"@type":"BreadcrumbList","@id":"https:\/\/dicodusport.fr\/blog\/vtt-xco-les-gets-mona-mitterwallner-encore-gagnante-pauline-ferrand-prevot-sur-le-podium\/#breadcrumb","itemListElement":[{"@type":"ListItem","position":1,"name":"Accueil","item":"https:\/\/dicodusport.fr\/blog\/"},{"@type":"ListItem","position":2,"name":"VTT XCO Les Gets : Mona Mitterwallner encore gagnante, Pauline Ferrand-Pr\u00e9vot sur le podium"}]},{"@type":"WebSite","@id":"https:\/\/dicodusport.fr\/blog\/#website","url":"https:\/\/dicodusport.fr\/blog\/","name":"Dicodusport","description":"L&#039;encyclop\u00e9die de l&#039;actualit\u00e9 sportive","publisher":{"@id":"https:\/\/dicodusport.fr\/blog\/#organization"},"potentialAction":[{"@type":"SearchAction","target":{"@type":"EntryPoint","urlTemplate":"https:\/\/dicodusport.fr\/blog\/?s={search_term_string}"},"query-input":{"@type":"PropertyValueSpecification","valueRequired":true,"valueName":"search_term_string"}}],"inLanguage":"fr-FR"},{"@type":"NewsMediaOrganization","@id":"https:\/\/dicodusport.fr\/blog\/#organization","name":"Dicodusport","url":"https:\/\/dicodusport.fr\/blog\/","logo":{"@type":"ImageObject","inLanguage":"fr-FR","@id":"https:\/\/dicodusport.fr\/blog\/#\/schema\/logo\/image\/","url":"https:\/\/dicodusport.fr\/blog\/wp-content\/uploads\/2020\/06\/cropped-LOGO-DICODUSPORT-2020-SANS-FOND-SANS-TEXTE.png","contentUrl":"https:\/\/dicodusport.fr\/blog\/wp-content\/uploads\/2020\/06\/cropped-LOGO-DICODUSPORT-2020-SANS-FOND-SANS-TEXTE.png","width":512,"height":512,"caption":"Dicodusport"},"image":{"@id":"https:\/\/dicodusport.fr\/blog\/#\/schema\/logo\/image\/"},"sameAs":["https:\/\/www.facebook.com\/dicodusport","https:\/\/x.com\/dicodusport","https:\/\/www.instagram.com\/dicodusport\/","https:\/\/www.youtube.com\/channel\/UC7V2KZ5sd3htJivAbA4ZG3w"],"description":"Dicodusport est l'encyclop\u00e9die de l'actualit\u00e9 sportive.","email":"bonjour@dicodusport.fr","legalName":"DICODUSPORT","foundingDate":"2018-01-14","vatID":"FR71834470973","taxID":"83447097300043","numberOfEmployees":{"@type":"QuantitativeValue","minValue":"1","maxValue":"10"}},{"@type":"Person","@id":"https:\/\/dicodusport.fr\/blog\/#\/schema\/person\/0eaf70b33d703a1a66b1155ac1bda018","name":"Pierre Gorce","image":{"@type":"ImageObject","inLanguage":"fr-FR","@id":"https:\/\/dicodusport.fr\/blog\/#\/schema\/person\/image\/","url":"https:\/\/dicodusport.fr\/blog\/wp-content\/uploads\/2022\/03\/IMG_20211214_233053_722-150x150.jpg","contentUrl":"https:\/\/dicodusport.fr\/blog\/wp-content\/uploads\/2022\/03\/IMG_20211214_233053_722-150x150.jpg","caption":"Pierre Gorce"},"description":"Couteau suisse venant tout droit de Haute-Savoie. Habitu\u00e9 \u00e0 regarder du sport depuis petit, j'en ai maintenant fait mon m\u00e9tier. Des sports d'hiver au surf, en passant par le tennis, la F1, le handball et l'athl\u00e9tisme, j'essaie d'avoir mes yeux sur l'enti\u00e8ret\u00e9 de l'actualit\u00e9. Jeune homme berc\u00e9 par les exploits de Jean-Baptiste Grange, Sebastian Vettel et des Experts. Membre de la g\u00e9n\u00e9ration 1999 comme Luka Doncic, Sydney McLaughlin, Lando Norris et Loana Lecomte, mais avec beaucoup moins de talent qu'eux.","sameAs":["https:\/\/x.com\/https:\/\/twitter.com\/pierregorce12"],"birthDate":"1999-08-29","url":"https:\/\/dicodusport.fr\/blog\/author\/pierreg\/"}]}},"_links":{"self":[{"href":"https:\/\/dicodusport.fr\/blog\/wp-json\/wp\/v2\/posts\/417529","targetHints":{"allow":["GET"]}}],"collection":[{"href":"https:\/\/dicodusport.fr\/blog\/wp-json\/wp\/v2\/posts"}],"about":[{"href":"https:\/\/dicodusport.fr\/blog\/wp-json\/wp\/v2\/types\/post"}],"author":[{"embeddable":true,"href":"https:\/\/dicodusport.fr\/blog\/wp-json\/wp\/v2\/users\/61"}],"replies":[{"embeddable":true,"href":"https:\/\/dicodusport.fr\/blog\/wp-json\/wp\/v2\/comments?post=417529"}],"version-history":[{"count":0,"href":"https:\/\/dicodusport.fr\/blog\/wp-json\/wp\/v2\/posts\/417529\/revisions"}],"wp:featuredmedia":[{"embeddable":true,"href":"https:\/\/dicodusport.fr\/blog\/wp-json\/wp\/v2\/media\/417758"}],"wp:attachment":[{"href":"https:\/\/dicodusport.fr\/blog\/wp-json\/wp\/v2\/media?parent=417529"}],"wp:term":[{"taxonomy":"category","embeddable":true,"href":"https:\/\/dicodusport.fr\/blog\/wp-json\/wp\/v2\/categories?post=417529"},{"taxonomy":"post_tag","embeddable":true,"href":"https:\/\/dicodusport.fr\/blog\/wp-json\/wp\/v2\/tags?post=417529"}],"curies":[{"name":"wp","href":"https:\/\/api.w.org\/{rel}","templated":true}]}}