{"id":417549,"date":"2023-09-10T17:13:32","date_gmt":"2023-09-10T15:13:32","guid":{"rendered":"https:\/\/dicodusport.fr\/blog\/?p=417549&#038;preview=true&#038;preview_id=417549"},"modified":"2023-09-10T19:51:19","modified_gmt":"2023-09-10T17:51:19","slug":"tour-despagne-2023-rui-costa-remporte-la-15eme-etape","status":"publish","type":"post","link":"https:\/\/dicodusport.fr\/blog\/tour-despagne-2023-rui-costa-remporte-la-15eme-etape\/","title":{"rendered":"Tour d&rsquo;Espagne 2023 : Rui Costa remporte la 15\u00e8me \u00e9tape"},"content":{"rendered":"<p style=\"text-align: justify;\"><em><strong><a href=\"https:\/\/dicodusport.fr\/blog\/actualites\/cyclisme\/cyclisme-sur-route-2023\/tour-d-espagne-2023\/\">TOUR D&rsquo;ESPAGNE 2023<\/a> &#8211; Rui Costa (Intermarch\u00e9-Circus-Wanty) a gagn\u00e9 la 15\u00e8me \u00e9tape du Tour d&rsquo;Espagne \u00e0 Lekunberri, ce dimanche. Il a battu au sprint Lennard K\u00e4mna (Bora-Hansgrohe) et Santiago Buitrago (Bahrain-Victorious). Sepp Kuss (Jumbo-Visma) a gard\u00e9 le maillot rouge de leader.\u00a0<\/strong><\/em><\/p>\n<p style=\"text-align: justify;\">D&rsquo;abord, le d\u00e9but de la course a \u00e9t\u00e9 tr\u00e8s anim\u00e9 avec 48 kilom\u00e8tres parcourus dans la premi\u00e8re heure. Dans la premi\u00e8re ascension du jour, <strong>Remco Evenepoel<\/strong> (Soudal Quick-Step) a impos\u00e9 un gros tempo pour cr\u00e9er une \u00e9chapp\u00e9e alors que l&rsquo;\u00e9quipe UAE Team Emirates a mis le feu au peloton avec des attaques de <strong>Joao Almeida<\/strong> et <strong>Marc Soler<\/strong>. Ce dernier a fait la jonction avec le groupe de t\u00eate avec <strong>Jonas Vingegaard<\/strong> (Jumbo-Visma). Cependant, l&rsquo;\u00e9quipe Jumbo-Visma a ramen\u00e9 un petit peloton sur le groupe de t\u00eate.<\/p>\n<h2 style=\"text-align: justify;\">Remco Evenepoel fait encore le show<\/h2>\n<p style=\"text-align: justify;\">Puis, 5 coureurs ont r\u00e9ussi \u00e0 sortir au sommet du Puerto de Lizarraga : <strong>Santiago Buitrago<\/strong> (Bahrain-Victorious), <strong>Rui Costa<\/strong> (Intermarch\u00e9 Circus Wanty), <strong>Lennard K\u00e4mna<\/strong> (Bora Hansgrohe), <strong>Cristian Rodriguez<\/strong> (Arkea Samsic) et <strong>Remco Evenepoel<\/strong> (Soudal Quick-Step). Ce dernier a pris 3 points. \u00c0 noter que <strong>K\u00e9vin Vauquelin<\/strong> (Arkea-Samsic) a abandonn\u00e9.<\/p>\n<p style=\"text-align: justify;\">Dans la descente, <strong>Jonathan Caicedo<\/strong> (EF Education-EasyPost), <strong>Kenny Elissonde<\/strong> (Lidl-Trek), <strong>Chris Hamilton<\/strong> (Team DSM Firmenich), <strong>Andreas Kron<\/strong> (Lotto-Dsty), <strong>Nico Denz<\/strong> (Bora Hansgrohe), <strong>Jimmy Janssens<\/strong> (Alpecin-Deceuninck), <strong>Geoffrey Bouchard<\/strong> et <strong>Andrea Vendrame<\/strong> (AG2R Citro\u00ebn) sont rentr\u00e9s sur le groupe de t\u00eate.<\/p>\n<p style=\"text-align: justify;\">Ensuite, la Jumbo-Visma a laiss\u00e9 jusqu&rsquo;\u00e0 trois minutes d&rsquo;avance, avant que la formation Alpecin-Deceuninck ne prenne les commandes du peloton. Dans la deuxi\u00e8me difficult\u00e9 du jour, <strong>Chris Hamilton<\/strong> (Team DSM Firmenich) et <strong>Santiago Buitrago<\/strong> (Bahrain-Victorious) ont acc\u00e9l\u00e9r\u00e9 l&rsquo;allure aux d\u00e9pens de <strong>Rudy Molard<\/strong> (Groupama FDJ), <strong>Kenny Elissonde<\/strong> (Lidl-Trek), <strong>Jonathan Caicedo<\/strong> (EF Education-EasyPost), <strong>Geoffrey Bouchard<\/strong> et <strong>Andrea Vendrame<\/strong> (AG2R Citro\u00ebn). <strong>Remco Evenepoel<\/strong> (Soudal Quick-Step) a franchi en premier le sommet du Puerto de Zuarrarrate.<\/p>\n<h2 style=\"text-align: justify;\">Remco Evenepoel trop court<\/h2>\n<p style=\"text-align: justify;\">Par la suite, <strong>Jimmy Janssens<\/strong> (Alpecin-Deceuninck) a anticip\u00e9 le sprint interm\u00e9diaire pour attaquer la seconde ascension du Puerto de Zuarrarrate. Mais, <strong>Rui Costa<\/strong> (Intermarch\u00e9 Circus Wanty) et <strong>Santiago Buitrago<\/strong> (Bahrain-Victorious) ont d\u00e9pass\u00e9 le coureur belge. Sur le sommet de la difficult\u00e9, <strong>Lennard K\u00e4mna<\/strong> (Bora Hansgrohe) a r\u00e9ussi \u00e0 faire la jonction avec le duo de t\u00eate alors que <strong>Remco Evenepoel<\/strong> (Soudal Quick-Step) n&rsquo;a pas pu acc\u00e9l\u00e9rer suffisamment pour boucher le trou. Le peloton a accus\u00e9 encore 3 minutes 30 de retard.<\/p>\n<p style=\"text-align: justify;\"><strong>Lennard K\u00e4mna<\/strong> (Bora-Hansgrohe) a pris quelques longueurs d&rsquo;avance dans la descente, mais le coureur allemand est tomb\u00e9 et s&rsquo;est fait doubler par <strong>Rui Costa<\/strong> (Intermarch\u00e9 Circus Wanty) et par <strong>Santiago Buitrago<\/strong> (Bahrain-Victorious). N\u00e9anmoins, les deux hommes de t\u00eate se sont regard\u00e9s et <strong>Lennard K\u00e4mna<\/strong> (Bora Hansgrohe) est revenu sous la flamme rouge.<\/p>\n<p style=\"text-align: justify;\">Finalement, <strong>Rui Costa<\/strong> (Intermarch\u00e9-Circus-Wanty) a r\u00e9ussi \u00e0 se faufiler au sprint entre <strong>Lennard K\u00e4mna<\/strong> (Bora-Hansgrohe) et <strong>Santiago Buitrago<\/strong> (Bahrain-Victorious). <strong>Remco Evenepoel<\/strong> (Soudal Quick-Step) a pris la quatri\u00e8me place en r\u00e9glant le groupe des poursuivants. Le peloton des favoris a franchi la ligne d&rsquo;arriv\u00e9e avec pr\u00e8s de trois minutes de retard.<\/p>\n<blockquote class=\"twitter-tweet\">\n<p dir=\"ltr\" lang=\"fr\">\ud83d\ude4c \u00c0 36 ans, Rui Costa d\u00e9croche sa premi\u00e8re victoire sur le Tour d&rsquo;Espagne, devant Lennard K\u00e4mna et Santiago Buitrago, Remco Evenepoel termine juste derri\u00e8re <a href=\"https:\/\/twitter.com\/hashtag\/LaVuelta23?src=hash&amp;ref_src=twsrc%5Etfw\">#LaVuelta23<\/a> <a href=\"https:\/\/t.co\/NJc8Y1VvQ2\">pic.twitter.com\/NJc8Y1VvQ2<\/a><\/p>\n<p>\u2014 Eurosport France (@Eurosport_FR) <a href=\"https:\/\/twitter.com\/Eurosport_FR\/status\/1700891075936710731?ref_src=twsrc%5Etfw\">September 10, 2023<\/a><\/p><\/blockquote>\n<p><script async src=\"https:\/\/platform.twitter.com\/widgets.js\" charset=\"utf-8\"><\/script><\/p>\n<p style=\"text-align: justify;\">Au classement g\u00e9n\u00e9ral, aucun changement avant la seconde journ\u00e9e de repos. <strong>Sepp Kuss<\/strong> (Jumbo-Visma) abordera la troisi\u00e8me et derni\u00e8re semaine de comp\u00e9tition avec le maillot rouge.<\/p>\n<h2 style=\"text-align: justify;\">\u00c0 lire aussi<\/h2>\n<ul>\n<li style=\"text-align: justify;\"><strong><a href=\"https:\/\/dicodusport.fr\/blog\/tour-despagne-2023-classement-15eme-etape\/\">Classement de la 15\u00e8me \u00e9tape du Tour d\u2019Espagne 2023<\/a>\u00a0<\/strong><\/li>\n<li style=\"text-align: justify;\"><a href=\"https:\/\/dicodusport.fr\/blog\/tour-despagne-2023-classement-general-maillot-rouge\/\"><strong>Classement g\u00e9n\u00e9ral du Tour d\u2019Espagne<\/strong><\/a><\/li>\n<\/ul>\n","protected":false},"excerpt":{"rendered":"<p>TOUR D&rsquo;ESPAGNE 2023 &#8211; Rui Costa (Intermarch\u00e9-Circus-Wanty) a gagn\u00e9 la 15\u00e8me \u00e9tape du Tour d&rsquo;Espagne \u00e0 Lekunberri, ce dimanche. Il a battu au sprint Lennard K\u00e4mna (Bora-Hansgrohe) et Santiago Buitrago (Bahrain-Victorious). Sepp Kuss (Jumbo-Visma) a gard\u00e9 le maillot rouge de leader.\u00a0<\/p>\n","protected":false},"author":48,"featured_media":417735,"comment_status":"open","ping_status":"closed","sticky":false,"template":"","format":"standard","meta":{"_acf_changed":false,"_daextam_enable_autolinks":"","footnotes":""},"categories":[47042],"tags":[16878,1671],"class_list":["post-417549","post","type-post","status-publish","format-standard","has-post-thumbnail","hentry","category-tour-d-espagne","tag-breve","tag-tour-despagne"],"acf":[],"yoast_head":"<!-- This site is optimized with the Yoast SEO Premium plugin v26.7 (Yoast SEO v26.7) - https:\/\/yoast.com\/wordpress\/plugins\/seo\/ -->\n<title>Tour d&#039;Espagne 2023 : Rui Costa remporte la 15\u00e8me \u00e9tape<\/title>\n<meta name=\"description\" content=\"TOUR D&#039;ESPAGNE 2023 - Rui Costa (Intermarch\u00e9-Circus-Wanty) a gagn\u00e9 la 15\u00e8me \u00e9tape du Tour d&#039;Espagne \u00e0 Lekunberri, ce dimanche.\" \/>\n<meta name=\"robots\" content=\"index, follow, max-snippet:-1, max-image-preview:large, max-video-preview:-1\" \/>\n<link rel=\"canonical\" href=\"https:\/\/dicodusport.fr\/blog\/tour-despagne-2023-rui-costa-remporte-la-15eme-etape\/\" \/>\n<meta property=\"og:locale\" content=\"fr_FR\" \/>\n<meta property=\"og:type\" content=\"article\" \/>\n<meta property=\"og:title\" content=\"Tour d&#039;Espagne 2023 : Rui Costa remporte la 15\u00e8me \u00e9tape\" \/>\n<meta property=\"og:description\" content=\"TOUR D&#039;ESPAGNE 2023 - Rui Costa (Intermarch\u00e9-Circus-Wanty) a gagn\u00e9 la 15\u00e8me \u00e9tape du Tour d&#039;Espagne \u00e0 Lekunberri, ce dimanche.\" \/>\n<meta property=\"og:url\" content=\"https:\/\/dicodusport.fr\/blog\/tour-despagne-2023-rui-costa-remporte-la-15eme-etape\/\" \/>\n<meta property=\"og:site_name\" content=\"Dicodusport\" \/>\n<meta property=\"article:publisher\" content=\"https:\/\/www.facebook.com\/dicodusport\" \/>\n<meta property=\"article:author\" content=\"https:\/\/www.facebook.com\/groups\/LesRoisDuPeloton\" \/>\n<meta property=\"article:published_time\" content=\"2023-09-10T15:13:32+00:00\" \/>\n<meta property=\"article:modified_time\" content=\"2023-09-10T17:51:19+00:00\" \/>\n<meta property=\"og:image\" content=\"https:\/\/dicodusport.fr\/blog\/wp-content\/uploads\/2023\/09\/Tour-dEspagne-2023-Rui-Costa-remporte-la-15eme-etape-1.png\" \/>\n\t<meta property=\"og:image:width\" content=\"800\" \/>\n\t<meta property=\"og:image:height\" content=\"445\" \/>\n\t<meta property=\"og:image:type\" content=\"image\/png\" \/>\n<meta name=\"author\" content=\"Emilien Descampiaux\" \/>\n<meta name=\"twitter:card\" content=\"summary_large_image\" \/>\n<meta name=\"twitter:title\" content=\"Tour d&#039;Espagne 2023 : Rui Costa remporte la 15\u00e8me \u00e9tape\" \/>\n<meta name=\"twitter:creator\" content=\"@https:\/\/twitter.com\/LRoisDuPeloton\" \/>\n<meta name=\"twitter:site\" content=\"@dicodusport\" \/>\n<script type=\"application\/ld+json\" class=\"yoast-schema-graph\">{\"@context\":\"https:\/\/schema.org\",\"@graph\":[{\"@type\":\"NewsArticle\",\"@id\":\"https:\/\/dicodusport.fr\/blog\/tour-despagne-2023-rui-costa-remporte-la-15eme-etape\/#article\",\"isPartOf\":{\"@id\":\"https:\/\/dicodusport.fr\/blog\/tour-despagne-2023-rui-costa-remporte-la-15eme-etape\/\"},\"author\":{\"name\":\"Emilien Descampiaux\",\"@id\":\"https:\/\/dicodusport.fr\/blog\/#\/schema\/person\/6db4bae06b171592211be385b32876a7\"},\"headline\":\"Tour d&rsquo;Espagne 2023 : Rui Costa remporte la 15\u00e8me \u00e9tape\",\"datePublished\":\"2023-09-10T15:13:32+00:00\",\"dateModified\":\"2023-09-10T17:51:19+00:00\",\"mainEntityOfPage\":{\"@id\":\"https:\/\/dicodusport.fr\/blog\/tour-despagne-2023-rui-costa-remporte-la-15eme-etape\/\"},\"wordCount\":622,\"commentCount\":0,\"publisher\":{\"@id\":\"https:\/\/dicodusport.fr\/blog\/#organization\"},\"image\":{\"@id\":\"https:\/\/dicodusport.fr\/blog\/tour-despagne-2023-rui-costa-remporte-la-15eme-etape\/#primaryimage\"},\"thumbnailUrl\":\"https:\/\/dicodusport.fr\/blog\/wp-content\/uploads\/2023\/09\/Tour-dEspagne-2023-Rui-Costa-remporte-la-15eme-etape-1.png\",\"keywords\":[\"br\u00e8ve\",\"Tour d'Espagne\"],\"articleSection\":[\"Tour d'Espagne\"],\"inLanguage\":\"fr-FR\",\"potentialAction\":[{\"@type\":\"CommentAction\",\"name\":\"Comment\",\"target\":[\"https:\/\/dicodusport.fr\/blog\/tour-despagne-2023-rui-costa-remporte-la-15eme-etape\/#respond\"]}],\"copyrightYear\":\"2023\",\"copyrightHolder\":{\"@id\":\"https:\/\/dicodusport.fr\/blog\/#organization\"}},{\"@type\":\"WebPage\",\"@id\":\"https:\/\/dicodusport.fr\/blog\/tour-despagne-2023-rui-costa-remporte-la-15eme-etape\/\",\"url\":\"https:\/\/dicodusport.fr\/blog\/tour-despagne-2023-rui-costa-remporte-la-15eme-etape\/\",\"name\":\"Tour d'Espagne 2023 : Rui Costa remporte la 15\u00e8me \u00e9tape\",\"isPartOf\":{\"@id\":\"https:\/\/dicodusport.fr\/blog\/#website\"},\"primaryImageOfPage\":{\"@id\":\"https:\/\/dicodusport.fr\/blog\/tour-despagne-2023-rui-costa-remporte-la-15eme-etape\/#primaryimage\"},\"image\":{\"@id\":\"https:\/\/dicodusport.fr\/blog\/tour-despagne-2023-rui-costa-remporte-la-15eme-etape\/#primaryimage\"},\"thumbnailUrl\":\"https:\/\/dicodusport.fr\/blog\/wp-content\/uploads\/2023\/09\/Tour-dEspagne-2023-Rui-Costa-remporte-la-15eme-etape-1.png\",\"datePublished\":\"2023-09-10T15:13:32+00:00\",\"dateModified\":\"2023-09-10T17:51:19+00:00\",\"description\":\"TOUR D'ESPAGNE 2023 - Rui Costa (Intermarch\u00e9-Circus-Wanty) a gagn\u00e9 la 15\u00e8me \u00e9tape du Tour d'Espagne \u00e0 Lekunberri, ce dimanche.\",\"breadcrumb\":{\"@id\":\"https:\/\/dicodusport.fr\/blog\/tour-despagne-2023-rui-costa-remporte-la-15eme-etape\/#breadcrumb\"},\"inLanguage\":\"fr-FR\",\"potentialAction\":[{\"@type\":\"ReadAction\",\"target\":[\"https:\/\/dicodusport.fr\/blog\/tour-despagne-2023-rui-costa-remporte-la-15eme-etape\/\"]}]},{\"@type\":\"ImageObject\",\"inLanguage\":\"fr-FR\",\"@id\":\"https:\/\/dicodusport.fr\/blog\/tour-despagne-2023-rui-costa-remporte-la-15eme-etape\/#primaryimage\",\"url\":\"https:\/\/dicodusport.fr\/blog\/wp-content\/uploads\/2023\/09\/Tour-dEspagne-2023-Rui-Costa-remporte-la-15eme-etape-1.png\",\"contentUrl\":\"https:\/\/dicodusport.fr\/blog\/wp-content\/uploads\/2023\/09\/Tour-dEspagne-2023-Rui-Costa-remporte-la-15eme-etape-1.png\",\"width\":800,\"height\":445,\"caption\":\"Tour d'Espagne 2023 Rui Costa remporte la 15\u00e8me \u00e9tape (1)\"},{\"@type\":\"BreadcrumbList\",\"@id\":\"https:\/\/dicodusport.fr\/blog\/tour-despagne-2023-rui-costa-remporte-la-15eme-etape\/#breadcrumb\",\"itemListElement\":[{\"@type\":\"ListItem\",\"position\":1,\"name\":\"Accueil\",\"item\":\"https:\/\/dicodusport.fr\/blog\/\"},{\"@type\":\"ListItem\",\"position\":2,\"name\":\"Tour d&rsquo;Espagne 2023 : Rui Costa remporte la 15\u00e8me \u00e9tape\"}]},{\"@type\":\"WebSite\",\"@id\":\"https:\/\/dicodusport.fr\/blog\/#website\",\"url\":\"https:\/\/dicodusport.fr\/blog\/\",\"name\":\"Dicodusport\",\"description\":\"L&#039;encyclop\u00e9die de l&#039;actualit\u00e9 sportive\",\"publisher\":{\"@id\":\"https:\/\/dicodusport.fr\/blog\/#organization\"},\"potentialAction\":[{\"@type\":\"SearchAction\",\"target\":{\"@type\":\"EntryPoint\",\"urlTemplate\":\"https:\/\/dicodusport.fr\/blog\/?s={search_term_string}\"},\"query-input\":{\"@type\":\"PropertyValueSpecification\",\"valueRequired\":true,\"valueName\":\"search_term_string\"}}],\"inLanguage\":\"fr-FR\"},{\"@type\":\"NewsMediaOrganization\",\"@id\":\"https:\/\/dicodusport.fr\/blog\/#organization\",\"name\":\"Dicodusport\",\"url\":\"https:\/\/dicodusport.fr\/blog\/\",\"logo\":{\"@type\":\"ImageObject\",\"inLanguage\":\"fr-FR\",\"@id\":\"https:\/\/dicodusport.fr\/blog\/#\/schema\/logo\/image\/\",\"url\":\"https:\/\/dicodusport.fr\/blog\/wp-content\/uploads\/2020\/06\/cropped-LOGO-DICODUSPORT-2020-SANS-FOND-SANS-TEXTE.png\",\"contentUrl\":\"https:\/\/dicodusport.fr\/blog\/wp-content\/uploads\/2020\/06\/cropped-LOGO-DICODUSPORT-2020-SANS-FOND-SANS-TEXTE.png\",\"width\":512,\"height\":512,\"caption\":\"Dicodusport\"},\"image\":{\"@id\":\"https:\/\/dicodusport.fr\/blog\/#\/schema\/logo\/image\/\"},\"sameAs\":[\"https:\/\/www.facebook.com\/dicodusport\",\"https:\/\/x.com\/dicodusport\",\"https:\/\/www.instagram.com\/dicodusport\/\",\"https:\/\/www.youtube.com\/channel\/UC7V2KZ5sd3htJivAbA4ZG3w\"],\"description\":\"Dicodusport est l'encyclop\u00e9die de l'actualit\u00e9 sportive.\",\"email\":\"bonjour@dicodusport.fr\",\"legalName\":\"DICODUSPORT\",\"foundingDate\":\"2018-01-14\",\"vatID\":\"FR71834470973\",\"taxID\":\"83447097300043\",\"numberOfEmployees\":{\"@type\":\"QuantitativeValue\",\"minValue\":\"1\",\"maxValue\":\"10\"}},{\"@type\":\"Person\",\"@id\":\"https:\/\/dicodusport.fr\/blog\/#\/schema\/person\/6db4bae06b171592211be385b32876a7\",\"name\":\"Emilien Descampiaux\",\"image\":{\"@type\":\"ImageObject\",\"inLanguage\":\"fr-FR\",\"@id\":\"https:\/\/dicodusport.fr\/blog\/#\/schema\/person\/image\/\",\"url\":\"https:\/\/dicodusport.fr\/blog\/wp-content\/uploads\/2021\/05\/Emilien-Descampiaux-150x150.jpg\",\"contentUrl\":\"https:\/\/dicodusport.fr\/blog\/wp-content\/uploads\/2021\/05\/Emilien-Descampiaux-150x150.jpg\",\"caption\":\"Emilien Descampiaux\"},\"description\":\"Journaliste\/r\u00e9dacteur depuis 2014 - Fan de la classe de Frank Vandenbroucke, je vis cyclisme (et de ses paysages) depuis plus de 20 ans. Je suis tr\u00e8s impliqu\u00e9 sur mes diff\u00e9rents r\u00e9seaux sociaux pour partager ma passion sur le monde et l'Histoire de la bicyclette avec ma voix sur les images en noir et blanc du succ\u00e8s de Rik Van Steenbergen lors du Ronde sur le V\u00e9lodrome de Gand.\",\"sameAs\":[\"https:\/\/www.facebook.com\/groups\/LesRoisDuPeloton\",\"https:\/\/x.com\/https:\/\/twitter.com\/LRoisDuPeloton\"],\"url\":\"https:\/\/dicodusport.fr\/blog\/author\/emiliend\/\"}]}<\/script>\n<!-- \/ Yoast SEO Premium plugin. -->","yoast_head_json":{"title":"Tour d'Espagne 2023 : Rui Costa remporte la 15\u00e8me \u00e9tape","description":"TOUR D'ESPAGNE 2023 - Rui Costa (Intermarch\u00e9-Circus-Wanty) a gagn\u00e9 la 15\u00e8me \u00e9tape du Tour d'Espagne \u00e0 Lekunberri, ce dimanche.","robots":{"index":"index","follow":"follow","max-snippet":"max-snippet:-1","max-image-preview":"max-image-preview:large","max-video-preview":"max-video-preview:-1"},"canonical":"https:\/\/dicodusport.fr\/blog\/tour-despagne-2023-rui-costa-remporte-la-15eme-etape\/","og_locale":"fr_FR","og_type":"article","og_title":"Tour d'Espagne 2023 : Rui Costa remporte la 15\u00e8me \u00e9tape","og_description":"TOUR D'ESPAGNE 2023 - Rui Costa (Intermarch\u00e9-Circus-Wanty) a gagn\u00e9 la 15\u00e8me \u00e9tape du Tour d'Espagne \u00e0 Lekunberri, ce dimanche.","og_url":"https:\/\/dicodusport.fr\/blog\/tour-despagne-2023-rui-costa-remporte-la-15eme-etape\/","og_site_name":"Dicodusport","article_publisher":"https:\/\/www.facebook.com\/dicodusport","article_author":"https:\/\/www.facebook.com\/groups\/LesRoisDuPeloton","article_published_time":"2023-09-10T15:13:32+00:00","article_modified_time":"2023-09-10T17:51:19+00:00","og_image":[{"width":800,"height":445,"url":"https:\/\/dicodusport.fr\/blog\/wp-content\/uploads\/2023\/09\/Tour-dEspagne-2023-Rui-Costa-remporte-la-15eme-etape-1.png","type":"image\/png"}],"author":"Emilien Descampiaux","twitter_card":"summary_large_image","twitter_title":"Tour d'Espagne 2023 : Rui Costa remporte la 15\u00e8me \u00e9tape","twitter_creator":"@https:\/\/twitter.com\/LRoisDuPeloton","twitter_site":"@dicodusport","schema":{"@context":"https:\/\/schema.org","@graph":[{"@type":"NewsArticle","@id":"https:\/\/dicodusport.fr\/blog\/tour-despagne-2023-rui-costa-remporte-la-15eme-etape\/#article","isPartOf":{"@id":"https:\/\/dicodusport.fr\/blog\/tour-despagne-2023-rui-costa-remporte-la-15eme-etape\/"},"author":{"name":"Emilien Descampiaux","@id":"https:\/\/dicodusport.fr\/blog\/#\/schema\/person\/6db4bae06b171592211be385b32876a7"},"headline":"Tour d&rsquo;Espagne 2023 : Rui Costa remporte la 15\u00e8me \u00e9tape","datePublished":"2023-09-10T15:13:32+00:00","dateModified":"2023-09-10T17:51:19+00:00","mainEntityOfPage":{"@id":"https:\/\/dicodusport.fr\/blog\/tour-despagne-2023-rui-costa-remporte-la-15eme-etape\/"},"wordCount":622,"commentCount":0,"publisher":{"@id":"https:\/\/dicodusport.fr\/blog\/#organization"},"image":{"@id":"https:\/\/dicodusport.fr\/blog\/tour-despagne-2023-rui-costa-remporte-la-15eme-etape\/#primaryimage"},"thumbnailUrl":"https:\/\/dicodusport.fr\/blog\/wp-content\/uploads\/2023\/09\/Tour-dEspagne-2023-Rui-Costa-remporte-la-15eme-etape-1.png","keywords":["br\u00e8ve","Tour d'Espagne"],"articleSection":["Tour d'Espagne"],"inLanguage":"fr-FR","potentialAction":[{"@type":"CommentAction","name":"Comment","target":["https:\/\/dicodusport.fr\/blog\/tour-despagne-2023-rui-costa-remporte-la-15eme-etape\/#respond"]}],"copyrightYear":"2023","copyrightHolder":{"@id":"https:\/\/dicodusport.fr\/blog\/#organization"}},{"@type":"WebPage","@id":"https:\/\/dicodusport.fr\/blog\/tour-despagne-2023-rui-costa-remporte-la-15eme-etape\/","url":"https:\/\/dicodusport.fr\/blog\/tour-despagne-2023-rui-costa-remporte-la-15eme-etape\/","name":"Tour d'Espagne 2023 : Rui Costa remporte la 15\u00e8me \u00e9tape","isPartOf":{"@id":"https:\/\/dicodusport.fr\/blog\/#website"},"primaryImageOfPage":{"@id":"https:\/\/dicodusport.fr\/blog\/tour-despagne-2023-rui-costa-remporte-la-15eme-etape\/#primaryimage"},"image":{"@id":"https:\/\/dicodusport.fr\/blog\/tour-despagne-2023-rui-costa-remporte-la-15eme-etape\/#primaryimage"},"thumbnailUrl":"https:\/\/dicodusport.fr\/blog\/wp-content\/uploads\/2023\/09\/Tour-dEspagne-2023-Rui-Costa-remporte-la-15eme-etape-1.png","datePublished":"2023-09-10T15:13:32+00:00","dateModified":"2023-09-10T17:51:19+00:00","description":"TOUR D'ESPAGNE 2023 - Rui Costa (Intermarch\u00e9-Circus-Wanty) a gagn\u00e9 la 15\u00e8me \u00e9tape du Tour d'Espagne \u00e0 Lekunberri, ce dimanche.","breadcrumb":{"@id":"https:\/\/dicodusport.fr\/blog\/tour-despagne-2023-rui-costa-remporte-la-15eme-etape\/#breadcrumb"},"inLanguage":"fr-FR","potentialAction":[{"@type":"ReadAction","target":["https:\/\/dicodusport.fr\/blog\/tour-despagne-2023-rui-costa-remporte-la-15eme-etape\/"]}]},{"@type":"ImageObject","inLanguage":"fr-FR","@id":"https:\/\/dicodusport.fr\/blog\/tour-despagne-2023-rui-costa-remporte-la-15eme-etape\/#primaryimage","url":"https:\/\/dicodusport.fr\/blog\/wp-content\/uploads\/2023\/09\/Tour-dEspagne-2023-Rui-Costa-remporte-la-15eme-etape-1.png","contentUrl":"https:\/\/dicodusport.fr\/blog\/wp-content\/uploads\/2023\/09\/Tour-dEspagne-2023-Rui-Costa-remporte-la-15eme-etape-1.png","width":800,"height":445,"caption":"Tour d'Espagne 2023 Rui Costa remporte la 15\u00e8me \u00e9tape (1)"},{"@type":"BreadcrumbList","@id":"https:\/\/dicodusport.fr\/blog\/tour-despagne-2023-rui-costa-remporte-la-15eme-etape\/#breadcrumb","itemListElement":[{"@type":"ListItem","position":1,"name":"Accueil","item":"https:\/\/dicodusport.fr\/blog\/"},{"@type":"ListItem","position":2,"name":"Tour d&rsquo;Espagne 2023 : Rui Costa remporte la 15\u00e8me \u00e9tape"}]},{"@type":"WebSite","@id":"https:\/\/dicodusport.fr\/blog\/#website","url":"https:\/\/dicodusport.fr\/blog\/","name":"Dicodusport","description":"L&#039;encyclop\u00e9die de l&#039;actualit\u00e9 sportive","publisher":{"@id":"https:\/\/dicodusport.fr\/blog\/#organization"},"potentialAction":[{"@type":"SearchAction","target":{"@type":"EntryPoint","urlTemplate":"https:\/\/dicodusport.fr\/blog\/?s={search_term_string}"},"query-input":{"@type":"PropertyValueSpecification","valueRequired":true,"valueName":"search_term_string"}}],"inLanguage":"fr-FR"},{"@type":"NewsMediaOrganization","@id":"https:\/\/dicodusport.fr\/blog\/#organization","name":"Dicodusport","url":"https:\/\/dicodusport.fr\/blog\/","logo":{"@type":"ImageObject","inLanguage":"fr-FR","@id":"https:\/\/dicodusport.fr\/blog\/#\/schema\/logo\/image\/","url":"https:\/\/dicodusport.fr\/blog\/wp-content\/uploads\/2020\/06\/cropped-LOGO-DICODUSPORT-2020-SANS-FOND-SANS-TEXTE.png","contentUrl":"https:\/\/dicodusport.fr\/blog\/wp-content\/uploads\/2020\/06\/cropped-LOGO-DICODUSPORT-2020-SANS-FOND-SANS-TEXTE.png","width":512,"height":512,"caption":"Dicodusport"},"image":{"@id":"https:\/\/dicodusport.fr\/blog\/#\/schema\/logo\/image\/"},"sameAs":["https:\/\/www.facebook.com\/dicodusport","https:\/\/x.com\/dicodusport","https:\/\/www.instagram.com\/dicodusport\/","https:\/\/www.youtube.com\/channel\/UC7V2KZ5sd3htJivAbA4ZG3w"],"description":"Dicodusport est l'encyclop\u00e9die de l'actualit\u00e9 sportive.","email":"bonjour@dicodusport.fr","legalName":"DICODUSPORT","foundingDate":"2018-01-14","vatID":"FR71834470973","taxID":"83447097300043","numberOfEmployees":{"@type":"QuantitativeValue","minValue":"1","maxValue":"10"}},{"@type":"Person","@id":"https:\/\/dicodusport.fr\/blog\/#\/schema\/person\/6db4bae06b171592211be385b32876a7","name":"Emilien Descampiaux","image":{"@type":"ImageObject","inLanguage":"fr-FR","@id":"https:\/\/dicodusport.fr\/blog\/#\/schema\/person\/image\/","url":"https:\/\/dicodusport.fr\/blog\/wp-content\/uploads\/2021\/05\/Emilien-Descampiaux-150x150.jpg","contentUrl":"https:\/\/dicodusport.fr\/blog\/wp-content\/uploads\/2021\/05\/Emilien-Descampiaux-150x150.jpg","caption":"Emilien Descampiaux"},"description":"Journaliste\/r\u00e9dacteur depuis 2014 - Fan de la classe de Frank Vandenbroucke, je vis cyclisme (et de ses paysages) depuis plus de 20 ans. Je suis tr\u00e8s impliqu\u00e9 sur mes diff\u00e9rents r\u00e9seaux sociaux pour partager ma passion sur le monde et l'Histoire de la bicyclette avec ma voix sur les images en noir et blanc du succ\u00e8s de Rik Van Steenbergen lors du Ronde sur le V\u00e9lodrome de Gand.","sameAs":["https:\/\/www.facebook.com\/groups\/LesRoisDuPeloton","https:\/\/x.com\/https:\/\/twitter.com\/LRoisDuPeloton"],"url":"https:\/\/dicodusport.fr\/blog\/author\/emiliend\/"}]}},"_links":{"self":[{"href":"https:\/\/dicodusport.fr\/blog\/wp-json\/wp\/v2\/posts\/417549","targetHints":{"allow":["GET"]}}],"collection":[{"href":"https:\/\/dicodusport.fr\/blog\/wp-json\/wp\/v2\/posts"}],"about":[{"href":"https:\/\/dicodusport.fr\/blog\/wp-json\/wp\/v2\/types\/post"}],"author":[{"embeddable":true,"href":"https:\/\/dicodusport.fr\/blog\/wp-json\/wp\/v2\/users\/48"}],"replies":[{"embeddable":true,"href":"https:\/\/dicodusport.fr\/blog\/wp-json\/wp\/v2\/comments?post=417549"}],"version-history":[{"count":0,"href":"https:\/\/dicodusport.fr\/blog\/wp-json\/wp\/v2\/posts\/417549\/revisions"}],"wp:featuredmedia":[{"embeddable":true,"href":"https:\/\/dicodusport.fr\/blog\/wp-json\/wp\/v2\/media\/417735"}],"wp:attachment":[{"href":"https:\/\/dicodusport.fr\/blog\/wp-json\/wp\/v2\/media?parent=417549"}],"wp:term":[{"taxonomy":"category","embeddable":true,"href":"https:\/\/dicodusport.fr\/blog\/wp-json\/wp\/v2\/categories?post=417549"},{"taxonomy":"post_tag","embeddable":true,"href":"https:\/\/dicodusport.fr\/blog\/wp-json\/wp\/v2\/tags?post=417549"}],"curies":[{"name":"wp","href":"https:\/\/api.w.org\/{rel}","templated":true}]}}