{"id":417613,"date":"2023-09-10T16:57:57","date_gmt":"2023-09-10T14:57:57","guid":{"rendered":"https:\/\/dicodusport.fr\/blog\/?p=417613&#038;preview=true&#038;preview_id=417613"},"modified":"2023-09-10T19:19:39","modified_gmt":"2023-09-10T17:19:39","slug":"vtt-xco-les-gets-le-double-pour-victor-koretzky-imperial-a-domicile","status":"publish","type":"post","link":"https:\/\/dicodusport.fr\/blog\/vtt-xco-les-gets-le-double-pour-victor-koretzky-imperial-a-domicile\/","title":{"rendered":"VTT XCO Les Gets : Le doubl\u00e9 pour Victor Koretzky, imp\u00e9rial \u00e0 domicile"},"content":{"rendered":"<p style=\"text-align: justify;\"><b><i><a href=\"https:\/\/dicodusport.fr\/blog\/actualites\/cyclisme\/vtt\/coupe-du-monde-vtt-2023\/\">COUPE DU MONDE DE VTT 2023<\/a> &#8211; Apr\u00e8s le XCC vendredi, Victor Koretzky s&rsquo;est offert le XCO en produisant son effort \u00e0 mi-course pour ne jamais \u00eatre rattrap\u00e9. Longtemps deuxi\u00e8me, Joshua Dubau a c\u00e9d\u00e9 en fin de course.<\/i><\/b><\/p>\n<p style=\"text-align: justify;\">Les Bleus avaient r\u00e9gal\u00e9 sur le XCC de vendredi, avec la victoire de <strong>Victor Koretzky<\/strong> devant <strong>Jordan Sarrou<\/strong>. Ce dernier pouvait faire un gros coup aujourd&rsquo;hui, \u00e9tant revenu \u00e0 port\u00e9e de fusil du duo suisse <strong>Mathias Fl\u00fcckiger &#8211; Nino Schurter<\/strong> au classement g\u00e9n\u00e9ral. Sous le soleil et devant une belle audience, les Bleus avaient les cartes en main pour finir leur weekend \u00e0 domicile en beaut\u00e9.<\/p>\n<h2 style=\"text-align: justify;\">Les Bleus plac\u00e9s<\/h2>\n<p style=\"text-align: justify;\"><strong>Koretzky<\/strong> et <strong>Sarrou<\/strong> \u00e9taient dans le coup au d\u00e9part, mais c&rsquo;est <strong>Nino Schurter<\/strong>, qui partait pourtant de la 4e ligne, qui a rapidement pris les commandes et impos\u00e9 son tempo. La l\u00e9gende suisse a rapidement cr\u00e9\u00e9 une s\u00e9lection sous la forme d&rsquo;un groupe de 6, avec outre les deux Fran\u00e7ais,<strong> Luca Schwarzbauer, Vital Albin<\/strong> et le champion d&rsquo;Europe<strong> Vlad Dascalu<\/strong>. Mais d&rsquo;autres sont rentr\u00e9s au premier passage sur la ligne.<\/p>\n<blockquote class=\"twitter-tweet\">\n<p dir=\"ltr\" lang=\"en\">This guy \ud83e\udee1<\/p>\n<p>After starting on the fourth row due to missing XC Short Track on Friday, Nino Scurter moves STRAIGHT to the front in the first lap.<\/p>\n<p>Overtaking 2\ufe0f\u20e35\ufe0f\u20e3+ riders in the first 2min30!<a href=\"https:\/\/twitter.com\/MTBworldseries?ref_src=twsrc%5Etfw\">@MTBworldseries<\/a> | <a href=\"https:\/\/twitter.com\/hashtag\/MTBWorldCup?src=hash&amp;ref_src=twsrc%5Etfw\">#MTBWorldCup<\/a> <a href=\"https:\/\/t.co\/pdIkIfWj45\">pic.twitter.com\/pdIkIfWj45<\/a><\/p>\n<p>\u2014 UCI MTB (@UCI_MTB) <a href=\"https:\/\/twitter.com\/UCI_MTB\/status\/1700866200916377765?ref_src=twsrc%5Etfw\">September 10, 2023<\/a><\/p><\/blockquote>\n<p style=\"text-align: justify;\"><script async src=\"https:\/\/platform.twitter.com\/widgets.js\" charset=\"utf-8\"><\/script><br \/>\nLa course restait serr\u00e9e, et personne ne parvenait \u00e0 cr\u00e9er une r\u00e9elle d\u00e9cision. Cependant, <strong>Koretzky<\/strong> ne m\u00e9nageait pas ses efforts apr\u00e8s avoir pris la t\u00eate, avec pour but, d&rsquo;\u00e9limer la concurrence. Puis <strong>Schurter<\/strong> a repris les commandes, mais apr\u00e8s trois tours, si le Suisse avait \u00e9limin\u00e9 la majorit\u00e9 de la concurrence, <strong>Victor Koretzky<\/strong> et <strong>Joshua Dubau<\/strong> \u00e9taient les seuls \u00e0 lui r\u00e9sister.<\/p>\n<h2 style=\"text-align: justify;\">Koretzky tout puissant<\/h2>\n<p style=\"text-align: justify;\">Et au passage sur la ligne \u00e0 la mi-course,<strong> Victor Koretzky<\/strong> a plac\u00e9 une acc\u00e9l\u00e9ration et rapidement distanc\u00e9 ses deux compagnons, en faisant une \u00e9norme impression. La concurrence ne pouvait rien faire, et le vice-champion du monde XCC partait pour un cavalier seul. <strong>Dubau,<\/strong> qui pouvait l\u00e9gitimement viser la deuxi\u00e8me place, a eu la chance de voir <strong>Schurter<\/strong> crever au 6e tour et perdre ses illusions.<\/p>\n<blockquote class=\"twitter-tweet\">\n<p dir=\"ltr\" lang=\"en\">The man of the moment \ud83d\udc47 Victor Koretzky<\/p>\n<p>+16s gap on Dubau.<\/p>\n<p>Schurter was in the chasing duo with Dubau but suffered a puncture, costing him +30sec. Can he come back to the French rider?<\/p>\n<p>Lap 6\ufe0f\u20e3 \/ 8\ufe0f\u20e3 <a href=\"https:\/\/twitter.com\/MTBworldseries?ref_src=twsrc%5Etfw\">@MTBworldseries<\/a> | <a href=\"https:\/\/twitter.com\/hashtag\/MTBWorldCup?src=hash&amp;ref_src=twsrc%5Etfw\">#MTBWorldCup<\/a> <a href=\"https:\/\/t.co\/18cqOUMkAP\">pic.twitter.com\/18cqOUMkAP<\/a><\/p>\n<p>\u2014 UCI MTB (@UCI_MTB) <a href=\"https:\/\/twitter.com\/UCI_MTB\/status\/1700879479948623911?ref_src=twsrc%5Etfw\">September 10, 2023<\/a><\/p><\/blockquote>\n<p style=\"text-align: justify;\"><script async src=\"https:\/\/platform.twitter.com\/widgets.js\" charset=\"utf-8\"><\/script><br \/>\nLe doubl\u00e9 fran\u00e7ais semblait prendre forme, d&rsquo;autant que personne dans le groupe de chasse ne semblait en mesure de recoller. Devant, <strong>Victor Koretzky<\/strong> ne fl\u00e9chissait pas et filait vers une nouvelle victoire et un weekend parfait aux Gets, s&rsquo;imposant finalement assez largement \u00e0 l&rsquo;issue d&rsquo;une course parfaite. <strong>Joshua Dubau<\/strong>, lui, se faisait reprendre par <strong>Schurter<\/strong> \u00e0 l&rsquo;or\u00e9e du dernier tour &#8211; le Suisse pouvant maudire sa crevaison &#8211; et terminera \u00e0 la cinqui\u00e8me place.<\/p>\n<h2 style=\"text-align: justify;\">\u00c0 lire aussi<\/h2>\n<ul>\n<li style=\"text-align: justify;\"><strong><a href=\"https:\/\/dicodusport.fr\/blog\/vtt-xco-les-gets-classement-de-la-course-hommes\/\">Le classement de la course hommes de VTT XCO des Gets<\/a><br \/>\n<\/strong><\/li>\n<li style=\"text-align: justify;\"><a href=\"https:\/\/dicodusport.fr\/blog\/vtt-cross-country-classement-general-coupe-du-monde-2023\/\"><strong>Classement g\u00e9n\u00e9ral Coupe du monde de VTT Cross-country<\/strong><\/a><\/li>\n<li style=\"text-align: justify;\"><a href=\"https:\/\/dicodusport.fr\/blog\/vtt-xc-coupe-du-monde-2023-calendrier-et-resultats\/\"><strong>Calendrier et r\u00e9sultats de la Coupe du monde de VTT Cross-country 2023<\/strong><\/a><\/li>\n<\/ul>\n","protected":false},"excerpt":{"rendered":"<p>COUPE DU MONDE DE VTT 2023 &#8211; Apr\u00e8s le XCC vendredi, Victor Koretzky s&rsquo;est offert le XCO en produisant son effort \u00e0 mi-course pour ne jamais \u00eatre rattrap\u00e9. Longtemps deuxi\u00e8me, Joshua Dubau a c\u00e9d\u00e9 en fin de course.<\/p>\n","protected":false},"author":59,"featured_media":417761,"comment_status":"open","ping_status":"closed","sticky":false,"template":"","format":"standard","meta":{"_acf_changed":false,"_daextam_enable_autolinks":"","footnotes":""},"categories":[10279],"tags":[16878,24,17794],"class_list":["post-417613","post","type-post","status-publish","format-standard","has-post-thumbnail","hentry","category-vtt","tag-breve","tag-sport","tag-vtt-xco-les-gets"],"acf":[],"yoast_head":"<!-- This site is optimized with the Yoast SEO Premium plugin v26.7 (Yoast SEO v26.7) - https:\/\/yoast.com\/wordpress\/plugins\/seo\/ -->\n<title>VTT XCO Les Gets : Le doubl\u00e9 pour Victor Koretzky, imp\u00e9rial \u00e0 domicile<\/title>\n<meta name=\"description\" content=\"COUPE DU MONDE DE VTT 2023 - Apr\u00e8s le XCC vendredi, Victor Koretzky s&#039;est offert le XCO en produisant son effort \u00e0 mi-course.\" \/>\n<meta name=\"robots\" content=\"index, follow, max-snippet:-1, max-image-preview:large, max-video-preview:-1\" \/>\n<link rel=\"canonical\" href=\"https:\/\/dicodusport.fr\/blog\/vtt-xco-les-gets-le-double-pour-victor-koretzky-imperial-a-domicile\/\" \/>\n<meta property=\"og:locale\" content=\"fr_FR\" \/>\n<meta property=\"og:type\" content=\"article\" \/>\n<meta property=\"og:title\" content=\"VTT XCO Les Gets : Le doubl\u00e9 pour Victor Koretzky, imp\u00e9rial \u00e0 domicile\" \/>\n<meta property=\"og:description\" content=\"COUPE DU MONDE DE VTT 2023 - Apr\u00e8s le XCC vendredi, Victor Koretzky s&#039;est offert le XCO en produisant son effort \u00e0 mi-course.\" \/>\n<meta property=\"og:url\" content=\"https:\/\/dicodusport.fr\/blog\/vtt-xco-les-gets-le-double-pour-victor-koretzky-imperial-a-domicile\/\" \/>\n<meta property=\"og:site_name\" content=\"Dicodusport\" \/>\n<meta property=\"article:publisher\" content=\"https:\/\/www.facebook.com\/dicodusport\" \/>\n<meta property=\"article:author\" content=\"https:\/\/www.facebook.com\/sebastien.gente\/\" \/>\n<meta property=\"article:published_time\" content=\"2023-09-10T14:57:57+00:00\" \/>\n<meta property=\"article:modified_time\" content=\"2023-09-10T17:19:39+00:00\" \/>\n<meta property=\"og:image\" content=\"https:\/\/dicodusport.fr\/blog\/wp-content\/uploads\/2023\/09\/VTT-XCO-Les-Gets-Le-double-pour-Victor-Koretzky-imperial-a-domicile-1.png\" \/>\n\t<meta property=\"og:image:width\" content=\"800\" \/>\n\t<meta property=\"og:image:height\" content=\"445\" \/>\n\t<meta property=\"og:image:type\" content=\"image\/png\" \/>\n<meta name=\"author\" content=\"S\u00e9bastien Gente\" \/>\n<meta name=\"twitter:card\" content=\"summary_large_image\" \/>\n<meta name=\"twitter:title\" content=\"VTT XCO Les Gets : Le doubl\u00e9 pour Victor Koretzky, imp\u00e9rial \u00e0 domicile\" \/>\n<meta name=\"twitter:creator\" content=\"@https:\/\/twitter.com\/globulo24\" \/>\n<meta name=\"twitter:site\" content=\"@dicodusport\" \/>\n<script type=\"application\/ld+json\" class=\"yoast-schema-graph\">{\"@context\":\"https:\/\/schema.org\",\"@graph\":[{\"@type\":\"NewsArticle\",\"@id\":\"https:\/\/dicodusport.fr\/blog\/vtt-xco-les-gets-le-double-pour-victor-koretzky-imperial-a-domicile\/#article\",\"isPartOf\":{\"@id\":\"https:\/\/dicodusport.fr\/blog\/vtt-xco-les-gets-le-double-pour-victor-koretzky-imperial-a-domicile\/\"},\"author\":{\"name\":\"S\u00e9bastien Gente\",\"@id\":\"https:\/\/dicodusport.fr\/blog\/#\/schema\/person\/627966a6cde45dbd8c5e36ac85d783da\"},\"headline\":\"VTT XCO Les Gets : Le doubl\u00e9 pour Victor Koretzky, imp\u00e9rial \u00e0 domicile\",\"datePublished\":\"2023-09-10T14:57:57+00:00\",\"dateModified\":\"2023-09-10T17:19:39+00:00\",\"mainEntityOfPage\":{\"@id\":\"https:\/\/dicodusport.fr\/blog\/vtt-xco-les-gets-le-double-pour-victor-koretzky-imperial-a-domicile\/\"},\"wordCount\":551,\"commentCount\":0,\"publisher\":{\"@id\":\"https:\/\/dicodusport.fr\/blog\/#organization\"},\"image\":{\"@id\":\"https:\/\/dicodusport.fr\/blog\/vtt-xco-les-gets-le-double-pour-victor-koretzky-imperial-a-domicile\/#primaryimage\"},\"thumbnailUrl\":\"https:\/\/dicodusport.fr\/blog\/wp-content\/uploads\/2023\/09\/VTT-XCO-Les-Gets-Le-double-pour-Victor-Koretzky-imperial-a-domicile-1.png\",\"keywords\":[\"br\u00e8ve\",\"sport\",\"VTT XCO Les Gets\"],\"articleSection\":[\"VTT\"],\"inLanguage\":\"fr-FR\",\"potentialAction\":[{\"@type\":\"CommentAction\",\"name\":\"Comment\",\"target\":[\"https:\/\/dicodusport.fr\/blog\/vtt-xco-les-gets-le-double-pour-victor-koretzky-imperial-a-domicile\/#respond\"]}],\"copyrightYear\":\"2023\",\"copyrightHolder\":{\"@id\":\"https:\/\/dicodusport.fr\/blog\/#organization\"}},{\"@type\":\"WebPage\",\"@id\":\"https:\/\/dicodusport.fr\/blog\/vtt-xco-les-gets-le-double-pour-victor-koretzky-imperial-a-domicile\/\",\"url\":\"https:\/\/dicodusport.fr\/blog\/vtt-xco-les-gets-le-double-pour-victor-koretzky-imperial-a-domicile\/\",\"name\":\"VTT XCO Les Gets : Le doubl\u00e9 pour Victor Koretzky, imp\u00e9rial \u00e0 domicile\",\"isPartOf\":{\"@id\":\"https:\/\/dicodusport.fr\/blog\/#website\"},\"primaryImageOfPage\":{\"@id\":\"https:\/\/dicodusport.fr\/blog\/vtt-xco-les-gets-le-double-pour-victor-koretzky-imperial-a-domicile\/#primaryimage\"},\"image\":{\"@id\":\"https:\/\/dicodusport.fr\/blog\/vtt-xco-les-gets-le-double-pour-victor-koretzky-imperial-a-domicile\/#primaryimage\"},\"thumbnailUrl\":\"https:\/\/dicodusport.fr\/blog\/wp-content\/uploads\/2023\/09\/VTT-XCO-Les-Gets-Le-double-pour-Victor-Koretzky-imperial-a-domicile-1.png\",\"datePublished\":\"2023-09-10T14:57:57+00:00\",\"dateModified\":\"2023-09-10T17:19:39+00:00\",\"description\":\"COUPE DU MONDE DE VTT 2023 - Apr\u00e8s le XCC vendredi, Victor Koretzky s'est offert le XCO en produisant son effort \u00e0 mi-course.\",\"breadcrumb\":{\"@id\":\"https:\/\/dicodusport.fr\/blog\/vtt-xco-les-gets-le-double-pour-victor-koretzky-imperial-a-domicile\/#breadcrumb\"},\"inLanguage\":\"fr-FR\",\"potentialAction\":[{\"@type\":\"ReadAction\",\"target\":[\"https:\/\/dicodusport.fr\/blog\/vtt-xco-les-gets-le-double-pour-victor-koretzky-imperial-a-domicile\/\"]}]},{\"@type\":\"ImageObject\",\"inLanguage\":\"fr-FR\",\"@id\":\"https:\/\/dicodusport.fr\/blog\/vtt-xco-les-gets-le-double-pour-victor-koretzky-imperial-a-domicile\/#primaryimage\",\"url\":\"https:\/\/dicodusport.fr\/blog\/wp-content\/uploads\/2023\/09\/VTT-XCO-Les-Gets-Le-double-pour-Victor-Koretzky-imperial-a-domicile-1.png\",\"contentUrl\":\"https:\/\/dicodusport.fr\/blog\/wp-content\/uploads\/2023\/09\/VTT-XCO-Les-Gets-Le-double-pour-Victor-Koretzky-imperial-a-domicile-1.png\",\"width\":800,\"height\":445,\"caption\":\"VTT XCO Les Gets Le doubl\u00e9 pour Victor Koretzky, imp\u00e9rial \u00e0 domicile\"},{\"@type\":\"BreadcrumbList\",\"@id\":\"https:\/\/dicodusport.fr\/blog\/vtt-xco-les-gets-le-double-pour-victor-koretzky-imperial-a-domicile\/#breadcrumb\",\"itemListElement\":[{\"@type\":\"ListItem\",\"position\":1,\"name\":\"Accueil\",\"item\":\"https:\/\/dicodusport.fr\/blog\/\"},{\"@type\":\"ListItem\",\"position\":2,\"name\":\"VTT XCO Les Gets : Le doubl\u00e9 pour Victor Koretzky, imp\u00e9rial \u00e0 domicile\"}]},{\"@type\":\"WebSite\",\"@id\":\"https:\/\/dicodusport.fr\/blog\/#website\",\"url\":\"https:\/\/dicodusport.fr\/blog\/\",\"name\":\"Dicodusport\",\"description\":\"L&#039;encyclop\u00e9die de l&#039;actualit\u00e9 sportive\",\"publisher\":{\"@id\":\"https:\/\/dicodusport.fr\/blog\/#organization\"},\"potentialAction\":[{\"@type\":\"SearchAction\",\"target\":{\"@type\":\"EntryPoint\",\"urlTemplate\":\"https:\/\/dicodusport.fr\/blog\/?s={search_term_string}\"},\"query-input\":{\"@type\":\"PropertyValueSpecification\",\"valueRequired\":true,\"valueName\":\"search_term_string\"}}],\"inLanguage\":\"fr-FR\"},{\"@type\":\"NewsMediaOrganization\",\"@id\":\"https:\/\/dicodusport.fr\/blog\/#organization\",\"name\":\"Dicodusport\",\"url\":\"https:\/\/dicodusport.fr\/blog\/\",\"logo\":{\"@type\":\"ImageObject\",\"inLanguage\":\"fr-FR\",\"@id\":\"https:\/\/dicodusport.fr\/blog\/#\/schema\/logo\/image\/\",\"url\":\"https:\/\/dicodusport.fr\/blog\/wp-content\/uploads\/2020\/06\/cropped-LOGO-DICODUSPORT-2020-SANS-FOND-SANS-TEXTE.png\",\"contentUrl\":\"https:\/\/dicodusport.fr\/blog\/wp-content\/uploads\/2020\/06\/cropped-LOGO-DICODUSPORT-2020-SANS-FOND-SANS-TEXTE.png\",\"width\":512,\"height\":512,\"caption\":\"Dicodusport\"},\"image\":{\"@id\":\"https:\/\/dicodusport.fr\/blog\/#\/schema\/logo\/image\/\"},\"sameAs\":[\"https:\/\/www.facebook.com\/dicodusport\",\"https:\/\/x.com\/dicodusport\",\"https:\/\/www.instagram.com\/dicodusport\/\",\"https:\/\/www.youtube.com\/channel\/UC7V2KZ5sd3htJivAbA4ZG3w\"],\"description\":\"Dicodusport est l'encyclop\u00e9die de l'actualit\u00e9 sportive.\",\"email\":\"bonjour@dicodusport.fr\",\"legalName\":\"DICODUSPORT\",\"foundingDate\":\"2018-01-14\",\"vatID\":\"FR71834470973\",\"taxID\":\"83447097300043\",\"numberOfEmployees\":{\"@type\":\"QuantitativeValue\",\"minValue\":\"1\",\"maxValue\":\"10\"}},{\"@type\":\"Person\",\"@id\":\"https:\/\/dicodusport.fr\/blog\/#\/schema\/person\/627966a6cde45dbd8c5e36ac85d783da\",\"name\":\"S\u00e9bastien Gente\",\"image\":{\"@type\":\"ImageObject\",\"inLanguage\":\"fr-FR\",\"@id\":\"https:\/\/dicodusport.fr\/blog\/#\/schema\/person\/image\/\",\"url\":\"https:\/\/dicodusport.fr\/blog\/wp-content\/uploads\/2021\/09\/1510990_10205810251400683_4124423575079401707_n-150x150.jpg\",\"contentUrl\":\"https:\/\/dicodusport.fr\/blog\/wp-content\/uploads\/2021\/09\/1510990_10205810251400683_4124423575079401707_n-150x150.jpg\",\"caption\":\"S\u00e9bastien Gente\"},\"description\":\"John Stockton, Gianni Bugno, Zinedine Zidane, Steffi Graf, Frode Andresen, St\u00e9phane Stoecklin, Davis Kamoga, Primoz Peterka, Werner Schlager et Aur\u00e9lien Rougerie. Point commun entre ces sportifs? Ils m'ont fait r\u00eaver et ont berc\u00e9 mon adolescence. Je suis un fondu de sports et j'essaie de retranscrire ma passion \u00e0 travers mes articles. Originaire du P\u00e9rigord, ma passion pour les Girondins, les Jaunards et les Jazzmen transpire dans mes \u00e9crits. \u00c0 Dicodusport depuis 2021, je d\u00e9niche les sports m\u00e9connus dans lesquels la France brille, et il y en a !\",\"sameAs\":[\"https:\/\/www.facebook.com\/sebastien.gente\/\",\"https:\/\/www.instagram.com\/sebgente\/\",\"https:\/\/www.linkedin.com\/in\/sbastien-gente-a29583169\/\",\"https:\/\/x.com\/https:\/\/twitter.com\/globulo24\",\"SebastienGente\"],\"worksFor\":\"S\u00e9bastien GENTE\",\"url\":\"https:\/\/dicodusport.fr\/blog\/author\/sebastiengente\/\"}]}<\/script>\n<!-- \/ Yoast SEO Premium plugin. -->","yoast_head_json":{"title":"VTT XCO Les Gets : Le doubl\u00e9 pour Victor Koretzky, imp\u00e9rial \u00e0 domicile","description":"COUPE DU MONDE DE VTT 2023 - Apr\u00e8s le XCC vendredi, Victor Koretzky s'est offert le XCO en produisant son effort \u00e0 mi-course.","robots":{"index":"index","follow":"follow","max-snippet":"max-snippet:-1","max-image-preview":"max-image-preview:large","max-video-preview":"max-video-preview:-1"},"canonical":"https:\/\/dicodusport.fr\/blog\/vtt-xco-les-gets-le-double-pour-victor-koretzky-imperial-a-domicile\/","og_locale":"fr_FR","og_type":"article","og_title":"VTT XCO Les Gets : Le doubl\u00e9 pour Victor Koretzky, imp\u00e9rial \u00e0 domicile","og_description":"COUPE DU MONDE DE VTT 2023 - Apr\u00e8s le XCC vendredi, Victor Koretzky s'est offert le XCO en produisant son effort \u00e0 mi-course.","og_url":"https:\/\/dicodusport.fr\/blog\/vtt-xco-les-gets-le-double-pour-victor-koretzky-imperial-a-domicile\/","og_site_name":"Dicodusport","article_publisher":"https:\/\/www.facebook.com\/dicodusport","article_author":"https:\/\/www.facebook.com\/sebastien.gente\/","article_published_time":"2023-09-10T14:57:57+00:00","article_modified_time":"2023-09-10T17:19:39+00:00","og_image":[{"width":800,"height":445,"url":"https:\/\/dicodusport.fr\/blog\/wp-content\/uploads\/2023\/09\/VTT-XCO-Les-Gets-Le-double-pour-Victor-Koretzky-imperial-a-domicile-1.png","type":"image\/png"}],"author":"S\u00e9bastien Gente","twitter_card":"summary_large_image","twitter_title":"VTT XCO Les Gets : Le doubl\u00e9 pour Victor Koretzky, imp\u00e9rial \u00e0 domicile","twitter_creator":"@https:\/\/twitter.com\/globulo24","twitter_site":"@dicodusport","schema":{"@context":"https:\/\/schema.org","@graph":[{"@type":"NewsArticle","@id":"https:\/\/dicodusport.fr\/blog\/vtt-xco-les-gets-le-double-pour-victor-koretzky-imperial-a-domicile\/#article","isPartOf":{"@id":"https:\/\/dicodusport.fr\/blog\/vtt-xco-les-gets-le-double-pour-victor-koretzky-imperial-a-domicile\/"},"author":{"name":"S\u00e9bastien Gente","@id":"https:\/\/dicodusport.fr\/blog\/#\/schema\/person\/627966a6cde45dbd8c5e36ac85d783da"},"headline":"VTT XCO Les Gets : Le doubl\u00e9 pour Victor Koretzky, imp\u00e9rial \u00e0 domicile","datePublished":"2023-09-10T14:57:57+00:00","dateModified":"2023-09-10T17:19:39+00:00","mainEntityOfPage":{"@id":"https:\/\/dicodusport.fr\/blog\/vtt-xco-les-gets-le-double-pour-victor-koretzky-imperial-a-domicile\/"},"wordCount":551,"commentCount":0,"publisher":{"@id":"https:\/\/dicodusport.fr\/blog\/#organization"},"image":{"@id":"https:\/\/dicodusport.fr\/blog\/vtt-xco-les-gets-le-double-pour-victor-koretzky-imperial-a-domicile\/#primaryimage"},"thumbnailUrl":"https:\/\/dicodusport.fr\/blog\/wp-content\/uploads\/2023\/09\/VTT-XCO-Les-Gets-Le-double-pour-Victor-Koretzky-imperial-a-domicile-1.png","keywords":["br\u00e8ve","sport","VTT XCO Les Gets"],"articleSection":["VTT"],"inLanguage":"fr-FR","potentialAction":[{"@type":"CommentAction","name":"Comment","target":["https:\/\/dicodusport.fr\/blog\/vtt-xco-les-gets-le-double-pour-victor-koretzky-imperial-a-domicile\/#respond"]}],"copyrightYear":"2023","copyrightHolder":{"@id":"https:\/\/dicodusport.fr\/blog\/#organization"}},{"@type":"WebPage","@id":"https:\/\/dicodusport.fr\/blog\/vtt-xco-les-gets-le-double-pour-victor-koretzky-imperial-a-domicile\/","url":"https:\/\/dicodusport.fr\/blog\/vtt-xco-les-gets-le-double-pour-victor-koretzky-imperial-a-domicile\/","name":"VTT XCO Les Gets : Le doubl\u00e9 pour Victor Koretzky, imp\u00e9rial \u00e0 domicile","isPartOf":{"@id":"https:\/\/dicodusport.fr\/blog\/#website"},"primaryImageOfPage":{"@id":"https:\/\/dicodusport.fr\/blog\/vtt-xco-les-gets-le-double-pour-victor-koretzky-imperial-a-domicile\/#primaryimage"},"image":{"@id":"https:\/\/dicodusport.fr\/blog\/vtt-xco-les-gets-le-double-pour-victor-koretzky-imperial-a-domicile\/#primaryimage"},"thumbnailUrl":"https:\/\/dicodusport.fr\/blog\/wp-content\/uploads\/2023\/09\/VTT-XCO-Les-Gets-Le-double-pour-Victor-Koretzky-imperial-a-domicile-1.png","datePublished":"2023-09-10T14:57:57+00:00","dateModified":"2023-09-10T17:19:39+00:00","description":"COUPE DU MONDE DE VTT 2023 - Apr\u00e8s le XCC vendredi, Victor Koretzky s'est offert le XCO en produisant son effort \u00e0 mi-course.","breadcrumb":{"@id":"https:\/\/dicodusport.fr\/blog\/vtt-xco-les-gets-le-double-pour-victor-koretzky-imperial-a-domicile\/#breadcrumb"},"inLanguage":"fr-FR","potentialAction":[{"@type":"ReadAction","target":["https:\/\/dicodusport.fr\/blog\/vtt-xco-les-gets-le-double-pour-victor-koretzky-imperial-a-domicile\/"]}]},{"@type":"ImageObject","inLanguage":"fr-FR","@id":"https:\/\/dicodusport.fr\/blog\/vtt-xco-les-gets-le-double-pour-victor-koretzky-imperial-a-domicile\/#primaryimage","url":"https:\/\/dicodusport.fr\/blog\/wp-content\/uploads\/2023\/09\/VTT-XCO-Les-Gets-Le-double-pour-Victor-Koretzky-imperial-a-domicile-1.png","contentUrl":"https:\/\/dicodusport.fr\/blog\/wp-content\/uploads\/2023\/09\/VTT-XCO-Les-Gets-Le-double-pour-Victor-Koretzky-imperial-a-domicile-1.png","width":800,"height":445,"caption":"VTT XCO Les Gets Le doubl\u00e9 pour Victor Koretzky, imp\u00e9rial \u00e0 domicile"},{"@type":"BreadcrumbList","@id":"https:\/\/dicodusport.fr\/blog\/vtt-xco-les-gets-le-double-pour-victor-koretzky-imperial-a-domicile\/#breadcrumb","itemListElement":[{"@type":"ListItem","position":1,"name":"Accueil","item":"https:\/\/dicodusport.fr\/blog\/"},{"@type":"ListItem","position":2,"name":"VTT XCO Les Gets : Le doubl\u00e9 pour Victor Koretzky, imp\u00e9rial \u00e0 domicile"}]},{"@type":"WebSite","@id":"https:\/\/dicodusport.fr\/blog\/#website","url":"https:\/\/dicodusport.fr\/blog\/","name":"Dicodusport","description":"L&#039;encyclop\u00e9die de l&#039;actualit\u00e9 sportive","publisher":{"@id":"https:\/\/dicodusport.fr\/blog\/#organization"},"potentialAction":[{"@type":"SearchAction","target":{"@type":"EntryPoint","urlTemplate":"https:\/\/dicodusport.fr\/blog\/?s={search_term_string}"},"query-input":{"@type":"PropertyValueSpecification","valueRequired":true,"valueName":"search_term_string"}}],"inLanguage":"fr-FR"},{"@type":"NewsMediaOrganization","@id":"https:\/\/dicodusport.fr\/blog\/#organization","name":"Dicodusport","url":"https:\/\/dicodusport.fr\/blog\/","logo":{"@type":"ImageObject","inLanguage":"fr-FR","@id":"https:\/\/dicodusport.fr\/blog\/#\/schema\/logo\/image\/","url":"https:\/\/dicodusport.fr\/blog\/wp-content\/uploads\/2020\/06\/cropped-LOGO-DICODUSPORT-2020-SANS-FOND-SANS-TEXTE.png","contentUrl":"https:\/\/dicodusport.fr\/blog\/wp-content\/uploads\/2020\/06\/cropped-LOGO-DICODUSPORT-2020-SANS-FOND-SANS-TEXTE.png","width":512,"height":512,"caption":"Dicodusport"},"image":{"@id":"https:\/\/dicodusport.fr\/blog\/#\/schema\/logo\/image\/"},"sameAs":["https:\/\/www.facebook.com\/dicodusport","https:\/\/x.com\/dicodusport","https:\/\/www.instagram.com\/dicodusport\/","https:\/\/www.youtube.com\/channel\/UC7V2KZ5sd3htJivAbA4ZG3w"],"description":"Dicodusport est l'encyclop\u00e9die de l'actualit\u00e9 sportive.","email":"bonjour@dicodusport.fr","legalName":"DICODUSPORT","foundingDate":"2018-01-14","vatID":"FR71834470973","taxID":"83447097300043","numberOfEmployees":{"@type":"QuantitativeValue","minValue":"1","maxValue":"10"}},{"@type":"Person","@id":"https:\/\/dicodusport.fr\/blog\/#\/schema\/person\/627966a6cde45dbd8c5e36ac85d783da","name":"S\u00e9bastien Gente","image":{"@type":"ImageObject","inLanguage":"fr-FR","@id":"https:\/\/dicodusport.fr\/blog\/#\/schema\/person\/image\/","url":"https:\/\/dicodusport.fr\/blog\/wp-content\/uploads\/2021\/09\/1510990_10205810251400683_4124423575079401707_n-150x150.jpg","contentUrl":"https:\/\/dicodusport.fr\/blog\/wp-content\/uploads\/2021\/09\/1510990_10205810251400683_4124423575079401707_n-150x150.jpg","caption":"S\u00e9bastien Gente"},"description":"John Stockton, Gianni Bugno, Zinedine Zidane, Steffi Graf, Frode Andresen, St\u00e9phane Stoecklin, Davis Kamoga, Primoz Peterka, Werner Schlager et Aur\u00e9lien Rougerie. Point commun entre ces sportifs? Ils m'ont fait r\u00eaver et ont berc\u00e9 mon adolescence. Je suis un fondu de sports et j'essaie de retranscrire ma passion \u00e0 travers mes articles. Originaire du P\u00e9rigord, ma passion pour les Girondins, les Jaunards et les Jazzmen transpire dans mes \u00e9crits. \u00c0 Dicodusport depuis 2021, je d\u00e9niche les sports m\u00e9connus dans lesquels la France brille, et il y en a !","sameAs":["https:\/\/www.facebook.com\/sebastien.gente\/","https:\/\/www.instagram.com\/sebgente\/","https:\/\/www.linkedin.com\/in\/sbastien-gente-a29583169\/","https:\/\/x.com\/https:\/\/twitter.com\/globulo24","SebastienGente"],"worksFor":"S\u00e9bastien GENTE","url":"https:\/\/dicodusport.fr\/blog\/author\/sebastiengente\/"}]}},"_links":{"self":[{"href":"https:\/\/dicodusport.fr\/blog\/wp-json\/wp\/v2\/posts\/417613","targetHints":{"allow":["GET"]}}],"collection":[{"href":"https:\/\/dicodusport.fr\/blog\/wp-json\/wp\/v2\/posts"}],"about":[{"href":"https:\/\/dicodusport.fr\/blog\/wp-json\/wp\/v2\/types\/post"}],"author":[{"embeddable":true,"href":"https:\/\/dicodusport.fr\/blog\/wp-json\/wp\/v2\/users\/59"}],"replies":[{"embeddable":true,"href":"https:\/\/dicodusport.fr\/blog\/wp-json\/wp\/v2\/comments?post=417613"}],"version-history":[{"count":0,"href":"https:\/\/dicodusport.fr\/blog\/wp-json\/wp\/v2\/posts\/417613\/revisions"}],"wp:featuredmedia":[{"embeddable":true,"href":"https:\/\/dicodusport.fr\/blog\/wp-json\/wp\/v2\/media\/417761"}],"wp:attachment":[{"href":"https:\/\/dicodusport.fr\/blog\/wp-json\/wp\/v2\/media?parent=417613"}],"wp:term":[{"taxonomy":"category","embeddable":true,"href":"https:\/\/dicodusport.fr\/blog\/wp-json\/wp\/v2\/categories?post=417613"},{"taxonomy":"post_tag","embeddable":true,"href":"https:\/\/dicodusport.fr\/blog\/wp-json\/wp\/v2\/tags?post=417613"}],"curies":[{"name":"wp","href":"https:\/\/api.w.org\/{rel}","templated":true}]}}