{"id":417764,"date":"2023-09-10T22:15:27","date_gmt":"2023-09-10T20:15:27","guid":{"rendered":"https:\/\/dicodusport.fr\/blog\/?p=417764&#038;preview=true&#038;preview_id=417764"},"modified":"2023-09-10T23:40:29","modified_gmt":"2023-09-10T21:40:29","slug":"grand-prix-cycliste-de-montreal-adam-yates-simpose-devant-pavel-sivakov","status":"publish","type":"post","link":"https:\/\/dicodusport.fr\/blog\/grand-prix-cycliste-de-montreal-adam-yates-simpose-devant-pavel-sivakov\/","title":{"rendered":"Grand Prix Cycliste de Montr\u00e9al : Adam Yates s&rsquo;impose devant Pavel Sivakov"},"content":{"rendered":"<p align=\"justify\"><em><strong>UCI WORLD TOUR &#8211; Sous la pluie fine de Montr\u00e9al, l&rsquo;Anglais Adam Yates (UAE Team Emirates), s&rsquo;impose sur le Grand Prix de Montr\u00e9al, devant le Fran\u00e7ais Pavel Sivakov. Gr\u00e2ce \u00e0 un gros travail de son \u00e9quipe, Yates devient le 1\u1d49\u02b3 britannique \u00e0 gagner \u00e0 Montr\u00e9al. Il s&rsquo;est montr\u00e9 le plus fort dans le final.<br \/>\n<\/strong><\/em><\/p>\n<ul>\n<li style=\"text-align: justify;\"><strong>\u00c0 lire aussi &#8211; <a href=\"https:\/\/dicodusport.fr\/blog\/classement-grand-prix-cycliste-de-montreal-2023\/\">Le classement du Grand Prix Cycliste de Montr\u00e9al<\/a><\/strong><\/li>\n<\/ul>\n<p lang=\"fr-CA\" style=\"text-align: justify;\">Apr\u00e8s la victoire du jeune Belge<strong> Arnaud de Lie<\/strong>, de la <strong>Lotto Dstny<\/strong>, <a href=\"https:\/\/dicodusport.fr\/blog\/grand-prix-de-quebec-2023-arnaud-de-lie-impose-sa-puissance\/\">sur le Grand Prix de Qu\u00e9bec vendredi<\/a>, le peloton se retrouvait dans les rues de Montr\u00e9al. Sur le futur terrain de jeu des Mondiaux 2026, les coureurs devaient affronter une m\u00e9t\u00e9o loin d\u2019\u00eatre amicale en ce dimanche. Apr\u00e8s les fortes chaleurs des derniers jours dans la m\u00e9tropole qu\u00e9becoise, la pluie \u00e9tait l\u2019invit\u00e9e d\u2019honneur sur le parcours, comme d\u2019habitude, casse-pattes. En effet, avec presque 5 000m de d\u00e9nivel\u00e9 positif. Les c\u00f4tes montr\u00e9alaises ont de quoi \u00e9cr\u00e9mer le peloton.<\/p>\n<p lang=\"fr-CA\" style=\"text-align: justify;\">Quelques t\u00eates d\u2019affiche sont pr\u00e9sentes au Qu\u00e9bec. <strong>Julian Alaphilippe<\/strong>, souvent en vue ici, avait fort \u00e0 faire avec <strong>Beno\u00eet Cosnefroy<\/strong>, vainqueur \u00e0 Qu\u00e9bec l\u2019an dernier, <strong>Adam Yates<\/strong>, <strong>Christophe Laporte<\/strong> ou encore<strong> Valentin Madouas<\/strong>. Les coureurs canadiens d\u2019<strong>Israel Premier Tech<\/strong>, tels que <strong>Hugo Houle<\/strong> ou <strong>Michael Woods<\/strong>, voulaient briller \u00e0 domicile.<\/p>\n<p lang=\"fr-CA\" style=\"text-align: justify;\">Avec 18 tours \u00e0 couvrir, la course est longue. Le Belge <strong>Florian Vermeersch<\/strong>, de la formation <strong>Lotto Dstny<\/strong>, d\u00e9cide de jouer les filles de l\u2019air dans le 1<sup>er<\/sup> tour. Il arrivera \u00e0 s\u2019\u00e9chapper et \u00e0 r\u00e9sister aux diverses attaques en d\u00e9but de course. Il fera cavalier seul pendant quasiment toute la course, n\u2019\u00e9tant repris qu\u2019\u00e0 54 kilom\u00e8tres de l\u2019arriv\u00e9e. Il a fait 170 kilom\u00e8tres de visite de la ville en solitaire, mais devra s\u2019avouer vaincu face aux acc\u00e9l\u00e9rations du peloton, notamment sous l\u2019impulsion des <strong>Soudal Quick-Step<\/strong>. Le rythme de l\u2019\u00e9quipe belge provoque aussi une cassure entre les deux grosses mont\u00e9es du jour, faisant d\u00e9j\u00e0 des d\u00e9g\u00e2ts apr\u00e8s 13 tours.<\/p>\n<ul>\n<li lang=\"fr-CA\" style=\"text-align: justify;\"><strong>\u00c0 lire aussi &#8211; <a href=\"https:\/\/dicodusport.fr\/blog\/cyclisme-world-tour-2023-calendrier-et-resultats\/\">Calendrier et r\u00e9sultats du World Tour 2023<\/a><\/strong><\/li>\n<\/ul>\n<h2 lang=\"fr-CA\" style=\"text-align: justify;\">Les UAE Team Emirates durcissent la course<\/h2>\n<p lang=\"fr-CA\" style=\"text-align: justify;\">Une fois la jonction effectu\u00e9e, la <strong>Groupama-FDJ<\/strong> prend les choses en main en menant le peloton. \u00c0 40 kilom\u00e8tres du terme, <strong>Arnaud De Lie<\/strong> tente de s\u2019\u00e9chapper en prenant une dizaine de secondes d\u2019avance. A-t-il l\u2019id\u00e9e de faire le doubl\u00e9 Qu\u00e9bec-Montr\u00e9al, ou travaille-t-il pour ses \u00e9quipiers ? La r\u00e9ponse arrive quelques kilom\u00e8tres apr\u00e8s. Il est finalement repris facilement par le train dans la mont\u00e9e Camillien-Houde. Cette mont\u00e9e, \u00e0 trois tours du terme, \u00e9tale de plus en plus le peloton, sous les coups de boutoir des <strong>UAE Team Emirates<\/strong> au point de ne laisser qu\u2019une trentaine d\u2019hommes dans le groupe de t\u00eate. <strong>Adam Yates<\/strong> et <strong>Marc Hirschi<\/strong> m\u00e8nent le peloton. <strong>Julian Alaphilippe<\/strong> se retrouve distanc\u00e9, tout comme <strong>Beno\u00eet Cosnefroy<\/strong>. Mais l\u2019ancien champion du monde revient dans le groupe de t\u00eate, tout comme le Normand. Les <strong>UAE Team Emirates<\/strong> continuent de durcir la course dans la difficile mont\u00e9e Camilien-Houde pour \u00e9cr\u00e9mer encore plus les leaders.<\/p>\n<h2 lang=\"fr-CA\" style=\"text-align: justify;\">Adam Yates le plus fort<\/h2>\n<p lang=\"fr-CA\" style=\"text-align: justify;\">Dans le dernier tour, <strong>Bilbao<\/strong>, <strong>Cosnefroy<\/strong> ou encore <strong>Matthews<\/strong> sont l\u00e2ch\u00e9s dans la terrible ascension. Et <strong>Adam<\/strong> <strong>Yates<\/strong> produit finalement son effort dans la difficult\u00e9, accompagn\u00e9 par <strong>Pavel Sivakov. <\/strong>Le Fran\u00e7ais passe au sommet \u00e0 trois secondes du Britannique qu\u2019il rejoint dans la partie plane. Le Britannique, en passant en t\u00eate au sommet, remporte \u00e9galement le Grand Prix de la montagne de la course. Le duo arrive \u00e0 garder une petite dizaine de secondes d\u2019avance sur les poursuivants et entrevoient la victoire. Sur la derni\u00e8re ligne droite, en mont\u00e9e, <strong>Pavel<\/strong> <strong>Sivakov<\/strong> m\u00e8ne encore le duo. Mais<strong> Adam Yates<\/strong> est le plus fort et dispose ais\u00e9ment du fran\u00e7ais dans le final pour arriver avec deux secondes d&rsquo;avance. La troisi\u00e8me place revient \u00e0 <strong>Alex Aranburu<\/strong> (Movistar), devant le Fran\u00e7ais <strong>Valentin Madouas<\/strong> (Groupama-FDJ).<\/p>\n<blockquote class=\"twitter-tweet\">\n<p dir=\"ltr\" lang=\"fr\">Adam Yates a battu au sprint Pavel Sivakov pour remporter le <a href=\"https:\/\/twitter.com\/hashtag\/GPMontreal?src=hash&amp;ref_src=twsrc%5Etfw\">#GPMontreal<\/a> <a href=\"https:\/\/twitter.com\/hashtag\/GPCQM?src=hash&amp;ref_src=twsrc%5Etfw\">#GPCQM<\/a> Alex Aranburu a compl\u00e9t\u00e9 le podium devant Valentin Madouas et Simone Velasco. <a href=\"https:\/\/twitter.com\/hashtag\/cyclisme?src=hash&amp;ref_src=twsrc%5Etfw\">#cyclisme<\/a> <a href=\"https:\/\/twitter.com\/hashtag\/cycling?src=hash&amp;ref_src=twsrc%5Etfw\">#cycling<\/a> <a href=\"https:\/\/twitter.com\/hashtag\/ciclismo?src=hash&amp;ref_src=twsrc%5Etfw\">#ciclismo<\/a> <a href=\"https:\/\/t.co\/5YLlXopWqW\">pic.twitter.com\/5YLlXopWqW<\/a><\/p>\n<p>\u2014 \ud83d\udeb4 Les Rois du Peloton \ud83d\udeb2 (@LRoisDuPeloton) <a href=\"https:\/\/twitter.com\/LRoisDuPeloton\/status\/1700966416562716776?ref_src=twsrc%5Etfw\">September 10, 2023<\/a><\/p><\/blockquote>\n<p><script async src=\"https:\/\/platform.twitter.com\/widgets.js\" charset=\"utf-8\"><\/script><\/p>\n<p style=\"text-align: justify;\">Malgr\u00e9 une non-s\u00e9lection sur la Vuelta et une 2\u00e8me place aujourd&rsquo;hui, <strong>Pavel Sivakov<\/strong> \u00e9tait tout de m\u00eame satisfait de sa course.<\/p>\n<blockquote>\n<p style=\"text-align: justify;\">J&rsquo;\u00e9tais d\u00e9\u00e7u de pas \u00eatre sur la Vuelta et je voulais montrer que j&rsquo;avais de bonnes jambes en ce moment. J&rsquo;\u00e9tais tr\u00e8s content de jouer la gagne aujourd&rsquo;hui. Et puis, avec Adam, on a \u00e9t\u00e9 co\u00e9quipiers, donc je le connais et je savais qu&rsquo;il allait attaquer. Je l&rsquo;ai donc accompagn\u00e9 quand il a commenc\u00e9 \u00e0 remonter et je l&rsquo;ai suivi. Et on devait coop\u00e9rer pour aller chercher la gagne. Apr\u00e8s, il a \u00e9t\u00e9 trop fort pour moi dans les 300 derniers m\u00e8tres. L&rsquo;an prochain, je serai de nouveau son co\u00e9quipier. Et je sais que chez UAE Team Emirates, j&rsquo;aurai des opportunit\u00e9s si je suis assez bon et que j&rsquo;ai les jambes. Et puis, c&rsquo;est toujours bien d&rsquo;\u00eatre dans une grosse \u00e9quipe car cela va me tirer vers le haut.<\/p>\n<\/blockquote>\n","protected":false},"excerpt":{"rendered":"<p>UCI WORLD TOUR &#8211; Sous la pluie fine de Montr\u00e9al, l&rsquo;Anglais Adam Yates (UAE Team Emirates), s&rsquo;impose sur le Grand Prix de Montr\u00e9al, devant le Fran\u00e7ais Pavel Sivakov. Gr\u00e2ce \u00e0 un gros travail de son \u00e9quipe, Yates devient le 1\u1d49\u02b3 Anglais \u00e0 gagner \u00e0 Montr\u00e9al. Il s&rsquo;est montr\u00e9 le plus fort dans le final.<\/p>\n","protected":false},"author":10,"featured_media":417825,"comment_status":"open","ping_status":"closed","sticky":false,"template":"","format":"standard","meta":{"_acf_changed":false,"_daextam_enable_autolinks":"","footnotes":""},"categories":[46994],"tags":[5545,16878,26290,22165],"class_list":["post-417764","post","type-post","status-publish","format-standard","has-post-thumbnail","hentry","category-cyclisme-sur-route","tag-adam-yates","tag-breve","tag-grand-prix-cycliste-de-montreal","tag-pavel-sivakov"],"acf":[],"yoast_head":"<!-- This site is optimized with the Yoast SEO Premium plugin v26.7 (Yoast SEO v26.7) - https:\/\/yoast.com\/wordpress\/plugins\/seo\/ -->\n<title>Grand Prix Cycliste de Montr\u00e9al : Adam Yates s&#039;impose devant Pavel Sivakov<\/title>\n<meta name=\"description\" content=\"UCI WORLD TOUR - Sous la pluie fine de Montr\u00e9al, l&#039;Anglais Adam Yates (UAE Team Emirates), s&#039;impose sur le Grand Prix de Montr\u00e9al.\" \/>\n<meta name=\"robots\" content=\"index, follow, max-snippet:-1, max-image-preview:large, max-video-preview:-1\" \/>\n<link rel=\"canonical\" href=\"https:\/\/dicodusport.fr\/blog\/grand-prix-cycliste-de-montreal-adam-yates-simpose-devant-pavel-sivakov\/\" \/>\n<meta property=\"og:locale\" content=\"fr_FR\" \/>\n<meta property=\"og:type\" content=\"article\" \/>\n<meta property=\"og:title\" content=\"Grand Prix Cycliste de Montr\u00e9al : Adam Yates s&#039;impose devant Pavel Sivakov\" \/>\n<meta property=\"og:description\" content=\"UCI WORLD TOUR - Sous la pluie fine de Montr\u00e9al, l&#039;Anglais Adam Yates (UAE Team Emirates), s&#039;impose sur le Grand Prix de Montr\u00e9al.\" \/>\n<meta property=\"og:url\" content=\"https:\/\/dicodusport.fr\/blog\/grand-prix-cycliste-de-montreal-adam-yates-simpose-devant-pavel-sivakov\/\" \/>\n<meta property=\"og:site_name\" content=\"Dicodusport\" \/>\n<meta property=\"article:publisher\" content=\"https:\/\/www.facebook.com\/dicodusport\" \/>\n<meta property=\"article:published_time\" content=\"2023-09-10T20:15:27+00:00\" \/>\n<meta property=\"article:modified_time\" content=\"2023-09-10T21:40:29+00:00\" \/>\n<meta property=\"og:image\" content=\"https:\/\/dicodusport.fr\/blog\/wp-content\/uploads\/2023\/09\/Grand-Prix-Cycliste-de-Montreal-Adam-Yates-simpose-devant-Pavel-Sivakov.png\" \/>\n\t<meta property=\"og:image:width\" content=\"800\" \/>\n\t<meta property=\"og:image:height\" content=\"445\" \/>\n\t<meta property=\"og:image:type\" content=\"image\/png\" \/>\n<meta name=\"author\" content=\"Damien Meunier\" \/>\n<meta name=\"twitter:card\" content=\"summary_large_image\" \/>\n<meta name=\"twitter:title\" content=\"Grand Prix Cycliste de Montr\u00e9al : Adam Yates s&#039;impose devant Pavel Sivakov\" \/>\n<meta name=\"twitter:creator\" content=\"@https:\/\/x.com\/DamienMeunier69\" \/>\n<meta name=\"twitter:site\" content=\"@dicodusport\" \/>\n<script type=\"application\/ld+json\" class=\"yoast-schema-graph\">{\"@context\":\"https:\/\/schema.org\",\"@graph\":[{\"@type\":\"NewsArticle\",\"@id\":\"https:\/\/dicodusport.fr\/blog\/grand-prix-cycliste-de-montreal-adam-yates-simpose-devant-pavel-sivakov\/#article\",\"isPartOf\":{\"@id\":\"https:\/\/dicodusport.fr\/blog\/grand-prix-cycliste-de-montreal-adam-yates-simpose-devant-pavel-sivakov\/\"},\"author\":{\"name\":\"Damien Meunier\",\"@id\":\"https:\/\/dicodusport.fr\/blog\/#\/schema\/person\/7ce262eb34bbc1847cff5f60345d4735\"},\"headline\":\"Grand Prix Cycliste de Montr\u00e9al : Adam Yates s&rsquo;impose devant Pavel Sivakov\",\"datePublished\":\"2023-09-10T20:15:27+00:00\",\"dateModified\":\"2023-09-10T21:40:29+00:00\",\"mainEntityOfPage\":{\"@id\":\"https:\/\/dicodusport.fr\/blog\/grand-prix-cycliste-de-montreal-adam-yates-simpose-devant-pavel-sivakov\/\"},\"wordCount\":909,\"commentCount\":1,\"publisher\":{\"@id\":\"https:\/\/dicodusport.fr\/blog\/#organization\"},\"image\":{\"@id\":\"https:\/\/dicodusport.fr\/blog\/grand-prix-cycliste-de-montreal-adam-yates-simpose-devant-pavel-sivakov\/#primaryimage\"},\"thumbnailUrl\":\"https:\/\/dicodusport.fr\/blog\/wp-content\/uploads\/2023\/09\/Grand-Prix-Cycliste-de-Montreal-Adam-Yates-simpose-devant-Pavel-Sivakov.png\",\"keywords\":[\"Adam Yates\",\"br\u00e8ve\",\"Grand Prix Cycliste de Montr\u00e9al\",\"Pavel Sivakov\"],\"articleSection\":[\"Cyclisme sur route\"],\"inLanguage\":\"fr-FR\",\"potentialAction\":[{\"@type\":\"CommentAction\",\"name\":\"Comment\",\"target\":[\"https:\/\/dicodusport.fr\/blog\/grand-prix-cycliste-de-montreal-adam-yates-simpose-devant-pavel-sivakov\/#respond\"]}],\"copyrightYear\":\"2023\",\"copyrightHolder\":{\"@id\":\"https:\/\/dicodusport.fr\/blog\/#organization\"}},{\"@type\":\"WebPage\",\"@id\":\"https:\/\/dicodusport.fr\/blog\/grand-prix-cycliste-de-montreal-adam-yates-simpose-devant-pavel-sivakov\/\",\"url\":\"https:\/\/dicodusport.fr\/blog\/grand-prix-cycliste-de-montreal-adam-yates-simpose-devant-pavel-sivakov\/\",\"name\":\"Grand Prix Cycliste de Montr\u00e9al : Adam Yates s'impose devant Pavel Sivakov\",\"isPartOf\":{\"@id\":\"https:\/\/dicodusport.fr\/blog\/#website\"},\"primaryImageOfPage\":{\"@id\":\"https:\/\/dicodusport.fr\/blog\/grand-prix-cycliste-de-montreal-adam-yates-simpose-devant-pavel-sivakov\/#primaryimage\"},\"image\":{\"@id\":\"https:\/\/dicodusport.fr\/blog\/grand-prix-cycliste-de-montreal-adam-yates-simpose-devant-pavel-sivakov\/#primaryimage\"},\"thumbnailUrl\":\"https:\/\/dicodusport.fr\/blog\/wp-content\/uploads\/2023\/09\/Grand-Prix-Cycliste-de-Montreal-Adam-Yates-simpose-devant-Pavel-Sivakov.png\",\"datePublished\":\"2023-09-10T20:15:27+00:00\",\"dateModified\":\"2023-09-10T21:40:29+00:00\",\"description\":\"UCI WORLD TOUR - Sous la pluie fine de Montr\u00e9al, l'Anglais Adam Yates (UAE Team Emirates), s'impose sur le Grand Prix de Montr\u00e9al.\",\"breadcrumb\":{\"@id\":\"https:\/\/dicodusport.fr\/blog\/grand-prix-cycliste-de-montreal-adam-yates-simpose-devant-pavel-sivakov\/#breadcrumb\"},\"inLanguage\":\"fr-FR\",\"potentialAction\":[{\"@type\":\"ReadAction\",\"target\":[\"https:\/\/dicodusport.fr\/blog\/grand-prix-cycliste-de-montreal-adam-yates-simpose-devant-pavel-sivakov\/\"]}]},{\"@type\":\"ImageObject\",\"inLanguage\":\"fr-FR\",\"@id\":\"https:\/\/dicodusport.fr\/blog\/grand-prix-cycliste-de-montreal-adam-yates-simpose-devant-pavel-sivakov\/#primaryimage\",\"url\":\"https:\/\/dicodusport.fr\/blog\/wp-content\/uploads\/2023\/09\/Grand-Prix-Cycliste-de-Montreal-Adam-Yates-simpose-devant-Pavel-Sivakov.png\",\"contentUrl\":\"https:\/\/dicodusport.fr\/blog\/wp-content\/uploads\/2023\/09\/Grand-Prix-Cycliste-de-Montreal-Adam-Yates-simpose-devant-Pavel-Sivakov.png\",\"width\":800,\"height\":445,\"caption\":\"Grand Prix Cycliste de Montr\u00e9al Adam Yates s'impose devant Pavel Sivakov\"},{\"@type\":\"BreadcrumbList\",\"@id\":\"https:\/\/dicodusport.fr\/blog\/grand-prix-cycliste-de-montreal-adam-yates-simpose-devant-pavel-sivakov\/#breadcrumb\",\"itemListElement\":[{\"@type\":\"ListItem\",\"position\":1,\"name\":\"Accueil\",\"item\":\"https:\/\/dicodusport.fr\/blog\/\"},{\"@type\":\"ListItem\",\"position\":2,\"name\":\"Grand Prix Cycliste de Montr\u00e9al : Adam Yates s&rsquo;impose devant Pavel Sivakov\"}]},{\"@type\":\"WebSite\",\"@id\":\"https:\/\/dicodusport.fr\/blog\/#website\",\"url\":\"https:\/\/dicodusport.fr\/blog\/\",\"name\":\"Dicodusport\",\"description\":\"L&#039;encyclop\u00e9die de l&#039;actualit\u00e9 sportive\",\"publisher\":{\"@id\":\"https:\/\/dicodusport.fr\/blog\/#organization\"},\"potentialAction\":[{\"@type\":\"SearchAction\",\"target\":{\"@type\":\"EntryPoint\",\"urlTemplate\":\"https:\/\/dicodusport.fr\/blog\/?s={search_term_string}\"},\"query-input\":{\"@type\":\"PropertyValueSpecification\",\"valueRequired\":true,\"valueName\":\"search_term_string\"}}],\"inLanguage\":\"fr-FR\"},{\"@type\":\"NewsMediaOrganization\",\"@id\":\"https:\/\/dicodusport.fr\/blog\/#organization\",\"name\":\"Dicodusport\",\"url\":\"https:\/\/dicodusport.fr\/blog\/\",\"logo\":{\"@type\":\"ImageObject\",\"inLanguage\":\"fr-FR\",\"@id\":\"https:\/\/dicodusport.fr\/blog\/#\/schema\/logo\/image\/\",\"url\":\"https:\/\/dicodusport.fr\/blog\/wp-content\/uploads\/2020\/06\/cropped-LOGO-DICODUSPORT-2020-SANS-FOND-SANS-TEXTE.png\",\"contentUrl\":\"https:\/\/dicodusport.fr\/blog\/wp-content\/uploads\/2020\/06\/cropped-LOGO-DICODUSPORT-2020-SANS-FOND-SANS-TEXTE.png\",\"width\":512,\"height\":512,\"caption\":\"Dicodusport\"},\"image\":{\"@id\":\"https:\/\/dicodusport.fr\/blog\/#\/schema\/logo\/image\/\"},\"sameAs\":[\"https:\/\/www.facebook.com\/dicodusport\",\"https:\/\/x.com\/dicodusport\",\"https:\/\/www.instagram.com\/dicodusport\/\",\"https:\/\/www.youtube.com\/channel\/UC7V2KZ5sd3htJivAbA4ZG3w\"],\"description\":\"Dicodusport est l'encyclop\u00e9die de l'actualit\u00e9 sportive.\",\"email\":\"bonjour@dicodusport.fr\",\"legalName\":\"DICODUSPORT\",\"foundingDate\":\"2018-01-14\",\"vatID\":\"FR71834470973\",\"taxID\":\"83447097300043\",\"numberOfEmployees\":{\"@type\":\"QuantitativeValue\",\"minValue\":\"1\",\"maxValue\":\"10\"}},{\"@type\":\"Person\",\"@id\":\"https:\/\/dicodusport.fr\/blog\/#\/schema\/person\/7ce262eb34bbc1847cff5f60345d4735\",\"name\":\"Damien Meunier\",\"image\":{\"@type\":\"ImageObject\",\"inLanguage\":\"fr-FR\",\"@id\":\"https:\/\/dicodusport.fr\/blog\/#\/schema\/person\/image\/\",\"url\":\"https:\/\/secure.gravatar.com\/avatar\/dfe0549a73ac21bb20dfdf302b222ba2?s=96&d=wp_user_avatar&r=g\",\"contentUrl\":\"https:\/\/secure.gravatar.com\/avatar\/dfe0549a73ac21bb20dfdf302b222ba2?s=96&d=wp_user_avatar&r=g\",\"caption\":\"Damien Meunier\"},\"description\":\"Journaliste\/r\u00e9dacteur depuis d\u00e9cembre 2016 - Amateur professionnel de sport, d\u2019abord le football, j\u2019aurais pu en faire mon m\u00e9tier. Mais bon, vous savez les \u2026 non, pas les crois\u00e9s, ils vont bien eux. Juste un manque de talent, de technique et de niveau surtout. Mais cette passion est ancr\u00e9e en moi telle la pomme dans la tarte tatin. Le c\u00f4t\u00e9 suiveur\/supporter est \u00e9videmment important au quotidien, que ce soit un soir de juillet 1998 en banlieue lyonnaise ou de juillet 2018 \u00e0 Montr\u00e9al. Car oui, depuis ma France natale, j\u2019ai migr\u00e9 outre-Atlantique, au pays des caribous. L\u00e0, le football se joue \u00e0 la main et non au pied. Et surtout, la religion sportive est plut\u00f4t froide et se joue avec une crosse. Non, ce n\u2019est pas le curling ni le Lacrosse, encore que, mais le hockey sur glace. Une autre vision, une autre culture. On troque les crudit\u00e9s devant la t\u00e9l\u00e9 pour une poutine et on s\u2019installe avec notre chandail pour suivre cela. Et en moins de temps qu\u2019il ne faut pour le dire, ou la vitesse d\u2019un slap shot de McDavid ou un arr\u00eat de la mitaine de Price, j\u2019\u00e9cris sur de l\u2019actualit\u00e9 par ici mais aussi le sport f\u00e9minin, pas assez mis en avant.\",\"sameAs\":[\"https:\/\/x.com\/https:\/\/x.com\/DamienMeunier69\"],\"url\":\"https:\/\/dicodusport.fr\/blog\/author\/damien-m\/\"}]}<\/script>\n<!-- \/ Yoast SEO Premium plugin. -->","yoast_head_json":{"title":"Grand Prix Cycliste de Montr\u00e9al : Adam Yates s'impose devant Pavel Sivakov","description":"UCI WORLD TOUR - Sous la pluie fine de Montr\u00e9al, l'Anglais Adam Yates (UAE Team Emirates), s'impose sur le Grand Prix de Montr\u00e9al.","robots":{"index":"index","follow":"follow","max-snippet":"max-snippet:-1","max-image-preview":"max-image-preview:large","max-video-preview":"max-video-preview:-1"},"canonical":"https:\/\/dicodusport.fr\/blog\/grand-prix-cycliste-de-montreal-adam-yates-simpose-devant-pavel-sivakov\/","og_locale":"fr_FR","og_type":"article","og_title":"Grand Prix Cycliste de Montr\u00e9al : Adam Yates s'impose devant Pavel Sivakov","og_description":"UCI WORLD TOUR - Sous la pluie fine de Montr\u00e9al, l'Anglais Adam Yates (UAE Team Emirates), s'impose sur le Grand Prix de Montr\u00e9al.","og_url":"https:\/\/dicodusport.fr\/blog\/grand-prix-cycliste-de-montreal-adam-yates-simpose-devant-pavel-sivakov\/","og_site_name":"Dicodusport","article_publisher":"https:\/\/www.facebook.com\/dicodusport","article_published_time":"2023-09-10T20:15:27+00:00","article_modified_time":"2023-09-10T21:40:29+00:00","og_image":[{"width":800,"height":445,"url":"https:\/\/dicodusport.fr\/blog\/wp-content\/uploads\/2023\/09\/Grand-Prix-Cycliste-de-Montreal-Adam-Yates-simpose-devant-Pavel-Sivakov.png","type":"image\/png"}],"author":"Damien Meunier","twitter_card":"summary_large_image","twitter_title":"Grand Prix Cycliste de Montr\u00e9al : Adam Yates s'impose devant Pavel Sivakov","twitter_creator":"@https:\/\/x.com\/DamienMeunier69","twitter_site":"@dicodusport","schema":{"@context":"https:\/\/schema.org","@graph":[{"@type":"NewsArticle","@id":"https:\/\/dicodusport.fr\/blog\/grand-prix-cycliste-de-montreal-adam-yates-simpose-devant-pavel-sivakov\/#article","isPartOf":{"@id":"https:\/\/dicodusport.fr\/blog\/grand-prix-cycliste-de-montreal-adam-yates-simpose-devant-pavel-sivakov\/"},"author":{"name":"Damien Meunier","@id":"https:\/\/dicodusport.fr\/blog\/#\/schema\/person\/7ce262eb34bbc1847cff5f60345d4735"},"headline":"Grand Prix Cycliste de Montr\u00e9al : Adam Yates s&rsquo;impose devant Pavel Sivakov","datePublished":"2023-09-10T20:15:27+00:00","dateModified":"2023-09-10T21:40:29+00:00","mainEntityOfPage":{"@id":"https:\/\/dicodusport.fr\/blog\/grand-prix-cycliste-de-montreal-adam-yates-simpose-devant-pavel-sivakov\/"},"wordCount":909,"commentCount":1,"publisher":{"@id":"https:\/\/dicodusport.fr\/blog\/#organization"},"image":{"@id":"https:\/\/dicodusport.fr\/blog\/grand-prix-cycliste-de-montreal-adam-yates-simpose-devant-pavel-sivakov\/#primaryimage"},"thumbnailUrl":"https:\/\/dicodusport.fr\/blog\/wp-content\/uploads\/2023\/09\/Grand-Prix-Cycliste-de-Montreal-Adam-Yates-simpose-devant-Pavel-Sivakov.png","keywords":["Adam Yates","br\u00e8ve","Grand Prix Cycliste de Montr\u00e9al","Pavel Sivakov"],"articleSection":["Cyclisme sur route"],"inLanguage":"fr-FR","potentialAction":[{"@type":"CommentAction","name":"Comment","target":["https:\/\/dicodusport.fr\/blog\/grand-prix-cycliste-de-montreal-adam-yates-simpose-devant-pavel-sivakov\/#respond"]}],"copyrightYear":"2023","copyrightHolder":{"@id":"https:\/\/dicodusport.fr\/blog\/#organization"}},{"@type":"WebPage","@id":"https:\/\/dicodusport.fr\/blog\/grand-prix-cycliste-de-montreal-adam-yates-simpose-devant-pavel-sivakov\/","url":"https:\/\/dicodusport.fr\/blog\/grand-prix-cycliste-de-montreal-adam-yates-simpose-devant-pavel-sivakov\/","name":"Grand Prix Cycliste de Montr\u00e9al : Adam Yates s'impose devant Pavel Sivakov","isPartOf":{"@id":"https:\/\/dicodusport.fr\/blog\/#website"},"primaryImageOfPage":{"@id":"https:\/\/dicodusport.fr\/blog\/grand-prix-cycliste-de-montreal-adam-yates-simpose-devant-pavel-sivakov\/#primaryimage"},"image":{"@id":"https:\/\/dicodusport.fr\/blog\/grand-prix-cycliste-de-montreal-adam-yates-simpose-devant-pavel-sivakov\/#primaryimage"},"thumbnailUrl":"https:\/\/dicodusport.fr\/blog\/wp-content\/uploads\/2023\/09\/Grand-Prix-Cycliste-de-Montreal-Adam-Yates-simpose-devant-Pavel-Sivakov.png","datePublished":"2023-09-10T20:15:27+00:00","dateModified":"2023-09-10T21:40:29+00:00","description":"UCI WORLD TOUR - Sous la pluie fine de Montr\u00e9al, l'Anglais Adam Yates (UAE Team Emirates), s'impose sur le Grand Prix de Montr\u00e9al.","breadcrumb":{"@id":"https:\/\/dicodusport.fr\/blog\/grand-prix-cycliste-de-montreal-adam-yates-simpose-devant-pavel-sivakov\/#breadcrumb"},"inLanguage":"fr-FR","potentialAction":[{"@type":"ReadAction","target":["https:\/\/dicodusport.fr\/blog\/grand-prix-cycliste-de-montreal-adam-yates-simpose-devant-pavel-sivakov\/"]}]},{"@type":"ImageObject","inLanguage":"fr-FR","@id":"https:\/\/dicodusport.fr\/blog\/grand-prix-cycliste-de-montreal-adam-yates-simpose-devant-pavel-sivakov\/#primaryimage","url":"https:\/\/dicodusport.fr\/blog\/wp-content\/uploads\/2023\/09\/Grand-Prix-Cycliste-de-Montreal-Adam-Yates-simpose-devant-Pavel-Sivakov.png","contentUrl":"https:\/\/dicodusport.fr\/blog\/wp-content\/uploads\/2023\/09\/Grand-Prix-Cycliste-de-Montreal-Adam-Yates-simpose-devant-Pavel-Sivakov.png","width":800,"height":445,"caption":"Grand Prix Cycliste de Montr\u00e9al Adam Yates s'impose devant Pavel Sivakov"},{"@type":"BreadcrumbList","@id":"https:\/\/dicodusport.fr\/blog\/grand-prix-cycliste-de-montreal-adam-yates-simpose-devant-pavel-sivakov\/#breadcrumb","itemListElement":[{"@type":"ListItem","position":1,"name":"Accueil","item":"https:\/\/dicodusport.fr\/blog\/"},{"@type":"ListItem","position":2,"name":"Grand Prix Cycliste de Montr\u00e9al : Adam Yates s&rsquo;impose devant Pavel Sivakov"}]},{"@type":"WebSite","@id":"https:\/\/dicodusport.fr\/blog\/#website","url":"https:\/\/dicodusport.fr\/blog\/","name":"Dicodusport","description":"L&#039;encyclop\u00e9die de l&#039;actualit\u00e9 sportive","publisher":{"@id":"https:\/\/dicodusport.fr\/blog\/#organization"},"potentialAction":[{"@type":"SearchAction","target":{"@type":"EntryPoint","urlTemplate":"https:\/\/dicodusport.fr\/blog\/?s={search_term_string}"},"query-input":{"@type":"PropertyValueSpecification","valueRequired":true,"valueName":"search_term_string"}}],"inLanguage":"fr-FR"},{"@type":"NewsMediaOrganization","@id":"https:\/\/dicodusport.fr\/blog\/#organization","name":"Dicodusport","url":"https:\/\/dicodusport.fr\/blog\/","logo":{"@type":"ImageObject","inLanguage":"fr-FR","@id":"https:\/\/dicodusport.fr\/blog\/#\/schema\/logo\/image\/","url":"https:\/\/dicodusport.fr\/blog\/wp-content\/uploads\/2020\/06\/cropped-LOGO-DICODUSPORT-2020-SANS-FOND-SANS-TEXTE.png","contentUrl":"https:\/\/dicodusport.fr\/blog\/wp-content\/uploads\/2020\/06\/cropped-LOGO-DICODUSPORT-2020-SANS-FOND-SANS-TEXTE.png","width":512,"height":512,"caption":"Dicodusport"},"image":{"@id":"https:\/\/dicodusport.fr\/blog\/#\/schema\/logo\/image\/"},"sameAs":["https:\/\/www.facebook.com\/dicodusport","https:\/\/x.com\/dicodusport","https:\/\/www.instagram.com\/dicodusport\/","https:\/\/www.youtube.com\/channel\/UC7V2KZ5sd3htJivAbA4ZG3w"],"description":"Dicodusport est l'encyclop\u00e9die de l'actualit\u00e9 sportive.","email":"bonjour@dicodusport.fr","legalName":"DICODUSPORT","foundingDate":"2018-01-14","vatID":"FR71834470973","taxID":"83447097300043","numberOfEmployees":{"@type":"QuantitativeValue","minValue":"1","maxValue":"10"}},{"@type":"Person","@id":"https:\/\/dicodusport.fr\/blog\/#\/schema\/person\/7ce262eb34bbc1847cff5f60345d4735","name":"Damien Meunier","image":{"@type":"ImageObject","inLanguage":"fr-FR","@id":"https:\/\/dicodusport.fr\/blog\/#\/schema\/person\/image\/","url":"https:\/\/secure.gravatar.com\/avatar\/dfe0549a73ac21bb20dfdf302b222ba2?s=96&d=wp_user_avatar&r=g","contentUrl":"https:\/\/secure.gravatar.com\/avatar\/dfe0549a73ac21bb20dfdf302b222ba2?s=96&d=wp_user_avatar&r=g","caption":"Damien Meunier"},"description":"Journaliste\/r\u00e9dacteur depuis d\u00e9cembre 2016 - Amateur professionnel de sport, d\u2019abord le football, j\u2019aurais pu en faire mon m\u00e9tier. Mais bon, vous savez les \u2026 non, pas les crois\u00e9s, ils vont bien eux. Juste un manque de talent, de technique et de niveau surtout. Mais cette passion est ancr\u00e9e en moi telle la pomme dans la tarte tatin. Le c\u00f4t\u00e9 suiveur\/supporter est \u00e9videmment important au quotidien, que ce soit un soir de juillet 1998 en banlieue lyonnaise ou de juillet 2018 \u00e0 Montr\u00e9al. Car oui, depuis ma France natale, j\u2019ai migr\u00e9 outre-Atlantique, au pays des caribous. L\u00e0, le football se joue \u00e0 la main et non au pied. Et surtout, la religion sportive est plut\u00f4t froide et se joue avec une crosse. Non, ce n\u2019est pas le curling ni le Lacrosse, encore que, mais le hockey sur glace. Une autre vision, une autre culture. On troque les crudit\u00e9s devant la t\u00e9l\u00e9 pour une poutine et on s\u2019installe avec notre chandail pour suivre cela. Et en moins de temps qu\u2019il ne faut pour le dire, ou la vitesse d\u2019un slap shot de McDavid ou un arr\u00eat de la mitaine de Price, j\u2019\u00e9cris sur de l\u2019actualit\u00e9 par ici mais aussi le sport f\u00e9minin, pas assez mis en avant.","sameAs":["https:\/\/x.com\/https:\/\/x.com\/DamienMeunier69"],"url":"https:\/\/dicodusport.fr\/blog\/author\/damien-m\/"}]}},"_links":{"self":[{"href":"https:\/\/dicodusport.fr\/blog\/wp-json\/wp\/v2\/posts\/417764","targetHints":{"allow":["GET"]}}],"collection":[{"href":"https:\/\/dicodusport.fr\/blog\/wp-json\/wp\/v2\/posts"}],"about":[{"href":"https:\/\/dicodusport.fr\/blog\/wp-json\/wp\/v2\/types\/post"}],"author":[{"embeddable":true,"href":"https:\/\/dicodusport.fr\/blog\/wp-json\/wp\/v2\/users\/10"}],"replies":[{"embeddable":true,"href":"https:\/\/dicodusport.fr\/blog\/wp-json\/wp\/v2\/comments?post=417764"}],"version-history":[{"count":0,"href":"https:\/\/dicodusport.fr\/blog\/wp-json\/wp\/v2\/posts\/417764\/revisions"}],"wp:featuredmedia":[{"embeddable":true,"href":"https:\/\/dicodusport.fr\/blog\/wp-json\/wp\/v2\/media\/417825"}],"wp:attachment":[{"href":"https:\/\/dicodusport.fr\/blog\/wp-json\/wp\/v2\/media?parent=417764"}],"wp:term":[{"taxonomy":"category","embeddable":true,"href":"https:\/\/dicodusport.fr\/blog\/wp-json\/wp\/v2\/categories?post=417764"},{"taxonomy":"post_tag","embeddable":true,"href":"https:\/\/dicodusport.fr\/blog\/wp-json\/wp\/v2\/tags?post=417764"}],"curies":[{"name":"wp","href":"https:\/\/api.w.org\/{rel}","templated":true}]}}