{"id":418107,"date":"2023-09-13T10:22:53","date_gmt":"2023-09-13T08:22:53","guid":{"rendered":"https:\/\/dicodusport.fr\/blog\/?p=418107&#038;preview=true&#038;preview_id=418107"},"modified":"2023-09-13T10:40:38","modified_gmt":"2023-09-13T08:40:38","slug":"franz-et-moritz-wagner-apres-le-titre-mondial-sur-le-toit-de-la-nba","status":"publish","type":"post","link":"https:\/\/dicodusport.fr\/blog\/franz-et-moritz-wagner-apres-le-titre-mondial-sur-le-toit-de-la-nba\/","title":{"rendered":"Franz et Moritz Wagner : Apr\u00e8s le titre mondial, sur le toit de la NBA ?"},"content":{"rendered":"<p align=\"justify\"><strong><i>COUPE DU MONDE DE BASKET 2023 &#8211; Franz et Moritz Wagner ont remport\u00e9 le week-end dernier le titre mondial, lors de la Coupe du monde. Tous deux joueurs au Magic d&rsquo;Orlando, ont-ils aujourd&rsquo;hui la capacit\u00e9 de porter leur franchise comme ils ont port\u00e9 leur pays pendant la comp\u00e9tition ?<\/i><\/strong><\/p>\n<p align=\"justify\"><a href=\"https:\/\/dicodusport.fr\/blog\/coupe-du-monde-de-basket-2023-lallemagne-est-championne-du-monde-en-battant-la-serbie\/\">Vainqueurs de la Coupe du monde<\/a>, <strong>Franz<\/strong> et <strong>Moritz Wagner<\/strong> se retrouveront dans quelques semaines pour le\u00a0camp d&rsquo;entra\u00eenement du Magic. Franz, plus prometteur, sera l&rsquo;une des armes principales de la franchise la saison prochaine, \u00e0 c\u00f4t\u00e9 de <strong>Paolo<\/strong> <strong>Banchero<\/strong>. De son c\u00f4t\u00e9, Moritz, ou <em>Mo<\/em>, sort du banc. L&rsquo;a\u00een\u00e9 de la famille reste toutefois un \u00e9l\u00e9ment important de la structure floridienne.<\/p>\n<h2 style=\"text-align: justify;\" align=\"justify\">Franz, num\u00e9ro 2 derri\u00e8re Banchero ?<\/h2>\n<p align=\"justify\"><a href=\"https:\/\/dicodusport.fr\/blog\/nba-paolo-banchero-magic-elu-rookie-de-lannee\/\">Le rookie Paolo Banchero<\/a> a directement pris les cl\u00e9s du <strong>Magic<\/strong>, et de son attaque. Pr\u00e9sent depuis 2021 et sa draft en 8e position cette ann\u00e9e-l\u00e0, Franz Wagner est son principal lieutenant. Alors que le <a href=\"https:\/\/dicodusport.fr\/blog\/bilan-nba-2023-orlando-tient-peut-etre-quelque-chose-de-magic\/\">Orlando Magic<\/a> a cruellement manqu\u00e9 ces derni\u00e8res ann\u00e9es d&rsquo;un fort meneur de jeu, la relation 3-4 entre Wagner et Banchero est prometteuse pour le front office d&rsquo;Orlando. Pour sa deuxi\u00e8me saison NBA, <strong>Franz Wagner<\/strong> a vu sa moyenne de points augmenter de plus de 3 points, se fixant \u00e0 18,6 points par match. Il n&rsquo;est pas inconcevable d&rsquo;imaginer qu&rsquo;il franchisse la barri\u00e8re des 20 points. Et ce, d\u00e8s la saison prochaine. Fort en d\u00e9fense comme en attaque, le joueur de 22 ans sera l&rsquo;une des armes principales de sa franchise.<\/p>\n<p align=\"justify\">Avec son <b>2,06 m<\/b>, Franz Wagner peut jouer 3 ou 4, et d\u00e9fendre sur ces deux postes. Une force dans une NBA r\u00e9gie par les ailiers. On peut rajouter dans ses qualit\u00e9s une r\u00e9gularit\u00e9 au tir, avec 48% au tir dont 36% \u00e0 3 points. Le natif de Berlin ne peut pas \u00eatre laiss\u00e9 seul derri\u00e8re la ligne. Une double casquette b\u00e9n\u00e9fique pour une \u00e9quipe ambitieuse.<\/p>\n<p align=\"justify\">Bless\u00e9 pendant une partie de la Coupe du monde, Franz Wagner n&rsquo;a pas tard\u00e9 \u00e0 se remettre en route. \u00c9lu MVP de la finale avec 19 points, 7 rebonds et 3 interceptions, il a port\u00e9 l&rsquo;\u00e9quipe allemande vers le sacre avec <a href=\"https:\/\/dicodusport.fr\/blog\/allemagne-dennis-schroder-meilleur-joueur-de-la-coupe-du-monde-et-maintenant\/\"><strong>Dennis<\/strong> <strong>Schr\u00f6der<\/strong><\/a>.<\/p>\n<div class=\"vlp-link-container vlp-layout-article\"><a href=\"https:\/\/dicodusport.fr\/blog\/allemagne-dennis-schroder-meilleur-joueur-de-la-coupe-du-monde-et-maintenant\/\" class=\"vlp-link\" title=\"Allemagne : Dennis Schr\u00f6der meilleur joueur de la Coupe du monde, et maintenant ?\"><\/a><div class=\"vlp-layout-zone-side\"><div class=\"vlp-block-4 vlp-link-image\"><img loading=\"lazy\" decoding=\"async\" style=\"max-width: 800px;\" width=\"800\" height=\"445\" src=\"https:\/\/dicodusport.fr\/blog\/wp-content\/uploads\/2023\/09\/Allemagne-Dennis-Schroder-meilleur-joueur-de-la-Coupe-du-monde-et-maintenant-.png\" class=\"attachment-800x445 size-800x445\" alt=\"Allemagne Dennis Schr\u00f6der meilleur joueur de la Coupe du monde, et maintenant\" srcset=\"https:\/\/dicodusport.fr\/blog\/wp-content\/uploads\/2023\/09\/Allemagne-Dennis-Schroder-meilleur-joueur-de-la-Coupe-du-monde-et-maintenant-.png 800w, https:\/\/dicodusport.fr\/blog\/wp-content\/uploads\/2023\/09\/Allemagne-Dennis-Schroder-meilleur-joueur-de-la-Coupe-du-monde-et-maintenant--300x167.png 300w, https:\/\/dicodusport.fr\/blog\/wp-content\/uploads\/2023\/09\/Allemagne-Dennis-Schroder-meilleur-joueur-de-la-Coupe-du-monde-et-maintenant--768x427.png 768w\" sizes=\"auto, (max-width: 800px) 100vw, 800px\" \/><\/div><\/div><div class=\"vlp-layout-zone-main\"><div class=\"vlp-block-0 vlp-link-title\">Allemagne : Dennis Schr\u00f6der meilleur joueur de la Coupe du monde, et maintenant ?<\/div><div class=\"vlp-block-1 vlp-link-summary\">COUPE DU MONDE DE BASKET 2023 - Dennis Schr\u00f6der a rayonn\u00e9 sur le basket mondial tout au long du Mondial, malgr\u00e9 une catastrophe contre la Lettonie en quarts de finale. Alors qu'il a sign\u00e9 pour les Toronto Raptors la saison prochaine, que va devenir le meneur allemand ?<\/div><div class=\"vlp-block-2 vlp-link-button\">Lire l'article<\/div><div class=\"vlp-block-3 vlp-link-url\">dicodusport.fr<\/div><\/div><\/div>\n<h2 style=\"text-align: justify;\" align=\"justify\">Mo Wagner, un role player essentiel au Magic<\/h2>\n<p align=\"justify\">\u00c0 26 ans, <strong>Mo Wagner<\/strong> a d\u00e9j\u00e0 jou\u00e9 pour quatre franchises. Draft\u00e9 par les <strong>Lakers<\/strong> en 2018, il a depuis bourlingu\u00e9, dans de nombreux transferts. Arriv\u00e9 en avril 2021 au Magic, il a, cet \u00e9t\u00e9, prolong\u00e9 pour 2 ans et 16 millions de dollars. Int\u00e9rieur de devoir, il est le plus souvent rempla\u00e7ant (31 matchs d\u00e9but\u00e9s sur les 131 jou\u00e9s). Toutefois, il joue pr\u00e8s de 18 minutes par match. La saison derni\u00e8re, le frangin Wagner a su prendre la place de pivot titulaire lors de la blessure de <strong>Wendell Carter Jr<\/strong>. Sa polyvalence sur les postes int\u00e9rieurs apporte au coach\u00a0<strong>Jamahl Mosley<\/strong> de multiples opportunit\u00e9s.<\/p>\n<h2 style=\"text-align: justify;\" align=\"justify\">Une fratrie pour porter le Magic ?<\/h2>\n<p align=\"justify\">\u00c0 l&rsquo;heure actuelle, il para\u00eet difficile de voir les fr\u00e8res Wagner mener le Magic vers les sommets. Le basket NBA est bien diff\u00e9rent de la FIBA. <em>Mo<\/em> n&rsquo;est pas un titulaire r\u00e9gulier, et Franz n&rsquo;a pas les r\u00eanes de la franchise. Cependant, leurs performances lors de la Coupe du monde ont certainement donn\u00e9 des id\u00e9es au front office floridien.<\/p>\n","protected":false},"excerpt":{"rendered":"<p>COUPE DU MONDE DE BASKET 2023 &#8211; Franz et Moritz Wagner ont remport\u00e9 le week-end dernier le titre mondial, lors de la Coupe du monde. Tous deux joueurs au Magic d&rsquo;Orlando, ont-ils aujourd&rsquo;hui la capacit\u00e9 de porter leur franchise comme ils ont port\u00e9 leur pays pendant la comp\u00e9tition ?<\/p>\n","protected":false},"author":88,"featured_media":418330,"comment_status":"open","ping_status":"closed","sticky":false,"template":"","format":"standard","meta":{"_acf_changed":false,"_daextam_enable_autolinks":"","footnotes":""},"categories":[46999,10533],"tags":[16878,1926,27938],"class_list":["post-418107","post","type-post","status-publish","format-standard","has-post-thumbnail","hentry","category-coupe-du-monde-de-basket","category-nba","tag-breve","tag-orlando-magic","tag-paolo-banchero"],"acf":[],"yoast_head":"<!-- This site is optimized with the Yoast SEO Premium plugin v26.7 (Yoast SEO v26.7) - https:\/\/yoast.com\/wordpress\/plugins\/seo\/ -->\n<title>Basket : les fr\u00e8res Wagner peuvent-ils faire briller le Magic d&#039;Orlando ?<\/title>\n<meta name=\"description\" content=\"Franz et Moritz Wagner ont remport\u00e9 le week-end dernier la m\u00e9daille d&#039;or de la Coupe du monde. Peuvent-ils porter le Magic la saison prochaine ?\" \/>\n<meta name=\"robots\" content=\"index, follow, max-snippet:-1, max-image-preview:large, max-video-preview:-1\" \/>\n<link rel=\"canonical\" href=\"https:\/\/dicodusport.fr\/blog\/franz-et-moritz-wagner-apres-le-titre-mondial-sur-le-toit-de-la-nba\/\" \/>\n<meta property=\"og:locale\" content=\"fr_FR\" \/>\n<meta property=\"og:type\" content=\"article\" \/>\n<meta property=\"og:title\" content=\"Franz et Moritz Wagner : Apr\u00e8s le titre mondial, sur le toit de la NBA ?\" \/>\n<meta property=\"og:description\" content=\"Franz et Moritz Wagner ont remport\u00e9 le week-end dernier la m\u00e9daille d&#039;or de la Coupe du monde. Peuvent-ils porter le Magic la saison prochaine ?\" \/>\n<meta property=\"og:url\" content=\"https:\/\/dicodusport.fr\/blog\/franz-et-moritz-wagner-apres-le-titre-mondial-sur-le-toit-de-la-nba\/\" \/>\n<meta property=\"og:site_name\" content=\"Dicodusport\" \/>\n<meta property=\"article:publisher\" content=\"https:\/\/www.facebook.com\/dicodusport\" \/>\n<meta property=\"article:published_time\" content=\"2023-09-13T08:22:53+00:00\" \/>\n<meta property=\"article:modified_time\" content=\"2023-09-13T08:40:38+00:00\" \/>\n<meta property=\"og:image\" content=\"https:\/\/dicodusport.fr\/blog\/wp-content\/uploads\/2023\/09\/Franz-et-Moritz-Wagner-Apres-le-titre-mondial-sur-le-toit-de-la-NBA-.png\" \/>\n\t<meta property=\"og:image:width\" content=\"800\" \/>\n\t<meta property=\"og:image:height\" content=\"445\" \/>\n\t<meta property=\"og:image:type\" content=\"image\/png\" \/>\n<meta name=\"author\" content=\"Paul Lalevee\" \/>\n<meta name=\"twitter:card\" content=\"summary_large_image\" \/>\n<meta name=\"twitter:title\" content=\"Franz et Moritz Wagner : Apr\u00e8s le titre mondial, sur le toit de la NBA ?\" \/>\n<meta name=\"twitter:creator\" content=\"@dicodusport\" \/>\n<meta name=\"twitter:site\" content=\"@dicodusport\" \/>\n<script type=\"application\/ld+json\" class=\"yoast-schema-graph\">{\"@context\":\"https:\/\/schema.org\",\"@graph\":[{\"@type\":\"NewsArticle\",\"@id\":\"https:\/\/dicodusport.fr\/blog\/franz-et-moritz-wagner-apres-le-titre-mondial-sur-le-toit-de-la-nba\/#article\",\"isPartOf\":{\"@id\":\"https:\/\/dicodusport.fr\/blog\/franz-et-moritz-wagner-apres-le-titre-mondial-sur-le-toit-de-la-nba\/\"},\"author\":{\"name\":\"Paul Lalevee\",\"@id\":\"https:\/\/dicodusport.fr\/blog\/#\/schema\/person\/1eaa63dfac40b5e5c47f03a71920c1cd\"},\"headline\":\"Franz et Moritz Wagner : Apr\u00e8s le titre mondial, sur le toit de la NBA ?\",\"datePublished\":\"2023-09-13T08:22:53+00:00\",\"dateModified\":\"2023-09-13T08:40:38+00:00\",\"mainEntityOfPage\":{\"@id\":\"https:\/\/dicodusport.fr\/blog\/franz-et-moritz-wagner-apres-le-titre-mondial-sur-le-toit-de-la-nba\/\"},\"wordCount\":669,\"commentCount\":0,\"publisher\":{\"@id\":\"https:\/\/dicodusport.fr\/blog\/#organization\"},\"image\":{\"@id\":\"https:\/\/dicodusport.fr\/blog\/franz-et-moritz-wagner-apres-le-titre-mondial-sur-le-toit-de-la-nba\/#primaryimage\"},\"thumbnailUrl\":\"https:\/\/dicodusport.fr\/blog\/wp-content\/uploads\/2023\/09\/Franz-et-Moritz-Wagner-Apres-le-titre-mondial-sur-le-toit-de-la-NBA-.png\",\"keywords\":[\"br\u00e8ve\",\"Orlando Magic\",\"Paolo Banchero\"],\"articleSection\":[\"Coupe du monde de basket\",\"NBA\"],\"inLanguage\":\"fr-FR\",\"potentialAction\":[{\"@type\":\"CommentAction\",\"name\":\"Comment\",\"target\":[\"https:\/\/dicodusport.fr\/blog\/franz-et-moritz-wagner-apres-le-titre-mondial-sur-le-toit-de-la-nba\/#respond\"]}],\"copyrightYear\":\"2023\",\"copyrightHolder\":{\"@id\":\"https:\/\/dicodusport.fr\/blog\/#organization\"}},{\"@type\":\"WebPage\",\"@id\":\"https:\/\/dicodusport.fr\/blog\/franz-et-moritz-wagner-apres-le-titre-mondial-sur-le-toit-de-la-nba\/\",\"url\":\"https:\/\/dicodusport.fr\/blog\/franz-et-moritz-wagner-apres-le-titre-mondial-sur-le-toit-de-la-nba\/\",\"name\":\"Basket : les fr\u00e8res Wagner peuvent-ils faire briller le Magic d'Orlando ?\",\"isPartOf\":{\"@id\":\"https:\/\/dicodusport.fr\/blog\/#website\"},\"primaryImageOfPage\":{\"@id\":\"https:\/\/dicodusport.fr\/blog\/franz-et-moritz-wagner-apres-le-titre-mondial-sur-le-toit-de-la-nba\/#primaryimage\"},\"image\":{\"@id\":\"https:\/\/dicodusport.fr\/blog\/franz-et-moritz-wagner-apres-le-titre-mondial-sur-le-toit-de-la-nba\/#primaryimage\"},\"thumbnailUrl\":\"https:\/\/dicodusport.fr\/blog\/wp-content\/uploads\/2023\/09\/Franz-et-Moritz-Wagner-Apres-le-titre-mondial-sur-le-toit-de-la-NBA-.png\",\"datePublished\":\"2023-09-13T08:22:53+00:00\",\"dateModified\":\"2023-09-13T08:40:38+00:00\",\"description\":\"Franz et Moritz Wagner ont remport\u00e9 le week-end dernier la m\u00e9daille d'or de la Coupe du monde. Peuvent-ils porter le Magic la saison prochaine ?\",\"breadcrumb\":{\"@id\":\"https:\/\/dicodusport.fr\/blog\/franz-et-moritz-wagner-apres-le-titre-mondial-sur-le-toit-de-la-nba\/#breadcrumb\"},\"inLanguage\":\"fr-FR\",\"potentialAction\":[{\"@type\":\"ReadAction\",\"target\":[\"https:\/\/dicodusport.fr\/blog\/franz-et-moritz-wagner-apres-le-titre-mondial-sur-le-toit-de-la-nba\/\"]}]},{\"@type\":\"ImageObject\",\"inLanguage\":\"fr-FR\",\"@id\":\"https:\/\/dicodusport.fr\/blog\/franz-et-moritz-wagner-apres-le-titre-mondial-sur-le-toit-de-la-nba\/#primaryimage\",\"url\":\"https:\/\/dicodusport.fr\/blog\/wp-content\/uploads\/2023\/09\/Franz-et-Moritz-Wagner-Apres-le-titre-mondial-sur-le-toit-de-la-NBA-.png\",\"contentUrl\":\"https:\/\/dicodusport.fr\/blog\/wp-content\/uploads\/2023\/09\/Franz-et-Moritz-Wagner-Apres-le-titre-mondial-sur-le-toit-de-la-NBA-.png\",\"width\":800,\"height\":445,\"caption\":\"Franz et Moritz Wagner Apr\u00e8s le titre mondial, sur le toit de la NBA\"},{\"@type\":\"BreadcrumbList\",\"@id\":\"https:\/\/dicodusport.fr\/blog\/franz-et-moritz-wagner-apres-le-titre-mondial-sur-le-toit-de-la-nba\/#breadcrumb\",\"itemListElement\":[{\"@type\":\"ListItem\",\"position\":1,\"name\":\"Accueil\",\"item\":\"https:\/\/dicodusport.fr\/blog\/\"},{\"@type\":\"ListItem\",\"position\":2,\"name\":\"Franz et Moritz Wagner : Apr\u00e8s le titre mondial, sur le toit de la NBA ?\"}]},{\"@type\":\"WebSite\",\"@id\":\"https:\/\/dicodusport.fr\/blog\/#website\",\"url\":\"https:\/\/dicodusport.fr\/blog\/\",\"name\":\"Dicodusport\",\"description\":\"L&#039;encyclop\u00e9die de l&#039;actualit\u00e9 sportive\",\"publisher\":{\"@id\":\"https:\/\/dicodusport.fr\/blog\/#organization\"},\"potentialAction\":[{\"@type\":\"SearchAction\",\"target\":{\"@type\":\"EntryPoint\",\"urlTemplate\":\"https:\/\/dicodusport.fr\/blog\/?s={search_term_string}\"},\"query-input\":{\"@type\":\"PropertyValueSpecification\",\"valueRequired\":true,\"valueName\":\"search_term_string\"}}],\"inLanguage\":\"fr-FR\"},{\"@type\":\"NewsMediaOrganization\",\"@id\":\"https:\/\/dicodusport.fr\/blog\/#organization\",\"name\":\"Dicodusport\",\"url\":\"https:\/\/dicodusport.fr\/blog\/\",\"logo\":{\"@type\":\"ImageObject\",\"inLanguage\":\"fr-FR\",\"@id\":\"https:\/\/dicodusport.fr\/blog\/#\/schema\/logo\/image\/\",\"url\":\"https:\/\/dicodusport.fr\/blog\/wp-content\/uploads\/2020\/06\/cropped-LOGO-DICODUSPORT-2020-SANS-FOND-SANS-TEXTE.png\",\"contentUrl\":\"https:\/\/dicodusport.fr\/blog\/wp-content\/uploads\/2020\/06\/cropped-LOGO-DICODUSPORT-2020-SANS-FOND-SANS-TEXTE.png\",\"width\":512,\"height\":512,\"caption\":\"Dicodusport\"},\"image\":{\"@id\":\"https:\/\/dicodusport.fr\/blog\/#\/schema\/logo\/image\/\"},\"sameAs\":[\"https:\/\/www.facebook.com\/dicodusport\",\"https:\/\/x.com\/dicodusport\",\"https:\/\/www.instagram.com\/dicodusport\/\",\"https:\/\/www.youtube.com\/channel\/UC7V2KZ5sd3htJivAbA4ZG3w\"],\"description\":\"Dicodusport est l'encyclop\u00e9die de l'actualit\u00e9 sportive.\",\"email\":\"bonjour@dicodusport.fr\",\"legalName\":\"DICODUSPORT\",\"foundingDate\":\"2018-01-14\",\"vatID\":\"FR71834470973\",\"taxID\":\"83447097300043\",\"numberOfEmployees\":{\"@type\":\"QuantitativeValue\",\"minValue\":\"1\",\"maxValue\":\"10\"}},{\"@type\":\"Person\",\"@id\":\"https:\/\/dicodusport.fr\/blog\/#\/schema\/person\/1eaa63dfac40b5e5c47f03a71920c1cd\",\"name\":\"Paul Lalevee\",\"image\":{\"@type\":\"ImageObject\",\"inLanguage\":\"fr-FR\",\"@id\":\"https:\/\/dicodusport.fr\/blog\/#\/schema\/person\/image\/\",\"url\":\"https:\/\/dicodusport.fr\/blog\/wp-content\/uploads\/2023\/10\/291154246_1690604071293245_3118259335115946499_n-150x150.jpg\",\"contentUrl\":\"https:\/\/dicodusport.fr\/blog\/wp-content\/uploads\/2023\/10\/291154246_1690604071293245_3118259335115946499_n-150x150.jpg\",\"caption\":\"Paul Lalevee\"},\"description\":\"La bulle Disney pendant le Covid, le Tour 2019, la Coupe du monde 2018. Ces trois \u00e9v\u00e9nements majeurs sont ancr\u00e9s dans ma t\u00eate de fan de sport, n\u00e9gativement ou positivement. Passionn\u00e9 de sport depuis l'enfance, j'ai d\u00e9cid\u00e9 de mettre ma passion de l'\u00e9criture au service de cette premi\u00e8re passion.\",\"url\":\"https:\/\/dicodusport.fr\/blog\/author\/paul-lalevee\/\"}]}<\/script>\n<!-- \/ Yoast SEO Premium plugin. -->","yoast_head_json":{"title":"Basket : les fr\u00e8res Wagner peuvent-ils faire briller le Magic d'Orlando ?","description":"Franz et Moritz Wagner ont remport\u00e9 le week-end dernier la m\u00e9daille d'or de la Coupe du monde. Peuvent-ils porter le Magic la saison prochaine ?","robots":{"index":"index","follow":"follow","max-snippet":"max-snippet:-1","max-image-preview":"max-image-preview:large","max-video-preview":"max-video-preview:-1"},"canonical":"https:\/\/dicodusport.fr\/blog\/franz-et-moritz-wagner-apres-le-titre-mondial-sur-le-toit-de-la-nba\/","og_locale":"fr_FR","og_type":"article","og_title":"Franz et Moritz Wagner : Apr\u00e8s le titre mondial, sur le toit de la NBA ?","og_description":"Franz et Moritz Wagner ont remport\u00e9 le week-end dernier la m\u00e9daille d'or de la Coupe du monde. Peuvent-ils porter le Magic la saison prochaine ?","og_url":"https:\/\/dicodusport.fr\/blog\/franz-et-moritz-wagner-apres-le-titre-mondial-sur-le-toit-de-la-nba\/","og_site_name":"Dicodusport","article_publisher":"https:\/\/www.facebook.com\/dicodusport","article_published_time":"2023-09-13T08:22:53+00:00","article_modified_time":"2023-09-13T08:40:38+00:00","og_image":[{"width":800,"height":445,"url":"https:\/\/dicodusport.fr\/blog\/wp-content\/uploads\/2023\/09\/Franz-et-Moritz-Wagner-Apres-le-titre-mondial-sur-le-toit-de-la-NBA-.png","type":"image\/png"}],"author":"Paul Lalevee","twitter_card":"summary_large_image","twitter_title":"Franz et Moritz Wagner : Apr\u00e8s le titre mondial, sur le toit de la NBA ?","twitter_creator":"@dicodusport","twitter_site":"@dicodusport","schema":{"@context":"https:\/\/schema.org","@graph":[{"@type":"NewsArticle","@id":"https:\/\/dicodusport.fr\/blog\/franz-et-moritz-wagner-apres-le-titre-mondial-sur-le-toit-de-la-nba\/#article","isPartOf":{"@id":"https:\/\/dicodusport.fr\/blog\/franz-et-moritz-wagner-apres-le-titre-mondial-sur-le-toit-de-la-nba\/"},"author":{"name":"Paul Lalevee","@id":"https:\/\/dicodusport.fr\/blog\/#\/schema\/person\/1eaa63dfac40b5e5c47f03a71920c1cd"},"headline":"Franz et Moritz Wagner : Apr\u00e8s le titre mondial, sur le toit de la NBA ?","datePublished":"2023-09-13T08:22:53+00:00","dateModified":"2023-09-13T08:40:38+00:00","mainEntityOfPage":{"@id":"https:\/\/dicodusport.fr\/blog\/franz-et-moritz-wagner-apres-le-titre-mondial-sur-le-toit-de-la-nba\/"},"wordCount":669,"commentCount":0,"publisher":{"@id":"https:\/\/dicodusport.fr\/blog\/#organization"},"image":{"@id":"https:\/\/dicodusport.fr\/blog\/franz-et-moritz-wagner-apres-le-titre-mondial-sur-le-toit-de-la-nba\/#primaryimage"},"thumbnailUrl":"https:\/\/dicodusport.fr\/blog\/wp-content\/uploads\/2023\/09\/Franz-et-Moritz-Wagner-Apres-le-titre-mondial-sur-le-toit-de-la-NBA-.png","keywords":["br\u00e8ve","Orlando Magic","Paolo Banchero"],"articleSection":["Coupe du monde de basket","NBA"],"inLanguage":"fr-FR","potentialAction":[{"@type":"CommentAction","name":"Comment","target":["https:\/\/dicodusport.fr\/blog\/franz-et-moritz-wagner-apres-le-titre-mondial-sur-le-toit-de-la-nba\/#respond"]}],"copyrightYear":"2023","copyrightHolder":{"@id":"https:\/\/dicodusport.fr\/blog\/#organization"}},{"@type":"WebPage","@id":"https:\/\/dicodusport.fr\/blog\/franz-et-moritz-wagner-apres-le-titre-mondial-sur-le-toit-de-la-nba\/","url":"https:\/\/dicodusport.fr\/blog\/franz-et-moritz-wagner-apres-le-titre-mondial-sur-le-toit-de-la-nba\/","name":"Basket : les fr\u00e8res Wagner peuvent-ils faire briller le Magic d'Orlando ?","isPartOf":{"@id":"https:\/\/dicodusport.fr\/blog\/#website"},"primaryImageOfPage":{"@id":"https:\/\/dicodusport.fr\/blog\/franz-et-moritz-wagner-apres-le-titre-mondial-sur-le-toit-de-la-nba\/#primaryimage"},"image":{"@id":"https:\/\/dicodusport.fr\/blog\/franz-et-moritz-wagner-apres-le-titre-mondial-sur-le-toit-de-la-nba\/#primaryimage"},"thumbnailUrl":"https:\/\/dicodusport.fr\/blog\/wp-content\/uploads\/2023\/09\/Franz-et-Moritz-Wagner-Apres-le-titre-mondial-sur-le-toit-de-la-NBA-.png","datePublished":"2023-09-13T08:22:53+00:00","dateModified":"2023-09-13T08:40:38+00:00","description":"Franz et Moritz Wagner ont remport\u00e9 le week-end dernier la m\u00e9daille d'or de la Coupe du monde. Peuvent-ils porter le Magic la saison prochaine ?","breadcrumb":{"@id":"https:\/\/dicodusport.fr\/blog\/franz-et-moritz-wagner-apres-le-titre-mondial-sur-le-toit-de-la-nba\/#breadcrumb"},"inLanguage":"fr-FR","potentialAction":[{"@type":"ReadAction","target":["https:\/\/dicodusport.fr\/blog\/franz-et-moritz-wagner-apres-le-titre-mondial-sur-le-toit-de-la-nba\/"]}]},{"@type":"ImageObject","inLanguage":"fr-FR","@id":"https:\/\/dicodusport.fr\/blog\/franz-et-moritz-wagner-apres-le-titre-mondial-sur-le-toit-de-la-nba\/#primaryimage","url":"https:\/\/dicodusport.fr\/blog\/wp-content\/uploads\/2023\/09\/Franz-et-Moritz-Wagner-Apres-le-titre-mondial-sur-le-toit-de-la-NBA-.png","contentUrl":"https:\/\/dicodusport.fr\/blog\/wp-content\/uploads\/2023\/09\/Franz-et-Moritz-Wagner-Apres-le-titre-mondial-sur-le-toit-de-la-NBA-.png","width":800,"height":445,"caption":"Franz et Moritz Wagner Apr\u00e8s le titre mondial, sur le toit de la NBA"},{"@type":"BreadcrumbList","@id":"https:\/\/dicodusport.fr\/blog\/franz-et-moritz-wagner-apres-le-titre-mondial-sur-le-toit-de-la-nba\/#breadcrumb","itemListElement":[{"@type":"ListItem","position":1,"name":"Accueil","item":"https:\/\/dicodusport.fr\/blog\/"},{"@type":"ListItem","position":2,"name":"Franz et Moritz Wagner : Apr\u00e8s le titre mondial, sur le toit de la NBA ?"}]},{"@type":"WebSite","@id":"https:\/\/dicodusport.fr\/blog\/#website","url":"https:\/\/dicodusport.fr\/blog\/","name":"Dicodusport","description":"L&#039;encyclop\u00e9die de l&#039;actualit\u00e9 sportive","publisher":{"@id":"https:\/\/dicodusport.fr\/blog\/#organization"},"potentialAction":[{"@type":"SearchAction","target":{"@type":"EntryPoint","urlTemplate":"https:\/\/dicodusport.fr\/blog\/?s={search_term_string}"},"query-input":{"@type":"PropertyValueSpecification","valueRequired":true,"valueName":"search_term_string"}}],"inLanguage":"fr-FR"},{"@type":"NewsMediaOrganization","@id":"https:\/\/dicodusport.fr\/blog\/#organization","name":"Dicodusport","url":"https:\/\/dicodusport.fr\/blog\/","logo":{"@type":"ImageObject","inLanguage":"fr-FR","@id":"https:\/\/dicodusport.fr\/blog\/#\/schema\/logo\/image\/","url":"https:\/\/dicodusport.fr\/blog\/wp-content\/uploads\/2020\/06\/cropped-LOGO-DICODUSPORT-2020-SANS-FOND-SANS-TEXTE.png","contentUrl":"https:\/\/dicodusport.fr\/blog\/wp-content\/uploads\/2020\/06\/cropped-LOGO-DICODUSPORT-2020-SANS-FOND-SANS-TEXTE.png","width":512,"height":512,"caption":"Dicodusport"},"image":{"@id":"https:\/\/dicodusport.fr\/blog\/#\/schema\/logo\/image\/"},"sameAs":["https:\/\/www.facebook.com\/dicodusport","https:\/\/x.com\/dicodusport","https:\/\/www.instagram.com\/dicodusport\/","https:\/\/www.youtube.com\/channel\/UC7V2KZ5sd3htJivAbA4ZG3w"],"description":"Dicodusport est l'encyclop\u00e9die de l'actualit\u00e9 sportive.","email":"bonjour@dicodusport.fr","legalName":"DICODUSPORT","foundingDate":"2018-01-14","vatID":"FR71834470973","taxID":"83447097300043","numberOfEmployees":{"@type":"QuantitativeValue","minValue":"1","maxValue":"10"}},{"@type":"Person","@id":"https:\/\/dicodusport.fr\/blog\/#\/schema\/person\/1eaa63dfac40b5e5c47f03a71920c1cd","name":"Paul Lalevee","image":{"@type":"ImageObject","inLanguage":"fr-FR","@id":"https:\/\/dicodusport.fr\/blog\/#\/schema\/person\/image\/","url":"https:\/\/dicodusport.fr\/blog\/wp-content\/uploads\/2023\/10\/291154246_1690604071293245_3118259335115946499_n-150x150.jpg","contentUrl":"https:\/\/dicodusport.fr\/blog\/wp-content\/uploads\/2023\/10\/291154246_1690604071293245_3118259335115946499_n-150x150.jpg","caption":"Paul Lalevee"},"description":"La bulle Disney pendant le Covid, le Tour 2019, la Coupe du monde 2018. Ces trois \u00e9v\u00e9nements majeurs sont ancr\u00e9s dans ma t\u00eate de fan de sport, n\u00e9gativement ou positivement. Passionn\u00e9 de sport depuis l'enfance, j'ai d\u00e9cid\u00e9 de mettre ma passion de l'\u00e9criture au service de cette premi\u00e8re passion.","url":"https:\/\/dicodusport.fr\/blog\/author\/paul-lalevee\/"}]}},"_links":{"self":[{"href":"https:\/\/dicodusport.fr\/blog\/wp-json\/wp\/v2\/posts\/418107","targetHints":{"allow":["GET"]}}],"collection":[{"href":"https:\/\/dicodusport.fr\/blog\/wp-json\/wp\/v2\/posts"}],"about":[{"href":"https:\/\/dicodusport.fr\/blog\/wp-json\/wp\/v2\/types\/post"}],"author":[{"embeddable":true,"href":"https:\/\/dicodusport.fr\/blog\/wp-json\/wp\/v2\/users\/88"}],"replies":[{"embeddable":true,"href":"https:\/\/dicodusport.fr\/blog\/wp-json\/wp\/v2\/comments?post=418107"}],"version-history":[{"count":0,"href":"https:\/\/dicodusport.fr\/blog\/wp-json\/wp\/v2\/posts\/418107\/revisions"}],"wp:featuredmedia":[{"embeddable":true,"href":"https:\/\/dicodusport.fr\/blog\/wp-json\/wp\/v2\/media\/418330"}],"wp:attachment":[{"href":"https:\/\/dicodusport.fr\/blog\/wp-json\/wp\/v2\/media?parent=418107"}],"wp:term":[{"taxonomy":"category","embeddable":true,"href":"https:\/\/dicodusport.fr\/blog\/wp-json\/wp\/v2\/categories?post=418107"},{"taxonomy":"post_tag","embeddable":true,"href":"https:\/\/dicodusport.fr\/blog\/wp-json\/wp\/v2\/tags?post=418107"}],"curies":[{"name":"wp","href":"https:\/\/api.w.org\/{rel}","templated":true}]}}