{"id":41861,"date":"2019-06-24T10:44:39","date_gmt":"2019-06-24T08:44:39","guid":{"rendered":"http:\/\/dicodusport.fr\/blog\/?p=41861"},"modified":"2020-11-10T20:01:01","modified_gmt":"2020-11-10T19:01:01","slug":"f1-2019-les-5-images-fortes-du-grand-prix-de-france","status":"publish","type":"post","link":"https:\/\/dicodusport.fr\/blog\/f1-2019-les-5-images-fortes-du-grand-prix-de-france\/","title":{"rendered":"F1 2019 : les 5 images fortes du Grand Prix de France"},"content":{"rendered":"<p style=\"text-align: justify;\"><em><strong>La saison de <a href=\"https:\/\/dicodusport.fr\/blog\/formule-1-les-10-voitures-pour-la-saison-2019-en-images\/\" target=\"_blank\" rel=\"noopener noreferrer\">Formule 1<\/a> continuait en France pour le huiti\u00e8me Grand Prix de l&rsquo;ann\u00e9e. <a href=\"https:\/\/dicodusport.fr\/blog\/f1-grand-prix-de-france-lewis-hamilton-s-impose-sans-trembler\/\" target=\"_blank\" rel=\"noopener noreferrer\">Lewis Hamilton a une nouvelle fois \u00e9cras\u00e9 la course, aucun de ses adversaires n&rsquo;\u00e9tait en mesure de lui disputer la victoire<\/a>. Retrouvez les 5 images fortes du week-end au Castellet.<br \/>\n<\/strong><\/em><\/p>\n<h1 style=\"text-align: justify;\">Un OVNI au Grand Prix de France<\/h1>\n<p>https:\/\/twitter.com\/F1\/status\/1142830926117789696<\/p>\n<p>&nbsp;<\/p>\n<h1 style=\"text-align: justify;\">Pour la derni\u00e8re place, il y a eu bagarre<\/h1>\n<p><span class=\"e0Uuma5OybfXYEs67Pz4wj2K8hpqDvFStJxiWgNkITMldA1L\"><\/p>\n<blockquote class=\"twitter-tweet\" data-width=\"550\" data-dnt=\"true\">\n<p lang=\"en\" dir=\"ltr\">&quot;I had fun out there battling with Robert,&quot; says Williams&#39; George Russell &gt;&gt; <a href=\"https:\/\/t.co\/KLOX5AlXfn\">https:\/\/t.co\/KLOX5AlXfn<\/a> <a href=\"https:\/\/t.co\/9Op9l8mXlG\">pic.twitter.com\/9Op9l8mXlG<\/a><\/p>\n<p>&mdash; Formula 1 (@F1) <a href=\"https:\/\/twitter.com\/F1\/status\/1142903907833847810?ref_src=twsrc%5Etfw\">June 23, 2019<\/a><\/p><\/blockquote>\n<p><script async src=\"https:\/\/platform.twitter.com\/widgets.js\" charset=\"utf-8\"><\/script><\/span><\/p>\n<h2><\/h2>\n<h1 style=\"text-align: justify;\">Quand Jackie Stewart branche Charles Leclerc<\/h1>\n<p>https:\/\/twitter.com\/F1\/status\/1142866158699368448<\/p>\n<h2><\/h2>\n<h1 style=\"text-align: justify;\">La bataille pour la 7\u00e8me place dans le dernier tour<\/h1>\n<p><span class=\"IZ8fS1hviRatdMeOLmrVX5JHNUsW9BDEjuCApc7T2n6GyYP0z\"><\/p>\n<blockquote class=\"twitter-tweet\" data-width=\"550\" data-dnt=\"true\">\n<p lang=\"en\" dir=\"ltr\">Late drama in the battle for points, with P7 the prize on the final lap \ud83d\udc40 \ud83c\udf7f<\/p>\n<p>Norris v Ricciardo v Raikkonen v Hulkenberg <a href=\"https:\/\/twitter.com\/hashtag\/F1?src=hash&amp;ref_src=twsrc%5Etfw\">#F1<\/a> <a href=\"https:\/\/twitter.com\/hashtag\/FrenchGP?src=hash&amp;ref_src=twsrc%5Etfw\">#FrenchGP<\/a> \ud83c\uddeb\ud83c\uddf7 <a href=\"https:\/\/t.co\/u9PCJYJbk0\">pic.twitter.com\/u9PCJYJbk0<\/a><\/p>\n<p>&mdash; Formula 1 (@F1) <a href=\"https:\/\/twitter.com\/F1\/status\/1142822260593569792?ref_src=twsrc%5Etfw\">June 23, 2019<\/a><\/p><\/blockquote>\n<p><script async src=\"https:\/\/platform.twitter.com\/widgets.js\" charset=\"utf-8\"><\/script><\/span><\/p>\n<h2><\/h2>\n<h1 style=\"text-align: justify;\">Une tribune pleine pour ce deuxi\u00e8me Grand Prix de France cons\u00e9cutif<\/h1>\n<p>https:\/\/twitter.com\/F1\/status\/1142780823474753538<\/p>\n<p><em style=\"font-family: -apple-system, BlinkMacSystemFont, 'Segoe UI', Roboto, Oxygen-Sans, Ubuntu, Cantarell, 'Helvetica Neue', sans-serif;\"><strong>Nicolas Jacquemard<br \/>\n<\/strong><\/em><a style=\"font-family: -apple-system, BlinkMacSystemFont, 'Segoe UI', Roboto, Oxygen-Sans, Ubuntu, Cantarell, 'Helvetica Neue', sans-serif;\" href=\"https:\/\/twitter.com\/Nico_Jacquemard\" target=\"_blank\" rel=\"noopener noreferrer\"><img loading=\"lazy\" decoding=\"async\" class=\"alignnone wp-image-2908\" src=\"http:\/\/dicodusport.fr\/blog\/wp-content\/uploads\/2017\/07\/logo-twitter-150x150.png\" alt=\"\" width=\"39\" height=\"39\" \/><\/a><a style=\"font-family: -apple-system, BlinkMacSystemFont, 'Segoe UI', Roboto, Oxygen-Sans, Ubuntu, Cantarell, 'Helvetica Neue', sans-serif;\" href=\"https:\/\/www.facebook.com\/dicodusport\/\" target=\"_blank\" rel=\"noopener noreferrer\"><img loading=\"lazy\" decoding=\"async\" class=\"alignnone wp-image-2909\" src=\"http:\/\/dicodusport.fr\/blog\/wp-content\/uploads\/2017\/07\/logo-facebook-150x150.png\" alt=\"\" width=\"40\" height=\"40\" \/><\/a><\/p>\n","protected":false},"excerpt":{"rendered":"<p>La saison de Formule 1 continuait en France pour le huiti\u00e8me Grand Prix de l&rsquo;ann\u00e9e. Lewis Hamilton a une nouvelle fois \u00e9cras\u00e9 la course, aucun de ses adversaires n&rsquo;\u00e9tait en mesure de lui disputer la victoire.<\/p>\n","protected":false},"author":1,"featured_media":41872,"comment_status":"open","ping_status":"closed","sticky":false,"template":"","format":"standard","meta":{"_acf_changed":false,"_daextam_enable_autolinks":"","footnotes":""},"categories":[2,8653,2312],"tags":[3166,2065,30,4899],"class_list":["post-41861","post","type-post","status-publish","format-standard","has-post-thumbnail","hentry","category-actualites","category-formule-1","category-sports-mecaniques","tag-f1","tag-formule-1","tag-france","tag-grand-prix-de-france"],"acf":[],"yoast_head":"<!-- This site is optimized with the Yoast SEO Premium plugin v26.7 (Yoast SEO v26.7) - https:\/\/yoast.com\/wordpress\/plugins\/seo\/ -->\n<title>F1 2019 : les 5 images fortes du Grand Prix de France<\/title>\n<meta name=\"description\" content=\"Lewis Hamilton a une nouvelle fois \u00e9cras\u00e9 la course au Grand Prix de France. Retrouvez les cinq images fortes du week-end au Castellet.\" \/>\n<meta name=\"robots\" content=\"index, follow, max-snippet:-1, max-image-preview:large, max-video-preview:-1\" \/>\n<link rel=\"canonical\" href=\"https:\/\/dicodusport.fr\/blog\/f1-2019-les-5-images-fortes-du-grand-prix-de-france\/\" \/>\n<meta property=\"og:locale\" content=\"fr_FR\" \/>\n<meta property=\"og:type\" content=\"article\" \/>\n<meta property=\"og:title\" content=\"F1 2019 : les 5 images fortes du Grand Prix de France\" \/>\n<meta property=\"og:description\" content=\"Lewis Hamilton a une nouvelle fois \u00e9cras\u00e9 la course au Grand Prix de France. Retrouvez les cinq images fortes du week-end au Castellet.\" \/>\n<meta property=\"og:url\" content=\"https:\/\/dicodusport.fr\/blog\/f1-2019-les-5-images-fortes-du-grand-prix-de-france\/\" \/>\n<meta property=\"og:site_name\" content=\"Dicodusport\" \/>\n<meta property=\"article:publisher\" content=\"https:\/\/www.facebook.com\/dicodusport\" \/>\n<meta property=\"article:author\" content=\"https:\/\/www.facebook.com\/dicodusport\" \/>\n<meta property=\"article:published_time\" content=\"2019-06-24T08:44:39+00:00\" \/>\n<meta property=\"article:modified_time\" content=\"2020-11-10T19:01:01+00:00\" \/>\n<meta property=\"og:image\" content=\"https:\/\/dicodusport.fr\/blog\/wp-content\/uploads\/2019\/06\/5-images-fortes-Grand-Prix-de-France-2019.png\" \/>\n\t<meta property=\"og:image:width\" content=\"800\" \/>\n\t<meta property=\"og:image:height\" content=\"445\" \/>\n\t<meta property=\"og:image:type\" content=\"image\/png\" \/>\n<meta name=\"author\" content=\"Nicolas Jacquemard\" \/>\n<meta name=\"twitter:card\" content=\"summary_large_image\" \/>\n<meta name=\"twitter:title\" content=\"F1 2019 : les 5 images fortes du Grand Prix de France\" \/>\n<meta name=\"twitter:creator\" content=\"@https:\/\/twitter.com\/Nico_Jacquemard\" \/>\n<meta name=\"twitter:site\" content=\"@dicodusport\" \/>\n<script type=\"application\/ld+json\" class=\"yoast-schema-graph\">{\"@context\":\"https:\/\/schema.org\",\"@graph\":[{\"@type\":\"NewsArticle\",\"@id\":\"https:\/\/dicodusport.fr\/blog\/f1-2019-les-5-images-fortes-du-grand-prix-de-france\/#article\",\"isPartOf\":{\"@id\":\"https:\/\/dicodusport.fr\/blog\/f1-2019-les-5-images-fortes-du-grand-prix-de-france\/\"},\"author\":{\"name\":\"Nicolas Jacquemard\",\"@id\":\"https:\/\/dicodusport.fr\/blog\/#\/schema\/person\/55dcb50ad410894e431ed812bbb70191\"},\"headline\":\"F1 2019 : les 5 images fortes du Grand Prix de France\",\"datePublished\":\"2019-06-24T08:44:39+00:00\",\"dateModified\":\"2020-11-10T19:01:01+00:00\",\"mainEntityOfPage\":{\"@id\":\"https:\/\/dicodusport.fr\/blog\/f1-2019-les-5-images-fortes-du-grand-prix-de-france\/\"},\"wordCount\":130,\"commentCount\":0,\"publisher\":{\"@id\":\"https:\/\/dicodusport.fr\/blog\/#organization\"},\"image\":{\"@id\":\"https:\/\/dicodusport.fr\/blog\/f1-2019-les-5-images-fortes-du-grand-prix-de-france\/#primaryimage\"},\"thumbnailUrl\":\"https:\/\/dicodusport.fr\/blog\/wp-content\/uploads\/2019\/06\/5-images-fortes-Grand-Prix-de-France-2019.png\",\"keywords\":[\"F1\",\"Formule 1\",\"France\",\"Grand Prix de France\"],\"articleSection\":[\"Actualit\u00e9s\",\"Formule 1\",\"Sports m\u00e9caniques\"],\"inLanguage\":\"fr-FR\",\"potentialAction\":[{\"@type\":\"CommentAction\",\"name\":\"Comment\",\"target\":[\"https:\/\/dicodusport.fr\/blog\/f1-2019-les-5-images-fortes-du-grand-prix-de-france\/#respond\"]}],\"copyrightYear\":\"2019\",\"copyrightHolder\":{\"@id\":\"https:\/\/dicodusport.fr\/blog\/#organization\"}},{\"@type\":\"WebPage\",\"@id\":\"https:\/\/dicodusport.fr\/blog\/f1-2019-les-5-images-fortes-du-grand-prix-de-france\/\",\"url\":\"https:\/\/dicodusport.fr\/blog\/f1-2019-les-5-images-fortes-du-grand-prix-de-france\/\",\"name\":\"F1 2019 : les 5 images fortes du Grand Prix de France\",\"isPartOf\":{\"@id\":\"https:\/\/dicodusport.fr\/blog\/#website\"},\"primaryImageOfPage\":{\"@id\":\"https:\/\/dicodusport.fr\/blog\/f1-2019-les-5-images-fortes-du-grand-prix-de-france\/#primaryimage\"},\"image\":{\"@id\":\"https:\/\/dicodusport.fr\/blog\/f1-2019-les-5-images-fortes-du-grand-prix-de-france\/#primaryimage\"},\"thumbnailUrl\":\"https:\/\/dicodusport.fr\/blog\/wp-content\/uploads\/2019\/06\/5-images-fortes-Grand-Prix-de-France-2019.png\",\"datePublished\":\"2019-06-24T08:44:39+00:00\",\"dateModified\":\"2020-11-10T19:01:01+00:00\",\"description\":\"Lewis Hamilton a une nouvelle fois \u00e9cras\u00e9 la course au Grand Prix de France. Retrouvez les cinq images fortes du week-end au Castellet.\",\"breadcrumb\":{\"@id\":\"https:\/\/dicodusport.fr\/blog\/f1-2019-les-5-images-fortes-du-grand-prix-de-france\/#breadcrumb\"},\"inLanguage\":\"fr-FR\",\"potentialAction\":[{\"@type\":\"ReadAction\",\"target\":[\"https:\/\/dicodusport.fr\/blog\/f1-2019-les-5-images-fortes-du-grand-prix-de-france\/\"]}]},{\"@type\":\"ImageObject\",\"inLanguage\":\"fr-FR\",\"@id\":\"https:\/\/dicodusport.fr\/blog\/f1-2019-les-5-images-fortes-du-grand-prix-de-france\/#primaryimage\",\"url\":\"https:\/\/dicodusport.fr\/blog\/wp-content\/uploads\/2019\/06\/5-images-fortes-Grand-Prix-de-France-2019.png\",\"contentUrl\":\"https:\/\/dicodusport.fr\/blog\/wp-content\/uploads\/2019\/06\/5-images-fortes-Grand-Prix-de-France-2019.png\",\"width\":800,\"height\":445},{\"@type\":\"BreadcrumbList\",\"@id\":\"https:\/\/dicodusport.fr\/blog\/f1-2019-les-5-images-fortes-du-grand-prix-de-france\/#breadcrumb\",\"itemListElement\":[{\"@type\":\"ListItem\",\"position\":1,\"name\":\"Accueil\",\"item\":\"https:\/\/dicodusport.fr\/blog\/\"},{\"@type\":\"ListItem\",\"position\":2,\"name\":\"F1 2019 : les 5 images fortes du Grand Prix de France\"}]},{\"@type\":\"WebSite\",\"@id\":\"https:\/\/dicodusport.fr\/blog\/#website\",\"url\":\"https:\/\/dicodusport.fr\/blog\/\",\"name\":\"Dicodusport\",\"description\":\"L&#039;encyclop\u00e9die de l&#039;actualit\u00e9 sportive\",\"publisher\":{\"@id\":\"https:\/\/dicodusport.fr\/blog\/#organization\"},\"potentialAction\":[{\"@type\":\"SearchAction\",\"target\":{\"@type\":\"EntryPoint\",\"urlTemplate\":\"https:\/\/dicodusport.fr\/blog\/?s={search_term_string}\"},\"query-input\":{\"@type\":\"PropertyValueSpecification\",\"valueRequired\":true,\"valueName\":\"search_term_string\"}}],\"inLanguage\":\"fr-FR\"},{\"@type\":\"NewsMediaOrganization\",\"@id\":\"https:\/\/dicodusport.fr\/blog\/#organization\",\"name\":\"Dicodusport\",\"url\":\"https:\/\/dicodusport.fr\/blog\/\",\"logo\":{\"@type\":\"ImageObject\",\"inLanguage\":\"fr-FR\",\"@id\":\"https:\/\/dicodusport.fr\/blog\/#\/schema\/logo\/image\/\",\"url\":\"https:\/\/dicodusport.fr\/blog\/wp-content\/uploads\/2020\/06\/cropped-LOGO-DICODUSPORT-2020-SANS-FOND-SANS-TEXTE.png\",\"contentUrl\":\"https:\/\/dicodusport.fr\/blog\/wp-content\/uploads\/2020\/06\/cropped-LOGO-DICODUSPORT-2020-SANS-FOND-SANS-TEXTE.png\",\"width\":512,\"height\":512,\"caption\":\"Dicodusport\"},\"image\":{\"@id\":\"https:\/\/dicodusport.fr\/blog\/#\/schema\/logo\/image\/\"},\"sameAs\":[\"https:\/\/www.facebook.com\/dicodusport\",\"https:\/\/x.com\/dicodusport\",\"https:\/\/www.instagram.com\/dicodusport\/\",\"https:\/\/www.youtube.com\/channel\/UC7V2KZ5sd3htJivAbA4ZG3w\"],\"description\":\"Dicodusport est l'encyclop\u00e9die de l'actualit\u00e9 sportive.\",\"email\":\"bonjour@dicodusport.fr\",\"legalName\":\"DICODUSPORT\",\"foundingDate\":\"2018-01-14\",\"vatID\":\"FR71834470973\",\"taxID\":\"83447097300043\",\"numberOfEmployees\":{\"@type\":\"QuantitativeValue\",\"minValue\":\"1\",\"maxValue\":\"10\"}},{\"@type\":\"Person\",\"@id\":\"https:\/\/dicodusport.fr\/blog\/#\/schema\/person\/55dcb50ad410894e431ed812bbb70191\",\"name\":\"Nicolas Jacquemard\",\"image\":{\"@type\":\"ImageObject\",\"inLanguage\":\"fr-FR\",\"@id\":\"https:\/\/dicodusport.fr\/blog\/#\/schema\/person\/image\/\",\"url\":\"https:\/\/dicodusport.fr\/blog\/wp-content\/uploads\/2021\/05\/Nicolas-Jacquemard-150x150.jpeg\",\"contentUrl\":\"https:\/\/dicodusport.fr\/blog\/wp-content\/uploads\/2021\/05\/Nicolas-Jacquemard-150x150.jpeg\",\"caption\":\"Nicolas Jacquemard\"},\"description\":\"Passionn\u00e9 de sport et entrepreneur depuis mes 18 ans, la cr\u00e9ation de Dicodusport m'a sembl\u00e9 \u00e9vidente pour participer \u00e0 la m\u00e9diatisation d'un plus grand nombre de sports. Le chemin est long mais avec une \u00e9quipe des plus motiv\u00e9es et les Jeux Olympiques de Paris 2024 en point de mire, nous y arriverons ! Journaliste dans le monde du sport depuis plus de 5 ans, je traite aussi bien de football, de rugby, de biathlon que de cyclisme.\",\"sameAs\":[\"https:\/\/www.facebook.com\/dicodusport\",\"https:\/\/x.com\/https:\/\/twitter.com\/Nico_Jacquemard\"],\"url\":\"https:\/\/dicodusport.fr\/blog\/author\/dicodusport\/\"}]}<\/script>\n<!-- \/ Yoast SEO Premium plugin. -->","yoast_head_json":{"title":"F1 2019 : les 5 images fortes du Grand Prix de France","description":"Lewis Hamilton a une nouvelle fois \u00e9cras\u00e9 la course au Grand Prix de France. Retrouvez les cinq images fortes du week-end au Castellet.","robots":{"index":"index","follow":"follow","max-snippet":"max-snippet:-1","max-image-preview":"max-image-preview:large","max-video-preview":"max-video-preview:-1"},"canonical":"https:\/\/dicodusport.fr\/blog\/f1-2019-les-5-images-fortes-du-grand-prix-de-france\/","og_locale":"fr_FR","og_type":"article","og_title":"F1 2019 : les 5 images fortes du Grand Prix de France","og_description":"Lewis Hamilton a une nouvelle fois \u00e9cras\u00e9 la course au Grand Prix de France. Retrouvez les cinq images fortes du week-end au Castellet.","og_url":"https:\/\/dicodusport.fr\/blog\/f1-2019-les-5-images-fortes-du-grand-prix-de-france\/","og_site_name":"Dicodusport","article_publisher":"https:\/\/www.facebook.com\/dicodusport","article_author":"https:\/\/www.facebook.com\/dicodusport","article_published_time":"2019-06-24T08:44:39+00:00","article_modified_time":"2020-11-10T19:01:01+00:00","og_image":[{"width":800,"height":445,"url":"https:\/\/dicodusport.fr\/blog\/wp-content\/uploads\/2019\/06\/5-images-fortes-Grand-Prix-de-France-2019.png","type":"image\/png"}],"author":"Nicolas Jacquemard","twitter_card":"summary_large_image","twitter_title":"F1 2019 : les 5 images fortes du Grand Prix de France","twitter_creator":"@https:\/\/twitter.com\/Nico_Jacquemard","twitter_site":"@dicodusport","schema":{"@context":"https:\/\/schema.org","@graph":[{"@type":"NewsArticle","@id":"https:\/\/dicodusport.fr\/blog\/f1-2019-les-5-images-fortes-du-grand-prix-de-france\/#article","isPartOf":{"@id":"https:\/\/dicodusport.fr\/blog\/f1-2019-les-5-images-fortes-du-grand-prix-de-france\/"},"author":{"name":"Nicolas Jacquemard","@id":"https:\/\/dicodusport.fr\/blog\/#\/schema\/person\/55dcb50ad410894e431ed812bbb70191"},"headline":"F1 2019 : les 5 images fortes du Grand Prix de France","datePublished":"2019-06-24T08:44:39+00:00","dateModified":"2020-11-10T19:01:01+00:00","mainEntityOfPage":{"@id":"https:\/\/dicodusport.fr\/blog\/f1-2019-les-5-images-fortes-du-grand-prix-de-france\/"},"wordCount":130,"commentCount":0,"publisher":{"@id":"https:\/\/dicodusport.fr\/blog\/#organization"},"image":{"@id":"https:\/\/dicodusport.fr\/blog\/f1-2019-les-5-images-fortes-du-grand-prix-de-france\/#primaryimage"},"thumbnailUrl":"https:\/\/dicodusport.fr\/blog\/wp-content\/uploads\/2019\/06\/5-images-fortes-Grand-Prix-de-France-2019.png","keywords":["F1","Formule 1","France","Grand Prix de France"],"articleSection":["Actualit\u00e9s","Formule 1","Sports m\u00e9caniques"],"inLanguage":"fr-FR","potentialAction":[{"@type":"CommentAction","name":"Comment","target":["https:\/\/dicodusport.fr\/blog\/f1-2019-les-5-images-fortes-du-grand-prix-de-france\/#respond"]}],"copyrightYear":"2019","copyrightHolder":{"@id":"https:\/\/dicodusport.fr\/blog\/#organization"}},{"@type":"WebPage","@id":"https:\/\/dicodusport.fr\/blog\/f1-2019-les-5-images-fortes-du-grand-prix-de-france\/","url":"https:\/\/dicodusport.fr\/blog\/f1-2019-les-5-images-fortes-du-grand-prix-de-france\/","name":"F1 2019 : les 5 images fortes du Grand Prix de France","isPartOf":{"@id":"https:\/\/dicodusport.fr\/blog\/#website"},"primaryImageOfPage":{"@id":"https:\/\/dicodusport.fr\/blog\/f1-2019-les-5-images-fortes-du-grand-prix-de-france\/#primaryimage"},"image":{"@id":"https:\/\/dicodusport.fr\/blog\/f1-2019-les-5-images-fortes-du-grand-prix-de-france\/#primaryimage"},"thumbnailUrl":"https:\/\/dicodusport.fr\/blog\/wp-content\/uploads\/2019\/06\/5-images-fortes-Grand-Prix-de-France-2019.png","datePublished":"2019-06-24T08:44:39+00:00","dateModified":"2020-11-10T19:01:01+00:00","description":"Lewis Hamilton a une nouvelle fois \u00e9cras\u00e9 la course au Grand Prix de France. Retrouvez les cinq images fortes du week-end au Castellet.","breadcrumb":{"@id":"https:\/\/dicodusport.fr\/blog\/f1-2019-les-5-images-fortes-du-grand-prix-de-france\/#breadcrumb"},"inLanguage":"fr-FR","potentialAction":[{"@type":"ReadAction","target":["https:\/\/dicodusport.fr\/blog\/f1-2019-les-5-images-fortes-du-grand-prix-de-france\/"]}]},{"@type":"ImageObject","inLanguage":"fr-FR","@id":"https:\/\/dicodusport.fr\/blog\/f1-2019-les-5-images-fortes-du-grand-prix-de-france\/#primaryimage","url":"https:\/\/dicodusport.fr\/blog\/wp-content\/uploads\/2019\/06\/5-images-fortes-Grand-Prix-de-France-2019.png","contentUrl":"https:\/\/dicodusport.fr\/blog\/wp-content\/uploads\/2019\/06\/5-images-fortes-Grand-Prix-de-France-2019.png","width":800,"height":445},{"@type":"BreadcrumbList","@id":"https:\/\/dicodusport.fr\/blog\/f1-2019-les-5-images-fortes-du-grand-prix-de-france\/#breadcrumb","itemListElement":[{"@type":"ListItem","position":1,"name":"Accueil","item":"https:\/\/dicodusport.fr\/blog\/"},{"@type":"ListItem","position":2,"name":"F1 2019 : les 5 images fortes du Grand Prix de France"}]},{"@type":"WebSite","@id":"https:\/\/dicodusport.fr\/blog\/#website","url":"https:\/\/dicodusport.fr\/blog\/","name":"Dicodusport","description":"L&#039;encyclop\u00e9die de l&#039;actualit\u00e9 sportive","publisher":{"@id":"https:\/\/dicodusport.fr\/blog\/#organization"},"potentialAction":[{"@type":"SearchAction","target":{"@type":"EntryPoint","urlTemplate":"https:\/\/dicodusport.fr\/blog\/?s={search_term_string}"},"query-input":{"@type":"PropertyValueSpecification","valueRequired":true,"valueName":"search_term_string"}}],"inLanguage":"fr-FR"},{"@type":"NewsMediaOrganization","@id":"https:\/\/dicodusport.fr\/blog\/#organization","name":"Dicodusport","url":"https:\/\/dicodusport.fr\/blog\/","logo":{"@type":"ImageObject","inLanguage":"fr-FR","@id":"https:\/\/dicodusport.fr\/blog\/#\/schema\/logo\/image\/","url":"https:\/\/dicodusport.fr\/blog\/wp-content\/uploads\/2020\/06\/cropped-LOGO-DICODUSPORT-2020-SANS-FOND-SANS-TEXTE.png","contentUrl":"https:\/\/dicodusport.fr\/blog\/wp-content\/uploads\/2020\/06\/cropped-LOGO-DICODUSPORT-2020-SANS-FOND-SANS-TEXTE.png","width":512,"height":512,"caption":"Dicodusport"},"image":{"@id":"https:\/\/dicodusport.fr\/blog\/#\/schema\/logo\/image\/"},"sameAs":["https:\/\/www.facebook.com\/dicodusport","https:\/\/x.com\/dicodusport","https:\/\/www.instagram.com\/dicodusport\/","https:\/\/www.youtube.com\/channel\/UC7V2KZ5sd3htJivAbA4ZG3w"],"description":"Dicodusport est l'encyclop\u00e9die de l'actualit\u00e9 sportive.","email":"bonjour@dicodusport.fr","legalName":"DICODUSPORT","foundingDate":"2018-01-14","vatID":"FR71834470973","taxID":"83447097300043","numberOfEmployees":{"@type":"QuantitativeValue","minValue":"1","maxValue":"10"}},{"@type":"Person","@id":"https:\/\/dicodusport.fr\/blog\/#\/schema\/person\/55dcb50ad410894e431ed812bbb70191","name":"Nicolas Jacquemard","image":{"@type":"ImageObject","inLanguage":"fr-FR","@id":"https:\/\/dicodusport.fr\/blog\/#\/schema\/person\/image\/","url":"https:\/\/dicodusport.fr\/blog\/wp-content\/uploads\/2021\/05\/Nicolas-Jacquemard-150x150.jpeg","contentUrl":"https:\/\/dicodusport.fr\/blog\/wp-content\/uploads\/2021\/05\/Nicolas-Jacquemard-150x150.jpeg","caption":"Nicolas Jacquemard"},"description":"Passionn\u00e9 de sport et entrepreneur depuis mes 18 ans, la cr\u00e9ation de Dicodusport m'a sembl\u00e9 \u00e9vidente pour participer \u00e0 la m\u00e9diatisation d'un plus grand nombre de sports. Le chemin est long mais avec une \u00e9quipe des plus motiv\u00e9es et les Jeux Olympiques de Paris 2024 en point de mire, nous y arriverons ! Journaliste dans le monde du sport depuis plus de 5 ans, je traite aussi bien de football, de rugby, de biathlon que de cyclisme.","sameAs":["https:\/\/www.facebook.com\/dicodusport","https:\/\/x.com\/https:\/\/twitter.com\/Nico_Jacquemard"],"url":"https:\/\/dicodusport.fr\/blog\/author\/dicodusport\/"}]}},"_links":{"self":[{"href":"https:\/\/dicodusport.fr\/blog\/wp-json\/wp\/v2\/posts\/41861","targetHints":{"allow":["GET"]}}],"collection":[{"href":"https:\/\/dicodusport.fr\/blog\/wp-json\/wp\/v2\/posts"}],"about":[{"href":"https:\/\/dicodusport.fr\/blog\/wp-json\/wp\/v2\/types\/post"}],"author":[{"embeddable":true,"href":"https:\/\/dicodusport.fr\/blog\/wp-json\/wp\/v2\/users\/1"}],"replies":[{"embeddable":true,"href":"https:\/\/dicodusport.fr\/blog\/wp-json\/wp\/v2\/comments?post=41861"}],"version-history":[{"count":0,"href":"https:\/\/dicodusport.fr\/blog\/wp-json\/wp\/v2\/posts\/41861\/revisions"}],"wp:featuredmedia":[{"embeddable":true,"href":"https:\/\/dicodusport.fr\/blog\/wp-json\/wp\/v2\/media\/41872"}],"wp:attachment":[{"href":"https:\/\/dicodusport.fr\/blog\/wp-json\/wp\/v2\/media?parent=41861"}],"wp:term":[{"taxonomy":"category","embeddable":true,"href":"https:\/\/dicodusport.fr\/blog\/wp-json\/wp\/v2\/categories?post=41861"},{"taxonomy":"post_tag","embeddable":true,"href":"https:\/\/dicodusport.fr\/blog\/wp-json\/wp\/v2\/tags?post=41861"}],"curies":[{"name":"wp","href":"https:\/\/api.w.org\/{rel}","templated":true}]}}