{"id":418771,"date":"2023-09-17T13:53:10","date_gmt":"2023-09-17T11:53:10","guid":{"rendered":"https:\/\/dicodusport.fr\/blog\/?p=418771&#038;preview=true&#038;preview_id=418771"},"modified":"2023-09-17T13:53:06","modified_gmt":"2023-09-17T11:53:06","slug":"grand-prix-disbergues-2023-parcours-profil-et-favoris","status":"publish","type":"post","link":"https:\/\/dicodusport.fr\/blog\/grand-prix-disbergues-2023-parcours-profil-et-favoris\/","title":{"rendered":"Grand Prix d&rsquo;Isbergues 2023 : Parcours, profil et favoris"},"content":{"rendered":"<p style=\"text-align: justify;\"><em><strong>GRAND PRIX D&rsquo;ISBERGUES 2023 &#8211; <\/strong><strong>Ce dimanche 17 septembre se d\u00e9roulera la 77\u00e8me \u00e9dition du Grand Prix d\u2019Isbergues sur un parcours de 199,8 kilom\u00e8tres. Ce sera la 16e manche de la Coupe de France. <\/strong><\/em><em><strong>Parcours, profil et favoris.<\/strong><\/em><\/p>\n<ul style=\"text-align: justify;\">\n<li style=\"text-align: justify;\"><strong>\u00c0 lire aussi \u2013\u00a0<a href=\"https:\/\/dicodusport.fr\/blog\/actualites\/cyclisme\/cyclisme-sur-route-2023\/\">L\u2019actualit\u00e9 du cyclisme sur route<\/a><\/strong><\/li>\n<\/ul>\n<h2 style=\"text-align: justify;\">Parcours du Grand Prix d\u2019Isbergues 2023<\/h2>\n<p style=\"text-align: justify;\">D&rsquo;abord, les coureurs partiront d&rsquo;<strong>Isbergues<\/strong> \u00e0 11h50 dans le d\u00e9partement du Pas-de-Calais pour un parcours l\u00e9g\u00e8rement modifi\u00e9 et plus s\u00e9lectif que l&rsquo;an dernier. Ils feront deux fois la boucle finale pour commencer la course, avant de prendre la direction de routes plus vallonn\u00e9es \u00e0 travers l&rsquo;Artois.<\/p>\n<p style=\"text-align: justify;\">Ensuite, ils feront face \u00e0 la boucle des Monts, longue de 108 kilom\u00e8tres, avec les ascensions des c\u00f4tes de Saint-Hilaire-Cottes, de Fauquenhem, de Li\u00e8res, de Fiefs, de Heuchin, de Fleury, de Teneur, de Lisbourg, de Heuchin, de P\u00e9tigny, de Coyecques, d&rsquo;Estr\u00e9e-Blanche et de Rombly.<\/p>\n<p style=\"text-align: justify;\">Enfin, ce sera 6 tours du circuit final de 13,3 km autour d\u2019<strong>Isbergues<\/strong>. L&rsquo;arriv\u00e9e sera jug\u00e9e sur la Route de la victoire.<\/p>\n<div id=\"attachment_419249\" style=\"width: 750px\" class=\"wp-caption aligncenter\"><a href=\"https:\/\/dicodusport.fr\/blog\/wp-content\/uploads\/2023\/09\/Profil-du-Grand-Prix-dIsbergues-2023.webp\"><img loading=\"lazy\" decoding=\"async\" aria-describedby=\"caption-attachment-419249\" class=\"size-large wp-image-419249\" src=\"https:\/\/dicodusport.fr\/blog\/wp-content\/uploads\/2023\/09\/Profil-du-Grand-Prix-dIsbergues-2023-1024x282.webp\" alt=\"Profil du Grand Prix d'Isbergues 2023\" width=\"740\" height=\"204\" srcset=\"https:\/\/dicodusport.fr\/blog\/wp-content\/uploads\/2023\/09\/Profil-du-Grand-Prix-dIsbergues-2023-1024x282.webp 1024w, https:\/\/dicodusport.fr\/blog\/wp-content\/uploads\/2023\/09\/Profil-du-Grand-Prix-dIsbergues-2023-300x83.webp 300w, https:\/\/dicodusport.fr\/blog\/wp-content\/uploads\/2023\/09\/Profil-du-Grand-Prix-dIsbergues-2023-768x211.webp 768w, https:\/\/dicodusport.fr\/blog\/wp-content\/uploads\/2023\/09\/Profil-du-Grand-Prix-dIsbergues-2023.webp 1087w\" sizes=\"auto, (max-width: 740px) 100vw, 740px\" \/><\/a><p id=\"caption-attachment-419249\" class=\"wp-caption-text\">Profil du Grand Prix d&rsquo;Isbergues 2023 &#8211; via gpisbergues.com<\/p><\/div>\n<ul style=\"text-align: justify;\">\n<li style=\"text-align: justify;\"><strong>\u00c0 lire aussi &#8211; <a href=\"https:\/\/dicodusport.fr\/blog\/grand-prix-isbergues-2023-les-engages\/\" target=\"_blank\" rel=\"noopener\">Les engag\u00e9s du Grand Prix d&rsquo;Isbergues 2023<\/a><\/strong><\/li>\n<\/ul>\n<h2 style=\"text-align: justify;\">Les favoris du Grand Prix d\u2019Isbergues 2023<\/h2>\n<p style=\"text-align: justify;\"><strong>Mads Pedersen<\/strong> (Lidl-Trek)<\/p>\n<p style=\"text-align: justify;\"><strong>Arnaud D\u00e9mare<\/strong> (Ark\u00e9a-Samsic)<\/p>\n<p style=\"text-align: justify;\"><strong>Arvid De Kleijn<\/strong> (Tudor Pro Cycling)<\/p>\n<p style=\"text-align: justify;\"><strong>Matteo Moschetti<\/strong> (Q36.5 Pro Cycling)<\/p>\n<p style=\"text-align: justify;\"><strong>Max Walscheid<\/strong> (Cofidis)<\/p>\n<ul>\n<li style=\"text-align: justify;\"><strong>\u00c0 lire aussi &#8211; <a href=\"https:\/\/dicodusport.fr\/blog\/coupe-de-france-cyclisme-2023-classement-general\/\">Classement g\u00e9n\u00e9ral de la Coupe de France de cyclisme 2023<\/a><\/strong><\/li>\n<\/ul>\n<h2 style=\"text-align: justify;\">Palmar\u00e8s du Grand Prix d\u2019Isbergues<\/h2>\n<p style=\"text-align: justify;\"><strong>2022 :<\/strong> D\u00c9MARE Arnaud &#8211; <strong><a href=\"https:\/\/dicodusport.fr\/blog\/grand-prix-disbergues-arnaud-demare-simpose-avec-autorite\/\">R\u00e9sum\u00e9<\/a> &#8211; <a href=\"https:\/\/dicodusport.fr\/blog\/classement-grand-prix-isbergues-2022\/\">Classement<\/a><\/strong><\/p>\n<p><strong>2021 :<\/strong> VIVIANI Elia &#8211; <a href=\"https:\/\/dicodusport.fr\/blog\/grand-prix-disbergues-2021-le-classement\/\"><strong>Classement<\/strong><\/a><\/p>\n<p><strong>2020 :<\/strong> BOUHANNI Nacer<\/p>\n<p><strong>2019 :<\/strong> PEDERSEN Mads<\/p>\n<p><strong>2018 :<\/strong> GILBERT Philippe<\/p>\n<p><strong>2017 :<\/strong> COSNEFROY Beno\u00eet<\/p>\n<p><strong>2016 :<\/strong> HALVORSEN Kristoffer<\/p>\n<p><strong>2015 :<\/strong> BOUHANNI Nacer<\/p>\n<p><strong>2014 :<\/strong> D\u00c9MARE Arnaud<\/p>\n<p><strong>2013 :<\/strong> D\u00c9MARE Arnaud<\/p>\n","protected":false},"excerpt":{"rendered":"<p>GRAND PRIX D&rsquo;ISBERGUES 2023 &#8211; Ce dimanche 17 septembre se d\u00e9roulera la 77\u00e8me \u00e9dition du Grand Prix d\u2019Isbergues. Parcours, profil et favoris.<\/p>\n","protected":false},"author":48,"featured_media":419252,"comment_status":"open","ping_status":"closed","sticky":false,"template":"","format":"standard","meta":{"_acf_changed":false,"_daextam_enable_autolinks":"","footnotes":""},"categories":[46994],"tags":[16878,1872],"class_list":["post-418771","post","type-post","status-publish","format-standard","has-post-thumbnail","hentry","category-cyclisme-sur-route","tag-breve","tag-grand-prix-disbergues"],"acf":[],"yoast_head":"<!-- This site is optimized with the Yoast SEO Premium plugin v26.7 (Yoast SEO v26.7) - https:\/\/yoast.com\/wordpress\/plugins\/seo\/ -->\n<title>Grand Prix d&#039;Isbergues 2023 : Parcours, profil et favoris<\/title>\n<meta name=\"description\" content=\"GRAND PRIX D&#039;ISBERGUES 2023 - Ce dimanche 17 septembre se d\u00e9roulera la 77\u00e8me \u00e9dition du Grand Prix d\u2019Isbergues. Parcours, profil et favoris.\" \/>\n<meta name=\"robots\" content=\"index, follow, max-snippet:-1, max-image-preview:large, max-video-preview:-1\" \/>\n<link rel=\"canonical\" href=\"https:\/\/dicodusport.fr\/blog\/grand-prix-disbergues-2023-parcours-profil-et-favoris\/\" \/>\n<meta property=\"og:locale\" content=\"fr_FR\" \/>\n<meta property=\"og:type\" content=\"article\" \/>\n<meta property=\"og:title\" content=\"Grand Prix d&#039;Isbergues 2023 : Parcours, profil et favoris\" \/>\n<meta property=\"og:description\" content=\"GRAND PRIX D&#039;ISBERGUES 2023 - Ce dimanche 17 septembre se d\u00e9roulera la 77\u00e8me \u00e9dition du Grand Prix d\u2019Isbergues. Parcours, profil et favoris.\" \/>\n<meta property=\"og:url\" content=\"https:\/\/dicodusport.fr\/blog\/grand-prix-disbergues-2023-parcours-profil-et-favoris\/\" \/>\n<meta property=\"og:site_name\" content=\"Dicodusport\" \/>\n<meta property=\"article:publisher\" content=\"https:\/\/www.facebook.com\/dicodusport\" \/>\n<meta property=\"article:author\" content=\"https:\/\/www.facebook.com\/groups\/LesRoisDuPeloton\" \/>\n<meta property=\"article:published_time\" content=\"2023-09-17T11:53:10+00:00\" \/>\n<meta property=\"og:image\" content=\"https:\/\/dicodusport.fr\/blog\/wp-content\/uploads\/2023\/09\/Grand-Prix-dIsbergues-2023-Parcours-profil-et-favoris.png\" \/>\n\t<meta property=\"og:image:width\" content=\"800\" \/>\n\t<meta property=\"og:image:height\" content=\"445\" \/>\n\t<meta property=\"og:image:type\" content=\"image\/png\" \/>\n<meta name=\"author\" content=\"Emilien Descampiaux\" \/>\n<meta name=\"twitter:card\" content=\"summary_large_image\" \/>\n<meta name=\"twitter:title\" content=\"Grand Prix d&#039;Isbergues 2023 : Parcours, profil et favoris\" \/>\n<meta name=\"twitter:creator\" content=\"@https:\/\/twitter.com\/LRoisDuPeloton\" \/>\n<meta name=\"twitter:site\" content=\"@dicodusport\" \/>\n<script type=\"application\/ld+json\" class=\"yoast-schema-graph\">{\"@context\":\"https:\/\/schema.org\",\"@graph\":[{\"@type\":\"NewsArticle\",\"@id\":\"https:\/\/dicodusport.fr\/blog\/grand-prix-disbergues-2023-parcours-profil-et-favoris\/#article\",\"isPartOf\":{\"@id\":\"https:\/\/dicodusport.fr\/blog\/grand-prix-disbergues-2023-parcours-profil-et-favoris\/\"},\"author\":{\"name\":\"Emilien Descampiaux\",\"@id\":\"https:\/\/dicodusport.fr\/blog\/#\/schema\/person\/6db4bae06b171592211be385b32876a7\"},\"headline\":\"Grand Prix d&rsquo;Isbergues 2023 : Parcours, profil et favoris\",\"datePublished\":\"2023-09-17T11:53:10+00:00\",\"mainEntityOfPage\":{\"@id\":\"https:\/\/dicodusport.fr\/blog\/grand-prix-disbergues-2023-parcours-profil-et-favoris\/\"},\"wordCount\":295,\"commentCount\":0,\"publisher\":{\"@id\":\"https:\/\/dicodusport.fr\/blog\/#organization\"},\"image\":{\"@id\":\"https:\/\/dicodusport.fr\/blog\/grand-prix-disbergues-2023-parcours-profil-et-favoris\/#primaryimage\"},\"thumbnailUrl\":\"https:\/\/dicodusport.fr\/blog\/wp-content\/uploads\/2023\/09\/Grand-Prix-dIsbergues-2023-Parcours-profil-et-favoris.png\",\"keywords\":[\"br\u00e8ve\",\"Grand Prix d'Isbergues\"],\"articleSection\":[\"Cyclisme sur route\"],\"inLanguage\":\"fr-FR\",\"potentialAction\":[{\"@type\":\"CommentAction\",\"name\":\"Comment\",\"target\":[\"https:\/\/dicodusport.fr\/blog\/grand-prix-disbergues-2023-parcours-profil-et-favoris\/#respond\"]}],\"copyrightYear\":\"2023\",\"copyrightHolder\":{\"@id\":\"https:\/\/dicodusport.fr\/blog\/#organization\"}},{\"@type\":\"WebPage\",\"@id\":\"https:\/\/dicodusport.fr\/blog\/grand-prix-disbergues-2023-parcours-profil-et-favoris\/\",\"url\":\"https:\/\/dicodusport.fr\/blog\/grand-prix-disbergues-2023-parcours-profil-et-favoris\/\",\"name\":\"Grand Prix d'Isbergues 2023 : Parcours, profil et favoris\",\"isPartOf\":{\"@id\":\"https:\/\/dicodusport.fr\/blog\/#website\"},\"primaryImageOfPage\":{\"@id\":\"https:\/\/dicodusport.fr\/blog\/grand-prix-disbergues-2023-parcours-profil-et-favoris\/#primaryimage\"},\"image\":{\"@id\":\"https:\/\/dicodusport.fr\/blog\/grand-prix-disbergues-2023-parcours-profil-et-favoris\/#primaryimage\"},\"thumbnailUrl\":\"https:\/\/dicodusport.fr\/blog\/wp-content\/uploads\/2023\/09\/Grand-Prix-dIsbergues-2023-Parcours-profil-et-favoris.png\",\"datePublished\":\"2023-09-17T11:53:10+00:00\",\"description\":\"GRAND PRIX D'ISBERGUES 2023 - Ce dimanche 17 septembre se d\u00e9roulera la 77\u00e8me \u00e9dition du Grand Prix d\u2019Isbergues. Parcours, profil et favoris.\",\"breadcrumb\":{\"@id\":\"https:\/\/dicodusport.fr\/blog\/grand-prix-disbergues-2023-parcours-profil-et-favoris\/#breadcrumb\"},\"inLanguage\":\"fr-FR\",\"potentialAction\":[{\"@type\":\"ReadAction\",\"target\":[\"https:\/\/dicodusport.fr\/blog\/grand-prix-disbergues-2023-parcours-profil-et-favoris\/\"]}]},{\"@type\":\"ImageObject\",\"inLanguage\":\"fr-FR\",\"@id\":\"https:\/\/dicodusport.fr\/blog\/grand-prix-disbergues-2023-parcours-profil-et-favoris\/#primaryimage\",\"url\":\"https:\/\/dicodusport.fr\/blog\/wp-content\/uploads\/2023\/09\/Grand-Prix-dIsbergues-2023-Parcours-profil-et-favoris.png\",\"contentUrl\":\"https:\/\/dicodusport.fr\/blog\/wp-content\/uploads\/2023\/09\/Grand-Prix-dIsbergues-2023-Parcours-profil-et-favoris.png\",\"width\":800,\"height\":445,\"caption\":\"Grand Prix d\u2019Isbergues 2023 Parcours, profil et favoris\"},{\"@type\":\"BreadcrumbList\",\"@id\":\"https:\/\/dicodusport.fr\/blog\/grand-prix-disbergues-2023-parcours-profil-et-favoris\/#breadcrumb\",\"itemListElement\":[{\"@type\":\"ListItem\",\"position\":1,\"name\":\"Accueil\",\"item\":\"https:\/\/dicodusport.fr\/blog\/\"},{\"@type\":\"ListItem\",\"position\":2,\"name\":\"Grand Prix d&rsquo;Isbergues 2023 : Parcours, profil et favoris\"}]},{\"@type\":\"WebSite\",\"@id\":\"https:\/\/dicodusport.fr\/blog\/#website\",\"url\":\"https:\/\/dicodusport.fr\/blog\/\",\"name\":\"Dicodusport\",\"description\":\"L&#039;encyclop\u00e9die de l&#039;actualit\u00e9 sportive\",\"publisher\":{\"@id\":\"https:\/\/dicodusport.fr\/blog\/#organization\"},\"potentialAction\":[{\"@type\":\"SearchAction\",\"target\":{\"@type\":\"EntryPoint\",\"urlTemplate\":\"https:\/\/dicodusport.fr\/blog\/?s={search_term_string}\"},\"query-input\":{\"@type\":\"PropertyValueSpecification\",\"valueRequired\":true,\"valueName\":\"search_term_string\"}}],\"inLanguage\":\"fr-FR\"},{\"@type\":\"NewsMediaOrganization\",\"@id\":\"https:\/\/dicodusport.fr\/blog\/#organization\",\"name\":\"Dicodusport\",\"url\":\"https:\/\/dicodusport.fr\/blog\/\",\"logo\":{\"@type\":\"ImageObject\",\"inLanguage\":\"fr-FR\",\"@id\":\"https:\/\/dicodusport.fr\/blog\/#\/schema\/logo\/image\/\",\"url\":\"https:\/\/dicodusport.fr\/blog\/wp-content\/uploads\/2020\/06\/cropped-LOGO-DICODUSPORT-2020-SANS-FOND-SANS-TEXTE.png\",\"contentUrl\":\"https:\/\/dicodusport.fr\/blog\/wp-content\/uploads\/2020\/06\/cropped-LOGO-DICODUSPORT-2020-SANS-FOND-SANS-TEXTE.png\",\"width\":512,\"height\":512,\"caption\":\"Dicodusport\"},\"image\":{\"@id\":\"https:\/\/dicodusport.fr\/blog\/#\/schema\/logo\/image\/\"},\"sameAs\":[\"https:\/\/www.facebook.com\/dicodusport\",\"https:\/\/x.com\/dicodusport\",\"https:\/\/www.instagram.com\/dicodusport\/\",\"https:\/\/www.youtube.com\/channel\/UC7V2KZ5sd3htJivAbA4ZG3w\"],\"description\":\"Dicodusport est l'encyclop\u00e9die de l'actualit\u00e9 sportive.\",\"email\":\"bonjour@dicodusport.fr\",\"legalName\":\"DICODUSPORT\",\"foundingDate\":\"2018-01-14\",\"vatID\":\"FR71834470973\",\"taxID\":\"83447097300043\",\"numberOfEmployees\":{\"@type\":\"QuantitativeValue\",\"minValue\":\"1\",\"maxValue\":\"10\"}},{\"@type\":\"Person\",\"@id\":\"https:\/\/dicodusport.fr\/blog\/#\/schema\/person\/6db4bae06b171592211be385b32876a7\",\"name\":\"Emilien Descampiaux\",\"image\":{\"@type\":\"ImageObject\",\"inLanguage\":\"fr-FR\",\"@id\":\"https:\/\/dicodusport.fr\/blog\/#\/schema\/person\/image\/\",\"url\":\"https:\/\/dicodusport.fr\/blog\/wp-content\/uploads\/2021\/05\/Emilien-Descampiaux-150x150.jpg\",\"contentUrl\":\"https:\/\/dicodusport.fr\/blog\/wp-content\/uploads\/2021\/05\/Emilien-Descampiaux-150x150.jpg\",\"caption\":\"Emilien Descampiaux\"},\"description\":\"Journaliste\/r\u00e9dacteur depuis 2014 - Fan de la classe de Frank Vandenbroucke, je vis cyclisme (et de ses paysages) depuis plus de 20 ans. Je suis tr\u00e8s impliqu\u00e9 sur mes diff\u00e9rents r\u00e9seaux sociaux pour partager ma passion sur le monde et l'Histoire de la bicyclette avec ma voix sur les images en noir et blanc du succ\u00e8s de Rik Van Steenbergen lors du Ronde sur le V\u00e9lodrome de Gand.\",\"sameAs\":[\"https:\/\/www.facebook.com\/groups\/LesRoisDuPeloton\",\"https:\/\/x.com\/https:\/\/twitter.com\/LRoisDuPeloton\"],\"url\":\"https:\/\/dicodusport.fr\/blog\/author\/emiliend\/\"}]}<\/script>\n<!-- \/ Yoast SEO Premium plugin. -->","yoast_head_json":{"title":"Grand Prix d'Isbergues 2023 : Parcours, profil et favoris","description":"GRAND PRIX D'ISBERGUES 2023 - Ce dimanche 17 septembre se d\u00e9roulera la 77\u00e8me \u00e9dition du Grand Prix d\u2019Isbergues. Parcours, profil et favoris.","robots":{"index":"index","follow":"follow","max-snippet":"max-snippet:-1","max-image-preview":"max-image-preview:large","max-video-preview":"max-video-preview:-1"},"canonical":"https:\/\/dicodusport.fr\/blog\/grand-prix-disbergues-2023-parcours-profil-et-favoris\/","og_locale":"fr_FR","og_type":"article","og_title":"Grand Prix d'Isbergues 2023 : Parcours, profil et favoris","og_description":"GRAND PRIX D'ISBERGUES 2023 - Ce dimanche 17 septembre se d\u00e9roulera la 77\u00e8me \u00e9dition du Grand Prix d\u2019Isbergues. Parcours, profil et favoris.","og_url":"https:\/\/dicodusport.fr\/blog\/grand-prix-disbergues-2023-parcours-profil-et-favoris\/","og_site_name":"Dicodusport","article_publisher":"https:\/\/www.facebook.com\/dicodusport","article_author":"https:\/\/www.facebook.com\/groups\/LesRoisDuPeloton","article_published_time":"2023-09-17T11:53:10+00:00","og_image":[{"width":800,"height":445,"url":"https:\/\/dicodusport.fr\/blog\/wp-content\/uploads\/2023\/09\/Grand-Prix-dIsbergues-2023-Parcours-profil-et-favoris.png","type":"image\/png"}],"author":"Emilien Descampiaux","twitter_card":"summary_large_image","twitter_title":"Grand Prix d'Isbergues 2023 : Parcours, profil et favoris","twitter_creator":"@https:\/\/twitter.com\/LRoisDuPeloton","twitter_site":"@dicodusport","schema":{"@context":"https:\/\/schema.org","@graph":[{"@type":"NewsArticle","@id":"https:\/\/dicodusport.fr\/blog\/grand-prix-disbergues-2023-parcours-profil-et-favoris\/#article","isPartOf":{"@id":"https:\/\/dicodusport.fr\/blog\/grand-prix-disbergues-2023-parcours-profil-et-favoris\/"},"author":{"name":"Emilien Descampiaux","@id":"https:\/\/dicodusport.fr\/blog\/#\/schema\/person\/6db4bae06b171592211be385b32876a7"},"headline":"Grand Prix d&rsquo;Isbergues 2023 : Parcours, profil et favoris","datePublished":"2023-09-17T11:53:10+00:00","mainEntityOfPage":{"@id":"https:\/\/dicodusport.fr\/blog\/grand-prix-disbergues-2023-parcours-profil-et-favoris\/"},"wordCount":295,"commentCount":0,"publisher":{"@id":"https:\/\/dicodusport.fr\/blog\/#organization"},"image":{"@id":"https:\/\/dicodusport.fr\/blog\/grand-prix-disbergues-2023-parcours-profil-et-favoris\/#primaryimage"},"thumbnailUrl":"https:\/\/dicodusport.fr\/blog\/wp-content\/uploads\/2023\/09\/Grand-Prix-dIsbergues-2023-Parcours-profil-et-favoris.png","keywords":["br\u00e8ve","Grand Prix d'Isbergues"],"articleSection":["Cyclisme sur route"],"inLanguage":"fr-FR","potentialAction":[{"@type":"CommentAction","name":"Comment","target":["https:\/\/dicodusport.fr\/blog\/grand-prix-disbergues-2023-parcours-profil-et-favoris\/#respond"]}],"copyrightYear":"2023","copyrightHolder":{"@id":"https:\/\/dicodusport.fr\/blog\/#organization"}},{"@type":"WebPage","@id":"https:\/\/dicodusport.fr\/blog\/grand-prix-disbergues-2023-parcours-profil-et-favoris\/","url":"https:\/\/dicodusport.fr\/blog\/grand-prix-disbergues-2023-parcours-profil-et-favoris\/","name":"Grand Prix d'Isbergues 2023 : Parcours, profil et favoris","isPartOf":{"@id":"https:\/\/dicodusport.fr\/blog\/#website"},"primaryImageOfPage":{"@id":"https:\/\/dicodusport.fr\/blog\/grand-prix-disbergues-2023-parcours-profil-et-favoris\/#primaryimage"},"image":{"@id":"https:\/\/dicodusport.fr\/blog\/grand-prix-disbergues-2023-parcours-profil-et-favoris\/#primaryimage"},"thumbnailUrl":"https:\/\/dicodusport.fr\/blog\/wp-content\/uploads\/2023\/09\/Grand-Prix-dIsbergues-2023-Parcours-profil-et-favoris.png","datePublished":"2023-09-17T11:53:10+00:00","description":"GRAND PRIX D'ISBERGUES 2023 - Ce dimanche 17 septembre se d\u00e9roulera la 77\u00e8me \u00e9dition du Grand Prix d\u2019Isbergues. Parcours, profil et favoris.","breadcrumb":{"@id":"https:\/\/dicodusport.fr\/blog\/grand-prix-disbergues-2023-parcours-profil-et-favoris\/#breadcrumb"},"inLanguage":"fr-FR","potentialAction":[{"@type":"ReadAction","target":["https:\/\/dicodusport.fr\/blog\/grand-prix-disbergues-2023-parcours-profil-et-favoris\/"]}]},{"@type":"ImageObject","inLanguage":"fr-FR","@id":"https:\/\/dicodusport.fr\/blog\/grand-prix-disbergues-2023-parcours-profil-et-favoris\/#primaryimage","url":"https:\/\/dicodusport.fr\/blog\/wp-content\/uploads\/2023\/09\/Grand-Prix-dIsbergues-2023-Parcours-profil-et-favoris.png","contentUrl":"https:\/\/dicodusport.fr\/blog\/wp-content\/uploads\/2023\/09\/Grand-Prix-dIsbergues-2023-Parcours-profil-et-favoris.png","width":800,"height":445,"caption":"Grand Prix d\u2019Isbergues 2023 Parcours, profil et favoris"},{"@type":"BreadcrumbList","@id":"https:\/\/dicodusport.fr\/blog\/grand-prix-disbergues-2023-parcours-profil-et-favoris\/#breadcrumb","itemListElement":[{"@type":"ListItem","position":1,"name":"Accueil","item":"https:\/\/dicodusport.fr\/blog\/"},{"@type":"ListItem","position":2,"name":"Grand Prix d&rsquo;Isbergues 2023 : Parcours, profil et favoris"}]},{"@type":"WebSite","@id":"https:\/\/dicodusport.fr\/blog\/#website","url":"https:\/\/dicodusport.fr\/blog\/","name":"Dicodusport","description":"L&#039;encyclop\u00e9die de l&#039;actualit\u00e9 sportive","publisher":{"@id":"https:\/\/dicodusport.fr\/blog\/#organization"},"potentialAction":[{"@type":"SearchAction","target":{"@type":"EntryPoint","urlTemplate":"https:\/\/dicodusport.fr\/blog\/?s={search_term_string}"},"query-input":{"@type":"PropertyValueSpecification","valueRequired":true,"valueName":"search_term_string"}}],"inLanguage":"fr-FR"},{"@type":"NewsMediaOrganization","@id":"https:\/\/dicodusport.fr\/blog\/#organization","name":"Dicodusport","url":"https:\/\/dicodusport.fr\/blog\/","logo":{"@type":"ImageObject","inLanguage":"fr-FR","@id":"https:\/\/dicodusport.fr\/blog\/#\/schema\/logo\/image\/","url":"https:\/\/dicodusport.fr\/blog\/wp-content\/uploads\/2020\/06\/cropped-LOGO-DICODUSPORT-2020-SANS-FOND-SANS-TEXTE.png","contentUrl":"https:\/\/dicodusport.fr\/blog\/wp-content\/uploads\/2020\/06\/cropped-LOGO-DICODUSPORT-2020-SANS-FOND-SANS-TEXTE.png","width":512,"height":512,"caption":"Dicodusport"},"image":{"@id":"https:\/\/dicodusport.fr\/blog\/#\/schema\/logo\/image\/"},"sameAs":["https:\/\/www.facebook.com\/dicodusport","https:\/\/x.com\/dicodusport","https:\/\/www.instagram.com\/dicodusport\/","https:\/\/www.youtube.com\/channel\/UC7V2KZ5sd3htJivAbA4ZG3w"],"description":"Dicodusport est l'encyclop\u00e9die de l'actualit\u00e9 sportive.","email":"bonjour@dicodusport.fr","legalName":"DICODUSPORT","foundingDate":"2018-01-14","vatID":"FR71834470973","taxID":"83447097300043","numberOfEmployees":{"@type":"QuantitativeValue","minValue":"1","maxValue":"10"}},{"@type":"Person","@id":"https:\/\/dicodusport.fr\/blog\/#\/schema\/person\/6db4bae06b171592211be385b32876a7","name":"Emilien Descampiaux","image":{"@type":"ImageObject","inLanguage":"fr-FR","@id":"https:\/\/dicodusport.fr\/blog\/#\/schema\/person\/image\/","url":"https:\/\/dicodusport.fr\/blog\/wp-content\/uploads\/2021\/05\/Emilien-Descampiaux-150x150.jpg","contentUrl":"https:\/\/dicodusport.fr\/blog\/wp-content\/uploads\/2021\/05\/Emilien-Descampiaux-150x150.jpg","caption":"Emilien Descampiaux"},"description":"Journaliste\/r\u00e9dacteur depuis 2014 - Fan de la classe de Frank Vandenbroucke, je vis cyclisme (et de ses paysages) depuis plus de 20 ans. Je suis tr\u00e8s impliqu\u00e9 sur mes diff\u00e9rents r\u00e9seaux sociaux pour partager ma passion sur le monde et l'Histoire de la bicyclette avec ma voix sur les images en noir et blanc du succ\u00e8s de Rik Van Steenbergen lors du Ronde sur le V\u00e9lodrome de Gand.","sameAs":["https:\/\/www.facebook.com\/groups\/LesRoisDuPeloton","https:\/\/x.com\/https:\/\/twitter.com\/LRoisDuPeloton"],"url":"https:\/\/dicodusport.fr\/blog\/author\/emiliend\/"}]}},"_links":{"self":[{"href":"https:\/\/dicodusport.fr\/blog\/wp-json\/wp\/v2\/posts\/418771","targetHints":{"allow":["GET"]}}],"collection":[{"href":"https:\/\/dicodusport.fr\/blog\/wp-json\/wp\/v2\/posts"}],"about":[{"href":"https:\/\/dicodusport.fr\/blog\/wp-json\/wp\/v2\/types\/post"}],"author":[{"embeddable":true,"href":"https:\/\/dicodusport.fr\/blog\/wp-json\/wp\/v2\/users\/48"}],"replies":[{"embeddable":true,"href":"https:\/\/dicodusport.fr\/blog\/wp-json\/wp\/v2\/comments?post=418771"}],"version-history":[{"count":0,"href":"https:\/\/dicodusport.fr\/blog\/wp-json\/wp\/v2\/posts\/418771\/revisions"}],"wp:featuredmedia":[{"embeddable":true,"href":"https:\/\/dicodusport.fr\/blog\/wp-json\/wp\/v2\/media\/419252"}],"wp:attachment":[{"href":"https:\/\/dicodusport.fr\/blog\/wp-json\/wp\/v2\/media?parent=418771"}],"wp:term":[{"taxonomy":"category","embeddable":true,"href":"https:\/\/dicodusport.fr\/blog\/wp-json\/wp\/v2\/categories?post=418771"},{"taxonomy":"post_tag","embeddable":true,"href":"https:\/\/dicodusport.fr\/blog\/wp-json\/wp\/v2\/tags?post=418771"}],"curies":[{"name":"wp","href":"https:\/\/api.w.org\/{rel}","templated":true}]}}