{"id":419127,"date":"2023-09-15T18:34:22","date_gmt":"2023-09-15T16:34:22","guid":{"rendered":"https:\/\/dicodusport.fr\/blog\/?p=419127&#038;preview=true&#038;preview_id=419127"},"modified":"2023-09-16T15:50:26","modified_gmt":"2023-09-16T13:50:26","slug":"paul-willemse-et-emmanuel-meafou-les-numeros-5-qui-manquent-tant-au-xv-de-france","status":"publish","type":"post","link":"https:\/\/dicodusport.fr\/blog\/paul-willemse-et-emmanuel-meafou-les-numeros-5-qui-manquent-tant-au-xv-de-france\/","title":{"rendered":"Paul Willemse et Emmanuel Meafou, les num\u00e9ros 5 qui manquent tant au XV de France"},"content":{"rendered":"<p align=\"justify\"><em><strong><a href=\"https:\/\/dicodusport.fr\/blog\/actualites\/rugby\/rugby-a-xv\/xv-de-france\/\">XV DE FRANCE<\/a> &#8211; Apr\u00e8s deux matchs dans la <a href=\"https:\/\/dicodusport.fr\/blog\/actualites\/rugby\/rugby-a-xv\/coupe-du-monde-de-rugby-2023\/\">Coupe du monde de rugby 2023<\/a>, l&rsquo;absence d&rsquo;un num\u00e9ro 5 d&rsquo;envergure se fait ressentir pour le XV de France.\u00a0<\/strong><\/em><\/p>\n<p align=\"justify\">Deux \u00eatres vous manquent, et tout est d\u00e9peupl\u00e9 ! <strong>Paul Willemse<\/strong>, \u00e0 cause d&rsquo;une blessure, et <strong>Emmanuel<\/strong> <strong>Meafou<\/strong>, \u00e0 cause d&rsquo;un changement de r\u00e8gles d&rsquo;\u00e9ligibilit\u00e9, ne sont pas avec le XV de France. Un constat net et sans bavure : leur absence se fait terriblement ressentir. L&rsquo;attelage titulaire de <strong>Fabien<\/strong> <strong>Galthi\u00e9<\/strong>, compos\u00e9 de <strong>Cameron<\/strong> <strong>Woki<\/strong> et <strong>Thibaud<\/strong> <strong>Flament<\/strong>, est l&rsquo;association de deux num\u00e9ros 4, aux profils de troisi\u00e8me ligne. En effet, aucun vrai num\u00e9ro 5 ne se d\u00e9gage pour bouleverser cette hi\u00e9rarchie.<\/p>\n<p align=\"justify\">Face \u00e0 la Nouvelle-Z\u00e9lande, les Bleus ont subi dans le combat pendant la premi\u00e8re p\u00e9riode. L&rsquo;entr\u00e9e d&rsquo;un vrai num\u00e9ro 5, <strong>Romain Taoffifenua<\/strong>, \u00e0 la place de <strong>Cameron<\/strong> <strong>Woki<\/strong>, aura \u00e9t\u00e9 salvatrice. Le Lyonnais a livr\u00e9 30 minutes de tr\u00e8s bonne facture et pourrait donc \u00eatre le deuxi\u00e8me ligne c\u00f4t\u00e9 droit que la France cherche. Pourtant, align\u00e9 d&rsquo;entr\u00e9e <a href=\"https:\/\/dicodusport.fr\/blog\/coupe-du-monde-de-rugby-la-petite-victoire-des-bleus-face-a-luruguay-en-chiffres\/\">face \u00e0 l&rsquo;Uruguay<\/a>, \u00ab\u00a0<strong>Tao<\/strong>\u00a0\u00bb s&rsquo;est manqu\u00e9.<\/p>\n<div class=\"vlp-link-container vlp-layout-article\"><a href=\"https:\/\/dicodusport.fr\/blog\/xv-de-france-notes-des-bleus-face-uruguay\/\" class=\"vlp-link\" title=\"XV de France : Les notes des Bleus face \u00e0 l&#039;Uruguay\"><\/a><div class=\"vlp-layout-zone-side\"><div class=\"vlp-block-4 vlp-link-image\"><img loading=\"lazy\" decoding=\"async\" style=\"max-width: 800px;\" width=\"800\" height=\"445\" src=\"https:\/\/dicodusport.fr\/blog\/wp-content\/uploads\/2023\/09\/XV-de-France-Les-notes-des-Bleus-face-a-lUruguay-1.png\" class=\"attachment-800x445 size-800x445\" alt=\"XV de France Les notes des Bleus face \u00e0 l&#039;Uruguay\" srcset=\"https:\/\/dicodusport.fr\/blog\/wp-content\/uploads\/2023\/09\/XV-de-France-Les-notes-des-Bleus-face-a-lUruguay-1.png 800w, https:\/\/dicodusport.fr\/blog\/wp-content\/uploads\/2023\/09\/XV-de-France-Les-notes-des-Bleus-face-a-lUruguay-1-300x167.png 300w, https:\/\/dicodusport.fr\/blog\/wp-content\/uploads\/2023\/09\/XV-de-France-Les-notes-des-Bleus-face-a-lUruguay-1-768x427.png 768w\" sizes=\"auto, (max-width: 800px) 100vw, 800px\" \/><\/div><\/div><div class=\"vlp-layout-zone-main\"><div class=\"vlp-block-0 vlp-link-title\">XV de France : Les notes des Bleus face \u00e0 l'Uruguay<\/div><div class=\"vlp-block-1 vlp-link-summary\">COUPE DU MONDE DE RUGBY 2023 - D\u00e9couvrez les notes des Bleus face \u00e0 l'Uruguay, au terme de la petite victoire du XV de France (27-12).<\/div><div class=\"vlp-block-2 vlp-link-button\">Lire l'article<\/div><div class=\"vlp-block-3 vlp-link-url\">dicodusport.fr<\/div><\/div><\/div>\n<h2 align=\"justify\">Cameron Woki trop tendre<\/h2>\n<p align=\"justify\">En effet, l&rsquo;indiscipline de <strong>Romain Taofifenua<\/strong> a co\u00fbt\u00e9 cher aux Bleus. L&rsquo;ancien Toulonnais peut s&rsquo;estimer heureux d&rsquo;avoir pu revenir sur la pelouse apr\u00e8s son \u00ab\u00a0plaquage\u00a0\u00bb dangereux. Dans l&rsquo;esprit du staff du XV de France, <strong>Romain<\/strong> <strong>Taoffifenua<\/strong> est un finisseur, et non un titulaire. Cette nouvelle prestation face \u00e0 l&rsquo;Uruguay ne va pas changer la donne. Face \u00e0 une des plus petites \u00e9quipes de la Coupe du monde, les Bleus ont \u00e9t\u00e9 lamin\u00e9s dans les rucks (48 gagn\u00e9s, pour 64 pour leurs adversaires).<\/p>\n<p align=\"justify\">De son c\u00f4t\u00e9, <strong>Thibaud<\/strong> <strong>Flament<\/strong> est probablement un des meilleurs quatre au monde, mais a beaucoup plus de difficult\u00e9s au poste de num\u00e9ro 5. <strong>Cameron<\/strong> <strong>Woki<\/strong> est un vrai atout en touche, mais est beaucoup trop tendre dans le combat et le jeu au sol. Si face \u00e0 certaines \u00e9quipes, cela peut suffire, les Tricolores risquent de subir dans le combat au sol face \u00e0 l&rsquo;Irlande et \u00e0 l&rsquo;Afrique du Sud.<\/p>\n<p align=\"justify\">De son c\u00f4t\u00e9, <strong>Bastien<\/strong> <strong>Chalureau<\/strong> est \u00e0 cr\u00e9diter d&rsquo;une bonne entr\u00e9e au poste de num\u00e9ro 5. Mais de l\u00e0 \u00e0 bouleverser la hi\u00e9rarchie ? Le staff du XV de France devrait continuer de faire confiance au m\u00eame attelage, Woki-Flament, \u00e0 moins d&rsquo;une blessure dans le groupe et donc d&rsquo;un retour de <strong>Paul<\/strong> <strong>Willemse<\/strong>.<\/p>\n","protected":false},"excerpt":{"rendered":"<p>XV DE FRANCE &#8211; Apr\u00e8s deux matchs dans la Coupe du monde, l&rsquo;absence d&rsquo;un num\u00e9ro 5 d&rsquo;envergure se fait ressentir pour le XV de France.\u00a0<\/p>\n","protected":false},"author":1,"featured_media":419137,"comment_status":"open","ping_status":"closed","sticky":false,"template":"","format":"standard","meta":{"_acf_changed":false,"_daextam_enable_autolinks":"","footnotes":""},"categories":[47049,9129,19951],"tags":[16878,5757,1638],"class_list":["post-419127","post","type-post","status-publish","format-standard","has-post-thumbnail","hentry","category-coupe-du-monde-de-rugby","category-rugby-a-xv","category-xv-de-france","tag-breve","tag-cameron-woki","tag-xv-de-france"],"acf":[],"yoast_head":"<!-- This site is optimized with the Yoast SEO Premium plugin v26.7 (Yoast SEO v26.7) - https:\/\/yoast.com\/wordpress\/plugins\/seo\/ -->\n<title>Paul Willemse et Emmanuel Meafou, les num\u00e9ros 5 qui manquent tant au XV de France<\/title>\n<meta name=\"description\" content=\"XV DE FRANCE - Apr\u00e8s deux matchs dans la Coupe du monde, l&#039;absence d&#039;un num\u00e9ro 5 d&#039;envergure se fait ressentir pour le XV de France.\u00a0\" \/>\n<meta name=\"robots\" content=\"index, follow, max-snippet:-1, max-image-preview:large, max-video-preview:-1\" \/>\n<link rel=\"canonical\" href=\"https:\/\/dicodusport.fr\/blog\/paul-willemse-et-emmanuel-meafou-les-numeros-5-qui-manquent-tant-au-xv-de-france\/\" \/>\n<meta property=\"og:locale\" content=\"fr_FR\" \/>\n<meta property=\"og:type\" content=\"article\" \/>\n<meta property=\"og:title\" content=\"Paul Willemse et Emmanuel Meafou, les num\u00e9ros 5 qui manquent tant au XV de France\" \/>\n<meta property=\"og:description\" content=\"XV DE FRANCE - Apr\u00e8s deux matchs dans la Coupe du monde, l&#039;absence d&#039;un num\u00e9ro 5 d&#039;envergure se fait ressentir pour le XV de France.\u00a0\" \/>\n<meta property=\"og:url\" content=\"https:\/\/dicodusport.fr\/blog\/paul-willemse-et-emmanuel-meafou-les-numeros-5-qui-manquent-tant-au-xv-de-france\/\" \/>\n<meta property=\"og:site_name\" content=\"Dicodusport\" \/>\n<meta property=\"article:publisher\" content=\"https:\/\/www.facebook.com\/dicodusport\" \/>\n<meta property=\"article:author\" content=\"https:\/\/www.facebook.com\/dicodusport\" \/>\n<meta property=\"article:published_time\" content=\"2023-09-15T16:34:22+00:00\" \/>\n<meta property=\"article:modified_time\" content=\"2023-09-16T13:50:26+00:00\" \/>\n<meta property=\"og:image\" content=\"https:\/\/dicodusport.fr\/blog\/wp-content\/uploads\/2023\/09\/Paul-Willemse-et-Emmanuel-Meafou-les-numeros-5-qui-manquent-tant-au-XV-de-France.png\" \/>\n\t<meta property=\"og:image:width\" content=\"800\" \/>\n\t<meta property=\"og:image:height\" content=\"445\" \/>\n\t<meta property=\"og:image:type\" content=\"image\/png\" \/>\n<meta name=\"author\" content=\"Nicolas Jacquemard\" \/>\n<meta name=\"twitter:card\" content=\"summary_large_image\" \/>\n<meta name=\"twitter:title\" content=\"Paul Willemse et Emmanuel Meafou, les num\u00e9ros 5 qui manquent tant au XV de France\" \/>\n<meta name=\"twitter:creator\" content=\"@https:\/\/twitter.com\/Nico_Jacquemard\" \/>\n<meta name=\"twitter:site\" content=\"@dicodusport\" \/>\n<script type=\"application\/ld+json\" class=\"yoast-schema-graph\">{\"@context\":\"https:\/\/schema.org\",\"@graph\":[{\"@type\":\"NewsArticle\",\"@id\":\"https:\/\/dicodusport.fr\/blog\/paul-willemse-et-emmanuel-meafou-les-numeros-5-qui-manquent-tant-au-xv-de-france\/#article\",\"isPartOf\":{\"@id\":\"https:\/\/dicodusport.fr\/blog\/paul-willemse-et-emmanuel-meafou-les-numeros-5-qui-manquent-tant-au-xv-de-france\/\"},\"author\":{\"name\":\"Nicolas Jacquemard\",\"@id\":\"https:\/\/dicodusport.fr\/blog\/#\/schema\/person\/55dcb50ad410894e431ed812bbb70191\"},\"headline\":\"Paul Willemse et Emmanuel Meafou, les num\u00e9ros 5 qui manquent tant au XV de France\",\"datePublished\":\"2023-09-15T16:34:22+00:00\",\"dateModified\":\"2023-09-16T13:50:26+00:00\",\"mainEntityOfPage\":{\"@id\":\"https:\/\/dicodusport.fr\/blog\/paul-willemse-et-emmanuel-meafou-les-numeros-5-qui-manquent-tant-au-xv-de-france\/\"},\"wordCount\":502,\"commentCount\":0,\"publisher\":{\"@id\":\"https:\/\/dicodusport.fr\/blog\/#organization\"},\"image\":{\"@id\":\"https:\/\/dicodusport.fr\/blog\/paul-willemse-et-emmanuel-meafou-les-numeros-5-qui-manquent-tant-au-xv-de-france\/#primaryimage\"},\"thumbnailUrl\":\"https:\/\/dicodusport.fr\/blog\/wp-content\/uploads\/2023\/09\/Paul-Willemse-et-Emmanuel-Meafou-les-numeros-5-qui-manquent-tant-au-XV-de-France.png\",\"keywords\":[\"br\u00e8ve\",\"Cameron Woki\",\"XV de France\"],\"articleSection\":[\"Coupe du monde de rugby\",\"Rugby \u00e0 XV\",\"XV de France\"],\"inLanguage\":\"fr-FR\",\"potentialAction\":[{\"@type\":\"CommentAction\",\"name\":\"Comment\",\"target\":[\"https:\/\/dicodusport.fr\/blog\/paul-willemse-et-emmanuel-meafou-les-numeros-5-qui-manquent-tant-au-xv-de-france\/#respond\"]}],\"copyrightYear\":\"2023\",\"copyrightHolder\":{\"@id\":\"https:\/\/dicodusport.fr\/blog\/#organization\"}},{\"@type\":\"WebPage\",\"@id\":\"https:\/\/dicodusport.fr\/blog\/paul-willemse-et-emmanuel-meafou-les-numeros-5-qui-manquent-tant-au-xv-de-france\/\",\"url\":\"https:\/\/dicodusport.fr\/blog\/paul-willemse-et-emmanuel-meafou-les-numeros-5-qui-manquent-tant-au-xv-de-france\/\",\"name\":\"Paul Willemse et Emmanuel Meafou, les num\u00e9ros 5 qui manquent tant au XV de France\",\"isPartOf\":{\"@id\":\"https:\/\/dicodusport.fr\/blog\/#website\"},\"primaryImageOfPage\":{\"@id\":\"https:\/\/dicodusport.fr\/blog\/paul-willemse-et-emmanuel-meafou-les-numeros-5-qui-manquent-tant-au-xv-de-france\/#primaryimage\"},\"image\":{\"@id\":\"https:\/\/dicodusport.fr\/blog\/paul-willemse-et-emmanuel-meafou-les-numeros-5-qui-manquent-tant-au-xv-de-france\/#primaryimage\"},\"thumbnailUrl\":\"https:\/\/dicodusport.fr\/blog\/wp-content\/uploads\/2023\/09\/Paul-Willemse-et-Emmanuel-Meafou-les-numeros-5-qui-manquent-tant-au-XV-de-France.png\",\"datePublished\":\"2023-09-15T16:34:22+00:00\",\"dateModified\":\"2023-09-16T13:50:26+00:00\",\"description\":\"XV DE FRANCE - Apr\u00e8s deux matchs dans la Coupe du monde, l'absence d'un num\u00e9ro 5 d'envergure se fait ressentir pour le XV de France.\u00a0\",\"breadcrumb\":{\"@id\":\"https:\/\/dicodusport.fr\/blog\/paul-willemse-et-emmanuel-meafou-les-numeros-5-qui-manquent-tant-au-xv-de-france\/#breadcrumb\"},\"inLanguage\":\"fr-FR\",\"potentialAction\":[{\"@type\":\"ReadAction\",\"target\":[\"https:\/\/dicodusport.fr\/blog\/paul-willemse-et-emmanuel-meafou-les-numeros-5-qui-manquent-tant-au-xv-de-france\/\"]}]},{\"@type\":\"ImageObject\",\"inLanguage\":\"fr-FR\",\"@id\":\"https:\/\/dicodusport.fr\/blog\/paul-willemse-et-emmanuel-meafou-les-numeros-5-qui-manquent-tant-au-xv-de-france\/#primaryimage\",\"url\":\"https:\/\/dicodusport.fr\/blog\/wp-content\/uploads\/2023\/09\/Paul-Willemse-et-Emmanuel-Meafou-les-numeros-5-qui-manquent-tant-au-XV-de-France.png\",\"contentUrl\":\"https:\/\/dicodusport.fr\/blog\/wp-content\/uploads\/2023\/09\/Paul-Willemse-et-Emmanuel-Meafou-les-numeros-5-qui-manquent-tant-au-XV-de-France.png\",\"width\":800,\"height\":445},{\"@type\":\"BreadcrumbList\",\"@id\":\"https:\/\/dicodusport.fr\/blog\/paul-willemse-et-emmanuel-meafou-les-numeros-5-qui-manquent-tant-au-xv-de-france\/#breadcrumb\",\"itemListElement\":[{\"@type\":\"ListItem\",\"position\":1,\"name\":\"Accueil\",\"item\":\"https:\/\/dicodusport.fr\/blog\/\"},{\"@type\":\"ListItem\",\"position\":2,\"name\":\"Paul Willemse et Emmanuel Meafou, les num\u00e9ros 5 qui manquent tant au XV de France\"}]},{\"@type\":\"WebSite\",\"@id\":\"https:\/\/dicodusport.fr\/blog\/#website\",\"url\":\"https:\/\/dicodusport.fr\/blog\/\",\"name\":\"Dicodusport\",\"description\":\"L&#039;encyclop\u00e9die de l&#039;actualit\u00e9 sportive\",\"publisher\":{\"@id\":\"https:\/\/dicodusport.fr\/blog\/#organization\"},\"potentialAction\":[{\"@type\":\"SearchAction\",\"target\":{\"@type\":\"EntryPoint\",\"urlTemplate\":\"https:\/\/dicodusport.fr\/blog\/?s={search_term_string}\"},\"query-input\":{\"@type\":\"PropertyValueSpecification\",\"valueRequired\":true,\"valueName\":\"search_term_string\"}}],\"inLanguage\":\"fr-FR\"},{\"@type\":\"NewsMediaOrganization\",\"@id\":\"https:\/\/dicodusport.fr\/blog\/#organization\",\"name\":\"Dicodusport\",\"url\":\"https:\/\/dicodusport.fr\/blog\/\",\"logo\":{\"@type\":\"ImageObject\",\"inLanguage\":\"fr-FR\",\"@id\":\"https:\/\/dicodusport.fr\/blog\/#\/schema\/logo\/image\/\",\"url\":\"https:\/\/dicodusport.fr\/blog\/wp-content\/uploads\/2020\/06\/cropped-LOGO-DICODUSPORT-2020-SANS-FOND-SANS-TEXTE.png\",\"contentUrl\":\"https:\/\/dicodusport.fr\/blog\/wp-content\/uploads\/2020\/06\/cropped-LOGO-DICODUSPORT-2020-SANS-FOND-SANS-TEXTE.png\",\"width\":512,\"height\":512,\"caption\":\"Dicodusport\"},\"image\":{\"@id\":\"https:\/\/dicodusport.fr\/blog\/#\/schema\/logo\/image\/\"},\"sameAs\":[\"https:\/\/www.facebook.com\/dicodusport\",\"https:\/\/x.com\/dicodusport\",\"https:\/\/www.instagram.com\/dicodusport\/\",\"https:\/\/www.youtube.com\/channel\/UC7V2KZ5sd3htJivAbA4ZG3w\"],\"description\":\"Dicodusport est l'encyclop\u00e9die de l'actualit\u00e9 sportive.\",\"email\":\"bonjour@dicodusport.fr\",\"legalName\":\"DICODUSPORT\",\"foundingDate\":\"2018-01-14\",\"vatID\":\"FR71834470973\",\"taxID\":\"83447097300043\",\"numberOfEmployees\":{\"@type\":\"QuantitativeValue\",\"minValue\":\"1\",\"maxValue\":\"10\"}},{\"@type\":\"Person\",\"@id\":\"https:\/\/dicodusport.fr\/blog\/#\/schema\/person\/55dcb50ad410894e431ed812bbb70191\",\"name\":\"Nicolas Jacquemard\",\"image\":{\"@type\":\"ImageObject\",\"inLanguage\":\"fr-FR\",\"@id\":\"https:\/\/dicodusport.fr\/blog\/#\/schema\/person\/image\/\",\"url\":\"https:\/\/dicodusport.fr\/blog\/wp-content\/uploads\/2021\/05\/Nicolas-Jacquemard-150x150.jpeg\",\"contentUrl\":\"https:\/\/dicodusport.fr\/blog\/wp-content\/uploads\/2021\/05\/Nicolas-Jacquemard-150x150.jpeg\",\"caption\":\"Nicolas Jacquemard\"},\"description\":\"Passionn\u00e9 de sport et entrepreneur depuis mes 18 ans, la cr\u00e9ation de Dicodusport m'a sembl\u00e9 \u00e9vidente pour participer \u00e0 la m\u00e9diatisation d'un plus grand nombre de sports. Le chemin est long mais avec une \u00e9quipe des plus motiv\u00e9es et les Jeux Olympiques de Paris 2024 en point de mire, nous y arriverons ! Journaliste dans le monde du sport depuis plus de 5 ans, je traite aussi bien de football, de rugby, de biathlon que de cyclisme.\",\"sameAs\":[\"https:\/\/www.facebook.com\/dicodusport\",\"https:\/\/x.com\/https:\/\/twitter.com\/Nico_Jacquemard\"],\"url\":\"https:\/\/dicodusport.fr\/blog\/author\/dicodusport\/\"}]}<\/script>\n<!-- \/ Yoast SEO Premium plugin. -->","yoast_head_json":{"title":"Paul Willemse et Emmanuel Meafou, les num\u00e9ros 5 qui manquent tant au XV de France","description":"XV DE FRANCE - Apr\u00e8s deux matchs dans la Coupe du monde, l'absence d'un num\u00e9ro 5 d'envergure se fait ressentir pour le XV de France.\u00a0","robots":{"index":"index","follow":"follow","max-snippet":"max-snippet:-1","max-image-preview":"max-image-preview:large","max-video-preview":"max-video-preview:-1"},"canonical":"https:\/\/dicodusport.fr\/blog\/paul-willemse-et-emmanuel-meafou-les-numeros-5-qui-manquent-tant-au-xv-de-france\/","og_locale":"fr_FR","og_type":"article","og_title":"Paul Willemse et Emmanuel Meafou, les num\u00e9ros 5 qui manquent tant au XV de France","og_description":"XV DE FRANCE - Apr\u00e8s deux matchs dans la Coupe du monde, l'absence d'un num\u00e9ro 5 d'envergure se fait ressentir pour le XV de France.\u00a0","og_url":"https:\/\/dicodusport.fr\/blog\/paul-willemse-et-emmanuel-meafou-les-numeros-5-qui-manquent-tant-au-xv-de-france\/","og_site_name":"Dicodusport","article_publisher":"https:\/\/www.facebook.com\/dicodusport","article_author":"https:\/\/www.facebook.com\/dicodusport","article_published_time":"2023-09-15T16:34:22+00:00","article_modified_time":"2023-09-16T13:50:26+00:00","og_image":[{"width":800,"height":445,"url":"https:\/\/dicodusport.fr\/blog\/wp-content\/uploads\/2023\/09\/Paul-Willemse-et-Emmanuel-Meafou-les-numeros-5-qui-manquent-tant-au-XV-de-France.png","type":"image\/png"}],"author":"Nicolas Jacquemard","twitter_card":"summary_large_image","twitter_title":"Paul Willemse et Emmanuel Meafou, les num\u00e9ros 5 qui manquent tant au XV de France","twitter_creator":"@https:\/\/twitter.com\/Nico_Jacquemard","twitter_site":"@dicodusport","schema":{"@context":"https:\/\/schema.org","@graph":[{"@type":"NewsArticle","@id":"https:\/\/dicodusport.fr\/blog\/paul-willemse-et-emmanuel-meafou-les-numeros-5-qui-manquent-tant-au-xv-de-france\/#article","isPartOf":{"@id":"https:\/\/dicodusport.fr\/blog\/paul-willemse-et-emmanuel-meafou-les-numeros-5-qui-manquent-tant-au-xv-de-france\/"},"author":{"name":"Nicolas Jacquemard","@id":"https:\/\/dicodusport.fr\/blog\/#\/schema\/person\/55dcb50ad410894e431ed812bbb70191"},"headline":"Paul Willemse et Emmanuel Meafou, les num\u00e9ros 5 qui manquent tant au XV de France","datePublished":"2023-09-15T16:34:22+00:00","dateModified":"2023-09-16T13:50:26+00:00","mainEntityOfPage":{"@id":"https:\/\/dicodusport.fr\/blog\/paul-willemse-et-emmanuel-meafou-les-numeros-5-qui-manquent-tant-au-xv-de-france\/"},"wordCount":502,"commentCount":0,"publisher":{"@id":"https:\/\/dicodusport.fr\/blog\/#organization"},"image":{"@id":"https:\/\/dicodusport.fr\/blog\/paul-willemse-et-emmanuel-meafou-les-numeros-5-qui-manquent-tant-au-xv-de-france\/#primaryimage"},"thumbnailUrl":"https:\/\/dicodusport.fr\/blog\/wp-content\/uploads\/2023\/09\/Paul-Willemse-et-Emmanuel-Meafou-les-numeros-5-qui-manquent-tant-au-XV-de-France.png","keywords":["br\u00e8ve","Cameron Woki","XV de France"],"articleSection":["Coupe du monde de rugby","Rugby \u00e0 XV","XV de France"],"inLanguage":"fr-FR","potentialAction":[{"@type":"CommentAction","name":"Comment","target":["https:\/\/dicodusport.fr\/blog\/paul-willemse-et-emmanuel-meafou-les-numeros-5-qui-manquent-tant-au-xv-de-france\/#respond"]}],"copyrightYear":"2023","copyrightHolder":{"@id":"https:\/\/dicodusport.fr\/blog\/#organization"}},{"@type":"WebPage","@id":"https:\/\/dicodusport.fr\/blog\/paul-willemse-et-emmanuel-meafou-les-numeros-5-qui-manquent-tant-au-xv-de-france\/","url":"https:\/\/dicodusport.fr\/blog\/paul-willemse-et-emmanuel-meafou-les-numeros-5-qui-manquent-tant-au-xv-de-france\/","name":"Paul Willemse et Emmanuel Meafou, les num\u00e9ros 5 qui manquent tant au XV de France","isPartOf":{"@id":"https:\/\/dicodusport.fr\/blog\/#website"},"primaryImageOfPage":{"@id":"https:\/\/dicodusport.fr\/blog\/paul-willemse-et-emmanuel-meafou-les-numeros-5-qui-manquent-tant-au-xv-de-france\/#primaryimage"},"image":{"@id":"https:\/\/dicodusport.fr\/blog\/paul-willemse-et-emmanuel-meafou-les-numeros-5-qui-manquent-tant-au-xv-de-france\/#primaryimage"},"thumbnailUrl":"https:\/\/dicodusport.fr\/blog\/wp-content\/uploads\/2023\/09\/Paul-Willemse-et-Emmanuel-Meafou-les-numeros-5-qui-manquent-tant-au-XV-de-France.png","datePublished":"2023-09-15T16:34:22+00:00","dateModified":"2023-09-16T13:50:26+00:00","description":"XV DE FRANCE - Apr\u00e8s deux matchs dans la Coupe du monde, l'absence d'un num\u00e9ro 5 d'envergure se fait ressentir pour le XV de France.\u00a0","breadcrumb":{"@id":"https:\/\/dicodusport.fr\/blog\/paul-willemse-et-emmanuel-meafou-les-numeros-5-qui-manquent-tant-au-xv-de-france\/#breadcrumb"},"inLanguage":"fr-FR","potentialAction":[{"@type":"ReadAction","target":["https:\/\/dicodusport.fr\/blog\/paul-willemse-et-emmanuel-meafou-les-numeros-5-qui-manquent-tant-au-xv-de-france\/"]}]},{"@type":"ImageObject","inLanguage":"fr-FR","@id":"https:\/\/dicodusport.fr\/blog\/paul-willemse-et-emmanuel-meafou-les-numeros-5-qui-manquent-tant-au-xv-de-france\/#primaryimage","url":"https:\/\/dicodusport.fr\/blog\/wp-content\/uploads\/2023\/09\/Paul-Willemse-et-Emmanuel-Meafou-les-numeros-5-qui-manquent-tant-au-XV-de-France.png","contentUrl":"https:\/\/dicodusport.fr\/blog\/wp-content\/uploads\/2023\/09\/Paul-Willemse-et-Emmanuel-Meafou-les-numeros-5-qui-manquent-tant-au-XV-de-France.png","width":800,"height":445},{"@type":"BreadcrumbList","@id":"https:\/\/dicodusport.fr\/blog\/paul-willemse-et-emmanuel-meafou-les-numeros-5-qui-manquent-tant-au-xv-de-france\/#breadcrumb","itemListElement":[{"@type":"ListItem","position":1,"name":"Accueil","item":"https:\/\/dicodusport.fr\/blog\/"},{"@type":"ListItem","position":2,"name":"Paul Willemse et Emmanuel Meafou, les num\u00e9ros 5 qui manquent tant au XV de France"}]},{"@type":"WebSite","@id":"https:\/\/dicodusport.fr\/blog\/#website","url":"https:\/\/dicodusport.fr\/blog\/","name":"Dicodusport","description":"L&#039;encyclop\u00e9die de l&#039;actualit\u00e9 sportive","publisher":{"@id":"https:\/\/dicodusport.fr\/blog\/#organization"},"potentialAction":[{"@type":"SearchAction","target":{"@type":"EntryPoint","urlTemplate":"https:\/\/dicodusport.fr\/blog\/?s={search_term_string}"},"query-input":{"@type":"PropertyValueSpecification","valueRequired":true,"valueName":"search_term_string"}}],"inLanguage":"fr-FR"},{"@type":"NewsMediaOrganization","@id":"https:\/\/dicodusport.fr\/blog\/#organization","name":"Dicodusport","url":"https:\/\/dicodusport.fr\/blog\/","logo":{"@type":"ImageObject","inLanguage":"fr-FR","@id":"https:\/\/dicodusport.fr\/blog\/#\/schema\/logo\/image\/","url":"https:\/\/dicodusport.fr\/blog\/wp-content\/uploads\/2020\/06\/cropped-LOGO-DICODUSPORT-2020-SANS-FOND-SANS-TEXTE.png","contentUrl":"https:\/\/dicodusport.fr\/blog\/wp-content\/uploads\/2020\/06\/cropped-LOGO-DICODUSPORT-2020-SANS-FOND-SANS-TEXTE.png","width":512,"height":512,"caption":"Dicodusport"},"image":{"@id":"https:\/\/dicodusport.fr\/blog\/#\/schema\/logo\/image\/"},"sameAs":["https:\/\/www.facebook.com\/dicodusport","https:\/\/x.com\/dicodusport","https:\/\/www.instagram.com\/dicodusport\/","https:\/\/www.youtube.com\/channel\/UC7V2KZ5sd3htJivAbA4ZG3w"],"description":"Dicodusport est l'encyclop\u00e9die de l'actualit\u00e9 sportive.","email":"bonjour@dicodusport.fr","legalName":"DICODUSPORT","foundingDate":"2018-01-14","vatID":"FR71834470973","taxID":"83447097300043","numberOfEmployees":{"@type":"QuantitativeValue","minValue":"1","maxValue":"10"}},{"@type":"Person","@id":"https:\/\/dicodusport.fr\/blog\/#\/schema\/person\/55dcb50ad410894e431ed812bbb70191","name":"Nicolas Jacquemard","image":{"@type":"ImageObject","inLanguage":"fr-FR","@id":"https:\/\/dicodusport.fr\/blog\/#\/schema\/person\/image\/","url":"https:\/\/dicodusport.fr\/blog\/wp-content\/uploads\/2021\/05\/Nicolas-Jacquemard-150x150.jpeg","contentUrl":"https:\/\/dicodusport.fr\/blog\/wp-content\/uploads\/2021\/05\/Nicolas-Jacquemard-150x150.jpeg","caption":"Nicolas Jacquemard"},"description":"Passionn\u00e9 de sport et entrepreneur depuis mes 18 ans, la cr\u00e9ation de Dicodusport m'a sembl\u00e9 \u00e9vidente pour participer \u00e0 la m\u00e9diatisation d'un plus grand nombre de sports. Le chemin est long mais avec une \u00e9quipe des plus motiv\u00e9es et les Jeux Olympiques de Paris 2024 en point de mire, nous y arriverons ! Journaliste dans le monde du sport depuis plus de 5 ans, je traite aussi bien de football, de rugby, de biathlon que de cyclisme.","sameAs":["https:\/\/www.facebook.com\/dicodusport","https:\/\/x.com\/https:\/\/twitter.com\/Nico_Jacquemard"],"url":"https:\/\/dicodusport.fr\/blog\/author\/dicodusport\/"}]}},"_links":{"self":[{"href":"https:\/\/dicodusport.fr\/blog\/wp-json\/wp\/v2\/posts\/419127","targetHints":{"allow":["GET"]}}],"collection":[{"href":"https:\/\/dicodusport.fr\/blog\/wp-json\/wp\/v2\/posts"}],"about":[{"href":"https:\/\/dicodusport.fr\/blog\/wp-json\/wp\/v2\/types\/post"}],"author":[{"embeddable":true,"href":"https:\/\/dicodusport.fr\/blog\/wp-json\/wp\/v2\/users\/1"}],"replies":[{"embeddable":true,"href":"https:\/\/dicodusport.fr\/blog\/wp-json\/wp\/v2\/comments?post=419127"}],"version-history":[{"count":0,"href":"https:\/\/dicodusport.fr\/blog\/wp-json\/wp\/v2\/posts\/419127\/revisions"}],"wp:featuredmedia":[{"embeddable":true,"href":"https:\/\/dicodusport.fr\/blog\/wp-json\/wp\/v2\/media\/419137"}],"wp:attachment":[{"href":"https:\/\/dicodusport.fr\/blog\/wp-json\/wp\/v2\/media?parent=419127"}],"wp:term":[{"taxonomy":"category","embeddable":true,"href":"https:\/\/dicodusport.fr\/blog\/wp-json\/wp\/v2\/categories?post=419127"},{"taxonomy":"post_tag","embeddable":true,"href":"https:\/\/dicodusport.fr\/blog\/wp-json\/wp\/v2\/tags?post=419127"}],"curies":[{"name":"wp","href":"https:\/\/api.w.org\/{rel}","templated":true}]}}