{"id":419197,"date":"2023-09-15T14:09:49","date_gmt":"2023-09-15T12:09:49","guid":{"rendered":"https:\/\/dicodusport.fr\/blog\/?p=419197&#038;preview=true&#038;preview_id=419197"},"modified":"2023-09-15T14:09:49","modified_gmt":"2023-09-15T12:09:49","slug":"ligue-des-nations-feminine-la-liste-de-lequipe-de-france-pour-les-deux-premiers-matchs","status":"publish","type":"post","link":"https:\/\/dicodusport.fr\/blog\/ligue-des-nations-feminine-la-liste-de-lequipe-de-france-pour-les-deux-premiers-matchs\/","title":{"rendered":"Ligue des Nations f\u00e9minine : La liste de l&rsquo;\u00e9quipe de France pour les deux premiers matchs"},"content":{"rendered":"<p style=\"text-align: justify;\" align=\"justify\"><em><strong>LIGUE DES NATIONS F\u00c9MININE DE FOOTBALL 2023\/2024 &#8211; Les Bleues vont d\u00e9buter prochainement cette nouvelle comp\u00e9tition, et Herv\u00e9 Renard a choisi les joueuses qui vivront cette grande premi\u00e8re.\u00a0<\/strong><\/em><\/p>\n<p style=\"text-align: justify;\" align=\"justify\">La toute premi\u00e8re Ligue des Nations f\u00e9minine va d\u00e9buter dans quelques jours. Plac\u00e9e dans le groupe A2, l&rsquo;\u00e9quipe de France va d\u00e9buter la phase de poule par des affrontements contre le Portugal le 22 septembre, puis face \u00e0 l&rsquo;Autriche le 26. Pour ces deux premi\u00e8res affiches, <strong>Herv\u00e9 Renard<\/strong> a convoqu\u00e9 25 joueuses, s&rsquo;appuyant logiquement sur les joueuses ayant disput\u00e9 la derni\u00e8re Coupe du monde.<\/p>\n<h2 style=\"text-align: justify;\" align=\"justify\">La liste des Bleues<\/h2>\n<p style=\"text-align: justify;\"><strong>Gardiennes<\/strong><\/p>\n<ul class=\"list_unordered\" style=\"text-align: justify;\">\n<li>Sol\u00e8ne Durand<\/li>\n<li>Pauline Peyraud-Magnin<\/li>\n<li>Constance Picaud<\/li>\n<\/ul>\n<p style=\"text-align: justify;\"><strong>D\u00e9fenseures<\/strong><\/p>\n<ul class=\"list_unordered\" style=\"text-align: justify;\">\n<li>Selma Bacha<\/li>\n<li>Estelle Cascarino<\/li>\n<li>Elisa de Almeida<\/li>\n<li>Sakina Karchaoui<\/li>\n<li>Jade Le Guilly<\/li>\n<li>Griedge Mbock<\/li>\n<li>Eve Perisset<\/li>\n<li>Wendie Renard<\/li>\n<\/ul>\n<p style=\"text-align: justify;\"><strong>Milieux<\/strong><\/p>\n<ul class=\"list_unordered\" style=\"text-align: justify;\">\n<li>Laurina Fazer<\/li>\n<li>Grace Geyoro<\/li>\n<li>Amandine Henry<\/li>\n<li>Oriane Jean-Fran\u00e7ois<\/li>\n<li>L\u00e9a Le Garrec<\/li>\n<li>Amel Majri<\/li>\n<li>Sandie Toletti<\/li>\n<\/ul>\n<p style=\"text-align: justify;\"><strong>Attaquantes<\/strong><\/p>\n<ul class=\"list_unordered\" style=\"text-align: justify;\">\n<li>Viviane Asseyi<\/li>\n<li>Sandy Baltimore<\/li>\n<li>Vicki Becho<\/li>\n<li>Kadidiatou Diani<\/li>\n<li>Julie Dufour<\/li>\n<li>Eug\u00e9nie Le Sommer<\/li>\n<li>Clara Mateo<\/li>\n<\/ul>\n<blockquote class=\"twitter-tweet\">\n<p dir=\"ltr\" lang=\"fr\">\ud835\udc0b\ud835\udc1e \ud835\udc1d\ud835\udc1e\u0301\ud835\udc1b\ud835\udc2e\ud835\udc2d \ud835\udc1d\u2019\ud835\udc2e\ud835\udc27\ud835\udc1e \ud835\udc27\ud835\udc28\ud835\udc2e\ud835\udc2f\ud835\udc1e\ud835\udc25\ud835\udc25\ud835\udc1e \ud835\udc2c\ud835\udc1a\ud835\udc22\ud835\udc2c\ud835\udc28\ud835\udc27 ! \ud83d\udc4a<br \/>\n2\ufe0f\u20e35\ufe0f\u20e3 joueuses sont convoqu\u00e9es par <a href=\"https:\/\/twitter.com\/Herve_Renard_HR?ref_src=twsrc%5Etfw\">@Herve_Renard_HR<\/a> pour nos d\u00e9buts en Ligue des Nations \ud83d\udd25<\/p>\n<p>\ud83c\uddeb\ud83c\uddf7\ud83c\uddf5\ud83c\uddf9 22\/09 \u00e0 21h10 (Valenciennes)<br \/>\n\ud83c\udde6\ud83c\uddf9\ud83c\uddeb\ud83c\uddf7 26\/09 \u00e0 18h30 (Viennes) <a href=\"https:\/\/t.co\/M9700MyJrO\">pic.twitter.com\/M9700MyJrO<\/a><\/p>\n<p>\u2014 Equipe de France F\u00e9minine (@equipedefranceF) <a href=\"https:\/\/twitter.com\/equipedefranceF\/status\/1702654314940948826?ref_src=twsrc%5Etfw\">September 15, 2023<\/a><\/p><\/blockquote>\n<p style=\"text-align: justify;\"><script async src=\"https:\/\/platform.twitter.com\/widgets.js\" charset=\"utf-8\"><\/script><\/p>\n","protected":false},"excerpt":{"rendered":"<p>LIGUE DES NATIONS F\u00c9MININE DE FOOTBALL 2023\/2024 &#8211; Les Bleues vont d\u00e9buter prochainement cette nouvelle comp\u00e9tition, et Herv\u00e9 Renard a choisi les joueuses qui vivront cette grande premi\u00e8re.\u00a0<\/p>\n","protected":false},"author":59,"featured_media":419211,"comment_status":"open","ping_status":"closed","sticky":false,"template":"","format":"standard","meta":{"_acf_changed":false,"_daextam_enable_autolinks":"","footnotes":""},"categories":[2301],"tags":[16878,6653,75],"class_list":["post-419197","post","type-post","status-publish","format-standard","has-post-thumbnail","hentry","category-football","tag-breve","tag-equipe-de-france-feminine-de-football","tag-football"],"acf":[],"yoast_head":"<!-- This site is optimized with the Yoast SEO Premium plugin v26.7 (Yoast SEO v26.7) - https:\/\/yoast.com\/wordpress\/plugins\/seo\/ -->\n<title>Ligue des Nations f\u00e9minine : La liste de l&#039;\u00e9quipe de France pour les deux premiers matchs<\/title>\n<meta name=\"description\" content=\"LIGUE DES NATIONS F\u00c9MININE DE FOOTBALL 2023\/2024 - Les Bleues vont d\u00e9buter prochainement cette nouvelle comp\u00e9tition.\" \/>\n<meta name=\"robots\" content=\"index, follow, max-snippet:-1, max-image-preview:large, max-video-preview:-1\" \/>\n<link rel=\"canonical\" href=\"https:\/\/dicodusport.fr\/blog\/ligue-des-nations-feminine-la-liste-de-lequipe-de-france-pour-les-deux-premiers-matchs\/\" \/>\n<meta property=\"og:locale\" content=\"fr_FR\" \/>\n<meta property=\"og:type\" content=\"article\" \/>\n<meta property=\"og:title\" content=\"Ligue des Nations f\u00e9minine : La liste de l&#039;\u00e9quipe de France pour les deux premiers matchs\" \/>\n<meta property=\"og:description\" content=\"LIGUE DES NATIONS F\u00c9MININE DE FOOTBALL 2023\/2024 - Les Bleues vont d\u00e9buter prochainement cette nouvelle comp\u00e9tition.\" \/>\n<meta property=\"og:url\" content=\"https:\/\/dicodusport.fr\/blog\/ligue-des-nations-feminine-la-liste-de-lequipe-de-france-pour-les-deux-premiers-matchs\/\" \/>\n<meta property=\"og:site_name\" content=\"Dicodusport\" \/>\n<meta property=\"article:publisher\" content=\"https:\/\/www.facebook.com\/dicodusport\" \/>\n<meta property=\"article:author\" content=\"https:\/\/www.facebook.com\/sebastien.gente\/\" \/>\n<meta property=\"article:published_time\" content=\"2023-09-15T12:09:49+00:00\" \/>\n<meta property=\"og:image\" content=\"https:\/\/dicodusport.fr\/blog\/wp-content\/uploads\/2023\/09\/Ligue-des-Nations-feminine-La-liste-de-lequipe-de-France-pour-les-deux-premiers-matchs.png\" \/>\n\t<meta property=\"og:image:width\" content=\"800\" \/>\n\t<meta property=\"og:image:height\" content=\"445\" \/>\n\t<meta property=\"og:image:type\" content=\"image\/png\" \/>\n<meta name=\"author\" content=\"S\u00e9bastien Gente\" \/>\n<meta name=\"twitter:card\" content=\"summary_large_image\" \/>\n<meta name=\"twitter:title\" content=\"Ligue des Nations f\u00e9minine : La liste de l&#039;\u00e9quipe de France pour les deux premiers matchs\" \/>\n<meta name=\"twitter:creator\" content=\"@https:\/\/twitter.com\/globulo24\" \/>\n<meta name=\"twitter:site\" content=\"@dicodusport\" \/>\n<script type=\"application\/ld+json\" class=\"yoast-schema-graph\">{\"@context\":\"https:\/\/schema.org\",\"@graph\":[{\"@type\":\"NewsArticle\",\"@id\":\"https:\/\/dicodusport.fr\/blog\/ligue-des-nations-feminine-la-liste-de-lequipe-de-france-pour-les-deux-premiers-matchs\/#article\",\"isPartOf\":{\"@id\":\"https:\/\/dicodusport.fr\/blog\/ligue-des-nations-feminine-la-liste-de-lequipe-de-france-pour-les-deux-premiers-matchs\/\"},\"author\":{\"name\":\"S\u00e9bastien Gente\",\"@id\":\"https:\/\/dicodusport.fr\/blog\/#\/schema\/person\/627966a6cde45dbd8c5e36ac85d783da\"},\"headline\":\"Ligue des Nations f\u00e9minine : La liste de l&rsquo;\u00e9quipe de France pour les deux premiers matchs\",\"datePublished\":\"2023-09-15T12:09:49+00:00\",\"mainEntityOfPage\":{\"@id\":\"https:\/\/dicodusport.fr\/blog\/ligue-des-nations-feminine-la-liste-de-lequipe-de-france-pour-les-deux-premiers-matchs\/\"},\"wordCount\":217,\"commentCount\":0,\"publisher\":{\"@id\":\"https:\/\/dicodusport.fr\/blog\/#organization\"},\"image\":{\"@id\":\"https:\/\/dicodusport.fr\/blog\/ligue-des-nations-feminine-la-liste-de-lequipe-de-france-pour-les-deux-premiers-matchs\/#primaryimage\"},\"thumbnailUrl\":\"https:\/\/dicodusport.fr\/blog\/wp-content\/uploads\/2023\/09\/Ligue-des-Nations-feminine-La-liste-de-lequipe-de-France-pour-les-deux-premiers-matchs.png\",\"keywords\":[\"br\u00e8ve\",\"\u00c9quipe de France f\u00e9minine de football\",\"Football\"],\"articleSection\":[\"Football\"],\"inLanguage\":\"fr-FR\",\"potentialAction\":[{\"@type\":\"CommentAction\",\"name\":\"Comment\",\"target\":[\"https:\/\/dicodusport.fr\/blog\/ligue-des-nations-feminine-la-liste-de-lequipe-de-france-pour-les-deux-premiers-matchs\/#respond\"]}],\"copyrightYear\":\"2023\",\"copyrightHolder\":{\"@id\":\"https:\/\/dicodusport.fr\/blog\/#organization\"}},{\"@type\":\"WebPage\",\"@id\":\"https:\/\/dicodusport.fr\/blog\/ligue-des-nations-feminine-la-liste-de-lequipe-de-france-pour-les-deux-premiers-matchs\/\",\"url\":\"https:\/\/dicodusport.fr\/blog\/ligue-des-nations-feminine-la-liste-de-lequipe-de-france-pour-les-deux-premiers-matchs\/\",\"name\":\"Ligue des Nations f\u00e9minine : La liste de l'\u00e9quipe de France pour les deux premiers matchs\",\"isPartOf\":{\"@id\":\"https:\/\/dicodusport.fr\/blog\/#website\"},\"primaryImageOfPage\":{\"@id\":\"https:\/\/dicodusport.fr\/blog\/ligue-des-nations-feminine-la-liste-de-lequipe-de-france-pour-les-deux-premiers-matchs\/#primaryimage\"},\"image\":{\"@id\":\"https:\/\/dicodusport.fr\/blog\/ligue-des-nations-feminine-la-liste-de-lequipe-de-france-pour-les-deux-premiers-matchs\/#primaryimage\"},\"thumbnailUrl\":\"https:\/\/dicodusport.fr\/blog\/wp-content\/uploads\/2023\/09\/Ligue-des-Nations-feminine-La-liste-de-lequipe-de-France-pour-les-deux-premiers-matchs.png\",\"datePublished\":\"2023-09-15T12:09:49+00:00\",\"description\":\"LIGUE DES NATIONS F\u00c9MININE DE FOOTBALL 2023\/2024 - Les Bleues vont d\u00e9buter prochainement cette nouvelle comp\u00e9tition.\",\"breadcrumb\":{\"@id\":\"https:\/\/dicodusport.fr\/blog\/ligue-des-nations-feminine-la-liste-de-lequipe-de-france-pour-les-deux-premiers-matchs\/#breadcrumb\"},\"inLanguage\":\"fr-FR\",\"potentialAction\":[{\"@type\":\"ReadAction\",\"target\":[\"https:\/\/dicodusport.fr\/blog\/ligue-des-nations-feminine-la-liste-de-lequipe-de-france-pour-les-deux-premiers-matchs\/\"]}]},{\"@type\":\"ImageObject\",\"inLanguage\":\"fr-FR\",\"@id\":\"https:\/\/dicodusport.fr\/blog\/ligue-des-nations-feminine-la-liste-de-lequipe-de-france-pour-les-deux-premiers-matchs\/#primaryimage\",\"url\":\"https:\/\/dicodusport.fr\/blog\/wp-content\/uploads\/2023\/09\/Ligue-des-Nations-feminine-La-liste-de-lequipe-de-France-pour-les-deux-premiers-matchs.png\",\"contentUrl\":\"https:\/\/dicodusport.fr\/blog\/wp-content\/uploads\/2023\/09\/Ligue-des-Nations-feminine-La-liste-de-lequipe-de-France-pour-les-deux-premiers-matchs.png\",\"width\":800,\"height\":445,\"caption\":\"Ligue des Nations f\u00e9minine La liste de l'\u00e9quipe de France pour les deux premiers matchs\"},{\"@type\":\"BreadcrumbList\",\"@id\":\"https:\/\/dicodusport.fr\/blog\/ligue-des-nations-feminine-la-liste-de-lequipe-de-france-pour-les-deux-premiers-matchs\/#breadcrumb\",\"itemListElement\":[{\"@type\":\"ListItem\",\"position\":1,\"name\":\"Accueil\",\"item\":\"https:\/\/dicodusport.fr\/blog\/\"},{\"@type\":\"ListItem\",\"position\":2,\"name\":\"Ligue des Nations f\u00e9minine : La liste de l&rsquo;\u00e9quipe de France pour les deux premiers matchs\"}]},{\"@type\":\"WebSite\",\"@id\":\"https:\/\/dicodusport.fr\/blog\/#website\",\"url\":\"https:\/\/dicodusport.fr\/blog\/\",\"name\":\"Dicodusport\",\"description\":\"L&#039;encyclop\u00e9die de l&#039;actualit\u00e9 sportive\",\"publisher\":{\"@id\":\"https:\/\/dicodusport.fr\/blog\/#organization\"},\"potentialAction\":[{\"@type\":\"SearchAction\",\"target\":{\"@type\":\"EntryPoint\",\"urlTemplate\":\"https:\/\/dicodusport.fr\/blog\/?s={search_term_string}\"},\"query-input\":{\"@type\":\"PropertyValueSpecification\",\"valueRequired\":true,\"valueName\":\"search_term_string\"}}],\"inLanguage\":\"fr-FR\"},{\"@type\":\"NewsMediaOrganization\",\"@id\":\"https:\/\/dicodusport.fr\/blog\/#organization\",\"name\":\"Dicodusport\",\"url\":\"https:\/\/dicodusport.fr\/blog\/\",\"logo\":{\"@type\":\"ImageObject\",\"inLanguage\":\"fr-FR\",\"@id\":\"https:\/\/dicodusport.fr\/blog\/#\/schema\/logo\/image\/\",\"url\":\"https:\/\/dicodusport.fr\/blog\/wp-content\/uploads\/2020\/06\/cropped-LOGO-DICODUSPORT-2020-SANS-FOND-SANS-TEXTE.png\",\"contentUrl\":\"https:\/\/dicodusport.fr\/blog\/wp-content\/uploads\/2020\/06\/cropped-LOGO-DICODUSPORT-2020-SANS-FOND-SANS-TEXTE.png\",\"width\":512,\"height\":512,\"caption\":\"Dicodusport\"},\"image\":{\"@id\":\"https:\/\/dicodusport.fr\/blog\/#\/schema\/logo\/image\/\"},\"sameAs\":[\"https:\/\/www.facebook.com\/dicodusport\",\"https:\/\/x.com\/dicodusport\",\"https:\/\/www.instagram.com\/dicodusport\/\",\"https:\/\/www.youtube.com\/channel\/UC7V2KZ5sd3htJivAbA4ZG3w\"],\"description\":\"Dicodusport est l'encyclop\u00e9die de l'actualit\u00e9 sportive.\",\"email\":\"bonjour@dicodusport.fr\",\"legalName\":\"DICODUSPORT\",\"foundingDate\":\"2018-01-14\",\"vatID\":\"FR71834470973\",\"taxID\":\"83447097300043\",\"numberOfEmployees\":{\"@type\":\"QuantitativeValue\",\"minValue\":\"1\",\"maxValue\":\"10\"}},{\"@type\":\"Person\",\"@id\":\"https:\/\/dicodusport.fr\/blog\/#\/schema\/person\/627966a6cde45dbd8c5e36ac85d783da\",\"name\":\"S\u00e9bastien Gente\",\"image\":{\"@type\":\"ImageObject\",\"inLanguage\":\"fr-FR\",\"@id\":\"https:\/\/dicodusport.fr\/blog\/#\/schema\/person\/image\/\",\"url\":\"https:\/\/dicodusport.fr\/blog\/wp-content\/uploads\/2021\/09\/1510990_10205810251400683_4124423575079401707_n-150x150.jpg\",\"contentUrl\":\"https:\/\/dicodusport.fr\/blog\/wp-content\/uploads\/2021\/09\/1510990_10205810251400683_4124423575079401707_n-150x150.jpg\",\"caption\":\"S\u00e9bastien Gente\"},\"description\":\"John Stockton, Gianni Bugno, Zinedine Zidane, Steffi Graf, Frode Andresen, St\u00e9phane Stoecklin, Davis Kamoga, Primoz Peterka, Werner Schlager et Aur\u00e9lien Rougerie. Point commun entre ces sportifs? Ils m'ont fait r\u00eaver et ont berc\u00e9 mon adolescence. Je suis un fondu de sports et j'essaie de retranscrire ma passion \u00e0 travers mes articles. Originaire du P\u00e9rigord, ma passion pour les Girondins, les Jaunards et les Jazzmen transpire dans mes \u00e9crits. \u00c0 Dicodusport depuis 2021, je d\u00e9niche les sports m\u00e9connus dans lesquels la France brille, et il y en a !\",\"sameAs\":[\"https:\/\/www.facebook.com\/sebastien.gente\/\",\"https:\/\/www.instagram.com\/sebgente\/\",\"https:\/\/www.linkedin.com\/in\/sbastien-gente-a29583169\/\",\"https:\/\/x.com\/https:\/\/twitter.com\/globulo24\",\"SebastienGente\"],\"worksFor\":\"S\u00e9bastien GENTE\",\"url\":\"https:\/\/dicodusport.fr\/blog\/author\/sebastiengente\/\"}]}<\/script>\n<!-- \/ Yoast SEO Premium plugin. -->","yoast_head_json":{"title":"Ligue des Nations f\u00e9minine : La liste de l'\u00e9quipe de France pour les deux premiers matchs","description":"LIGUE DES NATIONS F\u00c9MININE DE FOOTBALL 2023\/2024 - Les Bleues vont d\u00e9buter prochainement cette nouvelle comp\u00e9tition.","robots":{"index":"index","follow":"follow","max-snippet":"max-snippet:-1","max-image-preview":"max-image-preview:large","max-video-preview":"max-video-preview:-1"},"canonical":"https:\/\/dicodusport.fr\/blog\/ligue-des-nations-feminine-la-liste-de-lequipe-de-france-pour-les-deux-premiers-matchs\/","og_locale":"fr_FR","og_type":"article","og_title":"Ligue des Nations f\u00e9minine : La liste de l'\u00e9quipe de France pour les deux premiers matchs","og_description":"LIGUE DES NATIONS F\u00c9MININE DE FOOTBALL 2023\/2024 - Les Bleues vont d\u00e9buter prochainement cette nouvelle comp\u00e9tition.","og_url":"https:\/\/dicodusport.fr\/blog\/ligue-des-nations-feminine-la-liste-de-lequipe-de-france-pour-les-deux-premiers-matchs\/","og_site_name":"Dicodusport","article_publisher":"https:\/\/www.facebook.com\/dicodusport","article_author":"https:\/\/www.facebook.com\/sebastien.gente\/","article_published_time":"2023-09-15T12:09:49+00:00","og_image":[{"width":800,"height":445,"url":"https:\/\/dicodusport.fr\/blog\/wp-content\/uploads\/2023\/09\/Ligue-des-Nations-feminine-La-liste-de-lequipe-de-France-pour-les-deux-premiers-matchs.png","type":"image\/png"}],"author":"S\u00e9bastien Gente","twitter_card":"summary_large_image","twitter_title":"Ligue des Nations f\u00e9minine : La liste de l'\u00e9quipe de France pour les deux premiers matchs","twitter_creator":"@https:\/\/twitter.com\/globulo24","twitter_site":"@dicodusport","schema":{"@context":"https:\/\/schema.org","@graph":[{"@type":"NewsArticle","@id":"https:\/\/dicodusport.fr\/blog\/ligue-des-nations-feminine-la-liste-de-lequipe-de-france-pour-les-deux-premiers-matchs\/#article","isPartOf":{"@id":"https:\/\/dicodusport.fr\/blog\/ligue-des-nations-feminine-la-liste-de-lequipe-de-france-pour-les-deux-premiers-matchs\/"},"author":{"name":"S\u00e9bastien Gente","@id":"https:\/\/dicodusport.fr\/blog\/#\/schema\/person\/627966a6cde45dbd8c5e36ac85d783da"},"headline":"Ligue des Nations f\u00e9minine : La liste de l&rsquo;\u00e9quipe de France pour les deux premiers matchs","datePublished":"2023-09-15T12:09:49+00:00","mainEntityOfPage":{"@id":"https:\/\/dicodusport.fr\/blog\/ligue-des-nations-feminine-la-liste-de-lequipe-de-france-pour-les-deux-premiers-matchs\/"},"wordCount":217,"commentCount":0,"publisher":{"@id":"https:\/\/dicodusport.fr\/blog\/#organization"},"image":{"@id":"https:\/\/dicodusport.fr\/blog\/ligue-des-nations-feminine-la-liste-de-lequipe-de-france-pour-les-deux-premiers-matchs\/#primaryimage"},"thumbnailUrl":"https:\/\/dicodusport.fr\/blog\/wp-content\/uploads\/2023\/09\/Ligue-des-Nations-feminine-La-liste-de-lequipe-de-France-pour-les-deux-premiers-matchs.png","keywords":["br\u00e8ve","\u00c9quipe de France f\u00e9minine de football","Football"],"articleSection":["Football"],"inLanguage":"fr-FR","potentialAction":[{"@type":"CommentAction","name":"Comment","target":["https:\/\/dicodusport.fr\/blog\/ligue-des-nations-feminine-la-liste-de-lequipe-de-france-pour-les-deux-premiers-matchs\/#respond"]}],"copyrightYear":"2023","copyrightHolder":{"@id":"https:\/\/dicodusport.fr\/blog\/#organization"}},{"@type":"WebPage","@id":"https:\/\/dicodusport.fr\/blog\/ligue-des-nations-feminine-la-liste-de-lequipe-de-france-pour-les-deux-premiers-matchs\/","url":"https:\/\/dicodusport.fr\/blog\/ligue-des-nations-feminine-la-liste-de-lequipe-de-france-pour-les-deux-premiers-matchs\/","name":"Ligue des Nations f\u00e9minine : La liste de l'\u00e9quipe de France pour les deux premiers matchs","isPartOf":{"@id":"https:\/\/dicodusport.fr\/blog\/#website"},"primaryImageOfPage":{"@id":"https:\/\/dicodusport.fr\/blog\/ligue-des-nations-feminine-la-liste-de-lequipe-de-france-pour-les-deux-premiers-matchs\/#primaryimage"},"image":{"@id":"https:\/\/dicodusport.fr\/blog\/ligue-des-nations-feminine-la-liste-de-lequipe-de-france-pour-les-deux-premiers-matchs\/#primaryimage"},"thumbnailUrl":"https:\/\/dicodusport.fr\/blog\/wp-content\/uploads\/2023\/09\/Ligue-des-Nations-feminine-La-liste-de-lequipe-de-France-pour-les-deux-premiers-matchs.png","datePublished":"2023-09-15T12:09:49+00:00","description":"LIGUE DES NATIONS F\u00c9MININE DE FOOTBALL 2023\/2024 - Les Bleues vont d\u00e9buter prochainement cette nouvelle comp\u00e9tition.","breadcrumb":{"@id":"https:\/\/dicodusport.fr\/blog\/ligue-des-nations-feminine-la-liste-de-lequipe-de-france-pour-les-deux-premiers-matchs\/#breadcrumb"},"inLanguage":"fr-FR","potentialAction":[{"@type":"ReadAction","target":["https:\/\/dicodusport.fr\/blog\/ligue-des-nations-feminine-la-liste-de-lequipe-de-france-pour-les-deux-premiers-matchs\/"]}]},{"@type":"ImageObject","inLanguage":"fr-FR","@id":"https:\/\/dicodusport.fr\/blog\/ligue-des-nations-feminine-la-liste-de-lequipe-de-france-pour-les-deux-premiers-matchs\/#primaryimage","url":"https:\/\/dicodusport.fr\/blog\/wp-content\/uploads\/2023\/09\/Ligue-des-Nations-feminine-La-liste-de-lequipe-de-France-pour-les-deux-premiers-matchs.png","contentUrl":"https:\/\/dicodusport.fr\/blog\/wp-content\/uploads\/2023\/09\/Ligue-des-Nations-feminine-La-liste-de-lequipe-de-France-pour-les-deux-premiers-matchs.png","width":800,"height":445,"caption":"Ligue des Nations f\u00e9minine La liste de l'\u00e9quipe de France pour les deux premiers matchs"},{"@type":"BreadcrumbList","@id":"https:\/\/dicodusport.fr\/blog\/ligue-des-nations-feminine-la-liste-de-lequipe-de-france-pour-les-deux-premiers-matchs\/#breadcrumb","itemListElement":[{"@type":"ListItem","position":1,"name":"Accueil","item":"https:\/\/dicodusport.fr\/blog\/"},{"@type":"ListItem","position":2,"name":"Ligue des Nations f\u00e9minine : La liste de l&rsquo;\u00e9quipe de France pour les deux premiers matchs"}]},{"@type":"WebSite","@id":"https:\/\/dicodusport.fr\/blog\/#website","url":"https:\/\/dicodusport.fr\/blog\/","name":"Dicodusport","description":"L&#039;encyclop\u00e9die de l&#039;actualit\u00e9 sportive","publisher":{"@id":"https:\/\/dicodusport.fr\/blog\/#organization"},"potentialAction":[{"@type":"SearchAction","target":{"@type":"EntryPoint","urlTemplate":"https:\/\/dicodusport.fr\/blog\/?s={search_term_string}"},"query-input":{"@type":"PropertyValueSpecification","valueRequired":true,"valueName":"search_term_string"}}],"inLanguage":"fr-FR"},{"@type":"NewsMediaOrganization","@id":"https:\/\/dicodusport.fr\/blog\/#organization","name":"Dicodusport","url":"https:\/\/dicodusport.fr\/blog\/","logo":{"@type":"ImageObject","inLanguage":"fr-FR","@id":"https:\/\/dicodusport.fr\/blog\/#\/schema\/logo\/image\/","url":"https:\/\/dicodusport.fr\/blog\/wp-content\/uploads\/2020\/06\/cropped-LOGO-DICODUSPORT-2020-SANS-FOND-SANS-TEXTE.png","contentUrl":"https:\/\/dicodusport.fr\/blog\/wp-content\/uploads\/2020\/06\/cropped-LOGO-DICODUSPORT-2020-SANS-FOND-SANS-TEXTE.png","width":512,"height":512,"caption":"Dicodusport"},"image":{"@id":"https:\/\/dicodusport.fr\/blog\/#\/schema\/logo\/image\/"},"sameAs":["https:\/\/www.facebook.com\/dicodusport","https:\/\/x.com\/dicodusport","https:\/\/www.instagram.com\/dicodusport\/","https:\/\/www.youtube.com\/channel\/UC7V2KZ5sd3htJivAbA4ZG3w"],"description":"Dicodusport est l'encyclop\u00e9die de l'actualit\u00e9 sportive.","email":"bonjour@dicodusport.fr","legalName":"DICODUSPORT","foundingDate":"2018-01-14","vatID":"FR71834470973","taxID":"83447097300043","numberOfEmployees":{"@type":"QuantitativeValue","minValue":"1","maxValue":"10"}},{"@type":"Person","@id":"https:\/\/dicodusport.fr\/blog\/#\/schema\/person\/627966a6cde45dbd8c5e36ac85d783da","name":"S\u00e9bastien Gente","image":{"@type":"ImageObject","inLanguage":"fr-FR","@id":"https:\/\/dicodusport.fr\/blog\/#\/schema\/person\/image\/","url":"https:\/\/dicodusport.fr\/blog\/wp-content\/uploads\/2021\/09\/1510990_10205810251400683_4124423575079401707_n-150x150.jpg","contentUrl":"https:\/\/dicodusport.fr\/blog\/wp-content\/uploads\/2021\/09\/1510990_10205810251400683_4124423575079401707_n-150x150.jpg","caption":"S\u00e9bastien Gente"},"description":"John Stockton, Gianni Bugno, Zinedine Zidane, Steffi Graf, Frode Andresen, St\u00e9phane Stoecklin, Davis Kamoga, Primoz Peterka, Werner Schlager et Aur\u00e9lien Rougerie. Point commun entre ces sportifs? Ils m'ont fait r\u00eaver et ont berc\u00e9 mon adolescence. Je suis un fondu de sports et j'essaie de retranscrire ma passion \u00e0 travers mes articles. Originaire du P\u00e9rigord, ma passion pour les Girondins, les Jaunards et les Jazzmen transpire dans mes \u00e9crits. \u00c0 Dicodusport depuis 2021, je d\u00e9niche les sports m\u00e9connus dans lesquels la France brille, et il y en a !","sameAs":["https:\/\/www.facebook.com\/sebastien.gente\/","https:\/\/www.instagram.com\/sebgente\/","https:\/\/www.linkedin.com\/in\/sbastien-gente-a29583169\/","https:\/\/x.com\/https:\/\/twitter.com\/globulo24","SebastienGente"],"worksFor":"S\u00e9bastien GENTE","url":"https:\/\/dicodusport.fr\/blog\/author\/sebastiengente\/"}]}},"_links":{"self":[{"href":"https:\/\/dicodusport.fr\/blog\/wp-json\/wp\/v2\/posts\/419197","targetHints":{"allow":["GET"]}}],"collection":[{"href":"https:\/\/dicodusport.fr\/blog\/wp-json\/wp\/v2\/posts"}],"about":[{"href":"https:\/\/dicodusport.fr\/blog\/wp-json\/wp\/v2\/types\/post"}],"author":[{"embeddable":true,"href":"https:\/\/dicodusport.fr\/blog\/wp-json\/wp\/v2\/users\/59"}],"replies":[{"embeddable":true,"href":"https:\/\/dicodusport.fr\/blog\/wp-json\/wp\/v2\/comments?post=419197"}],"version-history":[{"count":0,"href":"https:\/\/dicodusport.fr\/blog\/wp-json\/wp\/v2\/posts\/419197\/revisions"}],"wp:featuredmedia":[{"embeddable":true,"href":"https:\/\/dicodusport.fr\/blog\/wp-json\/wp\/v2\/media\/419211"}],"wp:attachment":[{"href":"https:\/\/dicodusport.fr\/blog\/wp-json\/wp\/v2\/media?parent=419197"}],"wp:term":[{"taxonomy":"category","embeddable":true,"href":"https:\/\/dicodusport.fr\/blog\/wp-json\/wp\/v2\/categories?post=419197"},{"taxonomy":"post_tag","embeddable":true,"href":"https:\/\/dicodusport.fr\/blog\/wp-json\/wp\/v2\/tags?post=419197"}],"curies":[{"name":"wp","href":"https:\/\/api.w.org\/{rel}","templated":true}]}}