{"id":419298,"date":"2023-09-19T14:43:22","date_gmt":"2023-09-19T12:43:22","guid":{"rendered":"https:\/\/dicodusport.fr\/blog\/?p=419298&#038;preview=true&#038;preview_id=419298"},"modified":"2023-09-19T21:45:19","modified_gmt":"2023-09-19T19:45:19","slug":"championnats-deurope-2023-parcours-profil-et-favoris-du-contre-la-montre","status":"publish","type":"post","link":"https:\/\/dicodusport.fr\/blog\/championnats-deurope-2023-parcours-profil-et-favoris-du-contre-la-montre\/","title":{"rendered":"Championnats d&rsquo;Europe 2023 : Parcours, profil et favoris du contre-la-montre"},"content":{"rendered":"<p style=\"text-align: justify;\"><em><b style=\"font-weight: bold;\">CHAMPIONNATS D&rsquo;EUROPE DE CYCLISME SUR ROUTE 2023 &#8211; Les Championnats d&rsquo;Europe de cyclisme sur route 2023<\/b><b>\u00a0ont lieu du\u00a020\u00a0au\u00a0<\/b><time class=\"nowrap date-lien\" style=\"font-weight: bold;\" datetime=\"2023-09-24\" data-sort-value=\"2023-09-24\">24 septembre\u00a02023<\/time><b> dans la province de Drenthe, au nord-est des Pays-Bas. Les comp\u00e9titions d\u00e9buteront le mercredi avec les chronos individuels. Les courses contre-la-montre auront lieu autour d&rsquo;Emmen sur des parcours de 28,6 kilom\u00e8tres pour les \u00e9lites hommes et femmes et de 19,8 kilom\u00e8tres pour les moins de 23 ans et les juniors. <\/b><\/em><em><strong>Parcours, profil et favoris.<\/strong><\/em><\/p>\n<ul style=\"text-align: justify;\">\n<li style=\"text-align: justify;\"><strong>\u00c0 lire aussi \u2013\u00a0<a href=\"https:\/\/dicodusport.fr\/blog\/actualites\/cyclisme\/cyclisme-sur-route-2023\/\">L\u2019actualit\u00e9 du cyclisme sur route<\/a><\/strong><\/li>\n<\/ul>\n<h2 style=\"text-align: justify;\">Parcours et profil du contre-la-montre des championnats d&rsquo;Europe<\/h2>\n<p style=\"text-align: justify;\">D&rsquo;abord, la premi\u00e8re femme \u00e9lite partira \u00e0 14h30 ce mercredi, alors que le premier homme \u00e9lite s&rsquo;\u00e9lancera \u00e0 16h15. La ligne de d\u00e9part se situera au Wildlands Adventure Zoo \u00e0 <strong>Emmen.<\/strong> Apr\u00e8s un virage \u00e0 droite, il y aura une grande ligne droite de pr\u00e8s de six kilom\u00e8tres en direction sud-ouest jusqu&rsquo;\u00e0 Erm.<\/p>\n<p style=\"text-align: justify;\">Puis, ce sera une route avec de grandes courbes en direction du nord sur cinq kilom\u00e8tres jusqu&rsquo;\u00e0 <strong>Noord-Sleen<\/strong> pour tourner \u00e0 gauche pour une grande ligne droite de cinq kilom\u00e8tres afin d&rsquo;atteindre un demi-tour \u00e0 <strong>Zweelo.<\/strong><\/p>\n<ul>\n<li style=\"text-align: justify;\"><strong>\u00c0 lire aussi \u2013\u00a0<a href=\"https:\/\/dicodusport.fr\/blog\/programme-et-resultats-cyclisme-sur-route-championnats-deurope-2023\/\">Programme et r\u00e9sultats des championnats d\u2019Europe de cyclisme sur route 2023<\/a><\/strong><\/li>\n<\/ul>\n<p style=\"text-align: justify;\">Ensuite, une grande ligne droite sur 12 kilom\u00e8tres permettra aux coureuses et coureurs de rejoindre <strong>Emmen. <\/strong>Finalement, apr\u00e8s un virage \u00e0 droite, l&rsquo;ultime kilom\u00e8tre sera encore une \u00e9ni\u00e8me ligne droite jusqu&rsquo;\u00e0 la ligne d&rsquo;arriv\u00e9e. Comme vous l&rsquo;avez remarqu\u00e9, le parcours pr\u00e9sentera peu de virages sur un profil plat, un parcours pour sp\u00e9cialistes du chrono en somme.<\/p>\n<div id=\"attachment_420596\" style=\"width: 731px\" class=\"wp-caption aligncenter\"><a href=\"https:\/\/dicodusport.fr\/blog\/wp-content\/uploads\/2023\/09\/Carte-du-parcours-du-contre-la-montre-des-Championnats-dEurope-de-cyclisme-sur-route-2023.png\"><img loading=\"lazy\" decoding=\"async\" aria-describedby=\"caption-attachment-420596\" class=\"size-full wp-image-420596\" src=\"https:\/\/dicodusport.fr\/blog\/wp-content\/uploads\/2023\/09\/Carte-du-parcours-du-contre-la-montre-des-Championnats-dEurope-de-cyclisme-sur-route-2023.png\" alt=\"Carte du parcours du contre-la-montre des Championnats d'Europe de cyclisme sur route 2023\" width=\"721\" height=\"698\" srcset=\"https:\/\/dicodusport.fr\/blog\/wp-content\/uploads\/2023\/09\/Carte-du-parcours-du-contre-la-montre-des-Championnats-dEurope-de-cyclisme-sur-route-2023.png 721w, https:\/\/dicodusport.fr\/blog\/wp-content\/uploads\/2023\/09\/Carte-du-parcours-du-contre-la-montre-des-Championnats-dEurope-de-cyclisme-sur-route-2023-300x290.png 300w\" sizes=\"auto, (max-width: 721px) 100vw, 721px\" \/><\/a><p id=\"caption-attachment-420596\" class=\"wp-caption-text\">Carte du parcours du contre-la-montre des Championnats d&rsquo;Europe de cyclisme sur route 2023 &#8211; Via UEC<\/p><\/div>\n<div id=\"attachment_420614\" style=\"width: 750px\" class=\"wp-caption aligncenter\"><a href=\"https:\/\/dicodusport.fr\/blog\/wp-content\/uploads\/2023\/09\/Profil-contre-la-montre-des-championnats-dEurope-de-cyclisme-sur-route-2023.webp\"><img loading=\"lazy\" decoding=\"async\" aria-describedby=\"caption-attachment-420614\" class=\"size-large wp-image-420614\" src=\"https:\/\/dicodusport.fr\/blog\/wp-content\/uploads\/2023\/09\/Profil-contre-la-montre-des-championnats-dEurope-de-cyclisme-sur-route-2023-1024x520.webp\" alt=\"Profil contre-la-montre des championnats d'Europe de cyclisme sur route 2023\" width=\"740\" height=\"376\" srcset=\"https:\/\/dicodusport.fr\/blog\/wp-content\/uploads\/2023\/09\/Profil-contre-la-montre-des-championnats-dEurope-de-cyclisme-sur-route-2023-1024x520.webp 1024w, https:\/\/dicodusport.fr\/blog\/wp-content\/uploads\/2023\/09\/Profil-contre-la-montre-des-championnats-dEurope-de-cyclisme-sur-route-2023-300x152.webp 300w, https:\/\/dicodusport.fr\/blog\/wp-content\/uploads\/2023\/09\/Profil-contre-la-montre-des-championnats-dEurope-de-cyclisme-sur-route-2023-768x390.webp 768w, https:\/\/dicodusport.fr\/blog\/wp-content\/uploads\/2023\/09\/Profil-contre-la-montre-des-championnats-dEurope-de-cyclisme-sur-route-2023.webp 1200w\" sizes=\"auto, (max-width: 740px) 100vw, 740px\" \/><\/a><p id=\"caption-attachment-420614\" class=\"wp-caption-text\">Profil contre-la-montre des championnats d&rsquo;Europe de cyclisme sur route 2023 &#8211; Via La Flamme Rouge<\/p><\/div>\n<ul>\n<li style=\"text-align: justify;\"><strong>\u00c0 lire aussi &#8211; <a href=\"https:\/\/dicodusport.fr\/blog\/ordre-et-horaires-de-depart-contre-la-montre-championnats-deurope-cyclisme-2023\/\">Ordre de d\u00e9part et horaires du contre-la-montre des championnats d&rsquo;Europe<\/a><\/strong><\/li>\n<\/ul>\n<h2 style=\"text-align: justify;\">Les favoris<\/h2>\n<h3 style=\"text-align: justify;\">\u00c9preuve masculine<\/h3>\n<p style=\"text-align: justify;\"><strong>Stefan K\u00fcng\u00a0<\/strong>(Suisse)<\/p>\n<p style=\"text-align: justify;\"><strong>Joshua Tarling\u00a0<\/strong>(Grande-Bretagne)<\/p>\n<p style=\"text-align: justify;\"><strong>Wout Van Aert\u00a0<\/strong>(Belgique)<\/p>\n<p style=\"text-align: justify;\"><strong>Stefan Bissegger\u00a0<\/strong>(Suisse)<\/p>\n<p style=\"text-align: justify;\"><strong>Mikkel Bjerg\u00a0<\/strong>(Danemark)<\/p>\n<h3 style=\"text-align: justify;\">\u00c9preuve f\u00e9minine<\/h3>\n<p style=\"text-align: justify;\"><strong>Marlen Reusser\u00a0<\/strong>(Suisse)<\/p>\n<p style=\"text-align: justify;\"><strong>Demi Vollering\u00a0<\/strong>(Pays-Bas)<\/p>\n<p style=\"text-align: justify;\"><strong>Lotte Kopecky\u00a0<\/strong>(Belgique)<\/p>\n<p style=\"text-align: justify;\"><strong>Anna Henderson\u00a0<\/strong>(Grande-Bretagne)<\/p>\n<p style=\"text-align: justify;\"><strong>Rejanne Markus\u00a0<\/strong>(Pays-Bas)<\/p>\n<h2 style=\"text-align: justify;\">Palmar\u00e8s<\/h2>\n<h3 style=\"text-align: justify;\">\u00c9preuve masculine<\/h3>\n<p style=\"text-align: justify;\">2022 BISSEGGER Stefan &#8211; <strong><a href=\"https:\/\/dicodusport.fr\/blog\/championnats-europeens-2022-stefan-bisseger-remporte-de-justesse-le-contre-la-montre\/\">R\u00e9sum\u00e9<\/a> &#8211; <a href=\"https:\/\/dicodusport.fr\/blog\/cyclisme-europe-2022-classement-contre-la-montre-hommes\/\">Classement<\/a><\/strong><\/p>\n<p style=\"text-align: justify;\">2021 K\u00dcNG Stefan &#8211; <strong><a href=\"https:\/\/dicodusport.fr\/blog\/trente-2021-stefan-kung-conserve-titre-europeen-chrono-devant-filippo-ganna\/\">R\u00e9sum\u00e9<\/a> &#8211; <a href=\"https:\/\/dicodusport.fr\/blog\/championnats-deurope-de-cyclisme-le-classement-du-contre-la-montre-elites-hommes\/\">Classement<\/a><\/strong><\/p>\n<p style=\"text-align: justify;\">2020 K\u00dcNG Stefan<\/p>\n<p style=\"text-align: justify;\">2019 EVENEPOEL Remco<\/p>\n<p style=\"text-align: justify;\">2018 CAMPENAERTS Victor<\/p>\n<p style=\"text-align: justify;\">2017 CAMPENAERTS Victor<\/p>\n<p style=\"text-align: justify;\">2016 CASTROVIEJO Jonathan<\/p>\n<h3 style=\"text-align: justify;\">\u00c9preuve f\u00e9minine<\/h3>\n<p style=\"text-align: justify;\">2022 REUSSER Marlen &#8211; <a href=\"https:\/\/dicodusport.fr\/blog\/championnats-europeens-2022-marlen-reusser-conserve-son-titre-sur-le-contre-la-montre\/\"><strong>R\u00e9sum\u00e9<\/strong><\/a><strong> &#8211; <a href=\"https:\/\/dicodusport.fr\/blog\/cyclisme-europe-2022-classement-contre-la-montre-femmes\/\">Classement<\/a><\/strong><\/p>\n<p style=\"text-align: justify;\">2021 REUSSER Marlen &#8211; <strong><a href=\"https:\/\/dicodusport.fr\/blog\/trente-2021-marlen-reusser-decroche-titre-europeen-contre-la-montre\/\">R\u00e9sum\u00e9<\/a> &#8211; <a href=\"https:\/\/dicodusport.fr\/blog\/championnats-europe-cyclisme-classement-du-contre-la-montre-elites-femmes\/\">Classement<\/a><\/strong><\/p>\n<p style=\"text-align: justify;\">2020 VAN DER BREGGEN Anna<\/p>\n<p style=\"text-align: justify;\">2019 VAN DIJK Ellen<\/p>\n<p style=\"text-align: justify;\">2018 VAN DIJK Ellen<\/p>\n<p style=\"text-align: justify;\">2017 VAN DIJK Ellen<\/p>\n<p style=\"text-align: justify;\">2016 VAN DIJK Ellen<\/p>\n","protected":false},"excerpt":{"rendered":"<p>CHAMPIONNATS D&rsquo;EUROPE DE CYCLISME SUR ROUTE 2023 &#8211; D\u00e9couvrez le parcours, le profil et les favoris du contre-la-montre des championnats d&rsquo;Europe.<\/p>\n","protected":false},"author":48,"featured_media":420616,"comment_status":"open","ping_status":"closed","sticky":false,"template":"","format":"standard","meta":{"_acf_changed":false,"_daextam_enable_autolinks":"","footnotes":""},"categories":[46994],"tags":[16878,23805],"class_list":["post-419298","post","type-post","status-publish","format-standard","has-post-thumbnail","hentry","category-cyclisme-sur-route","tag-breve","tag-championnats-deurope-de-cyclisme-sur-route"],"acf":[],"yoast_head":"<!-- This site is optimized with the Yoast SEO Premium plugin v26.7 (Yoast SEO v26.7) - https:\/\/yoast.com\/wordpress\/plugins\/seo\/ -->\n<title>Championnats d&#039;Europe 2023 : Parcours, profil et favoris du contre-la-montre<\/title>\n<meta name=\"description\" content=\"CHAMPIONNATS D&#039;EUROPE DE CYCLISME SUR ROUTE 2023 - D\u00e9couvrez le parcours, le profil et les favoris du contre-la-montre des championnats d&#039;Europe.\" \/>\n<meta name=\"robots\" content=\"index, follow, max-snippet:-1, max-image-preview:large, max-video-preview:-1\" \/>\n<link rel=\"canonical\" href=\"https:\/\/dicodusport.fr\/blog\/championnats-deurope-2023-parcours-profil-et-favoris-du-contre-la-montre\/\" \/>\n<meta property=\"og:locale\" content=\"fr_FR\" \/>\n<meta property=\"og:type\" content=\"article\" \/>\n<meta property=\"og:title\" content=\"Championnats d&#039;Europe 2023 : Parcours, profil et favoris du contre-la-montre\" \/>\n<meta property=\"og:description\" content=\"CHAMPIONNATS D&#039;EUROPE DE CYCLISME SUR ROUTE 2023 - D\u00e9couvrez le parcours, le profil et les favoris du contre-la-montre des championnats d&#039;Europe.\" \/>\n<meta property=\"og:url\" content=\"https:\/\/dicodusport.fr\/blog\/championnats-deurope-2023-parcours-profil-et-favoris-du-contre-la-montre\/\" \/>\n<meta property=\"og:site_name\" content=\"Dicodusport\" \/>\n<meta property=\"article:publisher\" content=\"https:\/\/www.facebook.com\/dicodusport\" \/>\n<meta property=\"article:author\" content=\"https:\/\/www.facebook.com\/groups\/LesRoisDuPeloton\" \/>\n<meta property=\"article:published_time\" content=\"2023-09-19T12:43:22+00:00\" \/>\n<meta property=\"article:modified_time\" content=\"2023-09-19T19:45:19+00:00\" \/>\n<meta property=\"og:image\" content=\"https:\/\/dicodusport.fr\/blog\/wp-content\/uploads\/2023\/09\/Championnats-dEurope-2023-Parcours-profil-et-favoris-du-contre-la-montre.png\" \/>\n\t<meta property=\"og:image:width\" content=\"800\" \/>\n\t<meta property=\"og:image:height\" content=\"445\" \/>\n\t<meta property=\"og:image:type\" content=\"image\/png\" \/>\n<meta name=\"author\" content=\"Emilien Descampiaux\" \/>\n<meta name=\"twitter:card\" content=\"summary_large_image\" \/>\n<meta name=\"twitter:title\" content=\"Championnats d&#039;Europe 2023 : Parcours, profil et favoris du contre-la-montre\" \/>\n<meta name=\"twitter:creator\" content=\"@https:\/\/twitter.com\/LRoisDuPeloton\" \/>\n<meta name=\"twitter:site\" content=\"@dicodusport\" \/>\n<script type=\"application\/ld+json\" class=\"yoast-schema-graph\">{\"@context\":\"https:\/\/schema.org\",\"@graph\":[{\"@type\":\"NewsArticle\",\"@id\":\"https:\/\/dicodusport.fr\/blog\/championnats-deurope-2023-parcours-profil-et-favoris-du-contre-la-montre\/#article\",\"isPartOf\":{\"@id\":\"https:\/\/dicodusport.fr\/blog\/championnats-deurope-2023-parcours-profil-et-favoris-du-contre-la-montre\/\"},\"author\":{\"name\":\"Emilien Descampiaux\",\"@id\":\"https:\/\/dicodusport.fr\/blog\/#\/schema\/person\/6db4bae06b171592211be385b32876a7\"},\"headline\":\"Championnats d&rsquo;Europe 2023 : Parcours, profil et favoris du contre-la-montre\",\"datePublished\":\"2023-09-19T12:43:22+00:00\",\"dateModified\":\"2023-09-19T19:45:19+00:00\",\"mainEntityOfPage\":{\"@id\":\"https:\/\/dicodusport.fr\/blog\/championnats-deurope-2023-parcours-profil-et-favoris-du-contre-la-montre\/\"},\"wordCount\":436,\"commentCount\":0,\"publisher\":{\"@id\":\"https:\/\/dicodusport.fr\/blog\/#organization\"},\"image\":{\"@id\":\"https:\/\/dicodusport.fr\/blog\/championnats-deurope-2023-parcours-profil-et-favoris-du-contre-la-montre\/#primaryimage\"},\"thumbnailUrl\":\"https:\/\/dicodusport.fr\/blog\/wp-content\/uploads\/2023\/09\/Championnats-dEurope-2023-Parcours-profil-et-favoris-du-contre-la-montre.png\",\"keywords\":[\"br\u00e8ve\",\"Championnats d'Europe de cyclisme sur route\"],\"articleSection\":[\"Cyclisme sur route\"],\"inLanguage\":\"fr-FR\",\"potentialAction\":[{\"@type\":\"CommentAction\",\"name\":\"Comment\",\"target\":[\"https:\/\/dicodusport.fr\/blog\/championnats-deurope-2023-parcours-profil-et-favoris-du-contre-la-montre\/#respond\"]}],\"copyrightYear\":\"2023\",\"copyrightHolder\":{\"@id\":\"https:\/\/dicodusport.fr\/blog\/#organization\"}},{\"@type\":\"WebPage\",\"@id\":\"https:\/\/dicodusport.fr\/blog\/championnats-deurope-2023-parcours-profil-et-favoris-du-contre-la-montre\/\",\"url\":\"https:\/\/dicodusport.fr\/blog\/championnats-deurope-2023-parcours-profil-et-favoris-du-contre-la-montre\/\",\"name\":\"Championnats d'Europe 2023 : Parcours, profil et favoris du contre-la-montre\",\"isPartOf\":{\"@id\":\"https:\/\/dicodusport.fr\/blog\/#website\"},\"primaryImageOfPage\":{\"@id\":\"https:\/\/dicodusport.fr\/blog\/championnats-deurope-2023-parcours-profil-et-favoris-du-contre-la-montre\/#primaryimage\"},\"image\":{\"@id\":\"https:\/\/dicodusport.fr\/blog\/championnats-deurope-2023-parcours-profil-et-favoris-du-contre-la-montre\/#primaryimage\"},\"thumbnailUrl\":\"https:\/\/dicodusport.fr\/blog\/wp-content\/uploads\/2023\/09\/Championnats-dEurope-2023-Parcours-profil-et-favoris-du-contre-la-montre.png\",\"datePublished\":\"2023-09-19T12:43:22+00:00\",\"dateModified\":\"2023-09-19T19:45:19+00:00\",\"description\":\"CHAMPIONNATS D'EUROPE DE CYCLISME SUR ROUTE 2023 - D\u00e9couvrez le parcours, le profil et les favoris du contre-la-montre des championnats d'Europe.\",\"breadcrumb\":{\"@id\":\"https:\/\/dicodusport.fr\/blog\/championnats-deurope-2023-parcours-profil-et-favoris-du-contre-la-montre\/#breadcrumb\"},\"inLanguage\":\"fr-FR\",\"potentialAction\":[{\"@type\":\"ReadAction\",\"target\":[\"https:\/\/dicodusport.fr\/blog\/championnats-deurope-2023-parcours-profil-et-favoris-du-contre-la-montre\/\"]}]},{\"@type\":\"ImageObject\",\"inLanguage\":\"fr-FR\",\"@id\":\"https:\/\/dicodusport.fr\/blog\/championnats-deurope-2023-parcours-profil-et-favoris-du-contre-la-montre\/#primaryimage\",\"url\":\"https:\/\/dicodusport.fr\/blog\/wp-content\/uploads\/2023\/09\/Championnats-dEurope-2023-Parcours-profil-et-favoris-du-contre-la-montre.png\",\"contentUrl\":\"https:\/\/dicodusport.fr\/blog\/wp-content\/uploads\/2023\/09\/Championnats-dEurope-2023-Parcours-profil-et-favoris-du-contre-la-montre.png\",\"width\":800,\"height\":445,\"caption\":\"Championnats d'Europe 2023 Parcours, profil et favoris du contre-la-montre\"},{\"@type\":\"BreadcrumbList\",\"@id\":\"https:\/\/dicodusport.fr\/blog\/championnats-deurope-2023-parcours-profil-et-favoris-du-contre-la-montre\/#breadcrumb\",\"itemListElement\":[{\"@type\":\"ListItem\",\"position\":1,\"name\":\"Accueil\",\"item\":\"https:\/\/dicodusport.fr\/blog\/\"},{\"@type\":\"ListItem\",\"position\":2,\"name\":\"Championnats d&rsquo;Europe 2023 : Parcours, profil et favoris du contre-la-montre\"}]},{\"@type\":\"WebSite\",\"@id\":\"https:\/\/dicodusport.fr\/blog\/#website\",\"url\":\"https:\/\/dicodusport.fr\/blog\/\",\"name\":\"Dicodusport\",\"description\":\"L&#039;encyclop\u00e9die de l&#039;actualit\u00e9 sportive\",\"publisher\":{\"@id\":\"https:\/\/dicodusport.fr\/blog\/#organization\"},\"potentialAction\":[{\"@type\":\"SearchAction\",\"target\":{\"@type\":\"EntryPoint\",\"urlTemplate\":\"https:\/\/dicodusport.fr\/blog\/?s={search_term_string}\"},\"query-input\":{\"@type\":\"PropertyValueSpecification\",\"valueRequired\":true,\"valueName\":\"search_term_string\"}}],\"inLanguage\":\"fr-FR\"},{\"@type\":\"NewsMediaOrganization\",\"@id\":\"https:\/\/dicodusport.fr\/blog\/#organization\",\"name\":\"Dicodusport\",\"url\":\"https:\/\/dicodusport.fr\/blog\/\",\"logo\":{\"@type\":\"ImageObject\",\"inLanguage\":\"fr-FR\",\"@id\":\"https:\/\/dicodusport.fr\/blog\/#\/schema\/logo\/image\/\",\"url\":\"https:\/\/dicodusport.fr\/blog\/wp-content\/uploads\/2020\/06\/cropped-LOGO-DICODUSPORT-2020-SANS-FOND-SANS-TEXTE.png\",\"contentUrl\":\"https:\/\/dicodusport.fr\/blog\/wp-content\/uploads\/2020\/06\/cropped-LOGO-DICODUSPORT-2020-SANS-FOND-SANS-TEXTE.png\",\"width\":512,\"height\":512,\"caption\":\"Dicodusport\"},\"image\":{\"@id\":\"https:\/\/dicodusport.fr\/blog\/#\/schema\/logo\/image\/\"},\"sameAs\":[\"https:\/\/www.facebook.com\/dicodusport\",\"https:\/\/x.com\/dicodusport\",\"https:\/\/www.instagram.com\/dicodusport\/\",\"https:\/\/www.youtube.com\/channel\/UC7V2KZ5sd3htJivAbA4ZG3w\"],\"description\":\"Dicodusport est l'encyclop\u00e9die de l'actualit\u00e9 sportive.\",\"email\":\"bonjour@dicodusport.fr\",\"legalName\":\"DICODUSPORT\",\"foundingDate\":\"2018-01-14\",\"vatID\":\"FR71834470973\",\"taxID\":\"83447097300043\",\"numberOfEmployees\":{\"@type\":\"QuantitativeValue\",\"minValue\":\"1\",\"maxValue\":\"10\"}},{\"@type\":\"Person\",\"@id\":\"https:\/\/dicodusport.fr\/blog\/#\/schema\/person\/6db4bae06b171592211be385b32876a7\",\"name\":\"Emilien Descampiaux\",\"image\":{\"@type\":\"ImageObject\",\"inLanguage\":\"fr-FR\",\"@id\":\"https:\/\/dicodusport.fr\/blog\/#\/schema\/person\/image\/\",\"url\":\"https:\/\/dicodusport.fr\/blog\/wp-content\/uploads\/2021\/05\/Emilien-Descampiaux-150x150.jpg\",\"contentUrl\":\"https:\/\/dicodusport.fr\/blog\/wp-content\/uploads\/2021\/05\/Emilien-Descampiaux-150x150.jpg\",\"caption\":\"Emilien Descampiaux\"},\"description\":\"Journaliste\/r\u00e9dacteur depuis 2014 - Fan de la classe de Frank Vandenbroucke, je vis cyclisme (et de ses paysages) depuis plus de 20 ans. Je suis tr\u00e8s impliqu\u00e9 sur mes diff\u00e9rents r\u00e9seaux sociaux pour partager ma passion sur le monde et l'Histoire de la bicyclette avec ma voix sur les images en noir et blanc du succ\u00e8s de Rik Van Steenbergen lors du Ronde sur le V\u00e9lodrome de Gand.\",\"sameAs\":[\"https:\/\/www.facebook.com\/groups\/LesRoisDuPeloton\",\"https:\/\/x.com\/https:\/\/twitter.com\/LRoisDuPeloton\"],\"url\":\"https:\/\/dicodusport.fr\/blog\/author\/emiliend\/\"}]}<\/script>\n<!-- \/ Yoast SEO Premium plugin. -->","yoast_head_json":{"title":"Championnats d'Europe 2023 : Parcours, profil et favoris du contre-la-montre","description":"CHAMPIONNATS D'EUROPE DE CYCLISME SUR ROUTE 2023 - D\u00e9couvrez le parcours, le profil et les favoris du contre-la-montre des championnats d'Europe.","robots":{"index":"index","follow":"follow","max-snippet":"max-snippet:-1","max-image-preview":"max-image-preview:large","max-video-preview":"max-video-preview:-1"},"canonical":"https:\/\/dicodusport.fr\/blog\/championnats-deurope-2023-parcours-profil-et-favoris-du-contre-la-montre\/","og_locale":"fr_FR","og_type":"article","og_title":"Championnats d'Europe 2023 : Parcours, profil et favoris du contre-la-montre","og_description":"CHAMPIONNATS D'EUROPE DE CYCLISME SUR ROUTE 2023 - D\u00e9couvrez le parcours, le profil et les favoris du contre-la-montre des championnats d'Europe.","og_url":"https:\/\/dicodusport.fr\/blog\/championnats-deurope-2023-parcours-profil-et-favoris-du-contre-la-montre\/","og_site_name":"Dicodusport","article_publisher":"https:\/\/www.facebook.com\/dicodusport","article_author":"https:\/\/www.facebook.com\/groups\/LesRoisDuPeloton","article_published_time":"2023-09-19T12:43:22+00:00","article_modified_time":"2023-09-19T19:45:19+00:00","og_image":[{"width":800,"height":445,"url":"https:\/\/dicodusport.fr\/blog\/wp-content\/uploads\/2023\/09\/Championnats-dEurope-2023-Parcours-profil-et-favoris-du-contre-la-montre.png","type":"image\/png"}],"author":"Emilien Descampiaux","twitter_card":"summary_large_image","twitter_title":"Championnats d'Europe 2023 : Parcours, profil et favoris du contre-la-montre","twitter_creator":"@https:\/\/twitter.com\/LRoisDuPeloton","twitter_site":"@dicodusport","schema":{"@context":"https:\/\/schema.org","@graph":[{"@type":"NewsArticle","@id":"https:\/\/dicodusport.fr\/blog\/championnats-deurope-2023-parcours-profil-et-favoris-du-contre-la-montre\/#article","isPartOf":{"@id":"https:\/\/dicodusport.fr\/blog\/championnats-deurope-2023-parcours-profil-et-favoris-du-contre-la-montre\/"},"author":{"name":"Emilien Descampiaux","@id":"https:\/\/dicodusport.fr\/blog\/#\/schema\/person\/6db4bae06b171592211be385b32876a7"},"headline":"Championnats d&rsquo;Europe 2023 : Parcours, profil et favoris du contre-la-montre","datePublished":"2023-09-19T12:43:22+00:00","dateModified":"2023-09-19T19:45:19+00:00","mainEntityOfPage":{"@id":"https:\/\/dicodusport.fr\/blog\/championnats-deurope-2023-parcours-profil-et-favoris-du-contre-la-montre\/"},"wordCount":436,"commentCount":0,"publisher":{"@id":"https:\/\/dicodusport.fr\/blog\/#organization"},"image":{"@id":"https:\/\/dicodusport.fr\/blog\/championnats-deurope-2023-parcours-profil-et-favoris-du-contre-la-montre\/#primaryimage"},"thumbnailUrl":"https:\/\/dicodusport.fr\/blog\/wp-content\/uploads\/2023\/09\/Championnats-dEurope-2023-Parcours-profil-et-favoris-du-contre-la-montre.png","keywords":["br\u00e8ve","Championnats d'Europe de cyclisme sur route"],"articleSection":["Cyclisme sur route"],"inLanguage":"fr-FR","potentialAction":[{"@type":"CommentAction","name":"Comment","target":["https:\/\/dicodusport.fr\/blog\/championnats-deurope-2023-parcours-profil-et-favoris-du-contre-la-montre\/#respond"]}],"copyrightYear":"2023","copyrightHolder":{"@id":"https:\/\/dicodusport.fr\/blog\/#organization"}},{"@type":"WebPage","@id":"https:\/\/dicodusport.fr\/blog\/championnats-deurope-2023-parcours-profil-et-favoris-du-contre-la-montre\/","url":"https:\/\/dicodusport.fr\/blog\/championnats-deurope-2023-parcours-profil-et-favoris-du-contre-la-montre\/","name":"Championnats d'Europe 2023 : Parcours, profil et favoris du contre-la-montre","isPartOf":{"@id":"https:\/\/dicodusport.fr\/blog\/#website"},"primaryImageOfPage":{"@id":"https:\/\/dicodusport.fr\/blog\/championnats-deurope-2023-parcours-profil-et-favoris-du-contre-la-montre\/#primaryimage"},"image":{"@id":"https:\/\/dicodusport.fr\/blog\/championnats-deurope-2023-parcours-profil-et-favoris-du-contre-la-montre\/#primaryimage"},"thumbnailUrl":"https:\/\/dicodusport.fr\/blog\/wp-content\/uploads\/2023\/09\/Championnats-dEurope-2023-Parcours-profil-et-favoris-du-contre-la-montre.png","datePublished":"2023-09-19T12:43:22+00:00","dateModified":"2023-09-19T19:45:19+00:00","description":"CHAMPIONNATS D'EUROPE DE CYCLISME SUR ROUTE 2023 - D\u00e9couvrez le parcours, le profil et les favoris du contre-la-montre des championnats d'Europe.","breadcrumb":{"@id":"https:\/\/dicodusport.fr\/blog\/championnats-deurope-2023-parcours-profil-et-favoris-du-contre-la-montre\/#breadcrumb"},"inLanguage":"fr-FR","potentialAction":[{"@type":"ReadAction","target":["https:\/\/dicodusport.fr\/blog\/championnats-deurope-2023-parcours-profil-et-favoris-du-contre-la-montre\/"]}]},{"@type":"ImageObject","inLanguage":"fr-FR","@id":"https:\/\/dicodusport.fr\/blog\/championnats-deurope-2023-parcours-profil-et-favoris-du-contre-la-montre\/#primaryimage","url":"https:\/\/dicodusport.fr\/blog\/wp-content\/uploads\/2023\/09\/Championnats-dEurope-2023-Parcours-profil-et-favoris-du-contre-la-montre.png","contentUrl":"https:\/\/dicodusport.fr\/blog\/wp-content\/uploads\/2023\/09\/Championnats-dEurope-2023-Parcours-profil-et-favoris-du-contre-la-montre.png","width":800,"height":445,"caption":"Championnats d'Europe 2023 Parcours, profil et favoris du contre-la-montre"},{"@type":"BreadcrumbList","@id":"https:\/\/dicodusport.fr\/blog\/championnats-deurope-2023-parcours-profil-et-favoris-du-contre-la-montre\/#breadcrumb","itemListElement":[{"@type":"ListItem","position":1,"name":"Accueil","item":"https:\/\/dicodusport.fr\/blog\/"},{"@type":"ListItem","position":2,"name":"Championnats d&rsquo;Europe 2023 : Parcours, profil et favoris du contre-la-montre"}]},{"@type":"WebSite","@id":"https:\/\/dicodusport.fr\/blog\/#website","url":"https:\/\/dicodusport.fr\/blog\/","name":"Dicodusport","description":"L&#039;encyclop\u00e9die de l&#039;actualit\u00e9 sportive","publisher":{"@id":"https:\/\/dicodusport.fr\/blog\/#organization"},"potentialAction":[{"@type":"SearchAction","target":{"@type":"EntryPoint","urlTemplate":"https:\/\/dicodusport.fr\/blog\/?s={search_term_string}"},"query-input":{"@type":"PropertyValueSpecification","valueRequired":true,"valueName":"search_term_string"}}],"inLanguage":"fr-FR"},{"@type":"NewsMediaOrganization","@id":"https:\/\/dicodusport.fr\/blog\/#organization","name":"Dicodusport","url":"https:\/\/dicodusport.fr\/blog\/","logo":{"@type":"ImageObject","inLanguage":"fr-FR","@id":"https:\/\/dicodusport.fr\/blog\/#\/schema\/logo\/image\/","url":"https:\/\/dicodusport.fr\/blog\/wp-content\/uploads\/2020\/06\/cropped-LOGO-DICODUSPORT-2020-SANS-FOND-SANS-TEXTE.png","contentUrl":"https:\/\/dicodusport.fr\/blog\/wp-content\/uploads\/2020\/06\/cropped-LOGO-DICODUSPORT-2020-SANS-FOND-SANS-TEXTE.png","width":512,"height":512,"caption":"Dicodusport"},"image":{"@id":"https:\/\/dicodusport.fr\/blog\/#\/schema\/logo\/image\/"},"sameAs":["https:\/\/www.facebook.com\/dicodusport","https:\/\/x.com\/dicodusport","https:\/\/www.instagram.com\/dicodusport\/","https:\/\/www.youtube.com\/channel\/UC7V2KZ5sd3htJivAbA4ZG3w"],"description":"Dicodusport est l'encyclop\u00e9die de l'actualit\u00e9 sportive.","email":"bonjour@dicodusport.fr","legalName":"DICODUSPORT","foundingDate":"2018-01-14","vatID":"FR71834470973","taxID":"83447097300043","numberOfEmployees":{"@type":"QuantitativeValue","minValue":"1","maxValue":"10"}},{"@type":"Person","@id":"https:\/\/dicodusport.fr\/blog\/#\/schema\/person\/6db4bae06b171592211be385b32876a7","name":"Emilien Descampiaux","image":{"@type":"ImageObject","inLanguage":"fr-FR","@id":"https:\/\/dicodusport.fr\/blog\/#\/schema\/person\/image\/","url":"https:\/\/dicodusport.fr\/blog\/wp-content\/uploads\/2021\/05\/Emilien-Descampiaux-150x150.jpg","contentUrl":"https:\/\/dicodusport.fr\/blog\/wp-content\/uploads\/2021\/05\/Emilien-Descampiaux-150x150.jpg","caption":"Emilien Descampiaux"},"description":"Journaliste\/r\u00e9dacteur depuis 2014 - Fan de la classe de Frank Vandenbroucke, je vis cyclisme (et de ses paysages) depuis plus de 20 ans. Je suis tr\u00e8s impliqu\u00e9 sur mes diff\u00e9rents r\u00e9seaux sociaux pour partager ma passion sur le monde et l'Histoire de la bicyclette avec ma voix sur les images en noir et blanc du succ\u00e8s de Rik Van Steenbergen lors du Ronde sur le V\u00e9lodrome de Gand.","sameAs":["https:\/\/www.facebook.com\/groups\/LesRoisDuPeloton","https:\/\/x.com\/https:\/\/twitter.com\/LRoisDuPeloton"],"url":"https:\/\/dicodusport.fr\/blog\/author\/emiliend\/"}]}},"_links":{"self":[{"href":"https:\/\/dicodusport.fr\/blog\/wp-json\/wp\/v2\/posts\/419298","targetHints":{"allow":["GET"]}}],"collection":[{"href":"https:\/\/dicodusport.fr\/blog\/wp-json\/wp\/v2\/posts"}],"about":[{"href":"https:\/\/dicodusport.fr\/blog\/wp-json\/wp\/v2\/types\/post"}],"author":[{"embeddable":true,"href":"https:\/\/dicodusport.fr\/blog\/wp-json\/wp\/v2\/users\/48"}],"replies":[{"embeddable":true,"href":"https:\/\/dicodusport.fr\/blog\/wp-json\/wp\/v2\/comments?post=419298"}],"version-history":[{"count":0,"href":"https:\/\/dicodusport.fr\/blog\/wp-json\/wp\/v2\/posts\/419298\/revisions"}],"wp:featuredmedia":[{"embeddable":true,"href":"https:\/\/dicodusport.fr\/blog\/wp-json\/wp\/v2\/media\/420616"}],"wp:attachment":[{"href":"https:\/\/dicodusport.fr\/blog\/wp-json\/wp\/v2\/media?parent=419298"}],"wp:term":[{"taxonomy":"category","embeddable":true,"href":"https:\/\/dicodusport.fr\/blog\/wp-json\/wp\/v2\/categories?post=419298"},{"taxonomy":"post_tag","embeddable":true,"href":"https:\/\/dicodusport.fr\/blog\/wp-json\/wp\/v2\/tags?post=419298"}],"curies":[{"name":"wp","href":"https:\/\/api.w.org\/{rel}","templated":true}]}}