{"id":419302,"date":"2023-09-24T09:35:23","date_gmt":"2023-09-24T07:35:23","guid":{"rendered":"https:\/\/dicodusport.fr\/blog\/?p=419302&#038;preview=true&#038;preview_id=419302"},"modified":"2023-09-24T09:35:27","modified_gmt":"2023-09-24T07:35:27","slug":"championnats-deurope-2023-parcours-profil-et-favoris-de-la-course-en-ligne","status":"publish","type":"post","link":"https:\/\/dicodusport.fr\/blog\/championnats-deurope-2023-parcours-profil-et-favoris-de-la-course-en-ligne\/","title":{"rendered":"Championnats d&rsquo;Europe 2023 : Parcours, profil et favoris de la course en ligne"},"content":{"rendered":"<p style=\"text-align: justify;\"><em><b style=\"font-weight: bold;\">CHAMPIONNATS D\u2019EUROPE DE CYCLISME SUR ROUTE 2023 \u2013 Les Championnats d&rsquo;Europe de cyclisme sur route 2023<\/b><b>\u00a0ont lieu du\u00a020\u00a0au\u00a0<\/b><time class=\"nowrap date-lien\" style=\"font-weight: bold;\" datetime=\"2023-09-24\" data-sort-value=\"2023-09-24\">24 septembre\u00a02023<\/time><b> dans la province de Drenthe, au nord-est des Pays-Bas. La course en ligne masculine est trac\u00e9e sur 199,8 kilom\u00e8tres entre Assen et le village de Wijster et aura lieu le dimanche <time class=\"nowrap\" datetime=\"09-24\" data-sort-value=\"09-24\">24 septembre<\/time>. Pour les femmes, la course en ligne se d\u00e9roulera le samedi\u00a0<time class=\"nowrap\" datetime=\"09-23\" data-sort-value=\"09-23\">23 septembre<\/time> entre Meppel et Wijster sur 133,1 kilom\u00e8tres. Les deux courses se termineront par des tours d&rsquo;un circuit d&rsquo;environ 13,8 kilom\u00e8tres (6 tours pour les hommes et 5 pour les femmes). <\/b><\/em><em><strong>Parcours, profil et favoris.<\/strong><\/em><\/p>\n<ul style=\"text-align: justify;\">\n<li style=\"text-align: justify;\"><strong>\u00c0 lire aussi \u2013\u00a0<a href=\"https:\/\/dicodusport.fr\/blog\/actualites\/cyclisme\/cyclisme-sur-route-2023\/\">L\u2019actualit\u00e9 du cyclisme sur route<\/a><\/strong><\/li>\n<\/ul>\n<h2 style=\"text-align: justify;\">Parcours et profil de la course en ligne<\/h2>\n<p style=\"text-align: justify;\">D&rsquo;abord, les coureurs partiront dans le centre-ville d&rsquo;<strong>Assen<\/strong> avant de faire une boucle de 25 kilom\u00e8tres \u00e0 l&rsquo;ouest jusqu&rsquo;\u00e0 <strong>Norg<\/strong>. Puis, cap au nord par une ligne droite de cinq kilom\u00e8tres pour atteindre <strong>Vries<\/strong>.<\/p>\n<p style=\"text-align: justify;\">Puis, apr\u00e8s un virage \u00e0 droite, ils iront vers <strong>Zuidlaren<\/strong>. \u00c0 partir de l\u00e0, ce sera une longue portion de 70 kilom\u00e8tres assez rectiligne \u00e0 travers la campagne et les bois de la province de Drenthe, avec quelques courtes portions techniques, notamment dans <strong>Gieten<\/strong> pour atteindre le circuit final \u00e0 <strong>Drijber<\/strong>.<\/p>\n<p style=\"text-align: justify;\">Ensuite, le circuit final sera technique sur des petites routes avec le <strong>Col du VAM<\/strong>, long d\u2019environ 600 m\u00e8tres \u00e0 6% afin de rejoindre la ligne d&rsquo;arriv\u00e9e avec sa partie pav\u00e9e au sommet sur une petite route. Cette mont\u00e9e finale proposera un replat au milieu entre deux portions \u00e0 10 %. Cette colline artificielle a \u00e9t\u00e9 constitu\u00e9e de d\u00e9chets industriels, recouverte de terre propre et d&rsquo;herbe.<\/p>\n<div id=\"attachment_421707\" style=\"width: 708px\" class=\"wp-caption aligncenter\"><a href=\"https:\/\/dicodusport.fr\/blog\/wp-content\/uploads\/2023\/09\/Carte-du-parcours-de-la-course-en-ligne-des-championnats-dEurope-de-cyclisme-sur-route-2023.webp\"><img loading=\"lazy\" decoding=\"async\" aria-describedby=\"caption-attachment-421707\" class=\"size-full wp-image-421707\" src=\"https:\/\/dicodusport.fr\/blog\/wp-content\/uploads\/2023\/09\/Carte-du-parcours-de-la-course-en-ligne-des-championnats-dEurope-de-cyclisme-sur-route-2023.webp\" alt=\"Carte du parcours de la course en ligne des championnats d'Europe de cyclisme sur route 2023\" width=\"698\" height=\"808\" srcset=\"https:\/\/dicodusport.fr\/blog\/wp-content\/uploads\/2023\/09\/Carte-du-parcours-de-la-course-en-ligne-des-championnats-dEurope-de-cyclisme-sur-route-2023.webp 698w, https:\/\/dicodusport.fr\/blog\/wp-content\/uploads\/2023\/09\/Carte-du-parcours-de-la-course-en-ligne-des-championnats-dEurope-de-cyclisme-sur-route-2023-259x300.webp 259w\" sizes=\"auto, (max-width: 698px) 100vw, 698px\" \/><\/a><p id=\"caption-attachment-421707\" class=\"wp-caption-text\">Carte du parcours de la course en ligne des championnats d&rsquo;Europe de cyclisme sur route 2023 &#8211; Via UEC<\/p><\/div>\n<div id=\"attachment_421704\" style=\"width: 750px\" class=\"wp-caption aligncenter\"><a href=\"https:\/\/dicodusport.fr\/blog\/wp-content\/uploads\/2023\/09\/Profil-Course-en-ligne-Championnats-dEurope-de-cyclisme-2023.webp\"><img loading=\"lazy\" decoding=\"async\" aria-describedby=\"caption-attachment-421704\" class=\"size-large wp-image-421704\" src=\"https:\/\/dicodusport.fr\/blog\/wp-content\/uploads\/2023\/09\/Profil-Course-en-ligne-Championnats-dEurope-de-cyclisme-2023-1024x317.webp\" alt=\"Profil Course en ligne Championnats d'Europe de cyclisme 2023\" width=\"740\" height=\"229\" srcset=\"https:\/\/dicodusport.fr\/blog\/wp-content\/uploads\/2023\/09\/Profil-Course-en-ligne-Championnats-dEurope-de-cyclisme-2023-1024x317.webp 1024w, https:\/\/dicodusport.fr\/blog\/wp-content\/uploads\/2023\/09\/Profil-Course-en-ligne-Championnats-dEurope-de-cyclisme-2023-300x93.webp 300w, https:\/\/dicodusport.fr\/blog\/wp-content\/uploads\/2023\/09\/Profil-Course-en-ligne-Championnats-dEurope-de-cyclisme-2023-768x238.webp 768w, https:\/\/dicodusport.fr\/blog\/wp-content\/uploads\/2023\/09\/Profil-Course-en-ligne-Championnats-dEurope-de-cyclisme-2023.webp 1536w\" sizes=\"auto, (max-width: 740px) 100vw, 740px\" \/><\/a><p id=\"caption-attachment-421704\" class=\"wp-caption-text\">Profil Course en ligne Championnats d&rsquo;Europe de cyclisme 2023 &#8211; Via La Flamme Rouge<\/p><\/div>\n<ul>\n<li style=\"text-align: justify;\"><strong>\u00c0 lire aussi \u2013\u00a0<a href=\"https:\/\/dicodusport.fr\/blog\/programme-et-resultats-cyclisme-sur-route-championnats-deurope-2023\/\">Programme et r\u00e9sultats des championnats d\u2019Europe de cyclisme sur route 2023<\/a><\/strong><\/li>\n<\/ul>\n<h2 style=\"text-align: justify;\">Les favoris<\/h2>\n<p style=\"text-align: justify;\"><strong>Wout Van Aert\u00a0<\/strong>(Belgique)<\/p>\n<p style=\"text-align: justify;\"><strong>Mads Pedersen\u00a0<\/strong>(Danemark)<\/p>\n<p style=\"text-align: justify;\"><strong>Christophe Laporte\u00a0<\/strong>(France)<\/p>\n<p style=\"text-align: justify;\"><strong>Arnaud De Lie\u00a0<\/strong>(Belgique)<\/p>\n<p style=\"text-align: justify;\"><strong>Rasmus Tiller\u00a0<\/strong>(Norv\u00e8ge)<\/p>\n<p style=\"text-align: justify;\"><strong>Matteo Trentin\u00a0<\/strong>(Italie)<\/p>\n<h2 style=\"text-align: justify;\">Palmar\u00e8s de la course en ligne<\/h2>\n<p style=\"text-align: justify;\">2022 : JAKOBSEN Fabio &#8211; <strong><a href=\"https:\/\/dicodusport.fr\/blog\/championnats-europeens-2022-fabio-jakobsen-remporte-la-course-en-ligne-devant-arnaud-demare\/\">R\u00e9sum\u00e9<\/a><\/strong><\/p>\n<p style=\"text-align: justify;\">2021 : COLBRELLI Sonny &#8211; <strong><a href=\"https:\/\/dicodusport.fr\/blog\/trente-2021-sonny-colbrelli-sacre-champion-deurope-benoit-cosnefroy-en-bronze\/\">R\u00e9sum\u00e9<\/a> &#8211; <a href=\"https:\/\/dicodusport.fr\/blog\/championnats-europe-cyclisme-classement-course-en-ligne-elites-hommes\/\">Classement<\/a><\/strong><\/p>\n<p style=\"text-align: justify;\">2020 : NIZZOLO Giacomo &#8211; <a href=\"https:\/\/dicodusport.fr\/blog\/cyclisme-championnats-d-europe-2020-course-en-ligne-hommes-nizzolo-sacre-devant-demare\/\"><strong>R\u00e9sum\u00e9<\/strong><\/a><\/p>\n<p style=\"text-align: justify;\">2019 : VIVIANI Elia<\/p>\n<p style=\"text-align: justify;\">2018 : TRENTIN Matteo<\/p>\n<p style=\"text-align: justify;\">2017 : KRISTOFF Alexander<\/p>\n<p style=\"text-align: justify;\">2016 : SAGAN Peter<\/p>\n<p>&nbsp;<\/p>\n","protected":false},"excerpt":{"rendered":"<p>CHAMPIONNATS D\u2019EUROPE DE CYCLISME SUR ROUTE 2023 \u2013 La course en ligne masculine se d\u00e9roule ce dimanche 24 septembre. Parcours, profil et favoris.<\/p>\n","protected":false},"author":48,"featured_media":421715,"comment_status":"open","ping_status":"closed","sticky":false,"template":"","format":"standard","meta":{"_acf_changed":false,"_daextam_enable_autolinks":"","footnotes":""},"categories":[46994],"tags":[16878,23805],"class_list":["post-419302","post","type-post","status-publish","format-standard","has-post-thumbnail","hentry","category-cyclisme-sur-route","tag-breve","tag-championnats-deurope-de-cyclisme-sur-route"],"acf":[],"yoast_head":"<!-- This site is optimized with the Yoast SEO Premium plugin v26.7 (Yoast SEO v26.7) - https:\/\/yoast.com\/wordpress\/plugins\/seo\/ -->\n<title>Championnats d&#039;Europe 2023 : Parcours, profil et favoris de la course en ligne<\/title>\n<meta name=\"description\" content=\"CHAMPIONNATS D\u2019EUROPE DE CYCLISME SUR ROUTE 2023 \u2013 La course en ligne masculine se d\u00e9roule ce dimanche 24 septembre. Parcours, profil et favoris.\" \/>\n<meta name=\"robots\" content=\"index, follow, max-snippet:-1, max-image-preview:large, max-video-preview:-1\" \/>\n<link rel=\"canonical\" href=\"https:\/\/dicodusport.fr\/blog\/championnats-deurope-2023-parcours-profil-et-favoris-de-la-course-en-ligne\/\" \/>\n<meta property=\"og:locale\" content=\"fr_FR\" \/>\n<meta property=\"og:type\" content=\"article\" \/>\n<meta property=\"og:title\" content=\"Championnats d&#039;Europe 2023 : Parcours, profil et favoris de la course en ligne\" \/>\n<meta property=\"og:description\" content=\"CHAMPIONNATS D\u2019EUROPE DE CYCLISME SUR ROUTE 2023 \u2013 La course en ligne masculine se d\u00e9roule ce dimanche 24 septembre. Parcours, profil et favoris.\" \/>\n<meta property=\"og:url\" content=\"https:\/\/dicodusport.fr\/blog\/championnats-deurope-2023-parcours-profil-et-favoris-de-la-course-en-ligne\/\" \/>\n<meta property=\"og:site_name\" content=\"Dicodusport\" \/>\n<meta property=\"article:publisher\" content=\"https:\/\/www.facebook.com\/dicodusport\" \/>\n<meta property=\"article:author\" content=\"https:\/\/www.facebook.com\/groups\/LesRoisDuPeloton\" \/>\n<meta property=\"article:published_time\" content=\"2023-09-24T07:35:23+00:00\" \/>\n<meta property=\"article:modified_time\" content=\"2023-09-24T07:35:27+00:00\" \/>\n<meta property=\"og:image\" content=\"https:\/\/dicodusport.fr\/blog\/wp-content\/uploads\/2023\/09\/Championnats-dEurope-2023-Parcours-profil-et-favoris-de-la-course-en-ligne.png\" \/>\n\t<meta property=\"og:image:width\" content=\"800\" \/>\n\t<meta property=\"og:image:height\" content=\"445\" \/>\n\t<meta property=\"og:image:type\" content=\"image\/png\" \/>\n<meta name=\"author\" content=\"Emilien Descampiaux\" \/>\n<meta name=\"twitter:card\" content=\"summary_large_image\" \/>\n<meta name=\"twitter:title\" content=\"Championnats d&#039;Europe 2023 : Parcours, profil et favoris de la course en ligne\" \/>\n<meta name=\"twitter:creator\" content=\"@https:\/\/twitter.com\/LRoisDuPeloton\" \/>\n<meta name=\"twitter:site\" content=\"@dicodusport\" \/>\n<script type=\"application\/ld+json\" class=\"yoast-schema-graph\">{\"@context\":\"https:\/\/schema.org\",\"@graph\":[{\"@type\":\"NewsArticle\",\"@id\":\"https:\/\/dicodusport.fr\/blog\/championnats-deurope-2023-parcours-profil-et-favoris-de-la-course-en-ligne\/#article\",\"isPartOf\":{\"@id\":\"https:\/\/dicodusport.fr\/blog\/championnats-deurope-2023-parcours-profil-et-favoris-de-la-course-en-ligne\/\"},\"author\":{\"name\":\"Emilien Descampiaux\",\"@id\":\"https:\/\/dicodusport.fr\/blog\/#\/schema\/person\/6db4bae06b171592211be385b32876a7\"},\"headline\":\"Championnats d&rsquo;Europe 2023 : Parcours, profil et favoris de la course en ligne\",\"datePublished\":\"2023-09-24T07:35:23+00:00\",\"dateModified\":\"2023-09-24T07:35:27+00:00\",\"mainEntityOfPage\":{\"@id\":\"https:\/\/dicodusport.fr\/blog\/championnats-deurope-2023-parcours-profil-et-favoris-de-la-course-en-ligne\/\"},\"wordCount\":399,\"commentCount\":0,\"publisher\":{\"@id\":\"https:\/\/dicodusport.fr\/blog\/#organization\"},\"image\":{\"@id\":\"https:\/\/dicodusport.fr\/blog\/championnats-deurope-2023-parcours-profil-et-favoris-de-la-course-en-ligne\/#primaryimage\"},\"thumbnailUrl\":\"https:\/\/dicodusport.fr\/blog\/wp-content\/uploads\/2023\/09\/Championnats-dEurope-2023-Parcours-profil-et-favoris-de-la-course-en-ligne.png\",\"keywords\":[\"br\u00e8ve\",\"Championnats d'Europe de cyclisme sur route\"],\"articleSection\":[\"Cyclisme sur route\"],\"inLanguage\":\"fr-FR\",\"potentialAction\":[{\"@type\":\"CommentAction\",\"name\":\"Comment\",\"target\":[\"https:\/\/dicodusport.fr\/blog\/championnats-deurope-2023-parcours-profil-et-favoris-de-la-course-en-ligne\/#respond\"]}],\"copyrightYear\":\"2023\",\"copyrightHolder\":{\"@id\":\"https:\/\/dicodusport.fr\/blog\/#organization\"}},{\"@type\":\"WebPage\",\"@id\":\"https:\/\/dicodusport.fr\/blog\/championnats-deurope-2023-parcours-profil-et-favoris-de-la-course-en-ligne\/\",\"url\":\"https:\/\/dicodusport.fr\/blog\/championnats-deurope-2023-parcours-profil-et-favoris-de-la-course-en-ligne\/\",\"name\":\"Championnats d'Europe 2023 : Parcours, profil et favoris de la course en ligne\",\"isPartOf\":{\"@id\":\"https:\/\/dicodusport.fr\/blog\/#website\"},\"primaryImageOfPage\":{\"@id\":\"https:\/\/dicodusport.fr\/blog\/championnats-deurope-2023-parcours-profil-et-favoris-de-la-course-en-ligne\/#primaryimage\"},\"image\":{\"@id\":\"https:\/\/dicodusport.fr\/blog\/championnats-deurope-2023-parcours-profil-et-favoris-de-la-course-en-ligne\/#primaryimage\"},\"thumbnailUrl\":\"https:\/\/dicodusport.fr\/blog\/wp-content\/uploads\/2023\/09\/Championnats-dEurope-2023-Parcours-profil-et-favoris-de-la-course-en-ligne.png\",\"datePublished\":\"2023-09-24T07:35:23+00:00\",\"dateModified\":\"2023-09-24T07:35:27+00:00\",\"description\":\"CHAMPIONNATS D\u2019EUROPE DE CYCLISME SUR ROUTE 2023 \u2013 La course en ligne masculine se d\u00e9roule ce dimanche 24 septembre. Parcours, profil et favoris.\",\"breadcrumb\":{\"@id\":\"https:\/\/dicodusport.fr\/blog\/championnats-deurope-2023-parcours-profil-et-favoris-de-la-course-en-ligne\/#breadcrumb\"},\"inLanguage\":\"fr-FR\",\"potentialAction\":[{\"@type\":\"ReadAction\",\"target\":[\"https:\/\/dicodusport.fr\/blog\/championnats-deurope-2023-parcours-profil-et-favoris-de-la-course-en-ligne\/\"]}]},{\"@type\":\"ImageObject\",\"inLanguage\":\"fr-FR\",\"@id\":\"https:\/\/dicodusport.fr\/blog\/championnats-deurope-2023-parcours-profil-et-favoris-de-la-course-en-ligne\/#primaryimage\",\"url\":\"https:\/\/dicodusport.fr\/blog\/wp-content\/uploads\/2023\/09\/Championnats-dEurope-2023-Parcours-profil-et-favoris-de-la-course-en-ligne.png\",\"contentUrl\":\"https:\/\/dicodusport.fr\/blog\/wp-content\/uploads\/2023\/09\/Championnats-dEurope-2023-Parcours-profil-et-favoris-de-la-course-en-ligne.png\",\"width\":800,\"height\":445,\"caption\":\"Championnats d'Europe 2023 Parcours, profil et favoris de la course en ligne\"},{\"@type\":\"BreadcrumbList\",\"@id\":\"https:\/\/dicodusport.fr\/blog\/championnats-deurope-2023-parcours-profil-et-favoris-de-la-course-en-ligne\/#breadcrumb\",\"itemListElement\":[{\"@type\":\"ListItem\",\"position\":1,\"name\":\"Accueil\",\"item\":\"https:\/\/dicodusport.fr\/blog\/\"},{\"@type\":\"ListItem\",\"position\":2,\"name\":\"Championnats d&rsquo;Europe 2023 : Parcours, profil et favoris de la course en ligne\"}]},{\"@type\":\"WebSite\",\"@id\":\"https:\/\/dicodusport.fr\/blog\/#website\",\"url\":\"https:\/\/dicodusport.fr\/blog\/\",\"name\":\"Dicodusport\",\"description\":\"L&#039;encyclop\u00e9die de l&#039;actualit\u00e9 sportive\",\"publisher\":{\"@id\":\"https:\/\/dicodusport.fr\/blog\/#organization\"},\"potentialAction\":[{\"@type\":\"SearchAction\",\"target\":{\"@type\":\"EntryPoint\",\"urlTemplate\":\"https:\/\/dicodusport.fr\/blog\/?s={search_term_string}\"},\"query-input\":{\"@type\":\"PropertyValueSpecification\",\"valueRequired\":true,\"valueName\":\"search_term_string\"}}],\"inLanguage\":\"fr-FR\"},{\"@type\":\"NewsMediaOrganization\",\"@id\":\"https:\/\/dicodusport.fr\/blog\/#organization\",\"name\":\"Dicodusport\",\"url\":\"https:\/\/dicodusport.fr\/blog\/\",\"logo\":{\"@type\":\"ImageObject\",\"inLanguage\":\"fr-FR\",\"@id\":\"https:\/\/dicodusport.fr\/blog\/#\/schema\/logo\/image\/\",\"url\":\"https:\/\/dicodusport.fr\/blog\/wp-content\/uploads\/2020\/06\/cropped-LOGO-DICODUSPORT-2020-SANS-FOND-SANS-TEXTE.png\",\"contentUrl\":\"https:\/\/dicodusport.fr\/blog\/wp-content\/uploads\/2020\/06\/cropped-LOGO-DICODUSPORT-2020-SANS-FOND-SANS-TEXTE.png\",\"width\":512,\"height\":512,\"caption\":\"Dicodusport\"},\"image\":{\"@id\":\"https:\/\/dicodusport.fr\/blog\/#\/schema\/logo\/image\/\"},\"sameAs\":[\"https:\/\/www.facebook.com\/dicodusport\",\"https:\/\/x.com\/dicodusport\",\"https:\/\/www.instagram.com\/dicodusport\/\",\"https:\/\/www.youtube.com\/channel\/UC7V2KZ5sd3htJivAbA4ZG3w\"],\"description\":\"Dicodusport est l'encyclop\u00e9die de l'actualit\u00e9 sportive.\",\"email\":\"bonjour@dicodusport.fr\",\"legalName\":\"DICODUSPORT\",\"foundingDate\":\"2018-01-14\",\"vatID\":\"FR71834470973\",\"taxID\":\"83447097300043\",\"numberOfEmployees\":{\"@type\":\"QuantitativeValue\",\"minValue\":\"1\",\"maxValue\":\"10\"}},{\"@type\":\"Person\",\"@id\":\"https:\/\/dicodusport.fr\/blog\/#\/schema\/person\/6db4bae06b171592211be385b32876a7\",\"name\":\"Emilien Descampiaux\",\"image\":{\"@type\":\"ImageObject\",\"inLanguage\":\"fr-FR\",\"@id\":\"https:\/\/dicodusport.fr\/blog\/#\/schema\/person\/image\/\",\"url\":\"https:\/\/dicodusport.fr\/blog\/wp-content\/uploads\/2021\/05\/Emilien-Descampiaux-150x150.jpg\",\"contentUrl\":\"https:\/\/dicodusport.fr\/blog\/wp-content\/uploads\/2021\/05\/Emilien-Descampiaux-150x150.jpg\",\"caption\":\"Emilien Descampiaux\"},\"description\":\"Journaliste\/r\u00e9dacteur depuis 2014 - Fan de la classe de Frank Vandenbroucke, je vis cyclisme (et de ses paysages) depuis plus de 20 ans. Je suis tr\u00e8s impliqu\u00e9 sur mes diff\u00e9rents r\u00e9seaux sociaux pour partager ma passion sur le monde et l'Histoire de la bicyclette avec ma voix sur les images en noir et blanc du succ\u00e8s de Rik Van Steenbergen lors du Ronde sur le V\u00e9lodrome de Gand.\",\"sameAs\":[\"https:\/\/www.facebook.com\/groups\/LesRoisDuPeloton\",\"https:\/\/x.com\/https:\/\/twitter.com\/LRoisDuPeloton\"],\"url\":\"https:\/\/dicodusport.fr\/blog\/author\/emiliend\/\"}]}<\/script>\n<!-- \/ Yoast SEO Premium plugin. -->","yoast_head_json":{"title":"Championnats d'Europe 2023 : Parcours, profil et favoris de la course en ligne","description":"CHAMPIONNATS D\u2019EUROPE DE CYCLISME SUR ROUTE 2023 \u2013 La course en ligne masculine se d\u00e9roule ce dimanche 24 septembre. Parcours, profil et favoris.","robots":{"index":"index","follow":"follow","max-snippet":"max-snippet:-1","max-image-preview":"max-image-preview:large","max-video-preview":"max-video-preview:-1"},"canonical":"https:\/\/dicodusport.fr\/blog\/championnats-deurope-2023-parcours-profil-et-favoris-de-la-course-en-ligne\/","og_locale":"fr_FR","og_type":"article","og_title":"Championnats d'Europe 2023 : Parcours, profil et favoris de la course en ligne","og_description":"CHAMPIONNATS D\u2019EUROPE DE CYCLISME SUR ROUTE 2023 \u2013 La course en ligne masculine se d\u00e9roule ce dimanche 24 septembre. Parcours, profil et favoris.","og_url":"https:\/\/dicodusport.fr\/blog\/championnats-deurope-2023-parcours-profil-et-favoris-de-la-course-en-ligne\/","og_site_name":"Dicodusport","article_publisher":"https:\/\/www.facebook.com\/dicodusport","article_author":"https:\/\/www.facebook.com\/groups\/LesRoisDuPeloton","article_published_time":"2023-09-24T07:35:23+00:00","article_modified_time":"2023-09-24T07:35:27+00:00","og_image":[{"width":800,"height":445,"url":"https:\/\/dicodusport.fr\/blog\/wp-content\/uploads\/2023\/09\/Championnats-dEurope-2023-Parcours-profil-et-favoris-de-la-course-en-ligne.png","type":"image\/png"}],"author":"Emilien Descampiaux","twitter_card":"summary_large_image","twitter_title":"Championnats d'Europe 2023 : Parcours, profil et favoris de la course en ligne","twitter_creator":"@https:\/\/twitter.com\/LRoisDuPeloton","twitter_site":"@dicodusport","schema":{"@context":"https:\/\/schema.org","@graph":[{"@type":"NewsArticle","@id":"https:\/\/dicodusport.fr\/blog\/championnats-deurope-2023-parcours-profil-et-favoris-de-la-course-en-ligne\/#article","isPartOf":{"@id":"https:\/\/dicodusport.fr\/blog\/championnats-deurope-2023-parcours-profil-et-favoris-de-la-course-en-ligne\/"},"author":{"name":"Emilien Descampiaux","@id":"https:\/\/dicodusport.fr\/blog\/#\/schema\/person\/6db4bae06b171592211be385b32876a7"},"headline":"Championnats d&rsquo;Europe 2023 : Parcours, profil et favoris de la course en ligne","datePublished":"2023-09-24T07:35:23+00:00","dateModified":"2023-09-24T07:35:27+00:00","mainEntityOfPage":{"@id":"https:\/\/dicodusport.fr\/blog\/championnats-deurope-2023-parcours-profil-et-favoris-de-la-course-en-ligne\/"},"wordCount":399,"commentCount":0,"publisher":{"@id":"https:\/\/dicodusport.fr\/blog\/#organization"},"image":{"@id":"https:\/\/dicodusport.fr\/blog\/championnats-deurope-2023-parcours-profil-et-favoris-de-la-course-en-ligne\/#primaryimage"},"thumbnailUrl":"https:\/\/dicodusport.fr\/blog\/wp-content\/uploads\/2023\/09\/Championnats-dEurope-2023-Parcours-profil-et-favoris-de-la-course-en-ligne.png","keywords":["br\u00e8ve","Championnats d'Europe de cyclisme sur route"],"articleSection":["Cyclisme sur route"],"inLanguage":"fr-FR","potentialAction":[{"@type":"CommentAction","name":"Comment","target":["https:\/\/dicodusport.fr\/blog\/championnats-deurope-2023-parcours-profil-et-favoris-de-la-course-en-ligne\/#respond"]}],"copyrightYear":"2023","copyrightHolder":{"@id":"https:\/\/dicodusport.fr\/blog\/#organization"}},{"@type":"WebPage","@id":"https:\/\/dicodusport.fr\/blog\/championnats-deurope-2023-parcours-profil-et-favoris-de-la-course-en-ligne\/","url":"https:\/\/dicodusport.fr\/blog\/championnats-deurope-2023-parcours-profil-et-favoris-de-la-course-en-ligne\/","name":"Championnats d'Europe 2023 : Parcours, profil et favoris de la course en ligne","isPartOf":{"@id":"https:\/\/dicodusport.fr\/blog\/#website"},"primaryImageOfPage":{"@id":"https:\/\/dicodusport.fr\/blog\/championnats-deurope-2023-parcours-profil-et-favoris-de-la-course-en-ligne\/#primaryimage"},"image":{"@id":"https:\/\/dicodusport.fr\/blog\/championnats-deurope-2023-parcours-profil-et-favoris-de-la-course-en-ligne\/#primaryimage"},"thumbnailUrl":"https:\/\/dicodusport.fr\/blog\/wp-content\/uploads\/2023\/09\/Championnats-dEurope-2023-Parcours-profil-et-favoris-de-la-course-en-ligne.png","datePublished":"2023-09-24T07:35:23+00:00","dateModified":"2023-09-24T07:35:27+00:00","description":"CHAMPIONNATS D\u2019EUROPE DE CYCLISME SUR ROUTE 2023 \u2013 La course en ligne masculine se d\u00e9roule ce dimanche 24 septembre. Parcours, profil et favoris.","breadcrumb":{"@id":"https:\/\/dicodusport.fr\/blog\/championnats-deurope-2023-parcours-profil-et-favoris-de-la-course-en-ligne\/#breadcrumb"},"inLanguage":"fr-FR","potentialAction":[{"@type":"ReadAction","target":["https:\/\/dicodusport.fr\/blog\/championnats-deurope-2023-parcours-profil-et-favoris-de-la-course-en-ligne\/"]}]},{"@type":"ImageObject","inLanguage":"fr-FR","@id":"https:\/\/dicodusport.fr\/blog\/championnats-deurope-2023-parcours-profil-et-favoris-de-la-course-en-ligne\/#primaryimage","url":"https:\/\/dicodusport.fr\/blog\/wp-content\/uploads\/2023\/09\/Championnats-dEurope-2023-Parcours-profil-et-favoris-de-la-course-en-ligne.png","contentUrl":"https:\/\/dicodusport.fr\/blog\/wp-content\/uploads\/2023\/09\/Championnats-dEurope-2023-Parcours-profil-et-favoris-de-la-course-en-ligne.png","width":800,"height":445,"caption":"Championnats d'Europe 2023 Parcours, profil et favoris de la course en ligne"},{"@type":"BreadcrumbList","@id":"https:\/\/dicodusport.fr\/blog\/championnats-deurope-2023-parcours-profil-et-favoris-de-la-course-en-ligne\/#breadcrumb","itemListElement":[{"@type":"ListItem","position":1,"name":"Accueil","item":"https:\/\/dicodusport.fr\/blog\/"},{"@type":"ListItem","position":2,"name":"Championnats d&rsquo;Europe 2023 : Parcours, profil et favoris de la course en ligne"}]},{"@type":"WebSite","@id":"https:\/\/dicodusport.fr\/blog\/#website","url":"https:\/\/dicodusport.fr\/blog\/","name":"Dicodusport","description":"L&#039;encyclop\u00e9die de l&#039;actualit\u00e9 sportive","publisher":{"@id":"https:\/\/dicodusport.fr\/blog\/#organization"},"potentialAction":[{"@type":"SearchAction","target":{"@type":"EntryPoint","urlTemplate":"https:\/\/dicodusport.fr\/blog\/?s={search_term_string}"},"query-input":{"@type":"PropertyValueSpecification","valueRequired":true,"valueName":"search_term_string"}}],"inLanguage":"fr-FR"},{"@type":"NewsMediaOrganization","@id":"https:\/\/dicodusport.fr\/blog\/#organization","name":"Dicodusport","url":"https:\/\/dicodusport.fr\/blog\/","logo":{"@type":"ImageObject","inLanguage":"fr-FR","@id":"https:\/\/dicodusport.fr\/blog\/#\/schema\/logo\/image\/","url":"https:\/\/dicodusport.fr\/blog\/wp-content\/uploads\/2020\/06\/cropped-LOGO-DICODUSPORT-2020-SANS-FOND-SANS-TEXTE.png","contentUrl":"https:\/\/dicodusport.fr\/blog\/wp-content\/uploads\/2020\/06\/cropped-LOGO-DICODUSPORT-2020-SANS-FOND-SANS-TEXTE.png","width":512,"height":512,"caption":"Dicodusport"},"image":{"@id":"https:\/\/dicodusport.fr\/blog\/#\/schema\/logo\/image\/"},"sameAs":["https:\/\/www.facebook.com\/dicodusport","https:\/\/x.com\/dicodusport","https:\/\/www.instagram.com\/dicodusport\/","https:\/\/www.youtube.com\/channel\/UC7V2KZ5sd3htJivAbA4ZG3w"],"description":"Dicodusport est l'encyclop\u00e9die de l'actualit\u00e9 sportive.","email":"bonjour@dicodusport.fr","legalName":"DICODUSPORT","foundingDate":"2018-01-14","vatID":"FR71834470973","taxID":"83447097300043","numberOfEmployees":{"@type":"QuantitativeValue","minValue":"1","maxValue":"10"}},{"@type":"Person","@id":"https:\/\/dicodusport.fr\/blog\/#\/schema\/person\/6db4bae06b171592211be385b32876a7","name":"Emilien Descampiaux","image":{"@type":"ImageObject","inLanguage":"fr-FR","@id":"https:\/\/dicodusport.fr\/blog\/#\/schema\/person\/image\/","url":"https:\/\/dicodusport.fr\/blog\/wp-content\/uploads\/2021\/05\/Emilien-Descampiaux-150x150.jpg","contentUrl":"https:\/\/dicodusport.fr\/blog\/wp-content\/uploads\/2021\/05\/Emilien-Descampiaux-150x150.jpg","caption":"Emilien Descampiaux"},"description":"Journaliste\/r\u00e9dacteur depuis 2014 - Fan de la classe de Frank Vandenbroucke, je vis cyclisme (et de ses paysages) depuis plus de 20 ans. Je suis tr\u00e8s impliqu\u00e9 sur mes diff\u00e9rents r\u00e9seaux sociaux pour partager ma passion sur le monde et l'Histoire de la bicyclette avec ma voix sur les images en noir et blanc du succ\u00e8s de Rik Van Steenbergen lors du Ronde sur le V\u00e9lodrome de Gand.","sameAs":["https:\/\/www.facebook.com\/groups\/LesRoisDuPeloton","https:\/\/x.com\/https:\/\/twitter.com\/LRoisDuPeloton"],"url":"https:\/\/dicodusport.fr\/blog\/author\/emiliend\/"}]}},"_links":{"self":[{"href":"https:\/\/dicodusport.fr\/blog\/wp-json\/wp\/v2\/posts\/419302","targetHints":{"allow":["GET"]}}],"collection":[{"href":"https:\/\/dicodusport.fr\/blog\/wp-json\/wp\/v2\/posts"}],"about":[{"href":"https:\/\/dicodusport.fr\/blog\/wp-json\/wp\/v2\/types\/post"}],"author":[{"embeddable":true,"href":"https:\/\/dicodusport.fr\/blog\/wp-json\/wp\/v2\/users\/48"}],"replies":[{"embeddable":true,"href":"https:\/\/dicodusport.fr\/blog\/wp-json\/wp\/v2\/comments?post=419302"}],"version-history":[{"count":0,"href":"https:\/\/dicodusport.fr\/blog\/wp-json\/wp\/v2\/posts\/419302\/revisions"}],"wp:featuredmedia":[{"embeddable":true,"href":"https:\/\/dicodusport.fr\/blog\/wp-json\/wp\/v2\/media\/421715"}],"wp:attachment":[{"href":"https:\/\/dicodusport.fr\/blog\/wp-json\/wp\/v2\/media?parent=419302"}],"wp:term":[{"taxonomy":"category","embeddable":true,"href":"https:\/\/dicodusport.fr\/blog\/wp-json\/wp\/v2\/categories?post=419302"},{"taxonomy":"post_tag","embeddable":true,"href":"https:\/\/dicodusport.fr\/blog\/wp-json\/wp\/v2\/tags?post=419302"}],"curies":[{"name":"wp","href":"https:\/\/api.w.org\/{rel}","templated":true}]}}