{"id":419930,"date":"2023-09-17T12:25:09","date_gmt":"2023-09-17T10:25:09","guid":{"rendered":"https:\/\/dicodusport.fr\/blog\/?p=419930&#038;preview=true&#038;preview_id=419930"},"modified":"2023-09-17T13:46:39","modified_gmt":"2023-09-17T11:46:39","slug":"xv-de-france-la-compo-probable-pour-affronter-la-namibie","status":"publish","type":"post","link":"https:\/\/dicodusport.fr\/blog\/xv-de-france-la-compo-probable-pour-affronter-la-namibie\/","title":{"rendered":"XV de France : La compo probable pour affronter la Namibie"},"content":{"rendered":"<p style=\"text-align: justify;\" align=\"justify\"><em><strong><a href=\"https:\/\/dicodusport.fr\/blog\/actualites\/rugby\/rugby-a-xv\/xv-de-france\/\">XV DE FRANCE<\/a> &#8211; Selon Rugbyrama, Fabien Galthi\u00e9 va aligner une \u00e9quipe type pour le troisi\u00e8me match des Bleus \u00e0 la <a href=\"https:\/\/dicodusport.fr\/blog\/actualites\/rugby\/rugby-a-xv\/coupe-du-monde-de-rugby-2023\/\">Coupe du monde 2023<\/a>, face \u00e0 la Namibie, ce jeudi (21h).<\/strong><\/em><\/p>\n<p style=\"text-align: justify;\" align=\"justify\">Apr\u00e8s avoir fait tourner face \u00e0 l&rsquo;Uruguay, le staff du <strong>XV de France<\/strong> devrait mettre son \u00e9quipe type face \u00e0 la Namibie, avec une petite surprise. <strong>Louis Bielle-Biarrey<\/strong> pourrait \u00eatre pr\u00e9f\u00e9r\u00e9 \u00e0 <strong>Gabin Villi\u00e8re<\/strong> sur l&rsquo;aile gauche, alors que <strong>Damian<\/strong> <strong>Penaud<\/strong> sera de l&rsquo;autre c\u00f4t\u00e9. <strong>Thomas Ramos<\/strong> fera son retour \u00e0 l&rsquo;arri\u00e8re et sera aussi le buteur des Bleus pour ce troisi\u00e8me match.<\/p>\n<p align=\"justify\">Au centre, <strong>Jonathan<\/strong> <strong>Danty<\/strong> va jouer son premier match de la comp\u00e9tition, apr\u00e8s s&rsquo;\u00eatre totalement remis de sa blessure \u00e0 la cuisse. Il sera associ\u00e9 \u00e0 <strong>Ga\u00ebl Fickou<\/strong> alors qu&rsquo;<strong>Antoine<\/strong> <strong>Dupont<\/strong> et <strong>Matthieu<\/strong> <strong>Jalibert<\/strong> seront \u00e0 la charni\u00e8re. En troisi\u00e8me ligne, <strong>Anthony<\/strong> <strong>Jelonch<\/strong> devrait encha\u00eener alors que <strong>Charles<\/strong> <strong>Ollivon<\/strong> et <strong>Gr\u00e9gory<\/strong> <strong>Alldritt<\/strong> vont retrouver leur place de titulaire.<\/p>\n<p align=\"justify\">Pas de surprise en deuxi\u00e8me ligne, <strong>Thibaud<\/strong> <strong>Flament<\/strong> et <strong>Cameron<\/strong> <strong>Woki<\/strong> vont d\u00e9buter. <strong>Cyril<\/strong> <strong>Baille<\/strong> pourrait faire son retour au poste de pilier gauche, mais <strong>Reda<\/strong> <strong>Wardi<\/strong> se tient pr\u00eat si le Toulousain est un peu juste. <strong>Peato<\/strong> <strong>Mauvaka<\/strong> sera titulaire au poste de talonneur, comme Julien Marchand est encore bless\u00e9, alors qu&rsquo;<strong>Uini Atonio<\/strong> sera le pilier droit.<\/p>\n<ul style=\"text-align: justify;\">\n<li><strong>\u00c0 lire aussi &#8211; <a href=\"https:\/\/dicodusport.fr\/blog\/calendrier-et-resultats-coupe-du-monde-de-rugby-2023\/\">Calendrier et r\u00e9sultats de la Coupe du monde de rugby 2023<\/a><\/strong><\/li>\n<\/ul>\n<h2 style=\"text-align: justify;\" align=\"justify\">La composition probable du XV de France pour affronter la Namibie<\/h2>\n<div class=\"article-full__body-content article-paywall p402_premium\">\n<p style=\"text-align: justify;\">15. Ramos\u00a0; 14. Penaud, 13. Fickou, 12. Danty, 11. Bielle-Biarrey\u00a0; 10. Jalibert, 9. Dupont\u00a0; 7. Ollivon, 8. Alldritt, 6. Jelonch\u00a0; 5. Flament, 4. Woki\u00a0; 3. Atonio, 2. Mauvaka, 1. Baille ou Wardi.<\/p>\n<\/div>\n<blockquote class=\"twitter-tweet\">\n<p dir=\"ltr\" lang=\"fr\">Pour affronter la Namibie jeudi soir \u00e0 Marseille, le staff du XV de France semble avoir choisi de remettre en selle son \u00e9quipe \u00ab\u00a0premium\u00a0\u00bb.<\/p>\n<p>Danty devrait faire son grand retour alors que Bielle-Biarrey pourrait encha\u00eener.<\/p>\n<p>La compo probable des Bleus &gt; <a href=\"https:\/\/t.co\/BZzjilGgPu\">https:\/\/t.co\/BZzjilGgPu<\/a> <a href=\"https:\/\/t.co\/eum1KXyCam\">pic.twitter.com\/eum1KXyCam<\/a><\/p>\n<p>\u2014 RUGBYRAMA (@RugbyramaFR) <a href=\"https:\/\/twitter.com\/RugbyramaFR\/status\/1703349947800678759?ref_src=twsrc%5Etfw\">September 17, 2023<\/a><\/p><\/blockquote>\n<p><script async src=\"https:\/\/platform.twitter.com\/widgets.js\" charset=\"utf-8\"><\/script><\/p>\n","protected":false},"excerpt":{"rendered":"<p>XV DE FRANCE &#8211; Selon Rugbyrama, Fabien Galthi\u00e9 va aligner une \u00e9quipe type pour le troisi\u00e8me match des Bleus \u00e0 la Coupe du monde 2023, face \u00e0 la Namibie, ce jeudi (21h).<\/p>\n","protected":false},"author":1,"featured_media":419938,"comment_status":"open","ping_status":"closed","sticky":false,"template":"","format":"standard","meta":{"_acf_changed":false,"_daextam_enable_autolinks":"","footnotes":""},"categories":[47049,9129,19951],"tags":[16878,1530,8745,1638],"class_list":["post-419930","post","type-post","status-publish","format-standard","has-post-thumbnail","hentry","category-coupe-du-monde-de-rugby","category-rugby-a-xv","category-xv-de-france","tag-breve","tag-coupe-du-monde","tag-namibie","tag-xv-de-france"],"acf":[],"yoast_head":"<!-- This site is optimized with the Yoast SEO Premium plugin v26.7 (Yoast SEO v26.7) - https:\/\/yoast.com\/wordpress\/plugins\/seo\/ -->\n<title>XV de France : La compo probable pour affronter la Namibie<\/title>\n<meta name=\"description\" content=\"XV DE FRANCE - Selon Rugbyrama, Fabien Galthi\u00e9 va aligner une \u00e9quipe type pour le troisi\u00e8me match des Bleus, face \u00e0 la Namibie.\" \/>\n<meta name=\"robots\" content=\"index, follow, max-snippet:-1, max-image-preview:large, max-video-preview:-1\" \/>\n<link rel=\"canonical\" href=\"https:\/\/dicodusport.fr\/blog\/xv-de-france-la-compo-probable-pour-affronter-la-namibie\/\" \/>\n<meta property=\"og:locale\" content=\"fr_FR\" \/>\n<meta property=\"og:type\" content=\"article\" \/>\n<meta property=\"og:title\" content=\"XV de France : La compo probable pour affronter la Namibie\" \/>\n<meta property=\"og:description\" content=\"XV DE FRANCE - Selon Rugbyrama, Fabien Galthi\u00e9 va aligner une \u00e9quipe type pour le troisi\u00e8me match des Bleus, face \u00e0 la Namibie.\" \/>\n<meta property=\"og:url\" content=\"https:\/\/dicodusport.fr\/blog\/xv-de-france-la-compo-probable-pour-affronter-la-namibie\/\" \/>\n<meta property=\"og:site_name\" content=\"Dicodusport\" \/>\n<meta property=\"article:publisher\" content=\"https:\/\/www.facebook.com\/dicodusport\" \/>\n<meta property=\"article:author\" content=\"https:\/\/www.facebook.com\/dicodusport\" \/>\n<meta property=\"article:published_time\" content=\"2023-09-17T10:25:09+00:00\" \/>\n<meta property=\"article:modified_time\" content=\"2023-09-17T11:46:39+00:00\" \/>\n<meta property=\"og:image\" content=\"https:\/\/dicodusport.fr\/blog\/wp-content\/uploads\/2023\/09\/XV-de-France-compo-probable-pour-affronter-la-Namibie.png\" \/>\n\t<meta property=\"og:image:width\" content=\"800\" \/>\n\t<meta property=\"og:image:height\" content=\"445\" \/>\n\t<meta property=\"og:image:type\" content=\"image\/png\" \/>\n<meta name=\"author\" content=\"Nicolas Jacquemard\" \/>\n<meta name=\"twitter:card\" content=\"summary_large_image\" \/>\n<meta name=\"twitter:title\" content=\"XV de France : La compo probable pour affronter la Namibie\" \/>\n<meta name=\"twitter:creator\" content=\"@https:\/\/twitter.com\/Nico_Jacquemard\" \/>\n<meta name=\"twitter:site\" content=\"@dicodusport\" \/>\n<script type=\"application\/ld+json\" class=\"yoast-schema-graph\">{\"@context\":\"https:\/\/schema.org\",\"@graph\":[{\"@type\":\"NewsArticle\",\"@id\":\"https:\/\/dicodusport.fr\/blog\/xv-de-france-la-compo-probable-pour-affronter-la-namibie\/#article\",\"isPartOf\":{\"@id\":\"https:\/\/dicodusport.fr\/blog\/xv-de-france-la-compo-probable-pour-affronter-la-namibie\/\"},\"author\":{\"name\":\"Nicolas Jacquemard\",\"@id\":\"https:\/\/dicodusport.fr\/blog\/#\/schema\/person\/55dcb50ad410894e431ed812bbb70191\"},\"headline\":\"XV de France : La compo probable pour affronter la Namibie\",\"datePublished\":\"2023-09-17T10:25:09+00:00\",\"dateModified\":\"2023-09-17T11:46:39+00:00\",\"mainEntityOfPage\":{\"@id\":\"https:\/\/dicodusport.fr\/blog\/xv-de-france-la-compo-probable-pour-affronter-la-namibie\/\"},\"wordCount\":331,\"commentCount\":0,\"publisher\":{\"@id\":\"https:\/\/dicodusport.fr\/blog\/#organization\"},\"image\":{\"@id\":\"https:\/\/dicodusport.fr\/blog\/xv-de-france-la-compo-probable-pour-affronter-la-namibie\/#primaryimage\"},\"thumbnailUrl\":\"https:\/\/dicodusport.fr\/blog\/wp-content\/uploads\/2023\/09\/XV-de-France-compo-probable-pour-affronter-la-Namibie.png\",\"keywords\":[\"br\u00e8ve\",\"Coupe du monde\",\"Namibie\",\"XV de France\"],\"articleSection\":[\"Coupe du monde de rugby\",\"Rugby \u00e0 XV\",\"XV de France\"],\"inLanguage\":\"fr-FR\",\"potentialAction\":[{\"@type\":\"CommentAction\",\"name\":\"Comment\",\"target\":[\"https:\/\/dicodusport.fr\/blog\/xv-de-france-la-compo-probable-pour-affronter-la-namibie\/#respond\"]}],\"copyrightYear\":\"2023\",\"copyrightHolder\":{\"@id\":\"https:\/\/dicodusport.fr\/blog\/#organization\"}},{\"@type\":\"WebPage\",\"@id\":\"https:\/\/dicodusport.fr\/blog\/xv-de-france-la-compo-probable-pour-affronter-la-namibie\/\",\"url\":\"https:\/\/dicodusport.fr\/blog\/xv-de-france-la-compo-probable-pour-affronter-la-namibie\/\",\"name\":\"XV de France : La compo probable pour affronter la Namibie\",\"isPartOf\":{\"@id\":\"https:\/\/dicodusport.fr\/blog\/#website\"},\"primaryImageOfPage\":{\"@id\":\"https:\/\/dicodusport.fr\/blog\/xv-de-france-la-compo-probable-pour-affronter-la-namibie\/#primaryimage\"},\"image\":{\"@id\":\"https:\/\/dicodusport.fr\/blog\/xv-de-france-la-compo-probable-pour-affronter-la-namibie\/#primaryimage\"},\"thumbnailUrl\":\"https:\/\/dicodusport.fr\/blog\/wp-content\/uploads\/2023\/09\/XV-de-France-compo-probable-pour-affronter-la-Namibie.png\",\"datePublished\":\"2023-09-17T10:25:09+00:00\",\"dateModified\":\"2023-09-17T11:46:39+00:00\",\"description\":\"XV DE FRANCE - Selon Rugbyrama, Fabien Galthi\u00e9 va aligner une \u00e9quipe type pour le troisi\u00e8me match des Bleus, face \u00e0 la Namibie.\",\"breadcrumb\":{\"@id\":\"https:\/\/dicodusport.fr\/blog\/xv-de-france-la-compo-probable-pour-affronter-la-namibie\/#breadcrumb\"},\"inLanguage\":\"fr-FR\",\"potentialAction\":[{\"@type\":\"ReadAction\",\"target\":[\"https:\/\/dicodusport.fr\/blog\/xv-de-france-la-compo-probable-pour-affronter-la-namibie\/\"]}]},{\"@type\":\"ImageObject\",\"inLanguage\":\"fr-FR\",\"@id\":\"https:\/\/dicodusport.fr\/blog\/xv-de-france-la-compo-probable-pour-affronter-la-namibie\/#primaryimage\",\"url\":\"https:\/\/dicodusport.fr\/blog\/wp-content\/uploads\/2023\/09\/XV-de-France-compo-probable-pour-affronter-la-Namibie.png\",\"contentUrl\":\"https:\/\/dicodusport.fr\/blog\/wp-content\/uploads\/2023\/09\/XV-de-France-compo-probable-pour-affronter-la-Namibie.png\",\"width\":800,\"height\":445,\"caption\":\"Louis Bielle-Biarrey - XV de France\"},{\"@type\":\"BreadcrumbList\",\"@id\":\"https:\/\/dicodusport.fr\/blog\/xv-de-france-la-compo-probable-pour-affronter-la-namibie\/#breadcrumb\",\"itemListElement\":[{\"@type\":\"ListItem\",\"position\":1,\"name\":\"Accueil\",\"item\":\"https:\/\/dicodusport.fr\/blog\/\"},{\"@type\":\"ListItem\",\"position\":2,\"name\":\"XV de France : La compo probable pour affronter la Namibie\"}]},{\"@type\":\"WebSite\",\"@id\":\"https:\/\/dicodusport.fr\/blog\/#website\",\"url\":\"https:\/\/dicodusport.fr\/blog\/\",\"name\":\"Dicodusport\",\"description\":\"L&#039;encyclop\u00e9die de l&#039;actualit\u00e9 sportive\",\"publisher\":{\"@id\":\"https:\/\/dicodusport.fr\/blog\/#organization\"},\"potentialAction\":[{\"@type\":\"SearchAction\",\"target\":{\"@type\":\"EntryPoint\",\"urlTemplate\":\"https:\/\/dicodusport.fr\/blog\/?s={search_term_string}\"},\"query-input\":{\"@type\":\"PropertyValueSpecification\",\"valueRequired\":true,\"valueName\":\"search_term_string\"}}],\"inLanguage\":\"fr-FR\"},{\"@type\":\"NewsMediaOrganization\",\"@id\":\"https:\/\/dicodusport.fr\/blog\/#organization\",\"name\":\"Dicodusport\",\"url\":\"https:\/\/dicodusport.fr\/blog\/\",\"logo\":{\"@type\":\"ImageObject\",\"inLanguage\":\"fr-FR\",\"@id\":\"https:\/\/dicodusport.fr\/blog\/#\/schema\/logo\/image\/\",\"url\":\"https:\/\/dicodusport.fr\/blog\/wp-content\/uploads\/2020\/06\/cropped-LOGO-DICODUSPORT-2020-SANS-FOND-SANS-TEXTE.png\",\"contentUrl\":\"https:\/\/dicodusport.fr\/blog\/wp-content\/uploads\/2020\/06\/cropped-LOGO-DICODUSPORT-2020-SANS-FOND-SANS-TEXTE.png\",\"width\":512,\"height\":512,\"caption\":\"Dicodusport\"},\"image\":{\"@id\":\"https:\/\/dicodusport.fr\/blog\/#\/schema\/logo\/image\/\"},\"sameAs\":[\"https:\/\/www.facebook.com\/dicodusport\",\"https:\/\/x.com\/dicodusport\",\"https:\/\/www.instagram.com\/dicodusport\/\",\"https:\/\/www.youtube.com\/channel\/UC7V2KZ5sd3htJivAbA4ZG3w\"],\"description\":\"Dicodusport est l'encyclop\u00e9die de l'actualit\u00e9 sportive.\",\"email\":\"bonjour@dicodusport.fr\",\"legalName\":\"DICODUSPORT\",\"foundingDate\":\"2018-01-14\",\"vatID\":\"FR71834470973\",\"taxID\":\"83447097300043\",\"numberOfEmployees\":{\"@type\":\"QuantitativeValue\",\"minValue\":\"1\",\"maxValue\":\"10\"}},{\"@type\":\"Person\",\"@id\":\"https:\/\/dicodusport.fr\/blog\/#\/schema\/person\/55dcb50ad410894e431ed812bbb70191\",\"name\":\"Nicolas Jacquemard\",\"image\":{\"@type\":\"ImageObject\",\"inLanguage\":\"fr-FR\",\"@id\":\"https:\/\/dicodusport.fr\/blog\/#\/schema\/person\/image\/\",\"url\":\"https:\/\/dicodusport.fr\/blog\/wp-content\/uploads\/2021\/05\/Nicolas-Jacquemard-150x150.jpeg\",\"contentUrl\":\"https:\/\/dicodusport.fr\/blog\/wp-content\/uploads\/2021\/05\/Nicolas-Jacquemard-150x150.jpeg\",\"caption\":\"Nicolas Jacquemard\"},\"description\":\"Passionn\u00e9 de sport et entrepreneur depuis mes 18 ans, la cr\u00e9ation de Dicodusport m'a sembl\u00e9 \u00e9vidente pour participer \u00e0 la m\u00e9diatisation d'un plus grand nombre de sports. Le chemin est long mais avec une \u00e9quipe des plus motiv\u00e9es et les Jeux Olympiques de Paris 2024 en point de mire, nous y arriverons ! Journaliste dans le monde du sport depuis plus de 5 ans, je traite aussi bien de football, de rugby, de biathlon que de cyclisme.\",\"sameAs\":[\"https:\/\/www.facebook.com\/dicodusport\",\"https:\/\/x.com\/https:\/\/twitter.com\/Nico_Jacquemard\"],\"url\":\"https:\/\/dicodusport.fr\/blog\/author\/dicodusport\/\"}]}<\/script>\n<!-- \/ Yoast SEO Premium plugin. -->","yoast_head_json":{"title":"XV de France : La compo probable pour affronter la Namibie","description":"XV DE FRANCE - Selon Rugbyrama, Fabien Galthi\u00e9 va aligner une \u00e9quipe type pour le troisi\u00e8me match des Bleus, face \u00e0 la Namibie.","robots":{"index":"index","follow":"follow","max-snippet":"max-snippet:-1","max-image-preview":"max-image-preview:large","max-video-preview":"max-video-preview:-1"},"canonical":"https:\/\/dicodusport.fr\/blog\/xv-de-france-la-compo-probable-pour-affronter-la-namibie\/","og_locale":"fr_FR","og_type":"article","og_title":"XV de France : La compo probable pour affronter la Namibie","og_description":"XV DE FRANCE - Selon Rugbyrama, Fabien Galthi\u00e9 va aligner une \u00e9quipe type pour le troisi\u00e8me match des Bleus, face \u00e0 la Namibie.","og_url":"https:\/\/dicodusport.fr\/blog\/xv-de-france-la-compo-probable-pour-affronter-la-namibie\/","og_site_name":"Dicodusport","article_publisher":"https:\/\/www.facebook.com\/dicodusport","article_author":"https:\/\/www.facebook.com\/dicodusport","article_published_time":"2023-09-17T10:25:09+00:00","article_modified_time":"2023-09-17T11:46:39+00:00","og_image":[{"width":800,"height":445,"url":"https:\/\/dicodusport.fr\/blog\/wp-content\/uploads\/2023\/09\/XV-de-France-compo-probable-pour-affronter-la-Namibie.png","type":"image\/png"}],"author":"Nicolas Jacquemard","twitter_card":"summary_large_image","twitter_title":"XV de France : La compo probable pour affronter la Namibie","twitter_creator":"@https:\/\/twitter.com\/Nico_Jacquemard","twitter_site":"@dicodusport","schema":{"@context":"https:\/\/schema.org","@graph":[{"@type":"NewsArticle","@id":"https:\/\/dicodusport.fr\/blog\/xv-de-france-la-compo-probable-pour-affronter-la-namibie\/#article","isPartOf":{"@id":"https:\/\/dicodusport.fr\/blog\/xv-de-france-la-compo-probable-pour-affronter-la-namibie\/"},"author":{"name":"Nicolas Jacquemard","@id":"https:\/\/dicodusport.fr\/blog\/#\/schema\/person\/55dcb50ad410894e431ed812bbb70191"},"headline":"XV de France : La compo probable pour affronter la Namibie","datePublished":"2023-09-17T10:25:09+00:00","dateModified":"2023-09-17T11:46:39+00:00","mainEntityOfPage":{"@id":"https:\/\/dicodusport.fr\/blog\/xv-de-france-la-compo-probable-pour-affronter-la-namibie\/"},"wordCount":331,"commentCount":0,"publisher":{"@id":"https:\/\/dicodusport.fr\/blog\/#organization"},"image":{"@id":"https:\/\/dicodusport.fr\/blog\/xv-de-france-la-compo-probable-pour-affronter-la-namibie\/#primaryimage"},"thumbnailUrl":"https:\/\/dicodusport.fr\/blog\/wp-content\/uploads\/2023\/09\/XV-de-France-compo-probable-pour-affronter-la-Namibie.png","keywords":["br\u00e8ve","Coupe du monde","Namibie","XV de France"],"articleSection":["Coupe du monde de rugby","Rugby \u00e0 XV","XV de France"],"inLanguage":"fr-FR","potentialAction":[{"@type":"CommentAction","name":"Comment","target":["https:\/\/dicodusport.fr\/blog\/xv-de-france-la-compo-probable-pour-affronter-la-namibie\/#respond"]}],"copyrightYear":"2023","copyrightHolder":{"@id":"https:\/\/dicodusport.fr\/blog\/#organization"}},{"@type":"WebPage","@id":"https:\/\/dicodusport.fr\/blog\/xv-de-france-la-compo-probable-pour-affronter-la-namibie\/","url":"https:\/\/dicodusport.fr\/blog\/xv-de-france-la-compo-probable-pour-affronter-la-namibie\/","name":"XV de France : La compo probable pour affronter la Namibie","isPartOf":{"@id":"https:\/\/dicodusport.fr\/blog\/#website"},"primaryImageOfPage":{"@id":"https:\/\/dicodusport.fr\/blog\/xv-de-france-la-compo-probable-pour-affronter-la-namibie\/#primaryimage"},"image":{"@id":"https:\/\/dicodusport.fr\/blog\/xv-de-france-la-compo-probable-pour-affronter-la-namibie\/#primaryimage"},"thumbnailUrl":"https:\/\/dicodusport.fr\/blog\/wp-content\/uploads\/2023\/09\/XV-de-France-compo-probable-pour-affronter-la-Namibie.png","datePublished":"2023-09-17T10:25:09+00:00","dateModified":"2023-09-17T11:46:39+00:00","description":"XV DE FRANCE - Selon Rugbyrama, Fabien Galthi\u00e9 va aligner une \u00e9quipe type pour le troisi\u00e8me match des Bleus, face \u00e0 la Namibie.","breadcrumb":{"@id":"https:\/\/dicodusport.fr\/blog\/xv-de-france-la-compo-probable-pour-affronter-la-namibie\/#breadcrumb"},"inLanguage":"fr-FR","potentialAction":[{"@type":"ReadAction","target":["https:\/\/dicodusport.fr\/blog\/xv-de-france-la-compo-probable-pour-affronter-la-namibie\/"]}]},{"@type":"ImageObject","inLanguage":"fr-FR","@id":"https:\/\/dicodusport.fr\/blog\/xv-de-france-la-compo-probable-pour-affronter-la-namibie\/#primaryimage","url":"https:\/\/dicodusport.fr\/blog\/wp-content\/uploads\/2023\/09\/XV-de-France-compo-probable-pour-affronter-la-Namibie.png","contentUrl":"https:\/\/dicodusport.fr\/blog\/wp-content\/uploads\/2023\/09\/XV-de-France-compo-probable-pour-affronter-la-Namibie.png","width":800,"height":445,"caption":"Louis Bielle-Biarrey - XV de France"},{"@type":"BreadcrumbList","@id":"https:\/\/dicodusport.fr\/blog\/xv-de-france-la-compo-probable-pour-affronter-la-namibie\/#breadcrumb","itemListElement":[{"@type":"ListItem","position":1,"name":"Accueil","item":"https:\/\/dicodusport.fr\/blog\/"},{"@type":"ListItem","position":2,"name":"XV de France : La compo probable pour affronter la Namibie"}]},{"@type":"WebSite","@id":"https:\/\/dicodusport.fr\/blog\/#website","url":"https:\/\/dicodusport.fr\/blog\/","name":"Dicodusport","description":"L&#039;encyclop\u00e9die de l&#039;actualit\u00e9 sportive","publisher":{"@id":"https:\/\/dicodusport.fr\/blog\/#organization"},"potentialAction":[{"@type":"SearchAction","target":{"@type":"EntryPoint","urlTemplate":"https:\/\/dicodusport.fr\/blog\/?s={search_term_string}"},"query-input":{"@type":"PropertyValueSpecification","valueRequired":true,"valueName":"search_term_string"}}],"inLanguage":"fr-FR"},{"@type":"NewsMediaOrganization","@id":"https:\/\/dicodusport.fr\/blog\/#organization","name":"Dicodusport","url":"https:\/\/dicodusport.fr\/blog\/","logo":{"@type":"ImageObject","inLanguage":"fr-FR","@id":"https:\/\/dicodusport.fr\/blog\/#\/schema\/logo\/image\/","url":"https:\/\/dicodusport.fr\/blog\/wp-content\/uploads\/2020\/06\/cropped-LOGO-DICODUSPORT-2020-SANS-FOND-SANS-TEXTE.png","contentUrl":"https:\/\/dicodusport.fr\/blog\/wp-content\/uploads\/2020\/06\/cropped-LOGO-DICODUSPORT-2020-SANS-FOND-SANS-TEXTE.png","width":512,"height":512,"caption":"Dicodusport"},"image":{"@id":"https:\/\/dicodusport.fr\/blog\/#\/schema\/logo\/image\/"},"sameAs":["https:\/\/www.facebook.com\/dicodusport","https:\/\/x.com\/dicodusport","https:\/\/www.instagram.com\/dicodusport\/","https:\/\/www.youtube.com\/channel\/UC7V2KZ5sd3htJivAbA4ZG3w"],"description":"Dicodusport est l'encyclop\u00e9die de l'actualit\u00e9 sportive.","email":"bonjour@dicodusport.fr","legalName":"DICODUSPORT","foundingDate":"2018-01-14","vatID":"FR71834470973","taxID":"83447097300043","numberOfEmployees":{"@type":"QuantitativeValue","minValue":"1","maxValue":"10"}},{"@type":"Person","@id":"https:\/\/dicodusport.fr\/blog\/#\/schema\/person\/55dcb50ad410894e431ed812bbb70191","name":"Nicolas Jacquemard","image":{"@type":"ImageObject","inLanguage":"fr-FR","@id":"https:\/\/dicodusport.fr\/blog\/#\/schema\/person\/image\/","url":"https:\/\/dicodusport.fr\/blog\/wp-content\/uploads\/2021\/05\/Nicolas-Jacquemard-150x150.jpeg","contentUrl":"https:\/\/dicodusport.fr\/blog\/wp-content\/uploads\/2021\/05\/Nicolas-Jacquemard-150x150.jpeg","caption":"Nicolas Jacquemard"},"description":"Passionn\u00e9 de sport et entrepreneur depuis mes 18 ans, la cr\u00e9ation de Dicodusport m'a sembl\u00e9 \u00e9vidente pour participer \u00e0 la m\u00e9diatisation d'un plus grand nombre de sports. Le chemin est long mais avec une \u00e9quipe des plus motiv\u00e9es et les Jeux Olympiques de Paris 2024 en point de mire, nous y arriverons ! Journaliste dans le monde du sport depuis plus de 5 ans, je traite aussi bien de football, de rugby, de biathlon que de cyclisme.","sameAs":["https:\/\/www.facebook.com\/dicodusport","https:\/\/x.com\/https:\/\/twitter.com\/Nico_Jacquemard"],"url":"https:\/\/dicodusport.fr\/blog\/author\/dicodusport\/"}]}},"_links":{"self":[{"href":"https:\/\/dicodusport.fr\/blog\/wp-json\/wp\/v2\/posts\/419930","targetHints":{"allow":["GET"]}}],"collection":[{"href":"https:\/\/dicodusport.fr\/blog\/wp-json\/wp\/v2\/posts"}],"about":[{"href":"https:\/\/dicodusport.fr\/blog\/wp-json\/wp\/v2\/types\/post"}],"author":[{"embeddable":true,"href":"https:\/\/dicodusport.fr\/blog\/wp-json\/wp\/v2\/users\/1"}],"replies":[{"embeddable":true,"href":"https:\/\/dicodusport.fr\/blog\/wp-json\/wp\/v2\/comments?post=419930"}],"version-history":[{"count":0,"href":"https:\/\/dicodusport.fr\/blog\/wp-json\/wp\/v2\/posts\/419930\/revisions"}],"wp:featuredmedia":[{"embeddable":true,"href":"https:\/\/dicodusport.fr\/blog\/wp-json\/wp\/v2\/media\/419938"}],"wp:attachment":[{"href":"https:\/\/dicodusport.fr\/blog\/wp-json\/wp\/v2\/media?parent=419930"}],"wp:term":[{"taxonomy":"category","embeddable":true,"href":"https:\/\/dicodusport.fr\/blog\/wp-json\/wp\/v2\/categories?post=419930"},{"taxonomy":"post_tag","embeddable":true,"href":"https:\/\/dicodusport.fr\/blog\/wp-json\/wp\/v2\/tags?post=419930"}],"curies":[{"name":"wp","href":"https:\/\/api.w.org\/{rel}","templated":true}]}}