{"id":420103,"date":"2023-09-17T17:22:56","date_gmt":"2023-09-17T15:22:56","guid":{"rendered":"https:\/\/dicodusport.fr\/blog\/?p=420103&#038;preview=true&#038;preview_id=420103"},"modified":"2023-09-17T18:19:08","modified_gmt":"2023-09-17T16:19:08","slug":"nouveaux-internationaux-de-france-marine-boyer-conserve-sa-medaille-dor-a-la-poutre-leo-saladino-en-argent-au-saut","status":"publish","type":"post","link":"https:\/\/dicodusport.fr\/blog\/nouveaux-internationaux-de-france-marine-boyer-conserve-sa-medaille-dor-a-la-poutre-leo-saladino-en-argent-au-saut\/","title":{"rendered":"Nouveaux Internationaux de France : Marine Boyer conserve sa m\u00e9daille d&rsquo;or \u00e0 la poutre ! L\u00e9o Saladino en argent au saut"},"content":{"rendered":"<p style=\"text-align: justify;\"><strong><em><a title=\"Programme et r\u00e9sultats Nouveaux Internationaux de France de gymnastique artistique 2023\" href=\"https:\/\/dicodusport.fr\/blog\/programme-et-resultats-nouveaux-internationaux-de-france-de-gymnastique-artistique-2023\/\" target=\"_blank\" rel=\"noopener\">NOUVEAUX INTERNATIONAUX DE FRANCE<\/a> \u2013 <a href=\"https:\/\/dicodusport.fr\/blog\/internationaux-de-france-marine-boyer-en-or-a-la-poutre\/\">Vainqueur l&rsquo;ann\u00e9e derni\u00e8re<\/a> \u00e0 la poutre, Marine Boyer a r\u00e9cidiv\u00e9 cette ann\u00e9e ! Dans le m\u00eame temps, L\u00e9o Saladino a remport\u00e9 l&rsquo;argent au saut.<br \/>\n<\/em><\/strong><\/p>\n<p style=\"text-align: justify;\"><strong>Marine Boyer<\/strong> a termin\u00e9 \u00e0 la <a href=\"https:\/\/x.com\/ffgymnastique\/status\/1703066286119362611?s=20\">premi\u00e8re place<\/a> des qualifications de la poutre (13.750).<\/p>\n<p style=\"text-align: justify;\">Apr\u00e8s une entr\u00e9e f\u00e9brile en finale, la Fran\u00e7aise s&rsquo;est reprise. Malgr\u00e9 quelques h\u00e9sitations, bon passage pour elle. Cependant, elle termine son mouvement avec 2 secondes de retard. La d\u00e9ception se lisait sur son visage, pensant l&rsquo;or lui \u00e9chapper. Elle obtient finalement la m\u00eame note que <strong>Kaylia Nemour<\/strong> (13.500) malgr\u00e9 sa p\u00e9nalit\u00e9. Et remporte l&rsquo;or en raison d&rsquo;une note de difficult\u00e9 plus \u00e9lev\u00e9e (5.700 contre 5.600). La Br\u00e9silienne <strong>Flavia Saraiva<\/strong> compl\u00e8te le podium (13.450).<\/p>\n<p style=\"text-align: justify;\">Tripl\u00e9 gagnant pour la Fran\u00e7aise 2e en 2021 et donc vainqueur des deux derni\u00e8res \u00e9ditions.<\/p>\n<blockquote class=\"twitter-tweet\">\n<p dir=\"ltr\" lang=\"fr\">[FINALE POUTRE &#8211; Nouveaux Internationaux de France 2023 \ud83c\uddeb\ud83c\uddf7]\nPassage de Marine BOYER. Elle obtient la note de : 13.500<a href=\"https:\/\/twitter.com\/hashtag\/GymnasticsParis?src=hash&amp;ref_src=twsrc%5Etfw\">#GymnasticsParis<\/a> \ud83e\udd38\ud83c\udffc\u200d\u2642\ufe0f <a href=\"https:\/\/t.co\/xLxw27ktAz\">pic.twitter.com\/xLxw27ktAz<\/a><\/p>\n<p>\u2014 F\u00e9d\u00e9ration Fran\u00e7aise de Gymnastique (@ffgymnastique) <a href=\"https:\/\/twitter.com\/ffgymnastique\/status\/1703431500866191815?ref_src=twsrc%5Etfw\">September 17, 2023<\/a><\/p><\/blockquote>\n<p><script async src=\"https:\/\/platform.twitter.com\/widgets.js\" charset=\"utf-8\"><\/script><\/p>\n<h2 style=\"text-align: justify;\">Premi\u00e8re m\u00e9daille en Challenge cup pour L\u00e9o Saladino !<\/h2>\n<p style=\"text-align: justify;\">Au <strong>saut<\/strong>, <strong>L\u00e9o Saladino<\/strong> s&rsquo;est qualifi\u00e9 en 4e position avec une moyenne de 14.325 avec une p\u00e9nalit\u00e9 sur son 2nd saut.<\/p>\n<p style=\"text-align: justify;\">En finale, tr\u00e8s bon premier saut, une triple vrille qui lui vaut une note de 14.650. Il fait un grand pas \u00e0 la r\u00e9ception de son 2nd saut et obtient une note de 13.850 pour une moyenne de 14.250. Il se classe ainsi<strong> 2e<\/strong> apr\u00e8s le passage de 5 gymnastes. Et il conservera cette place jusqu&rsquo;\u00e0 la fin.<\/p>\n<p style=\"text-align: justify;\">L&rsquo;ann\u00e9e derni\u00e8re, il avait termin\u00e9 4e \u00e0 Varna et ne s&rsquo;\u00e9tait pas qualifi\u00e9 pour la finale \u00e0 Paris. Une belle progression donc et sa premi\u00e8re m\u00e9daille en Challenge cup.<\/p>\n<blockquote class=\"twitter-tweet\">\n<p dir=\"ltr\" lang=\"fr\">[FINALE Saut GAM &#8211; Nouveaux Internationaux de France 2023 \ud83c\uddeb\ud83c\uddf7]\nPassage de L\u00e9o Saladino. Il obtient la note de : 14.250 pts<a href=\"https:\/\/twitter.com\/hashtag\/GymnasticsParis?src=hash&amp;ref_src=twsrc%5Etfw\">#GymnasticsParis<\/a> \ud83e\udd38\ud83c\udffc\u200d\u2642\ufe0f <a href=\"https:\/\/t.co\/sa79pwSoAf\">pic.twitter.com\/sa79pwSoAf<\/a><\/p>\n<p>\u2014 F\u00e9d\u00e9ration Fran\u00e7aise de Gymnastique (@ffgymnastique) <a href=\"https:\/\/twitter.com\/ffgymnastique\/status\/1703424688792199466?ref_src=twsrc%5Etfw\">September 17, 2023<\/a><\/p><\/blockquote>\n<p style=\"text-align: justify;\"><script async src=\"https:\/\/platform.twitter.com\/widgets.js\" charset=\"utf-8\"><\/script><\/p>\n<p style=\"text-align: justify;\">\n","protected":false},"excerpt":{"rendered":"<p>NOUVEAUX INTERNATIONAUX DE FRANCE \u2013 Vainqueur l&rsquo;ann\u00e9e derni\u00e8re \u00e0 la poutre, Marine Boyer a r\u00e9cidiv\u00e9 cette ann\u00e9e ! Dans le m\u00eame temps, L\u00e9o Saladino a remport\u00e9 l&rsquo;argent au saut.<\/p>\n","protected":false},"author":12,"featured_media":420124,"comment_status":"open","ping_status":"closed","sticky":false,"template":"","format":"standard","meta":{"_acf_changed":false,"_daextam_enable_autolinks":"","footnotes":""},"categories":[10429],"tags":[16878,6976,5697],"class_list":["post-420103","post","type-post","status-publish","format-standard","has-post-thumbnail","hentry","category-gymnastique","tag-breve","tag-gymnastique-artistique","tag-marine-boyer"],"acf":[],"yoast_head":"<!-- This site is optimized with the Yoast SEO Premium plugin v26.7 (Yoast SEO v26.7) - https:\/\/yoast.com\/wordpress\/plugins\/seo\/ -->\n<title>Nouveaux Internationaux de France : Marine Boyer conserve sa m\u00e9daille d&#039;or \u00e0 la poutre ! L\u00e9o Saladino en argent au saut<\/title>\n<meta name=\"description\" content=\"NOUVEAUX INTERNATIONAUX DE FRANCE \u2013 M\u00e9daille d&#039;or pour Marine Boyer \u00e0 la poutre et m\u00e9daille d&#039;argent pour L\u00e9o Saladino au saut.\" \/>\n<meta name=\"robots\" content=\"index, follow, max-snippet:-1, max-image-preview:large, max-video-preview:-1\" \/>\n<link rel=\"canonical\" href=\"https:\/\/dicodusport.fr\/blog\/nouveaux-internationaux-de-france-marine-boyer-conserve-sa-medaille-dor-a-la-poutre-leo-saladino-en-argent-au-saut\/\" \/>\n<meta property=\"og:locale\" content=\"fr_FR\" \/>\n<meta property=\"og:type\" content=\"article\" \/>\n<meta property=\"og:title\" content=\"Nouveaux Internationaux de France : Marine Boyer conserve sa m\u00e9daille d&#039;or \u00e0 la poutre ! L\u00e9o Saladino en argent au saut\" \/>\n<meta property=\"og:description\" content=\"NOUVEAUX INTERNATIONAUX DE FRANCE \u2013 M\u00e9daille d&#039;or pour Marine Boyer \u00e0 la poutre et m\u00e9daille d&#039;argent pour L\u00e9o Saladino au saut.\" \/>\n<meta property=\"og:url\" content=\"https:\/\/dicodusport.fr\/blog\/nouveaux-internationaux-de-france-marine-boyer-conserve-sa-medaille-dor-a-la-poutre-leo-saladino-en-argent-au-saut\/\" \/>\n<meta property=\"og:site_name\" content=\"Dicodusport\" \/>\n<meta property=\"article:publisher\" content=\"https:\/\/www.facebook.com\/dicodusport\" \/>\n<meta property=\"article:published_time\" content=\"2023-09-17T15:22:56+00:00\" \/>\n<meta property=\"article:modified_time\" content=\"2023-09-17T16:19:08+00:00\" \/>\n<meta property=\"og:image\" content=\"https:\/\/dicodusport.fr\/blog\/wp-content\/uploads\/2023\/09\/Nouveaux-Internationaux-de-France-Marine-Boyer-conserve-sa-medaille-dor-a-la-poutre-Leo-Saladino-en-argent-au-saut.png\" \/>\n\t<meta property=\"og:image:width\" content=\"800\" \/>\n\t<meta property=\"og:image:height\" content=\"445\" \/>\n\t<meta property=\"og:image:type\" content=\"image\/png\" \/>\n<meta name=\"author\" content=\"Arlette Yeye\" \/>\n<meta name=\"twitter:card\" content=\"summary_large_image\" \/>\n<meta name=\"twitter:title\" content=\"Nouveaux Internationaux de France : Marine Boyer conserve sa m\u00e9daille d&#039;or \u00e0 la poutre ! L\u00e9o Saladino en argent au saut\" \/>\n<meta name=\"twitter:creator\" content=\"@https:\/\/twitter.com\/Shiclette94\" \/>\n<meta name=\"twitter:site\" content=\"@dicodusport\" \/>\n<script type=\"application\/ld+json\" class=\"yoast-schema-graph\">{\"@context\":\"https:\/\/schema.org\",\"@graph\":[{\"@type\":\"NewsArticle\",\"@id\":\"https:\/\/dicodusport.fr\/blog\/nouveaux-internationaux-de-france-marine-boyer-conserve-sa-medaille-dor-a-la-poutre-leo-saladino-en-argent-au-saut\/#article\",\"isPartOf\":{\"@id\":\"https:\/\/dicodusport.fr\/blog\/nouveaux-internationaux-de-france-marine-boyer-conserve-sa-medaille-dor-a-la-poutre-leo-saladino-en-argent-au-saut\/\"},\"author\":{\"name\":\"Arlette Yeye\",\"@id\":\"https:\/\/dicodusport.fr\/blog\/#\/schema\/person\/cce96fa88785bd8573e3d43078ac8c79\"},\"headline\":\"Nouveaux Internationaux de France : Marine Boyer conserve sa m\u00e9daille d&rsquo;or \u00e0 la poutre ! L\u00e9o Saladino en argent au saut\",\"datePublished\":\"2023-09-17T15:22:56+00:00\",\"dateModified\":\"2023-09-17T16:19:08+00:00\",\"mainEntityOfPage\":{\"@id\":\"https:\/\/dicodusport.fr\/blog\/nouveaux-internationaux-de-france-marine-boyer-conserve-sa-medaille-dor-a-la-poutre-leo-saladino-en-argent-au-saut\/\"},\"wordCount\":355,\"commentCount\":0,\"publisher\":{\"@id\":\"https:\/\/dicodusport.fr\/blog\/#organization\"},\"image\":{\"@id\":\"https:\/\/dicodusport.fr\/blog\/nouveaux-internationaux-de-france-marine-boyer-conserve-sa-medaille-dor-a-la-poutre-leo-saladino-en-argent-au-saut\/#primaryimage\"},\"thumbnailUrl\":\"https:\/\/dicodusport.fr\/blog\/wp-content\/uploads\/2023\/09\/Nouveaux-Internationaux-de-France-Marine-Boyer-conserve-sa-medaille-dor-a-la-poutre-Leo-Saladino-en-argent-au-saut.png\",\"keywords\":[\"br\u00e8ve\",\"Gymnastique artistique\",\"Marine Boyer\"],\"articleSection\":[\"Gymnastique\"],\"inLanguage\":\"fr-FR\",\"potentialAction\":[{\"@type\":\"CommentAction\",\"name\":\"Comment\",\"target\":[\"https:\/\/dicodusport.fr\/blog\/nouveaux-internationaux-de-france-marine-boyer-conserve-sa-medaille-dor-a-la-poutre-leo-saladino-en-argent-au-saut\/#respond\"]}],\"copyrightYear\":\"2023\",\"copyrightHolder\":{\"@id\":\"https:\/\/dicodusport.fr\/blog\/#organization\"}},{\"@type\":\"WebPage\",\"@id\":\"https:\/\/dicodusport.fr\/blog\/nouveaux-internationaux-de-france-marine-boyer-conserve-sa-medaille-dor-a-la-poutre-leo-saladino-en-argent-au-saut\/\",\"url\":\"https:\/\/dicodusport.fr\/blog\/nouveaux-internationaux-de-france-marine-boyer-conserve-sa-medaille-dor-a-la-poutre-leo-saladino-en-argent-au-saut\/\",\"name\":\"Nouveaux Internationaux de France : Marine Boyer conserve sa m\u00e9daille d'or \u00e0 la poutre ! L\u00e9o Saladino en argent au saut\",\"isPartOf\":{\"@id\":\"https:\/\/dicodusport.fr\/blog\/#website\"},\"primaryImageOfPage\":{\"@id\":\"https:\/\/dicodusport.fr\/blog\/nouveaux-internationaux-de-france-marine-boyer-conserve-sa-medaille-dor-a-la-poutre-leo-saladino-en-argent-au-saut\/#primaryimage\"},\"image\":{\"@id\":\"https:\/\/dicodusport.fr\/blog\/nouveaux-internationaux-de-france-marine-boyer-conserve-sa-medaille-dor-a-la-poutre-leo-saladino-en-argent-au-saut\/#primaryimage\"},\"thumbnailUrl\":\"https:\/\/dicodusport.fr\/blog\/wp-content\/uploads\/2023\/09\/Nouveaux-Internationaux-de-France-Marine-Boyer-conserve-sa-medaille-dor-a-la-poutre-Leo-Saladino-en-argent-au-saut.png\",\"datePublished\":\"2023-09-17T15:22:56+00:00\",\"dateModified\":\"2023-09-17T16:19:08+00:00\",\"description\":\"NOUVEAUX INTERNATIONAUX DE FRANCE \u2013 M\u00e9daille d'or pour Marine Boyer \u00e0 la poutre et m\u00e9daille d'argent pour L\u00e9o Saladino au saut.\",\"breadcrumb\":{\"@id\":\"https:\/\/dicodusport.fr\/blog\/nouveaux-internationaux-de-france-marine-boyer-conserve-sa-medaille-dor-a-la-poutre-leo-saladino-en-argent-au-saut\/#breadcrumb\"},\"inLanguage\":\"fr-FR\",\"potentialAction\":[{\"@type\":\"ReadAction\",\"target\":[\"https:\/\/dicodusport.fr\/blog\/nouveaux-internationaux-de-france-marine-boyer-conserve-sa-medaille-dor-a-la-poutre-leo-saladino-en-argent-au-saut\/\"]}]},{\"@type\":\"ImageObject\",\"inLanguage\":\"fr-FR\",\"@id\":\"https:\/\/dicodusport.fr\/blog\/nouveaux-internationaux-de-france-marine-boyer-conserve-sa-medaille-dor-a-la-poutre-leo-saladino-en-argent-au-saut\/#primaryimage\",\"url\":\"https:\/\/dicodusport.fr\/blog\/wp-content\/uploads\/2023\/09\/Nouveaux-Internationaux-de-France-Marine-Boyer-conserve-sa-medaille-dor-a-la-poutre-Leo-Saladino-en-argent-au-saut.png\",\"contentUrl\":\"https:\/\/dicodusport.fr\/blog\/wp-content\/uploads\/2023\/09\/Nouveaux-Internationaux-de-France-Marine-Boyer-conserve-sa-medaille-dor-a-la-poutre-Leo-Saladino-en-argent-au-saut.png\",\"width\":800,\"height\":445,\"caption\":\"Nouveaux Internationaux de France Marine Boyer conserve sa m\u00e9daille d'or \u00e0 la poutre ! L\u00e9o Saladino en argent au saut\"},{\"@type\":\"BreadcrumbList\",\"@id\":\"https:\/\/dicodusport.fr\/blog\/nouveaux-internationaux-de-france-marine-boyer-conserve-sa-medaille-dor-a-la-poutre-leo-saladino-en-argent-au-saut\/#breadcrumb\",\"itemListElement\":[{\"@type\":\"ListItem\",\"position\":1,\"name\":\"Accueil\",\"item\":\"https:\/\/dicodusport.fr\/blog\/\"},{\"@type\":\"ListItem\",\"position\":2,\"name\":\"Nouveaux Internationaux de France : Marine Boyer conserve sa m\u00e9daille d&rsquo;or \u00e0 la poutre ! L\u00e9o Saladino en argent au saut\"}]},{\"@type\":\"WebSite\",\"@id\":\"https:\/\/dicodusport.fr\/blog\/#website\",\"url\":\"https:\/\/dicodusport.fr\/blog\/\",\"name\":\"Dicodusport\",\"description\":\"L&#039;encyclop\u00e9die de l&#039;actualit\u00e9 sportive\",\"publisher\":{\"@id\":\"https:\/\/dicodusport.fr\/blog\/#organization\"},\"potentialAction\":[{\"@type\":\"SearchAction\",\"target\":{\"@type\":\"EntryPoint\",\"urlTemplate\":\"https:\/\/dicodusport.fr\/blog\/?s={search_term_string}\"},\"query-input\":{\"@type\":\"PropertyValueSpecification\",\"valueRequired\":true,\"valueName\":\"search_term_string\"}}],\"inLanguage\":\"fr-FR\"},{\"@type\":\"NewsMediaOrganization\",\"@id\":\"https:\/\/dicodusport.fr\/blog\/#organization\",\"name\":\"Dicodusport\",\"url\":\"https:\/\/dicodusport.fr\/blog\/\",\"logo\":{\"@type\":\"ImageObject\",\"inLanguage\":\"fr-FR\",\"@id\":\"https:\/\/dicodusport.fr\/blog\/#\/schema\/logo\/image\/\",\"url\":\"https:\/\/dicodusport.fr\/blog\/wp-content\/uploads\/2020\/06\/cropped-LOGO-DICODUSPORT-2020-SANS-FOND-SANS-TEXTE.png\",\"contentUrl\":\"https:\/\/dicodusport.fr\/blog\/wp-content\/uploads\/2020\/06\/cropped-LOGO-DICODUSPORT-2020-SANS-FOND-SANS-TEXTE.png\",\"width\":512,\"height\":512,\"caption\":\"Dicodusport\"},\"image\":{\"@id\":\"https:\/\/dicodusport.fr\/blog\/#\/schema\/logo\/image\/\"},\"sameAs\":[\"https:\/\/www.facebook.com\/dicodusport\",\"https:\/\/x.com\/dicodusport\",\"https:\/\/www.instagram.com\/dicodusport\/\",\"https:\/\/www.youtube.com\/channel\/UC7V2KZ5sd3htJivAbA4ZG3w\"],\"description\":\"Dicodusport est l'encyclop\u00e9die de l'actualit\u00e9 sportive.\",\"email\":\"bonjour@dicodusport.fr\",\"legalName\":\"DICODUSPORT\",\"foundingDate\":\"2018-01-14\",\"vatID\":\"FR71834470973\",\"taxID\":\"83447097300043\",\"numberOfEmployees\":{\"@type\":\"QuantitativeValue\",\"minValue\":\"1\",\"maxValue\":\"10\"}},{\"@type\":\"Person\",\"@id\":\"https:\/\/dicodusport.fr\/blog\/#\/schema\/person\/cce96fa88785bd8573e3d43078ac8c79\",\"name\":\"Arlette Yeye\",\"image\":{\"@type\":\"ImageObject\",\"inLanguage\":\"fr-FR\",\"@id\":\"https:\/\/dicodusport.fr\/blog\/#\/schema\/person\/image\/\",\"url\":\"https:\/\/secure.gravatar.com\/avatar\/dca4a6239e6d708e46c45d60e160de6c?s=96&d=wp_user_avatar&r=g\",\"contentUrl\":\"https:\/\/secure.gravatar.com\/avatar\/dca4a6239e6d708e46c45d60e160de6c?s=96&d=wp_user_avatar&r=g\",\"caption\":\"Arlette Yeye\"},\"description\":\"Journaliste\/r\u00e9dactrice depuis septembre 2015 - Supportrice de Chelsea, j'ai pour sports de pr\u00e9dilection le handball, l'athl\u00e9tisme et le tennis. Si je tweete plus vite que mon ombre, vous pouvez aussi me retrouver les week-ends sur les playgrounds de Bruxelles pour un petit foot ou basket entre potes. Parcourir la France, l'Europe et plus si affinit\u00e9s pour suivre mes sportifs pr\u00e9f\u00e9r\u00e9s ? Mon kif ! Et c'est avec plaisir que je partage les r\u00e9sultats des sports populaires mais \u00e9galement plus confidentiels pour Dicodusport.\",\"sameAs\":[\"https:\/\/x.com\/https:\/\/twitter.com\/Shiclette94\"],\"url\":\"https:\/\/dicodusport.fr\/blog\/author\/arlette\/\"}]}<\/script>\n<!-- \/ Yoast SEO Premium plugin. -->","yoast_head_json":{"title":"Nouveaux Internationaux de France : Marine Boyer conserve sa m\u00e9daille d'or \u00e0 la poutre ! L\u00e9o Saladino en argent au saut","description":"NOUVEAUX INTERNATIONAUX DE FRANCE \u2013 M\u00e9daille d'or pour Marine Boyer \u00e0 la poutre et m\u00e9daille d'argent pour L\u00e9o Saladino au saut.","robots":{"index":"index","follow":"follow","max-snippet":"max-snippet:-1","max-image-preview":"max-image-preview:large","max-video-preview":"max-video-preview:-1"},"canonical":"https:\/\/dicodusport.fr\/blog\/nouveaux-internationaux-de-france-marine-boyer-conserve-sa-medaille-dor-a-la-poutre-leo-saladino-en-argent-au-saut\/","og_locale":"fr_FR","og_type":"article","og_title":"Nouveaux Internationaux de France : Marine Boyer conserve sa m\u00e9daille d'or \u00e0 la poutre ! L\u00e9o Saladino en argent au saut","og_description":"NOUVEAUX INTERNATIONAUX DE FRANCE \u2013 M\u00e9daille d'or pour Marine Boyer \u00e0 la poutre et m\u00e9daille d'argent pour L\u00e9o Saladino au saut.","og_url":"https:\/\/dicodusport.fr\/blog\/nouveaux-internationaux-de-france-marine-boyer-conserve-sa-medaille-dor-a-la-poutre-leo-saladino-en-argent-au-saut\/","og_site_name":"Dicodusport","article_publisher":"https:\/\/www.facebook.com\/dicodusport","article_published_time":"2023-09-17T15:22:56+00:00","article_modified_time":"2023-09-17T16:19:08+00:00","og_image":[{"width":800,"height":445,"url":"https:\/\/dicodusport.fr\/blog\/wp-content\/uploads\/2023\/09\/Nouveaux-Internationaux-de-France-Marine-Boyer-conserve-sa-medaille-dor-a-la-poutre-Leo-Saladino-en-argent-au-saut.png","type":"image\/png"}],"author":"Arlette Yeye","twitter_card":"summary_large_image","twitter_title":"Nouveaux Internationaux de France : Marine Boyer conserve sa m\u00e9daille d'or \u00e0 la poutre ! L\u00e9o Saladino en argent au saut","twitter_creator":"@https:\/\/twitter.com\/Shiclette94","twitter_site":"@dicodusport","schema":{"@context":"https:\/\/schema.org","@graph":[{"@type":"NewsArticle","@id":"https:\/\/dicodusport.fr\/blog\/nouveaux-internationaux-de-france-marine-boyer-conserve-sa-medaille-dor-a-la-poutre-leo-saladino-en-argent-au-saut\/#article","isPartOf":{"@id":"https:\/\/dicodusport.fr\/blog\/nouveaux-internationaux-de-france-marine-boyer-conserve-sa-medaille-dor-a-la-poutre-leo-saladino-en-argent-au-saut\/"},"author":{"name":"Arlette Yeye","@id":"https:\/\/dicodusport.fr\/blog\/#\/schema\/person\/cce96fa88785bd8573e3d43078ac8c79"},"headline":"Nouveaux Internationaux de France : Marine Boyer conserve sa m\u00e9daille d&rsquo;or \u00e0 la poutre ! L\u00e9o Saladino en argent au saut","datePublished":"2023-09-17T15:22:56+00:00","dateModified":"2023-09-17T16:19:08+00:00","mainEntityOfPage":{"@id":"https:\/\/dicodusport.fr\/blog\/nouveaux-internationaux-de-france-marine-boyer-conserve-sa-medaille-dor-a-la-poutre-leo-saladino-en-argent-au-saut\/"},"wordCount":355,"commentCount":0,"publisher":{"@id":"https:\/\/dicodusport.fr\/blog\/#organization"},"image":{"@id":"https:\/\/dicodusport.fr\/blog\/nouveaux-internationaux-de-france-marine-boyer-conserve-sa-medaille-dor-a-la-poutre-leo-saladino-en-argent-au-saut\/#primaryimage"},"thumbnailUrl":"https:\/\/dicodusport.fr\/blog\/wp-content\/uploads\/2023\/09\/Nouveaux-Internationaux-de-France-Marine-Boyer-conserve-sa-medaille-dor-a-la-poutre-Leo-Saladino-en-argent-au-saut.png","keywords":["br\u00e8ve","Gymnastique artistique","Marine Boyer"],"articleSection":["Gymnastique"],"inLanguage":"fr-FR","potentialAction":[{"@type":"CommentAction","name":"Comment","target":["https:\/\/dicodusport.fr\/blog\/nouveaux-internationaux-de-france-marine-boyer-conserve-sa-medaille-dor-a-la-poutre-leo-saladino-en-argent-au-saut\/#respond"]}],"copyrightYear":"2023","copyrightHolder":{"@id":"https:\/\/dicodusport.fr\/blog\/#organization"}},{"@type":"WebPage","@id":"https:\/\/dicodusport.fr\/blog\/nouveaux-internationaux-de-france-marine-boyer-conserve-sa-medaille-dor-a-la-poutre-leo-saladino-en-argent-au-saut\/","url":"https:\/\/dicodusport.fr\/blog\/nouveaux-internationaux-de-france-marine-boyer-conserve-sa-medaille-dor-a-la-poutre-leo-saladino-en-argent-au-saut\/","name":"Nouveaux Internationaux de France : Marine Boyer conserve sa m\u00e9daille d'or \u00e0 la poutre ! L\u00e9o Saladino en argent au saut","isPartOf":{"@id":"https:\/\/dicodusport.fr\/blog\/#website"},"primaryImageOfPage":{"@id":"https:\/\/dicodusport.fr\/blog\/nouveaux-internationaux-de-france-marine-boyer-conserve-sa-medaille-dor-a-la-poutre-leo-saladino-en-argent-au-saut\/#primaryimage"},"image":{"@id":"https:\/\/dicodusport.fr\/blog\/nouveaux-internationaux-de-france-marine-boyer-conserve-sa-medaille-dor-a-la-poutre-leo-saladino-en-argent-au-saut\/#primaryimage"},"thumbnailUrl":"https:\/\/dicodusport.fr\/blog\/wp-content\/uploads\/2023\/09\/Nouveaux-Internationaux-de-France-Marine-Boyer-conserve-sa-medaille-dor-a-la-poutre-Leo-Saladino-en-argent-au-saut.png","datePublished":"2023-09-17T15:22:56+00:00","dateModified":"2023-09-17T16:19:08+00:00","description":"NOUVEAUX INTERNATIONAUX DE FRANCE \u2013 M\u00e9daille d'or pour Marine Boyer \u00e0 la poutre et m\u00e9daille d'argent pour L\u00e9o Saladino au saut.","breadcrumb":{"@id":"https:\/\/dicodusport.fr\/blog\/nouveaux-internationaux-de-france-marine-boyer-conserve-sa-medaille-dor-a-la-poutre-leo-saladino-en-argent-au-saut\/#breadcrumb"},"inLanguage":"fr-FR","potentialAction":[{"@type":"ReadAction","target":["https:\/\/dicodusport.fr\/blog\/nouveaux-internationaux-de-france-marine-boyer-conserve-sa-medaille-dor-a-la-poutre-leo-saladino-en-argent-au-saut\/"]}]},{"@type":"ImageObject","inLanguage":"fr-FR","@id":"https:\/\/dicodusport.fr\/blog\/nouveaux-internationaux-de-france-marine-boyer-conserve-sa-medaille-dor-a-la-poutre-leo-saladino-en-argent-au-saut\/#primaryimage","url":"https:\/\/dicodusport.fr\/blog\/wp-content\/uploads\/2023\/09\/Nouveaux-Internationaux-de-France-Marine-Boyer-conserve-sa-medaille-dor-a-la-poutre-Leo-Saladino-en-argent-au-saut.png","contentUrl":"https:\/\/dicodusport.fr\/blog\/wp-content\/uploads\/2023\/09\/Nouveaux-Internationaux-de-France-Marine-Boyer-conserve-sa-medaille-dor-a-la-poutre-Leo-Saladino-en-argent-au-saut.png","width":800,"height":445,"caption":"Nouveaux Internationaux de France Marine Boyer conserve sa m\u00e9daille d'or \u00e0 la poutre ! L\u00e9o Saladino en argent au saut"},{"@type":"BreadcrumbList","@id":"https:\/\/dicodusport.fr\/blog\/nouveaux-internationaux-de-france-marine-boyer-conserve-sa-medaille-dor-a-la-poutre-leo-saladino-en-argent-au-saut\/#breadcrumb","itemListElement":[{"@type":"ListItem","position":1,"name":"Accueil","item":"https:\/\/dicodusport.fr\/blog\/"},{"@type":"ListItem","position":2,"name":"Nouveaux Internationaux de France : Marine Boyer conserve sa m\u00e9daille d&rsquo;or \u00e0 la poutre ! L\u00e9o Saladino en argent au saut"}]},{"@type":"WebSite","@id":"https:\/\/dicodusport.fr\/blog\/#website","url":"https:\/\/dicodusport.fr\/blog\/","name":"Dicodusport","description":"L&#039;encyclop\u00e9die de l&#039;actualit\u00e9 sportive","publisher":{"@id":"https:\/\/dicodusport.fr\/blog\/#organization"},"potentialAction":[{"@type":"SearchAction","target":{"@type":"EntryPoint","urlTemplate":"https:\/\/dicodusport.fr\/blog\/?s={search_term_string}"},"query-input":{"@type":"PropertyValueSpecification","valueRequired":true,"valueName":"search_term_string"}}],"inLanguage":"fr-FR"},{"@type":"NewsMediaOrganization","@id":"https:\/\/dicodusport.fr\/blog\/#organization","name":"Dicodusport","url":"https:\/\/dicodusport.fr\/blog\/","logo":{"@type":"ImageObject","inLanguage":"fr-FR","@id":"https:\/\/dicodusport.fr\/blog\/#\/schema\/logo\/image\/","url":"https:\/\/dicodusport.fr\/blog\/wp-content\/uploads\/2020\/06\/cropped-LOGO-DICODUSPORT-2020-SANS-FOND-SANS-TEXTE.png","contentUrl":"https:\/\/dicodusport.fr\/blog\/wp-content\/uploads\/2020\/06\/cropped-LOGO-DICODUSPORT-2020-SANS-FOND-SANS-TEXTE.png","width":512,"height":512,"caption":"Dicodusport"},"image":{"@id":"https:\/\/dicodusport.fr\/blog\/#\/schema\/logo\/image\/"},"sameAs":["https:\/\/www.facebook.com\/dicodusport","https:\/\/x.com\/dicodusport","https:\/\/www.instagram.com\/dicodusport\/","https:\/\/www.youtube.com\/channel\/UC7V2KZ5sd3htJivAbA4ZG3w"],"description":"Dicodusport est l'encyclop\u00e9die de l'actualit\u00e9 sportive.","email":"bonjour@dicodusport.fr","legalName":"DICODUSPORT","foundingDate":"2018-01-14","vatID":"FR71834470973","taxID":"83447097300043","numberOfEmployees":{"@type":"QuantitativeValue","minValue":"1","maxValue":"10"}},{"@type":"Person","@id":"https:\/\/dicodusport.fr\/blog\/#\/schema\/person\/cce96fa88785bd8573e3d43078ac8c79","name":"Arlette Yeye","image":{"@type":"ImageObject","inLanguage":"fr-FR","@id":"https:\/\/dicodusport.fr\/blog\/#\/schema\/person\/image\/","url":"https:\/\/secure.gravatar.com\/avatar\/dca4a6239e6d708e46c45d60e160de6c?s=96&d=wp_user_avatar&r=g","contentUrl":"https:\/\/secure.gravatar.com\/avatar\/dca4a6239e6d708e46c45d60e160de6c?s=96&d=wp_user_avatar&r=g","caption":"Arlette Yeye"},"description":"Journaliste\/r\u00e9dactrice depuis septembre 2015 - Supportrice de Chelsea, j'ai pour sports de pr\u00e9dilection le handball, l'athl\u00e9tisme et le tennis. Si je tweete plus vite que mon ombre, vous pouvez aussi me retrouver les week-ends sur les playgrounds de Bruxelles pour un petit foot ou basket entre potes. Parcourir la France, l'Europe et plus si affinit\u00e9s pour suivre mes sportifs pr\u00e9f\u00e9r\u00e9s ? Mon kif ! Et c'est avec plaisir que je partage les r\u00e9sultats des sports populaires mais \u00e9galement plus confidentiels pour Dicodusport.","sameAs":["https:\/\/x.com\/https:\/\/twitter.com\/Shiclette94"],"url":"https:\/\/dicodusport.fr\/blog\/author\/arlette\/"}]}},"_links":{"self":[{"href":"https:\/\/dicodusport.fr\/blog\/wp-json\/wp\/v2\/posts\/420103","targetHints":{"allow":["GET"]}}],"collection":[{"href":"https:\/\/dicodusport.fr\/blog\/wp-json\/wp\/v2\/posts"}],"about":[{"href":"https:\/\/dicodusport.fr\/blog\/wp-json\/wp\/v2\/types\/post"}],"author":[{"embeddable":true,"href":"https:\/\/dicodusport.fr\/blog\/wp-json\/wp\/v2\/users\/12"}],"replies":[{"embeddable":true,"href":"https:\/\/dicodusport.fr\/blog\/wp-json\/wp\/v2\/comments?post=420103"}],"version-history":[{"count":0,"href":"https:\/\/dicodusport.fr\/blog\/wp-json\/wp\/v2\/posts\/420103\/revisions"}],"wp:featuredmedia":[{"embeddable":true,"href":"https:\/\/dicodusport.fr\/blog\/wp-json\/wp\/v2\/media\/420124"}],"wp:attachment":[{"href":"https:\/\/dicodusport.fr\/blog\/wp-json\/wp\/v2\/media?parent=420103"}],"wp:term":[{"taxonomy":"category","embeddable":true,"href":"https:\/\/dicodusport.fr\/blog\/wp-json\/wp\/v2\/categories?post=420103"},{"taxonomy":"post_tag","embeddable":true,"href":"https:\/\/dicodusport.fr\/blog\/wp-json\/wp\/v2\/tags?post=420103"}],"curies":[{"name":"wp","href":"https:\/\/api.w.org\/{rel}","templated":true}]}}