{"id":420298,"date":"2023-09-18T09:07:24","date_gmt":"2023-09-18T07:07:24","guid":{"rendered":"https:\/\/dicodusport.fr\/blog\/?p=420298&#038;preview=true&#038;preview_id=420298"},"modified":"2025-04-03T14:31:58","modified_gmt":"2025-04-03T12:31:58","slug":"lenvol-de-bonnet","status":"publish","type":"post","link":"https:\/\/dicodusport.fr\/blog\/lenvol-de-bonnet\/","title":{"rendered":"R\u00e9mi Bonnet rafle le record de la Pikes Peak Ascent"},"content":{"rendered":"<p style=\"text-align: justify;\" align=\"justify\"><em><strong>TRAIL &#8211; Sur l&rsquo;ascension de Pikes Peak, dans le Colorado, qui servait de cadre pour la 5\u00e8me \u00e9tape des Golden Trail World Series, le Suisse R\u00e9mi Bonnet s&rsquo;est adjug\u00e9 la victoire en battant le record de l&rsquo;\u00e9preuve, qui datait d&rsquo;il y a 30 ans.<\/strong><\/em><\/p>\n<p style=\"text-align: justify;\" align=\"justify\"><em>\u00ab Ils ne savaient pas que c&rsquo;\u00e9tait impossible, alors ils l&rsquo;ont fait \u00bb.<\/em> Quoi de mieux que reprendre Mark Twain pour d\u00e9crire la performance de <strong>R\u00e9mi Bonnet<\/strong> ce dimanche sur les pentes de <strong>Pikes Peak<\/strong> ? Le r\u00e9cent vainqueur du Marathon du Mont-Blanc ne s&rsquo;est pas content\u00e9 de remporter ce trail si particulier, une mont\u00e9e s\u00e8che de 21 km pour 2 400 m de d\u00e9nivel\u00e9 positif. Il a aussi r\u00e9ussi l&rsquo;impensable en am\u00e9liorant le vieux <strong>record<\/strong> de 30 ans de l&rsquo;Am\u00e9ricain Matt Carpenter, en 2h00:46.<\/p>\n<p style=\"text-align: justify;\" align=\"justify\">Le K\u00e9nyan Patrick Kipngeno et le triathl\u00e8te am\u00e9ricain Eli Hemming compl\u00e8tent le podium.<\/p>\n<h2 style=\"text-align: justify;\" align=\"justify\">Du sp\u00e9cifique, du D+ et &#8230; une chambre hypoxique !<\/h2>\n<p style=\"text-align: justify;\" align=\"justify\"><strong>Bonnet<\/strong> semblait poss\u00e9der toutes les qualit\u00e9s pour briller sur cette \u00e9preuve. Ancien champion du monde de ski-alpinisme, la neige et les conditions difficiles ne l&rsquo;ont pas effray\u00e9. Il est aussi grand sp\u00e9cialiste du Kilom\u00e8tre Vertical, cette \u00e9preuve dans laquelle il faut faire 1000 m de d\u00e9nivel\u00e9 positif le plus rapidement possible.<\/p>\n<p style=\"text-align: justify;\" align=\"justify\">C&rsquo;est donc fort d&rsquo;une pr\u00e9paration au quart de poil qu&rsquo;il s&rsquo;est pr\u00e9sent\u00e9 au d\u00e9part, y ajoutant des m\u00e9thodes un peu particuli\u00e8res, puisqu&rsquo;il a dormi vingt jours dans une chambre hypoxique pour s&rsquo;habituer \u00e0 l&rsquo;altitude.<\/p>\n<h2 style=\"text-align: justify;\" align=\"justify\">Sophia Laukli enl\u00e8ve l&rsquo;\u00e9preuve f\u00e9minine<\/h2>\n<p style=\"text-align: justify;\">Chez les femmes, la native du Maine Sophia Laukli remporte son 3e Golden Trail de la saison apr\u00e8s le Marathon du Mont-Blanc et Sierre-Zinal en 2h39:35. Elle devance la Suissesse Judith Wyder et sa compatriote Anna Gibson. Sophia est ainsi presque assur\u00e9e de remporter le classement g\u00e9n\u00e9ral des Series.<\/p>\n<blockquote class=\"twitter-tweet\">\n<p dir=\"ltr\" lang=\"en\">R\u00e9mi Bonnet became the fastest ever up Pikes Peak with his mark of 2:00:20 and Olympian Sophia Laukli ran away from the rest of the field to finish about 3.5 minutes ahead of second at the 2023 Pikes Peak Ascent in Colorado.<a href=\"https:\/\/t.co\/sLboHrmCDZ\">https:\/\/t.co\/sLboHrmCDZ<\/a><\/p>\n<p>\u2014 iRunFar (@iRunFar) <a href=\"https:\/\/twitter.com\/iRunFar\/status\/1703174926058893636?ref_src=twsrc%5Etfw\">September 16, 2023<\/a><\/p><\/blockquote>\n<p><script async src=\"https:\/\/platform.twitter.com\/widgets.js\" charset=\"utf-8\"><\/script><\/p>\n","protected":false},"excerpt":{"rendered":"<p>TRAIL &#8211; Sur l&rsquo;ascension de Pikes Peak, dans le Colorado, qui servait de cadre pour la 5\u00e8me \u00e9tape des Golden Trail World Series, le Suisse R\u00e9mi Bonnet s&rsquo;est adjug\u00e9 la victoire en battant le record de l&rsquo;\u00e9preuve, qui datait d&rsquo;il y a 30 ans.<\/p>\n","protected":false},"author":92,"featured_media":420318,"comment_status":"open","ping_status":"closed","sticky":false,"template":"","format":"standard","meta":{"_acf_changed":false,"_daextam_enable_autolinks":"","footnotes":""},"categories":[45757],"tags":[16878,1679,862],"class_list":["post-420298","post","type-post","status-publish","format-standard","has-post-thumbnail","hentry","category-ski-alpinisme","tag-breve","tag-record","tag-trail"],"acf":[],"yoast_head":"<!-- This site is optimized with the Yoast SEO Premium plugin v26.7 (Yoast SEO v26.7) - https:\/\/yoast.com\/wordpress\/plugins\/seo\/ -->\n<title>R\u00e9mi Bonnet rafle le record de la Pikes Peak Ascent<\/title>\n<meta name=\"description\" content=\"Sur l&#039;ascension de Pikes Peak, le Suisse R\u00e9mi Bonnet s&#039;est adjug\u00e9 la victoire en battant le record de l&#039;\u00e9preuve, qui datait d&#039;il y a 30 ans.\" \/>\n<meta name=\"robots\" content=\"index, follow, max-snippet:-1, max-image-preview:large, max-video-preview:-1\" \/>\n<link rel=\"canonical\" href=\"https:\/\/dicodusport.fr\/blog\/lenvol-de-bonnet\/\" \/>\n<meta property=\"og:locale\" content=\"fr_FR\" \/>\n<meta property=\"og:type\" content=\"article\" \/>\n<meta property=\"og:title\" content=\"R\u00e9mi Bonnet rafle le record de la Pikes Peak Ascent\" \/>\n<meta property=\"og:description\" content=\"Sur l&#039;ascension de Pikes Peak, le Suisse R\u00e9mi Bonnet s&#039;est adjug\u00e9 la victoire en battant le record de l&#039;\u00e9preuve, qui datait d&#039;il y a 30 ans.\" \/>\n<meta property=\"og:url\" content=\"https:\/\/dicodusport.fr\/blog\/lenvol-de-bonnet\/\" \/>\n<meta property=\"og:site_name\" content=\"Dicodusport\" \/>\n<meta property=\"article:publisher\" content=\"https:\/\/www.facebook.com\/dicodusport\" \/>\n<meta property=\"article:published_time\" content=\"2023-09-18T07:07:24+00:00\" \/>\n<meta property=\"article:modified_time\" content=\"2025-04-03T12:31:58+00:00\" \/>\n<meta property=\"og:image\" content=\"https:\/\/dicodusport.fr\/blog\/wp-content\/uploads\/2023\/09\/Remi-Bonnet-rafle-le-record-de-la-Pikes-Peak-Ascent.png\" \/>\n\t<meta property=\"og:image:width\" content=\"800\" \/>\n\t<meta property=\"og:image:height\" content=\"445\" \/>\n\t<meta property=\"og:image:type\" content=\"image\/png\" \/>\n<meta name=\"author\" content=\"Olivier Dobiezynski\" \/>\n<meta name=\"twitter:card\" content=\"summary_large_image\" \/>\n<meta name=\"twitter:title\" content=\"R\u00e9mi Bonnet rafle le record de la Pikes Peak Ascent\" \/>\n<meta name=\"twitter:creator\" content=\"@https:\/\/x.com\/Olivier_Matros\" \/>\n<meta name=\"twitter:site\" content=\"@dicodusport\" \/>\n<script type=\"application\/ld+json\" class=\"yoast-schema-graph\">{\"@context\":\"https:\/\/schema.org\",\"@graph\":[{\"@type\":\"NewsArticle\",\"@id\":\"https:\/\/dicodusport.fr\/blog\/lenvol-de-bonnet\/#article\",\"isPartOf\":{\"@id\":\"https:\/\/dicodusport.fr\/blog\/lenvol-de-bonnet\/\"},\"author\":{\"name\":\"Olivier Dobiezynski\",\"@id\":\"https:\/\/dicodusport.fr\/blog\/#\/schema\/person\/fe500246414ca17ddf0c0312d7a792cc\"},\"headline\":\"R\u00e9mi Bonnet rafle le record de la Pikes Peak Ascent\",\"datePublished\":\"2023-09-18T07:07:24+00:00\",\"dateModified\":\"2025-04-03T12:31:58+00:00\",\"mainEntityOfPage\":{\"@id\":\"https:\/\/dicodusport.fr\/blog\/lenvol-de-bonnet\/\"},\"wordCount\":386,\"commentCount\":0,\"publisher\":{\"@id\":\"https:\/\/dicodusport.fr\/blog\/#organization\"},\"image\":{\"@id\":\"https:\/\/dicodusport.fr\/blog\/lenvol-de-bonnet\/#primaryimage\"},\"thumbnailUrl\":\"https:\/\/dicodusport.fr\/blog\/wp-content\/uploads\/2023\/09\/Remi-Bonnet-rafle-le-record-de-la-Pikes-Peak-Ascent.png\",\"keywords\":[\"br\u00e8ve\",\"Record\",\"trail\"],\"articleSection\":[\"Ski alpinisme\"],\"inLanguage\":\"fr-FR\",\"potentialAction\":[{\"@type\":\"CommentAction\",\"name\":\"Comment\",\"target\":[\"https:\/\/dicodusport.fr\/blog\/lenvol-de-bonnet\/#respond\"]}],\"copyrightYear\":\"2023\",\"copyrightHolder\":{\"@id\":\"https:\/\/dicodusport.fr\/blog\/#organization\"}},{\"@type\":\"WebPage\",\"@id\":\"https:\/\/dicodusport.fr\/blog\/lenvol-de-bonnet\/\",\"url\":\"https:\/\/dicodusport.fr\/blog\/lenvol-de-bonnet\/\",\"name\":\"R\u00e9mi Bonnet rafle le record de la Pikes Peak Ascent\",\"isPartOf\":{\"@id\":\"https:\/\/dicodusport.fr\/blog\/#website\"},\"primaryImageOfPage\":{\"@id\":\"https:\/\/dicodusport.fr\/blog\/lenvol-de-bonnet\/#primaryimage\"},\"image\":{\"@id\":\"https:\/\/dicodusport.fr\/blog\/lenvol-de-bonnet\/#primaryimage\"},\"thumbnailUrl\":\"https:\/\/dicodusport.fr\/blog\/wp-content\/uploads\/2023\/09\/Remi-Bonnet-rafle-le-record-de-la-Pikes-Peak-Ascent.png\",\"datePublished\":\"2023-09-18T07:07:24+00:00\",\"dateModified\":\"2025-04-03T12:31:58+00:00\",\"description\":\"Sur l'ascension de Pikes Peak, le Suisse R\u00e9mi Bonnet s'est adjug\u00e9 la victoire en battant le record de l'\u00e9preuve, qui datait d'il y a 30 ans.\",\"breadcrumb\":{\"@id\":\"https:\/\/dicodusport.fr\/blog\/lenvol-de-bonnet\/#breadcrumb\"},\"inLanguage\":\"fr-FR\",\"potentialAction\":[{\"@type\":\"ReadAction\",\"target\":[\"https:\/\/dicodusport.fr\/blog\/lenvol-de-bonnet\/\"]}]},{\"@type\":\"ImageObject\",\"inLanguage\":\"fr-FR\",\"@id\":\"https:\/\/dicodusport.fr\/blog\/lenvol-de-bonnet\/#primaryimage\",\"url\":\"https:\/\/dicodusport.fr\/blog\/wp-content\/uploads\/2023\/09\/Remi-Bonnet-rafle-le-record-de-la-Pikes-Peak-Ascent.png\",\"contentUrl\":\"https:\/\/dicodusport.fr\/blog\/wp-content\/uploads\/2023\/09\/Remi-Bonnet-rafle-le-record-de-la-Pikes-Peak-Ascent.png\",\"width\":800,\"height\":445,\"caption\":\"R\u00e9mi Bonnet rafle le record de la Pikes Peak Ascent\"},{\"@type\":\"BreadcrumbList\",\"@id\":\"https:\/\/dicodusport.fr\/blog\/lenvol-de-bonnet\/#breadcrumb\",\"itemListElement\":[{\"@type\":\"ListItem\",\"position\":1,\"name\":\"Accueil\",\"item\":\"https:\/\/dicodusport.fr\/blog\/\"},{\"@type\":\"ListItem\",\"position\":2,\"name\":\"R\u00e9mi Bonnet rafle le record de la Pikes Peak Ascent\"}]},{\"@type\":\"WebSite\",\"@id\":\"https:\/\/dicodusport.fr\/blog\/#website\",\"url\":\"https:\/\/dicodusport.fr\/blog\/\",\"name\":\"Dicodusport\",\"description\":\"L&#039;encyclop\u00e9die de l&#039;actualit\u00e9 sportive\",\"publisher\":{\"@id\":\"https:\/\/dicodusport.fr\/blog\/#organization\"},\"potentialAction\":[{\"@type\":\"SearchAction\",\"target\":{\"@type\":\"EntryPoint\",\"urlTemplate\":\"https:\/\/dicodusport.fr\/blog\/?s={search_term_string}\"},\"query-input\":{\"@type\":\"PropertyValueSpecification\",\"valueRequired\":true,\"valueName\":\"search_term_string\"}}],\"inLanguage\":\"fr-FR\"},{\"@type\":\"NewsMediaOrganization\",\"@id\":\"https:\/\/dicodusport.fr\/blog\/#organization\",\"name\":\"Dicodusport\",\"url\":\"https:\/\/dicodusport.fr\/blog\/\",\"logo\":{\"@type\":\"ImageObject\",\"inLanguage\":\"fr-FR\",\"@id\":\"https:\/\/dicodusport.fr\/blog\/#\/schema\/logo\/image\/\",\"url\":\"https:\/\/dicodusport.fr\/blog\/wp-content\/uploads\/2020\/06\/cropped-LOGO-DICODUSPORT-2020-SANS-FOND-SANS-TEXTE.png\",\"contentUrl\":\"https:\/\/dicodusport.fr\/blog\/wp-content\/uploads\/2020\/06\/cropped-LOGO-DICODUSPORT-2020-SANS-FOND-SANS-TEXTE.png\",\"width\":512,\"height\":512,\"caption\":\"Dicodusport\"},\"image\":{\"@id\":\"https:\/\/dicodusport.fr\/blog\/#\/schema\/logo\/image\/\"},\"sameAs\":[\"https:\/\/www.facebook.com\/dicodusport\",\"https:\/\/x.com\/dicodusport\",\"https:\/\/www.instagram.com\/dicodusport\/\",\"https:\/\/www.youtube.com\/channel\/UC7V2KZ5sd3htJivAbA4ZG3w\"],\"description\":\"Dicodusport est l'encyclop\u00e9die de l'actualit\u00e9 sportive.\",\"email\":\"bonjour@dicodusport.fr\",\"legalName\":\"DICODUSPORT\",\"foundingDate\":\"2018-01-14\",\"vatID\":\"FR71834470973\",\"taxID\":\"83447097300043\",\"numberOfEmployees\":{\"@type\":\"QuantitativeValue\",\"minValue\":\"1\",\"maxValue\":\"10\"}},{\"@type\":\"Person\",\"@id\":\"https:\/\/dicodusport.fr\/blog\/#\/schema\/person\/fe500246414ca17ddf0c0312d7a792cc\",\"name\":\"Olivier Dobiezynski\",\"image\":{\"@type\":\"ImageObject\",\"inLanguage\":\"fr-FR\",\"@id\":\"https:\/\/dicodusport.fr\/blog\/#\/schema\/person\/image\/\",\"url\":\"https:\/\/dicodusport.fr\/blog\/wp-content\/uploads\/2024\/09\/5be8fe8d-9962-4f1e-ad06-d6f9dee30e6d-150x150.jpg\",\"contentUrl\":\"https:\/\/dicodusport.fr\/blog\/wp-content\/uploads\/2024\/09\/5be8fe8d-9962-4f1e-ad06-d6f9dee30e6d-150x150.jpg\",\"caption\":\"Olivier Dobiezynski\"},\"description\":\"Depuis le milieu des ann\u00e9es 90, la passion du cyclisme m'anime. Mes h\u00e9ros s'appellent Luc Leblanc, Piotr Ugrumov, Paolo Savoldelli, Peter Sagan et bien \u00e9videmment Romain Bardet. R\u00e9dacteur depuis 2023, je suis ici pour partager cet amour de la Petite Reine. Vous pourrez me lire \u00e9galement sur du trail, du ski de fond et tout autre sujet susceptible d'\u00e9veiller ma curiosit\u00e9 sportive.\",\"sameAs\":[\"https:\/\/x.com\/https:\/\/x.com\/Olivier_Matros\"],\"url\":\"https:\/\/dicodusport.fr\/blog\/author\/olivier-gh\/\"}]}<\/script>\n<!-- \/ Yoast SEO Premium plugin. -->","yoast_head_json":{"title":"R\u00e9mi Bonnet rafle le record de la Pikes Peak Ascent","description":"Sur l'ascension de Pikes Peak, le Suisse R\u00e9mi Bonnet s'est adjug\u00e9 la victoire en battant le record de l'\u00e9preuve, qui datait d'il y a 30 ans.","robots":{"index":"index","follow":"follow","max-snippet":"max-snippet:-1","max-image-preview":"max-image-preview:large","max-video-preview":"max-video-preview:-1"},"canonical":"https:\/\/dicodusport.fr\/blog\/lenvol-de-bonnet\/","og_locale":"fr_FR","og_type":"article","og_title":"R\u00e9mi Bonnet rafle le record de la Pikes Peak Ascent","og_description":"Sur l'ascension de Pikes Peak, le Suisse R\u00e9mi Bonnet s'est adjug\u00e9 la victoire en battant le record de l'\u00e9preuve, qui datait d'il y a 30 ans.","og_url":"https:\/\/dicodusport.fr\/blog\/lenvol-de-bonnet\/","og_site_name":"Dicodusport","article_publisher":"https:\/\/www.facebook.com\/dicodusport","article_published_time":"2023-09-18T07:07:24+00:00","article_modified_time":"2025-04-03T12:31:58+00:00","og_image":[{"width":800,"height":445,"url":"https:\/\/dicodusport.fr\/blog\/wp-content\/uploads\/2023\/09\/Remi-Bonnet-rafle-le-record-de-la-Pikes-Peak-Ascent.png","type":"image\/png"}],"author":"Olivier Dobiezynski","twitter_card":"summary_large_image","twitter_title":"R\u00e9mi Bonnet rafle le record de la Pikes Peak Ascent","twitter_creator":"@https:\/\/x.com\/Olivier_Matros","twitter_site":"@dicodusport","schema":{"@context":"https:\/\/schema.org","@graph":[{"@type":"NewsArticle","@id":"https:\/\/dicodusport.fr\/blog\/lenvol-de-bonnet\/#article","isPartOf":{"@id":"https:\/\/dicodusport.fr\/blog\/lenvol-de-bonnet\/"},"author":{"name":"Olivier Dobiezynski","@id":"https:\/\/dicodusport.fr\/blog\/#\/schema\/person\/fe500246414ca17ddf0c0312d7a792cc"},"headline":"R\u00e9mi Bonnet rafle le record de la Pikes Peak Ascent","datePublished":"2023-09-18T07:07:24+00:00","dateModified":"2025-04-03T12:31:58+00:00","mainEntityOfPage":{"@id":"https:\/\/dicodusport.fr\/blog\/lenvol-de-bonnet\/"},"wordCount":386,"commentCount":0,"publisher":{"@id":"https:\/\/dicodusport.fr\/blog\/#organization"},"image":{"@id":"https:\/\/dicodusport.fr\/blog\/lenvol-de-bonnet\/#primaryimage"},"thumbnailUrl":"https:\/\/dicodusport.fr\/blog\/wp-content\/uploads\/2023\/09\/Remi-Bonnet-rafle-le-record-de-la-Pikes-Peak-Ascent.png","keywords":["br\u00e8ve","Record","trail"],"articleSection":["Ski alpinisme"],"inLanguage":"fr-FR","potentialAction":[{"@type":"CommentAction","name":"Comment","target":["https:\/\/dicodusport.fr\/blog\/lenvol-de-bonnet\/#respond"]}],"copyrightYear":"2023","copyrightHolder":{"@id":"https:\/\/dicodusport.fr\/blog\/#organization"}},{"@type":"WebPage","@id":"https:\/\/dicodusport.fr\/blog\/lenvol-de-bonnet\/","url":"https:\/\/dicodusport.fr\/blog\/lenvol-de-bonnet\/","name":"R\u00e9mi Bonnet rafle le record de la Pikes Peak Ascent","isPartOf":{"@id":"https:\/\/dicodusport.fr\/blog\/#website"},"primaryImageOfPage":{"@id":"https:\/\/dicodusport.fr\/blog\/lenvol-de-bonnet\/#primaryimage"},"image":{"@id":"https:\/\/dicodusport.fr\/blog\/lenvol-de-bonnet\/#primaryimage"},"thumbnailUrl":"https:\/\/dicodusport.fr\/blog\/wp-content\/uploads\/2023\/09\/Remi-Bonnet-rafle-le-record-de-la-Pikes-Peak-Ascent.png","datePublished":"2023-09-18T07:07:24+00:00","dateModified":"2025-04-03T12:31:58+00:00","description":"Sur l'ascension de Pikes Peak, le Suisse R\u00e9mi Bonnet s'est adjug\u00e9 la victoire en battant le record de l'\u00e9preuve, qui datait d'il y a 30 ans.","breadcrumb":{"@id":"https:\/\/dicodusport.fr\/blog\/lenvol-de-bonnet\/#breadcrumb"},"inLanguage":"fr-FR","potentialAction":[{"@type":"ReadAction","target":["https:\/\/dicodusport.fr\/blog\/lenvol-de-bonnet\/"]}]},{"@type":"ImageObject","inLanguage":"fr-FR","@id":"https:\/\/dicodusport.fr\/blog\/lenvol-de-bonnet\/#primaryimage","url":"https:\/\/dicodusport.fr\/blog\/wp-content\/uploads\/2023\/09\/Remi-Bonnet-rafle-le-record-de-la-Pikes-Peak-Ascent.png","contentUrl":"https:\/\/dicodusport.fr\/blog\/wp-content\/uploads\/2023\/09\/Remi-Bonnet-rafle-le-record-de-la-Pikes-Peak-Ascent.png","width":800,"height":445,"caption":"R\u00e9mi Bonnet rafle le record de la Pikes Peak Ascent"},{"@type":"BreadcrumbList","@id":"https:\/\/dicodusport.fr\/blog\/lenvol-de-bonnet\/#breadcrumb","itemListElement":[{"@type":"ListItem","position":1,"name":"Accueil","item":"https:\/\/dicodusport.fr\/blog\/"},{"@type":"ListItem","position":2,"name":"R\u00e9mi Bonnet rafle le record de la Pikes Peak Ascent"}]},{"@type":"WebSite","@id":"https:\/\/dicodusport.fr\/blog\/#website","url":"https:\/\/dicodusport.fr\/blog\/","name":"Dicodusport","description":"L&#039;encyclop\u00e9die de l&#039;actualit\u00e9 sportive","publisher":{"@id":"https:\/\/dicodusport.fr\/blog\/#organization"},"potentialAction":[{"@type":"SearchAction","target":{"@type":"EntryPoint","urlTemplate":"https:\/\/dicodusport.fr\/blog\/?s={search_term_string}"},"query-input":{"@type":"PropertyValueSpecification","valueRequired":true,"valueName":"search_term_string"}}],"inLanguage":"fr-FR"},{"@type":"NewsMediaOrganization","@id":"https:\/\/dicodusport.fr\/blog\/#organization","name":"Dicodusport","url":"https:\/\/dicodusport.fr\/blog\/","logo":{"@type":"ImageObject","inLanguage":"fr-FR","@id":"https:\/\/dicodusport.fr\/blog\/#\/schema\/logo\/image\/","url":"https:\/\/dicodusport.fr\/blog\/wp-content\/uploads\/2020\/06\/cropped-LOGO-DICODUSPORT-2020-SANS-FOND-SANS-TEXTE.png","contentUrl":"https:\/\/dicodusport.fr\/blog\/wp-content\/uploads\/2020\/06\/cropped-LOGO-DICODUSPORT-2020-SANS-FOND-SANS-TEXTE.png","width":512,"height":512,"caption":"Dicodusport"},"image":{"@id":"https:\/\/dicodusport.fr\/blog\/#\/schema\/logo\/image\/"},"sameAs":["https:\/\/www.facebook.com\/dicodusport","https:\/\/x.com\/dicodusport","https:\/\/www.instagram.com\/dicodusport\/","https:\/\/www.youtube.com\/channel\/UC7V2KZ5sd3htJivAbA4ZG3w"],"description":"Dicodusport est l'encyclop\u00e9die de l'actualit\u00e9 sportive.","email":"bonjour@dicodusport.fr","legalName":"DICODUSPORT","foundingDate":"2018-01-14","vatID":"FR71834470973","taxID":"83447097300043","numberOfEmployees":{"@type":"QuantitativeValue","minValue":"1","maxValue":"10"}},{"@type":"Person","@id":"https:\/\/dicodusport.fr\/blog\/#\/schema\/person\/fe500246414ca17ddf0c0312d7a792cc","name":"Olivier Dobiezynski","image":{"@type":"ImageObject","inLanguage":"fr-FR","@id":"https:\/\/dicodusport.fr\/blog\/#\/schema\/person\/image\/","url":"https:\/\/dicodusport.fr\/blog\/wp-content\/uploads\/2024\/09\/5be8fe8d-9962-4f1e-ad06-d6f9dee30e6d-150x150.jpg","contentUrl":"https:\/\/dicodusport.fr\/blog\/wp-content\/uploads\/2024\/09\/5be8fe8d-9962-4f1e-ad06-d6f9dee30e6d-150x150.jpg","caption":"Olivier Dobiezynski"},"description":"Depuis le milieu des ann\u00e9es 90, la passion du cyclisme m'anime. Mes h\u00e9ros s'appellent Luc Leblanc, Piotr Ugrumov, Paolo Savoldelli, Peter Sagan et bien \u00e9videmment Romain Bardet. R\u00e9dacteur depuis 2023, je suis ici pour partager cet amour de la Petite Reine. Vous pourrez me lire \u00e9galement sur du trail, du ski de fond et tout autre sujet susceptible d'\u00e9veiller ma curiosit\u00e9 sportive.","sameAs":["https:\/\/x.com\/https:\/\/x.com\/Olivier_Matros"],"url":"https:\/\/dicodusport.fr\/blog\/author\/olivier-gh\/"}]}},"_links":{"self":[{"href":"https:\/\/dicodusport.fr\/blog\/wp-json\/wp\/v2\/posts\/420298","targetHints":{"allow":["GET"]}}],"collection":[{"href":"https:\/\/dicodusport.fr\/blog\/wp-json\/wp\/v2\/posts"}],"about":[{"href":"https:\/\/dicodusport.fr\/blog\/wp-json\/wp\/v2\/types\/post"}],"author":[{"embeddable":true,"href":"https:\/\/dicodusport.fr\/blog\/wp-json\/wp\/v2\/users\/92"}],"replies":[{"embeddable":true,"href":"https:\/\/dicodusport.fr\/blog\/wp-json\/wp\/v2\/comments?post=420298"}],"version-history":[{"count":1,"href":"https:\/\/dicodusport.fr\/blog\/wp-json\/wp\/v2\/posts\/420298\/revisions"}],"predecessor-version":[{"id":569486,"href":"https:\/\/dicodusport.fr\/blog\/wp-json\/wp\/v2\/posts\/420298\/revisions\/569486"}],"wp:featuredmedia":[{"embeddable":true,"href":"https:\/\/dicodusport.fr\/blog\/wp-json\/wp\/v2\/media\/420318"}],"wp:attachment":[{"href":"https:\/\/dicodusport.fr\/blog\/wp-json\/wp\/v2\/media?parent=420298"}],"wp:term":[{"taxonomy":"category","embeddable":true,"href":"https:\/\/dicodusport.fr\/blog\/wp-json\/wp\/v2\/categories?post=420298"},{"taxonomy":"post_tag","embeddable":true,"href":"https:\/\/dicodusport.fr\/blog\/wp-json\/wp\/v2\/tags?post=420298"}],"curies":[{"name":"wp","href":"https:\/\/api.w.org\/{rel}","templated":true}]}}