{"id":420354,"date":"2023-09-18T14:33:53","date_gmt":"2023-09-18T12:33:53","guid":{"rendered":"https:\/\/dicodusport.fr\/blog\/?p=420354&#038;preview=true&#038;preview_id=420354"},"modified":"2023-09-19T10:22:51","modified_gmt":"2023-09-19T08:22:51","slug":"la-folie-armand-duplantis-en-chiffres","status":"publish","type":"post","link":"https:\/\/dicodusport.fr\/blog\/la-folie-armand-duplantis-en-chiffres\/","title":{"rendered":"La folie Armand Duplantis en chiffres"},"content":{"rendered":"<p style=\"text-align: justify;\" align=\"justify\"><em><strong>ATHL\u00c9TISME &#8211; Armand Duplantis a battu ce dimanche son record du monde du saut \u00e0 la perche avec un bond \u00e0 6.23. Le Su\u00e9dois affole toutes les statistiques. Retour sur la carri\u00e8re du Su\u00e9dois en chiffres.<\/strong><\/em><\/p>\n<h2 style=\"text-align: justify;\" align=\"justify\">2.33 m<\/h2>\n<p align=\"justify\">Comme la barre franchie par <strong>Mondo Duplantis<\/strong> \u00e0 l&rsquo;\u00e2ge de 7 ans. C&rsquo;est le record du monde dans sa tranche d&rsquo;\u00e2ge. Il a \u00e9galement le record du monde des 8 ans (2.89 m), des 9 ans (3.20 m), des 10 ans (3.86 m), des 11 ans (3.91 m), des 12 ans (3.97 m) et \u00e0 partir des 17 ans. Une pr\u00e9cocit\u00e9 exceptionnelle, entretenue au fil des ann\u00e9es, m\u00eame si ses records de 13 \u00e0 16 ans sont depuis tomb\u00e9s par des perchistes plus jeunes. Mais qui n&rsquo;ont pas su autant confirmer que le Su\u00e9dois, comme le Norv\u00e9gien <strong>Pal Haugen Lillefosse<\/strong>.<\/p>\n<ul>\n<li class=\"mvp-post-title left entry-title\" style=\"text-align: justify;\"><strong>\u00c0 lire aussi &#8211; <a href=\"https:\/\/dicodusport.fr\/blog\/finales-diamond-league-record-du-monde-pour-gudaf-tsegay-et-armand-duplantis\/\">Finales Diamond League : Record du monde pour Gudaf Tsegay et Armand Duplantis !<\/a><\/strong><\/li>\n<\/ul>\n<h2 style=\"text-align: justify;\" align=\"justify\">3<\/h2>\n<p align=\"justify\">Comme le nombre de sauts \u00e0 six m\u00e8tres ou plus dans un m\u00eame concours. Une performance r\u00e9alis\u00e9e par deux fois par <strong>Armand Duplantis<\/strong>. La premi\u00e8re en 2022 en finale des championnats du monde \u00e0 Eugene. La seconde, en finale des championnats du monde \u00e0 Budapest en 2023. Il est le seul perchiste de l&rsquo;histoire \u00e0 avoir franchi 6 m\u00e8tres ou plus par trois fois, dans un m\u00eame concours.<\/p>\n<div class=\"vlp-link-container vlp-layout-article\"><a href=\"https:\/\/dicodusport.fr\/blog\/finales-diamond-league-record-du-monde-pour-gudaf-tsegay-et-armand-duplantis\/\" class=\"vlp-link\" title=\"Finales Diamond League : Record du monde pour Gudaf Tsegay et Armand Duplantis !\"><\/a><div class=\"vlp-layout-zone-side\"><div class=\"vlp-block-4 vlp-link-image\"><img loading=\"lazy\" decoding=\"async\" style=\"max-width: 800px;\" width=\"800\" height=\"445\" src=\"https:\/\/dicodusport.fr\/blog\/wp-content\/uploads\/2023\/09\/Finales-Diamond-League-Record-du-monde-pour-Gudaf-Tsegay-et-Armand-Duplantis-.png\" class=\"attachment-800x445 size-800x445\" alt=\"\" srcset=\"https:\/\/dicodusport.fr\/blog\/wp-content\/uploads\/2023\/09\/Finales-Diamond-League-Record-du-monde-pour-Gudaf-Tsegay-et-Armand-Duplantis-.png 800w, https:\/\/dicodusport.fr\/blog\/wp-content\/uploads\/2023\/09\/Finales-Diamond-League-Record-du-monde-pour-Gudaf-Tsegay-et-Armand-Duplantis--300x167.png 300w, https:\/\/dicodusport.fr\/blog\/wp-content\/uploads\/2023\/09\/Finales-Diamond-League-Record-du-monde-pour-Gudaf-Tsegay-et-Armand-Duplantis--768x427.png 768w\" sizes=\"auto, (max-width: 800px) 100vw, 800px\" \/><\/div><\/div><div class=\"vlp-layout-zone-main\"><div class=\"vlp-block-0 vlp-link-title\">Finales Diamond League : Record du monde pour Gudaf Tsegay et Armand Duplantis !<\/div><div class=\"vlp-block-1 vlp-link-summary\">FINALES DIAMOND LEAGUE - Quel clou du spectacle ! Deux records du monde pour Gudaf Tsegay et Mondo Duplantis pour conclure cette saison de Diamond League.<\/div><div class=\"vlp-block-2 vlp-link-button\">Lire l'article<\/div><div class=\"vlp-block-3 vlp-link-url\">dicodusport.fr<\/div><\/div><\/div>\n<h2 align=\"justify\">7<\/h2>\n<p align=\"justify\">Comme le nombre de m\u00e9dailles d&rsquo;or internationales glan\u00e9es par le Su\u00e9dois. Qui est champion olympique (2021), champion du monde (2022, 2023), champion du monde en salle (2022), champion d&rsquo;Europe (2018, 2022) et champion d&rsquo;Europe en salle (2021).<\/p>\n<h2 style=\"text-align: justify;\" align=\"justify\">7<\/h2>\n<p style=\"text-align: justify;\" align=\"justify\">Comme le nombre de fois qu&rsquo;il a battu le record du monde. Un record du monde qu&rsquo;il a fait tomber une premi\u00e8re fois le 8 f\u00e9vrier 2020 \u00e0 Torun (Pologne), avec un bond \u00e0 6.17 m.<\/p>\n<h2 style=\"text-align: justify;\" align=\"justify\">18<\/h2>\n<p style=\"text-align: justify;\" align=\"justify\">Comme l&rsquo;\u00e2ge qu&rsquo;il avait \u00e0 Berlin, quand il a franchi pour la premi\u00e8re fois la barre des 6 m\u00e8tres. C&rsquo;\u00e9tait lors du championnat d&rsquo;Europe 2018, o\u00f9 il gagne son premier titre international chez les s\u00e9niors. Il a franchi 6 m\u00e8tres puis 6.05 m\u00e8tres \u00e0 son premier essai. C&rsquo;est le record du monde juniors et \u00e0 ce jour, il est encore le seul U20 \u00e0 avoir franchi six m\u00e8tres.<\/p>\n<blockquote class=\"twitter-tweet\">\n<p dir=\"ltr\" lang=\"fr\">D\u00c8S SON PREMIER ESSAI ARMAND \u201cMONDO\u201d DUPLANTIS AM\u00c9LIORE SON RECORD DU MONDE DU SAUT \u00c0 LA PERCHE 6.23M \ud83e\udd2f\ud83d\ude31<\/p>\n<p>IL EST INCROYABLE ! <a href=\"https:\/\/twitter.com\/hashtag\/EugeneDL?src=hash&amp;ref_src=twsrc%5Etfw\">#EugeneDL<\/a> <a href=\"https:\/\/t.co\/bNK5SyDcY6\">pic.twitter.com\/bNK5SyDcY6<\/a><\/p>\n<p>\u2014 MR.CARTER (@NelsonCarterJr) <a href=\"https:\/\/twitter.com\/NelsonCarterJr\/status\/1703514207499522297?ref_src=twsrc%5Etfw\">September 17, 2023<\/a><\/p><\/blockquote>\n<p><script async src=\"https:\/\/platform.twitter.com\/widgets.js\" charset=\"utf-8\"><\/script><\/p>\n<h2 align=\"justify\">18<\/h2>\n<p align=\"justify\">Comme son nombre de concours \u00e0 6.10 m ou plus. C&rsquo;est \u00e9videmment un record. Et c&rsquo;est autant que le nombre de concours de <strong>Renaud Lavillenie<\/strong> \u00e0 6 m\u00e8tres ou plus. Lui-m\u00eame troisi\u00e8me perchiste de l&rsquo;histoire dans cette cat\u00e9gorie.<\/p>\n<h2 style=\"text-align: justify;\" align=\"justify\"><strong>13<\/strong><\/h2>\n<p style=\"text-align: justify;\" align=\"justify\">Comme le nombre de concours d&rsquo;<strong>Armand Duplantis<\/strong> \u00e0 6 m\u00e8tres ou plus en 2023, indoor et outdoor confondus. Ce n&rsquo;est pas son meilleur total. En 2022, il avait totalis\u00e9 15 concours. En revanche, il n&rsquo;avait totalis\u00e9 \u00ab\u00a0que\u00a0\u00bb six concours \u00e0 plus de 6.10 m, contre sept cette ann\u00e9e. En 2021, il totalisait d\u00e9j\u00e0 12 concours \u00e0 6 m\u00e8tres ou plus. 10 en 2020, malgr\u00e9 la pand\u00e9mie de Covid-19, qui a interrompu toutes les comp\u00e9titions pendant pr\u00e8s de quatre mois. C&rsquo;est dire \u00e0 quel point, ann\u00e9e apr\u00e8s ann\u00e9e, le Su\u00e9dois banalise une barre qui \u00e9tait vue comme un mythe dans le monde de la perche.<\/p>\n<ul>\n<li class=\"mvp-post-title left entry-title\" style=\"text-align: justify;\"><strong>\u00c0 lire aussi &#8211; <a href=\"https:\/\/dicodusport.fr\/blog\/mondiaux-dathletisme-2023-armand-duplantis-de-nouveau-titre-en-saut-a-la-perche\/\">Mondiaux d\u2019athl\u00e9tisme 2023 : Armand Duplantis de nouveau titr\u00e9 en saut \u00e0 la perche<\/a><\/strong><\/li>\n<\/ul>\n<h2 style=\"text-align: justify;\" align=\"justify\">23<\/h2>\n<p style=\"text-align: justify;\" align=\"justify\">Comme l&rsquo;\u00e2ge d&rsquo;<strong>Armand Duplantis<\/strong>, qui peut encore r\u00e9gner longtemps sur la discipline.<strong> Renaud Lavillenie<\/strong> avait 35 ans, quand il a franchi pour la derni\u00e8re fois la barre des six m\u00e8tres. Le plus vieux perchiste \u00e0 l&rsquo;avoir fait. <strong>Sergue\u00ef Bubka<\/strong> en avait 33, lors de sa derni\u00e8re ann\u00e9e \u00e0 plus de 6 m\u00e8tres, en 1997. Autant dire que <em>Mondo<\/em>, s&rsquo;il ne se blesse pas et qu&rsquo;il garde la m\u00eame motivation, peut encore survoler sa discipline pendant plus de dix ans.<\/p>\n<h2 style=\"text-align: justify;\" align=\"justify\">41<\/h2>\n<p align=\"justify\">Comme le nombre de centim\u00e8tres d&rsquo;\u00e9cart, ce dimanche \u00e0 Eugene, entre lui et <strong>Ernest Obiena<\/strong>, son dauphin en finale.<\/p>\n<h2 style=\"text-align: justify;\" align=\"justify\">74<\/h2>\n<p style=\"text-align: justify;\" align=\"justify\">Comme le nombre de sauts \u00e0 6 m\u00e8tres ou plus d&rsquo;<strong>Armand Duplantis<\/strong>. Ce dimanche \u00e0 Eugene, il en a ajout\u00e9 deux \u00e0 sa collection. Un bond \u00e0 6.02 m et son record du monde \u00e0 6.23 m.<\/p>\n","protected":false},"excerpt":{"rendered":"<p>ATHL\u00c9TISME &#8211; Armand Duplantis affole toutes les statistiques. Retour sur la carri\u00e8re du Su\u00e9dois en chiffres.<\/p>\n","protected":false},"author":83,"featured_media":420370,"comment_status":"open","ping_status":"closed","sticky":false,"template":"","format":"standard","meta":{"_acf_changed":false,"_daextam_enable_autolinks":"","footnotes":""},"categories":[2308],"tags":[5220,143,16878,1426],"class_list":["post-420354","post","type-post","status-publish","format-standard","has-post-thumbnail","hentry","category-athletisme","tag-armand-duplantis","tag-athletisme","tag-breve","tag-saut-a-la-perche"],"acf":[],"yoast_head":"<!-- This site is optimized with the Yoast SEO Premium plugin v26.7 (Yoast SEO v26.7) - https:\/\/yoast.com\/wordpress\/plugins\/seo\/ -->\n<title>La folie Armand Duplantis en chiffres<\/title>\n<meta name=\"description\" content=\"ATHL\u00c9TISME - Armand Duplantis affole toutes les statistiques. Retour sur la carri\u00e8re du Su\u00e9dois en chiffres.\" \/>\n<meta name=\"robots\" content=\"index, follow, max-snippet:-1, max-image-preview:large, max-video-preview:-1\" \/>\n<link rel=\"canonical\" href=\"https:\/\/dicodusport.fr\/blog\/la-folie-armand-duplantis-en-chiffres\/\" \/>\n<meta property=\"og:locale\" content=\"fr_FR\" \/>\n<meta property=\"og:type\" content=\"article\" \/>\n<meta property=\"og:title\" content=\"La folie Armand Duplantis en chiffres\" \/>\n<meta property=\"og:description\" content=\"ATHL\u00c9TISME - Armand Duplantis affole toutes les statistiques. Retour sur la carri\u00e8re du Su\u00e9dois en chiffres.\" \/>\n<meta property=\"og:url\" content=\"https:\/\/dicodusport.fr\/blog\/la-folie-armand-duplantis-en-chiffres\/\" \/>\n<meta property=\"og:site_name\" content=\"Dicodusport\" \/>\n<meta property=\"article:publisher\" content=\"https:\/\/www.facebook.com\/dicodusport\" \/>\n<meta property=\"article:published_time\" content=\"2023-09-18T12:33:53+00:00\" \/>\n<meta property=\"article:modified_time\" content=\"2023-09-19T08:22:51+00:00\" \/>\n<meta property=\"og:image\" content=\"https:\/\/dicodusport.fr\/blog\/wp-content\/uploads\/2023\/09\/Athletisme-La-folie-Armand-Duplantis-en-chiffres.png\" \/>\n\t<meta property=\"og:image:width\" content=\"800\" \/>\n\t<meta property=\"og:image:height\" content=\"445\" \/>\n\t<meta property=\"og:image:type\" content=\"image\/png\" \/>\n<meta name=\"author\" content=\"Etienne Goursaud\" \/>\n<meta name=\"twitter:card\" content=\"summary_large_image\" \/>\n<meta name=\"twitter:title\" content=\"La folie Armand Duplantis en chiffres\" \/>\n<meta name=\"twitter:creator\" content=\"@dicodusport\" \/>\n<meta name=\"twitter:site\" content=\"@dicodusport\" \/>\n<script type=\"application\/ld+json\" class=\"yoast-schema-graph\">{\"@context\":\"https:\/\/schema.org\",\"@graph\":[{\"@type\":\"NewsArticle\",\"@id\":\"https:\/\/dicodusport.fr\/blog\/la-folie-armand-duplantis-en-chiffres\/#article\",\"isPartOf\":{\"@id\":\"https:\/\/dicodusport.fr\/blog\/la-folie-armand-duplantis-en-chiffres\/\"},\"author\":{\"name\":\"Etienne Goursaud\",\"@id\":\"https:\/\/dicodusport.fr\/blog\/#\/schema\/person\/d603dd7da31fb2b46c82b9835a77ec13\"},\"headline\":\"La folie Armand Duplantis en chiffres\",\"datePublished\":\"2023-09-18T12:33:53+00:00\",\"dateModified\":\"2023-09-19T08:22:51+00:00\",\"mainEntityOfPage\":{\"@id\":\"https:\/\/dicodusport.fr\/blog\/la-folie-armand-duplantis-en-chiffres\/\"},\"wordCount\":772,\"commentCount\":0,\"publisher\":{\"@id\":\"https:\/\/dicodusport.fr\/blog\/#organization\"},\"image\":{\"@id\":\"https:\/\/dicodusport.fr\/blog\/la-folie-armand-duplantis-en-chiffres\/#primaryimage\"},\"thumbnailUrl\":\"https:\/\/dicodusport.fr\/blog\/wp-content\/uploads\/2023\/09\/Athletisme-La-folie-Armand-Duplantis-en-chiffres.png\",\"keywords\":[\"Armand Duplantis\",\"Athl\u00e9tisme\",\"br\u00e8ve\",\"saut \u00e0 la perche\"],\"articleSection\":[\"Athl\u00e9tisme\"],\"inLanguage\":\"fr-FR\",\"potentialAction\":[{\"@type\":\"CommentAction\",\"name\":\"Comment\",\"target\":[\"https:\/\/dicodusport.fr\/blog\/la-folie-armand-duplantis-en-chiffres\/#respond\"]}],\"copyrightYear\":\"2023\",\"copyrightHolder\":{\"@id\":\"https:\/\/dicodusport.fr\/blog\/#organization\"}},{\"@type\":\"WebPage\",\"@id\":\"https:\/\/dicodusport.fr\/blog\/la-folie-armand-duplantis-en-chiffres\/\",\"url\":\"https:\/\/dicodusport.fr\/blog\/la-folie-armand-duplantis-en-chiffres\/\",\"name\":\"La folie Armand Duplantis en chiffres\",\"isPartOf\":{\"@id\":\"https:\/\/dicodusport.fr\/blog\/#website\"},\"primaryImageOfPage\":{\"@id\":\"https:\/\/dicodusport.fr\/blog\/la-folie-armand-duplantis-en-chiffres\/#primaryimage\"},\"image\":{\"@id\":\"https:\/\/dicodusport.fr\/blog\/la-folie-armand-duplantis-en-chiffres\/#primaryimage\"},\"thumbnailUrl\":\"https:\/\/dicodusport.fr\/blog\/wp-content\/uploads\/2023\/09\/Athletisme-La-folie-Armand-Duplantis-en-chiffres.png\",\"datePublished\":\"2023-09-18T12:33:53+00:00\",\"dateModified\":\"2023-09-19T08:22:51+00:00\",\"description\":\"ATHL\u00c9TISME - Armand Duplantis affole toutes les statistiques. Retour sur la carri\u00e8re du Su\u00e9dois en chiffres.\",\"breadcrumb\":{\"@id\":\"https:\/\/dicodusport.fr\/blog\/la-folie-armand-duplantis-en-chiffres\/#breadcrumb\"},\"inLanguage\":\"fr-FR\",\"potentialAction\":[{\"@type\":\"ReadAction\",\"target\":[\"https:\/\/dicodusport.fr\/blog\/la-folie-armand-duplantis-en-chiffres\/\"]}]},{\"@type\":\"ImageObject\",\"inLanguage\":\"fr-FR\",\"@id\":\"https:\/\/dicodusport.fr\/blog\/la-folie-armand-duplantis-en-chiffres\/#primaryimage\",\"url\":\"https:\/\/dicodusport.fr\/blog\/wp-content\/uploads\/2023\/09\/Athletisme-La-folie-Armand-Duplantis-en-chiffres.png\",\"contentUrl\":\"https:\/\/dicodusport.fr\/blog\/wp-content\/uploads\/2023\/09\/Athletisme-La-folie-Armand-Duplantis-en-chiffres.png\",\"width\":800,\"height\":445,\"caption\":\"Athl\u00e9tisme - La folie Armand Duplantis en chiffres\"},{\"@type\":\"BreadcrumbList\",\"@id\":\"https:\/\/dicodusport.fr\/blog\/la-folie-armand-duplantis-en-chiffres\/#breadcrumb\",\"itemListElement\":[{\"@type\":\"ListItem\",\"position\":1,\"name\":\"Accueil\",\"item\":\"https:\/\/dicodusport.fr\/blog\/\"},{\"@type\":\"ListItem\",\"position\":2,\"name\":\"La folie Armand Duplantis en chiffres\"}]},{\"@type\":\"WebSite\",\"@id\":\"https:\/\/dicodusport.fr\/blog\/#website\",\"url\":\"https:\/\/dicodusport.fr\/blog\/\",\"name\":\"Dicodusport\",\"description\":\"L&#039;encyclop\u00e9die de l&#039;actualit\u00e9 sportive\",\"publisher\":{\"@id\":\"https:\/\/dicodusport.fr\/blog\/#organization\"},\"potentialAction\":[{\"@type\":\"SearchAction\",\"target\":{\"@type\":\"EntryPoint\",\"urlTemplate\":\"https:\/\/dicodusport.fr\/blog\/?s={search_term_string}\"},\"query-input\":{\"@type\":\"PropertyValueSpecification\",\"valueRequired\":true,\"valueName\":\"search_term_string\"}}],\"inLanguage\":\"fr-FR\"},{\"@type\":\"NewsMediaOrganization\",\"@id\":\"https:\/\/dicodusport.fr\/blog\/#organization\",\"name\":\"Dicodusport\",\"url\":\"https:\/\/dicodusport.fr\/blog\/\",\"logo\":{\"@type\":\"ImageObject\",\"inLanguage\":\"fr-FR\",\"@id\":\"https:\/\/dicodusport.fr\/blog\/#\/schema\/logo\/image\/\",\"url\":\"https:\/\/dicodusport.fr\/blog\/wp-content\/uploads\/2020\/06\/cropped-LOGO-DICODUSPORT-2020-SANS-FOND-SANS-TEXTE.png\",\"contentUrl\":\"https:\/\/dicodusport.fr\/blog\/wp-content\/uploads\/2020\/06\/cropped-LOGO-DICODUSPORT-2020-SANS-FOND-SANS-TEXTE.png\",\"width\":512,\"height\":512,\"caption\":\"Dicodusport\"},\"image\":{\"@id\":\"https:\/\/dicodusport.fr\/blog\/#\/schema\/logo\/image\/\"},\"sameAs\":[\"https:\/\/www.facebook.com\/dicodusport\",\"https:\/\/x.com\/dicodusport\",\"https:\/\/www.instagram.com\/dicodusport\/\",\"https:\/\/www.youtube.com\/channel\/UC7V2KZ5sd3htJivAbA4ZG3w\"],\"description\":\"Dicodusport est l'encyclop\u00e9die de l'actualit\u00e9 sportive.\",\"email\":\"bonjour@dicodusport.fr\",\"legalName\":\"DICODUSPORT\",\"foundingDate\":\"2018-01-14\",\"vatID\":\"FR71834470973\",\"taxID\":\"83447097300043\",\"numberOfEmployees\":{\"@type\":\"QuantitativeValue\",\"minValue\":\"1\",\"maxValue\":\"10\"}},{\"@type\":\"Person\",\"@id\":\"https:\/\/dicodusport.fr\/blog\/#\/schema\/person\/d603dd7da31fb2b46c82b9835a77ec13\",\"name\":\"Etienne Goursaud\",\"image\":{\"@type\":\"ImageObject\",\"inLanguage\":\"fr-FR\",\"@id\":\"https:\/\/dicodusport.fr\/blog\/#\/schema\/person\/image\/\",\"url\":\"https:\/\/dicodusport.fr\/blog\/wp-content\/uploads\/2023\/12\/410122264_10231602061736049_5565839791558026645_n-150x150.jpg\",\"contentUrl\":\"https:\/\/dicodusport.fr\/blog\/wp-content\/uploads\/2023\/12\/410122264_10231602061736049_5565839791558026645_n-150x150.jpg\",\"caption\":\"Etienne Goursaud\"},\"description\":\"Journaliste et amoureux de sport. Ancien footballeur reconverti athl\u00e8te quand ses muscles le laissent tranquille. \u00c9lev\u00e9 \u00e0 la sauce des exploits de Thomas Voeckler en 2004, du dernier essai de l\u00e9gende de Eunice Barber \u00e0 la longueur lors des championnats du monde d'athl\u00e9tisme de 2003 mais aussi Zidane, Omeyer et Titou Lamaison.\",\"url\":\"https:\/\/dicodusport.fr\/blog\/author\/etienne-goursaud\/\"}]}<\/script>\n<!-- \/ Yoast SEO Premium plugin. -->","yoast_head_json":{"title":"La folie Armand Duplantis en chiffres","description":"ATHL\u00c9TISME - Armand Duplantis affole toutes les statistiques. Retour sur la carri\u00e8re du Su\u00e9dois en chiffres.","robots":{"index":"index","follow":"follow","max-snippet":"max-snippet:-1","max-image-preview":"max-image-preview:large","max-video-preview":"max-video-preview:-1"},"canonical":"https:\/\/dicodusport.fr\/blog\/la-folie-armand-duplantis-en-chiffres\/","og_locale":"fr_FR","og_type":"article","og_title":"La folie Armand Duplantis en chiffres","og_description":"ATHL\u00c9TISME - Armand Duplantis affole toutes les statistiques. Retour sur la carri\u00e8re du Su\u00e9dois en chiffres.","og_url":"https:\/\/dicodusport.fr\/blog\/la-folie-armand-duplantis-en-chiffres\/","og_site_name":"Dicodusport","article_publisher":"https:\/\/www.facebook.com\/dicodusport","article_published_time":"2023-09-18T12:33:53+00:00","article_modified_time":"2023-09-19T08:22:51+00:00","og_image":[{"width":800,"height":445,"url":"https:\/\/dicodusport.fr\/blog\/wp-content\/uploads\/2023\/09\/Athletisme-La-folie-Armand-Duplantis-en-chiffres.png","type":"image\/png"}],"author":"Etienne Goursaud","twitter_card":"summary_large_image","twitter_title":"La folie Armand Duplantis en chiffres","twitter_creator":"@dicodusport","twitter_site":"@dicodusport","schema":{"@context":"https:\/\/schema.org","@graph":[{"@type":"NewsArticle","@id":"https:\/\/dicodusport.fr\/blog\/la-folie-armand-duplantis-en-chiffres\/#article","isPartOf":{"@id":"https:\/\/dicodusport.fr\/blog\/la-folie-armand-duplantis-en-chiffres\/"},"author":{"name":"Etienne Goursaud","@id":"https:\/\/dicodusport.fr\/blog\/#\/schema\/person\/d603dd7da31fb2b46c82b9835a77ec13"},"headline":"La folie Armand Duplantis en chiffres","datePublished":"2023-09-18T12:33:53+00:00","dateModified":"2023-09-19T08:22:51+00:00","mainEntityOfPage":{"@id":"https:\/\/dicodusport.fr\/blog\/la-folie-armand-duplantis-en-chiffres\/"},"wordCount":772,"commentCount":0,"publisher":{"@id":"https:\/\/dicodusport.fr\/blog\/#organization"},"image":{"@id":"https:\/\/dicodusport.fr\/blog\/la-folie-armand-duplantis-en-chiffres\/#primaryimage"},"thumbnailUrl":"https:\/\/dicodusport.fr\/blog\/wp-content\/uploads\/2023\/09\/Athletisme-La-folie-Armand-Duplantis-en-chiffres.png","keywords":["Armand Duplantis","Athl\u00e9tisme","br\u00e8ve","saut \u00e0 la perche"],"articleSection":["Athl\u00e9tisme"],"inLanguage":"fr-FR","potentialAction":[{"@type":"CommentAction","name":"Comment","target":["https:\/\/dicodusport.fr\/blog\/la-folie-armand-duplantis-en-chiffres\/#respond"]}],"copyrightYear":"2023","copyrightHolder":{"@id":"https:\/\/dicodusport.fr\/blog\/#organization"}},{"@type":"WebPage","@id":"https:\/\/dicodusport.fr\/blog\/la-folie-armand-duplantis-en-chiffres\/","url":"https:\/\/dicodusport.fr\/blog\/la-folie-armand-duplantis-en-chiffres\/","name":"La folie Armand Duplantis en chiffres","isPartOf":{"@id":"https:\/\/dicodusport.fr\/blog\/#website"},"primaryImageOfPage":{"@id":"https:\/\/dicodusport.fr\/blog\/la-folie-armand-duplantis-en-chiffres\/#primaryimage"},"image":{"@id":"https:\/\/dicodusport.fr\/blog\/la-folie-armand-duplantis-en-chiffres\/#primaryimage"},"thumbnailUrl":"https:\/\/dicodusport.fr\/blog\/wp-content\/uploads\/2023\/09\/Athletisme-La-folie-Armand-Duplantis-en-chiffres.png","datePublished":"2023-09-18T12:33:53+00:00","dateModified":"2023-09-19T08:22:51+00:00","description":"ATHL\u00c9TISME - Armand Duplantis affole toutes les statistiques. Retour sur la carri\u00e8re du Su\u00e9dois en chiffres.","breadcrumb":{"@id":"https:\/\/dicodusport.fr\/blog\/la-folie-armand-duplantis-en-chiffres\/#breadcrumb"},"inLanguage":"fr-FR","potentialAction":[{"@type":"ReadAction","target":["https:\/\/dicodusport.fr\/blog\/la-folie-armand-duplantis-en-chiffres\/"]}]},{"@type":"ImageObject","inLanguage":"fr-FR","@id":"https:\/\/dicodusport.fr\/blog\/la-folie-armand-duplantis-en-chiffres\/#primaryimage","url":"https:\/\/dicodusport.fr\/blog\/wp-content\/uploads\/2023\/09\/Athletisme-La-folie-Armand-Duplantis-en-chiffres.png","contentUrl":"https:\/\/dicodusport.fr\/blog\/wp-content\/uploads\/2023\/09\/Athletisme-La-folie-Armand-Duplantis-en-chiffres.png","width":800,"height":445,"caption":"Athl\u00e9tisme - La folie Armand Duplantis en chiffres"},{"@type":"BreadcrumbList","@id":"https:\/\/dicodusport.fr\/blog\/la-folie-armand-duplantis-en-chiffres\/#breadcrumb","itemListElement":[{"@type":"ListItem","position":1,"name":"Accueil","item":"https:\/\/dicodusport.fr\/blog\/"},{"@type":"ListItem","position":2,"name":"La folie Armand Duplantis en chiffres"}]},{"@type":"WebSite","@id":"https:\/\/dicodusport.fr\/blog\/#website","url":"https:\/\/dicodusport.fr\/blog\/","name":"Dicodusport","description":"L&#039;encyclop\u00e9die de l&#039;actualit\u00e9 sportive","publisher":{"@id":"https:\/\/dicodusport.fr\/blog\/#organization"},"potentialAction":[{"@type":"SearchAction","target":{"@type":"EntryPoint","urlTemplate":"https:\/\/dicodusport.fr\/blog\/?s={search_term_string}"},"query-input":{"@type":"PropertyValueSpecification","valueRequired":true,"valueName":"search_term_string"}}],"inLanguage":"fr-FR"},{"@type":"NewsMediaOrganization","@id":"https:\/\/dicodusport.fr\/blog\/#organization","name":"Dicodusport","url":"https:\/\/dicodusport.fr\/blog\/","logo":{"@type":"ImageObject","inLanguage":"fr-FR","@id":"https:\/\/dicodusport.fr\/blog\/#\/schema\/logo\/image\/","url":"https:\/\/dicodusport.fr\/blog\/wp-content\/uploads\/2020\/06\/cropped-LOGO-DICODUSPORT-2020-SANS-FOND-SANS-TEXTE.png","contentUrl":"https:\/\/dicodusport.fr\/blog\/wp-content\/uploads\/2020\/06\/cropped-LOGO-DICODUSPORT-2020-SANS-FOND-SANS-TEXTE.png","width":512,"height":512,"caption":"Dicodusport"},"image":{"@id":"https:\/\/dicodusport.fr\/blog\/#\/schema\/logo\/image\/"},"sameAs":["https:\/\/www.facebook.com\/dicodusport","https:\/\/x.com\/dicodusport","https:\/\/www.instagram.com\/dicodusport\/","https:\/\/www.youtube.com\/channel\/UC7V2KZ5sd3htJivAbA4ZG3w"],"description":"Dicodusport est l'encyclop\u00e9die de l'actualit\u00e9 sportive.","email":"bonjour@dicodusport.fr","legalName":"DICODUSPORT","foundingDate":"2018-01-14","vatID":"FR71834470973","taxID":"83447097300043","numberOfEmployees":{"@type":"QuantitativeValue","minValue":"1","maxValue":"10"}},{"@type":"Person","@id":"https:\/\/dicodusport.fr\/blog\/#\/schema\/person\/d603dd7da31fb2b46c82b9835a77ec13","name":"Etienne Goursaud","image":{"@type":"ImageObject","inLanguage":"fr-FR","@id":"https:\/\/dicodusport.fr\/blog\/#\/schema\/person\/image\/","url":"https:\/\/dicodusport.fr\/blog\/wp-content\/uploads\/2023\/12\/410122264_10231602061736049_5565839791558026645_n-150x150.jpg","contentUrl":"https:\/\/dicodusport.fr\/blog\/wp-content\/uploads\/2023\/12\/410122264_10231602061736049_5565839791558026645_n-150x150.jpg","caption":"Etienne Goursaud"},"description":"Journaliste et amoureux de sport. Ancien footballeur reconverti athl\u00e8te quand ses muscles le laissent tranquille. \u00c9lev\u00e9 \u00e0 la sauce des exploits de Thomas Voeckler en 2004, du dernier essai de l\u00e9gende de Eunice Barber \u00e0 la longueur lors des championnats du monde d'athl\u00e9tisme de 2003 mais aussi Zidane, Omeyer et Titou Lamaison.","url":"https:\/\/dicodusport.fr\/blog\/author\/etienne-goursaud\/"}]}},"_links":{"self":[{"href":"https:\/\/dicodusport.fr\/blog\/wp-json\/wp\/v2\/posts\/420354","targetHints":{"allow":["GET"]}}],"collection":[{"href":"https:\/\/dicodusport.fr\/blog\/wp-json\/wp\/v2\/posts"}],"about":[{"href":"https:\/\/dicodusport.fr\/blog\/wp-json\/wp\/v2\/types\/post"}],"author":[{"embeddable":true,"href":"https:\/\/dicodusport.fr\/blog\/wp-json\/wp\/v2\/users\/83"}],"replies":[{"embeddable":true,"href":"https:\/\/dicodusport.fr\/blog\/wp-json\/wp\/v2\/comments?post=420354"}],"version-history":[{"count":0,"href":"https:\/\/dicodusport.fr\/blog\/wp-json\/wp\/v2\/posts\/420354\/revisions"}],"wp:featuredmedia":[{"embeddable":true,"href":"https:\/\/dicodusport.fr\/blog\/wp-json\/wp\/v2\/media\/420370"}],"wp:attachment":[{"href":"https:\/\/dicodusport.fr\/blog\/wp-json\/wp\/v2\/media?parent=420354"}],"wp:term":[{"taxonomy":"category","embeddable":true,"href":"https:\/\/dicodusport.fr\/blog\/wp-json\/wp\/v2\/categories?post=420354"},{"taxonomy":"post_tag","embeddable":true,"href":"https:\/\/dicodusport.fr\/blog\/wp-json\/wp\/v2\/tags?post=420354"}],"curies":[{"name":"wp","href":"https:\/\/api.w.org\/{rel}","templated":true}]}}