{"id":420461,"date":"2023-09-18T18:56:08","date_gmt":"2023-09-18T16:56:08","guid":{"rendered":"https:\/\/dicodusport.fr\/blog\/?p=420461&#038;preview=true&#038;preview_id=420461"},"modified":"2023-09-18T18:56:08","modified_gmt":"2023-09-18T16:56:08","slug":"tour-de-luxembourg-2023-profil-des-etapes","status":"publish","type":"post","link":"https:\/\/dicodusport.fr\/blog\/tour-de-luxembourg-2023-profil-des-etapes\/","title":{"rendered":"Tour de Luxembourg 2023 : Profil des \u00e9tapes"},"content":{"rendered":"<p style=\"text-align: justify;\"><em><strong><a href=\"https:\/\/dicodusport.fr\/blog\/actualites\/cyclisme\/cyclisme-sur-route-2023\/\">CYCLISME SUR ROUTE 2023<\/a>\u00a0&#8211; C&rsquo;est ce mercredi 20 septembre que d\u00e9bute le Tour de Luxembourg 2023. D\u00e9couvrez le profil des \u00e9tapes de cette 83\u00e8me \u00e9dition<\/strong><\/em><em><strong>.<br \/>\n<\/strong><\/em><\/p>\n<h2 style=\"text-align: justify;\">1\u00e8re \u00e9tape, Luxembourg &#8211; Luxembourg Kirchberg : Mercredi 20 septembre 2023<\/h2>\n<p style=\"text-align: justify;\">\u00c9tape accident\u00e9e longue de 156.4 km.<\/p>\n<div id=\"attachment_420468\" style=\"width: 1460px\" class=\"wp-caption alignnone\"><img loading=\"lazy\" decoding=\"async\" aria-describedby=\"caption-attachment-420468\" class=\"size-full wp-image-420468\" src=\"https:\/\/dicodusport.fr\/blog\/wp-content\/uploads\/2023\/09\/Tour-de-Luxembourg-2023-Etape-1.jpeg\" alt=\"\" width=\"1450\" height=\"625\" srcset=\"https:\/\/dicodusport.fr\/blog\/wp-content\/uploads\/2023\/09\/Tour-de-Luxembourg-2023-Etape-1.jpeg 1450w, https:\/\/dicodusport.fr\/blog\/wp-content\/uploads\/2023\/09\/Tour-de-Luxembourg-2023-Etape-1-300x129.jpeg 300w, https:\/\/dicodusport.fr\/blog\/wp-content\/uploads\/2023\/09\/Tour-de-Luxembourg-2023-Etape-1-1024x441.jpeg 1024w, https:\/\/dicodusport.fr\/blog\/wp-content\/uploads\/2023\/09\/Tour-de-Luxembourg-2023-Etape-1-768x331.jpeg 768w\" sizes=\"auto, (max-width: 1450px) 100vw, 1450px\" \/><p id=\"caption-attachment-420468\" class=\"wp-caption-text\">\u00a9 Pro Cycling Stats<\/p><\/div>\n<p style=\"text-align: center;\"><a href=\"http:\/\/dicodusport.fr\/blog\/tour-de-luxembourg-2023-profil-des-etapes\/2\/#deux\" class=\"su-button su-button-style-flat\" style=\"color:#FFFFFF;background-color:#005f9b;border-color:#004c7c;border-radius:4px\" target=\"_self\"><span style=\"color:#FFFFFF;padding:0px 20px;font-size:16px;line-height:32px;border-color:#4d8fb9;border-radius:4px;text-shadow:none\"> Deuxi\u00e8me \u00e9tape<\/span><\/a><!--nextpage--><\/p>\n<h2 style=\"text-align: justify;\"><a id=\"deux\"><\/a>2\u00e8me \u00e9tape, Mondorf-les-Bains &#8211; Mamer : Jeudi 21 septembre 2023<\/h2>\n<p style=\"text-align: justify;\">\u00c9tape accident\u00e9e longue de 183.9 km.<\/p>\n<div id=\"attachment_420467\" style=\"width: 1460px\" class=\"wp-caption alignnone\"><img loading=\"lazy\" decoding=\"async\" aria-describedby=\"caption-attachment-420467\" class=\"size-full wp-image-420467\" src=\"https:\/\/dicodusport.fr\/blog\/wp-content\/uploads\/2023\/09\/Tour-de-Luxembourg-2023-Etape-2.jpeg\" alt=\"\" width=\"1450\" height=\"625\" srcset=\"https:\/\/dicodusport.fr\/blog\/wp-content\/uploads\/2023\/09\/Tour-de-Luxembourg-2023-Etape-2.jpeg 1450w, https:\/\/dicodusport.fr\/blog\/wp-content\/uploads\/2023\/09\/Tour-de-Luxembourg-2023-Etape-2-300x129.jpeg 300w, https:\/\/dicodusport.fr\/blog\/wp-content\/uploads\/2023\/09\/Tour-de-Luxembourg-2023-Etape-2-1024x441.jpeg 1024w, https:\/\/dicodusport.fr\/blog\/wp-content\/uploads\/2023\/09\/Tour-de-Luxembourg-2023-Etape-2-768x331.jpeg 768w\" sizes=\"auto, (max-width: 1450px) 100vw, 1450px\" \/><p id=\"caption-attachment-420467\" class=\"wp-caption-text\">\u00a9 Pro Cycling Stats<\/p><\/div>\n<p style=\"text-align: center;\"><a href=\"http:\/\/dicodusport.fr\/blog\/tour-de-luxembourg-2023-profil-des-etapes\/3\/#trois\" class=\"su-button su-button-style-flat\" style=\"color:#FFFFFF;background-color:#005f9b;border-color:#004c7c;border-radius:4px\" target=\"_self\"><span style=\"color:#FFFFFF;padding:0px 20px;font-size:16px;line-height:32px;border-color:#4d8fb9;border-radius:4px;text-shadow:none\"> Troisi\u00e8me \u00e9tape<\/span><\/a>\n<p><!--nextpage--><\/p>\n<h2 style=\"text-align: justify;\"><a id=\"trois\"><\/a>3\u00e8me \u00e9tape, Mertert &#8211; Vianden : Vendredi 22 septembre 2023<\/h2>\n<p style=\"text-align: justify;\">\u00c9tape accident\u00e9e longue de 168.4 km.<\/p>\n<div id=\"attachment_420466\" style=\"width: 1460px\" class=\"wp-caption alignnone\"><img loading=\"lazy\" decoding=\"async\" aria-describedby=\"caption-attachment-420466\" class=\"size-full wp-image-420466\" src=\"https:\/\/dicodusport.fr\/blog\/wp-content\/uploads\/2023\/09\/Tour-de-Luxembourg-2023-Etape-3.jpeg\" alt=\"\" width=\"1450\" height=\"625\" srcset=\"https:\/\/dicodusport.fr\/blog\/wp-content\/uploads\/2023\/09\/Tour-de-Luxembourg-2023-Etape-3.jpeg 1450w, https:\/\/dicodusport.fr\/blog\/wp-content\/uploads\/2023\/09\/Tour-de-Luxembourg-2023-Etape-3-300x129.jpeg 300w, https:\/\/dicodusport.fr\/blog\/wp-content\/uploads\/2023\/09\/Tour-de-Luxembourg-2023-Etape-3-1024x441.jpeg 1024w, https:\/\/dicodusport.fr\/blog\/wp-content\/uploads\/2023\/09\/Tour-de-Luxembourg-2023-Etape-3-768x331.jpeg 768w\" sizes=\"auto, (max-width: 1450px) 100vw, 1450px\" \/><p id=\"caption-attachment-420466\" class=\"wp-caption-text\">\u00a9 Pro Cycling Stats<\/p><\/div>\n<p style=\"text-align: center;\"><a href=\"http:\/\/dicodusport.fr\/blog\/tour-de-luxembourg-2023-profil-des-etapes\/4\/#quatre\" class=\"su-button su-button-style-flat\" style=\"color:#FFFFFF;background-color:#005f9b;border-color:#004c7c;border-radius:4px\" target=\"_self\"><span style=\"color:#FFFFFF;padding:0px 20px;font-size:16px;line-height:32px;border-color:#4d8fb9;border-radius:4px;text-shadow:none\"> Quatri\u00e8me \u00e9tape<\/span><\/a>\n<p><!--nextpage--><\/p>\n<h2 style=\"text-align: justify;\"><a id=\"quatre\"><\/a>4\u00e8me \u00e9tape, P\u00e9tange &#8211; P\u00e9tange : Samedi 23 septembre 2023<\/h2>\n<p style=\"text-align: justify;\">Contre-la-montre individuel de 23.9 km.<\/p>\n<div id=\"attachment_420465\" style=\"width: 1260px\" class=\"wp-caption alignnone\"><img loading=\"lazy\" decoding=\"async\" aria-describedby=\"caption-attachment-420465\" class=\"size-full wp-image-420465\" src=\"https:\/\/dicodusport.fr\/blog\/wp-content\/uploads\/2023\/09\/Tour-de-Luxembourg-2023-Etape-4.jpeg\" alt=\"\" width=\"1250\" height=\"625\" srcset=\"https:\/\/dicodusport.fr\/blog\/wp-content\/uploads\/2023\/09\/Tour-de-Luxembourg-2023-Etape-4.jpeg 1250w, https:\/\/dicodusport.fr\/blog\/wp-content\/uploads\/2023\/09\/Tour-de-Luxembourg-2023-Etape-4-300x150.jpeg 300w, https:\/\/dicodusport.fr\/blog\/wp-content\/uploads\/2023\/09\/Tour-de-Luxembourg-2023-Etape-4-1024x512.jpeg 1024w, https:\/\/dicodusport.fr\/blog\/wp-content\/uploads\/2023\/09\/Tour-de-Luxembourg-2023-Etape-4-768x384.jpeg 768w\" sizes=\"auto, (max-width: 1250px) 100vw, 1250px\" \/><p id=\"caption-attachment-420465\" class=\"wp-caption-text\">\u00a9 Pro Cycling Stats<\/p><\/div>\n<p style=\"text-align: center;\"><a href=\"http:\/\/dicodusport.fr\/blog\/tour-de-luxembourg-2023-profil-des-etapes\/5\/#cinq\" class=\"su-button su-button-style-flat\" style=\"color:#FFFFFF;background-color:#005f9b;border-color:#004c7c;border-radius:4px\" target=\"_self\"><span style=\"color:#FFFFFF;padding:0px 20px;font-size:16px;line-height:32px;border-color:#4d8fb9;border-radius:4px;text-shadow:none\"> Cinqui\u00e8me \u00e9tape<\/span><\/a>\n<p><!--nextpage--><\/p>\n<h2 style=\"text-align: justify;\"><a id=\"cinq\"><\/a>5\u00e8me \u00e9tape, Mersch &#8211; Luxembourg Limpertsberg : Dimanche 24 septembre 2023<\/h2>\n<p style=\"text-align: justify;\">\u00c9tape accident\u00e9e longue de 177,2 km.<\/p>\n<div id=\"attachment_420464\" style=\"width: 1460px\" class=\"wp-caption alignnone\"><img loading=\"lazy\" decoding=\"async\" aria-describedby=\"caption-attachment-420464\" class=\"size-full wp-image-420464\" src=\"https:\/\/dicodusport.fr\/blog\/wp-content\/uploads\/2023\/09\/Tour-de-Luxembourg-2023-Etape-5.jpeg\" alt=\"\" width=\"1450\" height=\"625\" srcset=\"https:\/\/dicodusport.fr\/blog\/wp-content\/uploads\/2023\/09\/Tour-de-Luxembourg-2023-Etape-5.jpeg 1450w, https:\/\/dicodusport.fr\/blog\/wp-content\/uploads\/2023\/09\/Tour-de-Luxembourg-2023-Etape-5-300x129.jpeg 300w, https:\/\/dicodusport.fr\/blog\/wp-content\/uploads\/2023\/09\/Tour-de-Luxembourg-2023-Etape-5-1024x441.jpeg 1024w, https:\/\/dicodusport.fr\/blog\/wp-content\/uploads\/2023\/09\/Tour-de-Luxembourg-2023-Etape-5-768x331.jpeg 768w\" sizes=\"auto, (max-width: 1450px) 100vw, 1450px\" \/><p id=\"caption-attachment-420464\" class=\"wp-caption-text\">\u00a9 Pro Cycling Stats<\/p><\/div>\n<p style=\"text-align: center;\"><a href=\"http:\/\/dicodusport.fr\/blog\/tour-de-luxembourg-2023-profil-des-etapes\" class=\"su-button su-button-style-flat\" style=\"color:#FFFFFF;background-color:#005f9b;border-color:#004c7c;border-radius:4px\" target=\"_self\"><span style=\"color:#FFFFFF;padding:0px 20px;font-size:16px;line-height:32px;border-color:#4d8fb9;border-radius:4px;text-shadow:none\"> Revenir au d\u00e9but<\/span><\/a>\n<h2 style=\"text-align: justify;\">\u00c0 lire aussi<\/h2>\n<ul>\n<li style=\"text-align: justify;\"><strong><a href=\"https:\/\/dicodusport.fr\/blog\/tour-du-luxembourg-2023-les-engages\/\" target=\"_blank\" rel=\"noopener\">La liste des engag\u00e9s du Tour de Luxembourg 2023<\/a><br \/>\n<\/strong><\/li>\n<li><strong>Tour de Luxembourg 2023 : \u00c0 quelle heure et sur quelle cha\u00eene TV<\/strong><\/li>\n<\/ul>\n","protected":false},"excerpt":{"rendered":"<p>CYCLISME SUR ROUTE 2023\u00a0&#8211; C&rsquo;est ce mercredi 20 septembre que d\u00e9bute le Tour de Luxembourg 2023. D\u00e9couvrez le profil des \u00e9tapes de cette 83\u00e8me \u00e9dition.<\/p>\n","protected":false},"author":1,"featured_media":390918,"comment_status":"open","ping_status":"closed","sticky":false,"template":"","format":"standard","meta":{"_acf_changed":false,"_daextam_enable_autolinks":"","footnotes":""},"categories":[46994],"tags":[19216],"class_list":["post-420461","post","type-post","status-publish","format-standard","has-post-thumbnail","hentry","category-cyclisme-sur-route","tag-tour-de-luxembourg"],"acf":[],"yoast_head":"<!-- This site is optimized with the Yoast SEO Premium plugin v26.7 (Yoast SEO v26.7) - https:\/\/yoast.com\/wordpress\/plugins\/seo\/ -->\n<title>Tour de Luxembourg 2023 : Profil des \u00e9tapes<\/title>\n<meta name=\"description\" content=\"CYCLISME SUR ROUTE 2023\u00a0- C&#039;est ce mercredi 20 septembre que d\u00e9bute le Tour de Luxembourg 2023. D\u00e9couvrez le profil des \u00e9tapes de cette 83\u00e8me \u00e9dition.\" \/>\n<meta name=\"robots\" content=\"index, follow, max-snippet:-1, max-image-preview:large, max-video-preview:-1\" \/>\n<link rel=\"canonical\" href=\"https:\/\/dicodusport.fr\/blog\/tour-de-luxembourg-2023-profil-des-etapes\/\" \/>\n<link rel=\"next\" href=\"https:\/\/dicodusport.fr\/blog\/tour-de-luxembourg-2023-profil-des-etapes\/2\/\" \/>\n<meta property=\"og:locale\" content=\"fr_FR\" \/>\n<meta property=\"og:type\" content=\"article\" \/>\n<meta property=\"og:title\" content=\"Tour de Luxembourg 2023 : Profil des \u00e9tapes\" \/>\n<meta property=\"og:description\" content=\"CYCLISME SUR ROUTE 2023\u00a0- C&#039;est ce mercredi 20 septembre que d\u00e9bute le Tour de Luxembourg 2023. D\u00e9couvrez le profil des \u00e9tapes de cette 83\u00e8me \u00e9dition.\" \/>\n<meta property=\"og:url\" content=\"https:\/\/dicodusport.fr\/blog\/tour-de-luxembourg-2023-profil-des-etapes\/\" \/>\n<meta property=\"og:site_name\" content=\"Dicodusport\" \/>\n<meta property=\"article:publisher\" content=\"https:\/\/www.facebook.com\/dicodusport\" \/>\n<meta property=\"article:author\" content=\"https:\/\/www.facebook.com\/dicodusport\" \/>\n<meta property=\"article:published_time\" content=\"2023-09-18T16:56:08+00:00\" \/>\n<meta property=\"og:image\" content=\"https:\/\/dicodusport.fr\/blog\/wp-content\/uploads\/2023\/06\/Tour-de-France-2023-Thibaut-Pinot-selectionne-pas-Arnaud-Demare.png\" \/>\n\t<meta property=\"og:image:width\" content=\"800\" \/>\n\t<meta property=\"og:image:height\" content=\"445\" \/>\n\t<meta property=\"og:image:type\" content=\"image\/png\" \/>\n<meta name=\"author\" content=\"Nicolas Jacquemard\" \/>\n<meta name=\"twitter:card\" content=\"summary_large_image\" \/>\n<meta name=\"twitter:title\" content=\"Tour de Luxembourg 2023 : Profil des \u00e9tapes\" \/>\n<meta name=\"twitter:creator\" content=\"@https:\/\/twitter.com\/Nico_Jacquemard\" \/>\n<meta name=\"twitter:site\" content=\"@dicodusport\" \/>\n<script type=\"application\/ld+json\" class=\"yoast-schema-graph\">{\"@context\":\"https:\/\/schema.org\",\"@graph\":[{\"@type\":\"NewsArticle\",\"@id\":\"https:\/\/dicodusport.fr\/blog\/tour-de-luxembourg-2023-profil-des-etapes\/#article\",\"isPartOf\":{\"@id\":\"https:\/\/dicodusport.fr\/blog\/tour-de-luxembourg-2023-profil-des-etapes\/\"},\"author\":{\"name\":\"Nicolas Jacquemard\",\"@id\":\"https:\/\/dicodusport.fr\/blog\/#\/schema\/person\/55dcb50ad410894e431ed812bbb70191\"},\"headline\":\"Tour de Luxembourg 2023 : Profil des \u00e9tapes\",\"datePublished\":\"2023-09-18T16:56:08+00:00\",\"mainEntityOfPage\":{\"@id\":\"https:\/\/dicodusport.fr\/blog\/tour-de-luxembourg-2023-profil-des-etapes\/\"},\"wordCount\":281,\"commentCount\":0,\"publisher\":{\"@id\":\"https:\/\/dicodusport.fr\/blog\/#organization\"},\"image\":{\"@id\":\"https:\/\/dicodusport.fr\/blog\/tour-de-luxembourg-2023-profil-des-etapes\/#primaryimage\"},\"thumbnailUrl\":\"https:\/\/dicodusport.fr\/blog\/wp-content\/uploads\/2023\/06\/Tour-de-France-2023-Thibaut-Pinot-selectionne-pas-Arnaud-Demare.png\",\"keywords\":[\"Tour de Luxembourg\"],\"articleSection\":[\"Cyclisme sur route\"],\"inLanguage\":\"fr-FR\",\"potentialAction\":[{\"@type\":\"CommentAction\",\"name\":\"Comment\",\"target\":[\"https:\/\/dicodusport.fr\/blog\/tour-de-luxembourg-2023-profil-des-etapes\/#respond\"]}],\"copyrightYear\":\"2023\",\"copyrightHolder\":{\"@id\":\"https:\/\/dicodusport.fr\/blog\/#organization\"}},{\"@type\":\"WebPage\",\"@id\":\"https:\/\/dicodusport.fr\/blog\/tour-de-luxembourg-2023-profil-des-etapes\/\",\"url\":\"https:\/\/dicodusport.fr\/blog\/tour-de-luxembourg-2023-profil-des-etapes\/\",\"name\":\"Tour de Luxembourg 2023 : Profil des \u00e9tapes\",\"isPartOf\":{\"@id\":\"https:\/\/dicodusport.fr\/blog\/#website\"},\"primaryImageOfPage\":{\"@id\":\"https:\/\/dicodusport.fr\/blog\/tour-de-luxembourg-2023-profil-des-etapes\/#primaryimage\"},\"image\":{\"@id\":\"https:\/\/dicodusport.fr\/blog\/tour-de-luxembourg-2023-profil-des-etapes\/#primaryimage\"},\"thumbnailUrl\":\"https:\/\/dicodusport.fr\/blog\/wp-content\/uploads\/2023\/06\/Tour-de-France-2023-Thibaut-Pinot-selectionne-pas-Arnaud-Demare.png\",\"datePublished\":\"2023-09-18T16:56:08+00:00\",\"description\":\"CYCLISME SUR ROUTE 2023\u00a0- C'est ce mercredi 20 septembre que d\u00e9bute le Tour de Luxembourg 2023. D\u00e9couvrez le profil des \u00e9tapes de cette 83\u00e8me \u00e9dition.\",\"inLanguage\":\"fr-FR\",\"potentialAction\":[{\"@type\":\"ReadAction\",\"target\":[\"https:\/\/dicodusport.fr\/blog\/tour-de-luxembourg-2023-profil-des-etapes\/\"]}]},{\"@type\":\"ImageObject\",\"inLanguage\":\"fr-FR\",\"@id\":\"https:\/\/dicodusport.fr\/blog\/tour-de-luxembourg-2023-profil-des-etapes\/#primaryimage\",\"url\":\"https:\/\/dicodusport.fr\/blog\/wp-content\/uploads\/2023\/06\/Tour-de-France-2023-Thibaut-Pinot-selectionne-pas-Arnaud-Demare.png\",\"contentUrl\":\"https:\/\/dicodusport.fr\/blog\/wp-content\/uploads\/2023\/06\/Tour-de-France-2023-Thibaut-Pinot-selectionne-pas-Arnaud-Demare.png\",\"width\":800,\"height\":445},{\"@type\":\"WebSite\",\"@id\":\"https:\/\/dicodusport.fr\/blog\/#website\",\"url\":\"https:\/\/dicodusport.fr\/blog\/\",\"name\":\"Dicodusport\",\"description\":\"L&#039;encyclop\u00e9die de l&#039;actualit\u00e9 sportive\",\"publisher\":{\"@id\":\"https:\/\/dicodusport.fr\/blog\/#organization\"},\"potentialAction\":[{\"@type\":\"SearchAction\",\"target\":{\"@type\":\"EntryPoint\",\"urlTemplate\":\"https:\/\/dicodusport.fr\/blog\/?s={search_term_string}\"},\"query-input\":{\"@type\":\"PropertyValueSpecification\",\"valueRequired\":true,\"valueName\":\"search_term_string\"}}],\"inLanguage\":\"fr-FR\"},{\"@type\":\"NewsMediaOrganization\",\"@id\":\"https:\/\/dicodusport.fr\/blog\/#organization\",\"name\":\"Dicodusport\",\"url\":\"https:\/\/dicodusport.fr\/blog\/\",\"logo\":{\"@type\":\"ImageObject\",\"inLanguage\":\"fr-FR\",\"@id\":\"https:\/\/dicodusport.fr\/blog\/#\/schema\/logo\/image\/\",\"url\":\"https:\/\/dicodusport.fr\/blog\/wp-content\/uploads\/2020\/06\/cropped-LOGO-DICODUSPORT-2020-SANS-FOND-SANS-TEXTE.png\",\"contentUrl\":\"https:\/\/dicodusport.fr\/blog\/wp-content\/uploads\/2020\/06\/cropped-LOGO-DICODUSPORT-2020-SANS-FOND-SANS-TEXTE.png\",\"width\":512,\"height\":512,\"caption\":\"Dicodusport\"},\"image\":{\"@id\":\"https:\/\/dicodusport.fr\/blog\/#\/schema\/logo\/image\/\"},\"sameAs\":[\"https:\/\/www.facebook.com\/dicodusport\",\"https:\/\/x.com\/dicodusport\",\"https:\/\/www.instagram.com\/dicodusport\/\",\"https:\/\/www.youtube.com\/channel\/UC7V2KZ5sd3htJivAbA4ZG3w\"],\"description\":\"Dicodusport est l'encyclop\u00e9die de l'actualit\u00e9 sportive.\",\"email\":\"bonjour@dicodusport.fr\",\"legalName\":\"DICODUSPORT\",\"foundingDate\":\"2018-01-14\",\"vatID\":\"FR71834470973\",\"taxID\":\"83447097300043\",\"numberOfEmployees\":{\"@type\":\"QuantitativeValue\",\"minValue\":\"1\",\"maxValue\":\"10\"}},{\"@type\":\"Person\",\"@id\":\"https:\/\/dicodusport.fr\/blog\/#\/schema\/person\/55dcb50ad410894e431ed812bbb70191\",\"name\":\"Nicolas Jacquemard\",\"image\":{\"@type\":\"ImageObject\",\"inLanguage\":\"fr-FR\",\"@id\":\"https:\/\/dicodusport.fr\/blog\/#\/schema\/person\/image\/\",\"url\":\"https:\/\/dicodusport.fr\/blog\/wp-content\/uploads\/2021\/05\/Nicolas-Jacquemard-150x150.jpeg\",\"contentUrl\":\"https:\/\/dicodusport.fr\/blog\/wp-content\/uploads\/2021\/05\/Nicolas-Jacquemard-150x150.jpeg\",\"caption\":\"Nicolas Jacquemard\"},\"description\":\"Passionn\u00e9 de sport et entrepreneur depuis mes 18 ans, la cr\u00e9ation de Dicodusport m'a sembl\u00e9 \u00e9vidente pour participer \u00e0 la m\u00e9diatisation d'un plus grand nombre de sports. Le chemin est long mais avec une \u00e9quipe des plus motiv\u00e9es et les Jeux Olympiques de Paris 2024 en point de mire, nous y arriverons ! Journaliste dans le monde du sport depuis plus de 5 ans, je traite aussi bien de football, de rugby, de biathlon que de cyclisme.\",\"sameAs\":[\"https:\/\/www.facebook.com\/dicodusport\",\"https:\/\/x.com\/https:\/\/twitter.com\/Nico_Jacquemard\"],\"url\":\"https:\/\/dicodusport.fr\/blog\/author\/dicodusport\/\"}]}<\/script>\n<!-- \/ Yoast SEO Premium plugin. -->","yoast_head_json":{"title":"Tour de Luxembourg 2023 : Profil des \u00e9tapes","description":"CYCLISME SUR ROUTE 2023\u00a0- C'est ce mercredi 20 septembre que d\u00e9bute le Tour de Luxembourg 2023. D\u00e9couvrez le profil des \u00e9tapes de cette 83\u00e8me \u00e9dition.","robots":{"index":"index","follow":"follow","max-snippet":"max-snippet:-1","max-image-preview":"max-image-preview:large","max-video-preview":"max-video-preview:-1"},"canonical":"https:\/\/dicodusport.fr\/blog\/tour-de-luxembourg-2023-profil-des-etapes\/","next":"https:\/\/dicodusport.fr\/blog\/tour-de-luxembourg-2023-profil-des-etapes\/2\/","og_locale":"fr_FR","og_type":"article","og_title":"Tour de Luxembourg 2023 : Profil des \u00e9tapes","og_description":"CYCLISME SUR ROUTE 2023\u00a0- C'est ce mercredi 20 septembre que d\u00e9bute le Tour de Luxembourg 2023. D\u00e9couvrez le profil des \u00e9tapes de cette 83\u00e8me \u00e9dition.","og_url":"https:\/\/dicodusport.fr\/blog\/tour-de-luxembourg-2023-profil-des-etapes\/","og_site_name":"Dicodusport","article_publisher":"https:\/\/www.facebook.com\/dicodusport","article_author":"https:\/\/www.facebook.com\/dicodusport","article_published_time":"2023-09-18T16:56:08+00:00","og_image":[{"width":800,"height":445,"url":"https:\/\/dicodusport.fr\/blog\/wp-content\/uploads\/2023\/06\/Tour-de-France-2023-Thibaut-Pinot-selectionne-pas-Arnaud-Demare.png","type":"image\/png"}],"author":"Nicolas Jacquemard","twitter_card":"summary_large_image","twitter_title":"Tour de Luxembourg 2023 : Profil des \u00e9tapes","twitter_creator":"@https:\/\/twitter.com\/Nico_Jacquemard","twitter_site":"@dicodusport","schema":{"@context":"https:\/\/schema.org","@graph":[{"@type":"NewsArticle","@id":"https:\/\/dicodusport.fr\/blog\/tour-de-luxembourg-2023-profil-des-etapes\/#article","isPartOf":{"@id":"https:\/\/dicodusport.fr\/blog\/tour-de-luxembourg-2023-profil-des-etapes\/"},"author":{"name":"Nicolas Jacquemard","@id":"https:\/\/dicodusport.fr\/blog\/#\/schema\/person\/55dcb50ad410894e431ed812bbb70191"},"headline":"Tour de Luxembourg 2023 : Profil des \u00e9tapes","datePublished":"2023-09-18T16:56:08+00:00","mainEntityOfPage":{"@id":"https:\/\/dicodusport.fr\/blog\/tour-de-luxembourg-2023-profil-des-etapes\/"},"wordCount":281,"commentCount":0,"publisher":{"@id":"https:\/\/dicodusport.fr\/blog\/#organization"},"image":{"@id":"https:\/\/dicodusport.fr\/blog\/tour-de-luxembourg-2023-profil-des-etapes\/#primaryimage"},"thumbnailUrl":"https:\/\/dicodusport.fr\/blog\/wp-content\/uploads\/2023\/06\/Tour-de-France-2023-Thibaut-Pinot-selectionne-pas-Arnaud-Demare.png","keywords":["Tour de Luxembourg"],"articleSection":["Cyclisme sur route"],"inLanguage":"fr-FR","potentialAction":[{"@type":"CommentAction","name":"Comment","target":["https:\/\/dicodusport.fr\/blog\/tour-de-luxembourg-2023-profil-des-etapes\/#respond"]}],"copyrightYear":"2023","copyrightHolder":{"@id":"https:\/\/dicodusport.fr\/blog\/#organization"}},{"@type":"WebPage","@id":"https:\/\/dicodusport.fr\/blog\/tour-de-luxembourg-2023-profil-des-etapes\/","url":"https:\/\/dicodusport.fr\/blog\/tour-de-luxembourg-2023-profil-des-etapes\/","name":"Tour de Luxembourg 2023 : Profil des \u00e9tapes","isPartOf":{"@id":"https:\/\/dicodusport.fr\/blog\/#website"},"primaryImageOfPage":{"@id":"https:\/\/dicodusport.fr\/blog\/tour-de-luxembourg-2023-profil-des-etapes\/#primaryimage"},"image":{"@id":"https:\/\/dicodusport.fr\/blog\/tour-de-luxembourg-2023-profil-des-etapes\/#primaryimage"},"thumbnailUrl":"https:\/\/dicodusport.fr\/blog\/wp-content\/uploads\/2023\/06\/Tour-de-France-2023-Thibaut-Pinot-selectionne-pas-Arnaud-Demare.png","datePublished":"2023-09-18T16:56:08+00:00","description":"CYCLISME SUR ROUTE 2023\u00a0- C'est ce mercredi 20 septembre que d\u00e9bute le Tour de Luxembourg 2023. D\u00e9couvrez le profil des \u00e9tapes de cette 83\u00e8me \u00e9dition.","inLanguage":"fr-FR","potentialAction":[{"@type":"ReadAction","target":["https:\/\/dicodusport.fr\/blog\/tour-de-luxembourg-2023-profil-des-etapes\/"]}]},{"@type":"ImageObject","inLanguage":"fr-FR","@id":"https:\/\/dicodusport.fr\/blog\/tour-de-luxembourg-2023-profil-des-etapes\/#primaryimage","url":"https:\/\/dicodusport.fr\/blog\/wp-content\/uploads\/2023\/06\/Tour-de-France-2023-Thibaut-Pinot-selectionne-pas-Arnaud-Demare.png","contentUrl":"https:\/\/dicodusport.fr\/blog\/wp-content\/uploads\/2023\/06\/Tour-de-France-2023-Thibaut-Pinot-selectionne-pas-Arnaud-Demare.png","width":800,"height":445},{"@type":"WebSite","@id":"https:\/\/dicodusport.fr\/blog\/#website","url":"https:\/\/dicodusport.fr\/blog\/","name":"Dicodusport","description":"L&#039;encyclop\u00e9die de l&#039;actualit\u00e9 sportive","publisher":{"@id":"https:\/\/dicodusport.fr\/blog\/#organization"},"potentialAction":[{"@type":"SearchAction","target":{"@type":"EntryPoint","urlTemplate":"https:\/\/dicodusport.fr\/blog\/?s={search_term_string}"},"query-input":{"@type":"PropertyValueSpecification","valueRequired":true,"valueName":"search_term_string"}}],"inLanguage":"fr-FR"},{"@type":"NewsMediaOrganization","@id":"https:\/\/dicodusport.fr\/blog\/#organization","name":"Dicodusport","url":"https:\/\/dicodusport.fr\/blog\/","logo":{"@type":"ImageObject","inLanguage":"fr-FR","@id":"https:\/\/dicodusport.fr\/blog\/#\/schema\/logo\/image\/","url":"https:\/\/dicodusport.fr\/blog\/wp-content\/uploads\/2020\/06\/cropped-LOGO-DICODUSPORT-2020-SANS-FOND-SANS-TEXTE.png","contentUrl":"https:\/\/dicodusport.fr\/blog\/wp-content\/uploads\/2020\/06\/cropped-LOGO-DICODUSPORT-2020-SANS-FOND-SANS-TEXTE.png","width":512,"height":512,"caption":"Dicodusport"},"image":{"@id":"https:\/\/dicodusport.fr\/blog\/#\/schema\/logo\/image\/"},"sameAs":["https:\/\/www.facebook.com\/dicodusport","https:\/\/x.com\/dicodusport","https:\/\/www.instagram.com\/dicodusport\/","https:\/\/www.youtube.com\/channel\/UC7V2KZ5sd3htJivAbA4ZG3w"],"description":"Dicodusport est l'encyclop\u00e9die de l'actualit\u00e9 sportive.","email":"bonjour@dicodusport.fr","legalName":"DICODUSPORT","foundingDate":"2018-01-14","vatID":"FR71834470973","taxID":"83447097300043","numberOfEmployees":{"@type":"QuantitativeValue","minValue":"1","maxValue":"10"}},{"@type":"Person","@id":"https:\/\/dicodusport.fr\/blog\/#\/schema\/person\/55dcb50ad410894e431ed812bbb70191","name":"Nicolas Jacquemard","image":{"@type":"ImageObject","inLanguage":"fr-FR","@id":"https:\/\/dicodusport.fr\/blog\/#\/schema\/person\/image\/","url":"https:\/\/dicodusport.fr\/blog\/wp-content\/uploads\/2021\/05\/Nicolas-Jacquemard-150x150.jpeg","contentUrl":"https:\/\/dicodusport.fr\/blog\/wp-content\/uploads\/2021\/05\/Nicolas-Jacquemard-150x150.jpeg","caption":"Nicolas Jacquemard"},"description":"Passionn\u00e9 de sport et entrepreneur depuis mes 18 ans, la cr\u00e9ation de Dicodusport m'a sembl\u00e9 \u00e9vidente pour participer \u00e0 la m\u00e9diatisation d'un plus grand nombre de sports. Le chemin est long mais avec une \u00e9quipe des plus motiv\u00e9es et les Jeux Olympiques de Paris 2024 en point de mire, nous y arriverons ! Journaliste dans le monde du sport depuis plus de 5 ans, je traite aussi bien de football, de rugby, de biathlon que de cyclisme.","sameAs":["https:\/\/www.facebook.com\/dicodusport","https:\/\/x.com\/https:\/\/twitter.com\/Nico_Jacquemard"],"url":"https:\/\/dicodusport.fr\/blog\/author\/dicodusport\/"}]}},"_links":{"self":[{"href":"https:\/\/dicodusport.fr\/blog\/wp-json\/wp\/v2\/posts\/420461","targetHints":{"allow":["GET"]}}],"collection":[{"href":"https:\/\/dicodusport.fr\/blog\/wp-json\/wp\/v2\/posts"}],"about":[{"href":"https:\/\/dicodusport.fr\/blog\/wp-json\/wp\/v2\/types\/post"}],"author":[{"embeddable":true,"href":"https:\/\/dicodusport.fr\/blog\/wp-json\/wp\/v2\/users\/1"}],"replies":[{"embeddable":true,"href":"https:\/\/dicodusport.fr\/blog\/wp-json\/wp\/v2\/comments?post=420461"}],"version-history":[{"count":0,"href":"https:\/\/dicodusport.fr\/blog\/wp-json\/wp\/v2\/posts\/420461\/revisions"}],"wp:featuredmedia":[{"embeddable":true,"href":"https:\/\/dicodusport.fr\/blog\/wp-json\/wp\/v2\/media\/390918"}],"wp:attachment":[{"href":"https:\/\/dicodusport.fr\/blog\/wp-json\/wp\/v2\/media?parent=420461"}],"wp:term":[{"taxonomy":"category","embeddable":true,"href":"https:\/\/dicodusport.fr\/blog\/wp-json\/wp\/v2\/categories?post=420461"},{"taxonomy":"post_tag","embeddable":true,"href":"https:\/\/dicodusport.fr\/blog\/wp-json\/wp\/v2\/tags?post=420461"}],"curies":[{"name":"wp","href":"https:\/\/api.w.org\/{rel}","templated":true}]}}