{"id":420478,"date":"2023-09-24T17:08:10","date_gmt":"2023-09-24T15:08:10","guid":{"rendered":"https:\/\/dicodusport.fr\/blog\/?p=420478&#038;preview=true&#038;preview_id=420478"},"modified":"2023-09-24T17:08:40","modified_gmt":"2023-09-24T15:08:40","slug":"programme-et-resultats-cyclisme-sur-route-championnats-deurope-2023","status":"publish","type":"post","link":"https:\/\/dicodusport.fr\/blog\/programme-et-resultats-cyclisme-sur-route-championnats-deurope-2023\/","title":{"rendered":"Palmar\u00e8s et r\u00e9sultats Cyclisme sur route Championnats d&rsquo;Europe 2023"},"content":{"rendered":"<p style=\"text-align: justify;\"><strong><em>CHAMPIONNATS D&rsquo;EUROPE DE CYCLISME SUR ROUTE 2023 &#8211; D\u00e9couvrez le programme complet et les r\u00e9sultats des championnats d&rsquo;Europe de cyclisme sur route 2023, qui se d\u00e9roulent \u00e0 Drenthe (Pays-Bas), du mercredi 20 au dimanche 24 septembre.<\/em><\/strong><\/p>\n<ul>\n<li style=\"text-align: justify;\"><strong>\u00c0 lire aussi &#8211; <a href=\"https:\/\/dicodusport.fr\/blog\/tableau-des-medailles-cyclisme-sur-route-championnats-deurope-2023\/\">Tableau des m\u00e9dailles des championnats d&rsquo;Europe de cyclisme sur route 2023<\/a><\/strong><\/li>\n<\/ul>\n<p style=\"text-align: justify;\">Les <strong>championnats d&rsquo;Europe de cyclisme sur route 2023<\/strong> se d\u00e9roulent du mercredi 20 au dimanche 24 septembre, dans la province du Limburg, autour de <strong>Drenthe (Pays-Bas)<\/strong>. En 2022, ces championnats d&rsquo;Europe s&rsquo;\u00e9taient d\u00e9roul\u00e9s \u00e0 Munich (Allemagne), dans le cadre des Championnats Europ\u00e9ens multisports. Seules les cat\u00e9gories \u00e9lites, masculine et f\u00e9minine, \u00e9taient repr\u00e9sent\u00e9es.<\/p>\n<ul>\n<li style=\"text-align: justify;\"><strong>\u00c0 lire aussi &#8211; <a href=\"https:\/\/dicodusport.fr\/blog\/actualites\/cyclisme\/cyclisme-sur-route-2023\/\">L&rsquo;actualit\u00e9 du cyclisme sur route<\/a><\/strong><\/li>\n<\/ul>\n<h2 style=\"text-align: justify;\">Suisse et Pays-Bas de nouveau \u00e0 la f\u00eate ?<\/h2>\n<p style=\"text-align: justify;\">Les \u00e9preuves du contre-la-montre avaient \u00e9t\u00e9 domin\u00e9es par la Suisse, avec les titres de <strong>Stefan Bissegger<\/strong> chez les hommes et de <strong>Marlen Reusser<\/strong> chez les dames. Les courses en ligne ont, quant \u00e0 elles, \u00e9t\u00e9 rafl\u00e9es par les Pays-Bas, avec les sacres de <strong>Fabio Jakobsen<\/strong> et <strong>Lorena Wiebes<\/strong>. <strong>Arnaud D\u00e9mare<\/strong> avait d\u00e9croch\u00e9 la m\u00e9daille d&rsquo;argent sur l&rsquo;\u00e9preuve masculine.<\/p>\n<p style=\"text-align: justify;\">Cette ann\u00e9e, dans la r\u00e9gion de<strong> Drenthe<\/strong>, les cat\u00e9gories juniors et espoirs seront de la partie. Quatorze \u00e9preuves seront au programme. Les <strong>Pays-Bas<\/strong>, la <strong>Suisse<\/strong>, mais aussi la <strong>Belgique<\/strong>, le <strong>Danemark<\/strong> et la <strong>France<\/strong>, seront parmi les nations favorites aux diff\u00e9rentes m\u00e9dailles.<\/p>\n<p style=\"text-align: justify;\">Les \u00e9preuves du contre-la-montre \u00e9lites (femmes et hommes), du relais mixte et de la course en ligne \u00e9lites (femmes et hommes) seront retransmises sur <em>Eurosport<\/em> et <em>La cha\u00eene L&rsquo;\u00c9quipe<\/em>.<\/p>\n<ul>\n<li style=\"text-align: justify;\"><strong>\u00c0 lire aussi &#8211; <a href=\"https:\/\/dicodusport.fr\/blog\/programme-et-resultats-cyclisme-sur-route-championnats-d-europe-2022\/\">Palmar\u00e8s et r\u00e9sultats des championnats d&rsquo;Europe de cyclisme sur route 2022<\/a><\/strong><\/li>\n<\/ul>\n<h2 style=\"text-align: justify;\">Programme et horaires des championnats d&rsquo;Europe de Cyclisme sur route 2023<\/h2>\n<div class=\"su-tabs su-tabs-style-default su-tabs-mobile-stack\" data-active=\"5\" data-scroll-offset=\"0\" data-anchor-in-url=\"no\"><div class=\"su-tabs-nav\"><span class=\"\" data-url=\"\" data-target=\"blank\" tabindex=\"0\" role=\"button\">Mercredi 20 septembre<\/span><span class=\"\" data-url=\"\" data-target=\"blank\" tabindex=\"0\" role=\"button\">Jeudi 21 septembre<\/span><span class=\"\" data-url=\"\" data-target=\"blank\" tabindex=\"0\" role=\"button\">Vendredi 22 septembre<\/span><span class=\"\" data-url=\"\" data-target=\"blank\" tabindex=\"0\" role=\"button\">Samedi 23 septembre<\/span><span class=\"\" data-url=\"\" data-target=\"blank\" tabindex=\"0\" role=\"button\">Dimanche 24 septembre<\/span><\/div><div class=\"su-tabs-panes\"><div class=\"su-tabs-pane su-u-clearfix su-u-trim\" data-title=\"Mercredi 20 septembre\">\n<p style=\"text-align: justify;\"><strong>9h : Contre-la-montre Juniors Femmes (19,8 km)<\/strong><\/p>\n<p style=\"text-align: justify;\"><strong>10h25 : Contre-la-montre Juniors Hommes (19,8 km)<\/strong><\/p>\n<p style=\"text-align: justify;\"><strong>12h : Contre-la-montre Espoirs Femmes (19,8 km)<\/strong><\/p>\n<p style=\"text-align: justify;\"><strong>13h05 : Contre-la-montre Espoirs Hommes (19,8 km)<\/strong><\/p>\n<p style=\"text-align: justify;\"><strong>14h30 : Contre-la-montre \u00c9lites Femmes (28,6 km)<\/strong><\/p>\n<p style=\"text-align: justify;\"><strong>16h15 : Contre-la-montre \u00c9lites Hommes (28,6 km)<\/strong><\/p>\n<ul>\n<li style=\"text-align: justify;\"><strong>\u00c0 lire aussi &#8211; <a href=\"https:\/\/dicodusport.fr\/blog\/championnats-deurope-2023-parcours-profil-et-favoris-du-contre-la-montre\/\">Parcours, profil, favoris et favorites du contre-la-montre des championnats d&rsquo;Europe<\/a><\/strong><\/li>\n<li style=\"text-align: justify;\"><strong>\u00c0 lire aussi &#8211; <a href=\"https:\/\/dicodusport.fr\/blog\/ordre-et-horaires-de-depart-contre-la-montre-championnats-deurope-cyclisme-2023\/\">Ordre de d\u00e9part et horaires du contre-la-montre des championnats d&rsquo;Europe<\/a><\/strong><\/li>\n<\/ul>\n<\/div>\n<div class=\"su-tabs-pane su-u-clearfix su-u-trim\" data-title=\"Jeudi 21 septembre\">\n<p style=\"text-align: justify;\"><strong>12h45 : Relais mixte Juniors (38,4 km)<\/strong><\/p>\n<p style=\"text-align: justify;\"><strong>15h30 : Relais mixte \u00c9lites (38,4 km)<\/strong><\/p>\n<\/div>\n<div class=\"su-tabs-pane su-u-clearfix su-u-trim\" data-title=\"Vendredi 22 septembre\">\n<p style=\"text-align: justify;\"><strong>9h30 &#8211; 12h45 : Course en ligne Espoirs Hommes (134,9 km)<\/strong><\/p>\n<p style=\"text-align: justify;\"><strong>14h30 &#8211; 17h10 : Course en ligne Espoirs Femmes (106,4 km)<\/strong><\/p>\n<\/div>\n<div class=\"su-tabs-pane su-u-clearfix su-u-trim\" data-title=\"Samedi 23 septembre\">\n<p style=\"text-align: justify;\"><strong>9h00 &#8211; 11h45 : Course en ligne Juniors Hommes (109,3 km)<\/strong><\/p>\n<p style=\"text-align: justify;\"><strong>13h45 &#8211; 17h00 : Course en ligne \u00c9lites Femmes (129,6 km)<\/strong><\/p>\n<\/div>\n<div class=\"su-tabs-pane su-u-clearfix su-u-trim\" data-title=\"Dimanche 24 septembre\">\n<p style=\"text-align: justify;\"><strong>9h00 &#8211; 11h35 : Course en ligne Juniors Femmes (68,2 km)<\/strong><\/p>\n<p style=\"text-align: justify;\"><strong>12h15 &#8211; 17h00 : Course en ligne \u00c9lites Hommes (199,8 km)<\/strong><\/p>\n<ul>\n<li style=\"text-align: justify;\"><strong>\u00c0 lire aussi &#8211; <a href=\"https:\/\/dicodusport.fr\/blog\/championnats-deurope-2023-parcours-profil-et-favoris-de-la-course-en-ligne\/\">Parcours, profil, favoris et favoris de la course en ligne des championnats d&rsquo;Europe<\/a><\/strong><\/li>\n<\/ul>\n<\/div><\/div><\/div>\n<h2 style=\"text-align: justify;\">Palmar\u00e8s et r\u00e9sultats des championnats d&rsquo;Europe de cyclisme 2023<\/h2>\n<div class=\"su-table su-table-alternate\">\n<table style=\"width: 800px;border-collapse: collapse\">\n<tbody>\n<tr>\n<td style=\"text-align: center;width: 200px;vertical-align: middle\"><strong>\u00c9preuves<\/strong><\/td>\n<td style=\"background-color: #fff242;text-align: center;width: 200px;vertical-align: middle\"><strong>\ud83e\udd47 Or<\/strong><\/td>\n<td style=\"background-color: #a8a8a8;text-align: center;width: 200px;vertical-align: middle\"><strong>\ud83e\udd48 Argent<\/strong><\/td>\n<td style=\"background-color: #c97159;text-align: center;width: 200px;vertical-align: middle\"><strong>\ud83e\udd49 Bronze<\/strong><\/td>\n<\/tr>\n<tr>\n<td style=\"text-align: center;width: 200px;vertical-align: middle\"><strong>Contre-la-montre Juniors Femmes<br \/>\n<span style=\"font-size: 0.9em\"><em><span style=\"font-size: 0.8em\"><a href=\"https:\/\/dicodusport.fr\/blog\/cyclisme-championnats-deurope-2023-classement-contre-la-montre-juniors-femmes\/\">Classement<\/a> &#8211; <a href=\"https:\/\/dicodusport.fr\/blog\/cyclisme-championnats-deurope-2023-federica-venturelli-rafle-le-contre-la-montre-juniors\/\">R\u00e9sum\u00e9<\/a><\/span><\/em><\/span><br \/>\n<\/strong><\/td>\n<td style=\"text-align: center;width: 200px;vertical-align: middle\"><strong>\ud83c\uddee\ud83c\uddf9 <span style=\"font-size: 0.9em\">FEDERICA VENTURELLI<br \/>\n26m23s<\/span><\/strong><\/td>\n<td style=\"text-align: center;width: 200px;vertical-align: middle\"><span style=\"font-size: 0.9em\">\ud83c\uddf8\ud83c\uddea STINA KAGEVI<br \/>\n+23s<\/span><\/td>\n<td style=\"text-align: center;width: 200px;vertical-align: middle\"><span style=\"font-size: 0.9em\">\ud83c\udde9\ud83c\uddea HANNAH KUNZ<br \/>\n+32s<\/span><\/td>\n<\/tr>\n<tr>\n<td style=\"text-align: center;width: 200px;vertical-align: middle\"><strong>Contre-la-montre Juniors Hommes<br \/>\n<span style=\"font-size: 0.9em\"><em><span style=\"font-size: 0.8em\"><a href=\"https:\/\/dicodusport.fr\/blog\/cyclisme-championnats-deurope-2023-classement-contre-la-montre-juniors-hommes\/\">Classement<\/a> &#8211; <a href=\"https:\/\/dicodusport.fr\/blog\/cyclisme-championnats-deurope-2023-albert-philipsen-seul-au-monde-sur-le-contre-la-montre-juniors\/\">R\u00e9sum\u00e9<\/a><\/span><\/em><\/span><br \/>\n<\/strong><\/td>\n<td style=\"text-align: center;width: 200px;vertical-align: middle\"><strong>\ud83c\udde9\ud83c\uddf0<\/strong><span style=\"font-size: 0.9em\"><strong> ALBERT PHILIPSEN<br \/>\n22m48s<\/strong><\/span><\/td>\n<td style=\"text-align: center;width: 200px;vertical-align: middle\"><span style=\"font-size: 0.9em\">\ud83c\uddf3\ud83c\uddf4 JORGEN NORDHAGEN<br \/>\n+46s<br \/>\n<\/span><\/td>\n<td style=\"text-align: center;width: 200px;vertical-align: middle\">\ud83c\udde7\ud83c\uddea <span style=\"font-size: 0.9em\">SENTE SENTJENS<br \/>\n+49s<\/span><\/td>\n<\/tr>\n<tr>\n<td style=\"text-align: center;width: 200px;vertical-align: middle\"><strong>Contre-la-montre Espoirs Femmes<br \/>\n<span style=\"font-size: 0.9em\"><em><span style=\"font-size: 0.8em\"><a href=\"https:\/\/dicodusport.fr\/blog\/cyclisme-championnats-deurope-2023-classement-contre-la-montre-espoirs-femmes\/\">Classement<\/a> &#8211; <a href=\"https:\/\/dicodusport.fr\/blog\/cyclisme-championnats-deurope-2023-zoe-backstedt-survole-le-contre-la-montre-espoirs\/\">R\u00e9sum\u00e9<\/a><\/span><\/em><\/span><br \/>\n<\/strong><\/td>\n<td style=\"text-align: center;width: 200px;vertical-align: middle\"><span style=\"font-size: 0.9em\"><strong>\ud83c\uddec\ud83c\udde7 ZOE B\u00c4CKSTEDT<br \/>\n24m25s<\/strong><\/span><\/td>\n<td style=\"text-align: center;width: 200px;vertical-align: middle\"><span style=\"font-size: 0.9em\">\ud83c\udde9\ud83c\uddea ANTONIA NIEDERMAIER<br \/>\n+57s<\/span><\/td>\n<td style=\"text-align: center;width: 200px;vertical-align: middle\"><span style=\"font-size: 0.9em\">\ud83c\uddeb\ud83c\uddee ANIINA AHTOSALO<br \/>\n+1m33s<\/span><\/td>\n<\/tr>\n<tr>\n<td style=\"text-align: center;width: 200px;vertical-align: middle\"><strong>Contre-la-montre Espoirs Hommes<br \/>\n<span style=\"font-size: 0.9em\"><em><span style=\"font-size: 0.8em\"><a href=\"https:\/\/dicodusport.fr\/blog\/cyclisme-championnats-deurope-2023-classement-contre-la-montre-espoirs-hommes\/\">Classement<\/a> &#8211; <a href=\"https:\/\/dicodusport.fr\/blog\/cyclisme-championnats-deurope-2023-alec-segaert-conserve-son-titre-sur-le-chrono-espoirs\/\">R\u00e9sum\u00e9<\/a><\/span><\/em><\/span><br \/>\n<\/strong><\/td>\n<td style=\"text-align: center;width: 200px;vertical-align: middle\"><strong>\ud83c\udde7\ud83c\uddea <span style=\"font-size: 0.9em\">ALEC SEGAERT<br \/>\n22m02s<\/span><\/strong><\/td>\n<td style=\"text-align: center;width: 200px;vertical-align: middle\">\ud83c\udde9\ud83c\uddf0<span style=\"font-size: 0.9em\"> CARL-FREDRIK B\u00c9VORT<br \/>\n+37s<\/span><\/td>\n<td style=\"text-align: center;width: 200px;vertical-align: middle\">\ud83c\udde9\ud83c\uddf0<span style=\"font-size: 0.9em\"> GUSTAV WANG<br \/>\n+52s<br \/>\n<\/span><\/td>\n<\/tr>\n<tr>\n<td style=\"text-align: center;width: 200px;vertical-align: middle\"><strong>Contre-la-montre \u00c9lites Femmes<br \/>\n<span style=\"font-size: 0.9em\"><em><span style=\"font-size: 0.8em\"><a href=\"https:\/\/dicodusport.fr\/blog\/cyclisme-championnats-deurope-2023-classement-contre-la-montre-femmes\/\">Classement<\/a> &#8211; <a href=\"https:\/\/dicodusport.fr\/blog\/cyclisme-championnats-deurope-2023-reusser-sacree-sur-le-chrono-cordon-ragot-au-pied-du-podium\/\">R\u00e9sum\u00e9<\/a><\/span><\/em><\/span><br \/>\n<\/strong><\/td>\n<td style=\"text-align: center;width: 200px;vertical-align: middle\"><strong><span style=\"font-size: 0.9em\">\ud83c\udde8\ud83c\udded MARLEN REUSSER<br \/>\n35m53s<\/span><\/strong><\/td>\n<td style=\"text-align: center;width: 200px;vertical-align: middle\"><span style=\"font-size: 0.9em\">\ud83c\uddec\ud83c\udde7 ANNA HENDERSON<br \/>\n+43s<\/span><\/td>\n<td style=\"text-align: center;width: 200px;vertical-align: middle\"><span style=\"font-size: 0.9em\">\ud83c\udde6\ud83c\uddf9 CHRISTINA SCHWEINBERGER<br \/>\n+44s<\/span><\/td>\n<\/tr>\n<tr>\n<td style=\"text-align: center;width: 200px;vertical-align: middle\"><strong>Contre-la-montre \u00c9lites Hommes<br \/>\n<span style=\"font-size: 0.9em\"><em><span style=\"font-size: 0.8em\"><a href=\"https:\/\/dicodusport.fr\/blog\/cyclisme-championnats-deurope-2023-classement-contre-la-montre-hommes\/\">Classement<\/a> &#8211; <a href=\"https:\/\/dicodusport.fr\/blog\/cyclisme-championnats-deurope-2023-joshua-tarling-soffre-le-titre-europeen-du-contre-la-montre\/\">R\u00e9sum\u00e9<\/a><\/span><\/em><\/span><br \/>\n<\/strong><\/td>\n<td style=\"text-align: center;width: 200px;vertical-align: middle\"><strong><span style=\"font-size: 0.9em\">\ud83c\uddec\ud83c\udde7 JOSHUA TARLING<br \/>\n31m30s<\/span><\/strong><\/td>\n<td style=\"text-align: center;width: 200px;vertical-align: middle\"><span style=\"font-size: 0.9em\">\ud83c\udde8\ud83c\udded STEFAN BISSEGGER<br \/>\n+43s<\/span><\/td>\n<td style=\"text-align: center;width: 200px;vertical-align: middle\">\ud83c\udde7\ud83c\uddea <span style=\"font-size: 0.9em\">WOUT VAN AERT<br \/>\n+44s<br \/>\n<\/span><\/td>\n<\/tr>\n<tr>\n<td style=\"text-align: center;width: 200px;vertical-align: middle\"><strong>Contre-la-montre par \u00e9quipes &#8211; Relais mixte \u00c9lites<br \/>\n<span style=\"font-size: 0.9em\"><em><span style=\"font-size: 0.8em\"><a href=\"https:\/\/dicodusport.fr\/blog\/cyclisme-championnats-deurope-2023-classement-relais-mixte\/\">Classement<\/a> &#8211; <a href=\"https:\/\/dicodusport.fr\/blog\/cyclisme-championnats-deurope-2023-la-france-triomphe-sur-le-relais-mixte\/\">R\u00e9sum\u00e9<\/a><\/span><\/em><\/span><br \/>\n<\/strong><\/td>\n<td style=\"text-align: center;width: 200px;vertical-align: middle\"><strong><span style=\"font-size: 0.9em\">\ud83c\uddeb\ud83c\uddf7 FRANCE<br \/>\n44m23s<\/span><\/strong><\/td>\n<td style=\"text-align: center;width: 200px;vertical-align: middle\">\ud83c\uddee\ud83c\uddf9 <span style=\"font-size: 0.9em\">ITALIE<br \/>\n+4s<\/span><\/td>\n<td style=\"text-align: center;width: 200px;vertical-align: middle\"><span style=\"font-size: 0.9em\">\ud83c\udde9\ud83c\uddea ALLEMAGNE<br \/>\n+22s<\/span><\/td>\n<\/tr>\n<tr>\n<td style=\"text-align: center;width: 200px;vertical-align: middle\"><strong>Contre-la-montre par \u00e9quipes &#8211; Relais mixte Juniors<br \/>\n<span style=\"font-size: 0.9em\"><em><span style=\"font-size: 0.8em\"><a href=\"https:\/\/dicodusport.fr\/blog\/cyclisme-championnats-deurope-2023-classement-relais-mixte-juniors\/\">Classement<\/a> &#8211; <a href=\"https:\/\/dicodusport.fr\/blog\/cyclisme-championnats-deurope-2023-le-relais-mixte-juniors-se-pare-de-bronze\/\">R\u00e9sum\u00e9<\/a><\/span><\/em><\/span><br \/>\n<\/strong><\/td>\n<td style=\"text-align: center;width: 200px;vertical-align: middle\"><strong>\ud83c\uddee\ud83c\uddf9 <span style=\"font-size: 0.9em\">ITALIE<br \/>\n48m14s<\/span><\/strong><\/td>\n<td style=\"text-align: center;width: 200px;vertical-align: middle\"><span style=\"font-size: 0.9em\">\ud83c\udde9\ud83c\uddea ALLEMAGNE<br \/>\n+25s<\/span><\/td>\n<td style=\"text-align: center;width: 200px;vertical-align: middle\"><span style=\"font-size: 0.9em\">\ud83c\uddeb\ud83c\uddf7 FRANCE<br \/>\n+42s<\/span><\/td>\n<\/tr>\n<tr>\n<td style=\"text-align: center;width: 200px;vertical-align: middle\"><strong>Course en ligne Juniors Femmes<br \/>\n<span style=\"font-size: 0.9em\"><em><span style=\"font-size: 0.8em\"><a href=\"https:\/\/dicodusport.fr\/blog\/cyclisme-championnats-deurope-2023-classement-course-en-ligne-juniors-femmes\/\">Classement<\/a> &#8211; <a href=\"https:\/\/dicodusport.fr\/blog\/cyclisme-championnats-deurope-2023-leane-tabu-en-bronze-sur-la-course-en-ligne-juniors-fleur-moors-sacree\/\">R\u00e9sum\u00e9<\/a><\/span><\/em><\/span><br \/>\n<\/strong><\/td>\n<td style=\"text-align: center;width: 200px;vertical-align: middle\"><strong>\ud83c\udde7\ud83c\uddea <span style=\"font-size: 0.9em\">FLEUR MOORS<br \/>\n1h59m45s<\/span><\/strong><\/td>\n<td style=\"text-align: center;width: 200px;vertical-align: middle\">\ud83c\uddee\ud83c\uddf9 <span style=\"font-size: 0.9em\">FEDERICA VENTURELLI<br \/>\n+2s<\/span><\/td>\n<td style=\"text-align: center;width: 200px;vertical-align: middle\"><span style=\"font-size: 0.9em\">\ud83c\uddeb\ud83c\uddf7 L\u00c9ANE TABU<br \/>\n+7s<\/span><\/td>\n<\/tr>\n<tr>\n<td style=\"text-align: center;width: 200px;vertical-align: middle\"><strong>Course en ligne Juniors Hommes<br \/>\n<span style=\"font-size: 0.9em\"><em><span style=\"font-size: 0.8em\"><a href=\"https:\/\/dicodusport.fr\/blog\/cyclisme-championnats-deurope-2023-classement-course-en-ligne-juniors-hommes\/\">Classement<\/a> &#8211; <a href=\"https:\/\/dicodusport.fr\/blog\/cyclisme-championnats-deurope-2023-matys-grisel-en-argent-chez-les-juniors-anze-ravbar-sacre\/\">R\u00e9sum\u00e9<\/a><\/span><\/em><\/span><br \/>\n<\/strong><\/td>\n<td style=\"text-align: center;width: 200px;vertical-align: middle\"><span style=\"font-size: 0.9em\"><strong>\ud83c\uddf8\ud83c\uddee ANZE RAVBAR<br \/>\n2h38m50s<\/strong><\/span><\/td>\n<td style=\"text-align: center;width: 200px;vertical-align: middle\"><span style=\"font-size: 0.9em\">\ud83c\uddeb\ud83c\uddf7 MATYS GRISEL<br \/>\n+2s<\/span><\/td>\n<td style=\"text-align: center;width: 200px;vertical-align: middle\"><span style=\"font-size: 0.9em\">\ud83c\uddf8\ud83c\uddee ZAK ERZEN<br \/>\n+2s<\/span><\/td>\n<\/tr>\n<tr>\n<td style=\"text-align: center;width: 200px;vertical-align: middle\"><strong>Course en ligne Espoirs Femmes<br \/>\n<span style=\"font-size: 0.9em\"><em><span style=\"font-size: 0.8em\"><a href=\"https:\/\/dicodusport.fr\/blog\/cyclisme-championnats-deurope-2023-classement-course-en-ligne-espoirs-femmes\/\">Classement<\/a> &#8211; <a href=\"https:\/\/dicodusport.fr\/blog\/cyclisme-championnats-deurope-2023-ilse-pluimers-sacree-chez-les-espoirs-feminines\/\">R\u00e9sum\u00e9<\/a><\/span><\/em><\/span><br \/>\n<\/strong><\/td>\n<td style=\"text-align: center;width: 200px;vertical-align: middle\"><span style=\"font-size: 0.9em\"><strong>\ud83c\uddf3\ud83c\uddf1 ILSE PLUIMERS<br \/>\n2h46m33s<\/strong><\/span><\/td>\n<td style=\"text-align: center;width: 200px;vertical-align: middle\"><span style=\"font-size: 0.9em\">\ud83c\uddec\ud83c\udde7 ANNA SHACKLEY<br \/>\n+1s<\/span><\/td>\n<td style=\"text-align: center;width: 200px;vertical-align: middle\"><span style=\"font-size: 0.9em\">\ud83c\udde8\ud83c\udded LINDA ZANETTI<br \/>\n+1s<\/span><\/td>\n<\/tr>\n<tr>\n<td style=\"text-align: center;width: 200px;vertical-align: middle\"><strong>Course en ligne Espoirs Hommes<br \/>\n<span style=\"font-size: 0.9em\"><em><span style=\"font-size: 0.8em\"><a href=\"https:\/\/dicodusport.fr\/blog\/cyclisme-championnats-deurope-2023-classement-course-en-ligne-espoirs-hommes\/\">Classement<\/a> &#8211; <a href=\"https:\/\/dicodusport.fr\/blog\/cyclisme-championnats-deurope-2023-paul-magnier-en-bronze-chez-les-espoirs-henrik-petersen-sacre\/\">R\u00e9sum\u00e9<\/a><\/span><\/em><\/span><br \/>\n<\/strong><\/td>\n<td style=\"text-align: center;width: 200px;vertical-align: middle\"><strong>\ud83c\udde9\ud83c\uddf0<\/strong><span style=\"font-size: 0.9em\"><strong> ALBERT PHILIPSEN<br \/>\n3h00m12s<\/strong><\/span><\/td>\n<td style=\"text-align: center;width: 200px;vertical-align: middle\"><span style=\"font-size: 0.9em\">\ud83c\uddea\ud83c\uddf8 IVAN ROMEO ABAD<br \/>\n+25s<\/span><\/td>\n<td style=\"text-align: center;width: 200px;vertical-align: middle\"><span style=\"font-size: 0.9em\">\ud83c\uddeb\ud83c\uddf7 PAUL MAGNIER<br \/>\n+37s<\/span><\/td>\n<\/tr>\n<tr>\n<td style=\"text-align: center;width: 200px;vertical-align: middle\"><strong>Course en ligne \u00c9lites Femmes<br \/>\n<span style=\"font-size: 0.9em\"><em><span style=\"font-size: 0.8em\"><a href=\"https:\/\/dicodusport.fr\/blog\/cyclisme-championnats-deurope-2023-classement-course-en-ligne-femmes\/\">Classement<\/a> &#8211; <a href=\"https:\/\/dicodusport.fr\/blog\/cyclisme-championnats-deurope-2023-mischa-bredewold-en-or-sur-la-cours-en-ligne-double-neerlandais\/\">R\u00e9sum\u00e9<\/a><\/span><\/em><\/span><br \/>\n<\/strong><\/td>\n<td style=\"text-align: center;width: 200px;vertical-align: middle\"><span style=\"font-size: 0.9em\"><strong>\ud83c\uddf3\ud83c\uddf1 MISCHA BREDEWOLD<br \/>\n3h04m12s<\/strong><\/span><\/td>\n<td style=\"text-align: center;width: 200px;vertical-align: middle\"><span style=\"font-size: 0.9em\">\ud83c\uddf3\ud83c\uddf1 LORENA WIEBES<br \/>\n+3s<\/span><\/td>\n<td style=\"text-align: center;width: 200px;vertical-align: middle\">\ud83c\udde7\ud83c\uddea <span style=\"font-size: 0.9em\">LOTTE KOPECKY<br \/>\n+3s<\/span><\/td>\n<\/tr>\n<tr>\n<td style=\"text-align: center;width: 200px;vertical-align: middle\"><strong>Course en ligne \u00c9lites Hommes<br \/>\n<span style=\"font-size: 0.9em\"><em><span style=\"font-size: 0.8em\"><a href=\"https:\/\/dicodusport.fr\/blog\/cyclisme-championnats-deurope-2023-classement-course-en-ligne-hommes\/\">Classement<\/a> &#8211; <a href=\"https:\/\/dicodusport.fr\/blog\/cyclisme-championnats-deurope-2023-christophe-laporte-champion-deurope\/\">R\u00e9sum\u00e9<\/a><\/span><\/em><\/span><\/strong><strong><br \/>\n<\/strong><\/td>\n<td style=\"text-align: center;width: 200px;vertical-align: middle\"><strong><span style=\"font-size: 0.9em\">\ud83c\uddeb\ud83c\uddf7 CHRISTOPHE LAPORTE<br \/>\n4h15m50s<\/span><\/strong><\/td>\n<td style=\"text-align: center;width: 200px;vertical-align: middle\">\ud83c\udde7\ud83c\uddea <span style=\"font-size: 0.9em\">WOUT VAN ART<br \/>\n+0s<\/span><\/td>\n<td style=\"text-align: center;width: 200px;vertical-align: middle\"><span style=\"font-size: 0.9em\">\ud83c\uddf3\ud83c\uddf1 OLAV KOOIJ<br \/>\n+0s<\/span><\/td>\n<\/tr>\n<\/tbody>\n<\/table>\n<\/div>\n<h2 style=\"text-align: justify;\">\u00c0 lire aussi<\/h2>\n<ul>\n<li style=\"text-align: justify;\"><a href=\"https:\/\/dicodusport.fr\/blog\/cyclisme-championnats-deurope-la-selection-des-bleus-avec-laporte-et-cosnefroy\/\"><strong>La s\u00e9lection fran\u00e7aise pour les championnats d&rsquo;Europe 2023<\/strong><\/a><\/li>\n<\/ul>\n","protected":false},"excerpt":{"rendered":"<p>CHAMPIONNATS DU MONDE CYCLISME 2023 &#8211; D\u00e9couvrez le programme complet et les r\u00e9sultats des Mondiaux de cyclisme sur route 2023, qui se d\u00e9roulent \u00e0 Glasgow (\u00c9cosse) du 5 au 13 ao\u00fbt 2023.<\/p>\n","protected":false},"author":4,"featured_media":421373,"comment_status":"open","ping_status":"closed","sticky":false,"template":"","format":"standard","meta":{"_acf_changed":false,"_daextam_enable_autolinks":"","footnotes":""},"categories":[46994],"tags":[16878,23805],"class_list":["post-420478","post","type-post","status-publish","format-standard","has-post-thumbnail","hentry","category-cyclisme-sur-route","tag-breve","tag-championnats-deurope-de-cyclisme-sur-route"],"acf":[],"yoast_head":"<!-- This site is optimized with the Yoast SEO Premium plugin v26.7 (Yoast SEO v26.7) - https:\/\/yoast.com\/wordpress\/plugins\/seo\/ -->\n<title>Palmar\u00e8s et r\u00e9sultats Cyclisme sur route Championnats d&#039;Europe 2023<\/title>\n<meta name=\"description\" content=\"CHAMPIONNATS D&#039;EUROPE DE CYCLISME SUR ROUTE 2023 - Programme complet et r\u00e9sultats des championnats d&#039;Europe de cyclisme sur route.\" \/>\n<meta name=\"robots\" content=\"index, follow, max-snippet:-1, max-image-preview:large, max-video-preview:-1\" \/>\n<link rel=\"canonical\" href=\"https:\/\/dicodusport.fr\/blog\/programme-et-resultats-cyclisme-sur-route-championnats-deurope-2023\/\" \/>\n<meta property=\"og:locale\" content=\"fr_FR\" \/>\n<meta property=\"og:type\" content=\"article\" \/>\n<meta property=\"og:title\" content=\"Palmar\u00e8s et r\u00e9sultats Cyclisme sur route Championnats d&#039;Europe 2023\" \/>\n<meta property=\"og:description\" content=\"CHAMPIONNATS D&#039;EUROPE DE CYCLISME SUR ROUTE 2023 - Programme complet et r\u00e9sultats des championnats d&#039;Europe de cyclisme sur route.\" \/>\n<meta property=\"og:url\" content=\"https:\/\/dicodusport.fr\/blog\/programme-et-resultats-cyclisme-sur-route-championnats-deurope-2023\/\" \/>\n<meta property=\"og:site_name\" content=\"Dicodusport\" \/>\n<meta property=\"article:publisher\" content=\"https:\/\/www.facebook.com\/dicodusport\" \/>\n<meta property=\"article:author\" content=\"https:\/\/www.facebook.com\/florent.ostermann\" \/>\n<meta property=\"article:published_time\" content=\"2023-09-24T15:08:10+00:00\" \/>\n<meta property=\"article:modified_time\" content=\"2023-09-24T15:08:40+00:00\" \/>\n<meta property=\"og:image\" content=\"https:\/\/dicodusport.fr\/blog\/wp-content\/uploads\/2023\/09\/Cyclisme-Championnats-dEurope-2023-La-France-triomphe-sur-le-relais-mixte-2.png\" \/>\n\t<meta property=\"og:image:width\" content=\"800\" \/>\n\t<meta property=\"og:image:height\" content=\"445\" \/>\n\t<meta property=\"og:image:type\" content=\"image\/png\" \/>\n<meta name=\"author\" content=\"Flo Ostermann\" \/>\n<meta name=\"twitter:card\" content=\"summary_large_image\" \/>\n<meta name=\"twitter:title\" content=\"Palmar\u00e8s et r\u00e9sultats Cyclisme sur route Championnats d&#039;Europe 2023\" \/>\n<meta name=\"twitter:creator\" content=\"@https:\/\/twitter.com\/FlOstermann\" \/>\n<meta name=\"twitter:site\" content=\"@dicodusport\" \/>\n<script type=\"application\/ld+json\" class=\"yoast-schema-graph\">{\"@context\":\"https:\/\/schema.org\",\"@graph\":[{\"@type\":\"NewsArticle\",\"@id\":\"https:\/\/dicodusport.fr\/blog\/programme-et-resultats-cyclisme-sur-route-championnats-deurope-2023\/#article\",\"isPartOf\":{\"@id\":\"https:\/\/dicodusport.fr\/blog\/programme-et-resultats-cyclisme-sur-route-championnats-deurope-2023\/\"},\"author\":{\"name\":\"Flo Ostermann\",\"@id\":\"https:\/\/dicodusport.fr\/blog\/#\/schema\/person\/cb02af4c173ce4a653b55e9baf388d4a\"},\"headline\":\"Palmar\u00e8s et r\u00e9sultats Cyclisme sur route Championnats d&rsquo;Europe 2023\",\"datePublished\":\"2023-09-24T15:08:10+00:00\",\"dateModified\":\"2023-09-24T15:08:40+00:00\",\"mainEntityOfPage\":{\"@id\":\"https:\/\/dicodusport.fr\/blog\/programme-et-resultats-cyclisme-sur-route-championnats-deurope-2023\/\"},\"wordCount\":822,\"commentCount\":0,\"publisher\":{\"@id\":\"https:\/\/dicodusport.fr\/blog\/#organization\"},\"image\":{\"@id\":\"https:\/\/dicodusport.fr\/blog\/programme-et-resultats-cyclisme-sur-route-championnats-deurope-2023\/#primaryimage\"},\"thumbnailUrl\":\"https:\/\/dicodusport.fr\/blog\/wp-content\/uploads\/2023\/09\/Cyclisme-Championnats-dEurope-2023-La-France-triomphe-sur-le-relais-mixte-2.png\",\"keywords\":[\"br\u00e8ve\",\"Championnats d'Europe de cyclisme sur route\"],\"articleSection\":[\"Cyclisme sur route\"],\"inLanguage\":\"fr-FR\",\"potentialAction\":[{\"@type\":\"CommentAction\",\"name\":\"Comment\",\"target\":[\"https:\/\/dicodusport.fr\/blog\/programme-et-resultats-cyclisme-sur-route-championnats-deurope-2023\/#respond\"]}],\"copyrightYear\":\"2023\",\"copyrightHolder\":{\"@id\":\"https:\/\/dicodusport.fr\/blog\/#organization\"}},{\"@type\":\"WebPage\",\"@id\":\"https:\/\/dicodusport.fr\/blog\/programme-et-resultats-cyclisme-sur-route-championnats-deurope-2023\/\",\"url\":\"https:\/\/dicodusport.fr\/blog\/programme-et-resultats-cyclisme-sur-route-championnats-deurope-2023\/\",\"name\":\"Palmar\u00e8s et r\u00e9sultats Cyclisme sur route Championnats d'Europe 2023\",\"isPartOf\":{\"@id\":\"https:\/\/dicodusport.fr\/blog\/#website\"},\"primaryImageOfPage\":{\"@id\":\"https:\/\/dicodusport.fr\/blog\/programme-et-resultats-cyclisme-sur-route-championnats-deurope-2023\/#primaryimage\"},\"image\":{\"@id\":\"https:\/\/dicodusport.fr\/blog\/programme-et-resultats-cyclisme-sur-route-championnats-deurope-2023\/#primaryimage\"},\"thumbnailUrl\":\"https:\/\/dicodusport.fr\/blog\/wp-content\/uploads\/2023\/09\/Cyclisme-Championnats-dEurope-2023-La-France-triomphe-sur-le-relais-mixte-2.png\",\"datePublished\":\"2023-09-24T15:08:10+00:00\",\"dateModified\":\"2023-09-24T15:08:40+00:00\",\"description\":\"CHAMPIONNATS D'EUROPE DE CYCLISME SUR ROUTE 2023 - Programme complet et r\u00e9sultats des championnats d'Europe de cyclisme sur route.\",\"breadcrumb\":{\"@id\":\"https:\/\/dicodusport.fr\/blog\/programme-et-resultats-cyclisme-sur-route-championnats-deurope-2023\/#breadcrumb\"},\"inLanguage\":\"fr-FR\",\"potentialAction\":[{\"@type\":\"ReadAction\",\"target\":[\"https:\/\/dicodusport.fr\/blog\/programme-et-resultats-cyclisme-sur-route-championnats-deurope-2023\/\"]}]},{\"@type\":\"ImageObject\",\"inLanguage\":\"fr-FR\",\"@id\":\"https:\/\/dicodusport.fr\/blog\/programme-et-resultats-cyclisme-sur-route-championnats-deurope-2023\/#primaryimage\",\"url\":\"https:\/\/dicodusport.fr\/blog\/wp-content\/uploads\/2023\/09\/Cyclisme-Championnats-dEurope-2023-La-France-triomphe-sur-le-relais-mixte-2.png\",\"contentUrl\":\"https:\/\/dicodusport.fr\/blog\/wp-content\/uploads\/2023\/09\/Cyclisme-Championnats-dEurope-2023-La-France-triomphe-sur-le-relais-mixte-2.png\",\"width\":800,\"height\":445,\"caption\":\"Cyclisme Championnats d'Europe 2023 La France triomphe sur le relais mixte ! (2)\"},{\"@type\":\"BreadcrumbList\",\"@id\":\"https:\/\/dicodusport.fr\/blog\/programme-et-resultats-cyclisme-sur-route-championnats-deurope-2023\/#breadcrumb\",\"itemListElement\":[{\"@type\":\"ListItem\",\"position\":1,\"name\":\"Accueil\",\"item\":\"https:\/\/dicodusport.fr\/blog\/\"},{\"@type\":\"ListItem\",\"position\":2,\"name\":\"Palmar\u00e8s et r\u00e9sultats Cyclisme sur route Championnats d&rsquo;Europe 2023\"}]},{\"@type\":\"WebSite\",\"@id\":\"https:\/\/dicodusport.fr\/blog\/#website\",\"url\":\"https:\/\/dicodusport.fr\/blog\/\",\"name\":\"Dicodusport\",\"description\":\"L&#039;encyclop\u00e9die de l&#039;actualit\u00e9 sportive\",\"publisher\":{\"@id\":\"https:\/\/dicodusport.fr\/blog\/#organization\"},\"potentialAction\":[{\"@type\":\"SearchAction\",\"target\":{\"@type\":\"EntryPoint\",\"urlTemplate\":\"https:\/\/dicodusport.fr\/blog\/?s={search_term_string}\"},\"query-input\":{\"@type\":\"PropertyValueSpecification\",\"valueRequired\":true,\"valueName\":\"search_term_string\"}}],\"inLanguage\":\"fr-FR\"},{\"@type\":\"NewsMediaOrganization\",\"@id\":\"https:\/\/dicodusport.fr\/blog\/#organization\",\"name\":\"Dicodusport\",\"url\":\"https:\/\/dicodusport.fr\/blog\/\",\"logo\":{\"@type\":\"ImageObject\",\"inLanguage\":\"fr-FR\",\"@id\":\"https:\/\/dicodusport.fr\/blog\/#\/schema\/logo\/image\/\",\"url\":\"https:\/\/dicodusport.fr\/blog\/wp-content\/uploads\/2020\/06\/cropped-LOGO-DICODUSPORT-2020-SANS-FOND-SANS-TEXTE.png\",\"contentUrl\":\"https:\/\/dicodusport.fr\/blog\/wp-content\/uploads\/2020\/06\/cropped-LOGO-DICODUSPORT-2020-SANS-FOND-SANS-TEXTE.png\",\"width\":512,\"height\":512,\"caption\":\"Dicodusport\"},\"image\":{\"@id\":\"https:\/\/dicodusport.fr\/blog\/#\/schema\/logo\/image\/\"},\"sameAs\":[\"https:\/\/www.facebook.com\/dicodusport\",\"https:\/\/x.com\/dicodusport\",\"https:\/\/www.instagram.com\/dicodusport\/\",\"https:\/\/www.youtube.com\/channel\/UC7V2KZ5sd3htJivAbA4ZG3w\"],\"description\":\"Dicodusport est l'encyclop\u00e9die de l'actualit\u00e9 sportive.\",\"email\":\"bonjour@dicodusport.fr\",\"legalName\":\"DICODUSPORT\",\"foundingDate\":\"2018-01-14\",\"vatID\":\"FR71834470973\",\"taxID\":\"83447097300043\",\"numberOfEmployees\":{\"@type\":\"QuantitativeValue\",\"minValue\":\"1\",\"maxValue\":\"10\"}},{\"@type\":\"Person\",\"@id\":\"https:\/\/dicodusport.fr\/blog\/#\/schema\/person\/cb02af4c173ce4a653b55e9baf388d4a\",\"name\":\"Flo Ostermann\",\"image\":{\"@type\":\"ImageObject\",\"inLanguage\":\"fr-FR\",\"@id\":\"https:\/\/dicodusport.fr\/blog\/#\/schema\/person\/image\/\",\"url\":\"https:\/\/dicodusport.fr\/blog\/wp-content\/uploads\/2021\/05\/Flo-Ostermann-150x150.jpg\",\"contentUrl\":\"https:\/\/dicodusport.fr\/blog\/wp-content\/uploads\/2021\/05\/Flo-Ostermann-150x150.jpg\",\"caption\":\"Flo Ostermann\"},\"description\":\"Journaliste\/R\u00e9dacteur depuis septembre 2015 - Mes premiers souvenirs dans le sport ? Les envol\u00e9es du Stade Toulousain et les duels Villeneuve-Schumacher et H\u00e4kkinen-Schumacher \u00e0 la fin des ann\u00e9es 90, la Coupe du monde de football en 1998, l\u2019exploit du XV de France face aux All Blacks en 1999, mais aussi Richard C\u0153ur de Lion qui vole sur les montagnes du Tour de France. Bien parti pour devenir professeur d\u2019EPS, les \u00e9v\u00e9nements de la vie (et la flemme d\u2019animer des s\u00e9ances de 3x500 m\u00e8tres toute ma vie) m\u2019ont conduit \u00e0 revoir mes plans. Me voil\u00e0 depuis fin 2017 sur Dicodusport, m\u00e9dia gr\u00e2ce (et pour) lequel je partage ma passion : le sport dans tous ses \u00e9tats. Le tout accompagn\u00e9 par les fous furieux et folles furieuses cit\u00e9s sur cette page !\",\"sameAs\":[\"https:\/\/www.facebook.com\/florent.ostermann\",\"https:\/\/x.com\/https:\/\/twitter.com\/FlOstermann\",\"admin\"],\"url\":\"https:\/\/dicodusport.fr\/blog\/author\/flo\/\"}]}<\/script>\n<!-- \/ Yoast SEO Premium plugin. -->","yoast_head_json":{"title":"Palmar\u00e8s et r\u00e9sultats Cyclisme sur route Championnats d'Europe 2023","description":"CHAMPIONNATS D'EUROPE DE CYCLISME SUR ROUTE 2023 - Programme complet et r\u00e9sultats des championnats d'Europe de cyclisme sur route.","robots":{"index":"index","follow":"follow","max-snippet":"max-snippet:-1","max-image-preview":"max-image-preview:large","max-video-preview":"max-video-preview:-1"},"canonical":"https:\/\/dicodusport.fr\/blog\/programme-et-resultats-cyclisme-sur-route-championnats-deurope-2023\/","og_locale":"fr_FR","og_type":"article","og_title":"Palmar\u00e8s et r\u00e9sultats Cyclisme sur route Championnats d'Europe 2023","og_description":"CHAMPIONNATS D'EUROPE DE CYCLISME SUR ROUTE 2023 - Programme complet et r\u00e9sultats des championnats d'Europe de cyclisme sur route.","og_url":"https:\/\/dicodusport.fr\/blog\/programme-et-resultats-cyclisme-sur-route-championnats-deurope-2023\/","og_site_name":"Dicodusport","article_publisher":"https:\/\/www.facebook.com\/dicodusport","article_author":"https:\/\/www.facebook.com\/florent.ostermann","article_published_time":"2023-09-24T15:08:10+00:00","article_modified_time":"2023-09-24T15:08:40+00:00","og_image":[{"width":800,"height":445,"url":"https:\/\/dicodusport.fr\/blog\/wp-content\/uploads\/2023\/09\/Cyclisme-Championnats-dEurope-2023-La-France-triomphe-sur-le-relais-mixte-2.png","type":"image\/png"}],"author":"Flo Ostermann","twitter_card":"summary_large_image","twitter_title":"Palmar\u00e8s et r\u00e9sultats Cyclisme sur route Championnats d'Europe 2023","twitter_creator":"@https:\/\/twitter.com\/FlOstermann","twitter_site":"@dicodusport","schema":{"@context":"https:\/\/schema.org","@graph":[{"@type":"NewsArticle","@id":"https:\/\/dicodusport.fr\/blog\/programme-et-resultats-cyclisme-sur-route-championnats-deurope-2023\/#article","isPartOf":{"@id":"https:\/\/dicodusport.fr\/blog\/programme-et-resultats-cyclisme-sur-route-championnats-deurope-2023\/"},"author":{"name":"Flo Ostermann","@id":"https:\/\/dicodusport.fr\/blog\/#\/schema\/person\/cb02af4c173ce4a653b55e9baf388d4a"},"headline":"Palmar\u00e8s et r\u00e9sultats Cyclisme sur route Championnats d&rsquo;Europe 2023","datePublished":"2023-09-24T15:08:10+00:00","dateModified":"2023-09-24T15:08:40+00:00","mainEntityOfPage":{"@id":"https:\/\/dicodusport.fr\/blog\/programme-et-resultats-cyclisme-sur-route-championnats-deurope-2023\/"},"wordCount":822,"commentCount":0,"publisher":{"@id":"https:\/\/dicodusport.fr\/blog\/#organization"},"image":{"@id":"https:\/\/dicodusport.fr\/blog\/programme-et-resultats-cyclisme-sur-route-championnats-deurope-2023\/#primaryimage"},"thumbnailUrl":"https:\/\/dicodusport.fr\/blog\/wp-content\/uploads\/2023\/09\/Cyclisme-Championnats-dEurope-2023-La-France-triomphe-sur-le-relais-mixte-2.png","keywords":["br\u00e8ve","Championnats d'Europe de cyclisme sur route"],"articleSection":["Cyclisme sur route"],"inLanguage":"fr-FR","potentialAction":[{"@type":"CommentAction","name":"Comment","target":["https:\/\/dicodusport.fr\/blog\/programme-et-resultats-cyclisme-sur-route-championnats-deurope-2023\/#respond"]}],"copyrightYear":"2023","copyrightHolder":{"@id":"https:\/\/dicodusport.fr\/blog\/#organization"}},{"@type":"WebPage","@id":"https:\/\/dicodusport.fr\/blog\/programme-et-resultats-cyclisme-sur-route-championnats-deurope-2023\/","url":"https:\/\/dicodusport.fr\/blog\/programme-et-resultats-cyclisme-sur-route-championnats-deurope-2023\/","name":"Palmar\u00e8s et r\u00e9sultats Cyclisme sur route Championnats d'Europe 2023","isPartOf":{"@id":"https:\/\/dicodusport.fr\/blog\/#website"},"primaryImageOfPage":{"@id":"https:\/\/dicodusport.fr\/blog\/programme-et-resultats-cyclisme-sur-route-championnats-deurope-2023\/#primaryimage"},"image":{"@id":"https:\/\/dicodusport.fr\/blog\/programme-et-resultats-cyclisme-sur-route-championnats-deurope-2023\/#primaryimage"},"thumbnailUrl":"https:\/\/dicodusport.fr\/blog\/wp-content\/uploads\/2023\/09\/Cyclisme-Championnats-dEurope-2023-La-France-triomphe-sur-le-relais-mixte-2.png","datePublished":"2023-09-24T15:08:10+00:00","dateModified":"2023-09-24T15:08:40+00:00","description":"CHAMPIONNATS D'EUROPE DE CYCLISME SUR ROUTE 2023 - Programme complet et r\u00e9sultats des championnats d'Europe de cyclisme sur route.","breadcrumb":{"@id":"https:\/\/dicodusport.fr\/blog\/programme-et-resultats-cyclisme-sur-route-championnats-deurope-2023\/#breadcrumb"},"inLanguage":"fr-FR","potentialAction":[{"@type":"ReadAction","target":["https:\/\/dicodusport.fr\/blog\/programme-et-resultats-cyclisme-sur-route-championnats-deurope-2023\/"]}]},{"@type":"ImageObject","inLanguage":"fr-FR","@id":"https:\/\/dicodusport.fr\/blog\/programme-et-resultats-cyclisme-sur-route-championnats-deurope-2023\/#primaryimage","url":"https:\/\/dicodusport.fr\/blog\/wp-content\/uploads\/2023\/09\/Cyclisme-Championnats-dEurope-2023-La-France-triomphe-sur-le-relais-mixte-2.png","contentUrl":"https:\/\/dicodusport.fr\/blog\/wp-content\/uploads\/2023\/09\/Cyclisme-Championnats-dEurope-2023-La-France-triomphe-sur-le-relais-mixte-2.png","width":800,"height":445,"caption":"Cyclisme Championnats d'Europe 2023 La France triomphe sur le relais mixte ! (2)"},{"@type":"BreadcrumbList","@id":"https:\/\/dicodusport.fr\/blog\/programme-et-resultats-cyclisme-sur-route-championnats-deurope-2023\/#breadcrumb","itemListElement":[{"@type":"ListItem","position":1,"name":"Accueil","item":"https:\/\/dicodusport.fr\/blog\/"},{"@type":"ListItem","position":2,"name":"Palmar\u00e8s et r\u00e9sultats Cyclisme sur route Championnats d&rsquo;Europe 2023"}]},{"@type":"WebSite","@id":"https:\/\/dicodusport.fr\/blog\/#website","url":"https:\/\/dicodusport.fr\/blog\/","name":"Dicodusport","description":"L&#039;encyclop\u00e9die de l&#039;actualit\u00e9 sportive","publisher":{"@id":"https:\/\/dicodusport.fr\/blog\/#organization"},"potentialAction":[{"@type":"SearchAction","target":{"@type":"EntryPoint","urlTemplate":"https:\/\/dicodusport.fr\/blog\/?s={search_term_string}"},"query-input":{"@type":"PropertyValueSpecification","valueRequired":true,"valueName":"search_term_string"}}],"inLanguage":"fr-FR"},{"@type":"NewsMediaOrganization","@id":"https:\/\/dicodusport.fr\/blog\/#organization","name":"Dicodusport","url":"https:\/\/dicodusport.fr\/blog\/","logo":{"@type":"ImageObject","inLanguage":"fr-FR","@id":"https:\/\/dicodusport.fr\/blog\/#\/schema\/logo\/image\/","url":"https:\/\/dicodusport.fr\/blog\/wp-content\/uploads\/2020\/06\/cropped-LOGO-DICODUSPORT-2020-SANS-FOND-SANS-TEXTE.png","contentUrl":"https:\/\/dicodusport.fr\/blog\/wp-content\/uploads\/2020\/06\/cropped-LOGO-DICODUSPORT-2020-SANS-FOND-SANS-TEXTE.png","width":512,"height":512,"caption":"Dicodusport"},"image":{"@id":"https:\/\/dicodusport.fr\/blog\/#\/schema\/logo\/image\/"},"sameAs":["https:\/\/www.facebook.com\/dicodusport","https:\/\/x.com\/dicodusport","https:\/\/www.instagram.com\/dicodusport\/","https:\/\/www.youtube.com\/channel\/UC7V2KZ5sd3htJivAbA4ZG3w"],"description":"Dicodusport est l'encyclop\u00e9die de l'actualit\u00e9 sportive.","email":"bonjour@dicodusport.fr","legalName":"DICODUSPORT","foundingDate":"2018-01-14","vatID":"FR71834470973","taxID":"83447097300043","numberOfEmployees":{"@type":"QuantitativeValue","minValue":"1","maxValue":"10"}},{"@type":"Person","@id":"https:\/\/dicodusport.fr\/blog\/#\/schema\/person\/cb02af4c173ce4a653b55e9baf388d4a","name":"Flo Ostermann","image":{"@type":"ImageObject","inLanguage":"fr-FR","@id":"https:\/\/dicodusport.fr\/blog\/#\/schema\/person\/image\/","url":"https:\/\/dicodusport.fr\/blog\/wp-content\/uploads\/2021\/05\/Flo-Ostermann-150x150.jpg","contentUrl":"https:\/\/dicodusport.fr\/blog\/wp-content\/uploads\/2021\/05\/Flo-Ostermann-150x150.jpg","caption":"Flo Ostermann"},"description":"Journaliste\/R\u00e9dacteur depuis septembre 2015 - Mes premiers souvenirs dans le sport ? Les envol\u00e9es du Stade Toulousain et les duels Villeneuve-Schumacher et H\u00e4kkinen-Schumacher \u00e0 la fin des ann\u00e9es 90, la Coupe du monde de football en 1998, l\u2019exploit du XV de France face aux All Blacks en 1999, mais aussi Richard C\u0153ur de Lion qui vole sur les montagnes du Tour de France. Bien parti pour devenir professeur d\u2019EPS, les \u00e9v\u00e9nements de la vie (et la flemme d\u2019animer des s\u00e9ances de 3x500 m\u00e8tres toute ma vie) m\u2019ont conduit \u00e0 revoir mes plans. Me voil\u00e0 depuis fin 2017 sur Dicodusport, m\u00e9dia gr\u00e2ce (et pour) lequel je partage ma passion : le sport dans tous ses \u00e9tats. Le tout accompagn\u00e9 par les fous furieux et folles furieuses cit\u00e9s sur cette page !","sameAs":["https:\/\/www.facebook.com\/florent.ostermann","https:\/\/x.com\/https:\/\/twitter.com\/FlOstermann","admin"],"url":"https:\/\/dicodusport.fr\/blog\/author\/flo\/"}]}},"_links":{"self":[{"href":"https:\/\/dicodusport.fr\/blog\/wp-json\/wp\/v2\/posts\/420478","targetHints":{"allow":["GET"]}}],"collection":[{"href":"https:\/\/dicodusport.fr\/blog\/wp-json\/wp\/v2\/posts"}],"about":[{"href":"https:\/\/dicodusport.fr\/blog\/wp-json\/wp\/v2\/types\/post"}],"author":[{"embeddable":true,"href":"https:\/\/dicodusport.fr\/blog\/wp-json\/wp\/v2\/users\/4"}],"replies":[{"embeddable":true,"href":"https:\/\/dicodusport.fr\/blog\/wp-json\/wp\/v2\/comments?post=420478"}],"version-history":[{"count":0,"href":"https:\/\/dicodusport.fr\/blog\/wp-json\/wp\/v2\/posts\/420478\/revisions"}],"wp:featuredmedia":[{"embeddable":true,"href":"https:\/\/dicodusport.fr\/blog\/wp-json\/wp\/v2\/media\/421373"}],"wp:attachment":[{"href":"https:\/\/dicodusport.fr\/blog\/wp-json\/wp\/v2\/media?parent=420478"}],"wp:term":[{"taxonomy":"category","embeddable":true,"href":"https:\/\/dicodusport.fr\/blog\/wp-json\/wp\/v2\/categories?post=420478"},{"taxonomy":"post_tag","embeddable":true,"href":"https:\/\/dicodusport.fr\/blog\/wp-json\/wp\/v2\/tags?post=420478"}],"curies":[{"name":"wp","href":"https:\/\/api.w.org\/{rel}","templated":true}]}}